{"id":123802,"date":"2022-05-26T17:40:23","date_gmt":"2022-05-26T15:40:23","guid":{"rendered":"https:\/\/www.monaco-tribune.com\/2022\/05\/5-momenti-leggendari-del-gran-premio-di-monaco-f1\/"},"modified":"2022-05-26T17:40:33","modified_gmt":"2022-05-26T15:40:33","slug":"5-momenti-leggendari-del-gran-premio-di-monaco-f1","status":"publish","type":"post","link":"https:\/\/www.monaco-tribune.com\/it\/2022\/05\/5-momenti-leggendari-del-gran-premio-di-monaco-f1\/","title":{"rendered":"5 momenti leggendari del Gran Premio di Monaco F1"},"content":{"rendered":"\n<p><strong>Con la 79\u00aa edizione del Gran Premio di Monaco di Formula 1 sul leggendario circuito del Principato che inizia questo gioved\u00ec, abbiamo deciso di farvi rivivere cinque momenti indimenticabili che hanno segnato per sempre la storia delle corse automobilistiche pi\u00f9 prestigiose.<\/strong><\/p>\n\n<h2 class=\"wp-block-heading\" id=\"h-en-1950-une-ecurie-mythique-fait-ses-debuts-a-monaco\">1950: una scuderia mitica fa il suo debutto a Monaco<\/h2>\n\n<p>Settantadue anni dopo, la scuderia Ferrari \u00e8 ancora qui e parteciper\u00e0 a questa 79\u00aa edizione del Gran Premio di Monaco con al volante il monegasco Charles Leclerc. L&#8217;auto \u00e8 cambiata, parecchio. Ma la passione \u00e8 rimasta intatta, cos\u00ec come il mitico colore rosso.<\/p>\n\n<p>Nel 1950 la scuderia Ferrari partecipa al primo Gran Premio della sua storia. E quale luogo migliore del Principato per una prima gara straordinaria e per sempre scolpita nella nostra memoria?<\/p>\n\n<p><strong>LEGGI ANCHE<\/strong>: <a href=\"https:\/\/www.monaco-tribune.com\/it\/2022\/02\/svelata-la-nuova-ferrari-f1-75-leclerc-potra-finalmente-raggiungere-i-suoi-obiettivi\/\">Svelata la nuova Ferrari F1-75. LeClerc potr\u00e0 finalmente raggiungere i suoi obiettivi?<\/a><\/p>\n\n<p>Secondo round del campionato del mondo del 1950 (all&#8217;epoca le stagioni di F1 prevedevano pochissime corse), il Gran Premio di Monaco accoglie a braccia aperte la nuova scuderia. \u00c8 italiana e si chiama Ferrari.<\/p>\n\n<p>Al volante, il pilota italiano Alberto Asacari fa una partenza promettente conquistando il quinto posto. Settantadue anni dopo, la scuderia Ferrari conta 16 titoli costruttori, 15 titoli piloti e quasi 240 vittorie in Formula 1. Una scuderia davvero leggendaria.<\/p>\n\n<h2 class=\"wp-block-heading\">1982: cinque leader di gara diversi in soli tre giri<\/h2>\n\n<p>Siamo a tre giri dal traguardo. Alain Prost e la sua Renault sono in testa, ma un&#8217;uscita di pista priva il francese della vittoria. Un giro dopo, Riccardo Patrese, il nuovo leader della corsa, va in testacoda. Il primo posto cambia ancora una volta.<\/p>\n\n<div class=\"wp-block-image\"><figure class=\"aligncenter size-full\"><img loading=\"lazy\" decoding=\"async\" width=\"800\" height=\"434\" src=\"https:\/\/www.monaco-tribune.com\/wp-content\/uploads\/2022\/05\/riccardo-patrese-min.jpg\" alt=\"\" class=\"wp-image-123726\" srcset=\"https:\/\/www.monaco-tribune.com\/wp-content\/uploads\/2022\/05\/riccardo-patrese-min.jpg 800w, https:\/\/www.monaco-tribune.com\/wp-content\/uploads\/2022\/05\/riccardo-patrese-min-553x300.jpg 553w\" sizes=\"auto, (max-width: 800px) 100vw, 800px\" \/><figcaption>\u00a9DR\/Riccardo Patrese pensava di aver vinto prima di fare un testa coda. Alla fine \u00e8 lui a vincere il GP di Monaco del 1982<\/figcaption><\/figure><\/div>\n\n<p>Didier Pironi prende il comando della gara, ma \u00e8 costretto a ritirarsi. In panne, lascia che Andrea de Cesaris scivoli verso la vittoria. Ma anche quest&#8217;ultimo resta in panne. Derek Daly si ritrova quindi spinto in prima linea.<\/p>\n\n<p>Ma questo primo posto sembra davvero maledetto, visto che pochi secondi dopo anche lui commette un errore. Alla fine \u00e8 Riccardo Patrese, ritornato dagli inferi reduce dal suo testacoda, a riprendere il comando della gara e a vincere dopo un finale indimenticabile.<\/p>\n\n<h2 class=\"wp-block-heading\">1992: una rimonta spettacolare firmata Olivier Panis<\/h2>\n\n<p>Memorabile, indimenticabile, quasi inspiegabile. Non bastano tutti gli aggettivi del mondo per descrivere il Gran Premio di Monaco del 1996, vinto da un certo Olivier Panis, l&#8217;ultimo francese ad aggiudicarsi la vittoria nel Principato.<\/p>\n\n<p><strong>LEGGI ANCHE<\/strong>: <a href=\"https:\/\/www.monaco-tribune.com\/it\/2022\/05\/programma-ingresso-biglietteria-tutte-le-informazioni-utili-sul-gran-premio-di-monaco-2022\/\">Programma, ingresso, biglietteria\u2026 Tutte le informazioni utili sul Gran Premio di Monaco 2022<\/a><\/p>\n\n<p>Partito al volante della sua Ligier in quattordicesima posizione in un Gran Premio segnato da una partenza bagnata e da innumerevoli ritiri (solo Panis, Coulthard e Herbert hanno superato la bandiera a scacchi, il numero pi\u00f9 basso di piloti all&#8217;arrivo nella storia), il pilota di Grenoble ci ha regalato la pi\u00f9 bella rimonta di tutti i tempi sul circuito di Monaco.<\/p>\n\n<p>Una performance che gli ha permesso di rientrare nella ristretta cerchia di piloti che si sono fatti un nome nel Principato.<\/p>\n\n<h2 class=\"wp-block-heading\">2012: sei piloti tagliano il traguardo con meno di sei secondi di distacco<\/h2>\n\n<p>\u00c8 un Gran Premio che rester\u00e0 nella storia per la sua intensit\u00e0. Con previsioni di pioggia, la gara si preannuncia gi\u00e0 piuttosto elettrica. E cos\u00ec sar\u00e0, ma non di certo per la pioggia che non si \u00e8 fatta completamente vedere.<\/p>\n\n<p>Sei piloti, sei grandi piloti, si sfidano senza sosta dall&#8217;inizio alla fine della gara. Mark Webber, Nico Rosberg, Fernando Alonso, Sebastian Vettel, Lewis Hamilton e Felipe Massa si tolgono solo una manciata di secondi per tutta la gara.<\/p>\n\n<div class=\"wp-block-image\"><figure class=\"aligncenter size-large\"><img loading=\"lazy\" decoding=\"async\" width=\"1024\" height=\"519\" src=\"https:\/\/www.monaco-tribune.com\/wp-content\/uploads\/2022\/05\/gp-monaco-2012-min-1024x519.jpg\" alt=\"\" class=\"wp-image-123730\" srcset=\"https:\/\/www.monaco-tribune.com\/wp-content\/uploads\/2022\/05\/gp-monaco-2012-min-1024x519.jpg 1024w, https:\/\/www.monaco-tribune.com\/wp-content\/uploads\/2022\/05\/gp-monaco-2012-min-591x300.jpg 591w, https:\/\/www.monaco-tribune.com\/wp-content\/uploads\/2022\/05\/gp-monaco-2012-min.jpg 1589w\" sizes=\"auto, (max-width: 1024px) 100vw, 1024px\" \/><figcaption>\u00a9DR\/Mark Webber ha vinto il GP di Monaco nel 2012<\/figcaption><\/figure><\/div>\n\n<p>Al traguardo solo sei secondi separano il vincitore, Mark Webber, da Felipe Massa, sesto in classifica. Il settimo, Paul Di Resta, ha oltre quaranta secondi di distacco da questo incredibile gruppo di sei piloti.<\/p>\n\n<h2 class=\"wp-block-heading\">2019: l&#8217;inizio dell&#8217;acceso duello tra Hamilton e Verstappen<\/h2>\n\n<p>La rivalit\u00e0 tra i due piloti ha avuto il suo epilogo alla fine della scorsa stagione, con l&#8217;olandese che ha conquistato il suo primo titolo nel Principato in barba al sette volte campione.<\/p>\n\n<p>Tutto \u00e8 iniziato proprio qui nel 2019, in occasione del Gran Premio di Monaco. Mentre Lewis Hamilton arrancava con delle gomme usurate, Max Verstappen riesce a riprenderlo a tutta velocit\u00e0 con gomme fresche fresche, dopo aver recuperato Valtteri Bottas che era davanti a lui prima di entrare nei box.<\/p>\n\n<p>.<\/p>\n\n<p>L&#8217;ultima parte della gara ha lasciato senza fiato fino all&#8217;ultimo giro, quando Max Verstappen ha provato a sorpassarlo, senza successo, sulla chicane del porto. Sar\u00e0 poi Lewis Hamilton ad aggiudicarsi la vittoria, ma questo resta il primo vero grande scontro tra i due piloti.<\/p>\n","protected":false},"excerpt":{"rendered":"<p>Con la 79\u00aa edizione del Gran Premio di Monaco di Formula 1 sul leggendario circuito del Principato che inizia questo [&hellip;]<\/p>\n","protected":false},"author":24,"featured_media":123675,"comment_status":"closed","ping_status":"closed","sticky":false,"template":"","format":"standard","meta":{"_acf_changed":false,"footnotes":""},"categories":[],"tags":[],"post_sectags":[],"post_format":[],"class_list":["post-123802","post","type-post","status-publish","format-standard","has-post-thumbnail","hentry"],"acf":[],"yoast_head":"<!-- This site is optimized with the Yoast SEO Premium plugin v26.8 (Yoast SEO v27.4) - https:\/\/yoast.com\/product\/yoast-seo-premium-wordpress\/ -->\n<title>5 momenti leggendari del Gran Premio di Monaco F1<\/title>\n<meta name=\"description\" content=\"Con la 79\u00aa edizione del Gran Premio di Monaco di Formula 1 sul leggendario circuito del Principato che inizia questo gioved\u00ec, abbiamo deciso di farvi\" \/>\n<meta name=\"robots\" content=\"index, follow, max-snippet:-1, max-image-preview:large, max-video-preview:-1\" \/>\n<link rel=\"canonical\" href=\"https:\/\/www.monaco-tribune.com\/it\/2022\/05\/5-momenti-leggendari-del-gran-premio-di-monaco-f1\/\" \/>\n<meta property=\"og:locale\" content=\"it_IT\" \/>\n<meta property=\"og:type\" content=\"article\" \/>\n<meta property=\"og:title\" content=\"5 momenti leggendari del Gran Premio di Monaco F1 - Monaco Tribune\" \/>\n<meta property=\"og:description\" content=\"Con la 79\u00aa edizione del Gran Premio di Monaco di Formula 1 sul leggendario circuito del Principato che inizia questo gioved\u00ec, abbiamo deciso di farvi\" \/>\n<meta property=\"og:url\" content=\"https:\/\/www.monaco-tribune.com\/it\/2022\/05\/5-momenti-leggendari-del-gran-premio-di-monaco-f1\/\" \/>\n<meta property=\"og:site_name\" content=\"Monaco Tribune\" \/>\n<meta property=\"article:publisher\" content=\"https:\/\/www.facebook.com\/MonacoTribune\" \/>\n<meta property=\"article:published_time\" content=\"2022-05-26T15:40:23+00:00\" \/>\n<meta property=\"article:modified_time\" content=\"2022-05-26T15:40:33+00:00\" \/>\n<meta property=\"og:image\" content=\"https:\/\/www.monaco-tribune.com\/wp-content\/uploads\/2022\/05\/scuderia-ferrari-gp-monaco-1950.jpeg\" \/>\n\t<meta property=\"og:image:width\" content=\"1024\" \/>\n\t<meta property=\"og:image:height\" content=\"550\" \/>\n\t<meta property=\"og:image:type\" content=\"image\/jpeg\" \/>\n<meta name=\"author\" content=\"Romain Boisaubert\" \/>\n<meta name=\"twitter:card\" content=\"summary_large_image\" \/>\n<meta name=\"twitter:creator\" content=\"@MonacoTribune\" \/>\n<meta name=\"twitter:site\" content=\"@MonacoTribune\" \/>\n<script type=\"application\/ld+json\" class=\"yoast-schema-graph\">{\"@context\":\"https:\\\/\\\/schema.org\",\"@graph\":[{\"@type\":\"NewsArticle\",\"@id\":\"https:\\\/\\\/www.monaco-tribune.com\\\/it\\\/2022\\\/05\\\/5-momenti-leggendari-del-gran-premio-di-monaco-f1\\\/#article\",\"isPartOf\":{\"@id\":\"https:\\\/\\\/www.monaco-tribune.com\\\/it\\\/2022\\\/05\\\/5-momenti-leggendari-del-gran-premio-di-monaco-f1\\\/\"},\"author\":{\"name\":\"Romain Boisaubert\",\"@id\":\"https:\\\/\\\/www.monaco-tribune.com\\\/it\\\/#\\\/schema\\\/person\\\/330a3732947cf8cb41b2533a0eadd62e\"},\"headline\":\"5 momenti leggendari del Gran Premio di Monaco F1\",\"datePublished\":\"2022-05-26T15:40:23+00:00\",\"dateModified\":\"2022-05-26T15:40:33+00:00\",\"mainEntityOfPage\":{\"@id\":\"https:\\\/\\\/www.monaco-tribune.com\\\/it\\\/2022\\\/05\\\/5-momenti-leggendari-del-gran-premio-di-monaco-f1\\\/\"},\"wordCount\":771,\"publisher\":{\"@id\":\"https:\\\/\\\/www.monaco-tribune.com\\\/it\\\/#organization\"},\"image\":{\"@id\":\"https:\\\/\\\/www.monaco-tribune.com\\\/it\\\/2022\\\/05\\\/5-momenti-leggendari-del-gran-premio-di-monaco-f1\\\/#primaryimage\"},\"thumbnailUrl\":\"https:\\\/\\\/www.monaco-tribune.com\\\/wp-content\\\/uploads\\\/2022\\\/05\\\/scuderia-ferrari-gp-monaco-1950.jpeg\",\"inLanguage\":\"it-IT\",\"copyrightYear\":\"2022\",\"copyrightHolder\":{\"@id\":\"https:\\\/\\\/www.monaco-tribune.com\\\/#organization\"}},{\"@type\":\"WebPage\",\"@id\":\"https:\\\/\\\/www.monaco-tribune.com\\\/it\\\/2022\\\/05\\\/5-momenti-leggendari-del-gran-premio-di-monaco-f1\\\/\",\"url\":\"https:\\\/\\\/www.monaco-tribune.com\\\/it\\\/2022\\\/05\\\/5-momenti-leggendari-del-gran-premio-di-monaco-f1\\\/\",\"name\":\"5 momenti leggendari del Gran Premio di Monaco F1\",\"isPartOf\":{\"@id\":\"https:\\\/\\\/www.monaco-tribune.com\\\/it\\\/#website\"},\"primaryImageOfPage\":{\"@id\":\"https:\\\/\\\/www.monaco-tribune.com\\\/it\\\/2022\\\/05\\\/5-momenti-leggendari-del-gran-premio-di-monaco-f1\\\/#primaryimage\"},\"image\":{\"@id\":\"https:\\\/\\\/www.monaco-tribune.com\\\/it\\\/2022\\\/05\\\/5-momenti-leggendari-del-gran-premio-di-monaco-f1\\\/#primaryimage\"},\"thumbnailUrl\":\"https:\\\/\\\/www.monaco-tribune.com\\\/wp-content\\\/uploads\\\/2022\\\/05\\\/scuderia-ferrari-gp-monaco-1950.jpeg\",\"datePublished\":\"2022-05-26T15:40:23+00:00\",\"dateModified\":\"2022-05-26T15:40:33+00:00\",\"description\":\"Con la 79\u00aa edizione del Gran Premio di Monaco di Formula 1 sul leggendario circuito del Principato che inizia questo gioved\u00ec, abbiamo deciso di farvi\",\"breadcrumb\":{\"@id\":\"https:\\\/\\\/www.monaco-tribune.com\\\/it\\\/2022\\\/05\\\/5-momenti-leggendari-del-gran-premio-di-monaco-f1\\\/#breadcrumb\"},\"inLanguage\":\"it-IT\",\"potentialAction\":[{\"@type\":\"ReadAction\",\"target\":[\"https:\\\/\\\/www.monaco-tribune.com\\\/it\\\/2022\\\/05\\\/5-momenti-leggendari-del-gran-premio-di-monaco-f1\\\/\"]}]},{\"@type\":\"ImageObject\",\"inLanguage\":\"it-IT\",\"@id\":\"https:\\\/\\\/www.monaco-tribune.com\\\/it\\\/2022\\\/05\\\/5-momenti-leggendari-del-gran-premio-di-monaco-f1\\\/#primaryimage\",\"url\":\"https:\\\/\\\/www.monaco-tribune.com\\\/wp-content\\\/uploads\\\/2022\\\/05\\\/scuderia-ferrari-gp-monaco-1950.jpeg\",\"contentUrl\":\"https:\\\/\\\/www.monaco-tribune.com\\\/wp-content\\\/uploads\\\/2022\\\/05\\\/scuderia-ferrari-gp-monaco-1950.jpeg\",\"width\":1024,\"height\":550,\"caption\":\"Scuderia Ferrari\"},{\"@type\":\"BreadcrumbList\",\"@id\":\"https:\\\/\\\/www.monaco-tribune.com\\\/it\\\/2022\\\/05\\\/5-momenti-leggendari-del-gran-premio-di-monaco-f1\\\/#breadcrumb\",\"itemListElement\":[{\"@type\":\"ListItem\",\"position\":1,\"name\":\"Accueil\",\"item\":\"https:\\\/\\\/www.monaco-tribune.com\\\/it\\\/\"},{\"@type\":\"ListItem\",\"position\":2,\"name\":\"5 momenti leggendari del Gran Premio di Monaco F1\"}]},{\"@type\":\"WebSite\",\"@id\":\"https:\\\/\\\/www.monaco-tribune.com\\\/it\\\/#website\",\"url\":\"https:\\\/\\\/www.monaco-tribune.com\\\/it\\\/\",\"name\":\"Monaco Tribune\",\"description\":\"Monaco : actualit\u00e9s \u00e9conomiques, politiques, culturelles et sportives de Monaco et de la French Riviera.\",\"publisher\":{\"@id\":\"https:\\\/\\\/www.monaco-tribune.com\\\/it\\\/#organization\"},\"potentialAction\":[{\"@type\":\"SearchAction\",\"target\":{\"@type\":\"EntryPoint\",\"urlTemplate\":\"https:\\\/\\\/www.monaco-tribune.com\\\/it\\\/?s={search_term_string}\"},\"query-input\":{\"@type\":\"PropertyValueSpecification\",\"valueRequired\":true,\"valueName\":\"search_term_string\"}}],\"inLanguage\":\"it-IT\"},{\"@type\":\"Organization\",\"@id\":\"https:\\\/\\\/www.monaco-tribune.com\\\/it\\\/#organization\",\"name\":\"Monaco Tribune\",\"url\":\"https:\\\/\\\/www.monaco-tribune.com\\\/it\\\/\",\"logo\":{\"@type\":\"ImageObject\",\"inLanguage\":\"it-IT\",\"@id\":\"https:\\\/\\\/www.monaco-tribune.com\\\/it\\\/#\\\/schema\\\/logo\\\/image\\\/\",\"url\":\"https:\\\/\\\/www.monaco-tribune.com\\\/wp-content\\\/uploads\\\/2022\\\/11\\\/logo-monaco-tribune.png\",\"contentUrl\":\"https:\\\/\\\/www.monaco-tribune.com\\\/wp-content\\\/uploads\\\/2022\\\/11\\\/logo-monaco-tribune.png\",\"width\":1548,\"height\":600,\"caption\":\"Monaco Tribune\"},\"image\":{\"@id\":\"https:\\\/\\\/www.monaco-tribune.com\\\/it\\\/#\\\/schema\\\/logo\\\/image\\\/\"},\"sameAs\":[\"https:\\\/\\\/www.facebook.com\\\/MonacoTribune\",\"https:\\\/\\\/x.com\\\/MonacoTribune\",\"https:\\\/\\\/www.instagram.com\\\/monacotribune\\\/\",\"https:\\\/\\\/www.linkedin.com\\\/company\\\/monaco-tribune\",\"https:\\\/\\\/www.youtube.com\\\/channel\\\/UCHle1MnG6hw1y4lWKijVbMA\"]},{\"@type\":\"Person\",\"@id\":\"https:\\\/\\\/www.monaco-tribune.com\\\/it\\\/#\\\/schema\\\/person\\\/330a3732947cf8cb41b2533a0eadd62e\",\"name\":\"Romain Boisaubert\",\"image\":{\"@type\":\"ImageObject\",\"inLanguage\":\"it-IT\",\"@id\":\"https:\\\/\\\/secure.gravatar.com\\\/avatar\\\/f8b90d41f1eabd1cbe4cf59e09d8db41a697d51919bf2dfe727589a24a4a4d54?s=96&d=mm&r=g\",\"url\":\"https:\\\/\\\/secure.gravatar.com\\\/avatar\\\/f8b90d41f1eabd1cbe4cf59e09d8db41a697d51919bf2dfe727589a24a4a4d54?s=96&d=mm&r=g\",\"contentUrl\":\"https:\\\/\\\/secure.gravatar.com\\\/avatar\\\/f8b90d41f1eabd1cbe4cf59e09d8db41a697d51919bf2dfe727589a24a4a4d54?s=96&d=mm&r=g\",\"caption\":\"Romain Boisaubert\"},\"description\":\"Test bio\",\"url\":\"https:\\\/\\\/www.monaco-tribune.com\\\/it\\\/author\\\/romain-boisaubert\\\/\"}]}<\/script>\n<!-- \/ Yoast SEO Premium plugin. -->","yoast_head_json":{"title":"5 momenti leggendari del Gran Premio di Monaco F1","description":"Con la 79\u00aa edizione del Gran Premio di Monaco di Formula 1 sul leggendario circuito del Principato che inizia questo gioved\u00ec, abbiamo deciso di farvi","robots":{"index":"index","follow":"follow","max-snippet":"max-snippet:-1","max-image-preview":"max-image-preview:large","max-video-preview":"max-video-preview:-1"},"canonical":"https:\/\/www.monaco-tribune.com\/it\/2022\/05\/5-momenti-leggendari-del-gran-premio-di-monaco-f1\/","og_locale":"it_IT","og_type":"article","og_title":"5 momenti leggendari del Gran Premio di Monaco F1 - Monaco Tribune","og_description":"Con la 79\u00aa edizione del Gran Premio di Monaco di Formula 1 sul leggendario circuito del Principato che inizia questo gioved\u00ec, abbiamo deciso di farvi","og_url":"https:\/\/www.monaco-tribune.com\/it\/2022\/05\/5-momenti-leggendari-del-gran-premio-di-monaco-f1\/","og_site_name":"Monaco Tribune","article_publisher":"https:\/\/www.facebook.com\/MonacoTribune","article_published_time":"2022-05-26T15:40:23+00:00","article_modified_time":"2022-05-26T15:40:33+00:00","og_image":[{"width":1024,"height":550,"url":"https:\/\/www.monaco-tribune.com\/wp-content\/uploads\/2022\/05\/scuderia-ferrari-gp-monaco-1950.jpeg","type":"image\/jpeg"}],"author":"Romain Boisaubert","twitter_card":"summary_large_image","twitter_creator":"@MonacoTribune","twitter_site":"@MonacoTribune","schema":{"@context":"https:\/\/schema.org","@graph":[{"@type":"NewsArticle","@id":"https:\/\/www.monaco-tribune.com\/it\/2022\/05\/5-momenti-leggendari-del-gran-premio-di-monaco-f1\/#article","isPartOf":{"@id":"https:\/\/www.monaco-tribune.com\/it\/2022\/05\/5-momenti-leggendari-del-gran-premio-di-monaco-f1\/"},"author":{"name":"Romain Boisaubert","@id":"https:\/\/www.monaco-tribune.com\/it\/#\/schema\/person\/330a3732947cf8cb41b2533a0eadd62e"},"headline":"5 momenti leggendari del Gran Premio di Monaco F1","datePublished":"2022-05-26T15:40:23+00:00","dateModified":"2022-05-26T15:40:33+00:00","mainEntityOfPage":{"@id":"https:\/\/www.monaco-tribune.com\/it\/2022\/05\/5-momenti-leggendari-del-gran-premio-di-monaco-f1\/"},"wordCount":771,"publisher":{"@id":"https:\/\/www.monaco-tribune.com\/it\/#organization"},"image":{"@id":"https:\/\/www.monaco-tribune.com\/it\/2022\/05\/5-momenti-leggendari-del-gran-premio-di-monaco-f1\/#primaryimage"},"thumbnailUrl":"https:\/\/www.monaco-tribune.com\/wp-content\/uploads\/2022\/05\/scuderia-ferrari-gp-monaco-1950.jpeg","inLanguage":"it-IT","copyrightYear":"2022","copyrightHolder":{"@id":"https:\/\/www.monaco-tribune.com\/#organization"}},{"@type":"WebPage","@id":"https:\/\/www.monaco-tribune.com\/it\/2022\/05\/5-momenti-leggendari-del-gran-premio-di-monaco-f1\/","url":"https:\/\/www.monaco-tribune.com\/it\/2022\/05\/5-momenti-leggendari-del-gran-premio-di-monaco-f1\/","name":"5 momenti leggendari del Gran Premio di Monaco F1","isPartOf":{"@id":"https:\/\/www.monaco-tribune.com\/it\/#website"},"primaryImageOfPage":{"@id":"https:\/\/www.monaco-tribune.com\/it\/2022\/05\/5-momenti-leggendari-del-gran-premio-di-monaco-f1\/#primaryimage"},"image":{"@id":"https:\/\/www.monaco-tribune.com\/it\/2022\/05\/5-momenti-leggendari-del-gran-premio-di-monaco-f1\/#primaryimage"},"thumbnailUrl":"https:\/\/www.monaco-tribune.com\/wp-content\/uploads\/2022\/05\/scuderia-ferrari-gp-monaco-1950.jpeg","datePublished":"2022-05-26T15:40:23+00:00","dateModified":"2022-05-26T15:40:33+00:00","description":"Con la 79\u00aa edizione del Gran Premio di Monaco di Formula 1 sul leggendario circuito del Principato che inizia questo gioved\u00ec, abbiamo deciso di farvi","breadcrumb":{"@id":"https:\/\/www.monaco-tribune.com\/it\/2022\/05\/5-momenti-leggendari-del-gran-premio-di-monaco-f1\/#breadcrumb"},"inLanguage":"it-IT","potentialAction":[{"@type":"ReadAction","target":["https:\/\/www.monaco-tribune.com\/it\/2022\/05\/5-momenti-leggendari-del-gran-premio-di-monaco-f1\/"]}]},{"@type":"ImageObject","inLanguage":"it-IT","@id":"https:\/\/www.monaco-tribune.com\/it\/2022\/05\/5-momenti-leggendari-del-gran-premio-di-monaco-f1\/#primaryimage","url":"https:\/\/www.monaco-tribune.com\/wp-content\/uploads\/2022\/05\/scuderia-ferrari-gp-monaco-1950.jpeg","contentUrl":"https:\/\/www.monaco-tribune.com\/wp-content\/uploads\/2022\/05\/scuderia-ferrari-gp-monaco-1950.jpeg","width":1024,"height":550,"caption":"Scuderia Ferrari"},{"@type":"BreadcrumbList","@id":"https:\/\/www.monaco-tribune.com\/it\/2022\/05\/5-momenti-leggendari-del-gran-premio-di-monaco-f1\/#breadcrumb","itemListElement":[{"@type":"ListItem","position":1,"name":"Accueil","item":"https:\/\/www.monaco-tribune.com\/it\/"},{"@type":"ListItem","position":2,"name":"5 momenti leggendari del Gran Premio di Monaco F1"}]},{"@type":"WebSite","@id":"https:\/\/www.monaco-tribune.com\/it\/#website","url":"https:\/\/www.monaco-tribune.com\/it\/","name":"Monaco Tribune","description":"Monaco : actualit\u00e9s \u00e9conomiques, politiques, culturelles et sportives de Monaco et de la French Riviera.","publisher":{"@id":"https:\/\/www.monaco-tribune.com\/it\/#organization"},"potentialAction":[{"@type":"SearchAction","target":{"@type":"EntryPoint","urlTemplate":"https:\/\/www.monaco-tribune.com\/it\/?s={search_term_string}"},"query-input":{"@type":"PropertyValueSpecification","valueRequired":true,"valueName":"search_term_string"}}],"inLanguage":"it-IT"},{"@type":"Organization","@id":"https:\/\/www.monaco-tribune.com\/it\/#organization","name":"Monaco Tribune","url":"https:\/\/www.monaco-tribune.com\/it\/","logo":{"@type":"ImageObject","inLanguage":"it-IT","@id":"https:\/\/www.monaco-tribune.com\/it\/#\/schema\/logo\/image\/","url":"https:\/\/www.monaco-tribune.com\/wp-content\/uploads\/2022\/11\/logo-monaco-tribune.png","contentUrl":"https:\/\/www.monaco-tribune.com\/wp-content\/uploads\/2022\/11\/logo-monaco-tribune.png","width":1548,"height":600,"caption":"Monaco Tribune"},"image":{"@id":"https:\/\/www.monaco-tribune.com\/it\/#\/schema\/logo\/image\/"},"sameAs":["https:\/\/www.facebook.com\/MonacoTribune","https:\/\/x.com\/MonacoTribune","https:\/\/www.instagram.com\/monacotribune\/","https:\/\/www.linkedin.com\/company\/monaco-tribune","https:\/\/www.youtube.com\/channel\/UCHle1MnG6hw1y4lWKijVbMA"]},{"@type":"Person","@id":"https:\/\/www.monaco-tribune.com\/it\/#\/schema\/person\/330a3732947cf8cb41b2533a0eadd62e","name":"Romain Boisaubert","image":{"@type":"ImageObject","inLanguage":"it-IT","@id":"https:\/\/secure.gravatar.com\/avatar\/f8b90d41f1eabd1cbe4cf59e09d8db41a697d51919bf2dfe727589a24a4a4d54?s=96&d=mm&r=g","url":"https:\/\/secure.gravatar.com\/avatar\/f8b90d41f1eabd1cbe4cf59e09d8db41a697d51919bf2dfe727589a24a4a4d54?s=96&d=mm&r=g","contentUrl":"https:\/\/secure.gravatar.com\/avatar\/f8b90d41f1eabd1cbe4cf59e09d8db41a697d51919bf2dfe727589a24a4a4d54?s=96&d=mm&r=g","caption":"Romain Boisaubert"},"description":"Test bio","url":"https:\/\/www.monaco-tribune.com\/it\/author\/romain-boisaubert\/"}]}},"_links":{"self":[{"href":"https:\/\/www.monaco-tribune.com\/it\/wp-json\/wp\/v2\/posts\/123802","targetHints":{"allow":["GET"]}}],"collection":[{"href":"https:\/\/www.monaco-tribune.com\/it\/wp-json\/wp\/v2\/posts"}],"about":[{"href":"https:\/\/www.monaco-tribune.com\/it\/wp-json\/wp\/v2\/types\/post"}],"author":[{"embeddable":true,"href":"https:\/\/www.monaco-tribune.com\/it\/wp-json\/wp\/v2\/users\/24"}],"replies":[{"embeddable":true,"href":"https:\/\/www.monaco-tribune.com\/it\/wp-json\/wp\/v2\/comments?post=123802"}],"version-history":[{"count":0,"href":"https:\/\/www.monaco-tribune.com\/it\/wp-json\/wp\/v2\/posts\/123802\/revisions"}],"wp:featuredmedia":[{"embeddable":true,"href":"https:\/\/www.monaco-tribune.com\/it\/wp-json\/wp\/v2\/media\/123675"}],"wp:attachment":[{"href":"https:\/\/www.monaco-tribune.com\/it\/wp-json\/wp\/v2\/media?parent=123802"}],"wp:term":[{"taxonomy":"category","embeddable":true,"href":"https:\/\/www.monaco-tribune.com\/it\/wp-json\/wp\/v2\/categories?post=123802"},{"taxonomy":"post_tag","embeddable":true,"href":"https:\/\/www.monaco-tribune.com\/it\/wp-json\/wp\/v2\/tags?post=123802"},{"taxonomy":"sectag","embeddable":true,"href":"https:\/\/www.monaco-tribune.com\/it\/wp-json\/wp\/v2\/post_sectags?post=123802"},{"taxonomy":"format","embeddable":true,"href":"https:\/\/www.monaco-tribune.com\/it\/wp-json\/wp\/v2\/post_format?post=123802"}],"curies":[{"name":"wp","href":"https:\/\/api.w.org\/{rel}","templated":true}]}}