{"id":124159,"date":"2022-05-30T16:25:43","date_gmt":"2022-05-30T14:25:43","guid":{"rendered":"https:\/\/www.monaco-tribune.com\/2022\/05\/i-momenti-salienti-della-79a-edizione-del-gran-premio-di-monaco-di-formula-1\/"},"modified":"2022-05-30T19:03:31","modified_gmt":"2022-05-30T17:03:31","slug":"i-momenti-salienti-della-79a-edizione-del-gran-premio-di-monaco-di-formula-1","status":"publish","type":"post","link":"https:\/\/www.monaco-tribune.com\/it\/2022\/05\/i-momenti-salienti-della-79a-edizione-del-gran-premio-di-monaco-di-formula-1\/","title":{"rendered":"I momenti salienti della 79\u00aa edizione del Gran Premio di Monaco di Formula 1?"},"content":{"rendered":"\n<p><strong>Il Gran Premio di Monaco 2022 non ha mancato di dare spettacolo, tra pioggia battente, bandiere rosse e una vittoria storica. Ecco i momenti salienti della gara.<\/strong><\/p>\n\n\n\n<h2 class=\"wp-block-heading\" id=\"h-la-pioggia-imprevista\">La pioggia imprevista<\/h2>\n\n\n\n<p>In queste ultime settimane la pioggia \u00e8 stata rara nel Principato. Ma domenica pomeriggio ha deciso di ravvivare questo 79\u00b0 Gran Premio di Monaco. A pochi minuti dall&#8217;inizio della gara, un forte acquazzone si \u00e8 abbattuto sul circuito costringendo la direzione a posticipare l&#8217;orario di partenza.<\/p>\n\n\n\n<p>Quindici minuti dopo, la gara ha finalmente preso il via dietro la safety car, ma solo per pochi giri, visto che la pioggia ha continuato ad aumentare d&#8217;intensit\u00e0 e ha costretto le monoposto a rientrare ancora una volta ai box.<\/p>\n\n\n\n<p>Dopo oltre un&#8217;ora di attesa (in totale), il Gran Premio \u00e8 finalmente partito dietro la safety car. Sotto un cielo capriccioso dove il sole ha fatto capolino solo nell&#8217;ultimo giro, la gara \u00e8 finalmente andata avanti senza altri acquazzoni.<\/p>\n\n\n\n<figure class=\"wp-block-embed aligncenter is-type-rich is-provider-twitter wp-block-embed-twitter\"><div class=\"wp-block-embed__wrapper\">\n<blockquote class=\"twitter-tweet\" data-width=\"500\" data-dnt=\"true\"><p lang=\"en\" dir=\"ltr\">We have a red flag \ud83d\udea9<br><br>The drivers return to the pit lane <a href=\"https:\/\/twitter.com\/hashtag\/MonacoGP?src=hash&amp;ref_src=twsrc%5Etfw\">#MonacoGP<\/a> <a href=\"https:\/\/twitter.com\/hashtag\/F1?src=hash&amp;ref_src=twsrc%5Etfw\">#F1<\/a> <a href=\"https:\/\/t.co\/N0CzK2L7cu\">pic.twitter.com\/N0CzK2L7cu<\/a><\/p>&mdash; Formula 1 (@F1) <a href=\"https:\/\/twitter.com\/F1\/status\/1530902420619943936?ref_src=twsrc%5Etfw\">May 29, 2022<\/a><\/blockquote><script async src=\"https:\/\/platform.twitter.com\/widgets.js\" charset=\"utf-8\"><\/script>\n<\/div><\/figure>\n\n\n\n<h2 class=\"wp-block-heading\">La rabbia di Charles Leclerc<\/h2>\n\n\n\n<p>Per la prima volta nella sua carriera in Formula 1, Charles Leclerc ha tagliato il traguardo del Gran Premio di Monaco. Ma il pilota monegasco, partito in pole position e tra i primi per tutto il weekend, ha avuto qualche difficolt\u00e0 ad accettare il quarto posto al traguardo e a vedersi sfuggire la vittoria dalle mani.<\/p>\n\n\n\n<p>Penalizzato da un errore strategico della scuderia Ferrari, Charles Leclerc, in vantaggio per gran parte della gara, si \u00e8 ritrovato quarto dopo i pit stop della Red Bull. Una chiusura che ha fatto arrabbiare parecchio il monegasco, estremamente deluso all&#8217;arrivo.<\/p>\n\n\n\n<p>&#8220;Sono disgustato. Ho fatto tutto il necessario. Avevamo tutte le carte in regola per vincere, ma abbiamo buttato via tutto. Non dovrebbe succedere troppo spesso in un anno. La stagione \u00e8 ancora lunga, ma non possiamo permetterci di fare una gara del genere&#8221;.<\/p>\n\n\n\n<div class=\"wp-block-image\"><figure class=\"aligncenter size-large\"><img loading=\"lazy\" decoding=\"async\" width=\"1024\" height=\"599\" src=\"https:\/\/www.monaco-tribune.com\/wp-content\/uploads\/2022\/05\/charles-leclerc-1-1024x599.jpeg\" alt=\"Charles-Leclerc\" class=\"wp-image-123987\" srcset=\"https:\/\/www.monaco-tribune.com\/wp-content\/uploads\/2022\/05\/charles-leclerc-1-1024x599.jpeg 1024w, https:\/\/www.monaco-tribune.com\/wp-content\/uploads\/2022\/05\/charles-leclerc-1-513x300.jpeg 513w, https:\/\/www.monaco-tribune.com\/wp-content\/uploads\/2022\/05\/charles-leclerc-1.jpeg 2041w\" sizes=\"auto, (max-width: 1024px) 100vw, 1024px\" \/><figcaption>\u00a9 Scuderia Ferrari<\/figcaption><\/figure><\/div>\n\n\n\n<h2 class=\"wp-block-heading\">La strategia vincente della Red Bull<\/h2>\n\n\n\n<p>Se la scuderia Ferrari non \u00e8 riuscita a vincere \u00e8 anche perch\u00e9 la Red Bull ha avuto un ottimo fiuto in una gara movimentata e resa imprevedibile dalla pioggia. Facendo rientrare Sergio P\u00e9rez ai box per primo per testare le gomme intermedie, l&#8217;azienda austriaca ha fatto la scelta giusta.<\/p>\n\n\n\n<p>In soli due giri Sergio P\u00e9rez ha raggiunto Charles Leclerc e ha preso il comando, superando anche Carlos Sainz. Nella disavventura della Ferrari, la Red Bull ha permesso a Max Verstappen di salire sul podio, privando Charles Leclerc di punti preziosi nel campionato del mondo.<\/p>\n\n\n\n<p><strong>LEGGI ANCHE<\/strong>: <a href=\"https:\/\/www.monaco-tribune.com\/it\/2022\/05\/5-momenti-leggendari-del-gran-premio-di-monaco-f1\/\">5 momenti leggendari del Gran Premio di Monaco F1<\/a><\/p>\n\n\n\n<p>Un doppio colpo che permette alla Red Bull (235 punti) di affermare la sua posizione di leader nel mondiale costruttori, davanti a una scuderia Ferrari (199 punti) un po&#8217; avvilita da un fine settimana di gare in cui si aspettava di uscire vincitrice.<\/p>\n\n\n\n<figure class=\"wp-block-embed aligncenter is-type-rich is-provider-twitter wp-block-embed-twitter\"><div class=\"wp-block-embed__wrapper\">\n<blockquote class=\"twitter-tweet\" data-width=\"500\" data-dnt=\"true\"><p lang=\"en\" dir=\"ltr\">\ud83d\udcfb &quot;Thank you guys! So happy to be part of this Team.&quot; <a href=\"https:\/\/twitter.com\/SChecoPerez?ref_src=twsrc%5Etfw\">@SChecoPerez<\/a> \ud83c\udfc6 <a href=\"https:\/\/twitter.com\/hashtag\/MonacoGP?src=hash&amp;ref_src=twsrc%5Etfw\">#MonacoGP<\/a> \ud83c\uddf2\ud83c\udde8 <a href=\"https:\/\/t.co\/lhZcy4t2zO\">pic.twitter.com\/lhZcy4t2zO<\/a><\/p>&mdash; Oracle Red Bull Racing (@redbullracing) <a href=\"https:\/\/twitter.com\/redbullracing\/status\/1530946347314159621?ref_src=twsrc%5Etfw\">May 29, 2022<\/a><\/blockquote><script async src=\"https:\/\/platform.twitter.com\/widgets.js\" charset=\"utf-8\"><\/script>\n<\/div><\/figure>\n\n\n\n<h2 class=\"wp-block-heading\">La prima vittoria di Sergio P\u00e9rez<\/h2>\n\n\n\n<p>Il weekend nel Principato \u00e8 stato un sogno a occhi aperti per il pilota messicano. Terzo sulla griglia di partenza, Sergio P\u00e9rez (Red Bull) ha tratto vantaggio delle scelte audaci della sua scuderia e si \u00e8 ritrovato spinto in testa alla gara.<\/p>\n\n\n\n<p>Pressato negli ultimi giri da Carlos Sainz, che l&#8217;ha marcato stretto senza essere stato in grado di superarlo, il messicano \u00e8 riuscito a resistere e a conquistare il suo primo successo della stagione. Ma soprattutto la sua prima vittoria al Gran Premio di Monaco.<\/p>\n\n\n\n<p><strong>LEGGI ANCHE<\/strong>: <a href=\"https:\/\/www.monaco-tribune.com\/it\/2021\/04\/la-ferrari-di-leclerc-entra-nella-collezione-di-auto-del-principe-alberto-ii\/\">La Ferrari di Leclerc entra nella collezione di auto del Principe Alberto II<\/a><\/p>\n\n\n\n<p>Ora, nella corsa al titolo di questa stagione dovremo tenere d\u2019occhio anche il compagno di squadra di Max Verstappen che, come da tradizione a Monaco, ha ricevuto il trofeo direttamente dalle mani del Principe Alberto II.<\/p>\n\n\n\n<figure class=\"wp-block-embed aligncenter is-type-rich is-provider-twitter wp-block-embed-twitter\"><div class=\"wp-block-embed__wrapper\">\n<blockquote class=\"twitter-tweet\" data-width=\"500\" data-dnt=\"true\"><p lang=\"en\" dir=\"ltr\">Here&#39;s what it means \u2764\ufe0f<a href=\"https:\/\/twitter.com\/hashtag\/MonacoGP?src=hash&amp;ref_src=twsrc%5Etfw\">#MonacoGP<\/a> <a href=\"https:\/\/twitter.com\/SChecoPerez?ref_src=twsrc%5Etfw\">@SChecoPerez<\/a> <a href=\"https:\/\/t.co\/h8IqlLc4bx\">pic.twitter.com\/h8IqlLc4bx<\/a><\/p>&mdash; Formula 1 (@F1) <a href=\"https:\/\/twitter.com\/F1\/status\/1530956886736093187?ref_src=twsrc%5Etfw\">May 29, 2022<\/a><\/blockquote><script async src=\"https:\/\/platform.twitter.com\/widgets.js\" charset=\"utf-8\"><\/script>\n<\/div><\/figure>\n\n\n\n<h2 class=\"wp-block-heading\">Il brutto incidente di Mick Schumacher<\/h2>\n\n\n\n<p>Sono immagini che fanno venire i brividi, ma fortunatamente senza gravi conseguenze. Durante la gara, Mick Schumacher (Haas) ha perso completamente il controllo della sua monoposto e ha urtato violentemente le barriere di sicurezza.<\/p>\n\n\n\n<p>Costretto al ritiro, il pilota tedesco ne \u00e8 uscito illeso, ma lo stesso non si pu\u00f2 dire della sua vettura. La monoposto completamente distrutta \u00e8 stata recuperata da una gru causando una temporanea interruzione della corsa.<\/p>\n\n\n\n<figure class=\"wp-block-embed aligncenter is-type-rich is-provider-twitter wp-block-embed-twitter\"><div class=\"wp-block-embed__wrapper\">\n<blockquote class=\"twitter-tweet\" data-width=\"500\" data-dnt=\"true\"><p lang=\"en\" dir=\"ltr\">\u26a0\ufe0f SAFETY CAR \u26a0\ufe0f<br><br>Mick Schumacher walks away from his car after crashing into the barriers at the Swimming Pool section <a href=\"https:\/\/twitter.com\/hashtag\/MonacoGP?src=hash&amp;ref_src=twsrc%5Etfw\">#MonacoGP<\/a> <a href=\"https:\/\/twitter.com\/hashtag\/F1?src=hash&amp;ref_src=twsrc%5Etfw\">#F1<\/a> <a href=\"https:\/\/t.co\/yHQszKxGpg\">pic.twitter.com\/yHQszKxGpg<\/a><\/p>&mdash; Formula 1 (@F1) <a href=\"https:\/\/twitter.com\/F1\/status\/1530925412360003584?ref_src=twsrc%5Etfw\">May 29, 2022<\/a><\/blockquote><script async src=\"https:\/\/platform.twitter.com\/widgets.js\" charset=\"utf-8\"><\/script>\n<\/div><\/figure>\n","protected":false},"excerpt":{"rendered":"<p>Il Gran Premio di Monaco 2022 non ha mancato di dare spettacolo, tra pioggia battente, bandiere rosse e una vittoria [&hellip;]<\/p>\n","protected":false},"author":24,"featured_media":124015,"comment_status":"closed","ping_status":"closed","sticky":false,"template":"","format":"standard","meta":{"_acf_changed":false,"footnotes":""},"categories":[1826,1738,1743],"tags":[],"post_sectags":[],"post_format":[2486],"class_list":["post-124159","post","type-post","status-publish","format-standard","has-post-thumbnail","hentry","category-la-nostra-scelta","category-notizie","category-sport-it","format-servizio"],"acf":[],"yoast_head":"<!-- This site is optimized with the Yoast SEO Premium plugin v26.8 (Yoast SEO v27.4) - https:\/\/yoast.com\/product\/yoast-seo-premium-wordpress\/ -->\n<title>I momenti salienti della 79\u00aa edizione del Gran Premio di Monaco di Formula 1?<\/title>\n<meta name=\"description\" content=\"Il Gran Premio di Monaco 2022 non ha mancato di dare spettacolo, tra pioggia battente, bandiere rosse e una vittoria storica. Ecco i momenti salienti\" \/>\n<meta name=\"robots\" content=\"index, follow, max-snippet:-1, max-image-preview:large, max-video-preview:-1\" \/>\n<link rel=\"canonical\" href=\"https:\/\/www.monaco-tribune.com\/it\/2022\/05\/i-momenti-salienti-della-79a-edizione-del-gran-premio-di-monaco-di-formula-1\/\" \/>\n<meta property=\"og:locale\" content=\"it_IT\" \/>\n<meta property=\"og:type\" content=\"article\" \/>\n<meta property=\"og:title\" content=\"I momenti salienti della 79\u00aa edizione del Gran Premio di Monaco di Formula 1? - Monaco Tribune\" \/>\n<meta property=\"og:description\" content=\"Il Gran Premio di Monaco 2022 non ha mancato di dare spettacolo, tra pioggia battente, bandiere rosse e una vittoria storica. Ecco i momenti salienti\" \/>\n<meta property=\"og:url\" content=\"https:\/\/www.monaco-tribune.com\/it\/2022\/05\/i-momenti-salienti-della-79a-edizione-del-gran-premio-di-monaco-di-formula-1\/\" \/>\n<meta property=\"og:site_name\" content=\"Monaco Tribune\" \/>\n<meta property=\"article:publisher\" content=\"https:\/\/www.facebook.com\/MonacoTribune\" \/>\n<meta property=\"article:published_time\" content=\"2022-05-30T14:25:43+00:00\" \/>\n<meta property=\"article:modified_time\" content=\"2022-05-30T17:03:31+00:00\" \/>\n<meta property=\"og:image\" content=\"https:\/\/www.monaco-tribune.com\/wp-content\/uploads\/2022\/05\/perez-red-bull-min.jpeg\" \/>\n\t<meta property=\"og:image:width\" content=\"1024\" \/>\n\t<meta property=\"og:image:height\" content=\"610\" \/>\n\t<meta property=\"og:image:type\" content=\"image\/jpeg\" \/>\n<meta name=\"author\" content=\"Romain Boisaubert\" \/>\n<meta name=\"twitter:card\" content=\"summary_large_image\" \/>\n<meta name=\"twitter:creator\" content=\"@MonacoTribune\" \/>\n<meta name=\"twitter:site\" content=\"@MonacoTribune\" \/>\n<script type=\"application\/ld+json\" class=\"yoast-schema-graph\">{\"@context\":\"https:\\\/\\\/schema.org\",\"@graph\":[{\"@type\":\"NewsArticle\",\"@id\":\"https:\\\/\\\/www.monaco-tribune.com\\\/it\\\/2022\\\/05\\\/i-momenti-salienti-della-79a-edizione-del-gran-premio-di-monaco-di-formula-1\\\/#article\",\"isPartOf\":{\"@id\":\"https:\\\/\\\/www.monaco-tribune.com\\\/it\\\/2022\\\/05\\\/i-momenti-salienti-della-79a-edizione-del-gran-premio-di-monaco-di-formula-1\\\/\"},\"author\":{\"name\":\"Romain Boisaubert\",\"@id\":\"https:\\\/\\\/www.monaco-tribune.com\\\/it\\\/#\\\/schema\\\/person\\\/330a3732947cf8cb41b2533a0eadd62e\"},\"headline\":\"I momenti salienti della 79\u00aa edizione del Gran Premio di Monaco di Formula 1?\",\"datePublished\":\"2022-05-30T14:25:43+00:00\",\"dateModified\":\"2022-05-30T17:03:31+00:00\",\"mainEntityOfPage\":{\"@id\":\"https:\\\/\\\/www.monaco-tribune.com\\\/it\\\/2022\\\/05\\\/i-momenti-salienti-della-79a-edizione-del-gran-premio-di-monaco-di-formula-1\\\/\"},\"wordCount\":700,\"publisher\":{\"@id\":\"https:\\\/\\\/www.monaco-tribune.com\\\/it\\\/#organization\"},\"image\":{\"@id\":\"https:\\\/\\\/www.monaco-tribune.com\\\/it\\\/2022\\\/05\\\/i-momenti-salienti-della-79a-edizione-del-gran-premio-di-monaco-di-formula-1\\\/#primaryimage\"},\"thumbnailUrl\":\"https:\\\/\\\/www.monaco-tribune.com\\\/wp-content\\\/uploads\\\/2022\\\/05\\\/perez-red-bull-min.jpeg\",\"articleSection\":[\"La nostra scelta\",\"Notizie\",\"Sport\"],\"inLanguage\":\"it-IT\",\"copyrightYear\":\"2022\",\"copyrightHolder\":{\"@id\":\"https:\\\/\\\/www.monaco-tribune.com\\\/#organization\"}},{\"@type\":\"WebPage\",\"@id\":\"https:\\\/\\\/www.monaco-tribune.com\\\/it\\\/2022\\\/05\\\/i-momenti-salienti-della-79a-edizione-del-gran-premio-di-monaco-di-formula-1\\\/\",\"url\":\"https:\\\/\\\/www.monaco-tribune.com\\\/it\\\/2022\\\/05\\\/i-momenti-salienti-della-79a-edizione-del-gran-premio-di-monaco-di-formula-1\\\/\",\"name\":\"I momenti salienti della 79\u00aa edizione del Gran Premio di Monaco di Formula 1?\",\"isPartOf\":{\"@id\":\"https:\\\/\\\/www.monaco-tribune.com\\\/it\\\/#website\"},\"primaryImageOfPage\":{\"@id\":\"https:\\\/\\\/www.monaco-tribune.com\\\/it\\\/2022\\\/05\\\/i-momenti-salienti-della-79a-edizione-del-gran-premio-di-monaco-di-formula-1\\\/#primaryimage\"},\"image\":{\"@id\":\"https:\\\/\\\/www.monaco-tribune.com\\\/it\\\/2022\\\/05\\\/i-momenti-salienti-della-79a-edizione-del-gran-premio-di-monaco-di-formula-1\\\/#primaryimage\"},\"thumbnailUrl\":\"https:\\\/\\\/www.monaco-tribune.com\\\/wp-content\\\/uploads\\\/2022\\\/05\\\/perez-red-bull-min.jpeg\",\"datePublished\":\"2022-05-30T14:25:43+00:00\",\"dateModified\":\"2022-05-30T17:03:31+00:00\",\"description\":\"Il Gran Premio di Monaco 2022 non ha mancato di dare spettacolo, tra pioggia battente, bandiere rosse e una vittoria storica. Ecco i momenti salienti\",\"breadcrumb\":{\"@id\":\"https:\\\/\\\/www.monaco-tribune.com\\\/it\\\/2022\\\/05\\\/i-momenti-salienti-della-79a-edizione-del-gran-premio-di-monaco-di-formula-1\\\/#breadcrumb\"},\"inLanguage\":\"it-IT\",\"potentialAction\":[{\"@type\":\"ReadAction\",\"target\":[\"https:\\\/\\\/www.monaco-tribune.com\\\/it\\\/2022\\\/05\\\/i-momenti-salienti-della-79a-edizione-del-gran-premio-di-monaco-di-formula-1\\\/\"]}]},{\"@type\":\"ImageObject\",\"inLanguage\":\"it-IT\",\"@id\":\"https:\\\/\\\/www.monaco-tribune.com\\\/it\\\/2022\\\/05\\\/i-momenti-salienti-della-79a-edizione-del-gran-premio-di-monaco-di-formula-1\\\/#primaryimage\",\"url\":\"https:\\\/\\\/www.monaco-tribune.com\\\/wp-content\\\/uploads\\\/2022\\\/05\\\/perez-red-bull-min.jpeg\",\"contentUrl\":\"https:\\\/\\\/www.monaco-tribune.com\\\/wp-content\\\/uploads\\\/2022\\\/05\\\/perez-red-bull-min.jpeg\",\"width\":1024,\"height\":610,\"caption\":\"Red Bull\"},{\"@type\":\"BreadcrumbList\",\"@id\":\"https:\\\/\\\/www.monaco-tribune.com\\\/it\\\/2022\\\/05\\\/i-momenti-salienti-della-79a-edizione-del-gran-premio-di-monaco-di-formula-1\\\/#breadcrumb\",\"itemListElement\":[{\"@type\":\"ListItem\",\"position\":1,\"name\":\"Accueil\",\"item\":\"https:\\\/\\\/www.monaco-tribune.com\\\/it\\\/\"},{\"@type\":\"ListItem\",\"position\":2,\"name\":\"I momenti salienti della 79\u00aa edizione del Gran Premio di Monaco di Formula 1?\"}]},{\"@type\":\"WebSite\",\"@id\":\"https:\\\/\\\/www.monaco-tribune.com\\\/it\\\/#website\",\"url\":\"https:\\\/\\\/www.monaco-tribune.com\\\/it\\\/\",\"name\":\"Monaco Tribune\",\"description\":\"Monaco : actualit\u00e9s \u00e9conomiques, politiques, culturelles et sportives de Monaco et de la French Riviera.\",\"publisher\":{\"@id\":\"https:\\\/\\\/www.monaco-tribune.com\\\/it\\\/#organization\"},\"potentialAction\":[{\"@type\":\"SearchAction\",\"target\":{\"@type\":\"EntryPoint\",\"urlTemplate\":\"https:\\\/\\\/www.monaco-tribune.com\\\/it\\\/?s={search_term_string}\"},\"query-input\":{\"@type\":\"PropertyValueSpecification\",\"valueRequired\":true,\"valueName\":\"search_term_string\"}}],\"inLanguage\":\"it-IT\"},{\"@type\":\"Organization\",\"@id\":\"https:\\\/\\\/www.monaco-tribune.com\\\/it\\\/#organization\",\"name\":\"Monaco Tribune\",\"url\":\"https:\\\/\\\/www.monaco-tribune.com\\\/it\\\/\",\"logo\":{\"@type\":\"ImageObject\",\"inLanguage\":\"it-IT\",\"@id\":\"https:\\\/\\\/www.monaco-tribune.com\\\/it\\\/#\\\/schema\\\/logo\\\/image\\\/\",\"url\":\"https:\\\/\\\/www.monaco-tribune.com\\\/wp-content\\\/uploads\\\/2022\\\/11\\\/logo-monaco-tribune.png\",\"contentUrl\":\"https:\\\/\\\/www.monaco-tribune.com\\\/wp-content\\\/uploads\\\/2022\\\/11\\\/logo-monaco-tribune.png\",\"width\":1548,\"height\":600,\"caption\":\"Monaco Tribune\"},\"image\":{\"@id\":\"https:\\\/\\\/www.monaco-tribune.com\\\/it\\\/#\\\/schema\\\/logo\\\/image\\\/\"},\"sameAs\":[\"https:\\\/\\\/www.facebook.com\\\/MonacoTribune\",\"https:\\\/\\\/x.com\\\/MonacoTribune\",\"https:\\\/\\\/www.instagram.com\\\/monacotribune\\\/\",\"https:\\\/\\\/www.linkedin.com\\\/company\\\/monaco-tribune\",\"https:\\\/\\\/www.youtube.com\\\/channel\\\/UCHle1MnG6hw1y4lWKijVbMA\"]},{\"@type\":\"Person\",\"@id\":\"https:\\\/\\\/www.monaco-tribune.com\\\/it\\\/#\\\/schema\\\/person\\\/330a3732947cf8cb41b2533a0eadd62e\",\"name\":\"Romain Boisaubert\",\"image\":{\"@type\":\"ImageObject\",\"inLanguage\":\"it-IT\",\"@id\":\"https:\\\/\\\/secure.gravatar.com\\\/avatar\\\/f8b90d41f1eabd1cbe4cf59e09d8db41a697d51919bf2dfe727589a24a4a4d54?s=96&d=mm&r=g\",\"url\":\"https:\\\/\\\/secure.gravatar.com\\\/avatar\\\/f8b90d41f1eabd1cbe4cf59e09d8db41a697d51919bf2dfe727589a24a4a4d54?s=96&d=mm&r=g\",\"contentUrl\":\"https:\\\/\\\/secure.gravatar.com\\\/avatar\\\/f8b90d41f1eabd1cbe4cf59e09d8db41a697d51919bf2dfe727589a24a4a4d54?s=96&d=mm&r=g\",\"caption\":\"Romain Boisaubert\"},\"description\":\"Test bio\",\"url\":\"https:\\\/\\\/www.monaco-tribune.com\\\/it\\\/author\\\/romain-boisaubert\\\/\"}]}<\/script>\n<!-- \/ Yoast SEO Premium plugin. -->","yoast_head_json":{"title":"I momenti salienti della 79\u00aa edizione del Gran Premio di Monaco di Formula 1?","description":"Il Gran Premio di Monaco 2022 non ha mancato di dare spettacolo, tra pioggia battente, bandiere rosse e una vittoria storica. Ecco i momenti salienti","robots":{"index":"index","follow":"follow","max-snippet":"max-snippet:-1","max-image-preview":"max-image-preview:large","max-video-preview":"max-video-preview:-1"},"canonical":"https:\/\/www.monaco-tribune.com\/it\/2022\/05\/i-momenti-salienti-della-79a-edizione-del-gran-premio-di-monaco-di-formula-1\/","og_locale":"it_IT","og_type":"article","og_title":"I momenti salienti della 79\u00aa edizione del Gran Premio di Monaco di Formula 1? - Monaco Tribune","og_description":"Il Gran Premio di Monaco 2022 non ha mancato di dare spettacolo, tra pioggia battente, bandiere rosse e una vittoria storica. Ecco i momenti salienti","og_url":"https:\/\/www.monaco-tribune.com\/it\/2022\/05\/i-momenti-salienti-della-79a-edizione-del-gran-premio-di-monaco-di-formula-1\/","og_site_name":"Monaco Tribune","article_publisher":"https:\/\/www.facebook.com\/MonacoTribune","article_published_time":"2022-05-30T14:25:43+00:00","article_modified_time":"2022-05-30T17:03:31+00:00","og_image":[{"width":1024,"height":610,"url":"https:\/\/www.monaco-tribune.com\/wp-content\/uploads\/2022\/05\/perez-red-bull-min.jpeg","type":"image\/jpeg"}],"author":"Romain Boisaubert","twitter_card":"summary_large_image","twitter_creator":"@MonacoTribune","twitter_site":"@MonacoTribune","schema":{"@context":"https:\/\/schema.org","@graph":[{"@type":"NewsArticle","@id":"https:\/\/www.monaco-tribune.com\/it\/2022\/05\/i-momenti-salienti-della-79a-edizione-del-gran-premio-di-monaco-di-formula-1\/#article","isPartOf":{"@id":"https:\/\/www.monaco-tribune.com\/it\/2022\/05\/i-momenti-salienti-della-79a-edizione-del-gran-premio-di-monaco-di-formula-1\/"},"author":{"name":"Romain Boisaubert","@id":"https:\/\/www.monaco-tribune.com\/it\/#\/schema\/person\/330a3732947cf8cb41b2533a0eadd62e"},"headline":"I momenti salienti della 79\u00aa edizione del Gran Premio di Monaco di Formula 1?","datePublished":"2022-05-30T14:25:43+00:00","dateModified":"2022-05-30T17:03:31+00:00","mainEntityOfPage":{"@id":"https:\/\/www.monaco-tribune.com\/it\/2022\/05\/i-momenti-salienti-della-79a-edizione-del-gran-premio-di-monaco-di-formula-1\/"},"wordCount":700,"publisher":{"@id":"https:\/\/www.monaco-tribune.com\/it\/#organization"},"image":{"@id":"https:\/\/www.monaco-tribune.com\/it\/2022\/05\/i-momenti-salienti-della-79a-edizione-del-gran-premio-di-monaco-di-formula-1\/#primaryimage"},"thumbnailUrl":"https:\/\/www.monaco-tribune.com\/wp-content\/uploads\/2022\/05\/perez-red-bull-min.jpeg","articleSection":["La nostra scelta","Notizie","Sport"],"inLanguage":"it-IT","copyrightYear":"2022","copyrightHolder":{"@id":"https:\/\/www.monaco-tribune.com\/#organization"}},{"@type":"WebPage","@id":"https:\/\/www.monaco-tribune.com\/it\/2022\/05\/i-momenti-salienti-della-79a-edizione-del-gran-premio-di-monaco-di-formula-1\/","url":"https:\/\/www.monaco-tribune.com\/it\/2022\/05\/i-momenti-salienti-della-79a-edizione-del-gran-premio-di-monaco-di-formula-1\/","name":"I momenti salienti della 79\u00aa edizione del Gran Premio di Monaco di Formula 1?","isPartOf":{"@id":"https:\/\/www.monaco-tribune.com\/it\/#website"},"primaryImageOfPage":{"@id":"https:\/\/www.monaco-tribune.com\/it\/2022\/05\/i-momenti-salienti-della-79a-edizione-del-gran-premio-di-monaco-di-formula-1\/#primaryimage"},"image":{"@id":"https:\/\/www.monaco-tribune.com\/it\/2022\/05\/i-momenti-salienti-della-79a-edizione-del-gran-premio-di-monaco-di-formula-1\/#primaryimage"},"thumbnailUrl":"https:\/\/www.monaco-tribune.com\/wp-content\/uploads\/2022\/05\/perez-red-bull-min.jpeg","datePublished":"2022-05-30T14:25:43+00:00","dateModified":"2022-05-30T17:03:31+00:00","description":"Il Gran Premio di Monaco 2022 non ha mancato di dare spettacolo, tra pioggia battente, bandiere rosse e una vittoria storica. Ecco i momenti salienti","breadcrumb":{"@id":"https:\/\/www.monaco-tribune.com\/it\/2022\/05\/i-momenti-salienti-della-79a-edizione-del-gran-premio-di-monaco-di-formula-1\/#breadcrumb"},"inLanguage":"it-IT","potentialAction":[{"@type":"ReadAction","target":["https:\/\/www.monaco-tribune.com\/it\/2022\/05\/i-momenti-salienti-della-79a-edizione-del-gran-premio-di-monaco-di-formula-1\/"]}]},{"@type":"ImageObject","inLanguage":"it-IT","@id":"https:\/\/www.monaco-tribune.com\/it\/2022\/05\/i-momenti-salienti-della-79a-edizione-del-gran-premio-di-monaco-di-formula-1\/#primaryimage","url":"https:\/\/www.monaco-tribune.com\/wp-content\/uploads\/2022\/05\/perez-red-bull-min.jpeg","contentUrl":"https:\/\/www.monaco-tribune.com\/wp-content\/uploads\/2022\/05\/perez-red-bull-min.jpeg","width":1024,"height":610,"caption":"Red Bull"},{"@type":"BreadcrumbList","@id":"https:\/\/www.monaco-tribune.com\/it\/2022\/05\/i-momenti-salienti-della-79a-edizione-del-gran-premio-di-monaco-di-formula-1\/#breadcrumb","itemListElement":[{"@type":"ListItem","position":1,"name":"Accueil","item":"https:\/\/www.monaco-tribune.com\/it\/"},{"@type":"ListItem","position":2,"name":"I momenti salienti della 79\u00aa edizione del Gran Premio di Monaco di Formula 1?"}]},{"@type":"WebSite","@id":"https:\/\/www.monaco-tribune.com\/it\/#website","url":"https:\/\/www.monaco-tribune.com\/it\/","name":"Monaco Tribune","description":"Monaco : actualit\u00e9s \u00e9conomiques, politiques, culturelles et sportives de Monaco et de la French Riviera.","publisher":{"@id":"https:\/\/www.monaco-tribune.com\/it\/#organization"},"potentialAction":[{"@type":"SearchAction","target":{"@type":"EntryPoint","urlTemplate":"https:\/\/www.monaco-tribune.com\/it\/?s={search_term_string}"},"query-input":{"@type":"PropertyValueSpecification","valueRequired":true,"valueName":"search_term_string"}}],"inLanguage":"it-IT"},{"@type":"Organization","@id":"https:\/\/www.monaco-tribune.com\/it\/#organization","name":"Monaco Tribune","url":"https:\/\/www.monaco-tribune.com\/it\/","logo":{"@type":"ImageObject","inLanguage":"it-IT","@id":"https:\/\/www.monaco-tribune.com\/it\/#\/schema\/logo\/image\/","url":"https:\/\/www.monaco-tribune.com\/wp-content\/uploads\/2022\/11\/logo-monaco-tribune.png","contentUrl":"https:\/\/www.monaco-tribune.com\/wp-content\/uploads\/2022\/11\/logo-monaco-tribune.png","width":1548,"height":600,"caption":"Monaco Tribune"},"image":{"@id":"https:\/\/www.monaco-tribune.com\/it\/#\/schema\/logo\/image\/"},"sameAs":["https:\/\/www.facebook.com\/MonacoTribune","https:\/\/x.com\/MonacoTribune","https:\/\/www.instagram.com\/monacotribune\/","https:\/\/www.linkedin.com\/company\/monaco-tribune","https:\/\/www.youtube.com\/channel\/UCHle1MnG6hw1y4lWKijVbMA"]},{"@type":"Person","@id":"https:\/\/www.monaco-tribune.com\/it\/#\/schema\/person\/330a3732947cf8cb41b2533a0eadd62e","name":"Romain Boisaubert","image":{"@type":"ImageObject","inLanguage":"it-IT","@id":"https:\/\/secure.gravatar.com\/avatar\/f8b90d41f1eabd1cbe4cf59e09d8db41a697d51919bf2dfe727589a24a4a4d54?s=96&d=mm&r=g","url":"https:\/\/secure.gravatar.com\/avatar\/f8b90d41f1eabd1cbe4cf59e09d8db41a697d51919bf2dfe727589a24a4a4d54?s=96&d=mm&r=g","contentUrl":"https:\/\/secure.gravatar.com\/avatar\/f8b90d41f1eabd1cbe4cf59e09d8db41a697d51919bf2dfe727589a24a4a4d54?s=96&d=mm&r=g","caption":"Romain Boisaubert"},"description":"Test bio","url":"https:\/\/www.monaco-tribune.com\/it\/author\/romain-boisaubert\/"}]}},"_links":{"self":[{"href":"https:\/\/www.monaco-tribune.com\/it\/wp-json\/wp\/v2\/posts\/124159","targetHints":{"allow":["GET"]}}],"collection":[{"href":"https:\/\/www.monaco-tribune.com\/it\/wp-json\/wp\/v2\/posts"}],"about":[{"href":"https:\/\/www.monaco-tribune.com\/it\/wp-json\/wp\/v2\/types\/post"}],"author":[{"embeddable":true,"href":"https:\/\/www.monaco-tribune.com\/it\/wp-json\/wp\/v2\/users\/24"}],"replies":[{"embeddable":true,"href":"https:\/\/www.monaco-tribune.com\/it\/wp-json\/wp\/v2\/comments?post=124159"}],"version-history":[{"count":0,"href":"https:\/\/www.monaco-tribune.com\/it\/wp-json\/wp\/v2\/posts\/124159\/revisions"}],"wp:featuredmedia":[{"embeddable":true,"href":"https:\/\/www.monaco-tribune.com\/it\/wp-json\/wp\/v2\/media\/124015"}],"wp:attachment":[{"href":"https:\/\/www.monaco-tribune.com\/it\/wp-json\/wp\/v2\/media?parent=124159"}],"wp:term":[{"taxonomy":"category","embeddable":true,"href":"https:\/\/www.monaco-tribune.com\/it\/wp-json\/wp\/v2\/categories?post=124159"},{"taxonomy":"post_tag","embeddable":true,"href":"https:\/\/www.monaco-tribune.com\/it\/wp-json\/wp\/v2\/tags?post=124159"},{"taxonomy":"sectag","embeddable":true,"href":"https:\/\/www.monaco-tribune.com\/it\/wp-json\/wp\/v2\/post_sectags?post=124159"},{"taxonomy":"format","embeddable":true,"href":"https:\/\/www.monaco-tribune.com\/it\/wp-json\/wp\/v2\/post_format?post=124159"}],"curies":[{"name":"wp","href":"https:\/\/api.w.org\/{rel}","templated":true}]}}