{"id":124478,"date":"2022-05-31T18:13:47","date_gmt":"2022-05-31T16:13:47","guid":{"rendered":"https:\/\/www.monaco-tribune.com\/2022\/05\/il-recupero-eccezionale-e-i-progetti-ambiziosi-della-sbm-nel-2022\/"},"modified":"2022-06-01T09:31:30","modified_gmt":"2022-06-01T07:31:30","slug":"il-recupero-eccezionale-e-i-progetti-ambiziosi-della-sbm-nel-2022","status":"publish","type":"post","link":"https:\/\/www.monaco-tribune.com\/it\/2022\/05\/il-recupero-eccezionale-e-i-progetti-ambiziosi-della-sbm-nel-2022\/","title":{"rendered":"Il recupero eccezionale e i progetti ambiziosi della SBM nel 2022"},"content":{"rendered":"\n<p><strong>Nonostante le difficolt\u00e0 legate al Covid, la Soci\u00e9t\u00e9 des Bains de Mer (SBM) sta dando buoni risultati e ha molti progetti in serbo.<\/strong><\/p>\n\n<p>Finalmente si torna a respirare. Dopo due anni segnati dalla crisi sanitaria, la SBM ha appena presentato i risultati per l&#8217;anno finanziario 2021-2022: il fatturato \u00e8 cresciuto di oltre il 50%, passando da 337 a 530 milioni di euro.<\/p>\n\n<p>\u201cI numeri sono abbastanza buoni, date le circostanze. Il primo trimestre, da aprile a giugno 2021, abbiamo sofferto molto. Ma da quel momento \u00e8 andata ben oltre le nostre aspettative&#8221;, commenta Jean-Luc Biamonti, Presidente della SBM. &#8220;Anche la bassa stagione, che \u00e8 sempre un po&#8217; difficile, \u00e8 stata soddisfacente&#8221;.<\/p>\n\n<div class=\"wp-block-image\"><figure class=\"aligncenter size-full\"><img loading=\"lazy\" decoding=\"async\" width=\"1020\" height=\"680\" src=\"https:\/\/www.monaco-tribune.com\/wp-content\/uploads\/2022\/05\/jean-luc-biamonti.jpg\" alt=\"jean-luc-biamonti\" class=\"wp-image-124461\" srcset=\"https:\/\/www.monaco-tribune.com\/wp-content\/uploads\/2022\/05\/jean-luc-biamonti.jpg 1020w, https:\/\/www.monaco-tribune.com\/wp-content\/uploads\/2022\/05\/jean-luc-biamonti-450x300.jpg 450w\" sizes=\"auto, (max-width: 1020px) 100vw, 1020px\" \/><figcaption><em>\u00a9 Monte-Carlo SBM<\/em><\/figcaption><\/figure><\/div>\n\n<p>E anche se il fatturato \u00e8 ancora in calo del 14% rispetto all&#8217;anno 2019-2020, il gruppo ha registrato un aumento degli utili rispetto al 2019 e, ovviamente, rispetto al 2020.<\/p>\n\n<blockquote class=\"wp-block-quote is-layout-flow wp-block-quote-is-layout-flow\"><p><em>Non l&#8217;avevo mai visto in vita mia!<\/em><\/p><\/blockquote>\n\n<h2 class=\"wp-block-heading\" id=\"h-les-clients-reviennent-en-nombre\">I clienti tornano numerosi<\/h2>\n\n<p>Nonostante questi risultati incoraggianti, la SBM dovr\u00e0 comunque adeguarsi per far fronte a un nuovo problema nato con la crisi sanitaria: la grande carenza di lavoratori stagionali. <a href=\"https:\/\/www.monaco-tribune.com\/it\/2022\/02\/diventare-lavoratore-stagionale-a-monaco-la-nostra-guida-pratica\/\">Le giornate di assunzioni organizzate quest&#8217;anno dal gruppo<\/a> non hanno dato i risultati sperati: &#8220;non troviamo nessuno, abbiamo parecchie difficolt\u00e0, ma hanno tutti lo stesso problema in Francia e in Europa\u2026 Sono problematiche importanti che ci costringeranno sicuramente a modificare l&#8217;offerta nel settore della ristorazione. (\u2026) Il personale fisso non manca, abbiamo difficolt\u00e0 a trovare i lavoratori stagionali. Ci mancano una quarantina di persone\u201d, spiega Jean-Luc Biamonti.<\/p>\n\n<p><strong>LEGGI ANCHE<\/strong>: <a href=\"https:\/\/www.monaco-tribune.com\/it\/2022\/05\/i-ristoratori-monegaschi-alle-prese-con-la-carenza-di-manodopera\/\">I ristoratori monegaschi alle prese con la carenza di manodopera<\/a><\/p>\n\n<p>Un problema non di poco conto visto che la clientela \u00e8 tornata numerosa! Lo dimostra il Gran Premio di quest\u2019anno, definito dal presidente della SBM come qualcosa di fuori dal comune: \u201cc&#8217;era tantissima gente negli hotel e nei casin\u00f2, non avevo mai visto una cosa simile, abbiamo registrato degli ottimi incassi! (\u2026) Stiamo assistendo a un fenomeno di recupero: le persone si sono ritrovate frustrate per mesi e mesi a dover stare a casa, a non poter spendere o festeggiare. Venerd\u00ec sera, al Jimmy&#8217;z , non potevamo muoverci! Non intendo ballare, proprio non si capiva se potevi mettere il piede a destra o a sinistra, era strapieno\u2026 Non l&#8217;avevo mai visto in vita mia!&#8221;<\/p>\n\n<h2 class=\"wp-block-heading\" id=\"h-les-projets-se-multiplient\">I progetti si moltiplicano<\/h2>\n\n<p>La prossima estate potrebbe essere in programma una ristrutturazione completa del Jimmy&#8217;z: \u201cNon rivedremo il concept del Jimmy&#8217;z, ma una discoteca che apre a mezzanotte oggi non \u00e8 pi\u00f9 concepibile. Stiamo pensando a un&#8217;offerta di ristorazione pre-discoteca. Sar\u00e0 un luogo di vita con ristorante, intrattenimento\u2026\u201d<\/p>\n\n<p>Questo progetto non \u00e8 l&#8217;unico in serbo, anzi. La SBM sembra moltiplicare le idee per reinventarsi. A cominciare dalla riapertura del Caf\u00e9 de Paris, in programma per giugno 2023, che prevede anche l&#8217;apertura del ristorante Amazonico, un concept brasiliano che occuper\u00e0 l&#8217;ultimo piano del Caf\u00e9. &#8220;Sar\u00e0 fantastico, ci sar\u00e0 pi\u00f9 spazio qui che negli altri Amazonico&#8221;, afferma soddisfatto Jean-Luc Biamonti. Le boutique di lusso, invece, dovrebbero aprire i battenti entro la fine del 2022.<\/p>\n\n<p><strong>LEGGI ANCHE<\/strong>: <a href=\"https:\/\/www.monaco-tribune.com\/it\/2022\/03\/immagini-il-leggendario-cafe-de-paris-monte-carlo-cambia-volto\/\">IMMAGINI. Il leggendario Caf\u00e9 de Paris Monte-Carlo cambia volto!<\/a><\/p>\n\n<p>La riapertura completa dell&#8217;edificio dovrebbe coincidere anche con quella del Moods. O almeno cos\u00ec ha dichiarato il presidente della SBM, che aggiunge che il locale sar\u00e0 reinventato, o meglio che sar\u00e0 oggetto di un progetto ancora pi\u00f9 ambizioso.<\/p>\n\n<p>In programma anche un nuovo ristorante al Monte-Carlo Beach e la ristrutturazione delle camere del Monte-Carlo Bay e dell&#8217;H\u00f4tel Hermitage. Anche il Casino de Monte-Carlo \u00e8 attualmente in fase di ristrutturazione.<\/p>\n\n<p>Infine, il patio dell&#8217;H\u00f4tel de Paris dovrebbe essere presto ridisegnato, per offrire intrattenimento al posto della gioielleria Graff.<\/p>\n\n<p>Tutti questi progetti si aggiungono alle due grandi aperture di locali firmate SBM a inizio anno: <a href=\"https:\/\/www.monaco-tribune.com\/it\/2022\/04\/provato-per-voi-em-sherif-un-viaggio-culinario-alla-scoperta-del-libano\/\">il ristorante libanese, Em Sh\u00e9rif<\/a>, e <a href=\"https:\/\/www.monaco-tribune.com\/it\/2022\/04\/provato-per-voi-pavyllon-il-nuovo-ristorante-di-monaco-firmato-yannick-alleno\/\">Pavyllon, il nuovo locale di Yannick All\u00e9no<\/a>.<\/p>\n\n<p>\u201cL&#8217;anno del covid \u00e8 stato molto difficile&#8221;, conclude Jean-Luc Biamonti. \u201cAbbiamo perso molto denaro, abbiamo dovuto prendere una serie di decisioni difficili, ma che hanno dato i loro frutti e hanno permesso alla Soci\u00e9t\u00e9 des Bains de Mer di guardare al futuro con ottimismo&#8221;.<\/p>\n","protected":false},"excerpt":{"rendered":"<p>Nonostante le difficolt\u00e0 legate al Covid, la Soci\u00e9t\u00e9 des Bains de Mer (SBM) sta dando buoni risultati e ha molti [&hellip;]<\/p>\n","protected":false},"author":60,"featured_media":124465,"comment_status":"closed","ping_status":"closed","sticky":false,"template":"","format":"standard","meta":{"_acf_changed":false,"footnotes":""},"categories":[1739,1826,1738],"tags":[2885],"post_sectags":[],"post_format":[2486],"class_list":["post-124478","post","type-post","status-publish","format-standard","has-post-thumbnail","hentry","category-business-it","category-la-nostra-scelta","category-notizie","tag-monte-carlo-sbm-it","format-servizio"],"acf":[],"yoast_head":"<!-- This site is optimized with the Yoast SEO Premium plugin v26.8 (Yoast SEO v27.4) - https:\/\/yoast.com\/product\/yoast-seo-premium-wordpress\/ -->\n<title>Il recupero eccezionale e i progetti ambiziosi della SBM nel 2022<\/title>\n<meta name=\"description\" content=\"Nonostante le difficolt\u00e0 legate al Covid, la Soci\u00e9t\u00e9 des Bains de Mer (SBM) sta dando buoni risultati e ha molti progetti in serbo. Finalmente si torna a\" \/>\n<meta name=\"robots\" content=\"index, follow, max-snippet:-1, max-image-preview:large, max-video-preview:-1\" \/>\n<link rel=\"canonical\" href=\"https:\/\/www.monaco-tribune.com\/it\/2022\/05\/il-recupero-eccezionale-e-i-progetti-ambiziosi-della-sbm-nel-2022\/\" \/>\n<meta property=\"og:locale\" content=\"it_IT\" \/>\n<meta property=\"og:type\" content=\"article\" \/>\n<meta property=\"og:title\" content=\"Il recupero eccezionale e i progetti ambiziosi della SBM nel 2022 - Monaco Tribune\" \/>\n<meta property=\"og:description\" content=\"Nonostante le difficolt\u00e0 legate al Covid, la Soci\u00e9t\u00e9 des Bains de Mer (SBM) sta dando buoni risultati e ha molti progetti in serbo. Finalmente si torna a\" \/>\n<meta property=\"og:url\" content=\"https:\/\/www.monaco-tribune.com\/it\/2022\/05\/il-recupero-eccezionale-e-i-progetti-ambiziosi-della-sbm-nel-2022\/\" \/>\n<meta property=\"og:site_name\" content=\"Monaco Tribune\" \/>\n<meta property=\"article:publisher\" content=\"https:\/\/www.facebook.com\/MonacoTribune\" \/>\n<meta property=\"article:published_time\" content=\"2022-05-31T16:13:47+00:00\" \/>\n<meta property=\"article:modified_time\" content=\"2022-06-01T07:31:30+00:00\" \/>\n<meta property=\"og:image\" content=\"https:\/\/www.monaco-tribune.com\/wp-content\/uploads\/2022\/05\/monte-carlo-sbm-place-du-casino.jpeg\" \/>\n\t<meta property=\"og:image:width\" content=\"1020\" \/>\n\t<meta property=\"og:image:height\" content=\"615\" \/>\n\t<meta property=\"og:image:type\" content=\"image\/jpeg\" \/>\n<meta name=\"author\" content=\"Camille Esteve\" \/>\n<meta name=\"twitter:card\" content=\"summary_large_image\" \/>\n<meta name=\"twitter:creator\" content=\"@MonacoTribune\" \/>\n<meta name=\"twitter:site\" content=\"@MonacoTribune\" \/>\n<script type=\"application\/ld+json\" class=\"yoast-schema-graph\">{\"@context\":\"https:\\\/\\\/schema.org\",\"@graph\":[{\"@type\":\"NewsArticle\",\"@id\":\"https:\\\/\\\/www.monaco-tribune.com\\\/it\\\/2022\\\/05\\\/il-recupero-eccezionale-e-i-progetti-ambiziosi-della-sbm-nel-2022\\\/#article\",\"isPartOf\":{\"@id\":\"https:\\\/\\\/www.monaco-tribune.com\\\/it\\\/2022\\\/05\\\/il-recupero-eccezionale-e-i-progetti-ambiziosi-della-sbm-nel-2022\\\/\"},\"author\":{\"name\":\"Camille Esteve\",\"@id\":\"https:\\\/\\\/www.monaco-tribune.com\\\/it\\\/#\\\/schema\\\/person\\\/a855d420fff4d03637641d60b93ac62e\"},\"headline\":\"Il recupero eccezionale e i progetti ambiziosi della SBM nel 2022\",\"datePublished\":\"2022-05-31T16:13:47+00:00\",\"dateModified\":\"2022-06-01T07:31:30+00:00\",\"mainEntityOfPage\":{\"@id\":\"https:\\\/\\\/www.monaco-tribune.com\\\/it\\\/2022\\\/05\\\/il-recupero-eccezionale-e-i-progetti-ambiziosi-della-sbm-nel-2022\\\/\"},\"wordCount\":681,\"publisher\":{\"@id\":\"https:\\\/\\\/www.monaco-tribune.com\\\/it\\\/#organization\"},\"image\":{\"@id\":\"https:\\\/\\\/www.monaco-tribune.com\\\/it\\\/2022\\\/05\\\/il-recupero-eccezionale-e-i-progetti-ambiziosi-della-sbm-nel-2022\\\/#primaryimage\"},\"thumbnailUrl\":\"https:\\\/\\\/www.monaco-tribune.com\\\/wp-content\\\/uploads\\\/2022\\\/05\\\/monte-carlo-sbm-place-du-casino.jpeg\",\"keywords\":[\"Monte-Carlo SBM\"],\"articleSection\":[\"Business\",\"La nostra scelta\",\"Notizie\"],\"inLanguage\":\"it-IT\",\"copyrightYear\":\"2022\",\"copyrightHolder\":{\"@id\":\"https:\\\/\\\/www.monaco-tribune.com\\\/#organization\"}},{\"@type\":\"WebPage\",\"@id\":\"https:\\\/\\\/www.monaco-tribune.com\\\/it\\\/2022\\\/05\\\/il-recupero-eccezionale-e-i-progetti-ambiziosi-della-sbm-nel-2022\\\/\",\"url\":\"https:\\\/\\\/www.monaco-tribune.com\\\/it\\\/2022\\\/05\\\/il-recupero-eccezionale-e-i-progetti-ambiziosi-della-sbm-nel-2022\\\/\",\"name\":\"Il recupero eccezionale e i progetti ambiziosi della SBM nel 2022\",\"isPartOf\":{\"@id\":\"https:\\\/\\\/www.monaco-tribune.com\\\/it\\\/#website\"},\"primaryImageOfPage\":{\"@id\":\"https:\\\/\\\/www.monaco-tribune.com\\\/it\\\/2022\\\/05\\\/il-recupero-eccezionale-e-i-progetti-ambiziosi-della-sbm-nel-2022\\\/#primaryimage\"},\"image\":{\"@id\":\"https:\\\/\\\/www.monaco-tribune.com\\\/it\\\/2022\\\/05\\\/il-recupero-eccezionale-e-i-progetti-ambiziosi-della-sbm-nel-2022\\\/#primaryimage\"},\"thumbnailUrl\":\"https:\\\/\\\/www.monaco-tribune.com\\\/wp-content\\\/uploads\\\/2022\\\/05\\\/monte-carlo-sbm-place-du-casino.jpeg\",\"datePublished\":\"2022-05-31T16:13:47+00:00\",\"dateModified\":\"2022-06-01T07:31:30+00:00\",\"description\":\"Nonostante le difficolt\u00e0 legate al Covid, la Soci\u00e9t\u00e9 des Bains de Mer (SBM) sta dando buoni risultati e ha molti progetti in serbo. Finalmente si torna a\",\"breadcrumb\":{\"@id\":\"https:\\\/\\\/www.monaco-tribune.com\\\/it\\\/2022\\\/05\\\/il-recupero-eccezionale-e-i-progetti-ambiziosi-della-sbm-nel-2022\\\/#breadcrumb\"},\"inLanguage\":\"it-IT\",\"potentialAction\":[{\"@type\":\"ReadAction\",\"target\":[\"https:\\\/\\\/www.monaco-tribune.com\\\/it\\\/2022\\\/05\\\/il-recupero-eccezionale-e-i-progetti-ambiziosi-della-sbm-nel-2022\\\/\"]}]},{\"@type\":\"ImageObject\",\"inLanguage\":\"it-IT\",\"@id\":\"https:\\\/\\\/www.monaco-tribune.com\\\/it\\\/2022\\\/05\\\/il-recupero-eccezionale-e-i-progetti-ambiziosi-della-sbm-nel-2022\\\/#primaryimage\",\"url\":\"https:\\\/\\\/www.monaco-tribune.com\\\/wp-content\\\/uploads\\\/2022\\\/05\\\/monte-carlo-sbm-place-du-casino.jpeg\",\"contentUrl\":\"https:\\\/\\\/www.monaco-tribune.com\\\/wp-content\\\/uploads\\\/2022\\\/05\\\/monte-carlo-sbm-place-du-casino.jpeg\",\"width\":1020,\"height\":615,\"caption\":\"Monte-Carlo SBM\"},{\"@type\":\"BreadcrumbList\",\"@id\":\"https:\\\/\\\/www.monaco-tribune.com\\\/it\\\/2022\\\/05\\\/il-recupero-eccezionale-e-i-progetti-ambiziosi-della-sbm-nel-2022\\\/#breadcrumb\",\"itemListElement\":[{\"@type\":\"ListItem\",\"position\":1,\"name\":\"Accueil\",\"item\":\"https:\\\/\\\/www.monaco-tribune.com\\\/it\\\/\"},{\"@type\":\"ListItem\",\"position\":2,\"name\":\"Il recupero eccezionale e i progetti ambiziosi della SBM nel 2022\"}]},{\"@type\":\"WebSite\",\"@id\":\"https:\\\/\\\/www.monaco-tribune.com\\\/it\\\/#website\",\"url\":\"https:\\\/\\\/www.monaco-tribune.com\\\/it\\\/\",\"name\":\"Monaco Tribune\",\"description\":\"Monaco : actualit\u00e9s \u00e9conomiques, politiques, culturelles et sportives de Monaco et de la French Riviera.\",\"publisher\":{\"@id\":\"https:\\\/\\\/www.monaco-tribune.com\\\/it\\\/#organization\"},\"potentialAction\":[{\"@type\":\"SearchAction\",\"target\":{\"@type\":\"EntryPoint\",\"urlTemplate\":\"https:\\\/\\\/www.monaco-tribune.com\\\/it\\\/?s={search_term_string}\"},\"query-input\":{\"@type\":\"PropertyValueSpecification\",\"valueRequired\":true,\"valueName\":\"search_term_string\"}}],\"inLanguage\":\"it-IT\"},{\"@type\":\"Organization\",\"@id\":\"https:\\\/\\\/www.monaco-tribune.com\\\/it\\\/#organization\",\"name\":\"Monaco Tribune\",\"url\":\"https:\\\/\\\/www.monaco-tribune.com\\\/it\\\/\",\"logo\":{\"@type\":\"ImageObject\",\"inLanguage\":\"it-IT\",\"@id\":\"https:\\\/\\\/www.monaco-tribune.com\\\/it\\\/#\\\/schema\\\/logo\\\/image\\\/\",\"url\":\"https:\\\/\\\/www.monaco-tribune.com\\\/wp-content\\\/uploads\\\/2022\\\/11\\\/logo-monaco-tribune.png\",\"contentUrl\":\"https:\\\/\\\/www.monaco-tribune.com\\\/wp-content\\\/uploads\\\/2022\\\/11\\\/logo-monaco-tribune.png\",\"width\":1548,\"height\":600,\"caption\":\"Monaco Tribune\"},\"image\":{\"@id\":\"https:\\\/\\\/www.monaco-tribune.com\\\/it\\\/#\\\/schema\\\/logo\\\/image\\\/\"},\"sameAs\":[\"https:\\\/\\\/www.facebook.com\\\/MonacoTribune\",\"https:\\\/\\\/x.com\\\/MonacoTribune\",\"https:\\\/\\\/www.instagram.com\\\/monacotribune\\\/\",\"https:\\\/\\\/www.linkedin.com\\\/company\\\/monaco-tribune\",\"https:\\\/\\\/www.youtube.com\\\/channel\\\/UCHle1MnG6hw1y4lWKijVbMA\"]},{\"@type\":\"Person\",\"@id\":\"https:\\\/\\\/www.monaco-tribune.com\\\/it\\\/#\\\/schema\\\/person\\\/a855d420fff4d03637641d60b93ac62e\",\"name\":\"Camille Esteve\",\"image\":{\"@type\":\"ImageObject\",\"inLanguage\":\"it-IT\",\"@id\":\"https:\\\/\\\/secure.gravatar.com\\\/avatar\\\/eaaa2355a7bb56c0018a391c20a55bf9b4690e3f493231dd850e612bfa6ce161?s=96&d=mm&r=g\",\"url\":\"https:\\\/\\\/secure.gravatar.com\\\/avatar\\\/eaaa2355a7bb56c0018a391c20a55bf9b4690e3f493231dd850e612bfa6ce161?s=96&d=mm&r=g\",\"contentUrl\":\"https:\\\/\\\/secure.gravatar.com\\\/avatar\\\/eaaa2355a7bb56c0018a391c20a55bf9b4690e3f493231dd850e612bfa6ce161?s=96&d=mm&r=g\",\"caption\":\"Camille Esteve\"},\"url\":\"https:\\\/\\\/www.monaco-tribune.com\\\/it\\\/author\\\/camilleesteve\\\/\"}]}<\/script>\n<!-- \/ Yoast SEO Premium plugin. -->","yoast_head_json":{"title":"Il recupero eccezionale e i progetti ambiziosi della SBM nel 2022","description":"Nonostante le difficolt\u00e0 legate al Covid, la Soci\u00e9t\u00e9 des Bains de Mer (SBM) sta dando buoni risultati e ha molti progetti in serbo. Finalmente si torna a","robots":{"index":"index","follow":"follow","max-snippet":"max-snippet:-1","max-image-preview":"max-image-preview:large","max-video-preview":"max-video-preview:-1"},"canonical":"https:\/\/www.monaco-tribune.com\/it\/2022\/05\/il-recupero-eccezionale-e-i-progetti-ambiziosi-della-sbm-nel-2022\/","og_locale":"it_IT","og_type":"article","og_title":"Il recupero eccezionale e i progetti ambiziosi della SBM nel 2022 - Monaco Tribune","og_description":"Nonostante le difficolt\u00e0 legate al Covid, la Soci\u00e9t\u00e9 des Bains de Mer (SBM) sta dando buoni risultati e ha molti progetti in serbo. Finalmente si torna a","og_url":"https:\/\/www.monaco-tribune.com\/it\/2022\/05\/il-recupero-eccezionale-e-i-progetti-ambiziosi-della-sbm-nel-2022\/","og_site_name":"Monaco Tribune","article_publisher":"https:\/\/www.facebook.com\/MonacoTribune","article_published_time":"2022-05-31T16:13:47+00:00","article_modified_time":"2022-06-01T07:31:30+00:00","og_image":[{"width":1020,"height":615,"url":"https:\/\/www.monaco-tribune.com\/wp-content\/uploads\/2022\/05\/monte-carlo-sbm-place-du-casino.jpeg","type":"image\/jpeg"}],"author":"Camille Esteve","twitter_card":"summary_large_image","twitter_creator":"@MonacoTribune","twitter_site":"@MonacoTribune","schema":{"@context":"https:\/\/schema.org","@graph":[{"@type":"NewsArticle","@id":"https:\/\/www.monaco-tribune.com\/it\/2022\/05\/il-recupero-eccezionale-e-i-progetti-ambiziosi-della-sbm-nel-2022\/#article","isPartOf":{"@id":"https:\/\/www.monaco-tribune.com\/it\/2022\/05\/il-recupero-eccezionale-e-i-progetti-ambiziosi-della-sbm-nel-2022\/"},"author":{"name":"Camille Esteve","@id":"https:\/\/www.monaco-tribune.com\/it\/#\/schema\/person\/a855d420fff4d03637641d60b93ac62e"},"headline":"Il recupero eccezionale e i progetti ambiziosi della SBM nel 2022","datePublished":"2022-05-31T16:13:47+00:00","dateModified":"2022-06-01T07:31:30+00:00","mainEntityOfPage":{"@id":"https:\/\/www.monaco-tribune.com\/it\/2022\/05\/il-recupero-eccezionale-e-i-progetti-ambiziosi-della-sbm-nel-2022\/"},"wordCount":681,"publisher":{"@id":"https:\/\/www.monaco-tribune.com\/it\/#organization"},"image":{"@id":"https:\/\/www.monaco-tribune.com\/it\/2022\/05\/il-recupero-eccezionale-e-i-progetti-ambiziosi-della-sbm-nel-2022\/#primaryimage"},"thumbnailUrl":"https:\/\/www.monaco-tribune.com\/wp-content\/uploads\/2022\/05\/monte-carlo-sbm-place-du-casino.jpeg","keywords":["Monte-Carlo SBM"],"articleSection":["Business","La nostra scelta","Notizie"],"inLanguage":"it-IT","copyrightYear":"2022","copyrightHolder":{"@id":"https:\/\/www.monaco-tribune.com\/#organization"}},{"@type":"WebPage","@id":"https:\/\/www.monaco-tribune.com\/it\/2022\/05\/il-recupero-eccezionale-e-i-progetti-ambiziosi-della-sbm-nel-2022\/","url":"https:\/\/www.monaco-tribune.com\/it\/2022\/05\/il-recupero-eccezionale-e-i-progetti-ambiziosi-della-sbm-nel-2022\/","name":"Il recupero eccezionale e i progetti ambiziosi della SBM nel 2022","isPartOf":{"@id":"https:\/\/www.monaco-tribune.com\/it\/#website"},"primaryImageOfPage":{"@id":"https:\/\/www.monaco-tribune.com\/it\/2022\/05\/il-recupero-eccezionale-e-i-progetti-ambiziosi-della-sbm-nel-2022\/#primaryimage"},"image":{"@id":"https:\/\/www.monaco-tribune.com\/it\/2022\/05\/il-recupero-eccezionale-e-i-progetti-ambiziosi-della-sbm-nel-2022\/#primaryimage"},"thumbnailUrl":"https:\/\/www.monaco-tribune.com\/wp-content\/uploads\/2022\/05\/monte-carlo-sbm-place-du-casino.jpeg","datePublished":"2022-05-31T16:13:47+00:00","dateModified":"2022-06-01T07:31:30+00:00","description":"Nonostante le difficolt\u00e0 legate al Covid, la Soci\u00e9t\u00e9 des Bains de Mer (SBM) sta dando buoni risultati e ha molti progetti in serbo. Finalmente si torna a","breadcrumb":{"@id":"https:\/\/www.monaco-tribune.com\/it\/2022\/05\/il-recupero-eccezionale-e-i-progetti-ambiziosi-della-sbm-nel-2022\/#breadcrumb"},"inLanguage":"it-IT","potentialAction":[{"@type":"ReadAction","target":["https:\/\/www.monaco-tribune.com\/it\/2022\/05\/il-recupero-eccezionale-e-i-progetti-ambiziosi-della-sbm-nel-2022\/"]}]},{"@type":"ImageObject","inLanguage":"it-IT","@id":"https:\/\/www.monaco-tribune.com\/it\/2022\/05\/il-recupero-eccezionale-e-i-progetti-ambiziosi-della-sbm-nel-2022\/#primaryimage","url":"https:\/\/www.monaco-tribune.com\/wp-content\/uploads\/2022\/05\/monte-carlo-sbm-place-du-casino.jpeg","contentUrl":"https:\/\/www.monaco-tribune.com\/wp-content\/uploads\/2022\/05\/monte-carlo-sbm-place-du-casino.jpeg","width":1020,"height":615,"caption":"Monte-Carlo SBM"},{"@type":"BreadcrumbList","@id":"https:\/\/www.monaco-tribune.com\/it\/2022\/05\/il-recupero-eccezionale-e-i-progetti-ambiziosi-della-sbm-nel-2022\/#breadcrumb","itemListElement":[{"@type":"ListItem","position":1,"name":"Accueil","item":"https:\/\/www.monaco-tribune.com\/it\/"},{"@type":"ListItem","position":2,"name":"Il recupero eccezionale e i progetti ambiziosi della SBM nel 2022"}]},{"@type":"WebSite","@id":"https:\/\/www.monaco-tribune.com\/it\/#website","url":"https:\/\/www.monaco-tribune.com\/it\/","name":"Monaco Tribune","description":"Monaco : actualit\u00e9s \u00e9conomiques, politiques, culturelles et sportives de Monaco et de la French Riviera.","publisher":{"@id":"https:\/\/www.monaco-tribune.com\/it\/#organization"},"potentialAction":[{"@type":"SearchAction","target":{"@type":"EntryPoint","urlTemplate":"https:\/\/www.monaco-tribune.com\/it\/?s={search_term_string}"},"query-input":{"@type":"PropertyValueSpecification","valueRequired":true,"valueName":"search_term_string"}}],"inLanguage":"it-IT"},{"@type":"Organization","@id":"https:\/\/www.monaco-tribune.com\/it\/#organization","name":"Monaco Tribune","url":"https:\/\/www.monaco-tribune.com\/it\/","logo":{"@type":"ImageObject","inLanguage":"it-IT","@id":"https:\/\/www.monaco-tribune.com\/it\/#\/schema\/logo\/image\/","url":"https:\/\/www.monaco-tribune.com\/wp-content\/uploads\/2022\/11\/logo-monaco-tribune.png","contentUrl":"https:\/\/www.monaco-tribune.com\/wp-content\/uploads\/2022\/11\/logo-monaco-tribune.png","width":1548,"height":600,"caption":"Monaco Tribune"},"image":{"@id":"https:\/\/www.monaco-tribune.com\/it\/#\/schema\/logo\/image\/"},"sameAs":["https:\/\/www.facebook.com\/MonacoTribune","https:\/\/x.com\/MonacoTribune","https:\/\/www.instagram.com\/monacotribune\/","https:\/\/www.linkedin.com\/company\/monaco-tribune","https:\/\/www.youtube.com\/channel\/UCHle1MnG6hw1y4lWKijVbMA"]},{"@type":"Person","@id":"https:\/\/www.monaco-tribune.com\/it\/#\/schema\/person\/a855d420fff4d03637641d60b93ac62e","name":"Camille Esteve","image":{"@type":"ImageObject","inLanguage":"it-IT","@id":"https:\/\/secure.gravatar.com\/avatar\/eaaa2355a7bb56c0018a391c20a55bf9b4690e3f493231dd850e612bfa6ce161?s=96&d=mm&r=g","url":"https:\/\/secure.gravatar.com\/avatar\/eaaa2355a7bb56c0018a391c20a55bf9b4690e3f493231dd850e612bfa6ce161?s=96&d=mm&r=g","contentUrl":"https:\/\/secure.gravatar.com\/avatar\/eaaa2355a7bb56c0018a391c20a55bf9b4690e3f493231dd850e612bfa6ce161?s=96&d=mm&r=g","caption":"Camille Esteve"},"url":"https:\/\/www.monaco-tribune.com\/it\/author\/camilleesteve\/"}]}},"_links":{"self":[{"href":"https:\/\/www.monaco-tribune.com\/it\/wp-json\/wp\/v2\/posts\/124478","targetHints":{"allow":["GET"]}}],"collection":[{"href":"https:\/\/www.monaco-tribune.com\/it\/wp-json\/wp\/v2\/posts"}],"about":[{"href":"https:\/\/www.monaco-tribune.com\/it\/wp-json\/wp\/v2\/types\/post"}],"author":[{"embeddable":true,"href":"https:\/\/www.monaco-tribune.com\/it\/wp-json\/wp\/v2\/users\/60"}],"replies":[{"embeddable":true,"href":"https:\/\/www.monaco-tribune.com\/it\/wp-json\/wp\/v2\/comments?post=124478"}],"version-history":[{"count":0,"href":"https:\/\/www.monaco-tribune.com\/it\/wp-json\/wp\/v2\/posts\/124478\/revisions"}],"wp:featuredmedia":[{"embeddable":true,"href":"https:\/\/www.monaco-tribune.com\/it\/wp-json\/wp\/v2\/media\/124465"}],"wp:attachment":[{"href":"https:\/\/www.monaco-tribune.com\/it\/wp-json\/wp\/v2\/media?parent=124478"}],"wp:term":[{"taxonomy":"category","embeddable":true,"href":"https:\/\/www.monaco-tribune.com\/it\/wp-json\/wp\/v2\/categories?post=124478"},{"taxonomy":"post_tag","embeddable":true,"href":"https:\/\/www.monaco-tribune.com\/it\/wp-json\/wp\/v2\/tags?post=124478"},{"taxonomy":"sectag","embeddable":true,"href":"https:\/\/www.monaco-tribune.com\/it\/wp-json\/wp\/v2\/post_sectags?post=124478"},{"taxonomy":"format","embeddable":true,"href":"https:\/\/www.monaco-tribune.com\/it\/wp-json\/wp\/v2\/post_format?post=124478"}],"curies":[{"name":"wp","href":"https:\/\/api.w.org\/{rel}","templated":true}]}}