{"id":124686,"date":"2022-06-02T11:15:34","date_gmt":"2022-06-02T09:15:34","guid":{"rendered":"https:\/\/www.monaco-tribune.com\/2022\/06\/nuova-partnership-tra-il-crem-e-la-banca-cmb\/"},"modified":"2022-06-02T11:15:47","modified_gmt":"2022-06-02T09:15:47","slug":"nuova-partnership-tra-il-crem-e-la-banca-cmb","status":"publish","type":"post","link":"https:\/\/www.monaco-tribune.com\/it\/2022\/06\/nuova-partnership-tra-il-crem-e-la-banca-cmb\/","title":{"rendered":"Nuova partnership tra il CREM e la banca CMB"},"content":{"rendered":"\n<p><strong>La prima edizione del nuovo programma della banca &#8220;Welcome to Monaco&#8221; si svolger\u00e0 all&#8217;interno del CREM.<\/strong><\/p>\n\n<p>Il CREM (Club des R\u00e9sidents \u00c9trangers de Monaco, club dei residenti stranieri di Monaco) pu\u00f2 contare ora su un nuovo membro nel suo &#8220;Club dei partner&#8221;. Un club che &#8220;riunisce attori che condividono valori comuni di tradizione, qualit\u00e0, eleganza e di un certo stile di vita&#8221; e che mirano ad &#8220;accompagnare e sostenere il CREM nelle attivit\u00e0 quotidiane e offrire alle imprese partner l&#8217;occasione di farsi conoscere da tutti i membri dell&#8217;associazione e di stringere contatti personalizzati con loro&#8221;.<\/p>\n\n<p>Sembra quindi naturale che la banca CBM Monaco sia diventata il nuovo partner bancario ufficiale del CREM. Questo istituto bancario privato internazionale fondato nel 1976, e &#8220;dall&#8217;ineguagliabile stabilit\u00e0 finanziaria&#8221;, offre un approccio da &#8220;banca boutique&#8221; con servizi su misura e comprende tre grandi divisioni: la banca privata, la gestione degli investimenti e il loro finanziamento.<\/p>\n\n<p>La CBM ha inoltre lanciato un programma, &#8220;Welcome to Monaco&#8221;, che consente ai suoi clienti stabiliti nel Principato, e che hanno da poco aperto un conto, d&#8217;incontrarsi in un contesto informale. Non \u00e8 quindi un caso che la prima edizione di questo programma si svolga proprio all&#8217;interno del CREM, visto che la missione principale del club \u00e8 quella di aiutare i residenti del Principato a incontrarsi.<\/p>\n\n<p><strong>LEGGI ANCHE: <a href=\"http:\/\/monaco-tribune.com\/it\/2022\/03\/chris-dhondt-la-missione-del-crem-e-connettere-le-persone-nel-principato\/\">Chris Dhondt: \u201cLa missione del Crem \u00e8 connettere le persone nel Principato\u201d<\/a><\/strong><\/p>\n\n<p>Francesco Grosoli, CEO della CMB Monaco, \u00e8 gi\u00e0 entusiasta di questa collaborazione: &#8220;il partenariato tra CREM e CMB Monaco \u00e8 la prova della volont\u00e0 del nostro istituto e del nostro personale di aiutare i residenti stranieri a stabilirsi nel Principato nelle migliori condizioni possibili e di poter partecipare alla vita sociale ed economica di Monaco&#8221;.<\/p>\n","protected":false},"excerpt":{"rendered":"<p>La prima edizione del nuovo programma della banca &#8220;Welcome to Monaco&#8221; si svolger\u00e0 all&#8217;interno del CREM. Il CREM (Club des [&hellip;]<\/p>\n","protected":false},"author":60,"featured_media":124623,"comment_status":"closed","ping_status":"closed","sticky":false,"template":"","format":"standard","meta":{"_acf_changed":false,"footnotes":""},"categories":[1739,1738],"tags":[2881],"post_sectags":[],"post_format":[2478],"class_list":["post-124686","post","type-post","status-publish","format-standard","has-post-thumbnail","hentry","category-business-it","category-notizie","tag-banca","format-notizia"],"acf":[],"yoast_head":"<!-- This site is optimized with the Yoast SEO Premium plugin v26.8 (Yoast SEO v27.4) - https:\/\/yoast.com\/product\/yoast-seo-premium-wordpress\/ -->\n<title>Nuova partnership tra il CREM e la banca CMB<\/title>\n<meta name=\"description\" content=\"La prima edizione del nuovo programma della banca &quot;Welcome to Monaco&quot; si svolger\u00e0 all&#039;interno del CREM. Il CREM (Club des R\u00e9sidents \u00c9trangers de Monaco,\" \/>\n<meta name=\"robots\" content=\"index, follow, max-snippet:-1, max-image-preview:large, max-video-preview:-1\" \/>\n<link rel=\"canonical\" href=\"https:\/\/www.monaco-tribune.com\/it\/2022\/06\/nuova-partnership-tra-il-crem-e-la-banca-cmb\/\" \/>\n<meta property=\"og:locale\" content=\"it_IT\" \/>\n<meta property=\"og:type\" content=\"article\" \/>\n<meta property=\"og:title\" content=\"Nuova partnership tra il CREM e la banca CMB - Monaco Tribune\" \/>\n<meta property=\"og:description\" content=\"La prima edizione del nuovo programma della banca &quot;Welcome to Monaco&quot; si svolger\u00e0 all&#039;interno del CREM. Il CREM (Club des R\u00e9sidents \u00c9trangers de Monaco,\" \/>\n<meta property=\"og:url\" content=\"https:\/\/www.monaco-tribune.com\/it\/2022\/06\/nuova-partnership-tra-il-crem-e-la-banca-cmb\/\" \/>\n<meta property=\"og:site_name\" content=\"Monaco Tribune\" \/>\n<meta property=\"article:publisher\" content=\"https:\/\/www.facebook.com\/MonacoTribune\" \/>\n<meta property=\"article:published_time\" content=\"2022-06-02T09:15:34+00:00\" \/>\n<meta property=\"article:modified_time\" content=\"2022-06-02T09:15:47+00:00\" \/>\n<meta property=\"og:image\" content=\"https:\/\/www.monaco-tribune.com\/wp-content\/uploads\/2022\/06\/crem-cmb-monaco.jpeg\" \/>\n\t<meta property=\"og:image:width\" content=\"1020\" \/>\n\t<meta property=\"og:image:height\" content=\"545\" \/>\n\t<meta property=\"og:image:type\" content=\"image\/jpeg\" \/>\n<meta name=\"author\" content=\"Camille Esteve\" \/>\n<meta name=\"twitter:card\" content=\"summary_large_image\" \/>\n<meta name=\"twitter:creator\" content=\"@MonacoTribune\" \/>\n<meta name=\"twitter:site\" content=\"@MonacoTribune\" \/>\n<script type=\"application\/ld+json\" class=\"yoast-schema-graph\">{\"@context\":\"https:\\\/\\\/schema.org\",\"@graph\":[{\"@type\":\"NewsArticle\",\"@id\":\"https:\\\/\\\/www.monaco-tribune.com\\\/it\\\/2022\\\/06\\\/nuova-partnership-tra-il-crem-e-la-banca-cmb\\\/#article\",\"isPartOf\":{\"@id\":\"https:\\\/\\\/www.monaco-tribune.com\\\/it\\\/2022\\\/06\\\/nuova-partnership-tra-il-crem-e-la-banca-cmb\\\/\"},\"author\":{\"name\":\"Camille Esteve\",\"@id\":\"https:\\\/\\\/www.monaco-tribune.com\\\/it\\\/#\\\/schema\\\/person\\\/a855d420fff4d03637641d60b93ac62e\"},\"headline\":\"Nuova partnership tra il CREM e la banca CMB\",\"datePublished\":\"2022-06-02T09:15:34+00:00\",\"dateModified\":\"2022-06-02T09:15:47+00:00\",\"mainEntityOfPage\":{\"@id\":\"https:\\\/\\\/www.monaco-tribune.com\\\/it\\\/2022\\\/06\\\/nuova-partnership-tra-il-crem-e-la-banca-cmb\\\/\"},\"wordCount\":295,\"publisher\":{\"@id\":\"https:\\\/\\\/www.monaco-tribune.com\\\/it\\\/#organization\"},\"image\":{\"@id\":\"https:\\\/\\\/www.monaco-tribune.com\\\/it\\\/2022\\\/06\\\/nuova-partnership-tra-il-crem-e-la-banca-cmb\\\/#primaryimage\"},\"thumbnailUrl\":\"https:\\\/\\\/www.monaco-tribune.com\\\/wp-content\\\/uploads\\\/2022\\\/06\\\/crem-cmb-monaco.jpeg\",\"keywords\":[\"Banca\"],\"articleSection\":[\"Business\",\"Notizie\"],\"inLanguage\":\"it-IT\",\"copyrightYear\":\"2022\",\"copyrightHolder\":{\"@id\":\"https:\\\/\\\/www.monaco-tribune.com\\\/#organization\"}},{\"@type\":\"WebPage\",\"@id\":\"https:\\\/\\\/www.monaco-tribune.com\\\/it\\\/2022\\\/06\\\/nuova-partnership-tra-il-crem-e-la-banca-cmb\\\/\",\"url\":\"https:\\\/\\\/www.monaco-tribune.com\\\/it\\\/2022\\\/06\\\/nuova-partnership-tra-il-crem-e-la-banca-cmb\\\/\",\"name\":\"Nuova partnership tra il CREM e la banca CMB\",\"isPartOf\":{\"@id\":\"https:\\\/\\\/www.monaco-tribune.com\\\/it\\\/#website\"},\"primaryImageOfPage\":{\"@id\":\"https:\\\/\\\/www.monaco-tribune.com\\\/it\\\/2022\\\/06\\\/nuova-partnership-tra-il-crem-e-la-banca-cmb\\\/#primaryimage\"},\"image\":{\"@id\":\"https:\\\/\\\/www.monaco-tribune.com\\\/it\\\/2022\\\/06\\\/nuova-partnership-tra-il-crem-e-la-banca-cmb\\\/#primaryimage\"},\"thumbnailUrl\":\"https:\\\/\\\/www.monaco-tribune.com\\\/wp-content\\\/uploads\\\/2022\\\/06\\\/crem-cmb-monaco.jpeg\",\"datePublished\":\"2022-06-02T09:15:34+00:00\",\"dateModified\":\"2022-06-02T09:15:47+00:00\",\"description\":\"La prima edizione del nuovo programma della banca \\\"Welcome to Monaco\\\" si svolger\u00e0 all'interno del CREM. Il CREM (Club des R\u00e9sidents \u00c9trangers de Monaco,\",\"breadcrumb\":{\"@id\":\"https:\\\/\\\/www.monaco-tribune.com\\\/it\\\/2022\\\/06\\\/nuova-partnership-tra-il-crem-e-la-banca-cmb\\\/#breadcrumb\"},\"inLanguage\":\"it-IT\",\"potentialAction\":[{\"@type\":\"ReadAction\",\"target\":[\"https:\\\/\\\/www.monaco-tribune.com\\\/it\\\/2022\\\/06\\\/nuova-partnership-tra-il-crem-e-la-banca-cmb\\\/\"]}]},{\"@type\":\"ImageObject\",\"inLanguage\":\"it-IT\",\"@id\":\"https:\\\/\\\/www.monaco-tribune.com\\\/it\\\/2022\\\/06\\\/nuova-partnership-tra-il-crem-e-la-banca-cmb\\\/#primaryimage\",\"url\":\"https:\\\/\\\/www.monaco-tribune.com\\\/wp-content\\\/uploads\\\/2022\\\/06\\\/crem-cmb-monaco.jpeg\",\"contentUrl\":\"https:\\\/\\\/www.monaco-tribune.com\\\/wp-content\\\/uploads\\\/2022\\\/06\\\/crem-cmb-monaco.jpeg\",\"width\":1020,\"height\":545,\"caption\":\"Club des R\u00e9sidents Etrangers de Monaco - Francesco Grosoli, amministratore delegato della CMB Monaco, e Chris Dhondt, direttore del CREM\"},{\"@type\":\"BreadcrumbList\",\"@id\":\"https:\\\/\\\/www.monaco-tribune.com\\\/it\\\/2022\\\/06\\\/nuova-partnership-tra-il-crem-e-la-banca-cmb\\\/#breadcrumb\",\"itemListElement\":[{\"@type\":\"ListItem\",\"position\":1,\"name\":\"Accueil\",\"item\":\"https:\\\/\\\/www.monaco-tribune.com\\\/it\\\/\"},{\"@type\":\"ListItem\",\"position\":2,\"name\":\"Nuova partnership tra il CREM e la banca CMB\"}]},{\"@type\":\"WebSite\",\"@id\":\"https:\\\/\\\/www.monaco-tribune.com\\\/it\\\/#website\",\"url\":\"https:\\\/\\\/www.monaco-tribune.com\\\/it\\\/\",\"name\":\"Monaco Tribune\",\"description\":\"Monaco : actualit\u00e9s \u00e9conomiques, politiques, culturelles et sportives de Monaco et de la French Riviera.\",\"publisher\":{\"@id\":\"https:\\\/\\\/www.monaco-tribune.com\\\/it\\\/#organization\"},\"potentialAction\":[{\"@type\":\"SearchAction\",\"target\":{\"@type\":\"EntryPoint\",\"urlTemplate\":\"https:\\\/\\\/www.monaco-tribune.com\\\/it\\\/?s={search_term_string}\"},\"query-input\":{\"@type\":\"PropertyValueSpecification\",\"valueRequired\":true,\"valueName\":\"search_term_string\"}}],\"inLanguage\":\"it-IT\"},{\"@type\":\"Organization\",\"@id\":\"https:\\\/\\\/www.monaco-tribune.com\\\/it\\\/#organization\",\"name\":\"Monaco Tribune\",\"url\":\"https:\\\/\\\/www.monaco-tribune.com\\\/it\\\/\",\"logo\":{\"@type\":\"ImageObject\",\"inLanguage\":\"it-IT\",\"@id\":\"https:\\\/\\\/www.monaco-tribune.com\\\/it\\\/#\\\/schema\\\/logo\\\/image\\\/\",\"url\":\"https:\\\/\\\/www.monaco-tribune.com\\\/wp-content\\\/uploads\\\/2022\\\/11\\\/logo-monaco-tribune.png\",\"contentUrl\":\"https:\\\/\\\/www.monaco-tribune.com\\\/wp-content\\\/uploads\\\/2022\\\/11\\\/logo-monaco-tribune.png\",\"width\":1548,\"height\":600,\"caption\":\"Monaco Tribune\"},\"image\":{\"@id\":\"https:\\\/\\\/www.monaco-tribune.com\\\/it\\\/#\\\/schema\\\/logo\\\/image\\\/\"},\"sameAs\":[\"https:\\\/\\\/www.facebook.com\\\/MonacoTribune\",\"https:\\\/\\\/x.com\\\/MonacoTribune\",\"https:\\\/\\\/www.instagram.com\\\/monacotribune\\\/\",\"https:\\\/\\\/www.linkedin.com\\\/company\\\/monaco-tribune\",\"https:\\\/\\\/www.youtube.com\\\/channel\\\/UCHle1MnG6hw1y4lWKijVbMA\"]},{\"@type\":\"Person\",\"@id\":\"https:\\\/\\\/www.monaco-tribune.com\\\/it\\\/#\\\/schema\\\/person\\\/a855d420fff4d03637641d60b93ac62e\",\"name\":\"Camille Esteve\",\"image\":{\"@type\":\"ImageObject\",\"inLanguage\":\"it-IT\",\"@id\":\"https:\\\/\\\/secure.gravatar.com\\\/avatar\\\/eaaa2355a7bb56c0018a391c20a55bf9b4690e3f493231dd850e612bfa6ce161?s=96&d=mm&r=g\",\"url\":\"https:\\\/\\\/secure.gravatar.com\\\/avatar\\\/eaaa2355a7bb56c0018a391c20a55bf9b4690e3f493231dd850e612bfa6ce161?s=96&d=mm&r=g\",\"contentUrl\":\"https:\\\/\\\/secure.gravatar.com\\\/avatar\\\/eaaa2355a7bb56c0018a391c20a55bf9b4690e3f493231dd850e612bfa6ce161?s=96&d=mm&r=g\",\"caption\":\"Camille Esteve\"},\"url\":\"https:\\\/\\\/www.monaco-tribune.com\\\/it\\\/author\\\/camilleesteve\\\/\"}]}<\/script>\n<!-- \/ Yoast SEO Premium plugin. -->","yoast_head_json":{"title":"Nuova partnership tra il CREM e la banca CMB","description":"La prima edizione del nuovo programma della banca \"Welcome to Monaco\" si svolger\u00e0 all'interno del CREM. Il CREM (Club des R\u00e9sidents \u00c9trangers de Monaco,","robots":{"index":"index","follow":"follow","max-snippet":"max-snippet:-1","max-image-preview":"max-image-preview:large","max-video-preview":"max-video-preview:-1"},"canonical":"https:\/\/www.monaco-tribune.com\/it\/2022\/06\/nuova-partnership-tra-il-crem-e-la-banca-cmb\/","og_locale":"it_IT","og_type":"article","og_title":"Nuova partnership tra il CREM e la banca CMB - Monaco Tribune","og_description":"La prima edizione del nuovo programma della banca \"Welcome to Monaco\" si svolger\u00e0 all'interno del CREM. Il CREM (Club des R\u00e9sidents \u00c9trangers de Monaco,","og_url":"https:\/\/www.monaco-tribune.com\/it\/2022\/06\/nuova-partnership-tra-il-crem-e-la-banca-cmb\/","og_site_name":"Monaco Tribune","article_publisher":"https:\/\/www.facebook.com\/MonacoTribune","article_published_time":"2022-06-02T09:15:34+00:00","article_modified_time":"2022-06-02T09:15:47+00:00","og_image":[{"width":1020,"height":545,"url":"https:\/\/www.monaco-tribune.com\/wp-content\/uploads\/2022\/06\/crem-cmb-monaco.jpeg","type":"image\/jpeg"}],"author":"Camille Esteve","twitter_card":"summary_large_image","twitter_creator":"@MonacoTribune","twitter_site":"@MonacoTribune","schema":{"@context":"https:\/\/schema.org","@graph":[{"@type":"NewsArticle","@id":"https:\/\/www.monaco-tribune.com\/it\/2022\/06\/nuova-partnership-tra-il-crem-e-la-banca-cmb\/#article","isPartOf":{"@id":"https:\/\/www.monaco-tribune.com\/it\/2022\/06\/nuova-partnership-tra-il-crem-e-la-banca-cmb\/"},"author":{"name":"Camille Esteve","@id":"https:\/\/www.monaco-tribune.com\/it\/#\/schema\/person\/a855d420fff4d03637641d60b93ac62e"},"headline":"Nuova partnership tra il CREM e la banca CMB","datePublished":"2022-06-02T09:15:34+00:00","dateModified":"2022-06-02T09:15:47+00:00","mainEntityOfPage":{"@id":"https:\/\/www.monaco-tribune.com\/it\/2022\/06\/nuova-partnership-tra-il-crem-e-la-banca-cmb\/"},"wordCount":295,"publisher":{"@id":"https:\/\/www.monaco-tribune.com\/it\/#organization"},"image":{"@id":"https:\/\/www.monaco-tribune.com\/it\/2022\/06\/nuova-partnership-tra-il-crem-e-la-banca-cmb\/#primaryimage"},"thumbnailUrl":"https:\/\/www.monaco-tribune.com\/wp-content\/uploads\/2022\/06\/crem-cmb-monaco.jpeg","keywords":["Banca"],"articleSection":["Business","Notizie"],"inLanguage":"it-IT","copyrightYear":"2022","copyrightHolder":{"@id":"https:\/\/www.monaco-tribune.com\/#organization"}},{"@type":"WebPage","@id":"https:\/\/www.monaco-tribune.com\/it\/2022\/06\/nuova-partnership-tra-il-crem-e-la-banca-cmb\/","url":"https:\/\/www.monaco-tribune.com\/it\/2022\/06\/nuova-partnership-tra-il-crem-e-la-banca-cmb\/","name":"Nuova partnership tra il CREM e la banca CMB","isPartOf":{"@id":"https:\/\/www.monaco-tribune.com\/it\/#website"},"primaryImageOfPage":{"@id":"https:\/\/www.monaco-tribune.com\/it\/2022\/06\/nuova-partnership-tra-il-crem-e-la-banca-cmb\/#primaryimage"},"image":{"@id":"https:\/\/www.monaco-tribune.com\/it\/2022\/06\/nuova-partnership-tra-il-crem-e-la-banca-cmb\/#primaryimage"},"thumbnailUrl":"https:\/\/www.monaco-tribune.com\/wp-content\/uploads\/2022\/06\/crem-cmb-monaco.jpeg","datePublished":"2022-06-02T09:15:34+00:00","dateModified":"2022-06-02T09:15:47+00:00","description":"La prima edizione del nuovo programma della banca \"Welcome to Monaco\" si svolger\u00e0 all'interno del CREM. Il CREM (Club des R\u00e9sidents \u00c9trangers de Monaco,","breadcrumb":{"@id":"https:\/\/www.monaco-tribune.com\/it\/2022\/06\/nuova-partnership-tra-il-crem-e-la-banca-cmb\/#breadcrumb"},"inLanguage":"it-IT","potentialAction":[{"@type":"ReadAction","target":["https:\/\/www.monaco-tribune.com\/it\/2022\/06\/nuova-partnership-tra-il-crem-e-la-banca-cmb\/"]}]},{"@type":"ImageObject","inLanguage":"it-IT","@id":"https:\/\/www.monaco-tribune.com\/it\/2022\/06\/nuova-partnership-tra-il-crem-e-la-banca-cmb\/#primaryimage","url":"https:\/\/www.monaco-tribune.com\/wp-content\/uploads\/2022\/06\/crem-cmb-monaco.jpeg","contentUrl":"https:\/\/www.monaco-tribune.com\/wp-content\/uploads\/2022\/06\/crem-cmb-monaco.jpeg","width":1020,"height":545,"caption":"Club des R\u00e9sidents Etrangers de Monaco - Francesco Grosoli, amministratore delegato della CMB Monaco, e Chris Dhondt, direttore del CREM"},{"@type":"BreadcrumbList","@id":"https:\/\/www.monaco-tribune.com\/it\/2022\/06\/nuova-partnership-tra-il-crem-e-la-banca-cmb\/#breadcrumb","itemListElement":[{"@type":"ListItem","position":1,"name":"Accueil","item":"https:\/\/www.monaco-tribune.com\/it\/"},{"@type":"ListItem","position":2,"name":"Nuova partnership tra il CREM e la banca CMB"}]},{"@type":"WebSite","@id":"https:\/\/www.monaco-tribune.com\/it\/#website","url":"https:\/\/www.monaco-tribune.com\/it\/","name":"Monaco Tribune","description":"Monaco : actualit\u00e9s \u00e9conomiques, politiques, culturelles et sportives de Monaco et de la French Riviera.","publisher":{"@id":"https:\/\/www.monaco-tribune.com\/it\/#organization"},"potentialAction":[{"@type":"SearchAction","target":{"@type":"EntryPoint","urlTemplate":"https:\/\/www.monaco-tribune.com\/it\/?s={search_term_string}"},"query-input":{"@type":"PropertyValueSpecification","valueRequired":true,"valueName":"search_term_string"}}],"inLanguage":"it-IT"},{"@type":"Organization","@id":"https:\/\/www.monaco-tribune.com\/it\/#organization","name":"Monaco Tribune","url":"https:\/\/www.monaco-tribune.com\/it\/","logo":{"@type":"ImageObject","inLanguage":"it-IT","@id":"https:\/\/www.monaco-tribune.com\/it\/#\/schema\/logo\/image\/","url":"https:\/\/www.monaco-tribune.com\/wp-content\/uploads\/2022\/11\/logo-monaco-tribune.png","contentUrl":"https:\/\/www.monaco-tribune.com\/wp-content\/uploads\/2022\/11\/logo-monaco-tribune.png","width":1548,"height":600,"caption":"Monaco Tribune"},"image":{"@id":"https:\/\/www.monaco-tribune.com\/it\/#\/schema\/logo\/image\/"},"sameAs":["https:\/\/www.facebook.com\/MonacoTribune","https:\/\/x.com\/MonacoTribune","https:\/\/www.instagram.com\/monacotribune\/","https:\/\/www.linkedin.com\/company\/monaco-tribune","https:\/\/www.youtube.com\/channel\/UCHle1MnG6hw1y4lWKijVbMA"]},{"@type":"Person","@id":"https:\/\/www.monaco-tribune.com\/it\/#\/schema\/person\/a855d420fff4d03637641d60b93ac62e","name":"Camille Esteve","image":{"@type":"ImageObject","inLanguage":"it-IT","@id":"https:\/\/secure.gravatar.com\/avatar\/eaaa2355a7bb56c0018a391c20a55bf9b4690e3f493231dd850e612bfa6ce161?s=96&d=mm&r=g","url":"https:\/\/secure.gravatar.com\/avatar\/eaaa2355a7bb56c0018a391c20a55bf9b4690e3f493231dd850e612bfa6ce161?s=96&d=mm&r=g","contentUrl":"https:\/\/secure.gravatar.com\/avatar\/eaaa2355a7bb56c0018a391c20a55bf9b4690e3f493231dd850e612bfa6ce161?s=96&d=mm&r=g","caption":"Camille Esteve"},"url":"https:\/\/www.monaco-tribune.com\/it\/author\/camilleesteve\/"}]}},"_links":{"self":[{"href":"https:\/\/www.monaco-tribune.com\/it\/wp-json\/wp\/v2\/posts\/124686","targetHints":{"allow":["GET"]}}],"collection":[{"href":"https:\/\/www.monaco-tribune.com\/it\/wp-json\/wp\/v2\/posts"}],"about":[{"href":"https:\/\/www.monaco-tribune.com\/it\/wp-json\/wp\/v2\/types\/post"}],"author":[{"embeddable":true,"href":"https:\/\/www.monaco-tribune.com\/it\/wp-json\/wp\/v2\/users\/60"}],"replies":[{"embeddable":true,"href":"https:\/\/www.monaco-tribune.com\/it\/wp-json\/wp\/v2\/comments?post=124686"}],"version-history":[{"count":0,"href":"https:\/\/www.monaco-tribune.com\/it\/wp-json\/wp\/v2\/posts\/124686\/revisions"}],"wp:featuredmedia":[{"embeddable":true,"href":"https:\/\/www.monaco-tribune.com\/it\/wp-json\/wp\/v2\/media\/124623"}],"wp:attachment":[{"href":"https:\/\/www.monaco-tribune.com\/it\/wp-json\/wp\/v2\/media?parent=124686"}],"wp:term":[{"taxonomy":"category","embeddable":true,"href":"https:\/\/www.monaco-tribune.com\/it\/wp-json\/wp\/v2\/categories?post=124686"},{"taxonomy":"post_tag","embeddable":true,"href":"https:\/\/www.monaco-tribune.com\/it\/wp-json\/wp\/v2\/tags?post=124686"},{"taxonomy":"sectag","embeddable":true,"href":"https:\/\/www.monaco-tribune.com\/it\/wp-json\/wp\/v2\/post_sectags?post=124686"},{"taxonomy":"format","embeddable":true,"href":"https:\/\/www.monaco-tribune.com\/it\/wp-json\/wp\/v2\/post_format?post=124686"}],"curies":[{"name":"wp","href":"https:\/\/api.w.org\/{rel}","templated":true}]}}