{"id":124958,"date":"2022-06-03T17:03:27","date_gmt":"2022-06-03T15:03:27","guid":{"rendered":"https:\/\/www.monaco-tribune.com\/2022\/06\/foto-il-principe-alberto-ii-ammira-la-mostra-dedicata-al-principe-alberto-i\/"},"modified":"2022-06-03T17:24:21","modified_gmt":"2022-06-03T15:24:21","slug":"foto-il-principe-alberto-ii-ammira-la-mostra-dedicata-al-principe-alberto-i","status":"publish","type":"post","link":"https:\/\/www.monaco-tribune.com\/it\/2022\/06\/foto-il-principe-alberto-ii-ammira-la-mostra-dedicata-al-principe-alberto-i\/","title":{"rendered":"FOTO. Il Principe Alberto II ammira la mostra dedicata al Principe Alberto I"},"content":{"rendered":"\n<p><strong>Questa nuova mostra commemorativa del &#8220;Principe navigatore&#8221; \u00e8 dedicata alle illustrazioni realizzate dal suo pittore e fotografo autorizzato.<\/strong><\/p>\n\n\n\n<p>Mercoled\u00ec 1 giugno, il Principe Alberto II si \u00e8 recato alla mostra &#8220;Peintre et photographe du prince Albert Ier. Louis Tinayre au Spitzberg (1906-1907)&#8221;, insieme all&#8217;attrice e regista M\u00e9lanie Laurent. Quest&#8217;ultima \u00e8 a Monaco per presentare &#8220;Mission Polaire&#8221; una nuova esposizione al Museo Oceanografico che debutter\u00e0 sabato 4 giugno.<\/p>\n\n\n\n<p>Ma torniamo a noi. Louis Tinayre e il Principe Alberto I si incontrano all&#8217;Esposizione Universale di Parigi nel 1900. L&#8217;ex sovrano apprezza molto l&#8217;artista e lo invita a illustrare la terza edizione del suo racconto di viaggio <em>La Carriera di un navigatore.<\/em><\/p>\n\n\n\n<figure class=\"wp-block-gallery has-nested-images columns-1 is-cropped wp-block-gallery-1 is-layout-flex wp-block-gallery-is-layout-flex\">\n<figure class=\"wp-block-image size-large\"><img loading=\"lazy\" decoding=\"async\" width=\"1024\" height=\"683\" data-id=\"124895\" src=\"https:\/\/www.monaco-tribune.com\/wp-content\/uploads\/2022\/06\/expo-louis-tinayre-3-compressed-1024x683.jpg\" alt=\"\" class=\"wp-image-124895\" srcset=\"https:\/\/www.monaco-tribune.com\/wp-content\/uploads\/2022\/06\/expo-louis-tinayre-3-compressed-1024x683.jpg 1024w, https:\/\/www.monaco-tribune.com\/wp-content\/uploads\/2022\/06\/expo-louis-tinayre-3-compressed-450x300.jpg 450w, https:\/\/www.monaco-tribune.com\/wp-content\/uploads\/2022\/06\/expo-louis-tinayre-3-compressed.jpg 2048w\" sizes=\"auto, (max-width: 1024px) 100vw, 1024px\" \/><figcaption>\u00a9 Foto: Axel Bastello \/ Palazzo del Principe<\/figcaption><\/figure>\n\n\n\n<figure class=\"wp-block-image size-large\"><img loading=\"lazy\" decoding=\"async\" width=\"1024\" height=\"683\" data-id=\"124887\" src=\"https:\/\/www.monaco-tribune.com\/wp-content\/uploads\/2022\/06\/expo-louis-tinayre-compressed-1024x683.jpg\" alt=\"\" class=\"wp-image-124887\" srcset=\"https:\/\/www.monaco-tribune.com\/wp-content\/uploads\/2022\/06\/expo-louis-tinayre-compressed-1024x683.jpg 1024w, https:\/\/www.monaco-tribune.com\/wp-content\/uploads\/2022\/06\/expo-louis-tinayre-compressed-450x300.jpg 450w, https:\/\/www.monaco-tribune.com\/wp-content\/uploads\/2022\/06\/expo-louis-tinayre-compressed.jpg 2048w\" sizes=\"auto, (max-width: 1024px) 100vw, 1024px\" \/><figcaption>\u00a9 Foto: Axel Bastello \/ Palazzo del Principe<\/figcaption><\/figure>\n\n\n\n<figure class=\"wp-block-image size-large\"><img loading=\"lazy\" decoding=\"async\" width=\"1024\" height=\"683\" data-id=\"124888\" src=\"https:\/\/www.monaco-tribune.com\/wp-content\/uploads\/2022\/06\/expo-louis-tinayre-2-compressed-1024x683.jpg\" alt=\"\" class=\"wp-image-124888\" srcset=\"https:\/\/www.monaco-tribune.com\/wp-content\/uploads\/2022\/06\/expo-louis-tinayre-2-compressed-1024x683.jpg 1024w, https:\/\/www.monaco-tribune.com\/wp-content\/uploads\/2022\/06\/expo-louis-tinayre-2-compressed-450x300.jpg 450w, https:\/\/www.monaco-tribune.com\/wp-content\/uploads\/2022\/06\/expo-louis-tinayre-2-compressed.jpg 2048w\" sizes=\"auto, (max-width: 1024px) 100vw, 1024px\" \/><figcaption>\u00a9 Foto: Axel Bastello \/ Palazzo del Principe<\/figcaption><\/figure>\n\n\n\n<figure class=\"wp-block-image size-large\"><img loading=\"lazy\" decoding=\"async\" width=\"1024\" height=\"683\" data-id=\"124890\" src=\"https:\/\/www.monaco-tribune.com\/wp-content\/uploads\/2022\/06\/le-prince-expo-louis-tinayre-compressed-1024x683.jpg\" alt=\"\" class=\"wp-image-124890\" srcset=\"https:\/\/www.monaco-tribune.com\/wp-content\/uploads\/2022\/06\/le-prince-expo-louis-tinayre-compressed-1024x683.jpg 1024w, https:\/\/www.monaco-tribune.com\/wp-content\/uploads\/2022\/06\/le-prince-expo-louis-tinayre-compressed-450x300.jpg 450w, https:\/\/www.monaco-tribune.com\/wp-content\/uploads\/2022\/06\/le-prince-expo-louis-tinayre-compressed.jpg 2048w\" sizes=\"auto, (max-width: 1024px) 100vw, 1024px\" \/><figcaption>\u00a9 Foto: Axel Bastello \/ Palazzo del Principe<\/figcaption><\/figure>\n<\/figure>\n\n\n\n<p>Dal 1904, Louis Tinayre partecipa a tutte le campagne oceanografiche del Principe per poi documentarle sia attraverso la scrittura che le immagini.<\/p>\n\n\n\n<p>Esposta sulle inferriate dei giardini Saint-Martin, la mostra rientra nell&#8217;ambito della commemorazione del centenario della scomparsa del &#8220;Principe navigatore&#8221;. L&#8217;evento \u00e8 stato organizzato dal Comitato Alberto I-2022, dagli Archivi del Palazzo del Principe e dall&#8217;Istituto audiovisivo di Monaco. L&#8217;esposizione anticipa la rassegna che sar\u00e0 presentata nella sala Quai Antoine I quest&#8217;estate.<\/p>\n","protected":false},"excerpt":{"rendered":"<p>Questa nuova mostra commemorativa del &#8220;Principe navigatore&#8221; \u00e8 dedicata alle illustrazioni realizzate dal suo pittore e fotografo autorizzato. Mercoled\u00ec 1 [&hellip;]<\/p>\n","protected":false},"author":65,"featured_media":124902,"comment_status":"closed","ping_status":"closed","sticky":false,"template":"","format":"standard","meta":{"_acf_changed":false,"footnotes":""},"categories":[1742,1738],"tags":[2914],"post_sectags":[],"post_format":[2474],"class_list":["post-124958","post","type-post","status-publish","format-standard","has-post-thumbnail","hentry","category-famiglia-principesca","category-notizie","tag-principe-alberto-i","format-foto"],"acf":[],"yoast_head":"<!-- This site is optimized with the Yoast SEO Premium plugin v26.8 (Yoast SEO v27.4) - https:\/\/yoast.com\/product\/yoast-seo-premium-wordpress\/ -->\n<title>FOTO. Il Principe Alberto II ammira la mostra dedicata al Principe Alberto I<\/title>\n<meta name=\"description\" content=\"Questa nuova mostra commemorativa del &quot;Principe navigatore&quot; \u00e8 dedicata alle illustrazioni realizzate dal suo pittore e fotografo autorizzato. Mercoled\u00ec 1\" \/>\n<meta name=\"robots\" content=\"index, follow, max-snippet:-1, max-image-preview:large, max-video-preview:-1\" \/>\n<link rel=\"canonical\" href=\"https:\/\/www.monaco-tribune.com\/it\/2022\/06\/foto-il-principe-alberto-ii-ammira-la-mostra-dedicata-al-principe-alberto-i\/\" \/>\n<meta property=\"og:locale\" content=\"it_IT\" \/>\n<meta property=\"og:type\" content=\"article\" \/>\n<meta property=\"og:title\" content=\"FOTO. Il Principe Alberto II ammira la mostra dedicata al Principe Alberto I - Monaco Tribune\" \/>\n<meta property=\"og:description\" content=\"Questa nuova mostra commemorativa del &quot;Principe navigatore&quot; \u00e8 dedicata alle illustrazioni realizzate dal suo pittore e fotografo autorizzato. Mercoled\u00ec 1\" \/>\n<meta property=\"og:url\" content=\"https:\/\/www.monaco-tribune.com\/it\/2022\/06\/foto-il-principe-alberto-ii-ammira-la-mostra-dedicata-al-principe-alberto-i\/\" \/>\n<meta property=\"og:site_name\" content=\"Monaco Tribune\" \/>\n<meta property=\"article:publisher\" content=\"https:\/\/www.facebook.com\/MonacoTribune\" \/>\n<meta property=\"article:published_time\" content=\"2022-06-03T15:03:27+00:00\" \/>\n<meta property=\"article:modified_time\" content=\"2022-06-03T15:24:21+00:00\" \/>\n<meta property=\"og:image\" content=\"https:\/\/www.monaco-tribune.com\/wp-content\/uploads\/2022\/06\/le-prince-et-melanie-laurent-compressed-e1654247184248.jpg\" \/>\n\t<meta property=\"og:image:width\" content=\"2048\" \/>\n\t<meta property=\"og:image:height\" content=\"1366\" \/>\n\t<meta property=\"og:image:type\" content=\"image\/jpeg\" \/>\n<meta name=\"author\" content=\"Paul Charoy\" \/>\n<meta name=\"twitter:card\" content=\"summary_large_image\" \/>\n<meta name=\"twitter:creator\" content=\"@MonacoTribune\" \/>\n<meta name=\"twitter:site\" content=\"@MonacoTribune\" \/>\n<script type=\"application\/ld+json\" class=\"yoast-schema-graph\">{\"@context\":\"https:\\\/\\\/schema.org\",\"@graph\":[{\"@type\":\"NewsArticle\",\"@id\":\"https:\\\/\\\/www.monaco-tribune.com\\\/it\\\/2022\\\/06\\\/foto-il-principe-alberto-ii-ammira-la-mostra-dedicata-al-principe-alberto-i\\\/#article\",\"isPartOf\":{\"@id\":\"https:\\\/\\\/www.monaco-tribune.com\\\/it\\\/2022\\\/06\\\/foto-il-principe-alberto-ii-ammira-la-mostra-dedicata-al-principe-alberto-i\\\/\"},\"author\":{\"name\":\"Paul Charoy\",\"@id\":\"https:\\\/\\\/www.monaco-tribune.com\\\/it\\\/#\\\/schema\\\/person\\\/c33a9f1bc99ef5a2e07d37c576060b57\"},\"headline\":\"FOTO. Il Principe Alberto II ammira la mostra dedicata al Principe Alberto I\",\"datePublished\":\"2022-06-03T15:03:27+00:00\",\"dateModified\":\"2022-06-03T15:24:21+00:00\",\"mainEntityOfPage\":{\"@id\":\"https:\\\/\\\/www.monaco-tribune.com\\\/it\\\/2022\\\/06\\\/foto-il-principe-alberto-ii-ammira-la-mostra-dedicata-al-principe-alberto-i\\\/\"},\"wordCount\":222,\"publisher\":{\"@id\":\"https:\\\/\\\/www.monaco-tribune.com\\\/it\\\/#organization\"},\"image\":{\"@id\":\"https:\\\/\\\/www.monaco-tribune.com\\\/it\\\/2022\\\/06\\\/foto-il-principe-alberto-ii-ammira-la-mostra-dedicata-al-principe-alberto-i\\\/#primaryimage\"},\"thumbnailUrl\":\"https:\\\/\\\/www.monaco-tribune.com\\\/wp-content\\\/uploads\\\/2022\\\/06\\\/le-prince-et-melanie-laurent-compressed-e1654247184248.jpg\",\"keywords\":[\"Principe Alberto I\"],\"articleSection\":[\"Famiglia Principesca\",\"Notizie\"],\"inLanguage\":\"it-IT\",\"copyrightYear\":\"2022\",\"copyrightHolder\":{\"@id\":\"https:\\\/\\\/www.monaco-tribune.com\\\/#organization\"}},{\"@type\":\"WebPage\",\"@id\":\"https:\\\/\\\/www.monaco-tribune.com\\\/it\\\/2022\\\/06\\\/foto-il-principe-alberto-ii-ammira-la-mostra-dedicata-al-principe-alberto-i\\\/\",\"url\":\"https:\\\/\\\/www.monaco-tribune.com\\\/it\\\/2022\\\/06\\\/foto-il-principe-alberto-ii-ammira-la-mostra-dedicata-al-principe-alberto-i\\\/\",\"name\":\"FOTO. Il Principe Alberto II ammira la mostra dedicata al Principe Alberto I\",\"isPartOf\":{\"@id\":\"https:\\\/\\\/www.monaco-tribune.com\\\/it\\\/#website\"},\"primaryImageOfPage\":{\"@id\":\"https:\\\/\\\/www.monaco-tribune.com\\\/it\\\/2022\\\/06\\\/foto-il-principe-alberto-ii-ammira-la-mostra-dedicata-al-principe-alberto-i\\\/#primaryimage\"},\"image\":{\"@id\":\"https:\\\/\\\/www.monaco-tribune.com\\\/it\\\/2022\\\/06\\\/foto-il-principe-alberto-ii-ammira-la-mostra-dedicata-al-principe-alberto-i\\\/#primaryimage\"},\"thumbnailUrl\":\"https:\\\/\\\/www.monaco-tribune.com\\\/wp-content\\\/uploads\\\/2022\\\/06\\\/le-prince-et-melanie-laurent-compressed-e1654247184248.jpg\",\"datePublished\":\"2022-06-03T15:03:27+00:00\",\"dateModified\":\"2022-06-03T15:24:21+00:00\",\"description\":\"Questa nuova mostra commemorativa del \\\"Principe navigatore\\\" \u00e8 dedicata alle illustrazioni realizzate dal suo pittore e fotografo autorizzato. Mercoled\u00ec 1\",\"breadcrumb\":{\"@id\":\"https:\\\/\\\/www.monaco-tribune.com\\\/it\\\/2022\\\/06\\\/foto-il-principe-alberto-ii-ammira-la-mostra-dedicata-al-principe-alberto-i\\\/#breadcrumb\"},\"inLanguage\":\"it-IT\",\"potentialAction\":[{\"@type\":\"ReadAction\",\"target\":[\"https:\\\/\\\/www.monaco-tribune.com\\\/it\\\/2022\\\/06\\\/foto-il-principe-alberto-ii-ammira-la-mostra-dedicata-al-principe-alberto-i\\\/\"]}]},{\"@type\":\"ImageObject\",\"inLanguage\":\"it-IT\",\"@id\":\"https:\\\/\\\/www.monaco-tribune.com\\\/it\\\/2022\\\/06\\\/foto-il-principe-alberto-ii-ammira-la-mostra-dedicata-al-principe-alberto-i\\\/#primaryimage\",\"url\":\"https:\\\/\\\/www.monaco-tribune.com\\\/wp-content\\\/uploads\\\/2022\\\/06\\\/le-prince-et-melanie-laurent-compressed-e1654247184248.jpg\",\"contentUrl\":\"https:\\\/\\\/www.monaco-tribune.com\\\/wp-content\\\/uploads\\\/2022\\\/06\\\/le-prince-et-melanie-laurent-compressed-e1654247184248.jpg\",\"width\":1100,\"height\":619,\"caption\":\"Axel Bastello \\\/ Palazzo del Principe\"},{\"@type\":\"BreadcrumbList\",\"@id\":\"https:\\\/\\\/www.monaco-tribune.com\\\/it\\\/2022\\\/06\\\/foto-il-principe-alberto-ii-ammira-la-mostra-dedicata-al-principe-alberto-i\\\/#breadcrumb\",\"itemListElement\":[{\"@type\":\"ListItem\",\"position\":1,\"name\":\"Accueil\",\"item\":\"https:\\\/\\\/www.monaco-tribune.com\\\/it\\\/\"},{\"@type\":\"ListItem\",\"position\":2,\"name\":\"FOTO. Il Principe Alberto II ammira la mostra dedicata al Principe Alberto I\"}]},{\"@type\":\"WebSite\",\"@id\":\"https:\\\/\\\/www.monaco-tribune.com\\\/it\\\/#website\",\"url\":\"https:\\\/\\\/www.monaco-tribune.com\\\/it\\\/\",\"name\":\"Monaco Tribune\",\"description\":\"Monaco : actualit\u00e9s \u00e9conomiques, politiques, culturelles et sportives de Monaco et de la French Riviera.\",\"publisher\":{\"@id\":\"https:\\\/\\\/www.monaco-tribune.com\\\/it\\\/#organization\"},\"potentialAction\":[{\"@type\":\"SearchAction\",\"target\":{\"@type\":\"EntryPoint\",\"urlTemplate\":\"https:\\\/\\\/www.monaco-tribune.com\\\/it\\\/?s={search_term_string}\"},\"query-input\":{\"@type\":\"PropertyValueSpecification\",\"valueRequired\":true,\"valueName\":\"search_term_string\"}}],\"inLanguage\":\"it-IT\"},{\"@type\":\"Organization\",\"@id\":\"https:\\\/\\\/www.monaco-tribune.com\\\/it\\\/#organization\",\"name\":\"Monaco Tribune\",\"url\":\"https:\\\/\\\/www.monaco-tribune.com\\\/it\\\/\",\"logo\":{\"@type\":\"ImageObject\",\"inLanguage\":\"it-IT\",\"@id\":\"https:\\\/\\\/www.monaco-tribune.com\\\/it\\\/#\\\/schema\\\/logo\\\/image\\\/\",\"url\":\"https:\\\/\\\/www.monaco-tribune.com\\\/wp-content\\\/uploads\\\/2022\\\/11\\\/logo-monaco-tribune.png\",\"contentUrl\":\"https:\\\/\\\/www.monaco-tribune.com\\\/wp-content\\\/uploads\\\/2022\\\/11\\\/logo-monaco-tribune.png\",\"width\":1548,\"height\":600,\"caption\":\"Monaco Tribune\"},\"image\":{\"@id\":\"https:\\\/\\\/www.monaco-tribune.com\\\/it\\\/#\\\/schema\\\/logo\\\/image\\\/\"},\"sameAs\":[\"https:\\\/\\\/www.facebook.com\\\/MonacoTribune\",\"https:\\\/\\\/x.com\\\/MonacoTribune\",\"https:\\\/\\\/www.instagram.com\\\/monacotribune\\\/\",\"https:\\\/\\\/www.linkedin.com\\\/company\\\/monaco-tribune\",\"https:\\\/\\\/www.youtube.com\\\/channel\\\/UCHle1MnG6hw1y4lWKijVbMA\"]},{\"@type\":\"Person\",\"@id\":\"https:\\\/\\\/www.monaco-tribune.com\\\/it\\\/#\\\/schema\\\/person\\\/c33a9f1bc99ef5a2e07d37c576060b57\",\"name\":\"Paul Charoy\",\"image\":{\"@type\":\"ImageObject\",\"inLanguage\":\"it-IT\",\"@id\":\"https:\\\/\\\/secure.gravatar.com\\\/avatar\\\/c3a39fd900275d54a628738568f1949e90ce9945d105d000228335a7bad64b38?s=96&d=mm&r=g\",\"url\":\"https:\\\/\\\/secure.gravatar.com\\\/avatar\\\/c3a39fd900275d54a628738568f1949e90ce9945d105d000228335a7bad64b38?s=96&d=mm&r=g\",\"contentUrl\":\"https:\\\/\\\/secure.gravatar.com\\\/avatar\\\/c3a39fd900275d54a628738568f1949e90ce9945d105d000228335a7bad64b38?s=96&d=mm&r=g\",\"caption\":\"Paul Charoy\"},\"url\":\"https:\\\/\\\/www.monaco-tribune.com\\\/it\\\/author\\\/paulcharoy\\\/\"}]}<\/script>\n<!-- \/ Yoast SEO Premium plugin. -->","yoast_head_json":{"title":"FOTO. Il Principe Alberto II ammira la mostra dedicata al Principe Alberto I","description":"Questa nuova mostra commemorativa del \"Principe navigatore\" \u00e8 dedicata alle illustrazioni realizzate dal suo pittore e fotografo autorizzato. Mercoled\u00ec 1","robots":{"index":"index","follow":"follow","max-snippet":"max-snippet:-1","max-image-preview":"max-image-preview:large","max-video-preview":"max-video-preview:-1"},"canonical":"https:\/\/www.monaco-tribune.com\/it\/2022\/06\/foto-il-principe-alberto-ii-ammira-la-mostra-dedicata-al-principe-alberto-i\/","og_locale":"it_IT","og_type":"article","og_title":"FOTO. Il Principe Alberto II ammira la mostra dedicata al Principe Alberto I - Monaco Tribune","og_description":"Questa nuova mostra commemorativa del \"Principe navigatore\" \u00e8 dedicata alle illustrazioni realizzate dal suo pittore e fotografo autorizzato. Mercoled\u00ec 1","og_url":"https:\/\/www.monaco-tribune.com\/it\/2022\/06\/foto-il-principe-alberto-ii-ammira-la-mostra-dedicata-al-principe-alberto-i\/","og_site_name":"Monaco Tribune","article_publisher":"https:\/\/www.facebook.com\/MonacoTribune","article_published_time":"2022-06-03T15:03:27+00:00","article_modified_time":"2022-06-03T15:24:21+00:00","og_image":[{"width":2048,"height":1366,"url":"https:\/\/www.monaco-tribune.com\/wp-content\/uploads\/2022\/06\/le-prince-et-melanie-laurent-compressed-e1654247184248.jpg","type":"image\/jpeg"}],"author":"Paul Charoy","twitter_card":"summary_large_image","twitter_creator":"@MonacoTribune","twitter_site":"@MonacoTribune","schema":{"@context":"https:\/\/schema.org","@graph":[{"@type":"NewsArticle","@id":"https:\/\/www.monaco-tribune.com\/it\/2022\/06\/foto-il-principe-alberto-ii-ammira-la-mostra-dedicata-al-principe-alberto-i\/#article","isPartOf":{"@id":"https:\/\/www.monaco-tribune.com\/it\/2022\/06\/foto-il-principe-alberto-ii-ammira-la-mostra-dedicata-al-principe-alberto-i\/"},"author":{"name":"Paul Charoy","@id":"https:\/\/www.monaco-tribune.com\/it\/#\/schema\/person\/c33a9f1bc99ef5a2e07d37c576060b57"},"headline":"FOTO. Il Principe Alberto II ammira la mostra dedicata al Principe Alberto I","datePublished":"2022-06-03T15:03:27+00:00","dateModified":"2022-06-03T15:24:21+00:00","mainEntityOfPage":{"@id":"https:\/\/www.monaco-tribune.com\/it\/2022\/06\/foto-il-principe-alberto-ii-ammira-la-mostra-dedicata-al-principe-alberto-i\/"},"wordCount":222,"publisher":{"@id":"https:\/\/www.monaco-tribune.com\/it\/#organization"},"image":{"@id":"https:\/\/www.monaco-tribune.com\/it\/2022\/06\/foto-il-principe-alberto-ii-ammira-la-mostra-dedicata-al-principe-alberto-i\/#primaryimage"},"thumbnailUrl":"https:\/\/www.monaco-tribune.com\/wp-content\/uploads\/2022\/06\/le-prince-et-melanie-laurent-compressed-e1654247184248.jpg","keywords":["Principe Alberto I"],"articleSection":["Famiglia Principesca","Notizie"],"inLanguage":"it-IT","copyrightYear":"2022","copyrightHolder":{"@id":"https:\/\/www.monaco-tribune.com\/#organization"}},{"@type":"WebPage","@id":"https:\/\/www.monaco-tribune.com\/it\/2022\/06\/foto-il-principe-alberto-ii-ammira-la-mostra-dedicata-al-principe-alberto-i\/","url":"https:\/\/www.monaco-tribune.com\/it\/2022\/06\/foto-il-principe-alberto-ii-ammira-la-mostra-dedicata-al-principe-alberto-i\/","name":"FOTO. Il Principe Alberto II ammira la mostra dedicata al Principe Alberto I","isPartOf":{"@id":"https:\/\/www.monaco-tribune.com\/it\/#website"},"primaryImageOfPage":{"@id":"https:\/\/www.monaco-tribune.com\/it\/2022\/06\/foto-il-principe-alberto-ii-ammira-la-mostra-dedicata-al-principe-alberto-i\/#primaryimage"},"image":{"@id":"https:\/\/www.monaco-tribune.com\/it\/2022\/06\/foto-il-principe-alberto-ii-ammira-la-mostra-dedicata-al-principe-alberto-i\/#primaryimage"},"thumbnailUrl":"https:\/\/www.monaco-tribune.com\/wp-content\/uploads\/2022\/06\/le-prince-et-melanie-laurent-compressed-e1654247184248.jpg","datePublished":"2022-06-03T15:03:27+00:00","dateModified":"2022-06-03T15:24:21+00:00","description":"Questa nuova mostra commemorativa del \"Principe navigatore\" \u00e8 dedicata alle illustrazioni realizzate dal suo pittore e fotografo autorizzato. Mercoled\u00ec 1","breadcrumb":{"@id":"https:\/\/www.monaco-tribune.com\/it\/2022\/06\/foto-il-principe-alberto-ii-ammira-la-mostra-dedicata-al-principe-alberto-i\/#breadcrumb"},"inLanguage":"it-IT","potentialAction":[{"@type":"ReadAction","target":["https:\/\/www.monaco-tribune.com\/it\/2022\/06\/foto-il-principe-alberto-ii-ammira-la-mostra-dedicata-al-principe-alberto-i\/"]}]},{"@type":"ImageObject","inLanguage":"it-IT","@id":"https:\/\/www.monaco-tribune.com\/it\/2022\/06\/foto-il-principe-alberto-ii-ammira-la-mostra-dedicata-al-principe-alberto-i\/#primaryimage","url":"https:\/\/www.monaco-tribune.com\/wp-content\/uploads\/2022\/06\/le-prince-et-melanie-laurent-compressed-e1654247184248.jpg","contentUrl":"https:\/\/www.monaco-tribune.com\/wp-content\/uploads\/2022\/06\/le-prince-et-melanie-laurent-compressed-e1654247184248.jpg","width":1100,"height":619,"caption":"Axel Bastello \/ Palazzo del Principe"},{"@type":"BreadcrumbList","@id":"https:\/\/www.monaco-tribune.com\/it\/2022\/06\/foto-il-principe-alberto-ii-ammira-la-mostra-dedicata-al-principe-alberto-i\/#breadcrumb","itemListElement":[{"@type":"ListItem","position":1,"name":"Accueil","item":"https:\/\/www.monaco-tribune.com\/it\/"},{"@type":"ListItem","position":2,"name":"FOTO. Il Principe Alberto II ammira la mostra dedicata al Principe Alberto I"}]},{"@type":"WebSite","@id":"https:\/\/www.monaco-tribune.com\/it\/#website","url":"https:\/\/www.monaco-tribune.com\/it\/","name":"Monaco Tribune","description":"Monaco : actualit\u00e9s \u00e9conomiques, politiques, culturelles et sportives de Monaco et de la French Riviera.","publisher":{"@id":"https:\/\/www.monaco-tribune.com\/it\/#organization"},"potentialAction":[{"@type":"SearchAction","target":{"@type":"EntryPoint","urlTemplate":"https:\/\/www.monaco-tribune.com\/it\/?s={search_term_string}"},"query-input":{"@type":"PropertyValueSpecification","valueRequired":true,"valueName":"search_term_string"}}],"inLanguage":"it-IT"},{"@type":"Organization","@id":"https:\/\/www.monaco-tribune.com\/it\/#organization","name":"Monaco Tribune","url":"https:\/\/www.monaco-tribune.com\/it\/","logo":{"@type":"ImageObject","inLanguage":"it-IT","@id":"https:\/\/www.monaco-tribune.com\/it\/#\/schema\/logo\/image\/","url":"https:\/\/www.monaco-tribune.com\/wp-content\/uploads\/2022\/11\/logo-monaco-tribune.png","contentUrl":"https:\/\/www.monaco-tribune.com\/wp-content\/uploads\/2022\/11\/logo-monaco-tribune.png","width":1548,"height":600,"caption":"Monaco Tribune"},"image":{"@id":"https:\/\/www.monaco-tribune.com\/it\/#\/schema\/logo\/image\/"},"sameAs":["https:\/\/www.facebook.com\/MonacoTribune","https:\/\/x.com\/MonacoTribune","https:\/\/www.instagram.com\/monacotribune\/","https:\/\/www.linkedin.com\/company\/monaco-tribune","https:\/\/www.youtube.com\/channel\/UCHle1MnG6hw1y4lWKijVbMA"]},{"@type":"Person","@id":"https:\/\/www.monaco-tribune.com\/it\/#\/schema\/person\/c33a9f1bc99ef5a2e07d37c576060b57","name":"Paul Charoy","image":{"@type":"ImageObject","inLanguage":"it-IT","@id":"https:\/\/secure.gravatar.com\/avatar\/c3a39fd900275d54a628738568f1949e90ce9945d105d000228335a7bad64b38?s=96&d=mm&r=g","url":"https:\/\/secure.gravatar.com\/avatar\/c3a39fd900275d54a628738568f1949e90ce9945d105d000228335a7bad64b38?s=96&d=mm&r=g","contentUrl":"https:\/\/secure.gravatar.com\/avatar\/c3a39fd900275d54a628738568f1949e90ce9945d105d000228335a7bad64b38?s=96&d=mm&r=g","caption":"Paul Charoy"},"url":"https:\/\/www.monaco-tribune.com\/it\/author\/paulcharoy\/"}]}},"_links":{"self":[{"href":"https:\/\/www.monaco-tribune.com\/it\/wp-json\/wp\/v2\/posts\/124958","targetHints":{"allow":["GET"]}}],"collection":[{"href":"https:\/\/www.monaco-tribune.com\/it\/wp-json\/wp\/v2\/posts"}],"about":[{"href":"https:\/\/www.monaco-tribune.com\/it\/wp-json\/wp\/v2\/types\/post"}],"author":[{"embeddable":true,"href":"https:\/\/www.monaco-tribune.com\/it\/wp-json\/wp\/v2\/users\/65"}],"replies":[{"embeddable":true,"href":"https:\/\/www.monaco-tribune.com\/it\/wp-json\/wp\/v2\/comments?post=124958"}],"version-history":[{"count":0,"href":"https:\/\/www.monaco-tribune.com\/it\/wp-json\/wp\/v2\/posts\/124958\/revisions"}],"wp:featuredmedia":[{"embeddable":true,"href":"https:\/\/www.monaco-tribune.com\/it\/wp-json\/wp\/v2\/media\/124902"}],"wp:attachment":[{"href":"https:\/\/www.monaco-tribune.com\/it\/wp-json\/wp\/v2\/media?parent=124958"}],"wp:term":[{"taxonomy":"category","embeddable":true,"href":"https:\/\/www.monaco-tribune.com\/it\/wp-json\/wp\/v2\/categories?post=124958"},{"taxonomy":"post_tag","embeddable":true,"href":"https:\/\/www.monaco-tribune.com\/it\/wp-json\/wp\/v2\/tags?post=124958"},{"taxonomy":"sectag","embeddable":true,"href":"https:\/\/www.monaco-tribune.com\/it\/wp-json\/wp\/v2\/post_sectags?post=124958"},{"taxonomy":"format","embeddable":true,"href":"https:\/\/www.monaco-tribune.com\/it\/wp-json\/wp\/v2\/post_format?post=124958"}],"curies":[{"name":"wp","href":"https:\/\/api.w.org\/{rel}","templated":true}]}}