{"id":125181,"date":"2022-06-07T17:06:37","date_gmt":"2022-06-07T15:06:37","guid":{"rendered":"https:\/\/www.monaco-tribune.com\/2022\/06\/bilancio-piu-che-positivo-per-il-gran-premio-di-monaco-2022\/"},"modified":"2022-06-07T17:06:42","modified_gmt":"2022-06-07T15:06:42","slug":"bilancio-piu-che-positivo-per-il-gran-premio-di-monaco-2022","status":"publish","type":"post","link":"https:\/\/www.monaco-tribune.com\/it\/2022\/06\/bilancio-piu-che-positivo-per-il-gran-premio-di-monaco-2022\/","title":{"rendered":"Bilancio pi\u00f9 che positivo per il Gran Premio di Monaco 2022"},"content":{"rendered":"\n<p><strong>Il numero di visitatori registrati nelle quattro giornate di Gran Premo \u00e8 stato pi\u00f9 alto del 2019.<\/strong><\/p>\n\n<p>Con il Gran Premio di Monaco ormai concluso e lo smontaggio del circuito gi\u00e0 in corso, nel Principato \u00e8 l&#8217;ora di tirare le somme. &#8220;Un vero successo&#8221;, secondo il Governo del Principe, specie dopo due anni complicati.<\/p>\n\n<h2 class=\"wp-block-heading\" id=\"h-plus-de-visiteurs-qu-en-2019\">Pi\u00f9 visitatori del 2019<\/h2>\n\n<p>I turisti sono stati sicuramente pi\u00f9 numerosi rispetto al 2021 e al 2020, ma sembrerebbe addirittura che quest&#8217;anno la tendenza sia in crescita anche rispetto al periodo pre-covid.<\/p>\n\n<p>Il Governo del Principe, infatti, tra il 25 e il 30 maggio ha registrato un aumento del 5% dei visitatori arrivati in elicottero e del 10% di quelli arrivati in treno. Il trasporto ferroviario \u00e8 stato quindi pi\u00f9 che efficiente durante l&#8217;e-Prix e il Gran Premio Storico.<\/p>\n\n<p>Per quanto riguarda il trasporto marittimo, 142 barche hanno attraccato nei porti di Monaco (contro le 129 del 2019). La domenica, giorno della gara, cinque navi da crociera sono sbarcate nel Principato, ovvero oltre 1.700 passeggeri. Lo stesso giorno, nelle acque territoriali c&#8217;erano ancorate altre 33 imbarcazioni.<\/p>\n\n<p><strong>LEGGI ANCHE:<a href=\"https:\/\/www.monaco-tribune.com\/it\/2022\/05\/i-momenti-salienti-della-79a-edizione-del-gran-premio-di-monaco-di-formula-1\/\"> I momenti salienti della 79\u00aa edizione del Gran Premio di Monaco di Formula 1?<\/a><\/strong><\/p>\n\n<p>Infine, gli unici a essere diminuiti quest&#8217;anno sono i visitatori arrivati in auto, con un calo di ingressi e uscite dal Principato di circa il 3%. Secondo il Governo del Principe, questo &#8220;dimostra che gli incoraggiamenti a prendere i trasporti pubblici per arrivare a Monaco sono serviti&#8221;. Nonostante questo leggero calo, il tasso di occupazione dei parcheggi nell&#8217;intero fine settimana \u00e8 salito del 15% rispetto al 2019.<\/p>\n\n<h2 class=\"wp-block-heading\" id=\"h-de-bons-resultats-pour-l-hotellerie-restauration\">Ottimi risultati per alberghi e ristoranti<\/h2>\n\n<p>Quest&#8217;anno, anche gli hotel hanno potuto gioire in questo week end di Gran Premio. Secondo i primi dati disponibili, il tasso di occupazione \u00e8 aumentato del 3% rispetto al 2019. Nei quattro giorni di Grand Prix, gli hotel a 3, 4 e 5 stelle erano praticamente al completo.<\/p>\n\n<p>Per quanto riguarda i ristoranti, l&#8217;impatto del Gran Premio sull&#8217;attivit\u00e0 \u00e8 stato &#8220;positivo, se non particolarmente positivo&#8221;. \u00c8 questo quanto dichiarato dall&#8217;80% dei ristoratori interpellati dal Welcome Office. I quartieri di Condamine e Monte-Carlo hanno registrato una fortissima affluenza nel corso dei quattro giorni.<\/p>\n\n<p><strong>LEGGI ANCHE: <a href=\"https:\/\/www.monaco-tribune.com\/it\/2022\/05\/il-recupero-eccezionale-e-i-progetti-ambiziosi-della-sbm-nel-2022\/\">Il recupero eccezionale e i progetti ambiziosi della SBM nel 2022<\/a><\/strong><\/p>\n\n<p>Anche i commercianti affermano che &#8220;l&#8217;affluenza \u00e8 stata elevata ed \u00e8 stato un buon Gran Premio&#8221;, sebbene al momento non sia stato comunicato alcun dato.<\/p>\n","protected":false},"excerpt":{"rendered":"<p>Il numero di visitatori registrati nelle quattro giornate di Gran Premo \u00e8 stato pi\u00f9 alto del 2019. Con il Gran [&hellip;]<\/p>\n","protected":false},"author":60,"featured_media":125150,"comment_status":"closed","ping_status":"closed","sticky":false,"template":"","format":"standard","meta":{"_acf_changed":false,"footnotes":""},"categories":[1826,1738,1743],"tags":[],"post_sectags":[],"post_format":[2478],"class_list":["post-125181","post","type-post","status-publish","format-standard","has-post-thumbnail","hentry","category-la-nostra-scelta","category-notizie","category-sport-it","format-notizia"],"acf":[],"yoast_head":"<!-- This site is optimized with the Yoast SEO Premium plugin v26.8 (Yoast SEO v27.4) - https:\/\/yoast.com\/product\/yoast-seo-premium-wordpress\/ -->\n<title>Bilancio pi\u00f9 che positivo per il Gran Premio di Monaco 2022<\/title>\n<meta name=\"description\" content=\"Il numero di visitatori registrati nelle quattro giornate di Gran Premo \u00e8 stato pi\u00f9 alto del 2019. Con il Gran Premio di Monaco ormai concluso e lo\" \/>\n<meta name=\"robots\" content=\"index, follow, max-snippet:-1, max-image-preview:large, max-video-preview:-1\" \/>\n<link rel=\"canonical\" href=\"https:\/\/www.monaco-tribune.com\/it\/2022\/06\/bilancio-piu-che-positivo-per-il-gran-premio-di-monaco-2022\/\" \/>\n<meta property=\"og:locale\" content=\"it_IT\" \/>\n<meta property=\"og:type\" content=\"article\" \/>\n<meta property=\"og:title\" content=\"Bilancio pi\u00f9 che positivo per il Gran Premio di Monaco 2022 - Monaco Tribune\" \/>\n<meta property=\"og:description\" content=\"Il numero di visitatori registrati nelle quattro giornate di Gran Premo \u00e8 stato pi\u00f9 alto del 2019. Con il Gran Premio di Monaco ormai concluso e lo\" \/>\n<meta property=\"og:url\" content=\"https:\/\/www.monaco-tribune.com\/it\/2022\/06\/bilancio-piu-che-positivo-per-il-gran-premio-di-monaco-2022\/\" \/>\n<meta property=\"og:site_name\" content=\"Monaco Tribune\" \/>\n<meta property=\"article:publisher\" content=\"https:\/\/www.facebook.com\/MonacoTribune\" \/>\n<meta property=\"article:published_time\" content=\"2022-06-07T15:06:37+00:00\" \/>\n<meta property=\"article:modified_time\" content=\"2022-06-07T15:06:42+00:00\" \/>\n<meta property=\"og:image\" content=\"https:\/\/www.monaco-tribune.com\/wp-content\/uploads\/2022\/06\/grand-prix-2022.jpg\" \/>\n\t<meta property=\"og:image:width\" content=\"1020\" \/>\n\t<meta property=\"og:image:height\" content=\"680\" \/>\n\t<meta property=\"og:image:type\" content=\"image\/jpeg\" \/>\n<meta name=\"author\" content=\"Camille Esteve\" \/>\n<meta name=\"twitter:card\" content=\"summary_large_image\" \/>\n<meta name=\"twitter:creator\" content=\"@MonacoTribune\" \/>\n<meta name=\"twitter:site\" content=\"@MonacoTribune\" \/>\n<script type=\"application\/ld+json\" class=\"yoast-schema-graph\">{\"@context\":\"https:\\\/\\\/schema.org\",\"@graph\":[{\"@type\":\"NewsArticle\",\"@id\":\"https:\\\/\\\/www.monaco-tribune.com\\\/it\\\/2022\\\/06\\\/bilancio-piu-che-positivo-per-il-gran-premio-di-monaco-2022\\\/#article\",\"isPartOf\":{\"@id\":\"https:\\\/\\\/www.monaco-tribune.com\\\/it\\\/2022\\\/06\\\/bilancio-piu-che-positivo-per-il-gran-premio-di-monaco-2022\\\/\"},\"author\":{\"name\":\"Camille Esteve\",\"@id\":\"https:\\\/\\\/www.monaco-tribune.com\\\/it\\\/#\\\/schema\\\/person\\\/a855d420fff4d03637641d60b93ac62e\"},\"headline\":\"Bilancio pi\u00f9 che positivo per il Gran Premio di Monaco 2022\",\"datePublished\":\"2022-06-07T15:06:37+00:00\",\"dateModified\":\"2022-06-07T15:06:42+00:00\",\"mainEntityOfPage\":{\"@id\":\"https:\\\/\\\/www.monaco-tribune.com\\\/it\\\/2022\\\/06\\\/bilancio-piu-che-positivo-per-il-gran-premio-di-monaco-2022\\\/\"},\"wordCount\":386,\"publisher\":{\"@id\":\"https:\\\/\\\/www.monaco-tribune.com\\\/it\\\/#organization\"},\"image\":{\"@id\":\"https:\\\/\\\/www.monaco-tribune.com\\\/it\\\/2022\\\/06\\\/bilancio-piu-che-positivo-per-il-gran-premio-di-monaco-2022\\\/#primaryimage\"},\"thumbnailUrl\":\"https:\\\/\\\/www.monaco-tribune.com\\\/wp-content\\\/uploads\\\/2022\\\/06\\\/grand-prix-2022.jpg\",\"articleSection\":[\"La nostra scelta\",\"Notizie\",\"Sport\"],\"inLanguage\":\"it-IT\",\"copyrightYear\":\"2022\",\"copyrightHolder\":{\"@id\":\"https:\\\/\\\/www.monaco-tribune.com\\\/#organization\"}},{\"@type\":\"WebPage\",\"@id\":\"https:\\\/\\\/www.monaco-tribune.com\\\/it\\\/2022\\\/06\\\/bilancio-piu-che-positivo-per-il-gran-premio-di-monaco-2022\\\/\",\"url\":\"https:\\\/\\\/www.monaco-tribune.com\\\/it\\\/2022\\\/06\\\/bilancio-piu-che-positivo-per-il-gran-premio-di-monaco-2022\\\/\",\"name\":\"Bilancio pi\u00f9 che positivo per il Gran Premio di Monaco 2022\",\"isPartOf\":{\"@id\":\"https:\\\/\\\/www.monaco-tribune.com\\\/it\\\/#website\"},\"primaryImageOfPage\":{\"@id\":\"https:\\\/\\\/www.monaco-tribune.com\\\/it\\\/2022\\\/06\\\/bilancio-piu-che-positivo-per-il-gran-premio-di-monaco-2022\\\/#primaryimage\"},\"image\":{\"@id\":\"https:\\\/\\\/www.monaco-tribune.com\\\/it\\\/2022\\\/06\\\/bilancio-piu-che-positivo-per-il-gran-premio-di-monaco-2022\\\/#primaryimage\"},\"thumbnailUrl\":\"https:\\\/\\\/www.monaco-tribune.com\\\/wp-content\\\/uploads\\\/2022\\\/06\\\/grand-prix-2022.jpg\",\"datePublished\":\"2022-06-07T15:06:37+00:00\",\"dateModified\":\"2022-06-07T15:06:42+00:00\",\"description\":\"Il numero di visitatori registrati nelle quattro giornate di Gran Premo \u00e8 stato pi\u00f9 alto del 2019. Con il Gran Premio di Monaco ormai concluso e lo\",\"breadcrumb\":{\"@id\":\"https:\\\/\\\/www.monaco-tribune.com\\\/it\\\/2022\\\/06\\\/bilancio-piu-che-positivo-per-il-gran-premio-di-monaco-2022\\\/#breadcrumb\"},\"inLanguage\":\"it-IT\",\"potentialAction\":[{\"@type\":\"ReadAction\",\"target\":[\"https:\\\/\\\/www.monaco-tribune.com\\\/it\\\/2022\\\/06\\\/bilancio-piu-che-positivo-per-il-gran-premio-di-monaco-2022\\\/\"]}]},{\"@type\":\"ImageObject\",\"inLanguage\":\"it-IT\",\"@id\":\"https:\\\/\\\/www.monaco-tribune.com\\\/it\\\/2022\\\/06\\\/bilancio-piu-che-positivo-per-il-gran-premio-di-monaco-2022\\\/#primaryimage\",\"url\":\"https:\\\/\\\/www.monaco-tribune.com\\\/wp-content\\\/uploads\\\/2022\\\/06\\\/grand-prix-2022.jpg\",\"contentUrl\":\"https:\\\/\\\/www.monaco-tribune.com\\\/wp-content\\\/uploads\\\/2022\\\/06\\\/grand-prix-2022.jpg\",\"width\":1020,\"height\":680,\"caption\":\"Il Gran Premio di Monaco 2023 si terr\u00e0 nel Principato dal 25 al 28 maggio. \u00a9 Dipartimento di Comunicazione \\\/ Michael Alesi\"},{\"@type\":\"BreadcrumbList\",\"@id\":\"https:\\\/\\\/www.monaco-tribune.com\\\/it\\\/2022\\\/06\\\/bilancio-piu-che-positivo-per-il-gran-premio-di-monaco-2022\\\/#breadcrumb\",\"itemListElement\":[{\"@type\":\"ListItem\",\"position\":1,\"name\":\"Accueil\",\"item\":\"https:\\\/\\\/www.monaco-tribune.com\\\/it\\\/\"},{\"@type\":\"ListItem\",\"position\":2,\"name\":\"Bilancio pi\u00f9 che positivo per il Gran Premio di Monaco 2022\"}]},{\"@type\":\"WebSite\",\"@id\":\"https:\\\/\\\/www.monaco-tribune.com\\\/it\\\/#website\",\"url\":\"https:\\\/\\\/www.monaco-tribune.com\\\/it\\\/\",\"name\":\"Monaco Tribune\",\"description\":\"Monaco : actualit\u00e9s \u00e9conomiques, politiques, culturelles et sportives de Monaco et de la French Riviera.\",\"publisher\":{\"@id\":\"https:\\\/\\\/www.monaco-tribune.com\\\/it\\\/#organization\"},\"potentialAction\":[{\"@type\":\"SearchAction\",\"target\":{\"@type\":\"EntryPoint\",\"urlTemplate\":\"https:\\\/\\\/www.monaco-tribune.com\\\/it\\\/?s={search_term_string}\"},\"query-input\":{\"@type\":\"PropertyValueSpecification\",\"valueRequired\":true,\"valueName\":\"search_term_string\"}}],\"inLanguage\":\"it-IT\"},{\"@type\":\"Organization\",\"@id\":\"https:\\\/\\\/www.monaco-tribune.com\\\/it\\\/#organization\",\"name\":\"Monaco Tribune\",\"url\":\"https:\\\/\\\/www.monaco-tribune.com\\\/it\\\/\",\"logo\":{\"@type\":\"ImageObject\",\"inLanguage\":\"it-IT\",\"@id\":\"https:\\\/\\\/www.monaco-tribune.com\\\/it\\\/#\\\/schema\\\/logo\\\/image\\\/\",\"url\":\"https:\\\/\\\/www.monaco-tribune.com\\\/wp-content\\\/uploads\\\/2022\\\/11\\\/logo-monaco-tribune.png\",\"contentUrl\":\"https:\\\/\\\/www.monaco-tribune.com\\\/wp-content\\\/uploads\\\/2022\\\/11\\\/logo-monaco-tribune.png\",\"width\":1548,\"height\":600,\"caption\":\"Monaco Tribune\"},\"image\":{\"@id\":\"https:\\\/\\\/www.monaco-tribune.com\\\/it\\\/#\\\/schema\\\/logo\\\/image\\\/\"},\"sameAs\":[\"https:\\\/\\\/www.facebook.com\\\/MonacoTribune\",\"https:\\\/\\\/x.com\\\/MonacoTribune\",\"https:\\\/\\\/www.instagram.com\\\/monacotribune\\\/\",\"https:\\\/\\\/www.linkedin.com\\\/company\\\/monaco-tribune\",\"https:\\\/\\\/www.youtube.com\\\/channel\\\/UCHle1MnG6hw1y4lWKijVbMA\"]},{\"@type\":\"Person\",\"@id\":\"https:\\\/\\\/www.monaco-tribune.com\\\/it\\\/#\\\/schema\\\/person\\\/a855d420fff4d03637641d60b93ac62e\",\"name\":\"Camille Esteve\",\"image\":{\"@type\":\"ImageObject\",\"inLanguage\":\"it-IT\",\"@id\":\"https:\\\/\\\/secure.gravatar.com\\\/avatar\\\/eaaa2355a7bb56c0018a391c20a55bf9b4690e3f493231dd850e612bfa6ce161?s=96&d=mm&r=g\",\"url\":\"https:\\\/\\\/secure.gravatar.com\\\/avatar\\\/eaaa2355a7bb56c0018a391c20a55bf9b4690e3f493231dd850e612bfa6ce161?s=96&d=mm&r=g\",\"contentUrl\":\"https:\\\/\\\/secure.gravatar.com\\\/avatar\\\/eaaa2355a7bb56c0018a391c20a55bf9b4690e3f493231dd850e612bfa6ce161?s=96&d=mm&r=g\",\"caption\":\"Camille Esteve\"},\"url\":\"https:\\\/\\\/www.monaco-tribune.com\\\/it\\\/author\\\/camilleesteve\\\/\"}]}<\/script>\n<!-- \/ Yoast SEO Premium plugin. -->","yoast_head_json":{"title":"Bilancio pi\u00f9 che positivo per il Gran Premio di Monaco 2022","description":"Il numero di visitatori registrati nelle quattro giornate di Gran Premo \u00e8 stato pi\u00f9 alto del 2019. Con il Gran Premio di Monaco ormai concluso e lo","robots":{"index":"index","follow":"follow","max-snippet":"max-snippet:-1","max-image-preview":"max-image-preview:large","max-video-preview":"max-video-preview:-1"},"canonical":"https:\/\/www.monaco-tribune.com\/it\/2022\/06\/bilancio-piu-che-positivo-per-il-gran-premio-di-monaco-2022\/","og_locale":"it_IT","og_type":"article","og_title":"Bilancio pi\u00f9 che positivo per il Gran Premio di Monaco 2022 - Monaco Tribune","og_description":"Il numero di visitatori registrati nelle quattro giornate di Gran Premo \u00e8 stato pi\u00f9 alto del 2019. Con il Gran Premio di Monaco ormai concluso e lo","og_url":"https:\/\/www.monaco-tribune.com\/it\/2022\/06\/bilancio-piu-che-positivo-per-il-gran-premio-di-monaco-2022\/","og_site_name":"Monaco Tribune","article_publisher":"https:\/\/www.facebook.com\/MonacoTribune","article_published_time":"2022-06-07T15:06:37+00:00","article_modified_time":"2022-06-07T15:06:42+00:00","og_image":[{"width":1020,"height":680,"url":"https:\/\/www.monaco-tribune.com\/wp-content\/uploads\/2022\/06\/grand-prix-2022.jpg","type":"image\/jpeg"}],"author":"Camille Esteve","twitter_card":"summary_large_image","twitter_creator":"@MonacoTribune","twitter_site":"@MonacoTribune","schema":{"@context":"https:\/\/schema.org","@graph":[{"@type":"NewsArticle","@id":"https:\/\/www.monaco-tribune.com\/it\/2022\/06\/bilancio-piu-che-positivo-per-il-gran-premio-di-monaco-2022\/#article","isPartOf":{"@id":"https:\/\/www.monaco-tribune.com\/it\/2022\/06\/bilancio-piu-che-positivo-per-il-gran-premio-di-monaco-2022\/"},"author":{"name":"Camille Esteve","@id":"https:\/\/www.monaco-tribune.com\/it\/#\/schema\/person\/a855d420fff4d03637641d60b93ac62e"},"headline":"Bilancio pi\u00f9 che positivo per il Gran Premio di Monaco 2022","datePublished":"2022-06-07T15:06:37+00:00","dateModified":"2022-06-07T15:06:42+00:00","mainEntityOfPage":{"@id":"https:\/\/www.monaco-tribune.com\/it\/2022\/06\/bilancio-piu-che-positivo-per-il-gran-premio-di-monaco-2022\/"},"wordCount":386,"publisher":{"@id":"https:\/\/www.monaco-tribune.com\/it\/#organization"},"image":{"@id":"https:\/\/www.monaco-tribune.com\/it\/2022\/06\/bilancio-piu-che-positivo-per-il-gran-premio-di-monaco-2022\/#primaryimage"},"thumbnailUrl":"https:\/\/www.monaco-tribune.com\/wp-content\/uploads\/2022\/06\/grand-prix-2022.jpg","articleSection":["La nostra scelta","Notizie","Sport"],"inLanguage":"it-IT","copyrightYear":"2022","copyrightHolder":{"@id":"https:\/\/www.monaco-tribune.com\/#organization"}},{"@type":"WebPage","@id":"https:\/\/www.monaco-tribune.com\/it\/2022\/06\/bilancio-piu-che-positivo-per-il-gran-premio-di-monaco-2022\/","url":"https:\/\/www.monaco-tribune.com\/it\/2022\/06\/bilancio-piu-che-positivo-per-il-gran-premio-di-monaco-2022\/","name":"Bilancio pi\u00f9 che positivo per il Gran Premio di Monaco 2022","isPartOf":{"@id":"https:\/\/www.monaco-tribune.com\/it\/#website"},"primaryImageOfPage":{"@id":"https:\/\/www.monaco-tribune.com\/it\/2022\/06\/bilancio-piu-che-positivo-per-il-gran-premio-di-monaco-2022\/#primaryimage"},"image":{"@id":"https:\/\/www.monaco-tribune.com\/it\/2022\/06\/bilancio-piu-che-positivo-per-il-gran-premio-di-monaco-2022\/#primaryimage"},"thumbnailUrl":"https:\/\/www.monaco-tribune.com\/wp-content\/uploads\/2022\/06\/grand-prix-2022.jpg","datePublished":"2022-06-07T15:06:37+00:00","dateModified":"2022-06-07T15:06:42+00:00","description":"Il numero di visitatori registrati nelle quattro giornate di Gran Premo \u00e8 stato pi\u00f9 alto del 2019. Con il Gran Premio di Monaco ormai concluso e lo","breadcrumb":{"@id":"https:\/\/www.monaco-tribune.com\/it\/2022\/06\/bilancio-piu-che-positivo-per-il-gran-premio-di-monaco-2022\/#breadcrumb"},"inLanguage":"it-IT","potentialAction":[{"@type":"ReadAction","target":["https:\/\/www.monaco-tribune.com\/it\/2022\/06\/bilancio-piu-che-positivo-per-il-gran-premio-di-monaco-2022\/"]}]},{"@type":"ImageObject","inLanguage":"it-IT","@id":"https:\/\/www.monaco-tribune.com\/it\/2022\/06\/bilancio-piu-che-positivo-per-il-gran-premio-di-monaco-2022\/#primaryimage","url":"https:\/\/www.monaco-tribune.com\/wp-content\/uploads\/2022\/06\/grand-prix-2022.jpg","contentUrl":"https:\/\/www.monaco-tribune.com\/wp-content\/uploads\/2022\/06\/grand-prix-2022.jpg","width":1020,"height":680,"caption":"Il Gran Premio di Monaco 2023 si terr\u00e0 nel Principato dal 25 al 28 maggio. \u00a9 Dipartimento di Comunicazione \/ Michael Alesi"},{"@type":"BreadcrumbList","@id":"https:\/\/www.monaco-tribune.com\/it\/2022\/06\/bilancio-piu-che-positivo-per-il-gran-premio-di-monaco-2022\/#breadcrumb","itemListElement":[{"@type":"ListItem","position":1,"name":"Accueil","item":"https:\/\/www.monaco-tribune.com\/it\/"},{"@type":"ListItem","position":2,"name":"Bilancio pi\u00f9 che positivo per il Gran Premio di Monaco 2022"}]},{"@type":"WebSite","@id":"https:\/\/www.monaco-tribune.com\/it\/#website","url":"https:\/\/www.monaco-tribune.com\/it\/","name":"Monaco Tribune","description":"Monaco : actualit\u00e9s \u00e9conomiques, politiques, culturelles et sportives de Monaco et de la French Riviera.","publisher":{"@id":"https:\/\/www.monaco-tribune.com\/it\/#organization"},"potentialAction":[{"@type":"SearchAction","target":{"@type":"EntryPoint","urlTemplate":"https:\/\/www.monaco-tribune.com\/it\/?s={search_term_string}"},"query-input":{"@type":"PropertyValueSpecification","valueRequired":true,"valueName":"search_term_string"}}],"inLanguage":"it-IT"},{"@type":"Organization","@id":"https:\/\/www.monaco-tribune.com\/it\/#organization","name":"Monaco Tribune","url":"https:\/\/www.monaco-tribune.com\/it\/","logo":{"@type":"ImageObject","inLanguage":"it-IT","@id":"https:\/\/www.monaco-tribune.com\/it\/#\/schema\/logo\/image\/","url":"https:\/\/www.monaco-tribune.com\/wp-content\/uploads\/2022\/11\/logo-monaco-tribune.png","contentUrl":"https:\/\/www.monaco-tribune.com\/wp-content\/uploads\/2022\/11\/logo-monaco-tribune.png","width":1548,"height":600,"caption":"Monaco Tribune"},"image":{"@id":"https:\/\/www.monaco-tribune.com\/it\/#\/schema\/logo\/image\/"},"sameAs":["https:\/\/www.facebook.com\/MonacoTribune","https:\/\/x.com\/MonacoTribune","https:\/\/www.instagram.com\/monacotribune\/","https:\/\/www.linkedin.com\/company\/monaco-tribune","https:\/\/www.youtube.com\/channel\/UCHle1MnG6hw1y4lWKijVbMA"]},{"@type":"Person","@id":"https:\/\/www.monaco-tribune.com\/it\/#\/schema\/person\/a855d420fff4d03637641d60b93ac62e","name":"Camille Esteve","image":{"@type":"ImageObject","inLanguage":"it-IT","@id":"https:\/\/secure.gravatar.com\/avatar\/eaaa2355a7bb56c0018a391c20a55bf9b4690e3f493231dd850e612bfa6ce161?s=96&d=mm&r=g","url":"https:\/\/secure.gravatar.com\/avatar\/eaaa2355a7bb56c0018a391c20a55bf9b4690e3f493231dd850e612bfa6ce161?s=96&d=mm&r=g","contentUrl":"https:\/\/secure.gravatar.com\/avatar\/eaaa2355a7bb56c0018a391c20a55bf9b4690e3f493231dd850e612bfa6ce161?s=96&d=mm&r=g","caption":"Camille Esteve"},"url":"https:\/\/www.monaco-tribune.com\/it\/author\/camilleesteve\/"}]}},"_links":{"self":[{"href":"https:\/\/www.monaco-tribune.com\/it\/wp-json\/wp\/v2\/posts\/125181","targetHints":{"allow":["GET"]}}],"collection":[{"href":"https:\/\/www.monaco-tribune.com\/it\/wp-json\/wp\/v2\/posts"}],"about":[{"href":"https:\/\/www.monaco-tribune.com\/it\/wp-json\/wp\/v2\/types\/post"}],"author":[{"embeddable":true,"href":"https:\/\/www.monaco-tribune.com\/it\/wp-json\/wp\/v2\/users\/60"}],"replies":[{"embeddable":true,"href":"https:\/\/www.monaco-tribune.com\/it\/wp-json\/wp\/v2\/comments?post=125181"}],"version-history":[{"count":0,"href":"https:\/\/www.monaco-tribune.com\/it\/wp-json\/wp\/v2\/posts\/125181\/revisions"}],"wp:featuredmedia":[{"embeddable":true,"href":"https:\/\/www.monaco-tribune.com\/it\/wp-json\/wp\/v2\/media\/125150"}],"wp:attachment":[{"href":"https:\/\/www.monaco-tribune.com\/it\/wp-json\/wp\/v2\/media?parent=125181"}],"wp:term":[{"taxonomy":"category","embeddable":true,"href":"https:\/\/www.monaco-tribune.com\/it\/wp-json\/wp\/v2\/categories?post=125181"},{"taxonomy":"post_tag","embeddable":true,"href":"https:\/\/www.monaco-tribune.com\/it\/wp-json\/wp\/v2\/tags?post=125181"},{"taxonomy":"sectag","embeddable":true,"href":"https:\/\/www.monaco-tribune.com\/it\/wp-json\/wp\/v2\/post_sectags?post=125181"},{"taxonomy":"format","embeddable":true,"href":"https:\/\/www.monaco-tribune.com\/it\/wp-json\/wp\/v2\/post_format?post=125181"}],"curies":[{"name":"wp","href":"https:\/\/api.w.org\/{rel}","templated":true}]}}