{"id":125323,"date":"2022-06-08T17:26:21","date_gmt":"2022-06-08T15:26:21","guid":{"rendered":"https:\/\/www.monaco-tribune.com\/2022\/06\/principe-alberto-ii-i-nostri-contemporanei-stanno-pian-piano-capendo-la-necessita-di-salvaguardare-meglio-gli-oceani\/"},"modified":"2022-06-08T17:26:27","modified_gmt":"2022-06-08T15:26:27","slug":"principe-alberto-ii-i-nostri-contemporanei-stanno-pian-piano-capendo-la-necessita-di-salvaguardare-meglio-gli-oceani","status":"publish","type":"post","link":"https:\/\/www.monaco-tribune.com\/it\/2022\/06\/principe-alberto-ii-i-nostri-contemporanei-stanno-pian-piano-capendo-la-necessita-di-salvaguardare-meglio-gli-oceani\/","title":{"rendered":"Principe Alberto II: &#8220;I nostri contemporanei stanno pian piano capendo la necessit\u00e0 di salvaguardare meglio gli oceani&#8221;"},"content":{"rendered":"\n<p><strong>Oggi \u00e8 la Giornata mondiale degli oceani. Con l&#8217;occasione, il Principe Alberto II ha pubblicato un video in cui ricorda l&#8217;importanza della salvaguardia degli oceani.<\/strong><\/p>\n\n<p>Sui canali social della Fondazione Principe Alberto II di Monaco, il Sovrano ha dichiarato: &#8220;i\u00a0nostri contemporanei stanno pian piano capendo la necessit\u00e0 di salvaguardare meglio gli oceani dalle numerose minacce che incombono su di essi: il surriscaldamento e l&#8217;inquinamento, ma anche l&#8217;acidificazione delle acque, l&#8217;eccesso di pesca, alcune forme di acquacoltura irresponsabili, lo sfruttamento delle risorse minerarie e di idrocarburi e [&#8230;] la perdita della biodiversit\u00e0&#8221;.<\/p>\n\n<p><strong>LEGGI ANCHE: <a href=\"https:\/\/www.monaco-tribune.com\/it\/2022\/06\/foto-il-principe-alberto-ii-ammira-la-mostra-dedicata-al-principe-alberto-i\/\">FOTO. Il Principe Alberto II ammira la mostra dedicata al Principe Alberto I<\/a><\/strong><\/p>\n\n<p>Fortunatamente, vista l&#8217;importante posta in gioco, le istituzioni multilaterali si preoccupano ormai di regolare meglio la gestione degli oceani e i mari con due incontri importanti fissati quest&#8217;anno.<\/p>\n\n<p>Primo fra questi la Conferenza di Lisbona del 27 giugno, dove saranno affrontate tutte le diverse forme di minacce che pesano sugli oceani. Il secondo evento \u00e8 la COP 15 che si terr\u00e0 a Kumming, in Cina, alla fine del mese di agosto. Si concentrer\u00e0 sulla biodiversit\u00e0 e soprattutto sulle aree marine protette. Secondo il Sovrano queste &#8220;devono essere sviluppate in fretta e con ambizione&#8221;.<\/p>\n\n<p>Il Principe spera che questi eventi siano l&#8217;occasione &#8220;di avanzare misure concrete&#8221; come &#8220;la limitazione dell&#8217;utilizzo di plastica, il potenziamento del trattamento delle acque reflue, la regolamentazione della pesca, la salvaguardia dei sistemi pi\u00f9 fragili&#8221;.<\/p>\n\n<figure class=\"wp-block-embed is-type-video is-provider-youtube wp-block-embed-youtube wp-embed-aspect-16-9 wp-has-aspect-ratio\"><div class=\"wp-block-embed__wrapper\">\r\n<iframe title=\"World Ocean Day 2022 - HSH Prince Albert II of Monaco\" width=\"500\" height=\"281\" src=\"https:\/\/www.youtube.com\/embed\/6FR4euvW2GU?feature=oembed\" frameborder=\"0\" allow=\"accelerometer; autoplay; clipboard-write; encrypted-media; gyroscope; picture-in-picture; web-share\" referrerpolicy=\"strict-origin-when-cross-origin\" allowfullscreen><\/iframe>\r\n<\/div><\/figure>\r\n\n<h2 class=\"wp-block-heading\" id=\"h-un-ocean-preserve-des-droits-respectes\">La salvaguardia degli oceani e il rispetto dei diritti<\/h2>\n\n<p>Fonte di cibo, attivit\u00e0 ed energia, gli oceani devono essere salvaguardati per rispondere a numerosi obiettivi di sviluppo sostenibile stabiliti dall&#8217;ONU nel 2015. Parliamo per esempio dell&#8217;obiettivo 1 contro la povert\u00e0, visto che l&#8217;oceano rappresenta un alto potenziale economico, dell&#8217;obiettivo 13 contro il cambiamento climatico, ma anche degli obiettivi 2, 6 e 7, rispettivamente sulla fame, l&#8217;accesso all&#8217;acqua e all&#8217;energia.<\/p>\n\n<p>Infine, il Principe ha concluso con un augurio: &#8220;spero che questa giornata possa aiutarci ad avanzare su questa strada, in modo da essere in grado di riconciliare l&#8217;umanit\u00e0 e il mare secondo un modello di sviluppo pi\u00f9 sostenibile&#8221;.<\/p>\n","protected":false},"excerpt":{"rendered":"<p>Oggi \u00e8 la Giornata mondiale degli oceani. Con l&#8217;occasione, il Principe Alberto II ha pubblicato un video in cui ricorda [&hellip;]<\/p>\n","protected":false},"author":66,"featured_media":125267,"comment_status":"closed","ping_status":"closed","sticky":false,"template":"","format":"standard","meta":{"_acf_changed":false,"footnotes":""},"categories":[1742,1826,1738],"tags":[2986],"post_sectags":[],"post_format":[2478],"class_list":["post-125323","post","type-post","status-publish","format-standard","has-post-thumbnail","hentry","category-famiglia-principesca","category-la-nostra-scelta","category-notizie","tag-principe-alberto-ii","format-notizia"],"acf":[],"yoast_head":"<!-- This site is optimized with the Yoast SEO Premium plugin v26.8 (Yoast SEO v27.5) - https:\/\/yoast.com\/product\/yoast-seo-premium-wordpress\/ -->\n<title>Principe Alberto II: &quot;I nostri contemporanei stanno pian piano capendo la necessit\u00e0 di salvaguardare meglio gli oceani&quot;<\/title>\n<meta name=\"description\" content=\"Oggi \u00e8 la Giornata mondiale degli oceani. Con l&#039;occasione, il Principe Alberto II ha pubblicato un video in cui ricorda l&#039;importanza della salvaguardia\" \/>\n<meta name=\"robots\" content=\"index, follow, max-snippet:-1, max-image-preview:large, max-video-preview:-1\" \/>\n<link rel=\"canonical\" href=\"https:\/\/www.monaco-tribune.com\/it\/2022\/06\/principe-alberto-ii-i-nostri-contemporanei-stanno-pian-piano-capendo-la-necessita-di-salvaguardare-meglio-gli-oceani\/\" \/>\n<meta property=\"og:locale\" content=\"it_IT\" \/>\n<meta property=\"og:type\" content=\"article\" \/>\n<meta property=\"og:title\" content=\"Principe Alberto II: &quot;I nostri contemporanei stanno pian piano capendo la necessit\u00e0 di salvaguardare meglio gli oceani&quot; - Monaco Tribune\" \/>\n<meta property=\"og:description\" content=\"Oggi \u00e8 la Giornata mondiale degli oceani. Con l&#039;occasione, il Principe Alberto II ha pubblicato un video in cui ricorda l&#039;importanza della salvaguardia\" \/>\n<meta property=\"og:url\" content=\"https:\/\/www.monaco-tribune.com\/it\/2022\/06\/principe-alberto-ii-i-nostri-contemporanei-stanno-pian-piano-capendo-la-necessita-di-salvaguardare-meglio-gli-oceani\/\" \/>\n<meta property=\"og:site_name\" content=\"Monaco Tribune\" \/>\n<meta property=\"article:publisher\" content=\"https:\/\/www.facebook.com\/MonacoTribune\" \/>\n<meta property=\"article:published_time\" content=\"2022-06-08T15:26:21+00:00\" \/>\n<meta property=\"article:modified_time\" content=\"2022-06-08T15:26:27+00:00\" \/>\n<meta property=\"og:image\" content=\"https:\/\/www.monaco-tribune.com\/wp-content\/uploads\/2022\/06\/screenshot-2022-06-08-11-compressed.jpg\" \/>\n\t<meta property=\"og:image:width\" content=\"1541\" \/>\n\t<meta property=\"og:image:height\" content=\"1027\" \/>\n\t<meta property=\"og:image:type\" content=\"image\/jpeg\" \/>\n<meta name=\"author\" content=\"Th\u00e9o Briand\" \/>\n<meta name=\"twitter:card\" content=\"summary_large_image\" \/>\n<meta name=\"twitter:creator\" content=\"@MonacoTribune\" \/>\n<meta name=\"twitter:site\" content=\"@MonacoTribune\" \/>\n<script type=\"application\/ld+json\" class=\"yoast-schema-graph\">{\"@context\":\"https:\\\/\\\/schema.org\",\"@graph\":[{\"@type\":\"NewsArticle\",\"@id\":\"https:\\\/\\\/www.monaco-tribune.com\\\/it\\\/2022\\\/06\\\/principe-alberto-ii-i-nostri-contemporanei-stanno-pian-piano-capendo-la-necessita-di-salvaguardare-meglio-gli-oceani\\\/#article\",\"isPartOf\":{\"@id\":\"https:\\\/\\\/www.monaco-tribune.com\\\/it\\\/2022\\\/06\\\/principe-alberto-ii-i-nostri-contemporanei-stanno-pian-piano-capendo-la-necessita-di-salvaguardare-meglio-gli-oceani\\\/\"},\"author\":{\"name\":\"Th\u00e9o Briand\",\"@id\":\"https:\\\/\\\/www.monaco-tribune.com\\\/it\\\/#\\\/schema\\\/person\\\/94fb5723547bd83dea1eed97e25145aa\"},\"headline\":\"Principe Alberto II: &#8220;I nostri contemporanei stanno pian piano capendo la necessit\u00e0 di salvaguardare meglio gli oceani&#8221;\",\"datePublished\":\"2022-06-08T15:26:21+00:00\",\"dateModified\":\"2022-06-08T15:26:27+00:00\",\"mainEntityOfPage\":{\"@id\":\"https:\\\/\\\/www.monaco-tribune.com\\\/it\\\/2022\\\/06\\\/principe-alberto-ii-i-nostri-contemporanei-stanno-pian-piano-capendo-la-necessita-di-salvaguardare-meglio-gli-oceani\\\/\"},\"wordCount\":374,\"publisher\":{\"@id\":\"https:\\\/\\\/www.monaco-tribune.com\\\/it\\\/#organization\"},\"image\":{\"@id\":\"https:\\\/\\\/www.monaco-tribune.com\\\/it\\\/2022\\\/06\\\/principe-alberto-ii-i-nostri-contemporanei-stanno-pian-piano-capendo-la-necessita-di-salvaguardare-meglio-gli-oceani\\\/#primaryimage\"},\"thumbnailUrl\":\"https:\\\/\\\/www.monaco-tribune.com\\\/wp-content\\\/uploads\\\/2022\\\/06\\\/screenshot-2022-06-08-11-compressed.jpg\",\"keywords\":[\"Principe Alberto II\"],\"articleSection\":[\"Famiglia Principesca\",\"La nostra scelta\",\"Notizie\"],\"inLanguage\":\"it-IT\",\"copyrightYear\":\"2022\",\"copyrightHolder\":{\"@id\":\"https:\\\/\\\/www.monaco-tribune.com\\\/#organization\"}},{\"@type\":\"WebPage\",\"@id\":\"https:\\\/\\\/www.monaco-tribune.com\\\/it\\\/2022\\\/06\\\/principe-alberto-ii-i-nostri-contemporanei-stanno-pian-piano-capendo-la-necessita-di-salvaguardare-meglio-gli-oceani\\\/\",\"url\":\"https:\\\/\\\/www.monaco-tribune.com\\\/it\\\/2022\\\/06\\\/principe-alberto-ii-i-nostri-contemporanei-stanno-pian-piano-capendo-la-necessita-di-salvaguardare-meglio-gli-oceani\\\/\",\"name\":\"Principe Alberto II: \\\"I nostri contemporanei stanno pian piano capendo la necessit\u00e0 di salvaguardare meglio gli oceani\\\"\",\"isPartOf\":{\"@id\":\"https:\\\/\\\/www.monaco-tribune.com\\\/it\\\/#website\"},\"primaryImageOfPage\":{\"@id\":\"https:\\\/\\\/www.monaco-tribune.com\\\/it\\\/2022\\\/06\\\/principe-alberto-ii-i-nostri-contemporanei-stanno-pian-piano-capendo-la-necessita-di-salvaguardare-meglio-gli-oceani\\\/#primaryimage\"},\"image\":{\"@id\":\"https:\\\/\\\/www.monaco-tribune.com\\\/it\\\/2022\\\/06\\\/principe-alberto-ii-i-nostri-contemporanei-stanno-pian-piano-capendo-la-necessita-di-salvaguardare-meglio-gli-oceani\\\/#primaryimage\"},\"thumbnailUrl\":\"https:\\\/\\\/www.monaco-tribune.com\\\/wp-content\\\/uploads\\\/2022\\\/06\\\/screenshot-2022-06-08-11-compressed.jpg\",\"datePublished\":\"2022-06-08T15:26:21+00:00\",\"dateModified\":\"2022-06-08T15:26:27+00:00\",\"description\":\"Oggi \u00e8 la Giornata mondiale degli oceani. Con l'occasione, il Principe Alberto II ha pubblicato un video in cui ricorda l'importanza della salvaguardia\",\"breadcrumb\":{\"@id\":\"https:\\\/\\\/www.monaco-tribune.com\\\/it\\\/2022\\\/06\\\/principe-alberto-ii-i-nostri-contemporanei-stanno-pian-piano-capendo-la-necessita-di-salvaguardare-meglio-gli-oceani\\\/#breadcrumb\"},\"inLanguage\":\"it-IT\",\"potentialAction\":[{\"@type\":\"ReadAction\",\"target\":[\"https:\\\/\\\/www.monaco-tribune.com\\\/it\\\/2022\\\/06\\\/principe-alberto-ii-i-nostri-contemporanei-stanno-pian-piano-capendo-la-necessita-di-salvaguardare-meglio-gli-oceani\\\/\"]}]},{\"@type\":\"ImageObject\",\"inLanguage\":\"it-IT\",\"@id\":\"https:\\\/\\\/www.monaco-tribune.com\\\/it\\\/2022\\\/06\\\/principe-alberto-ii-i-nostri-contemporanei-stanno-pian-piano-capendo-la-necessita-di-salvaguardare-meglio-gli-oceani\\\/#primaryimage\",\"url\":\"https:\\\/\\\/www.monaco-tribune.com\\\/wp-content\\\/uploads\\\/2022\\\/06\\\/screenshot-2022-06-08-11-compressed.jpg\",\"contentUrl\":\"https:\\\/\\\/www.monaco-tribune.com\\\/wp-content\\\/uploads\\\/2022\\\/06\\\/screenshot-2022-06-08-11-compressed.jpg\",\"width\":1541,\"height\":1027,\"caption\":\"Fondazione Principe Alberto II di Monaco via Facebook\"},{\"@type\":\"BreadcrumbList\",\"@id\":\"https:\\\/\\\/www.monaco-tribune.com\\\/it\\\/2022\\\/06\\\/principe-alberto-ii-i-nostri-contemporanei-stanno-pian-piano-capendo-la-necessita-di-salvaguardare-meglio-gli-oceani\\\/#breadcrumb\",\"itemListElement\":[{\"@type\":\"ListItem\",\"position\":1,\"name\":\"Accueil\",\"item\":\"https:\\\/\\\/www.monaco-tribune.com\\\/it\\\/\"},{\"@type\":\"ListItem\",\"position\":2,\"name\":\"Principe Alberto II: \u00ab\u00a0I nostri contemporanei stanno pian piano capendo la necessit\u00e0 di salvaguardare meglio gli oceani\u00a0\u00bb\"}]},{\"@type\":\"WebSite\",\"@id\":\"https:\\\/\\\/www.monaco-tribune.com\\\/it\\\/#website\",\"url\":\"https:\\\/\\\/www.monaco-tribune.com\\\/it\\\/\",\"name\":\"Monaco Tribune\",\"description\":\"Monaco : actualit\u00e9s \u00e9conomiques, politiques, culturelles et sportives de Monaco et de la French Riviera.\",\"publisher\":{\"@id\":\"https:\\\/\\\/www.monaco-tribune.com\\\/it\\\/#organization\"},\"potentialAction\":[{\"@type\":\"SearchAction\",\"target\":{\"@type\":\"EntryPoint\",\"urlTemplate\":\"https:\\\/\\\/www.monaco-tribune.com\\\/it\\\/?s={search_term_string}\"},\"query-input\":{\"@type\":\"PropertyValueSpecification\",\"valueRequired\":true,\"valueName\":\"search_term_string\"}}],\"inLanguage\":\"it-IT\"},{\"@type\":\"Organization\",\"@id\":\"https:\\\/\\\/www.monaco-tribune.com\\\/it\\\/#organization\",\"name\":\"Monaco Tribune\",\"url\":\"https:\\\/\\\/www.monaco-tribune.com\\\/it\\\/\",\"logo\":{\"@type\":\"ImageObject\",\"inLanguage\":\"it-IT\",\"@id\":\"https:\\\/\\\/www.monaco-tribune.com\\\/it\\\/#\\\/schema\\\/logo\\\/image\\\/\",\"url\":\"https:\\\/\\\/www.monaco-tribune.com\\\/wp-content\\\/uploads\\\/2022\\\/11\\\/logo-monaco-tribune.png\",\"contentUrl\":\"https:\\\/\\\/www.monaco-tribune.com\\\/wp-content\\\/uploads\\\/2022\\\/11\\\/logo-monaco-tribune.png\",\"width\":1548,\"height\":600,\"caption\":\"Monaco Tribune\"},\"image\":{\"@id\":\"https:\\\/\\\/www.monaco-tribune.com\\\/it\\\/#\\\/schema\\\/logo\\\/image\\\/\"},\"sameAs\":[\"https:\\\/\\\/www.facebook.com\\\/MonacoTribune\",\"https:\\\/\\\/x.com\\\/MonacoTribune\",\"https:\\\/\\\/www.instagram.com\\\/monacotribune\\\/\",\"https:\\\/\\\/www.linkedin.com\\\/company\\\/monaco-tribune\",\"https:\\\/\\\/www.youtube.com\\\/channel\\\/UCHle1MnG6hw1y4lWKijVbMA\"]},{\"@type\":\"Person\",\"@id\":\"https:\\\/\\\/www.monaco-tribune.com\\\/it\\\/#\\\/schema\\\/person\\\/94fb5723547bd83dea1eed97e25145aa\",\"name\":\"Th\u00e9o Briand\",\"image\":{\"@type\":\"ImageObject\",\"inLanguage\":\"it-IT\",\"@id\":\"https:\\\/\\\/secure.gravatar.com\\\/avatar\\\/1c02cfd8b8054d8c376f9a942a1dc4dbacfd8ba5e6f8dbb5e16f4aa3d281972a?s=96&d=mm&r=g\",\"url\":\"https:\\\/\\\/secure.gravatar.com\\\/avatar\\\/1c02cfd8b8054d8c376f9a942a1dc4dbacfd8ba5e6f8dbb5e16f4aa3d281972a?s=96&d=mm&r=g\",\"contentUrl\":\"https:\\\/\\\/secure.gravatar.com\\\/avatar\\\/1c02cfd8b8054d8c376f9a942a1dc4dbacfd8ba5e6f8dbb5e16f4aa3d281972a?s=96&d=mm&r=g\",\"caption\":\"Th\u00e9o Briand\"},\"url\":\"https:\\\/\\\/www.monaco-tribune.com\\\/it\\\/author\\\/theobriand\\\/\"}]}<\/script>\n<!-- \/ Yoast SEO Premium plugin. -->","yoast_head_json":{"title":"Principe Alberto II: \"I nostri contemporanei stanno pian piano capendo la necessit\u00e0 di salvaguardare meglio gli oceani\"","description":"Oggi \u00e8 la Giornata mondiale degli oceani. Con l'occasione, il Principe Alberto II ha pubblicato un video in cui ricorda l'importanza della salvaguardia","robots":{"index":"index","follow":"follow","max-snippet":"max-snippet:-1","max-image-preview":"max-image-preview:large","max-video-preview":"max-video-preview:-1"},"canonical":"https:\/\/www.monaco-tribune.com\/it\/2022\/06\/principe-alberto-ii-i-nostri-contemporanei-stanno-pian-piano-capendo-la-necessita-di-salvaguardare-meglio-gli-oceani\/","og_locale":"it_IT","og_type":"article","og_title":"Principe Alberto II: \"I nostri contemporanei stanno pian piano capendo la necessit\u00e0 di salvaguardare meglio gli oceani\" - Monaco Tribune","og_description":"Oggi \u00e8 la Giornata mondiale degli oceani. Con l'occasione, il Principe Alberto II ha pubblicato un video in cui ricorda l'importanza della salvaguardia","og_url":"https:\/\/www.monaco-tribune.com\/it\/2022\/06\/principe-alberto-ii-i-nostri-contemporanei-stanno-pian-piano-capendo-la-necessita-di-salvaguardare-meglio-gli-oceani\/","og_site_name":"Monaco Tribune","article_publisher":"https:\/\/www.facebook.com\/MonacoTribune","article_published_time":"2022-06-08T15:26:21+00:00","article_modified_time":"2022-06-08T15:26:27+00:00","og_image":[{"width":1541,"height":1027,"url":"https:\/\/www.monaco-tribune.com\/wp-content\/uploads\/2022\/06\/screenshot-2022-06-08-11-compressed.jpg","type":"image\/jpeg"}],"author":"Th\u00e9o Briand","twitter_card":"summary_large_image","twitter_creator":"@MonacoTribune","twitter_site":"@MonacoTribune","schema":{"@context":"https:\/\/schema.org","@graph":[{"@type":"NewsArticle","@id":"https:\/\/www.monaco-tribune.com\/it\/2022\/06\/principe-alberto-ii-i-nostri-contemporanei-stanno-pian-piano-capendo-la-necessita-di-salvaguardare-meglio-gli-oceani\/#article","isPartOf":{"@id":"https:\/\/www.monaco-tribune.com\/it\/2022\/06\/principe-alberto-ii-i-nostri-contemporanei-stanno-pian-piano-capendo-la-necessita-di-salvaguardare-meglio-gli-oceani\/"},"author":{"name":"Th\u00e9o Briand","@id":"https:\/\/www.monaco-tribune.com\/it\/#\/schema\/person\/94fb5723547bd83dea1eed97e25145aa"},"headline":"Principe Alberto II: &#8220;I nostri contemporanei stanno pian piano capendo la necessit\u00e0 di salvaguardare meglio gli oceani&#8221;","datePublished":"2022-06-08T15:26:21+00:00","dateModified":"2022-06-08T15:26:27+00:00","mainEntityOfPage":{"@id":"https:\/\/www.monaco-tribune.com\/it\/2022\/06\/principe-alberto-ii-i-nostri-contemporanei-stanno-pian-piano-capendo-la-necessita-di-salvaguardare-meglio-gli-oceani\/"},"wordCount":374,"publisher":{"@id":"https:\/\/www.monaco-tribune.com\/it\/#organization"},"image":{"@id":"https:\/\/www.monaco-tribune.com\/it\/2022\/06\/principe-alberto-ii-i-nostri-contemporanei-stanno-pian-piano-capendo-la-necessita-di-salvaguardare-meglio-gli-oceani\/#primaryimage"},"thumbnailUrl":"https:\/\/www.monaco-tribune.com\/wp-content\/uploads\/2022\/06\/screenshot-2022-06-08-11-compressed.jpg","keywords":["Principe Alberto II"],"articleSection":["Famiglia Principesca","La nostra scelta","Notizie"],"inLanguage":"it-IT","copyrightYear":"2022","copyrightHolder":{"@id":"https:\/\/www.monaco-tribune.com\/#organization"}},{"@type":"WebPage","@id":"https:\/\/www.monaco-tribune.com\/it\/2022\/06\/principe-alberto-ii-i-nostri-contemporanei-stanno-pian-piano-capendo-la-necessita-di-salvaguardare-meglio-gli-oceani\/","url":"https:\/\/www.monaco-tribune.com\/it\/2022\/06\/principe-alberto-ii-i-nostri-contemporanei-stanno-pian-piano-capendo-la-necessita-di-salvaguardare-meglio-gli-oceani\/","name":"Principe Alberto II: \"I nostri contemporanei stanno pian piano capendo la necessit\u00e0 di salvaguardare meglio gli oceani\"","isPartOf":{"@id":"https:\/\/www.monaco-tribune.com\/it\/#website"},"primaryImageOfPage":{"@id":"https:\/\/www.monaco-tribune.com\/it\/2022\/06\/principe-alberto-ii-i-nostri-contemporanei-stanno-pian-piano-capendo-la-necessita-di-salvaguardare-meglio-gli-oceani\/#primaryimage"},"image":{"@id":"https:\/\/www.monaco-tribune.com\/it\/2022\/06\/principe-alberto-ii-i-nostri-contemporanei-stanno-pian-piano-capendo-la-necessita-di-salvaguardare-meglio-gli-oceani\/#primaryimage"},"thumbnailUrl":"https:\/\/www.monaco-tribune.com\/wp-content\/uploads\/2022\/06\/screenshot-2022-06-08-11-compressed.jpg","datePublished":"2022-06-08T15:26:21+00:00","dateModified":"2022-06-08T15:26:27+00:00","description":"Oggi \u00e8 la Giornata mondiale degli oceani. Con l'occasione, il Principe Alberto II ha pubblicato un video in cui ricorda l'importanza della salvaguardia","breadcrumb":{"@id":"https:\/\/www.monaco-tribune.com\/it\/2022\/06\/principe-alberto-ii-i-nostri-contemporanei-stanno-pian-piano-capendo-la-necessita-di-salvaguardare-meglio-gli-oceani\/#breadcrumb"},"inLanguage":"it-IT","potentialAction":[{"@type":"ReadAction","target":["https:\/\/www.monaco-tribune.com\/it\/2022\/06\/principe-alberto-ii-i-nostri-contemporanei-stanno-pian-piano-capendo-la-necessita-di-salvaguardare-meglio-gli-oceani\/"]}]},{"@type":"ImageObject","inLanguage":"it-IT","@id":"https:\/\/www.monaco-tribune.com\/it\/2022\/06\/principe-alberto-ii-i-nostri-contemporanei-stanno-pian-piano-capendo-la-necessita-di-salvaguardare-meglio-gli-oceani\/#primaryimage","url":"https:\/\/www.monaco-tribune.com\/wp-content\/uploads\/2022\/06\/screenshot-2022-06-08-11-compressed.jpg","contentUrl":"https:\/\/www.monaco-tribune.com\/wp-content\/uploads\/2022\/06\/screenshot-2022-06-08-11-compressed.jpg","width":1541,"height":1027,"caption":"Fondazione Principe Alberto II di Monaco via Facebook"},{"@type":"BreadcrumbList","@id":"https:\/\/www.monaco-tribune.com\/it\/2022\/06\/principe-alberto-ii-i-nostri-contemporanei-stanno-pian-piano-capendo-la-necessita-di-salvaguardare-meglio-gli-oceani\/#breadcrumb","itemListElement":[{"@type":"ListItem","position":1,"name":"Accueil","item":"https:\/\/www.monaco-tribune.com\/it\/"},{"@type":"ListItem","position":2,"name":"Principe Alberto II: \u00ab\u00a0I nostri contemporanei stanno pian piano capendo la necessit\u00e0 di salvaguardare meglio gli oceani\u00a0\u00bb"}]},{"@type":"WebSite","@id":"https:\/\/www.monaco-tribune.com\/it\/#website","url":"https:\/\/www.monaco-tribune.com\/it\/","name":"Monaco Tribune","description":"Monaco : actualit\u00e9s \u00e9conomiques, politiques, culturelles et sportives de Monaco et de la French Riviera.","publisher":{"@id":"https:\/\/www.monaco-tribune.com\/it\/#organization"},"potentialAction":[{"@type":"SearchAction","target":{"@type":"EntryPoint","urlTemplate":"https:\/\/www.monaco-tribune.com\/it\/?s={search_term_string}"},"query-input":{"@type":"PropertyValueSpecification","valueRequired":true,"valueName":"search_term_string"}}],"inLanguage":"it-IT"},{"@type":"Organization","@id":"https:\/\/www.monaco-tribune.com\/it\/#organization","name":"Monaco Tribune","url":"https:\/\/www.monaco-tribune.com\/it\/","logo":{"@type":"ImageObject","inLanguage":"it-IT","@id":"https:\/\/www.monaco-tribune.com\/it\/#\/schema\/logo\/image\/","url":"https:\/\/www.monaco-tribune.com\/wp-content\/uploads\/2022\/11\/logo-monaco-tribune.png","contentUrl":"https:\/\/www.monaco-tribune.com\/wp-content\/uploads\/2022\/11\/logo-monaco-tribune.png","width":1548,"height":600,"caption":"Monaco Tribune"},"image":{"@id":"https:\/\/www.monaco-tribune.com\/it\/#\/schema\/logo\/image\/"},"sameAs":["https:\/\/www.facebook.com\/MonacoTribune","https:\/\/x.com\/MonacoTribune","https:\/\/www.instagram.com\/monacotribune\/","https:\/\/www.linkedin.com\/company\/monaco-tribune","https:\/\/www.youtube.com\/channel\/UCHle1MnG6hw1y4lWKijVbMA"]},{"@type":"Person","@id":"https:\/\/www.monaco-tribune.com\/it\/#\/schema\/person\/94fb5723547bd83dea1eed97e25145aa","name":"Th\u00e9o Briand","image":{"@type":"ImageObject","inLanguage":"it-IT","@id":"https:\/\/secure.gravatar.com\/avatar\/1c02cfd8b8054d8c376f9a942a1dc4dbacfd8ba5e6f8dbb5e16f4aa3d281972a?s=96&d=mm&r=g","url":"https:\/\/secure.gravatar.com\/avatar\/1c02cfd8b8054d8c376f9a942a1dc4dbacfd8ba5e6f8dbb5e16f4aa3d281972a?s=96&d=mm&r=g","contentUrl":"https:\/\/secure.gravatar.com\/avatar\/1c02cfd8b8054d8c376f9a942a1dc4dbacfd8ba5e6f8dbb5e16f4aa3d281972a?s=96&d=mm&r=g","caption":"Th\u00e9o Briand"},"url":"https:\/\/www.monaco-tribune.com\/it\/author\/theobriand\/"}]}},"_links":{"self":[{"href":"https:\/\/www.monaco-tribune.com\/it\/wp-json\/wp\/v2\/posts\/125323","targetHints":{"allow":["GET"]}}],"collection":[{"href":"https:\/\/www.monaco-tribune.com\/it\/wp-json\/wp\/v2\/posts"}],"about":[{"href":"https:\/\/www.monaco-tribune.com\/it\/wp-json\/wp\/v2\/types\/post"}],"author":[{"embeddable":true,"href":"https:\/\/www.monaco-tribune.com\/it\/wp-json\/wp\/v2\/users\/66"}],"replies":[{"embeddable":true,"href":"https:\/\/www.monaco-tribune.com\/it\/wp-json\/wp\/v2\/comments?post=125323"}],"version-history":[{"count":0,"href":"https:\/\/www.monaco-tribune.com\/it\/wp-json\/wp\/v2\/posts\/125323\/revisions"}],"wp:featuredmedia":[{"embeddable":true,"href":"https:\/\/www.monaco-tribune.com\/it\/wp-json\/wp\/v2\/media\/125267"}],"wp:attachment":[{"href":"https:\/\/www.monaco-tribune.com\/it\/wp-json\/wp\/v2\/media?parent=125323"}],"wp:term":[{"taxonomy":"category","embeddable":true,"href":"https:\/\/www.monaco-tribune.com\/it\/wp-json\/wp\/v2\/categories?post=125323"},{"taxonomy":"post_tag","embeddable":true,"href":"https:\/\/www.monaco-tribune.com\/it\/wp-json\/wp\/v2\/tags?post=125323"},{"taxonomy":"sectag","embeddable":true,"href":"https:\/\/www.monaco-tribune.com\/it\/wp-json\/wp\/v2\/post_sectags?post=125323"},{"taxonomy":"format","embeddable":true,"href":"https:\/\/www.monaco-tribune.com\/it\/wp-json\/wp\/v2\/post_format?post=125323"}],"curies":[{"name":"wp","href":"https:\/\/api.w.org\/{rel}","templated":true}]}}