{"id":125843,"date":"2022-06-13T13:35:09","date_gmt":"2022-06-13T11:35:09","guid":{"rendered":"https:\/\/www.monaco-tribune.com\/2022\/06\/formula-1-il-futuro-del-gran-premio-di-monaco-e-ancora-in-bilico\/"},"modified":"2022-06-13T13:35:30","modified_gmt":"2022-06-13T11:35:30","slug":"formula-1-il-futuro-del-gran-premio-di-monaco-e-ancora-in-bilico","status":"publish","type":"post","link":"https:\/\/www.monaco-tribune.com\/it\/2022\/06\/formula-1-il-futuro-del-gran-premio-di-monaco-e-ancora-in-bilico\/","title":{"rendered":"Formula 1: il futuro del Gran Premio di Monaco \u00e8 ancora in bilico?"},"content":{"rendered":"\n<p><strong>Nonostante il Gran Premio di Monaco che si \u00e8 svolto a fine maggio sia stato un vero successo, registrando numeri ancora pi\u00f9 alti del 2019, sembra ancora non essere confermata la sua presenza nel calendario del campionato del mondo 2023.<\/strong><\/p>\n\n<p>Non ci sono dubbi, il Gran Premio di Monaco \u00e8 sempre un sogno per i fan della Formula 1. &#8220;Il miglior Gran Premio della stagione&#8221; per alcuni, &#8220;il pi\u00f9 leggendario&#8221; per altri, il prestigioso circuito del Principato \u00e8 sempre acclamato dai fan.<\/p>\n\n<h2 class=\"wp-block-heading\" id=\"h-des-grand-prix-historiques-menaces-au-profit-du-business\">Gran Premi storici in pericolo in nome del denaro?<\/h2>\n\n<p>Lo stesso vale per alcuni piloti, tra cui chiaramente Charles Leclerc. &#8220;La Formula 1 senza Monaco non \u00e8 pi\u00f9 la Formula 1&#8221;, ha dichiarato alla fine della corsa. &#8220;La Formula 1 ha una storia, ha dei circuiti storici come Silverstone, Monza e Monaco, e per me deve essere cos\u00ec&#8221;.<\/p>\n\n<p>Dal 2017, con l&#8217;acquisto della F1 da parte del gruppo americano Liberty Media, che possiede i diritti commerciali della disciplina, diversi Gran Premi europei sono in pericolo. Il Gran Premio di Francia e il Gran Premio del Belgio sono ancora in discussione, cos\u00ec come il Gran Premio di Spagna e il Gran Premio di Monaco.<\/p>\n\n<p><strong>LEGGI ANCHE:<\/strong> <a href=\"https:\/\/www.monaco-tribune.com\/it\/2022\/05\/i-momenti-salienti-della-79a-edizione-del-gran-premio-di-monaco-di-formula-1\/\">I momenti salienti della 79\u00aa edizione del Gran Premio di Monaco di Formula 1?<\/a><\/p>\n\n<p>Nonostante il presidente dell&#8217;Automobile Club de Monaco, Michel Boeri, <a href=\"https:\/\/www.monaco-tribune.com\/it\/2022\/04\/il-futuro-del-gran-premio-di-monaco-non-e-a-rischio\/\">ha voluto rassicurare i fan di recente<\/a> assicurando che &#8220;il Gran Premio continuer\u00e0&#8221;, l&#8217;incertezza sulla presenza del prestigioso appuntamento monegasco nel calendario 2023\u00a0 sembra non essersi dissipata.<\/p>\n\n<p>&#8220;Stiamo affrontando una negoziazione difficile perch\u00e9 siamo partiti da una negoziazione in stile &#8220;europeo&#8221; con Bernie Ecclestone, a una pi\u00f9 &#8220;business&#8221; con la societ\u00e0 con cui stiamo trattando che \u00e8 prettamente americana&#8221;, ha spiegato Michel Boeri a Monaco Matin.<\/p>\n\n<p>&#8220;Quando sono nati i Gran Premi in Europa, e quando erano guidati da europei, ruotava tutto attorno alla tradizione e alla storia di ogni Gran Premio. I soldi erano sicuramente importanti ma non erano la cosa principale. Oggi, se si pensa ai paesi del Golfo, sono tutti disposti a pagare dai 50 ai 100 milioni di dollari&#8221;.<\/p>\n\n<h2 class=\"wp-block-heading\">Prevista qualche modifica al circuito?<\/h2>\n\n<p>La notizia della possibile cancellazione desta non poche preoccupazioni in Charles Leclerc, che corre ancora dietro alla sua prima vittoria in casa. Regolarmente criticato per la mancanza di spettacolo durante la gara, il tracciato del Gran Premio di Monaco potrebbe subire qualche modifica per rendere la corsa pi\u00f9 accattivante l&#8217;anno prossimo. O almeno \u00e8 quello che pensa Leclerc.<\/p>\n\n<p>&#8220;Sono d&#8217;accordo con il fatto che si potrebbero cambiare alcune cose qui e l\u00e0, per cercare di facilitare i sorpassi, perch\u00e9 le vetture sono cambiate, si sono evolute, e forse non \u00e8 la migliore pista per i sorpassi&#8221;, riconosce il pilota monegasco. &#8220;Ma per noi piloti resta una delle sfide pi\u00f9 difficile dell&#8217;anno&#8221;.<\/p>\n\n<p><strong>LEGGI ANCHE:<\/strong> <a href=\"https:\/\/www.monaco-tribune.com\/it\/2022\/06\/bilancio-piu-che-positivo-per-il-gran-premio-di-monaco-2022\/\">Bilancio pi\u00f9 che positivo per il Gran Premio di Monaco 2022<\/a><\/p>\n\n<p>Su questo punto, difficile contraddire il pilota della scuderia Ferrari. Non resta che sperare che Liberty Media prenda in considerazione queste argomentazioni e che la pressione dei fan e il peso dell&#8217;Automobile Club de Monaco siano sufficienti a tenere in vita una delle corse automobilistiche pi\u00f9 leggendarie. Perch\u00e9 secondo Michel Boeri, ogni Gran Premio deve conservare le sue particolarit\u00e0 e non essere snaturato.<\/p>\n\n<p>&#8220;Quando riescono ad attirare un nuovo Gran Premio, loro (Liberty Media, ndr) si occupano della pista, del marketing, dell&#8217;accreditamento stampa, proprio di tutto. Ma la particolarit\u00e0 di ciascuno \u00e8 essenziale. Per noi, l&#8217;immagine di Monaco non \u00e8 solo data dal circuito, ma anche dal contesto eccezionale, dalla tradizione, dal suo decoro e dalla qualit\u00e0 dell&#8217;accoglienza&#8221;.<\/p>\n","protected":false},"excerpt":{"rendered":"<p>Nonostante il Gran Premio di Monaco che si \u00e8 svolto a fine maggio sia stato un vero successo, registrando numeri [&hellip;]<\/p>\n","protected":false},"author":24,"featured_media":125429,"comment_status":"closed","ping_status":"closed","sticky":false,"template":"","format":"standard","meta":{"_acf_changed":false,"footnotes":""},"categories":[1738,1743],"tags":[],"post_sectags":[],"post_format":[2478],"class_list":["post-125843","post","type-post","status-publish","format-standard","has-post-thumbnail","hentry","category-notizie","category-sport-it","format-notizia"],"acf":[],"yoast_head":"<!-- This site is optimized with the Yoast SEO Premium plugin v26.8 (Yoast SEO v27.4) - https:\/\/yoast.com\/product\/yoast-seo-premium-wordpress\/ -->\n<title>Formula 1: il futuro del Gran Premio di Monaco \u00e8 ancora in bilico?<\/title>\n<meta name=\"description\" content=\"Nonostante il Gran Premio di Monaco che si \u00e8 svolto a fine maggio sia stato un vero successo, registrando numeri ancora pi\u00f9 alti del 2019, sembra ancora\" \/>\n<meta name=\"robots\" content=\"index, follow, max-snippet:-1, max-image-preview:large, max-video-preview:-1\" \/>\n<link rel=\"canonical\" href=\"https:\/\/www.monaco-tribune.com\/it\/2022\/06\/formula-1-il-futuro-del-gran-premio-di-monaco-e-ancora-in-bilico\/\" \/>\n<meta property=\"og:locale\" content=\"it_IT\" \/>\n<meta property=\"og:type\" content=\"article\" \/>\n<meta property=\"og:title\" content=\"Formula 1: il futuro del Gran Premio di Monaco \u00e8 ancora in bilico? - Monaco Tribune\" \/>\n<meta property=\"og:description\" content=\"Nonostante il Gran Premio di Monaco che si \u00e8 svolto a fine maggio sia stato un vero successo, registrando numeri ancora pi\u00f9 alti del 2019, sembra ancora\" \/>\n<meta property=\"og:url\" content=\"https:\/\/www.monaco-tribune.com\/it\/2022\/06\/formula-1-il-futuro-del-gran-premio-di-monaco-e-ancora-in-bilico\/\" \/>\n<meta property=\"og:site_name\" content=\"Monaco Tribune\" \/>\n<meta property=\"article:publisher\" content=\"https:\/\/www.facebook.com\/MonacoTribune\" \/>\n<meta property=\"article:published_time\" content=\"2022-06-13T11:35:09+00:00\" \/>\n<meta property=\"article:modified_time\" content=\"2022-06-13T11:35:30+00:00\" \/>\n<meta property=\"og:image\" content=\"https:\/\/www.monaco-tribune.com\/wp-content\/uploads\/2022\/06\/grand-prix-monaco-min.jpeg\" \/>\n\t<meta property=\"og:image:width\" content=\"1024\" \/>\n\t<meta property=\"og:image:height\" content=\"619\" \/>\n\t<meta property=\"og:image:type\" content=\"image\/jpeg\" \/>\n<meta name=\"author\" content=\"Romain Boisaubert\" \/>\n<meta name=\"twitter:card\" content=\"summary_large_image\" \/>\n<meta name=\"twitter:creator\" content=\"@MonacoTribune\" \/>\n<meta name=\"twitter:site\" content=\"@MonacoTribune\" \/>\n<script type=\"application\/ld+json\" class=\"yoast-schema-graph\">{\"@context\":\"https:\\\/\\\/schema.org\",\"@graph\":[{\"@type\":\"NewsArticle\",\"@id\":\"https:\\\/\\\/www.monaco-tribune.com\\\/it\\\/2022\\\/06\\\/formula-1-il-futuro-del-gran-premio-di-monaco-e-ancora-in-bilico\\\/#article\",\"isPartOf\":{\"@id\":\"https:\\\/\\\/www.monaco-tribune.com\\\/it\\\/2022\\\/06\\\/formula-1-il-futuro-del-gran-premio-di-monaco-e-ancora-in-bilico\\\/\"},\"author\":{\"name\":\"Romain Boisaubert\",\"@id\":\"https:\\\/\\\/www.monaco-tribune.com\\\/it\\\/#\\\/schema\\\/person\\\/330a3732947cf8cb41b2533a0eadd62e\"},\"headline\":\"Formula 1: il futuro del Gran Premio di Monaco \u00e8 ancora in bilico?\",\"datePublished\":\"2022-06-13T11:35:09+00:00\",\"dateModified\":\"2022-06-13T11:35:30+00:00\",\"mainEntityOfPage\":{\"@id\":\"https:\\\/\\\/www.monaco-tribune.com\\\/it\\\/2022\\\/06\\\/formula-1-il-futuro-del-gran-premio-di-monaco-e-ancora-in-bilico\\\/\"},\"wordCount\":589,\"publisher\":{\"@id\":\"https:\\\/\\\/www.monaco-tribune.com\\\/it\\\/#organization\"},\"image\":{\"@id\":\"https:\\\/\\\/www.monaco-tribune.com\\\/it\\\/2022\\\/06\\\/formula-1-il-futuro-del-gran-premio-di-monaco-e-ancora-in-bilico\\\/#primaryimage\"},\"thumbnailUrl\":\"https:\\\/\\\/www.monaco-tribune.com\\\/wp-content\\\/uploads\\\/2022\\\/06\\\/grand-prix-monaco-min.jpeg\",\"articleSection\":[\"Notizie\",\"Sport\"],\"inLanguage\":\"it-IT\",\"copyrightYear\":\"2022\",\"copyrightHolder\":{\"@id\":\"https:\\\/\\\/www.monaco-tribune.com\\\/#organization\"}},{\"@type\":\"WebPage\",\"@id\":\"https:\\\/\\\/www.monaco-tribune.com\\\/it\\\/2022\\\/06\\\/formula-1-il-futuro-del-gran-premio-di-monaco-e-ancora-in-bilico\\\/\",\"url\":\"https:\\\/\\\/www.monaco-tribune.com\\\/it\\\/2022\\\/06\\\/formula-1-il-futuro-del-gran-premio-di-monaco-e-ancora-in-bilico\\\/\",\"name\":\"Formula 1: il futuro del Gran Premio di Monaco \u00e8 ancora in bilico?\",\"isPartOf\":{\"@id\":\"https:\\\/\\\/www.monaco-tribune.com\\\/it\\\/#website\"},\"primaryImageOfPage\":{\"@id\":\"https:\\\/\\\/www.monaco-tribune.com\\\/it\\\/2022\\\/06\\\/formula-1-il-futuro-del-gran-premio-di-monaco-e-ancora-in-bilico\\\/#primaryimage\"},\"image\":{\"@id\":\"https:\\\/\\\/www.monaco-tribune.com\\\/it\\\/2022\\\/06\\\/formula-1-il-futuro-del-gran-premio-di-monaco-e-ancora-in-bilico\\\/#primaryimage\"},\"thumbnailUrl\":\"https:\\\/\\\/www.monaco-tribune.com\\\/wp-content\\\/uploads\\\/2022\\\/06\\\/grand-prix-monaco-min.jpeg\",\"datePublished\":\"2022-06-13T11:35:09+00:00\",\"dateModified\":\"2022-06-13T11:35:30+00:00\",\"description\":\"Nonostante il Gran Premio di Monaco che si \u00e8 svolto a fine maggio sia stato un vero successo, registrando numeri ancora pi\u00f9 alti del 2019, sembra ancora\",\"breadcrumb\":{\"@id\":\"https:\\\/\\\/www.monaco-tribune.com\\\/it\\\/2022\\\/06\\\/formula-1-il-futuro-del-gran-premio-di-monaco-e-ancora-in-bilico\\\/#breadcrumb\"},\"inLanguage\":\"it-IT\",\"potentialAction\":[{\"@type\":\"ReadAction\",\"target\":[\"https:\\\/\\\/www.monaco-tribune.com\\\/it\\\/2022\\\/06\\\/formula-1-il-futuro-del-gran-premio-di-monaco-e-ancora-in-bilico\\\/\"]}]},{\"@type\":\"ImageObject\",\"inLanguage\":\"it-IT\",\"@id\":\"https:\\\/\\\/www.monaco-tribune.com\\\/it\\\/2022\\\/06\\\/formula-1-il-futuro-del-gran-premio-di-monaco-e-ancora-in-bilico\\\/#primaryimage\",\"url\":\"https:\\\/\\\/www.monaco-tribune.com\\\/wp-content\\\/uploads\\\/2022\\\/06\\\/grand-prix-monaco-min.jpeg\",\"contentUrl\":\"https:\\\/\\\/www.monaco-tribune.com\\\/wp-content\\\/uploads\\\/2022\\\/06\\\/grand-prix-monaco-min.jpeg\",\"width\":1024,\"height\":619,\"caption\":\"\u00a9 ACM\"},{\"@type\":\"BreadcrumbList\",\"@id\":\"https:\\\/\\\/www.monaco-tribune.com\\\/it\\\/2022\\\/06\\\/formula-1-il-futuro-del-gran-premio-di-monaco-e-ancora-in-bilico\\\/#breadcrumb\",\"itemListElement\":[{\"@type\":\"ListItem\",\"position\":1,\"name\":\"Accueil\",\"item\":\"https:\\\/\\\/www.monaco-tribune.com\\\/it\\\/\"},{\"@type\":\"ListItem\",\"position\":2,\"name\":\"Formula 1: il futuro del Gran Premio di Monaco \u00e8 ancora in bilico?\"}]},{\"@type\":\"WebSite\",\"@id\":\"https:\\\/\\\/www.monaco-tribune.com\\\/it\\\/#website\",\"url\":\"https:\\\/\\\/www.monaco-tribune.com\\\/it\\\/\",\"name\":\"Monaco Tribune\",\"description\":\"Monaco : actualit\u00e9s \u00e9conomiques, politiques, culturelles et sportives de Monaco et de la French Riviera.\",\"publisher\":{\"@id\":\"https:\\\/\\\/www.monaco-tribune.com\\\/it\\\/#organization\"},\"potentialAction\":[{\"@type\":\"SearchAction\",\"target\":{\"@type\":\"EntryPoint\",\"urlTemplate\":\"https:\\\/\\\/www.monaco-tribune.com\\\/it\\\/?s={search_term_string}\"},\"query-input\":{\"@type\":\"PropertyValueSpecification\",\"valueRequired\":true,\"valueName\":\"search_term_string\"}}],\"inLanguage\":\"it-IT\"},{\"@type\":\"Organization\",\"@id\":\"https:\\\/\\\/www.monaco-tribune.com\\\/it\\\/#organization\",\"name\":\"Monaco Tribune\",\"url\":\"https:\\\/\\\/www.monaco-tribune.com\\\/it\\\/\",\"logo\":{\"@type\":\"ImageObject\",\"inLanguage\":\"it-IT\",\"@id\":\"https:\\\/\\\/www.monaco-tribune.com\\\/it\\\/#\\\/schema\\\/logo\\\/image\\\/\",\"url\":\"https:\\\/\\\/www.monaco-tribune.com\\\/wp-content\\\/uploads\\\/2022\\\/11\\\/logo-monaco-tribune.png\",\"contentUrl\":\"https:\\\/\\\/www.monaco-tribune.com\\\/wp-content\\\/uploads\\\/2022\\\/11\\\/logo-monaco-tribune.png\",\"width\":1548,\"height\":600,\"caption\":\"Monaco Tribune\"},\"image\":{\"@id\":\"https:\\\/\\\/www.monaco-tribune.com\\\/it\\\/#\\\/schema\\\/logo\\\/image\\\/\"},\"sameAs\":[\"https:\\\/\\\/www.facebook.com\\\/MonacoTribune\",\"https:\\\/\\\/x.com\\\/MonacoTribune\",\"https:\\\/\\\/www.instagram.com\\\/monacotribune\\\/\",\"https:\\\/\\\/www.linkedin.com\\\/company\\\/monaco-tribune\",\"https:\\\/\\\/www.youtube.com\\\/channel\\\/UCHle1MnG6hw1y4lWKijVbMA\"]},{\"@type\":\"Person\",\"@id\":\"https:\\\/\\\/www.monaco-tribune.com\\\/it\\\/#\\\/schema\\\/person\\\/330a3732947cf8cb41b2533a0eadd62e\",\"name\":\"Romain Boisaubert\",\"image\":{\"@type\":\"ImageObject\",\"inLanguage\":\"it-IT\",\"@id\":\"https:\\\/\\\/secure.gravatar.com\\\/avatar\\\/f8b90d41f1eabd1cbe4cf59e09d8db41a697d51919bf2dfe727589a24a4a4d54?s=96&d=mm&r=g\",\"url\":\"https:\\\/\\\/secure.gravatar.com\\\/avatar\\\/f8b90d41f1eabd1cbe4cf59e09d8db41a697d51919bf2dfe727589a24a4a4d54?s=96&d=mm&r=g\",\"contentUrl\":\"https:\\\/\\\/secure.gravatar.com\\\/avatar\\\/f8b90d41f1eabd1cbe4cf59e09d8db41a697d51919bf2dfe727589a24a4a4d54?s=96&d=mm&r=g\",\"caption\":\"Romain Boisaubert\"},\"description\":\"Test bio\",\"url\":\"https:\\\/\\\/www.monaco-tribune.com\\\/it\\\/author\\\/romain-boisaubert\\\/\"}]}<\/script>\n<!-- \/ Yoast SEO Premium plugin. -->","yoast_head_json":{"title":"Formula 1: il futuro del Gran Premio di Monaco \u00e8 ancora in bilico?","description":"Nonostante il Gran Premio di Monaco che si \u00e8 svolto a fine maggio sia stato un vero successo, registrando numeri ancora pi\u00f9 alti del 2019, sembra ancora","robots":{"index":"index","follow":"follow","max-snippet":"max-snippet:-1","max-image-preview":"max-image-preview:large","max-video-preview":"max-video-preview:-1"},"canonical":"https:\/\/www.monaco-tribune.com\/it\/2022\/06\/formula-1-il-futuro-del-gran-premio-di-monaco-e-ancora-in-bilico\/","og_locale":"it_IT","og_type":"article","og_title":"Formula 1: il futuro del Gran Premio di Monaco \u00e8 ancora in bilico? - Monaco Tribune","og_description":"Nonostante il Gran Premio di Monaco che si \u00e8 svolto a fine maggio sia stato un vero successo, registrando numeri ancora pi\u00f9 alti del 2019, sembra ancora","og_url":"https:\/\/www.monaco-tribune.com\/it\/2022\/06\/formula-1-il-futuro-del-gran-premio-di-monaco-e-ancora-in-bilico\/","og_site_name":"Monaco Tribune","article_publisher":"https:\/\/www.facebook.com\/MonacoTribune","article_published_time":"2022-06-13T11:35:09+00:00","article_modified_time":"2022-06-13T11:35:30+00:00","og_image":[{"width":1024,"height":619,"url":"https:\/\/www.monaco-tribune.com\/wp-content\/uploads\/2022\/06\/grand-prix-monaco-min.jpeg","type":"image\/jpeg"}],"author":"Romain Boisaubert","twitter_card":"summary_large_image","twitter_creator":"@MonacoTribune","twitter_site":"@MonacoTribune","schema":{"@context":"https:\/\/schema.org","@graph":[{"@type":"NewsArticle","@id":"https:\/\/www.monaco-tribune.com\/it\/2022\/06\/formula-1-il-futuro-del-gran-premio-di-monaco-e-ancora-in-bilico\/#article","isPartOf":{"@id":"https:\/\/www.monaco-tribune.com\/it\/2022\/06\/formula-1-il-futuro-del-gran-premio-di-monaco-e-ancora-in-bilico\/"},"author":{"name":"Romain Boisaubert","@id":"https:\/\/www.monaco-tribune.com\/it\/#\/schema\/person\/330a3732947cf8cb41b2533a0eadd62e"},"headline":"Formula 1: il futuro del Gran Premio di Monaco \u00e8 ancora in bilico?","datePublished":"2022-06-13T11:35:09+00:00","dateModified":"2022-06-13T11:35:30+00:00","mainEntityOfPage":{"@id":"https:\/\/www.monaco-tribune.com\/it\/2022\/06\/formula-1-il-futuro-del-gran-premio-di-monaco-e-ancora-in-bilico\/"},"wordCount":589,"publisher":{"@id":"https:\/\/www.monaco-tribune.com\/it\/#organization"},"image":{"@id":"https:\/\/www.monaco-tribune.com\/it\/2022\/06\/formula-1-il-futuro-del-gran-premio-di-monaco-e-ancora-in-bilico\/#primaryimage"},"thumbnailUrl":"https:\/\/www.monaco-tribune.com\/wp-content\/uploads\/2022\/06\/grand-prix-monaco-min.jpeg","articleSection":["Notizie","Sport"],"inLanguage":"it-IT","copyrightYear":"2022","copyrightHolder":{"@id":"https:\/\/www.monaco-tribune.com\/#organization"}},{"@type":"WebPage","@id":"https:\/\/www.monaco-tribune.com\/it\/2022\/06\/formula-1-il-futuro-del-gran-premio-di-monaco-e-ancora-in-bilico\/","url":"https:\/\/www.monaco-tribune.com\/it\/2022\/06\/formula-1-il-futuro-del-gran-premio-di-monaco-e-ancora-in-bilico\/","name":"Formula 1: il futuro del Gran Premio di Monaco \u00e8 ancora in bilico?","isPartOf":{"@id":"https:\/\/www.monaco-tribune.com\/it\/#website"},"primaryImageOfPage":{"@id":"https:\/\/www.monaco-tribune.com\/it\/2022\/06\/formula-1-il-futuro-del-gran-premio-di-monaco-e-ancora-in-bilico\/#primaryimage"},"image":{"@id":"https:\/\/www.monaco-tribune.com\/it\/2022\/06\/formula-1-il-futuro-del-gran-premio-di-monaco-e-ancora-in-bilico\/#primaryimage"},"thumbnailUrl":"https:\/\/www.monaco-tribune.com\/wp-content\/uploads\/2022\/06\/grand-prix-monaco-min.jpeg","datePublished":"2022-06-13T11:35:09+00:00","dateModified":"2022-06-13T11:35:30+00:00","description":"Nonostante il Gran Premio di Monaco che si \u00e8 svolto a fine maggio sia stato un vero successo, registrando numeri ancora pi\u00f9 alti del 2019, sembra ancora","breadcrumb":{"@id":"https:\/\/www.monaco-tribune.com\/it\/2022\/06\/formula-1-il-futuro-del-gran-premio-di-monaco-e-ancora-in-bilico\/#breadcrumb"},"inLanguage":"it-IT","potentialAction":[{"@type":"ReadAction","target":["https:\/\/www.monaco-tribune.com\/it\/2022\/06\/formula-1-il-futuro-del-gran-premio-di-monaco-e-ancora-in-bilico\/"]}]},{"@type":"ImageObject","inLanguage":"it-IT","@id":"https:\/\/www.monaco-tribune.com\/it\/2022\/06\/formula-1-il-futuro-del-gran-premio-di-monaco-e-ancora-in-bilico\/#primaryimage","url":"https:\/\/www.monaco-tribune.com\/wp-content\/uploads\/2022\/06\/grand-prix-monaco-min.jpeg","contentUrl":"https:\/\/www.monaco-tribune.com\/wp-content\/uploads\/2022\/06\/grand-prix-monaco-min.jpeg","width":1024,"height":619,"caption":"\u00a9 ACM"},{"@type":"BreadcrumbList","@id":"https:\/\/www.monaco-tribune.com\/it\/2022\/06\/formula-1-il-futuro-del-gran-premio-di-monaco-e-ancora-in-bilico\/#breadcrumb","itemListElement":[{"@type":"ListItem","position":1,"name":"Accueil","item":"https:\/\/www.monaco-tribune.com\/it\/"},{"@type":"ListItem","position":2,"name":"Formula 1: il futuro del Gran Premio di Monaco \u00e8 ancora in bilico?"}]},{"@type":"WebSite","@id":"https:\/\/www.monaco-tribune.com\/it\/#website","url":"https:\/\/www.monaco-tribune.com\/it\/","name":"Monaco Tribune","description":"Monaco : actualit\u00e9s \u00e9conomiques, politiques, culturelles et sportives de Monaco et de la French Riviera.","publisher":{"@id":"https:\/\/www.monaco-tribune.com\/it\/#organization"},"potentialAction":[{"@type":"SearchAction","target":{"@type":"EntryPoint","urlTemplate":"https:\/\/www.monaco-tribune.com\/it\/?s={search_term_string}"},"query-input":{"@type":"PropertyValueSpecification","valueRequired":true,"valueName":"search_term_string"}}],"inLanguage":"it-IT"},{"@type":"Organization","@id":"https:\/\/www.monaco-tribune.com\/it\/#organization","name":"Monaco Tribune","url":"https:\/\/www.monaco-tribune.com\/it\/","logo":{"@type":"ImageObject","inLanguage":"it-IT","@id":"https:\/\/www.monaco-tribune.com\/it\/#\/schema\/logo\/image\/","url":"https:\/\/www.monaco-tribune.com\/wp-content\/uploads\/2022\/11\/logo-monaco-tribune.png","contentUrl":"https:\/\/www.monaco-tribune.com\/wp-content\/uploads\/2022\/11\/logo-monaco-tribune.png","width":1548,"height":600,"caption":"Monaco Tribune"},"image":{"@id":"https:\/\/www.monaco-tribune.com\/it\/#\/schema\/logo\/image\/"},"sameAs":["https:\/\/www.facebook.com\/MonacoTribune","https:\/\/x.com\/MonacoTribune","https:\/\/www.instagram.com\/monacotribune\/","https:\/\/www.linkedin.com\/company\/monaco-tribune","https:\/\/www.youtube.com\/channel\/UCHle1MnG6hw1y4lWKijVbMA"]},{"@type":"Person","@id":"https:\/\/www.monaco-tribune.com\/it\/#\/schema\/person\/330a3732947cf8cb41b2533a0eadd62e","name":"Romain Boisaubert","image":{"@type":"ImageObject","inLanguage":"it-IT","@id":"https:\/\/secure.gravatar.com\/avatar\/f8b90d41f1eabd1cbe4cf59e09d8db41a697d51919bf2dfe727589a24a4a4d54?s=96&d=mm&r=g","url":"https:\/\/secure.gravatar.com\/avatar\/f8b90d41f1eabd1cbe4cf59e09d8db41a697d51919bf2dfe727589a24a4a4d54?s=96&d=mm&r=g","contentUrl":"https:\/\/secure.gravatar.com\/avatar\/f8b90d41f1eabd1cbe4cf59e09d8db41a697d51919bf2dfe727589a24a4a4d54?s=96&d=mm&r=g","caption":"Romain Boisaubert"},"description":"Test bio","url":"https:\/\/www.monaco-tribune.com\/it\/author\/romain-boisaubert\/"}]}},"_links":{"self":[{"href":"https:\/\/www.monaco-tribune.com\/it\/wp-json\/wp\/v2\/posts\/125843","targetHints":{"allow":["GET"]}}],"collection":[{"href":"https:\/\/www.monaco-tribune.com\/it\/wp-json\/wp\/v2\/posts"}],"about":[{"href":"https:\/\/www.monaco-tribune.com\/it\/wp-json\/wp\/v2\/types\/post"}],"author":[{"embeddable":true,"href":"https:\/\/www.monaco-tribune.com\/it\/wp-json\/wp\/v2\/users\/24"}],"replies":[{"embeddable":true,"href":"https:\/\/www.monaco-tribune.com\/it\/wp-json\/wp\/v2\/comments?post=125843"}],"version-history":[{"count":0,"href":"https:\/\/www.monaco-tribune.com\/it\/wp-json\/wp\/v2\/posts\/125843\/revisions"}],"wp:featuredmedia":[{"embeddable":true,"href":"https:\/\/www.monaco-tribune.com\/it\/wp-json\/wp\/v2\/media\/125429"}],"wp:attachment":[{"href":"https:\/\/www.monaco-tribune.com\/it\/wp-json\/wp\/v2\/media?parent=125843"}],"wp:term":[{"taxonomy":"category","embeddable":true,"href":"https:\/\/www.monaco-tribune.com\/it\/wp-json\/wp\/v2\/categories?post=125843"},{"taxonomy":"post_tag","embeddable":true,"href":"https:\/\/www.monaco-tribune.com\/it\/wp-json\/wp\/v2\/tags?post=125843"},{"taxonomy":"sectag","embeddable":true,"href":"https:\/\/www.monaco-tribune.com\/it\/wp-json\/wp\/v2\/post_sectags?post=125843"},{"taxonomy":"format","embeddable":true,"href":"https:\/\/www.monaco-tribune.com\/it\/wp-json\/wp\/v2\/post_format?post=125843"}],"curies":[{"name":"wp","href":"https:\/\/api.w.org\/{rel}","templated":true}]}}