{"id":126595,"date":"2022-06-17T15:52:38","date_gmt":"2022-06-17T13:52:38","guid":{"rendered":"https:\/\/www.monaco-tribune.com\/2022\/06\/cosa-fare-a-monaco-dal-17-al-24-giugno\/"},"modified":"2022-06-17T15:52:46","modified_gmt":"2022-06-17T13:52:46","slug":"cosa-fare-a-monaco-dal-17-al-24-giugno","status":"publish","type":"post","link":"https:\/\/www.monaco-tribune.com\/it\/2022\/06\/cosa-fare-a-monaco-dal-17-al-24-giugno\/","title":{"rendered":"Cosa fare a Monaco dal 17 al 24 giugno?"},"content":{"rendered":"\n<p><strong>Tenetevi forte, arriva il programma di Monaco Tribune per questa settimana ricca di eventi.<\/strong><\/p>\n\n<p>Il 17 e 18 giugno, il Museo di Antropologia di Monaco organizza due giornate particolari. In programma visite VIP e laboratori per le Giornate Europee dell&#8217;Archeologia.<\/p>\n\n<p><a href=\"https:\/\/www.monaco-tribune.com\/2022\/06\/un-voyage-dans-le-temps-se-prepare-au-musee-danthropologie-prehistorique\/\">Maggiori informazioni<\/a><\/p>\n\n<p>Questo venerd\u00ec alle 21:30, appuntamento al Cin\u00e9ma d&#8217;\u00e9t\u00e9 di Monaco per il concerto &#8220;Musique pour l&#8217;Ocean&#8221;. Quattro artisti americani renderanno omaggio all&#8217;oceano tra arie classiche e contemporanee.<\/p>\n\n<p><a href=\"https:\/\/www.fpa2.org\/fr\/evenements\/musique-pour-l-ocean-011\">Maggiori informazioni<\/a><\/p>\n\n<p>Il cinema all&#8217;aperto del Principato riapre questo sabato 18 giugno. Per il mese di giugno e luglio sono in programma una decina di film.<\/p>\n\n<p><a href=\"https:\/\/www.monaco-tribune.com\/2022\/06\/reouverture-du-monaco-open-air-cinema-demandez-le-programme\/\">Maggiori informazioni<\/a><\/p>\n\n<p>Dal 17 al 21 giugno si svolger\u00e0 il Festival della Televisione di Monte-Carlo. Saranno lanciate le ultime novit\u00e0 del piccolo schermo alla presenza di diverse star.<\/p>\n\n<p><a href=\"https:\/\/www.monaco-tribune.com\/it\/2022\/06\/festival-della-televisione-di-monte-carlo-un-evento-precursore-e-visionario\/\">Maggiori informazioni<\/a><\/p>\n\n<p>Dal 17 al 20 giugno, le Terrazze del Casino di Monte-Carlo accoglieranno il festival UPAINT. 14 street artist realizzeranno le loro opere sotto gli occhi del pubblico.<\/p>\n\n<p><a href=\"https:\/\/www.monaco-tribune.com\/2022\/06\/quatorze-artistes-de-street-art-a-decouvrir-du-17-au-20-juin\/\">Maggiori informazioni<\/a><\/p>\n\n<p>Dal 17 giugno e fino al 22 novembre, il Nuovo Museo Nazionale di Monaco &#8211; Villa Sauber presenta una mostra dedicata al fotografo australiano Helmut Newton.<\/p>\n\n<p><a href=\"https:\/\/www.monaco-tribune.com\/it\/2022\/06\/newton-riviera-una-mostra-fotografica-sensuale-e-provocatoria-a-villa-sauber\/\">Maggiori informazioni<\/a><\/p>\n\n<p>Marted\u00ec 21 giugno, dalle 17:45 alle 20:00, godetevi una sessione di yoga gratuita per festeggiare il solstizio d&#8217;estate. Appuntamento sulle terrazze del Casino di Monte-Carlo. Siete tutti i benvenuti!<\/p>\n\n<p><a href=\"https:\/\/www.montecarlosbm.com\/it\/agenda\/yoga-solstice-monaco\">Plus d&#8217;infos<\/a><\/p>\n\n<p>Sempre marted\u00ec, la festa della musica dar\u00e0 del suo meglio. Dopo due anni di assenza, il palcoscenico torner\u00e0 al Porto di Monaco per un concerto evento del gruppo &#8220;Skip the Use&#8221;. Nella prima parte si esibir\u00e0 il DJ Afroman Radio.<\/p>\n\n<p><a href=\"https:\/\/www.monaco-tribune.com\/2022\/06\/fete-de-la-musique-skip-the-use-pour-electriser-monaco\/\">Maggiori informazioni<\/a><\/p>\n\n<p>Venerd\u00ec 24 giugno il rapper MC Solaar torna in scena per una performance inedita accompagnata da The New Big Band Project e diretta da Issam Krimi. Appuntamento al Grimaldi Forum di Monaco alle 20:30.<\/p>\n\n<p><a href=\"https:\/\/www.monaco-tribune.com\/2022\/02\/mc-solaar-arrive-en-concert-au-grimaldi-forum-cet-ete\/\">Maggiori informazioni<\/a><\/p>\n","protected":false},"excerpt":{"rendered":"<p>Tenetevi forte, arriva il programma di Monaco Tribune per questa settimana ricca di eventi. Il 17 e 18 giugno, il [&hellip;]<\/p>\n","protected":false},"author":65,"featured_media":126535,"comment_status":"closed","ping_status":"closed","sticky":false,"template":"","format":"standard","meta":{"_acf_changed":false,"footnotes":""},"categories":[1740,1826,1738],"tags":[2890],"post_sectags":[],"post_format":[2471],"class_list":["post-126595","post","type-post","status-publish","format-standard","has-post-thumbnail","hentry","category-cosa-fare","category-la-nostra-scelta","category-notizie","tag-eventi","format-evento"],"acf":[],"yoast_head":"<!-- This site is optimized with the Yoast SEO Premium plugin v26.8 (Yoast SEO v27.5) - https:\/\/yoast.com\/product\/yoast-seo-premium-wordpress\/ -->\n<title>Cosa fare a Monaco dal 17 al 24 giugno?<\/title>\n<meta name=\"description\" content=\"Tenetevi forte, arriva il programma di Monaco Tribune per questa settimana ricca di eventi. Il 17 e 18 giugno, il Museo di Antropologia di Monaco\" \/>\n<meta name=\"robots\" content=\"index, follow, max-snippet:-1, max-image-preview:large, max-video-preview:-1\" \/>\n<link rel=\"canonical\" href=\"https:\/\/www.monaco-tribune.com\/it\/2022\/06\/cosa-fare-a-monaco-dal-17-al-24-giugno\/\" \/>\n<meta property=\"og:locale\" content=\"it_IT\" \/>\n<meta property=\"og:type\" content=\"article\" \/>\n<meta property=\"og:title\" content=\"Cosa fare a Monaco dal 17 al 24 giugno? - Monaco Tribune\" \/>\n<meta property=\"og:description\" content=\"Tenetevi forte, arriva il programma di Monaco Tribune per questa settimana ricca di eventi. Il 17 e 18 giugno, il Museo di Antropologia di Monaco\" \/>\n<meta property=\"og:url\" content=\"https:\/\/www.monaco-tribune.com\/it\/2022\/06\/cosa-fare-a-monaco-dal-17-al-24-giugno\/\" \/>\n<meta property=\"og:site_name\" content=\"Monaco Tribune\" \/>\n<meta property=\"article:publisher\" content=\"https:\/\/www.facebook.com\/MonacoTribune\" \/>\n<meta property=\"article:published_time\" content=\"2022-06-17T13:52:38+00:00\" \/>\n<meta property=\"article:modified_time\" content=\"2022-06-17T13:52:46+00:00\" \/>\n<meta property=\"og:image\" content=\"https:\/\/www.monaco-tribune.com\/wp-content\/uploads\/2022\/06\/1-fneb-4671-yoga-solstice-monaco-2021.jpeg\" \/>\n\t<meta property=\"og:image:width\" content=\"1020\" \/>\n\t<meta property=\"og:image:height\" content=\"638\" \/>\n\t<meta property=\"og:image:type\" content=\"image\/jpeg\" \/>\n<meta name=\"author\" content=\"Paul Charoy\" \/>\n<meta name=\"twitter:card\" content=\"summary_large_image\" \/>\n<meta name=\"twitter:creator\" content=\"@MonacoTribune\" \/>\n<meta name=\"twitter:site\" content=\"@MonacoTribune\" \/>\n<script type=\"application\/ld+json\" class=\"yoast-schema-graph\">{\"@context\":\"https:\\\/\\\/schema.org\",\"@graph\":[{\"@type\":\"NewsArticle\",\"@id\":\"https:\\\/\\\/www.monaco-tribune.com\\\/it\\\/2022\\\/06\\\/cosa-fare-a-monaco-dal-17-al-24-giugno\\\/#article\",\"isPartOf\":{\"@id\":\"https:\\\/\\\/www.monaco-tribune.com\\\/it\\\/2022\\\/06\\\/cosa-fare-a-monaco-dal-17-al-24-giugno\\\/\"},\"author\":{\"name\":\"Paul Charoy\",\"@id\":\"https:\\\/\\\/www.monaco-tribune.com\\\/it\\\/#\\\/schema\\\/person\\\/c33a9f1bc99ef5a2e07d37c576060b57\"},\"headline\":\"Cosa fare a Monaco dal 17 al 24 giugno?\",\"datePublished\":\"2022-06-17T13:52:38+00:00\",\"dateModified\":\"2022-06-17T13:52:46+00:00\",\"mainEntityOfPage\":{\"@id\":\"https:\\\/\\\/www.monaco-tribune.com\\\/it\\\/2022\\\/06\\\/cosa-fare-a-monaco-dal-17-al-24-giugno\\\/\"},\"wordCount\":290,\"publisher\":{\"@id\":\"https:\\\/\\\/www.monaco-tribune.com\\\/it\\\/#organization\"},\"image\":{\"@id\":\"https:\\\/\\\/www.monaco-tribune.com\\\/it\\\/2022\\\/06\\\/cosa-fare-a-monaco-dal-17-al-24-giugno\\\/#primaryimage\"},\"thumbnailUrl\":\"https:\\\/\\\/www.monaco-tribune.com\\\/wp-content\\\/uploads\\\/2022\\\/06\\\/1-fneb-4671-yoga-solstice-monaco-2021.jpeg\",\"keywords\":[\"Eventi\"],\"articleSection\":[\"Cosa fare\",\"La nostra scelta\",\"Notizie\"],\"inLanguage\":\"it-IT\",\"copyrightYear\":\"2022\",\"copyrightHolder\":{\"@id\":\"https:\\\/\\\/www.monaco-tribune.com\\\/#organization\"}},{\"@type\":\"WebPage\",\"@id\":\"https:\\\/\\\/www.monaco-tribune.com\\\/it\\\/2022\\\/06\\\/cosa-fare-a-monaco-dal-17-al-24-giugno\\\/\",\"url\":\"https:\\\/\\\/www.monaco-tribune.com\\\/it\\\/2022\\\/06\\\/cosa-fare-a-monaco-dal-17-al-24-giugno\\\/\",\"name\":\"Cosa fare a Monaco dal 17 al 24 giugno?\",\"isPartOf\":{\"@id\":\"https:\\\/\\\/www.monaco-tribune.com\\\/it\\\/#website\"},\"primaryImageOfPage\":{\"@id\":\"https:\\\/\\\/www.monaco-tribune.com\\\/it\\\/2022\\\/06\\\/cosa-fare-a-monaco-dal-17-al-24-giugno\\\/#primaryimage\"},\"image\":{\"@id\":\"https:\\\/\\\/www.monaco-tribune.com\\\/it\\\/2022\\\/06\\\/cosa-fare-a-monaco-dal-17-al-24-giugno\\\/#primaryimage\"},\"thumbnailUrl\":\"https:\\\/\\\/www.monaco-tribune.com\\\/wp-content\\\/uploads\\\/2022\\\/06\\\/1-fneb-4671-yoga-solstice-monaco-2021.jpeg\",\"datePublished\":\"2022-06-17T13:52:38+00:00\",\"dateModified\":\"2022-06-17T13:52:46+00:00\",\"description\":\"Tenetevi forte, arriva il programma di Monaco Tribune per questa settimana ricca di eventi. Il 17 e 18 giugno, il Museo di Antropologia di Monaco\",\"breadcrumb\":{\"@id\":\"https:\\\/\\\/www.monaco-tribune.com\\\/it\\\/2022\\\/06\\\/cosa-fare-a-monaco-dal-17-al-24-giugno\\\/#breadcrumb\"},\"inLanguage\":\"it-IT\",\"potentialAction\":[{\"@type\":\"ReadAction\",\"target\":[\"https:\\\/\\\/www.monaco-tribune.com\\\/it\\\/2022\\\/06\\\/cosa-fare-a-monaco-dal-17-al-24-giugno\\\/\"]}]},{\"@type\":\"ImageObject\",\"inLanguage\":\"it-IT\",\"@id\":\"https:\\\/\\\/www.monaco-tribune.com\\\/it\\\/2022\\\/06\\\/cosa-fare-a-monaco-dal-17-al-24-giugno\\\/#primaryimage\",\"url\":\"https:\\\/\\\/www.monaco-tribune.com\\\/wp-content\\\/uploads\\\/2022\\\/06\\\/1-fneb-4671-yoga-solstice-monaco-2021.jpeg\",\"contentUrl\":\"https:\\\/\\\/www.monaco-tribune.com\\\/wp-content\\\/uploads\\\/2022\\\/06\\\/1-fneb-4671-yoga-solstice-monaco-2021.jpeg\",\"width\":1020,\"height\":638,\"caption\":\"Monte-Carlo SBM\"},{\"@type\":\"BreadcrumbList\",\"@id\":\"https:\\\/\\\/www.monaco-tribune.com\\\/it\\\/2022\\\/06\\\/cosa-fare-a-monaco-dal-17-al-24-giugno\\\/#breadcrumb\",\"itemListElement\":[{\"@type\":\"ListItem\",\"position\":1,\"name\":\"Accueil\",\"item\":\"https:\\\/\\\/www.monaco-tribune.com\\\/it\\\/\"},{\"@type\":\"ListItem\",\"position\":2,\"name\":\"Cosa fare a Monaco dal 17 al 24 giugno?\"}]},{\"@type\":\"WebSite\",\"@id\":\"https:\\\/\\\/www.monaco-tribune.com\\\/it\\\/#website\",\"url\":\"https:\\\/\\\/www.monaco-tribune.com\\\/it\\\/\",\"name\":\"Monaco Tribune\",\"description\":\"Monaco : actualit\u00e9s \u00e9conomiques, politiques, culturelles et sportives de Monaco et de la French Riviera.\",\"publisher\":{\"@id\":\"https:\\\/\\\/www.monaco-tribune.com\\\/it\\\/#organization\"},\"potentialAction\":[{\"@type\":\"SearchAction\",\"target\":{\"@type\":\"EntryPoint\",\"urlTemplate\":\"https:\\\/\\\/www.monaco-tribune.com\\\/it\\\/?s={search_term_string}\"},\"query-input\":{\"@type\":\"PropertyValueSpecification\",\"valueRequired\":true,\"valueName\":\"search_term_string\"}}],\"inLanguage\":\"it-IT\"},{\"@type\":\"Organization\",\"@id\":\"https:\\\/\\\/www.monaco-tribune.com\\\/it\\\/#organization\",\"name\":\"Monaco Tribune\",\"url\":\"https:\\\/\\\/www.monaco-tribune.com\\\/it\\\/\",\"logo\":{\"@type\":\"ImageObject\",\"inLanguage\":\"it-IT\",\"@id\":\"https:\\\/\\\/www.monaco-tribune.com\\\/it\\\/#\\\/schema\\\/logo\\\/image\\\/\",\"url\":\"https:\\\/\\\/www.monaco-tribune.com\\\/wp-content\\\/uploads\\\/2022\\\/11\\\/logo-monaco-tribune.png\",\"contentUrl\":\"https:\\\/\\\/www.monaco-tribune.com\\\/wp-content\\\/uploads\\\/2022\\\/11\\\/logo-monaco-tribune.png\",\"width\":1548,\"height\":600,\"caption\":\"Monaco Tribune\"},\"image\":{\"@id\":\"https:\\\/\\\/www.monaco-tribune.com\\\/it\\\/#\\\/schema\\\/logo\\\/image\\\/\"},\"sameAs\":[\"https:\\\/\\\/www.facebook.com\\\/MonacoTribune\",\"https:\\\/\\\/x.com\\\/MonacoTribune\",\"https:\\\/\\\/www.instagram.com\\\/monacotribune\\\/\",\"https:\\\/\\\/www.linkedin.com\\\/company\\\/monaco-tribune\",\"https:\\\/\\\/www.youtube.com\\\/channel\\\/UCHle1MnG6hw1y4lWKijVbMA\"]},{\"@type\":\"Person\",\"@id\":\"https:\\\/\\\/www.monaco-tribune.com\\\/it\\\/#\\\/schema\\\/person\\\/c33a9f1bc99ef5a2e07d37c576060b57\",\"name\":\"Paul Charoy\",\"image\":{\"@type\":\"ImageObject\",\"inLanguage\":\"it-IT\",\"@id\":\"https:\\\/\\\/secure.gravatar.com\\\/avatar\\\/c3a39fd900275d54a628738568f1949e90ce9945d105d000228335a7bad64b38?s=96&d=mm&r=g\",\"url\":\"https:\\\/\\\/secure.gravatar.com\\\/avatar\\\/c3a39fd900275d54a628738568f1949e90ce9945d105d000228335a7bad64b38?s=96&d=mm&r=g\",\"contentUrl\":\"https:\\\/\\\/secure.gravatar.com\\\/avatar\\\/c3a39fd900275d54a628738568f1949e90ce9945d105d000228335a7bad64b38?s=96&d=mm&r=g\",\"caption\":\"Paul Charoy\"},\"url\":\"https:\\\/\\\/www.monaco-tribune.com\\\/it\\\/author\\\/paulcharoy\\\/\"}]}<\/script>\n<!-- \/ Yoast SEO Premium plugin. -->","yoast_head_json":{"title":"Cosa fare a Monaco dal 17 al 24 giugno?","description":"Tenetevi forte, arriva il programma di Monaco Tribune per questa settimana ricca di eventi. Il 17 e 18 giugno, il Museo di Antropologia di Monaco","robots":{"index":"index","follow":"follow","max-snippet":"max-snippet:-1","max-image-preview":"max-image-preview:large","max-video-preview":"max-video-preview:-1"},"canonical":"https:\/\/www.monaco-tribune.com\/it\/2022\/06\/cosa-fare-a-monaco-dal-17-al-24-giugno\/","og_locale":"it_IT","og_type":"article","og_title":"Cosa fare a Monaco dal 17 al 24 giugno? - Monaco Tribune","og_description":"Tenetevi forte, arriva il programma di Monaco Tribune per questa settimana ricca di eventi. Il 17 e 18 giugno, il Museo di Antropologia di Monaco","og_url":"https:\/\/www.monaco-tribune.com\/it\/2022\/06\/cosa-fare-a-monaco-dal-17-al-24-giugno\/","og_site_name":"Monaco Tribune","article_publisher":"https:\/\/www.facebook.com\/MonacoTribune","article_published_time":"2022-06-17T13:52:38+00:00","article_modified_time":"2022-06-17T13:52:46+00:00","og_image":[{"width":1020,"height":638,"url":"https:\/\/www.monaco-tribune.com\/wp-content\/uploads\/2022\/06\/1-fneb-4671-yoga-solstice-monaco-2021.jpeg","type":"image\/jpeg"}],"author":"Paul Charoy","twitter_card":"summary_large_image","twitter_creator":"@MonacoTribune","twitter_site":"@MonacoTribune","schema":{"@context":"https:\/\/schema.org","@graph":[{"@type":"NewsArticle","@id":"https:\/\/www.monaco-tribune.com\/it\/2022\/06\/cosa-fare-a-monaco-dal-17-al-24-giugno\/#article","isPartOf":{"@id":"https:\/\/www.monaco-tribune.com\/it\/2022\/06\/cosa-fare-a-monaco-dal-17-al-24-giugno\/"},"author":{"name":"Paul Charoy","@id":"https:\/\/www.monaco-tribune.com\/it\/#\/schema\/person\/c33a9f1bc99ef5a2e07d37c576060b57"},"headline":"Cosa fare a Monaco dal 17 al 24 giugno?","datePublished":"2022-06-17T13:52:38+00:00","dateModified":"2022-06-17T13:52:46+00:00","mainEntityOfPage":{"@id":"https:\/\/www.monaco-tribune.com\/it\/2022\/06\/cosa-fare-a-monaco-dal-17-al-24-giugno\/"},"wordCount":290,"publisher":{"@id":"https:\/\/www.monaco-tribune.com\/it\/#organization"},"image":{"@id":"https:\/\/www.monaco-tribune.com\/it\/2022\/06\/cosa-fare-a-monaco-dal-17-al-24-giugno\/#primaryimage"},"thumbnailUrl":"https:\/\/www.monaco-tribune.com\/wp-content\/uploads\/2022\/06\/1-fneb-4671-yoga-solstice-monaco-2021.jpeg","keywords":["Eventi"],"articleSection":["Cosa fare","La nostra scelta","Notizie"],"inLanguage":"it-IT","copyrightYear":"2022","copyrightHolder":{"@id":"https:\/\/www.monaco-tribune.com\/#organization"}},{"@type":"WebPage","@id":"https:\/\/www.monaco-tribune.com\/it\/2022\/06\/cosa-fare-a-monaco-dal-17-al-24-giugno\/","url":"https:\/\/www.monaco-tribune.com\/it\/2022\/06\/cosa-fare-a-monaco-dal-17-al-24-giugno\/","name":"Cosa fare a Monaco dal 17 al 24 giugno?","isPartOf":{"@id":"https:\/\/www.monaco-tribune.com\/it\/#website"},"primaryImageOfPage":{"@id":"https:\/\/www.monaco-tribune.com\/it\/2022\/06\/cosa-fare-a-monaco-dal-17-al-24-giugno\/#primaryimage"},"image":{"@id":"https:\/\/www.monaco-tribune.com\/it\/2022\/06\/cosa-fare-a-monaco-dal-17-al-24-giugno\/#primaryimage"},"thumbnailUrl":"https:\/\/www.monaco-tribune.com\/wp-content\/uploads\/2022\/06\/1-fneb-4671-yoga-solstice-monaco-2021.jpeg","datePublished":"2022-06-17T13:52:38+00:00","dateModified":"2022-06-17T13:52:46+00:00","description":"Tenetevi forte, arriva il programma di Monaco Tribune per questa settimana ricca di eventi. Il 17 e 18 giugno, il Museo di Antropologia di Monaco","breadcrumb":{"@id":"https:\/\/www.monaco-tribune.com\/it\/2022\/06\/cosa-fare-a-monaco-dal-17-al-24-giugno\/#breadcrumb"},"inLanguage":"it-IT","potentialAction":[{"@type":"ReadAction","target":["https:\/\/www.monaco-tribune.com\/it\/2022\/06\/cosa-fare-a-monaco-dal-17-al-24-giugno\/"]}]},{"@type":"ImageObject","inLanguage":"it-IT","@id":"https:\/\/www.monaco-tribune.com\/it\/2022\/06\/cosa-fare-a-monaco-dal-17-al-24-giugno\/#primaryimage","url":"https:\/\/www.monaco-tribune.com\/wp-content\/uploads\/2022\/06\/1-fneb-4671-yoga-solstice-monaco-2021.jpeg","contentUrl":"https:\/\/www.monaco-tribune.com\/wp-content\/uploads\/2022\/06\/1-fneb-4671-yoga-solstice-monaco-2021.jpeg","width":1020,"height":638,"caption":"Monte-Carlo SBM"},{"@type":"BreadcrumbList","@id":"https:\/\/www.monaco-tribune.com\/it\/2022\/06\/cosa-fare-a-monaco-dal-17-al-24-giugno\/#breadcrumb","itemListElement":[{"@type":"ListItem","position":1,"name":"Accueil","item":"https:\/\/www.monaco-tribune.com\/it\/"},{"@type":"ListItem","position":2,"name":"Cosa fare a Monaco dal 17 al 24 giugno?"}]},{"@type":"WebSite","@id":"https:\/\/www.monaco-tribune.com\/it\/#website","url":"https:\/\/www.monaco-tribune.com\/it\/","name":"Monaco Tribune","description":"Monaco : actualit\u00e9s \u00e9conomiques, politiques, culturelles et sportives de Monaco et de la French Riviera.","publisher":{"@id":"https:\/\/www.monaco-tribune.com\/it\/#organization"},"potentialAction":[{"@type":"SearchAction","target":{"@type":"EntryPoint","urlTemplate":"https:\/\/www.monaco-tribune.com\/it\/?s={search_term_string}"},"query-input":{"@type":"PropertyValueSpecification","valueRequired":true,"valueName":"search_term_string"}}],"inLanguage":"it-IT"},{"@type":"Organization","@id":"https:\/\/www.monaco-tribune.com\/it\/#organization","name":"Monaco Tribune","url":"https:\/\/www.monaco-tribune.com\/it\/","logo":{"@type":"ImageObject","inLanguage":"it-IT","@id":"https:\/\/www.monaco-tribune.com\/it\/#\/schema\/logo\/image\/","url":"https:\/\/www.monaco-tribune.com\/wp-content\/uploads\/2022\/11\/logo-monaco-tribune.png","contentUrl":"https:\/\/www.monaco-tribune.com\/wp-content\/uploads\/2022\/11\/logo-monaco-tribune.png","width":1548,"height":600,"caption":"Monaco Tribune"},"image":{"@id":"https:\/\/www.monaco-tribune.com\/it\/#\/schema\/logo\/image\/"},"sameAs":["https:\/\/www.facebook.com\/MonacoTribune","https:\/\/x.com\/MonacoTribune","https:\/\/www.instagram.com\/monacotribune\/","https:\/\/www.linkedin.com\/company\/monaco-tribune","https:\/\/www.youtube.com\/channel\/UCHle1MnG6hw1y4lWKijVbMA"]},{"@type":"Person","@id":"https:\/\/www.monaco-tribune.com\/it\/#\/schema\/person\/c33a9f1bc99ef5a2e07d37c576060b57","name":"Paul Charoy","image":{"@type":"ImageObject","inLanguage":"it-IT","@id":"https:\/\/secure.gravatar.com\/avatar\/c3a39fd900275d54a628738568f1949e90ce9945d105d000228335a7bad64b38?s=96&d=mm&r=g","url":"https:\/\/secure.gravatar.com\/avatar\/c3a39fd900275d54a628738568f1949e90ce9945d105d000228335a7bad64b38?s=96&d=mm&r=g","contentUrl":"https:\/\/secure.gravatar.com\/avatar\/c3a39fd900275d54a628738568f1949e90ce9945d105d000228335a7bad64b38?s=96&d=mm&r=g","caption":"Paul Charoy"},"url":"https:\/\/www.monaco-tribune.com\/it\/author\/paulcharoy\/"}]}},"_links":{"self":[{"href":"https:\/\/www.monaco-tribune.com\/it\/wp-json\/wp\/v2\/posts\/126595","targetHints":{"allow":["GET"]}}],"collection":[{"href":"https:\/\/www.monaco-tribune.com\/it\/wp-json\/wp\/v2\/posts"}],"about":[{"href":"https:\/\/www.monaco-tribune.com\/it\/wp-json\/wp\/v2\/types\/post"}],"author":[{"embeddable":true,"href":"https:\/\/www.monaco-tribune.com\/it\/wp-json\/wp\/v2\/users\/65"}],"replies":[{"embeddable":true,"href":"https:\/\/www.monaco-tribune.com\/it\/wp-json\/wp\/v2\/comments?post=126595"}],"version-history":[{"count":0,"href":"https:\/\/www.monaco-tribune.com\/it\/wp-json\/wp\/v2\/posts\/126595\/revisions"}],"wp:featuredmedia":[{"embeddable":true,"href":"https:\/\/www.monaco-tribune.com\/it\/wp-json\/wp\/v2\/media\/126535"}],"wp:attachment":[{"href":"https:\/\/www.monaco-tribune.com\/it\/wp-json\/wp\/v2\/media?parent=126595"}],"wp:term":[{"taxonomy":"category","embeddable":true,"href":"https:\/\/www.monaco-tribune.com\/it\/wp-json\/wp\/v2\/categories?post=126595"},{"taxonomy":"post_tag","embeddable":true,"href":"https:\/\/www.monaco-tribune.com\/it\/wp-json\/wp\/v2\/tags?post=126595"},{"taxonomy":"sectag","embeddable":true,"href":"https:\/\/www.monaco-tribune.com\/it\/wp-json\/wp\/v2\/post_sectags?post=126595"},{"taxonomy":"format","embeddable":true,"href":"https:\/\/www.monaco-tribune.com\/it\/wp-json\/wp\/v2\/post_format?post=126595"}],"curies":[{"name":"wp","href":"https:\/\/api.w.org\/{rel}","templated":true}]}}