{"id":127008,"date":"2022-06-21T11:51:48","date_gmt":"2022-06-21T09:51:48","guid":{"rendered":"https:\/\/www.monaco-tribune.com\/2022\/06\/la-maison-frey-apre-al-pubblico-per-la-prima-volta-in-assoluto-e-lo-fa-a-monaco\/"},"modified":"2022-06-21T18:14:25","modified_gmt":"2022-06-21T16:14:25","slug":"la-maison-frey-apre-al-pubblico-per-la-prima-volta-in-assoluto-e-lo-fa-a-monaco","status":"publish","type":"post","link":"https:\/\/www.monaco-tribune.com\/it\/2022\/06\/la-maison-frey-apre-al-pubblico-per-la-prima-volta-in-assoluto-e-lo-fa-a-monaco\/","title":{"rendered":"La Maison Pierre Frey apre al pubblico per la prima volta in assoluto, e lo fa a Monaco"},"content":{"rendered":"\n<p><strong>Lo showroom Fashion For Floors, sul Boulevard des Moulins, ospita un&#8217;eccezionale collaborazione tra la Maison Frey e un&#8217;altra grande famiglia del Principato.<\/strong><\/p>\n\n<p>Due tradizioni di famiglia che si intrecciano. Da una parte la famiglia Moghadam, nota nel Principato per i suoi splenditi tappeti, dall&#8217;altra la famiglia Frey, rinomata per i tessuti d&#8217;arredo.<\/p>\n\n<p>Non \u00e8 quindi un caso che Kamyar Moghadam e Vincent Frey abbiano deciso di collaborare ed esporre il frutto unico di questa collaborazione presso Fashion For Floors, al 39 di Boulevard des Moulins.<\/p>\n\n<p>Splendidi tappeti, tessuti e carte da parati, accomunati dal gusto per la qualit\u00e0 e la cura dei dettagli, si dividono ora lo spazio del punto vendita con mobili confortevoli realizzati su misura in Francia.<\/p>\n\n<figure class=\"wp-block-gallery has-nested-images columns-1 is-cropped wp-block-gallery-1 is-layout-flex wp-block-gallery-is-layout-flex\">\n<figure class=\"wp-block-image size-large\"><img loading=\"lazy\" decoding=\"async\" width=\"1020\" height=\"680\" data-id=\"126879\" src=\"https:\/\/www.monaco-tribune.com\/wp-content\/uploads\/2022\/06\/monaco-fashion-for-floors.jpg\" alt=\"monaco-fashion-for-floors\" class=\"wp-image-126879\" srcset=\"https:\/\/www.monaco-tribune.com\/wp-content\/uploads\/2022\/06\/monaco-fashion-for-floors.jpg 1020w, https:\/\/www.monaco-tribune.com\/wp-content\/uploads\/2022\/06\/monaco-fashion-for-floors-450x300.jpg 450w\" sizes=\"auto, (max-width: 1020px) 100vw, 1020px\" \/><\/figure>\n\n\n\n<figure class=\"wp-block-image size-large\"><img loading=\"lazy\" decoding=\"async\" width=\"1020\" height=\"680\" data-id=\"126871\" src=\"https:\/\/www.monaco-tribune.com\/wp-content\/uploads\/2022\/06\/fashion-for-floors-monaco.jpg\" alt=\"fashion-for-floors-monaco\" class=\"wp-image-126871\" srcset=\"https:\/\/www.monaco-tribune.com\/wp-content\/uploads\/2022\/06\/fashion-for-floors-monaco.jpg 1020w, https:\/\/www.monaco-tribune.com\/wp-content\/uploads\/2022\/06\/fashion-for-floors-monaco-450x300.jpg 450w\" sizes=\"auto, (max-width: 1020px) 100vw, 1020px\" \/><\/figure>\n<figcaption class=\"blocks-gallery-caption\"><em><em>\u00a9 Alain Duprat<\/em><\/em><\/figcaption><\/figure>\n\n<p><strong>LEGGI ANCHE: <a href=\"https:\/\/www.monaco-tribune.com\/it\/2021\/11\/alexander-moghadam-il-principe-dei-tappeti-iraniani-a-monaco\/\">Alexander Moghadam, il principe dei tappeti iraniani a Monaco<\/a><\/strong><\/p>\n\n<p>\u201cAnche se la Maison ha quasi 90 anni, per noi \u00e8 una nuova avventura\u201d, commenta Vincent Frey. &#8220;Abbiamo negozi in tutto il mondo, ma sono riservati ai professionisti. (\u2026) Questa \u00e8 la prima volta che siamo in uno showroom aperto al pubblico!&#8221;<\/p>\n\n<p>Da Fashion For Floors potrete quindi scoprire le splendide sedute, soprattutto in lana o mohair. Pezzi unici ed eleganti, che, ciliegina sulla torta, sono pensati per durare nel tempo: &#8220;\u00c8 spesso una peculiarit\u00e0 delle aziende di lusso a conduzione familiare, ma per noi quello che conta \u00e8 realizzare mobili che durino nel tempo. Non vogliamo realizzare articoli che dovrete sostituire tra cinque anni, ma mobili con cui vivranno i membri della vostra famiglia e che verranno tramandati per una vita\u201d, conclude Vincent Frey.<\/p>\n","protected":false},"excerpt":{"rendered":"<p>Lo showroom Fashion For Floors, sul Boulevard des Moulins, ospita un&#8217;eccezionale collaborazione tra la Maison Frey e un&#8217;altra grande famiglia [&hellip;]<\/p>\n","protected":false},"author":60,"featured_media":126875,"comment_status":"closed","ping_status":"closed","sticky":false,"template":"","format":"standard","meta":{"_acf_changed":false,"footnotes":""},"categories":[1739,1826,1738],"tags":[],"post_sectags":[],"post_format":[2476],"class_list":["post-127008","post","type-post","status-publish","format-standard","has-post-thumbnail","hentry","category-business-it","category-la-nostra-scelta","category-notizie","format-intervista"],"acf":[],"yoast_head":"<!-- This site is optimized with the Yoast SEO Premium plugin v26.8 (Yoast SEO v27.5) - https:\/\/yoast.com\/product\/yoast-seo-premium-wordpress\/ -->\n<title>La Maison Pierre Frey apre al pubblico per la prima volta in assoluto, e lo fa a Monaco<\/title>\n<meta name=\"description\" content=\"Lo showroom Fashion For Floors, sul Boulevard des Moulins, ospita un&#039;eccezionale collaborazione tra la Maison Frey e un&#039;altra grande famiglia del\" \/>\n<meta name=\"robots\" content=\"index, follow, max-snippet:-1, max-image-preview:large, max-video-preview:-1\" \/>\n<link rel=\"canonical\" href=\"https:\/\/www.monaco-tribune.com\/it\/2022\/06\/la-maison-frey-apre-al-pubblico-per-la-prima-volta-in-assoluto-e-lo-fa-a-monaco\/\" \/>\n<meta property=\"og:locale\" content=\"it_IT\" \/>\n<meta property=\"og:type\" content=\"article\" \/>\n<meta property=\"og:title\" content=\"La Maison Pierre Frey apre al pubblico per la prima volta in assoluto, e lo fa a Monaco - Monaco Tribune\" \/>\n<meta property=\"og:description\" content=\"Lo showroom Fashion For Floors, sul Boulevard des Moulins, ospita un&#039;eccezionale collaborazione tra la Maison Frey e un&#039;altra grande famiglia del\" \/>\n<meta property=\"og:url\" content=\"https:\/\/www.monaco-tribune.com\/it\/2022\/06\/la-maison-frey-apre-al-pubblico-per-la-prima-volta-in-assoluto-e-lo-fa-a-monaco\/\" \/>\n<meta property=\"og:site_name\" content=\"Monaco Tribune\" \/>\n<meta property=\"article:publisher\" content=\"https:\/\/www.facebook.com\/MonacoTribune\" \/>\n<meta property=\"article:published_time\" content=\"2022-06-21T09:51:48+00:00\" \/>\n<meta property=\"article:modified_time\" content=\"2022-06-21T16:14:25+00:00\" \/>\n<meta property=\"og:image\" content=\"https:\/\/www.monaco-tribune.com\/wp-content\/uploads\/2022\/06\/fashion-for-floors.jpg\" \/>\n\t<meta property=\"og:image:width\" content=\"1020\" \/>\n\t<meta property=\"og:image:height\" content=\"680\" \/>\n\t<meta property=\"og:image:type\" content=\"image\/jpeg\" \/>\n<meta name=\"author\" content=\"Camille Esteve\" \/>\n<meta name=\"twitter:card\" content=\"summary_large_image\" \/>\n<meta name=\"twitter:creator\" content=\"@MonacoTribune\" \/>\n<meta name=\"twitter:site\" content=\"@MonacoTribune\" \/>\n<script type=\"application\/ld+json\" class=\"yoast-schema-graph\">{\"@context\":\"https:\\\/\\\/schema.org\",\"@graph\":[{\"@type\":\"NewsArticle\",\"@id\":\"https:\\\/\\\/www.monaco-tribune.com\\\/it\\\/2022\\\/06\\\/la-maison-frey-apre-al-pubblico-per-la-prima-volta-in-assoluto-e-lo-fa-a-monaco\\\/#article\",\"isPartOf\":{\"@id\":\"https:\\\/\\\/www.monaco-tribune.com\\\/it\\\/2022\\\/06\\\/la-maison-frey-apre-al-pubblico-per-la-prima-volta-in-assoluto-e-lo-fa-a-monaco\\\/\"},\"author\":{\"name\":\"Camille Esteve\",\"@id\":\"https:\\\/\\\/www.monaco-tribune.com\\\/it\\\/#\\\/schema\\\/person\\\/a855d420fff4d03637641d60b93ac62e\"},\"headline\":\"La Maison Pierre Frey apre al pubblico per la prima volta in assoluto, e lo fa a Monaco\",\"datePublished\":\"2022-06-21T09:51:48+00:00\",\"dateModified\":\"2022-06-21T16:14:25+00:00\",\"mainEntityOfPage\":{\"@id\":\"https:\\\/\\\/www.monaco-tribune.com\\\/it\\\/2022\\\/06\\\/la-maison-frey-apre-al-pubblico-per-la-prima-volta-in-assoluto-e-lo-fa-a-monaco\\\/\"},\"wordCount\":271,\"publisher\":{\"@id\":\"https:\\\/\\\/www.monaco-tribune.com\\\/it\\\/#organization\"},\"image\":{\"@id\":\"https:\\\/\\\/www.monaco-tribune.com\\\/it\\\/2022\\\/06\\\/la-maison-frey-apre-al-pubblico-per-la-prima-volta-in-assoluto-e-lo-fa-a-monaco\\\/#primaryimage\"},\"thumbnailUrl\":\"https:\\\/\\\/www.monaco-tribune.com\\\/wp-content\\\/uploads\\\/2022\\\/06\\\/fashion-for-floors.jpg\",\"articleSection\":[\"Business\",\"La nostra scelta\",\"Notizie\"],\"inLanguage\":\"it-IT\",\"copyrightYear\":\"2022\",\"copyrightHolder\":{\"@id\":\"https:\\\/\\\/www.monaco-tribune.com\\\/#organization\"}},{\"@type\":\"WebPage\",\"@id\":\"https:\\\/\\\/www.monaco-tribune.com\\\/it\\\/2022\\\/06\\\/la-maison-frey-apre-al-pubblico-per-la-prima-volta-in-assoluto-e-lo-fa-a-monaco\\\/\",\"url\":\"https:\\\/\\\/www.monaco-tribune.com\\\/it\\\/2022\\\/06\\\/la-maison-frey-apre-al-pubblico-per-la-prima-volta-in-assoluto-e-lo-fa-a-monaco\\\/\",\"name\":\"La Maison Pierre Frey apre al pubblico per la prima volta in assoluto, e lo fa a Monaco\",\"isPartOf\":{\"@id\":\"https:\\\/\\\/www.monaco-tribune.com\\\/it\\\/#website\"},\"primaryImageOfPage\":{\"@id\":\"https:\\\/\\\/www.monaco-tribune.com\\\/it\\\/2022\\\/06\\\/la-maison-frey-apre-al-pubblico-per-la-prima-volta-in-assoluto-e-lo-fa-a-monaco\\\/#primaryimage\"},\"image\":{\"@id\":\"https:\\\/\\\/www.monaco-tribune.com\\\/it\\\/2022\\\/06\\\/la-maison-frey-apre-al-pubblico-per-la-prima-volta-in-assoluto-e-lo-fa-a-monaco\\\/#primaryimage\"},\"thumbnailUrl\":\"https:\\\/\\\/www.monaco-tribune.com\\\/wp-content\\\/uploads\\\/2022\\\/06\\\/fashion-for-floors.jpg\",\"datePublished\":\"2022-06-21T09:51:48+00:00\",\"dateModified\":\"2022-06-21T16:14:25+00:00\",\"description\":\"Lo showroom Fashion For Floors, sul Boulevard des Moulins, ospita un'eccezionale collaborazione tra la Maison Frey e un'altra grande famiglia del\",\"breadcrumb\":{\"@id\":\"https:\\\/\\\/www.monaco-tribune.com\\\/it\\\/2022\\\/06\\\/la-maison-frey-apre-al-pubblico-per-la-prima-volta-in-assoluto-e-lo-fa-a-monaco\\\/#breadcrumb\"},\"inLanguage\":\"it-IT\",\"potentialAction\":[{\"@type\":\"ReadAction\",\"target\":[\"https:\\\/\\\/www.monaco-tribune.com\\\/it\\\/2022\\\/06\\\/la-maison-frey-apre-al-pubblico-per-la-prima-volta-in-assoluto-e-lo-fa-a-monaco\\\/\"]}]},{\"@type\":\"ImageObject\",\"inLanguage\":\"it-IT\",\"@id\":\"https:\\\/\\\/www.monaco-tribune.com\\\/it\\\/2022\\\/06\\\/la-maison-frey-apre-al-pubblico-per-la-prima-volta-in-assoluto-e-lo-fa-a-monaco\\\/#primaryimage\",\"url\":\"https:\\\/\\\/www.monaco-tribune.com\\\/wp-content\\\/uploads\\\/2022\\\/06\\\/fashion-for-floors.jpg\",\"contentUrl\":\"https:\\\/\\\/www.monaco-tribune.com\\\/wp-content\\\/uploads\\\/2022\\\/06\\\/fashion-for-floors.jpg\",\"width\":1020,\"height\":680,\"caption\":\"Alain Duprat\"},{\"@type\":\"BreadcrumbList\",\"@id\":\"https:\\\/\\\/www.monaco-tribune.com\\\/it\\\/2022\\\/06\\\/la-maison-frey-apre-al-pubblico-per-la-prima-volta-in-assoluto-e-lo-fa-a-monaco\\\/#breadcrumb\",\"itemListElement\":[{\"@type\":\"ListItem\",\"position\":1,\"name\":\"Accueil\",\"item\":\"https:\\\/\\\/www.monaco-tribune.com\\\/it\\\/\"},{\"@type\":\"ListItem\",\"position\":2,\"name\":\"La Maison Pierre Frey apre al pubblico per la prima volta in assoluto, e lo fa a Monaco\"}]},{\"@type\":\"WebSite\",\"@id\":\"https:\\\/\\\/www.monaco-tribune.com\\\/it\\\/#website\",\"url\":\"https:\\\/\\\/www.monaco-tribune.com\\\/it\\\/\",\"name\":\"Monaco Tribune\",\"description\":\"Monaco : actualit\u00e9s \u00e9conomiques, politiques, culturelles et sportives de Monaco et de la French Riviera.\",\"publisher\":{\"@id\":\"https:\\\/\\\/www.monaco-tribune.com\\\/it\\\/#organization\"},\"potentialAction\":[{\"@type\":\"SearchAction\",\"target\":{\"@type\":\"EntryPoint\",\"urlTemplate\":\"https:\\\/\\\/www.monaco-tribune.com\\\/it\\\/?s={search_term_string}\"},\"query-input\":{\"@type\":\"PropertyValueSpecification\",\"valueRequired\":true,\"valueName\":\"search_term_string\"}}],\"inLanguage\":\"it-IT\"},{\"@type\":\"Organization\",\"@id\":\"https:\\\/\\\/www.monaco-tribune.com\\\/it\\\/#organization\",\"name\":\"Monaco Tribune\",\"url\":\"https:\\\/\\\/www.monaco-tribune.com\\\/it\\\/\",\"logo\":{\"@type\":\"ImageObject\",\"inLanguage\":\"it-IT\",\"@id\":\"https:\\\/\\\/www.monaco-tribune.com\\\/it\\\/#\\\/schema\\\/logo\\\/image\\\/\",\"url\":\"https:\\\/\\\/www.monaco-tribune.com\\\/wp-content\\\/uploads\\\/2022\\\/11\\\/logo-monaco-tribune.png\",\"contentUrl\":\"https:\\\/\\\/www.monaco-tribune.com\\\/wp-content\\\/uploads\\\/2022\\\/11\\\/logo-monaco-tribune.png\",\"width\":1548,\"height\":600,\"caption\":\"Monaco Tribune\"},\"image\":{\"@id\":\"https:\\\/\\\/www.monaco-tribune.com\\\/it\\\/#\\\/schema\\\/logo\\\/image\\\/\"},\"sameAs\":[\"https:\\\/\\\/www.facebook.com\\\/MonacoTribune\",\"https:\\\/\\\/x.com\\\/MonacoTribune\",\"https:\\\/\\\/www.instagram.com\\\/monacotribune\\\/\",\"https:\\\/\\\/www.linkedin.com\\\/company\\\/monaco-tribune\",\"https:\\\/\\\/www.youtube.com\\\/channel\\\/UCHle1MnG6hw1y4lWKijVbMA\"]},{\"@type\":\"Person\",\"@id\":\"https:\\\/\\\/www.monaco-tribune.com\\\/it\\\/#\\\/schema\\\/person\\\/a855d420fff4d03637641d60b93ac62e\",\"name\":\"Camille Esteve\",\"image\":{\"@type\":\"ImageObject\",\"inLanguage\":\"it-IT\",\"@id\":\"https:\\\/\\\/secure.gravatar.com\\\/avatar\\\/eaaa2355a7bb56c0018a391c20a55bf9b4690e3f493231dd850e612bfa6ce161?s=96&d=mm&r=g\",\"url\":\"https:\\\/\\\/secure.gravatar.com\\\/avatar\\\/eaaa2355a7bb56c0018a391c20a55bf9b4690e3f493231dd850e612bfa6ce161?s=96&d=mm&r=g\",\"contentUrl\":\"https:\\\/\\\/secure.gravatar.com\\\/avatar\\\/eaaa2355a7bb56c0018a391c20a55bf9b4690e3f493231dd850e612bfa6ce161?s=96&d=mm&r=g\",\"caption\":\"Camille Esteve\"},\"url\":\"https:\\\/\\\/www.monaco-tribune.com\\\/it\\\/author\\\/camilleesteve\\\/\"}]}<\/script>\n<!-- \/ Yoast SEO Premium plugin. -->","yoast_head_json":{"title":"La Maison Pierre Frey apre al pubblico per la prima volta in assoluto, e lo fa a Monaco","description":"Lo showroom Fashion For Floors, sul Boulevard des Moulins, ospita un'eccezionale collaborazione tra la Maison Frey e un'altra grande famiglia del","robots":{"index":"index","follow":"follow","max-snippet":"max-snippet:-1","max-image-preview":"max-image-preview:large","max-video-preview":"max-video-preview:-1"},"canonical":"https:\/\/www.monaco-tribune.com\/it\/2022\/06\/la-maison-frey-apre-al-pubblico-per-la-prima-volta-in-assoluto-e-lo-fa-a-monaco\/","og_locale":"it_IT","og_type":"article","og_title":"La Maison Pierre Frey apre al pubblico per la prima volta in assoluto, e lo fa a Monaco - Monaco Tribune","og_description":"Lo showroom Fashion For Floors, sul Boulevard des Moulins, ospita un'eccezionale collaborazione tra la Maison Frey e un'altra grande famiglia del","og_url":"https:\/\/www.monaco-tribune.com\/it\/2022\/06\/la-maison-frey-apre-al-pubblico-per-la-prima-volta-in-assoluto-e-lo-fa-a-monaco\/","og_site_name":"Monaco Tribune","article_publisher":"https:\/\/www.facebook.com\/MonacoTribune","article_published_time":"2022-06-21T09:51:48+00:00","article_modified_time":"2022-06-21T16:14:25+00:00","og_image":[{"width":1020,"height":680,"url":"https:\/\/www.monaco-tribune.com\/wp-content\/uploads\/2022\/06\/fashion-for-floors.jpg","type":"image\/jpeg"}],"author":"Camille Esteve","twitter_card":"summary_large_image","twitter_creator":"@MonacoTribune","twitter_site":"@MonacoTribune","schema":{"@context":"https:\/\/schema.org","@graph":[{"@type":"NewsArticle","@id":"https:\/\/www.monaco-tribune.com\/it\/2022\/06\/la-maison-frey-apre-al-pubblico-per-la-prima-volta-in-assoluto-e-lo-fa-a-monaco\/#article","isPartOf":{"@id":"https:\/\/www.monaco-tribune.com\/it\/2022\/06\/la-maison-frey-apre-al-pubblico-per-la-prima-volta-in-assoluto-e-lo-fa-a-monaco\/"},"author":{"name":"Camille Esteve","@id":"https:\/\/www.monaco-tribune.com\/it\/#\/schema\/person\/a855d420fff4d03637641d60b93ac62e"},"headline":"La Maison Pierre Frey apre al pubblico per la prima volta in assoluto, e lo fa a Monaco","datePublished":"2022-06-21T09:51:48+00:00","dateModified":"2022-06-21T16:14:25+00:00","mainEntityOfPage":{"@id":"https:\/\/www.monaco-tribune.com\/it\/2022\/06\/la-maison-frey-apre-al-pubblico-per-la-prima-volta-in-assoluto-e-lo-fa-a-monaco\/"},"wordCount":271,"publisher":{"@id":"https:\/\/www.monaco-tribune.com\/it\/#organization"},"image":{"@id":"https:\/\/www.monaco-tribune.com\/it\/2022\/06\/la-maison-frey-apre-al-pubblico-per-la-prima-volta-in-assoluto-e-lo-fa-a-monaco\/#primaryimage"},"thumbnailUrl":"https:\/\/www.monaco-tribune.com\/wp-content\/uploads\/2022\/06\/fashion-for-floors.jpg","articleSection":["Business","La nostra scelta","Notizie"],"inLanguage":"it-IT","copyrightYear":"2022","copyrightHolder":{"@id":"https:\/\/www.monaco-tribune.com\/#organization"}},{"@type":"WebPage","@id":"https:\/\/www.monaco-tribune.com\/it\/2022\/06\/la-maison-frey-apre-al-pubblico-per-la-prima-volta-in-assoluto-e-lo-fa-a-monaco\/","url":"https:\/\/www.monaco-tribune.com\/it\/2022\/06\/la-maison-frey-apre-al-pubblico-per-la-prima-volta-in-assoluto-e-lo-fa-a-monaco\/","name":"La Maison Pierre Frey apre al pubblico per la prima volta in assoluto, e lo fa a Monaco","isPartOf":{"@id":"https:\/\/www.monaco-tribune.com\/it\/#website"},"primaryImageOfPage":{"@id":"https:\/\/www.monaco-tribune.com\/it\/2022\/06\/la-maison-frey-apre-al-pubblico-per-la-prima-volta-in-assoluto-e-lo-fa-a-monaco\/#primaryimage"},"image":{"@id":"https:\/\/www.monaco-tribune.com\/it\/2022\/06\/la-maison-frey-apre-al-pubblico-per-la-prima-volta-in-assoluto-e-lo-fa-a-monaco\/#primaryimage"},"thumbnailUrl":"https:\/\/www.monaco-tribune.com\/wp-content\/uploads\/2022\/06\/fashion-for-floors.jpg","datePublished":"2022-06-21T09:51:48+00:00","dateModified":"2022-06-21T16:14:25+00:00","description":"Lo showroom Fashion For Floors, sul Boulevard des Moulins, ospita un'eccezionale collaborazione tra la Maison Frey e un'altra grande famiglia del","breadcrumb":{"@id":"https:\/\/www.monaco-tribune.com\/it\/2022\/06\/la-maison-frey-apre-al-pubblico-per-la-prima-volta-in-assoluto-e-lo-fa-a-monaco\/#breadcrumb"},"inLanguage":"it-IT","potentialAction":[{"@type":"ReadAction","target":["https:\/\/www.monaco-tribune.com\/it\/2022\/06\/la-maison-frey-apre-al-pubblico-per-la-prima-volta-in-assoluto-e-lo-fa-a-monaco\/"]}]},{"@type":"ImageObject","inLanguage":"it-IT","@id":"https:\/\/www.monaco-tribune.com\/it\/2022\/06\/la-maison-frey-apre-al-pubblico-per-la-prima-volta-in-assoluto-e-lo-fa-a-monaco\/#primaryimage","url":"https:\/\/www.monaco-tribune.com\/wp-content\/uploads\/2022\/06\/fashion-for-floors.jpg","contentUrl":"https:\/\/www.monaco-tribune.com\/wp-content\/uploads\/2022\/06\/fashion-for-floors.jpg","width":1020,"height":680,"caption":"Alain Duprat"},{"@type":"BreadcrumbList","@id":"https:\/\/www.monaco-tribune.com\/it\/2022\/06\/la-maison-frey-apre-al-pubblico-per-la-prima-volta-in-assoluto-e-lo-fa-a-monaco\/#breadcrumb","itemListElement":[{"@type":"ListItem","position":1,"name":"Accueil","item":"https:\/\/www.monaco-tribune.com\/it\/"},{"@type":"ListItem","position":2,"name":"La Maison Pierre Frey apre al pubblico per la prima volta in assoluto, e lo fa a Monaco"}]},{"@type":"WebSite","@id":"https:\/\/www.monaco-tribune.com\/it\/#website","url":"https:\/\/www.monaco-tribune.com\/it\/","name":"Monaco Tribune","description":"Monaco : actualit\u00e9s \u00e9conomiques, politiques, culturelles et sportives de Monaco et de la French Riviera.","publisher":{"@id":"https:\/\/www.monaco-tribune.com\/it\/#organization"},"potentialAction":[{"@type":"SearchAction","target":{"@type":"EntryPoint","urlTemplate":"https:\/\/www.monaco-tribune.com\/it\/?s={search_term_string}"},"query-input":{"@type":"PropertyValueSpecification","valueRequired":true,"valueName":"search_term_string"}}],"inLanguage":"it-IT"},{"@type":"Organization","@id":"https:\/\/www.monaco-tribune.com\/it\/#organization","name":"Monaco Tribune","url":"https:\/\/www.monaco-tribune.com\/it\/","logo":{"@type":"ImageObject","inLanguage":"it-IT","@id":"https:\/\/www.monaco-tribune.com\/it\/#\/schema\/logo\/image\/","url":"https:\/\/www.monaco-tribune.com\/wp-content\/uploads\/2022\/11\/logo-monaco-tribune.png","contentUrl":"https:\/\/www.monaco-tribune.com\/wp-content\/uploads\/2022\/11\/logo-monaco-tribune.png","width":1548,"height":600,"caption":"Monaco Tribune"},"image":{"@id":"https:\/\/www.monaco-tribune.com\/it\/#\/schema\/logo\/image\/"},"sameAs":["https:\/\/www.facebook.com\/MonacoTribune","https:\/\/x.com\/MonacoTribune","https:\/\/www.instagram.com\/monacotribune\/","https:\/\/www.linkedin.com\/company\/monaco-tribune","https:\/\/www.youtube.com\/channel\/UCHle1MnG6hw1y4lWKijVbMA"]},{"@type":"Person","@id":"https:\/\/www.monaco-tribune.com\/it\/#\/schema\/person\/a855d420fff4d03637641d60b93ac62e","name":"Camille Esteve","image":{"@type":"ImageObject","inLanguage":"it-IT","@id":"https:\/\/secure.gravatar.com\/avatar\/eaaa2355a7bb56c0018a391c20a55bf9b4690e3f493231dd850e612bfa6ce161?s=96&d=mm&r=g","url":"https:\/\/secure.gravatar.com\/avatar\/eaaa2355a7bb56c0018a391c20a55bf9b4690e3f493231dd850e612bfa6ce161?s=96&d=mm&r=g","contentUrl":"https:\/\/secure.gravatar.com\/avatar\/eaaa2355a7bb56c0018a391c20a55bf9b4690e3f493231dd850e612bfa6ce161?s=96&d=mm&r=g","caption":"Camille Esteve"},"url":"https:\/\/www.monaco-tribune.com\/it\/author\/camilleesteve\/"}]}},"_links":{"self":[{"href":"https:\/\/www.monaco-tribune.com\/it\/wp-json\/wp\/v2\/posts\/127008","targetHints":{"allow":["GET"]}}],"collection":[{"href":"https:\/\/www.monaco-tribune.com\/it\/wp-json\/wp\/v2\/posts"}],"about":[{"href":"https:\/\/www.monaco-tribune.com\/it\/wp-json\/wp\/v2\/types\/post"}],"author":[{"embeddable":true,"href":"https:\/\/www.monaco-tribune.com\/it\/wp-json\/wp\/v2\/users\/60"}],"replies":[{"embeddable":true,"href":"https:\/\/www.monaco-tribune.com\/it\/wp-json\/wp\/v2\/comments?post=127008"}],"version-history":[{"count":0,"href":"https:\/\/www.monaco-tribune.com\/it\/wp-json\/wp\/v2\/posts\/127008\/revisions"}],"wp:featuredmedia":[{"embeddable":true,"href":"https:\/\/www.monaco-tribune.com\/it\/wp-json\/wp\/v2\/media\/126875"}],"wp:attachment":[{"href":"https:\/\/www.monaco-tribune.com\/it\/wp-json\/wp\/v2\/media?parent=127008"}],"wp:term":[{"taxonomy":"category","embeddable":true,"href":"https:\/\/www.monaco-tribune.com\/it\/wp-json\/wp\/v2\/categories?post=127008"},{"taxonomy":"post_tag","embeddable":true,"href":"https:\/\/www.monaco-tribune.com\/it\/wp-json\/wp\/v2\/tags?post=127008"},{"taxonomy":"sectag","embeddable":true,"href":"https:\/\/www.monaco-tribune.com\/it\/wp-json\/wp\/v2\/post_sectags?post=127008"},{"taxonomy":"format","embeddable":true,"href":"https:\/\/www.monaco-tribune.com\/it\/wp-json\/wp\/v2\/post_format?post=127008"}],"curies":[{"name":"wp","href":"https:\/\/api.w.org\/{rel}","templated":true}]}}