{"id":127599,"date":"2022-06-24T16:41:46","date_gmt":"2022-06-24T14:41:46","guid":{"rendered":"https:\/\/www.monaco-tribune.com\/2022\/06\/i-membri-dellas-monaco-donano-il-sangue\/"},"modified":"2022-06-24T16:41:54","modified_gmt":"2022-06-24T14:41:54","slug":"i-membri-dellas-monaco-donano-il-sangue","status":"publish","type":"post","link":"https:\/\/www.monaco-tribune.com\/it\/2022\/06\/i-membri-dellas-monaco-donano-il-sangue\/","title":{"rendered":"I membri dell&#8217;AS Monaco donano il sangue"},"content":{"rendered":"\n<p><strong>I membri del club monegasco si sono mobilitati per sensibilizzare il grande pubblico sull&#8217;importanza di donare il sangue.<\/strong><\/p>\n\n<p>Nuova collaborazione tra l&#8217;AS Monaco e il Centro Ospedaliero Principessa Grace (CHPG). I dipendenti dell&#8217;AS Monaco si sono recati al centro trasfusioni per dare l&#8217;esempio e promuovere le donazioni, cos\u00ec da raggiungere l&#8217;obiettivo prefissato dal Principato.<\/p>\n\n<p>Al momento, Monaco non \u00e8 autosufficiente. Ogni anno vengono registrate solo 2.000 donazioni, mentre secondo il CHPG ne serverebbero 5.000.<\/p>\n\n<p>Marted\u00ec \u00e8 stato il turno dei dipendenti, mentre mercoled\u00ec \u00e8 stato il nuovo direttore generale Jean-Emmanuel de Witt a donare.<\/p>\n\n<p><strong>LEGGI ANCHE: <a href=\"https:\/\/www.monaco-tribune.com\/it\/2022\/05\/chi-e-jean-emmanuel-de-witt-il-nuovo-direttore-generale-dellas-monaco\/\">Chi \u00e8 Jean-Emmanuel de Witt, il nuovo direttore generale dell\u2019AS Monaco?<\/a><\/strong><\/p>\n\n<p>&#8220;Sono felicissimo e molto orgoglioso di essere venuto [&#8230;] donare il sangue \u00e8 davvero importante&#8221;, ha ricordato Jean-Emmanuel de Witt. &#8220;Abbiamo un ruolo molto importante nella societ\u00e0 e penso che sia necessario che ognuno di noi si ricordi che, in caso d&#8217;incidente, sarebbe ben felice di non sentire parlare di questa carenza&#8221;.<\/p>\n<div class=\"wp-block-image\">\n<figure class=\"aligncenter size-full\"><img loading=\"lazy\" decoding=\"async\" width=\"1020\" height=\"765\" src=\"https:\/\/www.monaco-tribune.com\/wp-content\/uploads\/2022\/06\/img_2135-compressed.jpg\" alt=\"jean-emmanuel-de-witt-dona-sangue\" class=\"wp-image-127408\" srcset=\"https:\/\/www.monaco-tribune.com\/wp-content\/uploads\/2022\/06\/img_2135-compressed.jpg 1020w, https:\/\/www.monaco-tribune.com\/wp-content\/uploads\/2022\/06\/img_2135-compressed-400x300.jpg 400w\" sizes=\"auto, (max-width: 1020px) 100vw, 1020px\" \/><figcaption><em>\u00a9 AS Monaco &#8211; Il direttore generale, Jean-Emmanuel de Witt<\/em><\/figcaption><\/figure>\n<\/div>\n<p>Per partecipare alla raccolta, potete recarvi al CHPG tutto l&#8217;anno, il marted\u00ec dalle 8:00 alle 14:00, il mercoled\u00ec dalle 10:00 alle 15:00 e il gioved\u00ec dalle 8:00 alle 14:00.<\/p>\n","protected":false},"excerpt":{"rendered":"<p>I membri del club monegasco si sono mobilitati per sensibilizzare il grande pubblico sull&#8217;importanza di donare il sangue. Nuova collaborazione [&hellip;]<\/p>\n","protected":false},"author":66,"featured_media":127366,"comment_status":"closed","ping_status":"closed","sticky":false,"template":"","format":"standard","meta":{"_acf_changed":false,"footnotes":""},"categories":[1738,1743],"tags":[2846],"post_sectags":[],"post_format":[2478],"class_list":["post-127599","post","type-post","status-publish","format-standard","has-post-thumbnail","hentry","category-notizie","category-sport-it","tag-as-monaco-it-2","format-notizia"],"acf":[],"yoast_head":"<!-- This site is optimized with the Yoast SEO Premium plugin v26.8 (Yoast SEO v27.5) - https:\/\/yoast.com\/product\/yoast-seo-premium-wordpress\/ -->\n<title>I membri dell&#039;AS Monaco donano il sangue<\/title>\n<meta name=\"description\" content=\"I membri del club monegasco si sono mobilitati per sensibilizzare il grande pubblico sull&#039;importanza di donare il sangue. Nuova collaborazione tra l&#039;AS\" \/>\n<meta name=\"robots\" content=\"index, follow, max-snippet:-1, max-image-preview:large, max-video-preview:-1\" \/>\n<link rel=\"canonical\" href=\"https:\/\/www.monaco-tribune.com\/it\/2022\/06\/i-membri-dellas-monaco-donano-il-sangue\/\" \/>\n<meta property=\"og:locale\" content=\"it_IT\" \/>\n<meta property=\"og:type\" content=\"article\" \/>\n<meta property=\"og:title\" content=\"I membri dell&#039;AS Monaco donano il sangue - Monaco Tribune\" \/>\n<meta property=\"og:description\" content=\"I membri del club monegasco si sono mobilitati per sensibilizzare il grande pubblico sull&#039;importanza di donare il sangue. Nuova collaborazione tra l&#039;AS\" \/>\n<meta property=\"og:url\" content=\"https:\/\/www.monaco-tribune.com\/it\/2022\/06\/i-membri-dellas-monaco-donano-il-sangue\/\" \/>\n<meta property=\"og:site_name\" content=\"Monaco Tribune\" \/>\n<meta property=\"article:publisher\" content=\"https:\/\/www.facebook.com\/MonacoTribune\" \/>\n<meta property=\"article:published_time\" content=\"2022-06-24T14:41:46+00:00\" \/>\n<meta property=\"article:modified_time\" content=\"2022-06-24T14:41:54+00:00\" \/>\n<meta property=\"og:image\" content=\"https:\/\/www.monaco-tribune.com\/wp-content\/uploads\/2022\/06\/289824601_3324818864420145_2091650781381699369_n.jpg\" \/>\n\t<meta property=\"og:image:width\" content=\"1620\" \/>\n\t<meta property=\"og:image:height\" content=\"1080\" \/>\n\t<meta property=\"og:image:type\" content=\"image\/jpeg\" \/>\n<meta name=\"author\" content=\"Th\u00e9o Briand\" \/>\n<meta name=\"twitter:card\" content=\"summary_large_image\" \/>\n<meta name=\"twitter:creator\" content=\"@MonacoTribune\" \/>\n<meta name=\"twitter:site\" content=\"@MonacoTribune\" \/>\n<script type=\"application\/ld+json\" class=\"yoast-schema-graph\">{\"@context\":\"https:\\\/\\\/schema.org\",\"@graph\":[{\"@type\":\"NewsArticle\",\"@id\":\"https:\\\/\\\/www.monaco-tribune.com\\\/it\\\/2022\\\/06\\\/i-membri-dellas-monaco-donano-il-sangue\\\/#article\",\"isPartOf\":{\"@id\":\"https:\\\/\\\/www.monaco-tribune.com\\\/it\\\/2022\\\/06\\\/i-membri-dellas-monaco-donano-il-sangue\\\/\"},\"author\":{\"name\":\"Th\u00e9o Briand\",\"@id\":\"https:\\\/\\\/www.monaco-tribune.com\\\/it\\\/#\\\/schema\\\/person\\\/94fb5723547bd83dea1eed97e25145aa\"},\"headline\":\"I membri dell&#8217;AS Monaco donano il sangue\",\"datePublished\":\"2022-06-24T14:41:46+00:00\",\"dateModified\":\"2022-06-24T14:41:54+00:00\",\"mainEntityOfPage\":{\"@id\":\"https:\\\/\\\/www.monaco-tribune.com\\\/it\\\/2022\\\/06\\\/i-membri-dellas-monaco-donano-il-sangue\\\/\"},\"wordCount\":199,\"publisher\":{\"@id\":\"https:\\\/\\\/www.monaco-tribune.com\\\/it\\\/#organization\"},\"image\":{\"@id\":\"https:\\\/\\\/www.monaco-tribune.com\\\/it\\\/2022\\\/06\\\/i-membri-dellas-monaco-donano-il-sangue\\\/#primaryimage\"},\"thumbnailUrl\":\"https:\\\/\\\/www.monaco-tribune.com\\\/wp-content\\\/uploads\\\/2022\\\/06\\\/289824601_3324818864420145_2091650781381699369_n.jpg\",\"keywords\":[\"AS Monaco\"],\"articleSection\":[\"Notizie\",\"Sport\"],\"inLanguage\":\"it-IT\",\"copyrightYear\":\"2022\",\"copyrightHolder\":{\"@id\":\"https:\\\/\\\/www.monaco-tribune.com\\\/#organization\"}},{\"@type\":\"WebPage\",\"@id\":\"https:\\\/\\\/www.monaco-tribune.com\\\/it\\\/2022\\\/06\\\/i-membri-dellas-monaco-donano-il-sangue\\\/\",\"url\":\"https:\\\/\\\/www.monaco-tribune.com\\\/it\\\/2022\\\/06\\\/i-membri-dellas-monaco-donano-il-sangue\\\/\",\"name\":\"I membri dell'AS Monaco donano il sangue\",\"isPartOf\":{\"@id\":\"https:\\\/\\\/www.monaco-tribune.com\\\/it\\\/#website\"},\"primaryImageOfPage\":{\"@id\":\"https:\\\/\\\/www.monaco-tribune.com\\\/it\\\/2022\\\/06\\\/i-membri-dellas-monaco-donano-il-sangue\\\/#primaryimage\"},\"image\":{\"@id\":\"https:\\\/\\\/www.monaco-tribune.com\\\/it\\\/2022\\\/06\\\/i-membri-dellas-monaco-donano-il-sangue\\\/#primaryimage\"},\"thumbnailUrl\":\"https:\\\/\\\/www.monaco-tribune.com\\\/wp-content\\\/uploads\\\/2022\\\/06\\\/289824601_3324818864420145_2091650781381699369_n.jpg\",\"datePublished\":\"2022-06-24T14:41:46+00:00\",\"dateModified\":\"2022-06-24T14:41:54+00:00\",\"description\":\"I membri del club monegasco si sono mobilitati per sensibilizzare il grande pubblico sull'importanza di donare il sangue. Nuova collaborazione tra l'AS\",\"breadcrumb\":{\"@id\":\"https:\\\/\\\/www.monaco-tribune.com\\\/it\\\/2022\\\/06\\\/i-membri-dellas-monaco-donano-il-sangue\\\/#breadcrumb\"},\"inLanguage\":\"it-IT\",\"potentialAction\":[{\"@type\":\"ReadAction\",\"target\":[\"https:\\\/\\\/www.monaco-tribune.com\\\/it\\\/2022\\\/06\\\/i-membri-dellas-monaco-donano-il-sangue\\\/\"]}]},{\"@type\":\"ImageObject\",\"inLanguage\":\"it-IT\",\"@id\":\"https:\\\/\\\/www.monaco-tribune.com\\\/it\\\/2022\\\/06\\\/i-membri-dellas-monaco-donano-il-sangue\\\/#primaryimage\",\"url\":\"https:\\\/\\\/www.monaco-tribune.com\\\/wp-content\\\/uploads\\\/2022\\\/06\\\/289824601_3324818864420145_2091650781381699369_n.jpg\",\"contentUrl\":\"https:\\\/\\\/www.monaco-tribune.com\\\/wp-content\\\/uploads\\\/2022\\\/06\\\/289824601_3324818864420145_2091650781381699369_n.jpg\",\"width\":1620,\"height\":1080,\"caption\":\"Dipartimento della Comunicazione \\\/ St\u00e9phane Danna\"},{\"@type\":\"BreadcrumbList\",\"@id\":\"https:\\\/\\\/www.monaco-tribune.com\\\/it\\\/2022\\\/06\\\/i-membri-dellas-monaco-donano-il-sangue\\\/#breadcrumb\",\"itemListElement\":[{\"@type\":\"ListItem\",\"position\":1,\"name\":\"Accueil\",\"item\":\"https:\\\/\\\/www.monaco-tribune.com\\\/it\\\/\"},{\"@type\":\"ListItem\",\"position\":2,\"name\":\"I membri dell&rsquo;AS Monaco donano il sangue\"}]},{\"@type\":\"WebSite\",\"@id\":\"https:\\\/\\\/www.monaco-tribune.com\\\/it\\\/#website\",\"url\":\"https:\\\/\\\/www.monaco-tribune.com\\\/it\\\/\",\"name\":\"Monaco Tribune\",\"description\":\"Monaco : actualit\u00e9s \u00e9conomiques, politiques, culturelles et sportives de Monaco et de la French Riviera.\",\"publisher\":{\"@id\":\"https:\\\/\\\/www.monaco-tribune.com\\\/it\\\/#organization\"},\"potentialAction\":[{\"@type\":\"SearchAction\",\"target\":{\"@type\":\"EntryPoint\",\"urlTemplate\":\"https:\\\/\\\/www.monaco-tribune.com\\\/it\\\/?s={search_term_string}\"},\"query-input\":{\"@type\":\"PropertyValueSpecification\",\"valueRequired\":true,\"valueName\":\"search_term_string\"}}],\"inLanguage\":\"it-IT\"},{\"@type\":\"Organization\",\"@id\":\"https:\\\/\\\/www.monaco-tribune.com\\\/it\\\/#organization\",\"name\":\"Monaco Tribune\",\"url\":\"https:\\\/\\\/www.monaco-tribune.com\\\/it\\\/\",\"logo\":{\"@type\":\"ImageObject\",\"inLanguage\":\"it-IT\",\"@id\":\"https:\\\/\\\/www.monaco-tribune.com\\\/it\\\/#\\\/schema\\\/logo\\\/image\\\/\",\"url\":\"https:\\\/\\\/www.monaco-tribune.com\\\/wp-content\\\/uploads\\\/2022\\\/11\\\/logo-monaco-tribune.png\",\"contentUrl\":\"https:\\\/\\\/www.monaco-tribune.com\\\/wp-content\\\/uploads\\\/2022\\\/11\\\/logo-monaco-tribune.png\",\"width\":1548,\"height\":600,\"caption\":\"Monaco Tribune\"},\"image\":{\"@id\":\"https:\\\/\\\/www.monaco-tribune.com\\\/it\\\/#\\\/schema\\\/logo\\\/image\\\/\"},\"sameAs\":[\"https:\\\/\\\/www.facebook.com\\\/MonacoTribune\",\"https:\\\/\\\/x.com\\\/MonacoTribune\",\"https:\\\/\\\/www.instagram.com\\\/monacotribune\\\/\",\"https:\\\/\\\/www.linkedin.com\\\/company\\\/monaco-tribune\",\"https:\\\/\\\/www.youtube.com\\\/channel\\\/UCHle1MnG6hw1y4lWKijVbMA\"]},{\"@type\":\"Person\",\"@id\":\"https:\\\/\\\/www.monaco-tribune.com\\\/it\\\/#\\\/schema\\\/person\\\/94fb5723547bd83dea1eed97e25145aa\",\"name\":\"Th\u00e9o Briand\",\"image\":{\"@type\":\"ImageObject\",\"inLanguage\":\"it-IT\",\"@id\":\"https:\\\/\\\/secure.gravatar.com\\\/avatar\\\/1c02cfd8b8054d8c376f9a942a1dc4dbacfd8ba5e6f8dbb5e16f4aa3d281972a?s=96&d=mm&r=g\",\"url\":\"https:\\\/\\\/secure.gravatar.com\\\/avatar\\\/1c02cfd8b8054d8c376f9a942a1dc4dbacfd8ba5e6f8dbb5e16f4aa3d281972a?s=96&d=mm&r=g\",\"contentUrl\":\"https:\\\/\\\/secure.gravatar.com\\\/avatar\\\/1c02cfd8b8054d8c376f9a942a1dc4dbacfd8ba5e6f8dbb5e16f4aa3d281972a?s=96&d=mm&r=g\",\"caption\":\"Th\u00e9o Briand\"},\"url\":\"https:\\\/\\\/www.monaco-tribune.com\\\/it\\\/author\\\/theobriand\\\/\"}]}<\/script>\n<!-- \/ Yoast SEO Premium plugin. -->","yoast_head_json":{"title":"I membri dell'AS Monaco donano il sangue","description":"I membri del club monegasco si sono mobilitati per sensibilizzare il grande pubblico sull'importanza di donare il sangue. Nuova collaborazione tra l'AS","robots":{"index":"index","follow":"follow","max-snippet":"max-snippet:-1","max-image-preview":"max-image-preview:large","max-video-preview":"max-video-preview:-1"},"canonical":"https:\/\/www.monaco-tribune.com\/it\/2022\/06\/i-membri-dellas-monaco-donano-il-sangue\/","og_locale":"it_IT","og_type":"article","og_title":"I membri dell'AS Monaco donano il sangue - Monaco Tribune","og_description":"I membri del club monegasco si sono mobilitati per sensibilizzare il grande pubblico sull'importanza di donare il sangue. Nuova collaborazione tra l'AS","og_url":"https:\/\/www.monaco-tribune.com\/it\/2022\/06\/i-membri-dellas-monaco-donano-il-sangue\/","og_site_name":"Monaco Tribune","article_publisher":"https:\/\/www.facebook.com\/MonacoTribune","article_published_time":"2022-06-24T14:41:46+00:00","article_modified_time":"2022-06-24T14:41:54+00:00","og_image":[{"width":1620,"height":1080,"url":"https:\/\/www.monaco-tribune.com\/wp-content\/uploads\/2022\/06\/289824601_3324818864420145_2091650781381699369_n.jpg","type":"image\/jpeg"}],"author":"Th\u00e9o Briand","twitter_card":"summary_large_image","twitter_creator":"@MonacoTribune","twitter_site":"@MonacoTribune","schema":{"@context":"https:\/\/schema.org","@graph":[{"@type":"NewsArticle","@id":"https:\/\/www.monaco-tribune.com\/it\/2022\/06\/i-membri-dellas-monaco-donano-il-sangue\/#article","isPartOf":{"@id":"https:\/\/www.monaco-tribune.com\/it\/2022\/06\/i-membri-dellas-monaco-donano-il-sangue\/"},"author":{"name":"Th\u00e9o Briand","@id":"https:\/\/www.monaco-tribune.com\/it\/#\/schema\/person\/94fb5723547bd83dea1eed97e25145aa"},"headline":"I membri dell&#8217;AS Monaco donano il sangue","datePublished":"2022-06-24T14:41:46+00:00","dateModified":"2022-06-24T14:41:54+00:00","mainEntityOfPage":{"@id":"https:\/\/www.monaco-tribune.com\/it\/2022\/06\/i-membri-dellas-monaco-donano-il-sangue\/"},"wordCount":199,"publisher":{"@id":"https:\/\/www.monaco-tribune.com\/it\/#organization"},"image":{"@id":"https:\/\/www.monaco-tribune.com\/it\/2022\/06\/i-membri-dellas-monaco-donano-il-sangue\/#primaryimage"},"thumbnailUrl":"https:\/\/www.monaco-tribune.com\/wp-content\/uploads\/2022\/06\/289824601_3324818864420145_2091650781381699369_n.jpg","keywords":["AS Monaco"],"articleSection":["Notizie","Sport"],"inLanguage":"it-IT","copyrightYear":"2022","copyrightHolder":{"@id":"https:\/\/www.monaco-tribune.com\/#organization"}},{"@type":"WebPage","@id":"https:\/\/www.monaco-tribune.com\/it\/2022\/06\/i-membri-dellas-monaco-donano-il-sangue\/","url":"https:\/\/www.monaco-tribune.com\/it\/2022\/06\/i-membri-dellas-monaco-donano-il-sangue\/","name":"I membri dell'AS Monaco donano il sangue","isPartOf":{"@id":"https:\/\/www.monaco-tribune.com\/it\/#website"},"primaryImageOfPage":{"@id":"https:\/\/www.monaco-tribune.com\/it\/2022\/06\/i-membri-dellas-monaco-donano-il-sangue\/#primaryimage"},"image":{"@id":"https:\/\/www.monaco-tribune.com\/it\/2022\/06\/i-membri-dellas-monaco-donano-il-sangue\/#primaryimage"},"thumbnailUrl":"https:\/\/www.monaco-tribune.com\/wp-content\/uploads\/2022\/06\/289824601_3324818864420145_2091650781381699369_n.jpg","datePublished":"2022-06-24T14:41:46+00:00","dateModified":"2022-06-24T14:41:54+00:00","description":"I membri del club monegasco si sono mobilitati per sensibilizzare il grande pubblico sull'importanza di donare il sangue. Nuova collaborazione tra l'AS","breadcrumb":{"@id":"https:\/\/www.monaco-tribune.com\/it\/2022\/06\/i-membri-dellas-monaco-donano-il-sangue\/#breadcrumb"},"inLanguage":"it-IT","potentialAction":[{"@type":"ReadAction","target":["https:\/\/www.monaco-tribune.com\/it\/2022\/06\/i-membri-dellas-monaco-donano-il-sangue\/"]}]},{"@type":"ImageObject","inLanguage":"it-IT","@id":"https:\/\/www.monaco-tribune.com\/it\/2022\/06\/i-membri-dellas-monaco-donano-il-sangue\/#primaryimage","url":"https:\/\/www.monaco-tribune.com\/wp-content\/uploads\/2022\/06\/289824601_3324818864420145_2091650781381699369_n.jpg","contentUrl":"https:\/\/www.monaco-tribune.com\/wp-content\/uploads\/2022\/06\/289824601_3324818864420145_2091650781381699369_n.jpg","width":1620,"height":1080,"caption":"Dipartimento della Comunicazione \/ St\u00e9phane Danna"},{"@type":"BreadcrumbList","@id":"https:\/\/www.monaco-tribune.com\/it\/2022\/06\/i-membri-dellas-monaco-donano-il-sangue\/#breadcrumb","itemListElement":[{"@type":"ListItem","position":1,"name":"Accueil","item":"https:\/\/www.monaco-tribune.com\/it\/"},{"@type":"ListItem","position":2,"name":"I membri dell&rsquo;AS Monaco donano il sangue"}]},{"@type":"WebSite","@id":"https:\/\/www.monaco-tribune.com\/it\/#website","url":"https:\/\/www.monaco-tribune.com\/it\/","name":"Monaco Tribune","description":"Monaco : actualit\u00e9s \u00e9conomiques, politiques, culturelles et sportives de Monaco et de la French Riviera.","publisher":{"@id":"https:\/\/www.monaco-tribune.com\/it\/#organization"},"potentialAction":[{"@type":"SearchAction","target":{"@type":"EntryPoint","urlTemplate":"https:\/\/www.monaco-tribune.com\/it\/?s={search_term_string}"},"query-input":{"@type":"PropertyValueSpecification","valueRequired":true,"valueName":"search_term_string"}}],"inLanguage":"it-IT"},{"@type":"Organization","@id":"https:\/\/www.monaco-tribune.com\/it\/#organization","name":"Monaco Tribune","url":"https:\/\/www.monaco-tribune.com\/it\/","logo":{"@type":"ImageObject","inLanguage":"it-IT","@id":"https:\/\/www.monaco-tribune.com\/it\/#\/schema\/logo\/image\/","url":"https:\/\/www.monaco-tribune.com\/wp-content\/uploads\/2022\/11\/logo-monaco-tribune.png","contentUrl":"https:\/\/www.monaco-tribune.com\/wp-content\/uploads\/2022\/11\/logo-monaco-tribune.png","width":1548,"height":600,"caption":"Monaco Tribune"},"image":{"@id":"https:\/\/www.monaco-tribune.com\/it\/#\/schema\/logo\/image\/"},"sameAs":["https:\/\/www.facebook.com\/MonacoTribune","https:\/\/x.com\/MonacoTribune","https:\/\/www.instagram.com\/monacotribune\/","https:\/\/www.linkedin.com\/company\/monaco-tribune","https:\/\/www.youtube.com\/channel\/UCHle1MnG6hw1y4lWKijVbMA"]},{"@type":"Person","@id":"https:\/\/www.monaco-tribune.com\/it\/#\/schema\/person\/94fb5723547bd83dea1eed97e25145aa","name":"Th\u00e9o Briand","image":{"@type":"ImageObject","inLanguage":"it-IT","@id":"https:\/\/secure.gravatar.com\/avatar\/1c02cfd8b8054d8c376f9a942a1dc4dbacfd8ba5e6f8dbb5e16f4aa3d281972a?s=96&d=mm&r=g","url":"https:\/\/secure.gravatar.com\/avatar\/1c02cfd8b8054d8c376f9a942a1dc4dbacfd8ba5e6f8dbb5e16f4aa3d281972a?s=96&d=mm&r=g","contentUrl":"https:\/\/secure.gravatar.com\/avatar\/1c02cfd8b8054d8c376f9a942a1dc4dbacfd8ba5e6f8dbb5e16f4aa3d281972a?s=96&d=mm&r=g","caption":"Th\u00e9o Briand"},"url":"https:\/\/www.monaco-tribune.com\/it\/author\/theobriand\/"}]}},"_links":{"self":[{"href":"https:\/\/www.monaco-tribune.com\/it\/wp-json\/wp\/v2\/posts\/127599","targetHints":{"allow":["GET"]}}],"collection":[{"href":"https:\/\/www.monaco-tribune.com\/it\/wp-json\/wp\/v2\/posts"}],"about":[{"href":"https:\/\/www.monaco-tribune.com\/it\/wp-json\/wp\/v2\/types\/post"}],"author":[{"embeddable":true,"href":"https:\/\/www.monaco-tribune.com\/it\/wp-json\/wp\/v2\/users\/66"}],"replies":[{"embeddable":true,"href":"https:\/\/www.monaco-tribune.com\/it\/wp-json\/wp\/v2\/comments?post=127599"}],"version-history":[{"count":0,"href":"https:\/\/www.monaco-tribune.com\/it\/wp-json\/wp\/v2\/posts\/127599\/revisions"}],"wp:featuredmedia":[{"embeddable":true,"href":"https:\/\/www.monaco-tribune.com\/it\/wp-json\/wp\/v2\/media\/127366"}],"wp:attachment":[{"href":"https:\/\/www.monaco-tribune.com\/it\/wp-json\/wp\/v2\/media?parent=127599"}],"wp:term":[{"taxonomy":"category","embeddable":true,"href":"https:\/\/www.monaco-tribune.com\/it\/wp-json\/wp\/v2\/categories?post=127599"},{"taxonomy":"post_tag","embeddable":true,"href":"https:\/\/www.monaco-tribune.com\/it\/wp-json\/wp\/v2\/tags?post=127599"},{"taxonomy":"sectag","embeddable":true,"href":"https:\/\/www.monaco-tribune.com\/it\/wp-json\/wp\/v2\/post_sectags?post=127599"},{"taxonomy":"format","embeddable":true,"href":"https:\/\/www.monaco-tribune.com\/it\/wp-json\/wp\/v2\/post_format?post=127599"}],"curies":[{"name":"wp","href":"https:\/\/api.w.org\/{rel}","templated":true}]}}