{"id":127950,"date":"2022-06-27T18:58:40","date_gmt":"2022-06-27T16:58:40","guid":{"rendered":"https:\/\/www.monaco-tribune.com\/2022\/06\/omaggio-al-vigile-del-fuoco-deceduto-la-principessa-carolina-presente-ai-funerali\/"},"modified":"2022-06-27T18:58:52","modified_gmt":"2022-06-27T16:58:52","slug":"omaggio-al-vigile-del-fuoco-deceduto-la-principessa-carolina-presente-ai-funerali","status":"publish","type":"post","link":"https:\/\/www.monaco-tribune.com\/it\/2022\/06\/omaggio-al-vigile-del-fuoco-deceduto-la-principessa-carolina-presente-ai-funerali\/","title":{"rendered":"Omaggio al vigile del fuoco deceduto: la Principessa Carolina presente ai funerali"},"content":{"rendered":"\n<p><strong>Il Principe Alberto II \u00e8 stato trattenuto in Norvegia e non ha potuto partecipare alla cerimonia del 24 giugno.<\/strong><\/p>\n\n<p>Sergente Thierry P\u00e9rard. \u00c8 lui il vigile del fuoco di 51 anni deceduto domenica durante l&#8217;intervento dei pompieri nell&#8217;incendio del palazzo 21 Princesse Grace.<\/p>\n\n<p>Dopo aver <a href=\"https:\/\/www.monaco-tribune.com\/it\/2022\/06\/i-vigili-del-fuoco-perdono-uno-dei-loro-compagni-nellincendio-del-21-princesse-grace\/\">espresso le sue condoglianze<\/a>, il Principe Alberto II ha voluto che il sergente fosse ricordato a livello nazionale con una cerimonia organizzata il 24 giugno. <a href=\"https:\/\/www.monaco-tribune.com\/it\/2022\/06\/la-famiglia-principesca-in-visita-alla-famiglia-reale-norvegese\/\">Il Sovrano \u00e8 stato trattenuto in Norvegia<\/a> per la commemorazione del Principe Alberto I, cos\u00ec \u00e8 stata la Principessa Carolina a rappresentare la Famiglia Principesca durante i funerali celebrati nella Cattedrale.<\/p>\n<div class=\"wp-block-image\">\n<figure class=\"aligncenter size-full\"><img loading=\"lazy\" decoding=\"async\" width=\"1020\" height=\"680\" src=\"https:\/\/www.monaco-tribune.com\/wp-content\/uploads\/2022\/06\/290267046_3326569560911742_4205559636555910374_n-compressed.jpg\" alt=\"omaggio-pompiere-principessa-carolina\" class=\"wp-image-127877\" srcset=\"https:\/\/www.monaco-tribune.com\/wp-content\/uploads\/2022\/06\/290267046_3326569560911742_4205559636555910374_n-compressed.jpg 1020w, https:\/\/www.monaco-tribune.com\/wp-content\/uploads\/2022\/06\/290267046_3326569560911742_4205559636555910374_n-compressed-450x300.jpg 450w\" sizes=\"auto, (max-width: 1020px) 100vw, 1020px\" \/><figcaption><em>\u00a9 Dipartimento di comunicazione \/ Manuel Vitali<\/em><\/figcaption><\/figure>\n<\/div>\n<p>Prima della cerimonia, il vigile del fuoco \u00e8 stato promosso al grado di sergente-capo e nominato Cavaliere dell&#8217;Ordine di San Carlo a titolo postumo sulla Place du Campanin a Fontvieille.<\/p>\n\n<h2 class=\"wp-block-heading\" id=\"h-premier-pompier-decede-en-intervention-a-monaco\">Il primo vigile del fuoco deceduto durante un&#8217;operazione a Monaco<\/h2>\n\n<p>Dalla creazione del Corpo dei Pompieri nel 1909, Thierry P\u00e9rard \u00e8 il primo vigile del fuoco a perdere la vita sul lavoro. Il tenente colonnello Maxime Yvrard, Capo del Corpo dei Pompieri di Monaco ha voluto rendergli omaggio descrivendolo come &#8220;una persona tranquilla, riflessiva, che non si lanciava nelle operazioni per fare scena&#8221;.<\/p>\n<div class=\"wp-block-image\">\n<figure class=\"aligncenter size-large\"><img loading=\"lazy\" decoding=\"async\" width=\"1024\" height=\"683\" src=\"https:\/\/www.monaco-tribune.com\/wp-content\/uploads\/2022\/06\/289991298_3326568574245174_768284004799931224_n-1024x683.jpg\" alt=\"omaggio-pompiere\" class=\"wp-image-127881\" srcset=\"https:\/\/www.monaco-tribune.com\/wp-content\/uploads\/2022\/06\/289991298_3326568574245174_768284004799931224_n-1024x683.jpg 1024w, https:\/\/www.monaco-tribune.com\/wp-content\/uploads\/2022\/06\/289991298_3326568574245174_768284004799931224_n-450x300.jpg 450w, https:\/\/www.monaco-tribune.com\/wp-content\/uploads\/2022\/06\/289991298_3326568574245174_768284004799931224_n.jpg 2048w\" sizes=\"auto, (max-width: 1024px) 100vw, 1024px\" \/><figcaption><em>\u00a9 Dipartimento di comunicazione \/ Manuel Vitali<\/em><\/figcaption><\/figure>\n<\/div>\n<p>Per quanto riguarda l&#8217;incendio, ha aggiunto: &#8220;Oggi stiamo cercando di trarre tutti gli insegnamenti possibili da quanto \u00e8 accaduto nell&#8217;incendio. Era un fuoco enorme [&#8230;] di una forza inaudita e molto complesso&#8221;.<\/p>\n","protected":false},"excerpt":{"rendered":"<p>Il Principe Alberto II \u00e8 stato trattenuto in Norvegia e non ha potuto partecipare alla cerimonia del 24 giugno. Sergente [&hellip;]<\/p>\n","protected":false},"author":66,"featured_media":127873,"comment_status":"closed","ping_status":"closed","sticky":false,"template":"","format":"standard","meta":{"_acf_changed":false,"footnotes":""},"categories":[1742,1826,1738],"tags":[2870],"post_sectags":[],"post_format":[2478],"class_list":["post-127950","post","type-post","status-publish","format-standard","has-post-thumbnail","hentry","category-famiglia-principesca","category-la-nostra-scelta","category-notizie","tag-principessa-carolina","format-notizia"],"acf":[],"yoast_head":"<!-- This site is optimized with the Yoast SEO Premium plugin v26.8 (Yoast SEO v27.4) - https:\/\/yoast.com\/product\/yoast-seo-premium-wordpress\/ -->\n<title>Omaggio al vigile del fuoco deceduto: la Principessa Carolina presente ai funerali<\/title>\n<meta name=\"description\" content=\"Il Principe Alberto II \u00e8 stato trattenuto in Norvegia e non ha potuto partecipare alla cerimonia del 24 giugno. Sergente Thierry P\u00e9rard. \u00c8 lui il vigile\" \/>\n<meta name=\"robots\" content=\"index, follow, max-snippet:-1, max-image-preview:large, max-video-preview:-1\" \/>\n<link rel=\"canonical\" href=\"https:\/\/www.monaco-tribune.com\/it\/2022\/06\/omaggio-al-vigile-del-fuoco-deceduto-la-principessa-carolina-presente-ai-funerali\/\" \/>\n<meta property=\"og:locale\" content=\"it_IT\" \/>\n<meta property=\"og:type\" content=\"article\" \/>\n<meta property=\"og:title\" content=\"Omaggio al vigile del fuoco deceduto: la Principessa Carolina presente ai funerali - Monaco Tribune\" \/>\n<meta property=\"og:description\" content=\"Il Principe Alberto II \u00e8 stato trattenuto in Norvegia e non ha potuto partecipare alla cerimonia del 24 giugno. Sergente Thierry P\u00e9rard. \u00c8 lui il vigile\" \/>\n<meta property=\"og:url\" content=\"https:\/\/www.monaco-tribune.com\/it\/2022\/06\/omaggio-al-vigile-del-fuoco-deceduto-la-principessa-carolina-presente-ai-funerali\/\" \/>\n<meta property=\"og:site_name\" content=\"Monaco Tribune\" \/>\n<meta property=\"article:publisher\" content=\"https:\/\/www.facebook.com\/MonacoTribune\" \/>\n<meta property=\"article:published_time\" content=\"2022-06-27T16:58:40+00:00\" \/>\n<meta property=\"article:modified_time\" content=\"2022-06-27T16:58:52+00:00\" \/>\n<meta property=\"og:image\" content=\"https:\/\/www.monaco-tribune.com\/wp-content\/uploads\/2022\/06\/289997817_3326569494245082_7070720109566374618_n-compressed.jpg\" \/>\n\t<meta property=\"og:image:width\" content=\"1020\" \/>\n\t<meta property=\"og:image:height\" content=\"680\" \/>\n\t<meta property=\"og:image:type\" content=\"image\/jpeg\" \/>\n<meta name=\"author\" content=\"Th\u00e9o Briand\" \/>\n<meta name=\"twitter:card\" content=\"summary_large_image\" \/>\n<meta name=\"twitter:creator\" content=\"@MonacoTribune\" \/>\n<meta name=\"twitter:site\" content=\"@MonacoTribune\" \/>\n<script type=\"application\/ld+json\" class=\"yoast-schema-graph\">{\"@context\":\"https:\\\/\\\/schema.org\",\"@graph\":[{\"@type\":\"NewsArticle\",\"@id\":\"https:\\\/\\\/www.monaco-tribune.com\\\/it\\\/2022\\\/06\\\/omaggio-al-vigile-del-fuoco-deceduto-la-principessa-carolina-presente-ai-funerali\\\/#article\",\"isPartOf\":{\"@id\":\"https:\\\/\\\/www.monaco-tribune.com\\\/it\\\/2022\\\/06\\\/omaggio-al-vigile-del-fuoco-deceduto-la-principessa-carolina-presente-ai-funerali\\\/\"},\"author\":{\"name\":\"Th\u00e9o Briand\",\"@id\":\"https:\\\/\\\/www.monaco-tribune.com\\\/it\\\/#\\\/schema\\\/person\\\/94fb5723547bd83dea1eed97e25145aa\"},\"headline\":\"Omaggio al vigile del fuoco deceduto: la Principessa Carolina presente ai funerali\",\"datePublished\":\"2022-06-27T16:58:40+00:00\",\"dateModified\":\"2022-06-27T16:58:52+00:00\",\"mainEntityOfPage\":{\"@id\":\"https:\\\/\\\/www.monaco-tribune.com\\\/it\\\/2022\\\/06\\\/omaggio-al-vigile-del-fuoco-deceduto-la-principessa-carolina-presente-ai-funerali\\\/\"},\"wordCount\":243,\"publisher\":{\"@id\":\"https:\\\/\\\/www.monaco-tribune.com\\\/it\\\/#organization\"},\"image\":{\"@id\":\"https:\\\/\\\/www.monaco-tribune.com\\\/it\\\/2022\\\/06\\\/omaggio-al-vigile-del-fuoco-deceduto-la-principessa-carolina-presente-ai-funerali\\\/#primaryimage\"},\"thumbnailUrl\":\"https:\\\/\\\/www.monaco-tribune.com\\\/wp-content\\\/uploads\\\/2022\\\/06\\\/289997817_3326569494245082_7070720109566374618_n-compressed.jpg\",\"keywords\":[\"Principessa Carolina\"],\"articleSection\":[\"Famiglia Principesca\",\"La nostra scelta\",\"Notizie\"],\"inLanguage\":\"it-IT\",\"copyrightYear\":\"2022\",\"copyrightHolder\":{\"@id\":\"https:\\\/\\\/www.monaco-tribune.com\\\/#organization\"}},{\"@type\":\"WebPage\",\"@id\":\"https:\\\/\\\/www.monaco-tribune.com\\\/it\\\/2022\\\/06\\\/omaggio-al-vigile-del-fuoco-deceduto-la-principessa-carolina-presente-ai-funerali\\\/\",\"url\":\"https:\\\/\\\/www.monaco-tribune.com\\\/it\\\/2022\\\/06\\\/omaggio-al-vigile-del-fuoco-deceduto-la-principessa-carolina-presente-ai-funerali\\\/\",\"name\":\"Omaggio al vigile del fuoco deceduto: la Principessa Carolina presente ai funerali\",\"isPartOf\":{\"@id\":\"https:\\\/\\\/www.monaco-tribune.com\\\/it\\\/#website\"},\"primaryImageOfPage\":{\"@id\":\"https:\\\/\\\/www.monaco-tribune.com\\\/it\\\/2022\\\/06\\\/omaggio-al-vigile-del-fuoco-deceduto-la-principessa-carolina-presente-ai-funerali\\\/#primaryimage\"},\"image\":{\"@id\":\"https:\\\/\\\/www.monaco-tribune.com\\\/it\\\/2022\\\/06\\\/omaggio-al-vigile-del-fuoco-deceduto-la-principessa-carolina-presente-ai-funerali\\\/#primaryimage\"},\"thumbnailUrl\":\"https:\\\/\\\/www.monaco-tribune.com\\\/wp-content\\\/uploads\\\/2022\\\/06\\\/289997817_3326569494245082_7070720109566374618_n-compressed.jpg\",\"datePublished\":\"2022-06-27T16:58:40+00:00\",\"dateModified\":\"2022-06-27T16:58:52+00:00\",\"description\":\"Il Principe Alberto II \u00e8 stato trattenuto in Norvegia e non ha potuto partecipare alla cerimonia del 24 giugno. Sergente Thierry P\u00e9rard. \u00c8 lui il vigile\",\"breadcrumb\":{\"@id\":\"https:\\\/\\\/www.monaco-tribune.com\\\/it\\\/2022\\\/06\\\/omaggio-al-vigile-del-fuoco-deceduto-la-principessa-carolina-presente-ai-funerali\\\/#breadcrumb\"},\"inLanguage\":\"it-IT\",\"potentialAction\":[{\"@type\":\"ReadAction\",\"target\":[\"https:\\\/\\\/www.monaco-tribune.com\\\/it\\\/2022\\\/06\\\/omaggio-al-vigile-del-fuoco-deceduto-la-principessa-carolina-presente-ai-funerali\\\/\"]}]},{\"@type\":\"ImageObject\",\"inLanguage\":\"it-IT\",\"@id\":\"https:\\\/\\\/www.monaco-tribune.com\\\/it\\\/2022\\\/06\\\/omaggio-al-vigile-del-fuoco-deceduto-la-principessa-carolina-presente-ai-funerali\\\/#primaryimage\",\"url\":\"https:\\\/\\\/www.monaco-tribune.com\\\/wp-content\\\/uploads\\\/2022\\\/06\\\/289997817_3326569494245082_7070720109566374618_n-compressed.jpg\",\"contentUrl\":\"https:\\\/\\\/www.monaco-tribune.com\\\/wp-content\\\/uploads\\\/2022\\\/06\\\/289997817_3326569494245082_7070720109566374618_n-compressed.jpg\",\"width\":1020,\"height\":680,\"caption\":\"Dipartimento di Comunicazione \\\/ Manuel Vitali\"},{\"@type\":\"BreadcrumbList\",\"@id\":\"https:\\\/\\\/www.monaco-tribune.com\\\/it\\\/2022\\\/06\\\/omaggio-al-vigile-del-fuoco-deceduto-la-principessa-carolina-presente-ai-funerali\\\/#breadcrumb\",\"itemListElement\":[{\"@type\":\"ListItem\",\"position\":1,\"name\":\"Accueil\",\"item\":\"https:\\\/\\\/www.monaco-tribune.com\\\/it\\\/\"},{\"@type\":\"ListItem\",\"position\":2,\"name\":\"Omaggio al vigile del fuoco deceduto: la Principessa Carolina presente ai funerali\"}]},{\"@type\":\"WebSite\",\"@id\":\"https:\\\/\\\/www.monaco-tribune.com\\\/it\\\/#website\",\"url\":\"https:\\\/\\\/www.monaco-tribune.com\\\/it\\\/\",\"name\":\"Monaco Tribune\",\"description\":\"Monaco : actualit\u00e9s \u00e9conomiques, politiques, culturelles et sportives de Monaco et de la French Riviera.\",\"publisher\":{\"@id\":\"https:\\\/\\\/www.monaco-tribune.com\\\/it\\\/#organization\"},\"potentialAction\":[{\"@type\":\"SearchAction\",\"target\":{\"@type\":\"EntryPoint\",\"urlTemplate\":\"https:\\\/\\\/www.monaco-tribune.com\\\/it\\\/?s={search_term_string}\"},\"query-input\":{\"@type\":\"PropertyValueSpecification\",\"valueRequired\":true,\"valueName\":\"search_term_string\"}}],\"inLanguage\":\"it-IT\"},{\"@type\":\"Organization\",\"@id\":\"https:\\\/\\\/www.monaco-tribune.com\\\/it\\\/#organization\",\"name\":\"Monaco Tribune\",\"url\":\"https:\\\/\\\/www.monaco-tribune.com\\\/it\\\/\",\"logo\":{\"@type\":\"ImageObject\",\"inLanguage\":\"it-IT\",\"@id\":\"https:\\\/\\\/www.monaco-tribune.com\\\/it\\\/#\\\/schema\\\/logo\\\/image\\\/\",\"url\":\"https:\\\/\\\/www.monaco-tribune.com\\\/wp-content\\\/uploads\\\/2022\\\/11\\\/logo-monaco-tribune.png\",\"contentUrl\":\"https:\\\/\\\/www.monaco-tribune.com\\\/wp-content\\\/uploads\\\/2022\\\/11\\\/logo-monaco-tribune.png\",\"width\":1548,\"height\":600,\"caption\":\"Monaco Tribune\"},\"image\":{\"@id\":\"https:\\\/\\\/www.monaco-tribune.com\\\/it\\\/#\\\/schema\\\/logo\\\/image\\\/\"},\"sameAs\":[\"https:\\\/\\\/www.facebook.com\\\/MonacoTribune\",\"https:\\\/\\\/x.com\\\/MonacoTribune\",\"https:\\\/\\\/www.instagram.com\\\/monacotribune\\\/\",\"https:\\\/\\\/www.linkedin.com\\\/company\\\/monaco-tribune\",\"https:\\\/\\\/www.youtube.com\\\/channel\\\/UCHle1MnG6hw1y4lWKijVbMA\"]},{\"@type\":\"Person\",\"@id\":\"https:\\\/\\\/www.monaco-tribune.com\\\/it\\\/#\\\/schema\\\/person\\\/94fb5723547bd83dea1eed97e25145aa\",\"name\":\"Th\u00e9o Briand\",\"image\":{\"@type\":\"ImageObject\",\"inLanguage\":\"it-IT\",\"@id\":\"https:\\\/\\\/secure.gravatar.com\\\/avatar\\\/1c02cfd8b8054d8c376f9a942a1dc4dbacfd8ba5e6f8dbb5e16f4aa3d281972a?s=96&d=mm&r=g\",\"url\":\"https:\\\/\\\/secure.gravatar.com\\\/avatar\\\/1c02cfd8b8054d8c376f9a942a1dc4dbacfd8ba5e6f8dbb5e16f4aa3d281972a?s=96&d=mm&r=g\",\"contentUrl\":\"https:\\\/\\\/secure.gravatar.com\\\/avatar\\\/1c02cfd8b8054d8c376f9a942a1dc4dbacfd8ba5e6f8dbb5e16f4aa3d281972a?s=96&d=mm&r=g\",\"caption\":\"Th\u00e9o Briand\"},\"url\":\"https:\\\/\\\/www.monaco-tribune.com\\\/it\\\/author\\\/theobriand\\\/\"}]}<\/script>\n<!-- \/ Yoast SEO Premium plugin. -->","yoast_head_json":{"title":"Omaggio al vigile del fuoco deceduto: la Principessa Carolina presente ai funerali","description":"Il Principe Alberto II \u00e8 stato trattenuto in Norvegia e non ha potuto partecipare alla cerimonia del 24 giugno. Sergente Thierry P\u00e9rard. \u00c8 lui il vigile","robots":{"index":"index","follow":"follow","max-snippet":"max-snippet:-1","max-image-preview":"max-image-preview:large","max-video-preview":"max-video-preview:-1"},"canonical":"https:\/\/www.monaco-tribune.com\/it\/2022\/06\/omaggio-al-vigile-del-fuoco-deceduto-la-principessa-carolina-presente-ai-funerali\/","og_locale":"it_IT","og_type":"article","og_title":"Omaggio al vigile del fuoco deceduto: la Principessa Carolina presente ai funerali - Monaco Tribune","og_description":"Il Principe Alberto II \u00e8 stato trattenuto in Norvegia e non ha potuto partecipare alla cerimonia del 24 giugno. Sergente Thierry P\u00e9rard. \u00c8 lui il vigile","og_url":"https:\/\/www.monaco-tribune.com\/it\/2022\/06\/omaggio-al-vigile-del-fuoco-deceduto-la-principessa-carolina-presente-ai-funerali\/","og_site_name":"Monaco Tribune","article_publisher":"https:\/\/www.facebook.com\/MonacoTribune","article_published_time":"2022-06-27T16:58:40+00:00","article_modified_time":"2022-06-27T16:58:52+00:00","og_image":[{"width":1020,"height":680,"url":"https:\/\/www.monaco-tribune.com\/wp-content\/uploads\/2022\/06\/289997817_3326569494245082_7070720109566374618_n-compressed.jpg","type":"image\/jpeg"}],"author":"Th\u00e9o Briand","twitter_card":"summary_large_image","twitter_creator":"@MonacoTribune","twitter_site":"@MonacoTribune","schema":{"@context":"https:\/\/schema.org","@graph":[{"@type":"NewsArticle","@id":"https:\/\/www.monaco-tribune.com\/it\/2022\/06\/omaggio-al-vigile-del-fuoco-deceduto-la-principessa-carolina-presente-ai-funerali\/#article","isPartOf":{"@id":"https:\/\/www.monaco-tribune.com\/it\/2022\/06\/omaggio-al-vigile-del-fuoco-deceduto-la-principessa-carolina-presente-ai-funerali\/"},"author":{"name":"Th\u00e9o Briand","@id":"https:\/\/www.monaco-tribune.com\/it\/#\/schema\/person\/94fb5723547bd83dea1eed97e25145aa"},"headline":"Omaggio al vigile del fuoco deceduto: la Principessa Carolina presente ai funerali","datePublished":"2022-06-27T16:58:40+00:00","dateModified":"2022-06-27T16:58:52+00:00","mainEntityOfPage":{"@id":"https:\/\/www.monaco-tribune.com\/it\/2022\/06\/omaggio-al-vigile-del-fuoco-deceduto-la-principessa-carolina-presente-ai-funerali\/"},"wordCount":243,"publisher":{"@id":"https:\/\/www.monaco-tribune.com\/it\/#organization"},"image":{"@id":"https:\/\/www.monaco-tribune.com\/it\/2022\/06\/omaggio-al-vigile-del-fuoco-deceduto-la-principessa-carolina-presente-ai-funerali\/#primaryimage"},"thumbnailUrl":"https:\/\/www.monaco-tribune.com\/wp-content\/uploads\/2022\/06\/289997817_3326569494245082_7070720109566374618_n-compressed.jpg","keywords":["Principessa Carolina"],"articleSection":["Famiglia Principesca","La nostra scelta","Notizie"],"inLanguage":"it-IT","copyrightYear":"2022","copyrightHolder":{"@id":"https:\/\/www.monaco-tribune.com\/#organization"}},{"@type":"WebPage","@id":"https:\/\/www.monaco-tribune.com\/it\/2022\/06\/omaggio-al-vigile-del-fuoco-deceduto-la-principessa-carolina-presente-ai-funerali\/","url":"https:\/\/www.monaco-tribune.com\/it\/2022\/06\/omaggio-al-vigile-del-fuoco-deceduto-la-principessa-carolina-presente-ai-funerali\/","name":"Omaggio al vigile del fuoco deceduto: la Principessa Carolina presente ai funerali","isPartOf":{"@id":"https:\/\/www.monaco-tribune.com\/it\/#website"},"primaryImageOfPage":{"@id":"https:\/\/www.monaco-tribune.com\/it\/2022\/06\/omaggio-al-vigile-del-fuoco-deceduto-la-principessa-carolina-presente-ai-funerali\/#primaryimage"},"image":{"@id":"https:\/\/www.monaco-tribune.com\/it\/2022\/06\/omaggio-al-vigile-del-fuoco-deceduto-la-principessa-carolina-presente-ai-funerali\/#primaryimage"},"thumbnailUrl":"https:\/\/www.monaco-tribune.com\/wp-content\/uploads\/2022\/06\/289997817_3326569494245082_7070720109566374618_n-compressed.jpg","datePublished":"2022-06-27T16:58:40+00:00","dateModified":"2022-06-27T16:58:52+00:00","description":"Il Principe Alberto II \u00e8 stato trattenuto in Norvegia e non ha potuto partecipare alla cerimonia del 24 giugno. Sergente Thierry P\u00e9rard. \u00c8 lui il vigile","breadcrumb":{"@id":"https:\/\/www.monaco-tribune.com\/it\/2022\/06\/omaggio-al-vigile-del-fuoco-deceduto-la-principessa-carolina-presente-ai-funerali\/#breadcrumb"},"inLanguage":"it-IT","potentialAction":[{"@type":"ReadAction","target":["https:\/\/www.monaco-tribune.com\/it\/2022\/06\/omaggio-al-vigile-del-fuoco-deceduto-la-principessa-carolina-presente-ai-funerali\/"]}]},{"@type":"ImageObject","inLanguage":"it-IT","@id":"https:\/\/www.monaco-tribune.com\/it\/2022\/06\/omaggio-al-vigile-del-fuoco-deceduto-la-principessa-carolina-presente-ai-funerali\/#primaryimage","url":"https:\/\/www.monaco-tribune.com\/wp-content\/uploads\/2022\/06\/289997817_3326569494245082_7070720109566374618_n-compressed.jpg","contentUrl":"https:\/\/www.monaco-tribune.com\/wp-content\/uploads\/2022\/06\/289997817_3326569494245082_7070720109566374618_n-compressed.jpg","width":1020,"height":680,"caption":"Dipartimento di Comunicazione \/ Manuel Vitali"},{"@type":"BreadcrumbList","@id":"https:\/\/www.monaco-tribune.com\/it\/2022\/06\/omaggio-al-vigile-del-fuoco-deceduto-la-principessa-carolina-presente-ai-funerali\/#breadcrumb","itemListElement":[{"@type":"ListItem","position":1,"name":"Accueil","item":"https:\/\/www.monaco-tribune.com\/it\/"},{"@type":"ListItem","position":2,"name":"Omaggio al vigile del fuoco deceduto: la Principessa Carolina presente ai funerali"}]},{"@type":"WebSite","@id":"https:\/\/www.monaco-tribune.com\/it\/#website","url":"https:\/\/www.monaco-tribune.com\/it\/","name":"Monaco Tribune","description":"Monaco : actualit\u00e9s \u00e9conomiques, politiques, culturelles et sportives de Monaco et de la French Riviera.","publisher":{"@id":"https:\/\/www.monaco-tribune.com\/it\/#organization"},"potentialAction":[{"@type":"SearchAction","target":{"@type":"EntryPoint","urlTemplate":"https:\/\/www.monaco-tribune.com\/it\/?s={search_term_string}"},"query-input":{"@type":"PropertyValueSpecification","valueRequired":true,"valueName":"search_term_string"}}],"inLanguage":"it-IT"},{"@type":"Organization","@id":"https:\/\/www.monaco-tribune.com\/it\/#organization","name":"Monaco Tribune","url":"https:\/\/www.monaco-tribune.com\/it\/","logo":{"@type":"ImageObject","inLanguage":"it-IT","@id":"https:\/\/www.monaco-tribune.com\/it\/#\/schema\/logo\/image\/","url":"https:\/\/www.monaco-tribune.com\/wp-content\/uploads\/2022\/11\/logo-monaco-tribune.png","contentUrl":"https:\/\/www.monaco-tribune.com\/wp-content\/uploads\/2022\/11\/logo-monaco-tribune.png","width":1548,"height":600,"caption":"Monaco Tribune"},"image":{"@id":"https:\/\/www.monaco-tribune.com\/it\/#\/schema\/logo\/image\/"},"sameAs":["https:\/\/www.facebook.com\/MonacoTribune","https:\/\/x.com\/MonacoTribune","https:\/\/www.instagram.com\/monacotribune\/","https:\/\/www.linkedin.com\/company\/monaco-tribune","https:\/\/www.youtube.com\/channel\/UCHle1MnG6hw1y4lWKijVbMA"]},{"@type":"Person","@id":"https:\/\/www.monaco-tribune.com\/it\/#\/schema\/person\/94fb5723547bd83dea1eed97e25145aa","name":"Th\u00e9o Briand","image":{"@type":"ImageObject","inLanguage":"it-IT","@id":"https:\/\/secure.gravatar.com\/avatar\/1c02cfd8b8054d8c376f9a942a1dc4dbacfd8ba5e6f8dbb5e16f4aa3d281972a?s=96&d=mm&r=g","url":"https:\/\/secure.gravatar.com\/avatar\/1c02cfd8b8054d8c376f9a942a1dc4dbacfd8ba5e6f8dbb5e16f4aa3d281972a?s=96&d=mm&r=g","contentUrl":"https:\/\/secure.gravatar.com\/avatar\/1c02cfd8b8054d8c376f9a942a1dc4dbacfd8ba5e6f8dbb5e16f4aa3d281972a?s=96&d=mm&r=g","caption":"Th\u00e9o Briand"},"url":"https:\/\/www.monaco-tribune.com\/it\/author\/theobriand\/"}]}},"_links":{"self":[{"href":"https:\/\/www.monaco-tribune.com\/it\/wp-json\/wp\/v2\/posts\/127950","targetHints":{"allow":["GET"]}}],"collection":[{"href":"https:\/\/www.monaco-tribune.com\/it\/wp-json\/wp\/v2\/posts"}],"about":[{"href":"https:\/\/www.monaco-tribune.com\/it\/wp-json\/wp\/v2\/types\/post"}],"author":[{"embeddable":true,"href":"https:\/\/www.monaco-tribune.com\/it\/wp-json\/wp\/v2\/users\/66"}],"replies":[{"embeddable":true,"href":"https:\/\/www.monaco-tribune.com\/it\/wp-json\/wp\/v2\/comments?post=127950"}],"version-history":[{"count":0,"href":"https:\/\/www.monaco-tribune.com\/it\/wp-json\/wp\/v2\/posts\/127950\/revisions"}],"wp:featuredmedia":[{"embeddable":true,"href":"https:\/\/www.monaco-tribune.com\/it\/wp-json\/wp\/v2\/media\/127873"}],"wp:attachment":[{"href":"https:\/\/www.monaco-tribune.com\/it\/wp-json\/wp\/v2\/media?parent=127950"}],"wp:term":[{"taxonomy":"category","embeddable":true,"href":"https:\/\/www.monaco-tribune.com\/it\/wp-json\/wp\/v2\/categories?post=127950"},{"taxonomy":"post_tag","embeddable":true,"href":"https:\/\/www.monaco-tribune.com\/it\/wp-json\/wp\/v2\/tags?post=127950"},{"taxonomy":"sectag","embeddable":true,"href":"https:\/\/www.monaco-tribune.com\/it\/wp-json\/wp\/v2\/post_sectags?post=127950"},{"taxonomy":"format","embeddable":true,"href":"https:\/\/www.monaco-tribune.com\/it\/wp-json\/wp\/v2\/post_format?post=127950"}],"curies":[{"name":"wp","href":"https:\/\/api.w.org\/{rel}","templated":true}]}}