{"id":129116,"date":"2022-07-05T17:45:02","date_gmt":"2022-07-05T15:45:02","guid":{"rendered":"https:\/\/www.monaco-tribune.com\/2022\/07\/5-cose-da-vedere-durante-la-visita-al-palazzo-del-principe-di-monaco\/"},"modified":"2022-07-26T16:10:21","modified_gmt":"2022-07-26T14:10:21","slug":"5-cose-da-vedere-durante-la-visita-al-palazzo-del-principe-di-monaco","status":"publish","type":"post","link":"https:\/\/www.monaco-tribune.com\/it\/2022\/07\/5-cose-da-vedere-durante-la-visita-al-palazzo-del-principe-di-monaco\/","title":{"rendered":"5 cose da vedere durante la visita al Palazzo del Principe di Monaco"},"content":{"rendered":"\n<p><strong>Il Palazzo del Principe chiuder\u00e0 di nuovo al pubblico il 15 ottobre. Avete quindi ancora tre mesi e mezzo per visitare questo gioiello, aperto raramente ai visitatori. La redazione ha selezionato per voi 5 cose da non perdere durante la vostra visita.<\/strong><\/p>\n\n\n\n<p>Quest&#8217;estate il Palazzo del Principe ha aperto al pubblico dopo oltre due anni di chiusura a causa del Covid. Ma non tutti i mali vengono per nuocere. Questi due anni, infatti, sono serviti per <a href=\"https:\/\/www.monaco-tribune.com\/it\/2022\/06\/foto-svelati-gli-affreschi-rinascimentali-del-palazzo-del-principe-in-occasione-della-riapertura\/\">restaurare gli affreschi rinascimentali scoperti nel 2015<\/a>.<\/p>\n\n\n\n<h2 class=\"has-text-align-center wp-block-heading\">Il Palazzo e la sua lunga storia<\/h2>\n\n\n\n<p>Monaco non \u00e8 sempre stata indipendente, ma apparteneva alla fiorente citt\u00e0 di Genova, che ha presto deciso di fortificare la Rocca per difendere la frontiera occidentale e proteggere il porto di Monaco.<\/p>\n\n\n\n<p>La storia di Monaco comincia del 1297, quando Francesco Grimaldi, membro di un&#8217;influente famiglia genovese, conquista la fortezza facendosi passare per un monaco. Il nome Monaco, infatti, deriva proprio da questo episodio storico.<\/p>\n\n\n\n<p>Per circa un secolo, Genova tenta di recuperare la fortezza con la forza. Nel 1506, la Repubblica di Genova mette sotto assedio Monaco, che viene poi liberata dalla Francia. La citt\u00e0 deve essere ricostruita e nel XVI secolo firma un patto di protezione con la Spagna. La fortezza perde cos\u00ec la sua funzione e si trasforma in un Palazzo d&#8217;ispirazione rinascimentale.<\/p>\n\n\n\n<p>Grazie a un gioco di alleanze, Monaco \u00e8 riuscita a mantenere la sua indipendenza fino a oggi. \u00c8 inoltre uno dei rari Principati ancora esistenti in Europa.<\/p>\n\n\n\n<h2 class=\"has-text-align-center wp-block-heading\">1. Il cambio della guardia<\/h2>\n\n\n<div class=\"wp-block-image\">\n<figure class=\"aligncenter size-large\"><img loading=\"lazy\" decoding=\"async\" width=\"1024\" height=\"683\" src=\"https:\/\/www.monaco-tribune.com\/wp-content\/uploads\/2022\/05\/280714414_556815232477289_4651650409674082541_n-compressed-1-1024x683.jpg\" alt=\"\" class=\"wp-image-122326\" srcset=\"https:\/\/www.monaco-tribune.com\/wp-content\/uploads\/2022\/05\/280714414_556815232477289_4651650409674082541_n-compressed-1-1024x683.jpg 1024w, https:\/\/www.monaco-tribune.com\/wp-content\/uploads\/2022\/05\/280714414_556815232477289_4651650409674082541_n-compressed-1-450x300.jpg 450w, https:\/\/www.monaco-tribune.com\/wp-content\/uploads\/2022\/05\/280714414_556815232477289_4651650409674082541_n-compressed-1.jpg 2048w\" sizes=\"auto, (max-width: 1024px) 100vw, 1024px\" \/><figcaption>\u00a9 Axel Bastello &amp; Gaetan Luci \/ Palazzo del Principe<\/figcaption><\/figure>\n<\/div>\n\n\n<p>Non c&#8217;\u00e8 niente di meglio che assistere al cambio della guardia sulla piazza del Palazzo per immergersi in un&#8217;atmosfera da favola. Tutti i giorni alle 11:55, i 124 carabinieri del Principe si danno il cambio con un rituale solenne e centenario per la gioia dei visitatori.<\/p>\n\n\n\n<blockquote class=\"instagram-media\" data-instgrm-captioned=\"\" data-instgrm-permalink=\"https:\/\/www.instagram.com\/reel\/Cbz3hAtFp0A\/?utm_source=ig_embed&amp;utm_campaign=loading\" data-instgrm-version=\"14\" style=\"background:#FFF;border:0;border-radius:3px;margin: 1px;max-width:540px;min-width:326px;padding:0;width:99.375%;width:-webkit-calc(100% - 2px);width:calc(100% - 2px)\"><div style=\"padding:16px\"> <a href=\"https:\/\/www.instagram.com\/reel\/Cbz3hAtFp0A\/?utm_source=ig_embed&amp;utm_campaign=loading\" style=\"background:#FFFFFF;line-height:0;padding:0 0;text-align:center;text-decoration:none;width:100%\" target=\"_blank\" rel=\"noopener\"> <div style=\"display: flex;flex-direction: row;align-items: center\"> <div style=\"background-color: #F4F4F4;border-radius: 50%;flex-grow: 0;height: 40px;margin-right: 14px;width: 40px\"><\/div> <div style=\"display: flex;flex-direction: column;flex-grow: 1;justify-content: center\"> <div style=\"background-color: #F4F4F4;border-radius: 4px;flex-grow: 0;height: 14px;margin-bottom: 6px;width: 100px\"><\/div> <div style=\"background-color: #F4F4F4;border-radius: 4px;flex-grow: 0;height: 14px;width: 60px\"><\/div><\/div><\/div><div style=\"padding: 19% 0\"><\/div> <div style=\"display:block;height:50px;margin:0 auto 12px;width:50px\"><\/div><div style=\"padding-top: 8px\"> <div style=\"color:#3897f0;font-family:Arial,sans-serif;font-size:14px;font-style:normal;font-weight:550;line-height:18px\">View this post on Instagram<\/div><\/div><div style=\"padding: 12.5% 0\"><\/div> <div style=\"display: flex;flex-direction: row;margin-bottom: 14px;align-items: center\"><div> <div style=\"background-color: #F4F4F4;border-radius: 50%;height: 12.5px;width: 12.5px\"><\/div> <div style=\"background-color: #F4F4F4;height: 12.5px;width: 12.5px;flex-grow: 0;margin-right: 14px;margin-left: 2px\"><\/div> <div style=\"background-color: #F4F4F4;border-radius: 50%;height: 12.5px;width: 12.5px\"><\/div><\/div><div style=\"margin-left: 8px\"> <div style=\"background-color: #F4F4F4;border-radius: 50%;flex-grow: 0;height: 20px;width: 20px\"><\/div> <div style=\"width: 0;height: 0;border-top: 2px solid transparent;border-left: 6px solid #f4f4f4;border-bottom: 2px solid transparent\"><\/div><\/div><div style=\"margin-left: auto\"> <div style=\"width: 0px;border-top: 8px solid #F4F4F4;border-right: 8px solid transparent\"><\/div> <div style=\"background-color: #F4F4F4;flex-grow: 0;height: 12px;width: 16px\"><\/div> <div style=\"width: 0;height: 0;border-top: 8px solid #F4F4F4;border-left: 8px solid transparent\"><\/div><\/div><\/div> <div style=\"display: flex;flex-direction: column;flex-grow: 1;justify-content: center;margin-bottom: 24px\"> <div style=\"background-color: #F4F4F4;border-radius: 4px;flex-grow: 0;height: 14px;margin-bottom: 6px;width: 224px\"><\/div> <div style=\"background-color: #F4F4F4;border-radius: 4px;flex-grow: 0;height: 14px;width: 144px\"><\/div><\/div><\/a><p style=\"color:#c9c8cd;font-family:Arial,sans-serif;font-size:14px;line-height:17px;margin-bottom:0;margin-top:8px;overflow:hidden;padding:8px 0 7px;text-align:center\"><a href=\"https:\/\/www.instagram.com\/reel\/Cbz3hAtFp0A\/?utm_source=ig_embed&amp;utm_campaign=loading\" style=\"color:#c9c8cd;font-family:Arial,sans-serif;font-size:14px;font-style:normal;font-weight:normal;line-height:17px;text-decoration:none\" target=\"_blank\" rel=\"noopener\">A post shared by Monaco Tribune (@monacotribune)<\/a><\/p><\/div><\/blockquote>\n\n\n\n<h2 class=\"has-text-align-center wp-block-heading\">2. La Corte d&#8217;Onore<\/h2>\n\n\n<div class=\"wp-block-image\">\n<figure class=\"aligncenter size-large\"><img loading=\"lazy\" decoding=\"async\" width=\"1024\" height=\"684\" src=\"https:\/\/www.monaco-tribune.com\/wp-content\/uploads\/2022\/05\/cour-dhonneur-\u00a9-photo-mael-voyer-gadin-palais-princier-de-monaco-2-compressed-1024x684.jpg\" alt=\"corte-d-onore-foto-mael-voyer-gadin\" class=\"wp-image-123467\" srcset=\"https:\/\/www.monaco-tribune.com\/wp-content\/uploads\/2022\/05\/cour-dhonneur-\u00a9-photo-mael-voyer-gadin-palais-princier-de-monaco-2-compressed-1024x684.jpg 1024w, https:\/\/www.monaco-tribune.com\/wp-content\/uploads\/2022\/05\/cour-dhonneur-\u00a9-photo-mael-voyer-gadin-palais-princier-de-monaco-2-compressed-449x300.jpg 449w, https:\/\/www.monaco-tribune.com\/wp-content\/uploads\/2022\/05\/cour-dhonneur-\u00a9-photo-mael-voyer-gadin-palais-princier-de-monaco-2-compressed-scaled.jpg 2048w\" sizes=\"auto, (max-width: 1024px) 100vw, 1024px\" \/><figcaption><em>\u00a9 Mae\u0308l Voyer Gadin \/ Palazzo del Principe di Monaco<\/em><\/figcaption><\/figure>\n<\/div>\n\n\n<p>Un passaggio obbligato, se decidete di visitare il Palazzo, \u00e8 la Corte d&#8217;Onore, elemento centrale di tutto il complesso. Con ricchi decori, ospita la leggendaria scala a ferro di cavallo voluta dal Principe Luigi I nel XVII secolo. Accoglie anche la splendida Galleria d&#8217;Ercole, che ha subito alcuni dei lavori di restauro pi\u00f9 importanti.<\/p>\n\n\n\n<p>La Corte d&#8217;Onore ha anche ospitato diversi eventi, come i tre concerti organizzati ogni estate dall&#8217;Orchestra Filarmonica di Monte-Carlo. \u00c8 anche il luogo in cui il Principe Alberto II e la Principessa Charl\u00e8ne hanno pronunciato il fatidico &#8220;s\u00ec&#8221; 11 anni fa.<\/p>\n\n\n\n<h2 class=\"has-text-align-center wp-block-heading\">3. I soffitti restaurati<\/h2>\n\n\n<div class=\"wp-block-image\">\n<figure class=\"aligncenter size-large\"><img loading=\"lazy\" decoding=\"async\" width=\"1024\" height=\"683\" src=\"https:\/\/www.monaco-tribune.com\/wp-content\/uploads\/2022\/07\/fresque-palais-princier-ulysse-salle-trone-compressed-1024x683.jpg\" alt=\"affreschi-palazzo-principe-ulisse-sala-trono-compressed\" class=\"wp-image-128745\" srcset=\"https:\/\/www.monaco-tribune.com\/wp-content\/uploads\/2022\/07\/fresque-palais-princier-ulysse-salle-trone-compressed-1024x683.jpg 1024w, https:\/\/www.monaco-tribune.com\/wp-content\/uploads\/2022\/07\/fresque-palais-princier-ulysse-salle-trone-compressed-450x300.jpg 450w, https:\/\/www.monaco-tribune.com\/wp-content\/uploads\/2022\/07\/fresque-palais-princier-ulysse-salle-trone-compressed.jpg 2048w\" sizes=\"auto, (max-width: 1024px) 100vw, 1024px\" \/><figcaption><em>\u00a9 Dipartimento di comunicazione \/ Manuel Vitali<\/em><\/figcaption><\/figure>\n<\/div>\n\n\n<p>Il palazzo ha completamente cambiato volto rispetto a due anni fa. Gli affreschi, riscoperti dietro la vernice rovinata e oggi restaurati, gli donano un fascino rinascimentale. Pi\u00f9 ricchi di prima, questi dipinti riportano indietro il visitatore di cinque secoli, quando venne eretto il Palazzo sulla fortezza che proteggeva Monaco.<\/p>\n\n\n\n<p>La sala del Trono con la Nekyia di Ulisse e la Camera d&#8217;Europa sono sicuramente le pi\u00f9 belle opere del periodo. Per restare coerenti con l&#8217;epoca, ogni stanza \u00e8 stata riorganizzata con nuovi oggetti d&#8217;esposizione. Nell&#8217;Anticamera verde \u00e8 stato persino cambiato il pavimento.<\/p>\n\n\n<div class=\"wp-block-image\">\n<figure class=\"aligncenter size-large\"><img loading=\"lazy\" decoding=\"async\" width=\"1024\" height=\"1024\" src=\"https:\/\/www.monaco-tribune.com\/wp-content\/uploads\/2022\/05\/chambre-deurope-plafond-\u00a9-photo-mael-voyer-gadin-palais-princier-de-monaco-3-compressed-1024x1024.jpg\" alt=\"camera-deuropa-tetto-\u00a9-foto-mael-voyer-gadin-palazzo-del-principe-di-monaco\" class=\"wp-image-123482\" srcset=\"https:\/\/www.monaco-tribune.com\/wp-content\/uploads\/2022\/05\/chambre-deurope-plafond-\u00a9-photo-mael-voyer-gadin-palais-princier-de-monaco-3-compressed-1024x1024.jpg 1024w, https:\/\/www.monaco-tribune.com\/wp-content\/uploads\/2022\/05\/chambre-deurope-plafond-\u00a9-photo-mael-voyer-gadin-palais-princier-de-monaco-3-compressed-300x300.jpg 300w, https:\/\/www.monaco-tribune.com\/wp-content\/uploads\/2022\/05\/chambre-deurope-plafond-\u00a9-photo-mael-voyer-gadin-palais-princier-de-monaco-3-compressed-scaled.jpg 2048w\" sizes=\"auto, (max-width: 1024px) 100vw, 1024px\" \/><figcaption><em>\u00a9 Ma\u00ebl Voyer Gadin \/ Palazzo del Principe di Monaco &#8211; Tetto della Camera d&#8217;Europa<\/em><\/figcaption><\/figure>\n<\/div>\n\n\n<h2 class=\"has-text-align-center wp-block-heading\">4. Anticamera Reale<\/h2>\n\n\n\n<p>Dalle dimensioni ridotte, ma non per questo meno importante, l&#8217;Anticamera Reale \u00e8 una testimonianza storica. Proprio dopo il salone degli Ufficiali, in ordine di visita, \u00e8 qui che Grace Kelly e il Principe Ranieri III si sono incontrati per la prima volta nel 1955. Un anno dopo, il Principe e la Principessa si sposarono, dando vita a una delle coppie pi\u00f9 emblematiche del XX secolo.<\/p>\n\n\n\n<h2 class=\"has-text-align-center wp-block-heading\" id=\"h-5-galleria-dei-principi\">5. Galleria dei Principi<\/h2>\n\n\n<div class=\"wp-block-image\">\n<figure class=\"aligncenter size-full\"><img loading=\"lazy\" decoding=\"async\" width=\"1020\" height=\"680\" src=\"https:\/\/www.monaco-tribune.com\/wp-content\/uploads\/2022\/07\/galerie-des-princes-palais-princier.jpg\" alt=\"galleria-dei-principi-palazzo-del-principe\" class=\"wp-image-128737\" srcset=\"https:\/\/www.monaco-tribune.com\/wp-content\/uploads\/2022\/07\/galerie-des-princes-palais-princier.jpg 1020w, https:\/\/www.monaco-tribune.com\/wp-content\/uploads\/2022\/07\/galerie-des-princes-palais-princier-450x300.jpg 450w\" sizes=\"auto, (max-width: 1020px) 100vw, 1020px\" \/><figcaption><em>\u00a9 Geoffroy Moufflet &#8211; Archivi del Palazzo di Monaco<\/em><\/figcaption><\/figure>\n<\/div>\n\n\n<p>L&#8217;ultima stanza della visita \u00e8 la Galleria dei Principi. Incredibilmente luminosa, conclude il tour regalando una panoramica degli illustri Principi di Monaco.<\/p>\n\n\n\n<p>Troverete i busti bianchi dei Principi della dinastia Grimaldi, mentre in fondo alla galleria troneggia la scultura della testa del Principe Alberto II. Realizzata in oro dall&#8217;artista Barry X Ball, la testa \u00e8 composta da diverse specie vegetali marine, simbolo dell&#8217;impegno del Sovrano per la salvaguardia degli oceani.<\/p>\n\n\n<div class=\"wp-block-image\">\n<figure class=\"aligncenter size-large is-resized\"><img loading=\"lazy\" decoding=\"async\" src=\"https:\/\/www.monaco-tribune.com\/wp-content\/uploads\/2022\/07\/img-20220630-wa0065-768x1024.jpg\" alt=\"testa-alberto-ii-palazzo-del-principe\" class=\"wp-image-128741\" width=\"576\" height=\"768\" srcset=\"https:\/\/www.monaco-tribune.com\/wp-content\/uploads\/2022\/07\/img-20220630-wa0065-768x1024.jpg 768w, https:\/\/www.monaco-tribune.com\/wp-content\/uploads\/2022\/07\/img-20220630-wa0065-225x300.jpg 225w, https:\/\/www.monaco-tribune.com\/wp-content\/uploads\/2022\/07\/img-20220630-wa0065.jpg 1536w\" sizes=\"auto, (max-width: 576px) 100vw, 576px\" \/><figcaption><em>\u00a9 Monaco Tribune<\/em><\/figcaption><\/figure>\n<\/div>\n\n\n<p>Il Palazzo del Principe ha anche realizzato un&#8217;applicazione, &#8220;Visite du Palais Monaco&#8221;, che permette di visitare il complesso architettonico da casa, ma anche di scoprire informazioni aggiuntive durante la visita.<\/p>\n\n\n\n<p>La dimora del Principe \u00e8 aperta tutti i giorni dalle 10:00 alle 19:00, fino a settembre, e dalle 10:00 alle 18:00, da settembre a ottobre. Il costo d&#8217;ingresso \u00e8 di 10\u20ac per il biglietto intero e 5\u20ac per il ridotto.<\/p>\n\n\n\n<p><em>Per maggiori informazioni sulla visita:<\/em> <em><a href=\"https:\/\/www.visitepalaisdemonaco.com\/\">Palazzo del Principe di Monaco<\/a><\/em><\/p>\n\n\n\n<iframe src=\"https:\/\/www.facebook.com\/plugins\/video.php?height=314&#038;href=https%3A%2F%2Fwww.facebook.com%2Fpalaismonaco%2Fvideos%2F3312883455599857%2F&#038;show_text=false&#038;width=560&#038;t=0\" width=\"560\" height=\"314\" style=\"border:none;overflow:hidden\" scrolling=\"no\" frameborder=\"0\" allowfullscreen=\"true\" allow=\"autoplay; clipboard-write; encrypted-media; picture-in-picture; web-share\" allowFullScreen=\"true\"><\/iframe>\n","protected":false},"excerpt":{"rendered":"<p>Il Palazzo del Principe chiuder\u00e0 di nuovo al pubblico il 15 ottobre. Avete quindi ancora tre mesi e mezzo per [&hellip;]<\/p>\n","protected":false},"author":66,"featured_media":128717,"comment_status":"closed","ping_status":"closed","sticky":false,"template":"","format":"standard","meta":{"_acf_changed":false,"footnotes":""},"categories":[1740,1826,1738],"tags":[2954],"post_sectags":[],"post_format":[2477],"class_list":["post-129116","post","type-post","status-publish","format-standard","has-post-thumbnail","hentry","category-cosa-fare","category-la-nostra-scelta","category-notizie","tag-turismo","format-info-pratiche"],"acf":[],"yoast_head":"<!-- This site is optimized with the Yoast SEO Premium plugin v26.8 (Yoast SEO v27.4) - https:\/\/yoast.com\/product\/yoast-seo-premium-wordpress\/ -->\n<title>5 cose da vedere durante la visita al Palazzo del Principe di Monaco<\/title>\n<meta name=\"description\" content=\"Il Palazzo del Principe chiuder\u00e0 di nuovo al pubblico il 15 ottobre. Avete quindi ancora tre mesi e mezzo per visitare questo gioiello, aperto raramente\" \/>\n<meta name=\"robots\" content=\"index, follow, max-snippet:-1, max-image-preview:large, max-video-preview:-1\" \/>\n<link rel=\"canonical\" href=\"https:\/\/www.monaco-tribune.com\/it\/2022\/07\/5-cose-da-vedere-durante-la-visita-al-palazzo-del-principe-di-monaco\/\" \/>\n<meta property=\"og:locale\" content=\"it_IT\" \/>\n<meta property=\"og:type\" content=\"article\" \/>\n<meta property=\"og:title\" content=\"5 cose da vedere durante la visita al Palazzo del Principe di Monaco - Monaco Tribune\" \/>\n<meta property=\"og:description\" content=\"Il Palazzo del Principe chiuder\u00e0 di nuovo al pubblico il 15 ottobre. Avete quindi ancora tre mesi e mezzo per visitare questo gioiello, aperto raramente\" \/>\n<meta property=\"og:url\" content=\"https:\/\/www.monaco-tribune.com\/it\/2022\/07\/5-cose-da-vedere-durante-la-visita-al-palazzo-del-principe-di-monaco\/\" \/>\n<meta property=\"og:site_name\" content=\"Monaco Tribune\" \/>\n<meta property=\"article:publisher\" content=\"https:\/\/www.facebook.com\/MonacoTribune\" \/>\n<meta property=\"article:published_time\" content=\"2022-07-05T15:45:02+00:00\" \/>\n<meta property=\"article:modified_time\" content=\"2022-07-26T14:10:21+00:00\" \/>\n<meta property=\"og:image\" content=\"https:\/\/www.monaco-tribune.com\/wp-content\/uploads\/2022\/07\/vue-aerienne-palais-monaco.jpg\" \/>\n\t<meta property=\"og:image:width\" content=\"1020\" \/>\n\t<meta property=\"og:image:height\" content=\"680\" \/>\n\t<meta property=\"og:image:type\" content=\"image\/jpeg\" \/>\n<meta name=\"author\" content=\"Th\u00e9o Briand\" \/>\n<meta name=\"twitter:card\" content=\"summary_large_image\" \/>\n<meta name=\"twitter:creator\" content=\"@MonacoTribune\" \/>\n<meta name=\"twitter:site\" content=\"@MonacoTribune\" \/>\n<script type=\"application\/ld+json\" class=\"yoast-schema-graph\">{\"@context\":\"https:\\\/\\\/schema.org\",\"@graph\":[{\"@type\":\"NewsArticle\",\"@id\":\"https:\\\/\\\/www.monaco-tribune.com\\\/it\\\/2022\\\/07\\\/5-cose-da-vedere-durante-la-visita-al-palazzo-del-principe-di-monaco\\\/#article\",\"isPartOf\":{\"@id\":\"https:\\\/\\\/www.monaco-tribune.com\\\/it\\\/2022\\\/07\\\/5-cose-da-vedere-durante-la-visita-al-palazzo-del-principe-di-monaco\\\/\"},\"author\":{\"name\":\"Th\u00e9o Briand\",\"@id\":\"https:\\\/\\\/www.monaco-tribune.com\\\/it\\\/#\\\/schema\\\/person\\\/94fb5723547bd83dea1eed97e25145aa\"},\"headline\":\"5 cose da vedere durante la visita al Palazzo del Principe di Monaco\",\"datePublished\":\"2022-07-05T15:45:02+00:00\",\"dateModified\":\"2022-07-26T14:10:21+00:00\",\"mainEntityOfPage\":{\"@id\":\"https:\\\/\\\/www.monaco-tribune.com\\\/it\\\/2022\\\/07\\\/5-cose-da-vedere-durante-la-visita-al-palazzo-del-principe-di-monaco\\\/\"},\"wordCount\":769,\"publisher\":{\"@id\":\"https:\\\/\\\/www.monaco-tribune.com\\\/it\\\/#organization\"},\"image\":{\"@id\":\"https:\\\/\\\/www.monaco-tribune.com\\\/it\\\/2022\\\/07\\\/5-cose-da-vedere-durante-la-visita-al-palazzo-del-principe-di-monaco\\\/#primaryimage\"},\"thumbnailUrl\":\"https:\\\/\\\/www.monaco-tribune.com\\\/wp-content\\\/uploads\\\/2022\\\/07\\\/vue-aerienne-palais-monaco.jpg\",\"keywords\":[\"Turismo\"],\"articleSection\":[\"Cosa fare\",\"La nostra scelta\",\"Notizie\"],\"inLanguage\":\"it-IT\",\"copyrightYear\":\"2022\",\"copyrightHolder\":{\"@id\":\"https:\\\/\\\/www.monaco-tribune.com\\\/#organization\"}},{\"@type\":\"WebPage\",\"@id\":\"https:\\\/\\\/www.monaco-tribune.com\\\/it\\\/2022\\\/07\\\/5-cose-da-vedere-durante-la-visita-al-palazzo-del-principe-di-monaco\\\/\",\"url\":\"https:\\\/\\\/www.monaco-tribune.com\\\/it\\\/2022\\\/07\\\/5-cose-da-vedere-durante-la-visita-al-palazzo-del-principe-di-monaco\\\/\",\"name\":\"5 cose da vedere durante la visita al Palazzo del Principe di Monaco\",\"isPartOf\":{\"@id\":\"https:\\\/\\\/www.monaco-tribune.com\\\/it\\\/#website\"},\"primaryImageOfPage\":{\"@id\":\"https:\\\/\\\/www.monaco-tribune.com\\\/it\\\/2022\\\/07\\\/5-cose-da-vedere-durante-la-visita-al-palazzo-del-principe-di-monaco\\\/#primaryimage\"},\"image\":{\"@id\":\"https:\\\/\\\/www.monaco-tribune.com\\\/it\\\/2022\\\/07\\\/5-cose-da-vedere-durante-la-visita-al-palazzo-del-principe-di-monaco\\\/#primaryimage\"},\"thumbnailUrl\":\"https:\\\/\\\/www.monaco-tribune.com\\\/wp-content\\\/uploads\\\/2022\\\/07\\\/vue-aerienne-palais-monaco.jpg\",\"datePublished\":\"2022-07-05T15:45:02+00:00\",\"dateModified\":\"2022-07-26T14:10:21+00:00\",\"description\":\"Il Palazzo del Principe chiuder\u00e0 di nuovo al pubblico il 15 ottobre. Avete quindi ancora tre mesi e mezzo per visitare questo gioiello, aperto raramente\",\"breadcrumb\":{\"@id\":\"https:\\\/\\\/www.monaco-tribune.com\\\/it\\\/2022\\\/07\\\/5-cose-da-vedere-durante-la-visita-al-palazzo-del-principe-di-monaco\\\/#breadcrumb\"},\"inLanguage\":\"it-IT\",\"potentialAction\":[{\"@type\":\"ReadAction\",\"target\":[\"https:\\\/\\\/www.monaco-tribune.com\\\/it\\\/2022\\\/07\\\/5-cose-da-vedere-durante-la-visita-al-palazzo-del-principe-di-monaco\\\/\"]}]},{\"@type\":\"ImageObject\",\"inLanguage\":\"it-IT\",\"@id\":\"https:\\\/\\\/www.monaco-tribune.com\\\/it\\\/2022\\\/07\\\/5-cose-da-vedere-durante-la-visita-al-palazzo-del-principe-di-monaco\\\/#primaryimage\",\"url\":\"https:\\\/\\\/www.monaco-tribune.com\\\/wp-content\\\/uploads\\\/2022\\\/07\\\/vue-aerienne-palais-monaco.jpg\",\"contentUrl\":\"https:\\\/\\\/www.monaco-tribune.com\\\/wp-content\\\/uploads\\\/2022\\\/07\\\/vue-aerienne-palais-monaco.jpg\",\"width\":1020,\"height\":680,\"caption\":\"Michael Alesi \\\/ Dipartiento di comunicazione\"},{\"@type\":\"BreadcrumbList\",\"@id\":\"https:\\\/\\\/www.monaco-tribune.com\\\/it\\\/2022\\\/07\\\/5-cose-da-vedere-durante-la-visita-al-palazzo-del-principe-di-monaco\\\/#breadcrumb\",\"itemListElement\":[{\"@type\":\"ListItem\",\"position\":1,\"name\":\"Accueil\",\"item\":\"https:\\\/\\\/www.monaco-tribune.com\\\/it\\\/\"},{\"@type\":\"ListItem\",\"position\":2,\"name\":\"5 cose da vedere durante la visita al Palazzo del Principe di Monaco\"}]},{\"@type\":\"WebSite\",\"@id\":\"https:\\\/\\\/www.monaco-tribune.com\\\/it\\\/#website\",\"url\":\"https:\\\/\\\/www.monaco-tribune.com\\\/it\\\/\",\"name\":\"Monaco Tribune\",\"description\":\"Monaco : actualit\u00e9s \u00e9conomiques, politiques, culturelles et sportives de Monaco et de la French Riviera.\",\"publisher\":{\"@id\":\"https:\\\/\\\/www.monaco-tribune.com\\\/it\\\/#organization\"},\"potentialAction\":[{\"@type\":\"SearchAction\",\"target\":{\"@type\":\"EntryPoint\",\"urlTemplate\":\"https:\\\/\\\/www.monaco-tribune.com\\\/it\\\/?s={search_term_string}\"},\"query-input\":{\"@type\":\"PropertyValueSpecification\",\"valueRequired\":true,\"valueName\":\"search_term_string\"}}],\"inLanguage\":\"it-IT\"},{\"@type\":\"Organization\",\"@id\":\"https:\\\/\\\/www.monaco-tribune.com\\\/it\\\/#organization\",\"name\":\"Monaco Tribune\",\"url\":\"https:\\\/\\\/www.monaco-tribune.com\\\/it\\\/\",\"logo\":{\"@type\":\"ImageObject\",\"inLanguage\":\"it-IT\",\"@id\":\"https:\\\/\\\/www.monaco-tribune.com\\\/it\\\/#\\\/schema\\\/logo\\\/image\\\/\",\"url\":\"https:\\\/\\\/www.monaco-tribune.com\\\/wp-content\\\/uploads\\\/2022\\\/11\\\/logo-monaco-tribune.png\",\"contentUrl\":\"https:\\\/\\\/www.monaco-tribune.com\\\/wp-content\\\/uploads\\\/2022\\\/11\\\/logo-monaco-tribune.png\",\"width\":1548,\"height\":600,\"caption\":\"Monaco Tribune\"},\"image\":{\"@id\":\"https:\\\/\\\/www.monaco-tribune.com\\\/it\\\/#\\\/schema\\\/logo\\\/image\\\/\"},\"sameAs\":[\"https:\\\/\\\/www.facebook.com\\\/MonacoTribune\",\"https:\\\/\\\/x.com\\\/MonacoTribune\",\"https:\\\/\\\/www.instagram.com\\\/monacotribune\\\/\",\"https:\\\/\\\/www.linkedin.com\\\/company\\\/monaco-tribune\",\"https:\\\/\\\/www.youtube.com\\\/channel\\\/UCHle1MnG6hw1y4lWKijVbMA\"]},{\"@type\":\"Person\",\"@id\":\"https:\\\/\\\/www.monaco-tribune.com\\\/it\\\/#\\\/schema\\\/person\\\/94fb5723547bd83dea1eed97e25145aa\",\"name\":\"Th\u00e9o Briand\",\"image\":{\"@type\":\"ImageObject\",\"inLanguage\":\"it-IT\",\"@id\":\"https:\\\/\\\/secure.gravatar.com\\\/avatar\\\/1c02cfd8b8054d8c376f9a942a1dc4dbacfd8ba5e6f8dbb5e16f4aa3d281972a?s=96&d=mm&r=g\",\"url\":\"https:\\\/\\\/secure.gravatar.com\\\/avatar\\\/1c02cfd8b8054d8c376f9a942a1dc4dbacfd8ba5e6f8dbb5e16f4aa3d281972a?s=96&d=mm&r=g\",\"contentUrl\":\"https:\\\/\\\/secure.gravatar.com\\\/avatar\\\/1c02cfd8b8054d8c376f9a942a1dc4dbacfd8ba5e6f8dbb5e16f4aa3d281972a?s=96&d=mm&r=g\",\"caption\":\"Th\u00e9o Briand\"},\"url\":\"https:\\\/\\\/www.monaco-tribune.com\\\/it\\\/author\\\/theobriand\\\/\"}]}<\/script>\n<!-- \/ Yoast SEO Premium plugin. -->","yoast_head_json":{"title":"5 cose da vedere durante la visita al Palazzo del Principe di Monaco","description":"Il Palazzo del Principe chiuder\u00e0 di nuovo al pubblico il 15 ottobre. Avete quindi ancora tre mesi e mezzo per visitare questo gioiello, aperto raramente","robots":{"index":"index","follow":"follow","max-snippet":"max-snippet:-1","max-image-preview":"max-image-preview:large","max-video-preview":"max-video-preview:-1"},"canonical":"https:\/\/www.monaco-tribune.com\/it\/2022\/07\/5-cose-da-vedere-durante-la-visita-al-palazzo-del-principe-di-monaco\/","og_locale":"it_IT","og_type":"article","og_title":"5 cose da vedere durante la visita al Palazzo del Principe di Monaco - Monaco Tribune","og_description":"Il Palazzo del Principe chiuder\u00e0 di nuovo al pubblico il 15 ottobre. Avete quindi ancora tre mesi e mezzo per visitare questo gioiello, aperto raramente","og_url":"https:\/\/www.monaco-tribune.com\/it\/2022\/07\/5-cose-da-vedere-durante-la-visita-al-palazzo-del-principe-di-monaco\/","og_site_name":"Monaco Tribune","article_publisher":"https:\/\/www.facebook.com\/MonacoTribune","article_published_time":"2022-07-05T15:45:02+00:00","article_modified_time":"2022-07-26T14:10:21+00:00","og_image":[{"width":1020,"height":680,"url":"https:\/\/www.monaco-tribune.com\/wp-content\/uploads\/2022\/07\/vue-aerienne-palais-monaco.jpg","type":"image\/jpeg"}],"author":"Th\u00e9o Briand","twitter_card":"summary_large_image","twitter_creator":"@MonacoTribune","twitter_site":"@MonacoTribune","schema":{"@context":"https:\/\/schema.org","@graph":[{"@type":"NewsArticle","@id":"https:\/\/www.monaco-tribune.com\/it\/2022\/07\/5-cose-da-vedere-durante-la-visita-al-palazzo-del-principe-di-monaco\/#article","isPartOf":{"@id":"https:\/\/www.monaco-tribune.com\/it\/2022\/07\/5-cose-da-vedere-durante-la-visita-al-palazzo-del-principe-di-monaco\/"},"author":{"name":"Th\u00e9o Briand","@id":"https:\/\/www.monaco-tribune.com\/it\/#\/schema\/person\/94fb5723547bd83dea1eed97e25145aa"},"headline":"5 cose da vedere durante la visita al Palazzo del Principe di Monaco","datePublished":"2022-07-05T15:45:02+00:00","dateModified":"2022-07-26T14:10:21+00:00","mainEntityOfPage":{"@id":"https:\/\/www.monaco-tribune.com\/it\/2022\/07\/5-cose-da-vedere-durante-la-visita-al-palazzo-del-principe-di-monaco\/"},"wordCount":769,"publisher":{"@id":"https:\/\/www.monaco-tribune.com\/it\/#organization"},"image":{"@id":"https:\/\/www.monaco-tribune.com\/it\/2022\/07\/5-cose-da-vedere-durante-la-visita-al-palazzo-del-principe-di-monaco\/#primaryimage"},"thumbnailUrl":"https:\/\/www.monaco-tribune.com\/wp-content\/uploads\/2022\/07\/vue-aerienne-palais-monaco.jpg","keywords":["Turismo"],"articleSection":["Cosa fare","La nostra scelta","Notizie"],"inLanguage":"it-IT","copyrightYear":"2022","copyrightHolder":{"@id":"https:\/\/www.monaco-tribune.com\/#organization"}},{"@type":"WebPage","@id":"https:\/\/www.monaco-tribune.com\/it\/2022\/07\/5-cose-da-vedere-durante-la-visita-al-palazzo-del-principe-di-monaco\/","url":"https:\/\/www.monaco-tribune.com\/it\/2022\/07\/5-cose-da-vedere-durante-la-visita-al-palazzo-del-principe-di-monaco\/","name":"5 cose da vedere durante la visita al Palazzo del Principe di Monaco","isPartOf":{"@id":"https:\/\/www.monaco-tribune.com\/it\/#website"},"primaryImageOfPage":{"@id":"https:\/\/www.monaco-tribune.com\/it\/2022\/07\/5-cose-da-vedere-durante-la-visita-al-palazzo-del-principe-di-monaco\/#primaryimage"},"image":{"@id":"https:\/\/www.monaco-tribune.com\/it\/2022\/07\/5-cose-da-vedere-durante-la-visita-al-palazzo-del-principe-di-monaco\/#primaryimage"},"thumbnailUrl":"https:\/\/www.monaco-tribune.com\/wp-content\/uploads\/2022\/07\/vue-aerienne-palais-monaco.jpg","datePublished":"2022-07-05T15:45:02+00:00","dateModified":"2022-07-26T14:10:21+00:00","description":"Il Palazzo del Principe chiuder\u00e0 di nuovo al pubblico il 15 ottobre. Avete quindi ancora tre mesi e mezzo per visitare questo gioiello, aperto raramente","breadcrumb":{"@id":"https:\/\/www.monaco-tribune.com\/it\/2022\/07\/5-cose-da-vedere-durante-la-visita-al-palazzo-del-principe-di-monaco\/#breadcrumb"},"inLanguage":"it-IT","potentialAction":[{"@type":"ReadAction","target":["https:\/\/www.monaco-tribune.com\/it\/2022\/07\/5-cose-da-vedere-durante-la-visita-al-palazzo-del-principe-di-monaco\/"]}]},{"@type":"ImageObject","inLanguage":"it-IT","@id":"https:\/\/www.monaco-tribune.com\/it\/2022\/07\/5-cose-da-vedere-durante-la-visita-al-palazzo-del-principe-di-monaco\/#primaryimage","url":"https:\/\/www.monaco-tribune.com\/wp-content\/uploads\/2022\/07\/vue-aerienne-palais-monaco.jpg","contentUrl":"https:\/\/www.monaco-tribune.com\/wp-content\/uploads\/2022\/07\/vue-aerienne-palais-monaco.jpg","width":1020,"height":680,"caption":"Michael Alesi \/ Dipartiento di comunicazione"},{"@type":"BreadcrumbList","@id":"https:\/\/www.monaco-tribune.com\/it\/2022\/07\/5-cose-da-vedere-durante-la-visita-al-palazzo-del-principe-di-monaco\/#breadcrumb","itemListElement":[{"@type":"ListItem","position":1,"name":"Accueil","item":"https:\/\/www.monaco-tribune.com\/it\/"},{"@type":"ListItem","position":2,"name":"5 cose da vedere durante la visita al Palazzo del Principe di Monaco"}]},{"@type":"WebSite","@id":"https:\/\/www.monaco-tribune.com\/it\/#website","url":"https:\/\/www.monaco-tribune.com\/it\/","name":"Monaco Tribune","description":"Monaco : actualit\u00e9s \u00e9conomiques, politiques, culturelles et sportives de Monaco et de la French Riviera.","publisher":{"@id":"https:\/\/www.monaco-tribune.com\/it\/#organization"},"potentialAction":[{"@type":"SearchAction","target":{"@type":"EntryPoint","urlTemplate":"https:\/\/www.monaco-tribune.com\/it\/?s={search_term_string}"},"query-input":{"@type":"PropertyValueSpecification","valueRequired":true,"valueName":"search_term_string"}}],"inLanguage":"it-IT"},{"@type":"Organization","@id":"https:\/\/www.monaco-tribune.com\/it\/#organization","name":"Monaco Tribune","url":"https:\/\/www.monaco-tribune.com\/it\/","logo":{"@type":"ImageObject","inLanguage":"it-IT","@id":"https:\/\/www.monaco-tribune.com\/it\/#\/schema\/logo\/image\/","url":"https:\/\/www.monaco-tribune.com\/wp-content\/uploads\/2022\/11\/logo-monaco-tribune.png","contentUrl":"https:\/\/www.monaco-tribune.com\/wp-content\/uploads\/2022\/11\/logo-monaco-tribune.png","width":1548,"height":600,"caption":"Monaco Tribune"},"image":{"@id":"https:\/\/www.monaco-tribune.com\/it\/#\/schema\/logo\/image\/"},"sameAs":["https:\/\/www.facebook.com\/MonacoTribune","https:\/\/x.com\/MonacoTribune","https:\/\/www.instagram.com\/monacotribune\/","https:\/\/www.linkedin.com\/company\/monaco-tribune","https:\/\/www.youtube.com\/channel\/UCHle1MnG6hw1y4lWKijVbMA"]},{"@type":"Person","@id":"https:\/\/www.monaco-tribune.com\/it\/#\/schema\/person\/94fb5723547bd83dea1eed97e25145aa","name":"Th\u00e9o Briand","image":{"@type":"ImageObject","inLanguage":"it-IT","@id":"https:\/\/secure.gravatar.com\/avatar\/1c02cfd8b8054d8c376f9a942a1dc4dbacfd8ba5e6f8dbb5e16f4aa3d281972a?s=96&d=mm&r=g","url":"https:\/\/secure.gravatar.com\/avatar\/1c02cfd8b8054d8c376f9a942a1dc4dbacfd8ba5e6f8dbb5e16f4aa3d281972a?s=96&d=mm&r=g","contentUrl":"https:\/\/secure.gravatar.com\/avatar\/1c02cfd8b8054d8c376f9a942a1dc4dbacfd8ba5e6f8dbb5e16f4aa3d281972a?s=96&d=mm&r=g","caption":"Th\u00e9o Briand"},"url":"https:\/\/www.monaco-tribune.com\/it\/author\/theobriand\/"}]}},"_links":{"self":[{"href":"https:\/\/www.monaco-tribune.com\/it\/wp-json\/wp\/v2\/posts\/129116","targetHints":{"allow":["GET"]}}],"collection":[{"href":"https:\/\/www.monaco-tribune.com\/it\/wp-json\/wp\/v2\/posts"}],"about":[{"href":"https:\/\/www.monaco-tribune.com\/it\/wp-json\/wp\/v2\/types\/post"}],"author":[{"embeddable":true,"href":"https:\/\/www.monaco-tribune.com\/it\/wp-json\/wp\/v2\/users\/66"}],"replies":[{"embeddable":true,"href":"https:\/\/www.monaco-tribune.com\/it\/wp-json\/wp\/v2\/comments?post=129116"}],"version-history":[{"count":0,"href":"https:\/\/www.monaco-tribune.com\/it\/wp-json\/wp\/v2\/posts\/129116\/revisions"}],"wp:featuredmedia":[{"embeddable":true,"href":"https:\/\/www.monaco-tribune.com\/it\/wp-json\/wp\/v2\/media\/128717"}],"wp:attachment":[{"href":"https:\/\/www.monaco-tribune.com\/it\/wp-json\/wp\/v2\/media?parent=129116"}],"wp:term":[{"taxonomy":"category","embeddable":true,"href":"https:\/\/www.monaco-tribune.com\/it\/wp-json\/wp\/v2\/categories?post=129116"},{"taxonomy":"post_tag","embeddable":true,"href":"https:\/\/www.monaco-tribune.com\/it\/wp-json\/wp\/v2\/tags?post=129116"},{"taxonomy":"sectag","embeddable":true,"href":"https:\/\/www.monaco-tribune.com\/it\/wp-json\/wp\/v2\/post_sectags?post=129116"},{"taxonomy":"format","embeddable":true,"href":"https:\/\/www.monaco-tribune.com\/it\/wp-json\/wp\/v2\/post_format?post=129116"}],"curies":[{"name":"wp","href":"https:\/\/api.w.org\/{rel}","templated":true}]}}