{"id":130348,"date":"2022-07-15T10:08:58","date_gmt":"2022-07-15T08:08:58","guid":{"rendered":"https:\/\/www.monaco-tribune.com\/2022\/07\/il-residente-monegasco-e-oligarca-russo-vitaly-malkin-fa-causa-al-credit-suisse\/"},"modified":"2022-07-15T10:09:13","modified_gmt":"2022-07-15T08:09:13","slug":"il-residente-monegasco-e-oligarca-russo-vitaly-malkin-fa-causa-al-credit-suisse","status":"publish","type":"post","link":"https:\/\/www.monaco-tribune.com\/it\/2022\/07\/il-residente-monegasco-e-oligarca-russo-vitaly-malkin-fa-causa-al-credit-suisse\/","title":{"rendered":"Il residente monegasco e oligarca russo Vitaly Malkin fa causa al Credit Suisse"},"content":{"rendered":"\n<p><strong>Un ex consigliere di banca del gruppo avrebbe sottratto diversi milioni di euro.<\/strong><\/p>\n\n<p>Le perdite ammonterebbero a diverse centinaia di milioni. L&#8217;oligarca russo e residente monegasco Vitaly Malkin ha citato in giudizio il gruppo bancario Credit Suisse per perdite finanziarie a dir poco importanti: 500 milioni di franchi svizzeri, ovvero 491 milioni di euro. Secondo il giornale domenicale <em>Sonntagszeitung<\/em>, il danno sarebbe stato causato da un ex consigliere della banca: Patrice Lescaudron.<\/p>\n\n<p>Secondo i media locali, il soggetto in questione ha lavorato a Ginevra ed \u00e8 stato licenziato nel 2015. L&#8217;agenzia di stampa <em>Reuters<\/em> specifica che Patrice Lescadron \u00e8 stato processato dai tribunali di Ginevra e condannato a cinque anni di carcere nel 2018 per appropriazione indebita e frode. Si \u00e8 poi tolto la vita due anni dopo. Secondo il media svizzero <em>L&#8217;illustr\u00e9<\/em>, Patrice Lescaudron avrebbe investito il patrimonio dei suoi clienti &#8211; tra cui Vitaly Malkin &#8211; in societ\u00e0 le cui azioni sono rapidamente crollate, fino a raggiungere un buco finanziario di circa 100 milioni di dollari.<\/p>\n\n<p>Il consigliere \u00e8 stato poi in grado di sopperire a queste perdite grazie a un buon investimento nelle azioni della societ\u00e0 russa Gazprom. Ma invece di avvisare i suoi clienti e restituire il margine di profitto risultante da questa operazione, Patrice Lescaudron avrebbe dirottato nel proprio conto personale tra i 30 e i 40 milioni di franchi, spesi per acquistare immobili, gioielli, orologi e auto di lusso.<\/p>\n\n<p><strong>LEGGI ANCHE: <\/strong><strong><a href=\"https:\/\/www.monaco-tribune.com\/it\/2021\/03\/vitaly-malkin-libero-pensatore-dal-grande-cuore\/\">Vitaly Malkin, libero pensatore dal grande cuore<\/a><\/strong><\/p>\n\n<h2 class=\"wp-block-heading\" id=\"h-credit-suisse-rejette-toutes-les-allegations\">Credit Suisse &#8220;respinge tutte le accuse&#8221;<\/h2>\n\n<p>Oggi il caso \u00e8 tutt&#8217;altro che concluso. Il residente monegasco ha chiesto allo studio americano Quinn Emanuel di citare in giudizio il Credit Suisse e chiedere il rimborso della somma. Ma il gruppo bancario ha risposto all&#8217;AFP che \u201crespinge tutte le accuse&#8221;. Il Credit Suisse specifica, inoltre, che Patrice Lescaudron ha agito da solo: &#8220;Tutte le indagini a riguardo svolte dal 2015 dalla banca, dalla Finma [Autorit\u00e0 federale di vigilanza sui mercati finanziari svizzera, ndr] e dalle autorit\u00e0 giudiziarie hanno dimostrato che l&#8217;ex consulente alla clientela non \u00e8 stato aiutato da altri collaboratori nelle sue attivit\u00e0 criminali\u201d.<\/p>\n\n<p>La denuncia di Vitaly Malkin non \u00e8 la prima. Due anni dopo la morte di Patrice Lescaudron, altri uomini d&#8217;affari hanno citato in giudizio il Credit Suisse per le stesse ragioni. Bidzina Ivanichvili, imprenditore, ex socio in affari di Vitaly Malkin ed ex primo ministro della Georgia \u2013 la cui fortuna ammonta a circa 5 miliardi di dollari secondo la rivista <em>Forbes<\/em> \u2013 ha, secondo <em>Le Figaro,<\/em> vinto la causa contro il Credit Suisse alle Bermuda.<\/p>\n\n<p>Anche qui Patrice Lescaudron \u00e8 al centro della controversia: la Corte Suprema delle Bermuda ha stimato che Bidzina Ivanichvili sia stato vittima &#8220;di un ammanco di 553 milioni di dollari in investimenti effettuati tramite una filiale del Credit Suisse alle Bermuda&#8221; a causa di una cattiva gestione di Patrice Lescaudron. Il gruppo bancario intende ricorrere in appello.<\/p>\n\n<h2 class=\"wp-block-heading\" id=\"h-pour-vitaly-malkin-m-lescaudron-n-a-pas-agi-seul\">Secondo Vitaly Malkin &#8220;Il signor Lescaudron non ha agito da solo&#8221;<\/h2>\n\n<p>Una difesa che non ha convinto Vitaly Malkin. Il suo family office ci ha trasmesso questa risposta: <em>\u201cIl Sig. Malkin si \u00e8 affidato al Credit Suisse per proteggere i suoi interessi, in quanto cliente facoltoso. Con suo grande rammarico e grande sorpresa, \u00e8 stato solo a posteriori che ha scoperto che i meccanismi di controllo interno e di sicurezza della banca erano stati completamente inefficienti. Siamo davanti a un malfunzionamento del sistema interno della banca, non alle azioni di un singolo dipendente disonesto. A seguito dei danni causati e delle inefficienze della banca, comprese le attivit\u00e0 commerciali illecite svolte tramite conti sussidiari non autorizzati, il Sig. Malkin e Top Matrix Holdings Ltd. hanno subito danni per diverse centinaia di milioni.<\/em><\/p>\n\n<p><em>Risulta evidente che il signor Lescaudron non abbia agito da solo. I suoi superiori avrebbero dovuto monitorare le sue attivit\u00e0 in tempo reale e prevenire gli illeciti. Uno scandalo finanziario di questa portata pu\u00f2 verificarsi solo se l&#8217;intero sistema lo consente. \u00c8 molto conveniente per Credit Suisse porre tutta la responsabilit\u00e0 solo sulle spalle di Lescaudron, ma in realt\u00e0 sono i suoi superiori all&#8217;interno della banca, l\u2019ufficio legale della banca, l\u2019ufficio di revisione della banca \u2013 e soprattutto la banca stessa \u2013 a esserne responsabili.<\/em><\/p>\n\n<p><em>Il signor Malkin si aspettava che la banca risolvesse la questione in via stragiudiziale, ma dato l&#8217;atteggiamento del Credit Suisse, \u00e8 probabile che la questione arrivi in tribunale.<\/em><\/p>\n\n<p><em>Il Sig. Malkin crede di avere ragione e intende perseguire tutti i possibili mezzi legali contro Credit Suisse&#8221;.<\/em><\/p>\n\n<p>Abbiamo deciso quindi di contattare Credit Suisse che rimane fedele alle sue precedenti dichiarazioni e afferma che Vitaly Malkin non \u00e8 stato vittima delle azioni di Patrice Lescaudron: \u201c<em>Tutte le autorit\u00e0 giudiziarie che hanno esaminato questo caso hanno riconosciuto il Credit Suisse come vittima. Il procedimento penale contro l&#8217;ex consulente alla clientela ha stabilito che il nostro ex cliente non ha subito alcun danno relativo alle attivit\u00e0 criminali di tale dipendente. Il Credit Suisse respinge tutte le accuse di questo cliente.<\/em>&#8220;<\/p>\n","protected":false},"excerpt":{"rendered":"<p>Un ex consigliere di banca del gruppo avrebbe sottratto diversi milioni di euro. Le perdite ammonterebbero a diverse centinaia di [&hellip;]<\/p>\n","protected":false},"author":60,"featured_media":127855,"comment_status":"closed","ping_status":"closed","sticky":false,"template":"","format":"standard","meta":{"_acf_changed":false,"footnotes":""},"categories":[1739,1738],"tags":[2881],"post_sectags":[],"post_format":[2486],"class_list":["post-130348","post","type-post","status-publish","format-standard","has-post-thumbnail","hentry","category-business-it","category-notizie","tag-banca","format-servizio"],"acf":[],"yoast_head":"<!-- This site is optimized with the Yoast SEO Premium plugin v26.8 (Yoast SEO v27.4) - https:\/\/yoast.com\/product\/yoast-seo-premium-wordpress\/ -->\n<title>Il residente monegasco e oligarca russo Vitaly Malkin fa causa al Credit Suisse<\/title>\n<meta name=\"description\" content=\"Un ex consigliere di banca del gruppo avrebbe sottratto diversi milioni di euro. Le perdite ammonterebbero a diverse centinaia di milioni. L&#039;oligarca\" \/>\n<meta name=\"robots\" content=\"index, follow, max-snippet:-1, max-image-preview:large, max-video-preview:-1\" \/>\n<link rel=\"canonical\" href=\"https:\/\/www.monaco-tribune.com\/it\/2022\/07\/il-residente-monegasco-e-oligarca-russo-vitaly-malkin-fa-causa-al-credit-suisse\/\" \/>\n<meta property=\"og:locale\" content=\"it_IT\" \/>\n<meta property=\"og:type\" content=\"article\" \/>\n<meta property=\"og:title\" content=\"Il residente monegasco e oligarca russo Vitaly Malkin fa causa al Credit Suisse - Monaco Tribune\" \/>\n<meta property=\"og:description\" content=\"Un ex consigliere di banca del gruppo avrebbe sottratto diversi milioni di euro. Le perdite ammonterebbero a diverse centinaia di milioni. L&#039;oligarca\" \/>\n<meta property=\"og:url\" content=\"https:\/\/www.monaco-tribune.com\/it\/2022\/07\/il-residente-monegasco-e-oligarca-russo-vitaly-malkin-fa-causa-al-credit-suisse\/\" \/>\n<meta property=\"og:site_name\" content=\"Monaco Tribune\" \/>\n<meta property=\"article:publisher\" content=\"https:\/\/www.facebook.com\/MonacoTribune\" \/>\n<meta property=\"article:published_time\" content=\"2022-07-15T08:08:58+00:00\" \/>\n<meta property=\"article:modified_time\" content=\"2022-07-15T08:09:13+00:00\" \/>\n<meta property=\"og:image\" content=\"https:\/\/www.monaco-tribune.com\/wp-content\/uploads\/2022\/06\/credit-suisse.jpeg\" \/>\n\t<meta property=\"og:image:width\" content=\"1020\" \/>\n\t<meta property=\"og:image:height\" content=\"621\" \/>\n\t<meta property=\"og:image:type\" content=\"image\/jpeg\" \/>\n<meta name=\"author\" content=\"Camille Esteve\" \/>\n<meta name=\"twitter:card\" content=\"summary_large_image\" \/>\n<meta name=\"twitter:creator\" content=\"@MonacoTribune\" \/>\n<meta name=\"twitter:site\" content=\"@MonacoTribune\" \/>\n<script type=\"application\/ld+json\" class=\"yoast-schema-graph\">{\"@context\":\"https:\\\/\\\/schema.org\",\"@graph\":[{\"@type\":\"NewsArticle\",\"@id\":\"https:\\\/\\\/www.monaco-tribune.com\\\/it\\\/2022\\\/07\\\/il-residente-monegasco-e-oligarca-russo-vitaly-malkin-fa-causa-al-credit-suisse\\\/#article\",\"isPartOf\":{\"@id\":\"https:\\\/\\\/www.monaco-tribune.com\\\/it\\\/2022\\\/07\\\/il-residente-monegasco-e-oligarca-russo-vitaly-malkin-fa-causa-al-credit-suisse\\\/\"},\"author\":{\"name\":\"Camille Esteve\",\"@id\":\"https:\\\/\\\/www.monaco-tribune.com\\\/it\\\/#\\\/schema\\\/person\\\/a855d420fff4d03637641d60b93ac62e\"},\"headline\":\"Il residente monegasco e oligarca russo Vitaly Malkin fa causa al Credit Suisse\",\"datePublished\":\"2022-07-15T08:08:58+00:00\",\"dateModified\":\"2022-07-15T08:09:13+00:00\",\"mainEntityOfPage\":{\"@id\":\"https:\\\/\\\/www.monaco-tribune.com\\\/it\\\/2022\\\/07\\\/il-residente-monegasco-e-oligarca-russo-vitaly-malkin-fa-causa-al-credit-suisse\\\/\"},\"wordCount\":822,\"publisher\":{\"@id\":\"https:\\\/\\\/www.monaco-tribune.com\\\/it\\\/#organization\"},\"image\":{\"@id\":\"https:\\\/\\\/www.monaco-tribune.com\\\/it\\\/2022\\\/07\\\/il-residente-monegasco-e-oligarca-russo-vitaly-malkin-fa-causa-al-credit-suisse\\\/#primaryimage\"},\"thumbnailUrl\":\"https:\\\/\\\/www.monaco-tribune.com\\\/wp-content\\\/uploads\\\/2022\\\/06\\\/credit-suisse.jpeg\",\"keywords\":[\"Banca\"],\"articleSection\":[\"Business\",\"Notizie\"],\"inLanguage\":\"it-IT\",\"copyrightYear\":\"2022\",\"copyrightHolder\":{\"@id\":\"https:\\\/\\\/www.monaco-tribune.com\\\/#organization\"}},{\"@type\":\"WebPage\",\"@id\":\"https:\\\/\\\/www.monaco-tribune.com\\\/it\\\/2022\\\/07\\\/il-residente-monegasco-e-oligarca-russo-vitaly-malkin-fa-causa-al-credit-suisse\\\/\",\"url\":\"https:\\\/\\\/www.monaco-tribune.com\\\/it\\\/2022\\\/07\\\/il-residente-monegasco-e-oligarca-russo-vitaly-malkin-fa-causa-al-credit-suisse\\\/\",\"name\":\"Il residente monegasco e oligarca russo Vitaly Malkin fa causa al Credit Suisse\",\"isPartOf\":{\"@id\":\"https:\\\/\\\/www.monaco-tribune.com\\\/it\\\/#website\"},\"primaryImageOfPage\":{\"@id\":\"https:\\\/\\\/www.monaco-tribune.com\\\/it\\\/2022\\\/07\\\/il-residente-monegasco-e-oligarca-russo-vitaly-malkin-fa-causa-al-credit-suisse\\\/#primaryimage\"},\"image\":{\"@id\":\"https:\\\/\\\/www.monaco-tribune.com\\\/it\\\/2022\\\/07\\\/il-residente-monegasco-e-oligarca-russo-vitaly-malkin-fa-causa-al-credit-suisse\\\/#primaryimage\"},\"thumbnailUrl\":\"https:\\\/\\\/www.monaco-tribune.com\\\/wp-content\\\/uploads\\\/2022\\\/06\\\/credit-suisse.jpeg\",\"datePublished\":\"2022-07-15T08:08:58+00:00\",\"dateModified\":\"2022-07-15T08:09:13+00:00\",\"description\":\"Un ex consigliere di banca del gruppo avrebbe sottratto diversi milioni di euro. Le perdite ammonterebbero a diverse centinaia di milioni. L'oligarca\",\"breadcrumb\":{\"@id\":\"https:\\\/\\\/www.monaco-tribune.com\\\/it\\\/2022\\\/07\\\/il-residente-monegasco-e-oligarca-russo-vitaly-malkin-fa-causa-al-credit-suisse\\\/#breadcrumb\"},\"inLanguage\":\"it-IT\",\"potentialAction\":[{\"@type\":\"ReadAction\",\"target\":[\"https:\\\/\\\/www.monaco-tribune.com\\\/it\\\/2022\\\/07\\\/il-residente-monegasco-e-oligarca-russo-vitaly-malkin-fa-causa-al-credit-suisse\\\/\"]}]},{\"@type\":\"ImageObject\",\"inLanguage\":\"it-IT\",\"@id\":\"https:\\\/\\\/www.monaco-tribune.com\\\/it\\\/2022\\\/07\\\/il-residente-monegasco-e-oligarca-russo-vitaly-malkin-fa-causa-al-credit-suisse\\\/#primaryimage\",\"url\":\"https:\\\/\\\/www.monaco-tribune.com\\\/wp-content\\\/uploads\\\/2022\\\/06\\\/credit-suisse.jpeg\",\"contentUrl\":\"https:\\\/\\\/www.monaco-tribune.com\\\/wp-content\\\/uploads\\\/2022\\\/06\\\/credit-suisse.jpeg\",\"width\":1020,\"height\":621,\"caption\":\"Credit Suisse via Facebook\"},{\"@type\":\"BreadcrumbList\",\"@id\":\"https:\\\/\\\/www.monaco-tribune.com\\\/it\\\/2022\\\/07\\\/il-residente-monegasco-e-oligarca-russo-vitaly-malkin-fa-causa-al-credit-suisse\\\/#breadcrumb\",\"itemListElement\":[{\"@type\":\"ListItem\",\"position\":1,\"name\":\"Accueil\",\"item\":\"https:\\\/\\\/www.monaco-tribune.com\\\/it\\\/\"},{\"@type\":\"ListItem\",\"position\":2,\"name\":\"Il residente monegasco e oligarca russo Vitaly Malkin fa causa al Credit Suisse\"}]},{\"@type\":\"WebSite\",\"@id\":\"https:\\\/\\\/www.monaco-tribune.com\\\/it\\\/#website\",\"url\":\"https:\\\/\\\/www.monaco-tribune.com\\\/it\\\/\",\"name\":\"Monaco Tribune\",\"description\":\"Monaco : actualit\u00e9s \u00e9conomiques, politiques, culturelles et sportives de Monaco et de la French Riviera.\",\"publisher\":{\"@id\":\"https:\\\/\\\/www.monaco-tribune.com\\\/it\\\/#organization\"},\"potentialAction\":[{\"@type\":\"SearchAction\",\"target\":{\"@type\":\"EntryPoint\",\"urlTemplate\":\"https:\\\/\\\/www.monaco-tribune.com\\\/it\\\/?s={search_term_string}\"},\"query-input\":{\"@type\":\"PropertyValueSpecification\",\"valueRequired\":true,\"valueName\":\"search_term_string\"}}],\"inLanguage\":\"it-IT\"},{\"@type\":\"Organization\",\"@id\":\"https:\\\/\\\/www.monaco-tribune.com\\\/it\\\/#organization\",\"name\":\"Monaco Tribune\",\"url\":\"https:\\\/\\\/www.monaco-tribune.com\\\/it\\\/\",\"logo\":{\"@type\":\"ImageObject\",\"inLanguage\":\"it-IT\",\"@id\":\"https:\\\/\\\/www.monaco-tribune.com\\\/it\\\/#\\\/schema\\\/logo\\\/image\\\/\",\"url\":\"https:\\\/\\\/www.monaco-tribune.com\\\/wp-content\\\/uploads\\\/2022\\\/11\\\/logo-monaco-tribune.png\",\"contentUrl\":\"https:\\\/\\\/www.monaco-tribune.com\\\/wp-content\\\/uploads\\\/2022\\\/11\\\/logo-monaco-tribune.png\",\"width\":1548,\"height\":600,\"caption\":\"Monaco Tribune\"},\"image\":{\"@id\":\"https:\\\/\\\/www.monaco-tribune.com\\\/it\\\/#\\\/schema\\\/logo\\\/image\\\/\"},\"sameAs\":[\"https:\\\/\\\/www.facebook.com\\\/MonacoTribune\",\"https:\\\/\\\/x.com\\\/MonacoTribune\",\"https:\\\/\\\/www.instagram.com\\\/monacotribune\\\/\",\"https:\\\/\\\/www.linkedin.com\\\/company\\\/monaco-tribune\",\"https:\\\/\\\/www.youtube.com\\\/channel\\\/UCHle1MnG6hw1y4lWKijVbMA\"]},{\"@type\":\"Person\",\"@id\":\"https:\\\/\\\/www.monaco-tribune.com\\\/it\\\/#\\\/schema\\\/person\\\/a855d420fff4d03637641d60b93ac62e\",\"name\":\"Camille Esteve\",\"image\":{\"@type\":\"ImageObject\",\"inLanguage\":\"it-IT\",\"@id\":\"https:\\\/\\\/secure.gravatar.com\\\/avatar\\\/eaaa2355a7bb56c0018a391c20a55bf9b4690e3f493231dd850e612bfa6ce161?s=96&d=mm&r=g\",\"url\":\"https:\\\/\\\/secure.gravatar.com\\\/avatar\\\/eaaa2355a7bb56c0018a391c20a55bf9b4690e3f493231dd850e612bfa6ce161?s=96&d=mm&r=g\",\"contentUrl\":\"https:\\\/\\\/secure.gravatar.com\\\/avatar\\\/eaaa2355a7bb56c0018a391c20a55bf9b4690e3f493231dd850e612bfa6ce161?s=96&d=mm&r=g\",\"caption\":\"Camille Esteve\"},\"url\":\"https:\\\/\\\/www.monaco-tribune.com\\\/it\\\/author\\\/camilleesteve\\\/\"}]}<\/script>\n<!-- \/ Yoast SEO Premium plugin. -->","yoast_head_json":{"title":"Il residente monegasco e oligarca russo Vitaly Malkin fa causa al Credit Suisse","description":"Un ex consigliere di banca del gruppo avrebbe sottratto diversi milioni di euro. Le perdite ammonterebbero a diverse centinaia di milioni. L'oligarca","robots":{"index":"index","follow":"follow","max-snippet":"max-snippet:-1","max-image-preview":"max-image-preview:large","max-video-preview":"max-video-preview:-1"},"canonical":"https:\/\/www.monaco-tribune.com\/it\/2022\/07\/il-residente-monegasco-e-oligarca-russo-vitaly-malkin-fa-causa-al-credit-suisse\/","og_locale":"it_IT","og_type":"article","og_title":"Il residente monegasco e oligarca russo Vitaly Malkin fa causa al Credit Suisse - Monaco Tribune","og_description":"Un ex consigliere di banca del gruppo avrebbe sottratto diversi milioni di euro. Le perdite ammonterebbero a diverse centinaia di milioni. L'oligarca","og_url":"https:\/\/www.monaco-tribune.com\/it\/2022\/07\/il-residente-monegasco-e-oligarca-russo-vitaly-malkin-fa-causa-al-credit-suisse\/","og_site_name":"Monaco Tribune","article_publisher":"https:\/\/www.facebook.com\/MonacoTribune","article_published_time":"2022-07-15T08:08:58+00:00","article_modified_time":"2022-07-15T08:09:13+00:00","og_image":[{"width":1020,"height":621,"url":"https:\/\/www.monaco-tribune.com\/wp-content\/uploads\/2022\/06\/credit-suisse.jpeg","type":"image\/jpeg"}],"author":"Camille Esteve","twitter_card":"summary_large_image","twitter_creator":"@MonacoTribune","twitter_site":"@MonacoTribune","schema":{"@context":"https:\/\/schema.org","@graph":[{"@type":"NewsArticle","@id":"https:\/\/www.monaco-tribune.com\/it\/2022\/07\/il-residente-monegasco-e-oligarca-russo-vitaly-malkin-fa-causa-al-credit-suisse\/#article","isPartOf":{"@id":"https:\/\/www.monaco-tribune.com\/it\/2022\/07\/il-residente-monegasco-e-oligarca-russo-vitaly-malkin-fa-causa-al-credit-suisse\/"},"author":{"name":"Camille Esteve","@id":"https:\/\/www.monaco-tribune.com\/it\/#\/schema\/person\/a855d420fff4d03637641d60b93ac62e"},"headline":"Il residente monegasco e oligarca russo Vitaly Malkin fa causa al Credit Suisse","datePublished":"2022-07-15T08:08:58+00:00","dateModified":"2022-07-15T08:09:13+00:00","mainEntityOfPage":{"@id":"https:\/\/www.monaco-tribune.com\/it\/2022\/07\/il-residente-monegasco-e-oligarca-russo-vitaly-malkin-fa-causa-al-credit-suisse\/"},"wordCount":822,"publisher":{"@id":"https:\/\/www.monaco-tribune.com\/it\/#organization"},"image":{"@id":"https:\/\/www.monaco-tribune.com\/it\/2022\/07\/il-residente-monegasco-e-oligarca-russo-vitaly-malkin-fa-causa-al-credit-suisse\/#primaryimage"},"thumbnailUrl":"https:\/\/www.monaco-tribune.com\/wp-content\/uploads\/2022\/06\/credit-suisse.jpeg","keywords":["Banca"],"articleSection":["Business","Notizie"],"inLanguage":"it-IT","copyrightYear":"2022","copyrightHolder":{"@id":"https:\/\/www.monaco-tribune.com\/#organization"}},{"@type":"WebPage","@id":"https:\/\/www.monaco-tribune.com\/it\/2022\/07\/il-residente-monegasco-e-oligarca-russo-vitaly-malkin-fa-causa-al-credit-suisse\/","url":"https:\/\/www.monaco-tribune.com\/it\/2022\/07\/il-residente-monegasco-e-oligarca-russo-vitaly-malkin-fa-causa-al-credit-suisse\/","name":"Il residente monegasco e oligarca russo Vitaly Malkin fa causa al Credit Suisse","isPartOf":{"@id":"https:\/\/www.monaco-tribune.com\/it\/#website"},"primaryImageOfPage":{"@id":"https:\/\/www.monaco-tribune.com\/it\/2022\/07\/il-residente-monegasco-e-oligarca-russo-vitaly-malkin-fa-causa-al-credit-suisse\/#primaryimage"},"image":{"@id":"https:\/\/www.monaco-tribune.com\/it\/2022\/07\/il-residente-monegasco-e-oligarca-russo-vitaly-malkin-fa-causa-al-credit-suisse\/#primaryimage"},"thumbnailUrl":"https:\/\/www.monaco-tribune.com\/wp-content\/uploads\/2022\/06\/credit-suisse.jpeg","datePublished":"2022-07-15T08:08:58+00:00","dateModified":"2022-07-15T08:09:13+00:00","description":"Un ex consigliere di banca del gruppo avrebbe sottratto diversi milioni di euro. Le perdite ammonterebbero a diverse centinaia di milioni. L'oligarca","breadcrumb":{"@id":"https:\/\/www.monaco-tribune.com\/it\/2022\/07\/il-residente-monegasco-e-oligarca-russo-vitaly-malkin-fa-causa-al-credit-suisse\/#breadcrumb"},"inLanguage":"it-IT","potentialAction":[{"@type":"ReadAction","target":["https:\/\/www.monaco-tribune.com\/it\/2022\/07\/il-residente-monegasco-e-oligarca-russo-vitaly-malkin-fa-causa-al-credit-suisse\/"]}]},{"@type":"ImageObject","inLanguage":"it-IT","@id":"https:\/\/www.monaco-tribune.com\/it\/2022\/07\/il-residente-monegasco-e-oligarca-russo-vitaly-malkin-fa-causa-al-credit-suisse\/#primaryimage","url":"https:\/\/www.monaco-tribune.com\/wp-content\/uploads\/2022\/06\/credit-suisse.jpeg","contentUrl":"https:\/\/www.monaco-tribune.com\/wp-content\/uploads\/2022\/06\/credit-suisse.jpeg","width":1020,"height":621,"caption":"Credit Suisse via Facebook"},{"@type":"BreadcrumbList","@id":"https:\/\/www.monaco-tribune.com\/it\/2022\/07\/il-residente-monegasco-e-oligarca-russo-vitaly-malkin-fa-causa-al-credit-suisse\/#breadcrumb","itemListElement":[{"@type":"ListItem","position":1,"name":"Accueil","item":"https:\/\/www.monaco-tribune.com\/it\/"},{"@type":"ListItem","position":2,"name":"Il residente monegasco e oligarca russo Vitaly Malkin fa causa al Credit Suisse"}]},{"@type":"WebSite","@id":"https:\/\/www.monaco-tribune.com\/it\/#website","url":"https:\/\/www.monaco-tribune.com\/it\/","name":"Monaco Tribune","description":"Monaco : actualit\u00e9s \u00e9conomiques, politiques, culturelles et sportives de Monaco et de la French Riviera.","publisher":{"@id":"https:\/\/www.monaco-tribune.com\/it\/#organization"},"potentialAction":[{"@type":"SearchAction","target":{"@type":"EntryPoint","urlTemplate":"https:\/\/www.monaco-tribune.com\/it\/?s={search_term_string}"},"query-input":{"@type":"PropertyValueSpecification","valueRequired":true,"valueName":"search_term_string"}}],"inLanguage":"it-IT"},{"@type":"Organization","@id":"https:\/\/www.monaco-tribune.com\/it\/#organization","name":"Monaco Tribune","url":"https:\/\/www.monaco-tribune.com\/it\/","logo":{"@type":"ImageObject","inLanguage":"it-IT","@id":"https:\/\/www.monaco-tribune.com\/it\/#\/schema\/logo\/image\/","url":"https:\/\/www.monaco-tribune.com\/wp-content\/uploads\/2022\/11\/logo-monaco-tribune.png","contentUrl":"https:\/\/www.monaco-tribune.com\/wp-content\/uploads\/2022\/11\/logo-monaco-tribune.png","width":1548,"height":600,"caption":"Monaco Tribune"},"image":{"@id":"https:\/\/www.monaco-tribune.com\/it\/#\/schema\/logo\/image\/"},"sameAs":["https:\/\/www.facebook.com\/MonacoTribune","https:\/\/x.com\/MonacoTribune","https:\/\/www.instagram.com\/monacotribune\/","https:\/\/www.linkedin.com\/company\/monaco-tribune","https:\/\/www.youtube.com\/channel\/UCHle1MnG6hw1y4lWKijVbMA"]},{"@type":"Person","@id":"https:\/\/www.monaco-tribune.com\/it\/#\/schema\/person\/a855d420fff4d03637641d60b93ac62e","name":"Camille Esteve","image":{"@type":"ImageObject","inLanguage":"it-IT","@id":"https:\/\/secure.gravatar.com\/avatar\/eaaa2355a7bb56c0018a391c20a55bf9b4690e3f493231dd850e612bfa6ce161?s=96&d=mm&r=g","url":"https:\/\/secure.gravatar.com\/avatar\/eaaa2355a7bb56c0018a391c20a55bf9b4690e3f493231dd850e612bfa6ce161?s=96&d=mm&r=g","contentUrl":"https:\/\/secure.gravatar.com\/avatar\/eaaa2355a7bb56c0018a391c20a55bf9b4690e3f493231dd850e612bfa6ce161?s=96&d=mm&r=g","caption":"Camille Esteve"},"url":"https:\/\/www.monaco-tribune.com\/it\/author\/camilleesteve\/"}]}},"_links":{"self":[{"href":"https:\/\/www.monaco-tribune.com\/it\/wp-json\/wp\/v2\/posts\/130348","targetHints":{"allow":["GET"]}}],"collection":[{"href":"https:\/\/www.monaco-tribune.com\/it\/wp-json\/wp\/v2\/posts"}],"about":[{"href":"https:\/\/www.monaco-tribune.com\/it\/wp-json\/wp\/v2\/types\/post"}],"author":[{"embeddable":true,"href":"https:\/\/www.monaco-tribune.com\/it\/wp-json\/wp\/v2\/users\/60"}],"replies":[{"embeddable":true,"href":"https:\/\/www.monaco-tribune.com\/it\/wp-json\/wp\/v2\/comments?post=130348"}],"version-history":[{"count":0,"href":"https:\/\/www.monaco-tribune.com\/it\/wp-json\/wp\/v2\/posts\/130348\/revisions"}],"wp:featuredmedia":[{"embeddable":true,"href":"https:\/\/www.monaco-tribune.com\/it\/wp-json\/wp\/v2\/media\/127855"}],"wp:attachment":[{"href":"https:\/\/www.monaco-tribune.com\/it\/wp-json\/wp\/v2\/media?parent=130348"}],"wp:term":[{"taxonomy":"category","embeddable":true,"href":"https:\/\/www.monaco-tribune.com\/it\/wp-json\/wp\/v2\/categories?post=130348"},{"taxonomy":"post_tag","embeddable":true,"href":"https:\/\/www.monaco-tribune.com\/it\/wp-json\/wp\/v2\/tags?post=130348"},{"taxonomy":"sectag","embeddable":true,"href":"https:\/\/www.monaco-tribune.com\/it\/wp-json\/wp\/v2\/post_sectags?post=130348"},{"taxonomy":"format","embeddable":true,"href":"https:\/\/www.monaco-tribune.com\/it\/wp-json\/wp\/v2\/post_format?post=130348"}],"curies":[{"name":"wp","href":"https:\/\/api.w.org\/{rel}","templated":true}]}}