{"id":130522,"date":"2022-07-15T18:30:20","date_gmt":"2022-07-15T16:30:20","guid":{"rendered":"https:\/\/www.monaco-tribune.com\/2022\/07\/foto-saint-jean-cap-ferrat-la-perla-della-costa-azzurra\/"},"modified":"2022-07-15T18:37:37","modified_gmt":"2022-07-15T16:37:37","slug":"foto-saint-jean-cap-ferrat-la-perla-della-costa-azzurra","status":"publish","type":"post","link":"https:\/\/www.monaco-tribune.com\/it\/2022\/07\/foto-saint-jean-cap-ferrat-la-perla-della-costa-azzurra\/","title":{"rendered":"FOTO. Saint-Jean-Cap-Ferrat, la perla della Costa Azzurra"},"content":{"rendered":"\n<p><strong>Saint-Jean-Cap-Ferrat \u00e8 un piccolo comune sul litorale della Costa Azzurra famoso per le numerosissime case di villeggiatura, i sentieri sul mare, le spiagge e i panorami mozzafiato. Facciamo un giro della penisola.<\/strong><\/p>\n\n\n\n<figure class=\"wp-block-gallery has-nested-images columns-1 is-cropped wp-block-gallery-1 is-layout-flex wp-block-gallery-is-layout-flex\">\n<figure class=\"wp-block-image size-large\"><img loading=\"lazy\" decoding=\"async\" width=\"1024\" height=\"602\" data-id=\"130182\" src=\"https:\/\/www.monaco-tribune.com\/wp-content\/uploads\/2022\/07\/img_1837-2-compressed-2-1-1024x602.jpg\" alt=\"\" class=\"wp-image-130182\" srcset=\"https:\/\/www.monaco-tribune.com\/wp-content\/uploads\/2022\/07\/img_1837-2-compressed-2-1-1024x602.jpg 1024w, https:\/\/www.monaco-tribune.com\/wp-content\/uploads\/2022\/07\/img_1837-2-compressed-2-1-510x300.jpg 510w, https:\/\/www.monaco-tribune.com\/wp-content\/uploads\/2022\/07\/img_1837-2-compressed-2-1.jpg 1836w\" sizes=\"auto, (max-width: 1024px) 100vw, 1024px\" \/><\/figure>\n\n\n\n<figure class=\"wp-block-image size-large\"><img loading=\"lazy\" decoding=\"async\" width=\"1024\" height=\"604\" data-id=\"130185\" src=\"https:\/\/www.monaco-tribune.com\/wp-content\/uploads\/2022\/07\/img_1841-2-compressed-1024x604.jpg\" alt=\"\" class=\"wp-image-130185\" srcset=\"https:\/\/www.monaco-tribune.com\/wp-content\/uploads\/2022\/07\/img_1841-2-compressed-1024x604.jpg 1024w, https:\/\/www.monaco-tribune.com\/wp-content\/uploads\/2022\/07\/img_1841-2-compressed-508x300.jpg 508w, https:\/\/www.monaco-tribune.com\/wp-content\/uploads\/2022\/07\/img_1841-2-compressed.jpg 1830w\" sizes=\"auto, (max-width: 1024px) 100vw, 1024px\" \/><figcaption>Monaco Tribune \/ Paul Charoy<\/figcaption><\/figure>\n<\/figure>\n\n\n\n<p>Partiamo dall\u2019ingresso della Promenade Maurice Rouvier. Quest\u2019ultima inizia dalla Baia delle formiche di Beaulieu ed \u00e8 una delle vie di accesso a Saint-Jean-Cap-Ferrat. \u00c8 costituita da 1,3 km di sentiero percorribili in una ventina di minuti.<\/p>\n\n\n\n<p><strong>LEGGI ANCHE: <a href=\"https:\/\/www.monaco-tribune.com\/it\/2022\/05\/foto-una-giornata-a-beaulieu-sur-mer-insieme-a-monaco-tribune\/\">FOTO. Una giornata a Beaulieu-sur-Mer insieme a Monaco Tribune<\/a><\/strong><\/p>\n\n\n<div class=\"wp-block-image\">\n<figure class=\"aligncenter size-large is-resized\"><img loading=\"lazy\" decoding=\"async\" src=\"https:\/\/www.monaco-tribune.com\/wp-content\/uploads\/2022\/07\/img_1852-2-compressed-2-1024x613.jpg\" alt=\"\" class=\"wp-image-130191\" width=\"967\" height=\"578\" srcset=\"https:\/\/www.monaco-tribune.com\/wp-content\/uploads\/2022\/07\/img_1852-2-compressed-2-1024x613.jpg 1024w, https:\/\/www.monaco-tribune.com\/wp-content\/uploads\/2022\/07\/img_1852-2-compressed-2-501x300.jpg 501w, https:\/\/www.monaco-tribune.com\/wp-content\/uploads\/2022\/07\/img_1852-2-compressed-2.jpg 1805w\" sizes=\"auto, (max-width: 967px) 100vw, 967px\" \/><figcaption>Monaco Tribune \/ Paul Charoy<\/figcaption><\/figure>\n<\/div>\n\n\n<p>Dopo la fine del sentiero arriviamo a Saint-Jean-Cap-Ferrat o meglio al porto della cittadina, tradizionalmente fondata sulla pesca. Nel porto troviamo il molo Virgile Allari, dove ci sono negozi e ristoranti che si affacciano sul mare. D\u2019estate vengono proposte varie attivit\u00e0 acquatiche.<\/p>\n\n\n<div class=\"wp-block-image\">\n<figure class=\"aligncenter size-large\"><img loading=\"lazy\" decoding=\"async\" width=\"1024\" height=\"605\" src=\"https:\/\/www.monaco-tribune.com\/wp-content\/uploads\/2022\/07\/img_1861-2-compressed-2-1024x605.jpg\" alt=\"\" class=\"wp-image-130195\" srcset=\"https:\/\/www.monaco-tribune.com\/wp-content\/uploads\/2022\/07\/img_1861-2-compressed-2-1024x605.jpg 1024w, https:\/\/www.monaco-tribune.com\/wp-content\/uploads\/2022\/07\/img_1861-2-compressed-2-508x300.jpg 508w, https:\/\/www.monaco-tribune.com\/wp-content\/uploads\/2022\/07\/img_1861-2-compressed-2.jpg 1827w\" sizes=\"auto, (max-width: 1024px) 100vw, 1024px\" \/><figcaption>Monaco Tribune \/ Paul Charoy<\/figcaption><\/figure>\n<\/div>\n\n\n<p>Saint-Jean Cap Ferrat ha una bassa densit\u00e0 di popolazione per ovvi motivi: il territorio \u00e8 principalmente occupato da ville (quasi 500) in gran parte molto lussuose. Queste propriet\u00e0 rendono la penisola una delle principali aree residenziali della Costa Azzurra.<\/p>\n\n\n\n<p><strong>LEGGI ANCHE: <a href=\"https:\/\/www.monaco-tribune.com\/it\/2022\/06\/foto-una-giornata-a-villefranche-sur-mer-tra-mare-e-storia\/\">FOTO. Una giornata a Villefranche-sur-Mer, tra mare e storia<\/a><\/strong><\/p>\n\n\n<div class=\"wp-block-image\">\n<figure class=\"aligncenter size-large is-resized\"><img loading=\"lazy\" decoding=\"async\" src=\"https:\/\/www.monaco-tribune.com\/wp-content\/uploads\/2022\/07\/img_1874-2-compressed-1024x623.jpg\" alt=\"\" class=\"wp-image-130199\" width=\"967\" height=\"588\" srcset=\"https:\/\/www.monaco-tribune.com\/wp-content\/uploads\/2022\/07\/img_1874-2-compressed-1024x623.jpg 1024w, https:\/\/www.monaco-tribune.com\/wp-content\/uploads\/2022\/07\/img_1874-2-compressed-493x300.jpg 493w, https:\/\/www.monaco-tribune.com\/wp-content\/uploads\/2022\/07\/img_1874-2-compressed-scaled.jpg 2048w\" sizes=\"auto, (max-width: 967px) 100vw, 967px\" \/><figcaption>Monaco Tribune \/ Paul Charoy<\/figcaption><\/figure>\n<\/div>\n\n\n<p>Lasciamo il centro della citt\u00e0 e ci dirigiamo verso la punta di Saint-Hospice. Facciamo una sosta al Giardino della pace per mangiare un boccone e sorseggiare una bevanda. Il giardino, situato in riva al mare, offre una meravigliosa vista di Cap-Ferrat e consente di accedere alla spiaggia Les Fossettes.<\/p>\n\n\n<div class=\"wp-block-image\">\n<figure class=\"aligncenter size-large\"><img loading=\"lazy\" decoding=\"async\" width=\"1024\" height=\"604\" src=\"https:\/\/www.monaco-tribune.com\/wp-content\/uploads\/2022\/07\/img_1885-2-compressed-2-1024x604.jpg\" alt=\"\" class=\"wp-image-130203\" srcset=\"https:\/\/www.monaco-tribune.com\/wp-content\/uploads\/2022\/07\/img_1885-2-compressed-2-1024x604.jpg 1024w, https:\/\/www.monaco-tribune.com\/wp-content\/uploads\/2022\/07\/img_1885-2-compressed-2-509x300.jpg 509w, https:\/\/www.monaco-tribune.com\/wp-content\/uploads\/2022\/07\/img_1885-2-compressed-2.jpg 1832w\" sizes=\"auto, (max-width: 1024px) 100vw, 1024px\" \/><figcaption>Monaco Tribune \/ Paul Charoy<\/figcaption><\/figure>\n<\/div>\n\n\n<p>Saint-Jean-Cap-Ferrat dispone di tre sentieri escursionistici: la Promenade Maurice Rouvier, il Tour du Cap-Ferrat e la punta di Saint-Hospice (nella foto qui sopra). Sono previsti 1,8 chilometri e 40 minuti di camminata con il rumore delle onde in sottofondo.<\/p>\n\n\n<div class=\"wp-block-image\">\n<figure class=\"aligncenter size-large\"><img loading=\"lazy\" decoding=\"async\" width=\"1024\" height=\"648\" src=\"https:\/\/www.monaco-tribune.com\/wp-content\/uploads\/2022\/07\/img_1892-2-compressed-2-1024x648.jpg\" alt=\"\" class=\"wp-image-130209\" srcset=\"https:\/\/www.monaco-tribune.com\/wp-content\/uploads\/2022\/07\/img_1892-2-compressed-2-1024x648.jpg 1024w, https:\/\/www.monaco-tribune.com\/wp-content\/uploads\/2022\/07\/img_1892-2-compressed-2-474x300.jpg 474w, https:\/\/www.monaco-tribune.com\/wp-content\/uploads\/2022\/07\/img_1892-2-compressed-2-scaled.jpg 2048w\" sizes=\"auto, (max-width: 1024px) 100vw, 1024px\" \/><figcaption>Monaco Tribune \/ Paul Charoy<\/figcaption><\/figure>\n<\/div>\n\n\n<p>Facciamo una piccola deviazione per visitare la cappella di Saint-Hospice. Questo monumento storico, edificato nel 1929, \u00e8 stato completamente ristrutturato nel 2022. Al suo fianco si erge una Vergine di bronzo alta 11,40 metri costruita nel 1903. Ai piedi della cappella troviamo il cimitero comunale, che offre splendidi panorami nella quiete pi\u00f9 totale a strapiombo sul Mediterraneo.<\/p>\n\n\n<div class=\"wp-block-image\">\n<figure class=\"aligncenter size-large\"><img loading=\"lazy\" decoding=\"async\" width=\"1024\" height=\"620\" src=\"https:\/\/www.monaco-tribune.com\/wp-content\/uploads\/2022\/07\/img_1897-2-compressed-2-1024x620.jpg\" alt=\"\" class=\"wp-image-130215\" srcset=\"https:\/\/www.monaco-tribune.com\/wp-content\/uploads\/2022\/07\/img_1897-2-compressed-2-1024x620.jpg 1024w, https:\/\/www.monaco-tribune.com\/wp-content\/uploads\/2022\/07\/img_1897-2-compressed-2-495x300.jpg 495w, https:\/\/www.monaco-tribune.com\/wp-content\/uploads\/2022\/07\/img_1897-2-compressed-2.jpg 1783w\" sizes=\"auto, (max-width: 1024px) 100vw, 1024px\" \/><figcaption>Monaco Tribune \/ Paul Charoy<\/figcaption><\/figure>\n<\/div>\n\n\n<p>Ritornando sul sentiero, la vista \u00e8 spettacolare.<\/p>\n\n\n<div class=\"wp-block-image\">\n<figure class=\"aligncenter size-large\"><img loading=\"lazy\" decoding=\"async\" width=\"1024\" height=\"604\" src=\"https:\/\/www.monaco-tribune.com\/wp-content\/uploads\/2022\/07\/img_1902-2-compressed-2-1024x604.jpg\" alt=\"\" class=\"wp-image-130219\" srcset=\"https:\/\/www.monaco-tribune.com\/wp-content\/uploads\/2022\/07\/img_1902-2-compressed-2-1024x604.jpg 1024w, https:\/\/www.monaco-tribune.com\/wp-content\/uploads\/2022\/07\/img_1902-2-compressed-2-508x300.jpg 508w, https:\/\/www.monaco-tribune.com\/wp-content\/uploads\/2022\/07\/img_1902-2-compressed-2.jpg 1830w\" sizes=\"auto, (max-width: 1024px) 100vw, 1024px\" \/><figcaption>Monaco Tribune \/ Paul Charoy<\/figcaption><\/figure>\n<\/div>\n\n\n<p>Il sentiero della punta di Saint-Hospice termina nella spiaggia La Paloma. Le spiagge di Saint-Jean-Cap-Ferrat sono dei veri e propri gioielli e La Paloma \u00e8 una delle pi\u00f9 rinomate per la sua posizione tranquilla, la natura che le fa da cornice e la vista panoramica sulle scogliere di Beaulieu e di Eze.<\/p>\n\n\n<div class=\"wp-block-image\">\n<figure class=\"aligncenter size-large is-resized\"><img loading=\"lazy\" decoding=\"async\" src=\"https:\/\/www.monaco-tribune.com\/wp-content\/uploads\/2022\/07\/img_1915-2-compressed-2-1024x609.jpg\" alt=\"\" class=\"wp-image-130223\" width=\"967\" height=\"575\" srcset=\"https:\/\/www.monaco-tribune.com\/wp-content\/uploads\/2022\/07\/img_1915-2-compressed-2-1024x609.jpg 1024w, https:\/\/www.monaco-tribune.com\/wp-content\/uploads\/2022\/07\/img_1915-2-compressed-2-505x300.jpg 505w, https:\/\/www.monaco-tribune.com\/wp-content\/uploads\/2022\/07\/img_1915-2-compressed-2.jpg 1817w\" sizes=\"auto, (max-width: 967px) 100vw, 967px\" \/><figcaption>Monaco Tribune \/ Paul Charoy<\/figcaption><\/figure>\n<\/div>\n\n\n<p>Nella stessa spiaggia c\u2019\u00e8 il lido Paloma Beach, costruito nel 1948. Questa spiaggia privata \u00e8 stata frequentata da Matisse, Elton John, Tom Cruise e Churchill. Con 50 euro potete rilassarvi su un lettino per una giornata intera.<\/p>\n\n\n<div class=\"wp-block-image\">\n<figure class=\"aligncenter size-large\"><img loading=\"lazy\" decoding=\"async\" width=\"1024\" height=\"607\" src=\"https:\/\/www.monaco-tribune.com\/wp-content\/uploads\/2022\/07\/img_1927-2-compressed-1024x607.jpg\" alt=\"\" class=\"wp-image-130227\" srcset=\"https:\/\/www.monaco-tribune.com\/wp-content\/uploads\/2022\/07\/img_1927-2-compressed-1024x607.jpg 1024w, https:\/\/www.monaco-tribune.com\/wp-content\/uploads\/2022\/07\/img_1927-2-compressed-506x300.jpg 506w, https:\/\/www.monaco-tribune.com\/wp-content\/uploads\/2022\/07\/img_1927-2-compressed-scaled.jpg 2048w\" sizes=\"auto, (max-width: 1024px) 100vw, 1024px\" \/><figcaption>Monaco Tribune \/ Paul Charoy<\/figcaption><\/figure>\n<\/div>\n\n\n<p>Stanchi dopo la camminata? Saint-Jean-Cap-Ferrat offre una visita gratuita al Museo delle conchiglie, dove sono esposti 7.000 tipi di conchiglie, di cui oltre 400 detengono record mondiali. Si tratta infatti della collezione pi\u00f9 importante del Mediterraneo. Ci incontriamo poi al molo Lindbergh, aperto dal luned\u00ec al venerd\u00ec dalle 9:00 alle 12:00 e dalle 14:00 alle 16:30.<\/p>\n\n\n<div class=\"wp-block-image\">\n<figure class=\"aligncenter size-large\"><img loading=\"lazy\" decoding=\"async\" width=\"1024\" height=\"737\" src=\"https:\/\/www.monaco-tribune.com\/wp-content\/uploads\/2022\/07\/img_2251-2-compressed-2-1024x737.jpg\" alt=\"\" class=\"wp-image-130231\" srcset=\"https:\/\/www.monaco-tribune.com\/wp-content\/uploads\/2022\/07\/img_2251-2-compressed-2-1024x737.jpg 1024w, https:\/\/www.monaco-tribune.com\/wp-content\/uploads\/2022\/07\/img_2251-2-compressed-2-417x300.jpg 417w, https:\/\/www.monaco-tribune.com\/wp-content\/uploads\/2022\/07\/img_2251-2-compressed-2.jpg 1500w\" sizes=\"auto, (max-width: 1024px) 100vw, 1024px\" \/><figcaption>Monaco Tribune \/ Paul Charoy<\/figcaption><\/figure>\n<\/div>\n\n\n<p>Il centro della citt\u00e0 \u00e8 il punto di partenza dell\u2019ultimo sentiero, il Tour du Cap-Ferrat (rappresentato nella foto). Quest\u2019ultimo, pi\u00f9 lungo, costeggia tutta la penisola. Sulla punta Malalongue spicca l\u2019iconico faro cittadino.<\/p>\n\n\n\n<p>Giunge al termine il nostro pomeriggio. Per il ritorno ci rechiamo a Beaulieu, dove si trova la stazione pi\u00f9 vicina a Saint-Jean-Cap-Ferrat.<\/p>\n","protected":false},"excerpt":{"rendered":"<p>Saint-Jean-Cap-Ferrat \u00e8 un piccolo comune sul litorale della Costa Azzurra famoso per le numerosissime case di villeggiatura, i sentieri sul [&hellip;]<\/p>\n","protected":false},"author":65,"featured_media":130238,"comment_status":"closed","ping_status":"closed","sticky":false,"template":"","format":"standard","meta":{"_acf_changed":false,"footnotes":""},"categories":[1740,1738],"tags":[],"post_sectags":[],"post_format":[2481],"class_list":["post-130522","post","type-post","status-publish","format-standard","has-post-thumbnail","hentry","category-cosa-fare","category-notizie","format-reportage-it"],"acf":[],"yoast_head":"<!-- This site is optimized with the Yoast SEO Premium plugin v26.8 (Yoast SEO v27.5) - https:\/\/yoast.com\/product\/yoast-seo-premium-wordpress\/ -->\n<title>FOTO. Saint-Jean-Cap-Ferrat, la perla della Costa Azzurra<\/title>\n<meta name=\"description\" content=\"Saint-Jean-Cap-Ferrat \u00e8 un piccolo comune sul litorale della Costa Azzurra famoso per le numerosissime case di villeggiatura, i sentieri sul mare, le\" \/>\n<meta name=\"robots\" content=\"index, follow, max-snippet:-1, max-image-preview:large, max-video-preview:-1\" \/>\n<link rel=\"canonical\" href=\"https:\/\/www.monaco-tribune.com\/it\/2022\/07\/foto-saint-jean-cap-ferrat-la-perla-della-costa-azzurra\/\" \/>\n<meta property=\"og:locale\" content=\"it_IT\" \/>\n<meta property=\"og:type\" content=\"article\" \/>\n<meta property=\"og:title\" content=\"FOTO. Saint-Jean-Cap-Ferrat, la perla della Costa Azzurra - Monaco Tribune\" \/>\n<meta property=\"og:description\" content=\"Saint-Jean-Cap-Ferrat \u00e8 un piccolo comune sul litorale della Costa Azzurra famoso per le numerosissime case di villeggiatura, i sentieri sul mare, le\" \/>\n<meta property=\"og:url\" content=\"https:\/\/www.monaco-tribune.com\/it\/2022\/07\/foto-saint-jean-cap-ferrat-la-perla-della-costa-azzurra\/\" \/>\n<meta property=\"og:site_name\" content=\"Monaco Tribune\" \/>\n<meta property=\"article:publisher\" content=\"https:\/\/www.facebook.com\/MonacoTribune\" \/>\n<meta property=\"article:published_time\" content=\"2022-07-15T16:30:20+00:00\" \/>\n<meta property=\"article:modified_time\" content=\"2022-07-15T16:37:37+00:00\" \/>\n<meta property=\"og:image\" content=\"https:\/\/www.monaco-tribune.com\/wp-content\/uploads\/2022\/07\/img_1860-compressed.jpg\" \/>\n\t<meta property=\"og:image:width\" content=\"1945\" \/>\n\t<meta property=\"og:image:height\" content=\"1080\" \/>\n\t<meta property=\"og:image:type\" content=\"image\/jpeg\" \/>\n<meta name=\"author\" content=\"Paul Charoy\" \/>\n<meta name=\"twitter:card\" content=\"summary_large_image\" \/>\n<meta name=\"twitter:creator\" content=\"@MonacoTribune\" \/>\n<meta name=\"twitter:site\" content=\"@MonacoTribune\" \/>\n<script type=\"application\/ld+json\" class=\"yoast-schema-graph\">{\"@context\":\"https:\\\/\\\/schema.org\",\"@graph\":[{\"@type\":\"NewsArticle\",\"@id\":\"https:\\\/\\\/www.monaco-tribune.com\\\/it\\\/2022\\\/07\\\/foto-saint-jean-cap-ferrat-la-perla-della-costa-azzurra\\\/#article\",\"isPartOf\":{\"@id\":\"https:\\\/\\\/www.monaco-tribune.com\\\/it\\\/2022\\\/07\\\/foto-saint-jean-cap-ferrat-la-perla-della-costa-azzurra\\\/\"},\"author\":{\"name\":\"Paul Charoy\",\"@id\":\"https:\\\/\\\/www.monaco-tribune.com\\\/it\\\/#\\\/schema\\\/person\\\/c33a9f1bc99ef5a2e07d37c576060b57\"},\"headline\":\"FOTO. Saint-Jean-Cap-Ferrat, la perla della Costa Azzurra\",\"datePublished\":\"2022-07-15T16:30:20+00:00\",\"dateModified\":\"2022-07-15T16:37:37+00:00\",\"mainEntityOfPage\":{\"@id\":\"https:\\\/\\\/www.monaco-tribune.com\\\/it\\\/2022\\\/07\\\/foto-saint-jean-cap-ferrat-la-perla-della-costa-azzurra\\\/\"},\"wordCount\":554,\"publisher\":{\"@id\":\"https:\\\/\\\/www.monaco-tribune.com\\\/it\\\/#organization\"},\"image\":{\"@id\":\"https:\\\/\\\/www.monaco-tribune.com\\\/it\\\/2022\\\/07\\\/foto-saint-jean-cap-ferrat-la-perla-della-costa-azzurra\\\/#primaryimage\"},\"thumbnailUrl\":\"https:\\\/\\\/www.monaco-tribune.com\\\/wp-content\\\/uploads\\\/2022\\\/07\\\/img_1860-compressed.jpg\",\"articleSection\":[\"Cosa fare\",\"Notizie\"],\"inLanguage\":\"it-IT\",\"copyrightYear\":\"2022\",\"copyrightHolder\":{\"@id\":\"https:\\\/\\\/www.monaco-tribune.com\\\/#organization\"}},{\"@type\":\"WebPage\",\"@id\":\"https:\\\/\\\/www.monaco-tribune.com\\\/it\\\/2022\\\/07\\\/foto-saint-jean-cap-ferrat-la-perla-della-costa-azzurra\\\/\",\"url\":\"https:\\\/\\\/www.monaco-tribune.com\\\/it\\\/2022\\\/07\\\/foto-saint-jean-cap-ferrat-la-perla-della-costa-azzurra\\\/\",\"name\":\"FOTO. Saint-Jean-Cap-Ferrat, la perla della Costa Azzurra\",\"isPartOf\":{\"@id\":\"https:\\\/\\\/www.monaco-tribune.com\\\/it\\\/#website\"},\"primaryImageOfPage\":{\"@id\":\"https:\\\/\\\/www.monaco-tribune.com\\\/it\\\/2022\\\/07\\\/foto-saint-jean-cap-ferrat-la-perla-della-costa-azzurra\\\/#primaryimage\"},\"image\":{\"@id\":\"https:\\\/\\\/www.monaco-tribune.com\\\/it\\\/2022\\\/07\\\/foto-saint-jean-cap-ferrat-la-perla-della-costa-azzurra\\\/#primaryimage\"},\"thumbnailUrl\":\"https:\\\/\\\/www.monaco-tribune.com\\\/wp-content\\\/uploads\\\/2022\\\/07\\\/img_1860-compressed.jpg\",\"datePublished\":\"2022-07-15T16:30:20+00:00\",\"dateModified\":\"2022-07-15T16:37:37+00:00\",\"description\":\"Saint-Jean-Cap-Ferrat \u00e8 un piccolo comune sul litorale della Costa Azzurra famoso per le numerosissime case di villeggiatura, i sentieri sul mare, le\",\"breadcrumb\":{\"@id\":\"https:\\\/\\\/www.monaco-tribune.com\\\/it\\\/2022\\\/07\\\/foto-saint-jean-cap-ferrat-la-perla-della-costa-azzurra\\\/#breadcrumb\"},\"inLanguage\":\"it-IT\",\"potentialAction\":[{\"@type\":\"ReadAction\",\"target\":[\"https:\\\/\\\/www.monaco-tribune.com\\\/it\\\/2022\\\/07\\\/foto-saint-jean-cap-ferrat-la-perla-della-costa-azzurra\\\/\"]}]},{\"@type\":\"ImageObject\",\"inLanguage\":\"it-IT\",\"@id\":\"https:\\\/\\\/www.monaco-tribune.com\\\/it\\\/2022\\\/07\\\/foto-saint-jean-cap-ferrat-la-perla-della-costa-azzurra\\\/#primaryimage\",\"url\":\"https:\\\/\\\/www.monaco-tribune.com\\\/wp-content\\\/uploads\\\/2022\\\/07\\\/img_1860-compressed.jpg\",\"contentUrl\":\"https:\\\/\\\/www.monaco-tribune.com\\\/wp-content\\\/uploads\\\/2022\\\/07\\\/img_1860-compressed.jpg\",\"width\":1945,\"height\":1080,\"caption\":\"Monaco Tribune \\\/ Paul Charoy\"},{\"@type\":\"BreadcrumbList\",\"@id\":\"https:\\\/\\\/www.monaco-tribune.com\\\/it\\\/2022\\\/07\\\/foto-saint-jean-cap-ferrat-la-perla-della-costa-azzurra\\\/#breadcrumb\",\"itemListElement\":[{\"@type\":\"ListItem\",\"position\":1,\"name\":\"Accueil\",\"item\":\"https:\\\/\\\/www.monaco-tribune.com\\\/it\\\/\"},{\"@type\":\"ListItem\",\"position\":2,\"name\":\"FOTO. Saint-Jean-Cap-Ferrat, la perla della Costa Azzurra\"}]},{\"@type\":\"WebSite\",\"@id\":\"https:\\\/\\\/www.monaco-tribune.com\\\/it\\\/#website\",\"url\":\"https:\\\/\\\/www.monaco-tribune.com\\\/it\\\/\",\"name\":\"Monaco Tribune\",\"description\":\"Monaco : actualit\u00e9s \u00e9conomiques, politiques, culturelles et sportives de Monaco et de la French Riviera.\",\"publisher\":{\"@id\":\"https:\\\/\\\/www.monaco-tribune.com\\\/it\\\/#organization\"},\"potentialAction\":[{\"@type\":\"SearchAction\",\"target\":{\"@type\":\"EntryPoint\",\"urlTemplate\":\"https:\\\/\\\/www.monaco-tribune.com\\\/it\\\/?s={search_term_string}\"},\"query-input\":{\"@type\":\"PropertyValueSpecification\",\"valueRequired\":true,\"valueName\":\"search_term_string\"}}],\"inLanguage\":\"it-IT\"},{\"@type\":\"Organization\",\"@id\":\"https:\\\/\\\/www.monaco-tribune.com\\\/it\\\/#organization\",\"name\":\"Monaco Tribune\",\"url\":\"https:\\\/\\\/www.monaco-tribune.com\\\/it\\\/\",\"logo\":{\"@type\":\"ImageObject\",\"inLanguage\":\"it-IT\",\"@id\":\"https:\\\/\\\/www.monaco-tribune.com\\\/it\\\/#\\\/schema\\\/logo\\\/image\\\/\",\"url\":\"https:\\\/\\\/www.monaco-tribune.com\\\/wp-content\\\/uploads\\\/2022\\\/11\\\/logo-monaco-tribune.png\",\"contentUrl\":\"https:\\\/\\\/www.monaco-tribune.com\\\/wp-content\\\/uploads\\\/2022\\\/11\\\/logo-monaco-tribune.png\",\"width\":1548,\"height\":600,\"caption\":\"Monaco Tribune\"},\"image\":{\"@id\":\"https:\\\/\\\/www.monaco-tribune.com\\\/it\\\/#\\\/schema\\\/logo\\\/image\\\/\"},\"sameAs\":[\"https:\\\/\\\/www.facebook.com\\\/MonacoTribune\",\"https:\\\/\\\/x.com\\\/MonacoTribune\",\"https:\\\/\\\/www.instagram.com\\\/monacotribune\\\/\",\"https:\\\/\\\/www.linkedin.com\\\/company\\\/monaco-tribune\",\"https:\\\/\\\/www.youtube.com\\\/channel\\\/UCHle1MnG6hw1y4lWKijVbMA\"]},{\"@type\":\"Person\",\"@id\":\"https:\\\/\\\/www.monaco-tribune.com\\\/it\\\/#\\\/schema\\\/person\\\/c33a9f1bc99ef5a2e07d37c576060b57\",\"name\":\"Paul Charoy\",\"image\":{\"@type\":\"ImageObject\",\"inLanguage\":\"it-IT\",\"@id\":\"https:\\\/\\\/secure.gravatar.com\\\/avatar\\\/c3a39fd900275d54a628738568f1949e90ce9945d105d000228335a7bad64b38?s=96&d=mm&r=g\",\"url\":\"https:\\\/\\\/secure.gravatar.com\\\/avatar\\\/c3a39fd900275d54a628738568f1949e90ce9945d105d000228335a7bad64b38?s=96&d=mm&r=g\",\"contentUrl\":\"https:\\\/\\\/secure.gravatar.com\\\/avatar\\\/c3a39fd900275d54a628738568f1949e90ce9945d105d000228335a7bad64b38?s=96&d=mm&r=g\",\"caption\":\"Paul Charoy\"},\"url\":\"https:\\\/\\\/www.monaco-tribune.com\\\/it\\\/author\\\/paulcharoy\\\/\"}]}<\/script>\n<!-- \/ Yoast SEO Premium plugin. -->","yoast_head_json":{"title":"FOTO. Saint-Jean-Cap-Ferrat, la perla della Costa Azzurra","description":"Saint-Jean-Cap-Ferrat \u00e8 un piccolo comune sul litorale della Costa Azzurra famoso per le numerosissime case di villeggiatura, i sentieri sul mare, le","robots":{"index":"index","follow":"follow","max-snippet":"max-snippet:-1","max-image-preview":"max-image-preview:large","max-video-preview":"max-video-preview:-1"},"canonical":"https:\/\/www.monaco-tribune.com\/it\/2022\/07\/foto-saint-jean-cap-ferrat-la-perla-della-costa-azzurra\/","og_locale":"it_IT","og_type":"article","og_title":"FOTO. Saint-Jean-Cap-Ferrat, la perla della Costa Azzurra - Monaco Tribune","og_description":"Saint-Jean-Cap-Ferrat \u00e8 un piccolo comune sul litorale della Costa Azzurra famoso per le numerosissime case di villeggiatura, i sentieri sul mare, le","og_url":"https:\/\/www.monaco-tribune.com\/it\/2022\/07\/foto-saint-jean-cap-ferrat-la-perla-della-costa-azzurra\/","og_site_name":"Monaco Tribune","article_publisher":"https:\/\/www.facebook.com\/MonacoTribune","article_published_time":"2022-07-15T16:30:20+00:00","article_modified_time":"2022-07-15T16:37:37+00:00","og_image":[{"width":1945,"height":1080,"url":"https:\/\/www.monaco-tribune.com\/wp-content\/uploads\/2022\/07\/img_1860-compressed.jpg","type":"image\/jpeg"}],"author":"Paul Charoy","twitter_card":"summary_large_image","twitter_creator":"@MonacoTribune","twitter_site":"@MonacoTribune","schema":{"@context":"https:\/\/schema.org","@graph":[{"@type":"NewsArticle","@id":"https:\/\/www.monaco-tribune.com\/it\/2022\/07\/foto-saint-jean-cap-ferrat-la-perla-della-costa-azzurra\/#article","isPartOf":{"@id":"https:\/\/www.monaco-tribune.com\/it\/2022\/07\/foto-saint-jean-cap-ferrat-la-perla-della-costa-azzurra\/"},"author":{"name":"Paul Charoy","@id":"https:\/\/www.monaco-tribune.com\/it\/#\/schema\/person\/c33a9f1bc99ef5a2e07d37c576060b57"},"headline":"FOTO. Saint-Jean-Cap-Ferrat, la perla della Costa Azzurra","datePublished":"2022-07-15T16:30:20+00:00","dateModified":"2022-07-15T16:37:37+00:00","mainEntityOfPage":{"@id":"https:\/\/www.monaco-tribune.com\/it\/2022\/07\/foto-saint-jean-cap-ferrat-la-perla-della-costa-azzurra\/"},"wordCount":554,"publisher":{"@id":"https:\/\/www.monaco-tribune.com\/it\/#organization"},"image":{"@id":"https:\/\/www.monaco-tribune.com\/it\/2022\/07\/foto-saint-jean-cap-ferrat-la-perla-della-costa-azzurra\/#primaryimage"},"thumbnailUrl":"https:\/\/www.monaco-tribune.com\/wp-content\/uploads\/2022\/07\/img_1860-compressed.jpg","articleSection":["Cosa fare","Notizie"],"inLanguage":"it-IT","copyrightYear":"2022","copyrightHolder":{"@id":"https:\/\/www.monaco-tribune.com\/#organization"}},{"@type":"WebPage","@id":"https:\/\/www.monaco-tribune.com\/it\/2022\/07\/foto-saint-jean-cap-ferrat-la-perla-della-costa-azzurra\/","url":"https:\/\/www.monaco-tribune.com\/it\/2022\/07\/foto-saint-jean-cap-ferrat-la-perla-della-costa-azzurra\/","name":"FOTO. Saint-Jean-Cap-Ferrat, la perla della Costa Azzurra","isPartOf":{"@id":"https:\/\/www.monaco-tribune.com\/it\/#website"},"primaryImageOfPage":{"@id":"https:\/\/www.monaco-tribune.com\/it\/2022\/07\/foto-saint-jean-cap-ferrat-la-perla-della-costa-azzurra\/#primaryimage"},"image":{"@id":"https:\/\/www.monaco-tribune.com\/it\/2022\/07\/foto-saint-jean-cap-ferrat-la-perla-della-costa-azzurra\/#primaryimage"},"thumbnailUrl":"https:\/\/www.monaco-tribune.com\/wp-content\/uploads\/2022\/07\/img_1860-compressed.jpg","datePublished":"2022-07-15T16:30:20+00:00","dateModified":"2022-07-15T16:37:37+00:00","description":"Saint-Jean-Cap-Ferrat \u00e8 un piccolo comune sul litorale della Costa Azzurra famoso per le numerosissime case di villeggiatura, i sentieri sul mare, le","breadcrumb":{"@id":"https:\/\/www.monaco-tribune.com\/it\/2022\/07\/foto-saint-jean-cap-ferrat-la-perla-della-costa-azzurra\/#breadcrumb"},"inLanguage":"it-IT","potentialAction":[{"@type":"ReadAction","target":["https:\/\/www.monaco-tribune.com\/it\/2022\/07\/foto-saint-jean-cap-ferrat-la-perla-della-costa-azzurra\/"]}]},{"@type":"ImageObject","inLanguage":"it-IT","@id":"https:\/\/www.monaco-tribune.com\/it\/2022\/07\/foto-saint-jean-cap-ferrat-la-perla-della-costa-azzurra\/#primaryimage","url":"https:\/\/www.monaco-tribune.com\/wp-content\/uploads\/2022\/07\/img_1860-compressed.jpg","contentUrl":"https:\/\/www.monaco-tribune.com\/wp-content\/uploads\/2022\/07\/img_1860-compressed.jpg","width":1945,"height":1080,"caption":"Monaco Tribune \/ Paul Charoy"},{"@type":"BreadcrumbList","@id":"https:\/\/www.monaco-tribune.com\/it\/2022\/07\/foto-saint-jean-cap-ferrat-la-perla-della-costa-azzurra\/#breadcrumb","itemListElement":[{"@type":"ListItem","position":1,"name":"Accueil","item":"https:\/\/www.monaco-tribune.com\/it\/"},{"@type":"ListItem","position":2,"name":"FOTO. Saint-Jean-Cap-Ferrat, la perla della Costa Azzurra"}]},{"@type":"WebSite","@id":"https:\/\/www.monaco-tribune.com\/it\/#website","url":"https:\/\/www.monaco-tribune.com\/it\/","name":"Monaco Tribune","description":"Monaco : actualit\u00e9s \u00e9conomiques, politiques, culturelles et sportives de Monaco et de la French Riviera.","publisher":{"@id":"https:\/\/www.monaco-tribune.com\/it\/#organization"},"potentialAction":[{"@type":"SearchAction","target":{"@type":"EntryPoint","urlTemplate":"https:\/\/www.monaco-tribune.com\/it\/?s={search_term_string}"},"query-input":{"@type":"PropertyValueSpecification","valueRequired":true,"valueName":"search_term_string"}}],"inLanguage":"it-IT"},{"@type":"Organization","@id":"https:\/\/www.monaco-tribune.com\/it\/#organization","name":"Monaco Tribune","url":"https:\/\/www.monaco-tribune.com\/it\/","logo":{"@type":"ImageObject","inLanguage":"it-IT","@id":"https:\/\/www.monaco-tribune.com\/it\/#\/schema\/logo\/image\/","url":"https:\/\/www.monaco-tribune.com\/wp-content\/uploads\/2022\/11\/logo-monaco-tribune.png","contentUrl":"https:\/\/www.monaco-tribune.com\/wp-content\/uploads\/2022\/11\/logo-monaco-tribune.png","width":1548,"height":600,"caption":"Monaco Tribune"},"image":{"@id":"https:\/\/www.monaco-tribune.com\/it\/#\/schema\/logo\/image\/"},"sameAs":["https:\/\/www.facebook.com\/MonacoTribune","https:\/\/x.com\/MonacoTribune","https:\/\/www.instagram.com\/monacotribune\/","https:\/\/www.linkedin.com\/company\/monaco-tribune","https:\/\/www.youtube.com\/channel\/UCHle1MnG6hw1y4lWKijVbMA"]},{"@type":"Person","@id":"https:\/\/www.monaco-tribune.com\/it\/#\/schema\/person\/c33a9f1bc99ef5a2e07d37c576060b57","name":"Paul Charoy","image":{"@type":"ImageObject","inLanguage":"it-IT","@id":"https:\/\/secure.gravatar.com\/avatar\/c3a39fd900275d54a628738568f1949e90ce9945d105d000228335a7bad64b38?s=96&d=mm&r=g","url":"https:\/\/secure.gravatar.com\/avatar\/c3a39fd900275d54a628738568f1949e90ce9945d105d000228335a7bad64b38?s=96&d=mm&r=g","contentUrl":"https:\/\/secure.gravatar.com\/avatar\/c3a39fd900275d54a628738568f1949e90ce9945d105d000228335a7bad64b38?s=96&d=mm&r=g","caption":"Paul Charoy"},"url":"https:\/\/www.monaco-tribune.com\/it\/author\/paulcharoy\/"}]}},"_links":{"self":[{"href":"https:\/\/www.monaco-tribune.com\/it\/wp-json\/wp\/v2\/posts\/130522","targetHints":{"allow":["GET"]}}],"collection":[{"href":"https:\/\/www.monaco-tribune.com\/it\/wp-json\/wp\/v2\/posts"}],"about":[{"href":"https:\/\/www.monaco-tribune.com\/it\/wp-json\/wp\/v2\/types\/post"}],"author":[{"embeddable":true,"href":"https:\/\/www.monaco-tribune.com\/it\/wp-json\/wp\/v2\/users\/65"}],"replies":[{"embeddable":true,"href":"https:\/\/www.monaco-tribune.com\/it\/wp-json\/wp\/v2\/comments?post=130522"}],"version-history":[{"count":0,"href":"https:\/\/www.monaco-tribune.com\/it\/wp-json\/wp\/v2\/posts\/130522\/revisions"}],"wp:featuredmedia":[{"embeddable":true,"href":"https:\/\/www.monaco-tribune.com\/it\/wp-json\/wp\/v2\/media\/130238"}],"wp:attachment":[{"href":"https:\/\/www.monaco-tribune.com\/it\/wp-json\/wp\/v2\/media?parent=130522"}],"wp:term":[{"taxonomy":"category","embeddable":true,"href":"https:\/\/www.monaco-tribune.com\/it\/wp-json\/wp\/v2\/categories?post=130522"},{"taxonomy":"post_tag","embeddable":true,"href":"https:\/\/www.monaco-tribune.com\/it\/wp-json\/wp\/v2\/tags?post=130522"},{"taxonomy":"sectag","embeddable":true,"href":"https:\/\/www.monaco-tribune.com\/it\/wp-json\/wp\/v2\/post_sectags?post=130522"},{"taxonomy":"format","embeddable":true,"href":"https:\/\/www.monaco-tribune.com\/it\/wp-json\/wp\/v2\/post_format?post=130522"}],"curies":[{"name":"wp","href":"https:\/\/api.w.org\/{rel}","templated":true}]}}