{"id":131223,"date":"2022-07-19T20:35:43","date_gmt":"2022-07-19T18:35:43","guid":{"rendered":"https:\/\/www.monaco-tribune.com\/2022\/07\/laurent-puons-un-amante-delle-sfide\/"},"modified":"2022-07-20T11:35:36","modified_gmt":"2022-07-20T09:35:36","slug":"laurent-puons-un-amante-delle-sfide","status":"publish","type":"post","link":"https:\/\/www.monaco-tribune.com\/it\/2022\/07\/laurent-puons-un-amante-delle-sfide\/","title":{"rendered":"Laurent Puons, un amante delle sfide"},"content":{"rendered":"\n<p><strong>Il CEO di Monaco Mediax ha parlato del percorso a dir poco sorprendente che l&#8217;ha portato al vertice del Festival della Televisione di Monte-Carlo e degli eventi SPORTEL.<\/strong><\/p>\n\n\n\n<p>Qualche settimana dopo il Festival della Televisione, la tensione si allenta e per Laurent Puons, CEO del gruppo Monaco Mediax che gestisce il Festival e gli eventi SPORTEL, \u00e8 arrivato il momento di tirare le somme: &#8220;Stando a quanto dicono i vari partecipanti, \u00e8 stata un&#8217;ottima edizione soprattutto a livello di concorso. Questo era proprio uno dei miei obiettivi principali quando ho preso le redini del Festival.<\/p>\n\n\n\n<p>Personalmente credo che sia stata una bellissima edizione. L&#8217;unica pecca \u00e8 stata non avere una superstar, come Michael Douglas nel 2019. [\u2026] Quest&#8217;anno eravamo in trattativa con John Travolta, ma abbiamo dovuto attendere per motivi di cachet e nel frattempo l&#8217;attore aveva gi\u00e0 preso altri impegni. Sar\u00e0 per la prossima volta!&#8221;.<\/p>\n\n\n<div class=\"wp-block-image\">\n<figure class=\"aligncenter size-full\"><img loading=\"lazy\" decoding=\"async\" width=\"1020\" height=\"680\" src=\"https:\/\/www.monaco-tribune.com\/wp-content\/uploads\/2022\/07\/michael-douglas-laurent-puons.jpg\" alt=\"michael-douglas-laurent-puons\" class=\"wp-image-130695\" srcset=\"https:\/\/www.monaco-tribune.com\/wp-content\/uploads\/2022\/07\/michael-douglas-laurent-puons.jpg 1020w, https:\/\/www.monaco-tribune.com\/wp-content\/uploads\/2022\/07\/michael-douglas-laurent-puons-450x300.jpg 450w\" sizes=\"auto, (max-width: 1020px) 100vw, 1020px\" \/><figcaption><em>\u00a9 Monte-Carlo Television Festival<\/em><\/figcaption><\/figure>\n<\/div>\n\n\n<p>Sicuramente la stella di <em>Grease&nbsp;<\/em>e <em>La febbre del sabato sera<\/em> sar\u00e0 ospite del Festival in futuro perch\u00e9 Laurent Puons, manager determinato e ambizioso, \u00e8 un vero amante delle sfide.<\/p>\n\n\n\n<blockquote class=\"wp-block-quote is-layout-flow wp-block-quote-is-layout-flow\"><p>Manager si nasce, non si diventa.<\/p><\/blockquote>\n\n\n\n<h2 class=\"wp-block-heading\" id=\"h-un-nuovo-slancio-per-il-festival-e-gli-eventi-sportel\">Un nuovo slancio per il Festival e gli eventi SPORTEL<\/h2>\n\n\n\n<p>Laurent Puons, figlio di un agente di polizia al servizio del Principe Ranieri III ed <em>Enfant du Pays<\/em> naturalizzato nel 2019, si era orientato inizialmente verso la carriera sportiva: &#8220;Ero un pugile professionista. Ma quando mi sono reso conto che la boxe non mi dava da mangiare, ho dovuto iniziare a lavorare. Sono entrato in politica e ci sono rimasto per sette anni. Mi sono subito fatto strada e ho avuto grandi soddisfazioni. David Tomatis [ex presidente del Festival della Televisione, n.d.r.] stava cercando un assistente. All&#8217;epoca lavoravo nella pubblica amministrazione e nelle risorse umane e dovevo proporgli dei candidati. Alla fine mi ha chiesto se fossi interessato io al ruolo&#8221;.<\/p>\n\n\n\n<p><strong>LEGGI ANCHE: <a href=\"https:\/\/www.monaco-tribune.com\/it\/2022\/06\/festival-della-televisione-di-monte-carlo-un-evento-precursore-e-visionario\/\">Festival della Televisione di Monte-Carlo, un evento precursore e visionario<\/a><\/strong><\/p>\n\n\n\n<p>Anni dopo Laurent Puons ha assunto il comando. Fedele alle sue ambizioni, ha voluto dare nuova vita agli eventi in cui ha visto del potenziale: &#8220;Quando sono diventato CEO di Monaco Mediax mi sono concentrato sul Festival della Televisione, su SPORTEL e sugli SPORTEL Awards. Ho rivisto l&#8217;intera strategia dei tre eventi per portarli al punto in cui sono arrivati oggi&#8221;.<\/p>\n\n\n\n<p>Se pensate che questa revisione approfondita sia il risultato di lunghi studi in materia, siete fuori strada. Laurent Puons ha imparato tutto sul campo. &#8220;Ero un pessimo studente. Faccio sempre tre incubi ricorrenti e uno di questi \u00e8 tornare a scuola. Non mi interessava nulla e facevo il minimo indispensabile. Credo di non aver mai aperto un libro. Sono anche stato bocciato all&#8217;esame di maturit\u00e0 e mi sono diplomato a 20 anni&#8221;, ci racconta sorridendo. Questo percorso fuori dagli schemi non gli ha impedito tuttavia di intraprendere una carriera brillante e, ironia della sorte, di sposare un&#8217;insegnante.<\/p>\n\n\n\n<p>La chiave del suo successo si racchiude in una parola: personalit\u00e0. &#8220;Si pu\u00f2 imparare a fare tutto, tranne che a dirigere. Manager si nasce, non si diventa&#8221;, ha spiegato.<\/p>\n\n\n\n<h2 class=\"wp-block-heading\" id=\"h-un-grande-progetto-in-cantiere\">Un grande progetto in cantiere<\/h2>\n\n\n\n<p>Laurent Puons ha perso il conto dei bellissimi ricordi che ha raccolto finora, anche se alcuni incontri gli sono rimasti impressi: &#8220;Ho conosciuto Mike Tyson nel 2014. Quell&#8217;anno non c&#8217;era il Principe Alberto II, perci\u00f2 toccava a me consegnargli il premio dedicato all&#8217;autobiografia agli SPORTEL Awards. Quando l&#8217;ho fatto gli ho sussurrato: &#8216;Sai che per anni mi sono svegliato ogni giorno alle 5 di mattina per guardare i tuoi incontri di boxe che duravano appena 90 secondi?&#8217; Si \u00e8 messo a ridere e mi ha risposto: &#8216;Non \u00e8 la prima volta che me lo dicono&#8217;.<\/p>\n\n\n\n<p>Ho inoltre avuto l&#8217;onore di conoscere Desmond Tutu. \u00c8 stato fantastico! Mi viene in mente anche Jerry Bruckheimer. Ero andato fino a Los Angeles per convincerlo a venire a Monaco. Mi ha ricevuto nel suo ufficio: mi ha fatto sedere e mi ha parlato con una semplicit\u00e0 e una gentilezza\u2026 Mi ha dedicato il suo tempo, anche se \u00e8 uno dei pi\u00f9 importanti produttori degli Stati Uniti!&#8221;.<\/p>\n\n\n\n<figure class=\"wp-block-gallery has-nested-images columns-1 is-cropped wp-block-gallery-1 is-layout-flex wp-block-gallery-is-layout-flex\">\n<figure class=\"wp-block-image size-large\"><img loading=\"lazy\" decoding=\"async\" width=\"1020\" height=\"680\" data-id=\"130699\" src=\"https:\/\/www.monaco-tribune.com\/wp-content\/uploads\/2022\/07\/myke-tyson-laurent-puons.jpg\" alt=\"myke-tyson-laurent-puons\" class=\"wp-image-130699\" srcset=\"https:\/\/www.monaco-tribune.com\/wp-content\/uploads\/2022\/07\/myke-tyson-laurent-puons.jpg 1020w, https:\/\/www.monaco-tribune.com\/wp-content\/uploads\/2022\/07\/myke-tyson-laurent-puons-450x300.jpg 450w\" sizes=\"auto, (max-width: 1020px) 100vw, 1020px\" \/><\/figure>\n\n\n\n<figure class=\"wp-block-image size-large\"><img loading=\"lazy\" decoding=\"async\" width=\"1020\" height=\"1530\" data-id=\"130703\" src=\"https:\/\/www.monaco-tribune.com\/wp-content\/uploads\/2022\/07\/laurent-puons-desmond-tutu.jpeg\" alt=\"laurent-puons-desmond-tutu\" class=\"wp-image-130703\" srcset=\"https:\/\/www.monaco-tribune.com\/wp-content\/uploads\/2022\/07\/laurent-puons-desmond-tutu.jpeg 1020w, https:\/\/www.monaco-tribune.com\/wp-content\/uploads\/2022\/07\/laurent-puons-desmond-tutu-200x300.jpeg 200w, https:\/\/www.monaco-tribune.com\/wp-content\/uploads\/2022\/07\/laurent-puons-desmond-tutu-683x1024.jpeg 683w\" sizes=\"auto, (max-width: 1020px) 100vw, 1020px\" \/><\/figure>\n\n\n\n<figure class=\"wp-block-image size-large\"><img loading=\"lazy\" decoding=\"async\" width=\"1020\" height=\"681\" data-id=\"130683\" src=\"https:\/\/www.monaco-tribune.com\/wp-content\/uploads\/2022\/07\/laurent-puons-jerry-bruckheimer.jpg\" alt=\"laurent-puons-jerry-bruckheimer\" class=\"wp-image-130683\" srcset=\"https:\/\/www.monaco-tribune.com\/wp-content\/uploads\/2022\/07\/laurent-puons-jerry-bruckheimer.jpg 1020w, https:\/\/www.monaco-tribune.com\/wp-content\/uploads\/2022\/07\/laurent-puons-jerry-bruckheimer-449x300.jpg 449w\" sizes=\"auto, (max-width: 1020px) 100vw, 1020px\" \/><\/figure>\n<figcaption class=\"blocks-gallery-caption\"><em><em>\u00a9 Monte-Carlo Television Festival<\/em><\/em><\/figcaption><\/figure>\n\n\n\n<p>Con altrettanta commozione ripensa all&#8217;apertura del Festival della Televisione 2022 al Castelroc: &#8220;Erano presenti tutti i vecchi presidenti di giuria. \u00c8 stato bellissimo rivedersi tutti a Monaco. Sono stato piacevolmente sorpreso dall&#8217;affetto mostrato nei confronti del Festival e nei miei confronti\u2026 Ricky Whittle mi ha abbracciato per ben tre minuti&#8221;.<\/p>\n\n\n<div class=\"wp-block-image\">\n<figure class=\"aligncenter size-large\"><img loading=\"lazy\" decoding=\"async\" width=\"683\" height=\"1024\" src=\"https:\/\/www.monaco-tribune.com\/wp-content\/uploads\/2022\/07\/laurent-puons-ricky-wittle-683x1024.jpg\" alt=\"laurent-puons-ricky-wittle\" class=\"wp-image-130687\" srcset=\"https:\/\/www.monaco-tribune.com\/wp-content\/uploads\/2022\/07\/laurent-puons-ricky-wittle-683x1024.jpg 683w, https:\/\/www.monaco-tribune.com\/wp-content\/uploads\/2022\/07\/laurent-puons-ricky-wittle-200x300.jpg 200w, https:\/\/www.monaco-tribune.com\/wp-content\/uploads\/2022\/07\/laurent-puons-ricky-wittle.jpg 1020w\" sizes=\"auto, (max-width: 683px) 100vw, 683px\" \/><figcaption><em>\u00a9 Monte-Carlo Television Festival<\/em><\/figcaption><\/figure>\n<\/div>\n\n\n<p><strong>LEGGI ANCHE: <a href=\"https:\/\/www.monaco-tribune.com\/it\/2022\/06\/foto-la-principessa-charlene-e-il-principe-alberto-ii-al-festival-della-televisione-di-monte-carlo\/\">FOTO. La Principessa Charl\u00e8ne e il Principe Alberto II al Festival della Televisione di Monte-Carlo<\/a><\/strong><\/p>\n\n\n\n<p>Mentre ci chiediamo quali sono state le sue scoperte preferite del Festival, il grande fan di <em>The Walking Dead<\/em>, <em>Braquo <\/em>ed <em>Engrenages<\/em> si \u00e8 innamorato inaspettatamente di due programmi: &#8220;Forse vi stupir\u00f2, ma ho molto apprezzato il documentario presentato da Jean-Charles Vinaj [<em>Souffles de vie<\/em>]. Credo fortemente nella tutela dell&#8217;ambiente e degli oceani. Questo film ci mostra ancora una volta che la situazione \u00e8 grave e che se non facciamo nulla andr\u00e0 sempre peggio.<\/p>\n\n\n\n<p>\u00c8 ora che tutto il mondo faccia la sua parte e che i capi di governo prendano davvero in considerazione questo problema. Abbiamo la fortuna di essere governati dal primo capo di Stato che l&#8217;ha capito. [\u2026] Una serie che mi \u00e8 molto piaciuta \u00e8 quella che ha aperto il Festival, <em>Last Light<\/em>, che si collega al documentario. La serie parla di terrorismo ambientale e descrive un mondo fittizio che per\u00f2 si avvicina molto alla realt\u00e0. Non \u00e8 da escludere che dei cittadini possano iniziare ad agire al posto di alcuni governi&#8221;.<\/p>\n\n\n\n<p><strong>LEGGI ANCHE: <a href=\"https:\/\/www.monaco-tribune.com\/it\/2022\/06\/i-14-vincitori-del-festival-della-televisione-di-monte-carlo-2022\/\">I 14 vincitori del Festival della Televisione di Monte-Carlo 2022<\/a><\/strong><\/p>\n\n\n\n<p>Dopo la fine della 61\u00aa edizione del Festival, Laurent Puons e il suo team guardano al futuro. Il prossimo progetto importante sar\u00e0 &#8220;organizzare il primo evento SPORTEL a Bali a febbraio 2023, oltre a quello di Monaco e Miami. Siamo stati contattati da un&#8217;azienda indonesiana, a conferma della notoriet\u00e0 crescente dei nostri eventi e del nostro marchio.<\/p>\n\n\n\n<p>Stiamo valutando di realizzare un progetto simile in America del Sud per la fine del 2023 e stiamo organizzando eventi anche per clienti esterni. La nuova sfida di Monaco Mediax \u00e8 sviluppare la filiale che si occupa di prestazione di servizi Monaco Mediax Events e aumentare la presenza di SPORTEL all&#8217;estero, nei vari mercati e continenti&#8221;, ha poi aggiunto.<\/p>\n\n\n\n<p>Ma cosa succeder\u00e0 quando l&#8217;avventura di Mediax volger\u00e0 al termine? Nulla di cui preoccuparsi. Laurent Puons ha spiegato: &#8220;Amo molto il mio lavoro e ci metto tanta passione. Ho un team molto partecipe al mio fianco che mi d\u00e0 grandi soddisfazioni. Ma bisogna sapere quando smettere. Il giorno in cui metter\u00f2 da parte la mia carriera, mi dedicher\u00f2 all&#8217;Ironman, alla mia famiglia e a tante altre cose. La mia fortuna \u00e8 che non mi annoio mai&#8221;.<\/p>\n","protected":false},"excerpt":{"rendered":"<p>Il CEO di Monaco Mediax ha parlato del percorso a dir poco sorprendente che l&#8217;ha portato al vertice del Festival [&hellip;]<\/p>\n","protected":false},"author":60,"featured_media":130691,"comment_status":"closed","ping_status":"closed","sticky":false,"template":"","format":"standard","meta":{"_acf_changed":false,"footnotes":""},"categories":[1739,1826,1738],"tags":[],"post_sectags":[],"post_format":[2480],"class_list":["post-131223","post","type-post","status-publish","format-standard","has-post-thumbnail","hentry","category-business-it","category-la-nostra-scelta","category-notizie","format-profilo"],"acf":[],"yoast_head":"<!-- This site is optimized with the Yoast SEO Premium plugin v26.8 (Yoast SEO v27.5) - https:\/\/yoast.com\/product\/yoast-seo-premium-wordpress\/ -->\n<title>Laurent Puons, un amante delle sfide<\/title>\n<meta name=\"description\" content=\"Il CEO di Monaco Mediax ha parlato del percorso a dir poco sorprendente che l&#039;ha portato al vertice del Festival della Televisione di Monte-Carlo e degli\" \/>\n<meta name=\"robots\" content=\"index, follow, max-snippet:-1, max-image-preview:large, max-video-preview:-1\" \/>\n<link rel=\"canonical\" href=\"https:\/\/www.monaco-tribune.com\/it\/2022\/07\/laurent-puons-un-amante-delle-sfide\/\" \/>\n<meta property=\"og:locale\" content=\"it_IT\" \/>\n<meta property=\"og:type\" content=\"article\" \/>\n<meta property=\"og:title\" content=\"Laurent Puons, un amante delle sfide - Monaco Tribune\" \/>\n<meta property=\"og:description\" content=\"Il CEO di Monaco Mediax ha parlato del percorso a dir poco sorprendente che l&#039;ha portato al vertice del Festival della Televisione di Monte-Carlo e degli\" \/>\n<meta property=\"og:url\" content=\"https:\/\/www.monaco-tribune.com\/it\/2022\/07\/laurent-puons-un-amante-delle-sfide\/\" \/>\n<meta property=\"og:site_name\" content=\"Monaco Tribune\" \/>\n<meta property=\"article:publisher\" content=\"https:\/\/www.facebook.com\/MonacoTribune\" \/>\n<meta property=\"article:published_time\" content=\"2022-07-19T18:35:43+00:00\" \/>\n<meta property=\"article:modified_time\" content=\"2022-07-20T09:35:36+00:00\" \/>\n<meta property=\"og:image\" content=\"https:\/\/www.monaco-tribune.com\/wp-content\/uploads\/2022\/07\/laurent-puons.jpg\" \/>\n\t<meta property=\"og:image:width\" content=\"1020\" \/>\n\t<meta property=\"og:image:height\" content=\"680\" \/>\n\t<meta property=\"og:image:type\" content=\"image\/jpeg\" \/>\n<meta name=\"author\" content=\"Camille Esteve\" \/>\n<meta name=\"twitter:card\" content=\"summary_large_image\" \/>\n<meta name=\"twitter:creator\" content=\"@MonacoTribune\" \/>\n<meta name=\"twitter:site\" content=\"@MonacoTribune\" \/>\n<script type=\"application\/ld+json\" class=\"yoast-schema-graph\">{\"@context\":\"https:\\\/\\\/schema.org\",\"@graph\":[{\"@type\":\"NewsArticle\",\"@id\":\"https:\\\/\\\/www.monaco-tribune.com\\\/it\\\/2022\\\/07\\\/laurent-puons-un-amante-delle-sfide\\\/#article\",\"isPartOf\":{\"@id\":\"https:\\\/\\\/www.monaco-tribune.com\\\/it\\\/2022\\\/07\\\/laurent-puons-un-amante-delle-sfide\\\/\"},\"author\":{\"name\":\"Camille Esteve\",\"@id\":\"https:\\\/\\\/www.monaco-tribune.com\\\/it\\\/#\\\/schema\\\/person\\\/a855d420fff4d03637641d60b93ac62e\"},\"headline\":\"Laurent Puons, un amante delle sfide\",\"datePublished\":\"2022-07-19T18:35:43+00:00\",\"dateModified\":\"2022-07-20T09:35:36+00:00\",\"mainEntityOfPage\":{\"@id\":\"https:\\\/\\\/www.monaco-tribune.com\\\/it\\\/2022\\\/07\\\/laurent-puons-un-amante-delle-sfide\\\/\"},\"wordCount\":1115,\"publisher\":{\"@id\":\"https:\\\/\\\/www.monaco-tribune.com\\\/it\\\/#organization\"},\"image\":{\"@id\":\"https:\\\/\\\/www.monaco-tribune.com\\\/it\\\/2022\\\/07\\\/laurent-puons-un-amante-delle-sfide\\\/#primaryimage\"},\"thumbnailUrl\":\"https:\\\/\\\/www.monaco-tribune.com\\\/wp-content\\\/uploads\\\/2022\\\/07\\\/laurent-puons.jpg\",\"articleSection\":[\"Business\",\"La nostra scelta\",\"Notizie\"],\"inLanguage\":\"it-IT\",\"copyrightYear\":\"2022\",\"copyrightHolder\":{\"@id\":\"https:\\\/\\\/www.monaco-tribune.com\\\/#organization\"}},{\"@type\":\"WebPage\",\"@id\":\"https:\\\/\\\/www.monaco-tribune.com\\\/it\\\/2022\\\/07\\\/laurent-puons-un-amante-delle-sfide\\\/\",\"url\":\"https:\\\/\\\/www.monaco-tribune.com\\\/it\\\/2022\\\/07\\\/laurent-puons-un-amante-delle-sfide\\\/\",\"name\":\"Laurent Puons, un amante delle sfide\",\"isPartOf\":{\"@id\":\"https:\\\/\\\/www.monaco-tribune.com\\\/it\\\/#website\"},\"primaryImageOfPage\":{\"@id\":\"https:\\\/\\\/www.monaco-tribune.com\\\/it\\\/2022\\\/07\\\/laurent-puons-un-amante-delle-sfide\\\/#primaryimage\"},\"image\":{\"@id\":\"https:\\\/\\\/www.monaco-tribune.com\\\/it\\\/2022\\\/07\\\/laurent-puons-un-amante-delle-sfide\\\/#primaryimage\"},\"thumbnailUrl\":\"https:\\\/\\\/www.monaco-tribune.com\\\/wp-content\\\/uploads\\\/2022\\\/07\\\/laurent-puons.jpg\",\"datePublished\":\"2022-07-19T18:35:43+00:00\",\"dateModified\":\"2022-07-20T09:35:36+00:00\",\"description\":\"Il CEO di Monaco Mediax ha parlato del percorso a dir poco sorprendente che l'ha portato al vertice del Festival della Televisione di Monte-Carlo e degli\",\"breadcrumb\":{\"@id\":\"https:\\\/\\\/www.monaco-tribune.com\\\/it\\\/2022\\\/07\\\/laurent-puons-un-amante-delle-sfide\\\/#breadcrumb\"},\"inLanguage\":\"it-IT\",\"potentialAction\":[{\"@type\":\"ReadAction\",\"target\":[\"https:\\\/\\\/www.monaco-tribune.com\\\/it\\\/2022\\\/07\\\/laurent-puons-un-amante-delle-sfide\\\/\"]}]},{\"@type\":\"ImageObject\",\"inLanguage\":\"it-IT\",\"@id\":\"https:\\\/\\\/www.monaco-tribune.com\\\/it\\\/2022\\\/07\\\/laurent-puons-un-amante-delle-sfide\\\/#primaryimage\",\"url\":\"https:\\\/\\\/www.monaco-tribune.com\\\/wp-content\\\/uploads\\\/2022\\\/07\\\/laurent-puons.jpg\",\"contentUrl\":\"https:\\\/\\\/www.monaco-tribune.com\\\/wp-content\\\/uploads\\\/2022\\\/07\\\/laurent-puons.jpg\",\"width\":1020,\"height\":680,\"caption\":\"Monte-Carlo Television Festival\"},{\"@type\":\"BreadcrumbList\",\"@id\":\"https:\\\/\\\/www.monaco-tribune.com\\\/it\\\/2022\\\/07\\\/laurent-puons-un-amante-delle-sfide\\\/#breadcrumb\",\"itemListElement\":[{\"@type\":\"ListItem\",\"position\":1,\"name\":\"Accueil\",\"item\":\"https:\\\/\\\/www.monaco-tribune.com\\\/it\\\/\"},{\"@type\":\"ListItem\",\"position\":2,\"name\":\"Laurent Puons, un amante delle sfide\"}]},{\"@type\":\"WebSite\",\"@id\":\"https:\\\/\\\/www.monaco-tribune.com\\\/it\\\/#website\",\"url\":\"https:\\\/\\\/www.monaco-tribune.com\\\/it\\\/\",\"name\":\"Monaco Tribune\",\"description\":\"Monaco : actualit\u00e9s \u00e9conomiques, politiques, culturelles et sportives de Monaco et de la French Riviera.\",\"publisher\":{\"@id\":\"https:\\\/\\\/www.monaco-tribune.com\\\/it\\\/#organization\"},\"potentialAction\":[{\"@type\":\"SearchAction\",\"target\":{\"@type\":\"EntryPoint\",\"urlTemplate\":\"https:\\\/\\\/www.monaco-tribune.com\\\/it\\\/?s={search_term_string}\"},\"query-input\":{\"@type\":\"PropertyValueSpecification\",\"valueRequired\":true,\"valueName\":\"search_term_string\"}}],\"inLanguage\":\"it-IT\"},{\"@type\":\"Organization\",\"@id\":\"https:\\\/\\\/www.monaco-tribune.com\\\/it\\\/#organization\",\"name\":\"Monaco Tribune\",\"url\":\"https:\\\/\\\/www.monaco-tribune.com\\\/it\\\/\",\"logo\":{\"@type\":\"ImageObject\",\"inLanguage\":\"it-IT\",\"@id\":\"https:\\\/\\\/www.monaco-tribune.com\\\/it\\\/#\\\/schema\\\/logo\\\/image\\\/\",\"url\":\"https:\\\/\\\/www.monaco-tribune.com\\\/wp-content\\\/uploads\\\/2022\\\/11\\\/logo-monaco-tribune.png\",\"contentUrl\":\"https:\\\/\\\/www.monaco-tribune.com\\\/wp-content\\\/uploads\\\/2022\\\/11\\\/logo-monaco-tribune.png\",\"width\":1548,\"height\":600,\"caption\":\"Monaco Tribune\"},\"image\":{\"@id\":\"https:\\\/\\\/www.monaco-tribune.com\\\/it\\\/#\\\/schema\\\/logo\\\/image\\\/\"},\"sameAs\":[\"https:\\\/\\\/www.facebook.com\\\/MonacoTribune\",\"https:\\\/\\\/x.com\\\/MonacoTribune\",\"https:\\\/\\\/www.instagram.com\\\/monacotribune\\\/\",\"https:\\\/\\\/www.linkedin.com\\\/company\\\/monaco-tribune\",\"https:\\\/\\\/www.youtube.com\\\/channel\\\/UCHle1MnG6hw1y4lWKijVbMA\"]},{\"@type\":\"Person\",\"@id\":\"https:\\\/\\\/www.monaco-tribune.com\\\/it\\\/#\\\/schema\\\/person\\\/a855d420fff4d03637641d60b93ac62e\",\"name\":\"Camille Esteve\",\"image\":{\"@type\":\"ImageObject\",\"inLanguage\":\"it-IT\",\"@id\":\"https:\\\/\\\/secure.gravatar.com\\\/avatar\\\/eaaa2355a7bb56c0018a391c20a55bf9b4690e3f493231dd850e612bfa6ce161?s=96&d=mm&r=g\",\"url\":\"https:\\\/\\\/secure.gravatar.com\\\/avatar\\\/eaaa2355a7bb56c0018a391c20a55bf9b4690e3f493231dd850e612bfa6ce161?s=96&d=mm&r=g\",\"contentUrl\":\"https:\\\/\\\/secure.gravatar.com\\\/avatar\\\/eaaa2355a7bb56c0018a391c20a55bf9b4690e3f493231dd850e612bfa6ce161?s=96&d=mm&r=g\",\"caption\":\"Camille Esteve\"},\"url\":\"https:\\\/\\\/www.monaco-tribune.com\\\/it\\\/author\\\/camilleesteve\\\/\"}]}<\/script>\n<!-- \/ Yoast SEO Premium plugin. -->","yoast_head_json":{"title":"Laurent Puons, un amante delle sfide","description":"Il CEO di Monaco Mediax ha parlato del percorso a dir poco sorprendente che l'ha portato al vertice del Festival della Televisione di Monte-Carlo e degli","robots":{"index":"index","follow":"follow","max-snippet":"max-snippet:-1","max-image-preview":"max-image-preview:large","max-video-preview":"max-video-preview:-1"},"canonical":"https:\/\/www.monaco-tribune.com\/it\/2022\/07\/laurent-puons-un-amante-delle-sfide\/","og_locale":"it_IT","og_type":"article","og_title":"Laurent Puons, un amante delle sfide - Monaco Tribune","og_description":"Il CEO di Monaco Mediax ha parlato del percorso a dir poco sorprendente che l'ha portato al vertice del Festival della Televisione di Monte-Carlo e degli","og_url":"https:\/\/www.monaco-tribune.com\/it\/2022\/07\/laurent-puons-un-amante-delle-sfide\/","og_site_name":"Monaco Tribune","article_publisher":"https:\/\/www.facebook.com\/MonacoTribune","article_published_time":"2022-07-19T18:35:43+00:00","article_modified_time":"2022-07-20T09:35:36+00:00","og_image":[{"width":1020,"height":680,"url":"https:\/\/www.monaco-tribune.com\/wp-content\/uploads\/2022\/07\/laurent-puons.jpg","type":"image\/jpeg"}],"author":"Camille Esteve","twitter_card":"summary_large_image","twitter_creator":"@MonacoTribune","twitter_site":"@MonacoTribune","schema":{"@context":"https:\/\/schema.org","@graph":[{"@type":"NewsArticle","@id":"https:\/\/www.monaco-tribune.com\/it\/2022\/07\/laurent-puons-un-amante-delle-sfide\/#article","isPartOf":{"@id":"https:\/\/www.monaco-tribune.com\/it\/2022\/07\/laurent-puons-un-amante-delle-sfide\/"},"author":{"name":"Camille Esteve","@id":"https:\/\/www.monaco-tribune.com\/it\/#\/schema\/person\/a855d420fff4d03637641d60b93ac62e"},"headline":"Laurent Puons, un amante delle sfide","datePublished":"2022-07-19T18:35:43+00:00","dateModified":"2022-07-20T09:35:36+00:00","mainEntityOfPage":{"@id":"https:\/\/www.monaco-tribune.com\/it\/2022\/07\/laurent-puons-un-amante-delle-sfide\/"},"wordCount":1115,"publisher":{"@id":"https:\/\/www.monaco-tribune.com\/it\/#organization"},"image":{"@id":"https:\/\/www.monaco-tribune.com\/it\/2022\/07\/laurent-puons-un-amante-delle-sfide\/#primaryimage"},"thumbnailUrl":"https:\/\/www.monaco-tribune.com\/wp-content\/uploads\/2022\/07\/laurent-puons.jpg","articleSection":["Business","La nostra scelta","Notizie"],"inLanguage":"it-IT","copyrightYear":"2022","copyrightHolder":{"@id":"https:\/\/www.monaco-tribune.com\/#organization"}},{"@type":"WebPage","@id":"https:\/\/www.monaco-tribune.com\/it\/2022\/07\/laurent-puons-un-amante-delle-sfide\/","url":"https:\/\/www.monaco-tribune.com\/it\/2022\/07\/laurent-puons-un-amante-delle-sfide\/","name":"Laurent Puons, un amante delle sfide","isPartOf":{"@id":"https:\/\/www.monaco-tribune.com\/it\/#website"},"primaryImageOfPage":{"@id":"https:\/\/www.monaco-tribune.com\/it\/2022\/07\/laurent-puons-un-amante-delle-sfide\/#primaryimage"},"image":{"@id":"https:\/\/www.monaco-tribune.com\/it\/2022\/07\/laurent-puons-un-amante-delle-sfide\/#primaryimage"},"thumbnailUrl":"https:\/\/www.monaco-tribune.com\/wp-content\/uploads\/2022\/07\/laurent-puons.jpg","datePublished":"2022-07-19T18:35:43+00:00","dateModified":"2022-07-20T09:35:36+00:00","description":"Il CEO di Monaco Mediax ha parlato del percorso a dir poco sorprendente che l'ha portato al vertice del Festival della Televisione di Monte-Carlo e degli","breadcrumb":{"@id":"https:\/\/www.monaco-tribune.com\/it\/2022\/07\/laurent-puons-un-amante-delle-sfide\/#breadcrumb"},"inLanguage":"it-IT","potentialAction":[{"@type":"ReadAction","target":["https:\/\/www.monaco-tribune.com\/it\/2022\/07\/laurent-puons-un-amante-delle-sfide\/"]}]},{"@type":"ImageObject","inLanguage":"it-IT","@id":"https:\/\/www.monaco-tribune.com\/it\/2022\/07\/laurent-puons-un-amante-delle-sfide\/#primaryimage","url":"https:\/\/www.monaco-tribune.com\/wp-content\/uploads\/2022\/07\/laurent-puons.jpg","contentUrl":"https:\/\/www.monaco-tribune.com\/wp-content\/uploads\/2022\/07\/laurent-puons.jpg","width":1020,"height":680,"caption":"Monte-Carlo Television Festival"},{"@type":"BreadcrumbList","@id":"https:\/\/www.monaco-tribune.com\/it\/2022\/07\/laurent-puons-un-amante-delle-sfide\/#breadcrumb","itemListElement":[{"@type":"ListItem","position":1,"name":"Accueil","item":"https:\/\/www.monaco-tribune.com\/it\/"},{"@type":"ListItem","position":2,"name":"Laurent Puons, un amante delle sfide"}]},{"@type":"WebSite","@id":"https:\/\/www.monaco-tribune.com\/it\/#website","url":"https:\/\/www.monaco-tribune.com\/it\/","name":"Monaco Tribune","description":"Monaco : actualit\u00e9s \u00e9conomiques, politiques, culturelles et sportives de Monaco et de la French Riviera.","publisher":{"@id":"https:\/\/www.monaco-tribune.com\/it\/#organization"},"potentialAction":[{"@type":"SearchAction","target":{"@type":"EntryPoint","urlTemplate":"https:\/\/www.monaco-tribune.com\/it\/?s={search_term_string}"},"query-input":{"@type":"PropertyValueSpecification","valueRequired":true,"valueName":"search_term_string"}}],"inLanguage":"it-IT"},{"@type":"Organization","@id":"https:\/\/www.monaco-tribune.com\/it\/#organization","name":"Monaco Tribune","url":"https:\/\/www.monaco-tribune.com\/it\/","logo":{"@type":"ImageObject","inLanguage":"it-IT","@id":"https:\/\/www.monaco-tribune.com\/it\/#\/schema\/logo\/image\/","url":"https:\/\/www.monaco-tribune.com\/wp-content\/uploads\/2022\/11\/logo-monaco-tribune.png","contentUrl":"https:\/\/www.monaco-tribune.com\/wp-content\/uploads\/2022\/11\/logo-monaco-tribune.png","width":1548,"height":600,"caption":"Monaco Tribune"},"image":{"@id":"https:\/\/www.monaco-tribune.com\/it\/#\/schema\/logo\/image\/"},"sameAs":["https:\/\/www.facebook.com\/MonacoTribune","https:\/\/x.com\/MonacoTribune","https:\/\/www.instagram.com\/monacotribune\/","https:\/\/www.linkedin.com\/company\/monaco-tribune","https:\/\/www.youtube.com\/channel\/UCHle1MnG6hw1y4lWKijVbMA"]},{"@type":"Person","@id":"https:\/\/www.monaco-tribune.com\/it\/#\/schema\/person\/a855d420fff4d03637641d60b93ac62e","name":"Camille Esteve","image":{"@type":"ImageObject","inLanguage":"it-IT","@id":"https:\/\/secure.gravatar.com\/avatar\/eaaa2355a7bb56c0018a391c20a55bf9b4690e3f493231dd850e612bfa6ce161?s=96&d=mm&r=g","url":"https:\/\/secure.gravatar.com\/avatar\/eaaa2355a7bb56c0018a391c20a55bf9b4690e3f493231dd850e612bfa6ce161?s=96&d=mm&r=g","contentUrl":"https:\/\/secure.gravatar.com\/avatar\/eaaa2355a7bb56c0018a391c20a55bf9b4690e3f493231dd850e612bfa6ce161?s=96&d=mm&r=g","caption":"Camille Esteve"},"url":"https:\/\/www.monaco-tribune.com\/it\/author\/camilleesteve\/"}]}},"_links":{"self":[{"href":"https:\/\/www.monaco-tribune.com\/it\/wp-json\/wp\/v2\/posts\/131223","targetHints":{"allow":["GET"]}}],"collection":[{"href":"https:\/\/www.monaco-tribune.com\/it\/wp-json\/wp\/v2\/posts"}],"about":[{"href":"https:\/\/www.monaco-tribune.com\/it\/wp-json\/wp\/v2\/types\/post"}],"author":[{"embeddable":true,"href":"https:\/\/www.monaco-tribune.com\/it\/wp-json\/wp\/v2\/users\/60"}],"replies":[{"embeddable":true,"href":"https:\/\/www.monaco-tribune.com\/it\/wp-json\/wp\/v2\/comments?post=131223"}],"version-history":[{"count":0,"href":"https:\/\/www.monaco-tribune.com\/it\/wp-json\/wp\/v2\/posts\/131223\/revisions"}],"wp:featuredmedia":[{"embeddable":true,"href":"https:\/\/www.monaco-tribune.com\/it\/wp-json\/wp\/v2\/media\/130691"}],"wp:attachment":[{"href":"https:\/\/www.monaco-tribune.com\/it\/wp-json\/wp\/v2\/media?parent=131223"}],"wp:term":[{"taxonomy":"category","embeddable":true,"href":"https:\/\/www.monaco-tribune.com\/it\/wp-json\/wp\/v2\/categories?post=131223"},{"taxonomy":"post_tag","embeddable":true,"href":"https:\/\/www.monaco-tribune.com\/it\/wp-json\/wp\/v2\/tags?post=131223"},{"taxonomy":"sectag","embeddable":true,"href":"https:\/\/www.monaco-tribune.com\/it\/wp-json\/wp\/v2\/post_sectags?post=131223"},{"taxonomy":"format","embeddable":true,"href":"https:\/\/www.monaco-tribune.com\/it\/wp-json\/wp\/v2\/post_format?post=131223"}],"curies":[{"name":"wp","href":"https:\/\/api.w.org\/{rel}","templated":true}]}}