{"id":131448,"date":"2022-07-20T15:57:54","date_gmt":"2022-07-20T13:57:54","guid":{"rendered":"https:\/\/www.monaco-tribune.com\/2022\/07\/il-roca-team-si-prepara-a-far-parte-dei-big-del-basket\/"},"modified":"2022-07-20T17:00:07","modified_gmt":"2022-07-20T15:00:07","slug":"il-roca-team-si-prepara-a-far-parte-dei-big-del-basket","status":"publish","type":"post","link":"https:\/\/www.monaco-tribune.com\/it\/2022\/07\/il-roca-team-si-prepara-a-far-parte-dei-big-del-basket\/","title":{"rendered":"Il Roca Team \u00e8 pronto a far parte dei grandi del basket?"},"content":{"rendered":"\n<p><strong>Dopo una stagione promettente essendo arrivata nuovamente in finale al campionato di Francia e soprattutto per la prima volta ai quarti di finale dell&#8217;Eurolega, il Roca Team sta creando una squadra d&#8217;eccezione con un budget che toccherebbe i 20 milioni di euro. La prossima stagione ci far\u00e0 sognare.<\/strong>\r\n\r\n&nbsp;<\/p>\n\n\n\n<p>Sono passati quasi dieci anni da quando l&#8217;AS Monaco Basket \u00e8 stata acquistata da Sergey Dyadechko. Quanta strada ha fatto la squadra collezionando vittorie, scalando classifiche e soprattutto mantenendo intatte le proprie ambizioni, che anzi crescono sempre di pi\u00f9.<\/p>\n\n\n\n<p>Dopo aver vinto tre volte la Leaders Cup (2016, 2017 e 2018) e una volta l&#8217;Eurocup (2021), il Roca Team vuole arricchire ulteriormente il suo scaffale dei trofei avendo in mente un obiettivo ben preciso: ottenere il titolo di campioni di Francia. <a href=\"https:\/\/www.monaco-tribune.com\/it\/2022\/06\/betclic-elite-finali-il-roca-team-perde-il-titolo-per-un-soffio\/\">La scorsa stagione questo trofeo \u00e8 <\/a><a href=\"https:\/\/www.monaco-tribune.com\/it\/2022\/06\/betclic-elite-finali-il-roca-team-perde-il-titolo-per-un-soffio\/\">sfuggito <\/a><a href=\"https:\/\/www.monaco-tribune.com\/it\/2022\/06\/betclic-elite-finali-il-roca-team-perde-il-titolo-per-un-soffio\/\">al Monaco<\/a> per la quarta volta nella storia del club (1950, 2018, 2019 e 2022).<\/p>\n\n\n\n<h2 class=\"wp-block-heading\" id=\"h-un-aumento-del-budget\">Un aumento del budget<\/h2>\n\n\n\n<p>&#8220;Il titolo di campioni di Francia ci manca e senza ombra di dubbio vogliamo vincerlo&#8221;, ha dichiarato Oleksiy Yefimov mentre esponeva le aspirazioni del club. &#8220;La scorsa stagione abbiamo alzato l&#8217;asticella cos\u00ec tanto all&#8217;Eurolega che sar\u00e0 molto difficile mantenere lo stesso livello, soprattutto se consideriamo che la maggior parte dei club ha aumentato il proprio budget per formare delle squadre pi\u00f9 forti. Il nostro obiettivo sar\u00e0 partecipare nuovamente ai play-off&#8221;.<\/p>\n\n\n<div class=\"wp-block-image\">\n<figure class=\"aligncenter size-full\"><img loading=\"lazy\" decoding=\"async\" width=\"1024\" height=\"642\" src=\"https:\/\/www.monaco-tribune.com\/wp-content\/uploads\/2021\/05\/mka-interview-yefimov-6-min.jpg\" alt=\"Oleksiy Yefimov\" class=\"wp-image-79510\" srcset=\"https:\/\/www.monaco-tribune.com\/wp-content\/uploads\/2021\/05\/mka-interview-yefimov-6-min.jpg 1024w, https:\/\/www.monaco-tribune.com\/wp-content\/uploads\/2021\/05\/mka-interview-yefimov-6-min-479x300.jpg 479w, https:\/\/www.monaco-tribune.com\/wp-content\/uploads\/2021\/05\/mka-interview-yefimov-6-min-239x150.jpg 239w, https:\/\/www.monaco-tribune.com\/wp-content\/uploads\/2021\/05\/mka-interview-yefimov-6-min-768x482.jpg 768w, https:\/\/www.monaco-tribune.com\/wp-content\/uploads\/2021\/05\/mka-interview-yefimov-6-min-175x110.jpg 175w\" sizes=\"auto, (max-width: 1024px) 100vw, 1024px\" \/><figcaption>Oleksiy Yefimov \u00e8 impegnato a formare la sua squadra \/ \u00a9AS Monaco Basket <\/figcaption><\/figure>\n<\/div>\n\n\n<p>Con un budget stimato di 20 milioni di euro, contro i 14 milioni della scorsa stagione (che erano gi\u00e0 stati un record) l&#8217;AS Monaco Basket e Aleksej Fedoricsev si sono procurati i mezzi necessari per perseguire le loro ambizioni senza esagerare e con un po&#8217; di ingegno, come spiega il direttore esecutivo del club.<\/p>\n\n\n\n<blockquote class=\"wp-block-quote is-layout-flow wp-block-quote-is-layout-flow\"><p>Il Roca Team \u00e8 diventato il marchio di basket pi\u00f9 famoso in Francia, prima dell&#8217;ASVEL e del Limoges.<\/p><cite>Oleksiy Yefimov<\/cite><\/blockquote>\n\n\n\n<p>&#8220;Aleksej Fedoricsev si sta impegnando al massimo in questo progetto ed \u00e8 pronto ad aumentare il suo contributo economico&#8221;, ha affermato. &#8220;Anche il Governo di Monaco ci sta aiutando parecchio, ma secondo le regole del fair-play finanziario dell&#8217;Eurolega, gli azionisti dei club non possono rappresentare pi\u00f9 del 50% della fonte del budget totale. Stiamo creando infatti un reparto destinato alle operazioni commerciali che avr\u00e0 come obiettivo quello di aumentare le entrate del club&#8221;.<\/p>\n\n\n\n<p>Un aumento delle entrate potrebbe far diventare il Monaco uno dei club pi\u00f9 ricchi dell&#8217;Eurolega. La scorsa stagione il budget del club monegasco era il quattordicesimo in classifica sui diciotto club in gara. Questo dato non ha per\u00f2 impedito al Roca Team di <a href=\"https:\/\/www.monaco-tribune.com\/it\/2022\/05\/eurolega-il-roca-team-cede-a-un-passo-dalla-final-four\/\">arrivare ai quarti di finale<\/a> nonostante fosse la prima volta che partecipava alla competizione.<\/p>\n\n\n\n<h2 class=\"wp-block-heading\">Delle new entry interessanti<\/h2>\n\n\n\n<p>&#8220;Negli ultimi dodici mesi siamo passati da essere una squadra anonima a una squadra candidata alla Final Four&#8221;, ha commentato Oleksiy Yefimov. &#8220;L&#8217;epico scontro ai quarti di finale contro gli Olympiakos ha suscitato un notevole interesse in Francia (attirando 4 milioni di telespettatori, n. d. r.) e in tutta Europa. Secondo i recenti rapporti sui consumatori, il Roca Team \u00e8 diventato il marchio di basket pi\u00f9 famoso in Francia, prima dell&#8217;ASVEL e del Limoges&#8221;, due club storici del basket francese.<\/p>\n\n\n<div class=\"wp-block-image\">\n<figure class=\"aligncenter size-full\"><img loading=\"lazy\" decoding=\"async\" width=\"1024\" height=\"591\" src=\"https:\/\/www.monaco-tribune.com\/wp-content\/uploads\/2022\/04\/mike-james-roca-team-1.jpeg\" alt=\"Mike-James-Roca-Team\" class=\"wp-image-116687\" srcset=\"https:\/\/www.monaco-tribune.com\/wp-content\/uploads\/2022\/04\/mike-james-roca-team-1.jpeg 1024w, https:\/\/www.monaco-tribune.com\/wp-content\/uploads\/2022\/04\/mike-james-roca-team-1-520x300.jpeg 520w\" sizes=\"auto, (max-width: 1024px) 100vw, 1024px\" \/><figcaption>&nbsp;Mike James, una star del basket a Monaco \/ \u00a9AS Monaco Basket<\/figcaption><\/figure>\n<\/div>\n\n\n<p>L&#8217;interesse del pubblico nei confronti del club dovrebbe intensificarsi la prossima stagione. Dopo l&#8217;arrivo della star americana Mike James, che ha consentito alla squadra di acquisire visibilit\u00e0 e di catturare l&#8217;attenzione mediatica, i nuovi ingaggi di top player potrebbero aumentare ulteriormente il prestigio del Roca Team. I&nbsp;dirigenti dell&#8217;ASM Basket hanno sfoderato l&#8217;artiglieria pesante con Elie Okobo, Jordan Loyd, John Brown e Jaron Blossomgame. E non \u00e8 finita qui.<\/p>\n\n\n\n<blockquote class=\"wp-block-quote is-layout-flow wp-block-quote-is-layout-flow\"><p>La firma di Elie Okobo, che era nel mirino del Barcellona, del Real Madrid e del Fenerbah\u00e7e, indica chiaramente la nostra volont\u00e0 di rinforzare la squadra con giocatori formati sul posto di alto livello.<\/p><cite>Oleksiy Yefimov<\/cite><\/blockquote>\n\n\n\n<p>&#8220;L&#8217;unica possibilit\u00e0 che avevamo la scorsa stagione per rimanere in Eurolega era qualificarci per i play-off (Il Roca Team aveva ottenuto l&#8217;invito per partecipare alla gara&nbsp; con la vittoria dell&#8217;Eurocup, poich\u00e9 il club non dispone di una wild-card permanente come l&#8217;ASVEL). Ci siamo quindi assunti il rischio di ingaggiare dieci giocatori stranieri&#8221;, ha sottolineato il direttore esecutivo, ormai orientato verso la scelta di giocatori locali.<\/p>\n\n\n\n<p><strong>LEGGI ANCHE:<\/strong> <a href=\"https:\/\/www.monaco-tribune.com\/it\/2021\/05\/oleksiy-yefimov-il-giovane-architetto-del-roca-team\/\">Oleksiy Yefimov, il giovane architetto del Roca Team<\/a><\/p>\n\n\n\n<p>Stiamo cercando di trovare un migliore equilibrio tra i giocatori stranieri e i giocatori formati sul posto. La firma di Elie Okobo, che aveva gi\u00e0 dimostrato di essere il MVP delle finali francesi ed era nel mirino del Barcellona, del Real Madrid e del Fenerbah\u00e7e, indica chiaramente la nostra volont\u00e0 di rinforzare la squadra con giocatori formati sul posto di alto livello.<\/p>\n\n\n\n<h2 class=\"wp-block-heading\">Un progetto a lungo termine<\/h2>\n\n\n\n<p>La politica di ingaggio sar\u00e0 affiancata da una politica di continuit\u00e0, come dimostrato dall&#8217;estensione del contratto ad altre tre stagioni per l&#8217;allenatore Sasa Obradovic, artefice dei successi monegaschi, ma anche del contratto di Mike James.<\/p>\n\n\n\n<p>&#8220;Ci fidiamo ciecamente di Sasa Obradovic&#8221;, ha dichiarato il giovane architetto del Roca Team. &#8220;Sono gi\u00e0 due volte che recupera la squadra in corso di stagione e riesce a risollevarla! \u00c8 profondamente legato al Roca Team e al Principato di Monaco. Sasa ha il cuore bianco rosso e le radici piantate a Monaco&#8221;.<\/p>\n\n\n<div class=\"wp-block-image\">\n<figure class=\"aligncenter size-full\"><img loading=\"lazy\" decoding=\"async\" width=\"1024\" height=\"572\" src=\"https:\/\/www.monaco-tribune.com\/wp-content\/uploads\/2022\/07\/sasa-obradovic.jpg\" alt=\"Sasa-Obradovic\" class=\"wp-image-130100\" srcset=\"https:\/\/www.monaco-tribune.com\/wp-content\/uploads\/2022\/07\/sasa-obradovic.jpg 1024w, https:\/\/www.monaco-tribune.com\/wp-content\/uploads\/2022\/07\/sasa-obradovic-537x300.jpg 537w\" sizes=\"auto, (max-width: 1024px) 100vw, 1024px\" \/><figcaption>&nbsp;Sasa Obradovic viene confermato come allenatore \/ \u00a9AS Monaco Basket <\/figcaption><\/figure>\n<\/div>\n\n\n<p>La strategia della continuit\u00e0 si applica anche ai giocatori. &#8220;Nelle stagioni precedenti abbiamo ricevuto critiche perch\u00e9 dopo ogni stagione di successo non potevamo tenere i nostri giocatori principali. Il fatto che Mike James rester\u00e0 con noi nel lungo periodo lancia un messaggio chiaro e forte alla comunit\u00e0: vogliamo continuit\u00e0 nella squadra. La nostra strategia di mercato si baser\u00e0 infatti sull&#8217;idea di stipulare contratti a lungo termine con i giocatori&#8221;.<\/p>\n\n\n\n<blockquote class=\"wp-block-quote is-layout-flow wp-block-quote-is-layout-flow\"><p>Vogliamo continuit\u00e0 nella squadra. La nostra strategia di mercato si baser\u00e0 sull&#8217;idea di stipulare contratti a lungo termine con i giocatori.<\/p><cite>Oleksiy Yefimov<\/cite><\/blockquote>\n\n\n\n<p>Questa evidente stabilit\u00e0 dovrebbe tradursi presto nella presenza permanente in Eurolega, un traguardo importante al quale l&#8217;AS Monaco Basket sembra avvicinarsi. &#8220;Il nostro obiettivo principale \u00e8 diventare azionisti dell&#8217;Eurolega, ma prima cercheremo di ottenere una wild-card valida per pi\u00f9 anni&#8221;, ha rivelato Oleksiy Yefimov.<\/p>\n\n\n\n<p>&#8220;Perci\u00f2 dobbiamo dimostrare che il Monaco ha un progetto solido e duraturo con una prospettiva di sviluppo a lungo termine a livello sportivo, economico e infrastrutturale&#8221;. Per fortuna anche l&#8217;ultimo ostacolo alla famosa wild-card sar\u00e0 presto superato.<\/p>\n\n\n\n<p>&#8220;A settembre potremo accogliere i tifosi in una palestra con 5.000 posti a sedere, evitando cos\u00ec qualsiasi contrasto con la capacit\u00e0 minima richiesta dall&#8217;Eurolega. Il Governo di Monaco fa i miracoli&#8221;. E anche il Roca Team. Ed \u00e8 solo l&#8217;inizio.<\/p>\n","protected":false},"excerpt":{"rendered":"<p>Dopo una stagione promettente essendo arrivata nuovamente in finale al campionato di Francia e soprattutto per la prima volta ai [&hellip;]<\/p>\n","protected":false},"author":24,"featured_media":131204,"comment_status":"closed","ping_status":"closed","sticky":false,"template":"","format":"standard","meta":{"_acf_changed":false,"footnotes":""},"categories":[1826,1738,1743],"tags":[3001],"post_sectags":[],"post_format":[2478],"class_list":["post-131448","post","type-post","status-publish","format-standard","has-post-thumbnail","hentry","category-la-nostra-scelta","category-notizie","category-sport-it","tag-roca-team-it","format-notizia"],"acf":[],"yoast_head":"<!-- This site is optimized with the Yoast SEO Premium plugin v26.8 (Yoast SEO v27.5) - https:\/\/yoast.com\/product\/yoast-seo-premium-wordpress\/ -->\n<title>Il Roca Team \u00e8 pronto a far parte dei grandi del basket?<\/title>\n<meta name=\"description\" content=\"Dopo una stagione promettente essendo arrivata nuovamente in finale al campionato di Francia e soprattutto per la prima volta ai quarti di finale\" \/>\n<meta name=\"robots\" content=\"index, follow, max-snippet:-1, max-image-preview:large, max-video-preview:-1\" \/>\n<link rel=\"canonical\" href=\"https:\/\/www.monaco-tribune.com\/it\/2022\/07\/il-roca-team-si-prepara-a-far-parte-dei-big-del-basket\/\" \/>\n<meta property=\"og:locale\" content=\"it_IT\" \/>\n<meta property=\"og:type\" content=\"article\" \/>\n<meta property=\"og:title\" content=\"Il Roca Team \u00e8 pronto a far parte dei grandi del basket? - Monaco Tribune\" \/>\n<meta property=\"og:description\" content=\"Dopo una stagione promettente essendo arrivata nuovamente in finale al campionato di Francia e soprattutto per la prima volta ai quarti di finale\" \/>\n<meta property=\"og:url\" content=\"https:\/\/www.monaco-tribune.com\/it\/2022\/07\/il-roca-team-si-prepara-a-far-parte-dei-big-del-basket\/\" \/>\n<meta property=\"og:site_name\" content=\"Monaco Tribune\" \/>\n<meta property=\"article:publisher\" content=\"https:\/\/www.facebook.com\/MonacoTribune\" \/>\n<meta property=\"article:published_time\" content=\"2022-07-20T13:57:54+00:00\" \/>\n<meta property=\"article:modified_time\" content=\"2022-07-20T15:00:07+00:00\" \/>\n<meta property=\"og:image\" content=\"https:\/\/www.monaco-tribune.com\/wp-content\/uploads\/2022\/07\/gaston-me\u0301decin.jpeg\" \/>\n\t<meta property=\"og:image:width\" content=\"1024\" \/>\n\t<meta property=\"og:image:height\" content=\"614\" \/>\n\t<meta property=\"og:image:type\" content=\"image\/jpeg\" \/>\n<meta name=\"author\" content=\"Romain Boisaubert\" \/>\n<meta name=\"twitter:card\" content=\"summary_large_image\" \/>\n<meta name=\"twitter:creator\" content=\"@MonacoTribune\" \/>\n<meta name=\"twitter:site\" content=\"@MonacoTribune\" \/>\n<script type=\"application\/ld+json\" class=\"yoast-schema-graph\">{\"@context\":\"https:\\\/\\\/schema.org\",\"@graph\":[{\"@type\":\"NewsArticle\",\"@id\":\"https:\\\/\\\/www.monaco-tribune.com\\\/it\\\/2022\\\/07\\\/il-roca-team-si-prepara-a-far-parte-dei-big-del-basket\\\/#article\",\"isPartOf\":{\"@id\":\"https:\\\/\\\/www.monaco-tribune.com\\\/it\\\/2022\\\/07\\\/il-roca-team-si-prepara-a-far-parte-dei-big-del-basket\\\/\"},\"author\":{\"name\":\"Romain Boisaubert\",\"@id\":\"https:\\\/\\\/www.monaco-tribune.com\\\/it\\\/#\\\/schema\\\/person\\\/330a3732947cf8cb41b2533a0eadd62e\"},\"headline\":\"Il Roca Team \u00e8 pronto a far parte dei grandi del basket?\",\"datePublished\":\"2022-07-20T13:57:54+00:00\",\"dateModified\":\"2022-07-20T15:00:07+00:00\",\"mainEntityOfPage\":{\"@id\":\"https:\\\/\\\/www.monaco-tribune.com\\\/it\\\/2022\\\/07\\\/il-roca-team-si-prepara-a-far-parte-dei-big-del-basket\\\/\"},\"wordCount\":1117,\"publisher\":{\"@id\":\"https:\\\/\\\/www.monaco-tribune.com\\\/it\\\/#organization\"},\"image\":{\"@id\":\"https:\\\/\\\/www.monaco-tribune.com\\\/it\\\/2022\\\/07\\\/il-roca-team-si-prepara-a-far-parte-dei-big-del-basket\\\/#primaryimage\"},\"thumbnailUrl\":\"https:\\\/\\\/www.monaco-tribune.com\\\/wp-content\\\/uploads\\\/2022\\\/07\\\/gaston-me\u0301decin.jpeg\",\"keywords\":[\"Roca Team\"],\"articleSection\":[\"La nostra scelta\",\"Notizie\",\"Sport\"],\"inLanguage\":\"it-IT\",\"copyrightYear\":\"2022\",\"copyrightHolder\":{\"@id\":\"https:\\\/\\\/www.monaco-tribune.com\\\/#organization\"}},{\"@type\":\"WebPage\",\"@id\":\"https:\\\/\\\/www.monaco-tribune.com\\\/it\\\/2022\\\/07\\\/il-roca-team-si-prepara-a-far-parte-dei-big-del-basket\\\/\",\"url\":\"https:\\\/\\\/www.monaco-tribune.com\\\/it\\\/2022\\\/07\\\/il-roca-team-si-prepara-a-far-parte-dei-big-del-basket\\\/\",\"name\":\"Il Roca Team \u00e8 pronto a far parte dei grandi del basket?\",\"isPartOf\":{\"@id\":\"https:\\\/\\\/www.monaco-tribune.com\\\/it\\\/#website\"},\"primaryImageOfPage\":{\"@id\":\"https:\\\/\\\/www.monaco-tribune.com\\\/it\\\/2022\\\/07\\\/il-roca-team-si-prepara-a-far-parte-dei-big-del-basket\\\/#primaryimage\"},\"image\":{\"@id\":\"https:\\\/\\\/www.monaco-tribune.com\\\/it\\\/2022\\\/07\\\/il-roca-team-si-prepara-a-far-parte-dei-big-del-basket\\\/#primaryimage\"},\"thumbnailUrl\":\"https:\\\/\\\/www.monaco-tribune.com\\\/wp-content\\\/uploads\\\/2022\\\/07\\\/gaston-me\u0301decin.jpeg\",\"datePublished\":\"2022-07-20T13:57:54+00:00\",\"dateModified\":\"2022-07-20T15:00:07+00:00\",\"description\":\"Dopo una stagione promettente essendo arrivata nuovamente in finale al campionato di Francia e soprattutto per la prima volta ai quarti di finale\",\"breadcrumb\":{\"@id\":\"https:\\\/\\\/www.monaco-tribune.com\\\/it\\\/2022\\\/07\\\/il-roca-team-si-prepara-a-far-parte-dei-big-del-basket\\\/#breadcrumb\"},\"inLanguage\":\"it-IT\",\"potentialAction\":[{\"@type\":\"ReadAction\",\"target\":[\"https:\\\/\\\/www.monaco-tribune.com\\\/it\\\/2022\\\/07\\\/il-roca-team-si-prepara-a-far-parte-dei-big-del-basket\\\/\"]}]},{\"@type\":\"ImageObject\",\"inLanguage\":\"it-IT\",\"@id\":\"https:\\\/\\\/www.monaco-tribune.com\\\/it\\\/2022\\\/07\\\/il-roca-team-si-prepara-a-far-parte-dei-big-del-basket\\\/#primaryimage\",\"url\":\"https:\\\/\\\/www.monaco-tribune.com\\\/wp-content\\\/uploads\\\/2022\\\/07\\\/gaston-me\u0301decin.jpeg\",\"contentUrl\":\"https:\\\/\\\/www.monaco-tribune.com\\\/wp-content\\\/uploads\\\/2022\\\/07\\\/gaston-me\u0301decin.jpeg\",\"width\":1024,\"height\":614,\"caption\":\"AS Monaco Basket\"},{\"@type\":\"BreadcrumbList\",\"@id\":\"https:\\\/\\\/www.monaco-tribune.com\\\/it\\\/2022\\\/07\\\/il-roca-team-si-prepara-a-far-parte-dei-big-del-basket\\\/#breadcrumb\",\"itemListElement\":[{\"@type\":\"ListItem\",\"position\":1,\"name\":\"Accueil\",\"item\":\"https:\\\/\\\/www.monaco-tribune.com\\\/it\\\/\"},{\"@type\":\"ListItem\",\"position\":2,\"name\":\"Il Roca Team \u00e8 pronto a far parte dei grandi del basket?\"}]},{\"@type\":\"WebSite\",\"@id\":\"https:\\\/\\\/www.monaco-tribune.com\\\/it\\\/#website\",\"url\":\"https:\\\/\\\/www.monaco-tribune.com\\\/it\\\/\",\"name\":\"Monaco Tribune\",\"description\":\"Monaco : actualit\u00e9s \u00e9conomiques, politiques, culturelles et sportives de Monaco et de la French Riviera.\",\"publisher\":{\"@id\":\"https:\\\/\\\/www.monaco-tribune.com\\\/it\\\/#organization\"},\"potentialAction\":[{\"@type\":\"SearchAction\",\"target\":{\"@type\":\"EntryPoint\",\"urlTemplate\":\"https:\\\/\\\/www.monaco-tribune.com\\\/it\\\/?s={search_term_string}\"},\"query-input\":{\"@type\":\"PropertyValueSpecification\",\"valueRequired\":true,\"valueName\":\"search_term_string\"}}],\"inLanguage\":\"it-IT\"},{\"@type\":\"Organization\",\"@id\":\"https:\\\/\\\/www.monaco-tribune.com\\\/it\\\/#organization\",\"name\":\"Monaco Tribune\",\"url\":\"https:\\\/\\\/www.monaco-tribune.com\\\/it\\\/\",\"logo\":{\"@type\":\"ImageObject\",\"inLanguage\":\"it-IT\",\"@id\":\"https:\\\/\\\/www.monaco-tribune.com\\\/it\\\/#\\\/schema\\\/logo\\\/image\\\/\",\"url\":\"https:\\\/\\\/www.monaco-tribune.com\\\/wp-content\\\/uploads\\\/2022\\\/11\\\/logo-monaco-tribune.png\",\"contentUrl\":\"https:\\\/\\\/www.monaco-tribune.com\\\/wp-content\\\/uploads\\\/2022\\\/11\\\/logo-monaco-tribune.png\",\"width\":1548,\"height\":600,\"caption\":\"Monaco Tribune\"},\"image\":{\"@id\":\"https:\\\/\\\/www.monaco-tribune.com\\\/it\\\/#\\\/schema\\\/logo\\\/image\\\/\"},\"sameAs\":[\"https:\\\/\\\/www.facebook.com\\\/MonacoTribune\",\"https:\\\/\\\/x.com\\\/MonacoTribune\",\"https:\\\/\\\/www.instagram.com\\\/monacotribune\\\/\",\"https:\\\/\\\/www.linkedin.com\\\/company\\\/monaco-tribune\",\"https:\\\/\\\/www.youtube.com\\\/channel\\\/UCHle1MnG6hw1y4lWKijVbMA\"]},{\"@type\":\"Person\",\"@id\":\"https:\\\/\\\/www.monaco-tribune.com\\\/it\\\/#\\\/schema\\\/person\\\/330a3732947cf8cb41b2533a0eadd62e\",\"name\":\"Romain Boisaubert\",\"image\":{\"@type\":\"ImageObject\",\"inLanguage\":\"it-IT\",\"@id\":\"https:\\\/\\\/secure.gravatar.com\\\/avatar\\\/f8b90d41f1eabd1cbe4cf59e09d8db41a697d51919bf2dfe727589a24a4a4d54?s=96&d=mm&r=g\",\"url\":\"https:\\\/\\\/secure.gravatar.com\\\/avatar\\\/f8b90d41f1eabd1cbe4cf59e09d8db41a697d51919bf2dfe727589a24a4a4d54?s=96&d=mm&r=g\",\"contentUrl\":\"https:\\\/\\\/secure.gravatar.com\\\/avatar\\\/f8b90d41f1eabd1cbe4cf59e09d8db41a697d51919bf2dfe727589a24a4a4d54?s=96&d=mm&r=g\",\"caption\":\"Romain Boisaubert\"},\"description\":\"Test bio\",\"url\":\"https:\\\/\\\/www.monaco-tribune.com\\\/it\\\/author\\\/romain-boisaubert\\\/\"}]}<\/script>\n<!-- \/ Yoast SEO Premium plugin. -->","yoast_head_json":{"title":"Il Roca Team \u00e8 pronto a far parte dei grandi del basket?","description":"Dopo una stagione promettente essendo arrivata nuovamente in finale al campionato di Francia e soprattutto per la prima volta ai quarti di finale","robots":{"index":"index","follow":"follow","max-snippet":"max-snippet:-1","max-image-preview":"max-image-preview:large","max-video-preview":"max-video-preview:-1"},"canonical":"https:\/\/www.monaco-tribune.com\/it\/2022\/07\/il-roca-team-si-prepara-a-far-parte-dei-big-del-basket\/","og_locale":"it_IT","og_type":"article","og_title":"Il Roca Team \u00e8 pronto a far parte dei grandi del basket? - Monaco Tribune","og_description":"Dopo una stagione promettente essendo arrivata nuovamente in finale al campionato di Francia e soprattutto per la prima volta ai quarti di finale","og_url":"https:\/\/www.monaco-tribune.com\/it\/2022\/07\/il-roca-team-si-prepara-a-far-parte-dei-big-del-basket\/","og_site_name":"Monaco Tribune","article_publisher":"https:\/\/www.facebook.com\/MonacoTribune","article_published_time":"2022-07-20T13:57:54+00:00","article_modified_time":"2022-07-20T15:00:07+00:00","og_image":[{"width":1024,"height":614,"url":"https:\/\/www.monaco-tribune.com\/wp-content\/uploads\/2022\/07\/gaston-me\u0301decin.jpeg","type":"image\/jpeg"}],"author":"Romain Boisaubert","twitter_card":"summary_large_image","twitter_creator":"@MonacoTribune","twitter_site":"@MonacoTribune","schema":{"@context":"https:\/\/schema.org","@graph":[{"@type":"NewsArticle","@id":"https:\/\/www.monaco-tribune.com\/it\/2022\/07\/il-roca-team-si-prepara-a-far-parte-dei-big-del-basket\/#article","isPartOf":{"@id":"https:\/\/www.monaco-tribune.com\/it\/2022\/07\/il-roca-team-si-prepara-a-far-parte-dei-big-del-basket\/"},"author":{"name":"Romain Boisaubert","@id":"https:\/\/www.monaco-tribune.com\/it\/#\/schema\/person\/330a3732947cf8cb41b2533a0eadd62e"},"headline":"Il Roca Team \u00e8 pronto a far parte dei grandi del basket?","datePublished":"2022-07-20T13:57:54+00:00","dateModified":"2022-07-20T15:00:07+00:00","mainEntityOfPage":{"@id":"https:\/\/www.monaco-tribune.com\/it\/2022\/07\/il-roca-team-si-prepara-a-far-parte-dei-big-del-basket\/"},"wordCount":1117,"publisher":{"@id":"https:\/\/www.monaco-tribune.com\/it\/#organization"},"image":{"@id":"https:\/\/www.monaco-tribune.com\/it\/2022\/07\/il-roca-team-si-prepara-a-far-parte-dei-big-del-basket\/#primaryimage"},"thumbnailUrl":"https:\/\/www.monaco-tribune.com\/wp-content\/uploads\/2022\/07\/gaston-me\u0301decin.jpeg","keywords":["Roca Team"],"articleSection":["La nostra scelta","Notizie","Sport"],"inLanguage":"it-IT","copyrightYear":"2022","copyrightHolder":{"@id":"https:\/\/www.monaco-tribune.com\/#organization"}},{"@type":"WebPage","@id":"https:\/\/www.monaco-tribune.com\/it\/2022\/07\/il-roca-team-si-prepara-a-far-parte-dei-big-del-basket\/","url":"https:\/\/www.monaco-tribune.com\/it\/2022\/07\/il-roca-team-si-prepara-a-far-parte-dei-big-del-basket\/","name":"Il Roca Team \u00e8 pronto a far parte dei grandi del basket?","isPartOf":{"@id":"https:\/\/www.monaco-tribune.com\/it\/#website"},"primaryImageOfPage":{"@id":"https:\/\/www.monaco-tribune.com\/it\/2022\/07\/il-roca-team-si-prepara-a-far-parte-dei-big-del-basket\/#primaryimage"},"image":{"@id":"https:\/\/www.monaco-tribune.com\/it\/2022\/07\/il-roca-team-si-prepara-a-far-parte-dei-big-del-basket\/#primaryimage"},"thumbnailUrl":"https:\/\/www.monaco-tribune.com\/wp-content\/uploads\/2022\/07\/gaston-me\u0301decin.jpeg","datePublished":"2022-07-20T13:57:54+00:00","dateModified":"2022-07-20T15:00:07+00:00","description":"Dopo una stagione promettente essendo arrivata nuovamente in finale al campionato di Francia e soprattutto per la prima volta ai quarti di finale","breadcrumb":{"@id":"https:\/\/www.monaco-tribune.com\/it\/2022\/07\/il-roca-team-si-prepara-a-far-parte-dei-big-del-basket\/#breadcrumb"},"inLanguage":"it-IT","potentialAction":[{"@type":"ReadAction","target":["https:\/\/www.monaco-tribune.com\/it\/2022\/07\/il-roca-team-si-prepara-a-far-parte-dei-big-del-basket\/"]}]},{"@type":"ImageObject","inLanguage":"it-IT","@id":"https:\/\/www.monaco-tribune.com\/it\/2022\/07\/il-roca-team-si-prepara-a-far-parte-dei-big-del-basket\/#primaryimage","url":"https:\/\/www.monaco-tribune.com\/wp-content\/uploads\/2022\/07\/gaston-me\u0301decin.jpeg","contentUrl":"https:\/\/www.monaco-tribune.com\/wp-content\/uploads\/2022\/07\/gaston-me\u0301decin.jpeg","width":1024,"height":614,"caption":"AS Monaco Basket"},{"@type":"BreadcrumbList","@id":"https:\/\/www.monaco-tribune.com\/it\/2022\/07\/il-roca-team-si-prepara-a-far-parte-dei-big-del-basket\/#breadcrumb","itemListElement":[{"@type":"ListItem","position":1,"name":"Accueil","item":"https:\/\/www.monaco-tribune.com\/it\/"},{"@type":"ListItem","position":2,"name":"Il Roca Team \u00e8 pronto a far parte dei grandi del basket?"}]},{"@type":"WebSite","@id":"https:\/\/www.monaco-tribune.com\/it\/#website","url":"https:\/\/www.monaco-tribune.com\/it\/","name":"Monaco Tribune","description":"Monaco : actualit\u00e9s \u00e9conomiques, politiques, culturelles et sportives de Monaco et de la French Riviera.","publisher":{"@id":"https:\/\/www.monaco-tribune.com\/it\/#organization"},"potentialAction":[{"@type":"SearchAction","target":{"@type":"EntryPoint","urlTemplate":"https:\/\/www.monaco-tribune.com\/it\/?s={search_term_string}"},"query-input":{"@type":"PropertyValueSpecification","valueRequired":true,"valueName":"search_term_string"}}],"inLanguage":"it-IT"},{"@type":"Organization","@id":"https:\/\/www.monaco-tribune.com\/it\/#organization","name":"Monaco Tribune","url":"https:\/\/www.monaco-tribune.com\/it\/","logo":{"@type":"ImageObject","inLanguage":"it-IT","@id":"https:\/\/www.monaco-tribune.com\/it\/#\/schema\/logo\/image\/","url":"https:\/\/www.monaco-tribune.com\/wp-content\/uploads\/2022\/11\/logo-monaco-tribune.png","contentUrl":"https:\/\/www.monaco-tribune.com\/wp-content\/uploads\/2022\/11\/logo-monaco-tribune.png","width":1548,"height":600,"caption":"Monaco Tribune"},"image":{"@id":"https:\/\/www.monaco-tribune.com\/it\/#\/schema\/logo\/image\/"},"sameAs":["https:\/\/www.facebook.com\/MonacoTribune","https:\/\/x.com\/MonacoTribune","https:\/\/www.instagram.com\/monacotribune\/","https:\/\/www.linkedin.com\/company\/monaco-tribune","https:\/\/www.youtube.com\/channel\/UCHle1MnG6hw1y4lWKijVbMA"]},{"@type":"Person","@id":"https:\/\/www.monaco-tribune.com\/it\/#\/schema\/person\/330a3732947cf8cb41b2533a0eadd62e","name":"Romain Boisaubert","image":{"@type":"ImageObject","inLanguage":"it-IT","@id":"https:\/\/secure.gravatar.com\/avatar\/f8b90d41f1eabd1cbe4cf59e09d8db41a697d51919bf2dfe727589a24a4a4d54?s=96&d=mm&r=g","url":"https:\/\/secure.gravatar.com\/avatar\/f8b90d41f1eabd1cbe4cf59e09d8db41a697d51919bf2dfe727589a24a4a4d54?s=96&d=mm&r=g","contentUrl":"https:\/\/secure.gravatar.com\/avatar\/f8b90d41f1eabd1cbe4cf59e09d8db41a697d51919bf2dfe727589a24a4a4d54?s=96&d=mm&r=g","caption":"Romain Boisaubert"},"description":"Test bio","url":"https:\/\/www.monaco-tribune.com\/it\/author\/romain-boisaubert\/"}]}},"_links":{"self":[{"href":"https:\/\/www.monaco-tribune.com\/it\/wp-json\/wp\/v2\/posts\/131448","targetHints":{"allow":["GET"]}}],"collection":[{"href":"https:\/\/www.monaco-tribune.com\/it\/wp-json\/wp\/v2\/posts"}],"about":[{"href":"https:\/\/www.monaco-tribune.com\/it\/wp-json\/wp\/v2\/types\/post"}],"author":[{"embeddable":true,"href":"https:\/\/www.monaco-tribune.com\/it\/wp-json\/wp\/v2\/users\/24"}],"replies":[{"embeddable":true,"href":"https:\/\/www.monaco-tribune.com\/it\/wp-json\/wp\/v2\/comments?post=131448"}],"version-history":[{"count":0,"href":"https:\/\/www.monaco-tribune.com\/it\/wp-json\/wp\/v2\/posts\/131448\/revisions"}],"wp:featuredmedia":[{"embeddable":true,"href":"https:\/\/www.monaco-tribune.com\/it\/wp-json\/wp\/v2\/media\/131204"}],"wp:attachment":[{"href":"https:\/\/www.monaco-tribune.com\/it\/wp-json\/wp\/v2\/media?parent=131448"}],"wp:term":[{"taxonomy":"category","embeddable":true,"href":"https:\/\/www.monaco-tribune.com\/it\/wp-json\/wp\/v2\/categories?post=131448"},{"taxonomy":"post_tag","embeddable":true,"href":"https:\/\/www.monaco-tribune.com\/it\/wp-json\/wp\/v2\/tags?post=131448"},{"taxonomy":"sectag","embeddable":true,"href":"https:\/\/www.monaco-tribune.com\/it\/wp-json\/wp\/v2\/post_sectags?post=131448"},{"taxonomy":"format","embeddable":true,"href":"https:\/\/www.monaco-tribune.com\/it\/wp-json\/wp\/v2\/post_format?post=131448"}],"curies":[{"name":"wp","href":"https:\/\/api.w.org\/{rel}","templated":true}]}}