{"id":131999,"date":"2022-07-22T21:15:25","date_gmt":"2022-07-22T19:15:25","guid":{"rendered":"https:\/\/www.monaco-tribune.com\/2022\/07\/cosa-fare-a-monaco-dal-23-al-31-luglio\/"},"modified":"2022-07-22T21:34:37","modified_gmt":"2022-07-22T19:34:37","slug":"cosa-fare-a-monaco-dal-23-al-31-luglio","status":"publish","type":"post","link":"https:\/\/www.monaco-tribune.com\/it\/2022\/07\/cosa-fare-a-monaco-dal-23-al-31-luglio\/","title":{"rendered":"Cosa fare a Monaco dal 23 al 31 luglio"},"content":{"rendered":"\n<p><strong>La stagione estiva non \u00e8 ancora finita. Ecco i migliori eventi a cui partecipare l&#8217;ultima settimana di luglio al riparo dal caldo.<\/strong><\/p>\n\n\n\n<h2 class=\"wp-block-heading\" id=\"h-d-un-monde-a-l-autre-du-visible-a-l-invisible\">&#8220;D\u2019un monde \u00e0 l\u2019autre, du visible \u00e0 l\u2019invisible&#8221;<\/h2>\n\n\n\n<p>Per ripararsi dal caldo non c&#8217;\u00e8 niente di meglio di un museo. Il Museo di Antropologia Preistorica di Monaco propone una mostra sui riti funebri ancestrali di tutto il mondo. E l&#8217;ingresso costa solo un euro.<\/p>\n\n\n\n<p><a href=\"https:\/\/www.monaco-tribune.com\/2022\/07\/dun-monde-a-lautre-du-visible-a-linvisible-la-nouvelle-expo-qui-eclaire-sur-la-mort\/\"><em>Maggiori informazioni<\/em><\/a><\/p>\n\n\n\n<h2 class=\"wp-block-heading\">&#8220;Christian B\u00e9rard, Excentrique B\u00e9b\u00e9&#8221;<\/h2>\n\n\n\n<p>\u00c8 una delle mostre da non perdere quest&#8217;estate. Villa Paloma riporta in luce un artista degli inizi del XX secolo che nonostante avesse frequentato i personaggi pi\u00f9 famosi della sua epoca \u00e8 caduto nel dimenticatoio. Questa mostra vi far\u00e0 immergere nel mondo incantevole e raffinato di Christian B\u00e9rard.<\/p>\n\n\n\n<p><em><a href=\"https:\/\/www.monaco-tribune.com\/it\/2022\/07\/christian-berard-excentrique-bebe-una-mostra-che-riporta-in-luce-un-artista-sconosciuto\/\">Maggiori informazioni<\/a><\/em><\/p>\n\n\n\n<h2 class=\"wp-block-heading\">Concerti al Palazzo del Principe<\/h2>\n\n\n\n<p>La sera del 24 luglio si terr\u00e0 il secondo concerto dell&#8217;estate nella Corte d&#8217;Onore del Palazzo del Principe. Saranno sotto i riflettori i compositori Jean Sibelius ed Edvard Grieg. Il concerto sar\u00e0 diretto da Dalia Stasevska mentre Jan Lisiecki suoner\u00e0 il pianoforte. Domenica 31 luglio si svolger\u00e0 invece un concerto sinfonico.<\/p>\n\n\n\n<p><a href=\"https:\/\/www.monaco-tribune.com\/2022\/04\/concerts-au-palais-princier\/\"><em>Maggiori informazioni<\/em><\/a><\/p>\n\n\n\n<h2 class=\"wp-block-heading\">Fuochi d&#8217;artificio<\/h2>\n\n\n\n<p>Il 30 luglio Monaco sar\u00e0 in festa. Alle ore 22:00 si aprir\u00e0 un magnifico spettacolo pirotecnico sulla diga del porto Hercule. Dopo i fuochi di artificio si passer\u00e0 a un grande evento musicale che si terr\u00e0 sul molo Alberto I. Il tutto sar\u00e0 gratuito, perci\u00f2 non potete assolutamente tirarvi indietro.<\/p>\n\n\n\n<p><em><a href=\"https:\/\/www.monaco-tribune.com\/it\/2022\/07\/dove-e-quando-vedere-i-fuochi-dartificio-a-monaco-questestate\/\">Maggiori informazioni<\/a><\/em><\/p>\n\n\n\n<h2 class=\"wp-block-heading\">Monte-Carlo Summer Festival<\/h2>\n\n\n\n<p>Il Monte-Carlo Summer Festival \u00e8 finalmente arrivato ed \u00e8 pronto ad accogliere i pi\u00f9 grandi cantanti di sempre. Dopo Alicia Keys, i prossimi a esibirsi saranno i Queen Machine Symphonic al Gala d&#8217;estate di Fight Aids Monaco che si tiene sabato 23 luglio. Il 26 i <a href=\"https:\/\/www.montecarlosbm.com\/it\/spettacoli\/monte-carlo-sporting-summer-festival\/black-eyed-peas\">Black Eyed Peas<\/a> e\u00a0<a href=\"https:\/\/www.montecarlosbm.com\/it\/spettacoli\/monte-carlo-summer-festival\/james-blunt\">James Blunt<\/a> faranno scatenare il pubblico alla Salle des \u00c9toiles a partire dalle 20:00. Il 29 sar\u00e0 <a href=\"https:\/\/www.monaco-tribune.com\/it\/2022\/04\/christina-aguilera-si-esibisce-a-monaco-questestate\/\">Christina Aguilera<\/a> la regina della Salle des \u00c9toiles esibendosi per la prima volta a Monaco. Il 31 <a href=\"https:\/\/www.montecarlosbm.com\/it\/spettacoli\/monte-carlo-summer-festival\/rita-ora\">Rita Ora<\/a> chiuder\u00e0 la programmazione di luglio in bellezza.<\/p>\n\n\n\n<h2 class=\"wp-block-heading\">Spettacolo teatrale al Fort Antoine<\/h2>\n\n\n\n<p>Venerd\u00ec 29 luglio il teatro Fort Antoine ospiter\u00e0 la sua penultima rappresentazione teatrale. Godetevi l&#8217;opera teatrale <em>D\u00e9p\u00f4t de bilan<\/em>, nominata da T\u00e9l\u00e9rama come uno dei migliori spettacoli del Festival Off di Avignone,<em> <\/em>sotto le stelle e col fresco della sera.<\/p>\n\n\n\n<p><a href=\"https:\/\/www.monaco-tribune.com\/2022\/06\/les-evenements-de-lete-le-theatre-du-fort-antoine\/\"><em>Maggiori informazioni<\/em><\/a><\/p>\n","protected":false},"excerpt":{"rendered":"<p>La stagione estiva non \u00e8 ancora finita. Ecco i migliori eventi a cui partecipare l&#8217;ultima settimana di luglio al riparo [&hellip;]<\/p>\n","protected":false},"author":66,"featured_media":88545,"comment_status":"closed","ping_status":"closed","sticky":false,"template":"","format":"standard","meta":{"_acf_changed":false,"footnotes":""},"categories":[1740,1826,1738],"tags":[2890],"post_sectags":[],"post_format":[2471],"class_list":["post-131999","post","type-post","status-publish","format-standard","has-post-thumbnail","hentry","category-cosa-fare","category-la-nostra-scelta","category-notizie","tag-eventi","format-evento"],"acf":[],"yoast_head":"<!-- This site is optimized with the Yoast SEO Premium plugin v26.8 (Yoast SEO v27.4) - https:\/\/yoast.com\/product\/yoast-seo-premium-wordpress\/ -->\n<title>Cosa fare a Monaco dal 23 al 31 luglio<\/title>\n<meta name=\"description\" content=\"La stagione estiva non \u00e8 ancora finita. Ecco i migliori eventi a cui partecipare l&#039;ultima settimana di luglio al riparo dal caldo. &quot;D\u2019un monde \u00e0 l\u2019autre,\" \/>\n<meta name=\"robots\" content=\"index, follow, max-snippet:-1, max-image-preview:large, max-video-preview:-1\" \/>\n<link rel=\"canonical\" href=\"https:\/\/www.monaco-tribune.com\/it\/2022\/07\/cosa-fare-a-monaco-dal-23-al-31-luglio\/\" \/>\n<meta property=\"og:locale\" content=\"it_IT\" \/>\n<meta property=\"og:type\" content=\"article\" \/>\n<meta property=\"og:title\" content=\"Cosa fare a Monaco dal 23 al 31 luglio - Monaco Tribune\" \/>\n<meta property=\"og:description\" content=\"La stagione estiva non \u00e8 ancora finita. Ecco i migliori eventi a cui partecipare l&#039;ultima settimana di luglio al riparo dal caldo. &quot;D\u2019un monde \u00e0 l\u2019autre,\" \/>\n<meta property=\"og:url\" content=\"https:\/\/www.monaco-tribune.com\/it\/2022\/07\/cosa-fare-a-monaco-dal-23-al-31-luglio\/\" \/>\n<meta property=\"og:site_name\" content=\"Monaco Tribune\" \/>\n<meta property=\"article:publisher\" content=\"https:\/\/www.facebook.com\/MonacoTribune\" \/>\n<meta property=\"article:published_time\" content=\"2022-07-22T19:15:25+00:00\" \/>\n<meta property=\"article:modified_time\" content=\"2022-07-22T19:34:37+00:00\" \/>\n<meta property=\"og:image\" content=\"https:\/\/www.monaco-tribune.com\/wp-content\/uploads\/2021\/07\/feux-articifices-monaco-art-en-ciel.jpg\" \/>\n\t<meta property=\"og:image:width\" content=\"1000\" \/>\n\t<meta property=\"og:image:height\" content=\"665\" \/>\n\t<meta property=\"og:image:type\" content=\"image\/jpeg\" \/>\n<meta name=\"author\" content=\"Th\u00e9o Briand\" \/>\n<meta name=\"twitter:card\" content=\"summary_large_image\" \/>\n<meta name=\"twitter:creator\" content=\"@MonacoTribune\" \/>\n<meta name=\"twitter:site\" content=\"@MonacoTribune\" \/>\n<script type=\"application\/ld+json\" class=\"yoast-schema-graph\">{\"@context\":\"https:\\\/\\\/schema.org\",\"@graph\":[{\"@type\":\"NewsArticle\",\"@id\":\"https:\\\/\\\/www.monaco-tribune.com\\\/it\\\/2022\\\/07\\\/cosa-fare-a-monaco-dal-23-al-31-luglio\\\/#article\",\"isPartOf\":{\"@id\":\"https:\\\/\\\/www.monaco-tribune.com\\\/it\\\/2022\\\/07\\\/cosa-fare-a-monaco-dal-23-al-31-luglio\\\/\"},\"author\":{\"name\":\"Th\u00e9o Briand\",\"@id\":\"https:\\\/\\\/www.monaco-tribune.com\\\/it\\\/#\\\/schema\\\/person\\\/94fb5723547bd83dea1eed97e25145aa\"},\"headline\":\"Cosa fare a Monaco dal 23 al 31 luglio\",\"datePublished\":\"2022-07-22T19:15:25+00:00\",\"dateModified\":\"2022-07-22T19:34:37+00:00\",\"mainEntityOfPage\":{\"@id\":\"https:\\\/\\\/www.monaco-tribune.com\\\/it\\\/2022\\\/07\\\/cosa-fare-a-monaco-dal-23-al-31-luglio\\\/\"},\"wordCount\":385,\"publisher\":{\"@id\":\"https:\\\/\\\/www.monaco-tribune.com\\\/it\\\/#organization\"},\"image\":{\"@id\":\"https:\\\/\\\/www.monaco-tribune.com\\\/it\\\/2022\\\/07\\\/cosa-fare-a-monaco-dal-23-al-31-luglio\\\/#primaryimage\"},\"thumbnailUrl\":\"https:\\\/\\\/www.monaco-tribune.com\\\/wp-content\\\/uploads\\\/2021\\\/07\\\/feux-articifices-monaco-art-en-ciel.jpg\",\"keywords\":[\"Eventi\"],\"articleSection\":[\"Cosa fare\",\"La nostra scelta\",\"Notizie\"],\"inLanguage\":\"it-IT\",\"copyrightYear\":\"2022\",\"copyrightHolder\":{\"@id\":\"https:\\\/\\\/www.monaco-tribune.com\\\/#organization\"}},{\"@type\":\"WebPage\",\"@id\":\"https:\\\/\\\/www.monaco-tribune.com\\\/it\\\/2022\\\/07\\\/cosa-fare-a-monaco-dal-23-al-31-luglio\\\/\",\"url\":\"https:\\\/\\\/www.monaco-tribune.com\\\/it\\\/2022\\\/07\\\/cosa-fare-a-monaco-dal-23-al-31-luglio\\\/\",\"name\":\"Cosa fare a Monaco dal 23 al 31 luglio\",\"isPartOf\":{\"@id\":\"https:\\\/\\\/www.monaco-tribune.com\\\/it\\\/#website\"},\"primaryImageOfPage\":{\"@id\":\"https:\\\/\\\/www.monaco-tribune.com\\\/it\\\/2022\\\/07\\\/cosa-fare-a-monaco-dal-23-al-31-luglio\\\/#primaryimage\"},\"image\":{\"@id\":\"https:\\\/\\\/www.monaco-tribune.com\\\/it\\\/2022\\\/07\\\/cosa-fare-a-monaco-dal-23-al-31-luglio\\\/#primaryimage\"},\"thumbnailUrl\":\"https:\\\/\\\/www.monaco-tribune.com\\\/wp-content\\\/uploads\\\/2021\\\/07\\\/feux-articifices-monaco-art-en-ciel.jpg\",\"datePublished\":\"2022-07-22T19:15:25+00:00\",\"dateModified\":\"2022-07-22T19:34:37+00:00\",\"description\":\"La stagione estiva non \u00e8 ancora finita. Ecco i migliori eventi a cui partecipare l'ultima settimana di luglio al riparo dal caldo. \\\"D\u2019un monde \u00e0 l\u2019autre,\",\"breadcrumb\":{\"@id\":\"https:\\\/\\\/www.monaco-tribune.com\\\/it\\\/2022\\\/07\\\/cosa-fare-a-monaco-dal-23-al-31-luglio\\\/#breadcrumb\"},\"inLanguage\":\"it-IT\",\"potentialAction\":[{\"@type\":\"ReadAction\",\"target\":[\"https:\\\/\\\/www.monaco-tribune.com\\\/it\\\/2022\\\/07\\\/cosa-fare-a-monaco-dal-23-al-31-luglio\\\/\"]}]},{\"@type\":\"ImageObject\",\"inLanguage\":\"it-IT\",\"@id\":\"https:\\\/\\\/www.monaco-tribune.com\\\/it\\\/2022\\\/07\\\/cosa-fare-a-monaco-dal-23-al-31-luglio\\\/#primaryimage\",\"url\":\"https:\\\/\\\/www.monaco-tribune.com\\\/wp-content\\\/uploads\\\/2021\\\/07\\\/feux-articifices-monaco-art-en-ciel.jpg\",\"contentUrl\":\"https:\\\/\\\/www.monaco-tribune.com\\\/wp-content\\\/uploads\\\/2021\\\/07\\\/feux-articifices-monaco-art-en-ciel.jpg\",\"width\":1000,\"height\":665,\"caption\":\"Micha\u00ebl Alesi\"},{\"@type\":\"BreadcrumbList\",\"@id\":\"https:\\\/\\\/www.monaco-tribune.com\\\/it\\\/2022\\\/07\\\/cosa-fare-a-monaco-dal-23-al-31-luglio\\\/#breadcrumb\",\"itemListElement\":[{\"@type\":\"ListItem\",\"position\":1,\"name\":\"Accueil\",\"item\":\"https:\\\/\\\/www.monaco-tribune.com\\\/it\\\/\"},{\"@type\":\"ListItem\",\"position\":2,\"name\":\"Cosa fare a Monaco dal 23 al 31 luglio\"}]},{\"@type\":\"WebSite\",\"@id\":\"https:\\\/\\\/www.monaco-tribune.com\\\/it\\\/#website\",\"url\":\"https:\\\/\\\/www.monaco-tribune.com\\\/it\\\/\",\"name\":\"Monaco Tribune\",\"description\":\"Monaco : actualit\u00e9s \u00e9conomiques, politiques, culturelles et sportives de Monaco et de la French Riviera.\",\"publisher\":{\"@id\":\"https:\\\/\\\/www.monaco-tribune.com\\\/it\\\/#organization\"},\"potentialAction\":[{\"@type\":\"SearchAction\",\"target\":{\"@type\":\"EntryPoint\",\"urlTemplate\":\"https:\\\/\\\/www.monaco-tribune.com\\\/it\\\/?s={search_term_string}\"},\"query-input\":{\"@type\":\"PropertyValueSpecification\",\"valueRequired\":true,\"valueName\":\"search_term_string\"}}],\"inLanguage\":\"it-IT\"},{\"@type\":\"Organization\",\"@id\":\"https:\\\/\\\/www.monaco-tribune.com\\\/it\\\/#organization\",\"name\":\"Monaco Tribune\",\"url\":\"https:\\\/\\\/www.monaco-tribune.com\\\/it\\\/\",\"logo\":{\"@type\":\"ImageObject\",\"inLanguage\":\"it-IT\",\"@id\":\"https:\\\/\\\/www.monaco-tribune.com\\\/it\\\/#\\\/schema\\\/logo\\\/image\\\/\",\"url\":\"https:\\\/\\\/www.monaco-tribune.com\\\/wp-content\\\/uploads\\\/2022\\\/11\\\/logo-monaco-tribune.png\",\"contentUrl\":\"https:\\\/\\\/www.monaco-tribune.com\\\/wp-content\\\/uploads\\\/2022\\\/11\\\/logo-monaco-tribune.png\",\"width\":1548,\"height\":600,\"caption\":\"Monaco Tribune\"},\"image\":{\"@id\":\"https:\\\/\\\/www.monaco-tribune.com\\\/it\\\/#\\\/schema\\\/logo\\\/image\\\/\"},\"sameAs\":[\"https:\\\/\\\/www.facebook.com\\\/MonacoTribune\",\"https:\\\/\\\/x.com\\\/MonacoTribune\",\"https:\\\/\\\/www.instagram.com\\\/monacotribune\\\/\",\"https:\\\/\\\/www.linkedin.com\\\/company\\\/monaco-tribune\",\"https:\\\/\\\/www.youtube.com\\\/channel\\\/UCHle1MnG6hw1y4lWKijVbMA\"]},{\"@type\":\"Person\",\"@id\":\"https:\\\/\\\/www.monaco-tribune.com\\\/it\\\/#\\\/schema\\\/person\\\/94fb5723547bd83dea1eed97e25145aa\",\"name\":\"Th\u00e9o Briand\",\"image\":{\"@type\":\"ImageObject\",\"inLanguage\":\"it-IT\",\"@id\":\"https:\\\/\\\/secure.gravatar.com\\\/avatar\\\/1c02cfd8b8054d8c376f9a942a1dc4dbacfd8ba5e6f8dbb5e16f4aa3d281972a?s=96&d=mm&r=g\",\"url\":\"https:\\\/\\\/secure.gravatar.com\\\/avatar\\\/1c02cfd8b8054d8c376f9a942a1dc4dbacfd8ba5e6f8dbb5e16f4aa3d281972a?s=96&d=mm&r=g\",\"contentUrl\":\"https:\\\/\\\/secure.gravatar.com\\\/avatar\\\/1c02cfd8b8054d8c376f9a942a1dc4dbacfd8ba5e6f8dbb5e16f4aa3d281972a?s=96&d=mm&r=g\",\"caption\":\"Th\u00e9o Briand\"},\"url\":\"https:\\\/\\\/www.monaco-tribune.com\\\/it\\\/author\\\/theobriand\\\/\"}]}<\/script>\n<!-- \/ Yoast SEO Premium plugin. -->","yoast_head_json":{"title":"Cosa fare a Monaco dal 23 al 31 luglio","description":"La stagione estiva non \u00e8 ancora finita. Ecco i migliori eventi a cui partecipare l'ultima settimana di luglio al riparo dal caldo. \"D\u2019un monde \u00e0 l\u2019autre,","robots":{"index":"index","follow":"follow","max-snippet":"max-snippet:-1","max-image-preview":"max-image-preview:large","max-video-preview":"max-video-preview:-1"},"canonical":"https:\/\/www.monaco-tribune.com\/it\/2022\/07\/cosa-fare-a-monaco-dal-23-al-31-luglio\/","og_locale":"it_IT","og_type":"article","og_title":"Cosa fare a Monaco dal 23 al 31 luglio - Monaco Tribune","og_description":"La stagione estiva non \u00e8 ancora finita. Ecco i migliori eventi a cui partecipare l'ultima settimana di luglio al riparo dal caldo. \"D\u2019un monde \u00e0 l\u2019autre,","og_url":"https:\/\/www.monaco-tribune.com\/it\/2022\/07\/cosa-fare-a-monaco-dal-23-al-31-luglio\/","og_site_name":"Monaco Tribune","article_publisher":"https:\/\/www.facebook.com\/MonacoTribune","article_published_time":"2022-07-22T19:15:25+00:00","article_modified_time":"2022-07-22T19:34:37+00:00","og_image":[{"width":1000,"height":665,"url":"https:\/\/www.monaco-tribune.com\/wp-content\/uploads\/2021\/07\/feux-articifices-monaco-art-en-ciel.jpg","type":"image\/jpeg"}],"author":"Th\u00e9o Briand","twitter_card":"summary_large_image","twitter_creator":"@MonacoTribune","twitter_site":"@MonacoTribune","schema":{"@context":"https:\/\/schema.org","@graph":[{"@type":"NewsArticle","@id":"https:\/\/www.monaco-tribune.com\/it\/2022\/07\/cosa-fare-a-monaco-dal-23-al-31-luglio\/#article","isPartOf":{"@id":"https:\/\/www.monaco-tribune.com\/it\/2022\/07\/cosa-fare-a-monaco-dal-23-al-31-luglio\/"},"author":{"name":"Th\u00e9o Briand","@id":"https:\/\/www.monaco-tribune.com\/it\/#\/schema\/person\/94fb5723547bd83dea1eed97e25145aa"},"headline":"Cosa fare a Monaco dal 23 al 31 luglio","datePublished":"2022-07-22T19:15:25+00:00","dateModified":"2022-07-22T19:34:37+00:00","mainEntityOfPage":{"@id":"https:\/\/www.monaco-tribune.com\/it\/2022\/07\/cosa-fare-a-monaco-dal-23-al-31-luglio\/"},"wordCount":385,"publisher":{"@id":"https:\/\/www.monaco-tribune.com\/it\/#organization"},"image":{"@id":"https:\/\/www.monaco-tribune.com\/it\/2022\/07\/cosa-fare-a-monaco-dal-23-al-31-luglio\/#primaryimage"},"thumbnailUrl":"https:\/\/www.monaco-tribune.com\/wp-content\/uploads\/2021\/07\/feux-articifices-monaco-art-en-ciel.jpg","keywords":["Eventi"],"articleSection":["Cosa fare","La nostra scelta","Notizie"],"inLanguage":"it-IT","copyrightYear":"2022","copyrightHolder":{"@id":"https:\/\/www.monaco-tribune.com\/#organization"}},{"@type":"WebPage","@id":"https:\/\/www.monaco-tribune.com\/it\/2022\/07\/cosa-fare-a-monaco-dal-23-al-31-luglio\/","url":"https:\/\/www.monaco-tribune.com\/it\/2022\/07\/cosa-fare-a-monaco-dal-23-al-31-luglio\/","name":"Cosa fare a Monaco dal 23 al 31 luglio","isPartOf":{"@id":"https:\/\/www.monaco-tribune.com\/it\/#website"},"primaryImageOfPage":{"@id":"https:\/\/www.monaco-tribune.com\/it\/2022\/07\/cosa-fare-a-monaco-dal-23-al-31-luglio\/#primaryimage"},"image":{"@id":"https:\/\/www.monaco-tribune.com\/it\/2022\/07\/cosa-fare-a-monaco-dal-23-al-31-luglio\/#primaryimage"},"thumbnailUrl":"https:\/\/www.monaco-tribune.com\/wp-content\/uploads\/2021\/07\/feux-articifices-monaco-art-en-ciel.jpg","datePublished":"2022-07-22T19:15:25+00:00","dateModified":"2022-07-22T19:34:37+00:00","description":"La stagione estiva non \u00e8 ancora finita. Ecco i migliori eventi a cui partecipare l'ultima settimana di luglio al riparo dal caldo. \"D\u2019un monde \u00e0 l\u2019autre,","breadcrumb":{"@id":"https:\/\/www.monaco-tribune.com\/it\/2022\/07\/cosa-fare-a-monaco-dal-23-al-31-luglio\/#breadcrumb"},"inLanguage":"it-IT","potentialAction":[{"@type":"ReadAction","target":["https:\/\/www.monaco-tribune.com\/it\/2022\/07\/cosa-fare-a-monaco-dal-23-al-31-luglio\/"]}]},{"@type":"ImageObject","inLanguage":"it-IT","@id":"https:\/\/www.monaco-tribune.com\/it\/2022\/07\/cosa-fare-a-monaco-dal-23-al-31-luglio\/#primaryimage","url":"https:\/\/www.monaco-tribune.com\/wp-content\/uploads\/2021\/07\/feux-articifices-monaco-art-en-ciel.jpg","contentUrl":"https:\/\/www.monaco-tribune.com\/wp-content\/uploads\/2021\/07\/feux-articifices-monaco-art-en-ciel.jpg","width":1000,"height":665,"caption":"Micha\u00ebl Alesi"},{"@type":"BreadcrumbList","@id":"https:\/\/www.monaco-tribune.com\/it\/2022\/07\/cosa-fare-a-monaco-dal-23-al-31-luglio\/#breadcrumb","itemListElement":[{"@type":"ListItem","position":1,"name":"Accueil","item":"https:\/\/www.monaco-tribune.com\/it\/"},{"@type":"ListItem","position":2,"name":"Cosa fare a Monaco dal 23 al 31 luglio"}]},{"@type":"WebSite","@id":"https:\/\/www.monaco-tribune.com\/it\/#website","url":"https:\/\/www.monaco-tribune.com\/it\/","name":"Monaco Tribune","description":"Monaco : actualit\u00e9s \u00e9conomiques, politiques, culturelles et sportives de Monaco et de la French Riviera.","publisher":{"@id":"https:\/\/www.monaco-tribune.com\/it\/#organization"},"potentialAction":[{"@type":"SearchAction","target":{"@type":"EntryPoint","urlTemplate":"https:\/\/www.monaco-tribune.com\/it\/?s={search_term_string}"},"query-input":{"@type":"PropertyValueSpecification","valueRequired":true,"valueName":"search_term_string"}}],"inLanguage":"it-IT"},{"@type":"Organization","@id":"https:\/\/www.monaco-tribune.com\/it\/#organization","name":"Monaco Tribune","url":"https:\/\/www.monaco-tribune.com\/it\/","logo":{"@type":"ImageObject","inLanguage":"it-IT","@id":"https:\/\/www.monaco-tribune.com\/it\/#\/schema\/logo\/image\/","url":"https:\/\/www.monaco-tribune.com\/wp-content\/uploads\/2022\/11\/logo-monaco-tribune.png","contentUrl":"https:\/\/www.monaco-tribune.com\/wp-content\/uploads\/2022\/11\/logo-monaco-tribune.png","width":1548,"height":600,"caption":"Monaco Tribune"},"image":{"@id":"https:\/\/www.monaco-tribune.com\/it\/#\/schema\/logo\/image\/"},"sameAs":["https:\/\/www.facebook.com\/MonacoTribune","https:\/\/x.com\/MonacoTribune","https:\/\/www.instagram.com\/monacotribune\/","https:\/\/www.linkedin.com\/company\/monaco-tribune","https:\/\/www.youtube.com\/channel\/UCHle1MnG6hw1y4lWKijVbMA"]},{"@type":"Person","@id":"https:\/\/www.monaco-tribune.com\/it\/#\/schema\/person\/94fb5723547bd83dea1eed97e25145aa","name":"Th\u00e9o Briand","image":{"@type":"ImageObject","inLanguage":"it-IT","@id":"https:\/\/secure.gravatar.com\/avatar\/1c02cfd8b8054d8c376f9a942a1dc4dbacfd8ba5e6f8dbb5e16f4aa3d281972a?s=96&d=mm&r=g","url":"https:\/\/secure.gravatar.com\/avatar\/1c02cfd8b8054d8c376f9a942a1dc4dbacfd8ba5e6f8dbb5e16f4aa3d281972a?s=96&d=mm&r=g","contentUrl":"https:\/\/secure.gravatar.com\/avatar\/1c02cfd8b8054d8c376f9a942a1dc4dbacfd8ba5e6f8dbb5e16f4aa3d281972a?s=96&d=mm&r=g","caption":"Th\u00e9o Briand"},"url":"https:\/\/www.monaco-tribune.com\/it\/author\/theobriand\/"}]}},"_links":{"self":[{"href":"https:\/\/www.monaco-tribune.com\/it\/wp-json\/wp\/v2\/posts\/131999","targetHints":{"allow":["GET"]}}],"collection":[{"href":"https:\/\/www.monaco-tribune.com\/it\/wp-json\/wp\/v2\/posts"}],"about":[{"href":"https:\/\/www.monaco-tribune.com\/it\/wp-json\/wp\/v2\/types\/post"}],"author":[{"embeddable":true,"href":"https:\/\/www.monaco-tribune.com\/it\/wp-json\/wp\/v2\/users\/66"}],"replies":[{"embeddable":true,"href":"https:\/\/www.monaco-tribune.com\/it\/wp-json\/wp\/v2\/comments?post=131999"}],"version-history":[{"count":0,"href":"https:\/\/www.monaco-tribune.com\/it\/wp-json\/wp\/v2\/posts\/131999\/revisions"}],"wp:featuredmedia":[{"embeddable":true,"href":"https:\/\/www.monaco-tribune.com\/it\/wp-json\/wp\/v2\/media\/88545"}],"wp:attachment":[{"href":"https:\/\/www.monaco-tribune.com\/it\/wp-json\/wp\/v2\/media?parent=131999"}],"wp:term":[{"taxonomy":"category","embeddable":true,"href":"https:\/\/www.monaco-tribune.com\/it\/wp-json\/wp\/v2\/categories?post=131999"},{"taxonomy":"post_tag","embeddable":true,"href":"https:\/\/www.monaco-tribune.com\/it\/wp-json\/wp\/v2\/tags?post=131999"},{"taxonomy":"sectag","embeddable":true,"href":"https:\/\/www.monaco-tribune.com\/it\/wp-json\/wp\/v2\/post_sectags?post=131999"},{"taxonomy":"format","embeddable":true,"href":"https:\/\/www.monaco-tribune.com\/it\/wp-json\/wp\/v2\/post_format?post=131999"}],"curies":[{"name":"wp","href":"https:\/\/api.w.org\/{rel}","templated":true}]}}