{"id":132201,"date":"2022-07-25T18:40:12","date_gmt":"2022-07-25T16:40:12","guid":{"rendered":"https:\/\/www.monaco-tribune.com\/2022\/07\/un-paesaggio-da-cartolina-il-grimaldi-forum\/"},"modified":"2022-07-25T19:13:23","modified_gmt":"2022-07-25T17:13:23","slug":"un-paesaggio-da-cartolina-il-grimaldi-forum","status":"publish","type":"post","link":"https:\/\/www.monaco-tribune.com\/it\/2022\/07\/un-paesaggio-da-cartolina-il-grimaldi-forum\/","title":{"rendered":"Un paesaggio da cartolina: il Grimaldi Forum"},"content":{"rendered":"\n<p><strong>Una serie di immagini per ripercorrere la storia dei luoghi pi\u00f9 apprezzati di Monaco. Oggi \u00e8 la volta dell&#8217;emblematico Grimaldi Forum.<\/strong><\/p>\n\n\n\n<p>Il Grimaldi Forum, che accoglie le mostre e gli eventi pi\u00f9 importanti, si \u00e8 ritagliato un posto molto speciale all&#8217;interno del Principato. Nonostante sia l&#8217;edificio aperto al pubblico di pi\u00f9 recente costruzione, il Grimaldi Forum diventa sempre pi\u00f9 famoso in tutto il mondo grazie agli eventi prestigiosi che ospita come ad esempio Top Marques, i balletti di Monte-Carlo e il Festival della Televisione di Monte-Carlo.<\/p>\n\n\n\n<p>Inizialmente, nel punto in cui ora sorge il Grimaldi Forum, c&#8217;erano solo il mare e una piccola formazione rocciosa.<\/p>\n\n\n<div class=\"wp-block-image\">\n<figure class=\"aligncenter size-large\"><img loading=\"lazy\" decoding=\"async\" width=\"1024\" height=\"659\" src=\"https:\/\/www.monaco-tribune.com\/wp-content\/uploads\/2022\/07\/monte-carlo-et-la-plage-larvotto-gd-1024x659.jpg\" alt=\"Monte-Carlo-Spiaggia-Larvotto\" class=\"wp-image-131428\" srcset=\"https:\/\/www.monaco-tribune.com\/wp-content\/uploads\/2022\/07\/monte-carlo-et-la-plage-larvotto-gd-1024x659.jpg 1024w, https:\/\/www.monaco-tribune.com\/wp-content\/uploads\/2022\/07\/monte-carlo-et-la-plage-larvotto-gd-466x300.jpg 466w, https:\/\/www.monaco-tribune.com\/wp-content\/uploads\/2022\/07\/monte-carlo-et-la-plage-larvotto-gd.jpg 1387w\" sizes=\"auto, (max-width: 1024px) 100vw, 1024px\" \/><figcaption><em>\u00a9 Jean-Paul Bascoul<\/em><\/figcaption><\/figure>\n<\/div>\n\n\n<p>Negli anni &#8217;50 la spiaggia del Larvotto, sempre pi\u00f9 popolata di turisti, iniziava gradualmente a espandersi. Il Principe &#8220;costruttore&#8221; Ranieri III aveva pian piano maturato l&#8217;idea di trasformare il Larvotto in una stazione balneare a tutti gli effetti.<\/p>\n\n\n<div class=\"wp-block-image\">\n<figure class=\"aligncenter size-large\"><img loading=\"lazy\" decoding=\"async\" width=\"1024\" height=\"767\" src=\"https:\/\/www.monaco-tribune.com\/wp-content\/uploads\/2022\/07\/monte-carlo-la-plage-du-larvotto-annees-50-compressed-1024x767.jpg\" alt=\"Monte-Carlo-Spiaggia-del-Larvotto-Anni-50\" class=\"wp-image-131444\" srcset=\"https:\/\/www.monaco-tribune.com\/wp-content\/uploads\/2022\/07\/monte-carlo-la-plage-du-larvotto-annees-50-compressed-1024x767.jpg 1024w, https:\/\/www.monaco-tribune.com\/wp-content\/uploads\/2022\/07\/monte-carlo-la-plage-du-larvotto-annees-50-compressed-401x300.jpg 401w, https:\/\/www.monaco-tribune.com\/wp-content\/uploads\/2022\/07\/monte-carlo-la-plage-du-larvotto-annees-50-compressed.jpg 1070w\" sizes=\"auto, (max-width: 1024px) 100vw, 1024px\" \/><figcaption><em>\u00a9 Jean-Paul Bascoul<\/em><\/figcaption><\/figure>\n<\/div>\n\n\n<p>Infatti tra il 1958 e il 1963 il quartiere del Larvotto ha subito una vera e propria metamorfosi. La spiaggia si \u00e8 estesa di molto sul mare dando vita alla stazione balneare del Larvotto che conosciamo oggi. Nel 1961 \u00e8 sorto sul mare il primo terrapieno. Questa estensione, situata al Portier e che si estende su 35.000 m\u00b2, ha accolto nel 1966 l&#8217;Hall du Centenaire e successivamente il Grimaldi Forum.<\/p>\n\n\n\n<p><strong>LEGGI ANCHE: <a href=\"https:\/\/www.monaco-tribune.com\/it\/2022\/05\/il-larvotto-un-paesaggio-da-cartolina\/\">Un paesaggio da cartolina: il Larvotto<\/a><\/strong><\/p>\n\n\n<div class=\"wp-block-image\">\n<figure class=\"aligncenter size-large\"><img loading=\"lazy\" decoding=\"async\" width=\"1024\" height=\"717\" src=\"https:\/\/www.monaco-tribune.com\/wp-content\/uploads\/2022\/07\/monte-carlo-tir-aux-pigeons-casino-et-hotel-de-paris-1024x717.jpg\" alt=\"Monte-Carlo-Tiro-al-piccione-Casino-e-H\u00f4tel-de-Paris\" class=\"wp-image-131467\" srcset=\"https:\/\/www.monaco-tribune.com\/wp-content\/uploads\/2022\/07\/monte-carlo-tir-aux-pigeons-casino-et-hotel-de-paris-1024x717.jpg 1024w, https:\/\/www.monaco-tribune.com\/wp-content\/uploads\/2022\/07\/monte-carlo-tir-aux-pigeons-casino-et-hotel-de-paris-429x300.jpg 429w, https:\/\/www.monaco-tribune.com\/wp-content\/uploads\/2022\/07\/monte-carlo-tir-aux-pigeons-casino-et-hotel-de-paris.jpg 1276w\" sizes=\"auto, (max-width: 1024px) 100vw, 1024px\" \/><figcaption><em>\u00a9 Jean-Paul Bascoul &#8211; La nuova estensione al Portier dell&#8217;inizio degli anni &#8217;60<\/em><\/figcaption><\/figure>\n<\/div>\n\n<div class=\"wp-block-image\">\n<figure class=\"aligncenter size-large\"><img loading=\"lazy\" decoding=\"async\" width=\"1024\" height=\"699\" src=\"https:\/\/www.monaco-tribune.com\/wp-content\/uploads\/2022\/07\/monte-carlo-la-constructiuon-du-hall-du-centenaire-30-decembre-1965-ensemble-1024x699.jpg\" alt=\"Monte-Carlo-Costruzione-Hall-du-Centenaire-1965\" class=\"wp-image-131456\" srcset=\"https:\/\/www.monaco-tribune.com\/wp-content\/uploads\/2022\/07\/monte-carlo-la-constructiuon-du-hall-du-centenaire-30-decembre-1965-ensemble-1024x699.jpg 1024w, https:\/\/www.monaco-tribune.com\/wp-content\/uploads\/2022\/07\/monte-carlo-la-constructiuon-du-hall-du-centenaire-30-decembre-1965-ensemble-440x300.jpg 440w, https:\/\/www.monaco-tribune.com\/wp-content\/uploads\/2022\/07\/monte-carlo-la-constructiuon-du-hall-du-centenaire-30-decembre-1965-ensemble.jpg 1309w\" sizes=\"auto, (max-width: 1024px) 100vw, 1024px\" \/><figcaption><em>\u00a9 Jean-Paul Bascoul<\/em> &#8211;<em> L&#8217;Hall du Centenaire in fase di costruzione nel dicembre 1965<\/em><\/figcaption><\/figure>\n<\/div>\n\n\n<p>L&#8217;Hall du Centenaire, completato nel 1966, celebrava i 100 anni dell&#8217;inaugurazione del Casino, della sua piazza e dell&#8217;H\u00f4tel de Paris, nonch\u00e9 del nuovo quartiere di Monte-Carlo. L&#8217;edificio \u00e8 stato la sala espositiva degli eventi del Principato fino al 1992. Dopodich\u00e9 \u00e8 stato avviato l&#8217;ambizioso progetto del Grimaldi Forum, la cui costruzione \u00e8 proseguita fino alla fine del XX secolo.<\/p>\n\n\n\n<p><strong>LEGGI ANCHE: <a href=\"https:\/\/www.monaco-tribune.com\/it\/2022\/06\/un-paesaggio-da-cartolina-il-casino-e-la-sua-piazza\/\">Un paesaggio da cartolina: il Casino e la sua piazza<\/a><\/strong><\/p>\n\n\n<div class=\"wp-block-image\">\n<figure class=\"aligncenter size-large\"><img loading=\"lazy\" decoding=\"async\" width=\"1024\" height=\"713\" src=\"https:\/\/www.monaco-tribune.com\/wp-content\/uploads\/2022\/07\/monaco-larvotto-sporting-hall-du-centenaire-1024x713.jpg\" alt=\"monaco-larvotto-sporting-hall-du-centenaire\" class=\"wp-image-131474\" srcset=\"https:\/\/www.monaco-tribune.com\/wp-content\/uploads\/2022\/07\/monaco-larvotto-sporting-hall-du-centenaire-1024x713.jpg 1024w, https:\/\/www.monaco-tribune.com\/wp-content\/uploads\/2022\/07\/monaco-larvotto-sporting-hall-du-centenaire-431x300.jpg 431w, https:\/\/www.monaco-tribune.com\/wp-content\/uploads\/2022\/07\/monaco-larvotto-sporting-hall-du-centenaire.jpg 1282w\" sizes=\"auto, (max-width: 1024px) 100vw, 1024px\" \/><figcaption><em>\u00a9 Jean-Paul Bascoul &#8211; Il Larvotto alla fine degli anni &#8217;70<\/em><\/figcaption><\/figure>\n<\/div>\n\n\n<p>La demolizione dell&#8217;Hall du Centenaire ha poi permesso di gettare le fondamenta del Grimaldi Forum nel 1992. Il Larvotto ha ospitato un cantiere gigantesco per ben otto anni. Nel frattempo nel 1994 \u00e8 stato realizzato il Giardino Giapponese per arricchire l&#8217;area circostante di quello che sarebbe diventato il cuore della cultura monegasca.<\/p>\n\n\n<div class=\"wp-block-image\">\n<figure class=\"aligncenter size-large\"><img loading=\"lazy\" decoding=\"async\" width=\"1024\" height=\"711\" src=\"https:\/\/www.monaco-tribune.com\/wp-content\/uploads\/2022\/07\/monaco-larvotto-debut-annees-90-1024x711.jpg\" alt=\"monaco-larvotto-inizio-anni-90\" class=\"wp-image-131523\" srcset=\"https:\/\/www.monaco-tribune.com\/wp-content\/uploads\/2022\/07\/monaco-larvotto-debut-annees-90-1024x711.jpg 1024w, https:\/\/www.monaco-tribune.com\/wp-content\/uploads\/2022\/07\/monaco-larvotto-debut-annees-90-432x300.jpg 432w, https:\/\/www.monaco-tribune.com\/wp-content\/uploads\/2022\/07\/monaco-larvotto-debut-annees-90.jpg 1286w\" sizes=\"auto, (max-width: 1024px) 100vw, 1024px\" \/><figcaption><em>\u00a9 Jean-Paul Bascoul &#8211; Il Larvotto e l&#8217;estensione dell&#8217;Hall du Centenaire libera all&#8217;inizio degli anni &#8217;90<\/em><\/figcaption><\/figure>\n<\/div>\n\n<div class=\"wp-block-image\">\n<figure class=\"aligncenter size-full\"><img loading=\"lazy\" decoding=\"async\" width=\"1020\" height=\"680\" src=\"https:\/\/www.monaco-tribune.com\/wp-content\/uploads\/2022\/07\/grimaldi-forum-construction-2000-monaco.jpg\" alt=\"grimaldi-forum-costruzione-2000-monaco\" class=\"wp-image-131503\" srcset=\"https:\/\/www.monaco-tribune.com\/wp-content\/uploads\/2022\/07\/grimaldi-forum-construction-2000-monaco.jpg 1020w, https:\/\/www.monaco-tribune.com\/wp-content\/uploads\/2022\/07\/grimaldi-forum-construction-2000-monaco-450x300.jpg 450w\" sizes=\"auto, (max-width: 1020px) 100vw, 1020px\" \/><figcaption><em>\u00a9 Grimaldi Forum Monaco &#8211; L&#8217;enorme cantiere del Grimaldi Forum<\/em><\/figcaption><\/figure>\n<\/div>\n\n\n<p>Il Grimaldi Forum \u00e8 stato inaugurato nel 2000. L&#8217;edificio copre una superficie di 70.000 m\u00b2. Si tratta di una struttura in vetro e acciaio che \u00e8 diventata famosa nel Principato grazie al suo profilo particolare.<\/p>\n\n\n\n<p>Il Forum accoglie al suo interno un teatro, tre auditorium con 1.800, 800 e 400 posti ciascuno, 22 sale conferenze e sette punti ristoro. Presenta inoltre uno spazio modulare di 35.000 m\u00b2 che si adatta al meglio alle mostre e agli eventi svolti nell&#8217;imponente Centro Congressi e di Cultura. Nel 2019 circa 300.000 visitatori hanno varcato la soglia del Grimaldi Forum, che nello stesso anno \u00e8 rimasto chiuso solo per 10 giorni, a dimostrazione della sua attrattivit\u00e0 internazionale.<\/p>\n\n\n<div class=\"wp-block-image\">\n<figure class=\"aligncenter size-large\"><img loading=\"lazy\" decoding=\"async\" width=\"1024\" height=\"683\" src=\"https:\/\/www.monaco-tribune.com\/wp-content\/uploads\/2022\/07\/grimaldi-forum-verre-acier-monaco-1024x683.jpg\" alt=\"grimaldi-forum-vetro-acciaio-monaco\" class=\"wp-image-131680\" srcset=\"https:\/\/www.monaco-tribune.com\/wp-content\/uploads\/2022\/07\/grimaldi-forum-verre-acier-monaco-1024x683.jpg 1024w, https:\/\/www.monaco-tribune.com\/wp-content\/uploads\/2022\/07\/grimaldi-forum-verre-acier-monaco-450x300.jpg 450w, https:\/\/www.monaco-tribune.com\/wp-content\/uploads\/2022\/07\/grimaldi-forum-verre-acier-monaco.jpg 2048w\" sizes=\"auto, (max-width: 1024px) 100vw, 1024px\" \/><figcaption><em>\u00a9 Grimaldi Forum Monaco<\/em><\/figcaption><\/figure>\n<\/div>\n\n<div class=\"wp-block-image\">\n<figure class=\"aligncenter size-large\"><img loading=\"lazy\" decoding=\"async\" width=\"1024\" height=\"727\" src=\"https:\/\/www.monaco-tribune.com\/wp-content\/uploads\/2022\/07\/monaco-monte-carlo-le-grimaldi-forum-molipor1022-1024x727.jpg\" alt=\"Monaco-Monte-Carlo-Grimaldi-Forum.jpg\" class=\"wp-image-131652\" srcset=\"https:\/\/www.monaco-tribune.com\/wp-content\/uploads\/2022\/07\/monaco-monte-carlo-le-grimaldi-forum-molipor1022-1024x727.jpg 1024w, https:\/\/www.monaco-tribune.com\/wp-content\/uploads\/2022\/07\/monaco-monte-carlo-le-grimaldi-forum-molipor1022-423x300.jpg 423w, https:\/\/www.monaco-tribune.com\/wp-content\/uploads\/2022\/07\/monaco-monte-carlo-le-grimaldi-forum-molipor1022.jpg 1258w\" sizes=\"auto, (max-width: 1024px) 100vw, 1024px\" \/><figcaption><em>\u00a9 Jean-Paul Bascoul<\/em><\/figcaption><\/figure>\n<\/div>\n\n\n<p>Oggi il tetto del Grimaldi Forum \u00e8 coperto da 1.500 pannelli fotovoltaici. Costituisce infatti il primo impianto fotovoltaico di grandi dimensioni del Principato. L&#8217;energia elettrica prodotta, che consente di soddisfare interamente i bisogni del centro, corrisponde al consumo annuo di 170 famiglie monegasche.<\/p>\n\n\n\n<figure class=\"wp-block-image size-large\"><img loading=\"lazy\" decoding=\"async\" width=\"1024\" height=\"704\" src=\"https:\/\/www.monaco-tribune.com\/wp-content\/uploads\/2022\/07\/panneaux-photovoltaiques-grimaldi-forum-1024x704.jpg\" alt=\"pannelli-fotovoltaici-grimaldi-forum\" class=\"wp-image-131690\" srcset=\"https:\/\/www.monaco-tribune.com\/wp-content\/uploads\/2022\/07\/panneaux-photovoltaiques-grimaldi-forum-1024x704.jpg 1024w, https:\/\/www.monaco-tribune.com\/wp-content\/uploads\/2022\/07\/panneaux-photovoltaiques-grimaldi-forum-436x300.jpg 436w, https:\/\/www.monaco-tribune.com\/wp-content\/uploads\/2022\/07\/panneaux-photovoltaiques-grimaldi-forum.jpg 2048w\" sizes=\"auto, (max-width: 1024px) 100vw, 1024px\" \/><\/figure>\n\n\n\n<p>Nel 2025, in occasione del suo 25\u00b0 anniversario, il Grimaldi Forum intende espandersi a sud in vista della <a href=\"https:\/\/www.monaco-tribune.com\/it\/2022\/02\/3-curiosita-sorprendenti-sul-mega-cantiere-di-mareterra\/\">nuova estensione sul mare Mareterra<\/a>. La superficie totale del Grimaldi Forum dovrebbe quindi passare dai 70.000 m\u00b2 attuali agli 80.000 m\u00b2 e lo spazio modulare dovrebbe raggiungere i 41.000 m\u00b2. Saranno inoltre aggiunti tre nuovi punti ristoro.<\/p>\n\n\n\n<figure class=\"wp-block-embed is-type-video is-provider-youtube wp-block-embed-youtube wp-embed-aspect-16-9 wp-has-aspect-ratio\"><div class=\"wp-block-embed__wrapper\">\n<iframe title=\"[FR] TEASER - EXTENSION GRIMALDI FORUM MONACO\" width=\"500\" height=\"281\" src=\"https:\/\/www.youtube.com\/embed\/vvpBgJ0astw?feature=oembed\" frameborder=\"0\" allow=\"accelerometer; autoplay; clipboard-write; encrypted-media; gyroscope; picture-in-picture; web-share\" referrerpolicy=\"strict-origin-when-cross-origin\" allowfullscreen><\/iframe>\n<\/div><\/figure>\n\n\n<div class=\"wp-block-image\">\n<figure class=\"aligncenter size-full\"><img loading=\"lazy\" decoding=\"async\" width=\"1020\" height=\"740\" src=\"https:\/\/www.monaco-tribune.com\/wp-content\/uploads\/2022\/07\/mareterra-extension-mer-2025-anse-portier.jpg\" alt=\"MareTerra-estensione-mare-2025-ansa-portier\" class=\"wp-image-131720\" srcset=\"https:\/\/www.monaco-tribune.com\/wp-content\/uploads\/2022\/07\/mareterra-extension-mer-2025-anse-portier.jpg 1020w, https:\/\/www.monaco-tribune.com\/wp-content\/uploads\/2022\/07\/mareterra-extension-mer-2025-anse-portier-414x300.jpg 414w\" sizes=\"auto, (max-width: 1020px) 100vw, 1020px\" \/><figcaption><em>\u00a9 DR<\/em><\/figcaption><\/figure>\n<\/div>\n\n<div class=\"wp-block-image\">\n<figure class=\"aligncenter size-large\"><img loading=\"lazy\" decoding=\"async\" width=\"1024\" height=\"576\" src=\"https:\/\/www.monaco-tribune.com\/wp-content\/uploads\/2022\/07\/grimaldi-forum-monaco-extension-2025-projet-1024x576.jpg\" alt=\"Grimaldi-Forum-Monaco-estensione-2025-progetto\" class=\"wp-image-131702\" srcset=\"https:\/\/www.monaco-tribune.com\/wp-content\/uploads\/2022\/07\/grimaldi-forum-monaco-extension-2025-projet-1024x576.jpg 1024w, https:\/\/www.monaco-tribune.com\/wp-content\/uploads\/2022\/07\/grimaldi-forum-monaco-extension-2025-projet-533x300.jpg 533w, https:\/\/www.monaco-tribune.com\/wp-content\/uploads\/2022\/07\/grimaldi-forum-monaco-extension-2025-projet.jpg 1266w\" sizes=\"auto, (max-width: 1024px) 100vw, 1024px\" \/><figcaption><em>\u00a9 Grimaldi Forum Monaco<\/em><\/figcaption><\/figure>\n<\/div>\n\n\n<p>Monaco \u00e8 molto cambiata nel corso del XX secolo e il Grimaldi Forum ne \u00e8 testimone. Se volete conoscere meglio i cambiamenti apportati nel resto della citt\u00e0, \u00e8 stato creato un gruppo Facebook, gestito da <a href=\"https:\/\/www.monaco-tribune.com\/it\/2021\/10\/due-chiacchiere-con-jean-paul-bascoul-cacciatore-di-storie-e-collezionista-di-foto\/\">Jean-Paul Bascoul<\/a>, dove gli appassionati condividono vecchie foto del Principato. Si tratta di <a href=\"https:\/\/www.facebook.com\/groups\/1389253567814679\/\" target=\"_blank\" rel=\"noreferrer noopener\">Monaco4Ever<\/a>.<\/p>\n","protected":false},"excerpt":{"rendered":"<p>Una serie di immagini per ripercorrere la storia dei luoghi pi\u00f9 apprezzati di Monaco. Oggi \u00e8 la volta dell&#8217;emblematico Grimaldi [&hellip;]<\/p>\n","protected":false},"author":66,"featured_media":131725,"comment_status":"closed","ping_status":"closed","sticky":false,"template":"","format":"standard","meta":{"_acf_changed":false,"footnotes":""},"categories":[1740,1826,1738],"tags":[2999],"post_sectags":[],"post_format":[2474],"class_list":["post-132201","post","type-post","status-publish","format-standard","has-post-thumbnail","hentry","category-cosa-fare","category-la-nostra-scelta","category-notizie","tag-patrimonio","format-foto"],"acf":[],"yoast_head":"<!-- This site is optimized with the Yoast SEO Premium plugin v26.8 (Yoast SEO v27.4) - https:\/\/yoast.com\/product\/yoast-seo-premium-wordpress\/ -->\n<title>Un paesaggio da cartolina: il Grimaldi Forum<\/title>\n<meta name=\"description\" content=\"Una serie di immagini per ripercorrere la storia dei luoghi pi\u00f9 apprezzati di Monaco. Oggi \u00e8 la volta dell&#039;emblematico Grimaldi Forum. Il Grimaldi Forum,\" \/>\n<meta name=\"robots\" content=\"index, follow, max-snippet:-1, max-image-preview:large, max-video-preview:-1\" \/>\n<link rel=\"canonical\" href=\"https:\/\/www.monaco-tribune.com\/it\/2022\/07\/un-paesaggio-da-cartolina-il-grimaldi-forum\/\" \/>\n<meta property=\"og:locale\" content=\"it_IT\" \/>\n<meta property=\"og:type\" content=\"article\" \/>\n<meta property=\"og:title\" content=\"Un paesaggio da cartolina: il Grimaldi Forum - Monaco Tribune\" \/>\n<meta property=\"og:description\" content=\"Una serie di immagini per ripercorrere la storia dei luoghi pi\u00f9 apprezzati di Monaco. Oggi \u00e8 la volta dell&#039;emblematico Grimaldi Forum. Il Grimaldi Forum,\" \/>\n<meta property=\"og:url\" content=\"https:\/\/www.monaco-tribune.com\/it\/2022\/07\/un-paesaggio-da-cartolina-il-grimaldi-forum\/\" \/>\n<meta property=\"og:site_name\" content=\"Monaco Tribune\" \/>\n<meta property=\"article:publisher\" content=\"https:\/\/www.facebook.com\/MonacoTribune\" \/>\n<meta property=\"article:published_time\" content=\"2022-07-25T16:40:12+00:00\" \/>\n<meta property=\"article:modified_time\" content=\"2022-07-25T17:13:23+00:00\" \/>\n<meta property=\"og:image\" content=\"https:\/\/www.monaco-tribune.com\/wp-content\/uploads\/2022\/07\/monaco-hall-du-centenaire-larvotto-sporting.jpg\" \/>\n\t<meta property=\"og:image:width\" content=\"1277\" \/>\n\t<meta property=\"og:image:height\" content=\"851\" \/>\n\t<meta property=\"og:image:type\" content=\"image\/jpeg\" \/>\n<meta name=\"author\" content=\"Th\u00e9o Briand\" \/>\n<meta name=\"twitter:card\" content=\"summary_large_image\" \/>\n<meta name=\"twitter:creator\" content=\"@MonacoTribune\" \/>\n<meta name=\"twitter:site\" content=\"@MonacoTribune\" \/>\n<script type=\"application\/ld+json\" class=\"yoast-schema-graph\">{\"@context\":\"https:\\\/\\\/schema.org\",\"@graph\":[{\"@type\":\"NewsArticle\",\"@id\":\"https:\\\/\\\/www.monaco-tribune.com\\\/it\\\/2022\\\/07\\\/un-paesaggio-da-cartolina-il-grimaldi-forum\\\/#article\",\"isPartOf\":{\"@id\":\"https:\\\/\\\/www.monaco-tribune.com\\\/it\\\/2022\\\/07\\\/un-paesaggio-da-cartolina-il-grimaldi-forum\\\/\"},\"author\":{\"name\":\"Th\u00e9o Briand\",\"@id\":\"https:\\\/\\\/www.monaco-tribune.com\\\/it\\\/#\\\/schema\\\/person\\\/94fb5723547bd83dea1eed97e25145aa\"},\"headline\":\"Un paesaggio da cartolina: il Grimaldi Forum\",\"datePublished\":\"2022-07-25T16:40:12+00:00\",\"dateModified\":\"2022-07-25T17:13:23+00:00\",\"mainEntityOfPage\":{\"@id\":\"https:\\\/\\\/www.monaco-tribune.com\\\/it\\\/2022\\\/07\\\/un-paesaggio-da-cartolina-il-grimaldi-forum\\\/\"},\"wordCount\":672,\"publisher\":{\"@id\":\"https:\\\/\\\/www.monaco-tribune.com\\\/it\\\/#organization\"},\"image\":{\"@id\":\"https:\\\/\\\/www.monaco-tribune.com\\\/it\\\/2022\\\/07\\\/un-paesaggio-da-cartolina-il-grimaldi-forum\\\/#primaryimage\"},\"thumbnailUrl\":\"https:\\\/\\\/www.monaco-tribune.com\\\/wp-content\\\/uploads\\\/2022\\\/07\\\/monaco-hall-du-centenaire-larvotto-sporting.jpg\",\"keywords\":[\"Patrimonio\"],\"articleSection\":[\"Cosa fare\",\"La nostra scelta\",\"Notizie\"],\"inLanguage\":\"it-IT\",\"copyrightYear\":\"2022\",\"copyrightHolder\":{\"@id\":\"https:\\\/\\\/www.monaco-tribune.com\\\/#organization\"}},{\"@type\":\"WebPage\",\"@id\":\"https:\\\/\\\/www.monaco-tribune.com\\\/it\\\/2022\\\/07\\\/un-paesaggio-da-cartolina-il-grimaldi-forum\\\/\",\"url\":\"https:\\\/\\\/www.monaco-tribune.com\\\/it\\\/2022\\\/07\\\/un-paesaggio-da-cartolina-il-grimaldi-forum\\\/\",\"name\":\"Un paesaggio da cartolina: il Grimaldi Forum\",\"isPartOf\":{\"@id\":\"https:\\\/\\\/www.monaco-tribune.com\\\/it\\\/#website\"},\"primaryImageOfPage\":{\"@id\":\"https:\\\/\\\/www.monaco-tribune.com\\\/it\\\/2022\\\/07\\\/un-paesaggio-da-cartolina-il-grimaldi-forum\\\/#primaryimage\"},\"image\":{\"@id\":\"https:\\\/\\\/www.monaco-tribune.com\\\/it\\\/2022\\\/07\\\/un-paesaggio-da-cartolina-il-grimaldi-forum\\\/#primaryimage\"},\"thumbnailUrl\":\"https:\\\/\\\/www.monaco-tribune.com\\\/wp-content\\\/uploads\\\/2022\\\/07\\\/monaco-hall-du-centenaire-larvotto-sporting.jpg\",\"datePublished\":\"2022-07-25T16:40:12+00:00\",\"dateModified\":\"2022-07-25T17:13:23+00:00\",\"description\":\"Una serie di immagini per ripercorrere la storia dei luoghi pi\u00f9 apprezzati di Monaco. Oggi \u00e8 la volta dell'emblematico Grimaldi Forum. Il Grimaldi Forum,\",\"breadcrumb\":{\"@id\":\"https:\\\/\\\/www.monaco-tribune.com\\\/it\\\/2022\\\/07\\\/un-paesaggio-da-cartolina-il-grimaldi-forum\\\/#breadcrumb\"},\"inLanguage\":\"it-IT\",\"potentialAction\":[{\"@type\":\"ReadAction\",\"target\":[\"https:\\\/\\\/www.monaco-tribune.com\\\/it\\\/2022\\\/07\\\/un-paesaggio-da-cartolina-il-grimaldi-forum\\\/\"]}]},{\"@type\":\"ImageObject\",\"inLanguage\":\"it-IT\",\"@id\":\"https:\\\/\\\/www.monaco-tribune.com\\\/it\\\/2022\\\/07\\\/un-paesaggio-da-cartolina-il-grimaldi-forum\\\/#primaryimage\",\"url\":\"https:\\\/\\\/www.monaco-tribune.com\\\/wp-content\\\/uploads\\\/2022\\\/07\\\/monaco-hall-du-centenaire-larvotto-sporting.jpg\",\"contentUrl\":\"https:\\\/\\\/www.monaco-tribune.com\\\/wp-content\\\/uploads\\\/2022\\\/07\\\/monaco-hall-du-centenaire-larvotto-sporting.jpg\",\"width\":1277,\"height\":851,\"caption\":\"Jean-Paul Bascoul\"},{\"@type\":\"BreadcrumbList\",\"@id\":\"https:\\\/\\\/www.monaco-tribune.com\\\/it\\\/2022\\\/07\\\/un-paesaggio-da-cartolina-il-grimaldi-forum\\\/#breadcrumb\",\"itemListElement\":[{\"@type\":\"ListItem\",\"position\":1,\"name\":\"Accueil\",\"item\":\"https:\\\/\\\/www.monaco-tribune.com\\\/it\\\/\"},{\"@type\":\"ListItem\",\"position\":2,\"name\":\"Un paesaggio da cartolina: il Grimaldi Forum\"}]},{\"@type\":\"WebSite\",\"@id\":\"https:\\\/\\\/www.monaco-tribune.com\\\/it\\\/#website\",\"url\":\"https:\\\/\\\/www.monaco-tribune.com\\\/it\\\/\",\"name\":\"Monaco Tribune\",\"description\":\"Monaco : actualit\u00e9s \u00e9conomiques, politiques, culturelles et sportives de Monaco et de la French Riviera.\",\"publisher\":{\"@id\":\"https:\\\/\\\/www.monaco-tribune.com\\\/it\\\/#organization\"},\"potentialAction\":[{\"@type\":\"SearchAction\",\"target\":{\"@type\":\"EntryPoint\",\"urlTemplate\":\"https:\\\/\\\/www.monaco-tribune.com\\\/it\\\/?s={search_term_string}\"},\"query-input\":{\"@type\":\"PropertyValueSpecification\",\"valueRequired\":true,\"valueName\":\"search_term_string\"}}],\"inLanguage\":\"it-IT\"},{\"@type\":\"Organization\",\"@id\":\"https:\\\/\\\/www.monaco-tribune.com\\\/it\\\/#organization\",\"name\":\"Monaco Tribune\",\"url\":\"https:\\\/\\\/www.monaco-tribune.com\\\/it\\\/\",\"logo\":{\"@type\":\"ImageObject\",\"inLanguage\":\"it-IT\",\"@id\":\"https:\\\/\\\/www.monaco-tribune.com\\\/it\\\/#\\\/schema\\\/logo\\\/image\\\/\",\"url\":\"https:\\\/\\\/www.monaco-tribune.com\\\/wp-content\\\/uploads\\\/2022\\\/11\\\/logo-monaco-tribune.png\",\"contentUrl\":\"https:\\\/\\\/www.monaco-tribune.com\\\/wp-content\\\/uploads\\\/2022\\\/11\\\/logo-monaco-tribune.png\",\"width\":1548,\"height\":600,\"caption\":\"Monaco Tribune\"},\"image\":{\"@id\":\"https:\\\/\\\/www.monaco-tribune.com\\\/it\\\/#\\\/schema\\\/logo\\\/image\\\/\"},\"sameAs\":[\"https:\\\/\\\/www.facebook.com\\\/MonacoTribune\",\"https:\\\/\\\/x.com\\\/MonacoTribune\",\"https:\\\/\\\/www.instagram.com\\\/monacotribune\\\/\",\"https:\\\/\\\/www.linkedin.com\\\/company\\\/monaco-tribune\",\"https:\\\/\\\/www.youtube.com\\\/channel\\\/UCHle1MnG6hw1y4lWKijVbMA\"]},{\"@type\":\"Person\",\"@id\":\"https:\\\/\\\/www.monaco-tribune.com\\\/it\\\/#\\\/schema\\\/person\\\/94fb5723547bd83dea1eed97e25145aa\",\"name\":\"Th\u00e9o Briand\",\"image\":{\"@type\":\"ImageObject\",\"inLanguage\":\"it-IT\",\"@id\":\"https:\\\/\\\/secure.gravatar.com\\\/avatar\\\/1c02cfd8b8054d8c376f9a942a1dc4dbacfd8ba5e6f8dbb5e16f4aa3d281972a?s=96&d=mm&r=g\",\"url\":\"https:\\\/\\\/secure.gravatar.com\\\/avatar\\\/1c02cfd8b8054d8c376f9a942a1dc4dbacfd8ba5e6f8dbb5e16f4aa3d281972a?s=96&d=mm&r=g\",\"contentUrl\":\"https:\\\/\\\/secure.gravatar.com\\\/avatar\\\/1c02cfd8b8054d8c376f9a942a1dc4dbacfd8ba5e6f8dbb5e16f4aa3d281972a?s=96&d=mm&r=g\",\"caption\":\"Th\u00e9o Briand\"},\"url\":\"https:\\\/\\\/www.monaco-tribune.com\\\/it\\\/author\\\/theobriand\\\/\"}]}<\/script>\n<!-- \/ Yoast SEO Premium plugin. -->","yoast_head_json":{"title":"Un paesaggio da cartolina: il Grimaldi Forum","description":"Una serie di immagini per ripercorrere la storia dei luoghi pi\u00f9 apprezzati di Monaco. Oggi \u00e8 la volta dell'emblematico Grimaldi Forum. Il Grimaldi Forum,","robots":{"index":"index","follow":"follow","max-snippet":"max-snippet:-1","max-image-preview":"max-image-preview:large","max-video-preview":"max-video-preview:-1"},"canonical":"https:\/\/www.monaco-tribune.com\/it\/2022\/07\/un-paesaggio-da-cartolina-il-grimaldi-forum\/","og_locale":"it_IT","og_type":"article","og_title":"Un paesaggio da cartolina: il Grimaldi Forum - Monaco Tribune","og_description":"Una serie di immagini per ripercorrere la storia dei luoghi pi\u00f9 apprezzati di Monaco. Oggi \u00e8 la volta dell'emblematico Grimaldi Forum. Il Grimaldi Forum,","og_url":"https:\/\/www.monaco-tribune.com\/it\/2022\/07\/un-paesaggio-da-cartolina-il-grimaldi-forum\/","og_site_name":"Monaco Tribune","article_publisher":"https:\/\/www.facebook.com\/MonacoTribune","article_published_time":"2022-07-25T16:40:12+00:00","article_modified_time":"2022-07-25T17:13:23+00:00","og_image":[{"width":1277,"height":851,"url":"https:\/\/www.monaco-tribune.com\/wp-content\/uploads\/2022\/07\/monaco-hall-du-centenaire-larvotto-sporting.jpg","type":"image\/jpeg"}],"author":"Th\u00e9o Briand","twitter_card":"summary_large_image","twitter_creator":"@MonacoTribune","twitter_site":"@MonacoTribune","schema":{"@context":"https:\/\/schema.org","@graph":[{"@type":"NewsArticle","@id":"https:\/\/www.monaco-tribune.com\/it\/2022\/07\/un-paesaggio-da-cartolina-il-grimaldi-forum\/#article","isPartOf":{"@id":"https:\/\/www.monaco-tribune.com\/it\/2022\/07\/un-paesaggio-da-cartolina-il-grimaldi-forum\/"},"author":{"name":"Th\u00e9o Briand","@id":"https:\/\/www.monaco-tribune.com\/it\/#\/schema\/person\/94fb5723547bd83dea1eed97e25145aa"},"headline":"Un paesaggio da cartolina: il Grimaldi Forum","datePublished":"2022-07-25T16:40:12+00:00","dateModified":"2022-07-25T17:13:23+00:00","mainEntityOfPage":{"@id":"https:\/\/www.monaco-tribune.com\/it\/2022\/07\/un-paesaggio-da-cartolina-il-grimaldi-forum\/"},"wordCount":672,"publisher":{"@id":"https:\/\/www.monaco-tribune.com\/it\/#organization"},"image":{"@id":"https:\/\/www.monaco-tribune.com\/it\/2022\/07\/un-paesaggio-da-cartolina-il-grimaldi-forum\/#primaryimage"},"thumbnailUrl":"https:\/\/www.monaco-tribune.com\/wp-content\/uploads\/2022\/07\/monaco-hall-du-centenaire-larvotto-sporting.jpg","keywords":["Patrimonio"],"articleSection":["Cosa fare","La nostra scelta","Notizie"],"inLanguage":"it-IT","copyrightYear":"2022","copyrightHolder":{"@id":"https:\/\/www.monaco-tribune.com\/#organization"}},{"@type":"WebPage","@id":"https:\/\/www.monaco-tribune.com\/it\/2022\/07\/un-paesaggio-da-cartolina-il-grimaldi-forum\/","url":"https:\/\/www.monaco-tribune.com\/it\/2022\/07\/un-paesaggio-da-cartolina-il-grimaldi-forum\/","name":"Un paesaggio da cartolina: il Grimaldi Forum","isPartOf":{"@id":"https:\/\/www.monaco-tribune.com\/it\/#website"},"primaryImageOfPage":{"@id":"https:\/\/www.monaco-tribune.com\/it\/2022\/07\/un-paesaggio-da-cartolina-il-grimaldi-forum\/#primaryimage"},"image":{"@id":"https:\/\/www.monaco-tribune.com\/it\/2022\/07\/un-paesaggio-da-cartolina-il-grimaldi-forum\/#primaryimage"},"thumbnailUrl":"https:\/\/www.monaco-tribune.com\/wp-content\/uploads\/2022\/07\/monaco-hall-du-centenaire-larvotto-sporting.jpg","datePublished":"2022-07-25T16:40:12+00:00","dateModified":"2022-07-25T17:13:23+00:00","description":"Una serie di immagini per ripercorrere la storia dei luoghi pi\u00f9 apprezzati di Monaco. Oggi \u00e8 la volta dell'emblematico Grimaldi Forum. Il Grimaldi Forum,","breadcrumb":{"@id":"https:\/\/www.monaco-tribune.com\/it\/2022\/07\/un-paesaggio-da-cartolina-il-grimaldi-forum\/#breadcrumb"},"inLanguage":"it-IT","potentialAction":[{"@type":"ReadAction","target":["https:\/\/www.monaco-tribune.com\/it\/2022\/07\/un-paesaggio-da-cartolina-il-grimaldi-forum\/"]}]},{"@type":"ImageObject","inLanguage":"it-IT","@id":"https:\/\/www.monaco-tribune.com\/it\/2022\/07\/un-paesaggio-da-cartolina-il-grimaldi-forum\/#primaryimage","url":"https:\/\/www.monaco-tribune.com\/wp-content\/uploads\/2022\/07\/monaco-hall-du-centenaire-larvotto-sporting.jpg","contentUrl":"https:\/\/www.monaco-tribune.com\/wp-content\/uploads\/2022\/07\/monaco-hall-du-centenaire-larvotto-sporting.jpg","width":1277,"height":851,"caption":"Jean-Paul Bascoul"},{"@type":"BreadcrumbList","@id":"https:\/\/www.monaco-tribune.com\/it\/2022\/07\/un-paesaggio-da-cartolina-il-grimaldi-forum\/#breadcrumb","itemListElement":[{"@type":"ListItem","position":1,"name":"Accueil","item":"https:\/\/www.monaco-tribune.com\/it\/"},{"@type":"ListItem","position":2,"name":"Un paesaggio da cartolina: il Grimaldi Forum"}]},{"@type":"WebSite","@id":"https:\/\/www.monaco-tribune.com\/it\/#website","url":"https:\/\/www.monaco-tribune.com\/it\/","name":"Monaco Tribune","description":"Monaco : actualit\u00e9s \u00e9conomiques, politiques, culturelles et sportives de Monaco et de la French Riviera.","publisher":{"@id":"https:\/\/www.monaco-tribune.com\/it\/#organization"},"potentialAction":[{"@type":"SearchAction","target":{"@type":"EntryPoint","urlTemplate":"https:\/\/www.monaco-tribune.com\/it\/?s={search_term_string}"},"query-input":{"@type":"PropertyValueSpecification","valueRequired":true,"valueName":"search_term_string"}}],"inLanguage":"it-IT"},{"@type":"Organization","@id":"https:\/\/www.monaco-tribune.com\/it\/#organization","name":"Monaco Tribune","url":"https:\/\/www.monaco-tribune.com\/it\/","logo":{"@type":"ImageObject","inLanguage":"it-IT","@id":"https:\/\/www.monaco-tribune.com\/it\/#\/schema\/logo\/image\/","url":"https:\/\/www.monaco-tribune.com\/wp-content\/uploads\/2022\/11\/logo-monaco-tribune.png","contentUrl":"https:\/\/www.monaco-tribune.com\/wp-content\/uploads\/2022\/11\/logo-monaco-tribune.png","width":1548,"height":600,"caption":"Monaco Tribune"},"image":{"@id":"https:\/\/www.monaco-tribune.com\/it\/#\/schema\/logo\/image\/"},"sameAs":["https:\/\/www.facebook.com\/MonacoTribune","https:\/\/x.com\/MonacoTribune","https:\/\/www.instagram.com\/monacotribune\/","https:\/\/www.linkedin.com\/company\/monaco-tribune","https:\/\/www.youtube.com\/channel\/UCHle1MnG6hw1y4lWKijVbMA"]},{"@type":"Person","@id":"https:\/\/www.monaco-tribune.com\/it\/#\/schema\/person\/94fb5723547bd83dea1eed97e25145aa","name":"Th\u00e9o Briand","image":{"@type":"ImageObject","inLanguage":"it-IT","@id":"https:\/\/secure.gravatar.com\/avatar\/1c02cfd8b8054d8c376f9a942a1dc4dbacfd8ba5e6f8dbb5e16f4aa3d281972a?s=96&d=mm&r=g","url":"https:\/\/secure.gravatar.com\/avatar\/1c02cfd8b8054d8c376f9a942a1dc4dbacfd8ba5e6f8dbb5e16f4aa3d281972a?s=96&d=mm&r=g","contentUrl":"https:\/\/secure.gravatar.com\/avatar\/1c02cfd8b8054d8c376f9a942a1dc4dbacfd8ba5e6f8dbb5e16f4aa3d281972a?s=96&d=mm&r=g","caption":"Th\u00e9o Briand"},"url":"https:\/\/www.monaco-tribune.com\/it\/author\/theobriand\/"}]}},"_links":{"self":[{"href":"https:\/\/www.monaco-tribune.com\/it\/wp-json\/wp\/v2\/posts\/132201","targetHints":{"allow":["GET"]}}],"collection":[{"href":"https:\/\/www.monaco-tribune.com\/it\/wp-json\/wp\/v2\/posts"}],"about":[{"href":"https:\/\/www.monaco-tribune.com\/it\/wp-json\/wp\/v2\/types\/post"}],"author":[{"embeddable":true,"href":"https:\/\/www.monaco-tribune.com\/it\/wp-json\/wp\/v2\/users\/66"}],"replies":[{"embeddable":true,"href":"https:\/\/www.monaco-tribune.com\/it\/wp-json\/wp\/v2\/comments?post=132201"}],"version-history":[{"count":0,"href":"https:\/\/www.monaco-tribune.com\/it\/wp-json\/wp\/v2\/posts\/132201\/revisions"}],"wp:featuredmedia":[{"embeddable":true,"href":"https:\/\/www.monaco-tribune.com\/it\/wp-json\/wp\/v2\/media\/131725"}],"wp:attachment":[{"href":"https:\/\/www.monaco-tribune.com\/it\/wp-json\/wp\/v2\/media?parent=132201"}],"wp:term":[{"taxonomy":"category","embeddable":true,"href":"https:\/\/www.monaco-tribune.com\/it\/wp-json\/wp\/v2\/categories?post=132201"},{"taxonomy":"post_tag","embeddable":true,"href":"https:\/\/www.monaco-tribune.com\/it\/wp-json\/wp\/v2\/tags?post=132201"},{"taxonomy":"sectag","embeddable":true,"href":"https:\/\/www.monaco-tribune.com\/it\/wp-json\/wp\/v2\/post_sectags?post=132201"},{"taxonomy":"format","embeddable":true,"href":"https:\/\/www.monaco-tribune.com\/it\/wp-json\/wp\/v2\/post_format?post=132201"}],"curies":[{"name":"wp","href":"https:\/\/api.w.org\/{rel}","templated":true}]}}