{"id":132901,"date":"2022-07-29T20:14:17","date_gmt":"2022-07-29T18:14:17","guid":{"rendered":"https:\/\/www.monaco-tribune.com\/2022\/07\/invasione-di-ratti-a-monaco-ecco-cosa-ne-pensano-i-lettori\/"},"modified":"2022-07-29T20:14:26","modified_gmt":"2022-07-29T18:14:26","slug":"invasione-di-ratti-a-monaco-ecco-cosa-ne-pensano-i-lettori","status":"publish","type":"post","link":"https:\/\/www.monaco-tribune.com\/it\/2022\/07\/invasione-di-ratti-a-monaco-ecco-cosa-ne-pensano-i-lettori\/","title":{"rendered":"Invasione di ratti a Monaco? Ecco cosa ne pensano i lettori"},"content":{"rendered":"\n<p><strong>Secondo i nostri lettori, i roditori affollano sempre di pi\u00f9 le vie del Principato.<\/strong><\/p>\n\n<p>Malgrado i tentativi della citt\u00e0 per controllare la situazione, \u00e8 emersa ancora una volta, a Beausoleil, la piaga della proliferazione di ratti. E nel resto del Principato? Questi roditori, considerati animali infestanti, si fermano alla frontiera monegasca? Abbiamo chiesto la vostra opinione in merito.<\/p>\n\n<p>Secondo Christine, una delle nostre lettrici, si tratta di un annoso problema: &#8220;Niente di nuovo sotto il sole: basta vedere cosa butta per terra la gente, c&#8217;\u00e8 un menefreghismo totale!&#8221; Martine \u00e8 dello stesso parere: &#8220;\u00c8 ormai da tanto tempo che ci sono ratti a Monaco. Mi dispiace dirlo, ma non ci si pu\u00f2 nascondere dietro un dito.&#8221; &#8220;Sono dappertutto gi\u00e0 da anni, e&#8230;s\u00ec, attraversano i confini. Qualche anno fa, la passeggiata del Larvotto era totalmente invasa&#8221;, assicura Benjamin. &#8220;Prima le gru, poi i ratti&#8221;, si lamenta B\u00e9atrice.<\/p>\n\n<h2 class=\"wp-block-heading\" id=\"h-des-rats-du-port-jusqu-a-la-frontiere\">Ratti ovunque: &#8220;dal porto alla frontiera&#8221; <\/h2>\n\n<p>Secondo Eliane, il fenomeno sarebbe legato a comportamenti scorretti degli abitanti: &#8220;Se solo alcune persone non buttassero i loro rifiuti a terra, con il pretesto di nutrire i piccioni, perch\u00e9 sono troppo pigre per buttarli nei cassonetti appositi&#8230; Ho gi\u00e0 fatto questa segnalazione pi\u00f9 e pi\u00f9 volte sul Boulevard de Belgique. I residenti sono degli sporcaccioni!&#8221;<\/p>\n\n<p>Secondo i nostri lettori, i ratti sembrano essersi affezionati ad alcuni angoli del Principato. &#8220;Ce ne sono dappertutto! Dal porto alla frontiera: basta trovarsi nei pressi di un cassonetto della spazzatura vicino al porto, all&#8217;alba, senza fare rumore. Vedrete arrivare Ratatouille in allegra compagnia&#8221;, commenta Sebastien.<\/p>\n\n<p>&#8220;Cercate ratti? Basta andare al Larvotto, dietro il condomino &#8216;Bahia&#8217;. Ce ne sono centinaia, una vera e propria colonia. Sono enormi, \u00e8 impressionante&#8221; ci ha scritto un utente in un messaggio privato.<\/p>\n\n<p>Riportiamo anche la testimonianza di un&#8217;altra lettrice: &#8220;Una sera, tre mesi fa, mi \u00e8 capitato di vedere queste bestie saltare nelle fioriere dei Jardins d&#8217;Apolline.&#8221; &#8220;Boulevard de Belgique, qualche mese fa&#8221;: ecco dove ha avvistato altri topi Gilbert. &#8220;Lo zoo \u00e8 infestato dai ratti che saltellano da una gabbia all&#8217;altra in cerca di cibo&#8221;, aggiunge Nico.<\/p>\n\n<p>Un&#8217;utente ha condiviso addirittura un video: &#8220;Ecco la scena a cui abbiamo assistito questa settimana in rue Princesse Caroline, all&#8217;altezza del cantiere di Probat. Sinceramente la situazione inizia a diventare complicata tra gabbiani e topi!&#8221;.<\/p>\n\n<p><strong>LEGGI ANCHE: <a href=\"https:\/\/www.monaco-tribune.com\/it\/2021\/06\/allarme-gabbiani-un-pericolo-per-i-cittadini\/\">Allarme gabbiani: un pericolo per i cittadini?<\/a><\/strong><\/p>\n\n<figure class=\"wp-block-video\"><video height=\"1280\" style=\"aspect-ratio: 720 \/ 1280;\" width=\"720\" controls=\"\" src=\"https:\/\/www.monaco-tribune.com\/wp-content\/uploads\/2022\/07\/rats-monaco.mp4\"><\/video><\/figure>\n\n<p>Una residente di Monaco ha ricevuto addirittura una sgradevole visita proprio in casa sua: &#8220;In Rue des Oliviers, sul mio terrazzo, ho trovato un topo morto&#8230; Purtroppo ce ne sono davvero tanti. E la nettezza urbana che fa???&#8221;<\/p>\n\n<h2 class=\"wp-block-heading\" id=\"h-la-principaute-prend-le-probleme-tres-au-serieux\">Il Principato prende il problema molto seriamente<\/h2>\n\n<p>Per risolvere la questione, le autorit\u00e0 competenti adottano le misure pi\u00f9 opportune. Dal 2007, Monaco ha intensificato la lotta contro le specie infestanti, tra cui i ratti. Viene effettuata una derattizzazione quattro giorni al mese, tutto l&#8217;anno, in tutti gli spazi pubblici, le fogne e i luoghi che sono stati oggetto di una segnalazione.<\/p>\n\n<p>&#8220;Non abbiamo notato una particolare intensificazione del fenomeno&#8221; afferma Fr\u00e9d\u00e9ric Manucci, collaboratore tecnico del Dipartimento di Pianificazione Urbana. &#8220;Passiamo da 3 a 5 volte nelle zone dove \u00e8 stata segnalata la presenza di ratti. Utilizziamo delle trappole per topi negli spazi verdi o pubblici e derattizziamo anche le fogne. Collaboriamo molto con gli amministratori di condominio e ci coordiniamo anche con le societ\u00e0 private per essere pi\u00f9 efficaci.&#8221;<\/p>\n\n<p>Anche se vengono messe in campo azioni meticolose, il grosso del lavoro rimane comunque la prevenzione. Secondo Fr\u00e9d\u00e9ric Manucci, l&#8217;importante \u00e8 modificare i comportamenti della popolazione per evitare di attirare i roditori: &#8220;a ogni derattizzazione corrisponde anche un lavoro educativo. La gente non deve lasciare in giro rifiuti, negli spazi pubblici, nei parchi, sulle panchine e sulle spiagge&#8230; Non bisogna neanche dar da mangiare ad animali come i piccioni, perch\u00e9 l&#8217;80% delle volte sono i ratti che si accaparrano il cibo.<\/p>\n\n<p>Facciamo anche un lavoro di sensibilizzazione tra i ristoratori, affinch\u00e9 non lascino i cassonetti pieni con il coperchio aperto. Cerchiamo di responsabilizzare le persone. Qualsiasi lotta contro animali infestanti parte da una sensibilizzazione collettiva.&#8221;<\/p>\n\n<p>Ma cosa bisogna fare se ci si trova di fronte a un ratto? &#8220;Non bisogna avvicinarsi, perch\u00e9 pu\u00f2 mordere. Occorre segnalarcelo immediatamente affinch\u00e9 possiamo procedere alla derattizzazione e contattare l&#8217;amministrazione condominiale, se \u00e8 il caso. Poi, si cercher\u00e0 di capire cosa ha potuto attirare l&#8217;animale per evitare che il problema si ripeta. Forse la pattumiera \u00e8 rimasta aperta per troppo tempo? (&#8230;) La pulizia, al pari della sicurezza, \u00e8 una priorit\u00e0 a Monaco. Sono elementi essenziali della reputazione del Principato e per questo vi prestiamo particolare attenzione.&#8221;<\/p>\n","protected":false},"excerpt":{"rendered":"<p>Secondo i nostri lettori, i roditori affollano sempre di pi\u00f9 le vie del Principato. Malgrado i tentativi della citt\u00e0 per [&hellip;]<\/p>\n","protected":false},"author":60,"featured_media":132855,"comment_status":"closed","ping_status":"closed","sticky":false,"template":"","format":"standard","meta":{"_acf_changed":false,"footnotes":""},"categories":[1826,2433,1738],"tags":[],"post_sectags":[],"post_format":[2482],"class_list":["post-132901","post","type-post","status-publish","format-standard","has-post-thumbnail","hentry","category-la-nostra-scelta","category-le-vostre-opinioni","category-notizie","format-sondaggio"],"acf":[],"yoast_head":"<!-- This site is optimized with the Yoast SEO Premium plugin v26.8 (Yoast SEO v27.4) - https:\/\/yoast.com\/product\/yoast-seo-premium-wordpress\/ -->\n<title>Invasione di ratti a Monaco? Ecco cosa ne pensano i lettori<\/title>\n<meta name=\"description\" content=\"Secondo i nostri lettori, i roditori affollano sempre di pi\u00f9 le vie del Principato. Malgrado i tentativi della citt\u00e0 per controllare la situazione, \u00e8\" \/>\n<meta name=\"robots\" content=\"index, follow, max-snippet:-1, max-image-preview:large, max-video-preview:-1\" \/>\n<link rel=\"canonical\" href=\"https:\/\/www.monaco-tribune.com\/it\/2022\/07\/invasione-di-ratti-a-monaco-ecco-cosa-ne-pensano-i-lettori\/\" \/>\n<meta property=\"og:locale\" content=\"it_IT\" \/>\n<meta property=\"og:type\" content=\"article\" \/>\n<meta property=\"og:title\" content=\"Invasione di ratti a Monaco? Ecco cosa ne pensano i lettori - Monaco Tribune\" \/>\n<meta property=\"og:description\" content=\"Secondo i nostri lettori, i roditori affollano sempre di pi\u00f9 le vie del Principato. Malgrado i tentativi della citt\u00e0 per controllare la situazione, \u00e8\" \/>\n<meta property=\"og:url\" content=\"https:\/\/www.monaco-tribune.com\/it\/2022\/07\/invasione-di-ratti-a-monaco-ecco-cosa-ne-pensano-i-lettori\/\" \/>\n<meta property=\"og:site_name\" content=\"Monaco Tribune\" \/>\n<meta property=\"article:publisher\" content=\"https:\/\/www.facebook.com\/MonacoTribune\" \/>\n<meta property=\"article:published_time\" content=\"2022-07-29T18:14:17+00:00\" \/>\n<meta property=\"article:modified_time\" content=\"2022-07-29T18:14:26+00:00\" \/>\n<meta property=\"og:image\" content=\"https:\/\/www.monaco-tribune.com\/wp-content\/uploads\/2022\/07\/rat.jpeg\" \/>\n\t<meta property=\"og:image:width\" content=\"1020\" \/>\n\t<meta property=\"og:image:height\" content=\"680\" \/>\n\t<meta property=\"og:image:type\" content=\"image\/jpeg\" \/>\n<meta name=\"author\" content=\"Camille Esteve\" \/>\n<meta name=\"twitter:card\" content=\"summary_large_image\" \/>\n<meta name=\"twitter:creator\" content=\"@MonacoTribune\" \/>\n<meta name=\"twitter:site\" content=\"@MonacoTribune\" \/>\n<script type=\"application\/ld+json\" class=\"yoast-schema-graph\">{\"@context\":\"https:\\\/\\\/schema.org\",\"@graph\":[{\"@type\":\"NewsArticle\",\"@id\":\"https:\\\/\\\/www.monaco-tribune.com\\\/it\\\/2022\\\/07\\\/invasione-di-ratti-a-monaco-ecco-cosa-ne-pensano-i-lettori\\\/#article\",\"isPartOf\":{\"@id\":\"https:\\\/\\\/www.monaco-tribune.com\\\/it\\\/2022\\\/07\\\/invasione-di-ratti-a-monaco-ecco-cosa-ne-pensano-i-lettori\\\/\"},\"author\":{\"name\":\"Camille Esteve\",\"@id\":\"https:\\\/\\\/www.monaco-tribune.com\\\/it\\\/#\\\/schema\\\/person\\\/a855d420fff4d03637641d60b93ac62e\"},\"headline\":\"Invasione di ratti a Monaco? Ecco cosa ne pensano i lettori\",\"datePublished\":\"2022-07-29T18:14:17+00:00\",\"dateModified\":\"2022-07-29T18:14:26+00:00\",\"mainEntityOfPage\":{\"@id\":\"https:\\\/\\\/www.monaco-tribune.com\\\/it\\\/2022\\\/07\\\/invasione-di-ratti-a-monaco-ecco-cosa-ne-pensano-i-lettori\\\/\"},\"wordCount\":767,\"publisher\":{\"@id\":\"https:\\\/\\\/www.monaco-tribune.com\\\/it\\\/#organization\"},\"image\":{\"@id\":\"https:\\\/\\\/www.monaco-tribune.com\\\/it\\\/2022\\\/07\\\/invasione-di-ratti-a-monaco-ecco-cosa-ne-pensano-i-lettori\\\/#primaryimage\"},\"thumbnailUrl\":\"https:\\\/\\\/www.monaco-tribune.com\\\/wp-content\\\/uploads\\\/2022\\\/07\\\/rat.jpeg\",\"articleSection\":[\"La nostra scelta\",\"Le vostre opinioni\",\"Notizie\"],\"inLanguage\":\"it-IT\",\"copyrightYear\":\"2022\",\"copyrightHolder\":{\"@id\":\"https:\\\/\\\/www.monaco-tribune.com\\\/#organization\"}},{\"@type\":\"WebPage\",\"@id\":\"https:\\\/\\\/www.monaco-tribune.com\\\/it\\\/2022\\\/07\\\/invasione-di-ratti-a-monaco-ecco-cosa-ne-pensano-i-lettori\\\/\",\"url\":\"https:\\\/\\\/www.monaco-tribune.com\\\/it\\\/2022\\\/07\\\/invasione-di-ratti-a-monaco-ecco-cosa-ne-pensano-i-lettori\\\/\",\"name\":\"Invasione di ratti a Monaco? Ecco cosa ne pensano i lettori\",\"isPartOf\":{\"@id\":\"https:\\\/\\\/www.monaco-tribune.com\\\/it\\\/#website\"},\"primaryImageOfPage\":{\"@id\":\"https:\\\/\\\/www.monaco-tribune.com\\\/it\\\/2022\\\/07\\\/invasione-di-ratti-a-monaco-ecco-cosa-ne-pensano-i-lettori\\\/#primaryimage\"},\"image\":{\"@id\":\"https:\\\/\\\/www.monaco-tribune.com\\\/it\\\/2022\\\/07\\\/invasione-di-ratti-a-monaco-ecco-cosa-ne-pensano-i-lettori\\\/#primaryimage\"},\"thumbnailUrl\":\"https:\\\/\\\/www.monaco-tribune.com\\\/wp-content\\\/uploads\\\/2022\\\/07\\\/rat.jpeg\",\"datePublished\":\"2022-07-29T18:14:17+00:00\",\"dateModified\":\"2022-07-29T18:14:26+00:00\",\"description\":\"Secondo i nostri lettori, i roditori affollano sempre di pi\u00f9 le vie del Principato. Malgrado i tentativi della citt\u00e0 per controllare la situazione, \u00e8\",\"breadcrumb\":{\"@id\":\"https:\\\/\\\/www.monaco-tribune.com\\\/it\\\/2022\\\/07\\\/invasione-di-ratti-a-monaco-ecco-cosa-ne-pensano-i-lettori\\\/#breadcrumb\"},\"inLanguage\":\"it-IT\",\"potentialAction\":[{\"@type\":\"ReadAction\",\"target\":[\"https:\\\/\\\/www.monaco-tribune.com\\\/it\\\/2022\\\/07\\\/invasione-di-ratti-a-monaco-ecco-cosa-ne-pensano-i-lettori\\\/\"]}]},{\"@type\":\"ImageObject\",\"inLanguage\":\"it-IT\",\"@id\":\"https:\\\/\\\/www.monaco-tribune.com\\\/it\\\/2022\\\/07\\\/invasione-di-ratti-a-monaco-ecco-cosa-ne-pensano-i-lettori\\\/#primaryimage\",\"url\":\"https:\\\/\\\/www.monaco-tribune.com\\\/wp-content\\\/uploads\\\/2022\\\/07\\\/rat.jpeg\",\"contentUrl\":\"https:\\\/\\\/www.monaco-tribune.com\\\/wp-content\\\/uploads\\\/2022\\\/07\\\/rat.jpeg\",\"width\":1020,\"height\":680,\"caption\":\"DR\"},{\"@type\":\"BreadcrumbList\",\"@id\":\"https:\\\/\\\/www.monaco-tribune.com\\\/it\\\/2022\\\/07\\\/invasione-di-ratti-a-monaco-ecco-cosa-ne-pensano-i-lettori\\\/#breadcrumb\",\"itemListElement\":[{\"@type\":\"ListItem\",\"position\":1,\"name\":\"Accueil\",\"item\":\"https:\\\/\\\/www.monaco-tribune.com\\\/it\\\/\"},{\"@type\":\"ListItem\",\"position\":2,\"name\":\"Invasione di ratti a Monaco? Ecco cosa ne pensano i lettori\"}]},{\"@type\":\"WebSite\",\"@id\":\"https:\\\/\\\/www.monaco-tribune.com\\\/it\\\/#website\",\"url\":\"https:\\\/\\\/www.monaco-tribune.com\\\/it\\\/\",\"name\":\"Monaco Tribune\",\"description\":\"Monaco : actualit\u00e9s \u00e9conomiques, politiques, culturelles et sportives de Monaco et de la French Riviera.\",\"publisher\":{\"@id\":\"https:\\\/\\\/www.monaco-tribune.com\\\/it\\\/#organization\"},\"potentialAction\":[{\"@type\":\"SearchAction\",\"target\":{\"@type\":\"EntryPoint\",\"urlTemplate\":\"https:\\\/\\\/www.monaco-tribune.com\\\/it\\\/?s={search_term_string}\"},\"query-input\":{\"@type\":\"PropertyValueSpecification\",\"valueRequired\":true,\"valueName\":\"search_term_string\"}}],\"inLanguage\":\"it-IT\"},{\"@type\":\"Organization\",\"@id\":\"https:\\\/\\\/www.monaco-tribune.com\\\/it\\\/#organization\",\"name\":\"Monaco Tribune\",\"url\":\"https:\\\/\\\/www.monaco-tribune.com\\\/it\\\/\",\"logo\":{\"@type\":\"ImageObject\",\"inLanguage\":\"it-IT\",\"@id\":\"https:\\\/\\\/www.monaco-tribune.com\\\/it\\\/#\\\/schema\\\/logo\\\/image\\\/\",\"url\":\"https:\\\/\\\/www.monaco-tribune.com\\\/wp-content\\\/uploads\\\/2022\\\/11\\\/logo-monaco-tribune.png\",\"contentUrl\":\"https:\\\/\\\/www.monaco-tribune.com\\\/wp-content\\\/uploads\\\/2022\\\/11\\\/logo-monaco-tribune.png\",\"width\":1548,\"height\":600,\"caption\":\"Monaco Tribune\"},\"image\":{\"@id\":\"https:\\\/\\\/www.monaco-tribune.com\\\/it\\\/#\\\/schema\\\/logo\\\/image\\\/\"},\"sameAs\":[\"https:\\\/\\\/www.facebook.com\\\/MonacoTribune\",\"https:\\\/\\\/x.com\\\/MonacoTribune\",\"https:\\\/\\\/www.instagram.com\\\/monacotribune\\\/\",\"https:\\\/\\\/www.linkedin.com\\\/company\\\/monaco-tribune\",\"https:\\\/\\\/www.youtube.com\\\/channel\\\/UCHle1MnG6hw1y4lWKijVbMA\"]},{\"@type\":\"Person\",\"@id\":\"https:\\\/\\\/www.monaco-tribune.com\\\/it\\\/#\\\/schema\\\/person\\\/a855d420fff4d03637641d60b93ac62e\",\"name\":\"Camille Esteve\",\"image\":{\"@type\":\"ImageObject\",\"inLanguage\":\"it-IT\",\"@id\":\"https:\\\/\\\/secure.gravatar.com\\\/avatar\\\/eaaa2355a7bb56c0018a391c20a55bf9b4690e3f493231dd850e612bfa6ce161?s=96&d=mm&r=g\",\"url\":\"https:\\\/\\\/secure.gravatar.com\\\/avatar\\\/eaaa2355a7bb56c0018a391c20a55bf9b4690e3f493231dd850e612bfa6ce161?s=96&d=mm&r=g\",\"contentUrl\":\"https:\\\/\\\/secure.gravatar.com\\\/avatar\\\/eaaa2355a7bb56c0018a391c20a55bf9b4690e3f493231dd850e612bfa6ce161?s=96&d=mm&r=g\",\"caption\":\"Camille Esteve\"},\"url\":\"https:\\\/\\\/www.monaco-tribune.com\\\/it\\\/author\\\/camilleesteve\\\/\"}]}<\/script>\n<!-- \/ Yoast SEO Premium plugin. -->","yoast_head_json":{"title":"Invasione di ratti a Monaco? Ecco cosa ne pensano i lettori","description":"Secondo i nostri lettori, i roditori affollano sempre di pi\u00f9 le vie del Principato. Malgrado i tentativi della citt\u00e0 per controllare la situazione, \u00e8","robots":{"index":"index","follow":"follow","max-snippet":"max-snippet:-1","max-image-preview":"max-image-preview:large","max-video-preview":"max-video-preview:-1"},"canonical":"https:\/\/www.monaco-tribune.com\/it\/2022\/07\/invasione-di-ratti-a-monaco-ecco-cosa-ne-pensano-i-lettori\/","og_locale":"it_IT","og_type":"article","og_title":"Invasione di ratti a Monaco? Ecco cosa ne pensano i lettori - Monaco Tribune","og_description":"Secondo i nostri lettori, i roditori affollano sempre di pi\u00f9 le vie del Principato. Malgrado i tentativi della citt\u00e0 per controllare la situazione, \u00e8","og_url":"https:\/\/www.monaco-tribune.com\/it\/2022\/07\/invasione-di-ratti-a-monaco-ecco-cosa-ne-pensano-i-lettori\/","og_site_name":"Monaco Tribune","article_publisher":"https:\/\/www.facebook.com\/MonacoTribune","article_published_time":"2022-07-29T18:14:17+00:00","article_modified_time":"2022-07-29T18:14:26+00:00","og_image":[{"width":1020,"height":680,"url":"https:\/\/www.monaco-tribune.com\/wp-content\/uploads\/2022\/07\/rat.jpeg","type":"image\/jpeg"}],"author":"Camille Esteve","twitter_card":"summary_large_image","twitter_creator":"@MonacoTribune","twitter_site":"@MonacoTribune","schema":{"@context":"https:\/\/schema.org","@graph":[{"@type":"NewsArticle","@id":"https:\/\/www.monaco-tribune.com\/it\/2022\/07\/invasione-di-ratti-a-monaco-ecco-cosa-ne-pensano-i-lettori\/#article","isPartOf":{"@id":"https:\/\/www.monaco-tribune.com\/it\/2022\/07\/invasione-di-ratti-a-monaco-ecco-cosa-ne-pensano-i-lettori\/"},"author":{"name":"Camille Esteve","@id":"https:\/\/www.monaco-tribune.com\/it\/#\/schema\/person\/a855d420fff4d03637641d60b93ac62e"},"headline":"Invasione di ratti a Monaco? Ecco cosa ne pensano i lettori","datePublished":"2022-07-29T18:14:17+00:00","dateModified":"2022-07-29T18:14:26+00:00","mainEntityOfPage":{"@id":"https:\/\/www.monaco-tribune.com\/it\/2022\/07\/invasione-di-ratti-a-monaco-ecco-cosa-ne-pensano-i-lettori\/"},"wordCount":767,"publisher":{"@id":"https:\/\/www.monaco-tribune.com\/it\/#organization"},"image":{"@id":"https:\/\/www.monaco-tribune.com\/it\/2022\/07\/invasione-di-ratti-a-monaco-ecco-cosa-ne-pensano-i-lettori\/#primaryimage"},"thumbnailUrl":"https:\/\/www.monaco-tribune.com\/wp-content\/uploads\/2022\/07\/rat.jpeg","articleSection":["La nostra scelta","Le vostre opinioni","Notizie"],"inLanguage":"it-IT","copyrightYear":"2022","copyrightHolder":{"@id":"https:\/\/www.monaco-tribune.com\/#organization"}},{"@type":"WebPage","@id":"https:\/\/www.monaco-tribune.com\/it\/2022\/07\/invasione-di-ratti-a-monaco-ecco-cosa-ne-pensano-i-lettori\/","url":"https:\/\/www.monaco-tribune.com\/it\/2022\/07\/invasione-di-ratti-a-monaco-ecco-cosa-ne-pensano-i-lettori\/","name":"Invasione di ratti a Monaco? Ecco cosa ne pensano i lettori","isPartOf":{"@id":"https:\/\/www.monaco-tribune.com\/it\/#website"},"primaryImageOfPage":{"@id":"https:\/\/www.monaco-tribune.com\/it\/2022\/07\/invasione-di-ratti-a-monaco-ecco-cosa-ne-pensano-i-lettori\/#primaryimage"},"image":{"@id":"https:\/\/www.monaco-tribune.com\/it\/2022\/07\/invasione-di-ratti-a-monaco-ecco-cosa-ne-pensano-i-lettori\/#primaryimage"},"thumbnailUrl":"https:\/\/www.monaco-tribune.com\/wp-content\/uploads\/2022\/07\/rat.jpeg","datePublished":"2022-07-29T18:14:17+00:00","dateModified":"2022-07-29T18:14:26+00:00","description":"Secondo i nostri lettori, i roditori affollano sempre di pi\u00f9 le vie del Principato. Malgrado i tentativi della citt\u00e0 per controllare la situazione, \u00e8","breadcrumb":{"@id":"https:\/\/www.monaco-tribune.com\/it\/2022\/07\/invasione-di-ratti-a-monaco-ecco-cosa-ne-pensano-i-lettori\/#breadcrumb"},"inLanguage":"it-IT","potentialAction":[{"@type":"ReadAction","target":["https:\/\/www.monaco-tribune.com\/it\/2022\/07\/invasione-di-ratti-a-monaco-ecco-cosa-ne-pensano-i-lettori\/"]}]},{"@type":"ImageObject","inLanguage":"it-IT","@id":"https:\/\/www.monaco-tribune.com\/it\/2022\/07\/invasione-di-ratti-a-monaco-ecco-cosa-ne-pensano-i-lettori\/#primaryimage","url":"https:\/\/www.monaco-tribune.com\/wp-content\/uploads\/2022\/07\/rat.jpeg","contentUrl":"https:\/\/www.monaco-tribune.com\/wp-content\/uploads\/2022\/07\/rat.jpeg","width":1020,"height":680,"caption":"DR"},{"@type":"BreadcrumbList","@id":"https:\/\/www.monaco-tribune.com\/it\/2022\/07\/invasione-di-ratti-a-monaco-ecco-cosa-ne-pensano-i-lettori\/#breadcrumb","itemListElement":[{"@type":"ListItem","position":1,"name":"Accueil","item":"https:\/\/www.monaco-tribune.com\/it\/"},{"@type":"ListItem","position":2,"name":"Invasione di ratti a Monaco? Ecco cosa ne pensano i lettori"}]},{"@type":"WebSite","@id":"https:\/\/www.monaco-tribune.com\/it\/#website","url":"https:\/\/www.monaco-tribune.com\/it\/","name":"Monaco Tribune","description":"Monaco : actualit\u00e9s \u00e9conomiques, politiques, culturelles et sportives de Monaco et de la French Riviera.","publisher":{"@id":"https:\/\/www.monaco-tribune.com\/it\/#organization"},"potentialAction":[{"@type":"SearchAction","target":{"@type":"EntryPoint","urlTemplate":"https:\/\/www.monaco-tribune.com\/it\/?s={search_term_string}"},"query-input":{"@type":"PropertyValueSpecification","valueRequired":true,"valueName":"search_term_string"}}],"inLanguage":"it-IT"},{"@type":"Organization","@id":"https:\/\/www.monaco-tribune.com\/it\/#organization","name":"Monaco Tribune","url":"https:\/\/www.monaco-tribune.com\/it\/","logo":{"@type":"ImageObject","inLanguage":"it-IT","@id":"https:\/\/www.monaco-tribune.com\/it\/#\/schema\/logo\/image\/","url":"https:\/\/www.monaco-tribune.com\/wp-content\/uploads\/2022\/11\/logo-monaco-tribune.png","contentUrl":"https:\/\/www.monaco-tribune.com\/wp-content\/uploads\/2022\/11\/logo-monaco-tribune.png","width":1548,"height":600,"caption":"Monaco Tribune"},"image":{"@id":"https:\/\/www.monaco-tribune.com\/it\/#\/schema\/logo\/image\/"},"sameAs":["https:\/\/www.facebook.com\/MonacoTribune","https:\/\/x.com\/MonacoTribune","https:\/\/www.instagram.com\/monacotribune\/","https:\/\/www.linkedin.com\/company\/monaco-tribune","https:\/\/www.youtube.com\/channel\/UCHle1MnG6hw1y4lWKijVbMA"]},{"@type":"Person","@id":"https:\/\/www.monaco-tribune.com\/it\/#\/schema\/person\/a855d420fff4d03637641d60b93ac62e","name":"Camille Esteve","image":{"@type":"ImageObject","inLanguage":"it-IT","@id":"https:\/\/secure.gravatar.com\/avatar\/eaaa2355a7bb56c0018a391c20a55bf9b4690e3f493231dd850e612bfa6ce161?s=96&d=mm&r=g","url":"https:\/\/secure.gravatar.com\/avatar\/eaaa2355a7bb56c0018a391c20a55bf9b4690e3f493231dd850e612bfa6ce161?s=96&d=mm&r=g","contentUrl":"https:\/\/secure.gravatar.com\/avatar\/eaaa2355a7bb56c0018a391c20a55bf9b4690e3f493231dd850e612bfa6ce161?s=96&d=mm&r=g","caption":"Camille Esteve"},"url":"https:\/\/www.monaco-tribune.com\/it\/author\/camilleesteve\/"}]}},"_links":{"self":[{"href":"https:\/\/www.monaco-tribune.com\/it\/wp-json\/wp\/v2\/posts\/132901","targetHints":{"allow":["GET"]}}],"collection":[{"href":"https:\/\/www.monaco-tribune.com\/it\/wp-json\/wp\/v2\/posts"}],"about":[{"href":"https:\/\/www.monaco-tribune.com\/it\/wp-json\/wp\/v2\/types\/post"}],"author":[{"embeddable":true,"href":"https:\/\/www.monaco-tribune.com\/it\/wp-json\/wp\/v2\/users\/60"}],"replies":[{"embeddable":true,"href":"https:\/\/www.monaco-tribune.com\/it\/wp-json\/wp\/v2\/comments?post=132901"}],"version-history":[{"count":0,"href":"https:\/\/www.monaco-tribune.com\/it\/wp-json\/wp\/v2\/posts\/132901\/revisions"}],"wp:featuredmedia":[{"embeddable":true,"href":"https:\/\/www.monaco-tribune.com\/it\/wp-json\/wp\/v2\/media\/132855"}],"wp:attachment":[{"href":"https:\/\/www.monaco-tribune.com\/it\/wp-json\/wp\/v2\/media?parent=132901"}],"wp:term":[{"taxonomy":"category","embeddable":true,"href":"https:\/\/www.monaco-tribune.com\/it\/wp-json\/wp\/v2\/categories?post=132901"},{"taxonomy":"post_tag","embeddable":true,"href":"https:\/\/www.monaco-tribune.com\/it\/wp-json\/wp\/v2\/tags?post=132901"},{"taxonomy":"sectag","embeddable":true,"href":"https:\/\/www.monaco-tribune.com\/it\/wp-json\/wp\/v2\/post_sectags?post=132901"},{"taxonomy":"format","embeddable":true,"href":"https:\/\/www.monaco-tribune.com\/it\/wp-json\/wp\/v2\/post_format?post=132901"}],"curies":[{"name":"wp","href":"https:\/\/api.w.org\/{rel}","templated":true}]}}