{"id":133274,"date":"2022-08-03T10:44:07","date_gmt":"2022-08-03T08:44:07","guid":{"rendered":"https:\/\/www.monaco-tribune.com\/2022\/08\/una-collezione-di-gioielli-in-onore-della-principessa-grace\/"},"modified":"2022-08-03T10:54:20","modified_gmt":"2022-08-03T08:54:20","slug":"una-collezione-di-gioielli-in-onore-della-principessa-grace","status":"publish","type":"post","link":"https:\/\/www.monaco-tribune.com\/it\/2022\/08\/una-collezione-di-gioielli-in-onore-della-principessa-grace\/","title":{"rendered":"Una collezione di gioielli in onore della Principessa Grace"},"content":{"rendered":"\n<p><strong>La maison francese Van Cleef &amp; Arpels ha realizzato una collana lunga, un pendente e un bracciale in memoria della moglie del Principe Ranieri III. Il ricavato delle vendite sar\u00e0 in parte devoluto alla Princess Grace Foundation-USA.<\/strong><\/p>\n\n\n\n<p>A met\u00e0 luglio nei meravigliosi giardini del Palazzo del Principe, il Principe Alberto II e la Principessa Charl\u00e8ne hanno ricevuto alcuni ospiti della prestigiosa maison francese Van Cleef &amp; Arpels per un cocktail party.<\/p>\n\n\n\n<p>La Coppia Principesca ha cos\u00ec potuto ammirare le nuove creazioni Vintage Alhambra, una collezione di gioielli realizzata per sostenere la Princess Grace Foundation-USA.<\/p>\n\n\n<div class=\"wp-block-image\">\n<figure class=\"aligncenter size-large is-resized\"><img loading=\"lazy\" decoding=\"async\" src=\"https:\/\/www.monaco-tribune.com\/wp-content\/uploads\/2022\/07\/princesse-charlene-van-cleef-683x1024.jpeg\" alt=\"principessa-charlene-van-cleef\" class=\"wp-image-132445\" width=\"683\" height=\"1024\" srcset=\"https:\/\/www.monaco-tribune.com\/wp-content\/uploads\/2022\/07\/princesse-charlene-van-cleef-683x1024.jpeg 683w, https:\/\/www.monaco-tribune.com\/wp-content\/uploads\/2022\/07\/princesse-charlene-van-cleef-200x300.jpeg 200w, https:\/\/www.monaco-tribune.com\/wp-content\/uploads\/2022\/07\/princesse-charlene-van-cleef.jpeg 1020w\" sizes=\"auto, (max-width: 683px) 100vw, 683px\" \/><figcaption><em>\u00a9 Eric Mathon \/ Palazzo del Principe<\/em><\/figcaption><\/figure>\n<\/div>\n\n\n<p>Il 14 luglio sono arrivati in anteprima nelle gioiellerie di Monaco, Cannes e di Place Vend\u00f4me a Parigi una collana lunga, un pendente e un bracciale Vintage Alhambra in oro giallo, madreperla oro e diamanti, una parure elegante e splendente ispirata alla Principessa Grace. I lussuosi gioielli saranno in vendita in esclusiva per 18 mesi e una parte dei ricavi sar\u00e0 devoluta alla Princess Grace Foundation-USA. <\/p>\n\n\n\n<p><strong>LEGGI ANCHE: <a href=\"https:\/\/www.monaco-tribune.com\/it\/2022\/07\/il-principe-alberto-ii-e-la-principessa-charlene-in-visita-a-papa-francesco\/\">Il Principe Alberto II e la Principessa Charl\u00e8ne in visita a Papa Francesco<\/a><\/strong><\/p>\n\n\n\n<figure class=\"wp-block-gallery has-nested-images columns-1 is-cropped wp-block-gallery-1 is-layout-flex wp-block-gallery-is-layout-flex\">\n<figure class=\"wp-block-image size-large\"><img loading=\"lazy\" decoding=\"async\" width=\"1020\" height=\"775\" data-id=\"132487\" src=\"https:\/\/www.monaco-tribune.com\/wp-content\/uploads\/2022\/07\/bracelet-alhambra-van-cleef-arpels.png\" alt=\"bracciale-alhambra-van-cleef-arpels\" class=\"wp-image-132487\" srcset=\"https:\/\/www.monaco-tribune.com\/wp-content\/uploads\/2022\/07\/bracelet-alhambra-van-cleef-arpels.png 1020w, https:\/\/www.monaco-tribune.com\/wp-content\/uploads\/2022\/07\/bracelet-alhambra-van-cleef-arpels-395x300.png 395w\" sizes=\"auto, (max-width: 1020px) 100vw, 1020px\" \/><\/figure>\n\n\n\n<figure class=\"wp-block-image size-large\"><img loading=\"lazy\" decoding=\"async\" width=\"1020\" height=\"793\" data-id=\"132491\" src=\"https:\/\/www.monaco-tribune.com\/wp-content\/uploads\/2022\/07\/pendentif-alhambra-van-cleef-arpels.png\" alt=\"pendente-alhambra-van-cleef-arpels\" class=\"wp-image-132491\" srcset=\"https:\/\/www.monaco-tribune.com\/wp-content\/uploads\/2022\/07\/pendentif-alhambra-van-cleef-arpels.png 1020w, https:\/\/www.monaco-tribune.com\/wp-content\/uploads\/2022\/07\/pendentif-alhambra-van-cleef-arpels-386x300.png 386w\" sizes=\"auto, (max-width: 1020px) 100vw, 1020px\" \/><\/figure>\n\n\n\n<figure class=\"wp-block-image size-large\"><img loading=\"lazy\" decoding=\"async\" width=\"1020\" height=\"2804\" data-id=\"132495\" src=\"https:\/\/www.monaco-tribune.com\/wp-content\/uploads\/2022\/07\/sautoir-alhambra-van-cleef-arpels-1.png\" alt=\"collana-lunga-alhambra-van-cleef-arpels\" class=\"wp-image-132495\" srcset=\"https:\/\/www.monaco-tribune.com\/wp-content\/uploads\/2022\/07\/sautoir-alhambra-van-cleef-arpels-1.png 1020w, https:\/\/www.monaco-tribune.com\/wp-content\/uploads\/2022\/07\/sautoir-alhambra-van-cleef-arpels-1-109x300.png 109w, https:\/\/www.monaco-tribune.com\/wp-content\/uploads\/2022\/07\/sautoir-alhambra-van-cleef-arpels-1-372x1024.png 372w\" sizes=\"auto, (max-width: 1020px) 100vw, 1020px\" \/><\/figure>\n<figcaption class=\"blocks-gallery-caption\"><em>\u00a9 Van Cleef &amp; Arpels<\/em><\/figcaption><\/figure>\n\n\n\n<p>La Principessa Grace era una cliente abituale della maison Van Cleef &amp; Arpels, che nel 1956 \u00e8 diventata fornitrice ufficiale del Principato di Monaco dopo che il Principe Ranieri III aveva offerto a sua moglie come regalo di nozze una parure di perle e diamanti. Anche il Principe Alberto II si \u00e8 rivolto alla maison di gioielleria per regalare alla Principessa Charl\u00e8ne una collana &#8220;Oc\u00e9an&#8221; convertibile in diadema.<\/p>\n\n\n\n<p>La Princess Grace Foundation-USA, fondata dal Principe Ranieri III nel 1982, si impegna a mantenere vivo negli Stati Uniti il ricordo della Principessa Grace e soprattutto del suo impegno verso le arti. Il premio Princess Grace supporta e promuove gli artisti di talento che sono agli inizi del loro percorso nel mondo del teatro, della danza e del cinema. I vincitori del premio ricevono un aiuto economico determinante e una prospettiva di  sostegno durante tutta la loro carriera.<\/p>\n\n\n\n<p>Brisa Carleton, amministratrice delegata della Fondazione, ha dichiarato: &#8220;\u00c8 stato un privilegio lavorare con Van Cleef &amp; Arpels, un marchio iconico che ha un rapporto cos\u00ec intimo con la Principessa Grace e con Monaco. Questa collaborazione ci aiuter\u00e0 a raggiungere il nostro obiettivo, ovvero assicurarci che le nuove generazioni continuino a ispirarsi all&#8217;influenza e all&#8217;impatto costanti esercitati dalla Principessa Grace. Siamo lieti di apprendere che i profitti di questa collezione esclusiva contribuiranno direttamente a portare avanti l&#8217;eredit\u00e0 della Principessa Grace, aiutando gli artisti emergenti del mondo del teatro, della danza e del cinema&#8221;.<\/p>\n","protected":false},"excerpt":{"rendered":"<p>La maison francese Van Cleef &amp; Arpels ha realizzato una collana lunga, un pendente e un bracciale in memoria della [&hellip;]<\/p>\n","protected":false},"author":60,"featured_media":132441,"comment_status":"closed","ping_status":"closed","sticky":false,"template":"","format":"standard","meta":{"_acf_changed":false,"footnotes":""},"categories":[1742,1826,1738],"tags":[],"post_sectags":[],"post_format":[2478],"class_list":["post-133274","post","type-post","status-publish","format-standard","has-post-thumbnail","hentry","category-famiglia-principesca","category-la-nostra-scelta","category-notizie","format-notizia"],"acf":[],"yoast_head":"<!-- This site is optimized with the Yoast SEO Premium plugin v26.8 (Yoast SEO v27.4) - https:\/\/yoast.com\/product\/yoast-seo-premium-wordpress\/ -->\n<title>Una collezione di gioielli in onore della Principessa Grace<\/title>\n<meta name=\"description\" content=\"La maison francese Van Cleef &amp; Arpels ha realizzato una collana lunga, un pendente e un bracciale in memoria della moglie del Principe Ranieri III. Il\" \/>\n<meta name=\"robots\" content=\"index, follow, max-snippet:-1, max-image-preview:large, max-video-preview:-1\" \/>\n<link rel=\"canonical\" href=\"https:\/\/www.monaco-tribune.com\/it\/2022\/08\/una-collezione-di-gioielli-in-onore-della-principessa-grace\/\" \/>\n<meta property=\"og:locale\" content=\"it_IT\" \/>\n<meta property=\"og:type\" content=\"article\" \/>\n<meta property=\"og:title\" content=\"Una collezione di gioielli in onore della Principessa Grace - Monaco Tribune\" \/>\n<meta property=\"og:description\" content=\"La maison francese Van Cleef &amp; Arpels ha realizzato una collana lunga, un pendente e un bracciale in memoria della moglie del Principe Ranieri III. Il\" \/>\n<meta property=\"og:url\" content=\"https:\/\/www.monaco-tribune.com\/it\/2022\/08\/una-collezione-di-gioielli-in-onore-della-principessa-grace\/\" \/>\n<meta property=\"og:site_name\" content=\"Monaco Tribune\" \/>\n<meta property=\"article:publisher\" content=\"https:\/\/www.facebook.com\/MonacoTribune\" \/>\n<meta property=\"article:published_time\" content=\"2022-08-03T08:44:07+00:00\" \/>\n<meta property=\"article:modified_time\" content=\"2022-08-03T08:54:20+00:00\" \/>\n<meta property=\"og:image\" content=\"https:\/\/www.monaco-tribune.com\/wp-content\/uploads\/2022\/07\/palais-princier-princesse-charlene-van-cleef.jpeg\" \/>\n\t<meta property=\"og:image:width\" content=\"1020\" \/>\n\t<meta property=\"og:image:height\" content=\"680\" \/>\n\t<meta property=\"og:image:type\" content=\"image\/jpeg\" \/>\n<meta name=\"author\" content=\"Camille Esteve\" \/>\n<meta name=\"twitter:card\" content=\"summary_large_image\" \/>\n<meta name=\"twitter:creator\" content=\"@MonacoTribune\" \/>\n<meta name=\"twitter:site\" content=\"@MonacoTribune\" \/>\n<script type=\"application\/ld+json\" class=\"yoast-schema-graph\">{\"@context\":\"https:\\\/\\\/schema.org\",\"@graph\":[{\"@type\":\"NewsArticle\",\"@id\":\"https:\\\/\\\/www.monaco-tribune.com\\\/it\\\/2022\\\/08\\\/una-collezione-di-gioielli-in-onore-della-principessa-grace\\\/#article\",\"isPartOf\":{\"@id\":\"https:\\\/\\\/www.monaco-tribune.com\\\/it\\\/2022\\\/08\\\/una-collezione-di-gioielli-in-onore-della-principessa-grace\\\/\"},\"author\":{\"name\":\"Camille Esteve\",\"@id\":\"https:\\\/\\\/www.monaco-tribune.com\\\/it\\\/#\\\/schema\\\/person\\\/a855d420fff4d03637641d60b93ac62e\"},\"headline\":\"Una collezione di gioielli in onore della Principessa Grace\",\"datePublished\":\"2022-08-03T08:44:07+00:00\",\"dateModified\":\"2022-08-03T08:54:20+00:00\",\"mainEntityOfPage\":{\"@id\":\"https:\\\/\\\/www.monaco-tribune.com\\\/it\\\/2022\\\/08\\\/una-collezione-di-gioielli-in-onore-della-principessa-grace\\\/\"},\"wordCount\":433,\"publisher\":{\"@id\":\"https:\\\/\\\/www.monaco-tribune.com\\\/it\\\/#organization\"},\"image\":{\"@id\":\"https:\\\/\\\/www.monaco-tribune.com\\\/it\\\/2022\\\/08\\\/una-collezione-di-gioielli-in-onore-della-principessa-grace\\\/#primaryimage\"},\"thumbnailUrl\":\"https:\\\/\\\/www.monaco-tribune.com\\\/wp-content\\\/uploads\\\/2022\\\/07\\\/palais-princier-princesse-charlene-van-cleef.jpeg\",\"articleSection\":[\"Famiglia Principesca\",\"La nostra scelta\",\"Notizie\"],\"inLanguage\":\"it-IT\",\"copyrightYear\":\"2022\",\"copyrightHolder\":{\"@id\":\"https:\\\/\\\/www.monaco-tribune.com\\\/#organization\"}},{\"@type\":\"WebPage\",\"@id\":\"https:\\\/\\\/www.monaco-tribune.com\\\/it\\\/2022\\\/08\\\/una-collezione-di-gioielli-in-onore-della-principessa-grace\\\/\",\"url\":\"https:\\\/\\\/www.monaco-tribune.com\\\/it\\\/2022\\\/08\\\/una-collezione-di-gioielli-in-onore-della-principessa-grace\\\/\",\"name\":\"Una collezione di gioielli in onore della Principessa Grace\",\"isPartOf\":{\"@id\":\"https:\\\/\\\/www.monaco-tribune.com\\\/it\\\/#website\"},\"primaryImageOfPage\":{\"@id\":\"https:\\\/\\\/www.monaco-tribune.com\\\/it\\\/2022\\\/08\\\/una-collezione-di-gioielli-in-onore-della-principessa-grace\\\/#primaryimage\"},\"image\":{\"@id\":\"https:\\\/\\\/www.monaco-tribune.com\\\/it\\\/2022\\\/08\\\/una-collezione-di-gioielli-in-onore-della-principessa-grace\\\/#primaryimage\"},\"thumbnailUrl\":\"https:\\\/\\\/www.monaco-tribune.com\\\/wp-content\\\/uploads\\\/2022\\\/07\\\/palais-princier-princesse-charlene-van-cleef.jpeg\",\"datePublished\":\"2022-08-03T08:44:07+00:00\",\"dateModified\":\"2022-08-03T08:54:20+00:00\",\"description\":\"La maison francese Van Cleef &amp; Arpels ha realizzato una collana lunga, un pendente e un bracciale in memoria della moglie del Principe Ranieri III. Il\",\"breadcrumb\":{\"@id\":\"https:\\\/\\\/www.monaco-tribune.com\\\/it\\\/2022\\\/08\\\/una-collezione-di-gioielli-in-onore-della-principessa-grace\\\/#breadcrumb\"},\"inLanguage\":\"it-IT\",\"potentialAction\":[{\"@type\":\"ReadAction\",\"target\":[\"https:\\\/\\\/www.monaco-tribune.com\\\/it\\\/2022\\\/08\\\/una-collezione-di-gioielli-in-onore-della-principessa-grace\\\/\"]}]},{\"@type\":\"ImageObject\",\"inLanguage\":\"it-IT\",\"@id\":\"https:\\\/\\\/www.monaco-tribune.com\\\/it\\\/2022\\\/08\\\/una-collezione-di-gioielli-in-onore-della-principessa-grace\\\/#primaryimage\",\"url\":\"https:\\\/\\\/www.monaco-tribune.com\\\/wp-content\\\/uploads\\\/2022\\\/07\\\/palais-princier-princesse-charlene-van-cleef.jpeg\",\"contentUrl\":\"https:\\\/\\\/www.monaco-tribune.com\\\/wp-content\\\/uploads\\\/2022\\\/07\\\/palais-princier-princesse-charlene-van-cleef.jpeg\",\"width\":1020,\"height\":680,\"caption\":\"Eric Mathon \\\/ Palazzo del Principe\"},{\"@type\":\"BreadcrumbList\",\"@id\":\"https:\\\/\\\/www.monaco-tribune.com\\\/it\\\/2022\\\/08\\\/una-collezione-di-gioielli-in-onore-della-principessa-grace\\\/#breadcrumb\",\"itemListElement\":[{\"@type\":\"ListItem\",\"position\":1,\"name\":\"Accueil\",\"item\":\"https:\\\/\\\/www.monaco-tribune.com\\\/it\\\/\"},{\"@type\":\"ListItem\",\"position\":2,\"name\":\"Una collezione di gioielli in onore della Principessa Grace\"}]},{\"@type\":\"WebSite\",\"@id\":\"https:\\\/\\\/www.monaco-tribune.com\\\/it\\\/#website\",\"url\":\"https:\\\/\\\/www.monaco-tribune.com\\\/it\\\/\",\"name\":\"Monaco Tribune\",\"description\":\"Monaco : actualit\u00e9s \u00e9conomiques, politiques, culturelles et sportives de Monaco et de la French Riviera.\",\"publisher\":{\"@id\":\"https:\\\/\\\/www.monaco-tribune.com\\\/it\\\/#organization\"},\"potentialAction\":[{\"@type\":\"SearchAction\",\"target\":{\"@type\":\"EntryPoint\",\"urlTemplate\":\"https:\\\/\\\/www.monaco-tribune.com\\\/it\\\/?s={search_term_string}\"},\"query-input\":{\"@type\":\"PropertyValueSpecification\",\"valueRequired\":true,\"valueName\":\"search_term_string\"}}],\"inLanguage\":\"it-IT\"},{\"@type\":\"Organization\",\"@id\":\"https:\\\/\\\/www.monaco-tribune.com\\\/it\\\/#organization\",\"name\":\"Monaco Tribune\",\"url\":\"https:\\\/\\\/www.monaco-tribune.com\\\/it\\\/\",\"logo\":{\"@type\":\"ImageObject\",\"inLanguage\":\"it-IT\",\"@id\":\"https:\\\/\\\/www.monaco-tribune.com\\\/it\\\/#\\\/schema\\\/logo\\\/image\\\/\",\"url\":\"https:\\\/\\\/www.monaco-tribune.com\\\/wp-content\\\/uploads\\\/2022\\\/11\\\/logo-monaco-tribune.png\",\"contentUrl\":\"https:\\\/\\\/www.monaco-tribune.com\\\/wp-content\\\/uploads\\\/2022\\\/11\\\/logo-monaco-tribune.png\",\"width\":1548,\"height\":600,\"caption\":\"Monaco Tribune\"},\"image\":{\"@id\":\"https:\\\/\\\/www.monaco-tribune.com\\\/it\\\/#\\\/schema\\\/logo\\\/image\\\/\"},\"sameAs\":[\"https:\\\/\\\/www.facebook.com\\\/MonacoTribune\",\"https:\\\/\\\/x.com\\\/MonacoTribune\",\"https:\\\/\\\/www.instagram.com\\\/monacotribune\\\/\",\"https:\\\/\\\/www.linkedin.com\\\/company\\\/monaco-tribune\",\"https:\\\/\\\/www.youtube.com\\\/channel\\\/UCHle1MnG6hw1y4lWKijVbMA\"]},{\"@type\":\"Person\",\"@id\":\"https:\\\/\\\/www.monaco-tribune.com\\\/it\\\/#\\\/schema\\\/person\\\/a855d420fff4d03637641d60b93ac62e\",\"name\":\"Camille Esteve\",\"image\":{\"@type\":\"ImageObject\",\"inLanguage\":\"it-IT\",\"@id\":\"https:\\\/\\\/secure.gravatar.com\\\/avatar\\\/eaaa2355a7bb56c0018a391c20a55bf9b4690e3f493231dd850e612bfa6ce161?s=96&d=mm&r=g\",\"url\":\"https:\\\/\\\/secure.gravatar.com\\\/avatar\\\/eaaa2355a7bb56c0018a391c20a55bf9b4690e3f493231dd850e612bfa6ce161?s=96&d=mm&r=g\",\"contentUrl\":\"https:\\\/\\\/secure.gravatar.com\\\/avatar\\\/eaaa2355a7bb56c0018a391c20a55bf9b4690e3f493231dd850e612bfa6ce161?s=96&d=mm&r=g\",\"caption\":\"Camille Esteve\"},\"url\":\"https:\\\/\\\/www.monaco-tribune.com\\\/it\\\/author\\\/camilleesteve\\\/\"}]}<\/script>\n<!-- \/ Yoast SEO Premium plugin. -->","yoast_head_json":{"title":"Una collezione di gioielli in onore della Principessa Grace","description":"La maison francese Van Cleef &amp; Arpels ha realizzato una collana lunga, un pendente e un bracciale in memoria della moglie del Principe Ranieri III. Il","robots":{"index":"index","follow":"follow","max-snippet":"max-snippet:-1","max-image-preview":"max-image-preview:large","max-video-preview":"max-video-preview:-1"},"canonical":"https:\/\/www.monaco-tribune.com\/it\/2022\/08\/una-collezione-di-gioielli-in-onore-della-principessa-grace\/","og_locale":"it_IT","og_type":"article","og_title":"Una collezione di gioielli in onore della Principessa Grace - Monaco Tribune","og_description":"La maison francese Van Cleef &amp; Arpels ha realizzato una collana lunga, un pendente e un bracciale in memoria della moglie del Principe Ranieri III. Il","og_url":"https:\/\/www.monaco-tribune.com\/it\/2022\/08\/una-collezione-di-gioielli-in-onore-della-principessa-grace\/","og_site_name":"Monaco Tribune","article_publisher":"https:\/\/www.facebook.com\/MonacoTribune","article_published_time":"2022-08-03T08:44:07+00:00","article_modified_time":"2022-08-03T08:54:20+00:00","og_image":[{"width":1020,"height":680,"url":"https:\/\/www.monaco-tribune.com\/wp-content\/uploads\/2022\/07\/palais-princier-princesse-charlene-van-cleef.jpeg","type":"image\/jpeg"}],"author":"Camille Esteve","twitter_card":"summary_large_image","twitter_creator":"@MonacoTribune","twitter_site":"@MonacoTribune","schema":{"@context":"https:\/\/schema.org","@graph":[{"@type":"NewsArticle","@id":"https:\/\/www.monaco-tribune.com\/it\/2022\/08\/una-collezione-di-gioielli-in-onore-della-principessa-grace\/#article","isPartOf":{"@id":"https:\/\/www.monaco-tribune.com\/it\/2022\/08\/una-collezione-di-gioielli-in-onore-della-principessa-grace\/"},"author":{"name":"Camille Esteve","@id":"https:\/\/www.monaco-tribune.com\/it\/#\/schema\/person\/a855d420fff4d03637641d60b93ac62e"},"headline":"Una collezione di gioielli in onore della Principessa Grace","datePublished":"2022-08-03T08:44:07+00:00","dateModified":"2022-08-03T08:54:20+00:00","mainEntityOfPage":{"@id":"https:\/\/www.monaco-tribune.com\/it\/2022\/08\/una-collezione-di-gioielli-in-onore-della-principessa-grace\/"},"wordCount":433,"publisher":{"@id":"https:\/\/www.monaco-tribune.com\/it\/#organization"},"image":{"@id":"https:\/\/www.monaco-tribune.com\/it\/2022\/08\/una-collezione-di-gioielli-in-onore-della-principessa-grace\/#primaryimage"},"thumbnailUrl":"https:\/\/www.monaco-tribune.com\/wp-content\/uploads\/2022\/07\/palais-princier-princesse-charlene-van-cleef.jpeg","articleSection":["Famiglia Principesca","La nostra scelta","Notizie"],"inLanguage":"it-IT","copyrightYear":"2022","copyrightHolder":{"@id":"https:\/\/www.monaco-tribune.com\/#organization"}},{"@type":"WebPage","@id":"https:\/\/www.monaco-tribune.com\/it\/2022\/08\/una-collezione-di-gioielli-in-onore-della-principessa-grace\/","url":"https:\/\/www.monaco-tribune.com\/it\/2022\/08\/una-collezione-di-gioielli-in-onore-della-principessa-grace\/","name":"Una collezione di gioielli in onore della Principessa Grace","isPartOf":{"@id":"https:\/\/www.monaco-tribune.com\/it\/#website"},"primaryImageOfPage":{"@id":"https:\/\/www.monaco-tribune.com\/it\/2022\/08\/una-collezione-di-gioielli-in-onore-della-principessa-grace\/#primaryimage"},"image":{"@id":"https:\/\/www.monaco-tribune.com\/it\/2022\/08\/una-collezione-di-gioielli-in-onore-della-principessa-grace\/#primaryimage"},"thumbnailUrl":"https:\/\/www.monaco-tribune.com\/wp-content\/uploads\/2022\/07\/palais-princier-princesse-charlene-van-cleef.jpeg","datePublished":"2022-08-03T08:44:07+00:00","dateModified":"2022-08-03T08:54:20+00:00","description":"La maison francese Van Cleef &amp; Arpels ha realizzato una collana lunga, un pendente e un bracciale in memoria della moglie del Principe Ranieri III. Il","breadcrumb":{"@id":"https:\/\/www.monaco-tribune.com\/it\/2022\/08\/una-collezione-di-gioielli-in-onore-della-principessa-grace\/#breadcrumb"},"inLanguage":"it-IT","potentialAction":[{"@type":"ReadAction","target":["https:\/\/www.monaco-tribune.com\/it\/2022\/08\/una-collezione-di-gioielli-in-onore-della-principessa-grace\/"]}]},{"@type":"ImageObject","inLanguage":"it-IT","@id":"https:\/\/www.monaco-tribune.com\/it\/2022\/08\/una-collezione-di-gioielli-in-onore-della-principessa-grace\/#primaryimage","url":"https:\/\/www.monaco-tribune.com\/wp-content\/uploads\/2022\/07\/palais-princier-princesse-charlene-van-cleef.jpeg","contentUrl":"https:\/\/www.monaco-tribune.com\/wp-content\/uploads\/2022\/07\/palais-princier-princesse-charlene-van-cleef.jpeg","width":1020,"height":680,"caption":"Eric Mathon \/ Palazzo del Principe"},{"@type":"BreadcrumbList","@id":"https:\/\/www.monaco-tribune.com\/it\/2022\/08\/una-collezione-di-gioielli-in-onore-della-principessa-grace\/#breadcrumb","itemListElement":[{"@type":"ListItem","position":1,"name":"Accueil","item":"https:\/\/www.monaco-tribune.com\/it\/"},{"@type":"ListItem","position":2,"name":"Una collezione di gioielli in onore della Principessa Grace"}]},{"@type":"WebSite","@id":"https:\/\/www.monaco-tribune.com\/it\/#website","url":"https:\/\/www.monaco-tribune.com\/it\/","name":"Monaco Tribune","description":"Monaco : actualit\u00e9s \u00e9conomiques, politiques, culturelles et sportives de Monaco et de la French Riviera.","publisher":{"@id":"https:\/\/www.monaco-tribune.com\/it\/#organization"},"potentialAction":[{"@type":"SearchAction","target":{"@type":"EntryPoint","urlTemplate":"https:\/\/www.monaco-tribune.com\/it\/?s={search_term_string}"},"query-input":{"@type":"PropertyValueSpecification","valueRequired":true,"valueName":"search_term_string"}}],"inLanguage":"it-IT"},{"@type":"Organization","@id":"https:\/\/www.monaco-tribune.com\/it\/#organization","name":"Monaco Tribune","url":"https:\/\/www.monaco-tribune.com\/it\/","logo":{"@type":"ImageObject","inLanguage":"it-IT","@id":"https:\/\/www.monaco-tribune.com\/it\/#\/schema\/logo\/image\/","url":"https:\/\/www.monaco-tribune.com\/wp-content\/uploads\/2022\/11\/logo-monaco-tribune.png","contentUrl":"https:\/\/www.monaco-tribune.com\/wp-content\/uploads\/2022\/11\/logo-monaco-tribune.png","width":1548,"height":600,"caption":"Monaco Tribune"},"image":{"@id":"https:\/\/www.monaco-tribune.com\/it\/#\/schema\/logo\/image\/"},"sameAs":["https:\/\/www.facebook.com\/MonacoTribune","https:\/\/x.com\/MonacoTribune","https:\/\/www.instagram.com\/monacotribune\/","https:\/\/www.linkedin.com\/company\/monaco-tribune","https:\/\/www.youtube.com\/channel\/UCHle1MnG6hw1y4lWKijVbMA"]},{"@type":"Person","@id":"https:\/\/www.monaco-tribune.com\/it\/#\/schema\/person\/a855d420fff4d03637641d60b93ac62e","name":"Camille Esteve","image":{"@type":"ImageObject","inLanguage":"it-IT","@id":"https:\/\/secure.gravatar.com\/avatar\/eaaa2355a7bb56c0018a391c20a55bf9b4690e3f493231dd850e612bfa6ce161?s=96&d=mm&r=g","url":"https:\/\/secure.gravatar.com\/avatar\/eaaa2355a7bb56c0018a391c20a55bf9b4690e3f493231dd850e612bfa6ce161?s=96&d=mm&r=g","contentUrl":"https:\/\/secure.gravatar.com\/avatar\/eaaa2355a7bb56c0018a391c20a55bf9b4690e3f493231dd850e612bfa6ce161?s=96&d=mm&r=g","caption":"Camille Esteve"},"url":"https:\/\/www.monaco-tribune.com\/it\/author\/camilleesteve\/"}]}},"_links":{"self":[{"href":"https:\/\/www.monaco-tribune.com\/it\/wp-json\/wp\/v2\/posts\/133274","targetHints":{"allow":["GET"]}}],"collection":[{"href":"https:\/\/www.monaco-tribune.com\/it\/wp-json\/wp\/v2\/posts"}],"about":[{"href":"https:\/\/www.monaco-tribune.com\/it\/wp-json\/wp\/v2\/types\/post"}],"author":[{"embeddable":true,"href":"https:\/\/www.monaco-tribune.com\/it\/wp-json\/wp\/v2\/users\/60"}],"replies":[{"embeddable":true,"href":"https:\/\/www.monaco-tribune.com\/it\/wp-json\/wp\/v2\/comments?post=133274"}],"version-history":[{"count":0,"href":"https:\/\/www.monaco-tribune.com\/it\/wp-json\/wp\/v2\/posts\/133274\/revisions"}],"wp:featuredmedia":[{"embeddable":true,"href":"https:\/\/www.monaco-tribune.com\/it\/wp-json\/wp\/v2\/media\/132441"}],"wp:attachment":[{"href":"https:\/\/www.monaco-tribune.com\/it\/wp-json\/wp\/v2\/media?parent=133274"}],"wp:term":[{"taxonomy":"category","embeddable":true,"href":"https:\/\/www.monaco-tribune.com\/it\/wp-json\/wp\/v2\/categories?post=133274"},{"taxonomy":"post_tag","embeddable":true,"href":"https:\/\/www.monaco-tribune.com\/it\/wp-json\/wp\/v2\/tags?post=133274"},{"taxonomy":"sectag","embeddable":true,"href":"https:\/\/www.monaco-tribune.com\/it\/wp-json\/wp\/v2\/post_sectags?post=133274"},{"taxonomy":"format","embeddable":true,"href":"https:\/\/www.monaco-tribune.com\/it\/wp-json\/wp\/v2\/post_format?post=133274"}],"curies":[{"name":"wp","href":"https:\/\/api.w.org\/{rel}","templated":true}]}}