{"id":133349,"date":"2022-08-03T16:59:08","date_gmt":"2022-08-03T14:59:08","guid":{"rendered":"https:\/\/www.monaco-tribune.com\/2022\/08\/champions-league-5-elementi-da-considerare-del-pareggio-dellas-monaco-con-il-psv-eindhoven\/"},"modified":"2022-08-03T16:59:25","modified_gmt":"2022-08-03T14:59:25","slug":"champions-league-5-elementi-da-considerare-del-pareggio-dellas-monaco-con-il-psv-eindhoven","status":"publish","type":"post","link":"https:\/\/www.monaco-tribune.com\/it\/2022\/08\/champions-league-5-elementi-da-considerare-del-pareggio-dellas-monaco-con-il-psv-eindhoven\/","title":{"rendered":"Champions League: 5 elementi da considerare del pareggio dell\u2019AS Monaco con il PSV Eindhoven"},"content":{"rendered":"\n<p><strong>Marted\u00ec sera allo stadio Louis II, l\u2019AS Monaco ha pareggiato con il PSV Eindhoven <\/strong><strong>(1-1) alla partita di andata del terzo turno preliminare di Champions League.<\/strong><\/p>\n\n<h2 class=\"wp-block-heading\" id=\"h-le-match-1-1\">Risultato: 1-1<\/h2>\n\n<p>L\u2019AS Monaco ha evitato il peggio pareggiando a fine partita. La squadra si stava dirigendo verso un\u2019amara sconfitta in casa, quando nell\u2019ultimo quarto d\u2019ora i monegaschi si sono guadagnati un bel pareggio.<\/p>\n\n<p>Dopo l\u2019entrata in campo di Breel Embolo e di altri giocatori (leggere sotto), gli uomini di Philippe Clement hanno segnato un goal grazie ad Axel Disasi dopo il calcio di punizione di Ismail Jakobs (1-1, 80\u2019). Ci \u00e8 voluto tempo prima che il punto venisse realizzato. I monegaschi avevano subito un goal nel primo tempo da Joey Veerman dopo l\u2019assist dell\u2019attaccante Luuk De Jong (0-1, 37\u2019).<\/p>\n\n<p><strong>LEGGI ANCHE: <a href=\"https:\/\/www.monaco-tribune.com\/it\/2022\/07\/las-monaco-e-le-ragioni-del-suo-successo\/\">L\u2019AS Monaco e le ragioni del suo successo<\/a><\/strong><\/p>\n\n<p>Se il Monaco ha avuto delle occasioni di segnare, soprattutto grazie ai due tiri di Takumi Minamino (18\u2019, 49\u2019), i monegaschi in generale hanno peccato all\u2019attacco nonostante il possesso palla a loro favore. \u00c8 stata inoltre discutibile la decisione dell\u2019arbitro di non fischiare un rigore (leggere sotto).<\/p>\n\n<p>Alla fine della partita il Monaco ha dovuto accontentarsi di un pareggio, prima di una partita di ritorno che si preannuncia molto accesa e si terr\u00e0 marted\u00ec prossimo (20:30) al Philips Stadion. Ma grazie all\u2019abolizione della regola dei gol fuori casa, i monegaschi sono ancora in tempo per qualificarsi per i playoff di Champions League.<\/p>\n\n<h2 class=\"wp-block-heading\" id=\"h-la-perf-l-entree-d-embolo-a-tout-change\">Performance: l\u2019entrata di Embolo cambia tutto<\/h2>\n\n<p>Il lungo quarto d\u2019ora in cui ha giocato allo stadio Louis II sembra essere promettente per il futuro. Il giocatore internazionale svizzero, sceso in campo al 76\u2019 sostituendo Alexandr Golovin, ha fatto una bella figura in attacco.<\/p>\n\n<p>Ufficialmente per la prima volta con la divisa biancorossa, Breel Embolo ha lasciato parlare la sua forza e potenza, conquistando diversi falli e destabilizzando la difesa avversaria. <\/p>\n\n<p>Dopo l\u2019ennesimo fallo sull\u2019attaccante monegasco l\u2019AS Monaco \u00e8 quasi andata in vantaggio con il conseguente calcio di punizione, se non fosse stato per il colpo di testa di Youssouf Fofana che ha preso il palo (89\u2019). L\u2019entrata di Embolo non \u00e8 sicuramente passata inosservata.<\/p>\n\n<h2 class=\"wp-block-heading\" id=\"h-le-fait-de-jeu-un-penalty-injustement-oublie\">Presunto errore dell\u2019arbitro: un rigore ingiustamente ignorato?<\/h2>\n\n<p>Poco dopo la prima mezz\u2019ora di gioco, il tiro di Youssouf Fofana \u00e8 stato contrastato da Jordan Teze (32\u2019). La palla \u00e8 stata visibilmente toccata con la mano. Ma dopo il replay, l\u2019arbitro della partita, Davide Massa, ha ritenuto che l\u2019azione fosse involontaria e che il bracco di Jordan Teze non si fosse staccato dal corpo. \u00c8 stata una decisione carica di conseguenze perch\u00e9 cinque minuti dopo i monegaschi si sono concessi un goal. <\/p>\n\n<h2 class=\"wp-block-heading\" id=\"h-le-chiffre-8\">Numero di attaccanti: 8<\/h2>\n\n<p>Otto \u00e8 il numero degli attaccanti scesi in campo durante la partita. Allineato al calcio di inizio, il quartetto composto da Golovin, Minamino, Volland e Ben Yeddder \u00e8 stato man mano sostituito da un altro quartetto formato da Diop, Diatta, Gelson Martins ed Embolo.<\/p>\n\n<figure class=\"wp-block-embed aligncenter is-type-rich is-provider-twitter wp-block-embed-twitter\"><div class=\"wp-block-embed__wrapper\">\r\n<blockquote class=\"twitter-tweet\" data-width=\"500\" data-dnt=\"true\"><p lang=\"fr\" dir=\"ltr\">\ud83d\udd34\u26aa\ufe0f <a href=\"https:\/\/twitter.com\/hashtag\/ASMPSV?src=hash&amp;ref_src=twsrc%5Etfw\">#ASMPSV<\/a><br><br>8\ufe0f\u20e3 joueurs \u00e0 vocation offensive utilis\u00e9s par <a href=\"https:\/\/twitter.com\/hashtag\/PhilippeClement?src=hash&amp;ref_src=twsrc%5Etfw\">#PhilippeClement<\/a> dans ce match. La rotation s\u2019annonce int\u00e9ressante en attaque cette saison, avec des combinaisons in\u00e9dites en fonction du d\u00e9roulement des rencontres !<\/p>&mdash; Romain Boisaubert (@R_Boisaubert) <a href=\"https:\/\/twitter.com\/R_Boisaubert\/status\/1554557863498252288?ref_src=twsrc%5Etfw\">August 2, 2022<\/a><\/blockquote><script async src=\"https:\/\/platform.twitter.com\/widgets.js\" charset=\"utf-8\"><\/script>\r\n<\/div><\/figure>\r\n\n<h2 class=\"wp-block-heading\" id=\"h-en-tribune-retour-triomphant-pour-la-munegu-family\">In tribuna: il ritorno trionfale della \u201cMunegu Family\u201d<\/h2>\n\n<p>Dopo due anni di assenza, la \u201cMunegu Family\u201d \u00e8 tornata alla carica in occasione del primissimo incontro della stagione allo stadio Louis II. Il successo riscosso \u00e8 stato incredibile: la tribuna B2 era al completo e le famiglie di tifosi dell\u2019AS Monaco si sono finalmente potute riunire.<\/p>\n<div class=\"wp-block-image\">\n<figure class=\"aligncenter size-full\"><img loading=\"lazy\" decoding=\"async\" width=\"1024\" height=\"654\" src=\"https:\/\/www.monaco-tribune.com\/wp-content\/uploads\/2022\/08\/munegu-family.jpg\" alt=\"\" class=\"wp-image-133243\" srcset=\"https:\/\/www.monaco-tribune.com\/wp-content\/uploads\/2022\/08\/munegu-family.jpg 1024w, https:\/\/www.monaco-tribune.com\/wp-content\/uploads\/2022\/08\/munegu-family-470x300.jpg 470w\" sizes=\"auto, (max-width: 1024px) 100vw, 1024px\" \/><figcaption>\u00a9 AS Monaco<\/figcaption><\/figure>\n<\/div>\n<p>Il presidente del club, Dmitri Rybolovlev, si impegna a offrire ai giovani tifosi e ai loro genitori l\u2019opportunit\u00e0 di assistere alle partite della squadra biancorossa in un\u2019atmosfera accogliente e familiare. La tribuna, accessibile a un prezzo conveniente, ha in serbo sempre tante sorprese: il tradizionale stand per il trucco, lo spettacolo di magia e la mascotte del club, Bouba.<\/p>\n\n<p>\u201cL\u2019intenzione del presidente \u00e8 rafforzare il legame tra il club e i tifosi locali, rivolgendosi ai giovani e agevolando loro l\u2019ingresso allo stadio. L\u2019obiettivo della Munegu Family \u00e8 mettere le famiglie in una posizione privilegiata per invogliarle ad andare il pi\u00f9 possibile allo stadio per tifare la squadra\u201d, ha dichiarato Olga Dementeva, direttrice generale aggiunta del club.<\/p>\n<div class=\"wp-block-image\">\n<figure class=\"aligncenter size-full\"><img loading=\"lazy\" decoding=\"async\" width=\"1024\" height=\"728\" src=\"https:\/\/www.monaco-tribune.com\/wp-content\/uploads\/2022\/08\/munegu-family-ii.jpg\" alt=\"\" class=\"wp-image-133247\" srcset=\"https:\/\/www.monaco-tribune.com\/wp-content\/uploads\/2022\/08\/munegu-family-ii.jpg 1024w, https:\/\/www.monaco-tribune.com\/wp-content\/uploads\/2022\/08\/munegu-family-ii-422x300.jpg 422w\" sizes=\"auto, (max-width: 1024px) 100vw, 1024px\" \/><figcaption>@ AS Monaco<\/figcaption><\/figure>\n<\/div>\n<p>Questa proposta \u00e8 in linea con l\u2019iniziativa \u201cTous au Stade\u201d (Tutti allo stadio), che la stagione precedente ha consentito ai giovani laureati delle societ\u00e0 dilettantistiche della regione e italiane di assistere alle partite contro il Metz, il Reims e il Troyes. Con il servizio di car pooling \u201cMunego\u201d per agevolare l\u2019accessibilit\u00e0 allo stadio dei tifosi monegaschi, il club ha dimostrato ancora una volta la sua intenzione di offrire ai tifosi un\u2019esperienza unica.<\/p>\n","protected":false},"excerpt":{"rendered":"<p>Marted\u00ec sera allo stadio Louis II, l\u2019AS Monaco ha pareggiato con il PSV Eindhoven (1-1) alla partita di andata del [&hellip;]<\/p>\n","protected":false},"author":24,"featured_media":133238,"comment_status":"closed","ping_status":"closed","sticky":false,"template":"","format":"standard","meta":{"_acf_changed":false,"footnotes":""},"categories":[1826,1738,1743],"tags":[2846],"post_sectags":[],"post_format":[2478],"class_list":["post-133349","post","type-post","status-publish","format-standard","has-post-thumbnail","hentry","category-la-nostra-scelta","category-notizie","category-sport-it","tag-as-monaco-it-2","format-notizia"],"acf":[],"yoast_head":"<!-- This site is optimized with the Yoast SEO Premium plugin v26.8 (Yoast SEO v27.4) - https:\/\/yoast.com\/product\/yoast-seo-premium-wordpress\/ -->\n<title>Champions League: 5 elementi da considerare del pareggio dell\u2019AS Monaco con il PSV Eindhoven<\/title>\n<meta name=\"description\" content=\"Marted\u00ec sera allo stadio Louis II, l\u2019AS Monaco ha pareggiato con il PSV Eindhoven (1-1) alla partita di andata del terzo turno preliminare di Champions\" \/>\n<meta name=\"robots\" content=\"index, follow, max-snippet:-1, max-image-preview:large, max-video-preview:-1\" \/>\n<link rel=\"canonical\" href=\"https:\/\/www.monaco-tribune.com\/it\/2022\/08\/champions-league-5-elementi-da-considerare-del-pareggio-dellas-monaco-con-il-psv-eindhoven\/\" \/>\n<meta property=\"og:locale\" content=\"it_IT\" \/>\n<meta property=\"og:type\" content=\"article\" \/>\n<meta property=\"og:title\" content=\"Champions League: 5 elementi da considerare del pareggio dell\u2019AS Monaco con il PSV Eindhoven - Monaco Tribune\" \/>\n<meta property=\"og:description\" content=\"Marted\u00ec sera allo stadio Louis II, l\u2019AS Monaco ha pareggiato con il PSV Eindhoven (1-1) alla partita di andata del terzo turno preliminare di Champions\" \/>\n<meta property=\"og:url\" content=\"https:\/\/www.monaco-tribune.com\/it\/2022\/08\/champions-league-5-elementi-da-considerare-del-pareggio-dellas-monaco-con-il-psv-eindhoven\/\" \/>\n<meta property=\"og:site_name\" content=\"Monaco Tribune\" \/>\n<meta property=\"article:publisher\" content=\"https:\/\/www.facebook.com\/MonacoTribune\" \/>\n<meta property=\"article:published_time\" content=\"2022-08-03T14:59:08+00:00\" \/>\n<meta property=\"article:modified_time\" content=\"2022-08-03T14:59:25+00:00\" \/>\n<meta property=\"og:image\" content=\"https:\/\/www.monaco-tribune.com\/wp-content\/uploads\/2022\/08\/as-monaco-min-1.jpg\" \/>\n\t<meta property=\"og:image:width\" content=\"1160\" \/>\n\t<meta property=\"og:image:height\" content=\"650\" \/>\n\t<meta property=\"og:image:type\" content=\"image\/jpeg\" \/>\n<meta name=\"author\" content=\"Romain Boisaubert\" \/>\n<meta name=\"twitter:card\" content=\"summary_large_image\" \/>\n<meta name=\"twitter:creator\" content=\"@MonacoTribune\" \/>\n<meta name=\"twitter:site\" content=\"@MonacoTribune\" \/>\n<script type=\"application\/ld+json\" class=\"yoast-schema-graph\">{\"@context\":\"https:\\\/\\\/schema.org\",\"@graph\":[{\"@type\":\"NewsArticle\",\"@id\":\"https:\\\/\\\/www.monaco-tribune.com\\\/it\\\/2022\\\/08\\\/champions-league-5-elementi-da-considerare-del-pareggio-dellas-monaco-con-il-psv-eindhoven\\\/#article\",\"isPartOf\":{\"@id\":\"https:\\\/\\\/www.monaco-tribune.com\\\/it\\\/2022\\\/08\\\/champions-league-5-elementi-da-considerare-del-pareggio-dellas-monaco-con-il-psv-eindhoven\\\/\"},\"author\":{\"name\":\"Romain Boisaubert\",\"@id\":\"https:\\\/\\\/www.monaco-tribune.com\\\/it\\\/#\\\/schema\\\/person\\\/330a3732947cf8cb41b2533a0eadd62e\"},\"headline\":\"Champions League: 5 elementi da considerare del pareggio dell\u2019AS Monaco con il PSV Eindhoven\",\"datePublished\":\"2022-08-03T14:59:08+00:00\",\"dateModified\":\"2022-08-03T14:59:25+00:00\",\"mainEntityOfPage\":{\"@id\":\"https:\\\/\\\/www.monaco-tribune.com\\\/it\\\/2022\\\/08\\\/champions-league-5-elementi-da-considerare-del-pareggio-dellas-monaco-con-il-psv-eindhoven\\\/\"},\"wordCount\":756,\"publisher\":{\"@id\":\"https:\\\/\\\/www.monaco-tribune.com\\\/it\\\/#organization\"},\"image\":{\"@id\":\"https:\\\/\\\/www.monaco-tribune.com\\\/it\\\/2022\\\/08\\\/champions-league-5-elementi-da-considerare-del-pareggio-dellas-monaco-con-il-psv-eindhoven\\\/#primaryimage\"},\"thumbnailUrl\":\"https:\\\/\\\/www.monaco-tribune.com\\\/wp-content\\\/uploads\\\/2022\\\/08\\\/as-monaco-min-1.jpg\",\"keywords\":[\"AS Monaco\"],\"articleSection\":[\"La nostra scelta\",\"Notizie\",\"Sport\"],\"inLanguage\":\"it-IT\",\"copyrightYear\":\"2022\",\"copyrightHolder\":{\"@id\":\"https:\\\/\\\/www.monaco-tribune.com\\\/#organization\"}},{\"@type\":\"WebPage\",\"@id\":\"https:\\\/\\\/www.monaco-tribune.com\\\/it\\\/2022\\\/08\\\/champions-league-5-elementi-da-considerare-del-pareggio-dellas-monaco-con-il-psv-eindhoven\\\/\",\"url\":\"https:\\\/\\\/www.monaco-tribune.com\\\/it\\\/2022\\\/08\\\/champions-league-5-elementi-da-considerare-del-pareggio-dellas-monaco-con-il-psv-eindhoven\\\/\",\"name\":\"Champions League: 5 elementi da considerare del pareggio dell\u2019AS Monaco con il PSV Eindhoven\",\"isPartOf\":{\"@id\":\"https:\\\/\\\/www.monaco-tribune.com\\\/it\\\/#website\"},\"primaryImageOfPage\":{\"@id\":\"https:\\\/\\\/www.monaco-tribune.com\\\/it\\\/2022\\\/08\\\/champions-league-5-elementi-da-considerare-del-pareggio-dellas-monaco-con-il-psv-eindhoven\\\/#primaryimage\"},\"image\":{\"@id\":\"https:\\\/\\\/www.monaco-tribune.com\\\/it\\\/2022\\\/08\\\/champions-league-5-elementi-da-considerare-del-pareggio-dellas-monaco-con-il-psv-eindhoven\\\/#primaryimage\"},\"thumbnailUrl\":\"https:\\\/\\\/www.monaco-tribune.com\\\/wp-content\\\/uploads\\\/2022\\\/08\\\/as-monaco-min-1.jpg\",\"datePublished\":\"2022-08-03T14:59:08+00:00\",\"dateModified\":\"2022-08-03T14:59:25+00:00\",\"description\":\"Marted\u00ec sera allo stadio Louis II, l\u2019AS Monaco ha pareggiato con il PSV Eindhoven (1-1) alla partita di andata del terzo turno preliminare di Champions\",\"breadcrumb\":{\"@id\":\"https:\\\/\\\/www.monaco-tribune.com\\\/it\\\/2022\\\/08\\\/champions-league-5-elementi-da-considerare-del-pareggio-dellas-monaco-con-il-psv-eindhoven\\\/#breadcrumb\"},\"inLanguage\":\"it-IT\",\"potentialAction\":[{\"@type\":\"ReadAction\",\"target\":[\"https:\\\/\\\/www.monaco-tribune.com\\\/it\\\/2022\\\/08\\\/champions-league-5-elementi-da-considerare-del-pareggio-dellas-monaco-con-il-psv-eindhoven\\\/\"]}]},{\"@type\":\"ImageObject\",\"inLanguage\":\"it-IT\",\"@id\":\"https:\\\/\\\/www.monaco-tribune.com\\\/it\\\/2022\\\/08\\\/champions-league-5-elementi-da-considerare-del-pareggio-dellas-monaco-con-il-psv-eindhoven\\\/#primaryimage\",\"url\":\"https:\\\/\\\/www.monaco-tribune.com\\\/wp-content\\\/uploads\\\/2022\\\/08\\\/as-monaco-min-1.jpg\",\"contentUrl\":\"https:\\\/\\\/www.monaco-tribune.com\\\/wp-content\\\/uploads\\\/2022\\\/08\\\/as-monaco-min-1.jpg\",\"width\":1160,\"height\":650,\"caption\":\"AS Monaco\"},{\"@type\":\"BreadcrumbList\",\"@id\":\"https:\\\/\\\/www.monaco-tribune.com\\\/it\\\/2022\\\/08\\\/champions-league-5-elementi-da-considerare-del-pareggio-dellas-monaco-con-il-psv-eindhoven\\\/#breadcrumb\",\"itemListElement\":[{\"@type\":\"ListItem\",\"position\":1,\"name\":\"Accueil\",\"item\":\"https:\\\/\\\/www.monaco-tribune.com\\\/it\\\/\"},{\"@type\":\"ListItem\",\"position\":2,\"name\":\"Champions League: 5 elementi da considerare del pareggio dell\u2019AS Monaco con il PSV Eindhoven\"}]},{\"@type\":\"WebSite\",\"@id\":\"https:\\\/\\\/www.monaco-tribune.com\\\/it\\\/#website\",\"url\":\"https:\\\/\\\/www.monaco-tribune.com\\\/it\\\/\",\"name\":\"Monaco Tribune\",\"description\":\"Monaco : actualit\u00e9s \u00e9conomiques, politiques, culturelles et sportives de Monaco et de la French Riviera.\",\"publisher\":{\"@id\":\"https:\\\/\\\/www.monaco-tribune.com\\\/it\\\/#organization\"},\"potentialAction\":[{\"@type\":\"SearchAction\",\"target\":{\"@type\":\"EntryPoint\",\"urlTemplate\":\"https:\\\/\\\/www.monaco-tribune.com\\\/it\\\/?s={search_term_string}\"},\"query-input\":{\"@type\":\"PropertyValueSpecification\",\"valueRequired\":true,\"valueName\":\"search_term_string\"}}],\"inLanguage\":\"it-IT\"},{\"@type\":\"Organization\",\"@id\":\"https:\\\/\\\/www.monaco-tribune.com\\\/it\\\/#organization\",\"name\":\"Monaco Tribune\",\"url\":\"https:\\\/\\\/www.monaco-tribune.com\\\/it\\\/\",\"logo\":{\"@type\":\"ImageObject\",\"inLanguage\":\"it-IT\",\"@id\":\"https:\\\/\\\/www.monaco-tribune.com\\\/it\\\/#\\\/schema\\\/logo\\\/image\\\/\",\"url\":\"https:\\\/\\\/www.monaco-tribune.com\\\/wp-content\\\/uploads\\\/2022\\\/11\\\/logo-monaco-tribune.png\",\"contentUrl\":\"https:\\\/\\\/www.monaco-tribune.com\\\/wp-content\\\/uploads\\\/2022\\\/11\\\/logo-monaco-tribune.png\",\"width\":1548,\"height\":600,\"caption\":\"Monaco Tribune\"},\"image\":{\"@id\":\"https:\\\/\\\/www.monaco-tribune.com\\\/it\\\/#\\\/schema\\\/logo\\\/image\\\/\"},\"sameAs\":[\"https:\\\/\\\/www.facebook.com\\\/MonacoTribune\",\"https:\\\/\\\/x.com\\\/MonacoTribune\",\"https:\\\/\\\/www.instagram.com\\\/monacotribune\\\/\",\"https:\\\/\\\/www.linkedin.com\\\/company\\\/monaco-tribune\",\"https:\\\/\\\/www.youtube.com\\\/channel\\\/UCHle1MnG6hw1y4lWKijVbMA\"]},{\"@type\":\"Person\",\"@id\":\"https:\\\/\\\/www.monaco-tribune.com\\\/it\\\/#\\\/schema\\\/person\\\/330a3732947cf8cb41b2533a0eadd62e\",\"name\":\"Romain Boisaubert\",\"image\":{\"@type\":\"ImageObject\",\"inLanguage\":\"it-IT\",\"@id\":\"https:\\\/\\\/secure.gravatar.com\\\/avatar\\\/f8b90d41f1eabd1cbe4cf59e09d8db41a697d51919bf2dfe727589a24a4a4d54?s=96&d=mm&r=g\",\"url\":\"https:\\\/\\\/secure.gravatar.com\\\/avatar\\\/f8b90d41f1eabd1cbe4cf59e09d8db41a697d51919bf2dfe727589a24a4a4d54?s=96&d=mm&r=g\",\"contentUrl\":\"https:\\\/\\\/secure.gravatar.com\\\/avatar\\\/f8b90d41f1eabd1cbe4cf59e09d8db41a697d51919bf2dfe727589a24a4a4d54?s=96&d=mm&r=g\",\"caption\":\"Romain Boisaubert\"},\"description\":\"Test bio\",\"url\":\"https:\\\/\\\/www.monaco-tribune.com\\\/it\\\/author\\\/romain-boisaubert\\\/\"}]}<\/script>\n<!-- \/ Yoast SEO Premium plugin. -->","yoast_head_json":{"title":"Champions League: 5 elementi da considerare del pareggio dell\u2019AS Monaco con il PSV Eindhoven","description":"Marted\u00ec sera allo stadio Louis II, l\u2019AS Monaco ha pareggiato con il PSV Eindhoven (1-1) alla partita di andata del terzo turno preliminare di Champions","robots":{"index":"index","follow":"follow","max-snippet":"max-snippet:-1","max-image-preview":"max-image-preview:large","max-video-preview":"max-video-preview:-1"},"canonical":"https:\/\/www.monaco-tribune.com\/it\/2022\/08\/champions-league-5-elementi-da-considerare-del-pareggio-dellas-monaco-con-il-psv-eindhoven\/","og_locale":"it_IT","og_type":"article","og_title":"Champions League: 5 elementi da considerare del pareggio dell\u2019AS Monaco con il PSV Eindhoven - Monaco Tribune","og_description":"Marted\u00ec sera allo stadio Louis II, l\u2019AS Monaco ha pareggiato con il PSV Eindhoven (1-1) alla partita di andata del terzo turno preliminare di Champions","og_url":"https:\/\/www.monaco-tribune.com\/it\/2022\/08\/champions-league-5-elementi-da-considerare-del-pareggio-dellas-monaco-con-il-psv-eindhoven\/","og_site_name":"Monaco Tribune","article_publisher":"https:\/\/www.facebook.com\/MonacoTribune","article_published_time":"2022-08-03T14:59:08+00:00","article_modified_time":"2022-08-03T14:59:25+00:00","og_image":[{"width":1160,"height":650,"url":"https:\/\/www.monaco-tribune.com\/wp-content\/uploads\/2022\/08\/as-monaco-min-1.jpg","type":"image\/jpeg"}],"author":"Romain Boisaubert","twitter_card":"summary_large_image","twitter_creator":"@MonacoTribune","twitter_site":"@MonacoTribune","schema":{"@context":"https:\/\/schema.org","@graph":[{"@type":"NewsArticle","@id":"https:\/\/www.monaco-tribune.com\/it\/2022\/08\/champions-league-5-elementi-da-considerare-del-pareggio-dellas-monaco-con-il-psv-eindhoven\/#article","isPartOf":{"@id":"https:\/\/www.monaco-tribune.com\/it\/2022\/08\/champions-league-5-elementi-da-considerare-del-pareggio-dellas-monaco-con-il-psv-eindhoven\/"},"author":{"name":"Romain Boisaubert","@id":"https:\/\/www.monaco-tribune.com\/it\/#\/schema\/person\/330a3732947cf8cb41b2533a0eadd62e"},"headline":"Champions League: 5 elementi da considerare del pareggio dell\u2019AS Monaco con il PSV Eindhoven","datePublished":"2022-08-03T14:59:08+00:00","dateModified":"2022-08-03T14:59:25+00:00","mainEntityOfPage":{"@id":"https:\/\/www.monaco-tribune.com\/it\/2022\/08\/champions-league-5-elementi-da-considerare-del-pareggio-dellas-monaco-con-il-psv-eindhoven\/"},"wordCount":756,"publisher":{"@id":"https:\/\/www.monaco-tribune.com\/it\/#organization"},"image":{"@id":"https:\/\/www.monaco-tribune.com\/it\/2022\/08\/champions-league-5-elementi-da-considerare-del-pareggio-dellas-monaco-con-il-psv-eindhoven\/#primaryimage"},"thumbnailUrl":"https:\/\/www.monaco-tribune.com\/wp-content\/uploads\/2022\/08\/as-monaco-min-1.jpg","keywords":["AS Monaco"],"articleSection":["La nostra scelta","Notizie","Sport"],"inLanguage":"it-IT","copyrightYear":"2022","copyrightHolder":{"@id":"https:\/\/www.monaco-tribune.com\/#organization"}},{"@type":"WebPage","@id":"https:\/\/www.monaco-tribune.com\/it\/2022\/08\/champions-league-5-elementi-da-considerare-del-pareggio-dellas-monaco-con-il-psv-eindhoven\/","url":"https:\/\/www.monaco-tribune.com\/it\/2022\/08\/champions-league-5-elementi-da-considerare-del-pareggio-dellas-monaco-con-il-psv-eindhoven\/","name":"Champions League: 5 elementi da considerare del pareggio dell\u2019AS Monaco con il PSV Eindhoven","isPartOf":{"@id":"https:\/\/www.monaco-tribune.com\/it\/#website"},"primaryImageOfPage":{"@id":"https:\/\/www.monaco-tribune.com\/it\/2022\/08\/champions-league-5-elementi-da-considerare-del-pareggio-dellas-monaco-con-il-psv-eindhoven\/#primaryimage"},"image":{"@id":"https:\/\/www.monaco-tribune.com\/it\/2022\/08\/champions-league-5-elementi-da-considerare-del-pareggio-dellas-monaco-con-il-psv-eindhoven\/#primaryimage"},"thumbnailUrl":"https:\/\/www.monaco-tribune.com\/wp-content\/uploads\/2022\/08\/as-monaco-min-1.jpg","datePublished":"2022-08-03T14:59:08+00:00","dateModified":"2022-08-03T14:59:25+00:00","description":"Marted\u00ec sera allo stadio Louis II, l\u2019AS Monaco ha pareggiato con il PSV Eindhoven (1-1) alla partita di andata del terzo turno preliminare di Champions","breadcrumb":{"@id":"https:\/\/www.monaco-tribune.com\/it\/2022\/08\/champions-league-5-elementi-da-considerare-del-pareggio-dellas-monaco-con-il-psv-eindhoven\/#breadcrumb"},"inLanguage":"it-IT","potentialAction":[{"@type":"ReadAction","target":["https:\/\/www.monaco-tribune.com\/it\/2022\/08\/champions-league-5-elementi-da-considerare-del-pareggio-dellas-monaco-con-il-psv-eindhoven\/"]}]},{"@type":"ImageObject","inLanguage":"it-IT","@id":"https:\/\/www.monaco-tribune.com\/it\/2022\/08\/champions-league-5-elementi-da-considerare-del-pareggio-dellas-monaco-con-il-psv-eindhoven\/#primaryimage","url":"https:\/\/www.monaco-tribune.com\/wp-content\/uploads\/2022\/08\/as-monaco-min-1.jpg","contentUrl":"https:\/\/www.monaco-tribune.com\/wp-content\/uploads\/2022\/08\/as-monaco-min-1.jpg","width":1160,"height":650,"caption":"AS Monaco"},{"@type":"BreadcrumbList","@id":"https:\/\/www.monaco-tribune.com\/it\/2022\/08\/champions-league-5-elementi-da-considerare-del-pareggio-dellas-monaco-con-il-psv-eindhoven\/#breadcrumb","itemListElement":[{"@type":"ListItem","position":1,"name":"Accueil","item":"https:\/\/www.monaco-tribune.com\/it\/"},{"@type":"ListItem","position":2,"name":"Champions League: 5 elementi da considerare del pareggio dell\u2019AS Monaco con il PSV Eindhoven"}]},{"@type":"WebSite","@id":"https:\/\/www.monaco-tribune.com\/it\/#website","url":"https:\/\/www.monaco-tribune.com\/it\/","name":"Monaco Tribune","description":"Monaco : actualit\u00e9s \u00e9conomiques, politiques, culturelles et sportives de Monaco et de la French Riviera.","publisher":{"@id":"https:\/\/www.monaco-tribune.com\/it\/#organization"},"potentialAction":[{"@type":"SearchAction","target":{"@type":"EntryPoint","urlTemplate":"https:\/\/www.monaco-tribune.com\/it\/?s={search_term_string}"},"query-input":{"@type":"PropertyValueSpecification","valueRequired":true,"valueName":"search_term_string"}}],"inLanguage":"it-IT"},{"@type":"Organization","@id":"https:\/\/www.monaco-tribune.com\/it\/#organization","name":"Monaco Tribune","url":"https:\/\/www.monaco-tribune.com\/it\/","logo":{"@type":"ImageObject","inLanguage":"it-IT","@id":"https:\/\/www.monaco-tribune.com\/it\/#\/schema\/logo\/image\/","url":"https:\/\/www.monaco-tribune.com\/wp-content\/uploads\/2022\/11\/logo-monaco-tribune.png","contentUrl":"https:\/\/www.monaco-tribune.com\/wp-content\/uploads\/2022\/11\/logo-monaco-tribune.png","width":1548,"height":600,"caption":"Monaco Tribune"},"image":{"@id":"https:\/\/www.monaco-tribune.com\/it\/#\/schema\/logo\/image\/"},"sameAs":["https:\/\/www.facebook.com\/MonacoTribune","https:\/\/x.com\/MonacoTribune","https:\/\/www.instagram.com\/monacotribune\/","https:\/\/www.linkedin.com\/company\/monaco-tribune","https:\/\/www.youtube.com\/channel\/UCHle1MnG6hw1y4lWKijVbMA"]},{"@type":"Person","@id":"https:\/\/www.monaco-tribune.com\/it\/#\/schema\/person\/330a3732947cf8cb41b2533a0eadd62e","name":"Romain Boisaubert","image":{"@type":"ImageObject","inLanguage":"it-IT","@id":"https:\/\/secure.gravatar.com\/avatar\/f8b90d41f1eabd1cbe4cf59e09d8db41a697d51919bf2dfe727589a24a4a4d54?s=96&d=mm&r=g","url":"https:\/\/secure.gravatar.com\/avatar\/f8b90d41f1eabd1cbe4cf59e09d8db41a697d51919bf2dfe727589a24a4a4d54?s=96&d=mm&r=g","contentUrl":"https:\/\/secure.gravatar.com\/avatar\/f8b90d41f1eabd1cbe4cf59e09d8db41a697d51919bf2dfe727589a24a4a4d54?s=96&d=mm&r=g","caption":"Romain Boisaubert"},"description":"Test bio","url":"https:\/\/www.monaco-tribune.com\/it\/author\/romain-boisaubert\/"}]}},"_links":{"self":[{"href":"https:\/\/www.monaco-tribune.com\/it\/wp-json\/wp\/v2\/posts\/133349","targetHints":{"allow":["GET"]}}],"collection":[{"href":"https:\/\/www.monaco-tribune.com\/it\/wp-json\/wp\/v2\/posts"}],"about":[{"href":"https:\/\/www.monaco-tribune.com\/it\/wp-json\/wp\/v2\/types\/post"}],"author":[{"embeddable":true,"href":"https:\/\/www.monaco-tribune.com\/it\/wp-json\/wp\/v2\/users\/24"}],"replies":[{"embeddable":true,"href":"https:\/\/www.monaco-tribune.com\/it\/wp-json\/wp\/v2\/comments?post=133349"}],"version-history":[{"count":0,"href":"https:\/\/www.monaco-tribune.com\/it\/wp-json\/wp\/v2\/posts\/133349\/revisions"}],"wp:featuredmedia":[{"embeddable":true,"href":"https:\/\/www.monaco-tribune.com\/it\/wp-json\/wp\/v2\/media\/133238"}],"wp:attachment":[{"href":"https:\/\/www.monaco-tribune.com\/it\/wp-json\/wp\/v2\/media?parent=133349"}],"wp:term":[{"taxonomy":"category","embeddable":true,"href":"https:\/\/www.monaco-tribune.com\/it\/wp-json\/wp\/v2\/categories?post=133349"},{"taxonomy":"post_tag","embeddable":true,"href":"https:\/\/www.monaco-tribune.com\/it\/wp-json\/wp\/v2\/tags?post=133349"},{"taxonomy":"sectag","embeddable":true,"href":"https:\/\/www.monaco-tribune.com\/it\/wp-json\/wp\/v2\/post_sectags?post=133349"},{"taxonomy":"format","embeddable":true,"href":"https:\/\/www.monaco-tribune.com\/it\/wp-json\/wp\/v2\/post_format?post=133349"}],"curies":[{"name":"wp","href":"https:\/\/api.w.org\/{rel}","templated":true}]}}