{"id":133833,"date":"2022-08-08T15:04:51","date_gmt":"2022-08-08T13:04:51","guid":{"rendered":"https:\/\/www.monaco-tribune.com\/2022\/08\/video-lassociazione-sportiva-del-mese-esplorando-la-societe-nautique-de-monaco\/"},"modified":"2022-08-08T15:54:12","modified_gmt":"2022-08-08T13:54:12","slug":"video-lassociazione-sportiva-del-mese-esplorando-la-societe-nautique-de-monaco","status":"publish","type":"post","link":"https:\/\/www.monaco-tribune.com\/it\/2022\/08\/video-lassociazione-sportiva-del-mese-esplorando-la-societe-nautique-de-monaco\/","title":{"rendered":"VIDEO. &#8220;L&#8217;associazione sportiva del mese&#8221;: esplorando la Soci\u00e9t\u00e9 Nautique de Monaco"},"content":{"rendered":"\n<p><strong>Ogni mese Monaco Tribune si concentra su un&#8217;associazione sportiva monegasca. Luglio \u00e8 il mese della Soci\u00e9t\u00e9 Nautique de Monaco, che anche quest&#8217;estate offre numerosi stage per i giovani appassionati di canottaggio.<\/strong><\/p>\n\n\n\n<p>La Soci\u00e9t\u00e9 Nautique de Monaco (SNM), la pi\u00f9 antica associazione sportiva del Principato, \u00e8 nata nel 1953 dalla scissione della Soci\u00e9t\u00e9 des R\u00e9gates. Da allora si pratica la vela allo Yacht Club de Monaco e il canottaggio alla Soci\u00e9t\u00e9 Nautique de Monaco.<\/p>\n\n\n\n<p>Il club storico oggi conta circa 300 membri e ha formato diversi campioni del calibro di Quentin Antognelli, che l&#8217;estate scorsa ha partecipato alle Olimpiadi di Tokyo.<\/p>\n\n\n\n<iframe title=\"Societ\u00e0 sportive a Monte-Carlo: Soci\u00e9t\u00e9 Nautique de Monaco\" width=\"500\" height=\"281\" src=\"https:\/\/www.youtube.com\/embed\/PKnEH64UQjw?list=PLKYq_Z_1Yg8OuUP9V3zkOhRN6Fk1tnmu8\" frameborder=\"0\" allow=\"accelerometer; autoplay; clipboard-write; encrypted-media; gyroscope; picture-in-picture; web-share\" referrerpolicy=\"strict-origin-when-cross-origin\" allowfullscreen><\/iframe>\n\n\n\n<p>&#8220;Prima il canottaggio era lo sport pi\u00f9 apprezzato sul quale scommettevano tutti ed era considerato una nobile disciplina&#8221;, ha spiegato Olivier-Vincent Marechal, responsabile della comunicazione del club. &#8220;Era praticamente come il calcio di oggi. Negli anni per\u00f2 il canottaggio ha perso un po&#8217; del suo fascino&#8221;.<\/p>\n\n\n\n<p>Il Principe Alberto II, presidente onorario della SNM, \u00e8 sempre stato legato a questo sport. Il nonno materno, John Kelly, era un campione di canottaggio e aveva vinto la medaglia d&#8217;oro alle Olimpiadi del 1920 ad Anversa e del 1924 a Parigi.<\/p>\n\n\n<div class=\"wp-block-image\">\n<figure class=\"aligncenter size-large\"><img loading=\"lazy\" decoding=\"async\" width=\"1024\" height=\"582\" src=\"https:\/\/www.monaco-tribune.com\/wp-content\/uploads\/2022\/07\/prince-albert-ii-snm-1024x582.jpeg\" alt=\"\" class=\"wp-image-132819\" srcset=\"https:\/\/www.monaco-tribune.com\/wp-content\/uploads\/2022\/07\/prince-albert-ii-snm-1024x582.jpeg 1024w, https:\/\/www.monaco-tribune.com\/wp-content\/uploads\/2022\/07\/prince-albert-ii-snm-528x300.jpeg 528w, https:\/\/www.monaco-tribune.com\/wp-content\/uploads\/2022\/07\/prince-albert-ii-snm.jpeg 1630w\" sizes=\"auto, (max-width: 1024px) 100vw, 1024px\" \/><figcaption>\u00a9Archivi della Soci\u00e9t\u00e9 Nautique de Monaco &#8211; Il Principe Alberto II con l&#8217;equipaggio americano del Vesper&nbsp;Boat Club<\/figcaption><\/figure>\n<\/div>\n\n\n<p>La Soci\u00e9t\u00e9 Nautique de Monaco, affiliata alla Federazione francese di canottaggio e presieduta da Mathias Raymond, porta avanti la lunghissima tradizione dei suoi fondatori e organizza ogni anno nel Principato gare come la Challenge Prince Albert II, che conclude la stagione di canottaggio in mare.<\/p>\n\n\n\n<p>Il club offre diverse specialit\u00e0 come il canottaggio in mare, praticato da numerosi membri amatoriali, e dispone di una struttura al lago di San Cassiano nella regione di Pays de Fayence dove i giovani membri con licenza, iscritti alle gare, possono affinare le loro abilit\u00e0 durante tutto l&#8217;anno.<\/p>\n\n\n<div class=\"wp-block-image\">\n<figure class=\"aligncenter size-full\"><img loading=\"lazy\" decoding=\"async\" width=\"1024\" height=\"678\" src=\"https:\/\/www.monaco-tribune.com\/wp-content\/uploads\/2021\/03\/quentin-antognelli-min.jpeg\" alt=\"\" class=\"wp-image-73864\" srcset=\"https:\/\/www.monaco-tribune.com\/wp-content\/uploads\/2021\/03\/quentin-antognelli-min.jpeg 1024w, https:\/\/www.monaco-tribune.com\/wp-content\/uploads\/2021\/03\/quentin-antognelli-min-453x300.jpeg 453w\" sizes=\"auto, (max-width: 1024px) 100vw, 1024px\" \/><figcaption>\u00a9St\u00e9phan Maggi\/COM &#8211; Quentin Antognelli<\/figcaption><\/figure>\n<\/div>\n\n\n<p>Come di consuetudine negli ultimi anni, l&#8217;offerta della Soci\u00e9t\u00e9 Nautique de Monaco \u00e8 completata dagli stage estivi diretti da Daniel Fauch\u00e9, responsabile di struttura della SNM. \u00c8 un&#8217;occasione per i giovani di andare in mare la mattina, prima di concedersi un pranzo al ristorante del club.<\/p>\n\n\n\n<p>&#8220;Mostriamo a ragazze e ragazzi dai 10 ai 15 anni come praticare il canottaggio in mare&#8221;, ha aggiunto Daniel Fauch\u00e9. &#8220;L&#8217;obiettivo \u00e8 quello di far iscrivere i giovani a settembre&#8221;. E magari un giorno saranno i nuovi campioni della disciplina.<\/p>\n","protected":false},"excerpt":{"rendered":"<p>Ogni mese Monaco Tribune si concentra su un&#8217;associazione sportiva monegasca. Luglio \u00e8 il mese della Soci\u00e9t\u00e9 Nautique de Monaco, che [&hellip;]<\/p>\n","protected":false},"author":24,"featured_media":132790,"comment_status":"closed","ping_status":"closed","sticky":false,"template":"","format":"standard","meta":{"_acf_changed":false,"footnotes":""},"categories":[1826,1738,1743],"tags":[3018],"post_sectags":[],"post_format":[2484],"class_list":["post-133833","post","type-post","status-publish","format-standard","has-post-thumbnail","hentry","category-la-nostra-scelta","category-notizie","category-sport-it","tag-nautica","format-video-it"],"acf":[],"yoast_head":"<!-- This site is optimized with the Yoast SEO Premium plugin v26.8 (Yoast SEO v27.5) - https:\/\/yoast.com\/product\/yoast-seo-premium-wordpress\/ -->\n<title>VIDEO. &quot;L&#039;associazione sportiva del mese&quot;: esplorando la Soci\u00e9t\u00e9 Nautique de Monaco<\/title>\n<meta name=\"description\" content=\"Ogni mese Monaco Tribune si concentra su un&#039;associazione sportiva monegasca. Luglio \u00e8 il mese della Soci\u00e9t\u00e9 Nautique de Monaco, che anche quest&#039;estate\" \/>\n<meta name=\"robots\" content=\"index, follow, max-snippet:-1, max-image-preview:large, max-video-preview:-1\" \/>\n<link rel=\"canonical\" href=\"https:\/\/www.monaco-tribune.com\/it\/2022\/08\/video-lassociazione-sportiva-del-mese-esplorando-la-societe-nautique-de-monaco\/\" \/>\n<meta property=\"og:locale\" content=\"it_IT\" \/>\n<meta property=\"og:type\" content=\"article\" \/>\n<meta property=\"og:title\" content=\"VIDEO. &quot;L&#039;associazione sportiva del mese&quot;: esplorando la Soci\u00e9t\u00e9 Nautique de Monaco - Monaco Tribune\" \/>\n<meta property=\"og:description\" content=\"Ogni mese Monaco Tribune si concentra su un&#039;associazione sportiva monegasca. Luglio \u00e8 il mese della Soci\u00e9t\u00e9 Nautique de Monaco, che anche quest&#039;estate\" \/>\n<meta property=\"og:url\" content=\"https:\/\/www.monaco-tribune.com\/it\/2022\/08\/video-lassociazione-sportiva-del-mese-esplorando-la-societe-nautique-de-monaco\/\" \/>\n<meta property=\"og:site_name\" content=\"Monaco Tribune\" \/>\n<meta property=\"article:publisher\" content=\"https:\/\/www.facebook.com\/MonacoTribune\" \/>\n<meta property=\"article:published_time\" content=\"2022-08-08T13:04:51+00:00\" \/>\n<meta property=\"article:modified_time\" content=\"2022-08-08T13:54:12+00:00\" \/>\n<meta property=\"og:image\" content=\"https:\/\/www.monaco-tribune.com\/wp-content\/uploads\/2022\/07\/socie\u0301te\u0301-nautique-monaco-min.jpeg\" \/>\n\t<meta property=\"og:image:width\" content=\"1024\" \/>\n\t<meta property=\"og:image:height\" content=\"632\" \/>\n\t<meta property=\"og:image:type\" content=\"image\/jpeg\" \/>\n<meta name=\"author\" content=\"Romain Boisaubert\" \/>\n<meta name=\"twitter:card\" content=\"summary_large_image\" \/>\n<meta name=\"twitter:creator\" content=\"@MonacoTribune\" \/>\n<meta name=\"twitter:site\" content=\"@MonacoTribune\" \/>\n<script type=\"application\/ld+json\" class=\"yoast-schema-graph\">{\"@context\":\"https:\\\/\\\/schema.org\",\"@graph\":[{\"@type\":\"NewsArticle\",\"@id\":\"https:\\\/\\\/www.monaco-tribune.com\\\/it\\\/2022\\\/08\\\/video-lassociazione-sportiva-del-mese-esplorando-la-societe-nautique-de-monaco\\\/#article\",\"isPartOf\":{\"@id\":\"https:\\\/\\\/www.monaco-tribune.com\\\/it\\\/2022\\\/08\\\/video-lassociazione-sportiva-del-mese-esplorando-la-societe-nautique-de-monaco\\\/\"},\"author\":{\"name\":\"Romain Boisaubert\",\"@id\":\"https:\\\/\\\/www.monaco-tribune.com\\\/it\\\/#\\\/schema\\\/person\\\/330a3732947cf8cb41b2533a0eadd62e\"},\"headline\":\"VIDEO. &#8220;L&#8217;associazione sportiva del mese&#8221;: esplorando la Soci\u00e9t\u00e9 Nautique de Monaco\",\"datePublished\":\"2022-08-08T13:04:51+00:00\",\"dateModified\":\"2022-08-08T13:54:12+00:00\",\"mainEntityOfPage\":{\"@id\":\"https:\\\/\\\/www.monaco-tribune.com\\\/it\\\/2022\\\/08\\\/video-lassociazione-sportiva-del-mese-esplorando-la-societe-nautique-de-monaco\\\/\"},\"wordCount\":428,\"publisher\":{\"@id\":\"https:\\\/\\\/www.monaco-tribune.com\\\/it\\\/#organization\"},\"image\":{\"@id\":\"https:\\\/\\\/www.monaco-tribune.com\\\/it\\\/2022\\\/08\\\/video-lassociazione-sportiva-del-mese-esplorando-la-societe-nautique-de-monaco\\\/#primaryimage\"},\"thumbnailUrl\":\"https:\\\/\\\/www.monaco-tribune.com\\\/wp-content\\\/uploads\\\/2022\\\/07\\\/socie\u0301te\u0301-nautique-monaco-min.jpeg\",\"keywords\":[\"Nautica\"],\"articleSection\":[\"La nostra scelta\",\"Notizie\",\"Sport\"],\"inLanguage\":\"it-IT\",\"copyrightYear\":\"2022\",\"copyrightHolder\":{\"@id\":\"https:\\\/\\\/www.monaco-tribune.com\\\/#organization\"}},{\"@type\":\"WebPage\",\"@id\":\"https:\\\/\\\/www.monaco-tribune.com\\\/it\\\/2022\\\/08\\\/video-lassociazione-sportiva-del-mese-esplorando-la-societe-nautique-de-monaco\\\/\",\"url\":\"https:\\\/\\\/www.monaco-tribune.com\\\/it\\\/2022\\\/08\\\/video-lassociazione-sportiva-del-mese-esplorando-la-societe-nautique-de-monaco\\\/\",\"name\":\"VIDEO. \\\"L'associazione sportiva del mese\\\": esplorando la Soci\u00e9t\u00e9 Nautique de Monaco\",\"isPartOf\":{\"@id\":\"https:\\\/\\\/www.monaco-tribune.com\\\/it\\\/#website\"},\"primaryImageOfPage\":{\"@id\":\"https:\\\/\\\/www.monaco-tribune.com\\\/it\\\/2022\\\/08\\\/video-lassociazione-sportiva-del-mese-esplorando-la-societe-nautique-de-monaco\\\/#primaryimage\"},\"image\":{\"@id\":\"https:\\\/\\\/www.monaco-tribune.com\\\/it\\\/2022\\\/08\\\/video-lassociazione-sportiva-del-mese-esplorando-la-societe-nautique-de-monaco\\\/#primaryimage\"},\"thumbnailUrl\":\"https:\\\/\\\/www.monaco-tribune.com\\\/wp-content\\\/uploads\\\/2022\\\/07\\\/socie\u0301te\u0301-nautique-monaco-min.jpeg\",\"datePublished\":\"2022-08-08T13:04:51+00:00\",\"dateModified\":\"2022-08-08T13:54:12+00:00\",\"description\":\"Ogni mese Monaco Tribune si concentra su un'associazione sportiva monegasca. Luglio \u00e8 il mese della Soci\u00e9t\u00e9 Nautique de Monaco, che anche quest'estate\",\"breadcrumb\":{\"@id\":\"https:\\\/\\\/www.monaco-tribune.com\\\/it\\\/2022\\\/08\\\/video-lassociazione-sportiva-del-mese-esplorando-la-societe-nautique-de-monaco\\\/#breadcrumb\"},\"inLanguage\":\"it-IT\",\"potentialAction\":[{\"@type\":\"ReadAction\",\"target\":[\"https:\\\/\\\/www.monaco-tribune.com\\\/it\\\/2022\\\/08\\\/video-lassociazione-sportiva-del-mese-esplorando-la-societe-nautique-de-monaco\\\/\"]}]},{\"@type\":\"ImageObject\",\"inLanguage\":\"it-IT\",\"@id\":\"https:\\\/\\\/www.monaco-tribune.com\\\/it\\\/2022\\\/08\\\/video-lassociazione-sportiva-del-mese-esplorando-la-societe-nautique-de-monaco\\\/#primaryimage\",\"url\":\"https:\\\/\\\/www.monaco-tribune.com\\\/wp-content\\\/uploads\\\/2022\\\/07\\\/socie\u0301te\u0301-nautique-monaco-min.jpeg\",\"contentUrl\":\"https:\\\/\\\/www.monaco-tribune.com\\\/wp-content\\\/uploads\\\/2022\\\/07\\\/socie\u0301te\u0301-nautique-monaco-min.jpeg\",\"width\":1024,\"height\":632,\"caption\":\"Monaco-Tribune\"},{\"@type\":\"BreadcrumbList\",\"@id\":\"https:\\\/\\\/www.monaco-tribune.com\\\/it\\\/2022\\\/08\\\/video-lassociazione-sportiva-del-mese-esplorando-la-societe-nautique-de-monaco\\\/#breadcrumb\",\"itemListElement\":[{\"@type\":\"ListItem\",\"position\":1,\"name\":\"Accueil\",\"item\":\"https:\\\/\\\/www.monaco-tribune.com\\\/it\\\/\"},{\"@type\":\"ListItem\",\"position\":2,\"name\":\"VIDEO. \u00ab\u00a0L&rsquo;associazione sportiva del mese\u00a0\u00bb: esplorando la Soci\u00e9t\u00e9 Nautique de Monaco\"}]},{\"@type\":\"WebSite\",\"@id\":\"https:\\\/\\\/www.monaco-tribune.com\\\/it\\\/#website\",\"url\":\"https:\\\/\\\/www.monaco-tribune.com\\\/it\\\/\",\"name\":\"Monaco Tribune\",\"description\":\"Monaco : actualit\u00e9s \u00e9conomiques, politiques, culturelles et sportives de Monaco et de la French Riviera.\",\"publisher\":{\"@id\":\"https:\\\/\\\/www.monaco-tribune.com\\\/it\\\/#organization\"},\"potentialAction\":[{\"@type\":\"SearchAction\",\"target\":{\"@type\":\"EntryPoint\",\"urlTemplate\":\"https:\\\/\\\/www.monaco-tribune.com\\\/it\\\/?s={search_term_string}\"},\"query-input\":{\"@type\":\"PropertyValueSpecification\",\"valueRequired\":true,\"valueName\":\"search_term_string\"}}],\"inLanguage\":\"it-IT\"},{\"@type\":\"Organization\",\"@id\":\"https:\\\/\\\/www.monaco-tribune.com\\\/it\\\/#organization\",\"name\":\"Monaco Tribune\",\"url\":\"https:\\\/\\\/www.monaco-tribune.com\\\/it\\\/\",\"logo\":{\"@type\":\"ImageObject\",\"inLanguage\":\"it-IT\",\"@id\":\"https:\\\/\\\/www.monaco-tribune.com\\\/it\\\/#\\\/schema\\\/logo\\\/image\\\/\",\"url\":\"https:\\\/\\\/www.monaco-tribune.com\\\/wp-content\\\/uploads\\\/2022\\\/11\\\/logo-monaco-tribune.png\",\"contentUrl\":\"https:\\\/\\\/www.monaco-tribune.com\\\/wp-content\\\/uploads\\\/2022\\\/11\\\/logo-monaco-tribune.png\",\"width\":1548,\"height\":600,\"caption\":\"Monaco Tribune\"},\"image\":{\"@id\":\"https:\\\/\\\/www.monaco-tribune.com\\\/it\\\/#\\\/schema\\\/logo\\\/image\\\/\"},\"sameAs\":[\"https:\\\/\\\/www.facebook.com\\\/MonacoTribune\",\"https:\\\/\\\/x.com\\\/MonacoTribune\",\"https:\\\/\\\/www.instagram.com\\\/monacotribune\\\/\",\"https:\\\/\\\/www.linkedin.com\\\/company\\\/monaco-tribune\",\"https:\\\/\\\/www.youtube.com\\\/channel\\\/UCHle1MnG6hw1y4lWKijVbMA\"]},{\"@type\":\"Person\",\"@id\":\"https:\\\/\\\/www.monaco-tribune.com\\\/it\\\/#\\\/schema\\\/person\\\/330a3732947cf8cb41b2533a0eadd62e\",\"name\":\"Romain Boisaubert\",\"image\":{\"@type\":\"ImageObject\",\"inLanguage\":\"it-IT\",\"@id\":\"https:\\\/\\\/secure.gravatar.com\\\/avatar\\\/f8b90d41f1eabd1cbe4cf59e09d8db41a697d51919bf2dfe727589a24a4a4d54?s=96&d=mm&r=g\",\"url\":\"https:\\\/\\\/secure.gravatar.com\\\/avatar\\\/f8b90d41f1eabd1cbe4cf59e09d8db41a697d51919bf2dfe727589a24a4a4d54?s=96&d=mm&r=g\",\"contentUrl\":\"https:\\\/\\\/secure.gravatar.com\\\/avatar\\\/f8b90d41f1eabd1cbe4cf59e09d8db41a697d51919bf2dfe727589a24a4a4d54?s=96&d=mm&r=g\",\"caption\":\"Romain Boisaubert\"},\"description\":\"Test bio\",\"url\":\"https:\\\/\\\/www.monaco-tribune.com\\\/it\\\/author\\\/romain-boisaubert\\\/\"}]}<\/script>\n<!-- \/ Yoast SEO Premium plugin. -->","yoast_head_json":{"title":"VIDEO. \"L'associazione sportiva del mese\": esplorando la Soci\u00e9t\u00e9 Nautique de Monaco","description":"Ogni mese Monaco Tribune si concentra su un'associazione sportiva monegasca. Luglio \u00e8 il mese della Soci\u00e9t\u00e9 Nautique de Monaco, che anche quest'estate","robots":{"index":"index","follow":"follow","max-snippet":"max-snippet:-1","max-image-preview":"max-image-preview:large","max-video-preview":"max-video-preview:-1"},"canonical":"https:\/\/www.monaco-tribune.com\/it\/2022\/08\/video-lassociazione-sportiva-del-mese-esplorando-la-societe-nautique-de-monaco\/","og_locale":"it_IT","og_type":"article","og_title":"VIDEO. \"L'associazione sportiva del mese\": esplorando la Soci\u00e9t\u00e9 Nautique de Monaco - Monaco Tribune","og_description":"Ogni mese Monaco Tribune si concentra su un'associazione sportiva monegasca. Luglio \u00e8 il mese della Soci\u00e9t\u00e9 Nautique de Monaco, che anche quest'estate","og_url":"https:\/\/www.monaco-tribune.com\/it\/2022\/08\/video-lassociazione-sportiva-del-mese-esplorando-la-societe-nautique-de-monaco\/","og_site_name":"Monaco Tribune","article_publisher":"https:\/\/www.facebook.com\/MonacoTribune","article_published_time":"2022-08-08T13:04:51+00:00","article_modified_time":"2022-08-08T13:54:12+00:00","og_image":[{"width":1024,"height":632,"url":"https:\/\/www.monaco-tribune.com\/wp-content\/uploads\/2022\/07\/socie\u0301te\u0301-nautique-monaco-min.jpeg","type":"image\/jpeg"}],"author":"Romain Boisaubert","twitter_card":"summary_large_image","twitter_creator":"@MonacoTribune","twitter_site":"@MonacoTribune","schema":{"@context":"https:\/\/schema.org","@graph":[{"@type":"NewsArticle","@id":"https:\/\/www.monaco-tribune.com\/it\/2022\/08\/video-lassociazione-sportiva-del-mese-esplorando-la-societe-nautique-de-monaco\/#article","isPartOf":{"@id":"https:\/\/www.monaco-tribune.com\/it\/2022\/08\/video-lassociazione-sportiva-del-mese-esplorando-la-societe-nautique-de-monaco\/"},"author":{"name":"Romain Boisaubert","@id":"https:\/\/www.monaco-tribune.com\/it\/#\/schema\/person\/330a3732947cf8cb41b2533a0eadd62e"},"headline":"VIDEO. &#8220;L&#8217;associazione sportiva del mese&#8221;: esplorando la Soci\u00e9t\u00e9 Nautique de Monaco","datePublished":"2022-08-08T13:04:51+00:00","dateModified":"2022-08-08T13:54:12+00:00","mainEntityOfPage":{"@id":"https:\/\/www.monaco-tribune.com\/it\/2022\/08\/video-lassociazione-sportiva-del-mese-esplorando-la-societe-nautique-de-monaco\/"},"wordCount":428,"publisher":{"@id":"https:\/\/www.monaco-tribune.com\/it\/#organization"},"image":{"@id":"https:\/\/www.monaco-tribune.com\/it\/2022\/08\/video-lassociazione-sportiva-del-mese-esplorando-la-societe-nautique-de-monaco\/#primaryimage"},"thumbnailUrl":"https:\/\/www.monaco-tribune.com\/wp-content\/uploads\/2022\/07\/socie\u0301te\u0301-nautique-monaco-min.jpeg","keywords":["Nautica"],"articleSection":["La nostra scelta","Notizie","Sport"],"inLanguage":"it-IT","copyrightYear":"2022","copyrightHolder":{"@id":"https:\/\/www.monaco-tribune.com\/#organization"}},{"@type":"WebPage","@id":"https:\/\/www.monaco-tribune.com\/it\/2022\/08\/video-lassociazione-sportiva-del-mese-esplorando-la-societe-nautique-de-monaco\/","url":"https:\/\/www.monaco-tribune.com\/it\/2022\/08\/video-lassociazione-sportiva-del-mese-esplorando-la-societe-nautique-de-monaco\/","name":"VIDEO. \"L'associazione sportiva del mese\": esplorando la Soci\u00e9t\u00e9 Nautique de Monaco","isPartOf":{"@id":"https:\/\/www.monaco-tribune.com\/it\/#website"},"primaryImageOfPage":{"@id":"https:\/\/www.monaco-tribune.com\/it\/2022\/08\/video-lassociazione-sportiva-del-mese-esplorando-la-societe-nautique-de-monaco\/#primaryimage"},"image":{"@id":"https:\/\/www.monaco-tribune.com\/it\/2022\/08\/video-lassociazione-sportiva-del-mese-esplorando-la-societe-nautique-de-monaco\/#primaryimage"},"thumbnailUrl":"https:\/\/www.monaco-tribune.com\/wp-content\/uploads\/2022\/07\/socie\u0301te\u0301-nautique-monaco-min.jpeg","datePublished":"2022-08-08T13:04:51+00:00","dateModified":"2022-08-08T13:54:12+00:00","description":"Ogni mese Monaco Tribune si concentra su un'associazione sportiva monegasca. Luglio \u00e8 il mese della Soci\u00e9t\u00e9 Nautique de Monaco, che anche quest'estate","breadcrumb":{"@id":"https:\/\/www.monaco-tribune.com\/it\/2022\/08\/video-lassociazione-sportiva-del-mese-esplorando-la-societe-nautique-de-monaco\/#breadcrumb"},"inLanguage":"it-IT","potentialAction":[{"@type":"ReadAction","target":["https:\/\/www.monaco-tribune.com\/it\/2022\/08\/video-lassociazione-sportiva-del-mese-esplorando-la-societe-nautique-de-monaco\/"]}]},{"@type":"ImageObject","inLanguage":"it-IT","@id":"https:\/\/www.monaco-tribune.com\/it\/2022\/08\/video-lassociazione-sportiva-del-mese-esplorando-la-societe-nautique-de-monaco\/#primaryimage","url":"https:\/\/www.monaco-tribune.com\/wp-content\/uploads\/2022\/07\/socie\u0301te\u0301-nautique-monaco-min.jpeg","contentUrl":"https:\/\/www.monaco-tribune.com\/wp-content\/uploads\/2022\/07\/socie\u0301te\u0301-nautique-monaco-min.jpeg","width":1024,"height":632,"caption":"Monaco-Tribune"},{"@type":"BreadcrumbList","@id":"https:\/\/www.monaco-tribune.com\/it\/2022\/08\/video-lassociazione-sportiva-del-mese-esplorando-la-societe-nautique-de-monaco\/#breadcrumb","itemListElement":[{"@type":"ListItem","position":1,"name":"Accueil","item":"https:\/\/www.monaco-tribune.com\/it\/"},{"@type":"ListItem","position":2,"name":"VIDEO. \u00ab\u00a0L&rsquo;associazione sportiva del mese\u00a0\u00bb: esplorando la Soci\u00e9t\u00e9 Nautique de Monaco"}]},{"@type":"WebSite","@id":"https:\/\/www.monaco-tribune.com\/it\/#website","url":"https:\/\/www.monaco-tribune.com\/it\/","name":"Monaco Tribune","description":"Monaco : actualit\u00e9s \u00e9conomiques, politiques, culturelles et sportives de Monaco et de la French Riviera.","publisher":{"@id":"https:\/\/www.monaco-tribune.com\/it\/#organization"},"potentialAction":[{"@type":"SearchAction","target":{"@type":"EntryPoint","urlTemplate":"https:\/\/www.monaco-tribune.com\/it\/?s={search_term_string}"},"query-input":{"@type":"PropertyValueSpecification","valueRequired":true,"valueName":"search_term_string"}}],"inLanguage":"it-IT"},{"@type":"Organization","@id":"https:\/\/www.monaco-tribune.com\/it\/#organization","name":"Monaco Tribune","url":"https:\/\/www.monaco-tribune.com\/it\/","logo":{"@type":"ImageObject","inLanguage":"it-IT","@id":"https:\/\/www.monaco-tribune.com\/it\/#\/schema\/logo\/image\/","url":"https:\/\/www.monaco-tribune.com\/wp-content\/uploads\/2022\/11\/logo-monaco-tribune.png","contentUrl":"https:\/\/www.monaco-tribune.com\/wp-content\/uploads\/2022\/11\/logo-monaco-tribune.png","width":1548,"height":600,"caption":"Monaco Tribune"},"image":{"@id":"https:\/\/www.monaco-tribune.com\/it\/#\/schema\/logo\/image\/"},"sameAs":["https:\/\/www.facebook.com\/MonacoTribune","https:\/\/x.com\/MonacoTribune","https:\/\/www.instagram.com\/monacotribune\/","https:\/\/www.linkedin.com\/company\/monaco-tribune","https:\/\/www.youtube.com\/channel\/UCHle1MnG6hw1y4lWKijVbMA"]},{"@type":"Person","@id":"https:\/\/www.monaco-tribune.com\/it\/#\/schema\/person\/330a3732947cf8cb41b2533a0eadd62e","name":"Romain Boisaubert","image":{"@type":"ImageObject","inLanguage":"it-IT","@id":"https:\/\/secure.gravatar.com\/avatar\/f8b90d41f1eabd1cbe4cf59e09d8db41a697d51919bf2dfe727589a24a4a4d54?s=96&d=mm&r=g","url":"https:\/\/secure.gravatar.com\/avatar\/f8b90d41f1eabd1cbe4cf59e09d8db41a697d51919bf2dfe727589a24a4a4d54?s=96&d=mm&r=g","contentUrl":"https:\/\/secure.gravatar.com\/avatar\/f8b90d41f1eabd1cbe4cf59e09d8db41a697d51919bf2dfe727589a24a4a4d54?s=96&d=mm&r=g","caption":"Romain Boisaubert"},"description":"Test bio","url":"https:\/\/www.monaco-tribune.com\/it\/author\/romain-boisaubert\/"}]}},"_links":{"self":[{"href":"https:\/\/www.monaco-tribune.com\/it\/wp-json\/wp\/v2\/posts\/133833","targetHints":{"allow":["GET"]}}],"collection":[{"href":"https:\/\/www.monaco-tribune.com\/it\/wp-json\/wp\/v2\/posts"}],"about":[{"href":"https:\/\/www.monaco-tribune.com\/it\/wp-json\/wp\/v2\/types\/post"}],"author":[{"embeddable":true,"href":"https:\/\/www.monaco-tribune.com\/it\/wp-json\/wp\/v2\/users\/24"}],"replies":[{"embeddable":true,"href":"https:\/\/www.monaco-tribune.com\/it\/wp-json\/wp\/v2\/comments?post=133833"}],"version-history":[{"count":0,"href":"https:\/\/www.monaco-tribune.com\/it\/wp-json\/wp\/v2\/posts\/133833\/revisions"}],"wp:featuredmedia":[{"embeddable":true,"href":"https:\/\/www.monaco-tribune.com\/it\/wp-json\/wp\/v2\/media\/132790"}],"wp:attachment":[{"href":"https:\/\/www.monaco-tribune.com\/it\/wp-json\/wp\/v2\/media?parent=133833"}],"wp:term":[{"taxonomy":"category","embeddable":true,"href":"https:\/\/www.monaco-tribune.com\/it\/wp-json\/wp\/v2\/categories?post=133833"},{"taxonomy":"post_tag","embeddable":true,"href":"https:\/\/www.monaco-tribune.com\/it\/wp-json\/wp\/v2\/tags?post=133833"},{"taxonomy":"sectag","embeddable":true,"href":"https:\/\/www.monaco-tribune.com\/it\/wp-json\/wp\/v2\/post_sectags?post=133833"},{"taxonomy":"format","embeddable":true,"href":"https:\/\/www.monaco-tribune.com\/it\/wp-json\/wp\/v2\/post_format?post=133833"}],"curies":[{"name":"wp","href":"https:\/\/api.w.org\/{rel}","templated":true}]}}