{"id":134068,"date":"2022-08-09T19:01:06","date_gmt":"2022-08-09T17:01:06","guid":{"rendered":"https:\/\/www.monaco-tribune.com\/2022\/08\/la-qualita-delle-acque-di-balneazione-una-delle-principali-preoccupazioni-di-monaco\/"},"modified":"2022-08-09T19:21:56","modified_gmt":"2022-08-09T17:21:56","slug":"la-qualita-delle-acque-di-balneazione-una-delle-principali-preoccupazioni-di-monaco","status":"publish","type":"post","link":"https:\/\/www.monaco-tribune.com\/it\/2022\/08\/la-qualita-delle-acque-di-balneazione-una-delle-principali-preoccupazioni-di-monaco\/","title":{"rendered":"La qualit\u00e0 delle acque di balneazione, una delle principali preoccupazioni di Monaco"},"content":{"rendered":"\n<p><strong>Per tutelare la popolazione, ogni settimana vengono prelevati <strong>in mare<\/strong><\/strong> <strong>diversi campioni.<\/strong><\/p>\n\n\n\n<p>Il Principato tiene sempre sotto controllo la qualit\u00e0 delle acque del Mediterraneo. Le sei aree monegasche autorizzate alla balneazione sono infatti monitorate attentamente. Il motto \u00e8: acque di qualit\u00e0 per una nuotata in tutta tranquillit\u00e0.<\/p>\n\n\n\n<p>Da maggio a fine settembre vengono condotte numerose analisi per prevenire ogni rischio. Nicolas Bonnet, tecnico della Direzione Ambiente, ha spiegato in un&#8217;intervista di Monaco Info che &#8220;calare una sonda in mare per raccogliere parametri chimico-fisici come la salinit\u00e0, l&#8217;ossigeno disciolto, il pH e la temperatura [\u2026] permette anche di risalire alla quantit\u00e0 di clorofilla per farsi un&#8217;idea della qualit\u00e0 delle acque&#8221;, elemento indispensabile per garantire la balneazione estiva.<\/p>\n\n\n<div class=\"wp-block-image\">\n<figure class=\"aligncenter size-large\"><img loading=\"lazy\" decoding=\"async\" width=\"1024\" height=\"683\" src=\"https:\/\/www.monaco-tribune.com\/wp-content\/uploads\/2022\/08\/analyse-eau-baignade-plage-monaco-1024x683.jpg\" alt=\"analisi-acque-balneazione-spiaggia-monaco\" class=\"wp-image-133519\" srcset=\"https:\/\/www.monaco-tribune.com\/wp-content\/uploads\/2022\/08\/analyse-eau-baignade-plage-monaco-1024x683.jpg 1024w, https:\/\/www.monaco-tribune.com\/wp-content\/uploads\/2022\/08\/analyse-eau-baignade-plage-monaco-450x300.jpg 450w, https:\/\/www.monaco-tribune.com\/wp-content\/uploads\/2022\/08\/analyse-eau-baignade-plage-monaco.jpg 1620w\" sizes=\"auto, (max-width: 1024px) 100vw, 1024px\" \/><figcaption><em>\u00a9 Direzione della Comunicazione \/ St\u00e9phane Danna<\/em><\/figcaption><\/figure>\n<\/div>\n\n\n<p>I campioni raccolti vengono analizzati in laboratorio per individuare la presenza di batteri e soprattutto i loro livelli. Ma Nicolas Bonnet ha dichiarato che &#8220;il 99% delle volte non ci sono problemi a Monaco&#8221;.<\/p>\n\n\n\n<p><strong>LEGGI ANCHE: <a href=\"https:\/\/www.monaco-tribune.com\/it\/2022\/05\/il-larvotto-un-paesaggio-da-cartolina\/\">Un paesaggio da cartolina: il Larvotto<\/a><\/strong><\/p>\n\n\n\n<h2 class=\"wp-block-heading\" id=\"h-anche-la-francia-controlla-le-sue-acque\">Anche la Francia controlla le sue acque<\/h2>\n\n\n\n<p>Anche in Francia viene monitorata la qualit\u00e0 delle acque per garantire ai turisti e ai residenti una balneazione in tutta sicurezza.<\/p>\n\n\n\n<p>Infatti proprio la settimana scorsa tre spiagge di Nizza (Beau Rivage, Centenaire e Le Galet) sono state chiuse per inquinamento da idrocarburi.<\/p>\n\n\n\n<p>La causa scatenante sarebbe stata il Paglione. Le precipitazioni della settimana scorsa avrebbero provocato il rilascio di idrocarburi nel fiume, che li avrebbe poi riversati nel Mediterraneo. Oggi, stando alla brigata nautica francese, nell&#8217;area di Nizza \u00e8 di nuovo possibile farsi il bagno senza correre rischi.<\/p>\n","protected":false},"excerpt":{"rendered":"<p>Per tutelare la popolazione, ogni settimana vengono prelevati in mare diversi campioni. Il Principato tiene sempre sotto controllo la qualit\u00e0 [&hellip;]<\/p>\n","protected":false},"author":66,"featured_media":133515,"comment_status":"closed","ping_status":"closed","sticky":false,"template":"","format":"standard","meta":{"_acf_changed":false,"footnotes":""},"categories":[1839,1826,1738],"tags":[3125],"post_sectags":[],"post_format":[2478],"class_list":["post-134068","post","type-post","status-publish","format-standard","has-post-thumbnail","hentry","category-green","category-la-nostra-scelta","category-notizie","tag-sicurezza","format-notizia"],"acf":[],"yoast_head":"<!-- This site is optimized with the Yoast SEO Premium plugin v26.8 (Yoast SEO v27.4) - https:\/\/yoast.com\/product\/yoast-seo-premium-wordpress\/ -->\n<title>La qualit\u00e0 delle acque di balneazione, una delle principali preoccupazioni di Monaco<\/title>\n<meta name=\"description\" content=\"Per tutelare la popolazione, ogni settimana vengono prelevati in mare diversi campioni. Il Principato tiene sempre sotto controllo la qualit\u00e0 delle acque\" \/>\n<meta name=\"robots\" content=\"index, follow, max-snippet:-1, max-image-preview:large, max-video-preview:-1\" \/>\n<link rel=\"canonical\" href=\"https:\/\/www.monaco-tribune.com\/it\/2022\/08\/la-qualita-delle-acque-di-balneazione-una-delle-principali-preoccupazioni-di-monaco\/\" \/>\n<meta property=\"og:locale\" content=\"it_IT\" \/>\n<meta property=\"og:type\" content=\"article\" \/>\n<meta property=\"og:title\" content=\"La qualit\u00e0 delle acque di balneazione, una delle principali preoccupazioni di Monaco - Monaco Tribune\" \/>\n<meta property=\"og:description\" content=\"Per tutelare la popolazione, ogni settimana vengono prelevati in mare diversi campioni. Il Principato tiene sempre sotto controllo la qualit\u00e0 delle acque\" \/>\n<meta property=\"og:url\" content=\"https:\/\/www.monaco-tribune.com\/it\/2022\/08\/la-qualita-delle-acque-di-balneazione-una-delle-principali-preoccupazioni-di-monaco\/\" \/>\n<meta property=\"og:site_name\" content=\"Monaco Tribune\" \/>\n<meta property=\"article:publisher\" content=\"https:\/\/www.facebook.com\/MonacoTribune\" \/>\n<meta property=\"article:published_time\" content=\"2022-08-09T17:01:06+00:00\" \/>\n<meta property=\"article:modified_time\" content=\"2022-08-09T17:21:56+00:00\" \/>\n<meta property=\"og:image\" content=\"https:\/\/www.monaco-tribune.com\/wp-content\/uploads\/2022\/08\/controle-eau-mer-monaco.jpg\" \/>\n\t<meta property=\"og:image:width\" content=\"1620\" \/>\n\t<meta property=\"og:image:height\" content=\"1080\" \/>\n\t<meta property=\"og:image:type\" content=\"image\/jpeg\" \/>\n<meta name=\"author\" content=\"Th\u00e9o Briand\" \/>\n<meta name=\"twitter:card\" content=\"summary_large_image\" \/>\n<meta name=\"twitter:creator\" content=\"@MonacoTribune\" \/>\n<meta name=\"twitter:site\" content=\"@MonacoTribune\" \/>\n<script type=\"application\/ld+json\" class=\"yoast-schema-graph\">{\"@context\":\"https:\\\/\\\/schema.org\",\"@graph\":[{\"@type\":\"NewsArticle\",\"@id\":\"https:\\\/\\\/www.monaco-tribune.com\\\/it\\\/2022\\\/08\\\/la-qualita-delle-acque-di-balneazione-una-delle-principali-preoccupazioni-di-monaco\\\/#article\",\"isPartOf\":{\"@id\":\"https:\\\/\\\/www.monaco-tribune.com\\\/it\\\/2022\\\/08\\\/la-qualita-delle-acque-di-balneazione-una-delle-principali-preoccupazioni-di-monaco\\\/\"},\"author\":{\"name\":\"Th\u00e9o Briand\",\"@id\":\"https:\\\/\\\/www.monaco-tribune.com\\\/it\\\/#\\\/schema\\\/person\\\/94fb5723547bd83dea1eed97e25145aa\"},\"headline\":\"La qualit\u00e0 delle acque di balneazione, una delle principali preoccupazioni di Monaco\",\"datePublished\":\"2022-08-09T17:01:06+00:00\",\"dateModified\":\"2022-08-09T17:21:56+00:00\",\"mainEntityOfPage\":{\"@id\":\"https:\\\/\\\/www.monaco-tribune.com\\\/it\\\/2022\\\/08\\\/la-qualita-delle-acque-di-balneazione-una-delle-principali-preoccupazioni-di-monaco\\\/\"},\"wordCount\":272,\"publisher\":{\"@id\":\"https:\\\/\\\/www.monaco-tribune.com\\\/it\\\/#organization\"},\"image\":{\"@id\":\"https:\\\/\\\/www.monaco-tribune.com\\\/it\\\/2022\\\/08\\\/la-qualita-delle-acque-di-balneazione-una-delle-principali-preoccupazioni-di-monaco\\\/#primaryimage\"},\"thumbnailUrl\":\"https:\\\/\\\/www.monaco-tribune.com\\\/wp-content\\\/uploads\\\/2022\\\/08\\\/controle-eau-mer-monaco.jpg\",\"keywords\":[\"Sicurezza\"],\"articleSection\":[\"Green\",\"La nostra scelta\",\"Notizie\"],\"inLanguage\":\"it-IT\",\"copyrightYear\":\"2022\",\"copyrightHolder\":{\"@id\":\"https:\\\/\\\/www.monaco-tribune.com\\\/#organization\"}},{\"@type\":\"WebPage\",\"@id\":\"https:\\\/\\\/www.monaco-tribune.com\\\/it\\\/2022\\\/08\\\/la-qualita-delle-acque-di-balneazione-una-delle-principali-preoccupazioni-di-monaco\\\/\",\"url\":\"https:\\\/\\\/www.monaco-tribune.com\\\/it\\\/2022\\\/08\\\/la-qualita-delle-acque-di-balneazione-una-delle-principali-preoccupazioni-di-monaco\\\/\",\"name\":\"La qualit\u00e0 delle acque di balneazione, una delle principali preoccupazioni di Monaco\",\"isPartOf\":{\"@id\":\"https:\\\/\\\/www.monaco-tribune.com\\\/it\\\/#website\"},\"primaryImageOfPage\":{\"@id\":\"https:\\\/\\\/www.monaco-tribune.com\\\/it\\\/2022\\\/08\\\/la-qualita-delle-acque-di-balneazione-una-delle-principali-preoccupazioni-di-monaco\\\/#primaryimage\"},\"image\":{\"@id\":\"https:\\\/\\\/www.monaco-tribune.com\\\/it\\\/2022\\\/08\\\/la-qualita-delle-acque-di-balneazione-una-delle-principali-preoccupazioni-di-monaco\\\/#primaryimage\"},\"thumbnailUrl\":\"https:\\\/\\\/www.monaco-tribune.com\\\/wp-content\\\/uploads\\\/2022\\\/08\\\/controle-eau-mer-monaco.jpg\",\"datePublished\":\"2022-08-09T17:01:06+00:00\",\"dateModified\":\"2022-08-09T17:21:56+00:00\",\"description\":\"Per tutelare la popolazione, ogni settimana vengono prelevati in mare diversi campioni. Il Principato tiene sempre sotto controllo la qualit\u00e0 delle acque\",\"breadcrumb\":{\"@id\":\"https:\\\/\\\/www.monaco-tribune.com\\\/it\\\/2022\\\/08\\\/la-qualita-delle-acque-di-balneazione-una-delle-principali-preoccupazioni-di-monaco\\\/#breadcrumb\"},\"inLanguage\":\"it-IT\",\"potentialAction\":[{\"@type\":\"ReadAction\",\"target\":[\"https:\\\/\\\/www.monaco-tribune.com\\\/it\\\/2022\\\/08\\\/la-qualita-delle-acque-di-balneazione-una-delle-principali-preoccupazioni-di-monaco\\\/\"]}]},{\"@type\":\"ImageObject\",\"inLanguage\":\"it-IT\",\"@id\":\"https:\\\/\\\/www.monaco-tribune.com\\\/it\\\/2022\\\/08\\\/la-qualita-delle-acque-di-balneazione-una-delle-principali-preoccupazioni-di-monaco\\\/#primaryimage\",\"url\":\"https:\\\/\\\/www.monaco-tribune.com\\\/wp-content\\\/uploads\\\/2022\\\/08\\\/controle-eau-mer-monaco.jpg\",\"contentUrl\":\"https:\\\/\\\/www.monaco-tribune.com\\\/wp-content\\\/uploads\\\/2022\\\/08\\\/controle-eau-mer-monaco.jpg\",\"width\":1620,\"height\":1080,\"caption\":\"Direzione della Comunicazione \\\/ St\u00e9phane Danna\"},{\"@type\":\"BreadcrumbList\",\"@id\":\"https:\\\/\\\/www.monaco-tribune.com\\\/it\\\/2022\\\/08\\\/la-qualita-delle-acque-di-balneazione-una-delle-principali-preoccupazioni-di-monaco\\\/#breadcrumb\",\"itemListElement\":[{\"@type\":\"ListItem\",\"position\":1,\"name\":\"Accueil\",\"item\":\"https:\\\/\\\/www.monaco-tribune.com\\\/it\\\/\"},{\"@type\":\"ListItem\",\"position\":2,\"name\":\"La qualit\u00e0 delle acque di balneazione, una delle principali preoccupazioni di Monaco\"}]},{\"@type\":\"WebSite\",\"@id\":\"https:\\\/\\\/www.monaco-tribune.com\\\/it\\\/#website\",\"url\":\"https:\\\/\\\/www.monaco-tribune.com\\\/it\\\/\",\"name\":\"Monaco Tribune\",\"description\":\"Monaco : actualit\u00e9s \u00e9conomiques, politiques, culturelles et sportives de Monaco et de la French Riviera.\",\"publisher\":{\"@id\":\"https:\\\/\\\/www.monaco-tribune.com\\\/it\\\/#organization\"},\"potentialAction\":[{\"@type\":\"SearchAction\",\"target\":{\"@type\":\"EntryPoint\",\"urlTemplate\":\"https:\\\/\\\/www.monaco-tribune.com\\\/it\\\/?s={search_term_string}\"},\"query-input\":{\"@type\":\"PropertyValueSpecification\",\"valueRequired\":true,\"valueName\":\"search_term_string\"}}],\"inLanguage\":\"it-IT\"},{\"@type\":\"Organization\",\"@id\":\"https:\\\/\\\/www.monaco-tribune.com\\\/it\\\/#organization\",\"name\":\"Monaco Tribune\",\"url\":\"https:\\\/\\\/www.monaco-tribune.com\\\/it\\\/\",\"logo\":{\"@type\":\"ImageObject\",\"inLanguage\":\"it-IT\",\"@id\":\"https:\\\/\\\/www.monaco-tribune.com\\\/it\\\/#\\\/schema\\\/logo\\\/image\\\/\",\"url\":\"https:\\\/\\\/www.monaco-tribune.com\\\/wp-content\\\/uploads\\\/2022\\\/11\\\/logo-monaco-tribune.png\",\"contentUrl\":\"https:\\\/\\\/www.monaco-tribune.com\\\/wp-content\\\/uploads\\\/2022\\\/11\\\/logo-monaco-tribune.png\",\"width\":1548,\"height\":600,\"caption\":\"Monaco Tribune\"},\"image\":{\"@id\":\"https:\\\/\\\/www.monaco-tribune.com\\\/it\\\/#\\\/schema\\\/logo\\\/image\\\/\"},\"sameAs\":[\"https:\\\/\\\/www.facebook.com\\\/MonacoTribune\",\"https:\\\/\\\/x.com\\\/MonacoTribune\",\"https:\\\/\\\/www.instagram.com\\\/monacotribune\\\/\",\"https:\\\/\\\/www.linkedin.com\\\/company\\\/monaco-tribune\",\"https:\\\/\\\/www.youtube.com\\\/channel\\\/UCHle1MnG6hw1y4lWKijVbMA\"]},{\"@type\":\"Person\",\"@id\":\"https:\\\/\\\/www.monaco-tribune.com\\\/it\\\/#\\\/schema\\\/person\\\/94fb5723547bd83dea1eed97e25145aa\",\"name\":\"Th\u00e9o Briand\",\"image\":{\"@type\":\"ImageObject\",\"inLanguage\":\"it-IT\",\"@id\":\"https:\\\/\\\/secure.gravatar.com\\\/avatar\\\/1c02cfd8b8054d8c376f9a942a1dc4dbacfd8ba5e6f8dbb5e16f4aa3d281972a?s=96&d=mm&r=g\",\"url\":\"https:\\\/\\\/secure.gravatar.com\\\/avatar\\\/1c02cfd8b8054d8c376f9a942a1dc4dbacfd8ba5e6f8dbb5e16f4aa3d281972a?s=96&d=mm&r=g\",\"contentUrl\":\"https:\\\/\\\/secure.gravatar.com\\\/avatar\\\/1c02cfd8b8054d8c376f9a942a1dc4dbacfd8ba5e6f8dbb5e16f4aa3d281972a?s=96&d=mm&r=g\",\"caption\":\"Th\u00e9o Briand\"},\"url\":\"https:\\\/\\\/www.monaco-tribune.com\\\/it\\\/author\\\/theobriand\\\/\"}]}<\/script>\n<!-- \/ Yoast SEO Premium plugin. -->","yoast_head_json":{"title":"La qualit\u00e0 delle acque di balneazione, una delle principali preoccupazioni di Monaco","description":"Per tutelare la popolazione, ogni settimana vengono prelevati in mare diversi campioni. Il Principato tiene sempre sotto controllo la qualit\u00e0 delle acque","robots":{"index":"index","follow":"follow","max-snippet":"max-snippet:-1","max-image-preview":"max-image-preview:large","max-video-preview":"max-video-preview:-1"},"canonical":"https:\/\/www.monaco-tribune.com\/it\/2022\/08\/la-qualita-delle-acque-di-balneazione-una-delle-principali-preoccupazioni-di-monaco\/","og_locale":"it_IT","og_type":"article","og_title":"La qualit\u00e0 delle acque di balneazione, una delle principali preoccupazioni di Monaco - Monaco Tribune","og_description":"Per tutelare la popolazione, ogni settimana vengono prelevati in mare diversi campioni. Il Principato tiene sempre sotto controllo la qualit\u00e0 delle acque","og_url":"https:\/\/www.monaco-tribune.com\/it\/2022\/08\/la-qualita-delle-acque-di-balneazione-una-delle-principali-preoccupazioni-di-monaco\/","og_site_name":"Monaco Tribune","article_publisher":"https:\/\/www.facebook.com\/MonacoTribune","article_published_time":"2022-08-09T17:01:06+00:00","article_modified_time":"2022-08-09T17:21:56+00:00","og_image":[{"width":1620,"height":1080,"url":"https:\/\/www.monaco-tribune.com\/wp-content\/uploads\/2022\/08\/controle-eau-mer-monaco.jpg","type":"image\/jpeg"}],"author":"Th\u00e9o Briand","twitter_card":"summary_large_image","twitter_creator":"@MonacoTribune","twitter_site":"@MonacoTribune","schema":{"@context":"https:\/\/schema.org","@graph":[{"@type":"NewsArticle","@id":"https:\/\/www.monaco-tribune.com\/it\/2022\/08\/la-qualita-delle-acque-di-balneazione-una-delle-principali-preoccupazioni-di-monaco\/#article","isPartOf":{"@id":"https:\/\/www.monaco-tribune.com\/it\/2022\/08\/la-qualita-delle-acque-di-balneazione-una-delle-principali-preoccupazioni-di-monaco\/"},"author":{"name":"Th\u00e9o Briand","@id":"https:\/\/www.monaco-tribune.com\/it\/#\/schema\/person\/94fb5723547bd83dea1eed97e25145aa"},"headline":"La qualit\u00e0 delle acque di balneazione, una delle principali preoccupazioni di Monaco","datePublished":"2022-08-09T17:01:06+00:00","dateModified":"2022-08-09T17:21:56+00:00","mainEntityOfPage":{"@id":"https:\/\/www.monaco-tribune.com\/it\/2022\/08\/la-qualita-delle-acque-di-balneazione-una-delle-principali-preoccupazioni-di-monaco\/"},"wordCount":272,"publisher":{"@id":"https:\/\/www.monaco-tribune.com\/it\/#organization"},"image":{"@id":"https:\/\/www.monaco-tribune.com\/it\/2022\/08\/la-qualita-delle-acque-di-balneazione-una-delle-principali-preoccupazioni-di-monaco\/#primaryimage"},"thumbnailUrl":"https:\/\/www.monaco-tribune.com\/wp-content\/uploads\/2022\/08\/controle-eau-mer-monaco.jpg","keywords":["Sicurezza"],"articleSection":["Green","La nostra scelta","Notizie"],"inLanguage":"it-IT","copyrightYear":"2022","copyrightHolder":{"@id":"https:\/\/www.monaco-tribune.com\/#organization"}},{"@type":"WebPage","@id":"https:\/\/www.monaco-tribune.com\/it\/2022\/08\/la-qualita-delle-acque-di-balneazione-una-delle-principali-preoccupazioni-di-monaco\/","url":"https:\/\/www.monaco-tribune.com\/it\/2022\/08\/la-qualita-delle-acque-di-balneazione-una-delle-principali-preoccupazioni-di-monaco\/","name":"La qualit\u00e0 delle acque di balneazione, una delle principali preoccupazioni di Monaco","isPartOf":{"@id":"https:\/\/www.monaco-tribune.com\/it\/#website"},"primaryImageOfPage":{"@id":"https:\/\/www.monaco-tribune.com\/it\/2022\/08\/la-qualita-delle-acque-di-balneazione-una-delle-principali-preoccupazioni-di-monaco\/#primaryimage"},"image":{"@id":"https:\/\/www.monaco-tribune.com\/it\/2022\/08\/la-qualita-delle-acque-di-balneazione-una-delle-principali-preoccupazioni-di-monaco\/#primaryimage"},"thumbnailUrl":"https:\/\/www.monaco-tribune.com\/wp-content\/uploads\/2022\/08\/controle-eau-mer-monaco.jpg","datePublished":"2022-08-09T17:01:06+00:00","dateModified":"2022-08-09T17:21:56+00:00","description":"Per tutelare la popolazione, ogni settimana vengono prelevati in mare diversi campioni. Il Principato tiene sempre sotto controllo la qualit\u00e0 delle acque","breadcrumb":{"@id":"https:\/\/www.monaco-tribune.com\/it\/2022\/08\/la-qualita-delle-acque-di-balneazione-una-delle-principali-preoccupazioni-di-monaco\/#breadcrumb"},"inLanguage":"it-IT","potentialAction":[{"@type":"ReadAction","target":["https:\/\/www.monaco-tribune.com\/it\/2022\/08\/la-qualita-delle-acque-di-balneazione-una-delle-principali-preoccupazioni-di-monaco\/"]}]},{"@type":"ImageObject","inLanguage":"it-IT","@id":"https:\/\/www.monaco-tribune.com\/it\/2022\/08\/la-qualita-delle-acque-di-balneazione-una-delle-principali-preoccupazioni-di-monaco\/#primaryimage","url":"https:\/\/www.monaco-tribune.com\/wp-content\/uploads\/2022\/08\/controle-eau-mer-monaco.jpg","contentUrl":"https:\/\/www.monaco-tribune.com\/wp-content\/uploads\/2022\/08\/controle-eau-mer-monaco.jpg","width":1620,"height":1080,"caption":"Direzione della Comunicazione \/ St\u00e9phane Danna"},{"@type":"BreadcrumbList","@id":"https:\/\/www.monaco-tribune.com\/it\/2022\/08\/la-qualita-delle-acque-di-balneazione-una-delle-principali-preoccupazioni-di-monaco\/#breadcrumb","itemListElement":[{"@type":"ListItem","position":1,"name":"Accueil","item":"https:\/\/www.monaco-tribune.com\/it\/"},{"@type":"ListItem","position":2,"name":"La qualit\u00e0 delle acque di balneazione, una delle principali preoccupazioni di Monaco"}]},{"@type":"WebSite","@id":"https:\/\/www.monaco-tribune.com\/it\/#website","url":"https:\/\/www.monaco-tribune.com\/it\/","name":"Monaco Tribune","description":"Monaco : actualit\u00e9s \u00e9conomiques, politiques, culturelles et sportives de Monaco et de la French Riviera.","publisher":{"@id":"https:\/\/www.monaco-tribune.com\/it\/#organization"},"potentialAction":[{"@type":"SearchAction","target":{"@type":"EntryPoint","urlTemplate":"https:\/\/www.monaco-tribune.com\/it\/?s={search_term_string}"},"query-input":{"@type":"PropertyValueSpecification","valueRequired":true,"valueName":"search_term_string"}}],"inLanguage":"it-IT"},{"@type":"Organization","@id":"https:\/\/www.monaco-tribune.com\/it\/#organization","name":"Monaco Tribune","url":"https:\/\/www.monaco-tribune.com\/it\/","logo":{"@type":"ImageObject","inLanguage":"it-IT","@id":"https:\/\/www.monaco-tribune.com\/it\/#\/schema\/logo\/image\/","url":"https:\/\/www.monaco-tribune.com\/wp-content\/uploads\/2022\/11\/logo-monaco-tribune.png","contentUrl":"https:\/\/www.monaco-tribune.com\/wp-content\/uploads\/2022\/11\/logo-monaco-tribune.png","width":1548,"height":600,"caption":"Monaco Tribune"},"image":{"@id":"https:\/\/www.monaco-tribune.com\/it\/#\/schema\/logo\/image\/"},"sameAs":["https:\/\/www.facebook.com\/MonacoTribune","https:\/\/x.com\/MonacoTribune","https:\/\/www.instagram.com\/monacotribune\/","https:\/\/www.linkedin.com\/company\/monaco-tribune","https:\/\/www.youtube.com\/channel\/UCHle1MnG6hw1y4lWKijVbMA"]},{"@type":"Person","@id":"https:\/\/www.monaco-tribune.com\/it\/#\/schema\/person\/94fb5723547bd83dea1eed97e25145aa","name":"Th\u00e9o Briand","image":{"@type":"ImageObject","inLanguage":"it-IT","@id":"https:\/\/secure.gravatar.com\/avatar\/1c02cfd8b8054d8c376f9a942a1dc4dbacfd8ba5e6f8dbb5e16f4aa3d281972a?s=96&d=mm&r=g","url":"https:\/\/secure.gravatar.com\/avatar\/1c02cfd8b8054d8c376f9a942a1dc4dbacfd8ba5e6f8dbb5e16f4aa3d281972a?s=96&d=mm&r=g","contentUrl":"https:\/\/secure.gravatar.com\/avatar\/1c02cfd8b8054d8c376f9a942a1dc4dbacfd8ba5e6f8dbb5e16f4aa3d281972a?s=96&d=mm&r=g","caption":"Th\u00e9o Briand"},"url":"https:\/\/www.monaco-tribune.com\/it\/author\/theobriand\/"}]}},"_links":{"self":[{"href":"https:\/\/www.monaco-tribune.com\/it\/wp-json\/wp\/v2\/posts\/134068","targetHints":{"allow":["GET"]}}],"collection":[{"href":"https:\/\/www.monaco-tribune.com\/it\/wp-json\/wp\/v2\/posts"}],"about":[{"href":"https:\/\/www.monaco-tribune.com\/it\/wp-json\/wp\/v2\/types\/post"}],"author":[{"embeddable":true,"href":"https:\/\/www.monaco-tribune.com\/it\/wp-json\/wp\/v2\/users\/66"}],"replies":[{"embeddable":true,"href":"https:\/\/www.monaco-tribune.com\/it\/wp-json\/wp\/v2\/comments?post=134068"}],"version-history":[{"count":0,"href":"https:\/\/www.monaco-tribune.com\/it\/wp-json\/wp\/v2\/posts\/134068\/revisions"}],"wp:featuredmedia":[{"embeddable":true,"href":"https:\/\/www.monaco-tribune.com\/it\/wp-json\/wp\/v2\/media\/133515"}],"wp:attachment":[{"href":"https:\/\/www.monaco-tribune.com\/it\/wp-json\/wp\/v2\/media?parent=134068"}],"wp:term":[{"taxonomy":"category","embeddable":true,"href":"https:\/\/www.monaco-tribune.com\/it\/wp-json\/wp\/v2\/categories?post=134068"},{"taxonomy":"post_tag","embeddable":true,"href":"https:\/\/www.monaco-tribune.com\/it\/wp-json\/wp\/v2\/tags?post=134068"},{"taxonomy":"sectag","embeddable":true,"href":"https:\/\/www.monaco-tribune.com\/it\/wp-json\/wp\/v2\/post_sectags?post=134068"},{"taxonomy":"format","embeddable":true,"href":"https:\/\/www.monaco-tribune.com\/it\/wp-json\/wp\/v2\/post_format?post=134068"}],"curies":[{"name":"wp","href":"https:\/\/api.w.org\/{rel}","templated":true}]}}