{"id":134158,"date":"2022-08-10T09:03:51","date_gmt":"2022-08-10T07:03:51","guid":{"rendered":"https:\/\/www.monaco-tribune.com\/2022\/08\/cosa-fare-se-subisci-o-assisti-a-violenze-domestiche-a-monaco\/"},"modified":"2022-08-10T22:26:15","modified_gmt":"2022-08-10T20:26:15","slug":"cosa-fare-se-subisci-o-assisti-a-violenze-domestiche-a-monaco","status":"publish","type":"post","link":"https:\/\/www.monaco-tribune.com\/it\/2022\/08\/cosa-fare-se-subisci-o-assisti-a-violenze-domestiche-a-monaco\/","title":{"rendered":"Cosa fare se subisci o assisti a violenze domestiche a Monaco"},"content":{"rendered":"\n<p><strong>Quali sono le pratiche? Come fare ricorso? Lo abbiamo chiesto a Val\u00e9rie Campora Lucas, direttrice generale dell\u2019Associazione AVIP \u2013 Aide aux Victimes d\u2019Infractions P\u00e9nales (Assistenza alle vittime di reati) di Monaco.<\/strong><\/p>\n\n<p>Il caso risale a inizio luglio. <em>Monaco-Matin<\/em> riporta la triste storia di una donna, vittima di violenza domestica, che dopo tre segnalazioni ha finalmente sporto denuncia contro il marito, persona con noti problemi di alcolismo. Poich\u00e9 entrambi risiedono nel Principato, l\u2019uomo \u00e8 stato condannato dal tribunale penale monegasco a una pena sospesa di sei mesi, con l&#8217;obbligo di sottoporsi a cure mediche e di versare 1.000 euro alla parte civile.<\/p>\n\n<p>Per Val\u00e9rie Campora Lucas, direttrice generale dell\u2019Associazione <a href=\"https:\/\/www.avip-monaco.org\/it\/\">AVIP (Assistenza alle vittime di reati)<\/a>, questa condanna \u00e8 una vera propria vittoria. Spiega: \u201cEravamo al corrente di questo caso, anche se non abbiamo seguito direttamente questa giovane donna violentata. Il fatto che ci sia stata una condanna \u00e8 positivo per la vittima, che viene riconosciuta come tale dai tribunali. Dall&#8217;esterno pu\u00f2 sembrare insignificante, ma per lei \u00e8 estremamente importante, perch\u00e9 sporgere denuncia \u00e8 un processo molto lungo e complicato\u201d.<\/p>\n<div class=\"wp-block-image\">\n<figure class=\"aligncenter size-large\"><img loading=\"lazy\" decoding=\"async\" width=\"1024\" height=\"681\" src=\"https:\/\/www.monaco-tribune.com\/wp-content\/uploads\/2022\/08\/valerie-campora-lucas-1024x681.jpeg\" alt=\"\" class=\"wp-image-133090\" srcset=\"https:\/\/www.monaco-tribune.com\/wp-content\/uploads\/2022\/08\/valerie-campora-lucas-1024x681.jpeg 1024w, https:\/\/www.monaco-tribune.com\/wp-content\/uploads\/2022\/08\/valerie-campora-lucas-451x300.jpeg 451w, https:\/\/www.monaco-tribune.com\/wp-content\/uploads\/2022\/08\/valerie-campora-lucas.jpeg 1200w\" sizes=\"auto, (max-width: 1024px) 100vw, 1024px\" \/><figcaption>Val\u00e9rie Campora Lucas \u00a9 Direzione della comunicazione \/ St\u00e9phane Danna<\/figcaption><\/figure>\n<\/div>\n<h2 class=\"wp-block-heading\" id=\"h-qu-est-ce-que-l-avip\">Cos\u2019\u00e8 l\u2019AVIP?<\/h2>\n\n<p>\u00c8 proprio per assistere le vittime in queste lunghe procedure che \u00e8 stata creata l\u2019AVIP. Si tratta di un\u2019associazione fondata nel 2014, in seguito alla promulgazione di una legge nel 2011 sulle violenze in ambito privato, che ha poi iniziato a funzionare nel 2017, dopo aver trovato un locale e ricevuto sovvenzioni. Il personale qualificato di AVIP accoglie vittime di qualsiasi tipo di reato penale commesso sul territorio monegasco. Ogni anno, vengono prese in carico quasi 60 nuove vittime di violenze sessuali o intrafamiliari, di aggressioni volontarie o di violenze coniugali. Quest\u2019ultima categoria rimane preponderante.<\/p>\n\n<p>Val\u00e9rie, ex referente delle vittime all\u2019interno della Pubblica Sicurezza, si \u00e8 coinvolta nell\u2019AVIP fin dal principio. A suo avviso, era una tappa pi\u00f9 che necessaria: \u201cC\u2019era un reale bisogno di creare un\u2019entit\u00e0 neutra, capace di accogliere la parola delle vittime. Non \u00e8 sempre facile per una persona rivolgersi direttamente alla polizia, senza sapere esattamente cosa le verr\u00e0 chiesto e quali documenti le serviranno. Tanto pi\u00f9 che spesso c&#8217;\u00e8 un legame o un sentimento nei confronti dell&#8217;autore del reato. C&#8217;\u00e8 un intero processo da mettere in atto\u201d.<\/p>\n\n<p>In AVIP, le vittime sono ascoltate e possono beneficiare di un accompagnamento giuridico, psicologico e amministrativo. Questo dispositivo \u00e8 rivolto anche ai cittadini che sono stati aggrediti al di fuori del Principato. Anche le persone che non possono essere assistite non vengono comunque abbandonate a s\u00e9 stesse: AVIP offre consulenza e le indirizza alle autorit\u00e0 competenti.<\/p>\n\n<p><strong>LEGGI ANCHE: <a href=\"https:\/\/www.monaco-tribune.com\/it\/2022\/02\/4-iniziative-del-principato-contro-la-violenza-sulle-donne\/\">4 iniziative del Principato contro la violenza sulle donne<\/a><\/strong><\/p>\n\n<h2 class=\"wp-block-heading\" id=\"h-comment-se-deroule-l-accompagnement\">Come funziona l\u2019accompagnamento alla vittima?<\/h2>\n\n<p>Una volta che la vittima ha varcato la porta dell&#8217;associazione, il grosso del lavoro \u00e8 fatto: &#8220;Quando una persona si presenta da noi o ci chiama, abbiamo gi\u00e0 ottenuto la liberazione della parola&#8221;, dice Val\u00e9rie. \u201c\u00c8 un enorme passo avanti. Il nostro obiettivo, poi, \u00e8 farle capire che non spetta a lei vergognarsi o sentirsi in colpa.<\/p>\n\n<p>Lavoriamo con la vittima per preparare tutto il necessario a sporgere denuncia. Il giorno della denuncia, a causa delle emozioni che riemergono, si possono dimenticare alcuni fatti. Prepariamo la vittima al fatto che potrebbe trovarsi di fronte all&#8217;autore del reato o che la denuncia potrebbe essere archiviata se il giudice ritiene che le prove non siano sufficienti. Per questo motivo cerchiamo di ottenere il maggior numero di informazioni possibili, perch\u00e9 i tribunali giudicano sui fatti e non sulle parole. (&#8230;) Possono essere testimonianze di parenti, certificati medici&#8230; Va anche considerato che se la persona si trova in una situazione di emergenza, di pericolo immediato, abbiamo i mezzi per ospitarla in un albergo e la DASO pu\u00f2 farsene carico\u201d.<\/p>\n\n<p>A tal proposito, ecco un punto forte del Principato: i diversi enti collaborano e lavorano insieme per formare una vera rete di sostengo alle vittime: \u201cCon una telefonata, si possono risolvere diversi problemi, sempre dopo aver ottenuto il consenso della vittima. In assenza di consenso, si pu\u00f2 allertare il Procuratore solo se si viene a conoscenza di situazioni in cui dei minori sono in pericolo immediato e reale\u201d.<\/p>\n\n<p>La Pubblica Sicurezza, la DASO (Direction de l\u2019Action et de l\u2019Aide Sociales), AVIP e altre associazioni monegasche lavorano quindi in sinergia, scambiandosi e garantendo un follow-up comune e condividendo informazioni a loro disposizione, sempre previo consenso della vittima. <\/p>\n\n<h2 class=\"wp-block-heading\" id=\"h-quels-sont-les-signes-qui-doivent-alerter-les-victimes-et-les-proches\">Quali sono i campanelli d\u2019allarme per le vittime e i loro cari? <\/h2>\n\n<p>Un altro problema \u00e8 che spesso la vittima non osa rivolgersi alle autorit\u00e0 competenti per paura o rifiuto. Valerie \u00e8 dell\u2019avviso che chi le \u00e8 vicino pu\u00f2 agire, anche solo individuando alcuni segnali: \u201cGeneralmente, la vittima viene isolata. La famiglia e gli amici smettono di avere sue notizie, o le ricevono sempre pi\u00f9 raramente. L\u2019autore del reato cerca di silenziare la vittima. In questo caso, non bisogna assolutamente giudicarla, n\u00e9 avere parole troppo dure nei confronti del violentatore. Occorre dare fiducia alla vittima, spiegandole che non \u00e8 una persona inutile, che non \u00e8 colpa sua e c\u2019\u00e8 qualcuno accanto a lei pronto ad ascoltarla\u201d.<\/p>\n\n<p>Val\u00e9rie precisa, inoltre, che AVIP accoglie e offre consulenza ai parenti delle vittime per aiutarli a incoraggiarle a parlare.<\/p>\n\n<p>A loro viene rivolta una semplice raccomandazione: \u201cBisogna subito mettersi in allerta, fin dal primo schiaffo o botta, perch\u00e9 \u00e8 raro che la persona non compia nuovamente questi gesti. Tutto inizia da un nido d\u2019amore, perch\u00e9 se un uomo o una donna schiaffeggiassero il partner fin dal primo giorno, si capirebbe subito la situazione in cui ci si \u00e8 cacciati. Purtroppo, per\u00f2, questo nido d\u2019amore si trasforma gradualmente in un giogo. Bisogna andarsene al primissimo segnale di violenza\u201d.<\/p>\n\n<p><strong>LEGGI ANCHE: <\/strong><a href=\"https:\/\/www.monaco-tribune.com\/it\/2020\/05\/violenza-domestica-e-quarantena-a-che-punto-siamo\/\"><strong>Violenza domestica e quarantena: a che punto siamo?<\/strong><\/a><\/p>\n\n<h2 class=\"wp-block-heading\" id=\"h-que-faire-si-je-subis-des-menaces-de-l-auteur\">Cosa fare in caso di minacce? <\/h2>\n\n<p>Vista la specificit\u00e0 di Monaco, capita spesso che le vittime non osino sporgere denuncia perch\u00e9 dipendono economicamente dal loro carnefice. Questa paura nasce generalmente dalle minacce subite dal loro compagno o compagna.<\/p>\n\n<p>Su quest&#8217;ultimo punto, Val\u00e9rie \u00e8 categorica: credere che le dimensioni del portafoglio o il grado di influenza di un autore di violenza domestica permettano di sfuggire alla giustizia &#8220;\u00e8 un&#8217;idea da combattere&#8221;.<\/p>\n\n<p>E insiste: \u201cNon esiste lasciapassare. Se una persona commette violenza, verr\u00e0 condannata. Le disponibilit\u00e0 economiche possono permettere ad alcune persone di farsi affiancare da grossi avvocati. Ma in questo caso, anche la vittima ha il diritto a essere difesa. Le donne che non lavorano o che non hanno molti soldi ci hanno spesso confidato di avere paura perch\u00e9 i mariti dicevano che se se ne fossero andate o se avessero tentato di fare qualcosa, avrebbero preso i bambini senza che loro potessero mai pi\u00f9 rivederli.<\/p>\n\n<p>Voglio ribadirlo: questo non \u00e8 vero, anche per chi non ha la nazionalit\u00e0 monegasca. Una mamma ha dei diritti a Monaco a prescindere dalla sua origine o situazione professionale o economica. Ci sono ancora donne che restano con un marito violento perch\u00e9 sono convinte del contrario\u201d.<\/p>\n\n<h2 class=\"wp-block-heading\" id=\"h-victime-ou-temoin-voici-les-organismes-a-joindre\">Sei vittima o testimone? Ecco gli enti da contattare: <\/h2>\n\n<ul class=\"wp-block-list\"><li>Sito internet di <a href=\"https:\/\/www.avip-monaco.org\/it\/\">AVIP<\/a> \u2013 21 Rue de la Turbie, 98000 Monaco<\/li><li>Numero di telefono: +377 93 25 00 07 (tutti i giorni dalle 8.00 alle 20.00)<\/li><li>Email: avip@monaco.mc<\/li><\/ul>\n\n<p><\/p>\n\n<ul class=\"wp-block-list\"><li>Pubblica Sicurezza: 9 rue Suffren Reymond, 98000 Monaco<\/li><li>+377 93 15 30 15<\/li><\/ul>\n\n<p><\/p>\n\n<ul class=\"wp-block-list\"><li>DASO : 23 avenue Albert II<\/li><li>+377 98 98 41 00 (dalle 9.30 alle 17.00 dal luned\u00ec al venerd\u00ec) <\/li><\/ul>\n","protected":false},"excerpt":{"rendered":"<p>Quali sono le pratiche? Come fare ricorso? Lo abbiamo chiesto a Val\u00e9rie Campora Lucas, direttrice generale dell\u2019Associazione AVIP \u2013 Aide [&hellip;]<\/p>\n","protected":false},"author":60,"featured_media":130400,"comment_status":"closed","ping_status":"closed","sticky":false,"template":"","format":"standard","meta":{"_acf_changed":false,"footnotes":""},"categories":[1826,1738,1752],"tags":[],"post_sectags":[],"post_format":[2475],"class_list":["post-134158","post","type-post","status-publish","format-standard","has-post-thumbnail","hentry","category-la-nostra-scelta","category-notizie","category-societa","format-inchiesta"],"acf":[],"yoast_head":"<!-- This site is optimized with the Yoast SEO Premium plugin v26.8 (Yoast SEO v27.4) - https:\/\/yoast.com\/product\/yoast-seo-premium-wordpress\/ -->\n<title>Cosa fare se subisci o assisti a violenze domestiche a Monaco<\/title>\n<meta name=\"description\" content=\"Quali sono le pratiche? Come fare ricorso? Lo abbiamo chiesto a Val\u00e9rie Campora Lucas, direttrice generale dell\u2019Associazione AVIP \u2013 Aide aux Victimes\" \/>\n<meta name=\"robots\" content=\"index, follow, max-snippet:-1, max-image-preview:large, max-video-preview:-1\" \/>\n<link rel=\"canonical\" href=\"https:\/\/www.monaco-tribune.com\/it\/2022\/08\/cosa-fare-se-subisci-o-assisti-a-violenze-domestiche-a-monaco\/\" \/>\n<meta property=\"og:locale\" content=\"it_IT\" \/>\n<meta property=\"og:type\" content=\"article\" \/>\n<meta property=\"og:title\" content=\"Cosa fare se subisci o assisti a violenze domestiche a Monaco - Monaco Tribune\" \/>\n<meta property=\"og:description\" content=\"Quali sono le pratiche? Come fare ricorso? Lo abbiamo chiesto a Val\u00e9rie Campora Lucas, direttrice generale dell\u2019Associazione AVIP \u2013 Aide aux Victimes\" \/>\n<meta property=\"og:url\" content=\"https:\/\/www.monaco-tribune.com\/it\/2022\/08\/cosa-fare-se-subisci-o-assisti-a-violenze-domestiche-a-monaco\/\" \/>\n<meta property=\"og:site_name\" content=\"Monaco Tribune\" \/>\n<meta property=\"article:publisher\" content=\"https:\/\/www.facebook.com\/MonacoTribune\" \/>\n<meta property=\"article:published_time\" content=\"2022-08-10T07:03:51+00:00\" \/>\n<meta property=\"article:modified_time\" content=\"2022-08-10T20:26:15+00:00\" \/>\n<meta property=\"og:image\" content=\"https:\/\/www.monaco-tribune.com\/wp-content\/uploads\/2022\/07\/tribunal-monaco.jpeg\" \/>\n\t<meta property=\"og:image:width\" content=\"1020\" \/>\n\t<meta property=\"og:image:height\" content=\"680\" \/>\n\t<meta property=\"og:image:type\" content=\"image\/jpeg\" \/>\n<meta name=\"author\" content=\"Camille Esteve\" \/>\n<meta name=\"twitter:card\" content=\"summary_large_image\" \/>\n<meta name=\"twitter:creator\" content=\"@MonacoTribune\" \/>\n<meta name=\"twitter:site\" content=\"@MonacoTribune\" \/>\n<script type=\"application\/ld+json\" class=\"yoast-schema-graph\">{\"@context\":\"https:\\\/\\\/schema.org\",\"@graph\":[{\"@type\":\"NewsArticle\",\"@id\":\"https:\\\/\\\/www.monaco-tribune.com\\\/it\\\/2022\\\/08\\\/cosa-fare-se-subisci-o-assisti-a-violenze-domestiche-a-monaco\\\/#article\",\"isPartOf\":{\"@id\":\"https:\\\/\\\/www.monaco-tribune.com\\\/it\\\/2022\\\/08\\\/cosa-fare-se-subisci-o-assisti-a-violenze-domestiche-a-monaco\\\/\"},\"author\":{\"name\":\"Camille Esteve\",\"@id\":\"https:\\\/\\\/www.monaco-tribune.com\\\/it\\\/#\\\/schema\\\/person\\\/a855d420fff4d03637641d60b93ac62e\"},\"headline\":\"Cosa fare se subisci o assisti a violenze domestiche a Monaco\",\"datePublished\":\"2022-08-10T07:03:51+00:00\",\"dateModified\":\"2022-08-10T20:26:15+00:00\",\"mainEntityOfPage\":{\"@id\":\"https:\\\/\\\/www.monaco-tribune.com\\\/it\\\/2022\\\/08\\\/cosa-fare-se-subisci-o-assisti-a-violenze-domestiche-a-monaco\\\/\"},\"wordCount\":1208,\"publisher\":{\"@id\":\"https:\\\/\\\/www.monaco-tribune.com\\\/it\\\/#organization\"},\"image\":{\"@id\":\"https:\\\/\\\/www.monaco-tribune.com\\\/it\\\/2022\\\/08\\\/cosa-fare-se-subisci-o-assisti-a-violenze-domestiche-a-monaco\\\/#primaryimage\"},\"thumbnailUrl\":\"https:\\\/\\\/www.monaco-tribune.com\\\/wp-content\\\/uploads\\\/2022\\\/07\\\/tribunal-monaco.jpeg\",\"articleSection\":[\"La nostra scelta\",\"Notizie\",\"Societ\u00e0\"],\"inLanguage\":\"it-IT\",\"copyrightYear\":\"2022\",\"copyrightHolder\":{\"@id\":\"https:\\\/\\\/www.monaco-tribune.com\\\/#organization\"}},{\"@type\":\"WebPage\",\"@id\":\"https:\\\/\\\/www.monaco-tribune.com\\\/it\\\/2022\\\/08\\\/cosa-fare-se-subisci-o-assisti-a-violenze-domestiche-a-monaco\\\/\",\"url\":\"https:\\\/\\\/www.monaco-tribune.com\\\/it\\\/2022\\\/08\\\/cosa-fare-se-subisci-o-assisti-a-violenze-domestiche-a-monaco\\\/\",\"name\":\"Cosa fare se subisci o assisti a violenze domestiche a Monaco\",\"isPartOf\":{\"@id\":\"https:\\\/\\\/www.monaco-tribune.com\\\/it\\\/#website\"},\"primaryImageOfPage\":{\"@id\":\"https:\\\/\\\/www.monaco-tribune.com\\\/it\\\/2022\\\/08\\\/cosa-fare-se-subisci-o-assisti-a-violenze-domestiche-a-monaco\\\/#primaryimage\"},\"image\":{\"@id\":\"https:\\\/\\\/www.monaco-tribune.com\\\/it\\\/2022\\\/08\\\/cosa-fare-se-subisci-o-assisti-a-violenze-domestiche-a-monaco\\\/#primaryimage\"},\"thumbnailUrl\":\"https:\\\/\\\/www.monaco-tribune.com\\\/wp-content\\\/uploads\\\/2022\\\/07\\\/tribunal-monaco.jpeg\",\"datePublished\":\"2022-08-10T07:03:51+00:00\",\"dateModified\":\"2022-08-10T20:26:15+00:00\",\"description\":\"Quali sono le pratiche? Come fare ricorso? Lo abbiamo chiesto a Val\u00e9rie Campora Lucas, direttrice generale dell\u2019Associazione AVIP \u2013 Aide aux Victimes\",\"breadcrumb\":{\"@id\":\"https:\\\/\\\/www.monaco-tribune.com\\\/it\\\/2022\\\/08\\\/cosa-fare-se-subisci-o-assisti-a-violenze-domestiche-a-monaco\\\/#breadcrumb\"},\"inLanguage\":\"it-IT\",\"potentialAction\":[{\"@type\":\"ReadAction\",\"target\":[\"https:\\\/\\\/www.monaco-tribune.com\\\/it\\\/2022\\\/08\\\/cosa-fare-se-subisci-o-assisti-a-violenze-domestiche-a-monaco\\\/\"]}]},{\"@type\":\"ImageObject\",\"inLanguage\":\"it-IT\",\"@id\":\"https:\\\/\\\/www.monaco-tribune.com\\\/it\\\/2022\\\/08\\\/cosa-fare-se-subisci-o-assisti-a-violenze-domestiche-a-monaco\\\/#primaryimage\",\"url\":\"https:\\\/\\\/www.monaco-tribune.com\\\/wp-content\\\/uploads\\\/2022\\\/07\\\/tribunal-monaco.jpeg\",\"contentUrl\":\"https:\\\/\\\/www.monaco-tribune.com\\\/wp-content\\\/uploads\\\/2022\\\/07\\\/tribunal-monaco.jpeg\",\"width\":1020,\"height\":680,\"caption\":\"Monaco Tribune\"},{\"@type\":\"BreadcrumbList\",\"@id\":\"https:\\\/\\\/www.monaco-tribune.com\\\/it\\\/2022\\\/08\\\/cosa-fare-se-subisci-o-assisti-a-violenze-domestiche-a-monaco\\\/#breadcrumb\",\"itemListElement\":[{\"@type\":\"ListItem\",\"position\":1,\"name\":\"Accueil\",\"item\":\"https:\\\/\\\/www.monaco-tribune.com\\\/it\\\/\"},{\"@type\":\"ListItem\",\"position\":2,\"name\":\"Cosa fare se subisci o assisti a violenze domestiche a Monaco\"}]},{\"@type\":\"WebSite\",\"@id\":\"https:\\\/\\\/www.monaco-tribune.com\\\/it\\\/#website\",\"url\":\"https:\\\/\\\/www.monaco-tribune.com\\\/it\\\/\",\"name\":\"Monaco Tribune\",\"description\":\"Monaco : actualit\u00e9s \u00e9conomiques, politiques, culturelles et sportives de Monaco et de la French Riviera.\",\"publisher\":{\"@id\":\"https:\\\/\\\/www.monaco-tribune.com\\\/it\\\/#organization\"},\"potentialAction\":[{\"@type\":\"SearchAction\",\"target\":{\"@type\":\"EntryPoint\",\"urlTemplate\":\"https:\\\/\\\/www.monaco-tribune.com\\\/it\\\/?s={search_term_string}\"},\"query-input\":{\"@type\":\"PropertyValueSpecification\",\"valueRequired\":true,\"valueName\":\"search_term_string\"}}],\"inLanguage\":\"it-IT\"},{\"@type\":\"Organization\",\"@id\":\"https:\\\/\\\/www.monaco-tribune.com\\\/it\\\/#organization\",\"name\":\"Monaco Tribune\",\"url\":\"https:\\\/\\\/www.monaco-tribune.com\\\/it\\\/\",\"logo\":{\"@type\":\"ImageObject\",\"inLanguage\":\"it-IT\",\"@id\":\"https:\\\/\\\/www.monaco-tribune.com\\\/it\\\/#\\\/schema\\\/logo\\\/image\\\/\",\"url\":\"https:\\\/\\\/www.monaco-tribune.com\\\/wp-content\\\/uploads\\\/2022\\\/11\\\/logo-monaco-tribune.png\",\"contentUrl\":\"https:\\\/\\\/www.monaco-tribune.com\\\/wp-content\\\/uploads\\\/2022\\\/11\\\/logo-monaco-tribune.png\",\"width\":1548,\"height\":600,\"caption\":\"Monaco Tribune\"},\"image\":{\"@id\":\"https:\\\/\\\/www.monaco-tribune.com\\\/it\\\/#\\\/schema\\\/logo\\\/image\\\/\"},\"sameAs\":[\"https:\\\/\\\/www.facebook.com\\\/MonacoTribune\",\"https:\\\/\\\/x.com\\\/MonacoTribune\",\"https:\\\/\\\/www.instagram.com\\\/monacotribune\\\/\",\"https:\\\/\\\/www.linkedin.com\\\/company\\\/monaco-tribune\",\"https:\\\/\\\/www.youtube.com\\\/channel\\\/UCHle1MnG6hw1y4lWKijVbMA\"]},{\"@type\":\"Person\",\"@id\":\"https:\\\/\\\/www.monaco-tribune.com\\\/it\\\/#\\\/schema\\\/person\\\/a855d420fff4d03637641d60b93ac62e\",\"name\":\"Camille Esteve\",\"image\":{\"@type\":\"ImageObject\",\"inLanguage\":\"it-IT\",\"@id\":\"https:\\\/\\\/secure.gravatar.com\\\/avatar\\\/eaaa2355a7bb56c0018a391c20a55bf9b4690e3f493231dd850e612bfa6ce161?s=96&d=mm&r=g\",\"url\":\"https:\\\/\\\/secure.gravatar.com\\\/avatar\\\/eaaa2355a7bb56c0018a391c20a55bf9b4690e3f493231dd850e612bfa6ce161?s=96&d=mm&r=g\",\"contentUrl\":\"https:\\\/\\\/secure.gravatar.com\\\/avatar\\\/eaaa2355a7bb56c0018a391c20a55bf9b4690e3f493231dd850e612bfa6ce161?s=96&d=mm&r=g\",\"caption\":\"Camille Esteve\"},\"url\":\"https:\\\/\\\/www.monaco-tribune.com\\\/it\\\/author\\\/camilleesteve\\\/\"}]}<\/script>\n<!-- \/ Yoast SEO Premium plugin. -->","yoast_head_json":{"title":"Cosa fare se subisci o assisti a violenze domestiche a Monaco","description":"Quali sono le pratiche? Come fare ricorso? Lo abbiamo chiesto a Val\u00e9rie Campora Lucas, direttrice generale dell\u2019Associazione AVIP \u2013 Aide aux Victimes","robots":{"index":"index","follow":"follow","max-snippet":"max-snippet:-1","max-image-preview":"max-image-preview:large","max-video-preview":"max-video-preview:-1"},"canonical":"https:\/\/www.monaco-tribune.com\/it\/2022\/08\/cosa-fare-se-subisci-o-assisti-a-violenze-domestiche-a-monaco\/","og_locale":"it_IT","og_type":"article","og_title":"Cosa fare se subisci o assisti a violenze domestiche a Monaco - Monaco Tribune","og_description":"Quali sono le pratiche? Come fare ricorso? Lo abbiamo chiesto a Val\u00e9rie Campora Lucas, direttrice generale dell\u2019Associazione AVIP \u2013 Aide aux Victimes","og_url":"https:\/\/www.monaco-tribune.com\/it\/2022\/08\/cosa-fare-se-subisci-o-assisti-a-violenze-domestiche-a-monaco\/","og_site_name":"Monaco Tribune","article_publisher":"https:\/\/www.facebook.com\/MonacoTribune","article_published_time":"2022-08-10T07:03:51+00:00","article_modified_time":"2022-08-10T20:26:15+00:00","og_image":[{"width":1020,"height":680,"url":"https:\/\/www.monaco-tribune.com\/wp-content\/uploads\/2022\/07\/tribunal-monaco.jpeg","type":"image\/jpeg"}],"author":"Camille Esteve","twitter_card":"summary_large_image","twitter_creator":"@MonacoTribune","twitter_site":"@MonacoTribune","schema":{"@context":"https:\/\/schema.org","@graph":[{"@type":"NewsArticle","@id":"https:\/\/www.monaco-tribune.com\/it\/2022\/08\/cosa-fare-se-subisci-o-assisti-a-violenze-domestiche-a-monaco\/#article","isPartOf":{"@id":"https:\/\/www.monaco-tribune.com\/it\/2022\/08\/cosa-fare-se-subisci-o-assisti-a-violenze-domestiche-a-monaco\/"},"author":{"name":"Camille Esteve","@id":"https:\/\/www.monaco-tribune.com\/it\/#\/schema\/person\/a855d420fff4d03637641d60b93ac62e"},"headline":"Cosa fare se subisci o assisti a violenze domestiche a Monaco","datePublished":"2022-08-10T07:03:51+00:00","dateModified":"2022-08-10T20:26:15+00:00","mainEntityOfPage":{"@id":"https:\/\/www.monaco-tribune.com\/it\/2022\/08\/cosa-fare-se-subisci-o-assisti-a-violenze-domestiche-a-monaco\/"},"wordCount":1208,"publisher":{"@id":"https:\/\/www.monaco-tribune.com\/it\/#organization"},"image":{"@id":"https:\/\/www.monaco-tribune.com\/it\/2022\/08\/cosa-fare-se-subisci-o-assisti-a-violenze-domestiche-a-monaco\/#primaryimage"},"thumbnailUrl":"https:\/\/www.monaco-tribune.com\/wp-content\/uploads\/2022\/07\/tribunal-monaco.jpeg","articleSection":["La nostra scelta","Notizie","Societ\u00e0"],"inLanguage":"it-IT","copyrightYear":"2022","copyrightHolder":{"@id":"https:\/\/www.monaco-tribune.com\/#organization"}},{"@type":"WebPage","@id":"https:\/\/www.monaco-tribune.com\/it\/2022\/08\/cosa-fare-se-subisci-o-assisti-a-violenze-domestiche-a-monaco\/","url":"https:\/\/www.monaco-tribune.com\/it\/2022\/08\/cosa-fare-se-subisci-o-assisti-a-violenze-domestiche-a-monaco\/","name":"Cosa fare se subisci o assisti a violenze domestiche a Monaco","isPartOf":{"@id":"https:\/\/www.monaco-tribune.com\/it\/#website"},"primaryImageOfPage":{"@id":"https:\/\/www.monaco-tribune.com\/it\/2022\/08\/cosa-fare-se-subisci-o-assisti-a-violenze-domestiche-a-monaco\/#primaryimage"},"image":{"@id":"https:\/\/www.monaco-tribune.com\/it\/2022\/08\/cosa-fare-se-subisci-o-assisti-a-violenze-domestiche-a-monaco\/#primaryimage"},"thumbnailUrl":"https:\/\/www.monaco-tribune.com\/wp-content\/uploads\/2022\/07\/tribunal-monaco.jpeg","datePublished":"2022-08-10T07:03:51+00:00","dateModified":"2022-08-10T20:26:15+00:00","description":"Quali sono le pratiche? Come fare ricorso? Lo abbiamo chiesto a Val\u00e9rie Campora Lucas, direttrice generale dell\u2019Associazione AVIP \u2013 Aide aux Victimes","breadcrumb":{"@id":"https:\/\/www.monaco-tribune.com\/it\/2022\/08\/cosa-fare-se-subisci-o-assisti-a-violenze-domestiche-a-monaco\/#breadcrumb"},"inLanguage":"it-IT","potentialAction":[{"@type":"ReadAction","target":["https:\/\/www.monaco-tribune.com\/it\/2022\/08\/cosa-fare-se-subisci-o-assisti-a-violenze-domestiche-a-monaco\/"]}]},{"@type":"ImageObject","inLanguage":"it-IT","@id":"https:\/\/www.monaco-tribune.com\/it\/2022\/08\/cosa-fare-se-subisci-o-assisti-a-violenze-domestiche-a-monaco\/#primaryimage","url":"https:\/\/www.monaco-tribune.com\/wp-content\/uploads\/2022\/07\/tribunal-monaco.jpeg","contentUrl":"https:\/\/www.monaco-tribune.com\/wp-content\/uploads\/2022\/07\/tribunal-monaco.jpeg","width":1020,"height":680,"caption":"Monaco Tribune"},{"@type":"BreadcrumbList","@id":"https:\/\/www.monaco-tribune.com\/it\/2022\/08\/cosa-fare-se-subisci-o-assisti-a-violenze-domestiche-a-monaco\/#breadcrumb","itemListElement":[{"@type":"ListItem","position":1,"name":"Accueil","item":"https:\/\/www.monaco-tribune.com\/it\/"},{"@type":"ListItem","position":2,"name":"Cosa fare se subisci o assisti a violenze domestiche a Monaco"}]},{"@type":"WebSite","@id":"https:\/\/www.monaco-tribune.com\/it\/#website","url":"https:\/\/www.monaco-tribune.com\/it\/","name":"Monaco Tribune","description":"Monaco : actualit\u00e9s \u00e9conomiques, politiques, culturelles et sportives de Monaco et de la French Riviera.","publisher":{"@id":"https:\/\/www.monaco-tribune.com\/it\/#organization"},"potentialAction":[{"@type":"SearchAction","target":{"@type":"EntryPoint","urlTemplate":"https:\/\/www.monaco-tribune.com\/it\/?s={search_term_string}"},"query-input":{"@type":"PropertyValueSpecification","valueRequired":true,"valueName":"search_term_string"}}],"inLanguage":"it-IT"},{"@type":"Organization","@id":"https:\/\/www.monaco-tribune.com\/it\/#organization","name":"Monaco Tribune","url":"https:\/\/www.monaco-tribune.com\/it\/","logo":{"@type":"ImageObject","inLanguage":"it-IT","@id":"https:\/\/www.monaco-tribune.com\/it\/#\/schema\/logo\/image\/","url":"https:\/\/www.monaco-tribune.com\/wp-content\/uploads\/2022\/11\/logo-monaco-tribune.png","contentUrl":"https:\/\/www.monaco-tribune.com\/wp-content\/uploads\/2022\/11\/logo-monaco-tribune.png","width":1548,"height":600,"caption":"Monaco Tribune"},"image":{"@id":"https:\/\/www.monaco-tribune.com\/it\/#\/schema\/logo\/image\/"},"sameAs":["https:\/\/www.facebook.com\/MonacoTribune","https:\/\/x.com\/MonacoTribune","https:\/\/www.instagram.com\/monacotribune\/","https:\/\/www.linkedin.com\/company\/monaco-tribune","https:\/\/www.youtube.com\/channel\/UCHle1MnG6hw1y4lWKijVbMA"]},{"@type":"Person","@id":"https:\/\/www.monaco-tribune.com\/it\/#\/schema\/person\/a855d420fff4d03637641d60b93ac62e","name":"Camille Esteve","image":{"@type":"ImageObject","inLanguage":"it-IT","@id":"https:\/\/secure.gravatar.com\/avatar\/eaaa2355a7bb56c0018a391c20a55bf9b4690e3f493231dd850e612bfa6ce161?s=96&d=mm&r=g","url":"https:\/\/secure.gravatar.com\/avatar\/eaaa2355a7bb56c0018a391c20a55bf9b4690e3f493231dd850e612bfa6ce161?s=96&d=mm&r=g","contentUrl":"https:\/\/secure.gravatar.com\/avatar\/eaaa2355a7bb56c0018a391c20a55bf9b4690e3f493231dd850e612bfa6ce161?s=96&d=mm&r=g","caption":"Camille Esteve"},"url":"https:\/\/www.monaco-tribune.com\/it\/author\/camilleesteve\/"}]}},"_links":{"self":[{"href":"https:\/\/www.monaco-tribune.com\/it\/wp-json\/wp\/v2\/posts\/134158","targetHints":{"allow":["GET"]}}],"collection":[{"href":"https:\/\/www.monaco-tribune.com\/it\/wp-json\/wp\/v2\/posts"}],"about":[{"href":"https:\/\/www.monaco-tribune.com\/it\/wp-json\/wp\/v2\/types\/post"}],"author":[{"embeddable":true,"href":"https:\/\/www.monaco-tribune.com\/it\/wp-json\/wp\/v2\/users\/60"}],"replies":[{"embeddable":true,"href":"https:\/\/www.monaco-tribune.com\/it\/wp-json\/wp\/v2\/comments?post=134158"}],"version-history":[{"count":0,"href":"https:\/\/www.monaco-tribune.com\/it\/wp-json\/wp\/v2\/posts\/134158\/revisions"}],"wp:featuredmedia":[{"embeddable":true,"href":"https:\/\/www.monaco-tribune.com\/it\/wp-json\/wp\/v2\/media\/130400"}],"wp:attachment":[{"href":"https:\/\/www.monaco-tribune.com\/it\/wp-json\/wp\/v2\/media?parent=134158"}],"wp:term":[{"taxonomy":"category","embeddable":true,"href":"https:\/\/www.monaco-tribune.com\/it\/wp-json\/wp\/v2\/categories?post=134158"},{"taxonomy":"post_tag","embeddable":true,"href":"https:\/\/www.monaco-tribune.com\/it\/wp-json\/wp\/v2\/tags?post=134158"},{"taxonomy":"sectag","embeddable":true,"href":"https:\/\/www.monaco-tribune.com\/it\/wp-json\/wp\/v2\/post_sectags?post=134158"},{"taxonomy":"format","embeddable":true,"href":"https:\/\/www.monaco-tribune.com\/it\/wp-json\/wp\/v2\/post_format?post=134158"}],"curies":[{"name":"wp","href":"https:\/\/api.w.org\/{rel}","templated":true}]}}