{"id":134606,"date":"2022-08-15T08:33:11","date_gmt":"2022-08-15T06:33:11","guid":{"rendered":"https:\/\/www.monaco-tribune.com\/2022\/08\/manfredi-lefebvre-dovidio-lotta-per-proteggere-la-sua-fortuna\/"},"modified":"2022-08-15T08:33:20","modified_gmt":"2022-08-15T06:33:20","slug":"manfredi-lefebvre-dovidio-lotta-per-proteggere-la-sua-fortuna","status":"publish","type":"post","link":"https:\/\/www.monaco-tribune.com\/it\/2022\/08\/manfredi-lefebvre-dovidio-lotta-per-proteggere-la-sua-fortuna\/","title":{"rendered":"Manfredi Lefebvre d&#8217;Ovidio lotta per proteggere la sua fortuna"},"content":{"rendered":"\n<p><strong>Dopo anni di battaglie legali, la faida tra fratelli potrebbe finalmente volgere al termine con il prossimo processo d&#8217;appello.<\/strong><\/p>\n\n<p>Secondo <a href=\"https:\/\/www.bloomberg.com\/news\/articles\/2022-07-13\/italian-cruise-billionaire-mired-in-family-feud-over-his-fortune\">Bloomberg<\/a>, il monegasco Manfredi Lefebvre d&#8217;Ovidio sarebbe coinvolto in una contesa patrimoniale. Infatti, suo fratello italiano Francesco avrebbe contestato, 20 anni fa, la propriet\u00e0 della holding familiare a cui apparteneva, tra l&#8217;altro, anche la compagnia di crociere di lusso Silversea Cruises, con sede a Monaco.<\/p>\n\n<h2 class=\"wp-block-heading\" id=\"h-manfredi-lefebvre-le-magnat-des-croisieres-de-luxe\">Manfredi Lefebvre, il magnate delle crociere di lusso<\/h2>\n\n<p>\u00c8 alla guida del gruppo Heritage che l&#8217;italo-monegasco ha accumulato una vera e propria fortuna. L\u2019imprenditore aveva rapidamente lasciato l&#8217;universit\u00e0 per lavorare con il padre, Antonio, nell&#8217;azienda familiare (Silversea Cruises), che \u00e8 oggi oggetto del contenzioso.<\/p>\n\n<p>Se sotto la guida del padre l&#8217;azienda funzionava gi\u00e0 bene, \u00e8 poi con l&#8217;arrivo di Manfredi che si \u00e8 sviluppata diventando un marchio di successo nel settore delle crociere di lusso. Oggi, con il gruppo Heritage, Manfredi continua a investire in numerose societ\u00e0, in particolare in aziende specializzate in vacanze di lusso, come l&#8217;agenzia di viaggi Abercrombie &amp; Kent che propone safari a pi\u00f9 di 20.000 $. Recentemente, ha iniziato anche a partecipare allo sviluppo delle energie rinnovabili con un ex banchiere di Barclays e l&#8217;amministratore delegato di Telecom Italia. <\/p>\n\n<h2 class=\"wp-block-heading\" id=\"h-une-affaire-de-longue-date\">Un&#8217;annosa questione<\/h2>\n\n<p>Francesco, fratello maggiore e professore di storia, sostiene di possedere il 52% della holding, secondo quanto riportato in documenti processuali. Nel 2001, infatti, i due fratelli avevano raggiunto un accordo che prevedeva che Francesco ricevesse una societ\u00e0 holding, oltre ad alcune propriet\u00e0 a Roma, e che Manfredi, in cambio, conservasse le sue attivit\u00e0 nel settore delle crociere.<\/p>\n\n<p>Tuttavia, nel 2008 Francesco dichiara che l&#8217;accordo non \u00e8 stato rispettato come previsto, accusa subito smentita da Manfredi che sostiene che tutto \u00e8 avvenuto secondo i patti. Il caso \u00e8 stato quindi riaperto in Italia: Francesco ha chiesto la met\u00e0 di Silversea Cruises o l&#8217;equivalente del 52% del prezzo delle azioni della societ\u00e0, ossia circa 800 milioni di euro.<\/p>\n\n<p>Il caso, inizialmente archiviato, \u00e8 stato ridiscusso quando la Corte di Cassazione italiana, nel 2018, ha riscontrato problemi con la decisione a favore di Manfredi. Gli avvocati di Francesco hanno rifiutato di commentare la vicenda, mentre i legali di Manfredi hanno dichiarato che &#8220;Manfredi ha rispettato pienamente i termini dell&#8217;accordo con il fratello. [&#8230;] La richiesta di risarcimento danni \u00e8 totalmente infondata&#8221;.<\/p>\n\n<p>Questa causa si aggiunge a quelle gi\u00e0 intentate senza successo da Francesco in Grecia e in Germania, sempre allo scopo di riappropriarsi dell&#8217;azienda familiare Silversea Cruises. Sempre nello stesso intento, il professore ha citato in giudizio anche Royal Caribbean a Miami, nel maggio scorso. A giugno, la societ\u00e0 americana, attuale proprietaria di Silversea, ha chiesto al giudice di archiviare il caso, sostenendo che la causa era &#8220;un tentativo di aggirare il sistema giuridico italiano&#8221;.<\/p>\n\n<p>L&#8217;esito della vicenda dovrebbe essere noto a dicembre prossimo, in occasione del prossimo processo a Bologna. <\/p>\n","protected":false},"excerpt":{"rendered":"<p>Dopo anni di battaglie legali, la faida tra fratelli potrebbe finalmente volgere al termine con il prossimo processo d&#8217;appello. Secondo [&hellip;]<\/p>\n","protected":false},"author":66,"featured_media":134398,"comment_status":"closed","ping_status":"closed","sticky":false,"template":"","format":"standard","meta":{"_acf_changed":false,"footnotes":""},"categories":[1739,1738],"tags":[3415],"post_sectags":[],"post_format":[2478],"class_list":["post-134606","post","type-post","status-publish","format-standard","has-post-thumbnail","hentry","category-business-it","category-notizie","tag-giustizia","format-notizia"],"acf":[],"yoast_head":"<!-- This site is optimized with the Yoast SEO Premium plugin v26.8 (Yoast SEO v27.4) - https:\/\/yoast.com\/product\/yoast-seo-premium-wordpress\/ -->\n<title>Manfredi Lefebvre d&#039;Ovidio lotta per proteggere la sua fortuna<\/title>\n<meta name=\"description\" content=\"Dopo anni di battaglie legali, la faida tra fratelli potrebbe finalmente volgere al termine con il prossimo processo d&#039;appello. Secondo Bloomberg, il\" \/>\n<meta name=\"robots\" content=\"index, follow, max-snippet:-1, max-image-preview:large, max-video-preview:-1\" \/>\n<link rel=\"canonical\" href=\"https:\/\/www.monaco-tribune.com\/it\/2022\/08\/manfredi-lefebvre-dovidio-lotta-per-proteggere-la-sua-fortuna\/\" \/>\n<meta property=\"og:locale\" content=\"it_IT\" \/>\n<meta property=\"og:type\" content=\"article\" \/>\n<meta property=\"og:title\" content=\"Manfredi Lefebvre d&#039;Ovidio lotta per proteggere la sua fortuna - Monaco Tribune\" \/>\n<meta property=\"og:description\" content=\"Dopo anni di battaglie legali, la faida tra fratelli potrebbe finalmente volgere al termine con il prossimo processo d&#039;appello. Secondo Bloomberg, il\" \/>\n<meta property=\"og:url\" content=\"https:\/\/www.monaco-tribune.com\/it\/2022\/08\/manfredi-lefebvre-dovidio-lotta-per-proteggere-la-sua-fortuna\/\" \/>\n<meta property=\"og:site_name\" content=\"Monaco Tribune\" \/>\n<meta property=\"article:publisher\" content=\"https:\/\/www.facebook.com\/MonacoTribune\" \/>\n<meta property=\"article:published_time\" content=\"2022-08-15T06:33:11+00:00\" \/>\n<meta property=\"article:modified_time\" content=\"2022-08-15T06:33:20+00:00\" \/>\n<meta property=\"og:image\" content=\"https:\/\/www.monaco-tribune.com\/wp-content\/uploads\/2022\/08\/manfredi-lefebvre-dovidio.jpeg\" \/>\n\t<meta property=\"og:image:width\" content=\"1200\" \/>\n\t<meta property=\"og:image:height\" content=\"685\" \/>\n\t<meta property=\"og:image:type\" content=\"image\/jpeg\" \/>\n<meta name=\"author\" content=\"Th\u00e9o Briand\" \/>\n<meta name=\"twitter:card\" content=\"summary_large_image\" \/>\n<meta name=\"twitter:creator\" content=\"@MonacoTribune\" \/>\n<meta name=\"twitter:site\" content=\"@MonacoTribune\" \/>\n<script type=\"application\/ld+json\" class=\"yoast-schema-graph\">{\"@context\":\"https:\\\/\\\/schema.org\",\"@graph\":[{\"@type\":\"NewsArticle\",\"@id\":\"https:\\\/\\\/www.monaco-tribune.com\\\/it\\\/2022\\\/08\\\/manfredi-lefebvre-dovidio-lotta-per-proteggere-la-sua-fortuna\\\/#article\",\"isPartOf\":{\"@id\":\"https:\\\/\\\/www.monaco-tribune.com\\\/it\\\/2022\\\/08\\\/manfredi-lefebvre-dovidio-lotta-per-proteggere-la-sua-fortuna\\\/\"},\"author\":{\"name\":\"Th\u00e9o Briand\",\"@id\":\"https:\\\/\\\/www.monaco-tribune.com\\\/it\\\/#\\\/schema\\\/person\\\/94fb5723547bd83dea1eed97e25145aa\"},\"headline\":\"Manfredi Lefebvre d&#8217;Ovidio lotta per proteggere la sua fortuna\",\"datePublished\":\"2022-08-15T06:33:11+00:00\",\"dateModified\":\"2022-08-15T06:33:20+00:00\",\"mainEntityOfPage\":{\"@id\":\"https:\\\/\\\/www.monaco-tribune.com\\\/it\\\/2022\\\/08\\\/manfredi-lefebvre-dovidio-lotta-per-proteggere-la-sua-fortuna\\\/\"},\"wordCount\":477,\"publisher\":{\"@id\":\"https:\\\/\\\/www.monaco-tribune.com\\\/it\\\/#organization\"},\"image\":{\"@id\":\"https:\\\/\\\/www.monaco-tribune.com\\\/it\\\/2022\\\/08\\\/manfredi-lefebvre-dovidio-lotta-per-proteggere-la-sua-fortuna\\\/#primaryimage\"},\"thumbnailUrl\":\"https:\\\/\\\/www.monaco-tribune.com\\\/wp-content\\\/uploads\\\/2022\\\/08\\\/manfredi-lefebvre-dovidio.jpeg\",\"keywords\":[\"Giustizia\"],\"articleSection\":[\"Business\",\"Notizie\"],\"inLanguage\":\"it-IT\",\"copyrightYear\":\"2022\",\"copyrightHolder\":{\"@id\":\"https:\\\/\\\/www.monaco-tribune.com\\\/#organization\"}},{\"@type\":\"WebPage\",\"@id\":\"https:\\\/\\\/www.monaco-tribune.com\\\/it\\\/2022\\\/08\\\/manfredi-lefebvre-dovidio-lotta-per-proteggere-la-sua-fortuna\\\/\",\"url\":\"https:\\\/\\\/www.monaco-tribune.com\\\/it\\\/2022\\\/08\\\/manfredi-lefebvre-dovidio-lotta-per-proteggere-la-sua-fortuna\\\/\",\"name\":\"Manfredi Lefebvre d'Ovidio lotta per proteggere la sua fortuna\",\"isPartOf\":{\"@id\":\"https:\\\/\\\/www.monaco-tribune.com\\\/it\\\/#website\"},\"primaryImageOfPage\":{\"@id\":\"https:\\\/\\\/www.monaco-tribune.com\\\/it\\\/2022\\\/08\\\/manfredi-lefebvre-dovidio-lotta-per-proteggere-la-sua-fortuna\\\/#primaryimage\"},\"image\":{\"@id\":\"https:\\\/\\\/www.monaco-tribune.com\\\/it\\\/2022\\\/08\\\/manfredi-lefebvre-dovidio-lotta-per-proteggere-la-sua-fortuna\\\/#primaryimage\"},\"thumbnailUrl\":\"https:\\\/\\\/www.monaco-tribune.com\\\/wp-content\\\/uploads\\\/2022\\\/08\\\/manfredi-lefebvre-dovidio.jpeg\",\"datePublished\":\"2022-08-15T06:33:11+00:00\",\"dateModified\":\"2022-08-15T06:33:20+00:00\",\"description\":\"Dopo anni di battaglie legali, la faida tra fratelli potrebbe finalmente volgere al termine con il prossimo processo d'appello. Secondo Bloomberg, il\",\"breadcrumb\":{\"@id\":\"https:\\\/\\\/www.monaco-tribune.com\\\/it\\\/2022\\\/08\\\/manfredi-lefebvre-dovidio-lotta-per-proteggere-la-sua-fortuna\\\/#breadcrumb\"},\"inLanguage\":\"it-IT\",\"potentialAction\":[{\"@type\":\"ReadAction\",\"target\":[\"https:\\\/\\\/www.monaco-tribune.com\\\/it\\\/2022\\\/08\\\/manfredi-lefebvre-dovidio-lotta-per-proteggere-la-sua-fortuna\\\/\"]}]},{\"@type\":\"ImageObject\",\"inLanguage\":\"it-IT\",\"@id\":\"https:\\\/\\\/www.monaco-tribune.com\\\/it\\\/2022\\\/08\\\/manfredi-lefebvre-dovidio-lotta-per-proteggere-la-sua-fortuna\\\/#primaryimage\",\"url\":\"https:\\\/\\\/www.monaco-tribune.com\\\/wp-content\\\/uploads\\\/2022\\\/08\\\/manfredi-lefebvre-dovidio.jpeg\",\"contentUrl\":\"https:\\\/\\\/www.monaco-tribune.com\\\/wp-content\\\/uploads\\\/2022\\\/08\\\/manfredi-lefebvre-dovidio.jpeg\",\"width\":1200,\"height\":685,\"caption\":\"Manfredi Lefebvre d'Ovidio \u00a9 Heritage Group Monaco\"},{\"@type\":\"BreadcrumbList\",\"@id\":\"https:\\\/\\\/www.monaco-tribune.com\\\/it\\\/2022\\\/08\\\/manfredi-lefebvre-dovidio-lotta-per-proteggere-la-sua-fortuna\\\/#breadcrumb\",\"itemListElement\":[{\"@type\":\"ListItem\",\"position\":1,\"name\":\"Accueil\",\"item\":\"https:\\\/\\\/www.monaco-tribune.com\\\/it\\\/\"},{\"@type\":\"ListItem\",\"position\":2,\"name\":\"Manfredi Lefebvre d&rsquo;Ovidio lotta per proteggere la sua fortuna\"}]},{\"@type\":\"WebSite\",\"@id\":\"https:\\\/\\\/www.monaco-tribune.com\\\/it\\\/#website\",\"url\":\"https:\\\/\\\/www.monaco-tribune.com\\\/it\\\/\",\"name\":\"Monaco Tribune\",\"description\":\"Monaco : actualit\u00e9s \u00e9conomiques, politiques, culturelles et sportives de Monaco et de la French Riviera.\",\"publisher\":{\"@id\":\"https:\\\/\\\/www.monaco-tribune.com\\\/it\\\/#organization\"},\"potentialAction\":[{\"@type\":\"SearchAction\",\"target\":{\"@type\":\"EntryPoint\",\"urlTemplate\":\"https:\\\/\\\/www.monaco-tribune.com\\\/it\\\/?s={search_term_string}\"},\"query-input\":{\"@type\":\"PropertyValueSpecification\",\"valueRequired\":true,\"valueName\":\"search_term_string\"}}],\"inLanguage\":\"it-IT\"},{\"@type\":\"Organization\",\"@id\":\"https:\\\/\\\/www.monaco-tribune.com\\\/it\\\/#organization\",\"name\":\"Monaco Tribune\",\"url\":\"https:\\\/\\\/www.monaco-tribune.com\\\/it\\\/\",\"logo\":{\"@type\":\"ImageObject\",\"inLanguage\":\"it-IT\",\"@id\":\"https:\\\/\\\/www.monaco-tribune.com\\\/it\\\/#\\\/schema\\\/logo\\\/image\\\/\",\"url\":\"https:\\\/\\\/www.monaco-tribune.com\\\/wp-content\\\/uploads\\\/2022\\\/11\\\/logo-monaco-tribune.png\",\"contentUrl\":\"https:\\\/\\\/www.monaco-tribune.com\\\/wp-content\\\/uploads\\\/2022\\\/11\\\/logo-monaco-tribune.png\",\"width\":1548,\"height\":600,\"caption\":\"Monaco Tribune\"},\"image\":{\"@id\":\"https:\\\/\\\/www.monaco-tribune.com\\\/it\\\/#\\\/schema\\\/logo\\\/image\\\/\"},\"sameAs\":[\"https:\\\/\\\/www.facebook.com\\\/MonacoTribune\",\"https:\\\/\\\/x.com\\\/MonacoTribune\",\"https:\\\/\\\/www.instagram.com\\\/monacotribune\\\/\",\"https:\\\/\\\/www.linkedin.com\\\/company\\\/monaco-tribune\",\"https:\\\/\\\/www.youtube.com\\\/channel\\\/UCHle1MnG6hw1y4lWKijVbMA\"]},{\"@type\":\"Person\",\"@id\":\"https:\\\/\\\/www.monaco-tribune.com\\\/it\\\/#\\\/schema\\\/person\\\/94fb5723547bd83dea1eed97e25145aa\",\"name\":\"Th\u00e9o Briand\",\"image\":{\"@type\":\"ImageObject\",\"inLanguage\":\"it-IT\",\"@id\":\"https:\\\/\\\/secure.gravatar.com\\\/avatar\\\/1c02cfd8b8054d8c376f9a942a1dc4dbacfd8ba5e6f8dbb5e16f4aa3d281972a?s=96&d=mm&r=g\",\"url\":\"https:\\\/\\\/secure.gravatar.com\\\/avatar\\\/1c02cfd8b8054d8c376f9a942a1dc4dbacfd8ba5e6f8dbb5e16f4aa3d281972a?s=96&d=mm&r=g\",\"contentUrl\":\"https:\\\/\\\/secure.gravatar.com\\\/avatar\\\/1c02cfd8b8054d8c376f9a942a1dc4dbacfd8ba5e6f8dbb5e16f4aa3d281972a?s=96&d=mm&r=g\",\"caption\":\"Th\u00e9o Briand\"},\"url\":\"https:\\\/\\\/www.monaco-tribune.com\\\/it\\\/author\\\/theobriand\\\/\"}]}<\/script>\n<!-- \/ Yoast SEO Premium plugin. -->","yoast_head_json":{"title":"Manfredi Lefebvre d'Ovidio lotta per proteggere la sua fortuna","description":"Dopo anni di battaglie legali, la faida tra fratelli potrebbe finalmente volgere al termine con il prossimo processo d'appello. Secondo Bloomberg, il","robots":{"index":"index","follow":"follow","max-snippet":"max-snippet:-1","max-image-preview":"max-image-preview:large","max-video-preview":"max-video-preview:-1"},"canonical":"https:\/\/www.monaco-tribune.com\/it\/2022\/08\/manfredi-lefebvre-dovidio-lotta-per-proteggere-la-sua-fortuna\/","og_locale":"it_IT","og_type":"article","og_title":"Manfredi Lefebvre d'Ovidio lotta per proteggere la sua fortuna - Monaco Tribune","og_description":"Dopo anni di battaglie legali, la faida tra fratelli potrebbe finalmente volgere al termine con il prossimo processo d'appello. Secondo Bloomberg, il","og_url":"https:\/\/www.monaco-tribune.com\/it\/2022\/08\/manfredi-lefebvre-dovidio-lotta-per-proteggere-la-sua-fortuna\/","og_site_name":"Monaco Tribune","article_publisher":"https:\/\/www.facebook.com\/MonacoTribune","article_published_time":"2022-08-15T06:33:11+00:00","article_modified_time":"2022-08-15T06:33:20+00:00","og_image":[{"width":1200,"height":685,"url":"https:\/\/www.monaco-tribune.com\/wp-content\/uploads\/2022\/08\/manfredi-lefebvre-dovidio.jpeg","type":"image\/jpeg"}],"author":"Th\u00e9o Briand","twitter_card":"summary_large_image","twitter_creator":"@MonacoTribune","twitter_site":"@MonacoTribune","schema":{"@context":"https:\/\/schema.org","@graph":[{"@type":"NewsArticle","@id":"https:\/\/www.monaco-tribune.com\/it\/2022\/08\/manfredi-lefebvre-dovidio-lotta-per-proteggere-la-sua-fortuna\/#article","isPartOf":{"@id":"https:\/\/www.monaco-tribune.com\/it\/2022\/08\/manfredi-lefebvre-dovidio-lotta-per-proteggere-la-sua-fortuna\/"},"author":{"name":"Th\u00e9o Briand","@id":"https:\/\/www.monaco-tribune.com\/it\/#\/schema\/person\/94fb5723547bd83dea1eed97e25145aa"},"headline":"Manfredi Lefebvre d&#8217;Ovidio lotta per proteggere la sua fortuna","datePublished":"2022-08-15T06:33:11+00:00","dateModified":"2022-08-15T06:33:20+00:00","mainEntityOfPage":{"@id":"https:\/\/www.monaco-tribune.com\/it\/2022\/08\/manfredi-lefebvre-dovidio-lotta-per-proteggere-la-sua-fortuna\/"},"wordCount":477,"publisher":{"@id":"https:\/\/www.monaco-tribune.com\/it\/#organization"},"image":{"@id":"https:\/\/www.monaco-tribune.com\/it\/2022\/08\/manfredi-lefebvre-dovidio-lotta-per-proteggere-la-sua-fortuna\/#primaryimage"},"thumbnailUrl":"https:\/\/www.monaco-tribune.com\/wp-content\/uploads\/2022\/08\/manfredi-lefebvre-dovidio.jpeg","keywords":["Giustizia"],"articleSection":["Business","Notizie"],"inLanguage":"it-IT","copyrightYear":"2022","copyrightHolder":{"@id":"https:\/\/www.monaco-tribune.com\/#organization"}},{"@type":"WebPage","@id":"https:\/\/www.monaco-tribune.com\/it\/2022\/08\/manfredi-lefebvre-dovidio-lotta-per-proteggere-la-sua-fortuna\/","url":"https:\/\/www.monaco-tribune.com\/it\/2022\/08\/manfredi-lefebvre-dovidio-lotta-per-proteggere-la-sua-fortuna\/","name":"Manfredi Lefebvre d'Ovidio lotta per proteggere la sua fortuna","isPartOf":{"@id":"https:\/\/www.monaco-tribune.com\/it\/#website"},"primaryImageOfPage":{"@id":"https:\/\/www.monaco-tribune.com\/it\/2022\/08\/manfredi-lefebvre-dovidio-lotta-per-proteggere-la-sua-fortuna\/#primaryimage"},"image":{"@id":"https:\/\/www.monaco-tribune.com\/it\/2022\/08\/manfredi-lefebvre-dovidio-lotta-per-proteggere-la-sua-fortuna\/#primaryimage"},"thumbnailUrl":"https:\/\/www.monaco-tribune.com\/wp-content\/uploads\/2022\/08\/manfredi-lefebvre-dovidio.jpeg","datePublished":"2022-08-15T06:33:11+00:00","dateModified":"2022-08-15T06:33:20+00:00","description":"Dopo anni di battaglie legali, la faida tra fratelli potrebbe finalmente volgere al termine con il prossimo processo d'appello. Secondo Bloomberg, il","breadcrumb":{"@id":"https:\/\/www.monaco-tribune.com\/it\/2022\/08\/manfredi-lefebvre-dovidio-lotta-per-proteggere-la-sua-fortuna\/#breadcrumb"},"inLanguage":"it-IT","potentialAction":[{"@type":"ReadAction","target":["https:\/\/www.monaco-tribune.com\/it\/2022\/08\/manfredi-lefebvre-dovidio-lotta-per-proteggere-la-sua-fortuna\/"]}]},{"@type":"ImageObject","inLanguage":"it-IT","@id":"https:\/\/www.monaco-tribune.com\/it\/2022\/08\/manfredi-lefebvre-dovidio-lotta-per-proteggere-la-sua-fortuna\/#primaryimage","url":"https:\/\/www.monaco-tribune.com\/wp-content\/uploads\/2022\/08\/manfredi-lefebvre-dovidio.jpeg","contentUrl":"https:\/\/www.monaco-tribune.com\/wp-content\/uploads\/2022\/08\/manfredi-lefebvre-dovidio.jpeg","width":1200,"height":685,"caption":"Manfredi Lefebvre d'Ovidio \u00a9 Heritage Group Monaco"},{"@type":"BreadcrumbList","@id":"https:\/\/www.monaco-tribune.com\/it\/2022\/08\/manfredi-lefebvre-dovidio-lotta-per-proteggere-la-sua-fortuna\/#breadcrumb","itemListElement":[{"@type":"ListItem","position":1,"name":"Accueil","item":"https:\/\/www.monaco-tribune.com\/it\/"},{"@type":"ListItem","position":2,"name":"Manfredi Lefebvre d&rsquo;Ovidio lotta per proteggere la sua fortuna"}]},{"@type":"WebSite","@id":"https:\/\/www.monaco-tribune.com\/it\/#website","url":"https:\/\/www.monaco-tribune.com\/it\/","name":"Monaco Tribune","description":"Monaco : actualit\u00e9s \u00e9conomiques, politiques, culturelles et sportives de Monaco et de la French Riviera.","publisher":{"@id":"https:\/\/www.monaco-tribune.com\/it\/#organization"},"potentialAction":[{"@type":"SearchAction","target":{"@type":"EntryPoint","urlTemplate":"https:\/\/www.monaco-tribune.com\/it\/?s={search_term_string}"},"query-input":{"@type":"PropertyValueSpecification","valueRequired":true,"valueName":"search_term_string"}}],"inLanguage":"it-IT"},{"@type":"Organization","@id":"https:\/\/www.monaco-tribune.com\/it\/#organization","name":"Monaco Tribune","url":"https:\/\/www.monaco-tribune.com\/it\/","logo":{"@type":"ImageObject","inLanguage":"it-IT","@id":"https:\/\/www.monaco-tribune.com\/it\/#\/schema\/logo\/image\/","url":"https:\/\/www.monaco-tribune.com\/wp-content\/uploads\/2022\/11\/logo-monaco-tribune.png","contentUrl":"https:\/\/www.monaco-tribune.com\/wp-content\/uploads\/2022\/11\/logo-monaco-tribune.png","width":1548,"height":600,"caption":"Monaco Tribune"},"image":{"@id":"https:\/\/www.monaco-tribune.com\/it\/#\/schema\/logo\/image\/"},"sameAs":["https:\/\/www.facebook.com\/MonacoTribune","https:\/\/x.com\/MonacoTribune","https:\/\/www.instagram.com\/monacotribune\/","https:\/\/www.linkedin.com\/company\/monaco-tribune","https:\/\/www.youtube.com\/channel\/UCHle1MnG6hw1y4lWKijVbMA"]},{"@type":"Person","@id":"https:\/\/www.monaco-tribune.com\/it\/#\/schema\/person\/94fb5723547bd83dea1eed97e25145aa","name":"Th\u00e9o Briand","image":{"@type":"ImageObject","inLanguage":"it-IT","@id":"https:\/\/secure.gravatar.com\/avatar\/1c02cfd8b8054d8c376f9a942a1dc4dbacfd8ba5e6f8dbb5e16f4aa3d281972a?s=96&d=mm&r=g","url":"https:\/\/secure.gravatar.com\/avatar\/1c02cfd8b8054d8c376f9a942a1dc4dbacfd8ba5e6f8dbb5e16f4aa3d281972a?s=96&d=mm&r=g","contentUrl":"https:\/\/secure.gravatar.com\/avatar\/1c02cfd8b8054d8c376f9a942a1dc4dbacfd8ba5e6f8dbb5e16f4aa3d281972a?s=96&d=mm&r=g","caption":"Th\u00e9o Briand"},"url":"https:\/\/www.monaco-tribune.com\/it\/author\/theobriand\/"}]}},"_links":{"self":[{"href":"https:\/\/www.monaco-tribune.com\/it\/wp-json\/wp\/v2\/posts\/134606","targetHints":{"allow":["GET"]}}],"collection":[{"href":"https:\/\/www.monaco-tribune.com\/it\/wp-json\/wp\/v2\/posts"}],"about":[{"href":"https:\/\/www.monaco-tribune.com\/it\/wp-json\/wp\/v2\/types\/post"}],"author":[{"embeddable":true,"href":"https:\/\/www.monaco-tribune.com\/it\/wp-json\/wp\/v2\/users\/66"}],"replies":[{"embeddable":true,"href":"https:\/\/www.monaco-tribune.com\/it\/wp-json\/wp\/v2\/comments?post=134606"}],"version-history":[{"count":0,"href":"https:\/\/www.monaco-tribune.com\/it\/wp-json\/wp\/v2\/posts\/134606\/revisions"}],"wp:featuredmedia":[{"embeddable":true,"href":"https:\/\/www.monaco-tribune.com\/it\/wp-json\/wp\/v2\/media\/134398"}],"wp:attachment":[{"href":"https:\/\/www.monaco-tribune.com\/it\/wp-json\/wp\/v2\/media?parent=134606"}],"wp:term":[{"taxonomy":"category","embeddable":true,"href":"https:\/\/www.monaco-tribune.com\/it\/wp-json\/wp\/v2\/categories?post=134606"},{"taxonomy":"post_tag","embeddable":true,"href":"https:\/\/www.monaco-tribune.com\/it\/wp-json\/wp\/v2\/tags?post=134606"},{"taxonomy":"sectag","embeddable":true,"href":"https:\/\/www.monaco-tribune.com\/it\/wp-json\/wp\/v2\/post_sectags?post=134606"},{"taxonomy":"format","embeddable":true,"href":"https:\/\/www.monaco-tribune.com\/it\/wp-json\/wp\/v2\/post_format?post=134606"}],"curies":[{"name":"wp","href":"https:\/\/api.w.org\/{rel}","templated":true}]}}