{"id":135551,"date":"2022-08-25T17:22:17","date_gmt":"2022-08-25T15:22:17","guid":{"rendered":"https:\/\/www.monaco-tribune.com\/2022\/08\/festival-delle-stelle-di-monte-carlo-un-programma-delizioso-per-il-2022\/"},"modified":"2022-08-25T17:36:50","modified_gmt":"2022-08-25T15:36:50","slug":"festival-delle-stelle-di-monte-carlo-un-programma-delizioso-per-il-2022","status":"publish","type":"post","link":"https:\/\/www.monaco-tribune.com\/it\/2022\/08\/festival-delle-stelle-di-monte-carlo-un-programma-delizioso-per-il-2022\/","title":{"rendered":"Festival delle stelle di Monte-Carlo: un programma delizioso per il 2022"},"content":{"rendered":"\n<p><strong>Dal 2 settembre al 26 novembre quattro chef di Monte-Carlo accoglieranno altri chef di fama internazionale per preparare insieme a loro cene e pranzi prelibati.<\/strong><\/p>\n\n\n\n<p>Alain Ducasse, Yannick Alleno, Marcel Ravin e Dominique Lory sono i quattro nomi, sinonimo di eccellenza e creativit\u00e0 culinarie, che quest&#8217;anno parteciperanno alla seconda edizione del Festival delle stelle di Monte-Carlo. Ciascuno di loro accoglier\u00e0 nella propria cucina un altro chef di fama internazionale per cucinare piatti gustosi e prelibati.<\/p>\n\n\n\n<p>Alain Ducasse accoglier\u00e0\u00a0la chef britannica con tre stelle Michelin Clare Smyth, Marcel Ravin ospiter\u00e0 lo chef australiano con due stelle Michelin Shaun Hergatt, Yannick Alleno cuciner\u00e0 insieme allo chef francese Bruno Verjus (due stelle Michelin), mentre Dominique Lory sar\u00e0 affiancato dallo chef italiano Davide Oldani (due stelle Michelin).<\/p>\n\n\n\n<p><strong>LEGGI ANCHE: <a href=\"https:\/\/www.monaco-tribune.com\/it\/2022\/04\/provato-per-voi-pavyllon-il-nuovo-ristorante-di-monaco-firmato-yannick-alleno\/\">Provato per voi: Pavyllon, il nuovo ristorante di Monaco firmato Yannick All\u00e9no<\/a><\/strong><\/p>\n\n\n\n<p>Il festival si concluder\u00e0, come l&#8217;anno scorso, con una cena a sette stelle Michelin durante un&#8217;importante serata di gala che si terr\u00e0 il 26 novembre nella Salle des Arts del One Monte-Carlo. Gli otto chef cucineranno insieme per questa serata d&#8217;eccezione offrendo agli invitati un&#8217;esperienza culinaria unica nel suo genere!<\/p>\n\n\n\n<p><em>Programma:<\/em><\/p>\n\n\n\n<ul class=\"wp-block-list\"><li><strong>2 settembre:<\/strong> pranzo e cena al Louis XV-Alain Ducasse presso l&#8217;H\u00f4tel de Paris, dove Alain Ducasse accoglier\u00e0 la chef Clare Smyth del ristorante Core by Clare Smyth*** di Londra.<\/li><li><strong>7 ottobre: <\/strong>cena al Blue Bay presso il Monte-Carlo Bay Hotel &amp; Resort, dove Marcel Ravin ospiter\u00e0 lo chef Shaun Hergatt dei ristoranti Sho**, Vestry* e Juni* di New York.<\/li><li><strong>15 ottobre<\/strong>: cena al Pavyllon di Monte-Carlo, dove Yannick All\u00e9no cuciner\u00e0 con lo chef Bruno Verjus del ristorante Table** di Parigi.<\/li><li><strong>21 ottobre<\/strong>: cena al Grill presso l&#8217;H\u00f4tel de Paris di Monte-Carlo \/ <strong>22 ottobre<\/strong>: pranzo e cena al Grill dell&#8217;H\u00f4tel de Paris di Monte-Carlo, dove Dominique Lory sar\u00e0 affiancato dallo chef Davide Oldani del ristorante D\u2019O** di Cornaredo (Italia).<\/li><li><strong>26 novembre<\/strong>: serata di gala del Festival delle stelle di Monte-Carlo presso la Salle des Arts del One Monte-Carlo.<\/li><\/ul>\n","protected":false},"excerpt":{"rendered":"<p>Dal 2 settembre al 26 novembre quattro chef di Monte-Carlo accoglieranno altri chef di fama internazionale per preparare insieme a [&hellip;]<\/p>\n","protected":false},"author":60,"featured_media":135515,"comment_status":"closed","ping_status":"closed","sticky":false,"template":"","format":"standard","meta":{"_acf_changed":false,"footnotes":""},"categories":[1740,1826,1738],"tags":[2872],"post_sectags":[],"post_format":[2478],"class_list":["post-135551","post","type-post","status-publish","format-standard","has-post-thumbnail","hentry","category-cosa-fare","category-la-nostra-scelta","category-notizie","tag-gastronomia","format-notizia"],"acf":[],"yoast_head":"<!-- This site is optimized with the Yoast SEO Premium plugin v26.8 (Yoast SEO v27.5) - https:\/\/yoast.com\/product\/yoast-seo-premium-wordpress\/ -->\n<title>Festival delle stelle di Monte-Carlo: un programma delizioso per il 2022<\/title>\n<meta name=\"description\" content=\"Dal 2 settembre al 26 novembre quattro chef di Monte-Carlo accoglieranno altri chef di fama internazionale per preparare insieme a loro cene e pranzi\" \/>\n<meta name=\"robots\" content=\"index, follow, max-snippet:-1, max-image-preview:large, max-video-preview:-1\" \/>\n<link rel=\"canonical\" href=\"https:\/\/www.monaco-tribune.com\/it\/2022\/08\/festival-delle-stelle-di-monte-carlo-un-programma-delizioso-per-il-2022\/\" \/>\n<meta property=\"og:locale\" content=\"it_IT\" \/>\n<meta property=\"og:type\" content=\"article\" \/>\n<meta property=\"og:title\" content=\"Festival delle stelle di Monte-Carlo: un programma delizioso per il 2022 - Monaco Tribune\" \/>\n<meta property=\"og:description\" content=\"Dal 2 settembre al 26 novembre quattro chef di Monte-Carlo accoglieranno altri chef di fama internazionale per preparare insieme a loro cene e pranzi\" \/>\n<meta property=\"og:url\" content=\"https:\/\/www.monaco-tribune.com\/it\/2022\/08\/festival-delle-stelle-di-monte-carlo-un-programma-delizioso-per-il-2022\/\" \/>\n<meta property=\"og:site_name\" content=\"Monaco Tribune\" \/>\n<meta property=\"article:publisher\" content=\"https:\/\/www.facebook.com\/MonacoTribune\" \/>\n<meta property=\"article:published_time\" content=\"2022-08-25T15:22:17+00:00\" \/>\n<meta property=\"article:modified_time\" content=\"2022-08-25T15:36:50+00:00\" \/>\n<meta property=\"og:image\" content=\"https:\/\/www.monaco-tribune.com\/wp-content\/uploads\/2022\/08\/festival-des-etoiles-monte-carlo.png\" \/>\n\t<meta property=\"og:image:width\" content=\"1020\" \/>\n\t<meta property=\"og:image:height\" content=\"746\" \/>\n\t<meta property=\"og:image:type\" content=\"image\/png\" \/>\n<meta name=\"author\" content=\"Camille Esteve\" \/>\n<meta name=\"twitter:card\" content=\"summary_large_image\" \/>\n<meta name=\"twitter:creator\" content=\"@MonacoTribune\" \/>\n<meta name=\"twitter:site\" content=\"@MonacoTribune\" \/>\n<script type=\"application\/ld+json\" class=\"yoast-schema-graph\">{\"@context\":\"https:\\\/\\\/schema.org\",\"@graph\":[{\"@type\":\"NewsArticle\",\"@id\":\"https:\\\/\\\/www.monaco-tribune.com\\\/it\\\/2022\\\/08\\\/festival-delle-stelle-di-monte-carlo-un-programma-delizioso-per-il-2022\\\/#article\",\"isPartOf\":{\"@id\":\"https:\\\/\\\/www.monaco-tribune.com\\\/it\\\/2022\\\/08\\\/festival-delle-stelle-di-monte-carlo-un-programma-delizioso-per-il-2022\\\/\"},\"author\":{\"name\":\"Camille Esteve\",\"@id\":\"https:\\\/\\\/www.monaco-tribune.com\\\/it\\\/#\\\/schema\\\/person\\\/a855d420fff4d03637641d60b93ac62e\"},\"headline\":\"Festival delle stelle di Monte-Carlo: un programma delizioso per il 2022\",\"datePublished\":\"2022-08-25T15:22:17+00:00\",\"dateModified\":\"2022-08-25T15:36:50+00:00\",\"mainEntityOfPage\":{\"@id\":\"https:\\\/\\\/www.monaco-tribune.com\\\/it\\\/2022\\\/08\\\/festival-delle-stelle-di-monte-carlo-un-programma-delizioso-per-il-2022\\\/\"},\"wordCount\":341,\"publisher\":{\"@id\":\"https:\\\/\\\/www.monaco-tribune.com\\\/it\\\/#organization\"},\"image\":{\"@id\":\"https:\\\/\\\/www.monaco-tribune.com\\\/it\\\/2022\\\/08\\\/festival-delle-stelle-di-monte-carlo-un-programma-delizioso-per-il-2022\\\/#primaryimage\"},\"thumbnailUrl\":\"https:\\\/\\\/www.monaco-tribune.com\\\/wp-content\\\/uploads\\\/2022\\\/08\\\/festival-des-etoiles-monte-carlo.png\",\"keywords\":[\"Gastronomia\"],\"articleSection\":[\"Cosa fare\",\"La nostra scelta\",\"Notizie\"],\"inLanguage\":\"it-IT\",\"copyrightYear\":\"2022\",\"copyrightHolder\":{\"@id\":\"https:\\\/\\\/www.monaco-tribune.com\\\/#organization\"}},{\"@type\":\"WebPage\",\"@id\":\"https:\\\/\\\/www.monaco-tribune.com\\\/it\\\/2022\\\/08\\\/festival-delle-stelle-di-monte-carlo-un-programma-delizioso-per-il-2022\\\/\",\"url\":\"https:\\\/\\\/www.monaco-tribune.com\\\/it\\\/2022\\\/08\\\/festival-delle-stelle-di-monte-carlo-un-programma-delizioso-per-il-2022\\\/\",\"name\":\"Festival delle stelle di Monte-Carlo: un programma delizioso per il 2022\",\"isPartOf\":{\"@id\":\"https:\\\/\\\/www.monaco-tribune.com\\\/it\\\/#website\"},\"primaryImageOfPage\":{\"@id\":\"https:\\\/\\\/www.monaco-tribune.com\\\/it\\\/2022\\\/08\\\/festival-delle-stelle-di-monte-carlo-un-programma-delizioso-per-il-2022\\\/#primaryimage\"},\"image\":{\"@id\":\"https:\\\/\\\/www.monaco-tribune.com\\\/it\\\/2022\\\/08\\\/festival-delle-stelle-di-monte-carlo-un-programma-delizioso-per-il-2022\\\/#primaryimage\"},\"thumbnailUrl\":\"https:\\\/\\\/www.monaco-tribune.com\\\/wp-content\\\/uploads\\\/2022\\\/08\\\/festival-des-etoiles-monte-carlo.png\",\"datePublished\":\"2022-08-25T15:22:17+00:00\",\"dateModified\":\"2022-08-25T15:36:50+00:00\",\"description\":\"Dal 2 settembre al 26 novembre quattro chef di Monte-Carlo accoglieranno altri chef di fama internazionale per preparare insieme a loro cene e pranzi\",\"breadcrumb\":{\"@id\":\"https:\\\/\\\/www.monaco-tribune.com\\\/it\\\/2022\\\/08\\\/festival-delle-stelle-di-monte-carlo-un-programma-delizioso-per-il-2022\\\/#breadcrumb\"},\"inLanguage\":\"it-IT\",\"potentialAction\":[{\"@type\":\"ReadAction\",\"target\":[\"https:\\\/\\\/www.monaco-tribune.com\\\/it\\\/2022\\\/08\\\/festival-delle-stelle-di-monte-carlo-un-programma-delizioso-per-il-2022\\\/\"]}]},{\"@type\":\"ImageObject\",\"inLanguage\":\"it-IT\",\"@id\":\"https:\\\/\\\/www.monaco-tribune.com\\\/it\\\/2022\\\/08\\\/festival-delle-stelle-di-monte-carlo-un-programma-delizioso-per-il-2022\\\/#primaryimage\",\"url\":\"https:\\\/\\\/www.monaco-tribune.com\\\/wp-content\\\/uploads\\\/2022\\\/08\\\/festival-des-etoiles-monte-carlo.png\",\"contentUrl\":\"https:\\\/\\\/www.monaco-tribune.com\\\/wp-content\\\/uploads\\\/2022\\\/08\\\/festival-des-etoiles-monte-carlo.png\",\"width\":1020,\"height\":746,\"caption\":\"Monte-Carlo SBM\"},{\"@type\":\"BreadcrumbList\",\"@id\":\"https:\\\/\\\/www.monaco-tribune.com\\\/it\\\/2022\\\/08\\\/festival-delle-stelle-di-monte-carlo-un-programma-delizioso-per-il-2022\\\/#breadcrumb\",\"itemListElement\":[{\"@type\":\"ListItem\",\"position\":1,\"name\":\"Accueil\",\"item\":\"https:\\\/\\\/www.monaco-tribune.com\\\/it\\\/\"},{\"@type\":\"ListItem\",\"position\":2,\"name\":\"Festival delle stelle di Monte-Carlo: un programma delizioso per il 2022\"}]},{\"@type\":\"WebSite\",\"@id\":\"https:\\\/\\\/www.monaco-tribune.com\\\/it\\\/#website\",\"url\":\"https:\\\/\\\/www.monaco-tribune.com\\\/it\\\/\",\"name\":\"Monaco Tribune\",\"description\":\"Monaco : actualit\u00e9s \u00e9conomiques, politiques, culturelles et sportives de Monaco et de la French Riviera.\",\"publisher\":{\"@id\":\"https:\\\/\\\/www.monaco-tribune.com\\\/it\\\/#organization\"},\"potentialAction\":[{\"@type\":\"SearchAction\",\"target\":{\"@type\":\"EntryPoint\",\"urlTemplate\":\"https:\\\/\\\/www.monaco-tribune.com\\\/it\\\/?s={search_term_string}\"},\"query-input\":{\"@type\":\"PropertyValueSpecification\",\"valueRequired\":true,\"valueName\":\"search_term_string\"}}],\"inLanguage\":\"it-IT\"},{\"@type\":\"Organization\",\"@id\":\"https:\\\/\\\/www.monaco-tribune.com\\\/it\\\/#organization\",\"name\":\"Monaco Tribune\",\"url\":\"https:\\\/\\\/www.monaco-tribune.com\\\/it\\\/\",\"logo\":{\"@type\":\"ImageObject\",\"inLanguage\":\"it-IT\",\"@id\":\"https:\\\/\\\/www.monaco-tribune.com\\\/it\\\/#\\\/schema\\\/logo\\\/image\\\/\",\"url\":\"https:\\\/\\\/www.monaco-tribune.com\\\/wp-content\\\/uploads\\\/2022\\\/11\\\/logo-monaco-tribune.png\",\"contentUrl\":\"https:\\\/\\\/www.monaco-tribune.com\\\/wp-content\\\/uploads\\\/2022\\\/11\\\/logo-monaco-tribune.png\",\"width\":1548,\"height\":600,\"caption\":\"Monaco Tribune\"},\"image\":{\"@id\":\"https:\\\/\\\/www.monaco-tribune.com\\\/it\\\/#\\\/schema\\\/logo\\\/image\\\/\"},\"sameAs\":[\"https:\\\/\\\/www.facebook.com\\\/MonacoTribune\",\"https:\\\/\\\/x.com\\\/MonacoTribune\",\"https:\\\/\\\/www.instagram.com\\\/monacotribune\\\/\",\"https:\\\/\\\/www.linkedin.com\\\/company\\\/monaco-tribune\",\"https:\\\/\\\/www.youtube.com\\\/channel\\\/UCHle1MnG6hw1y4lWKijVbMA\"]},{\"@type\":\"Person\",\"@id\":\"https:\\\/\\\/www.monaco-tribune.com\\\/it\\\/#\\\/schema\\\/person\\\/a855d420fff4d03637641d60b93ac62e\",\"name\":\"Camille Esteve\",\"image\":{\"@type\":\"ImageObject\",\"inLanguage\":\"it-IT\",\"@id\":\"https:\\\/\\\/secure.gravatar.com\\\/avatar\\\/eaaa2355a7bb56c0018a391c20a55bf9b4690e3f493231dd850e612bfa6ce161?s=96&d=mm&r=g\",\"url\":\"https:\\\/\\\/secure.gravatar.com\\\/avatar\\\/eaaa2355a7bb56c0018a391c20a55bf9b4690e3f493231dd850e612bfa6ce161?s=96&d=mm&r=g\",\"contentUrl\":\"https:\\\/\\\/secure.gravatar.com\\\/avatar\\\/eaaa2355a7bb56c0018a391c20a55bf9b4690e3f493231dd850e612bfa6ce161?s=96&d=mm&r=g\",\"caption\":\"Camille Esteve\"},\"url\":\"https:\\\/\\\/www.monaco-tribune.com\\\/it\\\/author\\\/camilleesteve\\\/\"}]}<\/script>\n<!-- \/ Yoast SEO Premium plugin. -->","yoast_head_json":{"title":"Festival delle stelle di Monte-Carlo: un programma delizioso per il 2022","description":"Dal 2 settembre al 26 novembre quattro chef di Monte-Carlo accoglieranno altri chef di fama internazionale per preparare insieme a loro cene e pranzi","robots":{"index":"index","follow":"follow","max-snippet":"max-snippet:-1","max-image-preview":"max-image-preview:large","max-video-preview":"max-video-preview:-1"},"canonical":"https:\/\/www.monaco-tribune.com\/it\/2022\/08\/festival-delle-stelle-di-monte-carlo-un-programma-delizioso-per-il-2022\/","og_locale":"it_IT","og_type":"article","og_title":"Festival delle stelle di Monte-Carlo: un programma delizioso per il 2022 - Monaco Tribune","og_description":"Dal 2 settembre al 26 novembre quattro chef di Monte-Carlo accoglieranno altri chef di fama internazionale per preparare insieme a loro cene e pranzi","og_url":"https:\/\/www.monaco-tribune.com\/it\/2022\/08\/festival-delle-stelle-di-monte-carlo-un-programma-delizioso-per-il-2022\/","og_site_name":"Monaco Tribune","article_publisher":"https:\/\/www.facebook.com\/MonacoTribune","article_published_time":"2022-08-25T15:22:17+00:00","article_modified_time":"2022-08-25T15:36:50+00:00","og_image":[{"width":1020,"height":746,"url":"https:\/\/www.monaco-tribune.com\/wp-content\/uploads\/2022\/08\/festival-des-etoiles-monte-carlo.png","type":"image\/png"}],"author":"Camille Esteve","twitter_card":"summary_large_image","twitter_creator":"@MonacoTribune","twitter_site":"@MonacoTribune","schema":{"@context":"https:\/\/schema.org","@graph":[{"@type":"NewsArticle","@id":"https:\/\/www.monaco-tribune.com\/it\/2022\/08\/festival-delle-stelle-di-monte-carlo-un-programma-delizioso-per-il-2022\/#article","isPartOf":{"@id":"https:\/\/www.monaco-tribune.com\/it\/2022\/08\/festival-delle-stelle-di-monte-carlo-un-programma-delizioso-per-il-2022\/"},"author":{"name":"Camille Esteve","@id":"https:\/\/www.monaco-tribune.com\/it\/#\/schema\/person\/a855d420fff4d03637641d60b93ac62e"},"headline":"Festival delle stelle di Monte-Carlo: un programma delizioso per il 2022","datePublished":"2022-08-25T15:22:17+00:00","dateModified":"2022-08-25T15:36:50+00:00","mainEntityOfPage":{"@id":"https:\/\/www.monaco-tribune.com\/it\/2022\/08\/festival-delle-stelle-di-monte-carlo-un-programma-delizioso-per-il-2022\/"},"wordCount":341,"publisher":{"@id":"https:\/\/www.monaco-tribune.com\/it\/#organization"},"image":{"@id":"https:\/\/www.monaco-tribune.com\/it\/2022\/08\/festival-delle-stelle-di-monte-carlo-un-programma-delizioso-per-il-2022\/#primaryimage"},"thumbnailUrl":"https:\/\/www.monaco-tribune.com\/wp-content\/uploads\/2022\/08\/festival-des-etoiles-monte-carlo.png","keywords":["Gastronomia"],"articleSection":["Cosa fare","La nostra scelta","Notizie"],"inLanguage":"it-IT","copyrightYear":"2022","copyrightHolder":{"@id":"https:\/\/www.monaco-tribune.com\/#organization"}},{"@type":"WebPage","@id":"https:\/\/www.monaco-tribune.com\/it\/2022\/08\/festival-delle-stelle-di-monte-carlo-un-programma-delizioso-per-il-2022\/","url":"https:\/\/www.monaco-tribune.com\/it\/2022\/08\/festival-delle-stelle-di-monte-carlo-un-programma-delizioso-per-il-2022\/","name":"Festival delle stelle di Monte-Carlo: un programma delizioso per il 2022","isPartOf":{"@id":"https:\/\/www.monaco-tribune.com\/it\/#website"},"primaryImageOfPage":{"@id":"https:\/\/www.monaco-tribune.com\/it\/2022\/08\/festival-delle-stelle-di-monte-carlo-un-programma-delizioso-per-il-2022\/#primaryimage"},"image":{"@id":"https:\/\/www.monaco-tribune.com\/it\/2022\/08\/festival-delle-stelle-di-monte-carlo-un-programma-delizioso-per-il-2022\/#primaryimage"},"thumbnailUrl":"https:\/\/www.monaco-tribune.com\/wp-content\/uploads\/2022\/08\/festival-des-etoiles-monte-carlo.png","datePublished":"2022-08-25T15:22:17+00:00","dateModified":"2022-08-25T15:36:50+00:00","description":"Dal 2 settembre al 26 novembre quattro chef di Monte-Carlo accoglieranno altri chef di fama internazionale per preparare insieme a loro cene e pranzi","breadcrumb":{"@id":"https:\/\/www.monaco-tribune.com\/it\/2022\/08\/festival-delle-stelle-di-monte-carlo-un-programma-delizioso-per-il-2022\/#breadcrumb"},"inLanguage":"it-IT","potentialAction":[{"@type":"ReadAction","target":["https:\/\/www.monaco-tribune.com\/it\/2022\/08\/festival-delle-stelle-di-monte-carlo-un-programma-delizioso-per-il-2022\/"]}]},{"@type":"ImageObject","inLanguage":"it-IT","@id":"https:\/\/www.monaco-tribune.com\/it\/2022\/08\/festival-delle-stelle-di-monte-carlo-un-programma-delizioso-per-il-2022\/#primaryimage","url":"https:\/\/www.monaco-tribune.com\/wp-content\/uploads\/2022\/08\/festival-des-etoiles-monte-carlo.png","contentUrl":"https:\/\/www.monaco-tribune.com\/wp-content\/uploads\/2022\/08\/festival-des-etoiles-monte-carlo.png","width":1020,"height":746,"caption":"Monte-Carlo SBM"},{"@type":"BreadcrumbList","@id":"https:\/\/www.monaco-tribune.com\/it\/2022\/08\/festival-delle-stelle-di-monte-carlo-un-programma-delizioso-per-il-2022\/#breadcrumb","itemListElement":[{"@type":"ListItem","position":1,"name":"Accueil","item":"https:\/\/www.monaco-tribune.com\/it\/"},{"@type":"ListItem","position":2,"name":"Festival delle stelle di Monte-Carlo: un programma delizioso per il 2022"}]},{"@type":"WebSite","@id":"https:\/\/www.monaco-tribune.com\/it\/#website","url":"https:\/\/www.monaco-tribune.com\/it\/","name":"Monaco Tribune","description":"Monaco : actualit\u00e9s \u00e9conomiques, politiques, culturelles et sportives de Monaco et de la French Riviera.","publisher":{"@id":"https:\/\/www.monaco-tribune.com\/it\/#organization"},"potentialAction":[{"@type":"SearchAction","target":{"@type":"EntryPoint","urlTemplate":"https:\/\/www.monaco-tribune.com\/it\/?s={search_term_string}"},"query-input":{"@type":"PropertyValueSpecification","valueRequired":true,"valueName":"search_term_string"}}],"inLanguage":"it-IT"},{"@type":"Organization","@id":"https:\/\/www.monaco-tribune.com\/it\/#organization","name":"Monaco Tribune","url":"https:\/\/www.monaco-tribune.com\/it\/","logo":{"@type":"ImageObject","inLanguage":"it-IT","@id":"https:\/\/www.monaco-tribune.com\/it\/#\/schema\/logo\/image\/","url":"https:\/\/www.monaco-tribune.com\/wp-content\/uploads\/2022\/11\/logo-monaco-tribune.png","contentUrl":"https:\/\/www.monaco-tribune.com\/wp-content\/uploads\/2022\/11\/logo-monaco-tribune.png","width":1548,"height":600,"caption":"Monaco Tribune"},"image":{"@id":"https:\/\/www.monaco-tribune.com\/it\/#\/schema\/logo\/image\/"},"sameAs":["https:\/\/www.facebook.com\/MonacoTribune","https:\/\/x.com\/MonacoTribune","https:\/\/www.instagram.com\/monacotribune\/","https:\/\/www.linkedin.com\/company\/monaco-tribune","https:\/\/www.youtube.com\/channel\/UCHle1MnG6hw1y4lWKijVbMA"]},{"@type":"Person","@id":"https:\/\/www.monaco-tribune.com\/it\/#\/schema\/person\/a855d420fff4d03637641d60b93ac62e","name":"Camille Esteve","image":{"@type":"ImageObject","inLanguage":"it-IT","@id":"https:\/\/secure.gravatar.com\/avatar\/eaaa2355a7bb56c0018a391c20a55bf9b4690e3f493231dd850e612bfa6ce161?s=96&d=mm&r=g","url":"https:\/\/secure.gravatar.com\/avatar\/eaaa2355a7bb56c0018a391c20a55bf9b4690e3f493231dd850e612bfa6ce161?s=96&d=mm&r=g","contentUrl":"https:\/\/secure.gravatar.com\/avatar\/eaaa2355a7bb56c0018a391c20a55bf9b4690e3f493231dd850e612bfa6ce161?s=96&d=mm&r=g","caption":"Camille Esteve"},"url":"https:\/\/www.monaco-tribune.com\/it\/author\/camilleesteve\/"}]}},"_links":{"self":[{"href":"https:\/\/www.monaco-tribune.com\/it\/wp-json\/wp\/v2\/posts\/135551","targetHints":{"allow":["GET"]}}],"collection":[{"href":"https:\/\/www.monaco-tribune.com\/it\/wp-json\/wp\/v2\/posts"}],"about":[{"href":"https:\/\/www.monaco-tribune.com\/it\/wp-json\/wp\/v2\/types\/post"}],"author":[{"embeddable":true,"href":"https:\/\/www.monaco-tribune.com\/it\/wp-json\/wp\/v2\/users\/60"}],"replies":[{"embeddable":true,"href":"https:\/\/www.monaco-tribune.com\/it\/wp-json\/wp\/v2\/comments?post=135551"}],"version-history":[{"count":0,"href":"https:\/\/www.monaco-tribune.com\/it\/wp-json\/wp\/v2\/posts\/135551\/revisions"}],"wp:featuredmedia":[{"embeddable":true,"href":"https:\/\/www.monaco-tribune.com\/it\/wp-json\/wp\/v2\/media\/135515"}],"wp:attachment":[{"href":"https:\/\/www.monaco-tribune.com\/it\/wp-json\/wp\/v2\/media?parent=135551"}],"wp:term":[{"taxonomy":"category","embeddable":true,"href":"https:\/\/www.monaco-tribune.com\/it\/wp-json\/wp\/v2\/categories?post=135551"},{"taxonomy":"post_tag","embeddable":true,"href":"https:\/\/www.monaco-tribune.com\/it\/wp-json\/wp\/v2\/tags?post=135551"},{"taxonomy":"sectag","embeddable":true,"href":"https:\/\/www.monaco-tribune.com\/it\/wp-json\/wp\/v2\/post_sectags?post=135551"},{"taxonomy":"format","embeddable":true,"href":"https:\/\/www.monaco-tribune.com\/it\/wp-json\/wp\/v2\/post_format?post=135551"}],"curies":[{"name":"wp","href":"https:\/\/api.w.org\/{rel}","templated":true}]}}