{"id":135560,"date":"2022-08-25T19:06:21","date_gmt":"2022-08-25T17:06:21","guid":{"rendered":"https:\/\/www.monaco-tribune.com\/2022\/08\/la-4x4-di-jim-ratcliffe-sulle-colline-della-scozia-e-sulle-montagne-del-kosovo\/"},"modified":"2022-08-25T19:21:17","modified_gmt":"2022-08-25T17:21:17","slug":"la-4x4-di-jim-ratcliffe-sulle-colline-della-scozia-e-sulle-montagne-del-kosovo","status":"publish","type":"post","link":"https:\/\/www.monaco-tribune.com\/it\/2022\/08\/la-4x4-di-jim-ratcliffe-sulle-colline-della-scozia-e-sulle-montagne-del-kosovo\/","title":{"rendered":"La 4&#215;4 di Jim Ratcliffe sulle colline della Scozia e sulle montagne del Kosovo"},"content":{"rendered":"\n<p><strong>Quest&#8217;auto resistente nasce come utilitaria con prezzi a partire da 60.950 euro.<\/strong><\/p>\n\n\n\n<p>La multinazionale INEOS \u00e8 in continua crescita. Prima dell&#8217;espansione in Cina, il proprietario e residente monegasco, Jim Ratcliffe, aveva deciso di fondare una casa automobilistica. Non voleva produrre una tipologia di auto qualunque ma 4&#215;4 super-resistenti in grado di muoversi su qualsiasi tipo di terreno. Stiamo parlando dell&#8217;INEOS Grenadier.<\/p>\n\n\n\n<h2 class=\"wp-block-heading\" id=\"h-una-4x4-che-vuole-sostituire-la-land-rover\">Una 4&#215;4 che vuole sostituire la Land Rover<\/h2>\n\n\n\n<p>La prima concorrente dell&#8217;INEOS Grenadier nonch\u00e9 la sua rivale \u00e8 la Land Rover, anch&#8217;essa britannica. I due marchi automobilistici si contendono infatti il settore delle 4&#215;4 resistenti per tutti i tipi di terreno.<\/p>\n\n\n\n<p>James Cowan, maggior generale inglese in pensione avrebbe dichiarato, non si sa se per una trovata pubblicitaria o se per reale interesse: &#8220;Per decenni le Land Rover sono state utili a noi cos\u00ec come all&#8217;esercito britannico, ma la nostra flotta deve essere sostituita&#8221;.<\/p>\n\n\n\n<p><strong>LEGGI ANCHE: <a href=\"https:\/\/www.monaco-tribune.com\/it\/2022\/03\/jim-ratcliffe-proprietario-dellogc-nice-non-intende-riacquistare-il-chelsea\/\">Jim Ratcliffe, proprietario dell\u2019OGC Nice, non intende riacquistare il Chelsea<\/a><\/strong><\/p>\n\n\n\n<p>Per testare la resistenza della Grenadier, la casa automobilistica ha provato le ultimissime versioni dell&#8217;auto sui terreni ripidi e irregolari del Kosovo. Rimanendo invece pi\u00f9 vicino al luogo di produzione, la 4&#215;4 \u00e8 stata testata sulle difficili strade e colline della Scozia, sulle quali la Grenadier se l&#8217;\u00e8 cavata pi\u00f9 che bene.<\/p>\n\n\n\n<p>I veicoli vengono prodotti nell&#8217;ex fabbrica Smart di Hambach in Francia. La 4&#215;4 sta per essere immessa sul mercato e le prime vetture verranno presto consegnate. La Grenadier sar\u00e0 venduta a partire da 60.950 euro.<\/p>\n\n\n\n<p><em>Maggiori informazioni: <\/em><a href=\"https:\/\/ineosgrenadier.com\/it\/it\/\"><em>Ineos Grenadier<\/em><\/a><\/p>\n","protected":false},"excerpt":{"rendered":"<p>Quest&#8217;auto resistente nasce come utilitaria con prezzi a partire da 60.950 euro. La multinazionale INEOS \u00e8 in continua crescita. Prima [&hellip;]<\/p>\n","protected":false},"author":66,"featured_media":135325,"comment_status":"closed","ping_status":"closed","sticky":false,"template":"","format":"standard","meta":{"_acf_changed":false,"footnotes":""},"categories":[1740,1738],"tags":[3238],"post_sectags":[],"post_format":[2478],"class_list":["post-135560","post","type-post","status-publish","format-standard","has-post-thumbnail","hentry","category-cosa-fare","category-notizie","tag-jim-ratcliffe-it","format-notizia"],"acf":[],"yoast_head":"<!-- This site is optimized with the Yoast SEO Premium plugin v26.8 (Yoast SEO v27.4) - https:\/\/yoast.com\/product\/yoast-seo-premium-wordpress\/ -->\n<title>La 4x4 di Jim Ratcliffe sulle colline della Scozia e sulle montagne del Kosovo<\/title>\n<meta name=\"description\" content=\"Quest&#039;auto resistente nasce come utilitaria con prezzi a partire da 60.950 euro. La multinazionale INEOS \u00e8 in continua crescita. Prima dell&#039;espansione in\" \/>\n<meta name=\"robots\" content=\"index, follow, max-snippet:-1, max-image-preview:large, max-video-preview:-1\" \/>\n<link rel=\"canonical\" href=\"https:\/\/www.monaco-tribune.com\/it\/2022\/08\/la-4x4-di-jim-ratcliffe-sulle-colline-della-scozia-e-sulle-montagne-del-kosovo\/\" \/>\n<meta property=\"og:locale\" content=\"it_IT\" \/>\n<meta property=\"og:type\" content=\"article\" \/>\n<meta property=\"og:title\" content=\"La 4x4 di Jim Ratcliffe sulle colline della Scozia e sulle montagne del Kosovo - Monaco Tribune\" \/>\n<meta property=\"og:description\" content=\"Quest&#039;auto resistente nasce come utilitaria con prezzi a partire da 60.950 euro. La multinazionale INEOS \u00e8 in continua crescita. Prima dell&#039;espansione in\" \/>\n<meta property=\"og:url\" content=\"https:\/\/www.monaco-tribune.com\/it\/2022\/08\/la-4x4-di-jim-ratcliffe-sulle-colline-della-scozia-e-sulle-montagne-del-kosovo\/\" \/>\n<meta property=\"og:site_name\" content=\"Monaco Tribune\" \/>\n<meta property=\"article:publisher\" content=\"https:\/\/www.facebook.com\/MonacoTribune\" \/>\n<meta property=\"article:published_time\" content=\"2022-08-25T17:06:21+00:00\" \/>\n<meta property=\"article:modified_time\" content=\"2022-08-25T17:21:17+00:00\" \/>\n<meta property=\"og:image\" content=\"https:\/\/www.monaco-tribune.com\/wp-content\/uploads\/2022\/08\/ineos_grenadier-copy.jpg\" \/>\n\t<meta property=\"og:image:width\" content=\"1200\" \/>\n\t<meta property=\"og:image:height\" content=\"696\" \/>\n\t<meta property=\"og:image:type\" content=\"image\/jpeg\" \/>\n<meta name=\"author\" content=\"Th\u00e9o Briand\" \/>\n<meta name=\"twitter:card\" content=\"summary_large_image\" \/>\n<meta name=\"twitter:creator\" content=\"@MonacoTribune\" \/>\n<meta name=\"twitter:site\" content=\"@MonacoTribune\" \/>\n<script type=\"application\/ld+json\" class=\"yoast-schema-graph\">{\"@context\":\"https:\\\/\\\/schema.org\",\"@graph\":[{\"@type\":\"NewsArticle\",\"@id\":\"https:\\\/\\\/www.monaco-tribune.com\\\/it\\\/2022\\\/08\\\/la-4x4-di-jim-ratcliffe-sulle-colline-della-scozia-e-sulle-montagne-del-kosovo\\\/#article\",\"isPartOf\":{\"@id\":\"https:\\\/\\\/www.monaco-tribune.com\\\/it\\\/2022\\\/08\\\/la-4x4-di-jim-ratcliffe-sulle-colline-della-scozia-e-sulle-montagne-del-kosovo\\\/\"},\"author\":{\"name\":\"Th\u00e9o Briand\",\"@id\":\"https:\\\/\\\/www.monaco-tribune.com\\\/it\\\/#\\\/schema\\\/person\\\/94fb5723547bd83dea1eed97e25145aa\"},\"headline\":\"La 4&#215;4 di Jim Ratcliffe sulle colline della Scozia e sulle montagne del Kosovo\",\"datePublished\":\"2022-08-25T17:06:21+00:00\",\"dateModified\":\"2022-08-25T17:21:17+00:00\",\"mainEntityOfPage\":{\"@id\":\"https:\\\/\\\/www.monaco-tribune.com\\\/it\\\/2022\\\/08\\\/la-4x4-di-jim-ratcliffe-sulle-colline-della-scozia-e-sulle-montagne-del-kosovo\\\/\"},\"wordCount\":266,\"publisher\":{\"@id\":\"https:\\\/\\\/www.monaco-tribune.com\\\/it\\\/#organization\"},\"image\":{\"@id\":\"https:\\\/\\\/www.monaco-tribune.com\\\/it\\\/2022\\\/08\\\/la-4x4-di-jim-ratcliffe-sulle-colline-della-scozia-e-sulle-montagne-del-kosovo\\\/#primaryimage\"},\"thumbnailUrl\":\"https:\\\/\\\/www.monaco-tribune.com\\\/wp-content\\\/uploads\\\/2022\\\/08\\\/ineos_grenadier-copy.jpg\",\"keywords\":[\"Jim Ratcliffe\"],\"articleSection\":[\"Cosa fare\",\"Notizie\"],\"inLanguage\":\"it-IT\",\"copyrightYear\":\"2022\",\"copyrightHolder\":{\"@id\":\"https:\\\/\\\/www.monaco-tribune.com\\\/#organization\"}},{\"@type\":\"WebPage\",\"@id\":\"https:\\\/\\\/www.monaco-tribune.com\\\/it\\\/2022\\\/08\\\/la-4x4-di-jim-ratcliffe-sulle-colline-della-scozia-e-sulle-montagne-del-kosovo\\\/\",\"url\":\"https:\\\/\\\/www.monaco-tribune.com\\\/it\\\/2022\\\/08\\\/la-4x4-di-jim-ratcliffe-sulle-colline-della-scozia-e-sulle-montagne-del-kosovo\\\/\",\"name\":\"La 4x4 di Jim Ratcliffe sulle colline della Scozia e sulle montagne del Kosovo\",\"isPartOf\":{\"@id\":\"https:\\\/\\\/www.monaco-tribune.com\\\/it\\\/#website\"},\"primaryImageOfPage\":{\"@id\":\"https:\\\/\\\/www.monaco-tribune.com\\\/it\\\/2022\\\/08\\\/la-4x4-di-jim-ratcliffe-sulle-colline-della-scozia-e-sulle-montagne-del-kosovo\\\/#primaryimage\"},\"image\":{\"@id\":\"https:\\\/\\\/www.monaco-tribune.com\\\/it\\\/2022\\\/08\\\/la-4x4-di-jim-ratcliffe-sulle-colline-della-scozia-e-sulle-montagne-del-kosovo\\\/#primaryimage\"},\"thumbnailUrl\":\"https:\\\/\\\/www.monaco-tribune.com\\\/wp-content\\\/uploads\\\/2022\\\/08\\\/ineos_grenadier-copy.jpg\",\"datePublished\":\"2022-08-25T17:06:21+00:00\",\"dateModified\":\"2022-08-25T17:21:17+00:00\",\"description\":\"Quest'auto resistente nasce come utilitaria con prezzi a partire da 60.950 euro. La multinazionale INEOS \u00e8 in continua crescita. Prima dell'espansione in\",\"breadcrumb\":{\"@id\":\"https:\\\/\\\/www.monaco-tribune.com\\\/it\\\/2022\\\/08\\\/la-4x4-di-jim-ratcliffe-sulle-colline-della-scozia-e-sulle-montagne-del-kosovo\\\/#breadcrumb\"},\"inLanguage\":\"it-IT\",\"potentialAction\":[{\"@type\":\"ReadAction\",\"target\":[\"https:\\\/\\\/www.monaco-tribune.com\\\/it\\\/2022\\\/08\\\/la-4x4-di-jim-ratcliffe-sulle-colline-della-scozia-e-sulle-montagne-del-kosovo\\\/\"]}]},{\"@type\":\"ImageObject\",\"inLanguage\":\"it-IT\",\"@id\":\"https:\\\/\\\/www.monaco-tribune.com\\\/it\\\/2022\\\/08\\\/la-4x4-di-jim-ratcliffe-sulle-colline-della-scozia-e-sulle-montagne-del-kosovo\\\/#primaryimage\",\"url\":\"https:\\\/\\\/www.monaco-tribune.com\\\/wp-content\\\/uploads\\\/2022\\\/08\\\/ineos_grenadier-copy.jpg\",\"contentUrl\":\"https:\\\/\\\/www.monaco-tribune.com\\\/wp-content\\\/uploads\\\/2022\\\/08\\\/ineos_grenadier-copy.jpg\",\"width\":1200,\"height\":696,\"caption\":\"Wheels\"},{\"@type\":\"BreadcrumbList\",\"@id\":\"https:\\\/\\\/www.monaco-tribune.com\\\/it\\\/2022\\\/08\\\/la-4x4-di-jim-ratcliffe-sulle-colline-della-scozia-e-sulle-montagne-del-kosovo\\\/#breadcrumb\",\"itemListElement\":[{\"@type\":\"ListItem\",\"position\":1,\"name\":\"Accueil\",\"item\":\"https:\\\/\\\/www.monaco-tribune.com\\\/it\\\/\"},{\"@type\":\"ListItem\",\"position\":2,\"name\":\"La 4&#215;4 di Jim Ratcliffe sulle colline della Scozia e sulle montagne del Kosovo\"}]},{\"@type\":\"WebSite\",\"@id\":\"https:\\\/\\\/www.monaco-tribune.com\\\/it\\\/#website\",\"url\":\"https:\\\/\\\/www.monaco-tribune.com\\\/it\\\/\",\"name\":\"Monaco Tribune\",\"description\":\"Monaco : actualit\u00e9s \u00e9conomiques, politiques, culturelles et sportives de Monaco et de la French Riviera.\",\"publisher\":{\"@id\":\"https:\\\/\\\/www.monaco-tribune.com\\\/it\\\/#organization\"},\"potentialAction\":[{\"@type\":\"SearchAction\",\"target\":{\"@type\":\"EntryPoint\",\"urlTemplate\":\"https:\\\/\\\/www.monaco-tribune.com\\\/it\\\/?s={search_term_string}\"},\"query-input\":{\"@type\":\"PropertyValueSpecification\",\"valueRequired\":true,\"valueName\":\"search_term_string\"}}],\"inLanguage\":\"it-IT\"},{\"@type\":\"Organization\",\"@id\":\"https:\\\/\\\/www.monaco-tribune.com\\\/it\\\/#organization\",\"name\":\"Monaco Tribune\",\"url\":\"https:\\\/\\\/www.monaco-tribune.com\\\/it\\\/\",\"logo\":{\"@type\":\"ImageObject\",\"inLanguage\":\"it-IT\",\"@id\":\"https:\\\/\\\/www.monaco-tribune.com\\\/it\\\/#\\\/schema\\\/logo\\\/image\\\/\",\"url\":\"https:\\\/\\\/www.monaco-tribune.com\\\/wp-content\\\/uploads\\\/2022\\\/11\\\/logo-monaco-tribune.png\",\"contentUrl\":\"https:\\\/\\\/www.monaco-tribune.com\\\/wp-content\\\/uploads\\\/2022\\\/11\\\/logo-monaco-tribune.png\",\"width\":1548,\"height\":600,\"caption\":\"Monaco Tribune\"},\"image\":{\"@id\":\"https:\\\/\\\/www.monaco-tribune.com\\\/it\\\/#\\\/schema\\\/logo\\\/image\\\/\"},\"sameAs\":[\"https:\\\/\\\/www.facebook.com\\\/MonacoTribune\",\"https:\\\/\\\/x.com\\\/MonacoTribune\",\"https:\\\/\\\/www.instagram.com\\\/monacotribune\\\/\",\"https:\\\/\\\/www.linkedin.com\\\/company\\\/monaco-tribune\",\"https:\\\/\\\/www.youtube.com\\\/channel\\\/UCHle1MnG6hw1y4lWKijVbMA\"]},{\"@type\":\"Person\",\"@id\":\"https:\\\/\\\/www.monaco-tribune.com\\\/it\\\/#\\\/schema\\\/person\\\/94fb5723547bd83dea1eed97e25145aa\",\"name\":\"Th\u00e9o Briand\",\"image\":{\"@type\":\"ImageObject\",\"inLanguage\":\"it-IT\",\"@id\":\"https:\\\/\\\/secure.gravatar.com\\\/avatar\\\/1c02cfd8b8054d8c376f9a942a1dc4dbacfd8ba5e6f8dbb5e16f4aa3d281972a?s=96&d=mm&r=g\",\"url\":\"https:\\\/\\\/secure.gravatar.com\\\/avatar\\\/1c02cfd8b8054d8c376f9a942a1dc4dbacfd8ba5e6f8dbb5e16f4aa3d281972a?s=96&d=mm&r=g\",\"contentUrl\":\"https:\\\/\\\/secure.gravatar.com\\\/avatar\\\/1c02cfd8b8054d8c376f9a942a1dc4dbacfd8ba5e6f8dbb5e16f4aa3d281972a?s=96&d=mm&r=g\",\"caption\":\"Th\u00e9o Briand\"},\"url\":\"https:\\\/\\\/www.monaco-tribune.com\\\/it\\\/author\\\/theobriand\\\/\"}]}<\/script>\n<!-- \/ Yoast SEO Premium plugin. -->","yoast_head_json":{"title":"La 4x4 di Jim Ratcliffe sulle colline della Scozia e sulle montagne del Kosovo","description":"Quest'auto resistente nasce come utilitaria con prezzi a partire da 60.950 euro. La multinazionale INEOS \u00e8 in continua crescita. Prima dell'espansione in","robots":{"index":"index","follow":"follow","max-snippet":"max-snippet:-1","max-image-preview":"max-image-preview:large","max-video-preview":"max-video-preview:-1"},"canonical":"https:\/\/www.monaco-tribune.com\/it\/2022\/08\/la-4x4-di-jim-ratcliffe-sulle-colline-della-scozia-e-sulle-montagne-del-kosovo\/","og_locale":"it_IT","og_type":"article","og_title":"La 4x4 di Jim Ratcliffe sulle colline della Scozia e sulle montagne del Kosovo - Monaco Tribune","og_description":"Quest'auto resistente nasce come utilitaria con prezzi a partire da 60.950 euro. La multinazionale INEOS \u00e8 in continua crescita. Prima dell'espansione in","og_url":"https:\/\/www.monaco-tribune.com\/it\/2022\/08\/la-4x4-di-jim-ratcliffe-sulle-colline-della-scozia-e-sulle-montagne-del-kosovo\/","og_site_name":"Monaco Tribune","article_publisher":"https:\/\/www.facebook.com\/MonacoTribune","article_published_time":"2022-08-25T17:06:21+00:00","article_modified_time":"2022-08-25T17:21:17+00:00","og_image":[{"width":1200,"height":696,"url":"https:\/\/www.monaco-tribune.com\/wp-content\/uploads\/2022\/08\/ineos_grenadier-copy.jpg","type":"image\/jpeg"}],"author":"Th\u00e9o Briand","twitter_card":"summary_large_image","twitter_creator":"@MonacoTribune","twitter_site":"@MonacoTribune","schema":{"@context":"https:\/\/schema.org","@graph":[{"@type":"NewsArticle","@id":"https:\/\/www.monaco-tribune.com\/it\/2022\/08\/la-4x4-di-jim-ratcliffe-sulle-colline-della-scozia-e-sulle-montagne-del-kosovo\/#article","isPartOf":{"@id":"https:\/\/www.monaco-tribune.com\/it\/2022\/08\/la-4x4-di-jim-ratcliffe-sulle-colline-della-scozia-e-sulle-montagne-del-kosovo\/"},"author":{"name":"Th\u00e9o Briand","@id":"https:\/\/www.monaco-tribune.com\/it\/#\/schema\/person\/94fb5723547bd83dea1eed97e25145aa"},"headline":"La 4&#215;4 di Jim Ratcliffe sulle colline della Scozia e sulle montagne del Kosovo","datePublished":"2022-08-25T17:06:21+00:00","dateModified":"2022-08-25T17:21:17+00:00","mainEntityOfPage":{"@id":"https:\/\/www.monaco-tribune.com\/it\/2022\/08\/la-4x4-di-jim-ratcliffe-sulle-colline-della-scozia-e-sulle-montagne-del-kosovo\/"},"wordCount":266,"publisher":{"@id":"https:\/\/www.monaco-tribune.com\/it\/#organization"},"image":{"@id":"https:\/\/www.monaco-tribune.com\/it\/2022\/08\/la-4x4-di-jim-ratcliffe-sulle-colline-della-scozia-e-sulle-montagne-del-kosovo\/#primaryimage"},"thumbnailUrl":"https:\/\/www.monaco-tribune.com\/wp-content\/uploads\/2022\/08\/ineos_grenadier-copy.jpg","keywords":["Jim Ratcliffe"],"articleSection":["Cosa fare","Notizie"],"inLanguage":"it-IT","copyrightYear":"2022","copyrightHolder":{"@id":"https:\/\/www.monaco-tribune.com\/#organization"}},{"@type":"WebPage","@id":"https:\/\/www.monaco-tribune.com\/it\/2022\/08\/la-4x4-di-jim-ratcliffe-sulle-colline-della-scozia-e-sulle-montagne-del-kosovo\/","url":"https:\/\/www.monaco-tribune.com\/it\/2022\/08\/la-4x4-di-jim-ratcliffe-sulle-colline-della-scozia-e-sulle-montagne-del-kosovo\/","name":"La 4x4 di Jim Ratcliffe sulle colline della Scozia e sulle montagne del Kosovo","isPartOf":{"@id":"https:\/\/www.monaco-tribune.com\/it\/#website"},"primaryImageOfPage":{"@id":"https:\/\/www.monaco-tribune.com\/it\/2022\/08\/la-4x4-di-jim-ratcliffe-sulle-colline-della-scozia-e-sulle-montagne-del-kosovo\/#primaryimage"},"image":{"@id":"https:\/\/www.monaco-tribune.com\/it\/2022\/08\/la-4x4-di-jim-ratcliffe-sulle-colline-della-scozia-e-sulle-montagne-del-kosovo\/#primaryimage"},"thumbnailUrl":"https:\/\/www.monaco-tribune.com\/wp-content\/uploads\/2022\/08\/ineos_grenadier-copy.jpg","datePublished":"2022-08-25T17:06:21+00:00","dateModified":"2022-08-25T17:21:17+00:00","description":"Quest'auto resistente nasce come utilitaria con prezzi a partire da 60.950 euro. La multinazionale INEOS \u00e8 in continua crescita. Prima dell'espansione in","breadcrumb":{"@id":"https:\/\/www.monaco-tribune.com\/it\/2022\/08\/la-4x4-di-jim-ratcliffe-sulle-colline-della-scozia-e-sulle-montagne-del-kosovo\/#breadcrumb"},"inLanguage":"it-IT","potentialAction":[{"@type":"ReadAction","target":["https:\/\/www.monaco-tribune.com\/it\/2022\/08\/la-4x4-di-jim-ratcliffe-sulle-colline-della-scozia-e-sulle-montagne-del-kosovo\/"]}]},{"@type":"ImageObject","inLanguage":"it-IT","@id":"https:\/\/www.monaco-tribune.com\/it\/2022\/08\/la-4x4-di-jim-ratcliffe-sulle-colline-della-scozia-e-sulle-montagne-del-kosovo\/#primaryimage","url":"https:\/\/www.monaco-tribune.com\/wp-content\/uploads\/2022\/08\/ineos_grenadier-copy.jpg","contentUrl":"https:\/\/www.monaco-tribune.com\/wp-content\/uploads\/2022\/08\/ineos_grenadier-copy.jpg","width":1200,"height":696,"caption":"Wheels"},{"@type":"BreadcrumbList","@id":"https:\/\/www.monaco-tribune.com\/it\/2022\/08\/la-4x4-di-jim-ratcliffe-sulle-colline-della-scozia-e-sulle-montagne-del-kosovo\/#breadcrumb","itemListElement":[{"@type":"ListItem","position":1,"name":"Accueil","item":"https:\/\/www.monaco-tribune.com\/it\/"},{"@type":"ListItem","position":2,"name":"La 4&#215;4 di Jim Ratcliffe sulle colline della Scozia e sulle montagne del Kosovo"}]},{"@type":"WebSite","@id":"https:\/\/www.monaco-tribune.com\/it\/#website","url":"https:\/\/www.monaco-tribune.com\/it\/","name":"Monaco Tribune","description":"Monaco : actualit\u00e9s \u00e9conomiques, politiques, culturelles et sportives de Monaco et de la French Riviera.","publisher":{"@id":"https:\/\/www.monaco-tribune.com\/it\/#organization"},"potentialAction":[{"@type":"SearchAction","target":{"@type":"EntryPoint","urlTemplate":"https:\/\/www.monaco-tribune.com\/it\/?s={search_term_string}"},"query-input":{"@type":"PropertyValueSpecification","valueRequired":true,"valueName":"search_term_string"}}],"inLanguage":"it-IT"},{"@type":"Organization","@id":"https:\/\/www.monaco-tribune.com\/it\/#organization","name":"Monaco Tribune","url":"https:\/\/www.monaco-tribune.com\/it\/","logo":{"@type":"ImageObject","inLanguage":"it-IT","@id":"https:\/\/www.monaco-tribune.com\/it\/#\/schema\/logo\/image\/","url":"https:\/\/www.monaco-tribune.com\/wp-content\/uploads\/2022\/11\/logo-monaco-tribune.png","contentUrl":"https:\/\/www.monaco-tribune.com\/wp-content\/uploads\/2022\/11\/logo-monaco-tribune.png","width":1548,"height":600,"caption":"Monaco Tribune"},"image":{"@id":"https:\/\/www.monaco-tribune.com\/it\/#\/schema\/logo\/image\/"},"sameAs":["https:\/\/www.facebook.com\/MonacoTribune","https:\/\/x.com\/MonacoTribune","https:\/\/www.instagram.com\/monacotribune\/","https:\/\/www.linkedin.com\/company\/monaco-tribune","https:\/\/www.youtube.com\/channel\/UCHle1MnG6hw1y4lWKijVbMA"]},{"@type":"Person","@id":"https:\/\/www.monaco-tribune.com\/it\/#\/schema\/person\/94fb5723547bd83dea1eed97e25145aa","name":"Th\u00e9o Briand","image":{"@type":"ImageObject","inLanguage":"it-IT","@id":"https:\/\/secure.gravatar.com\/avatar\/1c02cfd8b8054d8c376f9a942a1dc4dbacfd8ba5e6f8dbb5e16f4aa3d281972a?s=96&d=mm&r=g","url":"https:\/\/secure.gravatar.com\/avatar\/1c02cfd8b8054d8c376f9a942a1dc4dbacfd8ba5e6f8dbb5e16f4aa3d281972a?s=96&d=mm&r=g","contentUrl":"https:\/\/secure.gravatar.com\/avatar\/1c02cfd8b8054d8c376f9a942a1dc4dbacfd8ba5e6f8dbb5e16f4aa3d281972a?s=96&d=mm&r=g","caption":"Th\u00e9o Briand"},"url":"https:\/\/www.monaco-tribune.com\/it\/author\/theobriand\/"}]}},"_links":{"self":[{"href":"https:\/\/www.monaco-tribune.com\/it\/wp-json\/wp\/v2\/posts\/135560","targetHints":{"allow":["GET"]}}],"collection":[{"href":"https:\/\/www.monaco-tribune.com\/it\/wp-json\/wp\/v2\/posts"}],"about":[{"href":"https:\/\/www.monaco-tribune.com\/it\/wp-json\/wp\/v2\/types\/post"}],"author":[{"embeddable":true,"href":"https:\/\/www.monaco-tribune.com\/it\/wp-json\/wp\/v2\/users\/66"}],"replies":[{"embeddable":true,"href":"https:\/\/www.monaco-tribune.com\/it\/wp-json\/wp\/v2\/comments?post=135560"}],"version-history":[{"count":0,"href":"https:\/\/www.monaco-tribune.com\/it\/wp-json\/wp\/v2\/posts\/135560\/revisions"}],"wp:featuredmedia":[{"embeddable":true,"href":"https:\/\/www.monaco-tribune.com\/it\/wp-json\/wp\/v2\/media\/135325"}],"wp:attachment":[{"href":"https:\/\/www.monaco-tribune.com\/it\/wp-json\/wp\/v2\/media?parent=135560"}],"wp:term":[{"taxonomy":"category","embeddable":true,"href":"https:\/\/www.monaco-tribune.com\/it\/wp-json\/wp\/v2\/categories?post=135560"},{"taxonomy":"post_tag","embeddable":true,"href":"https:\/\/www.monaco-tribune.com\/it\/wp-json\/wp\/v2\/tags?post=135560"},{"taxonomy":"sectag","embeddable":true,"href":"https:\/\/www.monaco-tribune.com\/it\/wp-json\/wp\/v2\/post_sectags?post=135560"},{"taxonomy":"format","embeddable":true,"href":"https:\/\/www.monaco-tribune.com\/it\/wp-json\/wp\/v2\/post_format?post=135560"}],"curies":[{"name":"wp","href":"https:\/\/api.w.org\/{rel}","templated":true}]}}