{"id":136367,"date":"2022-09-02T16:21:42","date_gmt":"2022-09-02T14:21:42","guid":{"rendered":"https:\/\/www.monaco-tribune.com\/2022\/09\/il-roca-team-apre-la-stagione-nuovi-ingaggi-ritiro-pre-stagione-e-piu-posti-in-arena\/"},"modified":"2022-09-02T17:03:52","modified_gmt":"2022-09-02T15:03:52","slug":"il-roca-team-apre-la-stagione-nuovi-ingaggi-ritiro-pre-stagione-e-piu-posti-in-arena","status":"publish","type":"post","link":"https:\/\/www.monaco-tribune.com\/it\/2022\/09\/il-roca-team-apre-la-stagione-nuovi-ingaggi-ritiro-pre-stagione-e-piu-posti-in-arena\/","title":{"rendered":"Il Roca Team apre la stagione: nuovi ingaggi, ritiro pre-stagione e pi\u00f9 posti in arena"},"content":{"rendered":"\n<p><strong>L&#8217;AS Monaco Basket, <strong>ora in ritiro pre-stagione a Bormio<\/strong><\/strong>,<strong> ha grandi ambizioni per la stagione 2022-2023. Prima di partire per l&#8217;Italia, Oleksiy Yefimov, Sasa Obradovic, Yakuba Ouattara, Jordan Loyd e Adrien Moerman hanno partecipato a una conferenza stampa, con Patrice Cellario, durante la quale hanno presentato il programma della squadra e svelato l&#8217;identit\u00e0 dei due capitani.<\/strong><\/p>\n\n\n\n<h2 class=\"wp-block-heading\" id=\"h-le-ambizioni-per-la-nuova-stagione\">Le ambizioni per la nuova stagione<\/h2>\n\n\n\n<p>Dopo una prima stagione promettente in Eurolega che \u00e8 gi\u00e0 passata alla storia con la prima qualificazione per i play-off, l&#8217;AS Monaco Basket parteciper\u00e0 al campionato per la seconda stagione di fila e anche quest&#8217;anno vuole arrivare ai primi posti. &#8220;La squadra di quest&#8217;anno rappresenta per tutti una grande opportunit\u00e0, se non l&#8217;occasione della vita&#8221;, ha dichiarato Sasa Obradovic durante la conferenza stampa che precede l&#8217;inizio della stagione.<\/p>\n\n\n\n<p>&#8220;L&#8217;importante \u00e8 almeno giocare bene come l&#8217;anno scorso. Poi sta a noi riuscire ad avanzare in Eurolega e soprattutto a fare la storia del nostro club cercando di diventare campioni di Francia. Abbiamo dalla nostra grandi giocatori che sanno bene che significa vincere&#8221;.<\/p>\n\n\n\n<p><strong>LEGGI ANCHE: <a href=\"https:\/\/www.monaco-tribune.com\/it\/2022\/07\/il-roca-team-si-prepara-a-far-parte-dei-big-del-basket\/\">Il Roca Team \u00e8 pronto a far parte dei grandi del basket?<\/a><\/strong><\/p>\n\n\n\n<p>Questi obiettivi sono possibili da raggiungere grazie a una crescita della squadra avvenuta in pi\u00f9 stagioni, sotto la guida del direttore esecutivo Oleksiy Yefimov. &#8220;Il nostro obiettivo si estende su pi\u00f9 anni. Abbiamo voluto puntare sulla continuit\u00e0. Sono contento di vedere l&#8217;impegno dei nostri giocatori che ce la metteranno tutta questa stagione. Vogliamo entrare a far parte delle squadre migliori&#8221;.<\/p>\n\n\n\n<p>Yakuba Ouattara, in squadra da ormai sette stagioni con qualche parentesi all&#8217;NBA (Brooklyn Nets) e in Spagna (Real Betis), ha visto con i suoi occhi l&#8217;evoluzione del club.<\/p>\n\n\n\n<p>&#8220;Dalla mia prima stagione a Monaco, il club ha avuto un&#8217;evoluzione straordinaria. Riuscire ad arrivare ad alti livelli in cos\u00ec pochi anni \u00e8 meraviglioso. Pochissimi club sono riusciti a raggiungere un traguardo del genere. I nuovi ingaggi di quest&#8217;estate mostrano ancora una volta quali sono le ambizioni dell&#8217;ASM. I dirigenti hanno sempre voluto che la squadra partecipasse ai migliori campionati e arrivasse ai massimi livelli&#8221;.<\/p>\n\n\n\n<p>&#8220;Yak&#8221;, promosso vice-capitano della squadra per la stagione 2022-2023 (vedi sotto), vuole puntare in alto con i suoi compagni di squadra. Dopo il primo titolo europeo ottenuto due anni fa e la prima volta all&#8217;Eurolega l&#8217;anno scorso, ci aspetta un&#8217;altra stagione ricca di sorprese?<\/p>\n\n\n\n<h2 class=\"wp-block-heading\" id=\"h-le-amichevoli-in-programma\">Le amichevoli in programma<\/h2>\n\n\n\n<p>Dopo il ritiro a Bormio, gli uomini di Sasa Obradovic si recheranno a Sassari per partecipare a un torneo amichevole e giocare contro gli sloveni del Cedevita Olimpija, gli israeliani dell\u2019Hapo\u00ebl Tel Aviv e la squadra locale di Sassari.<\/p>\n\n\n\n<p>Il Roca Team andr\u00e0 poi in Germania per un&#8217;amichevole contro il Bayern Monaco, l&#8217;Ulm Ratiopharm e infine il Brose Bamberg. <\/p>\n\n\n\n<p>I monegaschi partiranno successivamente per la Turchia per giocare contro l\u2019Efes Istanbul, due volte vincitore dell&#8217;Eurolega, il Pinar Karsiyaka, la Stella Rossa di Belgrado e l&#8217;Istanbul \u00dcniversitesi SK.<\/p>\n\n\n\n<h2 class=\"wp-block-heading\" id=\"h-i-nuovi-capitani\">I nuovi capitani<\/h2>\n\n\n\n<p>Per la nuova stagione Sasa Obradovic ha scelto come capitano il nuovo ingaggio Adrien Moerman, che sar\u00e0 affiancato da Yakuba Ouattara, nominato vice-capitano all&#8217;inizio della sua ottava stagione con il Roca Team.<\/p>\n\n\n<div class=\"wp-block-image\">\n<figure class=\"aligncenter size-full\"><img loading=\"lazy\" decoding=\"async\" width=\"1024\" height=\"590\" src=\"https:\/\/www.monaco-tribune.com\/wp-content\/uploads\/2022\/08\/ouattara-moerman-obradovic.jpeg\" alt=\"\" class=\"wp-image-135789\" srcset=\"https:\/\/www.monaco-tribune.com\/wp-content\/uploads\/2022\/08\/ouattara-moerman-obradovic.jpeg 1024w, https:\/\/www.monaco-tribune.com\/wp-content\/uploads\/2022\/08\/ouattara-moerman-obradovic-521x300.jpeg 521w\" sizes=\"auto, (max-width: 1024px) 100vw, 1024px\" \/><figcaption>\u00a9AS Monaco<\/figcaption><\/figure>\n<\/div>\n\n\n<p>&#8220;Siamo orgogliosi di essere stati scelti. \u00c8 un onore per noi. Il coach ha fiducia in noi e speriamo di non deluderlo&#8221;, ha commentato Adrien Moerman. &#8220;Ci completeremo e sosterremo a vicenda per ottenere il massimo dalla squadra&#8221;, ha poi aggiungo &#8220;Yak&#8221;.<\/p>\n\n\n\n<h2 class=\"wp-block-heading\" id=\"h-la-campagna-di-abbonamenti-2022-2023\">La campagna di abbonamenti 2022-2023<\/h2>\n\n\n\n<p>L&#8217;AS Monaco Basket ha ufficialmente avviato la campagna di abbonamenti della stagione. Da luned\u00ec 29 agosto \u00e8 infatti possibile rinnovare gli abbonamenti (600 euro in categoria 1+ per gli adulti e 525 euro per i minorenni, 525 euro in categoria 1 per gli adulti e 410 euro per i minorenni e infine 415 euro in categoria 2 per gli adulti e 225 euro per i minorenni).<\/p>\n\n\n\n<p>Per i nuovi abbonamenti invece bisogner\u00e0 aspettare fino a luned\u00ec 5 settembre (675 euro\u00a0in categoria 1+ per gli adulti e 600\u00a0euro per i minorenni, 600\u00a0euro in categoria 1 per gli adulti e 460\u00a0euro per i minorenni e infine 475 euro in categoria 2 per gli adulti e 290 euro per i minorenni). <\/p>\n\n\n\n<p>Gli abbonamenti sono acquistabili presso la biglietteria dell&#8217;ASM alla Salle Gaston-M\u00e9decin (9 Avenue des Castelans). Sar\u00e0 possibile abbonarsi fino alla prima partita in casa di Eurolega del 13 ottobre.<\/p>\n\n\n\n<h2 class=\"wp-block-heading\" id=\"h-il-rinnovamento-della-salle-gaston-medecin\">Il rinnovamento della Salle Gaston-M\u00e9decin<\/h2>\n\n\n\n<p>A fine settembre la Salle Gaston-M\u00e9decin avr\u00e0 finalmente 5000 posti a sedere adeguandosi cos\u00ec agli standard dell&#8217;Eurolega. Si tratta di una vera e propria conquista, resa possibile dal Governo, come sottolineato da Oleksiy Yefimov durante la conferenza stampa.<\/p>\n\n\n\n<p>&#8220;La capienza della Salle Gaston-M\u00e9decin rispetter\u00e0 i requisiti del regolamento dell&#8217;Eurolega e la nuova arena offrir\u00e0 ai tifosi un&#8217;esperienza migliore nei giorni delle partite. Credo che le persone non vedano l&#8217;ora di assistere ai match del Roca Team 2022-2023. Ci tengo a ringraziare il Governo per l&#8217;impegno dimostrato nel rinnovamento dell&#8217;arena&#8221;.<\/p>\n\n\n\n<p>Dopo l&#8217;enorme affluenza della scorsa stagione, il pubblico dovrebbe essere numeroso anche quest&#8217;anno: la nuova campagna di Eurolega sembra essere promettente. La campagna di abbonamenti (vedi sopra) \u00e8 stata appena lanciata.<\/p>\n","protected":false},"excerpt":{"rendered":"<p>L&#8217;AS Monaco Basket, ora in ritiro pre-stagione a Bormio, ha grandi ambizioni per la stagione 2022-2023. Prima di partire per [&hellip;]<\/p>\n","protected":false},"author":24,"featured_media":135801,"comment_status":"closed","ping_status":"closed","sticky":false,"template":"","format":"standard","meta":{"_acf_changed":false,"footnotes":""},"categories":[1738,1743],"tags":[3001],"post_sectags":[],"post_format":[2486],"class_list":["post-136367","post","type-post","status-publish","format-standard","has-post-thumbnail","hentry","category-notizie","category-sport-it","tag-roca-team-it","format-servizio"],"acf":[],"yoast_head":"<!-- This site is optimized with the Yoast SEO Premium plugin v27.5 (Yoast SEO v27.5) - https:\/\/yoast.com\/product\/yoast-seo-premium-wordpress\/ -->\n<title>Il Roca Team apre la stagione: nuovi ingaggi, ritiro pre-stagione e pi\u00f9 posti in arena<\/title>\n<meta name=\"description\" content=\"L&#039;AS Monaco Basket, ora in ritiro pre-stagione a Bormio, ha grandi ambizioni per la stagione 2022-2023. Prima di partire per l&#039;Italia, Oleksiy Yefimov,\" \/>\n<meta name=\"robots\" content=\"index, follow, max-snippet:-1, max-image-preview:large, max-video-preview:-1\" \/>\n<link rel=\"canonical\" href=\"https:\/\/www.monaco-tribune.com\/it\/2022\/09\/il-roca-team-apre-la-stagione-nuovi-ingaggi-ritiro-pre-stagione-e-piu-posti-in-arena\/\" \/>\n<meta property=\"og:locale\" content=\"it_IT\" \/>\n<meta property=\"og:type\" content=\"article\" \/>\n<meta property=\"og:title\" content=\"Il Roca Team apre la stagione: nuovi ingaggi, ritiro pre-stagione e pi\u00f9 posti in arena - Monaco Tribune\" \/>\n<meta property=\"og:description\" content=\"L&#039;AS Monaco Basket, ora in ritiro pre-stagione a Bormio, ha grandi ambizioni per la stagione 2022-2023. Prima di partire per l&#039;Italia, Oleksiy Yefimov,\" \/>\n<meta property=\"og:url\" content=\"https:\/\/www.monaco-tribune.com\/it\/2022\/09\/il-roca-team-apre-la-stagione-nuovi-ingaggi-ritiro-pre-stagione-e-piu-posti-in-arena\/\" \/>\n<meta property=\"og:site_name\" content=\"Monaco Tribune\" \/>\n<meta property=\"article:publisher\" content=\"https:\/\/www.facebook.com\/MonacoTribune\" \/>\n<meta property=\"article:published_time\" content=\"2022-09-02T14:21:42+00:00\" \/>\n<meta property=\"article:modified_time\" content=\"2022-09-02T15:03:52+00:00\" \/>\n<meta property=\"og:image\" content=\"https:\/\/www.monaco-tribune.com\/wp-content\/uploads\/2022\/08\/james-moerman.jpeg\" \/>\n\t<meta property=\"og:image:width\" content=\"2048\" \/>\n\t<meta property=\"og:image:height\" content=\"1213\" \/>\n\t<meta property=\"og:image:type\" content=\"image\/jpeg\" \/>\n<meta name=\"author\" content=\"Romain Boisaubert\" \/>\n<meta name=\"twitter:card\" content=\"summary_large_image\" \/>\n<meta name=\"twitter:creator\" content=\"@MonacoTribune\" \/>\n<meta name=\"twitter:site\" content=\"@MonacoTribune\" \/>\n<script type=\"application\/ld+json\" class=\"yoast-schema-graph\">{\"@context\":\"https:\\\/\\\/schema.org\",\"@graph\":[{\"@type\":\"NewsArticle\",\"@id\":\"https:\\\/\\\/www.monaco-tribune.com\\\/it\\\/2022\\\/09\\\/il-roca-team-apre-la-stagione-nuovi-ingaggi-ritiro-pre-stagione-e-piu-posti-in-arena\\\/#article\",\"isPartOf\":{\"@id\":\"https:\\\/\\\/www.monaco-tribune.com\\\/it\\\/2022\\\/09\\\/il-roca-team-apre-la-stagione-nuovi-ingaggi-ritiro-pre-stagione-e-piu-posti-in-arena\\\/\"},\"author\":{\"name\":\"Romain Boisaubert\",\"@id\":\"https:\\\/\\\/www.monaco-tribune.com\\\/it\\\/#\\\/schema\\\/person\\\/330a3732947cf8cb41b2533a0eadd62e\"},\"headline\":\"Il Roca Team apre la stagione: nuovi ingaggi, ritiro pre-stagione e pi\u00f9 posti in arena\",\"datePublished\":\"2022-09-02T14:21:42+00:00\",\"dateModified\":\"2022-09-02T15:03:52+00:00\",\"mainEntityOfPage\":{\"@id\":\"https:\\\/\\\/www.monaco-tribune.com\\\/it\\\/2022\\\/09\\\/il-roca-team-apre-la-stagione-nuovi-ingaggi-ritiro-pre-stagione-e-piu-posti-in-arena\\\/\"},\"wordCount\":861,\"publisher\":{\"@id\":\"https:\\\/\\\/www.monaco-tribune.com\\\/it\\\/#organization\"},\"image\":{\"@id\":\"https:\\\/\\\/www.monaco-tribune.com\\\/it\\\/2022\\\/09\\\/il-roca-team-apre-la-stagione-nuovi-ingaggi-ritiro-pre-stagione-e-piu-posti-in-arena\\\/#primaryimage\"},\"thumbnailUrl\":\"https:\\\/\\\/www.monaco-tribune.com\\\/wp-content\\\/uploads\\\/2022\\\/08\\\/james-moerman.jpeg\",\"keywords\":[\"Roca Team\"],\"articleSection\":[\"Notizie\",\"Sport\"],\"inLanguage\":\"it-IT\",\"copyrightYear\":\"2022\",\"copyrightHolder\":{\"@id\":\"https:\\\/\\\/www.monaco-tribune.com\\\/#organization\"}},{\"@type\":\"WebPage\",\"@id\":\"https:\\\/\\\/www.monaco-tribune.com\\\/it\\\/2022\\\/09\\\/il-roca-team-apre-la-stagione-nuovi-ingaggi-ritiro-pre-stagione-e-piu-posti-in-arena\\\/\",\"url\":\"https:\\\/\\\/www.monaco-tribune.com\\\/it\\\/2022\\\/09\\\/il-roca-team-apre-la-stagione-nuovi-ingaggi-ritiro-pre-stagione-e-piu-posti-in-arena\\\/\",\"name\":\"Il Roca Team apre la stagione: nuovi ingaggi, ritiro pre-stagione e pi\u00f9 posti in arena\",\"isPartOf\":{\"@id\":\"https:\\\/\\\/www.monaco-tribune.com\\\/it\\\/#website\"},\"primaryImageOfPage\":{\"@id\":\"https:\\\/\\\/www.monaco-tribune.com\\\/it\\\/2022\\\/09\\\/il-roca-team-apre-la-stagione-nuovi-ingaggi-ritiro-pre-stagione-e-piu-posti-in-arena\\\/#primaryimage\"},\"image\":{\"@id\":\"https:\\\/\\\/www.monaco-tribune.com\\\/it\\\/2022\\\/09\\\/il-roca-team-apre-la-stagione-nuovi-ingaggi-ritiro-pre-stagione-e-piu-posti-in-arena\\\/#primaryimage\"},\"thumbnailUrl\":\"https:\\\/\\\/www.monaco-tribune.com\\\/wp-content\\\/uploads\\\/2022\\\/08\\\/james-moerman.jpeg\",\"datePublished\":\"2022-09-02T14:21:42+00:00\",\"dateModified\":\"2022-09-02T15:03:52+00:00\",\"description\":\"L'AS Monaco Basket, ora in ritiro pre-stagione a Bormio, ha grandi ambizioni per la stagione 2022-2023. Prima di partire per l'Italia, Oleksiy Yefimov,\",\"breadcrumb\":{\"@id\":\"https:\\\/\\\/www.monaco-tribune.com\\\/it\\\/2022\\\/09\\\/il-roca-team-apre-la-stagione-nuovi-ingaggi-ritiro-pre-stagione-e-piu-posti-in-arena\\\/#breadcrumb\"},\"inLanguage\":\"it-IT\",\"potentialAction\":[{\"@type\":\"ReadAction\",\"target\":[\"https:\\\/\\\/www.monaco-tribune.com\\\/it\\\/2022\\\/09\\\/il-roca-team-apre-la-stagione-nuovi-ingaggi-ritiro-pre-stagione-e-piu-posti-in-arena\\\/\"]}]},{\"@type\":\"ImageObject\",\"inLanguage\":\"it-IT\",\"@id\":\"https:\\\/\\\/www.monaco-tribune.com\\\/it\\\/2022\\\/09\\\/il-roca-team-apre-la-stagione-nuovi-ingaggi-ritiro-pre-stagione-e-piu-posti-in-arena\\\/#primaryimage\",\"url\":\"https:\\\/\\\/www.monaco-tribune.com\\\/wp-content\\\/uploads\\\/2022\\\/08\\\/james-moerman.jpeg\",\"contentUrl\":\"https:\\\/\\\/www.monaco-tribune.com\\\/wp-content\\\/uploads\\\/2022\\\/08\\\/james-moerman.jpeg\",\"width\":2048,\"height\":1213,\"caption\":\"AS Monaco Basket\"},{\"@type\":\"BreadcrumbList\",\"@id\":\"https:\\\/\\\/www.monaco-tribune.com\\\/it\\\/2022\\\/09\\\/il-roca-team-apre-la-stagione-nuovi-ingaggi-ritiro-pre-stagione-e-piu-posti-in-arena\\\/#breadcrumb\",\"itemListElement\":[{\"@type\":\"ListItem\",\"position\":1,\"name\":\"Accueil\",\"item\":\"https:\\\/\\\/www.monaco-tribune.com\\\/it\\\/\"},{\"@type\":\"ListItem\",\"position\":2,\"name\":\"Il Roca Team apre la stagione: nuovi ingaggi, ritiro pre-stagione e pi\u00f9 posti in arena\"}]},{\"@type\":\"WebSite\",\"@id\":\"https:\\\/\\\/www.monaco-tribune.com\\\/it\\\/#website\",\"url\":\"https:\\\/\\\/www.monaco-tribune.com\\\/it\\\/\",\"name\":\"Monaco Tribune\",\"description\":\"Monaco : actualit\u00e9s \u00e9conomiques, politiques, culturelles et sportives de Monaco et de la French Riviera.\",\"publisher\":{\"@id\":\"https:\\\/\\\/www.monaco-tribune.com\\\/it\\\/#organization\"},\"potentialAction\":[{\"@type\":\"SearchAction\",\"target\":{\"@type\":\"EntryPoint\",\"urlTemplate\":\"https:\\\/\\\/www.monaco-tribune.com\\\/it\\\/?s={search_term_string}\"},\"query-input\":{\"@type\":\"PropertyValueSpecification\",\"valueRequired\":true,\"valueName\":\"search_term_string\"}}],\"inLanguage\":\"it-IT\"},{\"@type\":\"Organization\",\"@id\":\"https:\\\/\\\/www.monaco-tribune.com\\\/it\\\/#organization\",\"name\":\"Monaco Tribune\",\"url\":\"https:\\\/\\\/www.monaco-tribune.com\\\/it\\\/\",\"logo\":{\"@type\":\"ImageObject\",\"inLanguage\":\"it-IT\",\"@id\":\"https:\\\/\\\/www.monaco-tribune.com\\\/it\\\/#\\\/schema\\\/logo\\\/image\\\/\",\"url\":\"https:\\\/\\\/www.monaco-tribune.com\\\/wp-content\\\/uploads\\\/2022\\\/11\\\/logo-monaco-tribune.png\",\"contentUrl\":\"https:\\\/\\\/www.monaco-tribune.com\\\/wp-content\\\/uploads\\\/2022\\\/11\\\/logo-monaco-tribune.png\",\"width\":1548,\"height\":600,\"caption\":\"Monaco Tribune\"},\"image\":{\"@id\":\"https:\\\/\\\/www.monaco-tribune.com\\\/it\\\/#\\\/schema\\\/logo\\\/image\\\/\"},\"sameAs\":[\"https:\\\/\\\/www.facebook.com\\\/MonacoTribune\",\"https:\\\/\\\/x.com\\\/MonacoTribune\",\"https:\\\/\\\/www.instagram.com\\\/monacotribune\\\/\",\"https:\\\/\\\/www.linkedin.com\\\/company\\\/monaco-tribune\",\"https:\\\/\\\/www.youtube.com\\\/channel\\\/UCHle1MnG6hw1y4lWKijVbMA\"]},{\"@type\":\"Person\",\"@id\":\"https:\\\/\\\/www.monaco-tribune.com\\\/it\\\/#\\\/schema\\\/person\\\/330a3732947cf8cb41b2533a0eadd62e\",\"name\":\"Romain Boisaubert\",\"image\":{\"@type\":\"ImageObject\",\"inLanguage\":\"it-IT\",\"@id\":\"https:\\\/\\\/secure.gravatar.com\\\/avatar\\\/f8b90d41f1eabd1cbe4cf59e09d8db41a697d51919bf2dfe727589a24a4a4d54?s=96&d=mm&r=g\",\"url\":\"https:\\\/\\\/secure.gravatar.com\\\/avatar\\\/f8b90d41f1eabd1cbe4cf59e09d8db41a697d51919bf2dfe727589a24a4a4d54?s=96&d=mm&r=g\",\"contentUrl\":\"https:\\\/\\\/secure.gravatar.com\\\/avatar\\\/f8b90d41f1eabd1cbe4cf59e09d8db41a697d51919bf2dfe727589a24a4a4d54?s=96&d=mm&r=g\",\"caption\":\"Romain Boisaubert\"},\"description\":\"Test bio\",\"url\":\"https:\\\/\\\/www.monaco-tribune.com\\\/it\\\/author\\\/romain-boisaubert\\\/\"}]}<\/script>\n<!-- \/ Yoast SEO Premium plugin. -->","yoast_head_json":{"title":"Il Roca Team apre la stagione: nuovi ingaggi, ritiro pre-stagione e pi\u00f9 posti in arena","description":"L'AS Monaco Basket, ora in ritiro pre-stagione a Bormio, ha grandi ambizioni per la stagione 2022-2023. Prima di partire per l'Italia, Oleksiy Yefimov,","robots":{"index":"index","follow":"follow","max-snippet":"max-snippet:-1","max-image-preview":"max-image-preview:large","max-video-preview":"max-video-preview:-1"},"canonical":"https:\/\/www.monaco-tribune.com\/it\/2022\/09\/il-roca-team-apre-la-stagione-nuovi-ingaggi-ritiro-pre-stagione-e-piu-posti-in-arena\/","og_locale":"it_IT","og_type":"article","og_title":"Il Roca Team apre la stagione: nuovi ingaggi, ritiro pre-stagione e pi\u00f9 posti in arena - Monaco Tribune","og_description":"L'AS Monaco Basket, ora in ritiro pre-stagione a Bormio, ha grandi ambizioni per la stagione 2022-2023. Prima di partire per l'Italia, Oleksiy Yefimov,","og_url":"https:\/\/www.monaco-tribune.com\/it\/2022\/09\/il-roca-team-apre-la-stagione-nuovi-ingaggi-ritiro-pre-stagione-e-piu-posti-in-arena\/","og_site_name":"Monaco Tribune","article_publisher":"https:\/\/www.facebook.com\/MonacoTribune","article_published_time":"2022-09-02T14:21:42+00:00","article_modified_time":"2022-09-02T15:03:52+00:00","og_image":[{"width":2048,"height":1213,"url":"https:\/\/www.monaco-tribune.com\/wp-content\/uploads\/2022\/08\/james-moerman.jpeg","type":"image\/jpeg"}],"author":"Romain Boisaubert","twitter_card":"summary_large_image","twitter_creator":"@MonacoTribune","twitter_site":"@MonacoTribune","schema":{"@context":"https:\/\/schema.org","@graph":[{"@type":"NewsArticle","@id":"https:\/\/www.monaco-tribune.com\/it\/2022\/09\/il-roca-team-apre-la-stagione-nuovi-ingaggi-ritiro-pre-stagione-e-piu-posti-in-arena\/#article","isPartOf":{"@id":"https:\/\/www.monaco-tribune.com\/it\/2022\/09\/il-roca-team-apre-la-stagione-nuovi-ingaggi-ritiro-pre-stagione-e-piu-posti-in-arena\/"},"author":{"name":"Romain Boisaubert","@id":"https:\/\/www.monaco-tribune.com\/it\/#\/schema\/person\/330a3732947cf8cb41b2533a0eadd62e"},"headline":"Il Roca Team apre la stagione: nuovi ingaggi, ritiro pre-stagione e pi\u00f9 posti in arena","datePublished":"2022-09-02T14:21:42+00:00","dateModified":"2022-09-02T15:03:52+00:00","mainEntityOfPage":{"@id":"https:\/\/www.monaco-tribune.com\/it\/2022\/09\/il-roca-team-apre-la-stagione-nuovi-ingaggi-ritiro-pre-stagione-e-piu-posti-in-arena\/"},"wordCount":861,"publisher":{"@id":"https:\/\/www.monaco-tribune.com\/it\/#organization"},"image":{"@id":"https:\/\/www.monaco-tribune.com\/it\/2022\/09\/il-roca-team-apre-la-stagione-nuovi-ingaggi-ritiro-pre-stagione-e-piu-posti-in-arena\/#primaryimage"},"thumbnailUrl":"https:\/\/www.monaco-tribune.com\/wp-content\/uploads\/2022\/08\/james-moerman.jpeg","keywords":["Roca Team"],"articleSection":["Notizie","Sport"],"inLanguage":"it-IT","copyrightYear":"2022","copyrightHolder":{"@id":"https:\/\/www.monaco-tribune.com\/#organization"}},{"@type":"WebPage","@id":"https:\/\/www.monaco-tribune.com\/it\/2022\/09\/il-roca-team-apre-la-stagione-nuovi-ingaggi-ritiro-pre-stagione-e-piu-posti-in-arena\/","url":"https:\/\/www.monaco-tribune.com\/it\/2022\/09\/il-roca-team-apre-la-stagione-nuovi-ingaggi-ritiro-pre-stagione-e-piu-posti-in-arena\/","name":"Il Roca Team apre la stagione: nuovi ingaggi, ritiro pre-stagione e pi\u00f9 posti in arena","isPartOf":{"@id":"https:\/\/www.monaco-tribune.com\/it\/#website"},"primaryImageOfPage":{"@id":"https:\/\/www.monaco-tribune.com\/it\/2022\/09\/il-roca-team-apre-la-stagione-nuovi-ingaggi-ritiro-pre-stagione-e-piu-posti-in-arena\/#primaryimage"},"image":{"@id":"https:\/\/www.monaco-tribune.com\/it\/2022\/09\/il-roca-team-apre-la-stagione-nuovi-ingaggi-ritiro-pre-stagione-e-piu-posti-in-arena\/#primaryimage"},"thumbnailUrl":"https:\/\/www.monaco-tribune.com\/wp-content\/uploads\/2022\/08\/james-moerman.jpeg","datePublished":"2022-09-02T14:21:42+00:00","dateModified":"2022-09-02T15:03:52+00:00","description":"L'AS Monaco Basket, ora in ritiro pre-stagione a Bormio, ha grandi ambizioni per la stagione 2022-2023. Prima di partire per l'Italia, Oleksiy Yefimov,","breadcrumb":{"@id":"https:\/\/www.monaco-tribune.com\/it\/2022\/09\/il-roca-team-apre-la-stagione-nuovi-ingaggi-ritiro-pre-stagione-e-piu-posti-in-arena\/#breadcrumb"},"inLanguage":"it-IT","potentialAction":[{"@type":"ReadAction","target":["https:\/\/www.monaco-tribune.com\/it\/2022\/09\/il-roca-team-apre-la-stagione-nuovi-ingaggi-ritiro-pre-stagione-e-piu-posti-in-arena\/"]}]},{"@type":"ImageObject","inLanguage":"it-IT","@id":"https:\/\/www.monaco-tribune.com\/it\/2022\/09\/il-roca-team-apre-la-stagione-nuovi-ingaggi-ritiro-pre-stagione-e-piu-posti-in-arena\/#primaryimage","url":"https:\/\/www.monaco-tribune.com\/wp-content\/uploads\/2022\/08\/james-moerman.jpeg","contentUrl":"https:\/\/www.monaco-tribune.com\/wp-content\/uploads\/2022\/08\/james-moerman.jpeg","width":2048,"height":1213,"caption":"AS Monaco Basket"},{"@type":"BreadcrumbList","@id":"https:\/\/www.monaco-tribune.com\/it\/2022\/09\/il-roca-team-apre-la-stagione-nuovi-ingaggi-ritiro-pre-stagione-e-piu-posti-in-arena\/#breadcrumb","itemListElement":[{"@type":"ListItem","position":1,"name":"Accueil","item":"https:\/\/www.monaco-tribune.com\/it\/"},{"@type":"ListItem","position":2,"name":"Il Roca Team apre la stagione: nuovi ingaggi, ritiro pre-stagione e pi\u00f9 posti in arena"}]},{"@type":"WebSite","@id":"https:\/\/www.monaco-tribune.com\/it\/#website","url":"https:\/\/www.monaco-tribune.com\/it\/","name":"Monaco Tribune","description":"Monaco : actualit\u00e9s \u00e9conomiques, politiques, culturelles et sportives de Monaco et de la French Riviera.","publisher":{"@id":"https:\/\/www.monaco-tribune.com\/it\/#organization"},"potentialAction":[{"@type":"SearchAction","target":{"@type":"EntryPoint","urlTemplate":"https:\/\/www.monaco-tribune.com\/it\/?s={search_term_string}"},"query-input":{"@type":"PropertyValueSpecification","valueRequired":true,"valueName":"search_term_string"}}],"inLanguage":"it-IT"},{"@type":"Organization","@id":"https:\/\/www.monaco-tribune.com\/it\/#organization","name":"Monaco Tribune","url":"https:\/\/www.monaco-tribune.com\/it\/","logo":{"@type":"ImageObject","inLanguage":"it-IT","@id":"https:\/\/www.monaco-tribune.com\/it\/#\/schema\/logo\/image\/","url":"https:\/\/www.monaco-tribune.com\/wp-content\/uploads\/2022\/11\/logo-monaco-tribune.png","contentUrl":"https:\/\/www.monaco-tribune.com\/wp-content\/uploads\/2022\/11\/logo-monaco-tribune.png","width":1548,"height":600,"caption":"Monaco Tribune"},"image":{"@id":"https:\/\/www.monaco-tribune.com\/it\/#\/schema\/logo\/image\/"},"sameAs":["https:\/\/www.facebook.com\/MonacoTribune","https:\/\/x.com\/MonacoTribune","https:\/\/www.instagram.com\/monacotribune\/","https:\/\/www.linkedin.com\/company\/monaco-tribune","https:\/\/www.youtube.com\/channel\/UCHle1MnG6hw1y4lWKijVbMA"]},{"@type":"Person","@id":"https:\/\/www.monaco-tribune.com\/it\/#\/schema\/person\/330a3732947cf8cb41b2533a0eadd62e","name":"Romain Boisaubert","image":{"@type":"ImageObject","inLanguage":"it-IT","@id":"https:\/\/secure.gravatar.com\/avatar\/f8b90d41f1eabd1cbe4cf59e09d8db41a697d51919bf2dfe727589a24a4a4d54?s=96&d=mm&r=g","url":"https:\/\/secure.gravatar.com\/avatar\/f8b90d41f1eabd1cbe4cf59e09d8db41a697d51919bf2dfe727589a24a4a4d54?s=96&d=mm&r=g","contentUrl":"https:\/\/secure.gravatar.com\/avatar\/f8b90d41f1eabd1cbe4cf59e09d8db41a697d51919bf2dfe727589a24a4a4d54?s=96&d=mm&r=g","caption":"Romain Boisaubert"},"description":"Test bio","url":"https:\/\/www.monaco-tribune.com\/it\/author\/romain-boisaubert\/"}]}},"_links":{"self":[{"href":"https:\/\/www.monaco-tribune.com\/it\/wp-json\/wp\/v2\/posts\/136367","targetHints":{"allow":["GET"]}}],"collection":[{"href":"https:\/\/www.monaco-tribune.com\/it\/wp-json\/wp\/v2\/posts"}],"about":[{"href":"https:\/\/www.monaco-tribune.com\/it\/wp-json\/wp\/v2\/types\/post"}],"author":[{"embeddable":true,"href":"https:\/\/www.monaco-tribune.com\/it\/wp-json\/wp\/v2\/users\/24"}],"replies":[{"embeddable":true,"href":"https:\/\/www.monaco-tribune.com\/it\/wp-json\/wp\/v2\/comments?post=136367"}],"version-history":[{"count":0,"href":"https:\/\/www.monaco-tribune.com\/it\/wp-json\/wp\/v2\/posts\/136367\/revisions"}],"wp:featuredmedia":[{"embeddable":true,"href":"https:\/\/www.monaco-tribune.com\/it\/wp-json\/wp\/v2\/media\/135801"}],"wp:attachment":[{"href":"https:\/\/www.monaco-tribune.com\/it\/wp-json\/wp\/v2\/media?parent=136367"}],"wp:term":[{"taxonomy":"category","embeddable":true,"href":"https:\/\/www.monaco-tribune.com\/it\/wp-json\/wp\/v2\/categories?post=136367"},{"taxonomy":"post_tag","embeddable":true,"href":"https:\/\/www.monaco-tribune.com\/it\/wp-json\/wp\/v2\/tags?post=136367"},{"taxonomy":"sectag","embeddable":true,"href":"https:\/\/www.monaco-tribune.com\/it\/wp-json\/wp\/v2\/post_sectags?post=136367"},{"taxonomy":"format","embeddable":true,"href":"https:\/\/www.monaco-tribune.com\/it\/wp-json\/wp\/v2\/post_format?post=136367"}],"curies":[{"name":"wp","href":"https:\/\/api.w.org\/{rel}","templated":true}]}}