{"id":136575,"date":"2022-09-05T12:40:08","date_gmt":"2022-09-05T10:40:08","guid":{"rendered":"https:\/\/www.monaco-tribune.com\/2022\/09\/ampn-prendiamoci-cura-delle-aree-marine-protette-di-monaco\/"},"modified":"2022-09-05T12:40:56","modified_gmt":"2022-09-05T10:40:56","slug":"ampn-prendiamoci-cura-delle-aree-marine-protette-di-monaco","status":"publish","type":"post","link":"https:\/\/www.monaco-tribune.com\/it\/2022\/09\/ampn-prendiamoci-cura-delle-aree-marine-protette-di-monaco\/","title":{"rendered":"AMPN: prendiamoci cura delle aree marine protette di Monaco"},"content":{"rendered":"\n<p><strong>L\u2019Associazione monegasca per la tutela della natura<\/strong><strong> si impegna da quasi 50 anni a preservare le aree marine protette del Larvotto e di Sp\u00e9lugues.<\/strong><\/p>\n\n<p>Questo mese l\u2019articolo della nostra serie dedicata alle associazioni del Principato e della Costa Azzurra \u00e8 dedicato all\u2019<a href=\"http:\/\/www.ampn-nature-monaco.com\/\">Associazione monegasca per la tutela della natura<\/a> (AMPN), fondata nel 1975.<\/p>\n\n<p>L\u2019associazione deve la sua esistenza al Principe Ranieri III. Quest\u2019ultimo, infatti, 50 anni fa volle tutelare una parte del litorale del Principato e affid\u00f2 l\u2019incarico a un gruppo di volontari. Nacque cos\u00ec nel 1976 la riserva sottomarina &#8211; oggi area marina protetta (AMP) &#8211; del Larvotto, seguita nel 1986 da quella di Sp\u00e9lugues, all\u2019uscita del porto Ercole.<\/p>\n<div class=\"wp-block-image\">\n<figure class=\"aligncenter size-full\"><img loading=\"lazy\" decoding=\"async\" width=\"1020\" height=\"673\" src=\"https:\/\/www.monaco-tribune.com\/wp-content\/uploads\/2022\/08\/association-monegasque-protection-nature-archives.jpg\" alt=\"associazione-monegasca-tutela-natura-archivi-eugene-debernardi\" class=\"wp-image-135769\" srcset=\"https:\/\/www.monaco-tribune.com\/wp-content\/uploads\/2022\/08\/association-monegasque-protection-nature-archives.jpg 1020w, https:\/\/www.monaco-tribune.com\/wp-content\/uploads\/2022\/08\/association-monegasque-protection-nature-archives-455x300.jpg 455w\" sizes=\"auto, (max-width: 1020px) 100vw, 1020px\" \/><figcaption><em>Eug\u00e8ne Debernardi, primo Presidente dell\u2019AMPN \u2013 Foto d\u2019archivio<\/em><\/figcaption><\/figure>\n<\/div>\n<p>Jacqueline Gautier-Debernardi, Direttrice dell\u2019AMPN, fa parte di questo mondo sin dall\u2019infanzia: a quei tempi il Presidente dell\u2019associazione era suo padre, Eug\u00e8ne Debernardi. Dal 2013 Jacqueline \u00e8 alla guida dell\u2019associazione con la quale porta avanti numerose iniziative.<\/p>\n<div class=\"wp-block-image\">\n<figure class=\"alignright size-large is-resized\"><img loading=\"lazy\" decoding=\"async\" src=\"https:\/\/www.monaco-tribune.com\/wp-content\/uploads\/2022\/08\/jacqueline-gautier-debernardi-683x1024.jpg\" alt=\"jacqueline-gautier-debernardi\" class=\"wp-image-135735\" width=\"360\" height=\"539\" srcset=\"https:\/\/www.monaco-tribune.com\/wp-content\/uploads\/2022\/08\/jacqueline-gautier-debernardi-683x1024.jpg 683w, https:\/\/www.monaco-tribune.com\/wp-content\/uploads\/2022\/08\/jacqueline-gautier-debernardi-200x300.jpg 200w, https:\/\/www.monaco-tribune.com\/wp-content\/uploads\/2022\/08\/jacqueline-gautier-debernardi.jpg 1020w\" sizes=\"auto, (max-width: 360px) 100vw, 360px\" \/><figcaption><em>Jacqueline Gautier-Debernardi &#8211; \u00a9 Jean-Pierre Debernardi<\/em><\/figcaption><\/figure>\n<\/div>\n<p>In quanto gestore ufficiale delle due aree marine protette dal 2018, l\u2019AMPN opera in stretta collaborazione con il Governo del Principe, in particolare con il Dipartimento dell\u2019Ambiente e con la Fondazione Principe Alberto II.<\/p>\n\n<p>\u201cSostengono le nostre azioni e contribuiscono a finanziare i nostri programmi\u201d, spiega Jacqueline. \u201cCollaboriamo anche con il Dipartimento di Polizia Marittima e Aeroportuale, il Dipartimento di Affari marittimi, il Centro scientifico, l\u2019Istituto oceanografico nonch\u00e9 gli utenti, i subacquei, i pescatori e gli hotel. Il nostro obiettivo \u00e8 far s\u00ec che ciascuno prenda coscienza dell\u2019esistenza di queste aree marine protette e che tutti coloro che con esse hanno un legame diretto o indiretto si impegnino a tutelarle\u201d. Ad esempio, la collaborazione con il Monte-Carlo Bay H\u00f4tel ci permette di portare avanti le iniziative di sensibilizzazione e al contempo di rafforzare la sorveglianza e il monitoraggio delle visite dell\u2019AMP del Larvotto.<\/p>\n\n<p>Sin dalla sua fondazione l\u2019associazione si impegna principalmente su tre fronti: il patrimonio naturale, la ricerca e lo sviluppo nonch\u00e9 la comunicazione e la sensibilizzazione.<\/p>\n\n<p><strong>LEGGI ANCHE:\u00a0<\/strong><a href=\"https:\/\/www.monaco-tribune.com\/it\/2020\/12\/una-molecola-per-curare-il-cancro-al-cervello-nei-bambini\/\"><strong>Una molecola per curare il cancro al cervello nei bambini?<\/strong><\/a><\/p>\n\n<h2 class=\"wp-block-heading\" id=\"h-suivre-les-especes-animales-et-vegetales\">Monitorare le specie animali e vegetali<\/h2>\n\n<p>Il primo pilastro dell\u2019associazione \u00e8 il monitoraggio delle specie nelle aree marine protette, in particolare le popolazioni ittiche. \u201cVogliamo comprendere l\u2019efficacia delle aree marine protette grazie al confronto con quelle non protette. Contiamo tutte le specie ittiche nonch\u00e9 le corvine e le cernie nell\u2019ambito di uno studio dedicato. Monitoriamo anche l\u2019erbario della posidonia (una pianta marina particolarmente importante per l\u2019ecosistema) e sorvegliamo il potenziale arrivo di specie non indigene, poich\u00e9 alcune potrebbero divenire invasive rischiando di compromettere l\u2019equilibrio della biodiversit\u00e0\u201d.<\/p>\n\n<figure class=\"wp-block-gallery has-nested-images columns-1 is-cropped wp-block-gallery-1 is-layout-flex wp-block-gallery-is-layout-flex\">\n<figure class=\"wp-block-image size-large\"><img loading=\"lazy\" decoding=\"async\" width=\"1020\" height=\"680\" data-id=\"135748\" src=\"https:\/\/www.monaco-tribune.com\/wp-content\/uploads\/2022\/08\/aire-marine-protegee-larvotto.jpg\" alt=\"area-marina-protetta-larvotto\" class=\"wp-image-135748\" srcset=\"https:\/\/www.monaco-tribune.com\/wp-content\/uploads\/2022\/08\/aire-marine-protegee-larvotto.jpg 1020w, https:\/\/www.monaco-tribune.com\/wp-content\/uploads\/2022\/08\/aire-marine-protegee-larvotto-450x300.jpg 450w\" sizes=\"auto, (max-width: 1020px) 100vw, 1020px\" \/><\/figure>\n\n\n\n<figure class=\"wp-block-image size-large\"><img loading=\"lazy\" decoding=\"async\" width=\"1020\" height=\"680\" data-id=\"135752\" src=\"https:\/\/www.monaco-tribune.com\/wp-content\/uploads\/2022\/08\/aire-marine-protegee-spelugues.jpg\" alt=\"area-marina-protetta-spelugues\" class=\"wp-image-135752\" srcset=\"https:\/\/www.monaco-tribune.com\/wp-content\/uploads\/2022\/08\/aire-marine-protegee-spelugues.jpg 1020w, https:\/\/www.monaco-tribune.com\/wp-content\/uploads\/2022\/08\/aire-marine-protegee-spelugues-450x300.jpg 450w\" sizes=\"auto, (max-width: 1020px) 100vw, 1020px\" \/><\/figure>\n<figcaption class=\"blocks-gallery-caption\"><em><em>Foto scattate nelle aree marine protette del Larvotto (sopra) e di Sp\u00e9lugues (sotto) \u2013 \u00a9 St\u00e9phane Jamme<\/em><\/em><\/figcaption><\/figure>\n\n<p>Parallelamente al lavoro di monitoraggio, l\u2019AMPN ha istituito un programma di ricerca sulle barriere coralline artificiali, realizzate con una stampante 3D, su richiesta della Fondazione Principe Alberto II. \u201cL\u2019interesse verso la stampa in 3D \u00e8 dovuto al fatto che consente di ottenere un livello di complessit\u00e0 molto elevato. Abbiamo realizzato questo programma insieme al Professor Patrice Francour, che \u00e8 stato Direttore del Laboratorio di ricerca di Nizza &#8211; Ecoseas. Egli ha sviluppato un progetto di barriera corallina basato sulle specie bersaglio in cui le diverse cavit\u00e0 sono state progettate in base ai loro habitat preferiti. Abbiamo inoltre collaborato con una dottoranda alla realizzazione di uno strumento di analisi della complessit\u00e0 di una struttura sommersa, poich\u00e9 sott\u2019acqua la misurazione \u00e8 pi\u00f9 difficile rispetto a terra. La dottoranda si \u00e8 dedicata inoltre a valutare i materiali utilizzati per la realizzazione delle barriere coralline per evitare il cemento che pu\u00f2 essere inquinante. Per le barriere coralline in 3D abbiamo utilizzato la sabbia dolomitica, poich\u00e9 \u00e8 pi\u00f9 naturale\u201d.<\/p>\n\n<p>Un\u2019immagine che vale mille parole: Jacqueline ci mostra una piccola riproduzione della barriera corallina in 3D e ci indica, punto dopo punto, quale specie utilizza ciascuna cavit\u00e0: \u201cQuesti sono i buchi per le cernie, mentre quelli sono per il novellame di pesce. Questo invece \u00e8 per le aragoste e i calamari, quello l\u00ec per gronghi e murene, qui abbiamo scorfani e capponi\u2026\u201d.<\/p>\n\n<figure class=\"wp-block-gallery has-nested-images columns-1 is-cropped wp-block-gallery-2 is-layout-flex wp-block-gallery-is-layout-flex\">\n<figure class=\"wp-block-image size-large\"><img loading=\"lazy\" decoding=\"async\" width=\"1020\" height=\"765\" data-id=\"135739\" src=\"https:\/\/www.monaco-tribune.com\/wp-content\/uploads\/2022\/08\/maquette-recif-3d.jpeg\" alt=\"modello-barriera-corallina-3d\" class=\"wp-image-135739\" srcset=\"https:\/\/www.monaco-tribune.com\/wp-content\/uploads\/2022\/08\/maquette-recif-3d.jpeg 1020w, https:\/\/www.monaco-tribune.com\/wp-content\/uploads\/2022\/08\/maquette-recif-3d-400x300.jpeg 400w\" sizes=\"auto, (max-width: 1020px) 100vw, 1020px\" \/><figcaption><em>\u00a9 Camille Devissi<\/em><\/figcaption><\/figure>\n\n\n\n<figure class=\"wp-block-image size-large\"><img loading=\"lazy\" decoding=\"async\" width=\"1020\" height=\"676\" data-id=\"135764\" src=\"https:\/\/www.monaco-tribune.com\/wp-content\/uploads\/2022\/08\/recif-3d-monaco.jpg\" alt=\"barriera-corallina-3d-monaco\" class=\"wp-image-135764\" srcset=\"https:\/\/www.monaco-tribune.com\/wp-content\/uploads\/2022\/08\/recif-3d-monaco.jpg 1020w, https:\/\/www.monaco-tribune.com\/wp-content\/uploads\/2022\/08\/recif-3d-monaco-453x300.jpg 453w\" sizes=\"auto, (max-width: 1020px) 100vw, 1020px\" \/><figcaption><em>\u00a9 Patrice Francour<\/em><\/figcaption><\/figure>\n\n\n\n<figure class=\"wp-block-image size-large\"><img loading=\"lazy\" decoding=\"async\" width=\"1020\" height=\"680\" data-id=\"135760\" src=\"https:\/\/www.monaco-tribune.com\/wp-content\/uploads\/2022\/08\/recif-3d-monaco-1.jpg\" alt=\"barriera-corallina-3d-monaco\" class=\"wp-image-135760\" srcset=\"https:\/\/www.monaco-tribune.com\/wp-content\/uploads\/2022\/08\/recif-3d-monaco-1.jpg 1020w, https:\/\/www.monaco-tribune.com\/wp-content\/uploads\/2022\/08\/recif-3d-monaco-1-450x300.jpg 450w\" sizes=\"auto, (max-width: 1020px) 100vw, 1020px\" \/><figcaption><em>\u00a9 Ste\u0301phane Jamme<\/em><\/figcaption><\/figure>\n<\/figure>\n\n<h2 class=\"wp-block-heading\" id=\"h-sensibiliser-toutes-les-generations\">Sensibilizzare tutte le generazioni<\/h2>\n\n<p>L\u2019ultimo obiettivo ma non meno importante dell\u2019AMPN \u00e8 quello di sensibilizzare ed educare al rispetto delle aree marine protette. Si tratta di azioni di comunicazione e prevenzione che si concretizzano in convegni, simposi, iniziative di formazione, affissioni pubblicitarie (in particolare sugli autobus del Principato), ma anche tramite interventi nelle scuole per mobilitare le generazioni pi\u00f9 giovani. Jacqueline ha inoltre creato un\u2019area marina formativa &#8211; \u201c[la sua] creatura\u201d &#8211; che si estende dal frangiflutti galleggiante al Museo oceanografico e ospita ogni anno una classe CM2 del Principato. \u201cLa classe si impegna a portare avanti un\u2019iniziativa durante tutto l\u2019anno scolastico. Incontriamo gli alunni a scuola e nel sito e li aiutiamo a realizzare il loro progetto\u201d.<\/p>\n<div class=\"wp-block-image\">\n<figure class=\"aligncenter size-full is-resized\"><img loading=\"lazy\" decoding=\"async\" src=\"https:\/\/www.monaco-tribune.com\/wp-content\/uploads\/2022\/08\/aire-marine-educative-monaco-1.jpg\" alt=\"area-marina-formativa-monaco\" class=\"wp-image-135744\" width=\"968\" height=\"645\" srcset=\"https:\/\/www.monaco-tribune.com\/wp-content\/uploads\/2022\/08\/aire-marine-educative-monaco-1.jpg 1020w, https:\/\/www.monaco-tribune.com\/wp-content\/uploads\/2022\/08\/aire-marine-educative-monaco-1-450x300.jpg 450w\" sizes=\"auto, (max-width: 968px) 100vw, 968px\" \/><figcaption><em>L\u2019area marina formativa \u2013 \u00a9 Patrice Francour<\/em><\/figcaption><\/figure>\n<\/div>\n<p><strong>LEGGI ANCHE:\u00a0<\/strong><a href=\"https:\/\/www.monaco-tribune.com\/it\/2022\/06\/be-safe-monaco-portare-a-casa-in-sicurezza-i-ragazzi-ubriachi\/\"><strong>Be Safe Monaco: portare a casa in sicurezza i ragazzi ubriachi<\/strong><\/a><\/p>\n\n<p>Ad esempio, gli alunni della scuola di Fontvieille l\u2019anno scorso si sono dedicati al consumo sostenibile e hanno avuto il privilegio di realizzare insieme a Marcel Ravin, chef con due stelle Michelin, un men\u00f9 sostenibile che \u00e8 stato poi degustato in presenza del Principe Alberto II. \u201cIl Principe \u00e8 sempre in prima linea, ci segue e ci sostiene. Abbiamo una possibilit\u00e0 che gli altri Stati non hanno. Il Principe \u00e8 estremamente partecipe e sensibile verso le nostre iniziative\u201d, aggiunge Jacqueline.<\/p>\n\n<p>Il progetto per l\u2019anno scolastico 2022\/2023 \u00e8 gi\u00e0 stato deciso. Jacqueline mantiene il segreto, ma su una cosa non ha dubbi: si tratter\u00e0, ancora una volta, di un\u2019iniziativa davvero straordinaria. \u201cI bambini, nel corso dell\u2019anno, subiscono una vera e propria evoluzione. Acquisiscono informazioni, si appropriano del sito\u2026\u201d, afferma compiaciuta. Si augura di poter assistere, poco per volta, a un\u2019evoluzione della mentalit\u00e0 e dei comportamenti: \u201cIl lavoro da fare \u00e8 ancora molto soprattutto per quanto riguarda i rifiuti che le persone ancora lasciano in giro. \u00c8 la cosa che mi infastidisce di pi\u00f9: mantenere pulito il mare non \u00e8 un compito difficile. In termini assoluti, non dovrebbe essere necessario pulire i fondali marini\u201d.<\/p>\n<div class=\"wp-block-image\">\n<figure class=\"aligncenter size-full\"><img loading=\"lazy\" decoding=\"async\" width=\"1020\" height=\"765\" src=\"https:\/\/www.monaco-tribune.com\/wp-content\/uploads\/2022\/08\/aire-marine-educative-monaco.jpg\" alt=\"area-marina-formativa-monaco\" class=\"wp-image-135731\" srcset=\"https:\/\/www.monaco-tribune.com\/wp-content\/uploads\/2022\/08\/aire-marine-educative-monaco.jpg 1020w, https:\/\/www.monaco-tribune.com\/wp-content\/uploads\/2022\/08\/aire-marine-educative-monaco-400x300.jpg 400w\" sizes=\"auto, (max-width: 1020px) 100vw, 1020px\" \/><figcaption><em>\u00a9 Camille Devissi<\/em><\/figcaption><\/figure>\n<\/div>\n<h2 class=\"wp-block-heading\" id=\"h-comment-aider\">Come contribuire?<\/h2>\n\n<p>Per sostenere economicamente le iniziative dell\u2019AMPN, sar\u00e0 presto possibile effettuare una donazione sul sito dell\u2019associazione. Nel frattempo, Jacqueline \u00e8 alla ricerca di volontari <a href=\"https:\/\/www.facebook.com\/AMPN.MC\">tramite i social<\/a>, soprattutto per le operazioni di pulizia a terra e in mare.<\/p>\n\n<p>Ma la cosa pi\u00f9 importante ovviamente \u00e8 rispettare il mare e le aree marine protette, cos\u00ec rare e preziose, e non gettare i propri rifiuti senza riflettere.<\/p>\n","protected":false},"excerpt":{"rendered":"<p>L\u2019Associazione monegasca per la tutela della natura si impegna da quasi 50 anni a preservare le aree marine protette del [&hellip;]<\/p>\n","protected":false},"author":60,"featured_media":135756,"comment_status":"closed","ping_status":"closed","sticky":false,"template":"","format":"standard","meta":{"_acf_changed":false,"footnotes":""},"categories":[1839,1826,1738],"tags":[],"post_sectags":[],"post_format":[2476],"class_list":["post-136575","post","type-post","status-publish","format-standard","has-post-thumbnail","hentry","category-green","category-la-nostra-scelta","category-notizie","format-intervista"],"acf":[],"yoast_head":"<!-- This site is optimized with the Yoast SEO Premium plugin v26.8 (Yoast SEO v27.4) - https:\/\/yoast.com\/product\/yoast-seo-premium-wordpress\/ -->\n<title>AMPN: prendiamoci cura delle aree marine protette di Monaco<\/title>\n<meta name=\"description\" content=\"L\u2019Associazione monegasca per la tutela della natura si impegna da quasi 50 anni a preservare le aree marine protette del Larvotto e di Sp\u00e9lugues. Questo\" \/>\n<meta name=\"robots\" content=\"index, follow, max-snippet:-1, max-image-preview:large, max-video-preview:-1\" \/>\n<link rel=\"canonical\" href=\"https:\/\/www.monaco-tribune.com\/it\/2022\/09\/ampn-prendiamoci-cura-delle-aree-marine-protette-di-monaco\/\" \/>\n<meta property=\"og:locale\" content=\"it_IT\" \/>\n<meta property=\"og:type\" content=\"article\" \/>\n<meta property=\"og:title\" content=\"AMPN: prendiamoci cura delle aree marine protette di Monaco - Monaco Tribune\" \/>\n<meta property=\"og:description\" content=\"L\u2019Associazione monegasca per la tutela della natura si impegna da quasi 50 anni a preservare le aree marine protette del Larvotto e di Sp\u00e9lugues. Questo\" \/>\n<meta property=\"og:url\" content=\"https:\/\/www.monaco-tribune.com\/it\/2022\/09\/ampn-prendiamoci-cura-delle-aree-marine-protette-di-monaco\/\" \/>\n<meta property=\"og:site_name\" content=\"Monaco Tribune\" \/>\n<meta property=\"article:publisher\" content=\"https:\/\/www.facebook.com\/MonacoTribune\" \/>\n<meta property=\"article:published_time\" content=\"2022-09-05T10:40:08+00:00\" \/>\n<meta property=\"article:modified_time\" content=\"2022-09-05T10:40:56+00:00\" \/>\n<meta property=\"og:image\" content=\"https:\/\/www.monaco-tribune.com\/wp-content\/uploads\/2022\/08\/association-monegasque-protection-nature.jpg\" \/>\n\t<meta property=\"og:image:width\" content=\"1020\" \/>\n\t<meta property=\"og:image:height\" content=\"602\" \/>\n\t<meta property=\"og:image:type\" content=\"image\/jpeg\" \/>\n<meta name=\"author\" content=\"Camille Esteve\" \/>\n<meta name=\"twitter:card\" content=\"summary_large_image\" \/>\n<meta name=\"twitter:creator\" content=\"@MonacoTribune\" \/>\n<meta name=\"twitter:site\" content=\"@MonacoTribune\" \/>\n<script type=\"application\/ld+json\" class=\"yoast-schema-graph\">{\"@context\":\"https:\\\/\\\/schema.org\",\"@graph\":[{\"@type\":\"NewsArticle\",\"@id\":\"https:\\\/\\\/www.monaco-tribune.com\\\/it\\\/2022\\\/09\\\/ampn-prendiamoci-cura-delle-aree-marine-protette-di-monaco\\\/#article\",\"isPartOf\":{\"@id\":\"https:\\\/\\\/www.monaco-tribune.com\\\/it\\\/2022\\\/09\\\/ampn-prendiamoci-cura-delle-aree-marine-protette-di-monaco\\\/\"},\"author\":{\"name\":\"Camille Esteve\",\"@id\":\"https:\\\/\\\/www.monaco-tribune.com\\\/it\\\/#\\\/schema\\\/person\\\/a855d420fff4d03637641d60b93ac62e\"},\"headline\":\"AMPN: prendiamoci cura delle aree marine protette di Monaco\",\"datePublished\":\"2022-09-05T10:40:08+00:00\",\"dateModified\":\"2022-09-05T10:40:56+00:00\",\"mainEntityOfPage\":{\"@id\":\"https:\\\/\\\/www.monaco-tribune.com\\\/it\\\/2022\\\/09\\\/ampn-prendiamoci-cura-delle-aree-marine-protette-di-monaco\\\/\"},\"wordCount\":1097,\"publisher\":{\"@id\":\"https:\\\/\\\/www.monaco-tribune.com\\\/it\\\/#organization\"},\"image\":{\"@id\":\"https:\\\/\\\/www.monaco-tribune.com\\\/it\\\/2022\\\/09\\\/ampn-prendiamoci-cura-delle-aree-marine-protette-di-monaco\\\/#primaryimage\"},\"thumbnailUrl\":\"https:\\\/\\\/www.monaco-tribune.com\\\/wp-content\\\/uploads\\\/2022\\\/08\\\/association-monegasque-protection-nature.jpg\",\"articleSection\":[\"Green\",\"La nostra scelta\",\"Notizie\"],\"inLanguage\":\"it-IT\",\"copyrightYear\":\"2022\",\"copyrightHolder\":{\"@id\":\"https:\\\/\\\/www.monaco-tribune.com\\\/#organization\"}},{\"@type\":\"WebPage\",\"@id\":\"https:\\\/\\\/www.monaco-tribune.com\\\/it\\\/2022\\\/09\\\/ampn-prendiamoci-cura-delle-aree-marine-protette-di-monaco\\\/\",\"url\":\"https:\\\/\\\/www.monaco-tribune.com\\\/it\\\/2022\\\/09\\\/ampn-prendiamoci-cura-delle-aree-marine-protette-di-monaco\\\/\",\"name\":\"AMPN: prendiamoci cura delle aree marine protette di Monaco\",\"isPartOf\":{\"@id\":\"https:\\\/\\\/www.monaco-tribune.com\\\/it\\\/#website\"},\"primaryImageOfPage\":{\"@id\":\"https:\\\/\\\/www.monaco-tribune.com\\\/it\\\/2022\\\/09\\\/ampn-prendiamoci-cura-delle-aree-marine-protette-di-monaco\\\/#primaryimage\"},\"image\":{\"@id\":\"https:\\\/\\\/www.monaco-tribune.com\\\/it\\\/2022\\\/09\\\/ampn-prendiamoci-cura-delle-aree-marine-protette-di-monaco\\\/#primaryimage\"},\"thumbnailUrl\":\"https:\\\/\\\/www.monaco-tribune.com\\\/wp-content\\\/uploads\\\/2022\\\/08\\\/association-monegasque-protection-nature.jpg\",\"datePublished\":\"2022-09-05T10:40:08+00:00\",\"dateModified\":\"2022-09-05T10:40:56+00:00\",\"description\":\"L\u2019Associazione monegasca per la tutela della natura si impegna da quasi 50 anni a preservare le aree marine protette del Larvotto e di Sp\u00e9lugues. Questo\",\"breadcrumb\":{\"@id\":\"https:\\\/\\\/www.monaco-tribune.com\\\/it\\\/2022\\\/09\\\/ampn-prendiamoci-cura-delle-aree-marine-protette-di-monaco\\\/#breadcrumb\"},\"inLanguage\":\"it-IT\",\"potentialAction\":[{\"@type\":\"ReadAction\",\"target\":[\"https:\\\/\\\/www.monaco-tribune.com\\\/it\\\/2022\\\/09\\\/ampn-prendiamoci-cura-delle-aree-marine-protette-di-monaco\\\/\"]}]},{\"@type\":\"ImageObject\",\"inLanguage\":\"it-IT\",\"@id\":\"https:\\\/\\\/www.monaco-tribune.com\\\/it\\\/2022\\\/09\\\/ampn-prendiamoci-cura-delle-aree-marine-protette-di-monaco\\\/#primaryimage\",\"url\":\"https:\\\/\\\/www.monaco-tribune.com\\\/wp-content\\\/uploads\\\/2022\\\/08\\\/association-monegasque-protection-nature.jpg\",\"contentUrl\":\"https:\\\/\\\/www.monaco-tribune.com\\\/wp-content\\\/uploads\\\/2022\\\/08\\\/association-monegasque-protection-nature.jpg\",\"width\":1020,\"height\":602,\"caption\":\"Olivier Jude e Sylvie Laurent\"},{\"@type\":\"BreadcrumbList\",\"@id\":\"https:\\\/\\\/www.monaco-tribune.com\\\/it\\\/2022\\\/09\\\/ampn-prendiamoci-cura-delle-aree-marine-protette-di-monaco\\\/#breadcrumb\",\"itemListElement\":[{\"@type\":\"ListItem\",\"position\":1,\"name\":\"Accueil\",\"item\":\"https:\\\/\\\/www.monaco-tribune.com\\\/it\\\/\"},{\"@type\":\"ListItem\",\"position\":2,\"name\":\"AMPN: prendiamoci cura delle aree marine protette di Monaco\"}]},{\"@type\":\"WebSite\",\"@id\":\"https:\\\/\\\/www.monaco-tribune.com\\\/it\\\/#website\",\"url\":\"https:\\\/\\\/www.monaco-tribune.com\\\/it\\\/\",\"name\":\"Monaco Tribune\",\"description\":\"Monaco : actualit\u00e9s \u00e9conomiques, politiques, culturelles et sportives de Monaco et de la French Riviera.\",\"publisher\":{\"@id\":\"https:\\\/\\\/www.monaco-tribune.com\\\/it\\\/#organization\"},\"potentialAction\":[{\"@type\":\"SearchAction\",\"target\":{\"@type\":\"EntryPoint\",\"urlTemplate\":\"https:\\\/\\\/www.monaco-tribune.com\\\/it\\\/?s={search_term_string}\"},\"query-input\":{\"@type\":\"PropertyValueSpecification\",\"valueRequired\":true,\"valueName\":\"search_term_string\"}}],\"inLanguage\":\"it-IT\"},{\"@type\":\"Organization\",\"@id\":\"https:\\\/\\\/www.monaco-tribune.com\\\/it\\\/#organization\",\"name\":\"Monaco Tribune\",\"url\":\"https:\\\/\\\/www.monaco-tribune.com\\\/it\\\/\",\"logo\":{\"@type\":\"ImageObject\",\"inLanguage\":\"it-IT\",\"@id\":\"https:\\\/\\\/www.monaco-tribune.com\\\/it\\\/#\\\/schema\\\/logo\\\/image\\\/\",\"url\":\"https:\\\/\\\/www.monaco-tribune.com\\\/wp-content\\\/uploads\\\/2022\\\/11\\\/logo-monaco-tribune.png\",\"contentUrl\":\"https:\\\/\\\/www.monaco-tribune.com\\\/wp-content\\\/uploads\\\/2022\\\/11\\\/logo-monaco-tribune.png\",\"width\":1548,\"height\":600,\"caption\":\"Monaco Tribune\"},\"image\":{\"@id\":\"https:\\\/\\\/www.monaco-tribune.com\\\/it\\\/#\\\/schema\\\/logo\\\/image\\\/\"},\"sameAs\":[\"https:\\\/\\\/www.facebook.com\\\/MonacoTribune\",\"https:\\\/\\\/x.com\\\/MonacoTribune\",\"https:\\\/\\\/www.instagram.com\\\/monacotribune\\\/\",\"https:\\\/\\\/www.linkedin.com\\\/company\\\/monaco-tribune\",\"https:\\\/\\\/www.youtube.com\\\/channel\\\/UCHle1MnG6hw1y4lWKijVbMA\"]},{\"@type\":\"Person\",\"@id\":\"https:\\\/\\\/www.monaco-tribune.com\\\/it\\\/#\\\/schema\\\/person\\\/a855d420fff4d03637641d60b93ac62e\",\"name\":\"Camille Esteve\",\"image\":{\"@type\":\"ImageObject\",\"inLanguage\":\"it-IT\",\"@id\":\"https:\\\/\\\/secure.gravatar.com\\\/avatar\\\/eaaa2355a7bb56c0018a391c20a55bf9b4690e3f493231dd850e612bfa6ce161?s=96&d=mm&r=g\",\"url\":\"https:\\\/\\\/secure.gravatar.com\\\/avatar\\\/eaaa2355a7bb56c0018a391c20a55bf9b4690e3f493231dd850e612bfa6ce161?s=96&d=mm&r=g\",\"contentUrl\":\"https:\\\/\\\/secure.gravatar.com\\\/avatar\\\/eaaa2355a7bb56c0018a391c20a55bf9b4690e3f493231dd850e612bfa6ce161?s=96&d=mm&r=g\",\"caption\":\"Camille Esteve\"},\"url\":\"https:\\\/\\\/www.monaco-tribune.com\\\/it\\\/author\\\/camilleesteve\\\/\"}]}<\/script>\n<!-- \/ Yoast SEO Premium plugin. -->","yoast_head_json":{"title":"AMPN: prendiamoci cura delle aree marine protette di Monaco","description":"L\u2019Associazione monegasca per la tutela della natura si impegna da quasi 50 anni a preservare le aree marine protette del Larvotto e di Sp\u00e9lugues. Questo","robots":{"index":"index","follow":"follow","max-snippet":"max-snippet:-1","max-image-preview":"max-image-preview:large","max-video-preview":"max-video-preview:-1"},"canonical":"https:\/\/www.monaco-tribune.com\/it\/2022\/09\/ampn-prendiamoci-cura-delle-aree-marine-protette-di-monaco\/","og_locale":"it_IT","og_type":"article","og_title":"AMPN: prendiamoci cura delle aree marine protette di Monaco - Monaco Tribune","og_description":"L\u2019Associazione monegasca per la tutela della natura si impegna da quasi 50 anni a preservare le aree marine protette del Larvotto e di Sp\u00e9lugues. Questo","og_url":"https:\/\/www.monaco-tribune.com\/it\/2022\/09\/ampn-prendiamoci-cura-delle-aree-marine-protette-di-monaco\/","og_site_name":"Monaco Tribune","article_publisher":"https:\/\/www.facebook.com\/MonacoTribune","article_published_time":"2022-09-05T10:40:08+00:00","article_modified_time":"2022-09-05T10:40:56+00:00","og_image":[{"width":1020,"height":602,"url":"https:\/\/www.monaco-tribune.com\/wp-content\/uploads\/2022\/08\/association-monegasque-protection-nature.jpg","type":"image\/jpeg"}],"author":"Camille Esteve","twitter_card":"summary_large_image","twitter_creator":"@MonacoTribune","twitter_site":"@MonacoTribune","schema":{"@context":"https:\/\/schema.org","@graph":[{"@type":"NewsArticle","@id":"https:\/\/www.monaco-tribune.com\/it\/2022\/09\/ampn-prendiamoci-cura-delle-aree-marine-protette-di-monaco\/#article","isPartOf":{"@id":"https:\/\/www.monaco-tribune.com\/it\/2022\/09\/ampn-prendiamoci-cura-delle-aree-marine-protette-di-monaco\/"},"author":{"name":"Camille Esteve","@id":"https:\/\/www.monaco-tribune.com\/it\/#\/schema\/person\/a855d420fff4d03637641d60b93ac62e"},"headline":"AMPN: prendiamoci cura delle aree marine protette di Monaco","datePublished":"2022-09-05T10:40:08+00:00","dateModified":"2022-09-05T10:40:56+00:00","mainEntityOfPage":{"@id":"https:\/\/www.monaco-tribune.com\/it\/2022\/09\/ampn-prendiamoci-cura-delle-aree-marine-protette-di-monaco\/"},"wordCount":1097,"publisher":{"@id":"https:\/\/www.monaco-tribune.com\/it\/#organization"},"image":{"@id":"https:\/\/www.monaco-tribune.com\/it\/2022\/09\/ampn-prendiamoci-cura-delle-aree-marine-protette-di-monaco\/#primaryimage"},"thumbnailUrl":"https:\/\/www.monaco-tribune.com\/wp-content\/uploads\/2022\/08\/association-monegasque-protection-nature.jpg","articleSection":["Green","La nostra scelta","Notizie"],"inLanguage":"it-IT","copyrightYear":"2022","copyrightHolder":{"@id":"https:\/\/www.monaco-tribune.com\/#organization"}},{"@type":"WebPage","@id":"https:\/\/www.monaco-tribune.com\/it\/2022\/09\/ampn-prendiamoci-cura-delle-aree-marine-protette-di-monaco\/","url":"https:\/\/www.monaco-tribune.com\/it\/2022\/09\/ampn-prendiamoci-cura-delle-aree-marine-protette-di-monaco\/","name":"AMPN: prendiamoci cura delle aree marine protette di Monaco","isPartOf":{"@id":"https:\/\/www.monaco-tribune.com\/it\/#website"},"primaryImageOfPage":{"@id":"https:\/\/www.monaco-tribune.com\/it\/2022\/09\/ampn-prendiamoci-cura-delle-aree-marine-protette-di-monaco\/#primaryimage"},"image":{"@id":"https:\/\/www.monaco-tribune.com\/it\/2022\/09\/ampn-prendiamoci-cura-delle-aree-marine-protette-di-monaco\/#primaryimage"},"thumbnailUrl":"https:\/\/www.monaco-tribune.com\/wp-content\/uploads\/2022\/08\/association-monegasque-protection-nature.jpg","datePublished":"2022-09-05T10:40:08+00:00","dateModified":"2022-09-05T10:40:56+00:00","description":"L\u2019Associazione monegasca per la tutela della natura si impegna da quasi 50 anni a preservare le aree marine protette del Larvotto e di Sp\u00e9lugues. Questo","breadcrumb":{"@id":"https:\/\/www.monaco-tribune.com\/it\/2022\/09\/ampn-prendiamoci-cura-delle-aree-marine-protette-di-monaco\/#breadcrumb"},"inLanguage":"it-IT","potentialAction":[{"@type":"ReadAction","target":["https:\/\/www.monaco-tribune.com\/it\/2022\/09\/ampn-prendiamoci-cura-delle-aree-marine-protette-di-monaco\/"]}]},{"@type":"ImageObject","inLanguage":"it-IT","@id":"https:\/\/www.monaco-tribune.com\/it\/2022\/09\/ampn-prendiamoci-cura-delle-aree-marine-protette-di-monaco\/#primaryimage","url":"https:\/\/www.monaco-tribune.com\/wp-content\/uploads\/2022\/08\/association-monegasque-protection-nature.jpg","contentUrl":"https:\/\/www.monaco-tribune.com\/wp-content\/uploads\/2022\/08\/association-monegasque-protection-nature.jpg","width":1020,"height":602,"caption":"Olivier Jude e Sylvie Laurent"},{"@type":"BreadcrumbList","@id":"https:\/\/www.monaco-tribune.com\/it\/2022\/09\/ampn-prendiamoci-cura-delle-aree-marine-protette-di-monaco\/#breadcrumb","itemListElement":[{"@type":"ListItem","position":1,"name":"Accueil","item":"https:\/\/www.monaco-tribune.com\/it\/"},{"@type":"ListItem","position":2,"name":"AMPN: prendiamoci cura delle aree marine protette di Monaco"}]},{"@type":"WebSite","@id":"https:\/\/www.monaco-tribune.com\/it\/#website","url":"https:\/\/www.monaco-tribune.com\/it\/","name":"Monaco Tribune","description":"Monaco : actualit\u00e9s \u00e9conomiques, politiques, culturelles et sportives de Monaco et de la French Riviera.","publisher":{"@id":"https:\/\/www.monaco-tribune.com\/it\/#organization"},"potentialAction":[{"@type":"SearchAction","target":{"@type":"EntryPoint","urlTemplate":"https:\/\/www.monaco-tribune.com\/it\/?s={search_term_string}"},"query-input":{"@type":"PropertyValueSpecification","valueRequired":true,"valueName":"search_term_string"}}],"inLanguage":"it-IT"},{"@type":"Organization","@id":"https:\/\/www.monaco-tribune.com\/it\/#organization","name":"Monaco Tribune","url":"https:\/\/www.monaco-tribune.com\/it\/","logo":{"@type":"ImageObject","inLanguage":"it-IT","@id":"https:\/\/www.monaco-tribune.com\/it\/#\/schema\/logo\/image\/","url":"https:\/\/www.monaco-tribune.com\/wp-content\/uploads\/2022\/11\/logo-monaco-tribune.png","contentUrl":"https:\/\/www.monaco-tribune.com\/wp-content\/uploads\/2022\/11\/logo-monaco-tribune.png","width":1548,"height":600,"caption":"Monaco Tribune"},"image":{"@id":"https:\/\/www.monaco-tribune.com\/it\/#\/schema\/logo\/image\/"},"sameAs":["https:\/\/www.facebook.com\/MonacoTribune","https:\/\/x.com\/MonacoTribune","https:\/\/www.instagram.com\/monacotribune\/","https:\/\/www.linkedin.com\/company\/monaco-tribune","https:\/\/www.youtube.com\/channel\/UCHle1MnG6hw1y4lWKijVbMA"]},{"@type":"Person","@id":"https:\/\/www.monaco-tribune.com\/it\/#\/schema\/person\/a855d420fff4d03637641d60b93ac62e","name":"Camille Esteve","image":{"@type":"ImageObject","inLanguage":"it-IT","@id":"https:\/\/secure.gravatar.com\/avatar\/eaaa2355a7bb56c0018a391c20a55bf9b4690e3f493231dd850e612bfa6ce161?s=96&d=mm&r=g","url":"https:\/\/secure.gravatar.com\/avatar\/eaaa2355a7bb56c0018a391c20a55bf9b4690e3f493231dd850e612bfa6ce161?s=96&d=mm&r=g","contentUrl":"https:\/\/secure.gravatar.com\/avatar\/eaaa2355a7bb56c0018a391c20a55bf9b4690e3f493231dd850e612bfa6ce161?s=96&d=mm&r=g","caption":"Camille Esteve"},"url":"https:\/\/www.monaco-tribune.com\/it\/author\/camilleesteve\/"}]}},"_links":{"self":[{"href":"https:\/\/www.monaco-tribune.com\/it\/wp-json\/wp\/v2\/posts\/136575","targetHints":{"allow":["GET"]}}],"collection":[{"href":"https:\/\/www.monaco-tribune.com\/it\/wp-json\/wp\/v2\/posts"}],"about":[{"href":"https:\/\/www.monaco-tribune.com\/it\/wp-json\/wp\/v2\/types\/post"}],"author":[{"embeddable":true,"href":"https:\/\/www.monaco-tribune.com\/it\/wp-json\/wp\/v2\/users\/60"}],"replies":[{"embeddable":true,"href":"https:\/\/www.monaco-tribune.com\/it\/wp-json\/wp\/v2\/comments?post=136575"}],"version-history":[{"count":0,"href":"https:\/\/www.monaco-tribune.com\/it\/wp-json\/wp\/v2\/posts\/136575\/revisions"}],"wp:featuredmedia":[{"embeddable":true,"href":"https:\/\/www.monaco-tribune.com\/it\/wp-json\/wp\/v2\/media\/135756"}],"wp:attachment":[{"href":"https:\/\/www.monaco-tribune.com\/it\/wp-json\/wp\/v2\/media?parent=136575"}],"wp:term":[{"taxonomy":"category","embeddable":true,"href":"https:\/\/www.monaco-tribune.com\/it\/wp-json\/wp\/v2\/categories?post=136575"},{"taxonomy":"post_tag","embeddable":true,"href":"https:\/\/www.monaco-tribune.com\/it\/wp-json\/wp\/v2\/tags?post=136575"},{"taxonomy":"sectag","embeddable":true,"href":"https:\/\/www.monaco-tribune.com\/it\/wp-json\/wp\/v2\/post_sectags?post=136575"},{"taxonomy":"format","embeddable":true,"href":"https:\/\/www.monaco-tribune.com\/it\/wp-json\/wp\/v2\/post_format?post=136575"}],"curies":[{"name":"wp","href":"https:\/\/api.w.org\/{rel}","templated":true}]}}