{"id":137317,"date":"2022-09-09T12:06:00","date_gmt":"2022-09-09T10:06:00","guid":{"rendered":"https:\/\/www.monaco-tribune.com\/2022\/09\/il-crem-inaugura-i-suoi-nuovi-locali-alla-presenza-del-principe-alberto-ii\/"},"modified":"2022-09-09T12:16:51","modified_gmt":"2022-09-09T10:16:51","slug":"il-crem-inaugura-i-suoi-nuovi-locali-alla-presenza-del-principe-alberto-ii","status":"publish","type":"post","link":"https:\/\/www.monaco-tribune.com\/it\/2022\/09\/il-crem-inaugura-i-suoi-nuovi-locali-alla-presenza-del-principe-alberto-ii\/","title":{"rendered":"Il Crem inaugura i suoi nuovi locali alla presenza del Principe Alberto II"},"content":{"rendered":"\n<p><strong>Il Club ha riaperto le porte al pubblico il 6 settembre. Il giorno prima il Principe era presente all&#8217;inaugurazione dei locali messi a nuovo.<\/strong><\/p>\n\n\n\n<p>Luned\u00ec 5 settembre il Crem (Club des R\u00e9sidents \u00c9trangers de Monaco, Club dei residenti stranieri di Monaco) ha inaugurato i suoi nuovi locali completamente ristrutturati. Il Principe Alberto II, presente all&#8217;intima cerimonia, ha aperto le porte del Club, presso la residenza Le Mirabeau, dopo due mesi di lavori.<\/p>\n\n\n<div class=\"wp-block-image\">\n<figure class=\"aligncenter size-full\"><img loading=\"lazy\" decoding=\"async\" width=\"1020\" height=\"680\" src=\"https:\/\/www.monaco-tribune.com\/wp-content\/uploads\/2022\/09\/crem-inauguration-prince-albert-ii.jpg\" alt=\" Inaugurazione dei nuovi locali del CREM 2022\" class=\"wp-image-137080\" srcset=\"https:\/\/www.monaco-tribune.com\/wp-content\/uploads\/2022\/09\/crem-inauguration-prince-albert-ii.jpg 1020w, https:\/\/www.monaco-tribune.com\/wp-content\/uploads\/2022\/09\/crem-inauguration-prince-albert-ii-450x300.jpg 450w\" sizes=\"auto, (max-width: 1020px) 100vw, 1020px\" \/><figcaption><em>\u00a9 Eric Mathon \/ Palazzo del Principe<\/em><\/figcaption><\/figure>\n<\/div>\n\n\n<p>&#8220;Il Club \u00e8 ora pi\u00f9 spazioso, luminoso e moderno e rimane fedele all&#8217;atmosfera e al design iniziale creati da Lady Tina Green [moglie di Sir Philip Green, n.d.r.]&#8221;, si legge sul comunicato stampa.<\/p>\n\n\n<div class=\"wp-block-image\">\n<figure class=\"aligncenter size-full\"><img loading=\"lazy\" decoding=\"async\" width=\"1020\" height=\"680\" src=\"https:\/\/www.monaco-tribune.com\/wp-content\/uploads\/2022\/09\/crem-nouveaux-locaux-monaco.jpg\" alt=\"crem-nuovi-locali-monaco\" class=\"wp-image-137084\" srcset=\"https:\/\/www.monaco-tribune.com\/wp-content\/uploads\/2022\/09\/crem-nouveaux-locaux-monaco.jpg 1020w, https:\/\/www.monaco-tribune.com\/wp-content\/uploads\/2022\/09\/crem-nouveaux-locaux-monaco-450x300.jpg 450w\" sizes=\"auto, (max-width: 1020px) 100vw, 1020px\" \/><figcaption><em>\u00a9 Yvan Soulier \/ Carte Blanche<\/em><\/figcaption><\/figure>\n<\/div>\n\n\n<p><strong>LEGGI ANCHE: <a href=\"https:\/\/www.monaco-tribune.com\/it\/2022\/03\/chris-dhondt-la-missione-del-crem-e-connettere-le-persone-nel-principato\/\">Chris Dhondt: \u201cLa missione del Crem \u00e8 connettere le persone nel Principato\u201d<\/a><\/strong><\/p>\n\n\n\n<p>La serata si \u00e8 conclusa con un piccolo cocktail party. Il direttore del Crem, Chris Dhondt, ha ringraziato i collaboratori coinvolti in tutte le fasi della ristrutturazione: Marie-Pierre Martin Charpenel, interior designer e proprietaria della societ\u00e0 MPMC Design, Dominique Roitel, amministratore delegato di Henryot &amp; Cie (la pi\u00f9 antica fabbrica di mobili di qualit\u00e0), Lucas Pinton, amministratore delegato della fabbrica Pinton (storici maestri tappezzieri di Aubusson) e Luca Marcucci, direttore dell&#8217;appaltatore generale TDMP.<\/p>\n","protected":false},"excerpt":{"rendered":"<p>Il Club ha riaperto le porte al pubblico il 6 settembre. Il giorno prima il Principe era presente all&#8217;inaugurazione dei [&hellip;]<\/p>\n","protected":false},"author":60,"featured_media":137088,"comment_status":"closed","ping_status":"closed","sticky":false,"template":"","format":"standard","meta":{"_acf_changed":false,"footnotes":""},"categories":[1739,1738],"tags":[],"post_sectags":[],"post_format":[2478],"class_list":["post-137317","post","type-post","status-publish","format-standard","has-post-thumbnail","hentry","category-business-it","category-notizie","format-notizia"],"acf":[],"yoast_head":"<!-- This site is optimized with the Yoast SEO Premium plugin v26.8 (Yoast SEO v27.5) - https:\/\/yoast.com\/product\/yoast-seo-premium-wordpress\/ -->\n<title>Il Crem inaugura i suoi nuovi locali alla presenza del Principe Alberto II<\/title>\n<meta name=\"description\" content=\"Il Club ha riaperto le porte al pubblico il 6 settembre. Il giorno prima il Principe era presente all&#039;inaugurazione dei locali messi a nuovo. Luned\u00ec 5\" \/>\n<meta name=\"robots\" content=\"index, follow, max-snippet:-1, max-image-preview:large, max-video-preview:-1\" \/>\n<link rel=\"canonical\" href=\"https:\/\/www.monaco-tribune.com\/it\/2022\/09\/il-crem-inaugura-i-suoi-nuovi-locali-alla-presenza-del-principe-alberto-ii\/\" \/>\n<meta property=\"og:locale\" content=\"it_IT\" \/>\n<meta property=\"og:type\" content=\"article\" \/>\n<meta property=\"og:title\" content=\"Il Crem inaugura i suoi nuovi locali alla presenza del Principe Alberto II - Monaco Tribune\" \/>\n<meta property=\"og:description\" content=\"Il Club ha riaperto le porte al pubblico il 6 settembre. Il giorno prima il Principe era presente all&#039;inaugurazione dei locali messi a nuovo. Luned\u00ec 5\" \/>\n<meta property=\"og:url\" content=\"https:\/\/www.monaco-tribune.com\/it\/2022\/09\/il-crem-inaugura-i-suoi-nuovi-locali-alla-presenza-del-principe-alberto-ii\/\" \/>\n<meta property=\"og:site_name\" content=\"Monaco Tribune\" \/>\n<meta property=\"article:publisher\" content=\"https:\/\/www.facebook.com\/MonacoTribune\" \/>\n<meta property=\"article:published_time\" content=\"2022-09-09T10:06:00+00:00\" \/>\n<meta property=\"article:modified_time\" content=\"2022-09-09T10:16:51+00:00\" \/>\n<meta property=\"og:image\" content=\"https:\/\/www.monaco-tribune.com\/wp-content\/uploads\/2022\/09\/prince-albert-ii-crem-inauguration-locaux.jpg\" \/>\n\t<meta property=\"og:image:width\" content=\"1020\" \/>\n\t<meta property=\"og:image:height\" content=\"680\" \/>\n\t<meta property=\"og:image:type\" content=\"image\/jpeg\" \/>\n<meta name=\"author\" content=\"Camille Esteve\" \/>\n<meta name=\"twitter:card\" content=\"summary_large_image\" \/>\n<meta name=\"twitter:creator\" content=\"@MonacoTribune\" \/>\n<meta name=\"twitter:site\" content=\"@MonacoTribune\" \/>\n<script type=\"application\/ld+json\" class=\"yoast-schema-graph\">{\"@context\":\"https:\\\/\\\/schema.org\",\"@graph\":[{\"@type\":\"NewsArticle\",\"@id\":\"https:\\\/\\\/www.monaco-tribune.com\\\/it\\\/2022\\\/09\\\/il-crem-inaugura-i-suoi-nuovi-locali-alla-presenza-del-principe-alberto-ii\\\/#article\",\"isPartOf\":{\"@id\":\"https:\\\/\\\/www.monaco-tribune.com\\\/it\\\/2022\\\/09\\\/il-crem-inaugura-i-suoi-nuovi-locali-alla-presenza-del-principe-alberto-ii\\\/\"},\"author\":{\"name\":\"Camille Esteve\",\"@id\":\"https:\\\/\\\/www.monaco-tribune.com\\\/it\\\/#\\\/schema\\\/person\\\/a855d420fff4d03637641d60b93ac62e\"},\"headline\":\"Il Crem inaugura i suoi nuovi locali alla presenza del Principe Alberto II\",\"datePublished\":\"2022-09-09T10:06:00+00:00\",\"dateModified\":\"2022-09-09T10:16:51+00:00\",\"mainEntityOfPage\":{\"@id\":\"https:\\\/\\\/www.monaco-tribune.com\\\/it\\\/2022\\\/09\\\/il-crem-inaugura-i-suoi-nuovi-locali-alla-presenza-del-principe-alberto-ii\\\/\"},\"wordCount\":216,\"publisher\":{\"@id\":\"https:\\\/\\\/www.monaco-tribune.com\\\/it\\\/#organization\"},\"image\":{\"@id\":\"https:\\\/\\\/www.monaco-tribune.com\\\/it\\\/2022\\\/09\\\/il-crem-inaugura-i-suoi-nuovi-locali-alla-presenza-del-principe-alberto-ii\\\/#primaryimage\"},\"thumbnailUrl\":\"https:\\\/\\\/www.monaco-tribune.com\\\/wp-content\\\/uploads\\\/2022\\\/09\\\/prince-albert-ii-crem-inauguration-locaux.jpg\",\"articleSection\":[\"Business\",\"Notizie\"],\"inLanguage\":\"it-IT\",\"copyrightYear\":\"2022\",\"copyrightHolder\":{\"@id\":\"https:\\\/\\\/www.monaco-tribune.com\\\/#organization\"}},{\"@type\":\"WebPage\",\"@id\":\"https:\\\/\\\/www.monaco-tribune.com\\\/it\\\/2022\\\/09\\\/il-crem-inaugura-i-suoi-nuovi-locali-alla-presenza-del-principe-alberto-ii\\\/\",\"url\":\"https:\\\/\\\/www.monaco-tribune.com\\\/it\\\/2022\\\/09\\\/il-crem-inaugura-i-suoi-nuovi-locali-alla-presenza-del-principe-alberto-ii\\\/\",\"name\":\"Il Crem inaugura i suoi nuovi locali alla presenza del Principe Alberto II\",\"isPartOf\":{\"@id\":\"https:\\\/\\\/www.monaco-tribune.com\\\/it\\\/#website\"},\"primaryImageOfPage\":{\"@id\":\"https:\\\/\\\/www.monaco-tribune.com\\\/it\\\/2022\\\/09\\\/il-crem-inaugura-i-suoi-nuovi-locali-alla-presenza-del-principe-alberto-ii\\\/#primaryimage\"},\"image\":{\"@id\":\"https:\\\/\\\/www.monaco-tribune.com\\\/it\\\/2022\\\/09\\\/il-crem-inaugura-i-suoi-nuovi-locali-alla-presenza-del-principe-alberto-ii\\\/#primaryimage\"},\"thumbnailUrl\":\"https:\\\/\\\/www.monaco-tribune.com\\\/wp-content\\\/uploads\\\/2022\\\/09\\\/prince-albert-ii-crem-inauguration-locaux.jpg\",\"datePublished\":\"2022-09-09T10:06:00+00:00\",\"dateModified\":\"2022-09-09T10:16:51+00:00\",\"description\":\"Il Club ha riaperto le porte al pubblico il 6 settembre. Il giorno prima il Principe era presente all'inaugurazione dei locali messi a nuovo. Luned\u00ec 5\",\"breadcrumb\":{\"@id\":\"https:\\\/\\\/www.monaco-tribune.com\\\/it\\\/2022\\\/09\\\/il-crem-inaugura-i-suoi-nuovi-locali-alla-presenza-del-principe-alberto-ii\\\/#breadcrumb\"},\"inLanguage\":\"it-IT\",\"potentialAction\":[{\"@type\":\"ReadAction\",\"target\":[\"https:\\\/\\\/www.monaco-tribune.com\\\/it\\\/2022\\\/09\\\/il-crem-inaugura-i-suoi-nuovi-locali-alla-presenza-del-principe-alberto-ii\\\/\"]}]},{\"@type\":\"ImageObject\",\"inLanguage\":\"it-IT\",\"@id\":\"https:\\\/\\\/www.monaco-tribune.com\\\/it\\\/2022\\\/09\\\/il-crem-inaugura-i-suoi-nuovi-locali-alla-presenza-del-principe-alberto-ii\\\/#primaryimage\",\"url\":\"https:\\\/\\\/www.monaco-tribune.com\\\/wp-content\\\/uploads\\\/2022\\\/09\\\/prince-albert-ii-crem-inauguration-locaux.jpg\",\"contentUrl\":\"https:\\\/\\\/www.monaco-tribune.com\\\/wp-content\\\/uploads\\\/2022\\\/09\\\/prince-albert-ii-crem-inauguration-locaux.jpg\",\"width\":1020,\"height\":680,\"caption\":\"Eric Mathon \\\/ Palazzo del Principe\"},{\"@type\":\"BreadcrumbList\",\"@id\":\"https:\\\/\\\/www.monaco-tribune.com\\\/it\\\/2022\\\/09\\\/il-crem-inaugura-i-suoi-nuovi-locali-alla-presenza-del-principe-alberto-ii\\\/#breadcrumb\",\"itemListElement\":[{\"@type\":\"ListItem\",\"position\":1,\"name\":\"Accueil\",\"item\":\"https:\\\/\\\/www.monaco-tribune.com\\\/it\\\/\"},{\"@type\":\"ListItem\",\"position\":2,\"name\":\"Il Crem inaugura i suoi nuovi locali alla presenza del Principe Alberto II\"}]},{\"@type\":\"WebSite\",\"@id\":\"https:\\\/\\\/www.monaco-tribune.com\\\/it\\\/#website\",\"url\":\"https:\\\/\\\/www.monaco-tribune.com\\\/it\\\/\",\"name\":\"Monaco Tribune\",\"description\":\"Monaco : actualit\u00e9s \u00e9conomiques, politiques, culturelles et sportives de Monaco et de la French Riviera.\",\"publisher\":{\"@id\":\"https:\\\/\\\/www.monaco-tribune.com\\\/it\\\/#organization\"},\"potentialAction\":[{\"@type\":\"SearchAction\",\"target\":{\"@type\":\"EntryPoint\",\"urlTemplate\":\"https:\\\/\\\/www.monaco-tribune.com\\\/it\\\/?s={search_term_string}\"},\"query-input\":{\"@type\":\"PropertyValueSpecification\",\"valueRequired\":true,\"valueName\":\"search_term_string\"}}],\"inLanguage\":\"it-IT\"},{\"@type\":\"Organization\",\"@id\":\"https:\\\/\\\/www.monaco-tribune.com\\\/it\\\/#organization\",\"name\":\"Monaco Tribune\",\"url\":\"https:\\\/\\\/www.monaco-tribune.com\\\/it\\\/\",\"logo\":{\"@type\":\"ImageObject\",\"inLanguage\":\"it-IT\",\"@id\":\"https:\\\/\\\/www.monaco-tribune.com\\\/it\\\/#\\\/schema\\\/logo\\\/image\\\/\",\"url\":\"https:\\\/\\\/www.monaco-tribune.com\\\/wp-content\\\/uploads\\\/2022\\\/11\\\/logo-monaco-tribune.png\",\"contentUrl\":\"https:\\\/\\\/www.monaco-tribune.com\\\/wp-content\\\/uploads\\\/2022\\\/11\\\/logo-monaco-tribune.png\",\"width\":1548,\"height\":600,\"caption\":\"Monaco Tribune\"},\"image\":{\"@id\":\"https:\\\/\\\/www.monaco-tribune.com\\\/it\\\/#\\\/schema\\\/logo\\\/image\\\/\"},\"sameAs\":[\"https:\\\/\\\/www.facebook.com\\\/MonacoTribune\",\"https:\\\/\\\/x.com\\\/MonacoTribune\",\"https:\\\/\\\/www.instagram.com\\\/monacotribune\\\/\",\"https:\\\/\\\/www.linkedin.com\\\/company\\\/monaco-tribune\",\"https:\\\/\\\/www.youtube.com\\\/channel\\\/UCHle1MnG6hw1y4lWKijVbMA\"]},{\"@type\":\"Person\",\"@id\":\"https:\\\/\\\/www.monaco-tribune.com\\\/it\\\/#\\\/schema\\\/person\\\/a855d420fff4d03637641d60b93ac62e\",\"name\":\"Camille Esteve\",\"image\":{\"@type\":\"ImageObject\",\"inLanguage\":\"it-IT\",\"@id\":\"https:\\\/\\\/secure.gravatar.com\\\/avatar\\\/eaaa2355a7bb56c0018a391c20a55bf9b4690e3f493231dd850e612bfa6ce161?s=96&d=mm&r=g\",\"url\":\"https:\\\/\\\/secure.gravatar.com\\\/avatar\\\/eaaa2355a7bb56c0018a391c20a55bf9b4690e3f493231dd850e612bfa6ce161?s=96&d=mm&r=g\",\"contentUrl\":\"https:\\\/\\\/secure.gravatar.com\\\/avatar\\\/eaaa2355a7bb56c0018a391c20a55bf9b4690e3f493231dd850e612bfa6ce161?s=96&d=mm&r=g\",\"caption\":\"Camille Esteve\"},\"url\":\"https:\\\/\\\/www.monaco-tribune.com\\\/it\\\/author\\\/camilleesteve\\\/\"}]}<\/script>\n<!-- \/ Yoast SEO Premium plugin. -->","yoast_head_json":{"title":"Il Crem inaugura i suoi nuovi locali alla presenza del Principe Alberto II","description":"Il Club ha riaperto le porte al pubblico il 6 settembre. Il giorno prima il Principe era presente all'inaugurazione dei locali messi a nuovo. Luned\u00ec 5","robots":{"index":"index","follow":"follow","max-snippet":"max-snippet:-1","max-image-preview":"max-image-preview:large","max-video-preview":"max-video-preview:-1"},"canonical":"https:\/\/www.monaco-tribune.com\/it\/2022\/09\/il-crem-inaugura-i-suoi-nuovi-locali-alla-presenza-del-principe-alberto-ii\/","og_locale":"it_IT","og_type":"article","og_title":"Il Crem inaugura i suoi nuovi locali alla presenza del Principe Alberto II - Monaco Tribune","og_description":"Il Club ha riaperto le porte al pubblico il 6 settembre. Il giorno prima il Principe era presente all'inaugurazione dei locali messi a nuovo. Luned\u00ec 5","og_url":"https:\/\/www.monaco-tribune.com\/it\/2022\/09\/il-crem-inaugura-i-suoi-nuovi-locali-alla-presenza-del-principe-alberto-ii\/","og_site_name":"Monaco Tribune","article_publisher":"https:\/\/www.facebook.com\/MonacoTribune","article_published_time":"2022-09-09T10:06:00+00:00","article_modified_time":"2022-09-09T10:16:51+00:00","og_image":[{"width":1020,"height":680,"url":"https:\/\/www.monaco-tribune.com\/wp-content\/uploads\/2022\/09\/prince-albert-ii-crem-inauguration-locaux.jpg","type":"image\/jpeg"}],"author":"Camille Esteve","twitter_card":"summary_large_image","twitter_creator":"@MonacoTribune","twitter_site":"@MonacoTribune","schema":{"@context":"https:\/\/schema.org","@graph":[{"@type":"NewsArticle","@id":"https:\/\/www.monaco-tribune.com\/it\/2022\/09\/il-crem-inaugura-i-suoi-nuovi-locali-alla-presenza-del-principe-alberto-ii\/#article","isPartOf":{"@id":"https:\/\/www.monaco-tribune.com\/it\/2022\/09\/il-crem-inaugura-i-suoi-nuovi-locali-alla-presenza-del-principe-alberto-ii\/"},"author":{"name":"Camille Esteve","@id":"https:\/\/www.monaco-tribune.com\/it\/#\/schema\/person\/a855d420fff4d03637641d60b93ac62e"},"headline":"Il Crem inaugura i suoi nuovi locali alla presenza del Principe Alberto II","datePublished":"2022-09-09T10:06:00+00:00","dateModified":"2022-09-09T10:16:51+00:00","mainEntityOfPage":{"@id":"https:\/\/www.monaco-tribune.com\/it\/2022\/09\/il-crem-inaugura-i-suoi-nuovi-locali-alla-presenza-del-principe-alberto-ii\/"},"wordCount":216,"publisher":{"@id":"https:\/\/www.monaco-tribune.com\/it\/#organization"},"image":{"@id":"https:\/\/www.monaco-tribune.com\/it\/2022\/09\/il-crem-inaugura-i-suoi-nuovi-locali-alla-presenza-del-principe-alberto-ii\/#primaryimage"},"thumbnailUrl":"https:\/\/www.monaco-tribune.com\/wp-content\/uploads\/2022\/09\/prince-albert-ii-crem-inauguration-locaux.jpg","articleSection":["Business","Notizie"],"inLanguage":"it-IT","copyrightYear":"2022","copyrightHolder":{"@id":"https:\/\/www.monaco-tribune.com\/#organization"}},{"@type":"WebPage","@id":"https:\/\/www.monaco-tribune.com\/it\/2022\/09\/il-crem-inaugura-i-suoi-nuovi-locali-alla-presenza-del-principe-alberto-ii\/","url":"https:\/\/www.monaco-tribune.com\/it\/2022\/09\/il-crem-inaugura-i-suoi-nuovi-locali-alla-presenza-del-principe-alberto-ii\/","name":"Il Crem inaugura i suoi nuovi locali alla presenza del Principe Alberto II","isPartOf":{"@id":"https:\/\/www.monaco-tribune.com\/it\/#website"},"primaryImageOfPage":{"@id":"https:\/\/www.monaco-tribune.com\/it\/2022\/09\/il-crem-inaugura-i-suoi-nuovi-locali-alla-presenza-del-principe-alberto-ii\/#primaryimage"},"image":{"@id":"https:\/\/www.monaco-tribune.com\/it\/2022\/09\/il-crem-inaugura-i-suoi-nuovi-locali-alla-presenza-del-principe-alberto-ii\/#primaryimage"},"thumbnailUrl":"https:\/\/www.monaco-tribune.com\/wp-content\/uploads\/2022\/09\/prince-albert-ii-crem-inauguration-locaux.jpg","datePublished":"2022-09-09T10:06:00+00:00","dateModified":"2022-09-09T10:16:51+00:00","description":"Il Club ha riaperto le porte al pubblico il 6 settembre. Il giorno prima il Principe era presente all'inaugurazione dei locali messi a nuovo. Luned\u00ec 5","breadcrumb":{"@id":"https:\/\/www.monaco-tribune.com\/it\/2022\/09\/il-crem-inaugura-i-suoi-nuovi-locali-alla-presenza-del-principe-alberto-ii\/#breadcrumb"},"inLanguage":"it-IT","potentialAction":[{"@type":"ReadAction","target":["https:\/\/www.monaco-tribune.com\/it\/2022\/09\/il-crem-inaugura-i-suoi-nuovi-locali-alla-presenza-del-principe-alberto-ii\/"]}]},{"@type":"ImageObject","inLanguage":"it-IT","@id":"https:\/\/www.monaco-tribune.com\/it\/2022\/09\/il-crem-inaugura-i-suoi-nuovi-locali-alla-presenza-del-principe-alberto-ii\/#primaryimage","url":"https:\/\/www.monaco-tribune.com\/wp-content\/uploads\/2022\/09\/prince-albert-ii-crem-inauguration-locaux.jpg","contentUrl":"https:\/\/www.monaco-tribune.com\/wp-content\/uploads\/2022\/09\/prince-albert-ii-crem-inauguration-locaux.jpg","width":1020,"height":680,"caption":"Eric Mathon \/ Palazzo del Principe"},{"@type":"BreadcrumbList","@id":"https:\/\/www.monaco-tribune.com\/it\/2022\/09\/il-crem-inaugura-i-suoi-nuovi-locali-alla-presenza-del-principe-alberto-ii\/#breadcrumb","itemListElement":[{"@type":"ListItem","position":1,"name":"Accueil","item":"https:\/\/www.monaco-tribune.com\/it\/"},{"@type":"ListItem","position":2,"name":"Il Crem inaugura i suoi nuovi locali alla presenza del Principe Alberto II"}]},{"@type":"WebSite","@id":"https:\/\/www.monaco-tribune.com\/it\/#website","url":"https:\/\/www.monaco-tribune.com\/it\/","name":"Monaco Tribune","description":"Monaco : actualit\u00e9s \u00e9conomiques, politiques, culturelles et sportives de Monaco et de la French Riviera.","publisher":{"@id":"https:\/\/www.monaco-tribune.com\/it\/#organization"},"potentialAction":[{"@type":"SearchAction","target":{"@type":"EntryPoint","urlTemplate":"https:\/\/www.monaco-tribune.com\/it\/?s={search_term_string}"},"query-input":{"@type":"PropertyValueSpecification","valueRequired":true,"valueName":"search_term_string"}}],"inLanguage":"it-IT"},{"@type":"Organization","@id":"https:\/\/www.monaco-tribune.com\/it\/#organization","name":"Monaco Tribune","url":"https:\/\/www.monaco-tribune.com\/it\/","logo":{"@type":"ImageObject","inLanguage":"it-IT","@id":"https:\/\/www.monaco-tribune.com\/it\/#\/schema\/logo\/image\/","url":"https:\/\/www.monaco-tribune.com\/wp-content\/uploads\/2022\/11\/logo-monaco-tribune.png","contentUrl":"https:\/\/www.monaco-tribune.com\/wp-content\/uploads\/2022\/11\/logo-monaco-tribune.png","width":1548,"height":600,"caption":"Monaco Tribune"},"image":{"@id":"https:\/\/www.monaco-tribune.com\/it\/#\/schema\/logo\/image\/"},"sameAs":["https:\/\/www.facebook.com\/MonacoTribune","https:\/\/x.com\/MonacoTribune","https:\/\/www.instagram.com\/monacotribune\/","https:\/\/www.linkedin.com\/company\/monaco-tribune","https:\/\/www.youtube.com\/channel\/UCHle1MnG6hw1y4lWKijVbMA"]},{"@type":"Person","@id":"https:\/\/www.monaco-tribune.com\/it\/#\/schema\/person\/a855d420fff4d03637641d60b93ac62e","name":"Camille Esteve","image":{"@type":"ImageObject","inLanguage":"it-IT","@id":"https:\/\/secure.gravatar.com\/avatar\/eaaa2355a7bb56c0018a391c20a55bf9b4690e3f493231dd850e612bfa6ce161?s=96&d=mm&r=g","url":"https:\/\/secure.gravatar.com\/avatar\/eaaa2355a7bb56c0018a391c20a55bf9b4690e3f493231dd850e612bfa6ce161?s=96&d=mm&r=g","contentUrl":"https:\/\/secure.gravatar.com\/avatar\/eaaa2355a7bb56c0018a391c20a55bf9b4690e3f493231dd850e612bfa6ce161?s=96&d=mm&r=g","caption":"Camille Esteve"},"url":"https:\/\/www.monaco-tribune.com\/it\/author\/camilleesteve\/"}]}},"_links":{"self":[{"href":"https:\/\/www.monaco-tribune.com\/it\/wp-json\/wp\/v2\/posts\/137317","targetHints":{"allow":["GET"]}}],"collection":[{"href":"https:\/\/www.monaco-tribune.com\/it\/wp-json\/wp\/v2\/posts"}],"about":[{"href":"https:\/\/www.monaco-tribune.com\/it\/wp-json\/wp\/v2\/types\/post"}],"author":[{"embeddable":true,"href":"https:\/\/www.monaco-tribune.com\/it\/wp-json\/wp\/v2\/users\/60"}],"replies":[{"embeddable":true,"href":"https:\/\/www.monaco-tribune.com\/it\/wp-json\/wp\/v2\/comments?post=137317"}],"version-history":[{"count":0,"href":"https:\/\/www.monaco-tribune.com\/it\/wp-json\/wp\/v2\/posts\/137317\/revisions"}],"wp:featuredmedia":[{"embeddable":true,"href":"https:\/\/www.monaco-tribune.com\/it\/wp-json\/wp\/v2\/media\/137088"}],"wp:attachment":[{"href":"https:\/\/www.monaco-tribune.com\/it\/wp-json\/wp\/v2\/media?parent=137317"}],"wp:term":[{"taxonomy":"category","embeddable":true,"href":"https:\/\/www.monaco-tribune.com\/it\/wp-json\/wp\/v2\/categories?post=137317"},{"taxonomy":"post_tag","embeddable":true,"href":"https:\/\/www.monaco-tribune.com\/it\/wp-json\/wp\/v2\/tags?post=137317"},{"taxonomy":"sectag","embeddable":true,"href":"https:\/\/www.monaco-tribune.com\/it\/wp-json\/wp\/v2\/post_sectags?post=137317"},{"taxonomy":"format","embeddable":true,"href":"https:\/\/www.monaco-tribune.com\/it\/wp-json\/wp\/v2\/post_format?post=137317"}],"curies":[{"name":"wp","href":"https:\/\/api.w.org\/{rel}","templated":true}]}}