{"id":138066,"date":"2022-09-13T16:35:10","date_gmt":"2022-09-13T14:35:10","guid":{"rendered":"https:\/\/www.monaco-tribune.com\/2022\/09\/il-principe-alberto-e-la-principessa-charlene-hanno-posato-la-prima-pietra-del-futuro-rifugio-per-animali-di-monaco\/"},"modified":"2022-09-13T16:36:34","modified_gmt":"2022-09-13T14:36:34","slug":"il-principe-alberto-e-la-principessa-charlene-hanno-posato-la-prima-pietra-del-futuro-rifugio-per-animali-di-monaco","status":"publish","type":"post","link":"https:\/\/www.monaco-tribune.com\/it\/2022\/09\/il-principe-alberto-e-la-principessa-charlene-hanno-posato-la-prima-pietra-del-futuro-rifugio-per-animali-di-monaco\/","title":{"rendered":"Il principe Alberto e la principessa Charl\u00e8ne hanno posato la prima pietra del futuro rifugio per animali di Monaco"},"content":{"rendered":"\n<p><strong>La Principessa Charl\u00e8ne sar\u00e0 la Presidente del futuro rifugio della <\/strong><strong>Soci\u00e9t\u00e9 Protectrice des Animaux (SPA) di Monaco. <\/strong><\/p>\n\n<p>Luned\u00ec 12 settembre, in un gesto altamente simbolico, il Principe Alberto II e la Principessa Charl\u00e8ne si sono recati a Peille per la posa della prima pietra del futuro rifugio della Soci\u00e9t\u00e9 Protectrice des Animaux (SPA) di Monaco. <\/p>\n\n<p>Finora, i locali dell\u2019associazione si trovavano a Eze, ma erano ormai risultati essere poco idonei. Nel 2018, il comune di Peille e la prefettura del dipartimento delle Alpi-Marittime hanno proposto di utilizzare un terreno di 2.500 m2, sul quale i lavori hanno preso il via a inizio gennaio scorso.<\/p>\n\n<figure class=\"wp-block-gallery has-nested-images columns-1 is-cropped wp-block-gallery-1 is-layout-flex wp-block-gallery-is-layout-flex\">\n<figure class=\"wp-block-image size-large\"><img loading=\"lazy\" decoding=\"async\" width=\"1020\" height=\"1530\" data-id=\"137876\" src=\"https:\/\/www.monaco-tribune.com\/wp-content\/uploads\/2022\/09\/prince-albert-ii-princesse-charlene-monaco-peille-spa.jpeg\" alt=\"principe-alberto-ii-principessa-charlene-monaco-peille-spa\" class=\"wp-image-137876\" srcset=\"https:\/\/www.monaco-tribune.com\/wp-content\/uploads\/2022\/09\/prince-albert-ii-princesse-charlene-monaco-peille-spa.jpeg 1020w, https:\/\/www.monaco-tribune.com\/wp-content\/uploads\/2022\/09\/prince-albert-ii-princesse-charlene-monaco-peille-spa-200x300.jpeg 200w, https:\/\/www.monaco-tribune.com\/wp-content\/uploads\/2022\/09\/prince-albert-ii-princesse-charlene-monaco-peille-spa-683x1024.jpeg 683w\" sizes=\"auto, (max-width: 1020px) 100vw, 1020px\" \/><\/figure>\n\n\n\n<figure class=\"wp-block-image size-large\"><img loading=\"lazy\" decoding=\"async\" width=\"1020\" height=\"680\" data-id=\"137884\" src=\"https:\/\/www.monaco-tribune.com\/wp-content\/uploads\/2022\/09\/princesse-charlene-prince-albert-ii-spa-monaco.jpeg\" alt=\"principessa-charlene-principe-alberto-ii-spa-monaco\" class=\"wp-image-137884\" srcset=\"https:\/\/www.monaco-tribune.com\/wp-content\/uploads\/2022\/09\/princesse-charlene-prince-albert-ii-spa-monaco.jpeg 1020w, https:\/\/www.monaco-tribune.com\/wp-content\/uploads\/2022\/09\/princesse-charlene-prince-albert-ii-spa-monaco-450x300.jpeg 450w\" sizes=\"auto, (max-width: 1020px) 100vw, 1020px\" \/><\/figure>\n\n\n\n<figure class=\"wp-block-image size-large\"><img loading=\"lazy\" decoding=\"async\" width=\"1020\" height=\"680\" data-id=\"137888\" src=\"https:\/\/www.monaco-tribune.com\/wp-content\/uploads\/2022\/09\/spa-monaco-peille.jpeg\" alt=\"societ&#xE0;-protezione-animali-monaco\" class=\"wp-image-137888\" srcset=\"https:\/\/www.monaco-tribune.com\/wp-content\/uploads\/2022\/09\/spa-monaco-peille.jpeg 1020w, https:\/\/www.monaco-tribune.com\/wp-content\/uploads\/2022\/09\/spa-monaco-peille-450x300.jpeg 450w\" sizes=\"auto, (max-width: 1020px) 100vw, 1020px\" \/><\/figure>\n\n\n\n<figure class=\"wp-block-image size-large\"><img loading=\"lazy\" decoding=\"async\" width=\"1020\" height=\"680\" data-id=\"137872\" src=\"https:\/\/www.monaco-tribune.com\/wp-content\/uploads\/2022\/09\/premiere-pierre-spa-monaco.jpeg\" alt=\"prima-pietra-rifugio-animali-monaco\" class=\"wp-image-137872\" srcset=\"https:\/\/www.monaco-tribune.com\/wp-content\/uploads\/2022\/09\/premiere-pierre-spa-monaco.jpeg 1020w, https:\/\/www.monaco-tribune.com\/wp-content\/uploads\/2022\/09\/premiere-pierre-spa-monaco-450x300.jpeg 450w\" sizes=\"auto, (max-width: 1020px) 100vw, 1020px\" \/><\/figure>\n<figcaption class=\"blocks-gallery-caption\"><em><em>\u00a9 Eric Mathon \/ Palazzo del Principe<\/em><\/em><\/figcaption><\/figure>\n\n<p>Il futuro edificio, che rispetter\u00e0 i vincoli ambientali, come la tutela della flora esistente, dovrebbe aprire i battenti a fine 2023 e ospiter\u00e0 animali in difficolt\u00e0. Il Principe Alberto ha anche annunciato che la Presidenza della SPA sar\u00e0 affidata alla sua consorte Charl\u00e8ne, ruolo che dimostra ancora una volta quanto la Principessa abbia a cuore la causa animale.<\/p>\n\n<p><strong>LEGGI ANCHE: <a href=\"https:\/\/www.monaco-tribune.com\/it\/2021\/05\/foto-la-principessa-charlene-impegnata-contro-il-bracconaggio\/\">FOTO. La Principessa Charl\u00e8ne impegnata contro il bracconaggio<\/a><\/strong><\/p>\n\n<p>La Principessa Charl\u00e8ne, infatti, si impegna da anni nella salvaguardia dei rinoceronti attraverso la sua fondazione e sostiene anche le iniziative per il benessere animale portate avanti dalla SPA Sud-Africana, la Thanda Foundation e la Fondazione Kevin Richardson. <\/p>\n\n<p>Diverse le personalit\u00e0 emblematiche del Principato presenti accanto alla coppia principesca in occasione dell\u2019evento di luned\u00ec, come il Ministro di Stato, Pierre Dartout, il Presidente del Consiglio nazionale, St\u00e9phane Valeri, nonch\u00e9 Camille Gottlieb, la figlia della Principessa St\u00e9phanie.<\/p>\n","protected":false},"excerpt":{"rendered":"<p>La Principessa Charl\u00e8ne sar\u00e0 la Presidente del futuro rifugio della Soci\u00e9t\u00e9 Protectrice des Animaux (SPA) di Monaco. Luned\u00ec 12 settembre, [&hellip;]<\/p>\n","protected":false},"author":60,"featured_media":137880,"comment_status":"closed","ping_status":"closed","sticky":false,"template":"","format":"standard","meta":{"_acf_changed":false,"footnotes":""},"categories":[1742,1826,1738],"tags":[],"post_sectags":[],"post_format":[2478],"class_list":["post-138066","post","type-post","status-publish","format-standard","has-post-thumbnail","hentry","category-famiglia-principesca","category-la-nostra-scelta","category-notizie","format-notizia"],"acf":[],"yoast_head":"<!-- This site is optimized with the Yoast SEO Premium plugin v26.8 (Yoast SEO v27.4) - https:\/\/yoast.com\/product\/yoast-seo-premium-wordpress\/ -->\n<title>Il principe Alberto e la principessa Charl\u00e8ne hanno posato la prima pietra del futuro rifugio per animali di Monaco<\/title>\n<meta name=\"description\" content=\"La Principessa Charl\u00e8ne sar\u00e0 la Presidente del futuro rifugio della Soci\u00e9t\u00e9 Protectrice des Animaux (SPA) di Monaco. Luned\u00ec 12 settembre, in un gesto\" \/>\n<meta name=\"robots\" content=\"index, follow, max-snippet:-1, max-image-preview:large, max-video-preview:-1\" \/>\n<link rel=\"canonical\" href=\"https:\/\/www.monaco-tribune.com\/it\/2022\/09\/il-principe-alberto-e-la-principessa-charlene-hanno-posato-la-prima-pietra-del-futuro-rifugio-per-animali-di-monaco\/\" \/>\n<meta property=\"og:locale\" content=\"it_IT\" \/>\n<meta property=\"og:type\" content=\"article\" \/>\n<meta property=\"og:title\" content=\"Il principe Alberto e la principessa Charl\u00e8ne hanno posato la prima pietra del futuro rifugio per animali di Monaco - Monaco Tribune\" \/>\n<meta property=\"og:description\" content=\"La Principessa Charl\u00e8ne sar\u00e0 la Presidente del futuro rifugio della Soci\u00e9t\u00e9 Protectrice des Animaux (SPA) di Monaco. Luned\u00ec 12 settembre, in un gesto\" \/>\n<meta property=\"og:url\" content=\"https:\/\/www.monaco-tribune.com\/it\/2022\/09\/il-principe-alberto-e-la-principessa-charlene-hanno-posato-la-prima-pietra-del-futuro-rifugio-per-animali-di-monaco\/\" \/>\n<meta property=\"og:site_name\" content=\"Monaco Tribune\" \/>\n<meta property=\"article:publisher\" content=\"https:\/\/www.facebook.com\/MonacoTribune\" \/>\n<meta property=\"article:published_time\" content=\"2022-09-13T14:35:10+00:00\" \/>\n<meta property=\"article:modified_time\" content=\"2022-09-13T14:36:34+00:00\" \/>\n<meta property=\"og:image\" content=\"https:\/\/www.monaco-tribune.com\/wp-content\/uploads\/2022\/09\/prince-albert-ii-princesse-charlene-spa-monaco.jpeg\" \/>\n\t<meta property=\"og:image:width\" content=\"1020\" \/>\n\t<meta property=\"og:image:height\" content=\"680\" \/>\n\t<meta property=\"og:image:type\" content=\"image\/jpeg\" \/>\n<meta name=\"author\" content=\"Camille Esteve\" \/>\n<meta name=\"twitter:card\" content=\"summary_large_image\" \/>\n<meta name=\"twitter:creator\" content=\"@MonacoTribune\" \/>\n<meta name=\"twitter:site\" content=\"@MonacoTribune\" \/>\n<script type=\"application\/ld+json\" class=\"yoast-schema-graph\">{\"@context\":\"https:\\\/\\\/schema.org\",\"@graph\":[{\"@type\":\"NewsArticle\",\"@id\":\"https:\\\/\\\/www.monaco-tribune.com\\\/it\\\/2022\\\/09\\\/il-principe-alberto-e-la-principessa-charlene-hanno-posato-la-prima-pietra-del-futuro-rifugio-per-animali-di-monaco\\\/#article\",\"isPartOf\":{\"@id\":\"https:\\\/\\\/www.monaco-tribune.com\\\/it\\\/2022\\\/09\\\/il-principe-alberto-e-la-principessa-charlene-hanno-posato-la-prima-pietra-del-futuro-rifugio-per-animali-di-monaco\\\/\"},\"author\":{\"name\":\"Camille Esteve\",\"@id\":\"https:\\\/\\\/www.monaco-tribune.com\\\/it\\\/#\\\/schema\\\/person\\\/a855d420fff4d03637641d60b93ac62e\"},\"headline\":\"Il principe Alberto e la principessa Charl\u00e8ne hanno posato la prima pietra del futuro rifugio per animali di Monaco\",\"datePublished\":\"2022-09-13T14:35:10+00:00\",\"dateModified\":\"2022-09-13T14:36:34+00:00\",\"mainEntityOfPage\":{\"@id\":\"https:\\\/\\\/www.monaco-tribune.com\\\/it\\\/2022\\\/09\\\/il-principe-alberto-e-la-principessa-charlene-hanno-posato-la-prima-pietra-del-futuro-rifugio-per-animali-di-monaco\\\/\"},\"wordCount\":280,\"publisher\":{\"@id\":\"https:\\\/\\\/www.monaco-tribune.com\\\/it\\\/#organization\"},\"image\":{\"@id\":\"https:\\\/\\\/www.monaco-tribune.com\\\/it\\\/2022\\\/09\\\/il-principe-alberto-e-la-principessa-charlene-hanno-posato-la-prima-pietra-del-futuro-rifugio-per-animali-di-monaco\\\/#primaryimage\"},\"thumbnailUrl\":\"https:\\\/\\\/www.monaco-tribune.com\\\/wp-content\\\/uploads\\\/2022\\\/09\\\/prince-albert-ii-princesse-charlene-spa-monaco.jpeg\",\"articleSection\":[\"Famiglia Principesca\",\"La nostra scelta\",\"Notizie\"],\"inLanguage\":\"it-IT\",\"copyrightYear\":\"2022\",\"copyrightHolder\":{\"@id\":\"https:\\\/\\\/www.monaco-tribune.com\\\/#organization\"}},{\"@type\":\"WebPage\",\"@id\":\"https:\\\/\\\/www.monaco-tribune.com\\\/it\\\/2022\\\/09\\\/il-principe-alberto-e-la-principessa-charlene-hanno-posato-la-prima-pietra-del-futuro-rifugio-per-animali-di-monaco\\\/\",\"url\":\"https:\\\/\\\/www.monaco-tribune.com\\\/it\\\/2022\\\/09\\\/il-principe-alberto-e-la-principessa-charlene-hanno-posato-la-prima-pietra-del-futuro-rifugio-per-animali-di-monaco\\\/\",\"name\":\"Il principe Alberto e la principessa Charl\u00e8ne hanno posato la prima pietra del futuro rifugio per animali di Monaco\",\"isPartOf\":{\"@id\":\"https:\\\/\\\/www.monaco-tribune.com\\\/it\\\/#website\"},\"primaryImageOfPage\":{\"@id\":\"https:\\\/\\\/www.monaco-tribune.com\\\/it\\\/2022\\\/09\\\/il-principe-alberto-e-la-principessa-charlene-hanno-posato-la-prima-pietra-del-futuro-rifugio-per-animali-di-monaco\\\/#primaryimage\"},\"image\":{\"@id\":\"https:\\\/\\\/www.monaco-tribune.com\\\/it\\\/2022\\\/09\\\/il-principe-alberto-e-la-principessa-charlene-hanno-posato-la-prima-pietra-del-futuro-rifugio-per-animali-di-monaco\\\/#primaryimage\"},\"thumbnailUrl\":\"https:\\\/\\\/www.monaco-tribune.com\\\/wp-content\\\/uploads\\\/2022\\\/09\\\/prince-albert-ii-princesse-charlene-spa-monaco.jpeg\",\"datePublished\":\"2022-09-13T14:35:10+00:00\",\"dateModified\":\"2022-09-13T14:36:34+00:00\",\"description\":\"La Principessa Charl\u00e8ne sar\u00e0 la Presidente del futuro rifugio della Soci\u00e9t\u00e9 Protectrice des Animaux (SPA) di Monaco. Luned\u00ec 12 settembre, in un gesto\",\"breadcrumb\":{\"@id\":\"https:\\\/\\\/www.monaco-tribune.com\\\/it\\\/2022\\\/09\\\/il-principe-alberto-e-la-principessa-charlene-hanno-posato-la-prima-pietra-del-futuro-rifugio-per-animali-di-monaco\\\/#breadcrumb\"},\"inLanguage\":\"it-IT\",\"potentialAction\":[{\"@type\":\"ReadAction\",\"target\":[\"https:\\\/\\\/www.monaco-tribune.com\\\/it\\\/2022\\\/09\\\/il-principe-alberto-e-la-principessa-charlene-hanno-posato-la-prima-pietra-del-futuro-rifugio-per-animali-di-monaco\\\/\"]}]},{\"@type\":\"ImageObject\",\"inLanguage\":\"it-IT\",\"@id\":\"https:\\\/\\\/www.monaco-tribune.com\\\/it\\\/2022\\\/09\\\/il-principe-alberto-e-la-principessa-charlene-hanno-posato-la-prima-pietra-del-futuro-rifugio-per-animali-di-monaco\\\/#primaryimage\",\"url\":\"https:\\\/\\\/www.monaco-tribune.com\\\/wp-content\\\/uploads\\\/2022\\\/09\\\/prince-albert-ii-princesse-charlene-spa-monaco.jpeg\",\"contentUrl\":\"https:\\\/\\\/www.monaco-tribune.com\\\/wp-content\\\/uploads\\\/2022\\\/09\\\/prince-albert-ii-princesse-charlene-spa-monaco.jpeg\",\"width\":1020,\"height\":680,\"caption\":\"Eric Mathon \\\/ Palazzo del Principe\"},{\"@type\":\"BreadcrumbList\",\"@id\":\"https:\\\/\\\/www.monaco-tribune.com\\\/it\\\/2022\\\/09\\\/il-principe-alberto-e-la-principessa-charlene-hanno-posato-la-prima-pietra-del-futuro-rifugio-per-animali-di-monaco\\\/#breadcrumb\",\"itemListElement\":[{\"@type\":\"ListItem\",\"position\":1,\"name\":\"Accueil\",\"item\":\"https:\\\/\\\/www.monaco-tribune.com\\\/it\\\/\"},{\"@type\":\"ListItem\",\"position\":2,\"name\":\"Il principe Alberto e la principessa Charl\u00e8ne hanno posato la prima pietra del futuro rifugio per animali di Monaco\"}]},{\"@type\":\"WebSite\",\"@id\":\"https:\\\/\\\/www.monaco-tribune.com\\\/it\\\/#website\",\"url\":\"https:\\\/\\\/www.monaco-tribune.com\\\/it\\\/\",\"name\":\"Monaco Tribune\",\"description\":\"Monaco : actualit\u00e9s \u00e9conomiques, politiques, culturelles et sportives de Monaco et de la French Riviera.\",\"publisher\":{\"@id\":\"https:\\\/\\\/www.monaco-tribune.com\\\/it\\\/#organization\"},\"potentialAction\":[{\"@type\":\"SearchAction\",\"target\":{\"@type\":\"EntryPoint\",\"urlTemplate\":\"https:\\\/\\\/www.monaco-tribune.com\\\/it\\\/?s={search_term_string}\"},\"query-input\":{\"@type\":\"PropertyValueSpecification\",\"valueRequired\":true,\"valueName\":\"search_term_string\"}}],\"inLanguage\":\"it-IT\"},{\"@type\":\"Organization\",\"@id\":\"https:\\\/\\\/www.monaco-tribune.com\\\/it\\\/#organization\",\"name\":\"Monaco Tribune\",\"url\":\"https:\\\/\\\/www.monaco-tribune.com\\\/it\\\/\",\"logo\":{\"@type\":\"ImageObject\",\"inLanguage\":\"it-IT\",\"@id\":\"https:\\\/\\\/www.monaco-tribune.com\\\/it\\\/#\\\/schema\\\/logo\\\/image\\\/\",\"url\":\"https:\\\/\\\/www.monaco-tribune.com\\\/wp-content\\\/uploads\\\/2022\\\/11\\\/logo-monaco-tribune.png\",\"contentUrl\":\"https:\\\/\\\/www.monaco-tribune.com\\\/wp-content\\\/uploads\\\/2022\\\/11\\\/logo-monaco-tribune.png\",\"width\":1548,\"height\":600,\"caption\":\"Monaco Tribune\"},\"image\":{\"@id\":\"https:\\\/\\\/www.monaco-tribune.com\\\/it\\\/#\\\/schema\\\/logo\\\/image\\\/\"},\"sameAs\":[\"https:\\\/\\\/www.facebook.com\\\/MonacoTribune\",\"https:\\\/\\\/x.com\\\/MonacoTribune\",\"https:\\\/\\\/www.instagram.com\\\/monacotribune\\\/\",\"https:\\\/\\\/www.linkedin.com\\\/company\\\/monaco-tribune\",\"https:\\\/\\\/www.youtube.com\\\/channel\\\/UCHle1MnG6hw1y4lWKijVbMA\"]},{\"@type\":\"Person\",\"@id\":\"https:\\\/\\\/www.monaco-tribune.com\\\/it\\\/#\\\/schema\\\/person\\\/a855d420fff4d03637641d60b93ac62e\",\"name\":\"Camille Esteve\",\"image\":{\"@type\":\"ImageObject\",\"inLanguage\":\"it-IT\",\"@id\":\"https:\\\/\\\/secure.gravatar.com\\\/avatar\\\/eaaa2355a7bb56c0018a391c20a55bf9b4690e3f493231dd850e612bfa6ce161?s=96&d=mm&r=g\",\"url\":\"https:\\\/\\\/secure.gravatar.com\\\/avatar\\\/eaaa2355a7bb56c0018a391c20a55bf9b4690e3f493231dd850e612bfa6ce161?s=96&d=mm&r=g\",\"contentUrl\":\"https:\\\/\\\/secure.gravatar.com\\\/avatar\\\/eaaa2355a7bb56c0018a391c20a55bf9b4690e3f493231dd850e612bfa6ce161?s=96&d=mm&r=g\",\"caption\":\"Camille Esteve\"},\"url\":\"https:\\\/\\\/www.monaco-tribune.com\\\/it\\\/author\\\/camilleesteve\\\/\"}]}<\/script>\n<!-- \/ Yoast SEO Premium plugin. -->","yoast_head_json":{"title":"Il principe Alberto e la principessa Charl\u00e8ne hanno posato la prima pietra del futuro rifugio per animali di Monaco","description":"La Principessa Charl\u00e8ne sar\u00e0 la Presidente del futuro rifugio della Soci\u00e9t\u00e9 Protectrice des Animaux (SPA) di Monaco. Luned\u00ec 12 settembre, in un gesto","robots":{"index":"index","follow":"follow","max-snippet":"max-snippet:-1","max-image-preview":"max-image-preview:large","max-video-preview":"max-video-preview:-1"},"canonical":"https:\/\/www.monaco-tribune.com\/it\/2022\/09\/il-principe-alberto-e-la-principessa-charlene-hanno-posato-la-prima-pietra-del-futuro-rifugio-per-animali-di-monaco\/","og_locale":"it_IT","og_type":"article","og_title":"Il principe Alberto e la principessa Charl\u00e8ne hanno posato la prima pietra del futuro rifugio per animali di Monaco - Monaco Tribune","og_description":"La Principessa Charl\u00e8ne sar\u00e0 la Presidente del futuro rifugio della Soci\u00e9t\u00e9 Protectrice des Animaux (SPA) di Monaco. Luned\u00ec 12 settembre, in un gesto","og_url":"https:\/\/www.monaco-tribune.com\/it\/2022\/09\/il-principe-alberto-e-la-principessa-charlene-hanno-posato-la-prima-pietra-del-futuro-rifugio-per-animali-di-monaco\/","og_site_name":"Monaco Tribune","article_publisher":"https:\/\/www.facebook.com\/MonacoTribune","article_published_time":"2022-09-13T14:35:10+00:00","article_modified_time":"2022-09-13T14:36:34+00:00","og_image":[{"width":1020,"height":680,"url":"https:\/\/www.monaco-tribune.com\/wp-content\/uploads\/2022\/09\/prince-albert-ii-princesse-charlene-spa-monaco.jpeg","type":"image\/jpeg"}],"author":"Camille Esteve","twitter_card":"summary_large_image","twitter_creator":"@MonacoTribune","twitter_site":"@MonacoTribune","schema":{"@context":"https:\/\/schema.org","@graph":[{"@type":"NewsArticle","@id":"https:\/\/www.monaco-tribune.com\/it\/2022\/09\/il-principe-alberto-e-la-principessa-charlene-hanno-posato-la-prima-pietra-del-futuro-rifugio-per-animali-di-monaco\/#article","isPartOf":{"@id":"https:\/\/www.monaco-tribune.com\/it\/2022\/09\/il-principe-alberto-e-la-principessa-charlene-hanno-posato-la-prima-pietra-del-futuro-rifugio-per-animali-di-monaco\/"},"author":{"name":"Camille Esteve","@id":"https:\/\/www.monaco-tribune.com\/it\/#\/schema\/person\/a855d420fff4d03637641d60b93ac62e"},"headline":"Il principe Alberto e la principessa Charl\u00e8ne hanno posato la prima pietra del futuro rifugio per animali di Monaco","datePublished":"2022-09-13T14:35:10+00:00","dateModified":"2022-09-13T14:36:34+00:00","mainEntityOfPage":{"@id":"https:\/\/www.monaco-tribune.com\/it\/2022\/09\/il-principe-alberto-e-la-principessa-charlene-hanno-posato-la-prima-pietra-del-futuro-rifugio-per-animali-di-monaco\/"},"wordCount":280,"publisher":{"@id":"https:\/\/www.monaco-tribune.com\/it\/#organization"},"image":{"@id":"https:\/\/www.monaco-tribune.com\/it\/2022\/09\/il-principe-alberto-e-la-principessa-charlene-hanno-posato-la-prima-pietra-del-futuro-rifugio-per-animali-di-monaco\/#primaryimage"},"thumbnailUrl":"https:\/\/www.monaco-tribune.com\/wp-content\/uploads\/2022\/09\/prince-albert-ii-princesse-charlene-spa-monaco.jpeg","articleSection":["Famiglia Principesca","La nostra scelta","Notizie"],"inLanguage":"it-IT","copyrightYear":"2022","copyrightHolder":{"@id":"https:\/\/www.monaco-tribune.com\/#organization"}},{"@type":"WebPage","@id":"https:\/\/www.monaco-tribune.com\/it\/2022\/09\/il-principe-alberto-e-la-principessa-charlene-hanno-posato-la-prima-pietra-del-futuro-rifugio-per-animali-di-monaco\/","url":"https:\/\/www.monaco-tribune.com\/it\/2022\/09\/il-principe-alberto-e-la-principessa-charlene-hanno-posato-la-prima-pietra-del-futuro-rifugio-per-animali-di-monaco\/","name":"Il principe Alberto e la principessa Charl\u00e8ne hanno posato la prima pietra del futuro rifugio per animali di Monaco","isPartOf":{"@id":"https:\/\/www.monaco-tribune.com\/it\/#website"},"primaryImageOfPage":{"@id":"https:\/\/www.monaco-tribune.com\/it\/2022\/09\/il-principe-alberto-e-la-principessa-charlene-hanno-posato-la-prima-pietra-del-futuro-rifugio-per-animali-di-monaco\/#primaryimage"},"image":{"@id":"https:\/\/www.monaco-tribune.com\/it\/2022\/09\/il-principe-alberto-e-la-principessa-charlene-hanno-posato-la-prima-pietra-del-futuro-rifugio-per-animali-di-monaco\/#primaryimage"},"thumbnailUrl":"https:\/\/www.monaco-tribune.com\/wp-content\/uploads\/2022\/09\/prince-albert-ii-princesse-charlene-spa-monaco.jpeg","datePublished":"2022-09-13T14:35:10+00:00","dateModified":"2022-09-13T14:36:34+00:00","description":"La Principessa Charl\u00e8ne sar\u00e0 la Presidente del futuro rifugio della Soci\u00e9t\u00e9 Protectrice des Animaux (SPA) di Monaco. Luned\u00ec 12 settembre, in un gesto","breadcrumb":{"@id":"https:\/\/www.monaco-tribune.com\/it\/2022\/09\/il-principe-alberto-e-la-principessa-charlene-hanno-posato-la-prima-pietra-del-futuro-rifugio-per-animali-di-monaco\/#breadcrumb"},"inLanguage":"it-IT","potentialAction":[{"@type":"ReadAction","target":["https:\/\/www.monaco-tribune.com\/it\/2022\/09\/il-principe-alberto-e-la-principessa-charlene-hanno-posato-la-prima-pietra-del-futuro-rifugio-per-animali-di-monaco\/"]}]},{"@type":"ImageObject","inLanguage":"it-IT","@id":"https:\/\/www.monaco-tribune.com\/it\/2022\/09\/il-principe-alberto-e-la-principessa-charlene-hanno-posato-la-prima-pietra-del-futuro-rifugio-per-animali-di-monaco\/#primaryimage","url":"https:\/\/www.monaco-tribune.com\/wp-content\/uploads\/2022\/09\/prince-albert-ii-princesse-charlene-spa-monaco.jpeg","contentUrl":"https:\/\/www.monaco-tribune.com\/wp-content\/uploads\/2022\/09\/prince-albert-ii-princesse-charlene-spa-monaco.jpeg","width":1020,"height":680,"caption":"Eric Mathon \/ Palazzo del Principe"},{"@type":"BreadcrumbList","@id":"https:\/\/www.monaco-tribune.com\/it\/2022\/09\/il-principe-alberto-e-la-principessa-charlene-hanno-posato-la-prima-pietra-del-futuro-rifugio-per-animali-di-monaco\/#breadcrumb","itemListElement":[{"@type":"ListItem","position":1,"name":"Accueil","item":"https:\/\/www.monaco-tribune.com\/it\/"},{"@type":"ListItem","position":2,"name":"Il principe Alberto e la principessa Charl\u00e8ne hanno posato la prima pietra del futuro rifugio per animali di Monaco"}]},{"@type":"WebSite","@id":"https:\/\/www.monaco-tribune.com\/it\/#website","url":"https:\/\/www.monaco-tribune.com\/it\/","name":"Monaco Tribune","description":"Monaco : actualit\u00e9s \u00e9conomiques, politiques, culturelles et sportives de Monaco et de la French Riviera.","publisher":{"@id":"https:\/\/www.monaco-tribune.com\/it\/#organization"},"potentialAction":[{"@type":"SearchAction","target":{"@type":"EntryPoint","urlTemplate":"https:\/\/www.monaco-tribune.com\/it\/?s={search_term_string}"},"query-input":{"@type":"PropertyValueSpecification","valueRequired":true,"valueName":"search_term_string"}}],"inLanguage":"it-IT"},{"@type":"Organization","@id":"https:\/\/www.monaco-tribune.com\/it\/#organization","name":"Monaco Tribune","url":"https:\/\/www.monaco-tribune.com\/it\/","logo":{"@type":"ImageObject","inLanguage":"it-IT","@id":"https:\/\/www.monaco-tribune.com\/it\/#\/schema\/logo\/image\/","url":"https:\/\/www.monaco-tribune.com\/wp-content\/uploads\/2022\/11\/logo-monaco-tribune.png","contentUrl":"https:\/\/www.monaco-tribune.com\/wp-content\/uploads\/2022\/11\/logo-monaco-tribune.png","width":1548,"height":600,"caption":"Monaco Tribune"},"image":{"@id":"https:\/\/www.monaco-tribune.com\/it\/#\/schema\/logo\/image\/"},"sameAs":["https:\/\/www.facebook.com\/MonacoTribune","https:\/\/x.com\/MonacoTribune","https:\/\/www.instagram.com\/monacotribune\/","https:\/\/www.linkedin.com\/company\/monaco-tribune","https:\/\/www.youtube.com\/channel\/UCHle1MnG6hw1y4lWKijVbMA"]},{"@type":"Person","@id":"https:\/\/www.monaco-tribune.com\/it\/#\/schema\/person\/a855d420fff4d03637641d60b93ac62e","name":"Camille Esteve","image":{"@type":"ImageObject","inLanguage":"it-IT","@id":"https:\/\/secure.gravatar.com\/avatar\/eaaa2355a7bb56c0018a391c20a55bf9b4690e3f493231dd850e612bfa6ce161?s=96&d=mm&r=g","url":"https:\/\/secure.gravatar.com\/avatar\/eaaa2355a7bb56c0018a391c20a55bf9b4690e3f493231dd850e612bfa6ce161?s=96&d=mm&r=g","contentUrl":"https:\/\/secure.gravatar.com\/avatar\/eaaa2355a7bb56c0018a391c20a55bf9b4690e3f493231dd850e612bfa6ce161?s=96&d=mm&r=g","caption":"Camille Esteve"},"url":"https:\/\/www.monaco-tribune.com\/it\/author\/camilleesteve\/"}]}},"_links":{"self":[{"href":"https:\/\/www.monaco-tribune.com\/it\/wp-json\/wp\/v2\/posts\/138066","targetHints":{"allow":["GET"]}}],"collection":[{"href":"https:\/\/www.monaco-tribune.com\/it\/wp-json\/wp\/v2\/posts"}],"about":[{"href":"https:\/\/www.monaco-tribune.com\/it\/wp-json\/wp\/v2\/types\/post"}],"author":[{"embeddable":true,"href":"https:\/\/www.monaco-tribune.com\/it\/wp-json\/wp\/v2\/users\/60"}],"replies":[{"embeddable":true,"href":"https:\/\/www.monaco-tribune.com\/it\/wp-json\/wp\/v2\/comments?post=138066"}],"version-history":[{"count":0,"href":"https:\/\/www.monaco-tribune.com\/it\/wp-json\/wp\/v2\/posts\/138066\/revisions"}],"wp:featuredmedia":[{"embeddable":true,"href":"https:\/\/www.monaco-tribune.com\/it\/wp-json\/wp\/v2\/media\/137880"}],"wp:attachment":[{"href":"https:\/\/www.monaco-tribune.com\/it\/wp-json\/wp\/v2\/media?parent=138066"}],"wp:term":[{"taxonomy":"category","embeddable":true,"href":"https:\/\/www.monaco-tribune.com\/it\/wp-json\/wp\/v2\/categories?post=138066"},{"taxonomy":"post_tag","embeddable":true,"href":"https:\/\/www.monaco-tribune.com\/it\/wp-json\/wp\/v2\/tags?post=138066"},{"taxonomy":"sectag","embeddable":true,"href":"https:\/\/www.monaco-tribune.com\/it\/wp-json\/wp\/v2\/post_sectags?post=138066"},{"taxonomy":"format","embeddable":true,"href":"https:\/\/www.monaco-tribune.com\/it\/wp-json\/wp\/v2\/post_format?post=138066"}],"curies":[{"name":"wp","href":"https:\/\/api.w.org\/{rel}","templated":true}]}}