{"id":138610,"date":"2022-09-15T17:09:27","date_gmt":"2022-09-15T15:09:27","guid":{"rendered":"https:\/\/www.monaco-tribune.com\/2022\/09\/monaco-economic-board-un-anno-molto-promettente-in-vista\/"},"modified":"2022-09-15T17:09:30","modified_gmt":"2022-09-15T15:09:30","slug":"monaco-economic-board-un-anno-molto-promettente-in-vista","status":"publish","type":"post","link":"https:\/\/www.monaco-tribune.com\/it\/2022\/09\/monaco-economic-board-un-anno-molto-promettente-in-vista\/","title":{"rendered":"Monaco Economic Board: un anno &#8220;molto promettente&#8221; in vista"},"content":{"rendered":"\n<p><strong>Marted\u00ec 13 settembre scorso, ha avuto luogo, presso lo Yacht Club di Monaco, il 42\u00b0 meeting dei membri del MEB.<\/strong><\/p>\n\n<p>Come da tradizione, all&#8217;inizio di questa settimana il Monaco Economic Board (MEB) ha organizzato la celebre riunione di inizio anno con tutti gli iscritti. Il MEB, infatti, riunisce tutti i suoi membri tre volte l&#8217;anno e, per questo meeting settembrino, 350 decisori economici e ufficiali hanno partecipato alla &#8220;serata di networking&#8221; con lo scopo di sviluppare la propria rete.<\/p>\n\n<p>&#8220;Il MEB ha 567 membri e l&#8217;invito a partecipare a questa giornata cos\u00ec particolare \u00e8 rivolto a tutti, con due persone per societ\u00e0&#8221;, ha specificato Guillaume Rose, Direttore Generale Esecutivo del MEB a Monaco Info. &#8220;Siamo lieti di accogliere tutte queste persone che si ritrovano a discutere, a fare affari insieme e a conoscersi meglio. \u00c8 cos\u00ec che si generano alleanze, sinergie e nuove opportunit\u00e0 di business&#8221;.<\/p>\n<div class=\"wp-block-image\">\n<figure class=\"aligncenter size-full\"><img loading=\"lazy\" decoding=\"async\" width=\"1020\" height=\"679\" src=\"https:\/\/www.monaco-tribune.com\/wp-content\/uploads\/2022\/09\/rendez-vous-adherents-meb.jpg\" alt=\"meeting-membri-meb\" class=\"wp-image-138530\" srcset=\"https:\/\/www.monaco-tribune.com\/wp-content\/uploads\/2022\/09\/rendez-vous-adherents-meb.jpg 1020w, https:\/\/www.monaco-tribune.com\/wp-content\/uploads\/2022\/09\/rendez-vous-adherents-meb-451x300.jpg 451w\" sizes=\"auto, (max-width: 1020px) 100vw, 1020px\" \/><figcaption><em>Da sinistra a destra: Jean-J\u00e9r\u00f4me Perrin-Mortier, Direttore Generale di Peace and Sport, Guillaume Rose, Direttore Generale Esecutivo del MEB, Michel Prost-Dumont e Sophie Arnaud-Deromedi, Vicepresidente e Presidente dei Consiglieri francesi per il commercio estero a Monaco, Michel Dotta, Presidente del MEB e Maguy Maccario Doyle, Ambasciatrice di Monaco negli Stati Uniti e in Canada \u2013 \u00a9 MEB \/ Carte Blanche<\/em><\/figcaption><\/figure>\n<\/div>\n<p><strong>LEGGI ANCHE: <a href=\"https:\/\/www.monaco-tribune.com\/it\/2022\/05\/covid-19-guerra-in-ucraina-le-strategie-del-monaco-economic-board-per-sostenere-le-imprese-del-principato\/\">Le strategie del Monaco Economic Board per sostenere le imprese del Principato<\/a><\/strong><\/p>\n\n<h2 class=\"wp-block-heading\" id=\"h-de-nombreux-projets-a-monaco-et-a-l-international\">Programma ricco di progetti a Monaco e a livello internazionale<\/h2>\n\n<p>Questo evento \u00e8 stato anche l&#8217;occasione per fare il punto sulle cifre dei diversi settori economici del Principato. Il Presidente del MEB, Michel Dotta, ha espresso la sua soddisfazione per la proficua stagione estiva del turismo, nonch\u00e9 per i buoni risultati ottenuti nei settori dell&#8217;edilizia e dell&#8217;immobiliare. Guillaume Rose, invece, ha presentato i numerosi eventi che si terranno da qui alla fine dell&#8217;anno.<\/p>\n\n<p>Ricco programma con conferenze con economisti di rilievo, rinnovata collaborazione tra il MEB e il programma di transizione digitale del Governo, <em>Extended Monaco pour l&#8217;Entreprise, <\/em>e l&#8217;11\u00b0 edizione dei Trofei del Club Club de l&#8217;Eco.<\/p>\n\n<p>Sono previste anche diverse attivit\u00e0 a livello internazionale, in particolare a Montr\u00e9al e Toronto e poi a Madrid. Inoltre, Monaco accoglier\u00e0 anche due delegazioni di imprenditori austriaci della Carinzia e estoni allo scopo di creare nuove opportunit\u00e0 economiche. Infine, il MEB parteciper\u00e0 alla China International Import Expo, un&#8217;importante fiera che riunisce importatori cinesi e imprese che desiderano avviare o sviluppare la propria attivit\u00e0 in Cina.<\/p>\n\n<p>Da segnalare anche il prossimo Mondial des Conseillers du Commerce Ext\u00e9rieur (CCE) francesi, che si terr\u00e0 a fine ottobre. Questo evento dovrebbe riunire tra gli 800 e i 1.000 dirigenti d&#8217;azienda francesi presenti in oltre 100 Paesi. Saranno 50 le aziende monegasche iscritte al MEB che avranno l&#8217;opportunit\u00e0 di incontrare questi attori economici. <\/p>\n\n<p>Infine, la riunione dei membri \u00e8 stata l&#8217;occasione per dare visibilit\u00e0 a Peace and Sport e alle sue iniziative. La missione di questo ente \u00e8 quella di promuovere la pace attraverso lo sport in aree di tensione e conflitto in tutto il mondo. Un&#8217;ottima occasione per le aziende presenti di proporre progetti concreti per sviluppare la loro politica di CSR (Responsabilit\u00e0 Sociale d&#8217;Impresa). <\/p>\n","protected":false},"excerpt":{"rendered":"<p>Marted\u00ec 13 settembre scorso, ha avuto luogo, presso lo Yacht Club di Monaco, il 42\u00b0 meeting dei membri del MEB. [&hellip;]<\/p>\n","protected":false},"author":60,"featured_media":138526,"comment_status":"closed","ping_status":"closed","sticky":false,"template":"","format":"standard","meta":{"_acf_changed":false,"footnotes":""},"categories":[1739,1738],"tags":[],"post_sectags":[],"post_format":[2478],"class_list":["post-138610","post","type-post","status-publish","format-standard","has-post-thumbnail","hentry","category-business-it","category-notizie","format-notizia"],"acf":[],"yoast_head":"<!-- This site is optimized with the Yoast SEO Premium plugin v26.8 (Yoast SEO v27.5) - https:\/\/yoast.com\/product\/yoast-seo-premium-wordpress\/ -->\n<title>Monaco Economic Board: un anno &quot;molto promettente&quot; in vista<\/title>\n<meta name=\"description\" content=\"Marted\u00ec 13 settembre scorso, ha avuto luogo, presso lo Yacht Club di Monaco, il 42\u00b0 meeting dei membri del MEB. Come da tradizione, all&#039;inizio di questa\" \/>\n<meta name=\"robots\" content=\"index, follow, max-snippet:-1, max-image-preview:large, max-video-preview:-1\" \/>\n<link rel=\"canonical\" href=\"https:\/\/www.monaco-tribune.com\/it\/2022\/09\/monaco-economic-board-un-anno-molto-promettente-in-vista\/\" \/>\n<meta property=\"og:locale\" content=\"it_IT\" \/>\n<meta property=\"og:type\" content=\"article\" \/>\n<meta property=\"og:title\" content=\"Monaco Economic Board: un anno &quot;molto promettente&quot; in vista - Monaco Tribune\" \/>\n<meta property=\"og:description\" content=\"Marted\u00ec 13 settembre scorso, ha avuto luogo, presso lo Yacht Club di Monaco, il 42\u00b0 meeting dei membri del MEB. Come da tradizione, all&#039;inizio di questa\" \/>\n<meta property=\"og:url\" content=\"https:\/\/www.monaco-tribune.com\/it\/2022\/09\/monaco-economic-board-un-anno-molto-promettente-in-vista\/\" \/>\n<meta property=\"og:site_name\" content=\"Monaco Tribune\" \/>\n<meta property=\"article:publisher\" content=\"https:\/\/www.facebook.com\/MonacoTribune\" \/>\n<meta property=\"article:published_time\" content=\"2022-09-15T15:09:27+00:00\" \/>\n<meta property=\"article:modified_time\" content=\"2022-09-15T15:09:30+00:00\" \/>\n<meta property=\"og:image\" content=\"https:\/\/www.monaco-tribune.com\/wp-content\/uploads\/2022\/09\/meb-rendez-vous-adherents.jpg\" \/>\n\t<meta property=\"og:image:width\" content=\"1020\" \/>\n\t<meta property=\"og:image:height\" content=\"679\" \/>\n\t<meta property=\"og:image:type\" content=\"image\/jpeg\" \/>\n<meta name=\"author\" content=\"Camille Esteve\" \/>\n<meta name=\"twitter:card\" content=\"summary_large_image\" \/>\n<meta name=\"twitter:creator\" content=\"@MonacoTribune\" \/>\n<meta name=\"twitter:site\" content=\"@MonacoTribune\" \/>\n<script type=\"application\/ld+json\" class=\"yoast-schema-graph\">{\"@context\":\"https:\\\/\\\/schema.org\",\"@graph\":[{\"@type\":\"NewsArticle\",\"@id\":\"https:\\\/\\\/www.monaco-tribune.com\\\/it\\\/2022\\\/09\\\/monaco-economic-board-un-anno-molto-promettente-in-vista\\\/#article\",\"isPartOf\":{\"@id\":\"https:\\\/\\\/www.monaco-tribune.com\\\/it\\\/2022\\\/09\\\/monaco-economic-board-un-anno-molto-promettente-in-vista\\\/\"},\"author\":{\"name\":\"Camille Esteve\",\"@id\":\"https:\\\/\\\/www.monaco-tribune.com\\\/it\\\/#\\\/schema\\\/person\\\/a855d420fff4d03637641d60b93ac62e\"},\"headline\":\"Monaco Economic Board: un anno &#8220;molto promettente&#8221; in vista\",\"datePublished\":\"2022-09-15T15:09:27+00:00\",\"dateModified\":\"2022-09-15T15:09:30+00:00\",\"mainEntityOfPage\":{\"@id\":\"https:\\\/\\\/www.monaco-tribune.com\\\/it\\\/2022\\\/09\\\/monaco-economic-board-un-anno-molto-promettente-in-vista\\\/\"},\"wordCount\":521,\"publisher\":{\"@id\":\"https:\\\/\\\/www.monaco-tribune.com\\\/it\\\/#organization\"},\"image\":{\"@id\":\"https:\\\/\\\/www.monaco-tribune.com\\\/it\\\/2022\\\/09\\\/monaco-economic-board-un-anno-molto-promettente-in-vista\\\/#primaryimage\"},\"thumbnailUrl\":\"https:\\\/\\\/www.monaco-tribune.com\\\/wp-content\\\/uploads\\\/2022\\\/09\\\/meb-rendez-vous-adherents.jpg\",\"articleSection\":[\"Business\",\"Notizie\"],\"inLanguage\":\"it-IT\",\"copyrightYear\":\"2022\",\"copyrightHolder\":{\"@id\":\"https:\\\/\\\/www.monaco-tribune.com\\\/#organization\"}},{\"@type\":\"WebPage\",\"@id\":\"https:\\\/\\\/www.monaco-tribune.com\\\/it\\\/2022\\\/09\\\/monaco-economic-board-un-anno-molto-promettente-in-vista\\\/\",\"url\":\"https:\\\/\\\/www.monaco-tribune.com\\\/it\\\/2022\\\/09\\\/monaco-economic-board-un-anno-molto-promettente-in-vista\\\/\",\"name\":\"Monaco Economic Board: un anno \\\"molto promettente\\\" in vista\",\"isPartOf\":{\"@id\":\"https:\\\/\\\/www.monaco-tribune.com\\\/it\\\/#website\"},\"primaryImageOfPage\":{\"@id\":\"https:\\\/\\\/www.monaco-tribune.com\\\/it\\\/2022\\\/09\\\/monaco-economic-board-un-anno-molto-promettente-in-vista\\\/#primaryimage\"},\"image\":{\"@id\":\"https:\\\/\\\/www.monaco-tribune.com\\\/it\\\/2022\\\/09\\\/monaco-economic-board-un-anno-molto-promettente-in-vista\\\/#primaryimage\"},\"thumbnailUrl\":\"https:\\\/\\\/www.monaco-tribune.com\\\/wp-content\\\/uploads\\\/2022\\\/09\\\/meb-rendez-vous-adherents.jpg\",\"datePublished\":\"2022-09-15T15:09:27+00:00\",\"dateModified\":\"2022-09-15T15:09:30+00:00\",\"description\":\"Marted\u00ec 13 settembre scorso, ha avuto luogo, presso lo Yacht Club di Monaco, il 42\u00b0 meeting dei membri del MEB. Come da tradizione, all'inizio di questa\",\"breadcrumb\":{\"@id\":\"https:\\\/\\\/www.monaco-tribune.com\\\/it\\\/2022\\\/09\\\/monaco-economic-board-un-anno-molto-promettente-in-vista\\\/#breadcrumb\"},\"inLanguage\":\"it-IT\",\"potentialAction\":[{\"@type\":\"ReadAction\",\"target\":[\"https:\\\/\\\/www.monaco-tribune.com\\\/it\\\/2022\\\/09\\\/monaco-economic-board-un-anno-molto-promettente-in-vista\\\/\"]}]},{\"@type\":\"ImageObject\",\"inLanguage\":\"it-IT\",\"@id\":\"https:\\\/\\\/www.monaco-tribune.com\\\/it\\\/2022\\\/09\\\/monaco-economic-board-un-anno-molto-promettente-in-vista\\\/#primaryimage\",\"url\":\"https:\\\/\\\/www.monaco-tribune.com\\\/wp-content\\\/uploads\\\/2022\\\/09\\\/meb-rendez-vous-adherents.jpg\",\"contentUrl\":\"https:\\\/\\\/www.monaco-tribune.com\\\/wp-content\\\/uploads\\\/2022\\\/09\\\/meb-rendez-vous-adherents.jpg\",\"width\":1020,\"height\":679,\"caption\":\"MEB \\\/ Carte Blanche\"},{\"@type\":\"BreadcrumbList\",\"@id\":\"https:\\\/\\\/www.monaco-tribune.com\\\/it\\\/2022\\\/09\\\/monaco-economic-board-un-anno-molto-promettente-in-vista\\\/#breadcrumb\",\"itemListElement\":[{\"@type\":\"ListItem\",\"position\":1,\"name\":\"Accueil\",\"item\":\"https:\\\/\\\/www.monaco-tribune.com\\\/it\\\/\"},{\"@type\":\"ListItem\",\"position\":2,\"name\":\"Monaco Economic Board: un anno \u00ab\u00a0molto promettente\u00a0\u00bb in vista\"}]},{\"@type\":\"WebSite\",\"@id\":\"https:\\\/\\\/www.monaco-tribune.com\\\/it\\\/#website\",\"url\":\"https:\\\/\\\/www.monaco-tribune.com\\\/it\\\/\",\"name\":\"Monaco Tribune\",\"description\":\"Monaco : actualit\u00e9s \u00e9conomiques, politiques, culturelles et sportives de Monaco et de la French Riviera.\",\"publisher\":{\"@id\":\"https:\\\/\\\/www.monaco-tribune.com\\\/it\\\/#organization\"},\"potentialAction\":[{\"@type\":\"SearchAction\",\"target\":{\"@type\":\"EntryPoint\",\"urlTemplate\":\"https:\\\/\\\/www.monaco-tribune.com\\\/it\\\/?s={search_term_string}\"},\"query-input\":{\"@type\":\"PropertyValueSpecification\",\"valueRequired\":true,\"valueName\":\"search_term_string\"}}],\"inLanguage\":\"it-IT\"},{\"@type\":\"Organization\",\"@id\":\"https:\\\/\\\/www.monaco-tribune.com\\\/it\\\/#organization\",\"name\":\"Monaco Tribune\",\"url\":\"https:\\\/\\\/www.monaco-tribune.com\\\/it\\\/\",\"logo\":{\"@type\":\"ImageObject\",\"inLanguage\":\"it-IT\",\"@id\":\"https:\\\/\\\/www.monaco-tribune.com\\\/it\\\/#\\\/schema\\\/logo\\\/image\\\/\",\"url\":\"https:\\\/\\\/www.monaco-tribune.com\\\/wp-content\\\/uploads\\\/2022\\\/11\\\/logo-monaco-tribune.png\",\"contentUrl\":\"https:\\\/\\\/www.monaco-tribune.com\\\/wp-content\\\/uploads\\\/2022\\\/11\\\/logo-monaco-tribune.png\",\"width\":1548,\"height\":600,\"caption\":\"Monaco Tribune\"},\"image\":{\"@id\":\"https:\\\/\\\/www.monaco-tribune.com\\\/it\\\/#\\\/schema\\\/logo\\\/image\\\/\"},\"sameAs\":[\"https:\\\/\\\/www.facebook.com\\\/MonacoTribune\",\"https:\\\/\\\/x.com\\\/MonacoTribune\",\"https:\\\/\\\/www.instagram.com\\\/monacotribune\\\/\",\"https:\\\/\\\/www.linkedin.com\\\/company\\\/monaco-tribune\",\"https:\\\/\\\/www.youtube.com\\\/channel\\\/UCHle1MnG6hw1y4lWKijVbMA\"]},{\"@type\":\"Person\",\"@id\":\"https:\\\/\\\/www.monaco-tribune.com\\\/it\\\/#\\\/schema\\\/person\\\/a855d420fff4d03637641d60b93ac62e\",\"name\":\"Camille Esteve\",\"image\":{\"@type\":\"ImageObject\",\"inLanguage\":\"it-IT\",\"@id\":\"https:\\\/\\\/secure.gravatar.com\\\/avatar\\\/eaaa2355a7bb56c0018a391c20a55bf9b4690e3f493231dd850e612bfa6ce161?s=96&d=mm&r=g\",\"url\":\"https:\\\/\\\/secure.gravatar.com\\\/avatar\\\/eaaa2355a7bb56c0018a391c20a55bf9b4690e3f493231dd850e612bfa6ce161?s=96&d=mm&r=g\",\"contentUrl\":\"https:\\\/\\\/secure.gravatar.com\\\/avatar\\\/eaaa2355a7bb56c0018a391c20a55bf9b4690e3f493231dd850e612bfa6ce161?s=96&d=mm&r=g\",\"caption\":\"Camille Esteve\"},\"url\":\"https:\\\/\\\/www.monaco-tribune.com\\\/it\\\/author\\\/camilleesteve\\\/\"}]}<\/script>\n<!-- \/ Yoast SEO Premium plugin. -->","yoast_head_json":{"title":"Monaco Economic Board: un anno \"molto promettente\" in vista","description":"Marted\u00ec 13 settembre scorso, ha avuto luogo, presso lo Yacht Club di Monaco, il 42\u00b0 meeting dei membri del MEB. Come da tradizione, all'inizio di questa","robots":{"index":"index","follow":"follow","max-snippet":"max-snippet:-1","max-image-preview":"max-image-preview:large","max-video-preview":"max-video-preview:-1"},"canonical":"https:\/\/www.monaco-tribune.com\/it\/2022\/09\/monaco-economic-board-un-anno-molto-promettente-in-vista\/","og_locale":"it_IT","og_type":"article","og_title":"Monaco Economic Board: un anno \"molto promettente\" in vista - Monaco Tribune","og_description":"Marted\u00ec 13 settembre scorso, ha avuto luogo, presso lo Yacht Club di Monaco, il 42\u00b0 meeting dei membri del MEB. Come da tradizione, all'inizio di questa","og_url":"https:\/\/www.monaco-tribune.com\/it\/2022\/09\/monaco-economic-board-un-anno-molto-promettente-in-vista\/","og_site_name":"Monaco Tribune","article_publisher":"https:\/\/www.facebook.com\/MonacoTribune","article_published_time":"2022-09-15T15:09:27+00:00","article_modified_time":"2022-09-15T15:09:30+00:00","og_image":[{"width":1020,"height":679,"url":"https:\/\/www.monaco-tribune.com\/wp-content\/uploads\/2022\/09\/meb-rendez-vous-adherents.jpg","type":"image\/jpeg"}],"author":"Camille Esteve","twitter_card":"summary_large_image","twitter_creator":"@MonacoTribune","twitter_site":"@MonacoTribune","schema":{"@context":"https:\/\/schema.org","@graph":[{"@type":"NewsArticle","@id":"https:\/\/www.monaco-tribune.com\/it\/2022\/09\/monaco-economic-board-un-anno-molto-promettente-in-vista\/#article","isPartOf":{"@id":"https:\/\/www.monaco-tribune.com\/it\/2022\/09\/monaco-economic-board-un-anno-molto-promettente-in-vista\/"},"author":{"name":"Camille Esteve","@id":"https:\/\/www.monaco-tribune.com\/it\/#\/schema\/person\/a855d420fff4d03637641d60b93ac62e"},"headline":"Monaco Economic Board: un anno &#8220;molto promettente&#8221; in vista","datePublished":"2022-09-15T15:09:27+00:00","dateModified":"2022-09-15T15:09:30+00:00","mainEntityOfPage":{"@id":"https:\/\/www.monaco-tribune.com\/it\/2022\/09\/monaco-economic-board-un-anno-molto-promettente-in-vista\/"},"wordCount":521,"publisher":{"@id":"https:\/\/www.monaco-tribune.com\/it\/#organization"},"image":{"@id":"https:\/\/www.monaco-tribune.com\/it\/2022\/09\/monaco-economic-board-un-anno-molto-promettente-in-vista\/#primaryimage"},"thumbnailUrl":"https:\/\/www.monaco-tribune.com\/wp-content\/uploads\/2022\/09\/meb-rendez-vous-adherents.jpg","articleSection":["Business","Notizie"],"inLanguage":"it-IT","copyrightYear":"2022","copyrightHolder":{"@id":"https:\/\/www.monaco-tribune.com\/#organization"}},{"@type":"WebPage","@id":"https:\/\/www.monaco-tribune.com\/it\/2022\/09\/monaco-economic-board-un-anno-molto-promettente-in-vista\/","url":"https:\/\/www.monaco-tribune.com\/it\/2022\/09\/monaco-economic-board-un-anno-molto-promettente-in-vista\/","name":"Monaco Economic Board: un anno \"molto promettente\" in vista","isPartOf":{"@id":"https:\/\/www.monaco-tribune.com\/it\/#website"},"primaryImageOfPage":{"@id":"https:\/\/www.monaco-tribune.com\/it\/2022\/09\/monaco-economic-board-un-anno-molto-promettente-in-vista\/#primaryimage"},"image":{"@id":"https:\/\/www.monaco-tribune.com\/it\/2022\/09\/monaco-economic-board-un-anno-molto-promettente-in-vista\/#primaryimage"},"thumbnailUrl":"https:\/\/www.monaco-tribune.com\/wp-content\/uploads\/2022\/09\/meb-rendez-vous-adherents.jpg","datePublished":"2022-09-15T15:09:27+00:00","dateModified":"2022-09-15T15:09:30+00:00","description":"Marted\u00ec 13 settembre scorso, ha avuto luogo, presso lo Yacht Club di Monaco, il 42\u00b0 meeting dei membri del MEB. Come da tradizione, all'inizio di questa","breadcrumb":{"@id":"https:\/\/www.monaco-tribune.com\/it\/2022\/09\/monaco-economic-board-un-anno-molto-promettente-in-vista\/#breadcrumb"},"inLanguage":"it-IT","potentialAction":[{"@type":"ReadAction","target":["https:\/\/www.monaco-tribune.com\/it\/2022\/09\/monaco-economic-board-un-anno-molto-promettente-in-vista\/"]}]},{"@type":"ImageObject","inLanguage":"it-IT","@id":"https:\/\/www.monaco-tribune.com\/it\/2022\/09\/monaco-economic-board-un-anno-molto-promettente-in-vista\/#primaryimage","url":"https:\/\/www.monaco-tribune.com\/wp-content\/uploads\/2022\/09\/meb-rendez-vous-adherents.jpg","contentUrl":"https:\/\/www.monaco-tribune.com\/wp-content\/uploads\/2022\/09\/meb-rendez-vous-adherents.jpg","width":1020,"height":679,"caption":"MEB \/ Carte Blanche"},{"@type":"BreadcrumbList","@id":"https:\/\/www.monaco-tribune.com\/it\/2022\/09\/monaco-economic-board-un-anno-molto-promettente-in-vista\/#breadcrumb","itemListElement":[{"@type":"ListItem","position":1,"name":"Accueil","item":"https:\/\/www.monaco-tribune.com\/it\/"},{"@type":"ListItem","position":2,"name":"Monaco Economic Board: un anno \u00ab\u00a0molto promettente\u00a0\u00bb in vista"}]},{"@type":"WebSite","@id":"https:\/\/www.monaco-tribune.com\/it\/#website","url":"https:\/\/www.monaco-tribune.com\/it\/","name":"Monaco Tribune","description":"Monaco : actualit\u00e9s \u00e9conomiques, politiques, culturelles et sportives de Monaco et de la French Riviera.","publisher":{"@id":"https:\/\/www.monaco-tribune.com\/it\/#organization"},"potentialAction":[{"@type":"SearchAction","target":{"@type":"EntryPoint","urlTemplate":"https:\/\/www.monaco-tribune.com\/it\/?s={search_term_string}"},"query-input":{"@type":"PropertyValueSpecification","valueRequired":true,"valueName":"search_term_string"}}],"inLanguage":"it-IT"},{"@type":"Organization","@id":"https:\/\/www.monaco-tribune.com\/it\/#organization","name":"Monaco Tribune","url":"https:\/\/www.monaco-tribune.com\/it\/","logo":{"@type":"ImageObject","inLanguage":"it-IT","@id":"https:\/\/www.monaco-tribune.com\/it\/#\/schema\/logo\/image\/","url":"https:\/\/www.monaco-tribune.com\/wp-content\/uploads\/2022\/11\/logo-monaco-tribune.png","contentUrl":"https:\/\/www.monaco-tribune.com\/wp-content\/uploads\/2022\/11\/logo-monaco-tribune.png","width":1548,"height":600,"caption":"Monaco Tribune"},"image":{"@id":"https:\/\/www.monaco-tribune.com\/it\/#\/schema\/logo\/image\/"},"sameAs":["https:\/\/www.facebook.com\/MonacoTribune","https:\/\/x.com\/MonacoTribune","https:\/\/www.instagram.com\/monacotribune\/","https:\/\/www.linkedin.com\/company\/monaco-tribune","https:\/\/www.youtube.com\/channel\/UCHle1MnG6hw1y4lWKijVbMA"]},{"@type":"Person","@id":"https:\/\/www.monaco-tribune.com\/it\/#\/schema\/person\/a855d420fff4d03637641d60b93ac62e","name":"Camille Esteve","image":{"@type":"ImageObject","inLanguage":"it-IT","@id":"https:\/\/secure.gravatar.com\/avatar\/eaaa2355a7bb56c0018a391c20a55bf9b4690e3f493231dd850e612bfa6ce161?s=96&d=mm&r=g","url":"https:\/\/secure.gravatar.com\/avatar\/eaaa2355a7bb56c0018a391c20a55bf9b4690e3f493231dd850e612bfa6ce161?s=96&d=mm&r=g","contentUrl":"https:\/\/secure.gravatar.com\/avatar\/eaaa2355a7bb56c0018a391c20a55bf9b4690e3f493231dd850e612bfa6ce161?s=96&d=mm&r=g","caption":"Camille Esteve"},"url":"https:\/\/www.monaco-tribune.com\/it\/author\/camilleesteve\/"}]}},"_links":{"self":[{"href":"https:\/\/www.monaco-tribune.com\/it\/wp-json\/wp\/v2\/posts\/138610","targetHints":{"allow":["GET"]}}],"collection":[{"href":"https:\/\/www.monaco-tribune.com\/it\/wp-json\/wp\/v2\/posts"}],"about":[{"href":"https:\/\/www.monaco-tribune.com\/it\/wp-json\/wp\/v2\/types\/post"}],"author":[{"embeddable":true,"href":"https:\/\/www.monaco-tribune.com\/it\/wp-json\/wp\/v2\/users\/60"}],"replies":[{"embeddable":true,"href":"https:\/\/www.monaco-tribune.com\/it\/wp-json\/wp\/v2\/comments?post=138610"}],"version-history":[{"count":0,"href":"https:\/\/www.monaco-tribune.com\/it\/wp-json\/wp\/v2\/posts\/138610\/revisions"}],"wp:featuredmedia":[{"embeddable":true,"href":"https:\/\/www.monaco-tribune.com\/it\/wp-json\/wp\/v2\/media\/138526"}],"wp:attachment":[{"href":"https:\/\/www.monaco-tribune.com\/it\/wp-json\/wp\/v2\/media?parent=138610"}],"wp:term":[{"taxonomy":"category","embeddable":true,"href":"https:\/\/www.monaco-tribune.com\/it\/wp-json\/wp\/v2\/categories?post=138610"},{"taxonomy":"post_tag","embeddable":true,"href":"https:\/\/www.monaco-tribune.com\/it\/wp-json\/wp\/v2\/tags?post=138610"},{"taxonomy":"sectag","embeddable":true,"href":"https:\/\/www.monaco-tribune.com\/it\/wp-json\/wp\/v2\/post_sectags?post=138610"},{"taxonomy":"format","embeddable":true,"href":"https:\/\/www.monaco-tribune.com\/it\/wp-json\/wp\/v2\/post_format?post=138610"}],"curies":[{"name":"wp","href":"https:\/\/api.w.org\/{rel}","templated":true}]}}