{"id":139031,"date":"2022-09-19T20:45:19","date_gmt":"2022-09-19T18:45:19","guid":{"rendered":"https:\/\/www.monaco-tribune.com\/2022\/09\/jean-castellini-monaco-e-una-terra-dinnovazione\/"},"modified":"2022-09-19T20:45:40","modified_gmt":"2022-09-19T18:45:40","slug":"jean-castellini-monaco-e-una-terra-dinnovazione","status":"publish","type":"post","link":"https:\/\/www.monaco-tribune.com\/it\/2022\/09\/jean-castellini-monaco-e-una-terra-dinnovazione\/","title":{"rendered":"Jean Castellini: &#8220;Monaco \u00e8 una terra d&#8217;innovazione&#8221;"},"content":{"rendered":"\n<p><strong>Ecco il punto di vista del Consigliere di Governo e Ministro delle Finanze e dell&#8217;Economia sul ruolo dell&#8217;innovazione nel Principato e sui diversi incentivi esistenti a favore delle startup.<\/strong><\/p>\n\n<p>Poco spazio, ma tante idee. Quando abbiamo chiesto a Jean Castellini, Consigliere di Governo e Ministro delle Finanze e dell&#8217;Economia, cosa fosse per lui l&#8217;innovazione, ci ha risposto senza esitazioni: &#8220;Un potente mezzo di immagine e di comunicazione per combattere alcuni pregiudizi su Monaco&#8221;.<\/p>\n\n<p>Spesso, infatti, il Principato di Monaco viene considerato a livello internazionale unicamente come destinazione turistica. In realt\u00e0, Monaco ha molto pi\u00f9 da offrire, come testimoniano i diversi dispositivi statali che, da diversi decenni, sono a servizio delle imprese, riconoscendo all&#8217;innovazione un ruolo chiave a tutti i livelli.<\/p>\n\n<h2 class=\"wp-block-heading\" id=\"h-trois-dispositifs-majeurs\">Tre strutture chiave<\/h2>\n\n<p>Il Principato ha una visione che va al di l\u00e0 di un semplice aiuto economico. L&#8217;obiettivo \u00e8 quello di accompagnare passo passo gli imprenditori (monegaschi e non) nel lancio della propria avventura imprenditoriale. Ecco la ragione per cui sono stati creati MonacoTech, Monaco Boost e Monaco Innovation Runway.<\/p>\n\n<h3 class=\"has-text-align-center wp-block-heading\" id=\"h-monacotech-l-incubateur\">MonacoTech, l&#8217;incubatore<\/h3>\n\n<p>Da ormai cinque anni, MonacoTech, &#8220;incubatore e acceleratore d&#8217;impresa&#8221;, aiuta le startup che ospita a concretizzare il proprio progetto, spingendo gli ideatori all&#8217;innovazione. &#8220;Quando abbiamo lanciato MonacoTech, non abbiamo escluso nessuna &#8216;Tech&#8217;. Trovo che sia la strategia pi\u00f9 sensata per Monaco, anche se gli ultimi cinque anni ci hanno portato a privilegiare alcuni settori rispetto ad altri, come la salute (MedTech) o l&#8217;ambiente (GreenTech)&#8221; afferma Jean Castellini.<\/p>\n<div class=\"wp-block-image\">\n<figure class=\"aligncenter size-full\"><img loading=\"lazy\" decoding=\"async\" width=\"1020\" height=\"693\" src=\"https:\/\/www.monaco-tribune.com\/wp-content\/uploads\/2022\/09\/monaco-tech.jpeg\" alt=\"monaco-tech\" class=\"wp-image-138011\" srcset=\"https:\/\/www.monaco-tribune.com\/wp-content\/uploads\/2022\/09\/monaco-tech.jpeg 1020w, https:\/\/www.monaco-tribune.com\/wp-content\/uploads\/2022\/09\/monaco-tech-442x300.jpeg 442w\" sizes=\"auto, (max-width: 1020px) 100vw, 1020px\" \/><figcaption><em>\u00a9 MonacoTech<\/em><\/figcaption><\/figure>\n<\/div>\n<p>E a ragione: le imprese incubate possono usufruire di uno spazio dove scambiarsi idee, creare sinergie, ma anche dove ricevere sostegno prezioso, come lo pu\u00f2 essere una sovvenzione finanziaria per effettuare le prime spese e ottenere gratuitamente alcuni servizi, grazie alla partnership con l&#8217;Ordine dei Commercialisti o con Monaco Telecom, la societ\u00e0 che promuovo la maggior parte delle iniziative in materia di innovazione del Principato.<\/p>\n\n<p>Oggi, MonacoTech vanta pi\u00f9 di 45 progetti incubati in totale, di cui una ventina sono ancora all&#8217;interno di MonacoTech.<\/p>\n\n<p><strong>LEGGI ANCHE: <a href=\"https:\/\/www.monaco-tribune.com\/it\/2022\/02\/video-monaco-boost-un-trampolino-di-lancio-per-gli-imprenditori-monegaschi\/\">VIDEO. Monaco Boost: un trampolino di lancio per gli imprenditori monegaschi<\/a><\/strong><\/p>\n\n<blockquote class=\"wp-block-quote is-layout-flow wp-block-quote-is-layout-flow\"><p><em>L&#8217;innovazione made in Monaco attraversa i confini<\/em><\/p><\/blockquote>\n\n<h3 class=\"has-text-align-center wp-block-heading\" id=\"h-monaco-boost-la-pepiniere\">Monaco Boost, il vivaio degli imprenditori monegaschi<\/h3>\n\n<p>Negli stessi locali sorge anche Monaco Boost, una struttura creata due anni fa che Jean Castellini definisce &#8220;vivaio di imprenditori monegaschi&#8221;. Per riassumere: &#8220;Se MonacoTech ha un taglio decisamente pi\u00f9 improntato alle tecnologie, Monaco Boost invece accoglie imprese innovative, fondate principalmente da cittadini monegaschi&#8221;. In soli due anni, sono gi\u00e0 state ospitate 39 aziende e Monaco Boost conta oggi 27 dipendenti e 17 studenti con contratto di alternanza formazione-lavoro.<\/p>\n<div class=\"wp-block-image\">\n<figure class=\"aligncenter size-full is-resized\"><img loading=\"lazy\" decoding=\"async\" src=\"https:\/\/www.monaco-tribune.com\/wp-content\/uploads\/2022\/09\/monaco-boost.jpeg\" alt=\"monaco-boost\" class=\"wp-image-138007\" width=\"968\" height=\"645\" srcset=\"https:\/\/www.monaco-tribune.com\/wp-content\/uploads\/2022\/09\/monaco-boost.jpeg 1020w, https:\/\/www.monaco-tribune.com\/wp-content\/uploads\/2022\/09\/monaco-boost-450x300.jpeg 450w\" sizes=\"auto, (max-width: 968px) 100vw, 968px\" \/><figcaption><em>\u00a9 Direzione della Comunicazione<\/em><\/figcaption><\/figure>\n<\/div>\n<p>&#8220;Monaco Boost e MonacoTech condividono gli stessi spazi e questo crea sinergie tra le imprese. Monaco Boost talvolta accoglie societ\u00e0 che escono dall&#8217;incubatore di MonacoTech: sarebbe un peccato aiutare le aziende incubate, finanziarle, sostenerne lo sviluppo e poi perderle. Le due strutture traggono vantaggi l&#8217;una dall&#8217;altra, non per forza in termini di sbocchi commerciali, ma soprattutto dal punto di vista del &#8216;mentoring&#8217; e dalla condivisione di esperienze. Lo scambio di idee e di punti di vista \u00e8 molto arricchente&#8221;, spiega Jean Castellini.<\/p>\n\n<p><strong>LEGGI ANCHE: <a href=\"https:\/\/www.monaco-tribune.com\/it\/2022\/05\/accrescere-lattrattiva-del-principato-la-nuova-missione-di-frederic-genta\/\">Accrescere l\u2019attrattiva del Principato: la nuova missione di Fr\u00e9d\u00e9ric Genta<\/a><\/strong><\/p>\n\n<h3 class=\"has-text-align-center wp-block-heading\" id=\"h-monaco-innovation-runway-la-vitrine\">Monaco Innovation Runway, la vetrina<\/h3>\n\n<p>Di pi\u00f9 recente creazione, Monaco Innovation Runway \u00e8 stato lanciato a luglio scorso come showroom per le aziende che sono riuscite a portare a termine con successo il proprio progetto.<\/p>\n\n<p>&#8220;L&#8217;idea era quella di avere un luogo per mettere in mostra, promuovere e valorizzare l&#8217;innovazione. Cinque anni fa, non avevamo persone da mettere in luce. Oggi, invece, s\u00ec: ci sono svariati progetti nell&#8217;ambito della salute, dell&#8217;ecologia, delle tecnologie marine&#8230; Tutti si meritavano una vetrina per essere messi sotto i riflettori&#8221; illustra Jean Castellini, aggiungendo per\u00f2 che \u00e8 ancora troppo presto per fare il bilancio di questa iniziativa.<\/p>\n<div class=\"wp-block-image\">\n<figure class=\"aligncenter size-full\"><img loading=\"lazy\" decoding=\"async\" width=\"1020\" height=\"679\" src=\"https:\/\/www.monaco-tribune.com\/wp-content\/uploads\/2022\/09\/monaco-innovation-runway.jpeg\" alt=\"monaco-innovation-runway\" class=\"wp-image-138002\" srcset=\"https:\/\/www.monaco-tribune.com\/wp-content\/uploads\/2022\/09\/monaco-innovation-runway.jpeg 1020w, https:\/\/www.monaco-tribune.com\/wp-content\/uploads\/2022\/09\/monaco-innovation-runway-451x300.jpeg 451w\" sizes=\"auto, (max-width: 1020px) 100vw, 1020px\" \/><figcaption><em>\u00a9 Direzione della Comunicazione \/ Manuel Vitali <\/em><\/figcaption><\/figure>\n<\/div>\n<p>In ogni caso, il Consigliere di Governo e Ministro resta fiducioso, ritenendo che il Principato possa ritenersi soddisfatto del successo ottenuto da MonacoTech e Monaco Boost: &#8220;Sono stati creati centinaia di posti di lavoro, a Monaco o all&#8217;estero, grazie alle startup accompagnate. Il tessuto economico monegasco ne trae vantaggi diretti e l&#8217;innovazione made in Monaco attraversa i confini&#8221;, afferma compiaciuto.<\/p>\n\n<h2 class=\"wp-block-heading\" id=\"h-de-solides-aides-financieres\">Solidi aiuti economici<\/h2>\n\n<p>Naturalmente, tutte queste misure sono accompagnate da un significativo sostegno finanziario, che dimostra ancora una volta quanto il Principato investa nell&#8217;innovazione, anche sulla scena internazionale. <\/p>\n\n<p>La Direzione dello Sviluppo Economico, diretta da Fran\u00e7ois-Xavier Leclerc, \u00e8 promotrice del fondo monegasco per l&#8217;innovazione (risorsa che esiste gi\u00e0 da 25 anni) e del <a href=\"https:\/\/service-public-entreprises.gouv.mc\/Aides-et-developpement\/Aides\/Financement-de-l-innovation\/Beneficier-du-Fonds-Monegasque-EUREKA\">fondo monegasco Eureka<\/a>, creato nel 2005 per sostenere progetti cooperativi innovativi.<\/p>\n\n<p>Questo secondo dispositivo pu\u00f2 contare anche su una collaborazione molto attiva con la banca pubblica di investimenti Bpifrance e i suoi team locali, grazie a una serie di accordi. &#8220;Questo testimonia che si tratta di un&#8217;iniziativa che ha attraversato i confini e che coinvolge team locali che conoscono molto bene l&#8217;ecosistema favorevole alla creazione, alla crescita e allo sviluppo delle imprese&#8221;, ha aggiunto Jean Castellini.<\/p>\n\n<p>Ultimo, ma non per importanza: Horizon Europe. Dal 2019, questo strumento offre la possibilit\u00e0 ad enti monegaschi di partecipare a bandi di Ricerca e Sviluppo proposti dalla Commissione Europea: &#8220;Ancora una volta, possiamo notare lo stretto legame tra Monaco e la Francia, nonch\u00e9 l&#8217;Unione Europea&#8221;.<\/p>\n\n<p>Dopo aver subito una battuta d&#8217;arresto a causa della pandemia, Horizon Europe \u00e8 ora prossimo al lancio. I primi progetti dovrebbero essere presentati alla Commissione Europea entro la fine dell&#8217;anno. Sono tre le societ\u00e0 monegasche coinvolte per ricevere il supporto finanziario necessario a lanciare il loro progetto.<\/p>\n\n<h2 class=\"wp-block-heading\" id=\"h-un-cadre-legislatif-en-perpetuelle-evolution\">Un quadro normativo in perenne evoluzione<\/h2>\n\n<p>Ultimo e importante pilastro, essenziale a tenere assieme tutto: il quadro normativo, che tenta di adattarsi regolarmente ai bisogni delle imprese. &#8220;Il quadro legislativo e normativo di Monaco consente, oggi, il fiorire dell&#8217;innovazione. Venti delle quaranta startup di MonacoTech hanno gi\u00e0 dato vita a una societ\u00e0: quattro di queste hanno creato una Soci\u00e9t\u00e9 Anonyme Mon\u00e9gasque (SAM).<\/p>\n\n<p>Sono forme societarie pi\u00f9 impegnative che richiedono un maggior coinvolgimento in termini di capitale. \u00c8 per noi motivo di soddisfazione vedere che queste aziende sono nate e si sono sviluppate a Monaco, proiettandosi verso il loro futuro con determinate tutele, garantite in particolare dalla costituzione di un SAM. Queste aziende hanno una certa esperienza e credibilit\u00e0 alle spalle&#8221;, afferma Jean Castellini.<\/p>\n\n<blockquote class=\"wp-block-quote is-layout-flow wp-block-quote-is-layout-flow\"><p>Si possono creare aziende innovative anche su un territorio di due chilometri quadrati<\/p><\/blockquote>\n\n<p>Inoltre, un disegno di legge sul diritto societario sar\u00e0 presto presentato al Consiglio nazionale. La proposta prevede di &#8220;semplificare i sistemi esistenti, in particolare per le SAM, e introdurr\u00e0 probabilmente nuove forme societarie, come la Societ\u00e0 per Azioni Semplificate, spesso utilizzata e favorita da imprenditori e start-up&#8221;.<\/p>\n\n<p>Secondo Jean Castellini, i miglioramenti devono riguardare la semplificazione di alcune procedure relative alla creazione di impresa, ma anche un aggiornamento della logica di finanziamento delle imprese da parte del Governo, a seguito della crisi sanitaria. &#8220;Una delle rivoluzioni che abbiamo vissuto tutti \u00e8 quella dello smartworking. Abbiamo constatato a che punto fosse compatibile con un&#8217;attivit\u00e0 come quella dell&#8217;incubazione di imprese. (&#8230;) Abbiamo visto che per quasi due anni, un incubatore di aziende \u00e8 sopravvissuto nonostante gli imprenditori non fossero presenti tutti i giorni o non ci fossero affatto. Questo deve spingerci a riflettere sulla natura del nostro accompagnamento, su come li aiutiamo da un punto di vista finanziario o intellettuale&#8221;.<\/p>\n\n<h2 class=\"wp-block-heading\" id=\"h-la-capacite-a-s-adapter\">Capacit\u00e0 di adattamento<\/h2>\n\n<p>Anche in questo caso, il Consigliere di Governo e Ministro non ha dubbi: Monaco ha numerose risorse da mettere in campo per incoraggiare le imprese. &#8220;Credo che nel campo dell&#8217;innovazione si trovino le caratteristiche che fanno s\u00ec che l&#8217;economia monegasca si sviluppi in modo regolare e talvolta in settori che non si associano spontaneamente al Principato. Monaco non \u00e8 solo turismo: la finanza e l&#8217;immobiliare sono altre due colonne portanti e sono settori comunque legati all&#8217;innovazione. Questo \u00e8 chiaro se si guarda <a href=\"https:\/\/www.monaco-tribune.com\/it\/2022\/02\/3-curiosita-sorprendenti-sul-mega-cantiere-di-mareterra\/\">il progetto di estensione sul mare<\/a>, che sfrutta proprio i frutti dell&#8217;innovazione, sopratutto in campo ecologico.<\/p>\n\n<p>Monaco \u00e8 caratterizzata da una grande flessibilit\u00e0 che permette di fare azioni su misura. I locali utilizzati per Monaco Boost e MonacoTech erano storici locali industriali di Fontvieille, all&#8217;interno di edifici di una cinquantina d&#8217;anni fa, che sono stati completamente ristrutturati per renderli moderni e adatti allo sviluppo di innovazione. Gli spazi vengono costantemente riadattati; Monaco Innovation Runway utilizza alcune aree che non avevamo identificato a priori come zone adatte a ospitare uno showroom per l&#8217;innovazione, ma che invece sono state recuperate. Questa flessibilit\u00e0 \u00e8 un punto di forza per gli imprenditori e gli ideatori dei progetti&#8221;.<\/p>\n\n<p>Infine, per Jean Castellini, il migliore esempio dell&#8217;importanza dell&#8217;innovazione nel Principato rimane Monaco Telecom: &#8220;\u00c8 uno dei nostri fiori all&#8217;occhiello nel campo delle innovazioni. Se abbiamo la 5G e la rete fibra 10Gb, \u00e8 perch\u00e9 abbiamo questa societ\u00e0 nel Principato che sta facendo da apripista all&#8217;innovazione nel suo settore. (&#8230;) Monaco \u00e8 una terra d&#8217;innovazione. Questa iniziativa, che fa parte di un approccio pi\u00f9 globale, contribuisce sicuramente a cambiare l&#8217;immagine e la percezione che alcuni hanno del nostro Paese. Si possono creare aziende innovative anche su un territorio di due chilometri quadrati. Questo era vero cinquant&#8217;anni fa ed \u00e8 vero ancora adesso, con mezzi diversi, ma con il sostegno incrollabile dello Stato&#8221;.<\/p>\n","protected":false},"excerpt":{"rendered":"<p>Ecco il punto di vista del Consigliere di Governo e Ministro delle Finanze e dell&#8217;Economia sul ruolo dell&#8217;innovazione nel Principato [&hellip;]<\/p>\n","protected":false},"author":60,"featured_media":137443,"comment_status":"closed","ping_status":"closed","sticky":false,"template":"","format":"standard","meta":{"_acf_changed":false,"footnotes":""},"categories":[1739,1826,1738],"tags":[2898],"post_sectags":[],"post_format":[2476],"class_list":["post-139031","post","type-post","status-publish","format-standard","has-post-thumbnail","hentry","category-business-it","category-la-nostra-scelta","category-notizie","tag-innovazione","format-intervista"],"acf":[],"yoast_head":"<!-- This site is optimized with the Yoast SEO Premium plugin v26.8 (Yoast SEO v27.5) - https:\/\/yoast.com\/product\/yoast-seo-premium-wordpress\/ -->\n<title>Jean Castellini: &quot;Monaco \u00e8 una terra d&#039;innovazione&quot;<\/title>\n<meta name=\"description\" content=\"Ecco il punto di vista del Consigliere di Governo e Ministro delle Finanze e dell&#039;Economia sul ruolo dell&#039;innovazione nel Principato e sui diversi\" \/>\n<meta name=\"robots\" content=\"index, follow, max-snippet:-1, max-image-preview:large, max-video-preview:-1\" \/>\n<link rel=\"canonical\" href=\"https:\/\/www.monaco-tribune.com\/it\/2022\/09\/jean-castellini-monaco-e-una-terra-dinnovazione\/\" \/>\n<meta property=\"og:locale\" content=\"it_IT\" \/>\n<meta property=\"og:type\" content=\"article\" \/>\n<meta property=\"og:title\" content=\"Jean Castellini: &quot;Monaco \u00e8 una terra d&#039;innovazione&quot; - Monaco Tribune\" \/>\n<meta property=\"og:description\" content=\"Ecco il punto di vista del Consigliere di Governo e Ministro delle Finanze e dell&#039;Economia sul ruolo dell&#039;innovazione nel Principato e sui diversi\" \/>\n<meta property=\"og:url\" content=\"https:\/\/www.monaco-tribune.com\/it\/2022\/09\/jean-castellini-monaco-e-una-terra-dinnovazione\/\" \/>\n<meta property=\"og:site_name\" content=\"Monaco Tribune\" \/>\n<meta property=\"article:publisher\" content=\"https:\/\/www.facebook.com\/MonacoTribune\" \/>\n<meta property=\"article:published_time\" content=\"2022-09-19T18:45:19+00:00\" \/>\n<meta property=\"article:modified_time\" content=\"2022-09-19T18:45:40+00:00\" \/>\n<meta property=\"og:image\" content=\"https:\/\/www.monaco-tribune.com\/wp-content\/uploads\/2022\/09\/monaco-jean-castellini.jpg\" \/>\n\t<meta property=\"og:image:width\" content=\"1020\" \/>\n\t<meta property=\"og:image:height\" content=\"680\" \/>\n\t<meta property=\"og:image:type\" content=\"image\/jpeg\" \/>\n<meta name=\"author\" content=\"Camille Esteve\" \/>\n<meta name=\"twitter:card\" content=\"summary_large_image\" \/>\n<meta name=\"twitter:creator\" content=\"@MonacoTribune\" \/>\n<meta name=\"twitter:site\" content=\"@MonacoTribune\" \/>\n<script type=\"application\/ld+json\" class=\"yoast-schema-graph\">{\"@context\":\"https:\\\/\\\/schema.org\",\"@graph\":[{\"@type\":\"NewsArticle\",\"@id\":\"https:\\\/\\\/www.monaco-tribune.com\\\/it\\\/2022\\\/09\\\/jean-castellini-monaco-e-una-terra-dinnovazione\\\/#article\",\"isPartOf\":{\"@id\":\"https:\\\/\\\/www.monaco-tribune.com\\\/it\\\/2022\\\/09\\\/jean-castellini-monaco-e-una-terra-dinnovazione\\\/\"},\"author\":{\"name\":\"Camille Esteve\",\"@id\":\"https:\\\/\\\/www.monaco-tribune.com\\\/it\\\/#\\\/schema\\\/person\\\/a855d420fff4d03637641d60b93ac62e\"},\"headline\":\"Jean Castellini: &#8220;Monaco \u00e8 una terra d&#8217;innovazione&#8221;\",\"datePublished\":\"2022-09-19T18:45:19+00:00\",\"dateModified\":\"2022-09-19T18:45:40+00:00\",\"mainEntityOfPage\":{\"@id\":\"https:\\\/\\\/www.monaco-tribune.com\\\/it\\\/2022\\\/09\\\/jean-castellini-monaco-e-una-terra-dinnovazione\\\/\"},\"wordCount\":1544,\"publisher\":{\"@id\":\"https:\\\/\\\/www.monaco-tribune.com\\\/it\\\/#organization\"},\"image\":{\"@id\":\"https:\\\/\\\/www.monaco-tribune.com\\\/it\\\/2022\\\/09\\\/jean-castellini-monaco-e-una-terra-dinnovazione\\\/#primaryimage\"},\"thumbnailUrl\":\"https:\\\/\\\/www.monaco-tribune.com\\\/wp-content\\\/uploads\\\/2022\\\/09\\\/monaco-jean-castellini.jpg\",\"keywords\":[\"Innovazione\"],\"articleSection\":[\"Business\",\"La nostra scelta\",\"Notizie\"],\"inLanguage\":\"it-IT\",\"copyrightYear\":\"2022\",\"copyrightHolder\":{\"@id\":\"https:\\\/\\\/www.monaco-tribune.com\\\/#organization\"}},{\"@type\":\"WebPage\",\"@id\":\"https:\\\/\\\/www.monaco-tribune.com\\\/it\\\/2022\\\/09\\\/jean-castellini-monaco-e-una-terra-dinnovazione\\\/\",\"url\":\"https:\\\/\\\/www.monaco-tribune.com\\\/it\\\/2022\\\/09\\\/jean-castellini-monaco-e-una-terra-dinnovazione\\\/\",\"name\":\"Jean Castellini: \\\"Monaco \u00e8 una terra d'innovazione\\\"\",\"isPartOf\":{\"@id\":\"https:\\\/\\\/www.monaco-tribune.com\\\/it\\\/#website\"},\"primaryImageOfPage\":{\"@id\":\"https:\\\/\\\/www.monaco-tribune.com\\\/it\\\/2022\\\/09\\\/jean-castellini-monaco-e-una-terra-dinnovazione\\\/#primaryimage\"},\"image\":{\"@id\":\"https:\\\/\\\/www.monaco-tribune.com\\\/it\\\/2022\\\/09\\\/jean-castellini-monaco-e-una-terra-dinnovazione\\\/#primaryimage\"},\"thumbnailUrl\":\"https:\\\/\\\/www.monaco-tribune.com\\\/wp-content\\\/uploads\\\/2022\\\/09\\\/monaco-jean-castellini.jpg\",\"datePublished\":\"2022-09-19T18:45:19+00:00\",\"dateModified\":\"2022-09-19T18:45:40+00:00\",\"description\":\"Ecco il punto di vista del Consigliere di Governo e Ministro delle Finanze e dell'Economia sul ruolo dell'innovazione nel Principato e sui diversi\",\"breadcrumb\":{\"@id\":\"https:\\\/\\\/www.monaco-tribune.com\\\/it\\\/2022\\\/09\\\/jean-castellini-monaco-e-una-terra-dinnovazione\\\/#breadcrumb\"},\"inLanguage\":\"it-IT\",\"potentialAction\":[{\"@type\":\"ReadAction\",\"target\":[\"https:\\\/\\\/www.monaco-tribune.com\\\/it\\\/2022\\\/09\\\/jean-castellini-monaco-e-una-terra-dinnovazione\\\/\"]}]},{\"@type\":\"ImageObject\",\"inLanguage\":\"it-IT\",\"@id\":\"https:\\\/\\\/www.monaco-tribune.com\\\/it\\\/2022\\\/09\\\/jean-castellini-monaco-e-una-terra-dinnovazione\\\/#primaryimage\",\"url\":\"https:\\\/\\\/www.monaco-tribune.com\\\/wp-content\\\/uploads\\\/2022\\\/09\\\/monaco-jean-castellini.jpg\",\"contentUrl\":\"https:\\\/\\\/www.monaco-tribune.com\\\/wp-content\\\/uploads\\\/2022\\\/09\\\/monaco-jean-castellini.jpg\",\"width\":1020,\"height\":680,\"caption\":\"Michael Alesi \\\/ Direzione della Comunicazione\"},{\"@type\":\"BreadcrumbList\",\"@id\":\"https:\\\/\\\/www.monaco-tribune.com\\\/it\\\/2022\\\/09\\\/jean-castellini-monaco-e-una-terra-dinnovazione\\\/#breadcrumb\",\"itemListElement\":[{\"@type\":\"ListItem\",\"position\":1,\"name\":\"Accueil\",\"item\":\"https:\\\/\\\/www.monaco-tribune.com\\\/it\\\/\"},{\"@type\":\"ListItem\",\"position\":2,\"name\":\"Jean Castellini: \u00ab\u00a0Monaco \u00e8 una terra d&rsquo;innovazione\u00a0\u00bb\"}]},{\"@type\":\"WebSite\",\"@id\":\"https:\\\/\\\/www.monaco-tribune.com\\\/it\\\/#website\",\"url\":\"https:\\\/\\\/www.monaco-tribune.com\\\/it\\\/\",\"name\":\"Monaco Tribune\",\"description\":\"Monaco : actualit\u00e9s \u00e9conomiques, politiques, culturelles et sportives de Monaco et de la French Riviera.\",\"publisher\":{\"@id\":\"https:\\\/\\\/www.monaco-tribune.com\\\/it\\\/#organization\"},\"potentialAction\":[{\"@type\":\"SearchAction\",\"target\":{\"@type\":\"EntryPoint\",\"urlTemplate\":\"https:\\\/\\\/www.monaco-tribune.com\\\/it\\\/?s={search_term_string}\"},\"query-input\":{\"@type\":\"PropertyValueSpecification\",\"valueRequired\":true,\"valueName\":\"search_term_string\"}}],\"inLanguage\":\"it-IT\"},{\"@type\":\"Organization\",\"@id\":\"https:\\\/\\\/www.monaco-tribune.com\\\/it\\\/#organization\",\"name\":\"Monaco Tribune\",\"url\":\"https:\\\/\\\/www.monaco-tribune.com\\\/it\\\/\",\"logo\":{\"@type\":\"ImageObject\",\"inLanguage\":\"it-IT\",\"@id\":\"https:\\\/\\\/www.monaco-tribune.com\\\/it\\\/#\\\/schema\\\/logo\\\/image\\\/\",\"url\":\"https:\\\/\\\/www.monaco-tribune.com\\\/wp-content\\\/uploads\\\/2022\\\/11\\\/logo-monaco-tribune.png\",\"contentUrl\":\"https:\\\/\\\/www.monaco-tribune.com\\\/wp-content\\\/uploads\\\/2022\\\/11\\\/logo-monaco-tribune.png\",\"width\":1548,\"height\":600,\"caption\":\"Monaco Tribune\"},\"image\":{\"@id\":\"https:\\\/\\\/www.monaco-tribune.com\\\/it\\\/#\\\/schema\\\/logo\\\/image\\\/\"},\"sameAs\":[\"https:\\\/\\\/www.facebook.com\\\/MonacoTribune\",\"https:\\\/\\\/x.com\\\/MonacoTribune\",\"https:\\\/\\\/www.instagram.com\\\/monacotribune\\\/\",\"https:\\\/\\\/www.linkedin.com\\\/company\\\/monaco-tribune\",\"https:\\\/\\\/www.youtube.com\\\/channel\\\/UCHle1MnG6hw1y4lWKijVbMA\"]},{\"@type\":\"Person\",\"@id\":\"https:\\\/\\\/www.monaco-tribune.com\\\/it\\\/#\\\/schema\\\/person\\\/a855d420fff4d03637641d60b93ac62e\",\"name\":\"Camille Esteve\",\"image\":{\"@type\":\"ImageObject\",\"inLanguage\":\"it-IT\",\"@id\":\"https:\\\/\\\/secure.gravatar.com\\\/avatar\\\/eaaa2355a7bb56c0018a391c20a55bf9b4690e3f493231dd850e612bfa6ce161?s=96&d=mm&r=g\",\"url\":\"https:\\\/\\\/secure.gravatar.com\\\/avatar\\\/eaaa2355a7bb56c0018a391c20a55bf9b4690e3f493231dd850e612bfa6ce161?s=96&d=mm&r=g\",\"contentUrl\":\"https:\\\/\\\/secure.gravatar.com\\\/avatar\\\/eaaa2355a7bb56c0018a391c20a55bf9b4690e3f493231dd850e612bfa6ce161?s=96&d=mm&r=g\",\"caption\":\"Camille Esteve\"},\"url\":\"https:\\\/\\\/www.monaco-tribune.com\\\/it\\\/author\\\/camilleesteve\\\/\"}]}<\/script>\n<!-- \/ Yoast SEO Premium plugin. -->","yoast_head_json":{"title":"Jean Castellini: \"Monaco \u00e8 una terra d'innovazione\"","description":"Ecco il punto di vista del Consigliere di Governo e Ministro delle Finanze e dell'Economia sul ruolo dell'innovazione nel Principato e sui diversi","robots":{"index":"index","follow":"follow","max-snippet":"max-snippet:-1","max-image-preview":"max-image-preview:large","max-video-preview":"max-video-preview:-1"},"canonical":"https:\/\/www.monaco-tribune.com\/it\/2022\/09\/jean-castellini-monaco-e-una-terra-dinnovazione\/","og_locale":"it_IT","og_type":"article","og_title":"Jean Castellini: \"Monaco \u00e8 una terra d'innovazione\" - Monaco Tribune","og_description":"Ecco il punto di vista del Consigliere di Governo e Ministro delle Finanze e dell'Economia sul ruolo dell'innovazione nel Principato e sui diversi","og_url":"https:\/\/www.monaco-tribune.com\/it\/2022\/09\/jean-castellini-monaco-e-una-terra-dinnovazione\/","og_site_name":"Monaco Tribune","article_publisher":"https:\/\/www.facebook.com\/MonacoTribune","article_published_time":"2022-09-19T18:45:19+00:00","article_modified_time":"2022-09-19T18:45:40+00:00","og_image":[{"width":1020,"height":680,"url":"https:\/\/www.monaco-tribune.com\/wp-content\/uploads\/2022\/09\/monaco-jean-castellini.jpg","type":"image\/jpeg"}],"author":"Camille Esteve","twitter_card":"summary_large_image","twitter_creator":"@MonacoTribune","twitter_site":"@MonacoTribune","schema":{"@context":"https:\/\/schema.org","@graph":[{"@type":"NewsArticle","@id":"https:\/\/www.monaco-tribune.com\/it\/2022\/09\/jean-castellini-monaco-e-una-terra-dinnovazione\/#article","isPartOf":{"@id":"https:\/\/www.monaco-tribune.com\/it\/2022\/09\/jean-castellini-monaco-e-una-terra-dinnovazione\/"},"author":{"name":"Camille Esteve","@id":"https:\/\/www.monaco-tribune.com\/it\/#\/schema\/person\/a855d420fff4d03637641d60b93ac62e"},"headline":"Jean Castellini: &#8220;Monaco \u00e8 una terra d&#8217;innovazione&#8221;","datePublished":"2022-09-19T18:45:19+00:00","dateModified":"2022-09-19T18:45:40+00:00","mainEntityOfPage":{"@id":"https:\/\/www.monaco-tribune.com\/it\/2022\/09\/jean-castellini-monaco-e-una-terra-dinnovazione\/"},"wordCount":1544,"publisher":{"@id":"https:\/\/www.monaco-tribune.com\/it\/#organization"},"image":{"@id":"https:\/\/www.monaco-tribune.com\/it\/2022\/09\/jean-castellini-monaco-e-una-terra-dinnovazione\/#primaryimage"},"thumbnailUrl":"https:\/\/www.monaco-tribune.com\/wp-content\/uploads\/2022\/09\/monaco-jean-castellini.jpg","keywords":["Innovazione"],"articleSection":["Business","La nostra scelta","Notizie"],"inLanguage":"it-IT","copyrightYear":"2022","copyrightHolder":{"@id":"https:\/\/www.monaco-tribune.com\/#organization"}},{"@type":"WebPage","@id":"https:\/\/www.monaco-tribune.com\/it\/2022\/09\/jean-castellini-monaco-e-una-terra-dinnovazione\/","url":"https:\/\/www.monaco-tribune.com\/it\/2022\/09\/jean-castellini-monaco-e-una-terra-dinnovazione\/","name":"Jean Castellini: \"Monaco \u00e8 una terra d'innovazione\"","isPartOf":{"@id":"https:\/\/www.monaco-tribune.com\/it\/#website"},"primaryImageOfPage":{"@id":"https:\/\/www.monaco-tribune.com\/it\/2022\/09\/jean-castellini-monaco-e-una-terra-dinnovazione\/#primaryimage"},"image":{"@id":"https:\/\/www.monaco-tribune.com\/it\/2022\/09\/jean-castellini-monaco-e-una-terra-dinnovazione\/#primaryimage"},"thumbnailUrl":"https:\/\/www.monaco-tribune.com\/wp-content\/uploads\/2022\/09\/monaco-jean-castellini.jpg","datePublished":"2022-09-19T18:45:19+00:00","dateModified":"2022-09-19T18:45:40+00:00","description":"Ecco il punto di vista del Consigliere di Governo e Ministro delle Finanze e dell'Economia sul ruolo dell'innovazione nel Principato e sui diversi","breadcrumb":{"@id":"https:\/\/www.monaco-tribune.com\/it\/2022\/09\/jean-castellini-monaco-e-una-terra-dinnovazione\/#breadcrumb"},"inLanguage":"it-IT","potentialAction":[{"@type":"ReadAction","target":["https:\/\/www.monaco-tribune.com\/it\/2022\/09\/jean-castellini-monaco-e-una-terra-dinnovazione\/"]}]},{"@type":"ImageObject","inLanguage":"it-IT","@id":"https:\/\/www.monaco-tribune.com\/it\/2022\/09\/jean-castellini-monaco-e-una-terra-dinnovazione\/#primaryimage","url":"https:\/\/www.monaco-tribune.com\/wp-content\/uploads\/2022\/09\/monaco-jean-castellini.jpg","contentUrl":"https:\/\/www.monaco-tribune.com\/wp-content\/uploads\/2022\/09\/monaco-jean-castellini.jpg","width":1020,"height":680,"caption":"Michael Alesi \/ Direzione della Comunicazione"},{"@type":"BreadcrumbList","@id":"https:\/\/www.monaco-tribune.com\/it\/2022\/09\/jean-castellini-monaco-e-una-terra-dinnovazione\/#breadcrumb","itemListElement":[{"@type":"ListItem","position":1,"name":"Accueil","item":"https:\/\/www.monaco-tribune.com\/it\/"},{"@type":"ListItem","position":2,"name":"Jean Castellini: \u00ab\u00a0Monaco \u00e8 una terra d&rsquo;innovazione\u00a0\u00bb"}]},{"@type":"WebSite","@id":"https:\/\/www.monaco-tribune.com\/it\/#website","url":"https:\/\/www.monaco-tribune.com\/it\/","name":"Monaco Tribune","description":"Monaco : actualit\u00e9s \u00e9conomiques, politiques, culturelles et sportives de Monaco et de la French Riviera.","publisher":{"@id":"https:\/\/www.monaco-tribune.com\/it\/#organization"},"potentialAction":[{"@type":"SearchAction","target":{"@type":"EntryPoint","urlTemplate":"https:\/\/www.monaco-tribune.com\/it\/?s={search_term_string}"},"query-input":{"@type":"PropertyValueSpecification","valueRequired":true,"valueName":"search_term_string"}}],"inLanguage":"it-IT"},{"@type":"Organization","@id":"https:\/\/www.monaco-tribune.com\/it\/#organization","name":"Monaco Tribune","url":"https:\/\/www.monaco-tribune.com\/it\/","logo":{"@type":"ImageObject","inLanguage":"it-IT","@id":"https:\/\/www.monaco-tribune.com\/it\/#\/schema\/logo\/image\/","url":"https:\/\/www.monaco-tribune.com\/wp-content\/uploads\/2022\/11\/logo-monaco-tribune.png","contentUrl":"https:\/\/www.monaco-tribune.com\/wp-content\/uploads\/2022\/11\/logo-monaco-tribune.png","width":1548,"height":600,"caption":"Monaco Tribune"},"image":{"@id":"https:\/\/www.monaco-tribune.com\/it\/#\/schema\/logo\/image\/"},"sameAs":["https:\/\/www.facebook.com\/MonacoTribune","https:\/\/x.com\/MonacoTribune","https:\/\/www.instagram.com\/monacotribune\/","https:\/\/www.linkedin.com\/company\/monaco-tribune","https:\/\/www.youtube.com\/channel\/UCHle1MnG6hw1y4lWKijVbMA"]},{"@type":"Person","@id":"https:\/\/www.monaco-tribune.com\/it\/#\/schema\/person\/a855d420fff4d03637641d60b93ac62e","name":"Camille Esteve","image":{"@type":"ImageObject","inLanguage":"it-IT","@id":"https:\/\/secure.gravatar.com\/avatar\/eaaa2355a7bb56c0018a391c20a55bf9b4690e3f493231dd850e612bfa6ce161?s=96&d=mm&r=g","url":"https:\/\/secure.gravatar.com\/avatar\/eaaa2355a7bb56c0018a391c20a55bf9b4690e3f493231dd850e612bfa6ce161?s=96&d=mm&r=g","contentUrl":"https:\/\/secure.gravatar.com\/avatar\/eaaa2355a7bb56c0018a391c20a55bf9b4690e3f493231dd850e612bfa6ce161?s=96&d=mm&r=g","caption":"Camille Esteve"},"url":"https:\/\/www.monaco-tribune.com\/it\/author\/camilleesteve\/"}]}},"_links":{"self":[{"href":"https:\/\/www.monaco-tribune.com\/it\/wp-json\/wp\/v2\/posts\/139031","targetHints":{"allow":["GET"]}}],"collection":[{"href":"https:\/\/www.monaco-tribune.com\/it\/wp-json\/wp\/v2\/posts"}],"about":[{"href":"https:\/\/www.monaco-tribune.com\/it\/wp-json\/wp\/v2\/types\/post"}],"author":[{"embeddable":true,"href":"https:\/\/www.monaco-tribune.com\/it\/wp-json\/wp\/v2\/users\/60"}],"replies":[{"embeddable":true,"href":"https:\/\/www.monaco-tribune.com\/it\/wp-json\/wp\/v2\/comments?post=139031"}],"version-history":[{"count":0,"href":"https:\/\/www.monaco-tribune.com\/it\/wp-json\/wp\/v2\/posts\/139031\/revisions"}],"wp:featuredmedia":[{"embeddable":true,"href":"https:\/\/www.monaco-tribune.com\/it\/wp-json\/wp\/v2\/media\/137443"}],"wp:attachment":[{"href":"https:\/\/www.monaco-tribune.com\/it\/wp-json\/wp\/v2\/media?parent=139031"}],"wp:term":[{"taxonomy":"category","embeddable":true,"href":"https:\/\/www.monaco-tribune.com\/it\/wp-json\/wp\/v2\/categories?post=139031"},{"taxonomy":"post_tag","embeddable":true,"href":"https:\/\/www.monaco-tribune.com\/it\/wp-json\/wp\/v2\/tags?post=139031"},{"taxonomy":"sectag","embeddable":true,"href":"https:\/\/www.monaco-tribune.com\/it\/wp-json\/wp\/v2\/post_sectags?post=139031"},{"taxonomy":"format","embeddable":true,"href":"https:\/\/www.monaco-tribune.com\/it\/wp-json\/wp\/v2\/post_format?post=139031"}],"curies":[{"name":"wp","href":"https:\/\/api.w.org\/{rel}","templated":true}]}}