{"id":139852,"date":"2022-09-26T15:29:44","date_gmt":"2022-09-26T13:29:44","guid":{"rendered":"https:\/\/www.monaco-tribune.com\/2022\/09\/stephane-valeri-lascia-la-presidenza-del-consiglio-nazionale-di-monaco-e-passa-alla-societe-des-bains-de-mer\/"},"modified":"2022-09-26T15:29:50","modified_gmt":"2022-09-26T13:29:50","slug":"stephane-valeri-lascia-la-presidenza-del-consiglio-nazionale-di-monaco-e-passa-alla-societe-des-bains-de-mer","status":"publish","type":"post","link":"https:\/\/www.monaco-tribune.com\/it\/2022\/09\/stephane-valeri-lascia-la-presidenza-del-consiglio-nazionale-di-monaco-e-passa-alla-societe-des-bains-de-mer\/","title":{"rendered":"St\u00e9phane Valeri, lascia la presidenza del Consiglio Nazionale di Monaco e passa alla Soci\u00e9t\u00e9 des Bains de Mer"},"content":{"rendered":"\n<p><strong>A partire dal 3 aprile 2023, St\u00e9phane Valeri succeder\u00e0 a Jean-Luc Biamonti alla presidenza della Societ\u00e9 des Bains de Mer (SBM).<\/strong><\/p>\n\n<p>Con un comunicato stampa, il Consiglio Nazionale ha annunciato che l&#8217;attuale Presidente, St\u00e9phane Valeri, lascer\u00e0 l&#8217;incarico a partire dal 3 ottobre dopo cinque anni di onorato servizio.<\/p>\n\n<p>&#8220;Nel febbraio 2018, il popolo monegasco ha riposto la sua fiducia in me, permettendomi di svolgere un nuovo mandato come Presidente del Consiglio Nazionale. Come avevo promesso, mi sono impegnato a fondo per ormai quasi 5 anni nell\u2019esercizio di queste funzioni al servizio dei miei connazionali e dello Stato&#8221;, precisa St\u00e9phane Valeri.<\/p>\n\n<p>Inoltre, aggiunge di aver accettato di entrare a far parte del Consiglio di Amministrazione della \u00a0Soci\u00e9t\u00e9 des Bains de Mer (SBM), di cui diventer\u00e0 presidente a partire dal 3 aprile 2023, succedendo a Jean-Luc Biamonti. &#8220;Mi unisco quindi a questa grande azienda, alla quale io e la mia famiglia siamo molto legati da diverse generazioni\u201d dichiara, ancora, Valeri.<\/p>\n\n<p><strong>LEGGI ANCHE: <a href=\"https:\/\/www.monaco-tribune.com\/it\/2022\/05\/il-recupero-eccezionale-e-i-progetti-ambiziosi-della-sbm-nel-2022\/\">Il recupero eccezionale e i progetti ambiziosi della SBM nel 2022<\/a><\/strong><\/p>\n\n<p>&#8220;La maggior parte dei nostri impegni \u00e8 stata rispettata, in particolare per quanto riguarda gli alloggi dei monegaschi, cos\u00ec come le questioni sociali e la posizione dell\u2019Assemblea nei confronti dell\u2019Unione Europea. [&#8230;] \u00c8 quindi con il sentimento di aver adempiuto al mio dovere e con il desiderio di servire gli interessi del Principato in modo diverso, che smetter\u00f2 di esercitare le mie funzioni di Presidente del Consiglio nazionale&#8221; conclude infine St\u00e9phane Valeri.<\/p>\n","protected":false},"excerpt":{"rendered":"<p>A partire dal 3 aprile 2023, St\u00e9phane Valeri succeder\u00e0 a Jean-Luc Biamonti alla presidenza della Societ\u00e9 des Bains de Mer [&hellip;]<\/p>\n","protected":false},"author":60,"featured_media":118072,"comment_status":"closed","ping_status":"closed","sticky":false,"template":"","format":"standard","meta":{"_acf_changed":false,"footnotes":""},"categories":[1826,1738,1752],"tags":[],"post_sectags":[],"post_format":[2478],"class_list":["post-139852","post","type-post","status-publish","format-standard","has-post-thumbnail","hentry","category-la-nostra-scelta","category-notizie","category-societa","format-notizia"],"acf":[],"yoast_head":"<!-- This site is optimized with the Yoast SEO Premium plugin v26.8 (Yoast SEO v27.5) - https:\/\/yoast.com\/product\/yoast-seo-premium-wordpress\/ -->\n<title>St\u00e9phane Valeri, lascia la presidenza del Consiglio Nazionale di Monaco e passa alla Soci\u00e9t\u00e9 des Bains de Mer<\/title>\n<meta name=\"description\" content=\"A partire dal 3 aprile 2023, St\u00e9phane Valeri succeder\u00e0 a Jean-Luc Biamonti alla presidenza della Societ\u00e9 des Bains de Mer (SBM). Con un comunicato stampa,\" \/>\n<meta name=\"robots\" content=\"index, follow, max-snippet:-1, max-image-preview:large, max-video-preview:-1\" \/>\n<link rel=\"canonical\" href=\"https:\/\/www.monaco-tribune.com\/it\/2022\/09\/stephane-valeri-lascia-la-presidenza-del-consiglio-nazionale-di-monaco-e-passa-alla-societe-des-bains-de-mer\/\" \/>\n<meta property=\"og:locale\" content=\"it_IT\" \/>\n<meta property=\"og:type\" content=\"article\" \/>\n<meta property=\"og:title\" content=\"St\u00e9phane Valeri, lascia la presidenza del Consiglio Nazionale di Monaco e passa alla Soci\u00e9t\u00e9 des Bains de Mer - Monaco Tribune\" \/>\n<meta property=\"og:description\" content=\"A partire dal 3 aprile 2023, St\u00e9phane Valeri succeder\u00e0 a Jean-Luc Biamonti alla presidenza della Societ\u00e9 des Bains de Mer (SBM). Con un comunicato stampa,\" \/>\n<meta property=\"og:url\" content=\"https:\/\/www.monaco-tribune.com\/it\/2022\/09\/stephane-valeri-lascia-la-presidenza-del-consiglio-nazionale-di-monaco-e-passa-alla-societe-des-bains-de-mer\/\" \/>\n<meta property=\"og:site_name\" content=\"Monaco Tribune\" \/>\n<meta property=\"article:publisher\" content=\"https:\/\/www.facebook.com\/MonacoTribune\" \/>\n<meta property=\"article:published_time\" content=\"2022-09-26T13:29:44+00:00\" \/>\n<meta property=\"article:modified_time\" content=\"2022-09-26T13:29:50+00:00\" \/>\n<meta property=\"og:image\" content=\"https:\/\/www.monaco-tribune.com\/wp-content\/uploads\/2022\/04\/stephane-valeri.jpeg\" \/>\n\t<meta property=\"og:image:width\" content=\"1440\" \/>\n\t<meta property=\"og:image:height\" content=\"959\" \/>\n\t<meta property=\"og:image:type\" content=\"image\/jpeg\" \/>\n<meta name=\"author\" content=\"Camille Esteve\" \/>\n<meta name=\"twitter:card\" content=\"summary_large_image\" \/>\n<meta name=\"twitter:creator\" content=\"@MonacoTribune\" \/>\n<meta name=\"twitter:site\" content=\"@MonacoTribune\" \/>\n<script type=\"application\/ld+json\" class=\"yoast-schema-graph\">{\"@context\":\"https:\\\/\\\/schema.org\",\"@graph\":[{\"@type\":\"NewsArticle\",\"@id\":\"https:\\\/\\\/www.monaco-tribune.com\\\/it\\\/2022\\\/09\\\/stephane-valeri-lascia-la-presidenza-del-consiglio-nazionale-di-monaco-e-passa-alla-societe-des-bains-de-mer\\\/#article\",\"isPartOf\":{\"@id\":\"https:\\\/\\\/www.monaco-tribune.com\\\/it\\\/2022\\\/09\\\/stephane-valeri-lascia-la-presidenza-del-consiglio-nazionale-di-monaco-e-passa-alla-societe-des-bains-de-mer\\\/\"},\"author\":{\"name\":\"Camille Esteve\",\"@id\":\"https:\\\/\\\/www.monaco-tribune.com\\\/it\\\/#\\\/schema\\\/person\\\/a855d420fff4d03637641d60b93ac62e\"},\"headline\":\"St\u00e9phane Valeri, lascia la presidenza del Consiglio Nazionale di Monaco e passa alla Soci\u00e9t\u00e9 des Bains de Mer\",\"datePublished\":\"2022-09-26T13:29:44+00:00\",\"dateModified\":\"2022-09-26T13:29:50+00:00\",\"mainEntityOfPage\":{\"@id\":\"https:\\\/\\\/www.monaco-tribune.com\\\/it\\\/2022\\\/09\\\/stephane-valeri-lascia-la-presidenza-del-consiglio-nazionale-di-monaco-e-passa-alla-societe-des-bains-de-mer\\\/\"},\"wordCount\":262,\"publisher\":{\"@id\":\"https:\\\/\\\/www.monaco-tribune.com\\\/it\\\/#organization\"},\"image\":{\"@id\":\"https:\\\/\\\/www.monaco-tribune.com\\\/it\\\/2022\\\/09\\\/stephane-valeri-lascia-la-presidenza-del-consiglio-nazionale-di-monaco-e-passa-alla-societe-des-bains-de-mer\\\/#primaryimage\"},\"thumbnailUrl\":\"https:\\\/\\\/www.monaco-tribune.com\\\/wp-content\\\/uploads\\\/2022\\\/04\\\/stephane-valeri.jpeg\",\"articleSection\":[\"La nostra scelta\",\"Notizie\",\"Societ\u00e0\"],\"inLanguage\":\"it-IT\",\"copyrightYear\":\"2022\",\"copyrightHolder\":{\"@id\":\"https:\\\/\\\/www.monaco-tribune.com\\\/#organization\"}},{\"@type\":\"WebPage\",\"@id\":\"https:\\\/\\\/www.monaco-tribune.com\\\/it\\\/2022\\\/09\\\/stephane-valeri-lascia-la-presidenza-del-consiglio-nazionale-di-monaco-e-passa-alla-societe-des-bains-de-mer\\\/\",\"url\":\"https:\\\/\\\/www.monaco-tribune.com\\\/it\\\/2022\\\/09\\\/stephane-valeri-lascia-la-presidenza-del-consiglio-nazionale-di-monaco-e-passa-alla-societe-des-bains-de-mer\\\/\",\"name\":\"St\u00e9phane Valeri, lascia la presidenza del Consiglio Nazionale di Monaco e passa alla Soci\u00e9t\u00e9 des Bains de Mer\",\"isPartOf\":{\"@id\":\"https:\\\/\\\/www.monaco-tribune.com\\\/it\\\/#website\"},\"primaryImageOfPage\":{\"@id\":\"https:\\\/\\\/www.monaco-tribune.com\\\/it\\\/2022\\\/09\\\/stephane-valeri-lascia-la-presidenza-del-consiglio-nazionale-di-monaco-e-passa-alla-societe-des-bains-de-mer\\\/#primaryimage\"},\"image\":{\"@id\":\"https:\\\/\\\/www.monaco-tribune.com\\\/it\\\/2022\\\/09\\\/stephane-valeri-lascia-la-presidenza-del-consiglio-nazionale-di-monaco-e-passa-alla-societe-des-bains-de-mer\\\/#primaryimage\"},\"thumbnailUrl\":\"https:\\\/\\\/www.monaco-tribune.com\\\/wp-content\\\/uploads\\\/2022\\\/04\\\/stephane-valeri.jpeg\",\"datePublished\":\"2022-09-26T13:29:44+00:00\",\"dateModified\":\"2022-09-26T13:29:50+00:00\",\"description\":\"A partire dal 3 aprile 2023, St\u00e9phane Valeri succeder\u00e0 a Jean-Luc Biamonti alla presidenza della Societ\u00e9 des Bains de Mer (SBM). Con un comunicato stampa,\",\"breadcrumb\":{\"@id\":\"https:\\\/\\\/www.monaco-tribune.com\\\/it\\\/2022\\\/09\\\/stephane-valeri-lascia-la-presidenza-del-consiglio-nazionale-di-monaco-e-passa-alla-societe-des-bains-de-mer\\\/#breadcrumb\"},\"inLanguage\":\"it-IT\",\"potentialAction\":[{\"@type\":\"ReadAction\",\"target\":[\"https:\\\/\\\/www.monaco-tribune.com\\\/it\\\/2022\\\/09\\\/stephane-valeri-lascia-la-presidenza-del-consiglio-nazionale-di-monaco-e-passa-alla-societe-des-bains-de-mer\\\/\"]}]},{\"@type\":\"ImageObject\",\"inLanguage\":\"it-IT\",\"@id\":\"https:\\\/\\\/www.monaco-tribune.com\\\/it\\\/2022\\\/09\\\/stephane-valeri-lascia-la-presidenza-del-consiglio-nazionale-di-monaco-e-passa-alla-societe-des-bains-de-mer\\\/#primaryimage\",\"url\":\"https:\\\/\\\/www.monaco-tribune.com\\\/wp-content\\\/uploads\\\/2022\\\/04\\\/stephane-valeri.jpeg\",\"contentUrl\":\"https:\\\/\\\/www.monaco-tribune.com\\\/wp-content\\\/uploads\\\/2022\\\/04\\\/stephane-valeri.jpeg\",\"width\":1440,\"height\":959,\"caption\":\"Direzione della Comunicazione \\\/ Michael Alesi\"},{\"@type\":\"BreadcrumbList\",\"@id\":\"https:\\\/\\\/www.monaco-tribune.com\\\/it\\\/2022\\\/09\\\/stephane-valeri-lascia-la-presidenza-del-consiglio-nazionale-di-monaco-e-passa-alla-societe-des-bains-de-mer\\\/#breadcrumb\",\"itemListElement\":[{\"@type\":\"ListItem\",\"position\":1,\"name\":\"Accueil\",\"item\":\"https:\\\/\\\/www.monaco-tribune.com\\\/it\\\/\"},{\"@type\":\"ListItem\",\"position\":2,\"name\":\"St\u00e9phane Valeri, lascia la presidenza del Consiglio Nazionale di Monaco e passa alla Soci\u00e9t\u00e9 des Bains de Mer\"}]},{\"@type\":\"WebSite\",\"@id\":\"https:\\\/\\\/www.monaco-tribune.com\\\/it\\\/#website\",\"url\":\"https:\\\/\\\/www.monaco-tribune.com\\\/it\\\/\",\"name\":\"Monaco Tribune\",\"description\":\"Monaco : actualit\u00e9s \u00e9conomiques, politiques, culturelles et sportives de Monaco et de la French Riviera.\",\"publisher\":{\"@id\":\"https:\\\/\\\/www.monaco-tribune.com\\\/it\\\/#organization\"},\"potentialAction\":[{\"@type\":\"SearchAction\",\"target\":{\"@type\":\"EntryPoint\",\"urlTemplate\":\"https:\\\/\\\/www.monaco-tribune.com\\\/it\\\/?s={search_term_string}\"},\"query-input\":{\"@type\":\"PropertyValueSpecification\",\"valueRequired\":true,\"valueName\":\"search_term_string\"}}],\"inLanguage\":\"it-IT\"},{\"@type\":\"Organization\",\"@id\":\"https:\\\/\\\/www.monaco-tribune.com\\\/it\\\/#organization\",\"name\":\"Monaco Tribune\",\"url\":\"https:\\\/\\\/www.monaco-tribune.com\\\/it\\\/\",\"logo\":{\"@type\":\"ImageObject\",\"inLanguage\":\"it-IT\",\"@id\":\"https:\\\/\\\/www.monaco-tribune.com\\\/it\\\/#\\\/schema\\\/logo\\\/image\\\/\",\"url\":\"https:\\\/\\\/www.monaco-tribune.com\\\/wp-content\\\/uploads\\\/2022\\\/11\\\/logo-monaco-tribune.png\",\"contentUrl\":\"https:\\\/\\\/www.monaco-tribune.com\\\/wp-content\\\/uploads\\\/2022\\\/11\\\/logo-monaco-tribune.png\",\"width\":1548,\"height\":600,\"caption\":\"Monaco Tribune\"},\"image\":{\"@id\":\"https:\\\/\\\/www.monaco-tribune.com\\\/it\\\/#\\\/schema\\\/logo\\\/image\\\/\"},\"sameAs\":[\"https:\\\/\\\/www.facebook.com\\\/MonacoTribune\",\"https:\\\/\\\/x.com\\\/MonacoTribune\",\"https:\\\/\\\/www.instagram.com\\\/monacotribune\\\/\",\"https:\\\/\\\/www.linkedin.com\\\/company\\\/monaco-tribune\",\"https:\\\/\\\/www.youtube.com\\\/channel\\\/UCHle1MnG6hw1y4lWKijVbMA\"]},{\"@type\":\"Person\",\"@id\":\"https:\\\/\\\/www.monaco-tribune.com\\\/it\\\/#\\\/schema\\\/person\\\/a855d420fff4d03637641d60b93ac62e\",\"name\":\"Camille Esteve\",\"image\":{\"@type\":\"ImageObject\",\"inLanguage\":\"it-IT\",\"@id\":\"https:\\\/\\\/secure.gravatar.com\\\/avatar\\\/eaaa2355a7bb56c0018a391c20a55bf9b4690e3f493231dd850e612bfa6ce161?s=96&d=mm&r=g\",\"url\":\"https:\\\/\\\/secure.gravatar.com\\\/avatar\\\/eaaa2355a7bb56c0018a391c20a55bf9b4690e3f493231dd850e612bfa6ce161?s=96&d=mm&r=g\",\"contentUrl\":\"https:\\\/\\\/secure.gravatar.com\\\/avatar\\\/eaaa2355a7bb56c0018a391c20a55bf9b4690e3f493231dd850e612bfa6ce161?s=96&d=mm&r=g\",\"caption\":\"Camille Esteve\"},\"url\":\"https:\\\/\\\/www.monaco-tribune.com\\\/it\\\/author\\\/camilleesteve\\\/\"}]}<\/script>\n<!-- \/ Yoast SEO Premium plugin. -->","yoast_head_json":{"title":"St\u00e9phane Valeri, lascia la presidenza del Consiglio Nazionale di Monaco e passa alla Soci\u00e9t\u00e9 des Bains de Mer","description":"A partire dal 3 aprile 2023, St\u00e9phane Valeri succeder\u00e0 a Jean-Luc Biamonti alla presidenza della Societ\u00e9 des Bains de Mer (SBM). Con un comunicato stampa,","robots":{"index":"index","follow":"follow","max-snippet":"max-snippet:-1","max-image-preview":"max-image-preview:large","max-video-preview":"max-video-preview:-1"},"canonical":"https:\/\/www.monaco-tribune.com\/it\/2022\/09\/stephane-valeri-lascia-la-presidenza-del-consiglio-nazionale-di-monaco-e-passa-alla-societe-des-bains-de-mer\/","og_locale":"it_IT","og_type":"article","og_title":"St\u00e9phane Valeri, lascia la presidenza del Consiglio Nazionale di Monaco e passa alla Soci\u00e9t\u00e9 des Bains de Mer - Monaco Tribune","og_description":"A partire dal 3 aprile 2023, St\u00e9phane Valeri succeder\u00e0 a Jean-Luc Biamonti alla presidenza della Societ\u00e9 des Bains de Mer (SBM). Con un comunicato stampa,","og_url":"https:\/\/www.monaco-tribune.com\/it\/2022\/09\/stephane-valeri-lascia-la-presidenza-del-consiglio-nazionale-di-monaco-e-passa-alla-societe-des-bains-de-mer\/","og_site_name":"Monaco Tribune","article_publisher":"https:\/\/www.facebook.com\/MonacoTribune","article_published_time":"2022-09-26T13:29:44+00:00","article_modified_time":"2022-09-26T13:29:50+00:00","og_image":[{"width":1440,"height":959,"url":"https:\/\/www.monaco-tribune.com\/wp-content\/uploads\/2022\/04\/stephane-valeri.jpeg","type":"image\/jpeg"}],"author":"Camille Esteve","twitter_card":"summary_large_image","twitter_creator":"@MonacoTribune","twitter_site":"@MonacoTribune","schema":{"@context":"https:\/\/schema.org","@graph":[{"@type":"NewsArticle","@id":"https:\/\/www.monaco-tribune.com\/it\/2022\/09\/stephane-valeri-lascia-la-presidenza-del-consiglio-nazionale-di-monaco-e-passa-alla-societe-des-bains-de-mer\/#article","isPartOf":{"@id":"https:\/\/www.monaco-tribune.com\/it\/2022\/09\/stephane-valeri-lascia-la-presidenza-del-consiglio-nazionale-di-monaco-e-passa-alla-societe-des-bains-de-mer\/"},"author":{"name":"Camille Esteve","@id":"https:\/\/www.monaco-tribune.com\/it\/#\/schema\/person\/a855d420fff4d03637641d60b93ac62e"},"headline":"St\u00e9phane Valeri, lascia la presidenza del Consiglio Nazionale di Monaco e passa alla Soci\u00e9t\u00e9 des Bains de Mer","datePublished":"2022-09-26T13:29:44+00:00","dateModified":"2022-09-26T13:29:50+00:00","mainEntityOfPage":{"@id":"https:\/\/www.monaco-tribune.com\/it\/2022\/09\/stephane-valeri-lascia-la-presidenza-del-consiglio-nazionale-di-monaco-e-passa-alla-societe-des-bains-de-mer\/"},"wordCount":262,"publisher":{"@id":"https:\/\/www.monaco-tribune.com\/it\/#organization"},"image":{"@id":"https:\/\/www.monaco-tribune.com\/it\/2022\/09\/stephane-valeri-lascia-la-presidenza-del-consiglio-nazionale-di-monaco-e-passa-alla-societe-des-bains-de-mer\/#primaryimage"},"thumbnailUrl":"https:\/\/www.monaco-tribune.com\/wp-content\/uploads\/2022\/04\/stephane-valeri.jpeg","articleSection":["La nostra scelta","Notizie","Societ\u00e0"],"inLanguage":"it-IT","copyrightYear":"2022","copyrightHolder":{"@id":"https:\/\/www.monaco-tribune.com\/#organization"}},{"@type":"WebPage","@id":"https:\/\/www.monaco-tribune.com\/it\/2022\/09\/stephane-valeri-lascia-la-presidenza-del-consiglio-nazionale-di-monaco-e-passa-alla-societe-des-bains-de-mer\/","url":"https:\/\/www.monaco-tribune.com\/it\/2022\/09\/stephane-valeri-lascia-la-presidenza-del-consiglio-nazionale-di-monaco-e-passa-alla-societe-des-bains-de-mer\/","name":"St\u00e9phane Valeri, lascia la presidenza del Consiglio Nazionale di Monaco e passa alla Soci\u00e9t\u00e9 des Bains de Mer","isPartOf":{"@id":"https:\/\/www.monaco-tribune.com\/it\/#website"},"primaryImageOfPage":{"@id":"https:\/\/www.monaco-tribune.com\/it\/2022\/09\/stephane-valeri-lascia-la-presidenza-del-consiglio-nazionale-di-monaco-e-passa-alla-societe-des-bains-de-mer\/#primaryimage"},"image":{"@id":"https:\/\/www.monaco-tribune.com\/it\/2022\/09\/stephane-valeri-lascia-la-presidenza-del-consiglio-nazionale-di-monaco-e-passa-alla-societe-des-bains-de-mer\/#primaryimage"},"thumbnailUrl":"https:\/\/www.monaco-tribune.com\/wp-content\/uploads\/2022\/04\/stephane-valeri.jpeg","datePublished":"2022-09-26T13:29:44+00:00","dateModified":"2022-09-26T13:29:50+00:00","description":"A partire dal 3 aprile 2023, St\u00e9phane Valeri succeder\u00e0 a Jean-Luc Biamonti alla presidenza della Societ\u00e9 des Bains de Mer (SBM). Con un comunicato stampa,","breadcrumb":{"@id":"https:\/\/www.monaco-tribune.com\/it\/2022\/09\/stephane-valeri-lascia-la-presidenza-del-consiglio-nazionale-di-monaco-e-passa-alla-societe-des-bains-de-mer\/#breadcrumb"},"inLanguage":"it-IT","potentialAction":[{"@type":"ReadAction","target":["https:\/\/www.monaco-tribune.com\/it\/2022\/09\/stephane-valeri-lascia-la-presidenza-del-consiglio-nazionale-di-monaco-e-passa-alla-societe-des-bains-de-mer\/"]}]},{"@type":"ImageObject","inLanguage":"it-IT","@id":"https:\/\/www.monaco-tribune.com\/it\/2022\/09\/stephane-valeri-lascia-la-presidenza-del-consiglio-nazionale-di-monaco-e-passa-alla-societe-des-bains-de-mer\/#primaryimage","url":"https:\/\/www.monaco-tribune.com\/wp-content\/uploads\/2022\/04\/stephane-valeri.jpeg","contentUrl":"https:\/\/www.monaco-tribune.com\/wp-content\/uploads\/2022\/04\/stephane-valeri.jpeg","width":1440,"height":959,"caption":"Direzione della Comunicazione \/ Michael Alesi"},{"@type":"BreadcrumbList","@id":"https:\/\/www.monaco-tribune.com\/it\/2022\/09\/stephane-valeri-lascia-la-presidenza-del-consiglio-nazionale-di-monaco-e-passa-alla-societe-des-bains-de-mer\/#breadcrumb","itemListElement":[{"@type":"ListItem","position":1,"name":"Accueil","item":"https:\/\/www.monaco-tribune.com\/it\/"},{"@type":"ListItem","position":2,"name":"St\u00e9phane Valeri, lascia la presidenza del Consiglio Nazionale di Monaco e passa alla Soci\u00e9t\u00e9 des Bains de Mer"}]},{"@type":"WebSite","@id":"https:\/\/www.monaco-tribune.com\/it\/#website","url":"https:\/\/www.monaco-tribune.com\/it\/","name":"Monaco Tribune","description":"Monaco : actualit\u00e9s \u00e9conomiques, politiques, culturelles et sportives de Monaco et de la French Riviera.","publisher":{"@id":"https:\/\/www.monaco-tribune.com\/it\/#organization"},"potentialAction":[{"@type":"SearchAction","target":{"@type":"EntryPoint","urlTemplate":"https:\/\/www.monaco-tribune.com\/it\/?s={search_term_string}"},"query-input":{"@type":"PropertyValueSpecification","valueRequired":true,"valueName":"search_term_string"}}],"inLanguage":"it-IT"},{"@type":"Organization","@id":"https:\/\/www.monaco-tribune.com\/it\/#organization","name":"Monaco Tribune","url":"https:\/\/www.monaco-tribune.com\/it\/","logo":{"@type":"ImageObject","inLanguage":"it-IT","@id":"https:\/\/www.monaco-tribune.com\/it\/#\/schema\/logo\/image\/","url":"https:\/\/www.monaco-tribune.com\/wp-content\/uploads\/2022\/11\/logo-monaco-tribune.png","contentUrl":"https:\/\/www.monaco-tribune.com\/wp-content\/uploads\/2022\/11\/logo-monaco-tribune.png","width":1548,"height":600,"caption":"Monaco Tribune"},"image":{"@id":"https:\/\/www.monaco-tribune.com\/it\/#\/schema\/logo\/image\/"},"sameAs":["https:\/\/www.facebook.com\/MonacoTribune","https:\/\/x.com\/MonacoTribune","https:\/\/www.instagram.com\/monacotribune\/","https:\/\/www.linkedin.com\/company\/monaco-tribune","https:\/\/www.youtube.com\/channel\/UCHle1MnG6hw1y4lWKijVbMA"]},{"@type":"Person","@id":"https:\/\/www.monaco-tribune.com\/it\/#\/schema\/person\/a855d420fff4d03637641d60b93ac62e","name":"Camille Esteve","image":{"@type":"ImageObject","inLanguage":"it-IT","@id":"https:\/\/secure.gravatar.com\/avatar\/eaaa2355a7bb56c0018a391c20a55bf9b4690e3f493231dd850e612bfa6ce161?s=96&d=mm&r=g","url":"https:\/\/secure.gravatar.com\/avatar\/eaaa2355a7bb56c0018a391c20a55bf9b4690e3f493231dd850e612bfa6ce161?s=96&d=mm&r=g","contentUrl":"https:\/\/secure.gravatar.com\/avatar\/eaaa2355a7bb56c0018a391c20a55bf9b4690e3f493231dd850e612bfa6ce161?s=96&d=mm&r=g","caption":"Camille Esteve"},"url":"https:\/\/www.monaco-tribune.com\/it\/author\/camilleesteve\/"}]}},"_links":{"self":[{"href":"https:\/\/www.monaco-tribune.com\/it\/wp-json\/wp\/v2\/posts\/139852","targetHints":{"allow":["GET"]}}],"collection":[{"href":"https:\/\/www.monaco-tribune.com\/it\/wp-json\/wp\/v2\/posts"}],"about":[{"href":"https:\/\/www.monaco-tribune.com\/it\/wp-json\/wp\/v2\/types\/post"}],"author":[{"embeddable":true,"href":"https:\/\/www.monaco-tribune.com\/it\/wp-json\/wp\/v2\/users\/60"}],"replies":[{"embeddable":true,"href":"https:\/\/www.monaco-tribune.com\/it\/wp-json\/wp\/v2\/comments?post=139852"}],"version-history":[{"count":0,"href":"https:\/\/www.monaco-tribune.com\/it\/wp-json\/wp\/v2\/posts\/139852\/revisions"}],"wp:featuredmedia":[{"embeddable":true,"href":"https:\/\/www.monaco-tribune.com\/it\/wp-json\/wp\/v2\/media\/118072"}],"wp:attachment":[{"href":"https:\/\/www.monaco-tribune.com\/it\/wp-json\/wp\/v2\/media?parent=139852"}],"wp:term":[{"taxonomy":"category","embeddable":true,"href":"https:\/\/www.monaco-tribune.com\/it\/wp-json\/wp\/v2\/categories?post=139852"},{"taxonomy":"post_tag","embeddable":true,"href":"https:\/\/www.monaco-tribune.com\/it\/wp-json\/wp\/v2\/tags?post=139852"},{"taxonomy":"sectag","embeddable":true,"href":"https:\/\/www.monaco-tribune.com\/it\/wp-json\/wp\/v2\/post_sectags?post=139852"},{"taxonomy":"format","embeddable":true,"href":"https:\/\/www.monaco-tribune.com\/it\/wp-json\/wp\/v2\/post_format?post=139852"}],"curies":[{"name":"wp","href":"https:\/\/api.w.org\/{rel}","templated":true}]}}