{"id":143491,"date":"2022-09-30T16:05:21","date_gmt":"2022-09-30T14:05:21","guid":{"rendered":"https:\/\/www.monaco-tribune.com\/2022\/09\/cosa-fare-a-monaco-dall1-all8-ottobre\/"},"modified":"2022-09-30T16:20:16","modified_gmt":"2022-09-30T14:20:16","slug":"cosa-fare-a-monaco-dall1-all8-ottobre","status":"publish","type":"post","link":"https:\/\/www.monaco-tribune.com\/it\/2022\/09\/cosa-fare-a-monaco-dall1-all8-ottobre\/","title":{"rendered":"Cosa fare a Monaco dall&#8217;1 all&#8217;8 ottobre?"},"content":{"rendered":"\n<p><strong>Tutti gli eventi da non perdere a Monaco e dintorni secondo la nostra redazione!\u00a0<\/strong><\/p>\n\n<h2 class=\"wp-block-heading\" id=\"h-terra-di-mare-la-mediterranee-sous-un-nouvel-angle\">&#8220;Terra di mare&#8221;: il Mediterraneo come non l&#8217;avete mai visto<\/h2>\n\n<p>Se non hai ancora avuto l&#8217;occasione di visitarla, perch\u00e9 non iniziare il mese proprio con <a href=\"https:\/\/www.monaco-tribune.com\/it\/2022\/09\/stazione-di-monaco-il-mediterraneo-come-non-lavete-mai-visto\/\">&#8220;Terra di mare&#8221;<\/a>, la mostra inaugurata il 22 settembre scorso negli spazi della stazione di Monaco Monte-Carlo?<\/p>\n\n<p>Troverai in totale 11 scatti del fotografo siciliano autodidatta Gilles Cappadoro, in cui l&#8217;artista ha scelto di rendere omaggio al Mediterraneo rinunciando al colore, in particolare al blu, e di utilizzare solo il verderame. Una mostra sorprendente, da scoprire gratuitamente fino al 18 novembre, nello spazio che d\u00e0 accesso al piazzale Sainte-D\u00e9vote.<\/p>\n\n<h2 class=\"wp-block-heading\" id=\"h-l-expo-sensuelle-de-roni-horn\">Roni Horn: una mostra sensuale<\/h2>\n\n<p>Un&#8217;altra mostra inaugurata di recente \u00e8 <a href=\"https:\/\/www.monaco-tribune.com\/it\/2022\/09\/desiderio-e-sessualita-le-opere-di-roni-horn-presso-la-galleria-hauser-wirth\/\">&#8220;Sweet is the Swamp with its Secrets&#8221;<\/a>, presso la galleria Hauser &amp; Wirth. Qui potrai ammirare gli scatti della fotografa americana Roni Horn, che esplora il mondo del desiderio e della sessualit\u00e0 attraverso una serie di ritratti, autoritratti e anche foto di soggetti fallici. Le opere dell&#8217;artista sono accompagnate da sei spezzoni del film <em>Persona<\/em>, diretto da Ingmar Bergman nel 1966, le cui scene vengono proiettate sulle pareti per mettere in luce il lavoro di Roni Horn dal punto di osservazione del cinema. La mostra sar\u00e0 visitabile fino al 17 dicembre.<\/p>\n\n<p><em>Ulteriori informazioni:<\/em><\/p>\n\n<ul class=\"wp-block-list\"><li>Galleria aperta al pubblico dal marted\u00ec al sabato, dalle 10.00 alle 18.00<\/li><li>Ingresso libero e gratuito<\/li><li>Hauser &amp; Wirth: One Monte-Carlo, place du Casino<\/li><li>Per maggiori informazioni, chiamare il numero +377 92 00 04 20<\/li><\/ul>\n\n<h2 class=\"wp-block-heading\" id=\"h-les-meilleures-specialites-d-espagne-au-marche-iberique\">Gastronomia spagnola al mercato iberico <\/h2>\n\n<p>Sabato 1 ottobre, appuntamento al Mercato di Monte-Carlo per degustare una deliziosa paella, la sangria e altre specialit\u00e0 iberiche. Questo mercato a tema avrebbe dovuto tenersi il 24 settembre, ma \u00e8 stato rimandato a causa del maltempo.<\/p>\n\n<p>Il mercato sar\u00e0 aperto dalle 8.00 alle 14.00 con ingresso libero e gratuito. Sar\u00e0 possibile ordinare piatti da asporto a partire dalle 11.00, oppure degustarli in loco da mezzogiorno. Segnaliamo, anche, che sono previsti altri mercati a tema nelle prossime settimane: il &#8220;Mercato dei Raccoglitori&#8221;, l&#8217;8 ottobre, a tema funghi e castagne e il &#8220;Mercato dei vini e dei formaggi locali&#8221; il 22 ottobre.<\/p>\n\n<h2 class=\"wp-block-heading\" id=\"h-les-plus-beaux-jardins-de-monaco-en-peintures-et-poemes\">Dipinti e poesie sui giardini pi\u00f9 belli di Monaco<\/h2>\n\n<p>Dal 7 ottobre al 5 novembre, lasciatevi incantare dalla mostra &#8220;Floril\u00e8ge des Jardins de Monaco&#8221;, presentata dalla F\u00e9d\u00e9ration des Groupements Fran\u00e7ais de Monaco, con il patrocinio del Principe Alberto II. Saranno esposti alcuni acquerelli di Tony Szabo, degli haiku (poesie giapponesi) di Gilles Montelatici e i Giardini effimeri del Governo di Monaco.<\/p>\n\n<p>Un&#8217;esperienza poetica per riscoprire il Jardin Exotique, il Roseto, il Jardin Japonais, i Giardini del Casin\u00f2 e i Giardini sospesi della Rocca.<\/p>\n\n<p><em>Ulteriori informazioni:<\/em><\/p>\n\n<ul class=\"wp-block-list\"><li>Maison de France, 42 rue Grimaldi, 98000 Monaco<\/li><li>Orario d&#8217;apertura: dal marted\u00ec al sabato, dalle 14.30 alle 18.30<\/li><li>Ingresso libero e gratuito<\/li><\/ul>\n\n<h2 class=\"wp-block-heading\" id=\"h-le-delicieux-panettone-d-alain-ducasse\">Il delizioso panettone di Alain Ducasse<\/h2>\n\n<p>Con l&#8217;arrivo dell&#8217;autunno, torna anche la voglia di coccolarsi con i dolci! Da sabato 1 ottobre al 4 dicembre, la brigata di pasticceria del Louis XV-Alain Ducasse, presso l&#8217;H\u00f4tel de Paris, mette in vendita i suoi deliziosi panettoni per il terzo anno consecutivo.<\/p>\n\n<p>\u00c8 possibile prenotare gi\u00e0 da ora il panettone e ritirarlo nella hall del ristorante dal gioved\u00ec al luned\u00ec.<\/p>\n\n<p><em>Ulteriori informazioni:<\/em><\/p>\n\n<ul class=\"wp-block-list\"><li>Prenotazioni telefoniche al numero +377 98 06 88 62 dal gioved\u00ec al luned\u00ec, dalle 11.00 alle 18.00, oppure per email all&#8217;indirizzo adhp@sbm.mc<\/li><li>Prezzi: 35\u20ac (500 g) e 55\u20ac (1 kg) <\/li><li>Attenzione: i panettoni da un chilo devono essere prenotati con almeno 24 ore di anticipo<\/li><\/ul>\n\n<h2 class=\"wp-block-heading\" id=\"h-un-diner-a-quatre-mains-d-exception-signe-marcel-ravin\">Cena a quattro mani firmata Marcel Ravin<\/h2>\n\n<p>Per concludere golosamente la settimana, regalati una cena in occasione del prestigioso <a href=\"https:\/\/www.monaco-tribune.com\/it\/2022\/08\/festival-delle-stelle-di-monte-carlo-un-programma-delizioso-per-il-2022\/\">Festival delle stelle di Monte-Carlo<\/a>: lo chef Marcel Ravin, due stelle Michelin, realizzer\u00e0 una cena a quattro mani con lo chef australiano Shaun Hergatt, un punto di riferimento nel panorama culinario internazionale. Appuntamento venerd\u00ec 7 ottobre dalle 19.30 al Blue Bay.<\/p>\n\n<p><em>Ulteriori informazioni:<\/em><\/p>\n\n<ul class=\"wp-block-list\"><li>Prezzo: 520 \u20ac a persona, bevande incluse<\/li><li>Prenotazioni sul <a href=\"https:\/\/www.montecarlosbm.com\/it\/agenda\/cena-4-mani-marcel-ravin-x-shaun-hergatt\">sito internet della Soci\u00e9t\u00e9 des Bains de Mer<\/a><\/li><\/ul>\n","protected":false},"excerpt":{"rendered":"<p>Tutti gli eventi da non perdere a Monaco e dintorni secondo la nostra redazione!\u00a0 &#8220;Terra di mare&#8221;: il Mediterraneo come [&hellip;]<\/p>\n","protected":false},"author":60,"featured_media":143394,"comment_status":"closed","ping_status":"closed","sticky":false,"template":"","format":"standard","meta":{"_acf_changed":false,"footnotes":""},"categories":[1740,1826,1738],"tags":[],"post_sectags":[],"post_format":[2471],"class_list":["post-143491","post","type-post","status-publish","format-standard","has-post-thumbnail","hentry","category-cosa-fare","category-la-nostra-scelta","category-notizie","format-evento"],"acf":[],"yoast_head":"<!-- This site is optimized with the Yoast SEO Premium plugin v26.8 (Yoast SEO v27.4) - https:\/\/yoast.com\/product\/yoast-seo-premium-wordpress\/ -->\n<title>Cosa fare a Monaco dall&#039;1 all&#039;8 ottobre?<\/title>\n<meta name=\"description\" content=\"Tutti gli eventi da non perdere a Monaco e dintorni secondo la nostra redazione!\u00a0 &quot;Terra di mare&quot;: il Mediterraneo come non l&#039;avete mai visto Se non hai\" \/>\n<meta name=\"robots\" content=\"index, follow, max-snippet:-1, max-image-preview:large, max-video-preview:-1\" \/>\n<link rel=\"canonical\" href=\"https:\/\/www.monaco-tribune.com\/it\/2022\/09\/cosa-fare-a-monaco-dall1-all8-ottobre\/\" \/>\n<meta property=\"og:locale\" content=\"it_IT\" \/>\n<meta property=\"og:type\" content=\"article\" \/>\n<meta property=\"og:title\" content=\"Cosa fare a Monaco dall&#039;1 all&#039;8 ottobre? - Monaco Tribune\" \/>\n<meta property=\"og:description\" content=\"Tutti gli eventi da non perdere a Monaco e dintorni secondo la nostra redazione!\u00a0 &quot;Terra di mare&quot;: il Mediterraneo come non l&#039;avete mai visto Se non hai\" \/>\n<meta property=\"og:url\" content=\"https:\/\/www.monaco-tribune.com\/it\/2022\/09\/cosa-fare-a-monaco-dall1-all8-ottobre\/\" \/>\n<meta property=\"og:site_name\" content=\"Monaco Tribune\" \/>\n<meta property=\"article:publisher\" content=\"https:\/\/www.facebook.com\/MonacoTribune\" \/>\n<meta property=\"article:published_time\" content=\"2022-09-30T14:05:21+00:00\" \/>\n<meta property=\"article:modified_time\" content=\"2022-09-30T14:20:16+00:00\" \/>\n<meta property=\"og:image\" content=\"https:\/\/www.monaco-tribune.com\/wp-content\/uploads\/2022\/09\/florileges-jardins-monaco.jpg\" \/>\n\t<meta property=\"og:image:width\" content=\"1020\" \/>\n\t<meta property=\"og:image:height\" content=\"587\" \/>\n\t<meta property=\"og:image:type\" content=\"image\/jpeg\" \/>\n<meta name=\"author\" content=\"Camille Esteve\" \/>\n<meta name=\"twitter:card\" content=\"summary_large_image\" \/>\n<meta name=\"twitter:creator\" content=\"@MonacoTribune\" \/>\n<meta name=\"twitter:site\" content=\"@MonacoTribune\" \/>\n<script type=\"application\/ld+json\" class=\"yoast-schema-graph\">{\"@context\":\"https:\\\/\\\/schema.org\",\"@graph\":[{\"@type\":\"NewsArticle\",\"@id\":\"https:\\\/\\\/www.monaco-tribune.com\\\/it\\\/2022\\\/09\\\/cosa-fare-a-monaco-dall1-all8-ottobre\\\/#article\",\"isPartOf\":{\"@id\":\"https:\\\/\\\/www.monaco-tribune.com\\\/it\\\/2022\\\/09\\\/cosa-fare-a-monaco-dall1-all8-ottobre\\\/\"},\"author\":{\"name\":\"Camille Esteve\",\"@id\":\"https:\\\/\\\/www.monaco-tribune.com\\\/it\\\/#\\\/schema\\\/person\\\/a855d420fff4d03637641d60b93ac62e\"},\"headline\":\"Cosa fare a Monaco dall&#8217;1 all&#8217;8 ottobre?\",\"datePublished\":\"2022-09-30T14:05:21+00:00\",\"dateModified\":\"2022-09-30T14:20:16+00:00\",\"mainEntityOfPage\":{\"@id\":\"https:\\\/\\\/www.monaco-tribune.com\\\/it\\\/2022\\\/09\\\/cosa-fare-a-monaco-dall1-all8-ottobre\\\/\"},\"wordCount\":635,\"publisher\":{\"@id\":\"https:\\\/\\\/www.monaco-tribune.com\\\/it\\\/#organization\"},\"image\":{\"@id\":\"https:\\\/\\\/www.monaco-tribune.com\\\/it\\\/2022\\\/09\\\/cosa-fare-a-monaco-dall1-all8-ottobre\\\/#primaryimage\"},\"thumbnailUrl\":\"https:\\\/\\\/www.monaco-tribune.com\\\/wp-content\\\/uploads\\\/2022\\\/09\\\/florileges-jardins-monaco.jpg\",\"articleSection\":[\"Cosa fare\",\"La nostra scelta\",\"Notizie\"],\"inLanguage\":\"it-IT\",\"copyrightYear\":\"2022\",\"copyrightHolder\":{\"@id\":\"https:\\\/\\\/www.monaco-tribune.com\\\/#organization\"}},{\"@type\":\"WebPage\",\"@id\":\"https:\\\/\\\/www.monaco-tribune.com\\\/it\\\/2022\\\/09\\\/cosa-fare-a-monaco-dall1-all8-ottobre\\\/\",\"url\":\"https:\\\/\\\/www.monaco-tribune.com\\\/it\\\/2022\\\/09\\\/cosa-fare-a-monaco-dall1-all8-ottobre\\\/\",\"name\":\"Cosa fare a Monaco dall'1 all'8 ottobre?\",\"isPartOf\":{\"@id\":\"https:\\\/\\\/www.monaco-tribune.com\\\/it\\\/#website\"},\"primaryImageOfPage\":{\"@id\":\"https:\\\/\\\/www.monaco-tribune.com\\\/it\\\/2022\\\/09\\\/cosa-fare-a-monaco-dall1-all8-ottobre\\\/#primaryimage\"},\"image\":{\"@id\":\"https:\\\/\\\/www.monaco-tribune.com\\\/it\\\/2022\\\/09\\\/cosa-fare-a-monaco-dall1-all8-ottobre\\\/#primaryimage\"},\"thumbnailUrl\":\"https:\\\/\\\/www.monaco-tribune.com\\\/wp-content\\\/uploads\\\/2022\\\/09\\\/florileges-jardins-monaco.jpg\",\"datePublished\":\"2022-09-30T14:05:21+00:00\",\"dateModified\":\"2022-09-30T14:20:16+00:00\",\"description\":\"Tutti gli eventi da non perdere a Monaco e dintorni secondo la nostra redazione!\u00a0 \\\"Terra di mare\\\": il Mediterraneo come non l'avete mai visto Se non hai\",\"breadcrumb\":{\"@id\":\"https:\\\/\\\/www.monaco-tribune.com\\\/it\\\/2022\\\/09\\\/cosa-fare-a-monaco-dall1-all8-ottobre\\\/#breadcrumb\"},\"inLanguage\":\"it-IT\",\"potentialAction\":[{\"@type\":\"ReadAction\",\"target\":[\"https:\\\/\\\/www.monaco-tribune.com\\\/it\\\/2022\\\/09\\\/cosa-fare-a-monaco-dall1-all8-ottobre\\\/\"]}]},{\"@type\":\"ImageObject\",\"inLanguage\":\"it-IT\",\"@id\":\"https:\\\/\\\/www.monaco-tribune.com\\\/it\\\/2022\\\/09\\\/cosa-fare-a-monaco-dall1-all8-ottobre\\\/#primaryimage\",\"url\":\"https:\\\/\\\/www.monaco-tribune.com\\\/wp-content\\\/uploads\\\/2022\\\/09\\\/florileges-jardins-monaco.jpg\",\"contentUrl\":\"https:\\\/\\\/www.monaco-tribune.com\\\/wp-content\\\/uploads\\\/2022\\\/09\\\/florileges-jardins-monaco.jpg\",\"width\":1020,\"height\":587,\"caption\":\"Maison de France Monaco\"},{\"@type\":\"BreadcrumbList\",\"@id\":\"https:\\\/\\\/www.monaco-tribune.com\\\/it\\\/2022\\\/09\\\/cosa-fare-a-monaco-dall1-all8-ottobre\\\/#breadcrumb\",\"itemListElement\":[{\"@type\":\"ListItem\",\"position\":1,\"name\":\"Accueil\",\"item\":\"https:\\\/\\\/www.monaco-tribune.com\\\/it\\\/\"},{\"@type\":\"ListItem\",\"position\":2,\"name\":\"Cosa fare a Monaco dall&rsquo;1 all&rsquo;8 ottobre?\"}]},{\"@type\":\"WebSite\",\"@id\":\"https:\\\/\\\/www.monaco-tribune.com\\\/it\\\/#website\",\"url\":\"https:\\\/\\\/www.monaco-tribune.com\\\/it\\\/\",\"name\":\"Monaco Tribune\",\"description\":\"Monaco : actualit\u00e9s \u00e9conomiques, politiques, culturelles et sportives de Monaco et de la French Riviera.\",\"publisher\":{\"@id\":\"https:\\\/\\\/www.monaco-tribune.com\\\/it\\\/#organization\"},\"potentialAction\":[{\"@type\":\"SearchAction\",\"target\":{\"@type\":\"EntryPoint\",\"urlTemplate\":\"https:\\\/\\\/www.monaco-tribune.com\\\/it\\\/?s={search_term_string}\"},\"query-input\":{\"@type\":\"PropertyValueSpecification\",\"valueRequired\":true,\"valueName\":\"search_term_string\"}}],\"inLanguage\":\"it-IT\"},{\"@type\":\"Organization\",\"@id\":\"https:\\\/\\\/www.monaco-tribune.com\\\/it\\\/#organization\",\"name\":\"Monaco Tribune\",\"url\":\"https:\\\/\\\/www.monaco-tribune.com\\\/it\\\/\",\"logo\":{\"@type\":\"ImageObject\",\"inLanguage\":\"it-IT\",\"@id\":\"https:\\\/\\\/www.monaco-tribune.com\\\/it\\\/#\\\/schema\\\/logo\\\/image\\\/\",\"url\":\"https:\\\/\\\/www.monaco-tribune.com\\\/wp-content\\\/uploads\\\/2022\\\/11\\\/logo-monaco-tribune.png\",\"contentUrl\":\"https:\\\/\\\/www.monaco-tribune.com\\\/wp-content\\\/uploads\\\/2022\\\/11\\\/logo-monaco-tribune.png\",\"width\":1548,\"height\":600,\"caption\":\"Monaco Tribune\"},\"image\":{\"@id\":\"https:\\\/\\\/www.monaco-tribune.com\\\/it\\\/#\\\/schema\\\/logo\\\/image\\\/\"},\"sameAs\":[\"https:\\\/\\\/www.facebook.com\\\/MonacoTribune\",\"https:\\\/\\\/x.com\\\/MonacoTribune\",\"https:\\\/\\\/www.instagram.com\\\/monacotribune\\\/\",\"https:\\\/\\\/www.linkedin.com\\\/company\\\/monaco-tribune\",\"https:\\\/\\\/www.youtube.com\\\/channel\\\/UCHle1MnG6hw1y4lWKijVbMA\"]},{\"@type\":\"Person\",\"@id\":\"https:\\\/\\\/www.monaco-tribune.com\\\/it\\\/#\\\/schema\\\/person\\\/a855d420fff4d03637641d60b93ac62e\",\"name\":\"Camille Esteve\",\"image\":{\"@type\":\"ImageObject\",\"inLanguage\":\"it-IT\",\"@id\":\"https:\\\/\\\/secure.gravatar.com\\\/avatar\\\/eaaa2355a7bb56c0018a391c20a55bf9b4690e3f493231dd850e612bfa6ce161?s=96&d=mm&r=g\",\"url\":\"https:\\\/\\\/secure.gravatar.com\\\/avatar\\\/eaaa2355a7bb56c0018a391c20a55bf9b4690e3f493231dd850e612bfa6ce161?s=96&d=mm&r=g\",\"contentUrl\":\"https:\\\/\\\/secure.gravatar.com\\\/avatar\\\/eaaa2355a7bb56c0018a391c20a55bf9b4690e3f493231dd850e612bfa6ce161?s=96&d=mm&r=g\",\"caption\":\"Camille Esteve\"},\"url\":\"https:\\\/\\\/www.monaco-tribune.com\\\/it\\\/author\\\/camilleesteve\\\/\"}]}<\/script>\n<!-- \/ Yoast SEO Premium plugin. -->","yoast_head_json":{"title":"Cosa fare a Monaco dall'1 all'8 ottobre?","description":"Tutti gli eventi da non perdere a Monaco e dintorni secondo la nostra redazione!\u00a0 \"Terra di mare\": il Mediterraneo come non l'avete mai visto Se non hai","robots":{"index":"index","follow":"follow","max-snippet":"max-snippet:-1","max-image-preview":"max-image-preview:large","max-video-preview":"max-video-preview:-1"},"canonical":"https:\/\/www.monaco-tribune.com\/it\/2022\/09\/cosa-fare-a-monaco-dall1-all8-ottobre\/","og_locale":"it_IT","og_type":"article","og_title":"Cosa fare a Monaco dall'1 all'8 ottobre? - Monaco Tribune","og_description":"Tutti gli eventi da non perdere a Monaco e dintorni secondo la nostra redazione!\u00a0 \"Terra di mare\": il Mediterraneo come non l'avete mai visto Se non hai","og_url":"https:\/\/www.monaco-tribune.com\/it\/2022\/09\/cosa-fare-a-monaco-dall1-all8-ottobre\/","og_site_name":"Monaco Tribune","article_publisher":"https:\/\/www.facebook.com\/MonacoTribune","article_published_time":"2022-09-30T14:05:21+00:00","article_modified_time":"2022-09-30T14:20:16+00:00","og_image":[{"width":1020,"height":587,"url":"https:\/\/www.monaco-tribune.com\/wp-content\/uploads\/2022\/09\/florileges-jardins-monaco.jpg","type":"image\/jpeg"}],"author":"Camille Esteve","twitter_card":"summary_large_image","twitter_creator":"@MonacoTribune","twitter_site":"@MonacoTribune","schema":{"@context":"https:\/\/schema.org","@graph":[{"@type":"NewsArticle","@id":"https:\/\/www.monaco-tribune.com\/it\/2022\/09\/cosa-fare-a-monaco-dall1-all8-ottobre\/#article","isPartOf":{"@id":"https:\/\/www.monaco-tribune.com\/it\/2022\/09\/cosa-fare-a-monaco-dall1-all8-ottobre\/"},"author":{"name":"Camille Esteve","@id":"https:\/\/www.monaco-tribune.com\/it\/#\/schema\/person\/a855d420fff4d03637641d60b93ac62e"},"headline":"Cosa fare a Monaco dall&#8217;1 all&#8217;8 ottobre?","datePublished":"2022-09-30T14:05:21+00:00","dateModified":"2022-09-30T14:20:16+00:00","mainEntityOfPage":{"@id":"https:\/\/www.monaco-tribune.com\/it\/2022\/09\/cosa-fare-a-monaco-dall1-all8-ottobre\/"},"wordCount":635,"publisher":{"@id":"https:\/\/www.monaco-tribune.com\/it\/#organization"},"image":{"@id":"https:\/\/www.monaco-tribune.com\/it\/2022\/09\/cosa-fare-a-monaco-dall1-all8-ottobre\/#primaryimage"},"thumbnailUrl":"https:\/\/www.monaco-tribune.com\/wp-content\/uploads\/2022\/09\/florileges-jardins-monaco.jpg","articleSection":["Cosa fare","La nostra scelta","Notizie"],"inLanguage":"it-IT","copyrightYear":"2022","copyrightHolder":{"@id":"https:\/\/www.monaco-tribune.com\/#organization"}},{"@type":"WebPage","@id":"https:\/\/www.monaco-tribune.com\/it\/2022\/09\/cosa-fare-a-monaco-dall1-all8-ottobre\/","url":"https:\/\/www.monaco-tribune.com\/it\/2022\/09\/cosa-fare-a-monaco-dall1-all8-ottobre\/","name":"Cosa fare a Monaco dall'1 all'8 ottobre?","isPartOf":{"@id":"https:\/\/www.monaco-tribune.com\/it\/#website"},"primaryImageOfPage":{"@id":"https:\/\/www.monaco-tribune.com\/it\/2022\/09\/cosa-fare-a-monaco-dall1-all8-ottobre\/#primaryimage"},"image":{"@id":"https:\/\/www.monaco-tribune.com\/it\/2022\/09\/cosa-fare-a-monaco-dall1-all8-ottobre\/#primaryimage"},"thumbnailUrl":"https:\/\/www.monaco-tribune.com\/wp-content\/uploads\/2022\/09\/florileges-jardins-monaco.jpg","datePublished":"2022-09-30T14:05:21+00:00","dateModified":"2022-09-30T14:20:16+00:00","description":"Tutti gli eventi da non perdere a Monaco e dintorni secondo la nostra redazione!\u00a0 \"Terra di mare\": il Mediterraneo come non l'avete mai visto Se non hai","breadcrumb":{"@id":"https:\/\/www.monaco-tribune.com\/it\/2022\/09\/cosa-fare-a-monaco-dall1-all8-ottobre\/#breadcrumb"},"inLanguage":"it-IT","potentialAction":[{"@type":"ReadAction","target":["https:\/\/www.monaco-tribune.com\/it\/2022\/09\/cosa-fare-a-monaco-dall1-all8-ottobre\/"]}]},{"@type":"ImageObject","inLanguage":"it-IT","@id":"https:\/\/www.monaco-tribune.com\/it\/2022\/09\/cosa-fare-a-monaco-dall1-all8-ottobre\/#primaryimage","url":"https:\/\/www.monaco-tribune.com\/wp-content\/uploads\/2022\/09\/florileges-jardins-monaco.jpg","contentUrl":"https:\/\/www.monaco-tribune.com\/wp-content\/uploads\/2022\/09\/florileges-jardins-monaco.jpg","width":1020,"height":587,"caption":"Maison de France Monaco"},{"@type":"BreadcrumbList","@id":"https:\/\/www.monaco-tribune.com\/it\/2022\/09\/cosa-fare-a-monaco-dall1-all8-ottobre\/#breadcrumb","itemListElement":[{"@type":"ListItem","position":1,"name":"Accueil","item":"https:\/\/www.monaco-tribune.com\/it\/"},{"@type":"ListItem","position":2,"name":"Cosa fare a Monaco dall&rsquo;1 all&rsquo;8 ottobre?"}]},{"@type":"WebSite","@id":"https:\/\/www.monaco-tribune.com\/it\/#website","url":"https:\/\/www.monaco-tribune.com\/it\/","name":"Monaco Tribune","description":"Monaco : actualit\u00e9s \u00e9conomiques, politiques, culturelles et sportives de Monaco et de la French Riviera.","publisher":{"@id":"https:\/\/www.monaco-tribune.com\/it\/#organization"},"potentialAction":[{"@type":"SearchAction","target":{"@type":"EntryPoint","urlTemplate":"https:\/\/www.monaco-tribune.com\/it\/?s={search_term_string}"},"query-input":{"@type":"PropertyValueSpecification","valueRequired":true,"valueName":"search_term_string"}}],"inLanguage":"it-IT"},{"@type":"Organization","@id":"https:\/\/www.monaco-tribune.com\/it\/#organization","name":"Monaco Tribune","url":"https:\/\/www.monaco-tribune.com\/it\/","logo":{"@type":"ImageObject","inLanguage":"it-IT","@id":"https:\/\/www.monaco-tribune.com\/it\/#\/schema\/logo\/image\/","url":"https:\/\/www.monaco-tribune.com\/wp-content\/uploads\/2022\/11\/logo-monaco-tribune.png","contentUrl":"https:\/\/www.monaco-tribune.com\/wp-content\/uploads\/2022\/11\/logo-monaco-tribune.png","width":1548,"height":600,"caption":"Monaco Tribune"},"image":{"@id":"https:\/\/www.monaco-tribune.com\/it\/#\/schema\/logo\/image\/"},"sameAs":["https:\/\/www.facebook.com\/MonacoTribune","https:\/\/x.com\/MonacoTribune","https:\/\/www.instagram.com\/monacotribune\/","https:\/\/www.linkedin.com\/company\/monaco-tribune","https:\/\/www.youtube.com\/channel\/UCHle1MnG6hw1y4lWKijVbMA"]},{"@type":"Person","@id":"https:\/\/www.monaco-tribune.com\/it\/#\/schema\/person\/a855d420fff4d03637641d60b93ac62e","name":"Camille Esteve","image":{"@type":"ImageObject","inLanguage":"it-IT","@id":"https:\/\/secure.gravatar.com\/avatar\/eaaa2355a7bb56c0018a391c20a55bf9b4690e3f493231dd850e612bfa6ce161?s=96&d=mm&r=g","url":"https:\/\/secure.gravatar.com\/avatar\/eaaa2355a7bb56c0018a391c20a55bf9b4690e3f493231dd850e612bfa6ce161?s=96&d=mm&r=g","contentUrl":"https:\/\/secure.gravatar.com\/avatar\/eaaa2355a7bb56c0018a391c20a55bf9b4690e3f493231dd850e612bfa6ce161?s=96&d=mm&r=g","caption":"Camille Esteve"},"url":"https:\/\/www.monaco-tribune.com\/it\/author\/camilleesteve\/"}]}},"_links":{"self":[{"href":"https:\/\/www.monaco-tribune.com\/it\/wp-json\/wp\/v2\/posts\/143491","targetHints":{"allow":["GET"]}}],"collection":[{"href":"https:\/\/www.monaco-tribune.com\/it\/wp-json\/wp\/v2\/posts"}],"about":[{"href":"https:\/\/www.monaco-tribune.com\/it\/wp-json\/wp\/v2\/types\/post"}],"author":[{"embeddable":true,"href":"https:\/\/www.monaco-tribune.com\/it\/wp-json\/wp\/v2\/users\/60"}],"replies":[{"embeddable":true,"href":"https:\/\/www.monaco-tribune.com\/it\/wp-json\/wp\/v2\/comments?post=143491"}],"version-history":[{"count":0,"href":"https:\/\/www.monaco-tribune.com\/it\/wp-json\/wp\/v2\/posts\/143491\/revisions"}],"wp:featuredmedia":[{"embeddable":true,"href":"https:\/\/www.monaco-tribune.com\/it\/wp-json\/wp\/v2\/media\/143394"}],"wp:attachment":[{"href":"https:\/\/www.monaco-tribune.com\/it\/wp-json\/wp\/v2\/media?parent=143491"}],"wp:term":[{"taxonomy":"category","embeddable":true,"href":"https:\/\/www.monaco-tribune.com\/it\/wp-json\/wp\/v2\/categories?post=143491"},{"taxonomy":"post_tag","embeddable":true,"href":"https:\/\/www.monaco-tribune.com\/it\/wp-json\/wp\/v2\/tags?post=143491"},{"taxonomy":"sectag","embeddable":true,"href":"https:\/\/www.monaco-tribune.com\/it\/wp-json\/wp\/v2\/post_sectags?post=143491"},{"taxonomy":"format","embeddable":true,"href":"https:\/\/www.monaco-tribune.com\/it\/wp-json\/wp\/v2\/post_format?post=143491"}],"curies":[{"name":"wp","href":"https:\/\/api.w.org\/{rel}","templated":true}]}}