{"id":143789,"date":"2022-10-03T17:25:55","date_gmt":"2022-10-03T15:25:55","guid":{"rendered":"https:\/\/www.monaco-tribune.com\/2022\/10\/gran-premio-di-singapore-sergio-perez-conclude-davanti-a-charles-leclerc\/"},"modified":"2022-10-03T17:28:16","modified_gmt":"2022-10-03T15:28:16","slug":"gran-premio-di-singapore-sergio-perez-conclude-davanti-a-charles-leclerc","status":"publish","type":"post","link":"https:\/\/www.monaco-tribune.com\/it\/2022\/10\/gran-premio-di-singapore-sergio-perez-conclude-davanti-a-charles-leclerc\/","title":{"rendered":"Gran Premio di Singapore: Sergio Perez conclude davanti a Charles Leclerc"},"content":{"rendered":"\n<p><strong>Partito in pole position, il pilota monegasco ha terminato al secondo posto dietro Sergio Perez (Red Bull), che ha avuto la meglio su Charles Leclerc (Ferrari) alla partenza.<\/strong><\/p>\n\n\n\n<p><a href=\"https:\/\/www.monaco-tribune.com\/it\/2022\/09\/gran-premio-ditalia-charles-leclerc-al-secondo-posto-e-max-verstappen-al-primo\/\">Secondo classificato anche al Gran Premio d&#8217;Italia il mese scorso<\/a>, il pilota monegasco \u00e8 di nuovo finito sul podio. Ma dopo aver realizzato il miglior tempo alle qualifiche, Charles Leclerc si aspettava di meglio.<\/p>\n\n\n\n<p><strong>LEGGI ANCHE:&nbsp;<\/strong><a href=\"https:\/\/www.monaco-tribune.com\/it\/2022\/09\/formula-1-ecco-il-calendario-2023-con-24-gare-in-programma\/\">Formula 1: ecco il calendario 2023 con 24 gare in programma<\/a><\/p>\n\n\n\n<p>Dopo un&#8217;ottima partenza, Sergio Perez \u00e8 riuscito ad avere la meglio sul pilota Ferrari e non ha pi\u00f9 lasciato il primo posto fino alla fine del Gran Premio. &#8220;La brutta partenza ha complicato la corsa&#8221;, ha ammesso Leclerc ai microfoni di Canal +. &#8220;Poi ho fatto pattinare le gomme anteriori. \u00c8 stata una corsa difficile dal punto di vista fisico, ma mi baster\u00e0 una buona notte di sonno per essere pronto per il Giappone&#8221;.<\/p>\n\n\n\n<h2 class=\"wp-block-heading\" id=\"h-verstappen-il-titolo-di-campione-del-mondo-puo-aspettare\">Verstappen: il titolo di campione del mondo pu\u00f2 aspettare<\/h2>\n\n\n\n<p>Un Gran Premio segnato dalla pioggia che si \u00e8 abbattuta sul circuito urbano di Singapore e che ha causato il ritardo della partenza di un&#8217;ora. Gi\u00e0 pronto per essere nominato campione del mondo, Max Verstappen (Red Bull) ha fallito alla partenza e si \u00e8 dovuto accontentare del settimo posto. Carlos Sainz (Ferrari) ha concluso sul podio dietro Leclerc.<\/p>\n\n\n\n<p><strong>LEGGI ANCHE:&nbsp;<\/strong><a href=\"https:\/\/www.monaco-tribune.com\/it\/2022\/09\/confermato-il-gp-di-monaco-la-reazione-del-principe-alberto-ii\/\">Confermato il GP di Monaco: la reazione del Principe Alberto II<\/a><\/p>\n\n\n\n<p>Nel campionato del mondo, Charles Leclerc (237 punti) continua a occupare il secondo posto, dietro Max Verstappen (341 punti), che dovr\u00e0 ancora attendere prima di ricevere il titolo campione del mondo per il secondo anno consecutivo. Prossimo appuntamento tra una settimana per il Gran Premio del Giappone.<\/p>\n","protected":false},"excerpt":{"rendered":"<p>Partito in pole position, il pilota monegasco ha terminato al secondo posto dietro Sergio Perez (Red Bull), che ha avuto [&hellip;]<\/p>\n","protected":false},"author":24,"featured_media":143573,"comment_status":"closed","ping_status":"closed","sticky":false,"template":"","format":"standard","meta":{"_acf_changed":false,"footnotes":""},"categories":[1738,1743],"tags":[],"post_sectags":[],"post_format":[2478],"class_list":["post-143789","post","type-post","status-publish","format-standard","has-post-thumbnail","hentry","category-notizie","category-sport-it","format-notizia"],"acf":[],"yoast_head":"<!-- This site is optimized with the Yoast SEO Premium plugin v26.8 (Yoast SEO v27.5) - https:\/\/yoast.com\/product\/yoast-seo-premium-wordpress\/ -->\n<title>Gran Premio di Singapore: Sergio Perez conclude davanti a Charles Leclerc<\/title>\n<meta name=\"description\" content=\"Partito in pole position, il pilota monegasco ha terminato al secondo posto dietro Sergio Perez (Red Bull), che ha avuto la meglio su Charles Leclerc\" \/>\n<meta name=\"robots\" content=\"index, follow, max-snippet:-1, max-image-preview:large, max-video-preview:-1\" \/>\n<link rel=\"canonical\" href=\"https:\/\/www.monaco-tribune.com\/it\/2022\/10\/gran-premio-di-singapore-sergio-perez-conclude-davanti-a-charles-leclerc\/\" \/>\n<meta property=\"og:locale\" content=\"it_IT\" \/>\n<meta property=\"og:type\" content=\"article\" \/>\n<meta property=\"og:title\" content=\"Gran Premio di Singapore: Sergio Perez conclude davanti a Charles Leclerc - Monaco Tribune\" \/>\n<meta property=\"og:description\" content=\"Partito in pole position, il pilota monegasco ha terminato al secondo posto dietro Sergio Perez (Red Bull), che ha avuto la meglio su Charles Leclerc\" \/>\n<meta property=\"og:url\" content=\"https:\/\/www.monaco-tribune.com\/it\/2022\/10\/gran-premio-di-singapore-sergio-perez-conclude-davanti-a-charles-leclerc\/\" \/>\n<meta property=\"og:site_name\" content=\"Monaco Tribune\" \/>\n<meta property=\"article:publisher\" content=\"https:\/\/www.facebook.com\/MonacoTribune\" \/>\n<meta property=\"article:published_time\" content=\"2022-10-03T15:25:55+00:00\" \/>\n<meta property=\"article:modified_time\" content=\"2022-10-03T15:28:16+00:00\" \/>\n<meta property=\"og:image\" content=\"https:\/\/www.monaco-tribune.com\/wp-content\/uploads\/2022\/10\/charles-leclerc-ferrari.jpeg\" \/>\n\t<meta property=\"og:image:width\" content=\"2036\" \/>\n\t<meta property=\"og:image:height\" content=\"1184\" \/>\n\t<meta property=\"og:image:type\" content=\"image\/jpeg\" \/>\n<meta name=\"author\" content=\"Romain Boisaubert\" \/>\n<meta name=\"twitter:card\" content=\"summary_large_image\" \/>\n<meta name=\"twitter:creator\" content=\"@MonacoTribune\" \/>\n<meta name=\"twitter:site\" content=\"@MonacoTribune\" \/>\n<script type=\"application\/ld+json\" class=\"yoast-schema-graph\">{\"@context\":\"https:\\\/\\\/schema.org\",\"@graph\":[{\"@type\":\"NewsArticle\",\"@id\":\"https:\\\/\\\/www.monaco-tribune.com\\\/it\\\/2022\\\/10\\\/gran-premio-di-singapore-sergio-perez-conclude-davanti-a-charles-leclerc\\\/#article\",\"isPartOf\":{\"@id\":\"https:\\\/\\\/www.monaco-tribune.com\\\/it\\\/2022\\\/10\\\/gran-premio-di-singapore-sergio-perez-conclude-davanti-a-charles-leclerc\\\/\"},\"author\":{\"name\":\"Romain Boisaubert\",\"@id\":\"https:\\\/\\\/www.monaco-tribune.com\\\/it\\\/#\\\/schema\\\/person\\\/330a3732947cf8cb41b2533a0eadd62e\"},\"headline\":\"Gran Premio di Singapore: Sergio Perez conclude davanti a Charles Leclerc\",\"datePublished\":\"2022-10-03T15:25:55+00:00\",\"dateModified\":\"2022-10-03T15:28:16+00:00\",\"mainEntityOfPage\":{\"@id\":\"https:\\\/\\\/www.monaco-tribune.com\\\/it\\\/2022\\\/10\\\/gran-premio-di-singapore-sergio-perez-conclude-davanti-a-charles-leclerc\\\/\"},\"wordCount\":281,\"publisher\":{\"@id\":\"https:\\\/\\\/www.monaco-tribune.com\\\/it\\\/#organization\"},\"image\":{\"@id\":\"https:\\\/\\\/www.monaco-tribune.com\\\/it\\\/2022\\\/10\\\/gran-premio-di-singapore-sergio-perez-conclude-davanti-a-charles-leclerc\\\/#primaryimage\"},\"thumbnailUrl\":\"https:\\\/\\\/www.monaco-tribune.com\\\/wp-content\\\/uploads\\\/2022\\\/10\\\/charles-leclerc-ferrari.jpeg\",\"articleSection\":[\"Notizie\",\"Sport\"],\"inLanguage\":\"it-IT\",\"copyrightYear\":\"2022\",\"copyrightHolder\":{\"@id\":\"https:\\\/\\\/www.monaco-tribune.com\\\/#organization\"}},{\"@type\":\"WebPage\",\"@id\":\"https:\\\/\\\/www.monaco-tribune.com\\\/it\\\/2022\\\/10\\\/gran-premio-di-singapore-sergio-perez-conclude-davanti-a-charles-leclerc\\\/\",\"url\":\"https:\\\/\\\/www.monaco-tribune.com\\\/it\\\/2022\\\/10\\\/gran-premio-di-singapore-sergio-perez-conclude-davanti-a-charles-leclerc\\\/\",\"name\":\"Gran Premio di Singapore: Sergio Perez conclude davanti a Charles Leclerc\",\"isPartOf\":{\"@id\":\"https:\\\/\\\/www.monaco-tribune.com\\\/it\\\/#website\"},\"primaryImageOfPage\":{\"@id\":\"https:\\\/\\\/www.monaco-tribune.com\\\/it\\\/2022\\\/10\\\/gran-premio-di-singapore-sergio-perez-conclude-davanti-a-charles-leclerc\\\/#primaryimage\"},\"image\":{\"@id\":\"https:\\\/\\\/www.monaco-tribune.com\\\/it\\\/2022\\\/10\\\/gran-premio-di-singapore-sergio-perez-conclude-davanti-a-charles-leclerc\\\/#primaryimage\"},\"thumbnailUrl\":\"https:\\\/\\\/www.monaco-tribune.com\\\/wp-content\\\/uploads\\\/2022\\\/10\\\/charles-leclerc-ferrari.jpeg\",\"datePublished\":\"2022-10-03T15:25:55+00:00\",\"dateModified\":\"2022-10-03T15:28:16+00:00\",\"description\":\"Partito in pole position, il pilota monegasco ha terminato al secondo posto dietro Sergio Perez (Red Bull), che ha avuto la meglio su Charles Leclerc\",\"breadcrumb\":{\"@id\":\"https:\\\/\\\/www.monaco-tribune.com\\\/it\\\/2022\\\/10\\\/gran-premio-di-singapore-sergio-perez-conclude-davanti-a-charles-leclerc\\\/#breadcrumb\"},\"inLanguage\":\"it-IT\",\"potentialAction\":[{\"@type\":\"ReadAction\",\"target\":[\"https:\\\/\\\/www.monaco-tribune.com\\\/it\\\/2022\\\/10\\\/gran-premio-di-singapore-sergio-perez-conclude-davanti-a-charles-leclerc\\\/\"]}]},{\"@type\":\"ImageObject\",\"inLanguage\":\"it-IT\",\"@id\":\"https:\\\/\\\/www.monaco-tribune.com\\\/it\\\/2022\\\/10\\\/gran-premio-di-singapore-sergio-perez-conclude-davanti-a-charles-leclerc\\\/#primaryimage\",\"url\":\"https:\\\/\\\/www.monaco-tribune.com\\\/wp-content\\\/uploads\\\/2022\\\/10\\\/charles-leclerc-ferrari.jpeg\",\"contentUrl\":\"https:\\\/\\\/www.monaco-tribune.com\\\/wp-content\\\/uploads\\\/2022\\\/10\\\/charles-leclerc-ferrari.jpeg\",\"width\":2036,\"height\":1184,\"caption\":\"Scuderia Ferrari\"},{\"@type\":\"BreadcrumbList\",\"@id\":\"https:\\\/\\\/www.monaco-tribune.com\\\/it\\\/2022\\\/10\\\/gran-premio-di-singapore-sergio-perez-conclude-davanti-a-charles-leclerc\\\/#breadcrumb\",\"itemListElement\":[{\"@type\":\"ListItem\",\"position\":1,\"name\":\"Accueil\",\"item\":\"https:\\\/\\\/www.monaco-tribune.com\\\/it\\\/\"},{\"@type\":\"ListItem\",\"position\":2,\"name\":\"Gran Premio di Singapore: Sergio Perez conclude davanti a Charles Leclerc\"}]},{\"@type\":\"WebSite\",\"@id\":\"https:\\\/\\\/www.monaco-tribune.com\\\/it\\\/#website\",\"url\":\"https:\\\/\\\/www.monaco-tribune.com\\\/it\\\/\",\"name\":\"Monaco Tribune\",\"description\":\"Monaco : actualit\u00e9s \u00e9conomiques, politiques, culturelles et sportives de Monaco et de la French Riviera.\",\"publisher\":{\"@id\":\"https:\\\/\\\/www.monaco-tribune.com\\\/it\\\/#organization\"},\"potentialAction\":[{\"@type\":\"SearchAction\",\"target\":{\"@type\":\"EntryPoint\",\"urlTemplate\":\"https:\\\/\\\/www.monaco-tribune.com\\\/it\\\/?s={search_term_string}\"},\"query-input\":{\"@type\":\"PropertyValueSpecification\",\"valueRequired\":true,\"valueName\":\"search_term_string\"}}],\"inLanguage\":\"it-IT\"},{\"@type\":\"Organization\",\"@id\":\"https:\\\/\\\/www.monaco-tribune.com\\\/it\\\/#organization\",\"name\":\"Monaco Tribune\",\"url\":\"https:\\\/\\\/www.monaco-tribune.com\\\/it\\\/\",\"logo\":{\"@type\":\"ImageObject\",\"inLanguage\":\"it-IT\",\"@id\":\"https:\\\/\\\/www.monaco-tribune.com\\\/it\\\/#\\\/schema\\\/logo\\\/image\\\/\",\"url\":\"https:\\\/\\\/www.monaco-tribune.com\\\/wp-content\\\/uploads\\\/2022\\\/11\\\/logo-monaco-tribune.png\",\"contentUrl\":\"https:\\\/\\\/www.monaco-tribune.com\\\/wp-content\\\/uploads\\\/2022\\\/11\\\/logo-monaco-tribune.png\",\"width\":1548,\"height\":600,\"caption\":\"Monaco Tribune\"},\"image\":{\"@id\":\"https:\\\/\\\/www.monaco-tribune.com\\\/it\\\/#\\\/schema\\\/logo\\\/image\\\/\"},\"sameAs\":[\"https:\\\/\\\/www.facebook.com\\\/MonacoTribune\",\"https:\\\/\\\/x.com\\\/MonacoTribune\",\"https:\\\/\\\/www.instagram.com\\\/monacotribune\\\/\",\"https:\\\/\\\/www.linkedin.com\\\/company\\\/monaco-tribune\",\"https:\\\/\\\/www.youtube.com\\\/channel\\\/UCHle1MnG6hw1y4lWKijVbMA\"]},{\"@type\":\"Person\",\"@id\":\"https:\\\/\\\/www.monaco-tribune.com\\\/it\\\/#\\\/schema\\\/person\\\/330a3732947cf8cb41b2533a0eadd62e\",\"name\":\"Romain Boisaubert\",\"image\":{\"@type\":\"ImageObject\",\"inLanguage\":\"it-IT\",\"@id\":\"https:\\\/\\\/secure.gravatar.com\\\/avatar\\\/f8b90d41f1eabd1cbe4cf59e09d8db41a697d51919bf2dfe727589a24a4a4d54?s=96&d=mm&r=g\",\"url\":\"https:\\\/\\\/secure.gravatar.com\\\/avatar\\\/f8b90d41f1eabd1cbe4cf59e09d8db41a697d51919bf2dfe727589a24a4a4d54?s=96&d=mm&r=g\",\"contentUrl\":\"https:\\\/\\\/secure.gravatar.com\\\/avatar\\\/f8b90d41f1eabd1cbe4cf59e09d8db41a697d51919bf2dfe727589a24a4a4d54?s=96&d=mm&r=g\",\"caption\":\"Romain Boisaubert\"},\"description\":\"Test bio\",\"url\":\"https:\\\/\\\/www.monaco-tribune.com\\\/it\\\/author\\\/romain-boisaubert\\\/\"}]}<\/script>\n<!-- \/ Yoast SEO Premium plugin. -->","yoast_head_json":{"title":"Gran Premio di Singapore: Sergio Perez conclude davanti a Charles Leclerc","description":"Partito in pole position, il pilota monegasco ha terminato al secondo posto dietro Sergio Perez (Red Bull), che ha avuto la meglio su Charles Leclerc","robots":{"index":"index","follow":"follow","max-snippet":"max-snippet:-1","max-image-preview":"max-image-preview:large","max-video-preview":"max-video-preview:-1"},"canonical":"https:\/\/www.monaco-tribune.com\/it\/2022\/10\/gran-premio-di-singapore-sergio-perez-conclude-davanti-a-charles-leclerc\/","og_locale":"it_IT","og_type":"article","og_title":"Gran Premio di Singapore: Sergio Perez conclude davanti a Charles Leclerc - Monaco Tribune","og_description":"Partito in pole position, il pilota monegasco ha terminato al secondo posto dietro Sergio Perez (Red Bull), che ha avuto la meglio su Charles Leclerc","og_url":"https:\/\/www.monaco-tribune.com\/it\/2022\/10\/gran-premio-di-singapore-sergio-perez-conclude-davanti-a-charles-leclerc\/","og_site_name":"Monaco Tribune","article_publisher":"https:\/\/www.facebook.com\/MonacoTribune","article_published_time":"2022-10-03T15:25:55+00:00","article_modified_time":"2022-10-03T15:28:16+00:00","og_image":[{"width":2036,"height":1184,"url":"https:\/\/www.monaco-tribune.com\/wp-content\/uploads\/2022\/10\/charles-leclerc-ferrari.jpeg","type":"image\/jpeg"}],"author":"Romain Boisaubert","twitter_card":"summary_large_image","twitter_creator":"@MonacoTribune","twitter_site":"@MonacoTribune","schema":{"@context":"https:\/\/schema.org","@graph":[{"@type":"NewsArticle","@id":"https:\/\/www.monaco-tribune.com\/it\/2022\/10\/gran-premio-di-singapore-sergio-perez-conclude-davanti-a-charles-leclerc\/#article","isPartOf":{"@id":"https:\/\/www.monaco-tribune.com\/it\/2022\/10\/gran-premio-di-singapore-sergio-perez-conclude-davanti-a-charles-leclerc\/"},"author":{"name":"Romain Boisaubert","@id":"https:\/\/www.monaco-tribune.com\/it\/#\/schema\/person\/330a3732947cf8cb41b2533a0eadd62e"},"headline":"Gran Premio di Singapore: Sergio Perez conclude davanti a Charles Leclerc","datePublished":"2022-10-03T15:25:55+00:00","dateModified":"2022-10-03T15:28:16+00:00","mainEntityOfPage":{"@id":"https:\/\/www.monaco-tribune.com\/it\/2022\/10\/gran-premio-di-singapore-sergio-perez-conclude-davanti-a-charles-leclerc\/"},"wordCount":281,"publisher":{"@id":"https:\/\/www.monaco-tribune.com\/it\/#organization"},"image":{"@id":"https:\/\/www.monaco-tribune.com\/it\/2022\/10\/gran-premio-di-singapore-sergio-perez-conclude-davanti-a-charles-leclerc\/#primaryimage"},"thumbnailUrl":"https:\/\/www.monaco-tribune.com\/wp-content\/uploads\/2022\/10\/charles-leclerc-ferrari.jpeg","articleSection":["Notizie","Sport"],"inLanguage":"it-IT","copyrightYear":"2022","copyrightHolder":{"@id":"https:\/\/www.monaco-tribune.com\/#organization"}},{"@type":"WebPage","@id":"https:\/\/www.monaco-tribune.com\/it\/2022\/10\/gran-premio-di-singapore-sergio-perez-conclude-davanti-a-charles-leclerc\/","url":"https:\/\/www.monaco-tribune.com\/it\/2022\/10\/gran-premio-di-singapore-sergio-perez-conclude-davanti-a-charles-leclerc\/","name":"Gran Premio di Singapore: Sergio Perez conclude davanti a Charles Leclerc","isPartOf":{"@id":"https:\/\/www.monaco-tribune.com\/it\/#website"},"primaryImageOfPage":{"@id":"https:\/\/www.monaco-tribune.com\/it\/2022\/10\/gran-premio-di-singapore-sergio-perez-conclude-davanti-a-charles-leclerc\/#primaryimage"},"image":{"@id":"https:\/\/www.monaco-tribune.com\/it\/2022\/10\/gran-premio-di-singapore-sergio-perez-conclude-davanti-a-charles-leclerc\/#primaryimage"},"thumbnailUrl":"https:\/\/www.monaco-tribune.com\/wp-content\/uploads\/2022\/10\/charles-leclerc-ferrari.jpeg","datePublished":"2022-10-03T15:25:55+00:00","dateModified":"2022-10-03T15:28:16+00:00","description":"Partito in pole position, il pilota monegasco ha terminato al secondo posto dietro Sergio Perez (Red Bull), che ha avuto la meglio su Charles Leclerc","breadcrumb":{"@id":"https:\/\/www.monaco-tribune.com\/it\/2022\/10\/gran-premio-di-singapore-sergio-perez-conclude-davanti-a-charles-leclerc\/#breadcrumb"},"inLanguage":"it-IT","potentialAction":[{"@type":"ReadAction","target":["https:\/\/www.monaco-tribune.com\/it\/2022\/10\/gran-premio-di-singapore-sergio-perez-conclude-davanti-a-charles-leclerc\/"]}]},{"@type":"ImageObject","inLanguage":"it-IT","@id":"https:\/\/www.monaco-tribune.com\/it\/2022\/10\/gran-premio-di-singapore-sergio-perez-conclude-davanti-a-charles-leclerc\/#primaryimage","url":"https:\/\/www.monaco-tribune.com\/wp-content\/uploads\/2022\/10\/charles-leclerc-ferrari.jpeg","contentUrl":"https:\/\/www.monaco-tribune.com\/wp-content\/uploads\/2022\/10\/charles-leclerc-ferrari.jpeg","width":2036,"height":1184,"caption":"Scuderia Ferrari"},{"@type":"BreadcrumbList","@id":"https:\/\/www.monaco-tribune.com\/it\/2022\/10\/gran-premio-di-singapore-sergio-perez-conclude-davanti-a-charles-leclerc\/#breadcrumb","itemListElement":[{"@type":"ListItem","position":1,"name":"Accueil","item":"https:\/\/www.monaco-tribune.com\/it\/"},{"@type":"ListItem","position":2,"name":"Gran Premio di Singapore: Sergio Perez conclude davanti a Charles Leclerc"}]},{"@type":"WebSite","@id":"https:\/\/www.monaco-tribune.com\/it\/#website","url":"https:\/\/www.monaco-tribune.com\/it\/","name":"Monaco Tribune","description":"Monaco : actualit\u00e9s \u00e9conomiques, politiques, culturelles et sportives de Monaco et de la French Riviera.","publisher":{"@id":"https:\/\/www.monaco-tribune.com\/it\/#organization"},"potentialAction":[{"@type":"SearchAction","target":{"@type":"EntryPoint","urlTemplate":"https:\/\/www.monaco-tribune.com\/it\/?s={search_term_string}"},"query-input":{"@type":"PropertyValueSpecification","valueRequired":true,"valueName":"search_term_string"}}],"inLanguage":"it-IT"},{"@type":"Organization","@id":"https:\/\/www.monaco-tribune.com\/it\/#organization","name":"Monaco Tribune","url":"https:\/\/www.monaco-tribune.com\/it\/","logo":{"@type":"ImageObject","inLanguage":"it-IT","@id":"https:\/\/www.monaco-tribune.com\/it\/#\/schema\/logo\/image\/","url":"https:\/\/www.monaco-tribune.com\/wp-content\/uploads\/2022\/11\/logo-monaco-tribune.png","contentUrl":"https:\/\/www.monaco-tribune.com\/wp-content\/uploads\/2022\/11\/logo-monaco-tribune.png","width":1548,"height":600,"caption":"Monaco Tribune"},"image":{"@id":"https:\/\/www.monaco-tribune.com\/it\/#\/schema\/logo\/image\/"},"sameAs":["https:\/\/www.facebook.com\/MonacoTribune","https:\/\/x.com\/MonacoTribune","https:\/\/www.instagram.com\/monacotribune\/","https:\/\/www.linkedin.com\/company\/monaco-tribune","https:\/\/www.youtube.com\/channel\/UCHle1MnG6hw1y4lWKijVbMA"]},{"@type":"Person","@id":"https:\/\/www.monaco-tribune.com\/it\/#\/schema\/person\/330a3732947cf8cb41b2533a0eadd62e","name":"Romain Boisaubert","image":{"@type":"ImageObject","inLanguage":"it-IT","@id":"https:\/\/secure.gravatar.com\/avatar\/f8b90d41f1eabd1cbe4cf59e09d8db41a697d51919bf2dfe727589a24a4a4d54?s=96&d=mm&r=g","url":"https:\/\/secure.gravatar.com\/avatar\/f8b90d41f1eabd1cbe4cf59e09d8db41a697d51919bf2dfe727589a24a4a4d54?s=96&d=mm&r=g","contentUrl":"https:\/\/secure.gravatar.com\/avatar\/f8b90d41f1eabd1cbe4cf59e09d8db41a697d51919bf2dfe727589a24a4a4d54?s=96&d=mm&r=g","caption":"Romain Boisaubert"},"description":"Test bio","url":"https:\/\/www.monaco-tribune.com\/it\/author\/romain-boisaubert\/"}]}},"_links":{"self":[{"href":"https:\/\/www.monaco-tribune.com\/it\/wp-json\/wp\/v2\/posts\/143789","targetHints":{"allow":["GET"]}}],"collection":[{"href":"https:\/\/www.monaco-tribune.com\/it\/wp-json\/wp\/v2\/posts"}],"about":[{"href":"https:\/\/www.monaco-tribune.com\/it\/wp-json\/wp\/v2\/types\/post"}],"author":[{"embeddable":true,"href":"https:\/\/www.monaco-tribune.com\/it\/wp-json\/wp\/v2\/users\/24"}],"replies":[{"embeddable":true,"href":"https:\/\/www.monaco-tribune.com\/it\/wp-json\/wp\/v2\/comments?post=143789"}],"version-history":[{"count":0,"href":"https:\/\/www.monaco-tribune.com\/it\/wp-json\/wp\/v2\/posts\/143789\/revisions"}],"wp:featuredmedia":[{"embeddable":true,"href":"https:\/\/www.monaco-tribune.com\/it\/wp-json\/wp\/v2\/media\/143573"}],"wp:attachment":[{"href":"https:\/\/www.monaco-tribune.com\/it\/wp-json\/wp\/v2\/media?parent=143789"}],"wp:term":[{"taxonomy":"category","embeddable":true,"href":"https:\/\/www.monaco-tribune.com\/it\/wp-json\/wp\/v2\/categories?post=143789"},{"taxonomy":"post_tag","embeddable":true,"href":"https:\/\/www.monaco-tribune.com\/it\/wp-json\/wp\/v2\/tags?post=143789"},{"taxonomy":"sectag","embeddable":true,"href":"https:\/\/www.monaco-tribune.com\/it\/wp-json\/wp\/v2\/post_sectags?post=143789"},{"taxonomy":"format","embeddable":true,"href":"https:\/\/www.monaco-tribune.com\/it\/wp-json\/wp\/v2\/post_format?post=143789"}],"curies":[{"name":"wp","href":"https:\/\/api.w.org\/{rel}","templated":true}]}}