{"id":144180,"date":"2022-10-05T15:15:15","date_gmt":"2022-10-05T13:15:15","guid":{"rendered":"https:\/\/www.monaco-tribune.com\/2022\/10\/linea-100-nizza-mentone-variazioni-al-percorso-da-lunedi-3-ottobre\/"},"modified":"2022-10-05T15:15:17","modified_gmt":"2022-10-05T13:15:17","slug":"linea-100-nizza-mentone-variazioni-al-percorso-da-lunedi-3-ottobre","status":"publish","type":"post","link":"https:\/\/www.monaco-tribune.com\/it\/2022\/10\/linea-100-nizza-mentone-variazioni-al-percorso-da-lunedi-3-ottobre\/","title":{"rendered":"Linea 100 Nizza\/Mentone: variazioni al percorso da luned\u00ec 3 ottobre"},"content":{"rendered":"\n<p><strong>Attenzione: a causa dei lavori a Roquebrune-Cap-Martin, la linea di autobus 100 Nizza\/Mentone si sdoppia nella linea 607 e 608. <\/strong><\/p>\n\n<p>La Communaut\u00e9 de la Riviera fran\u00e7aise (CARF) ha avviato un vasto progetto di ammodernamento delle reti idriche in Avenue Jean Jaur\u00e8s e Louis Laurens a Roquebrune-Cap-Martin. I lavori, iniziati luned\u00ec 3 ottobre e con fine prevista ad aprile 2024, hanno l&#8217;obiettivo di sostituire le principali tubature che &#8220;non permettono pi\u00f9 di fornire correttamente l&#8217;acqua potabile alla parte orientale della citt\u00e0&#8221;.<\/p>\n\n<p>Si tratta, quindi, di lavori indispensabili per garantire la sicurezza dell&#8217;approvvigionamento idrico degli abitanti, ma causeranno disagi alla viabilit\u00e0. <\/p>\n\n<h2 class=\"wp-block-heading\" id=\"h-perturbations-sur-le-reseaux-zou\">Modifiche al servizio della rete Zou!<\/h2>\n\n<p>Durante i lavori, la linea 100 si sdoppier\u00e0 nella linea 607 e 608.<\/p>\n\n<p>La linea 607 (Nizza-Monaco) effettuer\u00e0 il percorso abituale tra Nizza e Monaco fino alla fermata Saint-Roman MC (interscambio), passando per la Place d\u2019Armes \u2013 <a href=\"https:\/\/riviera-francaise.fr\/images\/ZOU06_607_Nice_Monaco_3_octobre_2022.pdf\">Orari<\/a>.<\/p>\n\n<p>La linea 608 (Mentone-Monaco) parte da Mentone in direzione Monaco-Place d\u2019Armes, poi devia per la Moyenne Corniche e torna poi in direzione Roquebrune-Cap-Martin all\u2019altezza della rotonda dei 4 chemins \u2013 <a href=\"https:\/\/riviera-francaise.fr\/images\/ZOU_608_Menton__Monaco_3_octobre_2022.pdf\">Orari<\/a>.<\/p>\n\n<p>Gli autobus in direzione di Mentone non effettueranno le fermate di \u201cLes 4 chemins\u201d, \u201cLa Boucherie\u201d, \u201cLa Tranch\u00e9e\u201d et \u201cSaint-Roman\u201d. <\/p>\n\n<h2 class=\"wp-block-heading\" id=\"h-ce-qu-il-se-passe-sur-les-routes\">Modifiche alla viabilit\u00e0<\/h2>\n\n<ul class=\"wp-block-list\"><li><strong>In direzione Monaco<\/strong>: \u00e8 stato introdotto un senso unico di circolazione su avenue Jean Jaur\u00e8s, dalla rotatoria dei 4 chemins all&#8217;incrocio con avenue Louis Laurens.<\/li><li><strong>In direzione Mentone<\/strong>: il percorso effettua una deviazione per Avenue Varavilla, Avenue du Pr\u00e9sident Kennedy e Notre-Dame de Bon Voyage per i veicoli leggeri. I residenti in Avenue Louis Laurens potranno utilizzare Avenue de France per accedere all&#8217;ingresso della via.<\/li><\/ul>\n\n<p>Un\u2019ultima precisazione: non si potr\u00e0 percorrere avenue Jean Jaur\u00e8s in direzione Mentone da ottobre ad aprile, e poi da giugno a novembre e da dicembre ad aprile 2024. Da gennaio a marzo 2023 e da dicembre 2023 ad aprile 2024 sar\u00e0 istituito un senso di marcia alternato con un sistema di semafori e la strada potr\u00e0 subire chiusure occasionali. <\/p>\n\n<p>Consulta tutti i dettagli <a href=\"https:\/\/riviera-francaise.fr\/les-actualites\/item\/511-travaux-modernisation-des-reseaux-av-jean-jaures-louis-laurens-a-roquebrune\">sul sito della Riviera Fran\u00e7aise<\/a>.<\/p>\n","protected":false},"excerpt":{"rendered":"<p>Attenzione: a causa dei lavori a Roquebrune-Cap-Martin, la linea di autobus 100 Nizza\/Mentone si sdoppia nella linea 607 e 608. [&hellip;]<\/p>\n","protected":false},"author":69,"featured_media":121363,"comment_status":"closed","ping_status":"closed","sticky":false,"template":"","format":"standard","meta":{"_acf_changed":false,"footnotes":""},"categories":[1738,1752],"tags":[],"post_sectags":[],"post_format":[2477],"class_list":["post-144180","post","type-post","status-publish","format-standard","has-post-thumbnail","hentry","category-notizie","category-societa","format-info-pratiche"],"acf":[],"yoast_head":"<!-- This site is optimized with the Yoast SEO Premium plugin v26.8 (Yoast SEO v27.4) - https:\/\/yoast.com\/product\/yoast-seo-premium-wordpress\/ -->\n<title>Linea 100 Nizza\/Mentone: variazioni al percorso da luned\u00ec 3 ottobre<\/title>\n<meta name=\"description\" content=\"Attenzione: a causa dei lavori a Roquebrune-Cap-Martin, la linea di autobus 100 Nizza\/Mentone si sdoppia nella linea 607 e 608. La Communaut\u00e9 de la\" \/>\n<meta name=\"robots\" content=\"index, follow, max-snippet:-1, max-image-preview:large, max-video-preview:-1\" \/>\n<link rel=\"canonical\" href=\"https:\/\/www.monaco-tribune.com\/it\/2022\/10\/linea-100-nizza-mentone-variazioni-al-percorso-da-lunedi-3-ottobre\/\" \/>\n<meta property=\"og:locale\" content=\"it_IT\" \/>\n<meta property=\"og:type\" content=\"article\" \/>\n<meta property=\"og:title\" content=\"Linea 100 Nizza\/Mentone: variazioni al percorso da luned\u00ec 3 ottobre - Monaco Tribune\" \/>\n<meta property=\"og:description\" content=\"Attenzione: a causa dei lavori a Roquebrune-Cap-Martin, la linea di autobus 100 Nizza\/Mentone si sdoppia nella linea 607 e 608. La Communaut\u00e9 de la\" \/>\n<meta property=\"og:url\" content=\"https:\/\/www.monaco-tribune.com\/it\/2022\/10\/linea-100-nizza-mentone-variazioni-al-percorso-da-lunedi-3-ottobre\/\" \/>\n<meta property=\"og:site_name\" content=\"Monaco Tribune\" \/>\n<meta property=\"article:publisher\" content=\"https:\/\/www.facebook.com\/MonacoTribune\" \/>\n<meta property=\"article:published_time\" content=\"2022-10-05T13:15:15+00:00\" \/>\n<meta property=\"article:modified_time\" content=\"2022-10-05T13:15:17+00:00\" \/>\n<meta property=\"og:image\" content=\"https:\/\/www.monaco-tribune.com\/wp-content\/uploads\/2022\/05\/bus-ligne-100_900x900.jpg\" \/>\n\t<meta property=\"og:image:width\" content=\"900\" \/>\n\t<meta property=\"og:image:height\" content=\"600\" \/>\n\t<meta property=\"og:image:type\" content=\"image\/jpeg\" \/>\n<meta name=\"author\" content=\"Sarah Incari\" \/>\n<meta name=\"twitter:card\" content=\"summary_large_image\" \/>\n<meta name=\"twitter:creator\" content=\"@MonacoTribune\" \/>\n<meta name=\"twitter:site\" content=\"@MonacoTribune\" \/>\n<script type=\"application\/ld+json\" class=\"yoast-schema-graph\">{\"@context\":\"https:\\\/\\\/schema.org\",\"@graph\":[{\"@type\":\"NewsArticle\",\"@id\":\"https:\\\/\\\/www.monaco-tribune.com\\\/it\\\/2022\\\/10\\\/linea-100-nizza-mentone-variazioni-al-percorso-da-lunedi-3-ottobre\\\/#article\",\"isPartOf\":{\"@id\":\"https:\\\/\\\/www.monaco-tribune.com\\\/it\\\/2022\\\/10\\\/linea-100-nizza-mentone-variazioni-al-percorso-da-lunedi-3-ottobre\\\/\"},\"author\":{\"name\":\"Sarah Incari\",\"@id\":\"https:\\\/\\\/www.monaco-tribune.com\\\/it\\\/#\\\/schema\\\/person\\\/dd3b5770833f791d3f4d808f1aa84499\"},\"headline\":\"Linea 100 Nizza\\\/Mentone: variazioni al percorso da luned\u00ec 3 ottobre\",\"datePublished\":\"2022-10-05T13:15:15+00:00\",\"dateModified\":\"2022-10-05T13:15:17+00:00\",\"mainEntityOfPage\":{\"@id\":\"https:\\\/\\\/www.monaco-tribune.com\\\/it\\\/2022\\\/10\\\/linea-100-nizza-mentone-variazioni-al-percorso-da-lunedi-3-ottobre\\\/\"},\"wordCount\":336,\"publisher\":{\"@id\":\"https:\\\/\\\/www.monaco-tribune.com\\\/it\\\/#organization\"},\"image\":{\"@id\":\"https:\\\/\\\/www.monaco-tribune.com\\\/it\\\/2022\\\/10\\\/linea-100-nizza-mentone-variazioni-al-percorso-da-lunedi-3-ottobre\\\/#primaryimage\"},\"thumbnailUrl\":\"https:\\\/\\\/www.monaco-tribune.com\\\/wp-content\\\/uploads\\\/2022\\\/05\\\/bus-ligne-100_900x900.jpg\",\"articleSection\":[\"Notizie\",\"Societ\u00e0\"],\"inLanguage\":\"it-IT\",\"copyrightYear\":\"2022\",\"copyrightHolder\":{\"@id\":\"https:\\\/\\\/www.monaco-tribune.com\\\/#organization\"}},{\"@type\":\"WebPage\",\"@id\":\"https:\\\/\\\/www.monaco-tribune.com\\\/it\\\/2022\\\/10\\\/linea-100-nizza-mentone-variazioni-al-percorso-da-lunedi-3-ottobre\\\/\",\"url\":\"https:\\\/\\\/www.monaco-tribune.com\\\/it\\\/2022\\\/10\\\/linea-100-nizza-mentone-variazioni-al-percorso-da-lunedi-3-ottobre\\\/\",\"name\":\"Linea 100 Nizza\\\/Mentone: variazioni al percorso da luned\u00ec 3 ottobre\",\"isPartOf\":{\"@id\":\"https:\\\/\\\/www.monaco-tribune.com\\\/it\\\/#website\"},\"primaryImageOfPage\":{\"@id\":\"https:\\\/\\\/www.monaco-tribune.com\\\/it\\\/2022\\\/10\\\/linea-100-nizza-mentone-variazioni-al-percorso-da-lunedi-3-ottobre\\\/#primaryimage\"},\"image\":{\"@id\":\"https:\\\/\\\/www.monaco-tribune.com\\\/it\\\/2022\\\/10\\\/linea-100-nizza-mentone-variazioni-al-percorso-da-lunedi-3-ottobre\\\/#primaryimage\"},\"thumbnailUrl\":\"https:\\\/\\\/www.monaco-tribune.com\\\/wp-content\\\/uploads\\\/2022\\\/05\\\/bus-ligne-100_900x900.jpg\",\"datePublished\":\"2022-10-05T13:15:15+00:00\",\"dateModified\":\"2022-10-05T13:15:17+00:00\",\"description\":\"Attenzione: a causa dei lavori a Roquebrune-Cap-Martin, la linea di autobus 100 Nizza\\\/Mentone si sdoppia nella linea 607 e 608. La Communaut\u00e9 de la\",\"breadcrumb\":{\"@id\":\"https:\\\/\\\/www.monaco-tribune.com\\\/it\\\/2022\\\/10\\\/linea-100-nizza-mentone-variazioni-al-percorso-da-lunedi-3-ottobre\\\/#breadcrumb\"},\"inLanguage\":\"it-IT\",\"potentialAction\":[{\"@type\":\"ReadAction\",\"target\":[\"https:\\\/\\\/www.monaco-tribune.com\\\/it\\\/2022\\\/10\\\/linea-100-nizza-mentone-variazioni-al-percorso-da-lunedi-3-ottobre\\\/\"]}]},{\"@type\":\"ImageObject\",\"inLanguage\":\"it-IT\",\"@id\":\"https:\\\/\\\/www.monaco-tribune.com\\\/it\\\/2022\\\/10\\\/linea-100-nizza-mentone-variazioni-al-percorso-da-lunedi-3-ottobre\\\/#primaryimage\",\"url\":\"https:\\\/\\\/www.monaco-tribune.com\\\/wp-content\\\/uploads\\\/2022\\\/05\\\/bus-ligne-100_900x900.jpg\",\"contentUrl\":\"https:\\\/\\\/www.monaco-tribune.com\\\/wp-content\\\/uploads\\\/2022\\\/05\\\/bus-ligne-100_900x900.jpg\",\"width\":900,\"height\":600,\"caption\":\"La linea 600 sostituisce la linea 100, che era attiva prima dei lavori - \u00a9 Direzione della Comunicazione \u2013 Michael Alesi\"},{\"@type\":\"BreadcrumbList\",\"@id\":\"https:\\\/\\\/www.monaco-tribune.com\\\/it\\\/2022\\\/10\\\/linea-100-nizza-mentone-variazioni-al-percorso-da-lunedi-3-ottobre\\\/#breadcrumb\",\"itemListElement\":[{\"@type\":\"ListItem\",\"position\":1,\"name\":\"Accueil\",\"item\":\"https:\\\/\\\/www.monaco-tribune.com\\\/it\\\/\"},{\"@type\":\"ListItem\",\"position\":2,\"name\":\"Linea 100 Nizza\\\/Mentone: variazioni al percorso da luned\u00ec 3 ottobre\"}]},{\"@type\":\"WebSite\",\"@id\":\"https:\\\/\\\/www.monaco-tribune.com\\\/it\\\/#website\",\"url\":\"https:\\\/\\\/www.monaco-tribune.com\\\/it\\\/\",\"name\":\"Monaco Tribune\",\"description\":\"Monaco : actualit\u00e9s \u00e9conomiques, politiques, culturelles et sportives de Monaco et de la French Riviera.\",\"publisher\":{\"@id\":\"https:\\\/\\\/www.monaco-tribune.com\\\/it\\\/#organization\"},\"potentialAction\":[{\"@type\":\"SearchAction\",\"target\":{\"@type\":\"EntryPoint\",\"urlTemplate\":\"https:\\\/\\\/www.monaco-tribune.com\\\/it\\\/?s={search_term_string}\"},\"query-input\":{\"@type\":\"PropertyValueSpecification\",\"valueRequired\":true,\"valueName\":\"search_term_string\"}}],\"inLanguage\":\"it-IT\"},{\"@type\":\"Organization\",\"@id\":\"https:\\\/\\\/www.monaco-tribune.com\\\/it\\\/#organization\",\"name\":\"Monaco Tribune\",\"url\":\"https:\\\/\\\/www.monaco-tribune.com\\\/it\\\/\",\"logo\":{\"@type\":\"ImageObject\",\"inLanguage\":\"it-IT\",\"@id\":\"https:\\\/\\\/www.monaco-tribune.com\\\/it\\\/#\\\/schema\\\/logo\\\/image\\\/\",\"url\":\"https:\\\/\\\/www.monaco-tribune.com\\\/wp-content\\\/uploads\\\/2022\\\/11\\\/logo-monaco-tribune.png\",\"contentUrl\":\"https:\\\/\\\/www.monaco-tribune.com\\\/wp-content\\\/uploads\\\/2022\\\/11\\\/logo-monaco-tribune.png\",\"width\":1548,\"height\":600,\"caption\":\"Monaco Tribune\"},\"image\":{\"@id\":\"https:\\\/\\\/www.monaco-tribune.com\\\/it\\\/#\\\/schema\\\/logo\\\/image\\\/\"},\"sameAs\":[\"https:\\\/\\\/www.facebook.com\\\/MonacoTribune\",\"https:\\\/\\\/x.com\\\/MonacoTribune\",\"https:\\\/\\\/www.instagram.com\\\/monacotribune\\\/\",\"https:\\\/\\\/www.linkedin.com\\\/company\\\/monaco-tribune\",\"https:\\\/\\\/www.youtube.com\\\/channel\\\/UCHle1MnG6hw1y4lWKijVbMA\"]},{\"@type\":\"Person\",\"@id\":\"https:\\\/\\\/www.monaco-tribune.com\\\/it\\\/#\\\/schema\\\/person\\\/dd3b5770833f791d3f4d808f1aa84499\",\"name\":\"Sarah Incari\",\"image\":{\"@type\":\"ImageObject\",\"inLanguage\":\"it-IT\",\"@id\":\"https:\\\/\\\/secure.gravatar.com\\\/avatar\\\/4ac0b37be892d57107ccdd804e3f2a03bf1e3fca097512136d3603859293cb0e?s=96&d=mm&r=g\",\"url\":\"https:\\\/\\\/secure.gravatar.com\\\/avatar\\\/4ac0b37be892d57107ccdd804e3f2a03bf1e3fca097512136d3603859293cb0e?s=96&d=mm&r=g\",\"contentUrl\":\"https:\\\/\\\/secure.gravatar.com\\\/avatar\\\/4ac0b37be892d57107ccdd804e3f2a03bf1e3fca097512136d3603859293cb0e?s=96&d=mm&r=g\",\"caption\":\"Sarah Incari\"},\"url\":\"https:\\\/\\\/www.monaco-tribune.com\\\/it\\\/author\\\/sarahincari\\\/\"}]}<\/script>\n<!-- \/ Yoast SEO Premium plugin. -->","yoast_head_json":{"title":"Linea 100 Nizza\/Mentone: variazioni al percorso da luned\u00ec 3 ottobre","description":"Attenzione: a causa dei lavori a Roquebrune-Cap-Martin, la linea di autobus 100 Nizza\/Mentone si sdoppia nella linea 607 e 608. La Communaut\u00e9 de la","robots":{"index":"index","follow":"follow","max-snippet":"max-snippet:-1","max-image-preview":"max-image-preview:large","max-video-preview":"max-video-preview:-1"},"canonical":"https:\/\/www.monaco-tribune.com\/it\/2022\/10\/linea-100-nizza-mentone-variazioni-al-percorso-da-lunedi-3-ottobre\/","og_locale":"it_IT","og_type":"article","og_title":"Linea 100 Nizza\/Mentone: variazioni al percorso da luned\u00ec 3 ottobre - Monaco Tribune","og_description":"Attenzione: a causa dei lavori a Roquebrune-Cap-Martin, la linea di autobus 100 Nizza\/Mentone si sdoppia nella linea 607 e 608. La Communaut\u00e9 de la","og_url":"https:\/\/www.monaco-tribune.com\/it\/2022\/10\/linea-100-nizza-mentone-variazioni-al-percorso-da-lunedi-3-ottobre\/","og_site_name":"Monaco Tribune","article_publisher":"https:\/\/www.facebook.com\/MonacoTribune","article_published_time":"2022-10-05T13:15:15+00:00","article_modified_time":"2022-10-05T13:15:17+00:00","og_image":[{"width":900,"height":600,"url":"https:\/\/www.monaco-tribune.com\/wp-content\/uploads\/2022\/05\/bus-ligne-100_900x900.jpg","type":"image\/jpeg"}],"author":"Sarah Incari","twitter_card":"summary_large_image","twitter_creator":"@MonacoTribune","twitter_site":"@MonacoTribune","schema":{"@context":"https:\/\/schema.org","@graph":[{"@type":"NewsArticle","@id":"https:\/\/www.monaco-tribune.com\/it\/2022\/10\/linea-100-nizza-mentone-variazioni-al-percorso-da-lunedi-3-ottobre\/#article","isPartOf":{"@id":"https:\/\/www.monaco-tribune.com\/it\/2022\/10\/linea-100-nizza-mentone-variazioni-al-percorso-da-lunedi-3-ottobre\/"},"author":{"name":"Sarah Incari","@id":"https:\/\/www.monaco-tribune.com\/it\/#\/schema\/person\/dd3b5770833f791d3f4d808f1aa84499"},"headline":"Linea 100 Nizza\/Mentone: variazioni al percorso da luned\u00ec 3 ottobre","datePublished":"2022-10-05T13:15:15+00:00","dateModified":"2022-10-05T13:15:17+00:00","mainEntityOfPage":{"@id":"https:\/\/www.monaco-tribune.com\/it\/2022\/10\/linea-100-nizza-mentone-variazioni-al-percorso-da-lunedi-3-ottobre\/"},"wordCount":336,"publisher":{"@id":"https:\/\/www.monaco-tribune.com\/it\/#organization"},"image":{"@id":"https:\/\/www.monaco-tribune.com\/it\/2022\/10\/linea-100-nizza-mentone-variazioni-al-percorso-da-lunedi-3-ottobre\/#primaryimage"},"thumbnailUrl":"https:\/\/www.monaco-tribune.com\/wp-content\/uploads\/2022\/05\/bus-ligne-100_900x900.jpg","articleSection":["Notizie","Societ\u00e0"],"inLanguage":"it-IT","copyrightYear":"2022","copyrightHolder":{"@id":"https:\/\/www.monaco-tribune.com\/#organization"}},{"@type":"WebPage","@id":"https:\/\/www.monaco-tribune.com\/it\/2022\/10\/linea-100-nizza-mentone-variazioni-al-percorso-da-lunedi-3-ottobre\/","url":"https:\/\/www.monaco-tribune.com\/it\/2022\/10\/linea-100-nizza-mentone-variazioni-al-percorso-da-lunedi-3-ottobre\/","name":"Linea 100 Nizza\/Mentone: variazioni al percorso da luned\u00ec 3 ottobre","isPartOf":{"@id":"https:\/\/www.monaco-tribune.com\/it\/#website"},"primaryImageOfPage":{"@id":"https:\/\/www.monaco-tribune.com\/it\/2022\/10\/linea-100-nizza-mentone-variazioni-al-percorso-da-lunedi-3-ottobre\/#primaryimage"},"image":{"@id":"https:\/\/www.monaco-tribune.com\/it\/2022\/10\/linea-100-nizza-mentone-variazioni-al-percorso-da-lunedi-3-ottobre\/#primaryimage"},"thumbnailUrl":"https:\/\/www.monaco-tribune.com\/wp-content\/uploads\/2022\/05\/bus-ligne-100_900x900.jpg","datePublished":"2022-10-05T13:15:15+00:00","dateModified":"2022-10-05T13:15:17+00:00","description":"Attenzione: a causa dei lavori a Roquebrune-Cap-Martin, la linea di autobus 100 Nizza\/Mentone si sdoppia nella linea 607 e 608. La Communaut\u00e9 de la","breadcrumb":{"@id":"https:\/\/www.monaco-tribune.com\/it\/2022\/10\/linea-100-nizza-mentone-variazioni-al-percorso-da-lunedi-3-ottobre\/#breadcrumb"},"inLanguage":"it-IT","potentialAction":[{"@type":"ReadAction","target":["https:\/\/www.monaco-tribune.com\/it\/2022\/10\/linea-100-nizza-mentone-variazioni-al-percorso-da-lunedi-3-ottobre\/"]}]},{"@type":"ImageObject","inLanguage":"it-IT","@id":"https:\/\/www.monaco-tribune.com\/it\/2022\/10\/linea-100-nizza-mentone-variazioni-al-percorso-da-lunedi-3-ottobre\/#primaryimage","url":"https:\/\/www.monaco-tribune.com\/wp-content\/uploads\/2022\/05\/bus-ligne-100_900x900.jpg","contentUrl":"https:\/\/www.monaco-tribune.com\/wp-content\/uploads\/2022\/05\/bus-ligne-100_900x900.jpg","width":900,"height":600,"caption":"La linea 600 sostituisce la linea 100, che era attiva prima dei lavori - \u00a9 Direzione della Comunicazione \u2013 Michael Alesi"},{"@type":"BreadcrumbList","@id":"https:\/\/www.monaco-tribune.com\/it\/2022\/10\/linea-100-nizza-mentone-variazioni-al-percorso-da-lunedi-3-ottobre\/#breadcrumb","itemListElement":[{"@type":"ListItem","position":1,"name":"Accueil","item":"https:\/\/www.monaco-tribune.com\/it\/"},{"@type":"ListItem","position":2,"name":"Linea 100 Nizza\/Mentone: variazioni al percorso da luned\u00ec 3 ottobre"}]},{"@type":"WebSite","@id":"https:\/\/www.monaco-tribune.com\/it\/#website","url":"https:\/\/www.monaco-tribune.com\/it\/","name":"Monaco Tribune","description":"Monaco : actualit\u00e9s \u00e9conomiques, politiques, culturelles et sportives de Monaco et de la French Riviera.","publisher":{"@id":"https:\/\/www.monaco-tribune.com\/it\/#organization"},"potentialAction":[{"@type":"SearchAction","target":{"@type":"EntryPoint","urlTemplate":"https:\/\/www.monaco-tribune.com\/it\/?s={search_term_string}"},"query-input":{"@type":"PropertyValueSpecification","valueRequired":true,"valueName":"search_term_string"}}],"inLanguage":"it-IT"},{"@type":"Organization","@id":"https:\/\/www.monaco-tribune.com\/it\/#organization","name":"Monaco Tribune","url":"https:\/\/www.monaco-tribune.com\/it\/","logo":{"@type":"ImageObject","inLanguage":"it-IT","@id":"https:\/\/www.monaco-tribune.com\/it\/#\/schema\/logo\/image\/","url":"https:\/\/www.monaco-tribune.com\/wp-content\/uploads\/2022\/11\/logo-monaco-tribune.png","contentUrl":"https:\/\/www.monaco-tribune.com\/wp-content\/uploads\/2022\/11\/logo-monaco-tribune.png","width":1548,"height":600,"caption":"Monaco Tribune"},"image":{"@id":"https:\/\/www.monaco-tribune.com\/it\/#\/schema\/logo\/image\/"},"sameAs":["https:\/\/www.facebook.com\/MonacoTribune","https:\/\/x.com\/MonacoTribune","https:\/\/www.instagram.com\/monacotribune\/","https:\/\/www.linkedin.com\/company\/monaco-tribune","https:\/\/www.youtube.com\/channel\/UCHle1MnG6hw1y4lWKijVbMA"]},{"@type":"Person","@id":"https:\/\/www.monaco-tribune.com\/it\/#\/schema\/person\/dd3b5770833f791d3f4d808f1aa84499","name":"Sarah Incari","image":{"@type":"ImageObject","inLanguage":"it-IT","@id":"https:\/\/secure.gravatar.com\/avatar\/4ac0b37be892d57107ccdd804e3f2a03bf1e3fca097512136d3603859293cb0e?s=96&d=mm&r=g","url":"https:\/\/secure.gravatar.com\/avatar\/4ac0b37be892d57107ccdd804e3f2a03bf1e3fca097512136d3603859293cb0e?s=96&d=mm&r=g","contentUrl":"https:\/\/secure.gravatar.com\/avatar\/4ac0b37be892d57107ccdd804e3f2a03bf1e3fca097512136d3603859293cb0e?s=96&d=mm&r=g","caption":"Sarah Incari"},"url":"https:\/\/www.monaco-tribune.com\/it\/author\/sarahincari\/"}]}},"_links":{"self":[{"href":"https:\/\/www.monaco-tribune.com\/it\/wp-json\/wp\/v2\/posts\/144180","targetHints":{"allow":["GET"]}}],"collection":[{"href":"https:\/\/www.monaco-tribune.com\/it\/wp-json\/wp\/v2\/posts"}],"about":[{"href":"https:\/\/www.monaco-tribune.com\/it\/wp-json\/wp\/v2\/types\/post"}],"author":[{"embeddable":true,"href":"https:\/\/www.monaco-tribune.com\/it\/wp-json\/wp\/v2\/users\/69"}],"replies":[{"embeddable":true,"href":"https:\/\/www.monaco-tribune.com\/it\/wp-json\/wp\/v2\/comments?post=144180"}],"version-history":[{"count":0,"href":"https:\/\/www.monaco-tribune.com\/it\/wp-json\/wp\/v2\/posts\/144180\/revisions"}],"wp:featuredmedia":[{"embeddable":true,"href":"https:\/\/www.monaco-tribune.com\/it\/wp-json\/wp\/v2\/media\/121363"}],"wp:attachment":[{"href":"https:\/\/www.monaco-tribune.com\/it\/wp-json\/wp\/v2\/media?parent=144180"}],"wp:term":[{"taxonomy":"category","embeddable":true,"href":"https:\/\/www.monaco-tribune.com\/it\/wp-json\/wp\/v2\/categories?post=144180"},{"taxonomy":"post_tag","embeddable":true,"href":"https:\/\/www.monaco-tribune.com\/it\/wp-json\/wp\/v2\/tags?post=144180"},{"taxonomy":"sectag","embeddable":true,"href":"https:\/\/www.monaco-tribune.com\/it\/wp-json\/wp\/v2\/post_sectags?post=144180"},{"taxonomy":"format","embeddable":true,"href":"https:\/\/www.monaco-tribune.com\/it\/wp-json\/wp\/v2\/post_format?post=144180"}],"curies":[{"name":"wp","href":"https:\/\/api.w.org\/{rel}","templated":true}]}}