{"id":144256,"date":"2022-10-06T10:55:53","date_gmt":"2022-10-06T08:55:53","guid":{"rendered":"https:\/\/www.monaco-tribune.com\/2022\/10\/as-monaco-conoscete-davvero-la-storia-di-bouba\/"},"modified":"2024-03-20T12:47:45","modified_gmt":"2024-03-20T10:47:45","slug":"as-monaco-conoscete-davvero-la-storia-di-bouba","status":"publish","type":"post","link":"https:\/\/www.monaco-tribune.com\/it\/2022\/10\/as-monaco-conoscete-davvero-la-storia-di-bouba\/","title":{"rendered":"AS Monaco: conoscete davvero la storia di Bouba?"},"content":{"rendered":"\n<p><strong>Non se n\u2019\u00e8 pi\u00f9 sentito parlare per molto tempo, ma Bouba, mascotte dell\u2019AS Monaco dai primi anni \u201970, ha fatto il suo grande ritorno nel 2016. Sebbene la sua storia celi ancora qualche mistero, Bouba \u00e8 una fonte di aneddoti interessanti.<\/strong><\/p>\n\n<p>Come ha fatto questo simpatico elefante a diventare il volto dell&#8217;AS Monaco? Laurent Peyronel, direttore del giardino zoologico di Monaco, sospira: &#8220;Sono pi\u00f9 di quarant&#8217;anni che me lo chiedo!&#8221;<\/p>\n\n<p>Jean Petit, Jean-Luc Ettori, il club, i tifosi, la famiglia principesca&#8230; Laurent Peyronel ha chiesto a tutti, ma senza ottenere tante risposte. Ma perch\u00e9 un elefante dovrebbe chiamarsi Bouba, come l&#8217;orsetto del famoso cartone animato? (In italiano conosciuto come &#8220;Jacky, l&#8217;orso del monte Tallac&#8221;).<\/p>\n\n<h2 class=\"wp-block-heading\" id=\"h-buon-nam-un-cadeau-de-l-empereur-du-vietnam-au-prince-rainier-iii\">Buon-Nam, un dono dell&#8217;Imperatore del Vietnam al Principe Ranieri III<\/h2>\n\n<p>\u201cNel 1954, il principe Ranieri III ricevette in dono un elefante dall&#8217;imperatore del Vietnam, Bao-Da\u00ef&#8221;, racconta il direttore del giardino zoologico di Monaco.&#8221;Era una giovane cucciola di elefante chiamata Buon-Nam. I custodi la soprannominarono presto Bouna, in segno di affetto&#8221;.<\/p>\n<div class=\"wp-block-image\">\n<figure class=\"aligncenter size-full\"><img loading=\"lazy\" decoding=\"async\" width=\"796\" height=\"621\" src=\"https:\/\/www.monaco-tribune.com\/wp-content\/uploads\/2022\/09\/bouna-prince-rainier.jpg\" alt=\"Bouna-Prince-Rainier\" class=\"wp-image-138500\" srcset=\"https:\/\/www.monaco-tribune.com\/wp-content\/uploads\/2022\/09\/bouna-prince-rainier.jpg 796w, https:\/\/www.monaco-tribune.com\/wp-content\/uploads\/2022\/09\/bouna-prince-rainier-385x300.jpg 385w\" sizes=\"auto, (max-width: 796px) 100vw, 796px\" \/><figcaption class=\"wp-element-caption\">\u00a9 DR<\/figcaption><\/figure>\n<\/div>\n<p>Un elefante. Bouna. Siamo nella giusta direzione. &#8220;Nel dicembre 1954, ha fatto il suo ingresso nel giardino zoologico. \u00c8 stata una delle prime residenti&#8221;. L\u2019elefantessa \u00e8 rimasta nel parco fino al 1982, quando \u00e8 stata trasferita in uno zoo del nord Italia, e si dice che fosse lei la responsabile di molti dei gol segnati dall&#8217;AS Monaco nel vecchio stadio Louis II.<\/p>\n\n<p>Sar\u00e0 una leggenda metropolitana? &#8220;Se vogliamo essere pragmatici, s\u00ec, lo \u00e8&#8221; sorride Laurent Peyronel. &#8220;\u00c8 arrivata nel parco quando era molto piccola ed \u00e8 stata messa nella parte alta. Dalla sua posizione non poteva vedere il prato\u201d.<\/p>\n\n<h2 class=\"wp-block-heading\" id=\"h-bouna-aimait-elle-barrir-a-chacun-des-buts-de-l-as-monaco\">Bouna si divertiva a barrire a ogni gol dell&#8217;AS Monaco?<\/h2>\n\n<p>Ma una volta cresciuta, Bouna \u00e8 stata spostata in un&#8217;altra zona del parco. &#8220;L\u00ec era ancora pi\u00f9 difficile che potesse vedere lo stadio&#8230;&#8221;Ma il terzo spazio occupato dall&#8217;elefante potrebbe contribuire ad alimentare la leggenda: &#8220;Da adulta, era stata messa in fondo al parco. L\u00ec avrebbe potuto vedere il campo. Ma mi viene difficile crederci&#8221;.<\/p>\n<div class=\"wp-block-image\">\n<figure class=\"aligncenter size-large\"><img loading=\"lazy\" decoding=\"async\" width=\"1024\" height=\"682\" src=\"https:\/\/www.monaco-tribune.com\/wp-content\/uploads\/2022\/09\/bouna-2-1024x682.jpg\" alt=\"Bouna-2\" class=\"wp-image-138504\" srcset=\"https:\/\/www.monaco-tribune.com\/wp-content\/uploads\/2022\/09\/bouna-2-1024x682.jpg 1024w, https:\/\/www.monaco-tribune.com\/wp-content\/uploads\/2022\/09\/bouna-2-451x300.jpg 451w, https:\/\/www.monaco-tribune.com\/wp-content\/uploads\/2022\/09\/bouna-2.jpg 1957w\" sizes=\"auto, (max-width: 1024px) 100vw, 1024px\" \/><figcaption class=\"wp-element-caption\">\u00a9 DR<\/figcaption><\/figure>\n<\/div>\n<p>Il fatto che abbia barrito a un gol dell&#8217;AS Monaco potrebbe essere stato un caso. Questa \u00e8 l&#8217;ipotesi&#8221;pi\u00f9 credibile&#8221; secondo Laurent Peyronel, che ha chiesto a diversi ex giocatori se avessero mai sentito parlare dell&#8217;animale. Ma anche in questo caso, i ricordi e le risposte scarseggiano.<\/p>\n\n<p>Di recente, Richard Rizza, figlio di Jean-Mary Rizza, presidente del club dei tifosi dell&#8217;AS Monaco a quel tempo, ha condiviso con noi alcune risposte.<\/p>\n\n<p>Suo padre, insieme ai suoi fedeli tifosi, ha avuto l&#8217;idea di farlo diventare una mascotte, perch\u00e9 si sentiva barrire dopo certi gol. &#8220;Bouna barriva solo perch\u00e9 sentiva il rumore dei tifosi che esultavano nel vecchio Louis-II&#8221;.<\/p>\n\n<h2 class=\"wp-block-heading\" id=\"h-richard-seren-l-homme-qui-a-invente-bouba\">Richard Seren, l&#8217;uomo che ha inventato Bouba<\/h2>\n\n<p>Bouba \u00e8 diventato la mascotte ufficiale del club nel 1982. Richard Seren, il suo creatore, lo ricorda ancora come se fosse ieri.<\/p>\n\n<p>&#8220;Quando \u00e8 stato il momento di creare una mascotte per l&#8217;AS Monaco, come gi\u00e0 successo in altre squadre, il presidente Jean-Louis Campora decise di lanciare un concorso nazionale a Monaco e in Francia&#8221;, racconta Richard Seren, tifoso dell&#8217;ASM da quando aveva 10 anni e che tutt&#8217;oggi \u00e8 abbonato allo stadio Louis II. &#8220;Alla fine, hanno ricevuto pi\u00f9 di cento disegni. C&#8217;erano coccodrilli, un po&#8217; di tutto&#8221;.<\/p>\n\n<p>E tra questi c&#8217;era anche quello di Richard Seren, che ritraeva l&#8217;elefante che tanto ammirava durante le partite al Louis II. &#8220;Andavo spesso al vecchio stadio Louis II con gli amici e posso assicurarvi che si sentiva l&#8217;elefante barrire durante le partite&#8221;.<\/p>\n\n<p>&#8220;\u00c8 stata chiaramente la prima idea che ho avuto. Ho pensato che la mascotte sarebbe potuta essere un buon modo per raccontare una storia vera con un fumetto umoristico. E poi l&#8217;elefante rappresenta la forza. \u00c8 un animale mitico&#8221;.<\/p>\n\n<p>Qualche mese dopo aver ricevuto tutti i disegni, la giuria rivela finalmente la sua scelta. Ed \u00e8 proprio Bouba, l&#8217;elefante disegnato da Richard Seren, a diventare la mascotte ufficiale dell&#8217;AS Monaco.<\/p>\n\n<p>&#8221; \u00c8 stato usato molto nei primi tempi, poi \u00e8 scomparso per un po&#8217;. Qualche anno fa, ho visto che il club lo aveva riportato in vita. \u00c8 cambiato molto dal mio primo disegno. Bouba \u00e8 pi\u00f9 grigio e meno grassoccio&#8221;, sorride. &#8220;Ma \u00e8 stato ritoccato per renderlo pi\u00f9 attuale&#8221;.<\/p>\n<div class=\"wp-block-image\">\n<figure class=\"aligncenter size-full\"><img loading=\"lazy\" decoding=\"async\" width=\"480\" height=\"640\" src=\"https:\/\/www.monaco-tribune.com\/wp-content\/uploads\/2022\/10\/mascotte-1982-cree-par-richard-seren-monaco-loriginal--rotated.jpg\" alt=\"Mascotte del 1982 creata da Richard Seren (l'originale)\" class=\"wp-image-223343\" srcset=\"https:\/\/www.monaco-tribune.com\/wp-content\/uploads\/2022\/10\/mascotte-1982-cree-par-richard-seren-monaco-loriginal--rotated.jpg 480w, https:\/\/www.monaco-tribune.com\/wp-content\/uploads\/2022\/10\/mascotte-1982-cree-par-richard-seren-monaco-loriginal--225x300.jpg 225w\" sizes=\"auto, (max-width: 480px) 100vw, 480px\" \/><figcaption class=\"wp-element-caption\">Mascotte del 1982 creata da Richard Seren (l&#8217;originale)<\/figcaption><\/figure>\n<\/div><div class=\"wp-block-image\">\n<figure class=\"aligncenter size-full\"><img loading=\"lazy\" decoding=\"async\" width=\"443\" height=\"640\" src=\"https:\/\/www.monaco-tribune.com\/wp-content\/uploads\/2022\/10\/couverture-programme-match-.jpg\" alt=\"\" class=\"wp-image-223347\" srcset=\"https:\/\/www.monaco-tribune.com\/wp-content\/uploads\/2022\/10\/couverture-programme-match-.jpg 443w, https:\/\/www.monaco-tribune.com\/wp-content\/uploads\/2022\/10\/couverture-programme-match--208x300.jpg 208w\" sizes=\"auto, (max-width: 443px) 100vw, 443px\" \/><figcaption class=\"wp-element-caption\">Copertina del programma della partita del 27 agosto 1983<\/figcaption><\/figure>\n<\/div><div class=\"wp-block-image\">\n<figure class=\"aligncenter size-full\"><img loading=\"lazy\" decoding=\"async\" width=\"457\" height=\"640\" src=\"https:\/\/www.monaco-tribune.com\/wp-content\/uploads\/2022\/10\/1-bande-dessine-pour-expliquer-larrivee-de-bouba-richard-seren.jpg\" alt=\"\" class=\"wp-image-223351\" srcset=\"https:\/\/www.monaco-tribune.com\/wp-content\/uploads\/2022\/10\/1-bande-dessine-pour-expliquer-larrivee-de-bouba-richard-seren.jpg 457w, https:\/\/www.monaco-tribune.com\/wp-content\/uploads\/2022\/10\/1-bande-dessine-pour-expliquer-larrivee-de-bouba-richard-seren-214x300.jpg 214w\" sizes=\"auto, (max-width: 457px) 100vw, 457px\" \/><figcaption class=\"wp-element-caption\">Il fumetto per spiegare l&#8217;arrivo di Bouba (Richard Seren)<\/figcaption><\/figure>\n<\/div>\n<h2 class=\"wp-block-heading\" id=\"h-quel-est-le-role-de-bouba\">Qual \u00e8 il ruolo di Bouba?<\/h2>\n\n<p>Strappare un sorriso ai bambini. \u00c8 questo il compito principale di Bouba. Sempre presente allo stadio Louis II, <a href=\"https:\/\/www.monaco-tribune.com\/it\/2022\/08\/champions-league-5-elementi-da-considerare-del-pareggio-dellas-monaco-con-il-psv-eindhoven\/\">soprattutto vicino alla tribuna Munegu Family<\/a>, la mascotte dell&#8217;AS Monaco \u00e8 un amante dei selfie. Il simpatico elefante non si perde neanche gli eventi di beneficenza del club e accompagna l&#8217;AS Monacoeur durante le sue attivit\u00e0.<\/p>\n<div class=\"wp-block-image\">\n<figure class=\"aligncenter size-full\"><img loading=\"lazy\" decoding=\"async\" width=\"1024\" height=\"654\" src=\"https:\/\/www.monaco-tribune.com\/wp-content\/uploads\/2022\/08\/munegu-family.jpg\" alt=\"\" class=\"wp-image-133241\" srcset=\"https:\/\/www.monaco-tribune.com\/wp-content\/uploads\/2022\/08\/munegu-family.jpg 1024w, https:\/\/www.monaco-tribune.com\/wp-content\/uploads\/2022\/08\/munegu-family-470x300.jpg 470w\" sizes=\"auto, (max-width: 1024px) 100vw, 1024px\" \/><figcaption class=\"wp-element-caption\">\u00a9 AS Monaco<\/figcaption><\/figure>\n<\/div>\n<p>Di recente, Bouba ha presenziato alla partenza dell&#8217;AS Monaco Kids Tour, oltre ad aver eseguito <a href=\"https:\/\/www.youtube.com\/watch?v=1iI1cHZPI8I&amp;ab_channel=ASMONACO\">alcuni trick sugli sci lo scorso inverno al Sunset Park &#8211; Snowpark di Chamrousse<\/a>, in occasione dell&#8217;inizio delle Olimpiadi invernali. Un&#8217;agenda fitta di impegni per questo elefante chiamato Bouba, un nome che vuole rendere omaggio alla sua sorella maggiore&#8230; una certa Bouna.<\/p>\n","protected":false},"excerpt":{"rendered":"<p>Non se n\u2019\u00e8 pi\u00f9 sentito parlare per molto tempo, ma Bouba, mascotte dell\u2019AS Monaco dai primi anni \u201970, ha fatto [&hellip;]<\/p>\n","protected":false},"author":24,"featured_media":138786,"comment_status":"closed","ping_status":"closed","sticky":false,"template":"","format":"standard","meta":{"_acf_changed":false,"footnotes":""},"categories":[1826,1738,1743],"tags":[2846],"post_sectags":[],"post_format":[2486],"class_list":["post-144256","post","type-post","status-publish","format-standard","has-post-thumbnail","hentry","category-la-nostra-scelta","category-notizie","category-sport-it","tag-as-monaco-it-2","format-servizio"],"acf":[],"yoast_head":"<!-- This site is optimized with the Yoast SEO Premium plugin v26.8 (Yoast SEO v27.4) - https:\/\/yoast.com\/product\/yoast-seo-premium-wordpress\/ -->\n<title>AS Monaco: conoscete davvero la storia di Bouba?<\/title>\n<meta name=\"description\" content=\"Non se n\u2019\u00e8 pi\u00f9 sentito parlare per molto tempo, ma Bouba, mascotte dell\u2019AS Monaco dai primi anni \u201970, ha fatto il suo grande ritorno nel 2016. Sebbene la\" \/>\n<meta name=\"robots\" content=\"index, follow, max-snippet:-1, max-image-preview:large, max-video-preview:-1\" \/>\n<link rel=\"canonical\" href=\"https:\/\/www.monaco-tribune.com\/it\/2022\/10\/as-monaco-conoscete-davvero-la-storia-di-bouba\/\" \/>\n<meta property=\"og:locale\" content=\"it_IT\" \/>\n<meta property=\"og:type\" content=\"article\" \/>\n<meta property=\"og:title\" content=\"AS Monaco: conoscete davvero la storia di Bouba? - Monaco Tribune\" \/>\n<meta property=\"og:description\" content=\"Non se n\u2019\u00e8 pi\u00f9 sentito parlare per molto tempo, ma Bouba, mascotte dell\u2019AS Monaco dai primi anni \u201970, ha fatto il suo grande ritorno nel 2016. Sebbene la\" \/>\n<meta property=\"og:url\" content=\"https:\/\/www.monaco-tribune.com\/it\/2022\/10\/as-monaco-conoscete-davvero-la-storia-di-bouba\/\" \/>\n<meta property=\"og:site_name\" content=\"Monaco Tribune\" \/>\n<meta property=\"article:publisher\" content=\"https:\/\/www.facebook.com\/MonacoTribune\" \/>\n<meta property=\"article:published_time\" content=\"2022-10-06T08:55:53+00:00\" \/>\n<meta property=\"article:modified_time\" content=\"2024-03-20T10:47:45+00:00\" \/>\n<meta property=\"og:image\" content=\"https:\/\/www.monaco-tribune.com\/wp-content\/uploads\/2022\/09\/bouba.jpeg\" \/>\n\t<meta property=\"og:image:width\" content=\"1067\" \/>\n\t<meta property=\"og:image:height\" content=\"658\" \/>\n\t<meta property=\"og:image:type\" content=\"image\/jpeg\" \/>\n<meta name=\"author\" content=\"Romain Boisaubert\" \/>\n<meta name=\"twitter:card\" content=\"summary_large_image\" \/>\n<meta name=\"twitter:creator\" content=\"@MonacoTribune\" \/>\n<meta name=\"twitter:site\" content=\"@MonacoTribune\" \/>\n<script type=\"application\/ld+json\" class=\"yoast-schema-graph\">{\"@context\":\"https:\\\/\\\/schema.org\",\"@graph\":[{\"@type\":\"NewsArticle\",\"@id\":\"https:\\\/\\\/www.monaco-tribune.com\\\/it\\\/2022\\\/10\\\/as-monaco-conoscete-davvero-la-storia-di-bouba\\\/#article\",\"isPartOf\":{\"@id\":\"https:\\\/\\\/www.monaco-tribune.com\\\/it\\\/2022\\\/10\\\/as-monaco-conoscete-davvero-la-storia-di-bouba\\\/\"},\"author\":{\"name\":\"Romain Boisaubert\",\"@id\":\"https:\\\/\\\/www.monaco-tribune.com\\\/it\\\/#\\\/schema\\\/person\\\/330a3732947cf8cb41b2533a0eadd62e\"},\"headline\":\"AS Monaco: conoscete davvero la storia di Bouba?\",\"datePublished\":\"2022-10-06T08:55:53+00:00\",\"dateModified\":\"2024-03-20T10:47:45+00:00\",\"mainEntityOfPage\":{\"@id\":\"https:\\\/\\\/www.monaco-tribune.com\\\/it\\\/2022\\\/10\\\/as-monaco-conoscete-davvero-la-storia-di-bouba\\\/\"},\"wordCount\":849,\"publisher\":{\"@id\":\"https:\\\/\\\/www.monaco-tribune.com\\\/it\\\/#organization\"},\"image\":{\"@id\":\"https:\\\/\\\/www.monaco-tribune.com\\\/it\\\/2022\\\/10\\\/as-monaco-conoscete-davvero-la-storia-di-bouba\\\/#primaryimage\"},\"thumbnailUrl\":\"https:\\\/\\\/www.monaco-tribune.com\\\/wp-content\\\/uploads\\\/2022\\\/09\\\/bouba.jpeg\",\"keywords\":[\"AS Monaco\"],\"articleSection\":[\"La nostra scelta\",\"Notizie\",\"Sport\"],\"inLanguage\":\"it-IT\",\"copyrightYear\":\"2022\",\"copyrightHolder\":{\"@id\":\"https:\\\/\\\/www.monaco-tribune.com\\\/#organization\"}},{\"@type\":\"WebPage\",\"@id\":\"https:\\\/\\\/www.monaco-tribune.com\\\/it\\\/2022\\\/10\\\/as-monaco-conoscete-davvero-la-storia-di-bouba\\\/\",\"url\":\"https:\\\/\\\/www.monaco-tribune.com\\\/it\\\/2022\\\/10\\\/as-monaco-conoscete-davvero-la-storia-di-bouba\\\/\",\"name\":\"AS Monaco: conoscete davvero la storia di Bouba?\",\"isPartOf\":{\"@id\":\"https:\\\/\\\/www.monaco-tribune.com\\\/it\\\/#website\"},\"primaryImageOfPage\":{\"@id\":\"https:\\\/\\\/www.monaco-tribune.com\\\/it\\\/2022\\\/10\\\/as-monaco-conoscete-davvero-la-storia-di-bouba\\\/#primaryimage\"},\"image\":{\"@id\":\"https:\\\/\\\/www.monaco-tribune.com\\\/it\\\/2022\\\/10\\\/as-monaco-conoscete-davvero-la-storia-di-bouba\\\/#primaryimage\"},\"thumbnailUrl\":\"https:\\\/\\\/www.monaco-tribune.com\\\/wp-content\\\/uploads\\\/2022\\\/09\\\/bouba.jpeg\",\"datePublished\":\"2022-10-06T08:55:53+00:00\",\"dateModified\":\"2024-03-20T10:47:45+00:00\",\"description\":\"Non se n\u2019\u00e8 pi\u00f9 sentito parlare per molto tempo, ma Bouba, mascotte dell\u2019AS Monaco dai primi anni \u201970, ha fatto il suo grande ritorno nel 2016. Sebbene la\",\"breadcrumb\":{\"@id\":\"https:\\\/\\\/www.monaco-tribune.com\\\/it\\\/2022\\\/10\\\/as-monaco-conoscete-davvero-la-storia-di-bouba\\\/#breadcrumb\"},\"inLanguage\":\"it-IT\",\"potentialAction\":[{\"@type\":\"ReadAction\",\"target\":[\"https:\\\/\\\/www.monaco-tribune.com\\\/it\\\/2022\\\/10\\\/as-monaco-conoscete-davvero-la-storia-di-bouba\\\/\"]}]},{\"@type\":\"ImageObject\",\"inLanguage\":\"it-IT\",\"@id\":\"https:\\\/\\\/www.monaco-tribune.com\\\/it\\\/2022\\\/10\\\/as-monaco-conoscete-davvero-la-storia-di-bouba\\\/#primaryimage\",\"url\":\"https:\\\/\\\/www.monaco-tribune.com\\\/wp-content\\\/uploads\\\/2022\\\/09\\\/bouba.jpeg\",\"contentUrl\":\"https:\\\/\\\/www.monaco-tribune.com\\\/wp-content\\\/uploads\\\/2022\\\/09\\\/bouba.jpeg\",\"width\":1067,\"height\":658,\"caption\":\"Bouba \u00a9 AS Monaco\"},{\"@type\":\"BreadcrumbList\",\"@id\":\"https:\\\/\\\/www.monaco-tribune.com\\\/it\\\/2022\\\/10\\\/as-monaco-conoscete-davvero-la-storia-di-bouba\\\/#breadcrumb\",\"itemListElement\":[{\"@type\":\"ListItem\",\"position\":1,\"name\":\"Accueil\",\"item\":\"https:\\\/\\\/www.monaco-tribune.com\\\/it\\\/\"},{\"@type\":\"ListItem\",\"position\":2,\"name\":\"AS Monaco: conoscete davvero la storia di Bouba?\"}]},{\"@type\":\"WebSite\",\"@id\":\"https:\\\/\\\/www.monaco-tribune.com\\\/it\\\/#website\",\"url\":\"https:\\\/\\\/www.monaco-tribune.com\\\/it\\\/\",\"name\":\"Monaco Tribune\",\"description\":\"Monaco : actualit\u00e9s \u00e9conomiques, politiques, culturelles et sportives de Monaco et de la French Riviera.\",\"publisher\":{\"@id\":\"https:\\\/\\\/www.monaco-tribune.com\\\/it\\\/#organization\"},\"potentialAction\":[{\"@type\":\"SearchAction\",\"target\":{\"@type\":\"EntryPoint\",\"urlTemplate\":\"https:\\\/\\\/www.monaco-tribune.com\\\/it\\\/?s={search_term_string}\"},\"query-input\":{\"@type\":\"PropertyValueSpecification\",\"valueRequired\":true,\"valueName\":\"search_term_string\"}}],\"inLanguage\":\"it-IT\"},{\"@type\":\"Organization\",\"@id\":\"https:\\\/\\\/www.monaco-tribune.com\\\/it\\\/#organization\",\"name\":\"Monaco Tribune\",\"url\":\"https:\\\/\\\/www.monaco-tribune.com\\\/it\\\/\",\"logo\":{\"@type\":\"ImageObject\",\"inLanguage\":\"it-IT\",\"@id\":\"https:\\\/\\\/www.monaco-tribune.com\\\/it\\\/#\\\/schema\\\/logo\\\/image\\\/\",\"url\":\"https:\\\/\\\/www.monaco-tribune.com\\\/wp-content\\\/uploads\\\/2022\\\/11\\\/logo-monaco-tribune.png\",\"contentUrl\":\"https:\\\/\\\/www.monaco-tribune.com\\\/wp-content\\\/uploads\\\/2022\\\/11\\\/logo-monaco-tribune.png\",\"width\":1548,\"height\":600,\"caption\":\"Monaco Tribune\"},\"image\":{\"@id\":\"https:\\\/\\\/www.monaco-tribune.com\\\/it\\\/#\\\/schema\\\/logo\\\/image\\\/\"},\"sameAs\":[\"https:\\\/\\\/www.facebook.com\\\/MonacoTribune\",\"https:\\\/\\\/x.com\\\/MonacoTribune\",\"https:\\\/\\\/www.instagram.com\\\/monacotribune\\\/\",\"https:\\\/\\\/www.linkedin.com\\\/company\\\/monaco-tribune\",\"https:\\\/\\\/www.youtube.com\\\/channel\\\/UCHle1MnG6hw1y4lWKijVbMA\"]},{\"@type\":\"Person\",\"@id\":\"https:\\\/\\\/www.monaco-tribune.com\\\/it\\\/#\\\/schema\\\/person\\\/330a3732947cf8cb41b2533a0eadd62e\",\"name\":\"Romain Boisaubert\",\"image\":{\"@type\":\"ImageObject\",\"inLanguage\":\"it-IT\",\"@id\":\"https:\\\/\\\/secure.gravatar.com\\\/avatar\\\/f8b90d41f1eabd1cbe4cf59e09d8db41a697d51919bf2dfe727589a24a4a4d54?s=96&d=mm&r=g\",\"url\":\"https:\\\/\\\/secure.gravatar.com\\\/avatar\\\/f8b90d41f1eabd1cbe4cf59e09d8db41a697d51919bf2dfe727589a24a4a4d54?s=96&d=mm&r=g\",\"contentUrl\":\"https:\\\/\\\/secure.gravatar.com\\\/avatar\\\/f8b90d41f1eabd1cbe4cf59e09d8db41a697d51919bf2dfe727589a24a4a4d54?s=96&d=mm&r=g\",\"caption\":\"Romain Boisaubert\"},\"description\":\"Test bio\",\"url\":\"https:\\\/\\\/www.monaco-tribune.com\\\/it\\\/author\\\/romain-boisaubert\\\/\"}]}<\/script>\n<!-- \/ Yoast SEO Premium plugin. -->","yoast_head_json":{"title":"AS Monaco: conoscete davvero la storia di Bouba?","description":"Non se n\u2019\u00e8 pi\u00f9 sentito parlare per molto tempo, ma Bouba, mascotte dell\u2019AS Monaco dai primi anni \u201970, ha fatto il suo grande ritorno nel 2016. Sebbene la","robots":{"index":"index","follow":"follow","max-snippet":"max-snippet:-1","max-image-preview":"max-image-preview:large","max-video-preview":"max-video-preview:-1"},"canonical":"https:\/\/www.monaco-tribune.com\/it\/2022\/10\/as-monaco-conoscete-davvero-la-storia-di-bouba\/","og_locale":"it_IT","og_type":"article","og_title":"AS Monaco: conoscete davvero la storia di Bouba? - Monaco Tribune","og_description":"Non se n\u2019\u00e8 pi\u00f9 sentito parlare per molto tempo, ma Bouba, mascotte dell\u2019AS Monaco dai primi anni \u201970, ha fatto il suo grande ritorno nel 2016. Sebbene la","og_url":"https:\/\/www.monaco-tribune.com\/it\/2022\/10\/as-monaco-conoscete-davvero-la-storia-di-bouba\/","og_site_name":"Monaco Tribune","article_publisher":"https:\/\/www.facebook.com\/MonacoTribune","article_published_time":"2022-10-06T08:55:53+00:00","article_modified_time":"2024-03-20T10:47:45+00:00","og_image":[{"width":1067,"height":658,"url":"https:\/\/www.monaco-tribune.com\/wp-content\/uploads\/2022\/09\/bouba.jpeg","type":"image\/jpeg"}],"author":"Romain Boisaubert","twitter_card":"summary_large_image","twitter_creator":"@MonacoTribune","twitter_site":"@MonacoTribune","schema":{"@context":"https:\/\/schema.org","@graph":[{"@type":"NewsArticle","@id":"https:\/\/www.monaco-tribune.com\/it\/2022\/10\/as-monaco-conoscete-davvero-la-storia-di-bouba\/#article","isPartOf":{"@id":"https:\/\/www.monaco-tribune.com\/it\/2022\/10\/as-monaco-conoscete-davvero-la-storia-di-bouba\/"},"author":{"name":"Romain Boisaubert","@id":"https:\/\/www.monaco-tribune.com\/it\/#\/schema\/person\/330a3732947cf8cb41b2533a0eadd62e"},"headline":"AS Monaco: conoscete davvero la storia di Bouba?","datePublished":"2022-10-06T08:55:53+00:00","dateModified":"2024-03-20T10:47:45+00:00","mainEntityOfPage":{"@id":"https:\/\/www.monaco-tribune.com\/it\/2022\/10\/as-monaco-conoscete-davvero-la-storia-di-bouba\/"},"wordCount":849,"publisher":{"@id":"https:\/\/www.monaco-tribune.com\/it\/#organization"},"image":{"@id":"https:\/\/www.monaco-tribune.com\/it\/2022\/10\/as-monaco-conoscete-davvero-la-storia-di-bouba\/#primaryimage"},"thumbnailUrl":"https:\/\/www.monaco-tribune.com\/wp-content\/uploads\/2022\/09\/bouba.jpeg","keywords":["AS Monaco"],"articleSection":["La nostra scelta","Notizie","Sport"],"inLanguage":"it-IT","copyrightYear":"2022","copyrightHolder":{"@id":"https:\/\/www.monaco-tribune.com\/#organization"}},{"@type":"WebPage","@id":"https:\/\/www.monaco-tribune.com\/it\/2022\/10\/as-monaco-conoscete-davvero-la-storia-di-bouba\/","url":"https:\/\/www.monaco-tribune.com\/it\/2022\/10\/as-monaco-conoscete-davvero-la-storia-di-bouba\/","name":"AS Monaco: conoscete davvero la storia di Bouba?","isPartOf":{"@id":"https:\/\/www.monaco-tribune.com\/it\/#website"},"primaryImageOfPage":{"@id":"https:\/\/www.monaco-tribune.com\/it\/2022\/10\/as-monaco-conoscete-davvero-la-storia-di-bouba\/#primaryimage"},"image":{"@id":"https:\/\/www.monaco-tribune.com\/it\/2022\/10\/as-monaco-conoscete-davvero-la-storia-di-bouba\/#primaryimage"},"thumbnailUrl":"https:\/\/www.monaco-tribune.com\/wp-content\/uploads\/2022\/09\/bouba.jpeg","datePublished":"2022-10-06T08:55:53+00:00","dateModified":"2024-03-20T10:47:45+00:00","description":"Non se n\u2019\u00e8 pi\u00f9 sentito parlare per molto tempo, ma Bouba, mascotte dell\u2019AS Monaco dai primi anni \u201970, ha fatto il suo grande ritorno nel 2016. Sebbene la","breadcrumb":{"@id":"https:\/\/www.monaco-tribune.com\/it\/2022\/10\/as-monaco-conoscete-davvero-la-storia-di-bouba\/#breadcrumb"},"inLanguage":"it-IT","potentialAction":[{"@type":"ReadAction","target":["https:\/\/www.monaco-tribune.com\/it\/2022\/10\/as-monaco-conoscete-davvero-la-storia-di-bouba\/"]}]},{"@type":"ImageObject","inLanguage":"it-IT","@id":"https:\/\/www.monaco-tribune.com\/it\/2022\/10\/as-monaco-conoscete-davvero-la-storia-di-bouba\/#primaryimage","url":"https:\/\/www.monaco-tribune.com\/wp-content\/uploads\/2022\/09\/bouba.jpeg","contentUrl":"https:\/\/www.monaco-tribune.com\/wp-content\/uploads\/2022\/09\/bouba.jpeg","width":1067,"height":658,"caption":"Bouba \u00a9 AS Monaco"},{"@type":"BreadcrumbList","@id":"https:\/\/www.monaco-tribune.com\/it\/2022\/10\/as-monaco-conoscete-davvero-la-storia-di-bouba\/#breadcrumb","itemListElement":[{"@type":"ListItem","position":1,"name":"Accueil","item":"https:\/\/www.monaco-tribune.com\/it\/"},{"@type":"ListItem","position":2,"name":"AS Monaco: conoscete davvero la storia di Bouba?"}]},{"@type":"WebSite","@id":"https:\/\/www.monaco-tribune.com\/it\/#website","url":"https:\/\/www.monaco-tribune.com\/it\/","name":"Monaco Tribune","description":"Monaco : actualit\u00e9s \u00e9conomiques, politiques, culturelles et sportives de Monaco et de la French Riviera.","publisher":{"@id":"https:\/\/www.monaco-tribune.com\/it\/#organization"},"potentialAction":[{"@type":"SearchAction","target":{"@type":"EntryPoint","urlTemplate":"https:\/\/www.monaco-tribune.com\/it\/?s={search_term_string}"},"query-input":{"@type":"PropertyValueSpecification","valueRequired":true,"valueName":"search_term_string"}}],"inLanguage":"it-IT"},{"@type":"Organization","@id":"https:\/\/www.monaco-tribune.com\/it\/#organization","name":"Monaco Tribune","url":"https:\/\/www.monaco-tribune.com\/it\/","logo":{"@type":"ImageObject","inLanguage":"it-IT","@id":"https:\/\/www.monaco-tribune.com\/it\/#\/schema\/logo\/image\/","url":"https:\/\/www.monaco-tribune.com\/wp-content\/uploads\/2022\/11\/logo-monaco-tribune.png","contentUrl":"https:\/\/www.monaco-tribune.com\/wp-content\/uploads\/2022\/11\/logo-monaco-tribune.png","width":1548,"height":600,"caption":"Monaco Tribune"},"image":{"@id":"https:\/\/www.monaco-tribune.com\/it\/#\/schema\/logo\/image\/"},"sameAs":["https:\/\/www.facebook.com\/MonacoTribune","https:\/\/x.com\/MonacoTribune","https:\/\/www.instagram.com\/monacotribune\/","https:\/\/www.linkedin.com\/company\/monaco-tribune","https:\/\/www.youtube.com\/channel\/UCHle1MnG6hw1y4lWKijVbMA"]},{"@type":"Person","@id":"https:\/\/www.monaco-tribune.com\/it\/#\/schema\/person\/330a3732947cf8cb41b2533a0eadd62e","name":"Romain Boisaubert","image":{"@type":"ImageObject","inLanguage":"it-IT","@id":"https:\/\/secure.gravatar.com\/avatar\/f8b90d41f1eabd1cbe4cf59e09d8db41a697d51919bf2dfe727589a24a4a4d54?s=96&d=mm&r=g","url":"https:\/\/secure.gravatar.com\/avatar\/f8b90d41f1eabd1cbe4cf59e09d8db41a697d51919bf2dfe727589a24a4a4d54?s=96&d=mm&r=g","contentUrl":"https:\/\/secure.gravatar.com\/avatar\/f8b90d41f1eabd1cbe4cf59e09d8db41a697d51919bf2dfe727589a24a4a4d54?s=96&d=mm&r=g","caption":"Romain Boisaubert"},"description":"Test bio","url":"https:\/\/www.monaco-tribune.com\/it\/author\/romain-boisaubert\/"}]}},"_links":{"self":[{"href":"https:\/\/www.monaco-tribune.com\/it\/wp-json\/wp\/v2\/posts\/144256","targetHints":{"allow":["GET"]}}],"collection":[{"href":"https:\/\/www.monaco-tribune.com\/it\/wp-json\/wp\/v2\/posts"}],"about":[{"href":"https:\/\/www.monaco-tribune.com\/it\/wp-json\/wp\/v2\/types\/post"}],"author":[{"embeddable":true,"href":"https:\/\/www.monaco-tribune.com\/it\/wp-json\/wp\/v2\/users\/24"}],"replies":[{"embeddable":true,"href":"https:\/\/www.monaco-tribune.com\/it\/wp-json\/wp\/v2\/comments?post=144256"}],"version-history":[{"count":2,"href":"https:\/\/www.monaco-tribune.com\/it\/wp-json\/wp\/v2\/posts\/144256\/revisions"}],"predecessor-version":[{"id":223393,"href":"https:\/\/www.monaco-tribune.com\/it\/wp-json\/wp\/v2\/posts\/144256\/revisions\/223393"}],"wp:featuredmedia":[{"embeddable":true,"href":"https:\/\/www.monaco-tribune.com\/it\/wp-json\/wp\/v2\/media\/138786"}],"wp:attachment":[{"href":"https:\/\/www.monaco-tribune.com\/it\/wp-json\/wp\/v2\/media?parent=144256"}],"wp:term":[{"taxonomy":"category","embeddable":true,"href":"https:\/\/www.monaco-tribune.com\/it\/wp-json\/wp\/v2\/categories?post=144256"},{"taxonomy":"post_tag","embeddable":true,"href":"https:\/\/www.monaco-tribune.com\/it\/wp-json\/wp\/v2\/tags?post=144256"},{"taxonomy":"sectag","embeddable":true,"href":"https:\/\/www.monaco-tribune.com\/it\/wp-json\/wp\/v2\/post_sectags?post=144256"},{"taxonomy":"format","embeddable":true,"href":"https:\/\/www.monaco-tribune.com\/it\/wp-json\/wp\/v2\/post_format?post=144256"}],"curies":[{"name":"wp","href":"https:\/\/api.w.org\/{rel}","templated":true}]}}