{"id":144450,"date":"2022-10-06T18:51:35","date_gmt":"2022-10-06T16:51:35","guid":{"rendered":"https:\/\/www.monaco-tribune.com\/2022\/10\/accademia-delle-lingue-dialettali-studiare-e-conservare-la-lingua-monegasca\/"},"modified":"2022-10-06T19:04:04","modified_gmt":"2022-10-06T17:04:04","slug":"accademia-delle-lingue-dialettali-studiare-e-conservare-la-lingua-monegasca","status":"publish","type":"post","link":"https:\/\/www.monaco-tribune.com\/it\/2022\/10\/accademia-delle-lingue-dialettali-studiare-e-conservare-la-lingua-monegasca\/","title":{"rendered":"Accademia delle lingue dialettali: studiare e conservare la lingua monegasca"},"content":{"rendered":"\n<p><strong>Il presidente dell&#8217;Accademia Claude Passet vorrebbe far avvicinare le nuove generazioni alla lingua di Monaco.<\/strong><\/p>\n\n\n<div class=\"wp-block-image\">\n<figure class=\"alignright size-large is-resized\"><img loading=\"lazy\" decoding=\"async\" src=\"https:\/\/www.monaco-tribune.com\/wp-content\/uploads\/2022\/09\/claude-passet-academie-langues-dialectales-1-768x1024.jpg\" alt=\"claude-passet-accademia-lingue-dialettali\" class=\"wp-image-143909\" width=\"508\" height=\"677\" srcset=\"https:\/\/www.monaco-tribune.com\/wp-content\/uploads\/2022\/09\/claude-passet-academie-langues-dialectales-1-768x1024.jpg 768w, https:\/\/www.monaco-tribune.com\/wp-content\/uploads\/2022\/09\/claude-passet-academie-langues-dialectales-1-225x300.jpg 225w, https:\/\/www.monaco-tribune.com\/wp-content\/uploads\/2022\/09\/claude-passet-academie-langues-dialectales-1.jpg 1020w\" sizes=\"auto, (max-width: 508px) 100vw, 508px\" \/><figcaption><em>Claude Passet &#8211; DR<\/em><\/figcaption><\/figure>\n<\/div>\n\n\n<p>\u201cCi\u00f2 che garantisce l\u2019originalit\u00e0 di un popolo \u00e8 la sua lingua: eliminarla vuol dire distruggere tale originalit\u00e0\u201d. Con queste parole, il 15 maggio 1982, il Principe Ranieri III ha inaugurato l\u2019Accademia delle lingue dialettali. Bench\u00e9 quest\u2019ultima sia stata fondata 40 anni fa, le origini della sua creazione risalgono a quasi un secolo fa.<\/p>\n\n\n\n<p>Tutto ebbe inizio nel 1924. Con lo scopo di preservare le tradizioni del Principato, un gruppo di monegaschi aveva avuto l\u2019idea di creare il Comitato nazionale delle tradizioni monegasche. L\u2019obiettivo era conservare parti importanti della cultura e del patrimonio di Monaco come Santa Devota e San Romano. \u201cGi\u00e0 nel 1924 si pensava che molte tradizioni stessero pian piano scomparendo\u201d, ha spiegato con un sorriso Claude Passet, presidente dell\u2019Accademia delle lingue dialettali.<\/p>\n\n\n\n<p>Nonostante l\u2019atto istitutivo del Comitato prevedesse espressamente la creazione di una commissione della lingua monegasca, quest\u2019ultima non aveva mai visto la luce. Ci sono voluti quasi 60 anni prima che l\u2019Accademia delle lingue dialettali fosse istituita nel 1982. Ma nel frattempo nomi importanti, non di linguisti ma di appassionati della lingua, avevano iniziato a codificare il monegasco.<\/p>\n\n\n\n<p>\u201cNel 1927 i membri del Comitato delle tradizioni avevano chiesto a Louis Notari, che parlava molto bene il monegasco, di scrivere <em>La leggenda di Santa Devota<\/em>. Lui l\u2019aveva scritta e aveva raccolto una serie di parole antiche, interrogando i monegaschi, per poi metterle insieme e realizzare un vocabolario e un saggio di grammatica pubblicati nel 1927\u201d, ha raccontato Claude Passet. \u201cNel 1947 Robert Arveiller, ex insegnante di scuola superiore, \u00a0aveva scritto una tesi sul monegasco, ovvero il primo lavoro meramente linguistico sulla lingua monegasca. Vent\u2019anni dopo il Comitato voleva studiare la lingua e aveva perci\u00f2 riunito accademici di diversi Paesi i quali organizzavano vari convegni. Successivamente nel 1981 il Comitato si \u00e8 reso conto di stare girando intorno alla questione e ha pertanto creato ci\u00f2 che era previsto gi\u00e0 dal 1924, ossia un\u2019organizzazione che studiasse la lingua monegasca e le lingue latine\u201d.<\/p>\n\n\n\n<p><strong>LEGGI ANCHE: <a href=\"https:\/\/www.monaco-tribune.com\/it\/2022\/06\/i-libri-migliori-per-imparare-il-monegasco\/\">I libri migliori per imparare il monegasco<\/a><\/strong><\/p>\n\n\n\n<h2 class=\"wp-block-heading\" id=\"h-il-monegasco-una-lingua-prima-vietata\">Il monegasco, una lingua prima vietata<\/h2>\n\n\n\n<p>L\u2019Accademia, presieduta prima da Robert Boisson, poi da Ren\u00e9 Novella e da Paulette Cherici-Porello, oggi \u00e8 diretta da Claude Passet. I membri, provenienti da sette Paesi e una quindicina di universit\u00e0, organizzano un convengo ogni tre anni. L\u2019obiettivo \u00e8 studiare e comprendere le origini delle lingue latine, incluso il monegasco. \u201cLe lingue evolvono e il monegasco ha origine dalle lingue liguri\u201d, ha sottolineato Claude, che mette la sede dell\u2019Accademia a disposizione del Comitato delle tradizioni per offrire corsi di monegasco.<\/p>\n\n\n\n<p>Oggi la lingua monegasca viene insegnata nelle scuole. Ironia della sorte, quando Claude Passet andava a scuola era vietato parlare la lingua che ora tanto difende. \u201cLa mia generazione non ha imparato il monegasco in classe. Ai miei tempi era vietato parlarlo a scuola perch\u00e9 era considerato una lingua volgare e popolare. Quante volte ho dovuto scrivere la frase \u2018Non devo parlare in dialetto\u2019. Negli anni \u201860-\u201870 a Monaco-Ville la gente parlava monegasco per strada e i bambini, come me, lo imparavano cos\u00ec\u201d.<\/p>\n\n\n\n<p>Dal 1973, grazie al canonico Georges Franzi, l\u2019insegnamento del monegasco \u00e8 obbligatorio fino al quarto anno di scuola media. Ma per Claude Passet questo risultato, bench\u00e9 positivo, non \u00e8 ancora sufficiente. \u201cSono solo due ore al mese\u201d, ha affermato con sconforto. \u201cNon \u00e8 molto. Vengono insegnate solo due ore di storia del Principato e due ore di monegasco. [\u2026] \u00c8 un peccato che gli studenti lo imparino come una vera e propria materia, come il latino, e non lo parlino fuori scuola. Ma \u00e8 gi\u00e0 una conquista che sappiano dell\u2019esistenza di questa lingua e che la parlino in cortile. [\u2026] Lo stesso discorso vale per il concorso di lingua monegasca: gli studenti scrivono brevi testi in lingua, che per\u00f2 non vengono pubblicati. \u00c8 un peccato perch\u00e9 dovrebbero esserlo!\u201d.<\/p>\n\n\n\n<p><strong>GUARDA ANCHE: <a href=\"https:\/\/www.monaco-tribune.com\/it\/2021\/12\/video-le-basi-della-lingua-monegasca-in-3-minuti\/\">VIDEO. Le basi della lingua monegasca in 3 minuti<\/a><\/strong><\/p>\n\n\n\n<h2 class=\"wp-block-heading\" id=\"h-conservare-la-cultura-e-l-identita-di-monaco\">Conservare la cultura e l\u2019identit\u00e0 di Monaco<\/h2>\n\n\n\n<p>Claude Passet vorrebbe dare un nuovo slancio all\u2019Accademia. \u201cLa commissione della lingua monegasca avrebbe dovuto creare un dizionario francese-monegasco, che non \u00e8 mai stato realizzato. Vorrei rilanciare questo progetto, oltre che portare nuove risorse in Accademia. Ci sono stati vari tentativi di attirare i pi\u00f9 giovani. Ad esempio, l\u2019Accademia della musica ha provato a formare un coro che cantasse in monegasco, ma \u00e8 durato solo un anno. Si parlava anche di aprire un bistrot monegasco in cui le persone potessero incontrarsi per parlare in monegasco, ma il Covid ha interrotto il progetto. Sarebbe bello farlo ripartire. Se vogliamo che la lingua continui a esistere, anche se non \u00e8 perfetta ed elegante, dobbiamo parlarla\u201d.<\/p>\n\n\n\n<p>Per Claude, cos\u00ec come per l\u2019Accademia, preservare le lingue regionali (all\u2019interno e all\u2019esterno del Principato) \u00e8 importante per pi\u00f9 motivi. \u201cDobbiamo fare in modo che la lingua non vada persa: la lingua fa parte della cultura e dell\u2019identit\u00e0 di un Paese. Se si perde la propria lingua, si perde anche un po\u2019 della propria identit\u00e0\u201d, ha commentato ricordando che in passato il monegasco aveva varie sfumature.<\/p>\n\n\n\n<p><strong>LEGGI ANCHE: <a href=\"https:\/\/www.monaco-tribune.com\/it\/2021\/11\/il-monegasco-semplice-dialetto-o-patrimonio-culturale-ecco-le-vostre-opinioni-e-i-vostri-ricordi\/\">Il monegasco: semplice dialetto o patrimonio culturale? Ecco le vostre opinioni e i vostri ricordi<\/a><\/strong><\/p>\n\n\n\n<p>\u201cA Monaco non c\u2019era solo una ma PI\u00d9 lingue monegasche: il monegasco di Monaco-Ville, quello parlato alla Condamine e quello di Saint-Roman, pi\u00f9 popolare e vicino al provenzale di Roquebrune e Mentone. [\u2026] Oggi il monegasco \u00e8 una lingua silenziosa che si parla solo tra i banchi di scuola. Ma una lingua solo parlata corre dei rischi\u201d.<\/p>\n\n\n\n<p>Eppure Claude Passet non si perde d\u2019animo: tra convegni, pubblicazioni e progetti futuri spera che le nuove generazioni riscoprano poco a poco la voglia di imparare questa lingua che, lungi dall\u2019essere un semplice dialetto, \u00e8 parte integrante del patrimonio storico-culturale del Principato. Riprendendo ancora una volta le parole del Principe Ranieri III: \u201cfar morire una lingua significa offuscare per sempre l\u2019essenza di un popolo e rinunciare definitivamente a una delle eredit\u00e0 pi\u00f9 preziose del suo passato\u201d.<\/p>\n","protected":false},"excerpt":{"rendered":"<p>Il presidente dell&#8217;Accademia Claude Passet vorrebbe far avvicinare le nuove generazioni alla lingua di Monaco. \u201cCi\u00f2 che garantisce l\u2019originalit\u00e0 di [&hellip;]<\/p>\n","protected":false},"author":60,"featured_media":97255,"comment_status":"closed","ping_status":"closed","sticky":false,"template":"","format":"standard","meta":{"_acf_changed":false,"footnotes":""},"categories":[1826,1738,1752],"tags":[],"post_sectags":[],"post_format":[2476],"class_list":["post-144450","post","type-post","status-publish","format-standard","has-post-thumbnail","hentry","category-la-nostra-scelta","category-notizie","category-societa","format-intervista"],"acf":[],"yoast_head":"<!-- This site is optimized with the Yoast SEO Premium plugin v26.8 (Yoast SEO v27.4) - https:\/\/yoast.com\/product\/yoast-seo-premium-wordpress\/ -->\n<title>Accademia delle lingue dialettali: studiare e conservare la lingua monegasca<\/title>\n<meta name=\"description\" content=\"Il presidente dell&#039;Accademia Claude Passet vorrebbe far avvicinare le nuove generazioni alla lingua di Monaco. Claude Passet - DR \u201cCi\u00f2 che garantisce\" \/>\n<meta name=\"robots\" content=\"index, follow, max-snippet:-1, max-image-preview:large, max-video-preview:-1\" \/>\n<link rel=\"canonical\" href=\"https:\/\/www.monaco-tribune.com\/it\/2022\/10\/accademia-delle-lingue-dialettali-studiare-e-conservare-la-lingua-monegasca\/\" \/>\n<meta property=\"og:locale\" content=\"it_IT\" \/>\n<meta property=\"og:type\" content=\"article\" \/>\n<meta property=\"og:title\" content=\"Accademia delle lingue dialettali: studiare e conservare la lingua monegasca - Monaco Tribune\" \/>\n<meta property=\"og:description\" content=\"Il presidente dell&#039;Accademia Claude Passet vorrebbe far avvicinare le nuove generazioni alla lingua di Monaco. Claude Passet - DR \u201cCi\u00f2 che garantisce\" \/>\n<meta property=\"og:url\" content=\"https:\/\/www.monaco-tribune.com\/it\/2022\/10\/accademia-delle-lingue-dialettali-studiare-e-conservare-la-lingua-monegasca\/\" \/>\n<meta property=\"og:site_name\" content=\"Monaco Tribune\" \/>\n<meta property=\"article:publisher\" content=\"https:\/\/www.facebook.com\/MonacoTribune\" \/>\n<meta property=\"article:published_time\" content=\"2022-10-06T16:51:35+00:00\" \/>\n<meta property=\"article:modified_time\" content=\"2022-10-06T17:04:04+00:00\" \/>\n<meta property=\"og:image\" content=\"https:\/\/www.monaco-tribune.com\/wp-content\/uploads\/2021\/10\/langue-mone\u0301gasque.jpeg\" \/>\n\t<meta property=\"og:image:width\" content=\"1200\" \/>\n\t<meta property=\"og:image:height\" content=\"800\" \/>\n\t<meta property=\"og:image:type\" content=\"image\/jpeg\" \/>\n<meta name=\"author\" content=\"Camille Esteve\" \/>\n<meta name=\"twitter:card\" content=\"summary_large_image\" \/>\n<meta name=\"twitter:creator\" content=\"@MonacoTribune\" \/>\n<meta name=\"twitter:site\" content=\"@MonacoTribune\" \/>\n<script type=\"application\/ld+json\" class=\"yoast-schema-graph\">{\"@context\":\"https:\\\/\\\/schema.org\",\"@graph\":[{\"@type\":\"NewsArticle\",\"@id\":\"https:\\\/\\\/www.monaco-tribune.com\\\/it\\\/2022\\\/10\\\/accademia-delle-lingue-dialettali-studiare-e-conservare-la-lingua-monegasca\\\/#article\",\"isPartOf\":{\"@id\":\"https:\\\/\\\/www.monaco-tribune.com\\\/it\\\/2022\\\/10\\\/accademia-delle-lingue-dialettali-studiare-e-conservare-la-lingua-monegasca\\\/\"},\"author\":{\"name\":\"Camille Esteve\",\"@id\":\"https:\\\/\\\/www.monaco-tribune.com\\\/it\\\/#\\\/schema\\\/person\\\/a855d420fff4d03637641d60b93ac62e\"},\"headline\":\"Accademia delle lingue dialettali: studiare e conservare la lingua monegasca\",\"datePublished\":\"2022-10-06T16:51:35+00:00\",\"dateModified\":\"2022-10-06T17:04:04+00:00\",\"mainEntityOfPage\":{\"@id\":\"https:\\\/\\\/www.monaco-tribune.com\\\/it\\\/2022\\\/10\\\/accademia-delle-lingue-dialettali-studiare-e-conservare-la-lingua-monegasca\\\/\"},\"wordCount\":1001,\"publisher\":{\"@id\":\"https:\\\/\\\/www.monaco-tribune.com\\\/it\\\/#organization\"},\"image\":{\"@id\":\"https:\\\/\\\/www.monaco-tribune.com\\\/it\\\/2022\\\/10\\\/accademia-delle-lingue-dialettali-studiare-e-conservare-la-lingua-monegasca\\\/#primaryimage\"},\"thumbnailUrl\":\"https:\\\/\\\/www.monaco-tribune.com\\\/wp-content\\\/uploads\\\/2021\\\/10\\\/langue-mone\u0301gasque.jpeg\",\"articleSection\":[\"La nostra scelta\",\"Notizie\",\"Societ\u00e0\"],\"inLanguage\":\"it-IT\",\"copyrightYear\":\"2022\",\"copyrightHolder\":{\"@id\":\"https:\\\/\\\/www.monaco-tribune.com\\\/#organization\"}},{\"@type\":\"WebPage\",\"@id\":\"https:\\\/\\\/www.monaco-tribune.com\\\/it\\\/2022\\\/10\\\/accademia-delle-lingue-dialettali-studiare-e-conservare-la-lingua-monegasca\\\/\",\"url\":\"https:\\\/\\\/www.monaco-tribune.com\\\/it\\\/2022\\\/10\\\/accademia-delle-lingue-dialettali-studiare-e-conservare-la-lingua-monegasca\\\/\",\"name\":\"Accademia delle lingue dialettali: studiare e conservare la lingua monegasca\",\"isPartOf\":{\"@id\":\"https:\\\/\\\/www.monaco-tribune.com\\\/it\\\/#website\"},\"primaryImageOfPage\":{\"@id\":\"https:\\\/\\\/www.monaco-tribune.com\\\/it\\\/2022\\\/10\\\/accademia-delle-lingue-dialettali-studiare-e-conservare-la-lingua-monegasca\\\/#primaryimage\"},\"image\":{\"@id\":\"https:\\\/\\\/www.monaco-tribune.com\\\/it\\\/2022\\\/10\\\/accademia-delle-lingue-dialettali-studiare-e-conservare-la-lingua-monegasca\\\/#primaryimage\"},\"thumbnailUrl\":\"https:\\\/\\\/www.monaco-tribune.com\\\/wp-content\\\/uploads\\\/2021\\\/10\\\/langue-mone\u0301gasque.jpeg\",\"datePublished\":\"2022-10-06T16:51:35+00:00\",\"dateModified\":\"2022-10-06T17:04:04+00:00\",\"description\":\"Il presidente dell'Accademia Claude Passet vorrebbe far avvicinare le nuove generazioni alla lingua di Monaco. Claude Passet - DR \u201cCi\u00f2 che garantisce\",\"breadcrumb\":{\"@id\":\"https:\\\/\\\/www.monaco-tribune.com\\\/it\\\/2022\\\/10\\\/accademia-delle-lingue-dialettali-studiare-e-conservare-la-lingua-monegasca\\\/#breadcrumb\"},\"inLanguage\":\"it-IT\",\"potentialAction\":[{\"@type\":\"ReadAction\",\"target\":[\"https:\\\/\\\/www.monaco-tribune.com\\\/it\\\/2022\\\/10\\\/accademia-delle-lingue-dialettali-studiare-e-conservare-la-lingua-monegasca\\\/\"]}]},{\"@type\":\"ImageObject\",\"inLanguage\":\"it-IT\",\"@id\":\"https:\\\/\\\/www.monaco-tribune.com\\\/it\\\/2022\\\/10\\\/accademia-delle-lingue-dialettali-studiare-e-conservare-la-lingua-monegasca\\\/#primaryimage\",\"url\":\"https:\\\/\\\/www.monaco-tribune.com\\\/wp-content\\\/uploads\\\/2021\\\/10\\\/langue-mone\u0301gasque.jpeg\",\"contentUrl\":\"https:\\\/\\\/www.monaco-tribune.com\\\/wp-content\\\/uploads\\\/2021\\\/10\\\/langue-mone\u0301gasque.jpeg\",\"width\":1200,\"height\":800,\"caption\":\"J. P\u00e9rez Soriano (Pepetps)\"},{\"@type\":\"BreadcrumbList\",\"@id\":\"https:\\\/\\\/www.monaco-tribune.com\\\/it\\\/2022\\\/10\\\/accademia-delle-lingue-dialettali-studiare-e-conservare-la-lingua-monegasca\\\/#breadcrumb\",\"itemListElement\":[{\"@type\":\"ListItem\",\"position\":1,\"name\":\"Accueil\",\"item\":\"https:\\\/\\\/www.monaco-tribune.com\\\/it\\\/\"},{\"@type\":\"ListItem\",\"position\":2,\"name\":\"Accademia delle lingue dialettali: studiare e conservare la lingua monegasca\"}]},{\"@type\":\"WebSite\",\"@id\":\"https:\\\/\\\/www.monaco-tribune.com\\\/it\\\/#website\",\"url\":\"https:\\\/\\\/www.monaco-tribune.com\\\/it\\\/\",\"name\":\"Monaco Tribune\",\"description\":\"Monaco : actualit\u00e9s \u00e9conomiques, politiques, culturelles et sportives de Monaco et de la French Riviera.\",\"publisher\":{\"@id\":\"https:\\\/\\\/www.monaco-tribune.com\\\/it\\\/#organization\"},\"potentialAction\":[{\"@type\":\"SearchAction\",\"target\":{\"@type\":\"EntryPoint\",\"urlTemplate\":\"https:\\\/\\\/www.monaco-tribune.com\\\/it\\\/?s={search_term_string}\"},\"query-input\":{\"@type\":\"PropertyValueSpecification\",\"valueRequired\":true,\"valueName\":\"search_term_string\"}}],\"inLanguage\":\"it-IT\"},{\"@type\":\"Organization\",\"@id\":\"https:\\\/\\\/www.monaco-tribune.com\\\/it\\\/#organization\",\"name\":\"Monaco Tribune\",\"url\":\"https:\\\/\\\/www.monaco-tribune.com\\\/it\\\/\",\"logo\":{\"@type\":\"ImageObject\",\"inLanguage\":\"it-IT\",\"@id\":\"https:\\\/\\\/www.monaco-tribune.com\\\/it\\\/#\\\/schema\\\/logo\\\/image\\\/\",\"url\":\"https:\\\/\\\/www.monaco-tribune.com\\\/wp-content\\\/uploads\\\/2022\\\/11\\\/logo-monaco-tribune.png\",\"contentUrl\":\"https:\\\/\\\/www.monaco-tribune.com\\\/wp-content\\\/uploads\\\/2022\\\/11\\\/logo-monaco-tribune.png\",\"width\":1548,\"height\":600,\"caption\":\"Monaco Tribune\"},\"image\":{\"@id\":\"https:\\\/\\\/www.monaco-tribune.com\\\/it\\\/#\\\/schema\\\/logo\\\/image\\\/\"},\"sameAs\":[\"https:\\\/\\\/www.facebook.com\\\/MonacoTribune\",\"https:\\\/\\\/x.com\\\/MonacoTribune\",\"https:\\\/\\\/www.instagram.com\\\/monacotribune\\\/\",\"https:\\\/\\\/www.linkedin.com\\\/company\\\/monaco-tribune\",\"https:\\\/\\\/www.youtube.com\\\/channel\\\/UCHle1MnG6hw1y4lWKijVbMA\"]},{\"@type\":\"Person\",\"@id\":\"https:\\\/\\\/www.monaco-tribune.com\\\/it\\\/#\\\/schema\\\/person\\\/a855d420fff4d03637641d60b93ac62e\",\"name\":\"Camille Esteve\",\"image\":{\"@type\":\"ImageObject\",\"inLanguage\":\"it-IT\",\"@id\":\"https:\\\/\\\/secure.gravatar.com\\\/avatar\\\/eaaa2355a7bb56c0018a391c20a55bf9b4690e3f493231dd850e612bfa6ce161?s=96&d=mm&r=g\",\"url\":\"https:\\\/\\\/secure.gravatar.com\\\/avatar\\\/eaaa2355a7bb56c0018a391c20a55bf9b4690e3f493231dd850e612bfa6ce161?s=96&d=mm&r=g\",\"contentUrl\":\"https:\\\/\\\/secure.gravatar.com\\\/avatar\\\/eaaa2355a7bb56c0018a391c20a55bf9b4690e3f493231dd850e612bfa6ce161?s=96&d=mm&r=g\",\"caption\":\"Camille Esteve\"},\"url\":\"https:\\\/\\\/www.monaco-tribune.com\\\/it\\\/author\\\/camilleesteve\\\/\"}]}<\/script>\n<!-- \/ Yoast SEO Premium plugin. -->","yoast_head_json":{"title":"Accademia delle lingue dialettali: studiare e conservare la lingua monegasca","description":"Il presidente dell'Accademia Claude Passet vorrebbe far avvicinare le nuove generazioni alla lingua di Monaco. Claude Passet - DR \u201cCi\u00f2 che garantisce","robots":{"index":"index","follow":"follow","max-snippet":"max-snippet:-1","max-image-preview":"max-image-preview:large","max-video-preview":"max-video-preview:-1"},"canonical":"https:\/\/www.monaco-tribune.com\/it\/2022\/10\/accademia-delle-lingue-dialettali-studiare-e-conservare-la-lingua-monegasca\/","og_locale":"it_IT","og_type":"article","og_title":"Accademia delle lingue dialettali: studiare e conservare la lingua monegasca - Monaco Tribune","og_description":"Il presidente dell'Accademia Claude Passet vorrebbe far avvicinare le nuove generazioni alla lingua di Monaco. Claude Passet - DR \u201cCi\u00f2 che garantisce","og_url":"https:\/\/www.monaco-tribune.com\/it\/2022\/10\/accademia-delle-lingue-dialettali-studiare-e-conservare-la-lingua-monegasca\/","og_site_name":"Monaco Tribune","article_publisher":"https:\/\/www.facebook.com\/MonacoTribune","article_published_time":"2022-10-06T16:51:35+00:00","article_modified_time":"2022-10-06T17:04:04+00:00","og_image":[{"width":1200,"height":800,"url":"https:\/\/www.monaco-tribune.com\/wp-content\/uploads\/2021\/10\/langue-mone\u0301gasque.jpeg","type":"image\/jpeg"}],"author":"Camille Esteve","twitter_card":"summary_large_image","twitter_creator":"@MonacoTribune","twitter_site":"@MonacoTribune","schema":{"@context":"https:\/\/schema.org","@graph":[{"@type":"NewsArticle","@id":"https:\/\/www.monaco-tribune.com\/it\/2022\/10\/accademia-delle-lingue-dialettali-studiare-e-conservare-la-lingua-monegasca\/#article","isPartOf":{"@id":"https:\/\/www.monaco-tribune.com\/it\/2022\/10\/accademia-delle-lingue-dialettali-studiare-e-conservare-la-lingua-monegasca\/"},"author":{"name":"Camille Esteve","@id":"https:\/\/www.monaco-tribune.com\/it\/#\/schema\/person\/a855d420fff4d03637641d60b93ac62e"},"headline":"Accademia delle lingue dialettali: studiare e conservare la lingua monegasca","datePublished":"2022-10-06T16:51:35+00:00","dateModified":"2022-10-06T17:04:04+00:00","mainEntityOfPage":{"@id":"https:\/\/www.monaco-tribune.com\/it\/2022\/10\/accademia-delle-lingue-dialettali-studiare-e-conservare-la-lingua-monegasca\/"},"wordCount":1001,"publisher":{"@id":"https:\/\/www.monaco-tribune.com\/it\/#organization"},"image":{"@id":"https:\/\/www.monaco-tribune.com\/it\/2022\/10\/accademia-delle-lingue-dialettali-studiare-e-conservare-la-lingua-monegasca\/#primaryimage"},"thumbnailUrl":"https:\/\/www.monaco-tribune.com\/wp-content\/uploads\/2021\/10\/langue-mone\u0301gasque.jpeg","articleSection":["La nostra scelta","Notizie","Societ\u00e0"],"inLanguage":"it-IT","copyrightYear":"2022","copyrightHolder":{"@id":"https:\/\/www.monaco-tribune.com\/#organization"}},{"@type":"WebPage","@id":"https:\/\/www.monaco-tribune.com\/it\/2022\/10\/accademia-delle-lingue-dialettali-studiare-e-conservare-la-lingua-monegasca\/","url":"https:\/\/www.monaco-tribune.com\/it\/2022\/10\/accademia-delle-lingue-dialettali-studiare-e-conservare-la-lingua-monegasca\/","name":"Accademia delle lingue dialettali: studiare e conservare la lingua monegasca","isPartOf":{"@id":"https:\/\/www.monaco-tribune.com\/it\/#website"},"primaryImageOfPage":{"@id":"https:\/\/www.monaco-tribune.com\/it\/2022\/10\/accademia-delle-lingue-dialettali-studiare-e-conservare-la-lingua-monegasca\/#primaryimage"},"image":{"@id":"https:\/\/www.monaco-tribune.com\/it\/2022\/10\/accademia-delle-lingue-dialettali-studiare-e-conservare-la-lingua-monegasca\/#primaryimage"},"thumbnailUrl":"https:\/\/www.monaco-tribune.com\/wp-content\/uploads\/2021\/10\/langue-mone\u0301gasque.jpeg","datePublished":"2022-10-06T16:51:35+00:00","dateModified":"2022-10-06T17:04:04+00:00","description":"Il presidente dell'Accademia Claude Passet vorrebbe far avvicinare le nuove generazioni alla lingua di Monaco. Claude Passet - DR \u201cCi\u00f2 che garantisce","breadcrumb":{"@id":"https:\/\/www.monaco-tribune.com\/it\/2022\/10\/accademia-delle-lingue-dialettali-studiare-e-conservare-la-lingua-monegasca\/#breadcrumb"},"inLanguage":"it-IT","potentialAction":[{"@type":"ReadAction","target":["https:\/\/www.monaco-tribune.com\/it\/2022\/10\/accademia-delle-lingue-dialettali-studiare-e-conservare-la-lingua-monegasca\/"]}]},{"@type":"ImageObject","inLanguage":"it-IT","@id":"https:\/\/www.monaco-tribune.com\/it\/2022\/10\/accademia-delle-lingue-dialettali-studiare-e-conservare-la-lingua-monegasca\/#primaryimage","url":"https:\/\/www.monaco-tribune.com\/wp-content\/uploads\/2021\/10\/langue-mone\u0301gasque.jpeg","contentUrl":"https:\/\/www.monaco-tribune.com\/wp-content\/uploads\/2021\/10\/langue-mone\u0301gasque.jpeg","width":1200,"height":800,"caption":"J. P\u00e9rez Soriano (Pepetps)"},{"@type":"BreadcrumbList","@id":"https:\/\/www.monaco-tribune.com\/it\/2022\/10\/accademia-delle-lingue-dialettali-studiare-e-conservare-la-lingua-monegasca\/#breadcrumb","itemListElement":[{"@type":"ListItem","position":1,"name":"Accueil","item":"https:\/\/www.monaco-tribune.com\/it\/"},{"@type":"ListItem","position":2,"name":"Accademia delle lingue dialettali: studiare e conservare la lingua monegasca"}]},{"@type":"WebSite","@id":"https:\/\/www.monaco-tribune.com\/it\/#website","url":"https:\/\/www.monaco-tribune.com\/it\/","name":"Monaco Tribune","description":"Monaco : actualit\u00e9s \u00e9conomiques, politiques, culturelles et sportives de Monaco et de la French Riviera.","publisher":{"@id":"https:\/\/www.monaco-tribune.com\/it\/#organization"},"potentialAction":[{"@type":"SearchAction","target":{"@type":"EntryPoint","urlTemplate":"https:\/\/www.monaco-tribune.com\/it\/?s={search_term_string}"},"query-input":{"@type":"PropertyValueSpecification","valueRequired":true,"valueName":"search_term_string"}}],"inLanguage":"it-IT"},{"@type":"Organization","@id":"https:\/\/www.monaco-tribune.com\/it\/#organization","name":"Monaco Tribune","url":"https:\/\/www.monaco-tribune.com\/it\/","logo":{"@type":"ImageObject","inLanguage":"it-IT","@id":"https:\/\/www.monaco-tribune.com\/it\/#\/schema\/logo\/image\/","url":"https:\/\/www.monaco-tribune.com\/wp-content\/uploads\/2022\/11\/logo-monaco-tribune.png","contentUrl":"https:\/\/www.monaco-tribune.com\/wp-content\/uploads\/2022\/11\/logo-monaco-tribune.png","width":1548,"height":600,"caption":"Monaco Tribune"},"image":{"@id":"https:\/\/www.monaco-tribune.com\/it\/#\/schema\/logo\/image\/"},"sameAs":["https:\/\/www.facebook.com\/MonacoTribune","https:\/\/x.com\/MonacoTribune","https:\/\/www.instagram.com\/monacotribune\/","https:\/\/www.linkedin.com\/company\/monaco-tribune","https:\/\/www.youtube.com\/channel\/UCHle1MnG6hw1y4lWKijVbMA"]},{"@type":"Person","@id":"https:\/\/www.monaco-tribune.com\/it\/#\/schema\/person\/a855d420fff4d03637641d60b93ac62e","name":"Camille Esteve","image":{"@type":"ImageObject","inLanguage":"it-IT","@id":"https:\/\/secure.gravatar.com\/avatar\/eaaa2355a7bb56c0018a391c20a55bf9b4690e3f493231dd850e612bfa6ce161?s=96&d=mm&r=g","url":"https:\/\/secure.gravatar.com\/avatar\/eaaa2355a7bb56c0018a391c20a55bf9b4690e3f493231dd850e612bfa6ce161?s=96&d=mm&r=g","contentUrl":"https:\/\/secure.gravatar.com\/avatar\/eaaa2355a7bb56c0018a391c20a55bf9b4690e3f493231dd850e612bfa6ce161?s=96&d=mm&r=g","caption":"Camille Esteve"},"url":"https:\/\/www.monaco-tribune.com\/it\/author\/camilleesteve\/"}]}},"_links":{"self":[{"href":"https:\/\/www.monaco-tribune.com\/it\/wp-json\/wp\/v2\/posts\/144450","targetHints":{"allow":["GET"]}}],"collection":[{"href":"https:\/\/www.monaco-tribune.com\/it\/wp-json\/wp\/v2\/posts"}],"about":[{"href":"https:\/\/www.monaco-tribune.com\/it\/wp-json\/wp\/v2\/types\/post"}],"author":[{"embeddable":true,"href":"https:\/\/www.monaco-tribune.com\/it\/wp-json\/wp\/v2\/users\/60"}],"replies":[{"embeddable":true,"href":"https:\/\/www.monaco-tribune.com\/it\/wp-json\/wp\/v2\/comments?post=144450"}],"version-history":[{"count":0,"href":"https:\/\/www.monaco-tribune.com\/it\/wp-json\/wp\/v2\/posts\/144450\/revisions"}],"wp:featuredmedia":[{"embeddable":true,"href":"https:\/\/www.monaco-tribune.com\/it\/wp-json\/wp\/v2\/media\/97255"}],"wp:attachment":[{"href":"https:\/\/www.monaco-tribune.com\/it\/wp-json\/wp\/v2\/media?parent=144450"}],"wp:term":[{"taxonomy":"category","embeddable":true,"href":"https:\/\/www.monaco-tribune.com\/it\/wp-json\/wp\/v2\/categories?post=144450"},{"taxonomy":"post_tag","embeddable":true,"href":"https:\/\/www.monaco-tribune.com\/it\/wp-json\/wp\/v2\/tags?post=144450"},{"taxonomy":"sectag","embeddable":true,"href":"https:\/\/www.monaco-tribune.com\/it\/wp-json\/wp\/v2\/post_sectags?post=144450"},{"taxonomy":"format","embeddable":true,"href":"https:\/\/www.monaco-tribune.com\/it\/wp-json\/wp\/v2\/post_format?post=144450"}],"curies":[{"name":"wp","href":"https:\/\/api.w.org\/{rel}","templated":true}]}}