{"id":145094,"date":"2022-10-11T18:07:04","date_gmt":"2022-10-11T16:07:04","guid":{"rendered":"https:\/\/www.monaco-tribune.com\/2022\/10\/dietro-le-quinte-dei-palchi-piu-famosi-di-monaco\/"},"modified":"2022-10-11T18:07:07","modified_gmt":"2022-10-11T16:07:07","slug":"dietro-le-quinte-dei-palchi-piu-famosi-di-monaco","status":"publish","type":"post","link":"https:\/\/www.monaco-tribune.com\/it\/2022\/10\/dietro-le-quinte-dei-palchi-piu-famosi-di-monaco\/","title":{"rendered":"Dietro le quinte dei palchi pi\u00f9 famosi di Monaco"},"content":{"rendered":"\n<p><strong>Un sogno diventato realt\u00e0: i retroscena dei palchi del Principato grazie alla mostra &#8220;Monaco On Stage &#8211; 100 anni di concerti a Monaco&#8221; visitabile quest&#8217;autunno nella Sala Esposizioni del Quai Antoine Ier.\u00a0<\/strong><\/p>\n\n<p>Monaco vanta un rapporto privilegiato con la musica, lungo quasi un secolo.\u00a0Jos\u00e9phine Baker,\u00a0Charles Aznavour,\u00a0Lady Gaga,\u00a0Prince, Alicia Keys, Celine Dion, Mariah Carey\u2026 Tutti hanno calcato i celebri  palcoscenici della Salle des Etoiles dello Sporting Monte-Carlo o dell&#8217;Op\u00e9ra Garnier. Se avete gi\u00e0 avuto occasione di assistere a uno spettacolo di uno o pi\u00f9 di questi artisti, \u00e8 arrivato il momento di scoprire cosa si nasconde dietro le quinte. <\/p>\n\n<p>Con la mostra &#8220;Monaco On Stage &#8211; 100 anni di concerti a Monaco&#8221;, prevista dal 15 ottobre al 31 dicembre prossimi, la Direzione degli Affari Culturali, in collaborazione con la Soci\u00e9t\u00e9 des Bains de Mer, propone ai visitatori un&#8217;immersione totale nei corridoi tappezzati di autografi e nei camerini ricostruiti di questi famosissimi teatri.<\/p>\n\n<p><strong>LEGGI ANCHE: <a href=\"https:\/\/www.monaco-tribune.com\/it\/2022\/05\/il-recupero-eccezionale-e-i-progetti-ambiziosi-della-sbm-nel-2022\/\">Il recupero eccezionale e i progetti ambiziosi della SBM nel 2022<\/a><\/strong><\/p>\n\n<p>Gli organizzatori promettono al pubblico un&#8217;esperienza che faccia vivere la musica da &#8220;dentro&#8221;, ascoltando vibrare iconici riff di chitarra o scoprendo una versione unica della celebre canzone &#8220;My Way&#8221;. Inoltre, sveleranno aneddoti succosi e contenuti inediti sulle star che si sono esibite nel Principato. <\/p>\n\n<p>Il progetto \u00e8 stato curato da Alex Jaffray, compositore, produttore e critico musicale, e Rudy Sabounghi, scenografo per i pi\u00f9 importanti palcoscenici europei.<\/p>\n\n<p><em>Informazioni pratiche:<\/em><\/p>\n\n<ul class=\"wp-block-list\"><li>Quando: dal 15 ottobre al 31 dicembre 2022<\/li><li>Dove: Sala Esposizioni del Quai Antoine Ier<\/li><li>Ingresso libero<\/li><li>Informazioni: +377 98 98 83 03 o sul <a href=\"https:\/\/www.montecarlosbm.com\/it\/agenda\/monaco-on-stage\">sito della SBM<\/a><\/li><\/ul>\n","protected":false},"excerpt":{"rendered":"<p>Un sogno diventato realt\u00e0: i retroscena dei palchi del Principato grazie alla mostra &#8220;Monaco On Stage &#8211; 100 anni di [&hellip;]<\/p>\n","protected":false},"author":69,"featured_media":144799,"comment_status":"closed","ping_status":"closed","sticky":false,"template":"","format":"standard","meta":{"_acf_changed":false,"footnotes":""},"categories":[1740,1738],"tags":[],"post_sectags":[],"post_format":[2477],"class_list":["post-145094","post","type-post","status-publish","format-standard","has-post-thumbnail","hentry","category-cosa-fare","category-notizie","format-info-pratiche"],"acf":[],"yoast_head":"<!-- This site is optimized with the Yoast SEO Premium plugin v26.8 (Yoast SEO v27.4) - https:\/\/yoast.com\/product\/yoast-seo-premium-wordpress\/ -->\n<title>Dietro le quinte dei palchi pi\u00f9 famosi di Monaco<\/title>\n<meta name=\"description\" content=\"Un sogno diventato realt\u00e0: i retroscena dei palchi del Principato grazie alla mostra &quot;Monaco On Stage - 100 anni di concerti a Monaco&quot; visitabile\" \/>\n<meta name=\"robots\" content=\"index, follow, max-snippet:-1, max-image-preview:large, max-video-preview:-1\" \/>\n<link rel=\"canonical\" href=\"https:\/\/www.monaco-tribune.com\/it\/2022\/10\/dietro-le-quinte-dei-palchi-piu-famosi-di-monaco\/\" \/>\n<meta property=\"og:locale\" content=\"it_IT\" \/>\n<meta property=\"og:type\" content=\"article\" \/>\n<meta property=\"og:title\" content=\"Dietro le quinte dei palchi pi\u00f9 famosi di Monaco - Monaco Tribune\" \/>\n<meta property=\"og:description\" content=\"Un sogno diventato realt\u00e0: i retroscena dei palchi del Principato grazie alla mostra &quot;Monaco On Stage - 100 anni di concerti a Monaco&quot; visitabile\" \/>\n<meta property=\"og:url\" content=\"https:\/\/www.monaco-tribune.com\/it\/2022\/10\/dietro-le-quinte-dei-palchi-piu-famosi-di-monaco\/\" \/>\n<meta property=\"og:site_name\" content=\"Monaco Tribune\" \/>\n<meta property=\"article:publisher\" content=\"https:\/\/www.facebook.com\/MonacoTribune\" \/>\n<meta property=\"article:published_time\" content=\"2022-10-11T16:07:04+00:00\" \/>\n<meta property=\"article:modified_time\" content=\"2022-10-11T16:07:07+00:00\" \/>\n<meta property=\"og:image\" content=\"https:\/\/www.monaco-tribune.com\/wp-content\/uploads\/2022\/10\/mariah-carey-sporting-2012.jpg\" \/>\n\t<meta property=\"og:image:width\" content=\"1020\" \/>\n\t<meta property=\"og:image:height\" content=\"680\" \/>\n\t<meta property=\"og:image:type\" content=\"image\/jpeg\" \/>\n<meta name=\"author\" content=\"Sarah Incari\" \/>\n<meta name=\"twitter:card\" content=\"summary_large_image\" \/>\n<meta name=\"twitter:creator\" content=\"@MonacoTribune\" \/>\n<meta name=\"twitter:site\" content=\"@MonacoTribune\" \/>\n<script type=\"application\/ld+json\" class=\"yoast-schema-graph\">{\"@context\":\"https:\\\/\\\/schema.org\",\"@graph\":[{\"@type\":\"NewsArticle\",\"@id\":\"https:\\\/\\\/www.monaco-tribune.com\\\/it\\\/2022\\\/10\\\/dietro-le-quinte-dei-palchi-piu-famosi-di-monaco\\\/#article\",\"isPartOf\":{\"@id\":\"https:\\\/\\\/www.monaco-tribune.com\\\/it\\\/2022\\\/10\\\/dietro-le-quinte-dei-palchi-piu-famosi-di-monaco\\\/\"},\"author\":{\"name\":\"Sarah Incari\",\"@id\":\"https:\\\/\\\/www.monaco-tribune.com\\\/it\\\/#\\\/schema\\\/person\\\/dd3b5770833f791d3f4d808f1aa84499\"},\"headline\":\"Dietro le quinte dei palchi pi\u00f9 famosi di Monaco\",\"datePublished\":\"2022-10-11T16:07:04+00:00\",\"dateModified\":\"2022-10-11T16:07:07+00:00\",\"mainEntityOfPage\":{\"@id\":\"https:\\\/\\\/www.monaco-tribune.com\\\/it\\\/2022\\\/10\\\/dietro-le-quinte-dei-palchi-piu-famosi-di-monaco\\\/\"},\"wordCount\":266,\"publisher\":{\"@id\":\"https:\\\/\\\/www.monaco-tribune.com\\\/it\\\/#organization\"},\"image\":{\"@id\":\"https:\\\/\\\/www.monaco-tribune.com\\\/it\\\/2022\\\/10\\\/dietro-le-quinte-dei-palchi-piu-famosi-di-monaco\\\/#primaryimage\"},\"thumbnailUrl\":\"https:\\\/\\\/www.monaco-tribune.com\\\/wp-content\\\/uploads\\\/2022\\\/10\\\/mariah-carey-sporting-2012.jpg\",\"articleSection\":[\"Cosa fare\",\"Notizie\"],\"inLanguage\":\"it-IT\",\"copyrightYear\":\"2022\",\"copyrightHolder\":{\"@id\":\"https:\\\/\\\/www.monaco-tribune.com\\\/#organization\"}},{\"@type\":\"WebPage\",\"@id\":\"https:\\\/\\\/www.monaco-tribune.com\\\/it\\\/2022\\\/10\\\/dietro-le-quinte-dei-palchi-piu-famosi-di-monaco\\\/\",\"url\":\"https:\\\/\\\/www.monaco-tribune.com\\\/it\\\/2022\\\/10\\\/dietro-le-quinte-dei-palchi-piu-famosi-di-monaco\\\/\",\"name\":\"Dietro le quinte dei palchi pi\u00f9 famosi di Monaco\",\"isPartOf\":{\"@id\":\"https:\\\/\\\/www.monaco-tribune.com\\\/it\\\/#website\"},\"primaryImageOfPage\":{\"@id\":\"https:\\\/\\\/www.monaco-tribune.com\\\/it\\\/2022\\\/10\\\/dietro-le-quinte-dei-palchi-piu-famosi-di-monaco\\\/#primaryimage\"},\"image\":{\"@id\":\"https:\\\/\\\/www.monaco-tribune.com\\\/it\\\/2022\\\/10\\\/dietro-le-quinte-dei-palchi-piu-famosi-di-monaco\\\/#primaryimage\"},\"thumbnailUrl\":\"https:\\\/\\\/www.monaco-tribune.com\\\/wp-content\\\/uploads\\\/2022\\\/10\\\/mariah-carey-sporting-2012.jpg\",\"datePublished\":\"2022-10-11T16:07:04+00:00\",\"dateModified\":\"2022-10-11T16:07:07+00:00\",\"description\":\"Un sogno diventato realt\u00e0: i retroscena dei palchi del Principato grazie alla mostra \\\"Monaco On Stage - 100 anni di concerti a Monaco\\\" visitabile\",\"breadcrumb\":{\"@id\":\"https:\\\/\\\/www.monaco-tribune.com\\\/it\\\/2022\\\/10\\\/dietro-le-quinte-dei-palchi-piu-famosi-di-monaco\\\/#breadcrumb\"},\"inLanguage\":\"it-IT\",\"potentialAction\":[{\"@type\":\"ReadAction\",\"target\":[\"https:\\\/\\\/www.monaco-tribune.com\\\/it\\\/2022\\\/10\\\/dietro-le-quinte-dei-palchi-piu-famosi-di-monaco\\\/\"]}]},{\"@type\":\"ImageObject\",\"inLanguage\":\"it-IT\",\"@id\":\"https:\\\/\\\/www.monaco-tribune.com\\\/it\\\/2022\\\/10\\\/dietro-le-quinte-dei-palchi-piu-famosi-di-monaco\\\/#primaryimage\",\"url\":\"https:\\\/\\\/www.monaco-tribune.com\\\/wp-content\\\/uploads\\\/2022\\\/10\\\/mariah-carey-sporting-2012.jpg\",\"contentUrl\":\"https:\\\/\\\/www.monaco-tribune.com\\\/wp-content\\\/uploads\\\/2022\\\/10\\\/mariah-carey-sporting-2012.jpg\",\"width\":1020,\"height\":680,\"caption\":\"SBM\"},{\"@type\":\"BreadcrumbList\",\"@id\":\"https:\\\/\\\/www.monaco-tribune.com\\\/it\\\/2022\\\/10\\\/dietro-le-quinte-dei-palchi-piu-famosi-di-monaco\\\/#breadcrumb\",\"itemListElement\":[{\"@type\":\"ListItem\",\"position\":1,\"name\":\"Accueil\",\"item\":\"https:\\\/\\\/www.monaco-tribune.com\\\/it\\\/\"},{\"@type\":\"ListItem\",\"position\":2,\"name\":\"Dietro le quinte dei palchi pi\u00f9 famosi di Monaco\"}]},{\"@type\":\"WebSite\",\"@id\":\"https:\\\/\\\/www.monaco-tribune.com\\\/it\\\/#website\",\"url\":\"https:\\\/\\\/www.monaco-tribune.com\\\/it\\\/\",\"name\":\"Monaco Tribune\",\"description\":\"Monaco : actualit\u00e9s \u00e9conomiques, politiques, culturelles et sportives de Monaco et de la French Riviera.\",\"publisher\":{\"@id\":\"https:\\\/\\\/www.monaco-tribune.com\\\/it\\\/#organization\"},\"potentialAction\":[{\"@type\":\"SearchAction\",\"target\":{\"@type\":\"EntryPoint\",\"urlTemplate\":\"https:\\\/\\\/www.monaco-tribune.com\\\/it\\\/?s={search_term_string}\"},\"query-input\":{\"@type\":\"PropertyValueSpecification\",\"valueRequired\":true,\"valueName\":\"search_term_string\"}}],\"inLanguage\":\"it-IT\"},{\"@type\":\"Organization\",\"@id\":\"https:\\\/\\\/www.monaco-tribune.com\\\/it\\\/#organization\",\"name\":\"Monaco Tribune\",\"url\":\"https:\\\/\\\/www.monaco-tribune.com\\\/it\\\/\",\"logo\":{\"@type\":\"ImageObject\",\"inLanguage\":\"it-IT\",\"@id\":\"https:\\\/\\\/www.monaco-tribune.com\\\/it\\\/#\\\/schema\\\/logo\\\/image\\\/\",\"url\":\"https:\\\/\\\/www.monaco-tribune.com\\\/wp-content\\\/uploads\\\/2022\\\/11\\\/logo-monaco-tribune.png\",\"contentUrl\":\"https:\\\/\\\/www.monaco-tribune.com\\\/wp-content\\\/uploads\\\/2022\\\/11\\\/logo-monaco-tribune.png\",\"width\":1548,\"height\":600,\"caption\":\"Monaco Tribune\"},\"image\":{\"@id\":\"https:\\\/\\\/www.monaco-tribune.com\\\/it\\\/#\\\/schema\\\/logo\\\/image\\\/\"},\"sameAs\":[\"https:\\\/\\\/www.facebook.com\\\/MonacoTribune\",\"https:\\\/\\\/x.com\\\/MonacoTribune\",\"https:\\\/\\\/www.instagram.com\\\/monacotribune\\\/\",\"https:\\\/\\\/www.linkedin.com\\\/company\\\/monaco-tribune\",\"https:\\\/\\\/www.youtube.com\\\/channel\\\/UCHle1MnG6hw1y4lWKijVbMA\"]},{\"@type\":\"Person\",\"@id\":\"https:\\\/\\\/www.monaco-tribune.com\\\/it\\\/#\\\/schema\\\/person\\\/dd3b5770833f791d3f4d808f1aa84499\",\"name\":\"Sarah Incari\",\"image\":{\"@type\":\"ImageObject\",\"inLanguage\":\"it-IT\",\"@id\":\"https:\\\/\\\/secure.gravatar.com\\\/avatar\\\/4ac0b37be892d57107ccdd804e3f2a03bf1e3fca097512136d3603859293cb0e?s=96&d=mm&r=g\",\"url\":\"https:\\\/\\\/secure.gravatar.com\\\/avatar\\\/4ac0b37be892d57107ccdd804e3f2a03bf1e3fca097512136d3603859293cb0e?s=96&d=mm&r=g\",\"contentUrl\":\"https:\\\/\\\/secure.gravatar.com\\\/avatar\\\/4ac0b37be892d57107ccdd804e3f2a03bf1e3fca097512136d3603859293cb0e?s=96&d=mm&r=g\",\"caption\":\"Sarah Incari\"},\"url\":\"https:\\\/\\\/www.monaco-tribune.com\\\/it\\\/author\\\/sarahincari\\\/\"}]}<\/script>\n<!-- \/ Yoast SEO Premium plugin. -->","yoast_head_json":{"title":"Dietro le quinte dei palchi pi\u00f9 famosi di Monaco","description":"Un sogno diventato realt\u00e0: i retroscena dei palchi del Principato grazie alla mostra \"Monaco On Stage - 100 anni di concerti a Monaco\" visitabile","robots":{"index":"index","follow":"follow","max-snippet":"max-snippet:-1","max-image-preview":"max-image-preview:large","max-video-preview":"max-video-preview:-1"},"canonical":"https:\/\/www.monaco-tribune.com\/it\/2022\/10\/dietro-le-quinte-dei-palchi-piu-famosi-di-monaco\/","og_locale":"it_IT","og_type":"article","og_title":"Dietro le quinte dei palchi pi\u00f9 famosi di Monaco - Monaco Tribune","og_description":"Un sogno diventato realt\u00e0: i retroscena dei palchi del Principato grazie alla mostra \"Monaco On Stage - 100 anni di concerti a Monaco\" visitabile","og_url":"https:\/\/www.monaco-tribune.com\/it\/2022\/10\/dietro-le-quinte-dei-palchi-piu-famosi-di-monaco\/","og_site_name":"Monaco Tribune","article_publisher":"https:\/\/www.facebook.com\/MonacoTribune","article_published_time":"2022-10-11T16:07:04+00:00","article_modified_time":"2022-10-11T16:07:07+00:00","og_image":[{"width":1020,"height":680,"url":"https:\/\/www.monaco-tribune.com\/wp-content\/uploads\/2022\/10\/mariah-carey-sporting-2012.jpg","type":"image\/jpeg"}],"author":"Sarah Incari","twitter_card":"summary_large_image","twitter_creator":"@MonacoTribune","twitter_site":"@MonacoTribune","schema":{"@context":"https:\/\/schema.org","@graph":[{"@type":"NewsArticle","@id":"https:\/\/www.monaco-tribune.com\/it\/2022\/10\/dietro-le-quinte-dei-palchi-piu-famosi-di-monaco\/#article","isPartOf":{"@id":"https:\/\/www.monaco-tribune.com\/it\/2022\/10\/dietro-le-quinte-dei-palchi-piu-famosi-di-monaco\/"},"author":{"name":"Sarah Incari","@id":"https:\/\/www.monaco-tribune.com\/it\/#\/schema\/person\/dd3b5770833f791d3f4d808f1aa84499"},"headline":"Dietro le quinte dei palchi pi\u00f9 famosi di Monaco","datePublished":"2022-10-11T16:07:04+00:00","dateModified":"2022-10-11T16:07:07+00:00","mainEntityOfPage":{"@id":"https:\/\/www.monaco-tribune.com\/it\/2022\/10\/dietro-le-quinte-dei-palchi-piu-famosi-di-monaco\/"},"wordCount":266,"publisher":{"@id":"https:\/\/www.monaco-tribune.com\/it\/#organization"},"image":{"@id":"https:\/\/www.monaco-tribune.com\/it\/2022\/10\/dietro-le-quinte-dei-palchi-piu-famosi-di-monaco\/#primaryimage"},"thumbnailUrl":"https:\/\/www.monaco-tribune.com\/wp-content\/uploads\/2022\/10\/mariah-carey-sporting-2012.jpg","articleSection":["Cosa fare","Notizie"],"inLanguage":"it-IT","copyrightYear":"2022","copyrightHolder":{"@id":"https:\/\/www.monaco-tribune.com\/#organization"}},{"@type":"WebPage","@id":"https:\/\/www.monaco-tribune.com\/it\/2022\/10\/dietro-le-quinte-dei-palchi-piu-famosi-di-monaco\/","url":"https:\/\/www.monaco-tribune.com\/it\/2022\/10\/dietro-le-quinte-dei-palchi-piu-famosi-di-monaco\/","name":"Dietro le quinte dei palchi pi\u00f9 famosi di Monaco","isPartOf":{"@id":"https:\/\/www.monaco-tribune.com\/it\/#website"},"primaryImageOfPage":{"@id":"https:\/\/www.monaco-tribune.com\/it\/2022\/10\/dietro-le-quinte-dei-palchi-piu-famosi-di-monaco\/#primaryimage"},"image":{"@id":"https:\/\/www.monaco-tribune.com\/it\/2022\/10\/dietro-le-quinte-dei-palchi-piu-famosi-di-monaco\/#primaryimage"},"thumbnailUrl":"https:\/\/www.monaco-tribune.com\/wp-content\/uploads\/2022\/10\/mariah-carey-sporting-2012.jpg","datePublished":"2022-10-11T16:07:04+00:00","dateModified":"2022-10-11T16:07:07+00:00","description":"Un sogno diventato realt\u00e0: i retroscena dei palchi del Principato grazie alla mostra \"Monaco On Stage - 100 anni di concerti a Monaco\" visitabile","breadcrumb":{"@id":"https:\/\/www.monaco-tribune.com\/it\/2022\/10\/dietro-le-quinte-dei-palchi-piu-famosi-di-monaco\/#breadcrumb"},"inLanguage":"it-IT","potentialAction":[{"@type":"ReadAction","target":["https:\/\/www.monaco-tribune.com\/it\/2022\/10\/dietro-le-quinte-dei-palchi-piu-famosi-di-monaco\/"]}]},{"@type":"ImageObject","inLanguage":"it-IT","@id":"https:\/\/www.monaco-tribune.com\/it\/2022\/10\/dietro-le-quinte-dei-palchi-piu-famosi-di-monaco\/#primaryimage","url":"https:\/\/www.monaco-tribune.com\/wp-content\/uploads\/2022\/10\/mariah-carey-sporting-2012.jpg","contentUrl":"https:\/\/www.monaco-tribune.com\/wp-content\/uploads\/2022\/10\/mariah-carey-sporting-2012.jpg","width":1020,"height":680,"caption":"SBM"},{"@type":"BreadcrumbList","@id":"https:\/\/www.monaco-tribune.com\/it\/2022\/10\/dietro-le-quinte-dei-palchi-piu-famosi-di-monaco\/#breadcrumb","itemListElement":[{"@type":"ListItem","position":1,"name":"Accueil","item":"https:\/\/www.monaco-tribune.com\/it\/"},{"@type":"ListItem","position":2,"name":"Dietro le quinte dei palchi pi\u00f9 famosi di Monaco"}]},{"@type":"WebSite","@id":"https:\/\/www.monaco-tribune.com\/it\/#website","url":"https:\/\/www.monaco-tribune.com\/it\/","name":"Monaco Tribune","description":"Monaco : actualit\u00e9s \u00e9conomiques, politiques, culturelles et sportives de Monaco et de la French Riviera.","publisher":{"@id":"https:\/\/www.monaco-tribune.com\/it\/#organization"},"potentialAction":[{"@type":"SearchAction","target":{"@type":"EntryPoint","urlTemplate":"https:\/\/www.monaco-tribune.com\/it\/?s={search_term_string}"},"query-input":{"@type":"PropertyValueSpecification","valueRequired":true,"valueName":"search_term_string"}}],"inLanguage":"it-IT"},{"@type":"Organization","@id":"https:\/\/www.monaco-tribune.com\/it\/#organization","name":"Monaco Tribune","url":"https:\/\/www.monaco-tribune.com\/it\/","logo":{"@type":"ImageObject","inLanguage":"it-IT","@id":"https:\/\/www.monaco-tribune.com\/it\/#\/schema\/logo\/image\/","url":"https:\/\/www.monaco-tribune.com\/wp-content\/uploads\/2022\/11\/logo-monaco-tribune.png","contentUrl":"https:\/\/www.monaco-tribune.com\/wp-content\/uploads\/2022\/11\/logo-monaco-tribune.png","width":1548,"height":600,"caption":"Monaco Tribune"},"image":{"@id":"https:\/\/www.monaco-tribune.com\/it\/#\/schema\/logo\/image\/"},"sameAs":["https:\/\/www.facebook.com\/MonacoTribune","https:\/\/x.com\/MonacoTribune","https:\/\/www.instagram.com\/monacotribune\/","https:\/\/www.linkedin.com\/company\/monaco-tribune","https:\/\/www.youtube.com\/channel\/UCHle1MnG6hw1y4lWKijVbMA"]},{"@type":"Person","@id":"https:\/\/www.monaco-tribune.com\/it\/#\/schema\/person\/dd3b5770833f791d3f4d808f1aa84499","name":"Sarah Incari","image":{"@type":"ImageObject","inLanguage":"it-IT","@id":"https:\/\/secure.gravatar.com\/avatar\/4ac0b37be892d57107ccdd804e3f2a03bf1e3fca097512136d3603859293cb0e?s=96&d=mm&r=g","url":"https:\/\/secure.gravatar.com\/avatar\/4ac0b37be892d57107ccdd804e3f2a03bf1e3fca097512136d3603859293cb0e?s=96&d=mm&r=g","contentUrl":"https:\/\/secure.gravatar.com\/avatar\/4ac0b37be892d57107ccdd804e3f2a03bf1e3fca097512136d3603859293cb0e?s=96&d=mm&r=g","caption":"Sarah Incari"},"url":"https:\/\/www.monaco-tribune.com\/it\/author\/sarahincari\/"}]}},"_links":{"self":[{"href":"https:\/\/www.monaco-tribune.com\/it\/wp-json\/wp\/v2\/posts\/145094","targetHints":{"allow":["GET"]}}],"collection":[{"href":"https:\/\/www.monaco-tribune.com\/it\/wp-json\/wp\/v2\/posts"}],"about":[{"href":"https:\/\/www.monaco-tribune.com\/it\/wp-json\/wp\/v2\/types\/post"}],"author":[{"embeddable":true,"href":"https:\/\/www.monaco-tribune.com\/it\/wp-json\/wp\/v2\/users\/69"}],"replies":[{"embeddable":true,"href":"https:\/\/www.monaco-tribune.com\/it\/wp-json\/wp\/v2\/comments?post=145094"}],"version-history":[{"count":0,"href":"https:\/\/www.monaco-tribune.com\/it\/wp-json\/wp\/v2\/posts\/145094\/revisions"}],"wp:featuredmedia":[{"embeddable":true,"href":"https:\/\/www.monaco-tribune.com\/it\/wp-json\/wp\/v2\/media\/144799"}],"wp:attachment":[{"href":"https:\/\/www.monaco-tribune.com\/it\/wp-json\/wp\/v2\/media?parent=145094"}],"wp:term":[{"taxonomy":"category","embeddable":true,"href":"https:\/\/www.monaco-tribune.com\/it\/wp-json\/wp\/v2\/categories?post=145094"},{"taxonomy":"post_tag","embeddable":true,"href":"https:\/\/www.monaco-tribune.com\/it\/wp-json\/wp\/v2\/tags?post=145094"},{"taxonomy":"sectag","embeddable":true,"href":"https:\/\/www.monaco-tribune.com\/it\/wp-json\/wp\/v2\/post_sectags?post=145094"},{"taxonomy":"format","embeddable":true,"href":"https:\/\/www.monaco-tribune.com\/it\/wp-json\/wp\/v2\/post_format?post=145094"}],"curies":[{"name":"wp","href":"https:\/\/api.w.org\/{rel}","templated":true}]}}