{"id":145101,"date":"2022-10-11T18:59:44","date_gmt":"2022-10-11T16:59:44","guid":{"rendered":"https:\/\/www.monaco-tribune.com\/2022\/10\/qual-e-la-situazione-dei-due-ruote-a-monaco\/"},"modified":"2022-10-11T19:00:05","modified_gmt":"2022-10-11T17:00:05","slug":"qual-e-la-situazione-dei-due-ruote-a-monaco","status":"publish","type":"post","link":"https:\/\/www.monaco-tribune.com\/it\/2022\/10\/qual-e-la-situazione-dei-due-ruote-a-monaco\/","title":{"rendered":"Qual \u00e8 la situazione dei due ruote a Monaco?"},"content":{"rendered":"\n<p><p><strong>Questo mezzo di trasporto viene usato da un gran numero di residenti monegaschi e lavoratori del Principato, ma suscita reazioni diverse. Abbiamo raccolto le testimonianze dei nostri lettori, la posizione del Governo e della Sicurezza pubblica, l\u2019opinione di una scuola guida di Monaco e di un\u2019azienda di delivery.<\/strong><\/p><\/p>\n\n<p><p>A Monaco il 22% dei transfrontalieri raggiunge il posto di lavoro su due ruote. Se da un lato i veicoli a due ruote sono un po\u2019 pi\u00f9 ecologici e pratici, dall\u2019altro sollevano diverse problematiche soprattutto in termini di inquinamento acustico, sicurezza e parcheggio. Monaco dice \u201cs\u00ec\u201d ai due ruote, purch\u00e9 siano elettrici! Il Principato incoraggia i conducenti a passare ai veicoli elettrici offrendo incentivi. Per i veicoli a due, tre e quattro ruote di questo tipo gli incentivi \u201cammontano attualmente al 30% del prezzo del veicolo IVA inclusa, senza optional, con un tetto massimo di 3.000 euro. Si tratta di un bell\u2019incentivo\u201d, ha dichiarato il Governo precisando che sono in corso delle valutazioni per aumentare questa percentuale.<\/p><\/p>\n\n<blockquote class=\"wp-block-quote is-layout-flow wp-block-quote-is-layout-flow\"><p><p><em>Per i veicoli a due, tre e quattro ruote di questo tipo gli incentivi ammontano attualmente al 30% del prezzo del veicolo IVA inclusa, senza optional, con un tetto massimo di 3.000 euro.<\/em><\/p><\/p><cite>Governo di Monaco<\/cite><\/blockquote>\n\n<p><p>Incoraggiare il passaggio ai veicoli elettrici dimostra la volont\u00e0 di Monaco di promuovere l\u2019uso di mezzi di trasporto che favoriscano una riduzione delle emissioni di CO2. Come sottolinea l\u2019esecutivo, \u201csono complementari agli spostamenti a piedi, in bicicletta e con i mezzi pubblici e rispondono alle esigenze di chi non ha la possibilit\u00e0 di usare altri mezzi di trasporto\u201d.<\/p><\/p>\n\n<p><p><strong>LEGGI ANCHE: <\/strong><a href=\"\/?p=101209\" data-mce-href=\"https:\/\/www.monaco-tribune.com\/it\/2021\/11\/transizioni-il-futuro-dei-trasporti-nel-principato-e-elettrico\/\"><strong>TRANSIZIONI. Il futuro dei trasporti nel Principato \u00e8 elettrico<\/strong><\/a><\/p><\/p>\n\n<p><p>L\u2019obiettivo \u00e8 coinvolgere sempre pi\u00f9 persone e soprattutto aziende, come <a href=\"\/?p=103665\" data-mce-href=\"https:\/\/www.monaco-tribune.com\/it\/2021\/12\/un-giovane-imprenditore-e-la-sua-creatura-lapp-eatin-monaco\/\">EatIn Monaco<\/a>. Quest\u2019app lanciata due anni fa si avvale esclusivamente di scooter elettrici. \u201cAbbiamo scooter da 50 e 125 cc. \u00c8 stato il Principato a consigliarci di usare veicoli elettrici\u201d, ha spiegato il fondatore L\u00e9o de Bruyn.<\/p><\/p>\n\n<h2 class=\"wp-block-heading\" id=\"h-le-probleme-des-nuisances-sonores\">L\u2019inquinamento acustico<\/h2>\n\n<p><p>Estendere l\u2019uso dei veicoli elettrici permetterebbe di ridurre l\u2019inquinamento acustico, dal momento che molti sui social si sono lamentati del rumore a Monaco, soprattutto di notte. \u201cI conducenti che suonano il clacson di sera senza motivo o fanno un rumore assurdo perch\u00e9 hanno un veicolo modificato o una marmitta non originale non dovrebbero poter circolare\u201d, ha commentato Jean, mentre altri ritengono che <a href=\"\/?p=139465\" data-mce-href=\"https:\/\/www.monaco-tribune.com\/2022\/09\/nuisances-sonores-faut-il-reduire-la-vitesse-a-30km-h-la-nuit\/\">ridurre il limite di velocit\u00e0 da 50 a 30 km\/h<\/a> \u00e8 una possibile soluzione. Ma questa misura non \u00e8 all\u2019ordine del giorno, ha confermato la Sicurezza pubblica.<\/p><\/p>\n\n<p>Le aree maggiormente interessate dall\u2019inquinamento acustico sono innanzitutto quelle in cui si trovano le strade usate per il percorso del Gran Premio, ovvero Larvotto\/Portier, Monte Carlo\/Casin\u00f2 e Condamine\/Porto, e quelle in cui si trovano i collegamenti diretti, come il Boulevard du Larvotto\/Dorsale.<\/p>\n\n<blockquote class=\"wp-block-quote is-layout-flow wp-block-quote-is-layout-flow\"><p><p><em>Bisogna ammettere che a livello di traffico sono meglio dieci scooter e moto piuttosto che dieci auto, no?<\/em><\/p><\/p><cite>Emmanuelle, lettrice di Monaco Tribune<\/cite><\/blockquote>\n\n<p><p>\u201cControllare il rumore dei due ruote sarebbe una buona idea perch\u00e9 di solito fanno pi\u00f9 rumore delle auto\u201d, ha lamentato una delle nostre lettrici Corinne, mentre Emmanuelle, pi\u00f9 moderata, ha spiegato: \u201cS\u00ec, il rumore di alcuni veicoli a due ruote pu\u00f2 essere fastidioso, ma bisogna ammettere che a livello di traffico sono meglio dieci scooter e moto piuttosto che dieci auto, no?\u201d. Il Governo ha infatti confermato che \u201cil traffico \u00e8 causato dai veicoli leggeri (auto) e non dai due ruote\u201d.<\/p><\/p>\n\n<h2 class=\"wp-block-heading\" id=\"h-un-comportement-dangereux\">Comportamenti pericolosi<\/h2>\n\n<p><p>Sebbene i due ruote non provochino traffico, \u00e8 chiaro che sono coinvolti nella maggior parte degli incidenti, <a href=\"\/?p=119122\" data-mce-href=\"https:\/\/www.monaco-tribune.com\/2022\/05\/securite-routiere-les-deux-roues-encore-majoritairement-impliques-dans-les-accidents\/\">tre su quattro<\/a> per la precisione. Infatti, anche se dal 2007 il numero di incidenti su due ruote \u00e8 diminuito notevolmente, passando l\u2019anno scorso da 174 a 83, i due ruote rimangono il mezzo di trasporto pi\u00f9 pericoloso, soprattutto le moto leggere. Per Thomas Spillebout, istruttore di moto della scuola guida Georges da ben 17 anni, di solito \u00e8 il comportamento dei motociclisti il vero problema.<\/p><\/p>\n\n<blockquote class=\"wp-block-quote is-layout-flow wp-block-quote-is-layout-flow\"><p>I due ruote rimangono il mezzo di trasporto pi\u00f9 pericoloso, soprattutto le moto leggere.<\/p><\/blockquote>\n\n<p><p>\u201cLa maggior parte dei motociclisti guida piuttosto veloce e non rispetta il Codice della strada, ad esempio gli stop e le precedenze. Gli incidenti accadono proprio per questi motivi. La situazione sul collegamento Monaco-Mentone \u00e8 assurda: ci sono scooter e moto che si sorpassano all\u2019ingresso delle curve, il che diventa un bel problema. Alcuni conducenti si sentono al di sopra della legge\u201d. Eppure di certo si sottolinea pi\u00f9 volte questo punto agli allievi. \u201cGuidare un due ruote \u00e8 molto pi\u00f9 pericoloso che guidare un veicolo leggero. In primo luogo perch\u00e9 non c\u2019\u00e8 la carrozzeria che avvolge e protegge i passeggeri e in secondo luogo perch\u00e9 si \u00e8 meno visibili\u201d, ha aggiunto Thomas Spillebout.<\/p><\/p>\n\n<p><p>Le testimonianze di questo tipo sono diverse. Per Ariane \u00e8 una vera e propria \u201cseccatura\u201d. I due ruote \u201cfanno sorpassi a destra e all&#8217;interno delle rotatorie\u201d. \u201cSpiegate ai motociclisti che se le auto si fermano alle strisce \u00e8 per far passare i pedoni. \u00c8 pericolosissimo sorpassarle e accelerare\u201d, ha commentato Francine.<\/p><\/p>\n\n<p><p>Eppure le forze dell\u2019ordine sono \u201connipresenti\u201d giorno e notte, ha dichiarato Fabien Vachetta. Il comandante di polizia ha spiegato che \u201cogni notte vengono eseguiti diversi controlli stradali per dissuadere gli utenti della strada dall\u2019infrangere le regole\u201d. Ma per l\u2019istruttore si dovrebbe essere \u201cun po\u2019 pi\u00f9 rigidi nel far rispettare la legge\u201d.<\/p><\/p>\n\n<blockquote class=\"wp-block-quote is-layout-flow wp-block-quote-is-layout-flow\"><p><p><em>I motociclisti non rispettano il Codice della strada, fanno sorpassi a destra e all&#8217;interno delle rotatorie.<\/em><\/p><\/p><p><\/p><cite>Thomas Spillebout, istruttore di moto<\/cite><\/blockquote>\n\n<p>Se \u00e8 vero che i veicoli elettrici consentono di ridurre l\u2019inquinamento acustico, sono anche pi\u00f9 pericolosi. \u201cA Monaco ci sono molte stradine pedonali. Inoltre quando si svolgono eventi come lo Yacht Show tutti camminano in mezzo alla strada e quando passa un veicolo elettrico non lo si sente arrivare. Pu\u00f2 essere pericoloso sia per il conducente sia per i pedoni\u201d, ha affermato L\u00e9o de Bruyn che dice di prestare particolare attenzione a come guidano gli addetti alle consegne. \u201cDiamo loro istruzioni molto rigide. I primi giorni devono svolgere tutti una prova con uno dei nostri dipendenti pi\u00f9 esperti per avere un feedback sul modo in cui guidano\u201d, ha poi aggiunto.<\/p>\n\n<h2 class=\"wp-block-heading\" id=\"h-plus-de-places-de-stationnement\">La necessit\u00e0 di pi\u00f9 parcheggi<\/h2>\n\n<p>Contrariamente a quanto si possa pensare, le strade del Principato non sono sempre pi\u00f9 frequentate da due ruote. \u201cIl numero di immatricolazioni degli ultimi anni \u00e8 piuttosto stabile\u201d, ha dichiarato il Governo del Principe. Tuttavia \u00e8 stato registrato \u201cun calo abbastanza netto delle immatricolazioni dei due ruote da 80 a 125 cc e un forte aumento dei due ruote elettrici\u201d.<\/p>\n\n<p>\u201cPotersi muovere con veicoli a due ruote \u00e8 un vantaggio perch\u00e9 \u00e8 molto pi\u00f9 veloce\u201d, ci ha spiegato un lettore, mentre altri lamentano la mancanza di parcheggi come ha affermato una nostra lettrice: \u201cCredo che sia impossibile trovare parcheggio a Monaco. Lavoro al Larvotto e l\u00ec non c\u2019\u00e8 mai posto. Persino i garage sono spesso al completo. \u00c8 molto difficile!\u201d. Jean-Louis, indignato, ha commentato: \u201cHo l\u2019impressione che il Principato preferisca eliminarli diminuendo pian piano tutti gli spazi disponibili! Se continua cos\u00ec, dovr\u00f2 spostarmi in auto aumentando cos\u00ec l\u2019inquinamento e gli ingorghi\u201d.<\/p>\n\n<p>A questa lamentela il Governo risponde che con quasi 8.900 posti moto nelle strade e nei parcheggi pubblici, il Principato \u00e8 \u201cben attrezzato\u201d. Tuttavia riconosce che il numero di posti non \u00e8 del tutto sufficiente e sta valutando di inserire altri parcheggi per i due ruote, \u201csoprattutto nel quartiere della Condamine\u201d.<\/p>\n\n<hr class=\"wp-block-separator has-alpha-channel-opacity\"\/>\n\n<h2 class=\"has-text-align-center wp-block-heading\" id=\"h-quel-est-le-cout-du-stationnement-des-scooters-et-motos-a-monaco\"><em>Quanto costa parcheggiare scooter e moto a Monaco?<\/em><\/h2>\n\n<p>Parcheggiare per strada \u00e8 gratuito per tutti i tipi di veicoli a due ruote, mentre i parcheggi pubblici sono a pagamento.<\/p>\n\n<p>Ecco le tariffe degli abbonamenti:<\/p>\n<div class=\"wp-block-image\">\n<figure class=\"aligncenter size-full\"><img loading=\"lazy\" decoding=\"async\" width=\"696\" height=\"306\" src=\"https:\/\/www.monaco-tribune.com\/wp-content\/uploads\/2022\/10\/image-1.png\" alt=\"\" class=\"wp-image-144817\" srcset=\"https:\/\/www.monaco-tribune.com\/wp-content\/uploads\/2022\/10\/image-1.png 696w, https:\/\/www.monaco-tribune.com\/wp-content\/uploads\/2022\/10\/image-1-600x264.png 600w\" sizes=\"auto, (max-width: 696px) 100vw, 696px\" \/><figcaption><em>\u00a9 Dipartimento dei lavori pubblici, dell\u2019ambiente e della pianificazione urbana<\/em><\/figcaption><\/figure>\n<\/div>\n<p>Si applicano i seguenti sconti:<\/p>\n<div class=\"wp-block-image\">\n<figure class=\"aligncenter size-full\"><img loading=\"lazy\" decoding=\"async\" width=\"700\" height=\"168\" src=\"https:\/\/www.monaco-tribune.com\/wp-content\/uploads\/2022\/10\/image-2.png\" alt=\"\" class=\"wp-image-144821\" srcset=\"https:\/\/www.monaco-tribune.com\/wp-content\/uploads\/2022\/10\/image-2.png 700w, https:\/\/www.monaco-tribune.com\/wp-content\/uploads\/2022\/10\/image-2-600x144.png 600w\" sizes=\"auto, (max-width: 700px) 100vw, 700px\" \/><figcaption><em>\u00a9 Dipartimento dei lavori pubblici, dell\u2019ambiente e della pianificazione urbana<\/em><\/figcaption><\/figure>\n<\/div>\n<p>Per quanto riguarda le tariffe orarie, ai veicoli a due ruote si applica un forfait giornaliero dopo due ore di parcheggio:<\/p>\n<div class=\"wp-block-image\">\n<figure class=\"aligncenter size-full\"><img loading=\"lazy\" decoding=\"async\" width=\"698\" height=\"258\" src=\"https:\/\/www.monaco-tribune.com\/wp-content\/uploads\/2022\/10\/image-3.png\" alt=\"\" class=\"wp-image-144825\" srcset=\"https:\/\/www.monaco-tribune.com\/wp-content\/uploads\/2022\/10\/image-3.png 698w, https:\/\/www.monaco-tribune.com\/wp-content\/uploads\/2022\/10\/image-3-600x222.png 600w\" sizes=\"auto, (max-width: 698px) 100vw, 698px\" \/><figcaption><em>\u00a9 Dipartimento dei lavori pubblici, dell\u2019ambiente e della pianificazione urbana<\/em><\/figcaption><\/figure>\n<\/div>\n<hr class=\"wp-block-separator has-alpha-channel-opacity\"\/>\n\n<h2 class=\"has-text-align-center wp-block-heading\" id=\"h-les-deux-roues-electriques-qui-ont-la-cote-a-monaco\"><em>I due ruote elettrici pi\u00f9 gettonati a Monaco<\/em><\/h2>\n\n<p>Secondo uno studio condotto nel 2011\/2012, lo scooter ideale per il territorio scosceso del Principato dovrebbe avere una potenza di 4 kW e un\u2019autonomia di 50 km. Le conclusioni dello studio sono state confermate dalle statistiche dei due ruote sovvenzionati.<\/p>\n<div class=\"wp-block-image\">\n<figure class=\"aligncenter size-full is-resized\"><img loading=\"lazy\" decoding=\"async\" src=\"https:\/\/www.monaco-tribune.com\/wp-content\/uploads\/2022\/10\/image.png\" alt=\"\" class=\"wp-image-143964\" width=\"500\" height=\"240\"\/><figcaption><em>\u00a9 Dipartimento dei lavori pubblici, dell\u2019ambiente e della pianificazione urbana<\/em><\/figcaption><\/figure>\n<\/div>\n<p>La Piaggio \u00e8 in cima alla classifica dei veicoli elettrici a due ruote sovvenzionati nel 2021, secondo il grafico soprariportato del Dipartimento dei lavori pubblici, dell\u2019ambiente e della pianificazione urbana. Il 21% dei due ruote sovvenzionati \u00e8 costituito dalle Vespa PIAGGIO, che si avvicinano ai criteri di Frost &amp; Sullivan con una potenza di 3,5 kW per 50 cc e di 4 kW per 70 cc. Subito dopo, con il 20%, vengono le bici STROMER. Bench\u00e9 si tratti di biciclette, rientrano nella categoria dei ciclomotori perch\u00e9 hanno una potenza superiore ai 500 Watt.<\/p>\n\n<hr class=\"wp-block-separator has-alpha-channel-opacity\"\/>\n\n<p><em>Inviateci i vostri commenti e foto!<\/em><\/p>\n\n<p><a href=\"mailto:contact@monaco-tribune.com\" target=\"_blank\" rel=\"noreferrer noopener\"><em>contact@monaco-tribune.com<\/em><\/a><\/p>\n\n<p><em>Su <a href=\"https:\/\/www.facebook.com\/groups\/monacotribune\/\">Facebook<\/a> o <a href=\"https:\/\/twitter.com\/MonacoTribune\">Twitter<\/a><\/em><\/p>\n","protected":false},"excerpt":{"rendered":"<p>Questo mezzo di trasporto viene usato da un gran numero di residenti monegaschi e lavoratori del Principato, ma suscita reazioni [&hellip;]<\/p>\n","protected":false},"author":69,"featured_media":143917,"comment_status":"closed","ping_status":"closed","sticky":false,"template":"","format":"standard","meta":{"_acf_changed":false,"footnotes":""},"categories":[1826,1738,1752],"tags":[],"post_sectags":[],"post_format":[2475],"class_list":["post-145101","post","type-post","status-publish","format-standard","has-post-thumbnail","hentry","category-la-nostra-scelta","category-notizie","category-societa","format-inchiesta"],"acf":[],"yoast_head":"<!-- This site is optimized with the Yoast SEO Premium plugin v26.8 (Yoast SEO v27.4) - https:\/\/yoast.com\/product\/yoast-seo-premium-wordpress\/ -->\n<title>Qual \u00e8 la situazione dei due ruote a Monaco?<\/title>\n<meta name=\"description\" content=\"Questo mezzo di trasporto viene usato da un gran numero di residenti monegaschi e lavoratori del Principato, ma suscita reazioni diverse. Abbiamo raccolto\" \/>\n<meta name=\"robots\" content=\"index, follow, max-snippet:-1, max-image-preview:large, max-video-preview:-1\" \/>\n<link rel=\"canonical\" href=\"https:\/\/www.monaco-tribune.com\/it\/2022\/10\/qual-e-la-situazione-dei-due-ruote-a-monaco\/\" \/>\n<meta property=\"og:locale\" content=\"it_IT\" \/>\n<meta property=\"og:type\" content=\"article\" \/>\n<meta property=\"og:title\" content=\"Qual \u00e8 la situazione dei due ruote a Monaco? - Monaco Tribune\" \/>\n<meta property=\"og:description\" content=\"Questo mezzo di trasporto viene usato da un gran numero di residenti monegaschi e lavoratori del Principato, ma suscita reazioni diverse. Abbiamo raccolto\" \/>\n<meta property=\"og:url\" content=\"https:\/\/www.monaco-tribune.com\/it\/2022\/10\/qual-e-la-situazione-dei-due-ruote-a-monaco\/\" \/>\n<meta property=\"og:site_name\" content=\"Monaco Tribune\" \/>\n<meta property=\"article:publisher\" content=\"https:\/\/www.facebook.com\/MonacoTribune\" \/>\n<meta property=\"article:published_time\" content=\"2022-10-11T16:59:44+00:00\" \/>\n<meta property=\"article:modified_time\" content=\"2022-10-11T17:00:05+00:00\" \/>\n<meta property=\"og:image\" content=\"https:\/\/www.monaco-tribune.com\/wp-content\/uploads\/2022\/10\/deux-roues-monaco.jpg\" \/>\n\t<meta property=\"og:image:width\" content=\"1006\" \/>\n\t<meta property=\"og:image:height\" content=\"692\" \/>\n\t<meta property=\"og:image:type\" content=\"image\/jpeg\" \/>\n<meta name=\"author\" content=\"Sarah Incari\" \/>\n<meta name=\"twitter:card\" content=\"summary_large_image\" \/>\n<meta name=\"twitter:creator\" content=\"@MonacoTribune\" \/>\n<meta name=\"twitter:site\" content=\"@MonacoTribune\" \/>\n<script type=\"application\/ld+json\" class=\"yoast-schema-graph\">{\"@context\":\"https:\\\/\\\/schema.org\",\"@graph\":[{\"@type\":\"NewsArticle\",\"@id\":\"https:\\\/\\\/www.monaco-tribune.com\\\/it\\\/2022\\\/10\\\/qual-e-la-situazione-dei-due-ruote-a-monaco\\\/#article\",\"isPartOf\":{\"@id\":\"https:\\\/\\\/www.monaco-tribune.com\\\/it\\\/2022\\\/10\\\/qual-e-la-situazione-dei-due-ruote-a-monaco\\\/\"},\"author\":{\"name\":\"Sarah Incari\",\"@id\":\"https:\\\/\\\/www.monaco-tribune.com\\\/it\\\/#\\\/schema\\\/person\\\/dd3b5770833f791d3f4d808f1aa84499\"},\"headline\":\"Qual \u00e8 la situazione dei due ruote a Monaco?\",\"datePublished\":\"2022-10-11T16:59:44+00:00\",\"dateModified\":\"2022-10-11T17:00:05+00:00\",\"mainEntityOfPage\":{\"@id\":\"https:\\\/\\\/www.monaco-tribune.com\\\/it\\\/2022\\\/10\\\/qual-e-la-situazione-dei-due-ruote-a-monaco\\\/\"},\"wordCount\":1447,\"publisher\":{\"@id\":\"https:\\\/\\\/www.monaco-tribune.com\\\/it\\\/#organization\"},\"image\":{\"@id\":\"https:\\\/\\\/www.monaco-tribune.com\\\/it\\\/2022\\\/10\\\/qual-e-la-situazione-dei-due-ruote-a-monaco\\\/#primaryimage\"},\"thumbnailUrl\":\"https:\\\/\\\/www.monaco-tribune.com\\\/wp-content\\\/uploads\\\/2022\\\/10\\\/deux-roues-monaco.jpg\",\"articleSection\":[\"La nostra scelta\",\"Notizie\",\"Societ\u00e0\"],\"inLanguage\":\"it-IT\",\"copyrightYear\":\"2022\",\"copyrightHolder\":{\"@id\":\"https:\\\/\\\/www.monaco-tribune.com\\\/#organization\"}},{\"@type\":\"WebPage\",\"@id\":\"https:\\\/\\\/www.monaco-tribune.com\\\/it\\\/2022\\\/10\\\/qual-e-la-situazione-dei-due-ruote-a-monaco\\\/\",\"url\":\"https:\\\/\\\/www.monaco-tribune.com\\\/it\\\/2022\\\/10\\\/qual-e-la-situazione-dei-due-ruote-a-monaco\\\/\",\"name\":\"Qual \u00e8 la situazione dei due ruote a Monaco?\",\"isPartOf\":{\"@id\":\"https:\\\/\\\/www.monaco-tribune.com\\\/it\\\/#website\"},\"primaryImageOfPage\":{\"@id\":\"https:\\\/\\\/www.monaco-tribune.com\\\/it\\\/2022\\\/10\\\/qual-e-la-situazione-dei-due-ruote-a-monaco\\\/#primaryimage\"},\"image\":{\"@id\":\"https:\\\/\\\/www.monaco-tribune.com\\\/it\\\/2022\\\/10\\\/qual-e-la-situazione-dei-due-ruote-a-monaco\\\/#primaryimage\"},\"thumbnailUrl\":\"https:\\\/\\\/www.monaco-tribune.com\\\/wp-content\\\/uploads\\\/2022\\\/10\\\/deux-roues-monaco.jpg\",\"datePublished\":\"2022-10-11T16:59:44+00:00\",\"dateModified\":\"2022-10-11T17:00:05+00:00\",\"description\":\"Questo mezzo di trasporto viene usato da un gran numero di residenti monegaschi e lavoratori del Principato, ma suscita reazioni diverse. Abbiamo raccolto\",\"breadcrumb\":{\"@id\":\"https:\\\/\\\/www.monaco-tribune.com\\\/it\\\/2022\\\/10\\\/qual-e-la-situazione-dei-due-ruote-a-monaco\\\/#breadcrumb\"},\"inLanguage\":\"it-IT\",\"potentialAction\":[{\"@type\":\"ReadAction\",\"target\":[\"https:\\\/\\\/www.monaco-tribune.com\\\/it\\\/2022\\\/10\\\/qual-e-la-situazione-dei-due-ruote-a-monaco\\\/\"]}]},{\"@type\":\"ImageObject\",\"inLanguage\":\"it-IT\",\"@id\":\"https:\\\/\\\/www.monaco-tribune.com\\\/it\\\/2022\\\/10\\\/qual-e-la-situazione-dei-due-ruote-a-monaco\\\/#primaryimage\",\"url\":\"https:\\\/\\\/www.monaco-tribune.com\\\/wp-content\\\/uploads\\\/2022\\\/10\\\/deux-roues-monaco.jpg\",\"contentUrl\":\"https:\\\/\\\/www.monaco-tribune.com\\\/wp-content\\\/uploads\\\/2022\\\/10\\\/deux-roues-monaco.jpg\",\"width\":1006,\"height\":692,\"caption\":\"Monaco Tribune\"},{\"@type\":\"BreadcrumbList\",\"@id\":\"https:\\\/\\\/www.monaco-tribune.com\\\/it\\\/2022\\\/10\\\/qual-e-la-situazione-dei-due-ruote-a-monaco\\\/#breadcrumb\",\"itemListElement\":[{\"@type\":\"ListItem\",\"position\":1,\"name\":\"Accueil\",\"item\":\"https:\\\/\\\/www.monaco-tribune.com\\\/it\\\/\"},{\"@type\":\"ListItem\",\"position\":2,\"name\":\"Qual \u00e8 la situazione dei due ruote a Monaco?\"}]},{\"@type\":\"WebSite\",\"@id\":\"https:\\\/\\\/www.monaco-tribune.com\\\/it\\\/#website\",\"url\":\"https:\\\/\\\/www.monaco-tribune.com\\\/it\\\/\",\"name\":\"Monaco Tribune\",\"description\":\"Monaco : actualit\u00e9s \u00e9conomiques, politiques, culturelles et sportives de Monaco et de la French Riviera.\",\"publisher\":{\"@id\":\"https:\\\/\\\/www.monaco-tribune.com\\\/it\\\/#organization\"},\"potentialAction\":[{\"@type\":\"SearchAction\",\"target\":{\"@type\":\"EntryPoint\",\"urlTemplate\":\"https:\\\/\\\/www.monaco-tribune.com\\\/it\\\/?s={search_term_string}\"},\"query-input\":{\"@type\":\"PropertyValueSpecification\",\"valueRequired\":true,\"valueName\":\"search_term_string\"}}],\"inLanguage\":\"it-IT\"},{\"@type\":\"Organization\",\"@id\":\"https:\\\/\\\/www.monaco-tribune.com\\\/it\\\/#organization\",\"name\":\"Monaco Tribune\",\"url\":\"https:\\\/\\\/www.monaco-tribune.com\\\/it\\\/\",\"logo\":{\"@type\":\"ImageObject\",\"inLanguage\":\"it-IT\",\"@id\":\"https:\\\/\\\/www.monaco-tribune.com\\\/it\\\/#\\\/schema\\\/logo\\\/image\\\/\",\"url\":\"https:\\\/\\\/www.monaco-tribune.com\\\/wp-content\\\/uploads\\\/2022\\\/11\\\/logo-monaco-tribune.png\",\"contentUrl\":\"https:\\\/\\\/www.monaco-tribune.com\\\/wp-content\\\/uploads\\\/2022\\\/11\\\/logo-monaco-tribune.png\",\"width\":1548,\"height\":600,\"caption\":\"Monaco Tribune\"},\"image\":{\"@id\":\"https:\\\/\\\/www.monaco-tribune.com\\\/it\\\/#\\\/schema\\\/logo\\\/image\\\/\"},\"sameAs\":[\"https:\\\/\\\/www.facebook.com\\\/MonacoTribune\",\"https:\\\/\\\/x.com\\\/MonacoTribune\",\"https:\\\/\\\/www.instagram.com\\\/monacotribune\\\/\",\"https:\\\/\\\/www.linkedin.com\\\/company\\\/monaco-tribune\",\"https:\\\/\\\/www.youtube.com\\\/channel\\\/UCHle1MnG6hw1y4lWKijVbMA\"]},{\"@type\":\"Person\",\"@id\":\"https:\\\/\\\/www.monaco-tribune.com\\\/it\\\/#\\\/schema\\\/person\\\/dd3b5770833f791d3f4d808f1aa84499\",\"name\":\"Sarah Incari\",\"image\":{\"@type\":\"ImageObject\",\"inLanguage\":\"it-IT\",\"@id\":\"https:\\\/\\\/secure.gravatar.com\\\/avatar\\\/4ac0b37be892d57107ccdd804e3f2a03bf1e3fca097512136d3603859293cb0e?s=96&d=mm&r=g\",\"url\":\"https:\\\/\\\/secure.gravatar.com\\\/avatar\\\/4ac0b37be892d57107ccdd804e3f2a03bf1e3fca097512136d3603859293cb0e?s=96&d=mm&r=g\",\"contentUrl\":\"https:\\\/\\\/secure.gravatar.com\\\/avatar\\\/4ac0b37be892d57107ccdd804e3f2a03bf1e3fca097512136d3603859293cb0e?s=96&d=mm&r=g\",\"caption\":\"Sarah Incari\"},\"url\":\"https:\\\/\\\/www.monaco-tribune.com\\\/it\\\/author\\\/sarahincari\\\/\"}]}<\/script>\n<!-- \/ Yoast SEO Premium plugin. -->","yoast_head_json":{"title":"Qual \u00e8 la situazione dei due ruote a Monaco?","description":"Questo mezzo di trasporto viene usato da un gran numero di residenti monegaschi e lavoratori del Principato, ma suscita reazioni diverse. Abbiamo raccolto","robots":{"index":"index","follow":"follow","max-snippet":"max-snippet:-1","max-image-preview":"max-image-preview:large","max-video-preview":"max-video-preview:-1"},"canonical":"https:\/\/www.monaco-tribune.com\/it\/2022\/10\/qual-e-la-situazione-dei-due-ruote-a-monaco\/","og_locale":"it_IT","og_type":"article","og_title":"Qual \u00e8 la situazione dei due ruote a Monaco? - Monaco Tribune","og_description":"Questo mezzo di trasporto viene usato da un gran numero di residenti monegaschi e lavoratori del Principato, ma suscita reazioni diverse. Abbiamo raccolto","og_url":"https:\/\/www.monaco-tribune.com\/it\/2022\/10\/qual-e-la-situazione-dei-due-ruote-a-monaco\/","og_site_name":"Monaco Tribune","article_publisher":"https:\/\/www.facebook.com\/MonacoTribune","article_published_time":"2022-10-11T16:59:44+00:00","article_modified_time":"2022-10-11T17:00:05+00:00","og_image":[{"width":1006,"height":692,"url":"https:\/\/www.monaco-tribune.com\/wp-content\/uploads\/2022\/10\/deux-roues-monaco.jpg","type":"image\/jpeg"}],"author":"Sarah Incari","twitter_card":"summary_large_image","twitter_creator":"@MonacoTribune","twitter_site":"@MonacoTribune","schema":{"@context":"https:\/\/schema.org","@graph":[{"@type":"NewsArticle","@id":"https:\/\/www.monaco-tribune.com\/it\/2022\/10\/qual-e-la-situazione-dei-due-ruote-a-monaco\/#article","isPartOf":{"@id":"https:\/\/www.monaco-tribune.com\/it\/2022\/10\/qual-e-la-situazione-dei-due-ruote-a-monaco\/"},"author":{"name":"Sarah Incari","@id":"https:\/\/www.monaco-tribune.com\/it\/#\/schema\/person\/dd3b5770833f791d3f4d808f1aa84499"},"headline":"Qual \u00e8 la situazione dei due ruote a Monaco?","datePublished":"2022-10-11T16:59:44+00:00","dateModified":"2022-10-11T17:00:05+00:00","mainEntityOfPage":{"@id":"https:\/\/www.monaco-tribune.com\/it\/2022\/10\/qual-e-la-situazione-dei-due-ruote-a-monaco\/"},"wordCount":1447,"publisher":{"@id":"https:\/\/www.monaco-tribune.com\/it\/#organization"},"image":{"@id":"https:\/\/www.monaco-tribune.com\/it\/2022\/10\/qual-e-la-situazione-dei-due-ruote-a-monaco\/#primaryimage"},"thumbnailUrl":"https:\/\/www.monaco-tribune.com\/wp-content\/uploads\/2022\/10\/deux-roues-monaco.jpg","articleSection":["La nostra scelta","Notizie","Societ\u00e0"],"inLanguage":"it-IT","copyrightYear":"2022","copyrightHolder":{"@id":"https:\/\/www.monaco-tribune.com\/#organization"}},{"@type":"WebPage","@id":"https:\/\/www.monaco-tribune.com\/it\/2022\/10\/qual-e-la-situazione-dei-due-ruote-a-monaco\/","url":"https:\/\/www.monaco-tribune.com\/it\/2022\/10\/qual-e-la-situazione-dei-due-ruote-a-monaco\/","name":"Qual \u00e8 la situazione dei due ruote a Monaco?","isPartOf":{"@id":"https:\/\/www.monaco-tribune.com\/it\/#website"},"primaryImageOfPage":{"@id":"https:\/\/www.monaco-tribune.com\/it\/2022\/10\/qual-e-la-situazione-dei-due-ruote-a-monaco\/#primaryimage"},"image":{"@id":"https:\/\/www.monaco-tribune.com\/it\/2022\/10\/qual-e-la-situazione-dei-due-ruote-a-monaco\/#primaryimage"},"thumbnailUrl":"https:\/\/www.monaco-tribune.com\/wp-content\/uploads\/2022\/10\/deux-roues-monaco.jpg","datePublished":"2022-10-11T16:59:44+00:00","dateModified":"2022-10-11T17:00:05+00:00","description":"Questo mezzo di trasporto viene usato da un gran numero di residenti monegaschi e lavoratori del Principato, ma suscita reazioni diverse. Abbiamo raccolto","breadcrumb":{"@id":"https:\/\/www.monaco-tribune.com\/it\/2022\/10\/qual-e-la-situazione-dei-due-ruote-a-monaco\/#breadcrumb"},"inLanguage":"it-IT","potentialAction":[{"@type":"ReadAction","target":["https:\/\/www.monaco-tribune.com\/it\/2022\/10\/qual-e-la-situazione-dei-due-ruote-a-monaco\/"]}]},{"@type":"ImageObject","inLanguage":"it-IT","@id":"https:\/\/www.monaco-tribune.com\/it\/2022\/10\/qual-e-la-situazione-dei-due-ruote-a-monaco\/#primaryimage","url":"https:\/\/www.monaco-tribune.com\/wp-content\/uploads\/2022\/10\/deux-roues-monaco.jpg","contentUrl":"https:\/\/www.monaco-tribune.com\/wp-content\/uploads\/2022\/10\/deux-roues-monaco.jpg","width":1006,"height":692,"caption":"Monaco Tribune"},{"@type":"BreadcrumbList","@id":"https:\/\/www.monaco-tribune.com\/it\/2022\/10\/qual-e-la-situazione-dei-due-ruote-a-monaco\/#breadcrumb","itemListElement":[{"@type":"ListItem","position":1,"name":"Accueil","item":"https:\/\/www.monaco-tribune.com\/it\/"},{"@type":"ListItem","position":2,"name":"Qual \u00e8 la situazione dei due ruote a Monaco?"}]},{"@type":"WebSite","@id":"https:\/\/www.monaco-tribune.com\/it\/#website","url":"https:\/\/www.monaco-tribune.com\/it\/","name":"Monaco Tribune","description":"Monaco : actualit\u00e9s \u00e9conomiques, politiques, culturelles et sportives de Monaco et de la French Riviera.","publisher":{"@id":"https:\/\/www.monaco-tribune.com\/it\/#organization"},"potentialAction":[{"@type":"SearchAction","target":{"@type":"EntryPoint","urlTemplate":"https:\/\/www.monaco-tribune.com\/it\/?s={search_term_string}"},"query-input":{"@type":"PropertyValueSpecification","valueRequired":true,"valueName":"search_term_string"}}],"inLanguage":"it-IT"},{"@type":"Organization","@id":"https:\/\/www.monaco-tribune.com\/it\/#organization","name":"Monaco Tribune","url":"https:\/\/www.monaco-tribune.com\/it\/","logo":{"@type":"ImageObject","inLanguage":"it-IT","@id":"https:\/\/www.monaco-tribune.com\/it\/#\/schema\/logo\/image\/","url":"https:\/\/www.monaco-tribune.com\/wp-content\/uploads\/2022\/11\/logo-monaco-tribune.png","contentUrl":"https:\/\/www.monaco-tribune.com\/wp-content\/uploads\/2022\/11\/logo-monaco-tribune.png","width":1548,"height":600,"caption":"Monaco Tribune"},"image":{"@id":"https:\/\/www.monaco-tribune.com\/it\/#\/schema\/logo\/image\/"},"sameAs":["https:\/\/www.facebook.com\/MonacoTribune","https:\/\/x.com\/MonacoTribune","https:\/\/www.instagram.com\/monacotribune\/","https:\/\/www.linkedin.com\/company\/monaco-tribune","https:\/\/www.youtube.com\/channel\/UCHle1MnG6hw1y4lWKijVbMA"]},{"@type":"Person","@id":"https:\/\/www.monaco-tribune.com\/it\/#\/schema\/person\/dd3b5770833f791d3f4d808f1aa84499","name":"Sarah Incari","image":{"@type":"ImageObject","inLanguage":"it-IT","@id":"https:\/\/secure.gravatar.com\/avatar\/4ac0b37be892d57107ccdd804e3f2a03bf1e3fca097512136d3603859293cb0e?s=96&d=mm&r=g","url":"https:\/\/secure.gravatar.com\/avatar\/4ac0b37be892d57107ccdd804e3f2a03bf1e3fca097512136d3603859293cb0e?s=96&d=mm&r=g","contentUrl":"https:\/\/secure.gravatar.com\/avatar\/4ac0b37be892d57107ccdd804e3f2a03bf1e3fca097512136d3603859293cb0e?s=96&d=mm&r=g","caption":"Sarah Incari"},"url":"https:\/\/www.monaco-tribune.com\/it\/author\/sarahincari\/"}]}},"_links":{"self":[{"href":"https:\/\/www.monaco-tribune.com\/it\/wp-json\/wp\/v2\/posts\/145101","targetHints":{"allow":["GET"]}}],"collection":[{"href":"https:\/\/www.monaco-tribune.com\/it\/wp-json\/wp\/v2\/posts"}],"about":[{"href":"https:\/\/www.monaco-tribune.com\/it\/wp-json\/wp\/v2\/types\/post"}],"author":[{"embeddable":true,"href":"https:\/\/www.monaco-tribune.com\/it\/wp-json\/wp\/v2\/users\/69"}],"replies":[{"embeddable":true,"href":"https:\/\/www.monaco-tribune.com\/it\/wp-json\/wp\/v2\/comments?post=145101"}],"version-history":[{"count":0,"href":"https:\/\/www.monaco-tribune.com\/it\/wp-json\/wp\/v2\/posts\/145101\/revisions"}],"wp:featuredmedia":[{"embeddable":true,"href":"https:\/\/www.monaco-tribune.com\/it\/wp-json\/wp\/v2\/media\/143917"}],"wp:attachment":[{"href":"https:\/\/www.monaco-tribune.com\/it\/wp-json\/wp\/v2\/media?parent=145101"}],"wp:term":[{"taxonomy":"category","embeddable":true,"href":"https:\/\/www.monaco-tribune.com\/it\/wp-json\/wp\/v2\/categories?post=145101"},{"taxonomy":"post_tag","embeddable":true,"href":"https:\/\/www.monaco-tribune.com\/it\/wp-json\/wp\/v2\/tags?post=145101"},{"taxonomy":"sectag","embeddable":true,"href":"https:\/\/www.monaco-tribune.com\/it\/wp-json\/wp\/v2\/post_sectags?post=145101"},{"taxonomy":"format","embeddable":true,"href":"https:\/\/www.monaco-tribune.com\/it\/wp-json\/wp\/v2\/post_format?post=145101"}],"curies":[{"name":"wp","href":"https:\/\/api.w.org\/{rel}","templated":true}]}}