{"id":145297,"date":"2022-10-13T12:37:42","date_gmt":"2022-10-13T10:37:42","guid":{"rendered":"https:\/\/www.monaco-tribune.com\/2022\/10\/larvotto-quasi-80-kg-di-rifiuti-raccolti-in-mare-e-sulla-spiaggia\/"},"modified":"2022-10-13T12:38:01","modified_gmt":"2022-10-13T10:38:01","slug":"larvotto-quasi-80-kg-di-rifiuti-raccolti-in-mare-e-sulla-spiaggia","status":"publish","type":"post","link":"https:\/\/www.monaco-tribune.com\/it\/2022\/10\/larvotto-quasi-80-kg-di-rifiuti-raccolti-in-mare-e-sulla-spiaggia\/","title":{"rendered":"Larvotto: quasi 80 kg di rifiuti raccolti in mare e sulla spiaggia"},"content":{"rendered":"\n<p><strong>Sabato scorso, una trentina di volontari si sono radunati per pulire i fondali e la spiaggia dell&#8217;Area Marina Protetta del Larvotto.<\/strong><\/p>\n\n<p><a href=\"https:\/\/www.monaco-tribune.com\/it\/2022\/09\/ampn-prendiamoci-cura-delle-aree-marine-protette-di-monaco\/\">L&#8217;Associazione Monegasca per la tutela della natura (AMPN)<\/a>, in collaborazione con il Club di Esplorazione sottomarina di Monaco (CESMM), organizza ogni anno questa importante pulizia. Generalmente lo fa alla fine dell&#8217;estate, quando la stagione balneare \u00e8 sul finire e le spiagge sono meno frequentate.<\/p>\n\n<figure class=\"wp-block-gallery has-nested-images columns-1 is-cropped wp-block-gallery-1 is-layout-flex wp-block-gallery-is-layout-flex\">\n<figure class=\"wp-block-image size-large\"><img loading=\"lazy\" decoding=\"async\" width=\"1020\" height=\"765\" data-id=\"145226\" src=\"https:\/\/www.monaco-tribune.com\/wp-content\/uploads\/2022\/10\/plongee-dechet-larvotto.jpg\" alt=\"\" class=\"wp-image-145226\" srcset=\"https:\/\/www.monaco-tribune.com\/wp-content\/uploads\/2022\/10\/plongee-dechet-larvotto.jpg 1020w, https:\/\/www.monaco-tribune.com\/wp-content\/uploads\/2022\/10\/plongee-dechet-larvotto-400x300.jpg 400w\" sizes=\"auto, (max-width: 1020px) 100vw, 1020px\" \/><\/figure>\n\n\n\n<figure class=\"wp-block-image size-large\"><img loading=\"lazy\" decoding=\"async\" width=\"1020\" height=\"765\" data-id=\"145230\" src=\"https:\/\/www.monaco-tribune.com\/wp-content\/uploads\/2022\/10\/plongee-dechet-larvotto-nettoyage-1-1.jpg\" alt=\"\" class=\"wp-image-145230\" srcset=\"https:\/\/www.monaco-tribune.com\/wp-content\/uploads\/2022\/10\/plongee-dechet-larvotto-nettoyage-1-1.jpg 1020w, https:\/\/www.monaco-tribune.com\/wp-content\/uploads\/2022\/10\/plongee-dechet-larvotto-nettoyage-1-1-400x300.jpg 400w\" sizes=\"auto, (max-width: 1020px) 100vw, 1020px\" \/><\/figure>\n\n\n\n<figure class=\"wp-block-image size-large\"><img loading=\"lazy\" decoding=\"async\" width=\"1020\" height=\"765\" data-id=\"145234\" src=\"https:\/\/www.monaco-tribune.com\/wp-content\/uploads\/2022\/10\/benevoles-fonds-marins-larvotto.jpg\" alt=\"\" class=\"wp-image-145234\" srcset=\"https:\/\/www.monaco-tribune.com\/wp-content\/uploads\/2022\/10\/benevoles-fonds-marins-larvotto.jpg 1020w, https:\/\/www.monaco-tribune.com\/wp-content\/uploads\/2022\/10\/benevoles-fonds-marins-larvotto-400x300.jpg 400w\" sizes=\"auto, (max-width: 1020px) 100vw, 1020px\" \/><\/figure>\n<figcaption class=\"blocks-gallery-caption\"><em><em>\u00a9 Associazione Monegasca per la tutela della natura<\/em><\/em><\/figcaption><\/figure>\n\n<p>Nonostante le numerose iniziative di sensibilizzazione, sono stati raccolti ancora tantissimi rifiuti che potevano essere evitati. &#8220;Arrivano in mare per un colpo di vento o per le onde, ma ci sono ancora troppi incivili&#8221;, afferma Camille Devissi, amministratrice del progetto di AMPN ai microfoni di Monaco Info. Sabato 8 ottobre, in acqua sono state ripescate bottiglie e lattine, oltre che delle cime dimenticate durante alcune operazioni. In totale sono stati raccolti oltre 75 kg di rifiuti marini.<\/p>\n\n<p><strong>LEGGI ANCHE: <\/strong><a href=\"https:\/\/www.monaco-tribune.com\/2022\/09\/monaco-participe-a-la-semaine-europeenne-de-la-reduction-des-dechets-pour-la-4e-annee-consecutive\/\">Monaco partecipa alla Settimana Europea della riduzione dei rifiuti per il 4\u00b0 anno consecutivo<\/a><\/p>\n\n<p>Nella stessa giornata, altri volontari hanno raccolto i rifiuti dalla spiaggia, e anche l\u00ec, purtroppo, il bottino \u00e8 stato ricco. Sono stati infatti accumulati 3 kg di rifiuti, per lo pi\u00f9 mozziconi di sigarette nonostante in spiaggia sia vietato fumare. &#8220;Se le persone avessero un atteggiamento pi\u00f9 responsabile, molti rifiuti si potrebbero evitare&#8221;, ricorda l&#8217;associazione sulla sua pagina Facebook.<\/p>\n","protected":false},"excerpt":{"rendered":"<p>Sabato scorso, una trentina di volontari si sono radunati per pulire i fondali e la spiaggia dell&#8217;Area Marina Protetta del [&hellip;]<\/p>\n","protected":false},"author":69,"featured_media":145220,"comment_status":"closed","ping_status":"closed","sticky":false,"template":"","format":"standard","meta":{"_acf_changed":false,"footnotes":""},"categories":[1839,1738],"tags":[],"post_sectags":[],"post_format":[2478],"class_list":["post-145297","post","type-post","status-publish","format-standard","has-post-thumbnail","hentry","category-green","category-notizie","format-notizia"],"acf":[],"yoast_head":"<!-- This site is optimized with the Yoast SEO Premium plugin v26.8 (Yoast SEO v27.5) - https:\/\/yoast.com\/product\/yoast-seo-premium-wordpress\/ -->\n<title>Larvotto: quasi 80 kg di rifiuti raccolti in mare e sulla spiaggia<\/title>\n<meta name=\"description\" content=\"Sabato scorso, una trentina di volontari si sono radunati per pulire i fondali e la spiaggia dell&#039;Area Marina Protetta del Larvotto. L&#039;Associazione\" \/>\n<meta name=\"robots\" content=\"index, follow, max-snippet:-1, max-image-preview:large, max-video-preview:-1\" \/>\n<link rel=\"canonical\" href=\"https:\/\/www.monaco-tribune.com\/it\/2022\/10\/larvotto-quasi-80-kg-di-rifiuti-raccolti-in-mare-e-sulla-spiaggia\/\" \/>\n<meta property=\"og:locale\" content=\"it_IT\" \/>\n<meta property=\"og:type\" content=\"article\" \/>\n<meta property=\"og:title\" content=\"Larvotto: quasi 80 kg di rifiuti raccolti in mare e sulla spiaggia - Monaco Tribune\" \/>\n<meta property=\"og:description\" content=\"Sabato scorso, una trentina di volontari si sono radunati per pulire i fondali e la spiaggia dell&#039;Area Marina Protetta del Larvotto. L&#039;Associazione\" \/>\n<meta property=\"og:url\" content=\"https:\/\/www.monaco-tribune.com\/it\/2022\/10\/larvotto-quasi-80-kg-di-rifiuti-raccolti-in-mare-e-sulla-spiaggia\/\" \/>\n<meta property=\"og:site_name\" content=\"Monaco Tribune\" \/>\n<meta property=\"article:publisher\" content=\"https:\/\/www.facebook.com\/MonacoTribune\" \/>\n<meta property=\"article:published_time\" content=\"2022-10-13T10:37:42+00:00\" \/>\n<meta property=\"article:modified_time\" content=\"2022-10-13T10:38:01+00:00\" \/>\n<meta property=\"og:image\" content=\"https:\/\/www.monaco-tribune.com\/wp-content\/uploads\/2022\/10\/plongee-dechet-larvotto-nettoyage-tri.jpg\" \/>\n\t<meta property=\"og:image:width\" content=\"1011\" \/>\n\t<meta property=\"og:image:height\" content=\"691\" \/>\n\t<meta property=\"og:image:type\" content=\"image\/jpeg\" \/>\n<meta name=\"author\" content=\"Sarah Incari\" \/>\n<meta name=\"twitter:card\" content=\"summary_large_image\" \/>\n<meta name=\"twitter:creator\" content=\"@MonacoTribune\" \/>\n<meta name=\"twitter:site\" content=\"@MonacoTribune\" \/>\n<script type=\"application\/ld+json\" class=\"yoast-schema-graph\">{\"@context\":\"https:\\\/\\\/schema.org\",\"@graph\":[{\"@type\":\"NewsArticle\",\"@id\":\"https:\\\/\\\/www.monaco-tribune.com\\\/it\\\/2022\\\/10\\\/larvotto-quasi-80-kg-di-rifiuti-raccolti-in-mare-e-sulla-spiaggia\\\/#article\",\"isPartOf\":{\"@id\":\"https:\\\/\\\/www.monaco-tribune.com\\\/it\\\/2022\\\/10\\\/larvotto-quasi-80-kg-di-rifiuti-raccolti-in-mare-e-sulla-spiaggia\\\/\"},\"author\":{\"name\":\"Sarah Incari\",\"@id\":\"https:\\\/\\\/www.monaco-tribune.com\\\/it\\\/#\\\/schema\\\/person\\\/dd3b5770833f791d3f4d808f1aa84499\"},\"headline\":\"Larvotto: quasi 80 kg di rifiuti raccolti in mare e sulla spiaggia\",\"datePublished\":\"2022-10-13T10:37:42+00:00\",\"dateModified\":\"2022-10-13T10:38:01+00:00\",\"mainEntityOfPage\":{\"@id\":\"https:\\\/\\\/www.monaco-tribune.com\\\/it\\\/2022\\\/10\\\/larvotto-quasi-80-kg-di-rifiuti-raccolti-in-mare-e-sulla-spiaggia\\\/\"},\"wordCount\":233,\"publisher\":{\"@id\":\"https:\\\/\\\/www.monaco-tribune.com\\\/it\\\/#organization\"},\"image\":{\"@id\":\"https:\\\/\\\/www.monaco-tribune.com\\\/it\\\/2022\\\/10\\\/larvotto-quasi-80-kg-di-rifiuti-raccolti-in-mare-e-sulla-spiaggia\\\/#primaryimage\"},\"thumbnailUrl\":\"https:\\\/\\\/www.monaco-tribune.com\\\/wp-content\\\/uploads\\\/2022\\\/10\\\/plongee-dechet-larvotto-nettoyage-tri.jpg\",\"articleSection\":[\"Green\",\"Notizie\"],\"inLanguage\":\"it-IT\",\"copyrightYear\":\"2022\",\"copyrightHolder\":{\"@id\":\"https:\\\/\\\/www.monaco-tribune.com\\\/#organization\"}},{\"@type\":\"WebPage\",\"@id\":\"https:\\\/\\\/www.monaco-tribune.com\\\/it\\\/2022\\\/10\\\/larvotto-quasi-80-kg-di-rifiuti-raccolti-in-mare-e-sulla-spiaggia\\\/\",\"url\":\"https:\\\/\\\/www.monaco-tribune.com\\\/it\\\/2022\\\/10\\\/larvotto-quasi-80-kg-di-rifiuti-raccolti-in-mare-e-sulla-spiaggia\\\/\",\"name\":\"Larvotto: quasi 80 kg di rifiuti raccolti in mare e sulla spiaggia\",\"isPartOf\":{\"@id\":\"https:\\\/\\\/www.monaco-tribune.com\\\/it\\\/#website\"},\"primaryImageOfPage\":{\"@id\":\"https:\\\/\\\/www.monaco-tribune.com\\\/it\\\/2022\\\/10\\\/larvotto-quasi-80-kg-di-rifiuti-raccolti-in-mare-e-sulla-spiaggia\\\/#primaryimage\"},\"image\":{\"@id\":\"https:\\\/\\\/www.monaco-tribune.com\\\/it\\\/2022\\\/10\\\/larvotto-quasi-80-kg-di-rifiuti-raccolti-in-mare-e-sulla-spiaggia\\\/#primaryimage\"},\"thumbnailUrl\":\"https:\\\/\\\/www.monaco-tribune.com\\\/wp-content\\\/uploads\\\/2022\\\/10\\\/plongee-dechet-larvotto-nettoyage-tri.jpg\",\"datePublished\":\"2022-10-13T10:37:42+00:00\",\"dateModified\":\"2022-10-13T10:38:01+00:00\",\"description\":\"Sabato scorso, una trentina di volontari si sono radunati per pulire i fondali e la spiaggia dell'Area Marina Protetta del Larvotto. L'Associazione\",\"breadcrumb\":{\"@id\":\"https:\\\/\\\/www.monaco-tribune.com\\\/it\\\/2022\\\/10\\\/larvotto-quasi-80-kg-di-rifiuti-raccolti-in-mare-e-sulla-spiaggia\\\/#breadcrumb\"},\"inLanguage\":\"it-IT\",\"potentialAction\":[{\"@type\":\"ReadAction\",\"target\":[\"https:\\\/\\\/www.monaco-tribune.com\\\/it\\\/2022\\\/10\\\/larvotto-quasi-80-kg-di-rifiuti-raccolti-in-mare-e-sulla-spiaggia\\\/\"]}]},{\"@type\":\"ImageObject\",\"inLanguage\":\"it-IT\",\"@id\":\"https:\\\/\\\/www.monaco-tribune.com\\\/it\\\/2022\\\/10\\\/larvotto-quasi-80-kg-di-rifiuti-raccolti-in-mare-e-sulla-spiaggia\\\/#primaryimage\",\"url\":\"https:\\\/\\\/www.monaco-tribune.com\\\/wp-content\\\/uploads\\\/2022\\\/10\\\/plongee-dechet-larvotto-nettoyage-tri.jpg\",\"contentUrl\":\"https:\\\/\\\/www.monaco-tribune.com\\\/wp-content\\\/uploads\\\/2022\\\/10\\\/plongee-dechet-larvotto-nettoyage-tri.jpg\",\"width\":1011,\"height\":691,\"caption\":\"Associazione Monegasca per la Salvaguardia della Natura\"},{\"@type\":\"BreadcrumbList\",\"@id\":\"https:\\\/\\\/www.monaco-tribune.com\\\/it\\\/2022\\\/10\\\/larvotto-quasi-80-kg-di-rifiuti-raccolti-in-mare-e-sulla-spiaggia\\\/#breadcrumb\",\"itemListElement\":[{\"@type\":\"ListItem\",\"position\":1,\"name\":\"Accueil\",\"item\":\"https:\\\/\\\/www.monaco-tribune.com\\\/it\\\/\"},{\"@type\":\"ListItem\",\"position\":2,\"name\":\"Larvotto: quasi 80 kg di rifiuti raccolti in mare e sulla spiaggia\"}]},{\"@type\":\"WebSite\",\"@id\":\"https:\\\/\\\/www.monaco-tribune.com\\\/it\\\/#website\",\"url\":\"https:\\\/\\\/www.monaco-tribune.com\\\/it\\\/\",\"name\":\"Monaco Tribune\",\"description\":\"Monaco : actualit\u00e9s \u00e9conomiques, politiques, culturelles et sportives de Monaco et de la French Riviera.\",\"publisher\":{\"@id\":\"https:\\\/\\\/www.monaco-tribune.com\\\/it\\\/#organization\"},\"potentialAction\":[{\"@type\":\"SearchAction\",\"target\":{\"@type\":\"EntryPoint\",\"urlTemplate\":\"https:\\\/\\\/www.monaco-tribune.com\\\/it\\\/?s={search_term_string}\"},\"query-input\":{\"@type\":\"PropertyValueSpecification\",\"valueRequired\":true,\"valueName\":\"search_term_string\"}}],\"inLanguage\":\"it-IT\"},{\"@type\":\"Organization\",\"@id\":\"https:\\\/\\\/www.monaco-tribune.com\\\/it\\\/#organization\",\"name\":\"Monaco Tribune\",\"url\":\"https:\\\/\\\/www.monaco-tribune.com\\\/it\\\/\",\"logo\":{\"@type\":\"ImageObject\",\"inLanguage\":\"it-IT\",\"@id\":\"https:\\\/\\\/www.monaco-tribune.com\\\/it\\\/#\\\/schema\\\/logo\\\/image\\\/\",\"url\":\"https:\\\/\\\/www.monaco-tribune.com\\\/wp-content\\\/uploads\\\/2022\\\/11\\\/logo-monaco-tribune.png\",\"contentUrl\":\"https:\\\/\\\/www.monaco-tribune.com\\\/wp-content\\\/uploads\\\/2022\\\/11\\\/logo-monaco-tribune.png\",\"width\":1548,\"height\":600,\"caption\":\"Monaco Tribune\"},\"image\":{\"@id\":\"https:\\\/\\\/www.monaco-tribune.com\\\/it\\\/#\\\/schema\\\/logo\\\/image\\\/\"},\"sameAs\":[\"https:\\\/\\\/www.facebook.com\\\/MonacoTribune\",\"https:\\\/\\\/x.com\\\/MonacoTribune\",\"https:\\\/\\\/www.instagram.com\\\/monacotribune\\\/\",\"https:\\\/\\\/www.linkedin.com\\\/company\\\/monaco-tribune\",\"https:\\\/\\\/www.youtube.com\\\/channel\\\/UCHle1MnG6hw1y4lWKijVbMA\"]},{\"@type\":\"Person\",\"@id\":\"https:\\\/\\\/www.monaco-tribune.com\\\/it\\\/#\\\/schema\\\/person\\\/dd3b5770833f791d3f4d808f1aa84499\",\"name\":\"Sarah Incari\",\"image\":{\"@type\":\"ImageObject\",\"inLanguage\":\"it-IT\",\"@id\":\"https:\\\/\\\/secure.gravatar.com\\\/avatar\\\/4ac0b37be892d57107ccdd804e3f2a03bf1e3fca097512136d3603859293cb0e?s=96&d=mm&r=g\",\"url\":\"https:\\\/\\\/secure.gravatar.com\\\/avatar\\\/4ac0b37be892d57107ccdd804e3f2a03bf1e3fca097512136d3603859293cb0e?s=96&d=mm&r=g\",\"contentUrl\":\"https:\\\/\\\/secure.gravatar.com\\\/avatar\\\/4ac0b37be892d57107ccdd804e3f2a03bf1e3fca097512136d3603859293cb0e?s=96&d=mm&r=g\",\"caption\":\"Sarah Incari\"},\"url\":\"https:\\\/\\\/www.monaco-tribune.com\\\/it\\\/author\\\/sarahincari\\\/\"}]}<\/script>\n<!-- \/ Yoast SEO Premium plugin. -->","yoast_head_json":{"title":"Larvotto: quasi 80 kg di rifiuti raccolti in mare e sulla spiaggia","description":"Sabato scorso, una trentina di volontari si sono radunati per pulire i fondali e la spiaggia dell'Area Marina Protetta del Larvotto. L'Associazione","robots":{"index":"index","follow":"follow","max-snippet":"max-snippet:-1","max-image-preview":"max-image-preview:large","max-video-preview":"max-video-preview:-1"},"canonical":"https:\/\/www.monaco-tribune.com\/it\/2022\/10\/larvotto-quasi-80-kg-di-rifiuti-raccolti-in-mare-e-sulla-spiaggia\/","og_locale":"it_IT","og_type":"article","og_title":"Larvotto: quasi 80 kg di rifiuti raccolti in mare e sulla spiaggia - Monaco Tribune","og_description":"Sabato scorso, una trentina di volontari si sono radunati per pulire i fondali e la spiaggia dell'Area Marina Protetta del Larvotto. L'Associazione","og_url":"https:\/\/www.monaco-tribune.com\/it\/2022\/10\/larvotto-quasi-80-kg-di-rifiuti-raccolti-in-mare-e-sulla-spiaggia\/","og_site_name":"Monaco Tribune","article_publisher":"https:\/\/www.facebook.com\/MonacoTribune","article_published_time":"2022-10-13T10:37:42+00:00","article_modified_time":"2022-10-13T10:38:01+00:00","og_image":[{"width":1011,"height":691,"url":"https:\/\/www.monaco-tribune.com\/wp-content\/uploads\/2022\/10\/plongee-dechet-larvotto-nettoyage-tri.jpg","type":"image\/jpeg"}],"author":"Sarah Incari","twitter_card":"summary_large_image","twitter_creator":"@MonacoTribune","twitter_site":"@MonacoTribune","schema":{"@context":"https:\/\/schema.org","@graph":[{"@type":"NewsArticle","@id":"https:\/\/www.monaco-tribune.com\/it\/2022\/10\/larvotto-quasi-80-kg-di-rifiuti-raccolti-in-mare-e-sulla-spiaggia\/#article","isPartOf":{"@id":"https:\/\/www.monaco-tribune.com\/it\/2022\/10\/larvotto-quasi-80-kg-di-rifiuti-raccolti-in-mare-e-sulla-spiaggia\/"},"author":{"name":"Sarah Incari","@id":"https:\/\/www.monaco-tribune.com\/it\/#\/schema\/person\/dd3b5770833f791d3f4d808f1aa84499"},"headline":"Larvotto: quasi 80 kg di rifiuti raccolti in mare e sulla spiaggia","datePublished":"2022-10-13T10:37:42+00:00","dateModified":"2022-10-13T10:38:01+00:00","mainEntityOfPage":{"@id":"https:\/\/www.monaco-tribune.com\/it\/2022\/10\/larvotto-quasi-80-kg-di-rifiuti-raccolti-in-mare-e-sulla-spiaggia\/"},"wordCount":233,"publisher":{"@id":"https:\/\/www.monaco-tribune.com\/it\/#organization"},"image":{"@id":"https:\/\/www.monaco-tribune.com\/it\/2022\/10\/larvotto-quasi-80-kg-di-rifiuti-raccolti-in-mare-e-sulla-spiaggia\/#primaryimage"},"thumbnailUrl":"https:\/\/www.monaco-tribune.com\/wp-content\/uploads\/2022\/10\/plongee-dechet-larvotto-nettoyage-tri.jpg","articleSection":["Green","Notizie"],"inLanguage":"it-IT","copyrightYear":"2022","copyrightHolder":{"@id":"https:\/\/www.monaco-tribune.com\/#organization"}},{"@type":"WebPage","@id":"https:\/\/www.monaco-tribune.com\/it\/2022\/10\/larvotto-quasi-80-kg-di-rifiuti-raccolti-in-mare-e-sulla-spiaggia\/","url":"https:\/\/www.monaco-tribune.com\/it\/2022\/10\/larvotto-quasi-80-kg-di-rifiuti-raccolti-in-mare-e-sulla-spiaggia\/","name":"Larvotto: quasi 80 kg di rifiuti raccolti in mare e sulla spiaggia","isPartOf":{"@id":"https:\/\/www.monaco-tribune.com\/it\/#website"},"primaryImageOfPage":{"@id":"https:\/\/www.monaco-tribune.com\/it\/2022\/10\/larvotto-quasi-80-kg-di-rifiuti-raccolti-in-mare-e-sulla-spiaggia\/#primaryimage"},"image":{"@id":"https:\/\/www.monaco-tribune.com\/it\/2022\/10\/larvotto-quasi-80-kg-di-rifiuti-raccolti-in-mare-e-sulla-spiaggia\/#primaryimage"},"thumbnailUrl":"https:\/\/www.monaco-tribune.com\/wp-content\/uploads\/2022\/10\/plongee-dechet-larvotto-nettoyage-tri.jpg","datePublished":"2022-10-13T10:37:42+00:00","dateModified":"2022-10-13T10:38:01+00:00","description":"Sabato scorso, una trentina di volontari si sono radunati per pulire i fondali e la spiaggia dell'Area Marina Protetta del Larvotto. L'Associazione","breadcrumb":{"@id":"https:\/\/www.monaco-tribune.com\/it\/2022\/10\/larvotto-quasi-80-kg-di-rifiuti-raccolti-in-mare-e-sulla-spiaggia\/#breadcrumb"},"inLanguage":"it-IT","potentialAction":[{"@type":"ReadAction","target":["https:\/\/www.monaco-tribune.com\/it\/2022\/10\/larvotto-quasi-80-kg-di-rifiuti-raccolti-in-mare-e-sulla-spiaggia\/"]}]},{"@type":"ImageObject","inLanguage":"it-IT","@id":"https:\/\/www.monaco-tribune.com\/it\/2022\/10\/larvotto-quasi-80-kg-di-rifiuti-raccolti-in-mare-e-sulla-spiaggia\/#primaryimage","url":"https:\/\/www.monaco-tribune.com\/wp-content\/uploads\/2022\/10\/plongee-dechet-larvotto-nettoyage-tri.jpg","contentUrl":"https:\/\/www.monaco-tribune.com\/wp-content\/uploads\/2022\/10\/plongee-dechet-larvotto-nettoyage-tri.jpg","width":1011,"height":691,"caption":"Associazione Monegasca per la Salvaguardia della Natura"},{"@type":"BreadcrumbList","@id":"https:\/\/www.monaco-tribune.com\/it\/2022\/10\/larvotto-quasi-80-kg-di-rifiuti-raccolti-in-mare-e-sulla-spiaggia\/#breadcrumb","itemListElement":[{"@type":"ListItem","position":1,"name":"Accueil","item":"https:\/\/www.monaco-tribune.com\/it\/"},{"@type":"ListItem","position":2,"name":"Larvotto: quasi 80 kg di rifiuti raccolti in mare e sulla spiaggia"}]},{"@type":"WebSite","@id":"https:\/\/www.monaco-tribune.com\/it\/#website","url":"https:\/\/www.monaco-tribune.com\/it\/","name":"Monaco Tribune","description":"Monaco : actualit\u00e9s \u00e9conomiques, politiques, culturelles et sportives de Monaco et de la French Riviera.","publisher":{"@id":"https:\/\/www.monaco-tribune.com\/it\/#organization"},"potentialAction":[{"@type":"SearchAction","target":{"@type":"EntryPoint","urlTemplate":"https:\/\/www.monaco-tribune.com\/it\/?s={search_term_string}"},"query-input":{"@type":"PropertyValueSpecification","valueRequired":true,"valueName":"search_term_string"}}],"inLanguage":"it-IT"},{"@type":"Organization","@id":"https:\/\/www.monaco-tribune.com\/it\/#organization","name":"Monaco Tribune","url":"https:\/\/www.monaco-tribune.com\/it\/","logo":{"@type":"ImageObject","inLanguage":"it-IT","@id":"https:\/\/www.monaco-tribune.com\/it\/#\/schema\/logo\/image\/","url":"https:\/\/www.monaco-tribune.com\/wp-content\/uploads\/2022\/11\/logo-monaco-tribune.png","contentUrl":"https:\/\/www.monaco-tribune.com\/wp-content\/uploads\/2022\/11\/logo-monaco-tribune.png","width":1548,"height":600,"caption":"Monaco Tribune"},"image":{"@id":"https:\/\/www.monaco-tribune.com\/it\/#\/schema\/logo\/image\/"},"sameAs":["https:\/\/www.facebook.com\/MonacoTribune","https:\/\/x.com\/MonacoTribune","https:\/\/www.instagram.com\/monacotribune\/","https:\/\/www.linkedin.com\/company\/monaco-tribune","https:\/\/www.youtube.com\/channel\/UCHle1MnG6hw1y4lWKijVbMA"]},{"@type":"Person","@id":"https:\/\/www.monaco-tribune.com\/it\/#\/schema\/person\/dd3b5770833f791d3f4d808f1aa84499","name":"Sarah Incari","image":{"@type":"ImageObject","inLanguage":"it-IT","@id":"https:\/\/secure.gravatar.com\/avatar\/4ac0b37be892d57107ccdd804e3f2a03bf1e3fca097512136d3603859293cb0e?s=96&d=mm&r=g","url":"https:\/\/secure.gravatar.com\/avatar\/4ac0b37be892d57107ccdd804e3f2a03bf1e3fca097512136d3603859293cb0e?s=96&d=mm&r=g","contentUrl":"https:\/\/secure.gravatar.com\/avatar\/4ac0b37be892d57107ccdd804e3f2a03bf1e3fca097512136d3603859293cb0e?s=96&d=mm&r=g","caption":"Sarah Incari"},"url":"https:\/\/www.monaco-tribune.com\/it\/author\/sarahincari\/"}]}},"_links":{"self":[{"href":"https:\/\/www.monaco-tribune.com\/it\/wp-json\/wp\/v2\/posts\/145297","targetHints":{"allow":["GET"]}}],"collection":[{"href":"https:\/\/www.monaco-tribune.com\/it\/wp-json\/wp\/v2\/posts"}],"about":[{"href":"https:\/\/www.monaco-tribune.com\/it\/wp-json\/wp\/v2\/types\/post"}],"author":[{"embeddable":true,"href":"https:\/\/www.monaco-tribune.com\/it\/wp-json\/wp\/v2\/users\/69"}],"replies":[{"embeddable":true,"href":"https:\/\/www.monaco-tribune.com\/it\/wp-json\/wp\/v2\/comments?post=145297"}],"version-history":[{"count":0,"href":"https:\/\/www.monaco-tribune.com\/it\/wp-json\/wp\/v2\/posts\/145297\/revisions"}],"wp:featuredmedia":[{"embeddable":true,"href":"https:\/\/www.monaco-tribune.com\/it\/wp-json\/wp\/v2\/media\/145220"}],"wp:attachment":[{"href":"https:\/\/www.monaco-tribune.com\/it\/wp-json\/wp\/v2\/media?parent=145297"}],"wp:term":[{"taxonomy":"category","embeddable":true,"href":"https:\/\/www.monaco-tribune.com\/it\/wp-json\/wp\/v2\/categories?post=145297"},{"taxonomy":"post_tag","embeddable":true,"href":"https:\/\/www.monaco-tribune.com\/it\/wp-json\/wp\/v2\/tags?post=145297"},{"taxonomy":"sectag","embeddable":true,"href":"https:\/\/www.monaco-tribune.com\/it\/wp-json\/wp\/v2\/post_sectags?post=145297"},{"taxonomy":"format","embeddable":true,"href":"https:\/\/www.monaco-tribune.com\/it\/wp-json\/wp\/v2\/post_format?post=145297"}],"curies":[{"name":"wp","href":"https:\/\/api.w.org\/{rel}","templated":true}]}}