{"id":145640,"date":"2022-10-14T18:52:50","date_gmt":"2022-10-14T16:52:50","guid":{"rendered":"https:\/\/www.monaco-tribune.com\/2022\/10\/attrattivita-gli-imprenditori-italiani-del-principato-discutono-insieme-la-tematica\/"},"modified":"2022-10-14T18:59:58","modified_gmt":"2022-10-14T16:59:58","slug":"attrattivita-gli-imprenditori-italiani-del-principato-discutono-insieme-la-tematica","status":"publish","type":"post","link":"https:\/\/www.monaco-tribune.com\/it\/2022\/10\/attrattivita-gli-imprenditori-italiani-del-principato-discutono-insieme-la-tematica\/","title":{"rendered":"Attrattivit\u00e0: gli imprenditori italiani del Principato discutono insieme la tematica"},"content":{"rendered":"\n<p><strong>Il tema dell&#8217;attrattivit\u00e0 \u00e8 stato affrontato venerd\u00ec 7 ottobre durante una conferenza organizzata dall&#8217;Associazione degli Imprenditori Italiani del Principato di Monaco.<\/strong><\/p>\n\n<p>L&#8217;associazione ha accolto nel lussuoso hotel Fairmont Monte-Carlo i suoi membri residenti e una delegazione di giovani imprenditori italiani per una conferenza incentrata sull&#8217;attrattivit\u00e0 del Principato.<\/p>\n\n<p>Pierre Dartout ha aperto l&#8217;incontro mettendo in risalto le caratteristiche di Monaco, in particolare il suo modello socio-economico e il contributo fondamentale apportato dai residenti e dagli investitori stranieri. Il Ministro di Stato si \u00e8 inoltre soffermato sulla gestione della crisi sanitaria sottolineando l&#8217;importante sostegno offerto dallo Stato, che ha assistito il pi\u00f9 possibile le aziende del Principato.<\/p>\n\n<p><strong>LEGGI ANCHE: <a href=\"https:\/\/www.monaco-tribune.com\/it\/2022\/09\/jean-castellini-monaco-e-una-terra-dinnovazione\/\">Jean Castellini: \u201cMonaco \u00e8 una terra d\u2019innovazione\u201d<\/a><\/strong><\/p>\n\n<p>\u00c8 poi intervenuto Jean Castellini, Consigliere di Governo e Ministro delle Finanze e dell&#8217;Economia, che ha colto l&#8217;occasione per evidenziare le opportunit\u00e0 che Monaco offre alle aziende che vi si trasferiscono.<\/p>\n","protected":false},"excerpt":{"rendered":"<p>Il tema dell&#8217;attrattivit\u00e0 \u00e8 stato affrontato venerd\u00ec 7 ottobre durante una conferenza organizzata dall&#8217;Associazione degli Imprenditori Italiani del Principato di [&hellip;]<\/p>\n","protected":false},"author":69,"featured_media":145494,"comment_status":"closed","ping_status":"closed","sticky":false,"template":"","format":"standard","meta":{"_acf_changed":false,"footnotes":""},"categories":[1739,1738],"tags":[],"post_sectags":[],"post_format":[2478],"class_list":["post-145640","post","type-post","status-publish","format-standard","has-post-thumbnail","hentry","category-business-it","category-notizie","format-notizia"],"acf":[],"yoast_head":"<!-- This site is optimized with the Yoast SEO Premium plugin v26.8 (Yoast SEO v27.5) - https:\/\/yoast.com\/product\/yoast-seo-premium-wordpress\/ -->\n<title>Attrattivit\u00e0: gli imprenditori italiani del Principato discutono insieme la tematica<\/title>\n<meta name=\"description\" content=\"Il tema dell&#039;attrattivit\u00e0 \u00e8 stato affrontato venerd\u00ec 7 ottobre durante una conferenza organizzata dall&#039;Associazione degli Imprenditori Italiani del\" \/>\n<meta name=\"robots\" content=\"index, follow, max-snippet:-1, max-image-preview:large, max-video-preview:-1\" \/>\n<link rel=\"canonical\" href=\"https:\/\/www.monaco-tribune.com\/it\/2022\/10\/attrattivita-gli-imprenditori-italiani-del-principato-discutono-insieme-la-tematica\/\" \/>\n<meta property=\"og:locale\" content=\"it_IT\" \/>\n<meta property=\"og:type\" content=\"article\" \/>\n<meta property=\"og:title\" content=\"Attrattivit\u00e0: gli imprenditori italiani del Principato discutono insieme la tematica - Monaco Tribune\" \/>\n<meta property=\"og:description\" content=\"Il tema dell&#039;attrattivit\u00e0 \u00e8 stato affrontato venerd\u00ec 7 ottobre durante una conferenza organizzata dall&#039;Associazione degli Imprenditori Italiani del\" \/>\n<meta property=\"og:url\" content=\"https:\/\/www.monaco-tribune.com\/it\/2022\/10\/attrattivita-gli-imprenditori-italiani-del-principato-discutono-insieme-la-tematica\/\" \/>\n<meta property=\"og:site_name\" content=\"Monaco Tribune\" \/>\n<meta property=\"article:publisher\" content=\"https:\/\/www.facebook.com\/MonacoTribune\" \/>\n<meta property=\"article:published_time\" content=\"2022-10-14T16:52:50+00:00\" \/>\n<meta property=\"article:modified_time\" content=\"2022-10-14T16:59:58+00:00\" \/>\n<meta property=\"og:image\" content=\"https:\/\/www.monaco-tribune.com\/wp-content\/uploads\/2022\/10\/association-entrepreuneurs-italiens.jpg\" \/>\n\t<meta property=\"og:image:width\" content=\"1020\" \/>\n\t<meta property=\"og:image:height\" content=\"680\" \/>\n\t<meta property=\"og:image:type\" content=\"image\/jpeg\" \/>\n<meta name=\"author\" content=\"Sarah Incari\" \/>\n<meta name=\"twitter:card\" content=\"summary_large_image\" \/>\n<meta name=\"twitter:creator\" content=\"@MonacoTribune\" \/>\n<meta name=\"twitter:site\" content=\"@MonacoTribune\" \/>\n<script type=\"application\/ld+json\" class=\"yoast-schema-graph\">{\"@context\":\"https:\\\/\\\/schema.org\",\"@graph\":[{\"@type\":\"NewsArticle\",\"@id\":\"https:\\\/\\\/www.monaco-tribune.com\\\/it\\\/2022\\\/10\\\/attrattivita-gli-imprenditori-italiani-del-principato-discutono-insieme-la-tematica\\\/#article\",\"isPartOf\":{\"@id\":\"https:\\\/\\\/www.monaco-tribune.com\\\/it\\\/2022\\\/10\\\/attrattivita-gli-imprenditori-italiani-del-principato-discutono-insieme-la-tematica\\\/\"},\"author\":{\"name\":\"Sarah Incari\",\"@id\":\"https:\\\/\\\/www.monaco-tribune.com\\\/it\\\/#\\\/schema\\\/person\\\/dd3b5770833f791d3f4d808f1aa84499\"},\"headline\":\"Attrattivit\u00e0: gli imprenditori italiani del Principato discutono insieme la tematica\",\"datePublished\":\"2022-10-14T16:52:50+00:00\",\"dateModified\":\"2022-10-14T16:59:58+00:00\",\"mainEntityOfPage\":{\"@id\":\"https:\\\/\\\/www.monaco-tribune.com\\\/it\\\/2022\\\/10\\\/attrattivita-gli-imprenditori-italiani-del-principato-discutono-insieme-la-tematica\\\/\"},\"wordCount\":159,\"publisher\":{\"@id\":\"https:\\\/\\\/www.monaco-tribune.com\\\/it\\\/#organization\"},\"image\":{\"@id\":\"https:\\\/\\\/www.monaco-tribune.com\\\/it\\\/2022\\\/10\\\/attrattivita-gli-imprenditori-italiani-del-principato-discutono-insieme-la-tematica\\\/#primaryimage\"},\"thumbnailUrl\":\"https:\\\/\\\/www.monaco-tribune.com\\\/wp-content\\\/uploads\\\/2022\\\/10\\\/association-entrepreuneurs-italiens.jpg\",\"articleSection\":[\"Business\",\"Notizie\"],\"inLanguage\":\"it-IT\",\"copyrightYear\":\"2022\",\"copyrightHolder\":{\"@id\":\"https:\\\/\\\/www.monaco-tribune.com\\\/#organization\"}},{\"@type\":\"WebPage\",\"@id\":\"https:\\\/\\\/www.monaco-tribune.com\\\/it\\\/2022\\\/10\\\/attrattivita-gli-imprenditori-italiani-del-principato-discutono-insieme-la-tematica\\\/\",\"url\":\"https:\\\/\\\/www.monaco-tribune.com\\\/it\\\/2022\\\/10\\\/attrattivita-gli-imprenditori-italiani-del-principato-discutono-insieme-la-tematica\\\/\",\"name\":\"Attrattivit\u00e0: gli imprenditori italiani del Principato discutono insieme la tematica\",\"isPartOf\":{\"@id\":\"https:\\\/\\\/www.monaco-tribune.com\\\/it\\\/#website\"},\"primaryImageOfPage\":{\"@id\":\"https:\\\/\\\/www.monaco-tribune.com\\\/it\\\/2022\\\/10\\\/attrattivita-gli-imprenditori-italiani-del-principato-discutono-insieme-la-tematica\\\/#primaryimage\"},\"image\":{\"@id\":\"https:\\\/\\\/www.monaco-tribune.com\\\/it\\\/2022\\\/10\\\/attrattivita-gli-imprenditori-italiani-del-principato-discutono-insieme-la-tematica\\\/#primaryimage\"},\"thumbnailUrl\":\"https:\\\/\\\/www.monaco-tribune.com\\\/wp-content\\\/uploads\\\/2022\\\/10\\\/association-entrepreuneurs-italiens.jpg\",\"datePublished\":\"2022-10-14T16:52:50+00:00\",\"dateModified\":\"2022-10-14T16:59:58+00:00\",\"description\":\"Il tema dell'attrattivit\u00e0 \u00e8 stato affrontato venerd\u00ec 7 ottobre durante una conferenza organizzata dall'Associazione degli Imprenditori Italiani del\",\"breadcrumb\":{\"@id\":\"https:\\\/\\\/www.monaco-tribune.com\\\/it\\\/2022\\\/10\\\/attrattivita-gli-imprenditori-italiani-del-principato-discutono-insieme-la-tematica\\\/#breadcrumb\"},\"inLanguage\":\"it-IT\",\"potentialAction\":[{\"@type\":\"ReadAction\",\"target\":[\"https:\\\/\\\/www.monaco-tribune.com\\\/it\\\/2022\\\/10\\\/attrattivita-gli-imprenditori-italiani-del-principato-discutono-insieme-la-tematica\\\/\"]}]},{\"@type\":\"ImageObject\",\"inLanguage\":\"it-IT\",\"@id\":\"https:\\\/\\\/www.monaco-tribune.com\\\/it\\\/2022\\\/10\\\/attrattivita-gli-imprenditori-italiani-del-principato-discutono-insieme-la-tematica\\\/#primaryimage\",\"url\":\"https:\\\/\\\/www.monaco-tribune.com\\\/wp-content\\\/uploads\\\/2022\\\/10\\\/association-entrepreuneurs-italiens.jpg\",\"contentUrl\":\"https:\\\/\\\/www.monaco-tribune.com\\\/wp-content\\\/uploads\\\/2022\\\/10\\\/association-entrepreuneurs-italiens.jpg\",\"width\":1020,\"height\":680,\"caption\":\"Direzione della Comunicazione \\\/ St\u00e9phane Danna - Da sinistra a destra: Riccardo Di Stefano (presidente nazionale dei Giovani Imprenditori di Confindustria), Paolo Risso (presidente dell'Associazione degli Imprenditori Italiani del Principato di Monaco), Pierre Dartout (Ministro di Stato), Jean Castellini (Consigliere di Governo e Ministro delle Finanze e dell'Economia) e Giulio Alaimo (Ambasciatore d'Italia a Monaco)\"},{\"@type\":\"BreadcrumbList\",\"@id\":\"https:\\\/\\\/www.monaco-tribune.com\\\/it\\\/2022\\\/10\\\/attrattivita-gli-imprenditori-italiani-del-principato-discutono-insieme-la-tematica\\\/#breadcrumb\",\"itemListElement\":[{\"@type\":\"ListItem\",\"position\":1,\"name\":\"Accueil\",\"item\":\"https:\\\/\\\/www.monaco-tribune.com\\\/it\\\/\"},{\"@type\":\"ListItem\",\"position\":2,\"name\":\"Attrattivit\u00e0: gli imprenditori italiani del Principato discutono insieme la tematica\"}]},{\"@type\":\"WebSite\",\"@id\":\"https:\\\/\\\/www.monaco-tribune.com\\\/it\\\/#website\",\"url\":\"https:\\\/\\\/www.monaco-tribune.com\\\/it\\\/\",\"name\":\"Monaco Tribune\",\"description\":\"Monaco : actualit\u00e9s \u00e9conomiques, politiques, culturelles et sportives de Monaco et de la French Riviera.\",\"publisher\":{\"@id\":\"https:\\\/\\\/www.monaco-tribune.com\\\/it\\\/#organization\"},\"potentialAction\":[{\"@type\":\"SearchAction\",\"target\":{\"@type\":\"EntryPoint\",\"urlTemplate\":\"https:\\\/\\\/www.monaco-tribune.com\\\/it\\\/?s={search_term_string}\"},\"query-input\":{\"@type\":\"PropertyValueSpecification\",\"valueRequired\":true,\"valueName\":\"search_term_string\"}}],\"inLanguage\":\"it-IT\"},{\"@type\":\"Organization\",\"@id\":\"https:\\\/\\\/www.monaco-tribune.com\\\/it\\\/#organization\",\"name\":\"Monaco Tribune\",\"url\":\"https:\\\/\\\/www.monaco-tribune.com\\\/it\\\/\",\"logo\":{\"@type\":\"ImageObject\",\"inLanguage\":\"it-IT\",\"@id\":\"https:\\\/\\\/www.monaco-tribune.com\\\/it\\\/#\\\/schema\\\/logo\\\/image\\\/\",\"url\":\"https:\\\/\\\/www.monaco-tribune.com\\\/wp-content\\\/uploads\\\/2022\\\/11\\\/logo-monaco-tribune.png\",\"contentUrl\":\"https:\\\/\\\/www.monaco-tribune.com\\\/wp-content\\\/uploads\\\/2022\\\/11\\\/logo-monaco-tribune.png\",\"width\":1548,\"height\":600,\"caption\":\"Monaco Tribune\"},\"image\":{\"@id\":\"https:\\\/\\\/www.monaco-tribune.com\\\/it\\\/#\\\/schema\\\/logo\\\/image\\\/\"},\"sameAs\":[\"https:\\\/\\\/www.facebook.com\\\/MonacoTribune\",\"https:\\\/\\\/x.com\\\/MonacoTribune\",\"https:\\\/\\\/www.instagram.com\\\/monacotribune\\\/\",\"https:\\\/\\\/www.linkedin.com\\\/company\\\/monaco-tribune\",\"https:\\\/\\\/www.youtube.com\\\/channel\\\/UCHle1MnG6hw1y4lWKijVbMA\"]},{\"@type\":\"Person\",\"@id\":\"https:\\\/\\\/www.monaco-tribune.com\\\/it\\\/#\\\/schema\\\/person\\\/dd3b5770833f791d3f4d808f1aa84499\",\"name\":\"Sarah Incari\",\"image\":{\"@type\":\"ImageObject\",\"inLanguage\":\"it-IT\",\"@id\":\"https:\\\/\\\/secure.gravatar.com\\\/avatar\\\/4ac0b37be892d57107ccdd804e3f2a03bf1e3fca097512136d3603859293cb0e?s=96&d=mm&r=g\",\"url\":\"https:\\\/\\\/secure.gravatar.com\\\/avatar\\\/4ac0b37be892d57107ccdd804e3f2a03bf1e3fca097512136d3603859293cb0e?s=96&d=mm&r=g\",\"contentUrl\":\"https:\\\/\\\/secure.gravatar.com\\\/avatar\\\/4ac0b37be892d57107ccdd804e3f2a03bf1e3fca097512136d3603859293cb0e?s=96&d=mm&r=g\",\"caption\":\"Sarah Incari\"},\"url\":\"https:\\\/\\\/www.monaco-tribune.com\\\/it\\\/author\\\/sarahincari\\\/\"}]}<\/script>\n<!-- \/ Yoast SEO Premium plugin. -->","yoast_head_json":{"title":"Attrattivit\u00e0: gli imprenditori italiani del Principato discutono insieme la tematica","description":"Il tema dell'attrattivit\u00e0 \u00e8 stato affrontato venerd\u00ec 7 ottobre durante una conferenza organizzata dall'Associazione degli Imprenditori Italiani del","robots":{"index":"index","follow":"follow","max-snippet":"max-snippet:-1","max-image-preview":"max-image-preview:large","max-video-preview":"max-video-preview:-1"},"canonical":"https:\/\/www.monaco-tribune.com\/it\/2022\/10\/attrattivita-gli-imprenditori-italiani-del-principato-discutono-insieme-la-tematica\/","og_locale":"it_IT","og_type":"article","og_title":"Attrattivit\u00e0: gli imprenditori italiani del Principato discutono insieme la tematica - Monaco Tribune","og_description":"Il tema dell'attrattivit\u00e0 \u00e8 stato affrontato venerd\u00ec 7 ottobre durante una conferenza organizzata dall'Associazione degli Imprenditori Italiani del","og_url":"https:\/\/www.monaco-tribune.com\/it\/2022\/10\/attrattivita-gli-imprenditori-italiani-del-principato-discutono-insieme-la-tematica\/","og_site_name":"Monaco Tribune","article_publisher":"https:\/\/www.facebook.com\/MonacoTribune","article_published_time":"2022-10-14T16:52:50+00:00","article_modified_time":"2022-10-14T16:59:58+00:00","og_image":[{"width":1020,"height":680,"url":"https:\/\/www.monaco-tribune.com\/wp-content\/uploads\/2022\/10\/association-entrepreuneurs-italiens.jpg","type":"image\/jpeg"}],"author":"Sarah Incari","twitter_card":"summary_large_image","twitter_creator":"@MonacoTribune","twitter_site":"@MonacoTribune","schema":{"@context":"https:\/\/schema.org","@graph":[{"@type":"NewsArticle","@id":"https:\/\/www.monaco-tribune.com\/it\/2022\/10\/attrattivita-gli-imprenditori-italiani-del-principato-discutono-insieme-la-tematica\/#article","isPartOf":{"@id":"https:\/\/www.monaco-tribune.com\/it\/2022\/10\/attrattivita-gli-imprenditori-italiani-del-principato-discutono-insieme-la-tematica\/"},"author":{"name":"Sarah Incari","@id":"https:\/\/www.monaco-tribune.com\/it\/#\/schema\/person\/dd3b5770833f791d3f4d808f1aa84499"},"headline":"Attrattivit\u00e0: gli imprenditori italiani del Principato discutono insieme la tematica","datePublished":"2022-10-14T16:52:50+00:00","dateModified":"2022-10-14T16:59:58+00:00","mainEntityOfPage":{"@id":"https:\/\/www.monaco-tribune.com\/it\/2022\/10\/attrattivita-gli-imprenditori-italiani-del-principato-discutono-insieme-la-tematica\/"},"wordCount":159,"publisher":{"@id":"https:\/\/www.monaco-tribune.com\/it\/#organization"},"image":{"@id":"https:\/\/www.monaco-tribune.com\/it\/2022\/10\/attrattivita-gli-imprenditori-italiani-del-principato-discutono-insieme-la-tematica\/#primaryimage"},"thumbnailUrl":"https:\/\/www.monaco-tribune.com\/wp-content\/uploads\/2022\/10\/association-entrepreuneurs-italiens.jpg","articleSection":["Business","Notizie"],"inLanguage":"it-IT","copyrightYear":"2022","copyrightHolder":{"@id":"https:\/\/www.monaco-tribune.com\/#organization"}},{"@type":"WebPage","@id":"https:\/\/www.monaco-tribune.com\/it\/2022\/10\/attrattivita-gli-imprenditori-italiani-del-principato-discutono-insieme-la-tematica\/","url":"https:\/\/www.monaco-tribune.com\/it\/2022\/10\/attrattivita-gli-imprenditori-italiani-del-principato-discutono-insieme-la-tematica\/","name":"Attrattivit\u00e0: gli imprenditori italiani del Principato discutono insieme la tematica","isPartOf":{"@id":"https:\/\/www.monaco-tribune.com\/it\/#website"},"primaryImageOfPage":{"@id":"https:\/\/www.monaco-tribune.com\/it\/2022\/10\/attrattivita-gli-imprenditori-italiani-del-principato-discutono-insieme-la-tematica\/#primaryimage"},"image":{"@id":"https:\/\/www.monaco-tribune.com\/it\/2022\/10\/attrattivita-gli-imprenditori-italiani-del-principato-discutono-insieme-la-tematica\/#primaryimage"},"thumbnailUrl":"https:\/\/www.monaco-tribune.com\/wp-content\/uploads\/2022\/10\/association-entrepreuneurs-italiens.jpg","datePublished":"2022-10-14T16:52:50+00:00","dateModified":"2022-10-14T16:59:58+00:00","description":"Il tema dell'attrattivit\u00e0 \u00e8 stato affrontato venerd\u00ec 7 ottobre durante una conferenza organizzata dall'Associazione degli Imprenditori Italiani del","breadcrumb":{"@id":"https:\/\/www.monaco-tribune.com\/it\/2022\/10\/attrattivita-gli-imprenditori-italiani-del-principato-discutono-insieme-la-tematica\/#breadcrumb"},"inLanguage":"it-IT","potentialAction":[{"@type":"ReadAction","target":["https:\/\/www.monaco-tribune.com\/it\/2022\/10\/attrattivita-gli-imprenditori-italiani-del-principato-discutono-insieme-la-tematica\/"]}]},{"@type":"ImageObject","inLanguage":"it-IT","@id":"https:\/\/www.monaco-tribune.com\/it\/2022\/10\/attrattivita-gli-imprenditori-italiani-del-principato-discutono-insieme-la-tematica\/#primaryimage","url":"https:\/\/www.monaco-tribune.com\/wp-content\/uploads\/2022\/10\/association-entrepreuneurs-italiens.jpg","contentUrl":"https:\/\/www.monaco-tribune.com\/wp-content\/uploads\/2022\/10\/association-entrepreuneurs-italiens.jpg","width":1020,"height":680,"caption":"Direzione della Comunicazione \/ St\u00e9phane Danna - Da sinistra a destra: Riccardo Di Stefano (presidente nazionale dei Giovani Imprenditori di Confindustria), Paolo Risso (presidente dell'Associazione degli Imprenditori Italiani del Principato di Monaco), Pierre Dartout (Ministro di Stato), Jean Castellini (Consigliere di Governo e Ministro delle Finanze e dell'Economia) e Giulio Alaimo (Ambasciatore d'Italia a Monaco)"},{"@type":"BreadcrumbList","@id":"https:\/\/www.monaco-tribune.com\/it\/2022\/10\/attrattivita-gli-imprenditori-italiani-del-principato-discutono-insieme-la-tematica\/#breadcrumb","itemListElement":[{"@type":"ListItem","position":1,"name":"Accueil","item":"https:\/\/www.monaco-tribune.com\/it\/"},{"@type":"ListItem","position":2,"name":"Attrattivit\u00e0: gli imprenditori italiani del Principato discutono insieme la tematica"}]},{"@type":"WebSite","@id":"https:\/\/www.monaco-tribune.com\/it\/#website","url":"https:\/\/www.monaco-tribune.com\/it\/","name":"Monaco Tribune","description":"Monaco : actualit\u00e9s \u00e9conomiques, politiques, culturelles et sportives de Monaco et de la French Riviera.","publisher":{"@id":"https:\/\/www.monaco-tribune.com\/it\/#organization"},"potentialAction":[{"@type":"SearchAction","target":{"@type":"EntryPoint","urlTemplate":"https:\/\/www.monaco-tribune.com\/it\/?s={search_term_string}"},"query-input":{"@type":"PropertyValueSpecification","valueRequired":true,"valueName":"search_term_string"}}],"inLanguage":"it-IT"},{"@type":"Organization","@id":"https:\/\/www.monaco-tribune.com\/it\/#organization","name":"Monaco Tribune","url":"https:\/\/www.monaco-tribune.com\/it\/","logo":{"@type":"ImageObject","inLanguage":"it-IT","@id":"https:\/\/www.monaco-tribune.com\/it\/#\/schema\/logo\/image\/","url":"https:\/\/www.monaco-tribune.com\/wp-content\/uploads\/2022\/11\/logo-monaco-tribune.png","contentUrl":"https:\/\/www.monaco-tribune.com\/wp-content\/uploads\/2022\/11\/logo-monaco-tribune.png","width":1548,"height":600,"caption":"Monaco Tribune"},"image":{"@id":"https:\/\/www.monaco-tribune.com\/it\/#\/schema\/logo\/image\/"},"sameAs":["https:\/\/www.facebook.com\/MonacoTribune","https:\/\/x.com\/MonacoTribune","https:\/\/www.instagram.com\/monacotribune\/","https:\/\/www.linkedin.com\/company\/monaco-tribune","https:\/\/www.youtube.com\/channel\/UCHle1MnG6hw1y4lWKijVbMA"]},{"@type":"Person","@id":"https:\/\/www.monaco-tribune.com\/it\/#\/schema\/person\/dd3b5770833f791d3f4d808f1aa84499","name":"Sarah Incari","image":{"@type":"ImageObject","inLanguage":"it-IT","@id":"https:\/\/secure.gravatar.com\/avatar\/4ac0b37be892d57107ccdd804e3f2a03bf1e3fca097512136d3603859293cb0e?s=96&d=mm&r=g","url":"https:\/\/secure.gravatar.com\/avatar\/4ac0b37be892d57107ccdd804e3f2a03bf1e3fca097512136d3603859293cb0e?s=96&d=mm&r=g","contentUrl":"https:\/\/secure.gravatar.com\/avatar\/4ac0b37be892d57107ccdd804e3f2a03bf1e3fca097512136d3603859293cb0e?s=96&d=mm&r=g","caption":"Sarah Incari"},"url":"https:\/\/www.monaco-tribune.com\/it\/author\/sarahincari\/"}]}},"_links":{"self":[{"href":"https:\/\/www.monaco-tribune.com\/it\/wp-json\/wp\/v2\/posts\/145640","targetHints":{"allow":["GET"]}}],"collection":[{"href":"https:\/\/www.monaco-tribune.com\/it\/wp-json\/wp\/v2\/posts"}],"about":[{"href":"https:\/\/www.monaco-tribune.com\/it\/wp-json\/wp\/v2\/types\/post"}],"author":[{"embeddable":true,"href":"https:\/\/www.monaco-tribune.com\/it\/wp-json\/wp\/v2\/users\/69"}],"replies":[{"embeddable":true,"href":"https:\/\/www.monaco-tribune.com\/it\/wp-json\/wp\/v2\/comments?post=145640"}],"version-history":[{"count":0,"href":"https:\/\/www.monaco-tribune.com\/it\/wp-json\/wp\/v2\/posts\/145640\/revisions"}],"wp:featuredmedia":[{"embeddable":true,"href":"https:\/\/www.monaco-tribune.com\/it\/wp-json\/wp\/v2\/media\/145494"}],"wp:attachment":[{"href":"https:\/\/www.monaco-tribune.com\/it\/wp-json\/wp\/v2\/media?parent=145640"}],"wp:term":[{"taxonomy":"category","embeddable":true,"href":"https:\/\/www.monaco-tribune.com\/it\/wp-json\/wp\/v2\/categories?post=145640"},{"taxonomy":"post_tag","embeddable":true,"href":"https:\/\/www.monaco-tribune.com\/it\/wp-json\/wp\/v2\/tags?post=145640"},{"taxonomy":"sectag","embeddable":true,"href":"https:\/\/www.monaco-tribune.com\/it\/wp-json\/wp\/v2\/post_sectags?post=145640"},{"taxonomy":"format","embeddable":true,"href":"https:\/\/www.monaco-tribune.com\/it\/wp-json\/wp\/v2\/post_format?post=145640"}],"curies":[{"name":"wp","href":"https:\/\/api.w.org\/{rel}","templated":true}]}}