{"id":146294,"date":"2022-10-19T11:31:12","date_gmt":"2022-10-19T09:31:12","guid":{"rendered":"https:\/\/www.monaco-tribune.com\/2022\/10\/foto-il-principe-alberto-ii-ha-incontrato-il-re-di-spagna-felipe-vi\/"},"modified":"2022-10-19T11:31:40","modified_gmt":"2022-10-19T09:31:40","slug":"foto-il-principe-alberto-ii-ha-incontrato-il-re-di-spagna-felipe-vi","status":"publish","type":"post","link":"https:\/\/www.monaco-tribune.com\/it\/2022\/10\/foto-il-principe-alberto-ii-ha-incontrato-il-re-di-spagna-felipe-vi\/","title":{"rendered":"FOTO. Il Principe Alberto II ha incontrato il Re di Spagna Felipe VI"},"content":{"rendered":"\n<p><strong>Una visita in memoria del Principe Alberto I, di cui quest&#8217;anno si festeggia il centenario.<\/strong><\/p>\n\n<p>Il Principe Alberto II continua il suo viaggio della memoria sulle orme del Principe Alberti I. <a href=\"https:\/\/www.monaco-tribune.com\/2022\/10\/photos-le-prince-albert-ii-sur-les-traces-du-prince-albert-ier-au-portugal\/\">Dopo le Azzorre e Lisbona il 13 e il 14 ottobre<\/a>, il Sovrano si \u00e8 recato in Spagna, pi\u00f9 precisamente a Madrid e a Puente Viesgo.<\/p>\n\n<p>Durante la sua visita nella capitale, il Principe Alberto II ha assistito a una mostra sull&#8217;Oceania spagnola ai tempi del suo trisavolo, ospitata all&#8217;interno del Consiglio superiore della ricerca scientifica. Inoltre, al Sovrano \u00e8 stata presentata un&#8217;esposizione commemorativa sul ruolo giocato da Principe Alberto I in Spagna nel campo dell&#8217;Oceanografia.<\/p>\n<div class=\"wp-block-image\">\n<figure class=\"aligncenter size-large\"><img loading=\"lazy\" decoding=\"async\" width=\"1024\" height=\"695\" src=\"https:\/\/www.monaco-tribune.com\/wp-content\/uploads\/2022\/10\/prince-albert-ii-madrid-1024x695.jpg\" alt=\"principe-alberto-ii-madrid\" class=\"wp-image-146176\" srcset=\"https:\/\/www.monaco-tribune.com\/wp-content\/uploads\/2022\/10\/prince-albert-ii-madrid-1024x695.jpg 1024w, https:\/\/www.monaco-tribune.com\/wp-content\/uploads\/2022\/10\/prince-albert-ii-madrid-442x300.jpg 442w, https:\/\/www.monaco-tribune.com\/wp-content\/uploads\/2022\/10\/prince-albert-ii-madrid.jpg 1200w\" sizes=\"auto, (max-width: 1024px) 100vw, 1024px\" \/><\/figure>\n<\/div><div class=\"wp-block-image\">\n<figure class=\"aligncenter size-large\"><img loading=\"lazy\" decoding=\"async\" width=\"1024\" height=\"768\" src=\"https:\/\/www.monaco-tribune.com\/wp-content\/uploads\/2022\/10\/prince-albert-ii-conseil-superieur-de-la-recherche-scientifique-espagne-1024x768.jpg\" alt=\"principe-alberto-ii-Consiglio-superiore-della-ricerca-scientifica-spagna\" class=\"wp-image-146180\" srcset=\"https:\/\/www.monaco-tribune.com\/wp-content\/uploads\/2022\/10\/prince-albert-ii-conseil-superieur-de-la-recherche-scientifique-espagne-1024x768.jpg 1024w, https:\/\/www.monaco-tribune.com\/wp-content\/uploads\/2022\/10\/prince-albert-ii-conseil-superieur-de-la-recherche-scientifique-espagne-400x300.jpg 400w, https:\/\/www.monaco-tribune.com\/wp-content\/uploads\/2022\/10\/prince-albert-ii-conseil-superieur-de-la-recherche-scientifique-espagne.jpg 1200w\" sizes=\"auto, (max-width: 1024px) 100vw, 1024px\" \/><figcaption><em>\u00a9 Gaetan Luci \/ Palazzo del principe &#8211; Casa Reale di Spagna<\/em><\/figcaption><\/figure>\n<\/div>\n<p>Il legame tra il Principe Alberto I e la Spagna \u00e8 sempre stato abbastanza saldo, visto che il Principe aveva trascorso due anni, dal 1866 al 1868, nella Marina reale spagnola. Inoltre, \u00e8 stato proprio durante la conferenza di Madrid del 1919 che venne fondata la Commissione scientifica per l&#8217;esplorazione del Mediterraneo.<\/p>\n\n<p>Al termine della visita, il Principe Alberto II e il Re Felipe VI hanno pranzato insieme al Palazzo della Zarzuela.<\/p>\n<div class=\"wp-block-image\">\n<figure class=\"aligncenter size-large\"><img loading=\"lazy\" decoding=\"async\" width=\"1024\" height=\"726\" src=\"https:\/\/www.monaco-tribune.com\/wp-content\/uploads\/2022\/10\/prince-albert-ii-roi-espagne-felipe-vi-dejeuner-1024x726.jpg\" alt=\"Principe-alberto-ii-re-spagna-felipe-vi-pranzo\" class=\"wp-image-146164\" srcset=\"https:\/\/www.monaco-tribune.com\/wp-content\/uploads\/2022\/10\/prince-albert-ii-roi-espagne-felipe-vi-dejeuner-1024x726.jpg 1024w, https:\/\/www.monaco-tribune.com\/wp-content\/uploads\/2022\/10\/prince-albert-ii-roi-espagne-felipe-vi-dejeuner-423x300.jpg 423w, https:\/\/www.monaco-tribune.com\/wp-content\/uploads\/2022\/10\/prince-albert-ii-roi-espagne-felipe-vi-dejeuner.jpg 1774w\" sizes=\"auto, (max-width: 1024px) 100vw, 1024px\" \/><figcaption><em>\u00a9 Gaetan Luci \/ Palazzo del principe &#8211; Casa Reale di Spagna<\/em><\/figcaption><\/figure>\n<\/div>\n<p>L&#8217;indomani, domenica 16 ottobre, il Sovrano \u00e8 stato invitato da Miguel \u00c1ngel Revilla, presidente della Comunit\u00e0 autonoma di Cantabria, a visitare la grotta di El Castillo. Qui ha potuto inoltre scoprire il futuro museo del sito, classificato patrimonio mondiale dall&#8217;UNESCO, e consegnare una targa commemorativa. Il Sovrano ha colto cos\u00ec l&#8217;occasione per ricordare l&#8217;interesse del mecenatismo del Principe Alberto I nei confronti della ricerca preistorica.<\/p>\n<div class=\"wp-block-image\">\n<figure class=\"aligncenter size-large\"><img loading=\"lazy\" decoding=\"async\" width=\"1024\" height=\"768\" src=\"https:\/\/www.monaco-tribune.com\/wp-content\/uploads\/2022\/10\/grotte-el-castillo-espagne-1024x768.jpg\" alt=\"grotta-el-castillo-spagna\" class=\"wp-image-146168\" srcset=\"https:\/\/www.monaco-tribune.com\/wp-content\/uploads\/2022\/10\/grotte-el-castillo-espagne-1024x768.jpg 1024w, https:\/\/www.monaco-tribune.com\/wp-content\/uploads\/2022\/10\/grotte-el-castillo-espagne-400x300.jpg 400w, https:\/\/www.monaco-tribune.com\/wp-content\/uploads\/2022\/10\/grotte-el-castillo-espagne.jpg 1200w\" sizes=\"auto, (max-width: 1024px) 100vw, 1024px\" \/><\/figure>\n<\/div><div class=\"wp-block-image\">\n<figure class=\"aligncenter size-large\"><img loading=\"lazy\" decoding=\"async\" width=\"1024\" height=\"683\" src=\"https:\/\/www.monaco-tribune.com\/wp-content\/uploads\/2022\/10\/prince-albert-ii-grotte-el-castillo--1024x683.jpg\" alt=\"principe-alberto-ii-grotta-el-castillo-\" class=\"wp-image-146172\" srcset=\"https:\/\/www.monaco-tribune.com\/wp-content\/uploads\/2022\/10\/prince-albert-ii-grotte-el-castillo--1024x683.jpg 1024w, https:\/\/www.monaco-tribune.com\/wp-content\/uploads\/2022\/10\/prince-albert-ii-grotte-el-castillo--450x300.jpg 450w, https:\/\/www.monaco-tribune.com\/wp-content\/uploads\/2022\/10\/prince-albert-ii-grotte-el-castillo-.jpg 1200w\" sizes=\"auto, (max-width: 1024px) 100vw, 1024px\" \/><figcaption><em>\u00a9 Gaetan Luci \/ Palazzo del principe &#8211; Casa Reale di Spagna<\/em><\/figcaption><\/figure>\n<\/div>","protected":false},"excerpt":{"rendered":"<p>Una visita in memoria del Principe Alberto I, di cui quest&#8217;anno si festeggia il centenario. Il Principe Alberto II continua [&hellip;]<\/p>\n","protected":false},"author":66,"featured_media":146162,"comment_status":"closed","ping_status":"closed","sticky":false,"template":"","format":"standard","meta":{"_acf_changed":false,"footnotes":""},"categories":[1742,1826,1738],"tags":[],"post_sectags":[],"post_format":[2474],"class_list":["post-146294","post","type-post","status-publish","format-standard","has-post-thumbnail","hentry","category-famiglia-principesca","category-la-nostra-scelta","category-notizie","format-foto"],"acf":[],"yoast_head":"<!-- This site is optimized with the Yoast SEO Premium plugin v26.8 (Yoast SEO v27.5) - https:\/\/yoast.com\/product\/yoast-seo-premium-wordpress\/ -->\n<title>FOTO. Il Principe Alberto II ha incontrato il Re di Spagna Felipe VI<\/title>\n<meta name=\"description\" content=\"Una visita in memoria del Principe Alberto I, di cui quest&#039;anno si festeggia il centenario. Il Principe Alberto II continua il suo viaggio della memoria\" \/>\n<meta name=\"robots\" content=\"index, follow, max-snippet:-1, max-image-preview:large, max-video-preview:-1\" \/>\n<link rel=\"canonical\" href=\"https:\/\/www.monaco-tribune.com\/it\/2022\/10\/foto-il-principe-alberto-ii-ha-incontrato-il-re-di-spagna-felipe-vi\/\" \/>\n<meta property=\"og:locale\" content=\"it_IT\" \/>\n<meta property=\"og:type\" content=\"article\" \/>\n<meta property=\"og:title\" content=\"FOTO. Il Principe Alberto II ha incontrato il Re di Spagna Felipe VI - Monaco Tribune\" \/>\n<meta property=\"og:description\" content=\"Una visita in memoria del Principe Alberto I, di cui quest&#039;anno si festeggia il centenario. Il Principe Alberto II continua il suo viaggio della memoria\" \/>\n<meta property=\"og:url\" content=\"https:\/\/www.monaco-tribune.com\/it\/2022\/10\/foto-il-principe-alberto-ii-ha-incontrato-il-re-di-spagna-felipe-vi\/\" \/>\n<meta property=\"og:site_name\" content=\"Monaco Tribune\" \/>\n<meta property=\"article:publisher\" content=\"https:\/\/www.facebook.com\/MonacoTribune\" \/>\n<meta property=\"article:published_time\" content=\"2022-10-19T09:31:12+00:00\" \/>\n<meta property=\"article:modified_time\" content=\"2022-10-19T09:31:40+00:00\" \/>\n<meta property=\"og:image\" content=\"https:\/\/www.monaco-tribune.com\/wp-content\/uploads\/2022\/10\/prince-albert-ii-roi-espagne-felipe-vi.jpg\" \/>\n\t<meta property=\"og:image:width\" content=\"1200\" \/>\n\t<meta property=\"og:image:height\" content=\"799\" \/>\n\t<meta property=\"og:image:type\" content=\"image\/jpeg\" \/>\n<meta name=\"author\" content=\"Th\u00e9o Briand\" \/>\n<meta name=\"twitter:card\" content=\"summary_large_image\" \/>\n<meta name=\"twitter:creator\" content=\"@MonacoTribune\" \/>\n<meta name=\"twitter:site\" content=\"@MonacoTribune\" \/>\n<script type=\"application\/ld+json\" class=\"yoast-schema-graph\">{\"@context\":\"https:\\\/\\\/schema.org\",\"@graph\":[{\"@type\":\"NewsArticle\",\"@id\":\"https:\\\/\\\/www.monaco-tribune.com\\\/it\\\/2022\\\/10\\\/foto-il-principe-alberto-ii-ha-incontrato-il-re-di-spagna-felipe-vi\\\/#article\",\"isPartOf\":{\"@id\":\"https:\\\/\\\/www.monaco-tribune.com\\\/it\\\/2022\\\/10\\\/foto-il-principe-alberto-ii-ha-incontrato-il-re-di-spagna-felipe-vi\\\/\"},\"author\":{\"name\":\"Th\u00e9o Briand\",\"@id\":\"https:\\\/\\\/www.monaco-tribune.com\\\/it\\\/#\\\/schema\\\/person\\\/94fb5723547bd83dea1eed97e25145aa\"},\"headline\":\"FOTO. Il Principe Alberto II ha incontrato il Re di Spagna Felipe VI\",\"datePublished\":\"2022-10-19T09:31:12+00:00\",\"dateModified\":\"2022-10-19T09:31:40+00:00\",\"mainEntityOfPage\":{\"@id\":\"https:\\\/\\\/www.monaco-tribune.com\\\/it\\\/2022\\\/10\\\/foto-il-principe-alberto-ii-ha-incontrato-il-re-di-spagna-felipe-vi\\\/\"},\"wordCount\":286,\"publisher\":{\"@id\":\"https:\\\/\\\/www.monaco-tribune.com\\\/it\\\/#organization\"},\"image\":{\"@id\":\"https:\\\/\\\/www.monaco-tribune.com\\\/it\\\/2022\\\/10\\\/foto-il-principe-alberto-ii-ha-incontrato-il-re-di-spagna-felipe-vi\\\/#primaryimage\"},\"thumbnailUrl\":\"https:\\\/\\\/www.monaco-tribune.com\\\/wp-content\\\/uploads\\\/2022\\\/10\\\/prince-albert-ii-roi-espagne-felipe-vi.jpg\",\"articleSection\":[\"Famiglia Principesca\",\"La nostra scelta\",\"Notizie\"],\"inLanguage\":\"it-IT\",\"copyrightYear\":\"2022\",\"copyrightHolder\":{\"@id\":\"https:\\\/\\\/www.monaco-tribune.com\\\/#organization\"}},{\"@type\":\"WebPage\",\"@id\":\"https:\\\/\\\/www.monaco-tribune.com\\\/it\\\/2022\\\/10\\\/foto-il-principe-alberto-ii-ha-incontrato-il-re-di-spagna-felipe-vi\\\/\",\"url\":\"https:\\\/\\\/www.monaco-tribune.com\\\/it\\\/2022\\\/10\\\/foto-il-principe-alberto-ii-ha-incontrato-il-re-di-spagna-felipe-vi\\\/\",\"name\":\"FOTO. Il Principe Alberto II ha incontrato il Re di Spagna Felipe VI\",\"isPartOf\":{\"@id\":\"https:\\\/\\\/www.monaco-tribune.com\\\/it\\\/#website\"},\"primaryImageOfPage\":{\"@id\":\"https:\\\/\\\/www.monaco-tribune.com\\\/it\\\/2022\\\/10\\\/foto-il-principe-alberto-ii-ha-incontrato-il-re-di-spagna-felipe-vi\\\/#primaryimage\"},\"image\":{\"@id\":\"https:\\\/\\\/www.monaco-tribune.com\\\/it\\\/2022\\\/10\\\/foto-il-principe-alberto-ii-ha-incontrato-il-re-di-spagna-felipe-vi\\\/#primaryimage\"},\"thumbnailUrl\":\"https:\\\/\\\/www.monaco-tribune.com\\\/wp-content\\\/uploads\\\/2022\\\/10\\\/prince-albert-ii-roi-espagne-felipe-vi.jpg\",\"datePublished\":\"2022-10-19T09:31:12+00:00\",\"dateModified\":\"2022-10-19T09:31:40+00:00\",\"description\":\"Una visita in memoria del Principe Alberto I, di cui quest'anno si festeggia il centenario. Il Principe Alberto II continua il suo viaggio della memoria\",\"breadcrumb\":{\"@id\":\"https:\\\/\\\/www.monaco-tribune.com\\\/it\\\/2022\\\/10\\\/foto-il-principe-alberto-ii-ha-incontrato-il-re-di-spagna-felipe-vi\\\/#breadcrumb\"},\"inLanguage\":\"it-IT\",\"potentialAction\":[{\"@type\":\"ReadAction\",\"target\":[\"https:\\\/\\\/www.monaco-tribune.com\\\/it\\\/2022\\\/10\\\/foto-il-principe-alberto-ii-ha-incontrato-il-re-di-spagna-felipe-vi\\\/\"]}]},{\"@type\":\"ImageObject\",\"inLanguage\":\"it-IT\",\"@id\":\"https:\\\/\\\/www.monaco-tribune.com\\\/it\\\/2022\\\/10\\\/foto-il-principe-alberto-ii-ha-incontrato-il-re-di-spagna-felipe-vi\\\/#primaryimage\",\"url\":\"https:\\\/\\\/www.monaco-tribune.com\\\/wp-content\\\/uploads\\\/2022\\\/10\\\/prince-albert-ii-roi-espagne-felipe-vi.jpg\",\"contentUrl\":\"https:\\\/\\\/www.monaco-tribune.com\\\/wp-content\\\/uploads\\\/2022\\\/10\\\/prince-albert-ii-roi-espagne-felipe-vi.jpg\",\"width\":1200,\"height\":799,\"caption\":\"Gaetan Luci \\\/ Palazzo del principe - Casa Reale di Spagna\"},{\"@type\":\"BreadcrumbList\",\"@id\":\"https:\\\/\\\/www.monaco-tribune.com\\\/it\\\/2022\\\/10\\\/foto-il-principe-alberto-ii-ha-incontrato-il-re-di-spagna-felipe-vi\\\/#breadcrumb\",\"itemListElement\":[{\"@type\":\"ListItem\",\"position\":1,\"name\":\"Accueil\",\"item\":\"https:\\\/\\\/www.monaco-tribune.com\\\/it\\\/\"},{\"@type\":\"ListItem\",\"position\":2,\"name\":\"FOTO. Il Principe Alberto II ha incontrato il Re di Spagna Felipe VI\"}]},{\"@type\":\"WebSite\",\"@id\":\"https:\\\/\\\/www.monaco-tribune.com\\\/it\\\/#website\",\"url\":\"https:\\\/\\\/www.monaco-tribune.com\\\/it\\\/\",\"name\":\"Monaco Tribune\",\"description\":\"Monaco : actualit\u00e9s \u00e9conomiques, politiques, culturelles et sportives de Monaco et de la French Riviera.\",\"publisher\":{\"@id\":\"https:\\\/\\\/www.monaco-tribune.com\\\/it\\\/#organization\"},\"potentialAction\":[{\"@type\":\"SearchAction\",\"target\":{\"@type\":\"EntryPoint\",\"urlTemplate\":\"https:\\\/\\\/www.monaco-tribune.com\\\/it\\\/?s={search_term_string}\"},\"query-input\":{\"@type\":\"PropertyValueSpecification\",\"valueRequired\":true,\"valueName\":\"search_term_string\"}}],\"inLanguage\":\"it-IT\"},{\"@type\":\"Organization\",\"@id\":\"https:\\\/\\\/www.monaco-tribune.com\\\/it\\\/#organization\",\"name\":\"Monaco Tribune\",\"url\":\"https:\\\/\\\/www.monaco-tribune.com\\\/it\\\/\",\"logo\":{\"@type\":\"ImageObject\",\"inLanguage\":\"it-IT\",\"@id\":\"https:\\\/\\\/www.monaco-tribune.com\\\/it\\\/#\\\/schema\\\/logo\\\/image\\\/\",\"url\":\"https:\\\/\\\/www.monaco-tribune.com\\\/wp-content\\\/uploads\\\/2022\\\/11\\\/logo-monaco-tribune.png\",\"contentUrl\":\"https:\\\/\\\/www.monaco-tribune.com\\\/wp-content\\\/uploads\\\/2022\\\/11\\\/logo-monaco-tribune.png\",\"width\":1548,\"height\":600,\"caption\":\"Monaco Tribune\"},\"image\":{\"@id\":\"https:\\\/\\\/www.monaco-tribune.com\\\/it\\\/#\\\/schema\\\/logo\\\/image\\\/\"},\"sameAs\":[\"https:\\\/\\\/www.facebook.com\\\/MonacoTribune\",\"https:\\\/\\\/x.com\\\/MonacoTribune\",\"https:\\\/\\\/www.instagram.com\\\/monacotribune\\\/\",\"https:\\\/\\\/www.linkedin.com\\\/company\\\/monaco-tribune\",\"https:\\\/\\\/www.youtube.com\\\/channel\\\/UCHle1MnG6hw1y4lWKijVbMA\"]},{\"@type\":\"Person\",\"@id\":\"https:\\\/\\\/www.monaco-tribune.com\\\/it\\\/#\\\/schema\\\/person\\\/94fb5723547bd83dea1eed97e25145aa\",\"name\":\"Th\u00e9o Briand\",\"image\":{\"@type\":\"ImageObject\",\"inLanguage\":\"it-IT\",\"@id\":\"https:\\\/\\\/secure.gravatar.com\\\/avatar\\\/1c02cfd8b8054d8c376f9a942a1dc4dbacfd8ba5e6f8dbb5e16f4aa3d281972a?s=96&d=mm&r=g\",\"url\":\"https:\\\/\\\/secure.gravatar.com\\\/avatar\\\/1c02cfd8b8054d8c376f9a942a1dc4dbacfd8ba5e6f8dbb5e16f4aa3d281972a?s=96&d=mm&r=g\",\"contentUrl\":\"https:\\\/\\\/secure.gravatar.com\\\/avatar\\\/1c02cfd8b8054d8c376f9a942a1dc4dbacfd8ba5e6f8dbb5e16f4aa3d281972a?s=96&d=mm&r=g\",\"caption\":\"Th\u00e9o Briand\"},\"url\":\"https:\\\/\\\/www.monaco-tribune.com\\\/it\\\/author\\\/theobriand\\\/\"}]}<\/script>\n<!-- \/ Yoast SEO Premium plugin. -->","yoast_head_json":{"title":"FOTO. Il Principe Alberto II ha incontrato il Re di Spagna Felipe VI","description":"Una visita in memoria del Principe Alberto I, di cui quest'anno si festeggia il centenario. Il Principe Alberto II continua il suo viaggio della memoria","robots":{"index":"index","follow":"follow","max-snippet":"max-snippet:-1","max-image-preview":"max-image-preview:large","max-video-preview":"max-video-preview:-1"},"canonical":"https:\/\/www.monaco-tribune.com\/it\/2022\/10\/foto-il-principe-alberto-ii-ha-incontrato-il-re-di-spagna-felipe-vi\/","og_locale":"it_IT","og_type":"article","og_title":"FOTO. Il Principe Alberto II ha incontrato il Re di Spagna Felipe VI - Monaco Tribune","og_description":"Una visita in memoria del Principe Alberto I, di cui quest'anno si festeggia il centenario. Il Principe Alberto II continua il suo viaggio della memoria","og_url":"https:\/\/www.monaco-tribune.com\/it\/2022\/10\/foto-il-principe-alberto-ii-ha-incontrato-il-re-di-spagna-felipe-vi\/","og_site_name":"Monaco Tribune","article_publisher":"https:\/\/www.facebook.com\/MonacoTribune","article_published_time":"2022-10-19T09:31:12+00:00","article_modified_time":"2022-10-19T09:31:40+00:00","og_image":[{"width":1200,"height":799,"url":"https:\/\/www.monaco-tribune.com\/wp-content\/uploads\/2022\/10\/prince-albert-ii-roi-espagne-felipe-vi.jpg","type":"image\/jpeg"}],"author":"Th\u00e9o Briand","twitter_card":"summary_large_image","twitter_creator":"@MonacoTribune","twitter_site":"@MonacoTribune","schema":{"@context":"https:\/\/schema.org","@graph":[{"@type":"NewsArticle","@id":"https:\/\/www.monaco-tribune.com\/it\/2022\/10\/foto-il-principe-alberto-ii-ha-incontrato-il-re-di-spagna-felipe-vi\/#article","isPartOf":{"@id":"https:\/\/www.monaco-tribune.com\/it\/2022\/10\/foto-il-principe-alberto-ii-ha-incontrato-il-re-di-spagna-felipe-vi\/"},"author":{"name":"Th\u00e9o Briand","@id":"https:\/\/www.monaco-tribune.com\/it\/#\/schema\/person\/94fb5723547bd83dea1eed97e25145aa"},"headline":"FOTO. Il Principe Alberto II ha incontrato il Re di Spagna Felipe VI","datePublished":"2022-10-19T09:31:12+00:00","dateModified":"2022-10-19T09:31:40+00:00","mainEntityOfPage":{"@id":"https:\/\/www.monaco-tribune.com\/it\/2022\/10\/foto-il-principe-alberto-ii-ha-incontrato-il-re-di-spagna-felipe-vi\/"},"wordCount":286,"publisher":{"@id":"https:\/\/www.monaco-tribune.com\/it\/#organization"},"image":{"@id":"https:\/\/www.monaco-tribune.com\/it\/2022\/10\/foto-il-principe-alberto-ii-ha-incontrato-il-re-di-spagna-felipe-vi\/#primaryimage"},"thumbnailUrl":"https:\/\/www.monaco-tribune.com\/wp-content\/uploads\/2022\/10\/prince-albert-ii-roi-espagne-felipe-vi.jpg","articleSection":["Famiglia Principesca","La nostra scelta","Notizie"],"inLanguage":"it-IT","copyrightYear":"2022","copyrightHolder":{"@id":"https:\/\/www.monaco-tribune.com\/#organization"}},{"@type":"WebPage","@id":"https:\/\/www.monaco-tribune.com\/it\/2022\/10\/foto-il-principe-alberto-ii-ha-incontrato-il-re-di-spagna-felipe-vi\/","url":"https:\/\/www.monaco-tribune.com\/it\/2022\/10\/foto-il-principe-alberto-ii-ha-incontrato-il-re-di-spagna-felipe-vi\/","name":"FOTO. Il Principe Alberto II ha incontrato il Re di Spagna Felipe VI","isPartOf":{"@id":"https:\/\/www.monaco-tribune.com\/it\/#website"},"primaryImageOfPage":{"@id":"https:\/\/www.monaco-tribune.com\/it\/2022\/10\/foto-il-principe-alberto-ii-ha-incontrato-il-re-di-spagna-felipe-vi\/#primaryimage"},"image":{"@id":"https:\/\/www.monaco-tribune.com\/it\/2022\/10\/foto-il-principe-alberto-ii-ha-incontrato-il-re-di-spagna-felipe-vi\/#primaryimage"},"thumbnailUrl":"https:\/\/www.monaco-tribune.com\/wp-content\/uploads\/2022\/10\/prince-albert-ii-roi-espagne-felipe-vi.jpg","datePublished":"2022-10-19T09:31:12+00:00","dateModified":"2022-10-19T09:31:40+00:00","description":"Una visita in memoria del Principe Alberto I, di cui quest'anno si festeggia il centenario. Il Principe Alberto II continua il suo viaggio della memoria","breadcrumb":{"@id":"https:\/\/www.monaco-tribune.com\/it\/2022\/10\/foto-il-principe-alberto-ii-ha-incontrato-il-re-di-spagna-felipe-vi\/#breadcrumb"},"inLanguage":"it-IT","potentialAction":[{"@type":"ReadAction","target":["https:\/\/www.monaco-tribune.com\/it\/2022\/10\/foto-il-principe-alberto-ii-ha-incontrato-il-re-di-spagna-felipe-vi\/"]}]},{"@type":"ImageObject","inLanguage":"it-IT","@id":"https:\/\/www.monaco-tribune.com\/it\/2022\/10\/foto-il-principe-alberto-ii-ha-incontrato-il-re-di-spagna-felipe-vi\/#primaryimage","url":"https:\/\/www.monaco-tribune.com\/wp-content\/uploads\/2022\/10\/prince-albert-ii-roi-espagne-felipe-vi.jpg","contentUrl":"https:\/\/www.monaco-tribune.com\/wp-content\/uploads\/2022\/10\/prince-albert-ii-roi-espagne-felipe-vi.jpg","width":1200,"height":799,"caption":"Gaetan Luci \/ Palazzo del principe - Casa Reale di Spagna"},{"@type":"BreadcrumbList","@id":"https:\/\/www.monaco-tribune.com\/it\/2022\/10\/foto-il-principe-alberto-ii-ha-incontrato-il-re-di-spagna-felipe-vi\/#breadcrumb","itemListElement":[{"@type":"ListItem","position":1,"name":"Accueil","item":"https:\/\/www.monaco-tribune.com\/it\/"},{"@type":"ListItem","position":2,"name":"FOTO. Il Principe Alberto II ha incontrato il Re di Spagna Felipe VI"}]},{"@type":"WebSite","@id":"https:\/\/www.monaco-tribune.com\/it\/#website","url":"https:\/\/www.monaco-tribune.com\/it\/","name":"Monaco Tribune","description":"Monaco : actualit\u00e9s \u00e9conomiques, politiques, culturelles et sportives de Monaco et de la French Riviera.","publisher":{"@id":"https:\/\/www.monaco-tribune.com\/it\/#organization"},"potentialAction":[{"@type":"SearchAction","target":{"@type":"EntryPoint","urlTemplate":"https:\/\/www.monaco-tribune.com\/it\/?s={search_term_string}"},"query-input":{"@type":"PropertyValueSpecification","valueRequired":true,"valueName":"search_term_string"}}],"inLanguage":"it-IT"},{"@type":"Organization","@id":"https:\/\/www.monaco-tribune.com\/it\/#organization","name":"Monaco Tribune","url":"https:\/\/www.monaco-tribune.com\/it\/","logo":{"@type":"ImageObject","inLanguage":"it-IT","@id":"https:\/\/www.monaco-tribune.com\/it\/#\/schema\/logo\/image\/","url":"https:\/\/www.monaco-tribune.com\/wp-content\/uploads\/2022\/11\/logo-monaco-tribune.png","contentUrl":"https:\/\/www.monaco-tribune.com\/wp-content\/uploads\/2022\/11\/logo-monaco-tribune.png","width":1548,"height":600,"caption":"Monaco Tribune"},"image":{"@id":"https:\/\/www.monaco-tribune.com\/it\/#\/schema\/logo\/image\/"},"sameAs":["https:\/\/www.facebook.com\/MonacoTribune","https:\/\/x.com\/MonacoTribune","https:\/\/www.instagram.com\/monacotribune\/","https:\/\/www.linkedin.com\/company\/monaco-tribune","https:\/\/www.youtube.com\/channel\/UCHle1MnG6hw1y4lWKijVbMA"]},{"@type":"Person","@id":"https:\/\/www.monaco-tribune.com\/it\/#\/schema\/person\/94fb5723547bd83dea1eed97e25145aa","name":"Th\u00e9o Briand","image":{"@type":"ImageObject","inLanguage":"it-IT","@id":"https:\/\/secure.gravatar.com\/avatar\/1c02cfd8b8054d8c376f9a942a1dc4dbacfd8ba5e6f8dbb5e16f4aa3d281972a?s=96&d=mm&r=g","url":"https:\/\/secure.gravatar.com\/avatar\/1c02cfd8b8054d8c376f9a942a1dc4dbacfd8ba5e6f8dbb5e16f4aa3d281972a?s=96&d=mm&r=g","contentUrl":"https:\/\/secure.gravatar.com\/avatar\/1c02cfd8b8054d8c376f9a942a1dc4dbacfd8ba5e6f8dbb5e16f4aa3d281972a?s=96&d=mm&r=g","caption":"Th\u00e9o Briand"},"url":"https:\/\/www.monaco-tribune.com\/it\/author\/theobriand\/"}]}},"_links":{"self":[{"href":"https:\/\/www.monaco-tribune.com\/it\/wp-json\/wp\/v2\/posts\/146294","targetHints":{"allow":["GET"]}}],"collection":[{"href":"https:\/\/www.monaco-tribune.com\/it\/wp-json\/wp\/v2\/posts"}],"about":[{"href":"https:\/\/www.monaco-tribune.com\/it\/wp-json\/wp\/v2\/types\/post"}],"author":[{"embeddable":true,"href":"https:\/\/www.monaco-tribune.com\/it\/wp-json\/wp\/v2\/users\/66"}],"replies":[{"embeddable":true,"href":"https:\/\/www.monaco-tribune.com\/it\/wp-json\/wp\/v2\/comments?post=146294"}],"version-history":[{"count":0,"href":"https:\/\/www.monaco-tribune.com\/it\/wp-json\/wp\/v2\/posts\/146294\/revisions"}],"wp:featuredmedia":[{"embeddable":true,"href":"https:\/\/www.monaco-tribune.com\/it\/wp-json\/wp\/v2\/media\/146162"}],"wp:attachment":[{"href":"https:\/\/www.monaco-tribune.com\/it\/wp-json\/wp\/v2\/media?parent=146294"}],"wp:term":[{"taxonomy":"category","embeddable":true,"href":"https:\/\/www.monaco-tribune.com\/it\/wp-json\/wp\/v2\/categories?post=146294"},{"taxonomy":"post_tag","embeddable":true,"href":"https:\/\/www.monaco-tribune.com\/it\/wp-json\/wp\/v2\/tags?post=146294"},{"taxonomy":"sectag","embeddable":true,"href":"https:\/\/www.monaco-tribune.com\/it\/wp-json\/wp\/v2\/post_sectags?post=146294"},{"taxonomy":"format","embeddable":true,"href":"https:\/\/www.monaco-tribune.com\/it\/wp-json\/wp\/v2\/post_format?post=146294"}],"curies":[{"name":"wp","href":"https:\/\/api.w.org\/{rel}","templated":true}]}}