{"id":146377,"date":"2022-10-19T17:02:43","date_gmt":"2022-10-19T15:02:43","guid":{"rendered":"https:\/\/www.monaco-tribune.com\/2022\/10\/incontri-polari-alla-scoperta-delle-opere-di-michel-aubery-al-museo-oceanografico\/"},"modified":"2022-10-19T17:02:53","modified_gmt":"2022-10-19T15:02:53","slug":"incontri-polari-alla-scoperta-delle-opere-di-michel-aubery-al-museo-oceanografico","status":"publish","type":"post","link":"https:\/\/www.monaco-tribune.com\/it\/2022\/10\/incontri-polari-alla-scoperta-delle-opere-di-michel-aubery-al-museo-oceanografico\/","title":{"rendered":"Incontri polari: alla scoperta delle opere di Michel Aub\u00e9ry al Museo Oceanografico"},"content":{"rendered":"\n<p><strong>L&#8217;artista ha lavorato indefessamente per diversi mesi per dare vita ai suoi leopardi delle nevi, ermellini, pinguini e volpi artiche. Il 17 ottobre, il Principe sovrano \u00e8 venuto ad ammirare il frutto del suo lavoro al Museo Oceanografico.<\/strong><\/p>\n\n<p>Qualche mese fa,<a href=\"https:\/\/www.monaco-tribune.com\/it\/2022\/02\/michel-aubery-tra-larte-del-disegno-a-quella-del-pallone\/\"> abbiamo avuto il privilegio di incontrare Michel Aub\u00e9ry nel suo laboratorio<\/a> e di ammirare in anteprima alcune delle sue tele, in vista della mostra che aprir\u00e0 marted\u00ec al Museo Oceanografico.<\/p>\n\n<p>La mostra, intitolata &#8220;Incontri Polari&#8221;, \u00e8 stata inaugurata luned\u00ec sera, alla presenza del Principe Alberto II, che ha visitato le opere accompagnato dall&#8217;artista stesso. Questi dipinti, che fanno parte della mostra &#8220;Missione Polare&#8221;, mostrano la diversit\u00e0 delle specie presenti nei poli, ma anche la grande necessit\u00e0 di salvaguardarle e di tutelare il loro habitat naturale. Del resto, si tratta di temi molto importanti per il Sovrano e per la sua Fondazione. <\/p>\n\n<iframe title=\"Michel Aub\u00e9ry presenta la sua nuova mostra al Museo Oceanografico\" width=\"500\" height=\"281\" src=\"https:\/\/www.youtube.com\/embed\/6WYhYwJ6hgw?feature=oembed\" frameborder=\"0\" allow=\"accelerometer; autoplay; clipboard-write; encrypted-media; gyroscope; picture-in-picture; web-share\" referrerpolicy=\"strict-origin-when-cross-origin\" allowfullscreen><\/iframe>\n\n<p>Nella prestigiosa cornice del Museo Oceanografico, le tinte accese dei colori acrilici e dei pennarelli Uni Posca ci invitano a incontrare numerose specie animali che popolano i poli. <\/p>\n\n<p>Con una quarantina di opere, l&#8217;artista ci invita a un viaggio attraverso le sue emozioni: tele coloratissime e fantasiose, altre pi\u00f9 cupe ed enigmatiche, altre ancora essenziali e realiste&#8230; \u00c8 un intero universo che si svela davanti ai nostri occhi e che ci rende consapevoli dell&#8217;importanza di tutelare queste numerose specie animali.&#13;\nAnche per i pi\u00f9 piccoli \u00e8 un&#8217;occasione per scoprire nuovi animali e ammirare stupiti tutti questi colori che si mischiano. &#8220;\u00c8 un tema che mi piace molto, penso sia un&#8217;ottima idea quella di mostrare gli animali polari&#8221; racconta l&#8217;artista.<\/p>\n\n<p>Non \u00e8 certo la prima volta che Michel Aub\u00e9ry espone le sue opere al Museo Oceanografico: l&#8217;artista aveva gi\u00e0 realizzato una prima mostra dedicata alle tartarughe marine nel 2017, e una seconda dedicata alle barriere coralline nel 2020.<\/p>\n\n<p>La mostra &#8220;Incontri polari&#8221; sar\u00e0 visitabile fino al 20 novembre. <\/p>\n","protected":false},"excerpt":{"rendered":"<p>L&#8217;artista ha lavorato indefessamente per diversi mesi per dare vita ai suoi leopardi delle nevi, ermellini, pinguini e volpi artiche. [&hellip;]<\/p>\n","protected":false},"author":60,"featured_media":146115,"comment_status":"closed","ping_status":"closed","sticky":false,"template":"","format":"standard","meta":{"_acf_changed":false,"footnotes":""},"categories":[1740,1826,1738],"tags":[],"post_sectags":[],"post_format":[2481],"class_list":["post-146377","post","type-post","status-publish","format-standard","has-post-thumbnail","hentry","category-cosa-fare","category-la-nostra-scelta","category-notizie","format-reportage-it"],"acf":[],"yoast_head":"<!-- This site is optimized with the Yoast SEO Premium plugin v26.8 (Yoast SEO v27.5) - https:\/\/yoast.com\/product\/yoast-seo-premium-wordpress\/ -->\n<title>Incontri polari: alla scoperta delle opere di Michel Aub\u00e9ry al Museo Oceanografico<\/title>\n<meta name=\"description\" content=\"L&#039;artista ha lavorato indefessamente per diversi mesi per dare vita ai suoi leopardi delle nevi, ermellini, pinguini e volpi artiche. Il 17 ottobre, il\" \/>\n<meta name=\"robots\" content=\"index, follow, max-snippet:-1, max-image-preview:large, max-video-preview:-1\" \/>\n<link rel=\"canonical\" href=\"https:\/\/www.monaco-tribune.com\/it\/2022\/10\/incontri-polari-alla-scoperta-delle-opere-di-michel-aubery-al-museo-oceanografico\/\" \/>\n<meta property=\"og:locale\" content=\"it_IT\" \/>\n<meta property=\"og:type\" content=\"article\" \/>\n<meta property=\"og:title\" content=\"Incontri polari: alla scoperta delle opere di Michel Aub\u00e9ry al Museo Oceanografico - Monaco Tribune\" \/>\n<meta property=\"og:description\" content=\"L&#039;artista ha lavorato indefessamente per diversi mesi per dare vita ai suoi leopardi delle nevi, ermellini, pinguini e volpi artiche. Il 17 ottobre, il\" \/>\n<meta property=\"og:url\" content=\"https:\/\/www.monaco-tribune.com\/it\/2022\/10\/incontri-polari-alla-scoperta-delle-opere-di-michel-aubery-al-museo-oceanografico\/\" \/>\n<meta property=\"og:site_name\" content=\"Monaco Tribune\" \/>\n<meta property=\"article:publisher\" content=\"https:\/\/www.facebook.com\/MonacoTribune\" \/>\n<meta property=\"article:published_time\" content=\"2022-10-19T15:02:43+00:00\" \/>\n<meta property=\"article:modified_time\" content=\"2022-10-19T15:02:53+00:00\" \/>\n<meta property=\"og:image\" content=\"https:\/\/www.monaco-tribune.com\/wp-content\/uploads\/2022\/10\/michel-aubery-exposition-rencontres-polaires.jpeg\" \/>\n\t<meta property=\"og:image:width\" content=\"1020\" \/>\n\t<meta property=\"og:image:height\" content=\"715\" \/>\n\t<meta property=\"og:image:type\" content=\"image\/jpeg\" \/>\n<meta name=\"author\" content=\"Camille Esteve\" \/>\n<meta name=\"twitter:card\" content=\"summary_large_image\" \/>\n<meta name=\"twitter:creator\" content=\"@MonacoTribune\" \/>\n<meta name=\"twitter:site\" content=\"@MonacoTribune\" \/>\n<script type=\"application\/ld+json\" class=\"yoast-schema-graph\">{\"@context\":\"https:\\\/\\\/schema.org\",\"@graph\":[{\"@type\":\"NewsArticle\",\"@id\":\"https:\\\/\\\/www.monaco-tribune.com\\\/it\\\/2022\\\/10\\\/incontri-polari-alla-scoperta-delle-opere-di-michel-aubery-al-museo-oceanografico\\\/#article\",\"isPartOf\":{\"@id\":\"https:\\\/\\\/www.monaco-tribune.com\\\/it\\\/2022\\\/10\\\/incontri-polari-alla-scoperta-delle-opere-di-michel-aubery-al-museo-oceanografico\\\/\"},\"author\":{\"name\":\"Camille Esteve\",\"@id\":\"https:\\\/\\\/www.monaco-tribune.com\\\/it\\\/#\\\/schema\\\/person\\\/a855d420fff4d03637641d60b93ac62e\"},\"headline\":\"Incontri polari: alla scoperta delle opere di Michel Aub\u00e9ry al Museo Oceanografico\",\"datePublished\":\"2022-10-19T15:02:43+00:00\",\"dateModified\":\"2022-10-19T15:02:53+00:00\",\"mainEntityOfPage\":{\"@id\":\"https:\\\/\\\/www.monaco-tribune.com\\\/it\\\/2022\\\/10\\\/incontri-polari-alla-scoperta-delle-opere-di-michel-aubery-al-museo-oceanografico\\\/\"},\"wordCount\":327,\"publisher\":{\"@id\":\"https:\\\/\\\/www.monaco-tribune.com\\\/it\\\/#organization\"},\"image\":{\"@id\":\"https:\\\/\\\/www.monaco-tribune.com\\\/it\\\/2022\\\/10\\\/incontri-polari-alla-scoperta-delle-opere-di-michel-aubery-al-museo-oceanografico\\\/#primaryimage\"},\"thumbnailUrl\":\"https:\\\/\\\/www.monaco-tribune.com\\\/wp-content\\\/uploads\\\/2022\\\/10\\\/michel-aubery-exposition-rencontres-polaires.jpeg\",\"articleSection\":[\"Cosa fare\",\"La nostra scelta\",\"Notizie\"],\"inLanguage\":\"it-IT\",\"copyrightYear\":\"2022\",\"copyrightHolder\":{\"@id\":\"https:\\\/\\\/www.monaco-tribune.com\\\/#organization\"}},{\"@type\":\"WebPage\",\"@id\":\"https:\\\/\\\/www.monaco-tribune.com\\\/it\\\/2022\\\/10\\\/incontri-polari-alla-scoperta-delle-opere-di-michel-aubery-al-museo-oceanografico\\\/\",\"url\":\"https:\\\/\\\/www.monaco-tribune.com\\\/it\\\/2022\\\/10\\\/incontri-polari-alla-scoperta-delle-opere-di-michel-aubery-al-museo-oceanografico\\\/\",\"name\":\"Incontri polari: alla scoperta delle opere di Michel Aub\u00e9ry al Museo Oceanografico\",\"isPartOf\":{\"@id\":\"https:\\\/\\\/www.monaco-tribune.com\\\/it\\\/#website\"},\"primaryImageOfPage\":{\"@id\":\"https:\\\/\\\/www.monaco-tribune.com\\\/it\\\/2022\\\/10\\\/incontri-polari-alla-scoperta-delle-opere-di-michel-aubery-al-museo-oceanografico\\\/#primaryimage\"},\"image\":{\"@id\":\"https:\\\/\\\/www.monaco-tribune.com\\\/it\\\/2022\\\/10\\\/incontri-polari-alla-scoperta-delle-opere-di-michel-aubery-al-museo-oceanografico\\\/#primaryimage\"},\"thumbnailUrl\":\"https:\\\/\\\/www.monaco-tribune.com\\\/wp-content\\\/uploads\\\/2022\\\/10\\\/michel-aubery-exposition-rencontres-polaires.jpeg\",\"datePublished\":\"2022-10-19T15:02:43+00:00\",\"dateModified\":\"2022-10-19T15:02:53+00:00\",\"description\":\"L'artista ha lavorato indefessamente per diversi mesi per dare vita ai suoi leopardi delle nevi, ermellini, pinguini e volpi artiche. Il 17 ottobre, il\",\"breadcrumb\":{\"@id\":\"https:\\\/\\\/www.monaco-tribune.com\\\/it\\\/2022\\\/10\\\/incontri-polari-alla-scoperta-delle-opere-di-michel-aubery-al-museo-oceanografico\\\/#breadcrumb\"},\"inLanguage\":\"it-IT\",\"potentialAction\":[{\"@type\":\"ReadAction\",\"target\":[\"https:\\\/\\\/www.monaco-tribune.com\\\/it\\\/2022\\\/10\\\/incontri-polari-alla-scoperta-delle-opere-di-michel-aubery-al-museo-oceanografico\\\/\"]}]},{\"@type\":\"ImageObject\",\"inLanguage\":\"it-IT\",\"@id\":\"https:\\\/\\\/www.monaco-tribune.com\\\/it\\\/2022\\\/10\\\/incontri-polari-alla-scoperta-delle-opere-di-michel-aubery-al-museo-oceanografico\\\/#primaryimage\",\"url\":\"https:\\\/\\\/www.monaco-tribune.com\\\/wp-content\\\/uploads\\\/2022\\\/10\\\/michel-aubery-exposition-rencontres-polaires.jpeg\",\"contentUrl\":\"https:\\\/\\\/www.monaco-tribune.com\\\/wp-content\\\/uploads\\\/2022\\\/10\\\/michel-aubery-exposition-rencontres-polaires.jpeg\",\"width\":1020,\"height\":715,\"caption\":\"Monaco Tribune \\\/ Paul Charoy\"},{\"@type\":\"BreadcrumbList\",\"@id\":\"https:\\\/\\\/www.monaco-tribune.com\\\/it\\\/2022\\\/10\\\/incontri-polari-alla-scoperta-delle-opere-di-michel-aubery-al-museo-oceanografico\\\/#breadcrumb\",\"itemListElement\":[{\"@type\":\"ListItem\",\"position\":1,\"name\":\"Accueil\",\"item\":\"https:\\\/\\\/www.monaco-tribune.com\\\/it\\\/\"},{\"@type\":\"ListItem\",\"position\":2,\"name\":\"Incontri polari: alla scoperta delle opere di Michel Aub\u00e9ry al Museo Oceanografico\"}]},{\"@type\":\"WebSite\",\"@id\":\"https:\\\/\\\/www.monaco-tribune.com\\\/it\\\/#website\",\"url\":\"https:\\\/\\\/www.monaco-tribune.com\\\/it\\\/\",\"name\":\"Monaco Tribune\",\"description\":\"Monaco : actualit\u00e9s \u00e9conomiques, politiques, culturelles et sportives de Monaco et de la French Riviera.\",\"publisher\":{\"@id\":\"https:\\\/\\\/www.monaco-tribune.com\\\/it\\\/#organization\"},\"potentialAction\":[{\"@type\":\"SearchAction\",\"target\":{\"@type\":\"EntryPoint\",\"urlTemplate\":\"https:\\\/\\\/www.monaco-tribune.com\\\/it\\\/?s={search_term_string}\"},\"query-input\":{\"@type\":\"PropertyValueSpecification\",\"valueRequired\":true,\"valueName\":\"search_term_string\"}}],\"inLanguage\":\"it-IT\"},{\"@type\":\"Organization\",\"@id\":\"https:\\\/\\\/www.monaco-tribune.com\\\/it\\\/#organization\",\"name\":\"Monaco Tribune\",\"url\":\"https:\\\/\\\/www.monaco-tribune.com\\\/it\\\/\",\"logo\":{\"@type\":\"ImageObject\",\"inLanguage\":\"it-IT\",\"@id\":\"https:\\\/\\\/www.monaco-tribune.com\\\/it\\\/#\\\/schema\\\/logo\\\/image\\\/\",\"url\":\"https:\\\/\\\/www.monaco-tribune.com\\\/wp-content\\\/uploads\\\/2022\\\/11\\\/logo-monaco-tribune.png\",\"contentUrl\":\"https:\\\/\\\/www.monaco-tribune.com\\\/wp-content\\\/uploads\\\/2022\\\/11\\\/logo-monaco-tribune.png\",\"width\":1548,\"height\":600,\"caption\":\"Monaco Tribune\"},\"image\":{\"@id\":\"https:\\\/\\\/www.monaco-tribune.com\\\/it\\\/#\\\/schema\\\/logo\\\/image\\\/\"},\"sameAs\":[\"https:\\\/\\\/www.facebook.com\\\/MonacoTribune\",\"https:\\\/\\\/x.com\\\/MonacoTribune\",\"https:\\\/\\\/www.instagram.com\\\/monacotribune\\\/\",\"https:\\\/\\\/www.linkedin.com\\\/company\\\/monaco-tribune\",\"https:\\\/\\\/www.youtube.com\\\/channel\\\/UCHle1MnG6hw1y4lWKijVbMA\"]},{\"@type\":\"Person\",\"@id\":\"https:\\\/\\\/www.monaco-tribune.com\\\/it\\\/#\\\/schema\\\/person\\\/a855d420fff4d03637641d60b93ac62e\",\"name\":\"Camille Esteve\",\"image\":{\"@type\":\"ImageObject\",\"inLanguage\":\"it-IT\",\"@id\":\"https:\\\/\\\/secure.gravatar.com\\\/avatar\\\/eaaa2355a7bb56c0018a391c20a55bf9b4690e3f493231dd850e612bfa6ce161?s=96&d=mm&r=g\",\"url\":\"https:\\\/\\\/secure.gravatar.com\\\/avatar\\\/eaaa2355a7bb56c0018a391c20a55bf9b4690e3f493231dd850e612bfa6ce161?s=96&d=mm&r=g\",\"contentUrl\":\"https:\\\/\\\/secure.gravatar.com\\\/avatar\\\/eaaa2355a7bb56c0018a391c20a55bf9b4690e3f493231dd850e612bfa6ce161?s=96&d=mm&r=g\",\"caption\":\"Camille Esteve\"},\"url\":\"https:\\\/\\\/www.monaco-tribune.com\\\/it\\\/author\\\/camilleesteve\\\/\"}]}<\/script>\n<!-- \/ Yoast SEO Premium plugin. -->","yoast_head_json":{"title":"Incontri polari: alla scoperta delle opere di Michel Aub\u00e9ry al Museo Oceanografico","description":"L'artista ha lavorato indefessamente per diversi mesi per dare vita ai suoi leopardi delle nevi, ermellini, pinguini e volpi artiche. Il 17 ottobre, il","robots":{"index":"index","follow":"follow","max-snippet":"max-snippet:-1","max-image-preview":"max-image-preview:large","max-video-preview":"max-video-preview:-1"},"canonical":"https:\/\/www.monaco-tribune.com\/it\/2022\/10\/incontri-polari-alla-scoperta-delle-opere-di-michel-aubery-al-museo-oceanografico\/","og_locale":"it_IT","og_type":"article","og_title":"Incontri polari: alla scoperta delle opere di Michel Aub\u00e9ry al Museo Oceanografico - Monaco Tribune","og_description":"L'artista ha lavorato indefessamente per diversi mesi per dare vita ai suoi leopardi delle nevi, ermellini, pinguini e volpi artiche. Il 17 ottobre, il","og_url":"https:\/\/www.monaco-tribune.com\/it\/2022\/10\/incontri-polari-alla-scoperta-delle-opere-di-michel-aubery-al-museo-oceanografico\/","og_site_name":"Monaco Tribune","article_publisher":"https:\/\/www.facebook.com\/MonacoTribune","article_published_time":"2022-10-19T15:02:43+00:00","article_modified_time":"2022-10-19T15:02:53+00:00","og_image":[{"width":1020,"height":715,"url":"https:\/\/www.monaco-tribune.com\/wp-content\/uploads\/2022\/10\/michel-aubery-exposition-rencontres-polaires.jpeg","type":"image\/jpeg"}],"author":"Camille Esteve","twitter_card":"summary_large_image","twitter_creator":"@MonacoTribune","twitter_site":"@MonacoTribune","schema":{"@context":"https:\/\/schema.org","@graph":[{"@type":"NewsArticle","@id":"https:\/\/www.monaco-tribune.com\/it\/2022\/10\/incontri-polari-alla-scoperta-delle-opere-di-michel-aubery-al-museo-oceanografico\/#article","isPartOf":{"@id":"https:\/\/www.monaco-tribune.com\/it\/2022\/10\/incontri-polari-alla-scoperta-delle-opere-di-michel-aubery-al-museo-oceanografico\/"},"author":{"name":"Camille Esteve","@id":"https:\/\/www.monaco-tribune.com\/it\/#\/schema\/person\/a855d420fff4d03637641d60b93ac62e"},"headline":"Incontri polari: alla scoperta delle opere di Michel Aub\u00e9ry al Museo Oceanografico","datePublished":"2022-10-19T15:02:43+00:00","dateModified":"2022-10-19T15:02:53+00:00","mainEntityOfPage":{"@id":"https:\/\/www.monaco-tribune.com\/it\/2022\/10\/incontri-polari-alla-scoperta-delle-opere-di-michel-aubery-al-museo-oceanografico\/"},"wordCount":327,"publisher":{"@id":"https:\/\/www.monaco-tribune.com\/it\/#organization"},"image":{"@id":"https:\/\/www.monaco-tribune.com\/it\/2022\/10\/incontri-polari-alla-scoperta-delle-opere-di-michel-aubery-al-museo-oceanografico\/#primaryimage"},"thumbnailUrl":"https:\/\/www.monaco-tribune.com\/wp-content\/uploads\/2022\/10\/michel-aubery-exposition-rencontres-polaires.jpeg","articleSection":["Cosa fare","La nostra scelta","Notizie"],"inLanguage":"it-IT","copyrightYear":"2022","copyrightHolder":{"@id":"https:\/\/www.monaco-tribune.com\/#organization"}},{"@type":"WebPage","@id":"https:\/\/www.monaco-tribune.com\/it\/2022\/10\/incontri-polari-alla-scoperta-delle-opere-di-michel-aubery-al-museo-oceanografico\/","url":"https:\/\/www.monaco-tribune.com\/it\/2022\/10\/incontri-polari-alla-scoperta-delle-opere-di-michel-aubery-al-museo-oceanografico\/","name":"Incontri polari: alla scoperta delle opere di Michel Aub\u00e9ry al Museo Oceanografico","isPartOf":{"@id":"https:\/\/www.monaco-tribune.com\/it\/#website"},"primaryImageOfPage":{"@id":"https:\/\/www.monaco-tribune.com\/it\/2022\/10\/incontri-polari-alla-scoperta-delle-opere-di-michel-aubery-al-museo-oceanografico\/#primaryimage"},"image":{"@id":"https:\/\/www.monaco-tribune.com\/it\/2022\/10\/incontri-polari-alla-scoperta-delle-opere-di-michel-aubery-al-museo-oceanografico\/#primaryimage"},"thumbnailUrl":"https:\/\/www.monaco-tribune.com\/wp-content\/uploads\/2022\/10\/michel-aubery-exposition-rencontres-polaires.jpeg","datePublished":"2022-10-19T15:02:43+00:00","dateModified":"2022-10-19T15:02:53+00:00","description":"L'artista ha lavorato indefessamente per diversi mesi per dare vita ai suoi leopardi delle nevi, ermellini, pinguini e volpi artiche. Il 17 ottobre, il","breadcrumb":{"@id":"https:\/\/www.monaco-tribune.com\/it\/2022\/10\/incontri-polari-alla-scoperta-delle-opere-di-michel-aubery-al-museo-oceanografico\/#breadcrumb"},"inLanguage":"it-IT","potentialAction":[{"@type":"ReadAction","target":["https:\/\/www.monaco-tribune.com\/it\/2022\/10\/incontri-polari-alla-scoperta-delle-opere-di-michel-aubery-al-museo-oceanografico\/"]}]},{"@type":"ImageObject","inLanguage":"it-IT","@id":"https:\/\/www.monaco-tribune.com\/it\/2022\/10\/incontri-polari-alla-scoperta-delle-opere-di-michel-aubery-al-museo-oceanografico\/#primaryimage","url":"https:\/\/www.monaco-tribune.com\/wp-content\/uploads\/2022\/10\/michel-aubery-exposition-rencontres-polaires.jpeg","contentUrl":"https:\/\/www.monaco-tribune.com\/wp-content\/uploads\/2022\/10\/michel-aubery-exposition-rencontres-polaires.jpeg","width":1020,"height":715,"caption":"Monaco Tribune \/ Paul Charoy"},{"@type":"BreadcrumbList","@id":"https:\/\/www.monaco-tribune.com\/it\/2022\/10\/incontri-polari-alla-scoperta-delle-opere-di-michel-aubery-al-museo-oceanografico\/#breadcrumb","itemListElement":[{"@type":"ListItem","position":1,"name":"Accueil","item":"https:\/\/www.monaco-tribune.com\/it\/"},{"@type":"ListItem","position":2,"name":"Incontri polari: alla scoperta delle opere di Michel Aub\u00e9ry al Museo Oceanografico"}]},{"@type":"WebSite","@id":"https:\/\/www.monaco-tribune.com\/it\/#website","url":"https:\/\/www.monaco-tribune.com\/it\/","name":"Monaco Tribune","description":"Monaco : actualit\u00e9s \u00e9conomiques, politiques, culturelles et sportives de Monaco et de la French Riviera.","publisher":{"@id":"https:\/\/www.monaco-tribune.com\/it\/#organization"},"potentialAction":[{"@type":"SearchAction","target":{"@type":"EntryPoint","urlTemplate":"https:\/\/www.monaco-tribune.com\/it\/?s={search_term_string}"},"query-input":{"@type":"PropertyValueSpecification","valueRequired":true,"valueName":"search_term_string"}}],"inLanguage":"it-IT"},{"@type":"Organization","@id":"https:\/\/www.monaco-tribune.com\/it\/#organization","name":"Monaco Tribune","url":"https:\/\/www.monaco-tribune.com\/it\/","logo":{"@type":"ImageObject","inLanguage":"it-IT","@id":"https:\/\/www.monaco-tribune.com\/it\/#\/schema\/logo\/image\/","url":"https:\/\/www.monaco-tribune.com\/wp-content\/uploads\/2022\/11\/logo-monaco-tribune.png","contentUrl":"https:\/\/www.monaco-tribune.com\/wp-content\/uploads\/2022\/11\/logo-monaco-tribune.png","width":1548,"height":600,"caption":"Monaco Tribune"},"image":{"@id":"https:\/\/www.monaco-tribune.com\/it\/#\/schema\/logo\/image\/"},"sameAs":["https:\/\/www.facebook.com\/MonacoTribune","https:\/\/x.com\/MonacoTribune","https:\/\/www.instagram.com\/monacotribune\/","https:\/\/www.linkedin.com\/company\/monaco-tribune","https:\/\/www.youtube.com\/channel\/UCHle1MnG6hw1y4lWKijVbMA"]},{"@type":"Person","@id":"https:\/\/www.monaco-tribune.com\/it\/#\/schema\/person\/a855d420fff4d03637641d60b93ac62e","name":"Camille Esteve","image":{"@type":"ImageObject","inLanguage":"it-IT","@id":"https:\/\/secure.gravatar.com\/avatar\/eaaa2355a7bb56c0018a391c20a55bf9b4690e3f493231dd850e612bfa6ce161?s=96&d=mm&r=g","url":"https:\/\/secure.gravatar.com\/avatar\/eaaa2355a7bb56c0018a391c20a55bf9b4690e3f493231dd850e612bfa6ce161?s=96&d=mm&r=g","contentUrl":"https:\/\/secure.gravatar.com\/avatar\/eaaa2355a7bb56c0018a391c20a55bf9b4690e3f493231dd850e612bfa6ce161?s=96&d=mm&r=g","caption":"Camille Esteve"},"url":"https:\/\/www.monaco-tribune.com\/it\/author\/camilleesteve\/"}]}},"_links":{"self":[{"href":"https:\/\/www.monaco-tribune.com\/it\/wp-json\/wp\/v2\/posts\/146377","targetHints":{"allow":["GET"]}}],"collection":[{"href":"https:\/\/www.monaco-tribune.com\/it\/wp-json\/wp\/v2\/posts"}],"about":[{"href":"https:\/\/www.monaco-tribune.com\/it\/wp-json\/wp\/v2\/types\/post"}],"author":[{"embeddable":true,"href":"https:\/\/www.monaco-tribune.com\/it\/wp-json\/wp\/v2\/users\/60"}],"replies":[{"embeddable":true,"href":"https:\/\/www.monaco-tribune.com\/it\/wp-json\/wp\/v2\/comments?post=146377"}],"version-history":[{"count":0,"href":"https:\/\/www.monaco-tribune.com\/it\/wp-json\/wp\/v2\/posts\/146377\/revisions"}],"wp:featuredmedia":[{"embeddable":true,"href":"https:\/\/www.monaco-tribune.com\/it\/wp-json\/wp\/v2\/media\/146115"}],"wp:attachment":[{"href":"https:\/\/www.monaco-tribune.com\/it\/wp-json\/wp\/v2\/media?parent=146377"}],"wp:term":[{"taxonomy":"category","embeddable":true,"href":"https:\/\/www.monaco-tribune.com\/it\/wp-json\/wp\/v2\/categories?post=146377"},{"taxonomy":"post_tag","embeddable":true,"href":"https:\/\/www.monaco-tribune.com\/it\/wp-json\/wp\/v2\/tags?post=146377"},{"taxonomy":"sectag","embeddable":true,"href":"https:\/\/www.monaco-tribune.com\/it\/wp-json\/wp\/v2\/post_sectags?post=146377"},{"taxonomy":"format","embeddable":true,"href":"https:\/\/www.monaco-tribune.com\/it\/wp-json\/wp\/v2\/post_format?post=146377"}],"curies":[{"name":"wp","href":"https:\/\/api.w.org\/{rel}","templated":true}]}}