{"id":146715,"date":"2022-10-21T13:07:42","date_gmt":"2022-10-21T11:07:42","guid":{"rendered":"https:\/\/www.monaco-tribune.com\/2022\/10\/il-cantiere-del-prossimo-ristorante-di-tendenza-di-ventimiglia-parte-con-il-piede-giusto\/"},"modified":"2022-10-21T13:07:52","modified_gmt":"2022-10-21T11:07:52","slug":"il-cantiere-del-prossimo-ristorante-di-tendenza-di-ventimiglia-parte-con-il-piede-giusto","status":"publish","type":"post","link":"https:\/\/www.monaco-tribune.com\/it\/2022\/10\/il-cantiere-del-prossimo-ristorante-di-tendenza-di-ventimiglia-parte-con-il-piede-giusto\/","title":{"rendered":"Il cantiere del prossimo ristorante di tendenza di Ventimiglia parte con il piede giusto"},"content":{"rendered":"\n<p><strong>Il ristorante La Rocca godr\u00e0 di un&#8217;incredibile vista sul Mediterraneo e su Cala del Forte, il nuovo porto di Ventimiglia.<\/strong><\/p>\n\n<p>Proseguono i lavori della nuova area di Ventimiglia. Dopo la consegna del porto di Cala del Forte nell&#8217;estate 2021 e <a href=\"https:\/\/www.monaco-tribune.com\/it\/2022\/07\/prosegue-la-metamorfosi-di-ventimiglia-due-nuovi-ristoranti-vicini-al-porto\/\">l&#8217;inizio della costruzione di due nuovi ristoranti nel centro della citt\u00e0<\/a>, ora \u00e8 la volta del La Rocca.<\/p>\n\n<p>In linea con il progetto di rilancio della citt\u00e0 italiana, cos\u00ec come il Borgo del Forte, i lavori per La Rocca sono iniziati la mattina di gioved\u00ec 20 ottobre. Per l&#8217;occasione, il residente monegasco Robert Thielen, consigliere speciale del consiglio di amministrazione e ideatore del rilancio di Ventimiglia, Giuseppe Noto, CEO di Marina Development Corporation (MDC) e alcune autorit\u00e0 della citt\u00e0 hanno impugnato la pala.<\/p>\n\n<p><strong>LEGGI ANCHE:<\/strong> <a href=\"https:\/\/www.monaco-tribune.com\/it\/2022\/08\/piano-di-rigenerazione-urbana-a-ventimiglia-a-opera-di-robert-thielen\/\">Piano di rigenerazione urbana a Ventimiglia a opera di Robert Thielen<\/a><\/p>\n\n<p>Con una superficie complessiva di 1.450m\u00b2, il ristorante sar\u00e0 provvisto di ampie terrazze, per un totale di 6000m\u00b2, per godere al massimo della splendida vista sul Mediterraneo. Pensato per accontentare tutti, il locale sar\u00e0 accessibile sia in auto, grazie al parcheggio pubblico di fianco, sia a piedi, tramite una passeggiata lunga 200 metri che lo collegher\u00e0 con il nuovo complesso residenziale di Borgo del Forte. Infine, si potr\u00e0 anche accedere dal molo tramite un ascensore.<\/p>\n<div class=\"wp-block-image\">\n<figure class=\"aligncenter size-large\"><img loading=\"lazy\" decoding=\"async\" width=\"1024\" height=\"683\" src=\"https:\/\/www.monaco-tribune.com\/wp-content\/uploads\/2022\/10\/restaurant-la-rocca-vintimille-1024x683.jpg\" alt=\"ristorante-la-rocca-ventimiglia\" class=\"wp-image-146607\" srcset=\"https:\/\/www.monaco-tribune.com\/wp-content\/uploads\/2022\/10\/restaurant-la-rocca-vintimille-1024x683.jpg 1024w, https:\/\/www.monaco-tribune.com\/wp-content\/uploads\/2022\/10\/restaurant-la-rocca-vintimille-450x300.jpg 450w, https:\/\/www.monaco-tribune.com\/wp-content\/uploads\/2022\/10\/restaurant-la-rocca-vintimille.jpg 1200w\" sizes=\"auto, (max-width: 1024px) 100vw, 1024px\" \/><figcaption><em>\u00a9 Marina di Ventimiglia<\/em><\/figcaption><\/figure>\n<\/div>\n<p>&#8220;La posa della prima pietra nel cantiere de La Rocca \u00e8 un momento emblematico che segna l\u2019inizio in concreto della rigenerazione urbana della Marina di Ventimiglia. Ora, il progetto di rilancio della citt\u00e0 attraverso la rigenerazione di aree in stato di degrado [&#8230;] comincer\u00e0 a prendere forma&#8221;, ha dichiarato Giuseppe Noto, CEO di MDC, durante l&#8217;inaugurazione.<\/p>\n","protected":false},"excerpt":{"rendered":"<p>Il ristorante La Rocca godr\u00e0 di un&#8217;incredibile vista sul Mediterraneo e su Cala del Forte, il nuovo porto di Ventimiglia. [&hellip;]<\/p>\n","protected":false},"author":66,"featured_media":146605,"comment_status":"closed","ping_status":"closed","sticky":false,"template":"","format":"standard","meta":{"_acf_changed":false,"footnotes":""},"categories":[1740,1826,1738],"tags":[],"post_sectags":[],"post_format":[2478],"class_list":["post-146715","post","type-post","status-publish","format-standard","has-post-thumbnail","hentry","category-cosa-fare","category-la-nostra-scelta","category-notizie","format-notizia"],"acf":[],"yoast_head":"<!-- This site is optimized with the Yoast SEO Premium plugin v26.8 (Yoast SEO v27.4) - https:\/\/yoast.com\/product\/yoast-seo-premium-wordpress\/ -->\n<title>Il cantiere del prossimo ristorante di tendenza di Ventimiglia parte con il piede giusto<\/title>\n<meta name=\"description\" content=\"Il ristorante La Rocca godr\u00e0 di un&#039;incredibile vista sul Mediterraneo e su Cala del Forte, il nuovo porto di Ventimiglia. Proseguono i lavori della nuova\" \/>\n<meta name=\"robots\" content=\"index, follow, max-snippet:-1, max-image-preview:large, max-video-preview:-1\" \/>\n<link rel=\"canonical\" href=\"https:\/\/www.monaco-tribune.com\/it\/2022\/10\/il-cantiere-del-prossimo-ristorante-di-tendenza-di-ventimiglia-parte-con-il-piede-giusto\/\" \/>\n<meta property=\"og:locale\" content=\"it_IT\" \/>\n<meta property=\"og:type\" content=\"article\" \/>\n<meta property=\"og:title\" content=\"Il cantiere del prossimo ristorante di tendenza di Ventimiglia parte con il piede giusto - Monaco Tribune\" \/>\n<meta property=\"og:description\" content=\"Il ristorante La Rocca godr\u00e0 di un&#039;incredibile vista sul Mediterraneo e su Cala del Forte, il nuovo porto di Ventimiglia. Proseguono i lavori della nuova\" \/>\n<meta property=\"og:url\" content=\"https:\/\/www.monaco-tribune.com\/it\/2022\/10\/il-cantiere-del-prossimo-ristorante-di-tendenza-di-ventimiglia-parte-con-il-piede-giusto\/\" \/>\n<meta property=\"og:site_name\" content=\"Monaco Tribune\" \/>\n<meta property=\"article:publisher\" content=\"https:\/\/www.facebook.com\/MonacoTribune\" \/>\n<meta property=\"article:published_time\" content=\"2022-10-21T11:07:42+00:00\" \/>\n<meta property=\"article:modified_time\" content=\"2022-10-21T11:07:52+00:00\" \/>\n<meta property=\"og:image\" content=\"https:\/\/www.monaco-tribune.com\/wp-content\/uploads\/2022\/10\/premiere-pierre-restaurant-la-rocca-vintimille.jpeg\" \/>\n\t<meta property=\"og:image:width\" content=\"1200\" \/>\n\t<meta property=\"og:image:height\" content=\"800\" \/>\n\t<meta property=\"og:image:type\" content=\"image\/jpeg\" \/>\n<meta name=\"author\" content=\"Th\u00e9o Briand\" \/>\n<meta name=\"twitter:card\" content=\"summary_large_image\" \/>\n<meta name=\"twitter:creator\" content=\"@MonacoTribune\" \/>\n<meta name=\"twitter:site\" content=\"@MonacoTribune\" \/>\n<script type=\"application\/ld+json\" class=\"yoast-schema-graph\">{\"@context\":\"https:\\\/\\\/schema.org\",\"@graph\":[{\"@type\":\"NewsArticle\",\"@id\":\"https:\\\/\\\/www.monaco-tribune.com\\\/it\\\/2022\\\/10\\\/il-cantiere-del-prossimo-ristorante-di-tendenza-di-ventimiglia-parte-con-il-piede-giusto\\\/#article\",\"isPartOf\":{\"@id\":\"https:\\\/\\\/www.monaco-tribune.com\\\/it\\\/2022\\\/10\\\/il-cantiere-del-prossimo-ristorante-di-tendenza-di-ventimiglia-parte-con-il-piede-giusto\\\/\"},\"author\":{\"name\":\"Th\u00e9o Briand\",\"@id\":\"https:\\\/\\\/www.monaco-tribune.com\\\/it\\\/#\\\/schema\\\/person\\\/94fb5723547bd83dea1eed97e25145aa\"},\"headline\":\"Il cantiere del prossimo ristorante di tendenza di Ventimiglia parte con il piede giusto\",\"datePublished\":\"2022-10-21T11:07:42+00:00\",\"dateModified\":\"2022-10-21T11:07:52+00:00\",\"mainEntityOfPage\":{\"@id\":\"https:\\\/\\\/www.monaco-tribune.com\\\/it\\\/2022\\\/10\\\/il-cantiere-del-prossimo-ristorante-di-tendenza-di-ventimiglia-parte-con-il-piede-giusto\\\/\"},\"wordCount\":284,\"publisher\":{\"@id\":\"https:\\\/\\\/www.monaco-tribune.com\\\/it\\\/#organization\"},\"image\":{\"@id\":\"https:\\\/\\\/www.monaco-tribune.com\\\/it\\\/2022\\\/10\\\/il-cantiere-del-prossimo-ristorante-di-tendenza-di-ventimiglia-parte-con-il-piede-giusto\\\/#primaryimage\"},\"thumbnailUrl\":\"https:\\\/\\\/www.monaco-tribune.com\\\/wp-content\\\/uploads\\\/2022\\\/10\\\/premiere-pierre-restaurant-la-rocca-vintimille.jpeg\",\"articleSection\":[\"Cosa fare\",\"La nostra scelta\",\"Notizie\"],\"inLanguage\":\"it-IT\",\"copyrightYear\":\"2022\",\"copyrightHolder\":{\"@id\":\"https:\\\/\\\/www.monaco-tribune.com\\\/#organization\"}},{\"@type\":\"WebPage\",\"@id\":\"https:\\\/\\\/www.monaco-tribune.com\\\/it\\\/2022\\\/10\\\/il-cantiere-del-prossimo-ristorante-di-tendenza-di-ventimiglia-parte-con-il-piede-giusto\\\/\",\"url\":\"https:\\\/\\\/www.monaco-tribune.com\\\/it\\\/2022\\\/10\\\/il-cantiere-del-prossimo-ristorante-di-tendenza-di-ventimiglia-parte-con-il-piede-giusto\\\/\",\"name\":\"Il cantiere del prossimo ristorante di tendenza di Ventimiglia parte con il piede giusto\",\"isPartOf\":{\"@id\":\"https:\\\/\\\/www.monaco-tribune.com\\\/it\\\/#website\"},\"primaryImageOfPage\":{\"@id\":\"https:\\\/\\\/www.monaco-tribune.com\\\/it\\\/2022\\\/10\\\/il-cantiere-del-prossimo-ristorante-di-tendenza-di-ventimiglia-parte-con-il-piede-giusto\\\/#primaryimage\"},\"image\":{\"@id\":\"https:\\\/\\\/www.monaco-tribune.com\\\/it\\\/2022\\\/10\\\/il-cantiere-del-prossimo-ristorante-di-tendenza-di-ventimiglia-parte-con-il-piede-giusto\\\/#primaryimage\"},\"thumbnailUrl\":\"https:\\\/\\\/www.monaco-tribune.com\\\/wp-content\\\/uploads\\\/2022\\\/10\\\/premiere-pierre-restaurant-la-rocca-vintimille.jpeg\",\"datePublished\":\"2022-10-21T11:07:42+00:00\",\"dateModified\":\"2022-10-21T11:07:52+00:00\",\"description\":\"Il ristorante La Rocca godr\u00e0 di un'incredibile vista sul Mediterraneo e su Cala del Forte, il nuovo porto di Ventimiglia. Proseguono i lavori della nuova\",\"breadcrumb\":{\"@id\":\"https:\\\/\\\/www.monaco-tribune.com\\\/it\\\/2022\\\/10\\\/il-cantiere-del-prossimo-ristorante-di-tendenza-di-ventimiglia-parte-con-il-piede-giusto\\\/#breadcrumb\"},\"inLanguage\":\"it-IT\",\"potentialAction\":[{\"@type\":\"ReadAction\",\"target\":[\"https:\\\/\\\/www.monaco-tribune.com\\\/it\\\/2022\\\/10\\\/il-cantiere-del-prossimo-ristorante-di-tendenza-di-ventimiglia-parte-con-il-piede-giusto\\\/\"]}]},{\"@type\":\"ImageObject\",\"inLanguage\":\"it-IT\",\"@id\":\"https:\\\/\\\/www.monaco-tribune.com\\\/it\\\/2022\\\/10\\\/il-cantiere-del-prossimo-ristorante-di-tendenza-di-ventimiglia-parte-con-il-piede-giusto\\\/#primaryimage\",\"url\":\"https:\\\/\\\/www.monaco-tribune.com\\\/wp-content\\\/uploads\\\/2022\\\/10\\\/premiere-pierre-restaurant-la-rocca-vintimille.jpeg\",\"contentUrl\":\"https:\\\/\\\/www.monaco-tribune.com\\\/wp-content\\\/uploads\\\/2022\\\/10\\\/premiere-pierre-restaurant-la-rocca-vintimille.jpeg\",\"width\":1200,\"height\":800,\"caption\":\"Marina di Ventimiglia\"},{\"@type\":\"BreadcrumbList\",\"@id\":\"https:\\\/\\\/www.monaco-tribune.com\\\/it\\\/2022\\\/10\\\/il-cantiere-del-prossimo-ristorante-di-tendenza-di-ventimiglia-parte-con-il-piede-giusto\\\/#breadcrumb\",\"itemListElement\":[{\"@type\":\"ListItem\",\"position\":1,\"name\":\"Accueil\",\"item\":\"https:\\\/\\\/www.monaco-tribune.com\\\/it\\\/\"},{\"@type\":\"ListItem\",\"position\":2,\"name\":\"Il cantiere del prossimo ristorante di tendenza di Ventimiglia parte con il piede giusto\"}]},{\"@type\":\"WebSite\",\"@id\":\"https:\\\/\\\/www.monaco-tribune.com\\\/it\\\/#website\",\"url\":\"https:\\\/\\\/www.monaco-tribune.com\\\/it\\\/\",\"name\":\"Monaco Tribune\",\"description\":\"Monaco : actualit\u00e9s \u00e9conomiques, politiques, culturelles et sportives de Monaco et de la French Riviera.\",\"publisher\":{\"@id\":\"https:\\\/\\\/www.monaco-tribune.com\\\/it\\\/#organization\"},\"potentialAction\":[{\"@type\":\"SearchAction\",\"target\":{\"@type\":\"EntryPoint\",\"urlTemplate\":\"https:\\\/\\\/www.monaco-tribune.com\\\/it\\\/?s={search_term_string}\"},\"query-input\":{\"@type\":\"PropertyValueSpecification\",\"valueRequired\":true,\"valueName\":\"search_term_string\"}}],\"inLanguage\":\"it-IT\"},{\"@type\":\"Organization\",\"@id\":\"https:\\\/\\\/www.monaco-tribune.com\\\/it\\\/#organization\",\"name\":\"Monaco Tribune\",\"url\":\"https:\\\/\\\/www.monaco-tribune.com\\\/it\\\/\",\"logo\":{\"@type\":\"ImageObject\",\"inLanguage\":\"it-IT\",\"@id\":\"https:\\\/\\\/www.monaco-tribune.com\\\/it\\\/#\\\/schema\\\/logo\\\/image\\\/\",\"url\":\"https:\\\/\\\/www.monaco-tribune.com\\\/wp-content\\\/uploads\\\/2022\\\/11\\\/logo-monaco-tribune.png\",\"contentUrl\":\"https:\\\/\\\/www.monaco-tribune.com\\\/wp-content\\\/uploads\\\/2022\\\/11\\\/logo-monaco-tribune.png\",\"width\":1548,\"height\":600,\"caption\":\"Monaco Tribune\"},\"image\":{\"@id\":\"https:\\\/\\\/www.monaco-tribune.com\\\/it\\\/#\\\/schema\\\/logo\\\/image\\\/\"},\"sameAs\":[\"https:\\\/\\\/www.facebook.com\\\/MonacoTribune\",\"https:\\\/\\\/x.com\\\/MonacoTribune\",\"https:\\\/\\\/www.instagram.com\\\/monacotribune\\\/\",\"https:\\\/\\\/www.linkedin.com\\\/company\\\/monaco-tribune\",\"https:\\\/\\\/www.youtube.com\\\/channel\\\/UCHle1MnG6hw1y4lWKijVbMA\"]},{\"@type\":\"Person\",\"@id\":\"https:\\\/\\\/www.monaco-tribune.com\\\/it\\\/#\\\/schema\\\/person\\\/94fb5723547bd83dea1eed97e25145aa\",\"name\":\"Th\u00e9o Briand\",\"image\":{\"@type\":\"ImageObject\",\"inLanguage\":\"it-IT\",\"@id\":\"https:\\\/\\\/secure.gravatar.com\\\/avatar\\\/1c02cfd8b8054d8c376f9a942a1dc4dbacfd8ba5e6f8dbb5e16f4aa3d281972a?s=96&d=mm&r=g\",\"url\":\"https:\\\/\\\/secure.gravatar.com\\\/avatar\\\/1c02cfd8b8054d8c376f9a942a1dc4dbacfd8ba5e6f8dbb5e16f4aa3d281972a?s=96&d=mm&r=g\",\"contentUrl\":\"https:\\\/\\\/secure.gravatar.com\\\/avatar\\\/1c02cfd8b8054d8c376f9a942a1dc4dbacfd8ba5e6f8dbb5e16f4aa3d281972a?s=96&d=mm&r=g\",\"caption\":\"Th\u00e9o Briand\"},\"url\":\"https:\\\/\\\/www.monaco-tribune.com\\\/it\\\/author\\\/theobriand\\\/\"}]}<\/script>\n<!-- \/ Yoast SEO Premium plugin. -->","yoast_head_json":{"title":"Il cantiere del prossimo ristorante di tendenza di Ventimiglia parte con il piede giusto","description":"Il ristorante La Rocca godr\u00e0 di un'incredibile vista sul Mediterraneo e su Cala del Forte, il nuovo porto di Ventimiglia. Proseguono i lavori della nuova","robots":{"index":"index","follow":"follow","max-snippet":"max-snippet:-1","max-image-preview":"max-image-preview:large","max-video-preview":"max-video-preview:-1"},"canonical":"https:\/\/www.monaco-tribune.com\/it\/2022\/10\/il-cantiere-del-prossimo-ristorante-di-tendenza-di-ventimiglia-parte-con-il-piede-giusto\/","og_locale":"it_IT","og_type":"article","og_title":"Il cantiere del prossimo ristorante di tendenza di Ventimiglia parte con il piede giusto - Monaco Tribune","og_description":"Il ristorante La Rocca godr\u00e0 di un'incredibile vista sul Mediterraneo e su Cala del Forte, il nuovo porto di Ventimiglia. Proseguono i lavori della nuova","og_url":"https:\/\/www.monaco-tribune.com\/it\/2022\/10\/il-cantiere-del-prossimo-ristorante-di-tendenza-di-ventimiglia-parte-con-il-piede-giusto\/","og_site_name":"Monaco Tribune","article_publisher":"https:\/\/www.facebook.com\/MonacoTribune","article_published_time":"2022-10-21T11:07:42+00:00","article_modified_time":"2022-10-21T11:07:52+00:00","og_image":[{"width":1200,"height":800,"url":"https:\/\/www.monaco-tribune.com\/wp-content\/uploads\/2022\/10\/premiere-pierre-restaurant-la-rocca-vintimille.jpeg","type":"image\/jpeg"}],"author":"Th\u00e9o Briand","twitter_card":"summary_large_image","twitter_creator":"@MonacoTribune","twitter_site":"@MonacoTribune","schema":{"@context":"https:\/\/schema.org","@graph":[{"@type":"NewsArticle","@id":"https:\/\/www.monaco-tribune.com\/it\/2022\/10\/il-cantiere-del-prossimo-ristorante-di-tendenza-di-ventimiglia-parte-con-il-piede-giusto\/#article","isPartOf":{"@id":"https:\/\/www.monaco-tribune.com\/it\/2022\/10\/il-cantiere-del-prossimo-ristorante-di-tendenza-di-ventimiglia-parte-con-il-piede-giusto\/"},"author":{"name":"Th\u00e9o Briand","@id":"https:\/\/www.monaco-tribune.com\/it\/#\/schema\/person\/94fb5723547bd83dea1eed97e25145aa"},"headline":"Il cantiere del prossimo ristorante di tendenza di Ventimiglia parte con il piede giusto","datePublished":"2022-10-21T11:07:42+00:00","dateModified":"2022-10-21T11:07:52+00:00","mainEntityOfPage":{"@id":"https:\/\/www.monaco-tribune.com\/it\/2022\/10\/il-cantiere-del-prossimo-ristorante-di-tendenza-di-ventimiglia-parte-con-il-piede-giusto\/"},"wordCount":284,"publisher":{"@id":"https:\/\/www.monaco-tribune.com\/it\/#organization"},"image":{"@id":"https:\/\/www.monaco-tribune.com\/it\/2022\/10\/il-cantiere-del-prossimo-ristorante-di-tendenza-di-ventimiglia-parte-con-il-piede-giusto\/#primaryimage"},"thumbnailUrl":"https:\/\/www.monaco-tribune.com\/wp-content\/uploads\/2022\/10\/premiere-pierre-restaurant-la-rocca-vintimille.jpeg","articleSection":["Cosa fare","La nostra scelta","Notizie"],"inLanguage":"it-IT","copyrightYear":"2022","copyrightHolder":{"@id":"https:\/\/www.monaco-tribune.com\/#organization"}},{"@type":"WebPage","@id":"https:\/\/www.monaco-tribune.com\/it\/2022\/10\/il-cantiere-del-prossimo-ristorante-di-tendenza-di-ventimiglia-parte-con-il-piede-giusto\/","url":"https:\/\/www.monaco-tribune.com\/it\/2022\/10\/il-cantiere-del-prossimo-ristorante-di-tendenza-di-ventimiglia-parte-con-il-piede-giusto\/","name":"Il cantiere del prossimo ristorante di tendenza di Ventimiglia parte con il piede giusto","isPartOf":{"@id":"https:\/\/www.monaco-tribune.com\/it\/#website"},"primaryImageOfPage":{"@id":"https:\/\/www.monaco-tribune.com\/it\/2022\/10\/il-cantiere-del-prossimo-ristorante-di-tendenza-di-ventimiglia-parte-con-il-piede-giusto\/#primaryimage"},"image":{"@id":"https:\/\/www.monaco-tribune.com\/it\/2022\/10\/il-cantiere-del-prossimo-ristorante-di-tendenza-di-ventimiglia-parte-con-il-piede-giusto\/#primaryimage"},"thumbnailUrl":"https:\/\/www.monaco-tribune.com\/wp-content\/uploads\/2022\/10\/premiere-pierre-restaurant-la-rocca-vintimille.jpeg","datePublished":"2022-10-21T11:07:42+00:00","dateModified":"2022-10-21T11:07:52+00:00","description":"Il ristorante La Rocca godr\u00e0 di un'incredibile vista sul Mediterraneo e su Cala del Forte, il nuovo porto di Ventimiglia. Proseguono i lavori della nuova","breadcrumb":{"@id":"https:\/\/www.monaco-tribune.com\/it\/2022\/10\/il-cantiere-del-prossimo-ristorante-di-tendenza-di-ventimiglia-parte-con-il-piede-giusto\/#breadcrumb"},"inLanguage":"it-IT","potentialAction":[{"@type":"ReadAction","target":["https:\/\/www.monaco-tribune.com\/it\/2022\/10\/il-cantiere-del-prossimo-ristorante-di-tendenza-di-ventimiglia-parte-con-il-piede-giusto\/"]}]},{"@type":"ImageObject","inLanguage":"it-IT","@id":"https:\/\/www.monaco-tribune.com\/it\/2022\/10\/il-cantiere-del-prossimo-ristorante-di-tendenza-di-ventimiglia-parte-con-il-piede-giusto\/#primaryimage","url":"https:\/\/www.monaco-tribune.com\/wp-content\/uploads\/2022\/10\/premiere-pierre-restaurant-la-rocca-vintimille.jpeg","contentUrl":"https:\/\/www.monaco-tribune.com\/wp-content\/uploads\/2022\/10\/premiere-pierre-restaurant-la-rocca-vintimille.jpeg","width":1200,"height":800,"caption":"Marina di Ventimiglia"},{"@type":"BreadcrumbList","@id":"https:\/\/www.monaco-tribune.com\/it\/2022\/10\/il-cantiere-del-prossimo-ristorante-di-tendenza-di-ventimiglia-parte-con-il-piede-giusto\/#breadcrumb","itemListElement":[{"@type":"ListItem","position":1,"name":"Accueil","item":"https:\/\/www.monaco-tribune.com\/it\/"},{"@type":"ListItem","position":2,"name":"Il cantiere del prossimo ristorante di tendenza di Ventimiglia parte con il piede giusto"}]},{"@type":"WebSite","@id":"https:\/\/www.monaco-tribune.com\/it\/#website","url":"https:\/\/www.monaco-tribune.com\/it\/","name":"Monaco Tribune","description":"Monaco : actualit\u00e9s \u00e9conomiques, politiques, culturelles et sportives de Monaco et de la French Riviera.","publisher":{"@id":"https:\/\/www.monaco-tribune.com\/it\/#organization"},"potentialAction":[{"@type":"SearchAction","target":{"@type":"EntryPoint","urlTemplate":"https:\/\/www.monaco-tribune.com\/it\/?s={search_term_string}"},"query-input":{"@type":"PropertyValueSpecification","valueRequired":true,"valueName":"search_term_string"}}],"inLanguage":"it-IT"},{"@type":"Organization","@id":"https:\/\/www.monaco-tribune.com\/it\/#organization","name":"Monaco Tribune","url":"https:\/\/www.monaco-tribune.com\/it\/","logo":{"@type":"ImageObject","inLanguage":"it-IT","@id":"https:\/\/www.monaco-tribune.com\/it\/#\/schema\/logo\/image\/","url":"https:\/\/www.monaco-tribune.com\/wp-content\/uploads\/2022\/11\/logo-monaco-tribune.png","contentUrl":"https:\/\/www.monaco-tribune.com\/wp-content\/uploads\/2022\/11\/logo-monaco-tribune.png","width":1548,"height":600,"caption":"Monaco Tribune"},"image":{"@id":"https:\/\/www.monaco-tribune.com\/it\/#\/schema\/logo\/image\/"},"sameAs":["https:\/\/www.facebook.com\/MonacoTribune","https:\/\/x.com\/MonacoTribune","https:\/\/www.instagram.com\/monacotribune\/","https:\/\/www.linkedin.com\/company\/monaco-tribune","https:\/\/www.youtube.com\/channel\/UCHle1MnG6hw1y4lWKijVbMA"]},{"@type":"Person","@id":"https:\/\/www.monaco-tribune.com\/it\/#\/schema\/person\/94fb5723547bd83dea1eed97e25145aa","name":"Th\u00e9o Briand","image":{"@type":"ImageObject","inLanguage":"it-IT","@id":"https:\/\/secure.gravatar.com\/avatar\/1c02cfd8b8054d8c376f9a942a1dc4dbacfd8ba5e6f8dbb5e16f4aa3d281972a?s=96&d=mm&r=g","url":"https:\/\/secure.gravatar.com\/avatar\/1c02cfd8b8054d8c376f9a942a1dc4dbacfd8ba5e6f8dbb5e16f4aa3d281972a?s=96&d=mm&r=g","contentUrl":"https:\/\/secure.gravatar.com\/avatar\/1c02cfd8b8054d8c376f9a942a1dc4dbacfd8ba5e6f8dbb5e16f4aa3d281972a?s=96&d=mm&r=g","caption":"Th\u00e9o Briand"},"url":"https:\/\/www.monaco-tribune.com\/it\/author\/theobriand\/"}]}},"_links":{"self":[{"href":"https:\/\/www.monaco-tribune.com\/it\/wp-json\/wp\/v2\/posts\/146715","targetHints":{"allow":["GET"]}}],"collection":[{"href":"https:\/\/www.monaco-tribune.com\/it\/wp-json\/wp\/v2\/posts"}],"about":[{"href":"https:\/\/www.monaco-tribune.com\/it\/wp-json\/wp\/v2\/types\/post"}],"author":[{"embeddable":true,"href":"https:\/\/www.monaco-tribune.com\/it\/wp-json\/wp\/v2\/users\/66"}],"replies":[{"embeddable":true,"href":"https:\/\/www.monaco-tribune.com\/it\/wp-json\/wp\/v2\/comments?post=146715"}],"version-history":[{"count":0,"href":"https:\/\/www.monaco-tribune.com\/it\/wp-json\/wp\/v2\/posts\/146715\/revisions"}],"wp:featuredmedia":[{"embeddable":true,"href":"https:\/\/www.monaco-tribune.com\/it\/wp-json\/wp\/v2\/media\/146605"}],"wp:attachment":[{"href":"https:\/\/www.monaco-tribune.com\/it\/wp-json\/wp\/v2\/media?parent=146715"}],"wp:term":[{"taxonomy":"category","embeddable":true,"href":"https:\/\/www.monaco-tribune.com\/it\/wp-json\/wp\/v2\/categories?post=146715"},{"taxonomy":"post_tag","embeddable":true,"href":"https:\/\/www.monaco-tribune.com\/it\/wp-json\/wp\/v2\/tags?post=146715"},{"taxonomy":"sectag","embeddable":true,"href":"https:\/\/www.monaco-tribune.com\/it\/wp-json\/wp\/v2\/post_sectags?post=146715"},{"taxonomy":"format","embeddable":true,"href":"https:\/\/www.monaco-tribune.com\/it\/wp-json\/wp\/v2\/post_format?post=146715"}],"curies":[{"name":"wp","href":"https:\/\/api.w.org\/{rel}","templated":true}]}}