{"id":147152,"date":"2022-10-25T16:29:56","date_gmt":"2022-10-25T14:29:56","guid":{"rendered":"https:\/\/www.monaco-tribune.com\/2022\/10\/tea-time-lora-del-te-nelleleganza-dellhotel-hermitage\/"},"modified":"2022-10-25T16:29:58","modified_gmt":"2022-10-25T14:29:58","slug":"tea-time-lora-del-te-nelleleganza-dellhotel-hermitage","status":"publish","type":"post","link":"https:\/\/www.monaco-tribune.com\/it\/2022\/10\/tea-time-lora-del-te-nelleleganza-dellhotel-hermitage\/","title":{"rendered":"Tea time: l&#8217;ora del t\u00e8 nell&#8217;eleganza dell&#8217;Hotel Hermitage"},"content":{"rendered":"\n<p><strong>Fino al 2 aprile 2023, tornano le formule per tutti i gusti all&#8217;interno di un luogo incantato.<\/strong><\/p>\n\n<p>Con le giornate che si fanno sempre pi\u00f9 fresche, cosa c&#8217;\u00e8 di meglio del godersi una deliziosa tazza di t\u00e8, al caldo e in un luogo maestoso? \u00c8 questa l&#8217;esperienza che offre l&#8217;Hotel Hermitage con il ritorno del suo &#8220;Tea Time Chic&#8221;.<\/p>\n\n<p>Fino al 2 aprile 2023, tutti i sabati e le domeniche dalle 15:00 alle 18:00, l&#8217;Hotel Hermitage apre le porte agli amanti del t\u00e8. Sotto la vetrata della sala Mezzanine Eiffel dell&#8217;Hermitage, gli ospiti potranno assaporare momenti di dolcezza accompagnati da ottima musica.<\/p>\n\n<p><strong>LEGGI ANCHE: <a href=\"https:\/\/www.monaco-tribune.com\/it\/2022\/10\/il-cantiere-del-prossimo-ristorante-di-tendenza-di-ventimiglia-parte-con-il-piede-giusto\/\">Il cantiere del prossimo ristorante di tendenza di Ventimiglia parte con il piede giusto<\/a><\/strong><\/p>\n\n<p>L&#8217;hotel propone quattro formule, che vanno da 55 a 250\u20ac. Tutte comprendono una selezione di t\u00e8 Dammann Fr\u00e8res, dei finger salati, della pasticceria e un barattolo di miele di produzione dell&#8217;Hotel.<\/p>\n\n<p>La formula Chic a 70\u20ac include anche una coppa di champagne aggiuntiva. Quella a 200\u20ac, invece, prevede un massaggio di un&#8217;ora alle Thermes Marins Monte-Carlo, per il massimo del relax.<\/p>\n\n<p>Infine, la Formula Chic &amp; Caviar a 250\u20ac \u00e8 rivolta ai pi\u00f9 golosi, perch\u00e9 invece di un&#8217;ora di massaggio, saranno serviti 20 grammi di caviale e una coppa di champagne millesimato.<\/p>\n\n<p><em>Per maggiori informazioni:<\/em> <a href=\"https:\/\/www.montecarlosbm.com\/it\/agenda\/tea-time-hotel-hermitage-monte-carlo\"><em>SBM<\/em><\/a><\/p>\n","protected":false},"excerpt":{"rendered":"<p>Fino al 2 aprile 2023, tornano le formule per tutti i gusti all&#8217;interno di un luogo incantato. Con le giornate [&hellip;]<\/p>\n","protected":false},"author":66,"featured_media":146397,"comment_status":"closed","ping_status":"closed","sticky":false,"template":"","format":"standard","meta":{"_acf_changed":false,"footnotes":""},"categories":[1740,1738],"tags":[],"post_sectags":[],"post_format":[2478],"class_list":["post-147152","post","type-post","status-publish","format-standard","has-post-thumbnail","hentry","category-cosa-fare","category-notizie","format-notizia"],"acf":[],"yoast_head":"<!-- This site is optimized with the Yoast SEO Premium plugin v26.8 (Yoast SEO v27.5) - https:\/\/yoast.com\/product\/yoast-seo-premium-wordpress\/ -->\n<title>Tea time: l&#039;ora del t\u00e8 nell&#039;eleganza dell&#039;Hotel Hermitage<\/title>\n<meta name=\"description\" content=\"Fino al 2 aprile 2023, tornano le formule per tutti i gusti all&#039;interno di un luogo incantato. Con le giornate che si fanno sempre pi\u00f9 fresche, cosa c&#039;\u00e8\" \/>\n<meta name=\"robots\" content=\"index, follow, max-snippet:-1, max-image-preview:large, max-video-preview:-1\" \/>\n<link rel=\"canonical\" href=\"https:\/\/www.monaco-tribune.com\/it\/2022\/10\/tea-time-lora-del-te-nelleleganza-dellhotel-hermitage\/\" \/>\n<meta property=\"og:locale\" content=\"it_IT\" \/>\n<meta property=\"og:type\" content=\"article\" \/>\n<meta property=\"og:title\" content=\"Tea time: l&#039;ora del t\u00e8 nell&#039;eleganza dell&#039;Hotel Hermitage - Monaco Tribune\" \/>\n<meta property=\"og:description\" content=\"Fino al 2 aprile 2023, tornano le formule per tutti i gusti all&#039;interno di un luogo incantato. Con le giornate che si fanno sempre pi\u00f9 fresche, cosa c&#039;\u00e8\" \/>\n<meta property=\"og:url\" content=\"https:\/\/www.monaco-tribune.com\/it\/2022\/10\/tea-time-lora-del-te-nelleleganza-dellhotel-hermitage\/\" \/>\n<meta property=\"og:site_name\" content=\"Monaco Tribune\" \/>\n<meta property=\"article:publisher\" content=\"https:\/\/www.facebook.com\/MonacoTribune\" \/>\n<meta property=\"article:published_time\" content=\"2022-10-25T14:29:56+00:00\" \/>\n<meta property=\"article:modified_time\" content=\"2022-10-25T14:29:58+00:00\" \/>\n<meta property=\"og:image\" content=\"https:\/\/www.monaco-tribune.com\/wp-content\/uploads\/2022\/10\/tea-time-eiffel-hotel-hermitage-monte-carlo-sbm.webp\" \/>\n\t<meta property=\"og:image:width\" content=\"1534\" \/>\n\t<meta property=\"og:image:height\" content=\"960\" \/>\n\t<meta property=\"og:image:type\" content=\"image\/webp\" \/>\n<meta name=\"author\" content=\"Th\u00e9o Briand\" \/>\n<meta name=\"twitter:card\" content=\"summary_large_image\" \/>\n<meta name=\"twitter:creator\" content=\"@MonacoTribune\" \/>\n<meta name=\"twitter:site\" content=\"@MonacoTribune\" \/>\n<script type=\"application\/ld+json\" class=\"yoast-schema-graph\">{\"@context\":\"https:\\\/\\\/schema.org\",\"@graph\":[{\"@type\":\"NewsArticle\",\"@id\":\"https:\\\/\\\/www.monaco-tribune.com\\\/it\\\/2022\\\/10\\\/tea-time-lora-del-te-nelleleganza-dellhotel-hermitage\\\/#article\",\"isPartOf\":{\"@id\":\"https:\\\/\\\/www.monaco-tribune.com\\\/it\\\/2022\\\/10\\\/tea-time-lora-del-te-nelleleganza-dellhotel-hermitage\\\/\"},\"author\":{\"name\":\"Th\u00e9o Briand\",\"@id\":\"https:\\\/\\\/www.monaco-tribune.com\\\/it\\\/#\\\/schema\\\/person\\\/94fb5723547bd83dea1eed97e25145aa\"},\"headline\":\"Tea time: l&#8217;ora del t\u00e8 nell&#8217;eleganza dell&#8217;Hotel Hermitage\",\"datePublished\":\"2022-10-25T14:29:56+00:00\",\"dateModified\":\"2022-10-25T14:29:58+00:00\",\"mainEntityOfPage\":{\"@id\":\"https:\\\/\\\/www.monaco-tribune.com\\\/it\\\/2022\\\/10\\\/tea-time-lora-del-te-nelleleganza-dellhotel-hermitage\\\/\"},\"wordCount\":221,\"publisher\":{\"@id\":\"https:\\\/\\\/www.monaco-tribune.com\\\/it\\\/#organization\"},\"image\":{\"@id\":\"https:\\\/\\\/www.monaco-tribune.com\\\/it\\\/2022\\\/10\\\/tea-time-lora-del-te-nelleleganza-dellhotel-hermitage\\\/#primaryimage\"},\"thumbnailUrl\":\"https:\\\/\\\/www.monaco-tribune.com\\\/wp-content\\\/uploads\\\/2022\\\/10\\\/tea-time-eiffel-hotel-hermitage-monte-carlo-sbm.webp\",\"articleSection\":[\"Cosa fare\",\"Notizie\"],\"inLanguage\":\"it-IT\",\"copyrightYear\":\"2022\",\"copyrightHolder\":{\"@id\":\"https:\\\/\\\/www.monaco-tribune.com\\\/#organization\"}},{\"@type\":\"WebPage\",\"@id\":\"https:\\\/\\\/www.monaco-tribune.com\\\/it\\\/2022\\\/10\\\/tea-time-lora-del-te-nelleleganza-dellhotel-hermitage\\\/\",\"url\":\"https:\\\/\\\/www.monaco-tribune.com\\\/it\\\/2022\\\/10\\\/tea-time-lora-del-te-nelleleganza-dellhotel-hermitage\\\/\",\"name\":\"Tea time: l'ora del t\u00e8 nell'eleganza dell'Hotel Hermitage\",\"isPartOf\":{\"@id\":\"https:\\\/\\\/www.monaco-tribune.com\\\/it\\\/#website\"},\"primaryImageOfPage\":{\"@id\":\"https:\\\/\\\/www.monaco-tribune.com\\\/it\\\/2022\\\/10\\\/tea-time-lora-del-te-nelleleganza-dellhotel-hermitage\\\/#primaryimage\"},\"image\":{\"@id\":\"https:\\\/\\\/www.monaco-tribune.com\\\/it\\\/2022\\\/10\\\/tea-time-lora-del-te-nelleleganza-dellhotel-hermitage\\\/#primaryimage\"},\"thumbnailUrl\":\"https:\\\/\\\/www.monaco-tribune.com\\\/wp-content\\\/uploads\\\/2022\\\/10\\\/tea-time-eiffel-hotel-hermitage-monte-carlo-sbm.webp\",\"datePublished\":\"2022-10-25T14:29:56+00:00\",\"dateModified\":\"2022-10-25T14:29:58+00:00\",\"description\":\"Fino al 2 aprile 2023, tornano le formule per tutti i gusti all'interno di un luogo incantato. Con le giornate che si fanno sempre pi\u00f9 fresche, cosa c'\u00e8\",\"breadcrumb\":{\"@id\":\"https:\\\/\\\/www.monaco-tribune.com\\\/it\\\/2022\\\/10\\\/tea-time-lora-del-te-nelleleganza-dellhotel-hermitage\\\/#breadcrumb\"},\"inLanguage\":\"it-IT\",\"potentialAction\":[{\"@type\":\"ReadAction\",\"target\":[\"https:\\\/\\\/www.monaco-tribune.com\\\/it\\\/2022\\\/10\\\/tea-time-lora-del-te-nelleleganza-dellhotel-hermitage\\\/\"]}]},{\"@type\":\"ImageObject\",\"inLanguage\":\"it-IT\",\"@id\":\"https:\\\/\\\/www.monaco-tribune.com\\\/it\\\/2022\\\/10\\\/tea-time-lora-del-te-nelleleganza-dellhotel-hermitage\\\/#primaryimage\",\"url\":\"https:\\\/\\\/www.monaco-tribune.com\\\/wp-content\\\/uploads\\\/2022\\\/10\\\/tea-time-eiffel-hotel-hermitage-monte-carlo-sbm.webp\",\"contentUrl\":\"https:\\\/\\\/www.monaco-tribune.com\\\/wp-content\\\/uploads\\\/2022\\\/10\\\/tea-time-eiffel-hotel-hermitage-monte-carlo-sbm.webp\",\"width\":1534,\"height\":960,\"caption\":\"Monte-Carlo SBM\"},{\"@type\":\"BreadcrumbList\",\"@id\":\"https:\\\/\\\/www.monaco-tribune.com\\\/it\\\/2022\\\/10\\\/tea-time-lora-del-te-nelleleganza-dellhotel-hermitage\\\/#breadcrumb\",\"itemListElement\":[{\"@type\":\"ListItem\",\"position\":1,\"name\":\"Accueil\",\"item\":\"https:\\\/\\\/www.monaco-tribune.com\\\/it\\\/\"},{\"@type\":\"ListItem\",\"position\":2,\"name\":\"Tea time: l&rsquo;ora del t\u00e8 nell&rsquo;eleganza dell&rsquo;Hotel Hermitage\"}]},{\"@type\":\"WebSite\",\"@id\":\"https:\\\/\\\/www.monaco-tribune.com\\\/it\\\/#website\",\"url\":\"https:\\\/\\\/www.monaco-tribune.com\\\/it\\\/\",\"name\":\"Monaco Tribune\",\"description\":\"Monaco : actualit\u00e9s \u00e9conomiques, politiques, culturelles et sportives de Monaco et de la French Riviera.\",\"publisher\":{\"@id\":\"https:\\\/\\\/www.monaco-tribune.com\\\/it\\\/#organization\"},\"potentialAction\":[{\"@type\":\"SearchAction\",\"target\":{\"@type\":\"EntryPoint\",\"urlTemplate\":\"https:\\\/\\\/www.monaco-tribune.com\\\/it\\\/?s={search_term_string}\"},\"query-input\":{\"@type\":\"PropertyValueSpecification\",\"valueRequired\":true,\"valueName\":\"search_term_string\"}}],\"inLanguage\":\"it-IT\"},{\"@type\":\"Organization\",\"@id\":\"https:\\\/\\\/www.monaco-tribune.com\\\/it\\\/#organization\",\"name\":\"Monaco Tribune\",\"url\":\"https:\\\/\\\/www.monaco-tribune.com\\\/it\\\/\",\"logo\":{\"@type\":\"ImageObject\",\"inLanguage\":\"it-IT\",\"@id\":\"https:\\\/\\\/www.monaco-tribune.com\\\/it\\\/#\\\/schema\\\/logo\\\/image\\\/\",\"url\":\"https:\\\/\\\/www.monaco-tribune.com\\\/wp-content\\\/uploads\\\/2022\\\/11\\\/logo-monaco-tribune.png\",\"contentUrl\":\"https:\\\/\\\/www.monaco-tribune.com\\\/wp-content\\\/uploads\\\/2022\\\/11\\\/logo-monaco-tribune.png\",\"width\":1548,\"height\":600,\"caption\":\"Monaco Tribune\"},\"image\":{\"@id\":\"https:\\\/\\\/www.monaco-tribune.com\\\/it\\\/#\\\/schema\\\/logo\\\/image\\\/\"},\"sameAs\":[\"https:\\\/\\\/www.facebook.com\\\/MonacoTribune\",\"https:\\\/\\\/x.com\\\/MonacoTribune\",\"https:\\\/\\\/www.instagram.com\\\/monacotribune\\\/\",\"https:\\\/\\\/www.linkedin.com\\\/company\\\/monaco-tribune\",\"https:\\\/\\\/www.youtube.com\\\/channel\\\/UCHle1MnG6hw1y4lWKijVbMA\"]},{\"@type\":\"Person\",\"@id\":\"https:\\\/\\\/www.monaco-tribune.com\\\/it\\\/#\\\/schema\\\/person\\\/94fb5723547bd83dea1eed97e25145aa\",\"name\":\"Th\u00e9o Briand\",\"image\":{\"@type\":\"ImageObject\",\"inLanguage\":\"it-IT\",\"@id\":\"https:\\\/\\\/secure.gravatar.com\\\/avatar\\\/1c02cfd8b8054d8c376f9a942a1dc4dbacfd8ba5e6f8dbb5e16f4aa3d281972a?s=96&d=mm&r=g\",\"url\":\"https:\\\/\\\/secure.gravatar.com\\\/avatar\\\/1c02cfd8b8054d8c376f9a942a1dc4dbacfd8ba5e6f8dbb5e16f4aa3d281972a?s=96&d=mm&r=g\",\"contentUrl\":\"https:\\\/\\\/secure.gravatar.com\\\/avatar\\\/1c02cfd8b8054d8c376f9a942a1dc4dbacfd8ba5e6f8dbb5e16f4aa3d281972a?s=96&d=mm&r=g\",\"caption\":\"Th\u00e9o Briand\"},\"url\":\"https:\\\/\\\/www.monaco-tribune.com\\\/it\\\/author\\\/theobriand\\\/\"}]}<\/script>\n<!-- \/ Yoast SEO Premium plugin. -->","yoast_head_json":{"title":"Tea time: l'ora del t\u00e8 nell'eleganza dell'Hotel Hermitage","description":"Fino al 2 aprile 2023, tornano le formule per tutti i gusti all'interno di un luogo incantato. Con le giornate che si fanno sempre pi\u00f9 fresche, cosa c'\u00e8","robots":{"index":"index","follow":"follow","max-snippet":"max-snippet:-1","max-image-preview":"max-image-preview:large","max-video-preview":"max-video-preview:-1"},"canonical":"https:\/\/www.monaco-tribune.com\/it\/2022\/10\/tea-time-lora-del-te-nelleleganza-dellhotel-hermitage\/","og_locale":"it_IT","og_type":"article","og_title":"Tea time: l'ora del t\u00e8 nell'eleganza dell'Hotel Hermitage - Monaco Tribune","og_description":"Fino al 2 aprile 2023, tornano le formule per tutti i gusti all'interno di un luogo incantato. Con le giornate che si fanno sempre pi\u00f9 fresche, cosa c'\u00e8","og_url":"https:\/\/www.monaco-tribune.com\/it\/2022\/10\/tea-time-lora-del-te-nelleleganza-dellhotel-hermitage\/","og_site_name":"Monaco Tribune","article_publisher":"https:\/\/www.facebook.com\/MonacoTribune","article_published_time":"2022-10-25T14:29:56+00:00","article_modified_time":"2022-10-25T14:29:58+00:00","og_image":[{"width":1534,"height":960,"url":"https:\/\/www.monaco-tribune.com\/wp-content\/uploads\/2022\/10\/tea-time-eiffel-hotel-hermitage-monte-carlo-sbm.webp","type":"image\/webp"}],"author":"Th\u00e9o Briand","twitter_card":"summary_large_image","twitter_creator":"@MonacoTribune","twitter_site":"@MonacoTribune","schema":{"@context":"https:\/\/schema.org","@graph":[{"@type":"NewsArticle","@id":"https:\/\/www.monaco-tribune.com\/it\/2022\/10\/tea-time-lora-del-te-nelleleganza-dellhotel-hermitage\/#article","isPartOf":{"@id":"https:\/\/www.monaco-tribune.com\/it\/2022\/10\/tea-time-lora-del-te-nelleleganza-dellhotel-hermitage\/"},"author":{"name":"Th\u00e9o Briand","@id":"https:\/\/www.monaco-tribune.com\/it\/#\/schema\/person\/94fb5723547bd83dea1eed97e25145aa"},"headline":"Tea time: l&#8217;ora del t\u00e8 nell&#8217;eleganza dell&#8217;Hotel Hermitage","datePublished":"2022-10-25T14:29:56+00:00","dateModified":"2022-10-25T14:29:58+00:00","mainEntityOfPage":{"@id":"https:\/\/www.monaco-tribune.com\/it\/2022\/10\/tea-time-lora-del-te-nelleleganza-dellhotel-hermitage\/"},"wordCount":221,"publisher":{"@id":"https:\/\/www.monaco-tribune.com\/it\/#organization"},"image":{"@id":"https:\/\/www.monaco-tribune.com\/it\/2022\/10\/tea-time-lora-del-te-nelleleganza-dellhotel-hermitage\/#primaryimage"},"thumbnailUrl":"https:\/\/www.monaco-tribune.com\/wp-content\/uploads\/2022\/10\/tea-time-eiffel-hotel-hermitage-monte-carlo-sbm.webp","articleSection":["Cosa fare","Notizie"],"inLanguage":"it-IT","copyrightYear":"2022","copyrightHolder":{"@id":"https:\/\/www.monaco-tribune.com\/#organization"}},{"@type":"WebPage","@id":"https:\/\/www.monaco-tribune.com\/it\/2022\/10\/tea-time-lora-del-te-nelleleganza-dellhotel-hermitage\/","url":"https:\/\/www.monaco-tribune.com\/it\/2022\/10\/tea-time-lora-del-te-nelleleganza-dellhotel-hermitage\/","name":"Tea time: l'ora del t\u00e8 nell'eleganza dell'Hotel Hermitage","isPartOf":{"@id":"https:\/\/www.monaco-tribune.com\/it\/#website"},"primaryImageOfPage":{"@id":"https:\/\/www.monaco-tribune.com\/it\/2022\/10\/tea-time-lora-del-te-nelleleganza-dellhotel-hermitage\/#primaryimage"},"image":{"@id":"https:\/\/www.monaco-tribune.com\/it\/2022\/10\/tea-time-lora-del-te-nelleleganza-dellhotel-hermitage\/#primaryimage"},"thumbnailUrl":"https:\/\/www.monaco-tribune.com\/wp-content\/uploads\/2022\/10\/tea-time-eiffel-hotel-hermitage-monte-carlo-sbm.webp","datePublished":"2022-10-25T14:29:56+00:00","dateModified":"2022-10-25T14:29:58+00:00","description":"Fino al 2 aprile 2023, tornano le formule per tutti i gusti all'interno di un luogo incantato. Con le giornate che si fanno sempre pi\u00f9 fresche, cosa c'\u00e8","breadcrumb":{"@id":"https:\/\/www.monaco-tribune.com\/it\/2022\/10\/tea-time-lora-del-te-nelleleganza-dellhotel-hermitage\/#breadcrumb"},"inLanguage":"it-IT","potentialAction":[{"@type":"ReadAction","target":["https:\/\/www.monaco-tribune.com\/it\/2022\/10\/tea-time-lora-del-te-nelleleganza-dellhotel-hermitage\/"]}]},{"@type":"ImageObject","inLanguage":"it-IT","@id":"https:\/\/www.monaco-tribune.com\/it\/2022\/10\/tea-time-lora-del-te-nelleleganza-dellhotel-hermitage\/#primaryimage","url":"https:\/\/www.monaco-tribune.com\/wp-content\/uploads\/2022\/10\/tea-time-eiffel-hotel-hermitage-monte-carlo-sbm.webp","contentUrl":"https:\/\/www.monaco-tribune.com\/wp-content\/uploads\/2022\/10\/tea-time-eiffel-hotel-hermitage-monte-carlo-sbm.webp","width":1534,"height":960,"caption":"Monte-Carlo SBM"},{"@type":"BreadcrumbList","@id":"https:\/\/www.monaco-tribune.com\/it\/2022\/10\/tea-time-lora-del-te-nelleleganza-dellhotel-hermitage\/#breadcrumb","itemListElement":[{"@type":"ListItem","position":1,"name":"Accueil","item":"https:\/\/www.monaco-tribune.com\/it\/"},{"@type":"ListItem","position":2,"name":"Tea time: l&rsquo;ora del t\u00e8 nell&rsquo;eleganza dell&rsquo;Hotel Hermitage"}]},{"@type":"WebSite","@id":"https:\/\/www.monaco-tribune.com\/it\/#website","url":"https:\/\/www.monaco-tribune.com\/it\/","name":"Monaco Tribune","description":"Monaco : actualit\u00e9s \u00e9conomiques, politiques, culturelles et sportives de Monaco et de la French Riviera.","publisher":{"@id":"https:\/\/www.monaco-tribune.com\/it\/#organization"},"potentialAction":[{"@type":"SearchAction","target":{"@type":"EntryPoint","urlTemplate":"https:\/\/www.monaco-tribune.com\/it\/?s={search_term_string}"},"query-input":{"@type":"PropertyValueSpecification","valueRequired":true,"valueName":"search_term_string"}}],"inLanguage":"it-IT"},{"@type":"Organization","@id":"https:\/\/www.monaco-tribune.com\/it\/#organization","name":"Monaco Tribune","url":"https:\/\/www.monaco-tribune.com\/it\/","logo":{"@type":"ImageObject","inLanguage":"it-IT","@id":"https:\/\/www.monaco-tribune.com\/it\/#\/schema\/logo\/image\/","url":"https:\/\/www.monaco-tribune.com\/wp-content\/uploads\/2022\/11\/logo-monaco-tribune.png","contentUrl":"https:\/\/www.monaco-tribune.com\/wp-content\/uploads\/2022\/11\/logo-monaco-tribune.png","width":1548,"height":600,"caption":"Monaco Tribune"},"image":{"@id":"https:\/\/www.monaco-tribune.com\/it\/#\/schema\/logo\/image\/"},"sameAs":["https:\/\/www.facebook.com\/MonacoTribune","https:\/\/x.com\/MonacoTribune","https:\/\/www.instagram.com\/monacotribune\/","https:\/\/www.linkedin.com\/company\/monaco-tribune","https:\/\/www.youtube.com\/channel\/UCHle1MnG6hw1y4lWKijVbMA"]},{"@type":"Person","@id":"https:\/\/www.monaco-tribune.com\/it\/#\/schema\/person\/94fb5723547bd83dea1eed97e25145aa","name":"Th\u00e9o Briand","image":{"@type":"ImageObject","inLanguage":"it-IT","@id":"https:\/\/secure.gravatar.com\/avatar\/1c02cfd8b8054d8c376f9a942a1dc4dbacfd8ba5e6f8dbb5e16f4aa3d281972a?s=96&d=mm&r=g","url":"https:\/\/secure.gravatar.com\/avatar\/1c02cfd8b8054d8c376f9a942a1dc4dbacfd8ba5e6f8dbb5e16f4aa3d281972a?s=96&d=mm&r=g","contentUrl":"https:\/\/secure.gravatar.com\/avatar\/1c02cfd8b8054d8c376f9a942a1dc4dbacfd8ba5e6f8dbb5e16f4aa3d281972a?s=96&d=mm&r=g","caption":"Th\u00e9o Briand"},"url":"https:\/\/www.monaco-tribune.com\/it\/author\/theobriand\/"}]}},"_links":{"self":[{"href":"https:\/\/www.monaco-tribune.com\/it\/wp-json\/wp\/v2\/posts\/147152","targetHints":{"allow":["GET"]}}],"collection":[{"href":"https:\/\/www.monaco-tribune.com\/it\/wp-json\/wp\/v2\/posts"}],"about":[{"href":"https:\/\/www.monaco-tribune.com\/it\/wp-json\/wp\/v2\/types\/post"}],"author":[{"embeddable":true,"href":"https:\/\/www.monaco-tribune.com\/it\/wp-json\/wp\/v2\/users\/66"}],"replies":[{"embeddable":true,"href":"https:\/\/www.monaco-tribune.com\/it\/wp-json\/wp\/v2\/comments?post=147152"}],"version-history":[{"count":0,"href":"https:\/\/www.monaco-tribune.com\/it\/wp-json\/wp\/v2\/posts\/147152\/revisions"}],"wp:featuredmedia":[{"embeddable":true,"href":"https:\/\/www.monaco-tribune.com\/it\/wp-json\/wp\/v2\/media\/146397"}],"wp:attachment":[{"href":"https:\/\/www.monaco-tribune.com\/it\/wp-json\/wp\/v2\/media?parent=147152"}],"wp:term":[{"taxonomy":"category","embeddable":true,"href":"https:\/\/www.monaco-tribune.com\/it\/wp-json\/wp\/v2\/categories?post=147152"},{"taxonomy":"post_tag","embeddable":true,"href":"https:\/\/www.monaco-tribune.com\/it\/wp-json\/wp\/v2\/tags?post=147152"},{"taxonomy":"sectag","embeddable":true,"href":"https:\/\/www.monaco-tribune.com\/it\/wp-json\/wp\/v2\/post_sectags?post=147152"},{"taxonomy":"format","embeddable":true,"href":"https:\/\/www.monaco-tribune.com\/it\/wp-json\/wp\/v2\/post_format?post=147152"}],"curies":[{"name":"wp","href":"https:\/\/api.w.org\/{rel}","templated":true}]}}