{"id":147704,"date":"2022-10-28T18:43:41","date_gmt":"2022-10-28T16:43:41","guid":{"rendered":"https:\/\/www.monaco-tribune.com\/2022\/10\/cancro-al-seno-dove-e-come-fare-lo-screening-a-monaco\/"},"modified":"2022-10-28T18:43:51","modified_gmt":"2022-10-28T16:43:51","slug":"cancro-al-seno-dove-e-come-fare-lo-screening-a-monaco","status":"publish","type":"post","link":"https:\/\/www.monaco-tribune.com\/it\/2022\/10\/cancro-al-seno-dove-e-come-fare-lo-screening-a-monaco\/","title":{"rendered":"Cancro al seno: dove e come fare lo screening a Monaco"},"content":{"rendered":"\n<p><strong>Che siate monegaschi, residenti o lavoratori del Principato, c&#8217;\u00e8 una soluzione fatta apposta per voi.<\/strong><\/p>\n\n<p>Dopo un mese di ottobre segnato dalla campagna Ottobre Rosa, vi sarete sicuramente chiesti come poter effettuare lo screening per il cancro al seno a Monaco. E fate bene! Perch\u00e9 pi\u00f9 il cancro viene individuato in uno stadio precoce, pi\u00f9 alto \u00e8 il tasso di guarigione. Ricordiamo che in Francia il cancro al seno \u00e8 il tumore pi\u00f9 diffuso tra le donne:&#8221;Ogni anno si registrano 60.000 nuovi casi e 12.000 decessi&#8221;, afferma il Dottor Henri Vinti, responsabile dello screening e della prevenzione al CHPG.<\/p>\n\n<h2 class=\"wp-block-heading\" id=\"h-pour-les-monegasques-et-residentes-le-depistage-organise\"><strong>Per le monegasche e le residenti: uno screening sistematico<\/strong><\/h2>\n\n<p>Come per lo screening del cancro al colon e al collo dell&#8217;utero, anche lo screening del cancro al seno a Monaco \u00e8 sistematico. Per il momento, \u00e8 rivolto solo a uomini e donne monegaschi di et\u00e0 compresa tra i 50 e gli 80 anni, e riguarda la popolazione &#8220;standard&#8221;, cio\u00e8 senza rischi ereditari.<\/p>\n\n<p>&#8220;Nel Principato, \u00e8 il Centro di screening monegasco che invita le donne idonee a sottoporsi allo screening grazie a un elenco fornito dalle compagnie di assicurazione monegasche. Ci aggiriamo intorno alle 2.500\/3.000 lettere inviate all&#8217;anno, con un ritorno nel processo di screening di circa il 10%. Nel Principato di Monaco vengono quindi effettuati tra i 250 e i 300 screening all&#8217;anno&#8221;, spiega lo specialista.<\/p>\n\n<blockquote class=\"wp-block-quote is-layout-flow wp-block-quote-is-layout-flow\"><p><em>A Monaco, ogni anno vengono effettuati tra i 250 e i 300 screening.<\/em><\/p><\/blockquote>\n\n<p><strong>LEGGI ANCHE: <\/strong><a href=\"https:\/\/www.monaco-tribune.com\/it\/2022\/10\/ricostruzione-del-legamento-crociato-una-prima-mondiale-nel-principato\/\">Ricostruzione del legamento crociato. Una prima mondiale nel Principato<\/a><\/p>\n\n<p>In questa lettera \u00e8 indicato il numero di telefono del Centro di Senologia da chiamare per fissare un primo appuntamento per un esame del seno (mammografia ed ecografia). La particolarit\u00e0 dello screening sistematico sta nella doppia lettura della mammografia. In concreto, significa che, durante lo screening individuale, le immagini saranno esaminate da due radiologi invece che da uno solo.<\/p>\n\n<h2 class=\"wp-block-heading\" id=\"h-pour-les-salariees-de-la-principaute-le-depistage-individuel\"><strong>Per le lavoratrici del Principato: uno screening individuale<\/strong><\/h2>\n\n<p>Lo screening individuale \u00e8 rivolto a tutte le donne che desiderano effettuare un controllo e in particolare alle lavoratrici del Principato assicurate a Monaco (sempre di et\u00e0 superiore ai 50 anni e senza rischi particolari).&#8221;Queste donne non vengono contattate n\u00e9 dalla Francia, in quanto non esistono nel fondo di previdenza sociale, n\u00e9 dal Principato di Monaco, in quanto non rientrano nello screening sistematico che si rivolge esclusivamente a monegaschi e residenti monegaschi&#8221;.<\/p>\n\n<p>Lo screening individuale consiste quindi nel rivolgersi al ginecologo per ottenere la prescrizione di una visita senologica. A quel punto &#8220;hanno tutto il diritto di sottoporsi a un controllo presso il CHPG, il Centro di diagnostica per immagini di Fontvieille, il Centro Antoine Lacassagne di Nizza o anche presso un radiologo privato&#8221;, spiega il Dottor Henri Vinti.<\/p>\n\n<p>Ricordiamo che lo screening, individuale o sistematico che sia, dovrebbe essere effettuato ogni due anni per le donne di 50 anni o pi\u00f9 che rientrano in un percorso standard.<\/p>\n\n<p><strong>LEGGI ANCHE:<\/strong> <a href=\"https:\/\/www.monaco-tribune.com\/it\/2022\/10\/ottobre-rosa-il-chpg-risponde-alle-vostre-domande\/\">Ottobre Rosa: il CHPG risponde alle vostre domande<\/a><\/p>\n\n<h2 class=\"wp-block-heading\" id=\"h-pour-toutes-le-breastday-du-chpg\"><strong>Per tutti: il BreastDay del CHPG<\/strong><\/h2>\n\n<p>Si tratta di un percorso di un giorno offerto alle donne con un sospetto cancro al seno: &#8220;Una paziente a cui \u00e8 stata rilevata un&#8217;anomalia in una mammografia di screening (sistematico o individuale) e che desidera avere un secondo parere, o una donna che ha avvertito qualcosa di strano durante una palpazione&#8221;.<\/p>\n\n<p>Chiamando il numero +377 97 98 99 55, potranno sottoporsi a tutti gli esami diagnostici necessari in una sola giornata e ricevere i risultati il giorno stesso.<\/p>\n\n<hr class=\"wp-block-separator has-alpha-channel-opacity\"\/>\n\n<p><em>\u00c8 possibile effettuare lo screening autonomamente?<\/em><\/p>\n\n<p>&#8220;No&#8221;, risponde il Dottor Henri Vinti. D&#8217;altra parte, il responsabile dello screening e della prevenzione del CHPG raccomanda l&#8217;autopalpazione una volta al mese a partire dai 25 anni: &#8220;Una settimana dopo le mestruazioni, davanti a uno specchio, si pu\u00f2 eseguire un&#8217;autopalpazione facendo riferimento ai video di YouTube che spesso sono molto ben fatti. In caso di piccoli cambiamenti nell&#8217;aspetto del seno, perdite o retrazione del capezzolo, la donna pu\u00f2 avvertire il proprio ginecologo o medico curante&#8221;.<\/p>\n\n<p>Ma non fatevi prendere dal panico se compare un nodulo o avvertite dolore:&#8221;ci sono il 99% di possibilit\u00e0 che sia un nodulo benigno&#8221;, sottolinea il medico, che fa notare che il cancro &#8220;ai primi stadi raramente si manifesta con dolore&#8221;.<\/p>\n","protected":false},"excerpt":{"rendered":"<p>Che siate monegaschi, residenti o lavoratori del Principato, c&#8217;\u00e8 una soluzione fatta apposta per voi. Dopo un mese di ottobre [&hellip;]<\/p>\n","protected":false},"author":69,"featured_media":147528,"comment_status":"closed","ping_status":"closed","sticky":false,"template":"","format":"standard","meta":{"_acf_changed":false,"footnotes":""},"categories":[1826,1738,1752],"tags":[],"post_sectags":[],"post_format":[2477],"class_list":["post-147704","post","type-post","status-publish","format-standard","has-post-thumbnail","hentry","category-la-nostra-scelta","category-notizie","category-societa","format-info-pratiche"],"acf":[],"yoast_head":"<!-- This site is optimized with the Yoast SEO Premium plugin v26.8 (Yoast SEO v27.5) - https:\/\/yoast.com\/product\/yoast-seo-premium-wordpress\/ -->\n<title>Cancro al seno: dove e come fare lo screening a Monaco<\/title>\n<meta name=\"description\" content=\"Che siate monegaschi, residenti o lavoratori del Principato, c&#039;\u00e8 una soluzione fatta apposta per voi. Dopo un mese di ottobre segnato dalla campagna\" \/>\n<meta name=\"robots\" content=\"index, follow, max-snippet:-1, max-image-preview:large, max-video-preview:-1\" \/>\n<link rel=\"canonical\" href=\"https:\/\/www.monaco-tribune.com\/it\/2022\/10\/cancro-al-seno-dove-e-come-fare-lo-screening-a-monaco\/\" \/>\n<meta property=\"og:locale\" content=\"it_IT\" \/>\n<meta property=\"og:type\" content=\"article\" \/>\n<meta property=\"og:title\" content=\"Cancro al seno: dove e come fare lo screening a Monaco - Monaco Tribune\" \/>\n<meta property=\"og:description\" content=\"Che siate monegaschi, residenti o lavoratori del Principato, c&#039;\u00e8 una soluzione fatta apposta per voi. Dopo un mese di ottobre segnato dalla campagna\" \/>\n<meta property=\"og:url\" content=\"https:\/\/www.monaco-tribune.com\/it\/2022\/10\/cancro-al-seno-dove-e-come-fare-lo-screening-a-monaco\/\" \/>\n<meta property=\"og:site_name\" content=\"Monaco Tribune\" \/>\n<meta property=\"article:publisher\" content=\"https:\/\/www.facebook.com\/MonacoTribune\" \/>\n<meta property=\"article:published_time\" content=\"2022-10-28T16:43:41+00:00\" \/>\n<meta property=\"article:modified_time\" content=\"2022-10-28T16:43:51+00:00\" \/>\n<meta property=\"og:image\" content=\"https:\/\/www.monaco-tribune.com\/wp-content\/uploads\/2022\/10\/cancer-sein-depistage.jpg\" \/>\n\t<meta property=\"og:image:width\" content=\"1020\" \/>\n\t<meta property=\"og:image:height\" content=\"680\" \/>\n\t<meta property=\"og:image:type\" content=\"image\/jpeg\" \/>\n<meta name=\"author\" content=\"Sarah Incari\" \/>\n<meta name=\"twitter:card\" content=\"summary_large_image\" \/>\n<meta name=\"twitter:creator\" content=\"@MonacoTribune\" \/>\n<meta name=\"twitter:site\" content=\"@MonacoTribune\" \/>\n<script type=\"application\/ld+json\" class=\"yoast-schema-graph\">{\"@context\":\"https:\\\/\\\/schema.org\",\"@graph\":[{\"@type\":\"NewsArticle\",\"@id\":\"https:\\\/\\\/www.monaco-tribune.com\\\/it\\\/2022\\\/10\\\/cancro-al-seno-dove-e-come-fare-lo-screening-a-monaco\\\/#article\",\"isPartOf\":{\"@id\":\"https:\\\/\\\/www.monaco-tribune.com\\\/it\\\/2022\\\/10\\\/cancro-al-seno-dove-e-come-fare-lo-screening-a-monaco\\\/\"},\"author\":{\"name\":\"Sarah Incari\",\"@id\":\"https:\\\/\\\/www.monaco-tribune.com\\\/it\\\/#\\\/schema\\\/person\\\/dd3b5770833f791d3f4d808f1aa84499\"},\"headline\":\"Cancro al seno: dove e come fare lo screening a Monaco\",\"datePublished\":\"2022-10-28T16:43:41+00:00\",\"dateModified\":\"2022-10-28T16:43:51+00:00\",\"mainEntityOfPage\":{\"@id\":\"https:\\\/\\\/www.monaco-tribune.com\\\/it\\\/2022\\\/10\\\/cancro-al-seno-dove-e-come-fare-lo-screening-a-monaco\\\/\"},\"wordCount\":685,\"publisher\":{\"@id\":\"https:\\\/\\\/www.monaco-tribune.com\\\/it\\\/#organization\"},\"image\":{\"@id\":\"https:\\\/\\\/www.monaco-tribune.com\\\/it\\\/2022\\\/10\\\/cancro-al-seno-dove-e-come-fare-lo-screening-a-monaco\\\/#primaryimage\"},\"thumbnailUrl\":\"https:\\\/\\\/www.monaco-tribune.com\\\/wp-content\\\/uploads\\\/2022\\\/10\\\/cancer-sein-depistage.jpg\",\"articleSection\":[\"La nostra scelta\",\"Notizie\",\"Societ\u00e0\"],\"inLanguage\":\"it-IT\",\"copyrightYear\":\"2022\",\"copyrightHolder\":{\"@id\":\"https:\\\/\\\/www.monaco-tribune.com\\\/#organization\"}},{\"@type\":\"WebPage\",\"@id\":\"https:\\\/\\\/www.monaco-tribune.com\\\/it\\\/2022\\\/10\\\/cancro-al-seno-dove-e-come-fare-lo-screening-a-monaco\\\/\",\"url\":\"https:\\\/\\\/www.monaco-tribune.com\\\/it\\\/2022\\\/10\\\/cancro-al-seno-dove-e-come-fare-lo-screening-a-monaco\\\/\",\"name\":\"Cancro al seno: dove e come fare lo screening a Monaco\",\"isPartOf\":{\"@id\":\"https:\\\/\\\/www.monaco-tribune.com\\\/it\\\/#website\"},\"primaryImageOfPage\":{\"@id\":\"https:\\\/\\\/www.monaco-tribune.com\\\/it\\\/2022\\\/10\\\/cancro-al-seno-dove-e-come-fare-lo-screening-a-monaco\\\/#primaryimage\"},\"image\":{\"@id\":\"https:\\\/\\\/www.monaco-tribune.com\\\/it\\\/2022\\\/10\\\/cancro-al-seno-dove-e-come-fare-lo-screening-a-monaco\\\/#primaryimage\"},\"thumbnailUrl\":\"https:\\\/\\\/www.monaco-tribune.com\\\/wp-content\\\/uploads\\\/2022\\\/10\\\/cancer-sein-depistage.jpg\",\"datePublished\":\"2022-10-28T16:43:41+00:00\",\"dateModified\":\"2022-10-28T16:43:51+00:00\",\"description\":\"Che siate monegaschi, residenti o lavoratori del Principato, c'\u00e8 una soluzione fatta apposta per voi. Dopo un mese di ottobre segnato dalla campagna\",\"breadcrumb\":{\"@id\":\"https:\\\/\\\/www.monaco-tribune.com\\\/it\\\/2022\\\/10\\\/cancro-al-seno-dove-e-come-fare-lo-screening-a-monaco\\\/#breadcrumb\"},\"inLanguage\":\"it-IT\",\"potentialAction\":[{\"@type\":\"ReadAction\",\"target\":[\"https:\\\/\\\/www.monaco-tribune.com\\\/it\\\/2022\\\/10\\\/cancro-al-seno-dove-e-come-fare-lo-screening-a-monaco\\\/\"]}]},{\"@type\":\"ImageObject\",\"inLanguage\":\"it-IT\",\"@id\":\"https:\\\/\\\/www.monaco-tribune.com\\\/it\\\/2022\\\/10\\\/cancro-al-seno-dove-e-come-fare-lo-screening-a-monaco\\\/#primaryimage\",\"url\":\"https:\\\/\\\/www.monaco-tribune.com\\\/wp-content\\\/uploads\\\/2022\\\/10\\\/cancer-sein-depistage.jpg\",\"contentUrl\":\"https:\\\/\\\/www.monaco-tribune.com\\\/wp-content\\\/uploads\\\/2022\\\/10\\\/cancer-sein-depistage.jpg\",\"width\":1020,\"height\":680,\"caption\":\"DR\"},{\"@type\":\"BreadcrumbList\",\"@id\":\"https:\\\/\\\/www.monaco-tribune.com\\\/it\\\/2022\\\/10\\\/cancro-al-seno-dove-e-come-fare-lo-screening-a-monaco\\\/#breadcrumb\",\"itemListElement\":[{\"@type\":\"ListItem\",\"position\":1,\"name\":\"Accueil\",\"item\":\"https:\\\/\\\/www.monaco-tribune.com\\\/it\\\/\"},{\"@type\":\"ListItem\",\"position\":2,\"name\":\"Cancro al seno: dove e come fare lo screening a Monaco\"}]},{\"@type\":\"WebSite\",\"@id\":\"https:\\\/\\\/www.monaco-tribune.com\\\/it\\\/#website\",\"url\":\"https:\\\/\\\/www.monaco-tribune.com\\\/it\\\/\",\"name\":\"Monaco Tribune\",\"description\":\"Monaco : actualit\u00e9s \u00e9conomiques, politiques, culturelles et sportives de Monaco et de la French Riviera.\",\"publisher\":{\"@id\":\"https:\\\/\\\/www.monaco-tribune.com\\\/it\\\/#organization\"},\"potentialAction\":[{\"@type\":\"SearchAction\",\"target\":{\"@type\":\"EntryPoint\",\"urlTemplate\":\"https:\\\/\\\/www.monaco-tribune.com\\\/it\\\/?s={search_term_string}\"},\"query-input\":{\"@type\":\"PropertyValueSpecification\",\"valueRequired\":true,\"valueName\":\"search_term_string\"}}],\"inLanguage\":\"it-IT\"},{\"@type\":\"Organization\",\"@id\":\"https:\\\/\\\/www.monaco-tribune.com\\\/it\\\/#organization\",\"name\":\"Monaco Tribune\",\"url\":\"https:\\\/\\\/www.monaco-tribune.com\\\/it\\\/\",\"logo\":{\"@type\":\"ImageObject\",\"inLanguage\":\"it-IT\",\"@id\":\"https:\\\/\\\/www.monaco-tribune.com\\\/it\\\/#\\\/schema\\\/logo\\\/image\\\/\",\"url\":\"https:\\\/\\\/www.monaco-tribune.com\\\/wp-content\\\/uploads\\\/2022\\\/11\\\/logo-monaco-tribune.png\",\"contentUrl\":\"https:\\\/\\\/www.monaco-tribune.com\\\/wp-content\\\/uploads\\\/2022\\\/11\\\/logo-monaco-tribune.png\",\"width\":1548,\"height\":600,\"caption\":\"Monaco Tribune\"},\"image\":{\"@id\":\"https:\\\/\\\/www.monaco-tribune.com\\\/it\\\/#\\\/schema\\\/logo\\\/image\\\/\"},\"sameAs\":[\"https:\\\/\\\/www.facebook.com\\\/MonacoTribune\",\"https:\\\/\\\/x.com\\\/MonacoTribune\",\"https:\\\/\\\/www.instagram.com\\\/monacotribune\\\/\",\"https:\\\/\\\/www.linkedin.com\\\/company\\\/monaco-tribune\",\"https:\\\/\\\/www.youtube.com\\\/channel\\\/UCHle1MnG6hw1y4lWKijVbMA\"]},{\"@type\":\"Person\",\"@id\":\"https:\\\/\\\/www.monaco-tribune.com\\\/it\\\/#\\\/schema\\\/person\\\/dd3b5770833f791d3f4d808f1aa84499\",\"name\":\"Sarah Incari\",\"image\":{\"@type\":\"ImageObject\",\"inLanguage\":\"it-IT\",\"@id\":\"https:\\\/\\\/secure.gravatar.com\\\/avatar\\\/4ac0b37be892d57107ccdd804e3f2a03bf1e3fca097512136d3603859293cb0e?s=96&d=mm&r=g\",\"url\":\"https:\\\/\\\/secure.gravatar.com\\\/avatar\\\/4ac0b37be892d57107ccdd804e3f2a03bf1e3fca097512136d3603859293cb0e?s=96&d=mm&r=g\",\"contentUrl\":\"https:\\\/\\\/secure.gravatar.com\\\/avatar\\\/4ac0b37be892d57107ccdd804e3f2a03bf1e3fca097512136d3603859293cb0e?s=96&d=mm&r=g\",\"caption\":\"Sarah Incari\"},\"url\":\"https:\\\/\\\/www.monaco-tribune.com\\\/it\\\/author\\\/sarahincari\\\/\"}]}<\/script>\n<!-- \/ Yoast SEO Premium plugin. -->","yoast_head_json":{"title":"Cancro al seno: dove e come fare lo screening a Monaco","description":"Che siate monegaschi, residenti o lavoratori del Principato, c'\u00e8 una soluzione fatta apposta per voi. Dopo un mese di ottobre segnato dalla campagna","robots":{"index":"index","follow":"follow","max-snippet":"max-snippet:-1","max-image-preview":"max-image-preview:large","max-video-preview":"max-video-preview:-1"},"canonical":"https:\/\/www.monaco-tribune.com\/it\/2022\/10\/cancro-al-seno-dove-e-come-fare-lo-screening-a-monaco\/","og_locale":"it_IT","og_type":"article","og_title":"Cancro al seno: dove e come fare lo screening a Monaco - Monaco Tribune","og_description":"Che siate monegaschi, residenti o lavoratori del Principato, c'\u00e8 una soluzione fatta apposta per voi. Dopo un mese di ottobre segnato dalla campagna","og_url":"https:\/\/www.monaco-tribune.com\/it\/2022\/10\/cancro-al-seno-dove-e-come-fare-lo-screening-a-monaco\/","og_site_name":"Monaco Tribune","article_publisher":"https:\/\/www.facebook.com\/MonacoTribune","article_published_time":"2022-10-28T16:43:41+00:00","article_modified_time":"2022-10-28T16:43:51+00:00","og_image":[{"width":1020,"height":680,"url":"https:\/\/www.monaco-tribune.com\/wp-content\/uploads\/2022\/10\/cancer-sein-depistage.jpg","type":"image\/jpeg"}],"author":"Sarah Incari","twitter_card":"summary_large_image","twitter_creator":"@MonacoTribune","twitter_site":"@MonacoTribune","schema":{"@context":"https:\/\/schema.org","@graph":[{"@type":"NewsArticle","@id":"https:\/\/www.monaco-tribune.com\/it\/2022\/10\/cancro-al-seno-dove-e-come-fare-lo-screening-a-monaco\/#article","isPartOf":{"@id":"https:\/\/www.monaco-tribune.com\/it\/2022\/10\/cancro-al-seno-dove-e-come-fare-lo-screening-a-monaco\/"},"author":{"name":"Sarah Incari","@id":"https:\/\/www.monaco-tribune.com\/it\/#\/schema\/person\/dd3b5770833f791d3f4d808f1aa84499"},"headline":"Cancro al seno: dove e come fare lo screening a Monaco","datePublished":"2022-10-28T16:43:41+00:00","dateModified":"2022-10-28T16:43:51+00:00","mainEntityOfPage":{"@id":"https:\/\/www.monaco-tribune.com\/it\/2022\/10\/cancro-al-seno-dove-e-come-fare-lo-screening-a-monaco\/"},"wordCount":685,"publisher":{"@id":"https:\/\/www.monaco-tribune.com\/it\/#organization"},"image":{"@id":"https:\/\/www.monaco-tribune.com\/it\/2022\/10\/cancro-al-seno-dove-e-come-fare-lo-screening-a-monaco\/#primaryimage"},"thumbnailUrl":"https:\/\/www.monaco-tribune.com\/wp-content\/uploads\/2022\/10\/cancer-sein-depistage.jpg","articleSection":["La nostra scelta","Notizie","Societ\u00e0"],"inLanguage":"it-IT","copyrightYear":"2022","copyrightHolder":{"@id":"https:\/\/www.monaco-tribune.com\/#organization"}},{"@type":"WebPage","@id":"https:\/\/www.monaco-tribune.com\/it\/2022\/10\/cancro-al-seno-dove-e-come-fare-lo-screening-a-monaco\/","url":"https:\/\/www.monaco-tribune.com\/it\/2022\/10\/cancro-al-seno-dove-e-come-fare-lo-screening-a-monaco\/","name":"Cancro al seno: dove e come fare lo screening a Monaco","isPartOf":{"@id":"https:\/\/www.monaco-tribune.com\/it\/#website"},"primaryImageOfPage":{"@id":"https:\/\/www.monaco-tribune.com\/it\/2022\/10\/cancro-al-seno-dove-e-come-fare-lo-screening-a-monaco\/#primaryimage"},"image":{"@id":"https:\/\/www.monaco-tribune.com\/it\/2022\/10\/cancro-al-seno-dove-e-come-fare-lo-screening-a-monaco\/#primaryimage"},"thumbnailUrl":"https:\/\/www.monaco-tribune.com\/wp-content\/uploads\/2022\/10\/cancer-sein-depistage.jpg","datePublished":"2022-10-28T16:43:41+00:00","dateModified":"2022-10-28T16:43:51+00:00","description":"Che siate monegaschi, residenti o lavoratori del Principato, c'\u00e8 una soluzione fatta apposta per voi. Dopo un mese di ottobre segnato dalla campagna","breadcrumb":{"@id":"https:\/\/www.monaco-tribune.com\/it\/2022\/10\/cancro-al-seno-dove-e-come-fare-lo-screening-a-monaco\/#breadcrumb"},"inLanguage":"it-IT","potentialAction":[{"@type":"ReadAction","target":["https:\/\/www.monaco-tribune.com\/it\/2022\/10\/cancro-al-seno-dove-e-come-fare-lo-screening-a-monaco\/"]}]},{"@type":"ImageObject","inLanguage":"it-IT","@id":"https:\/\/www.monaco-tribune.com\/it\/2022\/10\/cancro-al-seno-dove-e-come-fare-lo-screening-a-monaco\/#primaryimage","url":"https:\/\/www.monaco-tribune.com\/wp-content\/uploads\/2022\/10\/cancer-sein-depistage.jpg","contentUrl":"https:\/\/www.monaco-tribune.com\/wp-content\/uploads\/2022\/10\/cancer-sein-depistage.jpg","width":1020,"height":680,"caption":"DR"},{"@type":"BreadcrumbList","@id":"https:\/\/www.monaco-tribune.com\/it\/2022\/10\/cancro-al-seno-dove-e-come-fare-lo-screening-a-monaco\/#breadcrumb","itemListElement":[{"@type":"ListItem","position":1,"name":"Accueil","item":"https:\/\/www.monaco-tribune.com\/it\/"},{"@type":"ListItem","position":2,"name":"Cancro al seno: dove e come fare lo screening a Monaco"}]},{"@type":"WebSite","@id":"https:\/\/www.monaco-tribune.com\/it\/#website","url":"https:\/\/www.monaco-tribune.com\/it\/","name":"Monaco Tribune","description":"Monaco : actualit\u00e9s \u00e9conomiques, politiques, culturelles et sportives de Monaco et de la French Riviera.","publisher":{"@id":"https:\/\/www.monaco-tribune.com\/it\/#organization"},"potentialAction":[{"@type":"SearchAction","target":{"@type":"EntryPoint","urlTemplate":"https:\/\/www.monaco-tribune.com\/it\/?s={search_term_string}"},"query-input":{"@type":"PropertyValueSpecification","valueRequired":true,"valueName":"search_term_string"}}],"inLanguage":"it-IT"},{"@type":"Organization","@id":"https:\/\/www.monaco-tribune.com\/it\/#organization","name":"Monaco Tribune","url":"https:\/\/www.monaco-tribune.com\/it\/","logo":{"@type":"ImageObject","inLanguage":"it-IT","@id":"https:\/\/www.monaco-tribune.com\/it\/#\/schema\/logo\/image\/","url":"https:\/\/www.monaco-tribune.com\/wp-content\/uploads\/2022\/11\/logo-monaco-tribune.png","contentUrl":"https:\/\/www.monaco-tribune.com\/wp-content\/uploads\/2022\/11\/logo-monaco-tribune.png","width":1548,"height":600,"caption":"Monaco Tribune"},"image":{"@id":"https:\/\/www.monaco-tribune.com\/it\/#\/schema\/logo\/image\/"},"sameAs":["https:\/\/www.facebook.com\/MonacoTribune","https:\/\/x.com\/MonacoTribune","https:\/\/www.instagram.com\/monacotribune\/","https:\/\/www.linkedin.com\/company\/monaco-tribune","https:\/\/www.youtube.com\/channel\/UCHle1MnG6hw1y4lWKijVbMA"]},{"@type":"Person","@id":"https:\/\/www.monaco-tribune.com\/it\/#\/schema\/person\/dd3b5770833f791d3f4d808f1aa84499","name":"Sarah Incari","image":{"@type":"ImageObject","inLanguage":"it-IT","@id":"https:\/\/secure.gravatar.com\/avatar\/4ac0b37be892d57107ccdd804e3f2a03bf1e3fca097512136d3603859293cb0e?s=96&d=mm&r=g","url":"https:\/\/secure.gravatar.com\/avatar\/4ac0b37be892d57107ccdd804e3f2a03bf1e3fca097512136d3603859293cb0e?s=96&d=mm&r=g","contentUrl":"https:\/\/secure.gravatar.com\/avatar\/4ac0b37be892d57107ccdd804e3f2a03bf1e3fca097512136d3603859293cb0e?s=96&d=mm&r=g","caption":"Sarah Incari"},"url":"https:\/\/www.monaco-tribune.com\/it\/author\/sarahincari\/"}]}},"_links":{"self":[{"href":"https:\/\/www.monaco-tribune.com\/it\/wp-json\/wp\/v2\/posts\/147704","targetHints":{"allow":["GET"]}}],"collection":[{"href":"https:\/\/www.monaco-tribune.com\/it\/wp-json\/wp\/v2\/posts"}],"about":[{"href":"https:\/\/www.monaco-tribune.com\/it\/wp-json\/wp\/v2\/types\/post"}],"author":[{"embeddable":true,"href":"https:\/\/www.monaco-tribune.com\/it\/wp-json\/wp\/v2\/users\/69"}],"replies":[{"embeddable":true,"href":"https:\/\/www.monaco-tribune.com\/it\/wp-json\/wp\/v2\/comments?post=147704"}],"version-history":[{"count":0,"href":"https:\/\/www.monaco-tribune.com\/it\/wp-json\/wp\/v2\/posts\/147704\/revisions"}],"wp:featuredmedia":[{"embeddable":true,"href":"https:\/\/www.monaco-tribune.com\/it\/wp-json\/wp\/v2\/media\/147528"}],"wp:attachment":[{"href":"https:\/\/www.monaco-tribune.com\/it\/wp-json\/wp\/v2\/media?parent=147704"}],"wp:term":[{"taxonomy":"category","embeddable":true,"href":"https:\/\/www.monaco-tribune.com\/it\/wp-json\/wp\/v2\/categories?post=147704"},{"taxonomy":"post_tag","embeddable":true,"href":"https:\/\/www.monaco-tribune.com\/it\/wp-json\/wp\/v2\/tags?post=147704"},{"taxonomy":"sectag","embeddable":true,"href":"https:\/\/www.monaco-tribune.com\/it\/wp-json\/wp\/v2\/post_sectags?post=147704"},{"taxonomy":"format","embeddable":true,"href":"https:\/\/www.monaco-tribune.com\/it\/wp-json\/wp\/v2\/post_format?post=147704"}],"curies":[{"name":"wp","href":"https:\/\/api.w.org\/{rel}","templated":true}]}}