{"id":147708,"date":"2022-10-28T19:04:49","date_gmt":"2022-10-28T17:04:49","guid":{"rendered":"https:\/\/www.monaco-tribune.com\/2022\/10\/sergiy-gladyr-dellas-monaco-basket-il-successo-del-roca-team-e-dovuto-soprattutto-alla-sua-costanza\/"},"modified":"2022-10-28T19:04:53","modified_gmt":"2022-10-28T17:04:53","slug":"sergiy-gladyr-dellas-monaco-basket-il-successo-del-roca-team-e-dovuto-soprattutto-alla-sua-costanza","status":"publish","type":"post","link":"https:\/\/www.monaco-tribune.com\/it\/2022\/10\/sergiy-gladyr-dellas-monaco-basket-il-successo-del-roca-team-e-dovuto-soprattutto-alla-sua-costanza\/","title":{"rendered":"Sergiy Gladyr dell\u2019AS Monaco Basket: \u201cIl successo del Roca Team \u00e8 dovuto soprattutto alla sua costanza\u201d"},"content":{"rendered":"\n<p><strong>Durante gli SPORTEL Awards Sergiy Gladyr, ex giocatore storico del Roca Team, oggi assistente dell\u2019allenatore Sasa Obradovic, ha parlato dell\u2019evoluzione dell\u2019AS Monaco Basket dal suo arrivo alla Rocca nel 2015.<\/strong><\/p>\n\n<p><strong>Che cosa ne pensa dell\u2019ottimo inizio di stagione della squadra?<\/strong><\/p>\n\n<p>Abbiamo creato la squadra proprio per ottenere questi risultati. Ci sono moltissime ore di lavoro dietro. La squadra, lo staff\u2026 facciamo tutti del nostro meglio per raggiungere i nostri obiettivi.<\/p>\n\n<p><strong>LEGGI ANCHE: <\/strong><a href=\"https:\/\/www.monaco-tribune.com\/it\/2022\/10\/video-un-documentario-che-svela-i-retroscena-dellas-monaco-basket\/\"><strong>VIDEO. Un documentario che svela i retroscena dell\u2019AS Monaco Basket<\/strong><\/a><\/p>\n\n<p><strong>\u00c8 questo il miglior Roca Team che abbia mai visto finora?<\/strong><\/p>\n\n<p>\u00c8 sicuramente quello con pi\u00f9 esperienza. E con esperienza mi riferisco al campionato e soprattutto all\u2019Eurolega. Anche i giocatori pi\u00f9 giovani, che hanno un grande potenziale, ne hanno gi\u00e0 molta. La nostra squadra \u00e8 equilibrata e composta da grandi talenti. I nostri giocatori sono straordinari. Ma anche se la squadra non \u00e8 mai stata cos\u00ec forte come ora, pu\u00f2 succedere di tutto nel mondo del basket. Non bisogna abbassare la guardia.<\/p>\n\n<blockquote class=\"wp-block-quote is-layout-flow wp-block-quote-is-layout-flow\"><p>Mi occupo principalmente dello scouting per la squadra<\/p><cite>Sergiy Gladyr<\/cite><\/blockquote>\n\n<p><strong>Quando si guarda indietro e pensa al percorso affrontato dal club dalla sua prima stagione qui, cosa prova?<\/strong><\/p>\n\n<p>Penso che il lavoro e la costanza abbiano dato i loro frutti. Il club \u00e8 ogni anno un po\u2019 pi\u00f9 strutturato e il budget aumenta. L\u2019evoluzione del club \u00e8 graduale. Lo staff e i giocatori fanno passi avanti tutti gli anni. Il successo del Roca Team \u00e8 dovuto soprattutto alla sua costanza.<\/p>\n\n<p><strong>LEGGI ANCHE: <\/strong><a href=\"https:\/\/www.monaco-tribune.com\/it\/2022\/07\/il-roca-team-si-prepara-a-far-parte-dei-big-del-basket\/\"><strong>Il Roca Team \u00e8 pronto a far parte dei grandi del basket?<\/strong><\/a><\/p>\n\n<p><strong>Qual \u00e8 il suo ruolo all\u2019interno della squadra?<\/strong><\/p>\n\n<p>Sono il terzo assistente. Mi occupo principalmente dello scouting per la squadra. Aiuto l\u2019allenatore a preparare le partite studiando gli avversari, il loro sistema di gioco, ecc. Raccolgo anche molte informazioni dagli altri membri dello staff. Cerco di acquisire pi\u00f9 esperienza possibile per diventare un giorno capo allenatore. Ma prima voglio dare il massimo per aiutare il Roca Team a vincere un nuovo titolo.<\/p>\n\n<blockquote class=\"wp-block-quote is-layout-flow wp-block-quote-is-layout-flow\"><p>Vogliamo diventare campioni di Francia.<\/p><cite>Sergiy Gladyr<\/cite><\/blockquote>\n\n<p><strong>Quest\u2019anno c\u2019\u00e8 anche la Salle Gaston-M\u00e9decin completamente ristrutturata\u2026 <\/strong><\/p>\n\n<p>(Interrompe) S\u00ec, \u00e8 meravigliosa. \u00c8 un enorme vantaggio per noi. Spero che giocheremo molte partite in un\u2019arena piena di tifosi. La ristrutturazione \u00e8 un\u2019ulteriore prova che il club si \u00e8 ingrandito. Abbiamo fatto tanta strada finora e sono felice di far parte di questa avventura.<\/p>\n\n<p><strong>LEGGI ANCHE: <\/strong><a href=\"https:\/\/www.monaco-tribune.com\/it\/2022\/09\/il-roca-team-apre-la-stagione-nuovi-ingaggi-ritiro-pre-stagione-e-piu-posti-in-arena\/\"><strong>Il Roca Team apre la stagione: nuovi ingaggi, ritiro pre-stagione e pi\u00f9 posti in arena<\/strong><\/a><\/p>\n\n<p><strong>Dato che le sue ambizioni non sono mai un segreto, quali sono gli obiettivi dell\u2019AS Monaco Basket per questa stagione?<\/strong><\/p>\n\n<p>Vogliamo diventare campioni di Francia. \u00c8 il nostro obiettivo principale. E perch\u00e9 non puntare all\u2019Eurolega? Non bisogna mai smettere di sognare. Un giorno potremmo vincere quel trofeo.<\/p>\n","protected":false},"excerpt":{"rendered":"<p>Durante gli SPORTEL Awards Sergiy Gladyr, ex giocatore storico del Roca Team, oggi assistente dell\u2019allenatore Sasa Obradovic, ha parlato dell\u2019evoluzione [&hellip;]<\/p>\n","protected":false},"author":24,"featured_media":147516,"comment_status":"closed","ping_status":"closed","sticky":false,"template":"","format":"standard","meta":{"_acf_changed":false,"footnotes":""},"categories":[1826,1738,1743],"tags":[],"post_sectags":[],"post_format":[2476],"class_list":["post-147708","post","type-post","status-publish","format-standard","has-post-thumbnail","hentry","category-la-nostra-scelta","category-notizie","category-sport-it","format-intervista"],"acf":[],"yoast_head":"<!-- This site is optimized with the Yoast SEO Premium plugin v26.8 (Yoast SEO v27.5) - https:\/\/yoast.com\/product\/yoast-seo-premium-wordpress\/ -->\n<title>Sergiy Gladyr dell\u2019AS Monaco Basket: \u201cIl successo del Roca Team \u00e8 dovuto soprattutto alla sua costanza\u201d<\/title>\n<meta name=\"description\" content=\"Durante gli SPORTEL Awards Sergiy Gladyr, ex giocatore storico del Roca Team, oggi assistente dell\u2019allenatore Sasa Obradovic, ha parlato dell\u2019evoluzione\" \/>\n<meta name=\"robots\" content=\"index, follow, max-snippet:-1, max-image-preview:large, max-video-preview:-1\" \/>\n<link rel=\"canonical\" href=\"https:\/\/www.monaco-tribune.com\/it\/2022\/10\/sergiy-gladyr-dellas-monaco-basket-il-successo-del-roca-team-e-dovuto-soprattutto-alla-sua-costanza\/\" \/>\n<meta property=\"og:locale\" content=\"it_IT\" \/>\n<meta property=\"og:type\" content=\"article\" \/>\n<meta property=\"og:title\" content=\"Sergiy Gladyr dell\u2019AS Monaco Basket: \u201cIl successo del Roca Team \u00e8 dovuto soprattutto alla sua costanza\u201d - Monaco Tribune\" \/>\n<meta property=\"og:description\" content=\"Durante gli SPORTEL Awards Sergiy Gladyr, ex giocatore storico del Roca Team, oggi assistente dell\u2019allenatore Sasa Obradovic, ha parlato dell\u2019evoluzione\" \/>\n<meta property=\"og:url\" content=\"https:\/\/www.monaco-tribune.com\/it\/2022\/10\/sergiy-gladyr-dellas-monaco-basket-il-successo-del-roca-team-e-dovuto-soprattutto-alla-sua-costanza\/\" \/>\n<meta property=\"og:site_name\" content=\"Monaco Tribune\" \/>\n<meta property=\"article:publisher\" content=\"https:\/\/www.facebook.com\/MonacoTribune\" \/>\n<meta property=\"article:published_time\" content=\"2022-10-28T17:04:49+00:00\" \/>\n<meta property=\"article:modified_time\" content=\"2022-10-28T17:04:53+00:00\" \/>\n<meta property=\"og:image\" content=\"https:\/\/www.monaco-tribune.com\/wp-content\/uploads\/2022\/10\/220408-man-roca-team-berlin-111-min.jpg\" \/>\n\t<meta property=\"og:image:width\" content=\"2000\" \/>\n\t<meta property=\"og:image:height\" content=\"1333\" \/>\n\t<meta property=\"og:image:type\" content=\"image\/jpeg\" \/>\n<meta name=\"author\" content=\"Romain Boisaubert\" \/>\n<meta name=\"twitter:card\" content=\"summary_large_image\" \/>\n<meta name=\"twitter:creator\" content=\"@MonacoTribune\" \/>\n<meta name=\"twitter:site\" content=\"@MonacoTribune\" \/>\n<script type=\"application\/ld+json\" class=\"yoast-schema-graph\">{\"@context\":\"https:\\\/\\\/schema.org\",\"@graph\":[{\"@type\":\"NewsArticle\",\"@id\":\"https:\\\/\\\/www.monaco-tribune.com\\\/it\\\/2022\\\/10\\\/sergiy-gladyr-dellas-monaco-basket-il-successo-del-roca-team-e-dovuto-soprattutto-alla-sua-costanza\\\/#article\",\"isPartOf\":{\"@id\":\"https:\\\/\\\/www.monaco-tribune.com\\\/it\\\/2022\\\/10\\\/sergiy-gladyr-dellas-monaco-basket-il-successo-del-roca-team-e-dovuto-soprattutto-alla-sua-costanza\\\/\"},\"author\":{\"name\":\"Romain Boisaubert\",\"@id\":\"https:\\\/\\\/www.monaco-tribune.com\\\/it\\\/#\\\/schema\\\/person\\\/330a3732947cf8cb41b2533a0eadd62e\"},\"headline\":\"Sergiy Gladyr dell\u2019AS Monaco Basket: \u201cIl successo del Roca Team \u00e8 dovuto soprattutto alla sua costanza\u201d\",\"datePublished\":\"2022-10-28T17:04:49+00:00\",\"dateModified\":\"2022-10-28T17:04:53+00:00\",\"mainEntityOfPage\":{\"@id\":\"https:\\\/\\\/www.monaco-tribune.com\\\/it\\\/2022\\\/10\\\/sergiy-gladyr-dellas-monaco-basket-il-successo-del-roca-team-e-dovuto-soprattutto-alla-sua-costanza\\\/\"},\"wordCount\":470,\"publisher\":{\"@id\":\"https:\\\/\\\/www.monaco-tribune.com\\\/it\\\/#organization\"},\"image\":{\"@id\":\"https:\\\/\\\/www.monaco-tribune.com\\\/it\\\/2022\\\/10\\\/sergiy-gladyr-dellas-monaco-basket-il-successo-del-roca-team-e-dovuto-soprattutto-alla-sua-costanza\\\/#primaryimage\"},\"thumbnailUrl\":\"https:\\\/\\\/www.monaco-tribune.com\\\/wp-content\\\/uploads\\\/2022\\\/10\\\/220408-man-roca-team-berlin-111-min.jpg\",\"articleSection\":[\"La nostra scelta\",\"Notizie\",\"Sport\"],\"inLanguage\":\"it-IT\",\"copyrightYear\":\"2022\",\"copyrightHolder\":{\"@id\":\"https:\\\/\\\/www.monaco-tribune.com\\\/#organization\"}},{\"@type\":\"WebPage\",\"@id\":\"https:\\\/\\\/www.monaco-tribune.com\\\/it\\\/2022\\\/10\\\/sergiy-gladyr-dellas-monaco-basket-il-successo-del-roca-team-e-dovuto-soprattutto-alla-sua-costanza\\\/\",\"url\":\"https:\\\/\\\/www.monaco-tribune.com\\\/it\\\/2022\\\/10\\\/sergiy-gladyr-dellas-monaco-basket-il-successo-del-roca-team-e-dovuto-soprattutto-alla-sua-costanza\\\/\",\"name\":\"Sergiy Gladyr dell\u2019AS Monaco Basket: \u201cIl successo del Roca Team \u00e8 dovuto soprattutto alla sua costanza\u201d\",\"isPartOf\":{\"@id\":\"https:\\\/\\\/www.monaco-tribune.com\\\/it\\\/#website\"},\"primaryImageOfPage\":{\"@id\":\"https:\\\/\\\/www.monaco-tribune.com\\\/it\\\/2022\\\/10\\\/sergiy-gladyr-dellas-monaco-basket-il-successo-del-roca-team-e-dovuto-soprattutto-alla-sua-costanza\\\/#primaryimage\"},\"image\":{\"@id\":\"https:\\\/\\\/www.monaco-tribune.com\\\/it\\\/2022\\\/10\\\/sergiy-gladyr-dellas-monaco-basket-il-successo-del-roca-team-e-dovuto-soprattutto-alla-sua-costanza\\\/#primaryimage\"},\"thumbnailUrl\":\"https:\\\/\\\/www.monaco-tribune.com\\\/wp-content\\\/uploads\\\/2022\\\/10\\\/220408-man-roca-team-berlin-111-min.jpg\",\"datePublished\":\"2022-10-28T17:04:49+00:00\",\"dateModified\":\"2022-10-28T17:04:53+00:00\",\"description\":\"Durante gli SPORTEL Awards Sergiy Gladyr, ex giocatore storico del Roca Team, oggi assistente dell\u2019allenatore Sasa Obradovic, ha parlato dell\u2019evoluzione\",\"breadcrumb\":{\"@id\":\"https:\\\/\\\/www.monaco-tribune.com\\\/it\\\/2022\\\/10\\\/sergiy-gladyr-dellas-monaco-basket-il-successo-del-roca-team-e-dovuto-soprattutto-alla-sua-costanza\\\/#breadcrumb\"},\"inLanguage\":\"it-IT\",\"potentialAction\":[{\"@type\":\"ReadAction\",\"target\":[\"https:\\\/\\\/www.monaco-tribune.com\\\/it\\\/2022\\\/10\\\/sergiy-gladyr-dellas-monaco-basket-il-successo-del-roca-team-e-dovuto-soprattutto-alla-sua-costanza\\\/\"]}]},{\"@type\":\"ImageObject\",\"inLanguage\":\"it-IT\",\"@id\":\"https:\\\/\\\/www.monaco-tribune.com\\\/it\\\/2022\\\/10\\\/sergiy-gladyr-dellas-monaco-basket-il-successo-del-roca-team-e-dovuto-soprattutto-alla-sua-costanza\\\/#primaryimage\",\"url\":\"https:\\\/\\\/www.monaco-tribune.com\\\/wp-content\\\/uploads\\\/2022\\\/10\\\/220408-man-roca-team-berlin-111-min.jpg\",\"contentUrl\":\"https:\\\/\\\/www.monaco-tribune.com\\\/wp-content\\\/uploads\\\/2022\\\/10\\\/220408-man-roca-team-berlin-111-min.jpg\",\"width\":2000,\"height\":1333,\"caption\":\"AS Monaco Basket\"},{\"@type\":\"BreadcrumbList\",\"@id\":\"https:\\\/\\\/www.monaco-tribune.com\\\/it\\\/2022\\\/10\\\/sergiy-gladyr-dellas-monaco-basket-il-successo-del-roca-team-e-dovuto-soprattutto-alla-sua-costanza\\\/#breadcrumb\",\"itemListElement\":[{\"@type\":\"ListItem\",\"position\":1,\"name\":\"Accueil\",\"item\":\"https:\\\/\\\/www.monaco-tribune.com\\\/it\\\/\"},{\"@type\":\"ListItem\",\"position\":2,\"name\":\"Sergiy Gladyr dell\u2019AS Monaco Basket: \u201cIl successo del Roca Team \u00e8 dovuto soprattutto alla sua costanza\u201d\"}]},{\"@type\":\"WebSite\",\"@id\":\"https:\\\/\\\/www.monaco-tribune.com\\\/it\\\/#website\",\"url\":\"https:\\\/\\\/www.monaco-tribune.com\\\/it\\\/\",\"name\":\"Monaco Tribune\",\"description\":\"Monaco : actualit\u00e9s \u00e9conomiques, politiques, culturelles et sportives de Monaco et de la French Riviera.\",\"publisher\":{\"@id\":\"https:\\\/\\\/www.monaco-tribune.com\\\/it\\\/#organization\"},\"potentialAction\":[{\"@type\":\"SearchAction\",\"target\":{\"@type\":\"EntryPoint\",\"urlTemplate\":\"https:\\\/\\\/www.monaco-tribune.com\\\/it\\\/?s={search_term_string}\"},\"query-input\":{\"@type\":\"PropertyValueSpecification\",\"valueRequired\":true,\"valueName\":\"search_term_string\"}}],\"inLanguage\":\"it-IT\"},{\"@type\":\"Organization\",\"@id\":\"https:\\\/\\\/www.monaco-tribune.com\\\/it\\\/#organization\",\"name\":\"Monaco Tribune\",\"url\":\"https:\\\/\\\/www.monaco-tribune.com\\\/it\\\/\",\"logo\":{\"@type\":\"ImageObject\",\"inLanguage\":\"it-IT\",\"@id\":\"https:\\\/\\\/www.monaco-tribune.com\\\/it\\\/#\\\/schema\\\/logo\\\/image\\\/\",\"url\":\"https:\\\/\\\/www.monaco-tribune.com\\\/wp-content\\\/uploads\\\/2022\\\/11\\\/logo-monaco-tribune.png\",\"contentUrl\":\"https:\\\/\\\/www.monaco-tribune.com\\\/wp-content\\\/uploads\\\/2022\\\/11\\\/logo-monaco-tribune.png\",\"width\":1548,\"height\":600,\"caption\":\"Monaco Tribune\"},\"image\":{\"@id\":\"https:\\\/\\\/www.monaco-tribune.com\\\/it\\\/#\\\/schema\\\/logo\\\/image\\\/\"},\"sameAs\":[\"https:\\\/\\\/www.facebook.com\\\/MonacoTribune\",\"https:\\\/\\\/x.com\\\/MonacoTribune\",\"https:\\\/\\\/www.instagram.com\\\/monacotribune\\\/\",\"https:\\\/\\\/www.linkedin.com\\\/company\\\/monaco-tribune\",\"https:\\\/\\\/www.youtube.com\\\/channel\\\/UCHle1MnG6hw1y4lWKijVbMA\"]},{\"@type\":\"Person\",\"@id\":\"https:\\\/\\\/www.monaco-tribune.com\\\/it\\\/#\\\/schema\\\/person\\\/330a3732947cf8cb41b2533a0eadd62e\",\"name\":\"Romain Boisaubert\",\"image\":{\"@type\":\"ImageObject\",\"inLanguage\":\"it-IT\",\"@id\":\"https:\\\/\\\/secure.gravatar.com\\\/avatar\\\/f8b90d41f1eabd1cbe4cf59e09d8db41a697d51919bf2dfe727589a24a4a4d54?s=96&d=mm&r=g\",\"url\":\"https:\\\/\\\/secure.gravatar.com\\\/avatar\\\/f8b90d41f1eabd1cbe4cf59e09d8db41a697d51919bf2dfe727589a24a4a4d54?s=96&d=mm&r=g\",\"contentUrl\":\"https:\\\/\\\/secure.gravatar.com\\\/avatar\\\/f8b90d41f1eabd1cbe4cf59e09d8db41a697d51919bf2dfe727589a24a4a4d54?s=96&d=mm&r=g\",\"caption\":\"Romain Boisaubert\"},\"description\":\"Test bio\",\"url\":\"https:\\\/\\\/www.monaco-tribune.com\\\/it\\\/author\\\/romain-boisaubert\\\/\"}]}<\/script>\n<!-- \/ Yoast SEO Premium plugin. -->","yoast_head_json":{"title":"Sergiy Gladyr dell\u2019AS Monaco Basket: \u201cIl successo del Roca Team \u00e8 dovuto soprattutto alla sua costanza\u201d","description":"Durante gli SPORTEL Awards Sergiy Gladyr, ex giocatore storico del Roca Team, oggi assistente dell\u2019allenatore Sasa Obradovic, ha parlato dell\u2019evoluzione","robots":{"index":"index","follow":"follow","max-snippet":"max-snippet:-1","max-image-preview":"max-image-preview:large","max-video-preview":"max-video-preview:-1"},"canonical":"https:\/\/www.monaco-tribune.com\/it\/2022\/10\/sergiy-gladyr-dellas-monaco-basket-il-successo-del-roca-team-e-dovuto-soprattutto-alla-sua-costanza\/","og_locale":"it_IT","og_type":"article","og_title":"Sergiy Gladyr dell\u2019AS Monaco Basket: \u201cIl successo del Roca Team \u00e8 dovuto soprattutto alla sua costanza\u201d - Monaco Tribune","og_description":"Durante gli SPORTEL Awards Sergiy Gladyr, ex giocatore storico del Roca Team, oggi assistente dell\u2019allenatore Sasa Obradovic, ha parlato dell\u2019evoluzione","og_url":"https:\/\/www.monaco-tribune.com\/it\/2022\/10\/sergiy-gladyr-dellas-monaco-basket-il-successo-del-roca-team-e-dovuto-soprattutto-alla-sua-costanza\/","og_site_name":"Monaco Tribune","article_publisher":"https:\/\/www.facebook.com\/MonacoTribune","article_published_time":"2022-10-28T17:04:49+00:00","article_modified_time":"2022-10-28T17:04:53+00:00","og_image":[{"width":2000,"height":1333,"url":"https:\/\/www.monaco-tribune.com\/wp-content\/uploads\/2022\/10\/220408-man-roca-team-berlin-111-min.jpg","type":"image\/jpeg"}],"author":"Romain Boisaubert","twitter_card":"summary_large_image","twitter_creator":"@MonacoTribune","twitter_site":"@MonacoTribune","schema":{"@context":"https:\/\/schema.org","@graph":[{"@type":"NewsArticle","@id":"https:\/\/www.monaco-tribune.com\/it\/2022\/10\/sergiy-gladyr-dellas-monaco-basket-il-successo-del-roca-team-e-dovuto-soprattutto-alla-sua-costanza\/#article","isPartOf":{"@id":"https:\/\/www.monaco-tribune.com\/it\/2022\/10\/sergiy-gladyr-dellas-monaco-basket-il-successo-del-roca-team-e-dovuto-soprattutto-alla-sua-costanza\/"},"author":{"name":"Romain Boisaubert","@id":"https:\/\/www.monaco-tribune.com\/it\/#\/schema\/person\/330a3732947cf8cb41b2533a0eadd62e"},"headline":"Sergiy Gladyr dell\u2019AS Monaco Basket: \u201cIl successo del Roca Team \u00e8 dovuto soprattutto alla sua costanza\u201d","datePublished":"2022-10-28T17:04:49+00:00","dateModified":"2022-10-28T17:04:53+00:00","mainEntityOfPage":{"@id":"https:\/\/www.monaco-tribune.com\/it\/2022\/10\/sergiy-gladyr-dellas-monaco-basket-il-successo-del-roca-team-e-dovuto-soprattutto-alla-sua-costanza\/"},"wordCount":470,"publisher":{"@id":"https:\/\/www.monaco-tribune.com\/it\/#organization"},"image":{"@id":"https:\/\/www.monaco-tribune.com\/it\/2022\/10\/sergiy-gladyr-dellas-monaco-basket-il-successo-del-roca-team-e-dovuto-soprattutto-alla-sua-costanza\/#primaryimage"},"thumbnailUrl":"https:\/\/www.monaco-tribune.com\/wp-content\/uploads\/2022\/10\/220408-man-roca-team-berlin-111-min.jpg","articleSection":["La nostra scelta","Notizie","Sport"],"inLanguage":"it-IT","copyrightYear":"2022","copyrightHolder":{"@id":"https:\/\/www.monaco-tribune.com\/#organization"}},{"@type":"WebPage","@id":"https:\/\/www.monaco-tribune.com\/it\/2022\/10\/sergiy-gladyr-dellas-monaco-basket-il-successo-del-roca-team-e-dovuto-soprattutto-alla-sua-costanza\/","url":"https:\/\/www.monaco-tribune.com\/it\/2022\/10\/sergiy-gladyr-dellas-monaco-basket-il-successo-del-roca-team-e-dovuto-soprattutto-alla-sua-costanza\/","name":"Sergiy Gladyr dell\u2019AS Monaco Basket: \u201cIl successo del Roca Team \u00e8 dovuto soprattutto alla sua costanza\u201d","isPartOf":{"@id":"https:\/\/www.monaco-tribune.com\/it\/#website"},"primaryImageOfPage":{"@id":"https:\/\/www.monaco-tribune.com\/it\/2022\/10\/sergiy-gladyr-dellas-monaco-basket-il-successo-del-roca-team-e-dovuto-soprattutto-alla-sua-costanza\/#primaryimage"},"image":{"@id":"https:\/\/www.monaco-tribune.com\/it\/2022\/10\/sergiy-gladyr-dellas-monaco-basket-il-successo-del-roca-team-e-dovuto-soprattutto-alla-sua-costanza\/#primaryimage"},"thumbnailUrl":"https:\/\/www.monaco-tribune.com\/wp-content\/uploads\/2022\/10\/220408-man-roca-team-berlin-111-min.jpg","datePublished":"2022-10-28T17:04:49+00:00","dateModified":"2022-10-28T17:04:53+00:00","description":"Durante gli SPORTEL Awards Sergiy Gladyr, ex giocatore storico del Roca Team, oggi assistente dell\u2019allenatore Sasa Obradovic, ha parlato dell\u2019evoluzione","breadcrumb":{"@id":"https:\/\/www.monaco-tribune.com\/it\/2022\/10\/sergiy-gladyr-dellas-monaco-basket-il-successo-del-roca-team-e-dovuto-soprattutto-alla-sua-costanza\/#breadcrumb"},"inLanguage":"it-IT","potentialAction":[{"@type":"ReadAction","target":["https:\/\/www.monaco-tribune.com\/it\/2022\/10\/sergiy-gladyr-dellas-monaco-basket-il-successo-del-roca-team-e-dovuto-soprattutto-alla-sua-costanza\/"]}]},{"@type":"ImageObject","inLanguage":"it-IT","@id":"https:\/\/www.monaco-tribune.com\/it\/2022\/10\/sergiy-gladyr-dellas-monaco-basket-il-successo-del-roca-team-e-dovuto-soprattutto-alla-sua-costanza\/#primaryimage","url":"https:\/\/www.monaco-tribune.com\/wp-content\/uploads\/2022\/10\/220408-man-roca-team-berlin-111-min.jpg","contentUrl":"https:\/\/www.monaco-tribune.com\/wp-content\/uploads\/2022\/10\/220408-man-roca-team-berlin-111-min.jpg","width":2000,"height":1333,"caption":"AS Monaco Basket"},{"@type":"BreadcrumbList","@id":"https:\/\/www.monaco-tribune.com\/it\/2022\/10\/sergiy-gladyr-dellas-monaco-basket-il-successo-del-roca-team-e-dovuto-soprattutto-alla-sua-costanza\/#breadcrumb","itemListElement":[{"@type":"ListItem","position":1,"name":"Accueil","item":"https:\/\/www.monaco-tribune.com\/it\/"},{"@type":"ListItem","position":2,"name":"Sergiy Gladyr dell\u2019AS Monaco Basket: \u201cIl successo del Roca Team \u00e8 dovuto soprattutto alla sua costanza\u201d"}]},{"@type":"WebSite","@id":"https:\/\/www.monaco-tribune.com\/it\/#website","url":"https:\/\/www.monaco-tribune.com\/it\/","name":"Monaco Tribune","description":"Monaco : actualit\u00e9s \u00e9conomiques, politiques, culturelles et sportives de Monaco et de la French Riviera.","publisher":{"@id":"https:\/\/www.monaco-tribune.com\/it\/#organization"},"potentialAction":[{"@type":"SearchAction","target":{"@type":"EntryPoint","urlTemplate":"https:\/\/www.monaco-tribune.com\/it\/?s={search_term_string}"},"query-input":{"@type":"PropertyValueSpecification","valueRequired":true,"valueName":"search_term_string"}}],"inLanguage":"it-IT"},{"@type":"Organization","@id":"https:\/\/www.monaco-tribune.com\/it\/#organization","name":"Monaco Tribune","url":"https:\/\/www.monaco-tribune.com\/it\/","logo":{"@type":"ImageObject","inLanguage":"it-IT","@id":"https:\/\/www.monaco-tribune.com\/it\/#\/schema\/logo\/image\/","url":"https:\/\/www.monaco-tribune.com\/wp-content\/uploads\/2022\/11\/logo-monaco-tribune.png","contentUrl":"https:\/\/www.monaco-tribune.com\/wp-content\/uploads\/2022\/11\/logo-monaco-tribune.png","width":1548,"height":600,"caption":"Monaco Tribune"},"image":{"@id":"https:\/\/www.monaco-tribune.com\/it\/#\/schema\/logo\/image\/"},"sameAs":["https:\/\/www.facebook.com\/MonacoTribune","https:\/\/x.com\/MonacoTribune","https:\/\/www.instagram.com\/monacotribune\/","https:\/\/www.linkedin.com\/company\/monaco-tribune","https:\/\/www.youtube.com\/channel\/UCHle1MnG6hw1y4lWKijVbMA"]},{"@type":"Person","@id":"https:\/\/www.monaco-tribune.com\/it\/#\/schema\/person\/330a3732947cf8cb41b2533a0eadd62e","name":"Romain Boisaubert","image":{"@type":"ImageObject","inLanguage":"it-IT","@id":"https:\/\/secure.gravatar.com\/avatar\/f8b90d41f1eabd1cbe4cf59e09d8db41a697d51919bf2dfe727589a24a4a4d54?s=96&d=mm&r=g","url":"https:\/\/secure.gravatar.com\/avatar\/f8b90d41f1eabd1cbe4cf59e09d8db41a697d51919bf2dfe727589a24a4a4d54?s=96&d=mm&r=g","contentUrl":"https:\/\/secure.gravatar.com\/avatar\/f8b90d41f1eabd1cbe4cf59e09d8db41a697d51919bf2dfe727589a24a4a4d54?s=96&d=mm&r=g","caption":"Romain Boisaubert"},"description":"Test bio","url":"https:\/\/www.monaco-tribune.com\/it\/author\/romain-boisaubert\/"}]}},"_links":{"self":[{"href":"https:\/\/www.monaco-tribune.com\/it\/wp-json\/wp\/v2\/posts\/147708","targetHints":{"allow":["GET"]}}],"collection":[{"href":"https:\/\/www.monaco-tribune.com\/it\/wp-json\/wp\/v2\/posts"}],"about":[{"href":"https:\/\/www.monaco-tribune.com\/it\/wp-json\/wp\/v2\/types\/post"}],"author":[{"embeddable":true,"href":"https:\/\/www.monaco-tribune.com\/it\/wp-json\/wp\/v2\/users\/24"}],"replies":[{"embeddable":true,"href":"https:\/\/www.monaco-tribune.com\/it\/wp-json\/wp\/v2\/comments?post=147708"}],"version-history":[{"count":0,"href":"https:\/\/www.monaco-tribune.com\/it\/wp-json\/wp\/v2\/posts\/147708\/revisions"}],"wp:featuredmedia":[{"embeddable":true,"href":"https:\/\/www.monaco-tribune.com\/it\/wp-json\/wp\/v2\/media\/147516"}],"wp:attachment":[{"href":"https:\/\/www.monaco-tribune.com\/it\/wp-json\/wp\/v2\/media?parent=147708"}],"wp:term":[{"taxonomy":"category","embeddable":true,"href":"https:\/\/www.monaco-tribune.com\/it\/wp-json\/wp\/v2\/categories?post=147708"},{"taxonomy":"post_tag","embeddable":true,"href":"https:\/\/www.monaco-tribune.com\/it\/wp-json\/wp\/v2\/tags?post=147708"},{"taxonomy":"sectag","embeddable":true,"href":"https:\/\/www.monaco-tribune.com\/it\/wp-json\/wp\/v2\/post_sectags?post=147708"},{"taxonomy":"format","embeddable":true,"href":"https:\/\/www.monaco-tribune.com\/it\/wp-json\/wp\/v2\/post_format?post=147708"}],"curies":[{"name":"wp","href":"https:\/\/api.w.org\/{rel}","templated":true}]}}